

{"id":4645,"date":"2015-02-05T06:30:34","date_gmt":"2015-02-05T06:30:34","guid":{"rendered":"https:\/\/starke-meinungen.de\/blog\/?p=4645"},"modified":"2015-02-04T08:38:22","modified_gmt":"2015-02-04T08:38:22","slug":"woher-kommt-der-islamische-staat-wohin-treibt-die-arabische-welt","status":"publish","type":"post","link":"https:\/\/starke-meinungen.de\/blog\/2015\/02\/05\/woher-kommt-der-islamische-staat-wohin-treibt-die-arabische-welt\/","title":{"rendered":"Woher kommt der &#8222;Islamische Staat&#8220;? Wohin treibt die arabische Welt?"},"content":{"rendered":"<p>Der qualvolle Mord an einem jordanischen Piloten durch Terroristen des \u201eIslamischen Staates\u201c (IS) und die brutale Reaktion Jordaniens werfen ein grelles Licht auf die Widerspr\u00fcche des Landes. M\u00f6glich ist, dass der IS mit diesem Mord, der sogar von den sonst nicht zimperlichen Terroristen der Al Qaida im Jemen verurteilt wurde, am Ende das pro-westliche K\u00f6nigshaus und die beduinische Elite st\u00e4rkt, die den Sicherheitsapparat kontrolliert. M\u00f6glich ist aber auch, dass sich die anti-westlichen Kr\u00e4fte in der mehrheitlich pal\u00e4stinensischen Bev\u00f6lkerung mit ihrem Argument durchsetzen, Jordanien zahle f\u00fcr sein Engagement in der Koalition gegen den IS einen zu hohen Preis.<\/p>\n<p><!--more--><\/p>\n<p>Aber nicht nur in Jordanien hat der Aufstieg des IS die Widerspr\u00fcche in der arabischen Welt blo\u00dfgelegt. Mag sein, dass die Vertreibung des \u201eIslamischen Staats\u201c (IS) aus Kobane, die Etablierung einer inklusiveren Regierung in Bagdad, die Herstellung einer breiten Front pro-westlicher arabischer Staaten unter F\u00fchrung der USA (und im stillschweigenden B\u00fcndnis mit Israel) zur Bek\u00e4mpfung des IS sowie die Hubris der Organisation selbst den Anfang vom Ende dieser neuesten Inkarnation des terroristischen sunnitischen Islam signalisieren Doch die entscheidenden Bedingungen f\u00fcr die Entstehung und Ausbreitung weiterer Mutationen dieser Pest bleiben bestehen. Der IS ist nicht aus dem Nichts entstanden, wie manche Kommentatoren meinen. Sondern aus der Krankheit der arabischen Gesellschaft.<\/p>\n<p>Die erste und grunds\u00e4tzliche Bedingung ist die fragile Staatlichkeit der arabischen Welt.<br \/>\nNach dem Jom Kippur-Krieg 1973 konnte Israel einen Frieden mit seinen Feinden \u00c4gypten und Jordanien schlie\u00dfen, der noch heute h\u00e4lt, weil er diktiert war und wird von dem, was alle Seiten als raison d\u2019\u00e9tat begriffen haben. Heute gibt es in vielen Teilen der arabischen Welt keine staatliche Autorit\u00e4t, mit der verhandelt werden k\u00f6nnte. Stattdessen bestimmen nichtstaatliche Akteure die Agenda, die nicht von Interessen, sondern von Ideologien getrieben sind.<br \/>\nLibyen und Syrien haben faktisch aufgeh\u00f6rt, Staaten zu sein; auch der Libanon ist nur dem Namen nach ein Staat, das gilt auch f\u00fcr den Jemen; der Irak kontrolliert nur einen Teil seines Staatsgebiets; \u00c4gypten kontrolliert nicht den Sinai; Jordanien ist gef\u00e4hrdet. Terrororganisationen kontrollieren gro\u00dfe Teile fr\u00fcherer Staaten: die schiitische Hizbollah den S\u00fcdlibanon, die sunnitische Hamas den Gazastreifen, die sunnitische Al Qaida Teile Jemens und Somalias, der sunnitische IS Teile Syriens und des Irak. Der Zerfall frisst sich s\u00fcdw\u00e4rts nach Afrika hinein \u2013Mali, Somalia, S\u00fcdsudan. In Nigeria kontrolliert Boko Haram ein Gebiet, das gr\u00f6\u00dfer ist als manche europ\u00e4ischen Staaten.<\/p>\n<p>Die Entstehung des \u201eIslamischen Staates\u201c ist bedingt durch verschiedene Faktoren. Statt diese Faktoren systematisch aufzulisten, will ich von einigen Meldungen der letzten 14 Tage ausgehen, um zu zeigen, welches Licht diese Ereignisse auf die Entstehung des IS werfen.<\/p>\n<p>1. Ende Januar wurde der Chemiewaffenexperte des IS, Abu Malik, durch alliierte Luftschl\u00e4ge in der N\u00e4he von Mosul get\u00f6tet.<br \/>\n2. Am 18. Januar wurde der iranische General Mohammed Ali Allah-Dadi durch einen israelischen Luftangriff get\u00f6tet. Der General befand sich in Quneitra in den Golan-H\u00f6hen, unmittelbar an der Grenze Syriens zu Israel wo er nach Angaben der Hisbollah als Berater \u201eim Kampf gegen die salafistischen Takfir-Terroristen\u201c t\u00e4tig war. Gemeint sind die Terroristen der Al-Nusra-Front, einer mit Al Qaida verb\u00fcndeten Gruppe. Mit ihm starben sechs Hisbollah-K\u00e4mpfer<br \/>\n3. Zehn Tage sp\u00e4ter f\u00fchrte die Hisbollah einen Vergeltungsschlag, bei dem zwei israelische Soldaten get\u00f6tet wurden.<br \/>\n4. Um den 25. Januar herum, den Jahrestag der \u00e4gyptischen Revolution, t\u00f6teten IS-K\u00e4mpfer im Nordsinai mindestens 32 \u00e4gyptische Soldaten und Polizisten in koordinierten Angriffen.<br \/>\n5. Am 27. Januar ver\u00fcbten IS-K\u00e4mpfer einen Anschlag auf das von Ausl\u00e4ndern bevorzugte Corinthia Hotel in Tripoli (Libyen). Bewaffnete M\u00e4nner st\u00fcrmten in die Hotel-Lobby; als die G\u00e4ste flohen, explodierte vor dem Hotel eine Autobombe.<br \/>\nWie h\u00e4ngen diese Ereignisse zusammen? Beginnen wir mit Abu Malik. Unter Saddam Hussein arbeitete er in Saddam Husseins Chemiewaffenkomplex Al Muthanna, wo unter anderem Senfgas, Sarin und VX-Nervengift hergestellt wurden. Vor etwa vier Monaten fiel der Komplex \u2013 etwa 50 km n\u00f6rdlich von Bagdad &#8211; in die H\u00e4nde des IS. Die erstaunte Welt erfuhr, dass dort immer noch Chemiewaffen gelagert waren \u2013 man erinnert sich: angeblich besa\u00df Saddam ja gar keine Massenvernichtungswaffen. In ersten Stellungnahmen nach der Eroberung Al Muthannas durch den IS erkl\u00e4rten die CIA und das US-Au\u00dfenministerium, es handele sich um unbrauchbare Waffen. Offensichtlich haben sie sich das inzwischen anders \u00fcberlegt \u2013 weil offensichtlich auch der IS das anders sah und Abu Malik den Auftrag gegeben hatte, Saddams Rest-Arsenal zu recyceln.<br \/>\nAbu Maliks politische Karriere ist bezeichnend. Bekanntlich versuchte Al Qaida nach der US-Invasion 2003 mit einigem Erfolg, den arabisch-sunnitischen Widerstand gegen die Besatzungsmacht USA und den zunehmenden politischen Einfluss der schiitischen Mehrheit zu instrumentalisieren, insbesondere in der an Syrien angrenzenden Provinz Anbar. Jedoch hat die Brutalit\u00e4t von Al Qaida im Irak die irakischen Sunniten schockiert. Es gelang den USA mit der \u201eSurge\u201c von George W. Bush und der neuen \u201eCounterinsurgency\u201c-Strategie von General David Petraeus, einen gro\u00dfen Teil der Sunniten f\u00fcr den Kampf gegen Al Qaida zu gewinnen. Seit dem Sommer 2007 gingen Gewalt und Terror im Irak zur\u00fcck.<br \/>\nDas Scheitern von Al Qaida im Irak aufgrund der so genannten \u201eSunni Awakening\u201c waren Ereignisse von historischer Bedeutung &#8211; oder h\u00e4tten es sein k\u00f6nnen, wenn die neue Regierung Barack Obamas es nicht so eilig gehabt h\u00e4tte, die Truppen, wie im Wahlkampf versprochen, nach Hause zu bringen. Nachdem die Amerikaner abgezogen waren, wurde die Regierung in Bagdad faktisch zu einem Klienten des Iran. Sunniten wurden aus Regierung und Verwaltung gedr\u00e4ngt, politisch und sozial marginalisiert, diskriminiert und teilweise terrorisiert. So konnten die bereits diskreditierten Al Qaida-K\u00e4mpfer, nun unter dem Banner des IS, wieder Zulauf erhalten, so verlor die iranisch kontrollierte (und amerikanisch milit\u00e4risch ausger\u00fcstete) Regierung in Bagdad die Kontrolle \u00fcber fast alle arabisch-sunnitischen Gebiete des Landes, einschlie\u00dflich der \u00d6lquellen von Mosul.<br \/>\nDas Beispiel des Irak zeigt:<br \/>\nWill man das Ph\u00e4nomen IS begreifen, so muss man die Organisation vor allem im Kontext des Glaubenskriegs zwischen Sunniten und Schiiten sehen. Auf den Westen hat er zwar Eindruck gemacht durch brutale Morde an Geiseln; jedoch ist der Westen f\u00fcr den IS \u2013 anders als f\u00fcr Al Qaida \u2013 nicht der Hauptfeind. Auch Israel nicht. Was der IS will, ist die Errichtung eines Kalifats, der alle Rechtgl\u00e4ubigen umfasst, um das seit der iranischen Revolution an die Schiiten verlorene Terrain wiederzugewinnen.<br \/>\nWomit wir beim zweiten Vorfall w\u00e4ren: der T\u00f6tung des iranischen Generals Mohammed Ali Allah-Dadi auf den Golan-H\u00f6hen. F\u00fcr den Iran bilden \u2013 oder bildeten \u2013 Syrien und der bis vor wenigen Jahren von Syrien besetzte und kontrollierte Libanon eine Einflusszone, die bis ans Mittelmeer reichte. Die schiitische Hisbollah verf\u00fcgt ja \u00fcber Raketen, die nicht nur Tel Aviv treffen k\u00f6nnten, sondern das gesamte \u00f6stliche Mittelmeer bedrohen.<br \/>\nDas Regime von Baschar al-Assad wiederum bildete ein Machtzentrum, von wo aus die sunnitische T\u00fcrkei, die sunnitischen Kurden im Norden Iraks, das sunnitische K\u00f6nigreich Jordanien und nat\u00fcrlich auch der j\u00fcdische Staat bedroht werden konnten. 2007 zerst\u00f6rte Israel mit einem Luftschlag einen Atomreaktor, den nordkoreanische Techniker im Osten Syriens bauten. Nach Angaben Hans R\u00fchles, vormals Chef des Planungsstabs im Verteidigungsministerium, wurde der Bau des Reaktors, der milit\u00e4rischen Zwecken dienen sollte, vom Iran finanziert, vermutlich von den Revolution\u00e4ren Garden, die den milit\u00e4risch-industriellen Komplex im Iran kontrollieren.<br \/>\nWill man begreifen, weshalb Baschar al-Assad auf die Demonstrationen im Gefolge des \u201earabischen Fr\u00fchlings\u201c so brutal reagierte, trotz t\u00fcrkischer Bitten, sich konziliant zu geben und eine inklusive Regierung der nationalen Einheit zu bilden, so ist \u2013 wie im Falle der Regierung in Bagdad \u2013 vor allem der Iran zu nennen.<br \/>\n(Dass Russland wiederum den Iranern die Technik f\u00fcr ihr Atomprogramm liefert und mit Teheran ein Verteidigungsabkommen abgeschlossen hat, ist mehr als nur eine Fu\u00dfnote dieser Geschichte. Russland unterh\u00e4lt au\u00dferdem im syrischen Tartus seinen einzigen Kriegshafen am Mittelmeer.)<br \/>\nIn den Augen des Iran und der Hisbollah waren die Proteste gegen Assad Teil eines von den Golfstaaten und Saudi-Arabien gesteuerten sunnitischen Komplotts \u2013 eine Einsch\u00e4tzung, die mit der Eskalierung der Gewalt im Land durch das Assad-Regime \u2013 man denke an den Einsatz von Chemiewaffen gegen die Zivilbev\u00f6lkerung \u2013 zur selbsterf\u00fcllenden Prophezeiung wurde. (Daher die Bezeichnung der Al-Nusra Front als \u201eSalafisten und Takfir-Terroristen\u201c durch die Hisbollah. \u201eTakfir\u201c bedeutet die Ermunterung zum Abfall vom wahren Glauben.) Assad hat den Prozess der Radikalisierung der Sunniten beschleunigt und gef\u00f6rdert, indem er inhaftierte Al Qaida- und andere Terroristen freigelassen hat, um sich anschlie\u00dfend vor der Welt\u00f6ffentlichkeit als K\u00e4mpfer gegen den Terror zu pr\u00e4sentieren.<br \/>\nAn solchen Beispielen kann man sehen, wie absurd Spekulationen sind, die von einem \u201eChina-Moment\u201c der Ann\u00e4herung zwischen den Iranern und den USA im Kampf gegen IS ausgehen. Vielmehr ist es so, dass sich eine Ann\u00e4herung zwischen den so genannten gem\u00e4\u00dfigten arabischen Regimes und Israel abzeichnet, zwischen deren Positionen im Hinblick auf die von Teheran, dem Assad-Regime, der Hisbollah, aber auch von sunnitischen Terroristen wie IS, Al Qaida, Hamas und Extremisten wie den Muslimbr\u00fcdern ausgehende Gefahr nach Auskunft diplomatischer kreise in Jerusalem \u201ekein Blatt Papier passt\u201c.<br \/>\nIm Zusammenhang des inner-islamischen B\u00fcrgerkriegs ist auch die Reaktion der Hisbollah auf den israelischen Angriff zu begreifen. Die Terrorgruppe verf\u00fcgt dank der l\u00e4cherlichen Kontrolle der UN, die (unter deutscher Beteiligung) eigentlich ihre Wiederaufr\u00fcstung verhindern sollte, inzwischen \u00fcber ein Arsenal hochmoderner Raketen, mit denen sie Nordisrael unbewohnbar machen k\u00f6nnte, womit ihr Chef Nasrallah schon gedroht hat. Dass die Reaktion dann aber zwar mit hochentwickelten Waffen, aber in einem unbewohnten Gebiet erfolgte, soll Israel signalisieren, dass die Hisbollah trotz ihrer milit\u00e4rischen F\u00e4higkeiten zurzeit kein Interesse an einer Wiederholung des Kriegs von 2006 hat, weil ihr Hauptgegner die Sunniten sind.<br \/>\nNun zu den Angriffen im Sinai und in Libyen. Sie offenbaren die Taktik, das Gesch\u00e4ftsmodell, wenn man so will, des IS. Bereits vor einigen Monaten hat die IS-F\u00fchrung verk\u00fcndet, dass sie Gebiete in \u00c4gypten, Algerien, Libyen, Saudi-Arabien und dem Jemen annektiert habe. Diese Gebiete oder Untergliederungen des Kalifats nennt der IS \u201eWilayat\u201c. Auch in Pakistan und Afghanistan, also dem Kerngebiet der Al Qaida, will der IS ein Wilayat schaffen. Die Praxis erinnert an die Taktik Al Qaidas, die man im Westen als \u201eFranchising\u201c bezeichnet hat. Jedoch gibt es zwischen der Art und Weise, wie Al Qaida vorging, und dem Vorgehen von IS erhebliche Unterschiede.<br \/>\nHauptmotiv f\u00fcr lokale Terrorgruppen, sich Al Qaida anzuschlie\u00dfen, war oft ihr eigenes Versagen. Durch die \u00dcbernahme der Marke Al Qaida hofften sie auf Geld, Waffen, Expertise, und Publicity. In den meisten F\u00e4llen jedoch waren die Gruppen f\u00fcr Al Qaida eher eine Belastung. Im Irak etwa, wie wir gesehen haben, aber auch in Somalia und anderswo.<br \/>\nDer IS kooptiert zwar auch Gruppen, unter ihnen, wie im Irak, ehemalige Al Qaida-Terroristen. Aber sie hat andere Priorit\u00e4ten. Al Qaida wollte vor allem den Westen angreifen, um ihn davon abzubringen, gem\u00e4\u00dfigte sunnitische Staaten zu unterst\u00fctzen. Diese k\u00f6nnten dann, so die Logik, leicht von Al Qaida \u00fcberrannt werden. Bekanntlich hat diese Taktik nicht funktioniert.<br \/>\nDer \u201eIslamische Staat\u201c hat darum die taktische Priorit\u00e4t umgedreht: Ihre Strategie hei\u00dft \u201ebaqiya wa tatamaddad\u201c \u2013 bleiben und ausdehnen. Die Hauptsache ist die Konsolidierung des Kalifats; der Angriff auf den Westen kann warten.<br \/>\nIn gewisser Weise ist dieser Wechsel der Strategie ein Spiegelbild des Strategiewechsels, den die USA vornehmen, um Al Qaida im Irak zu schlagen. General Petraeus betonte, dass es keinen Sinn machte, die Terroristen zu treffen und sich dann zur\u00fcckzuziehen: die Terroristen w\u00fcrden wiederkommen, Kollaborateure bestrafen und ihre Kontrolle wiederaufrichten. Auf Dauer w\u00fcrden die betroffenen Zivilisten lieber mit den einheimischen Terroristen zusammenarbeiten als mit den fremden Milit\u00e4rs, schon um des eigenen Schutzes Willen. Die Armee m\u00fcsse daher bleiben und die Zivilbev\u00f6lkerung sch\u00fctzen, nach und nach die von Terroristen ges\u00e4uberten Gebiete ausdehnen und die ges\u00e4uberten Gebiete halten.<br \/>\nDer IS praktiziert diese Taktik vor allem dort, wo \u2013 hier kommen wir zum Ausgangspunkt zur\u00fcck \u2013 prek\u00e4re oder fehlende Staatlichkeit ihnen die entsprechenden Bedingungen liefert. Im Sinai etwa. Oder in Libyen.<br \/>\nIm Sinai zum Beispiel hat der IS Anfang Januar eine Reihe von Drogendealern festgenommen und vermutlich hingerichtet (in \u00c4gypten ist der Drogenkonsum weit verbreitet) und eine \u00f6ffentliche Marihuana-Verbrennung inszeniert. Au\u00dferdem haben Vertreter des IS Geld an Menschen in Rafah verteilt, deren H\u00e4user vom \u00e4gyptischen Milit\u00e4r abgerissen wurden, um ein Niemandsland zwischen \u00c4gypten und dem Gazastreifen zu schaffen.<br \/>\nIn ihren libyschen St\u00fctzpunkten Derna und Sirte hat der IS eine Art Scharia-Polizei eingerichtet, die auf den M\u00e4rkten das Einhalten der islamischen Moral \u00fcberwacht. In Bengasi wurden Gelder an die Armen und S\u00fc\u00dfigkeiten an die Kinder verteilt.<br \/>\nJedoch fehlen den IS-Organisationen vor Ort bisher die Mittel, gr\u00f6\u00dfere Gebiete unter ihre Kontrolle zu bringen, wie ihnen das in Mesopotamien und Syrien gelungen ist. Dort legt der IS eine eigent\u00fcmliche Mischung aus Wohlfahrtsstaat und Terror an den Tag, der mehr mit dem politischen Totalitarismus europ\u00e4ischer Pr\u00e4gung als mit dem traditionellen Islam zu tun hat. Anders als Al Qaida hat der IS nichts gegen Impfkampagnen oder Schulen f\u00fcr Frauen. Gleichzeitig werden Gegner oder potenzielle Gegner nicht eingesch\u00fcchtert oder unterworfen, sondern schlicht und einfach ausgerottet, wie wir das vom W\u00fcten der Bolschewiken und der Nazis etwa in der Ukraine kennen.<br \/>\nWenn wir also die Entstehungsbedingungen des IS zusammenfassen sollen, w\u00e4ren zu nennen:<br \/>\n&#8211; Der Zusammenbruch staatlicher Ordnung in weiten Teilen der Region;<br \/>\n&#8211; Das totale Versagen der arabischen Eliten, inklusive Staatswesen zu schaffen, die Korruption und Vetternwirtschaft in den Griff zu bekommen, anders zu regieren als durch Gewalt;<br \/>\n&#8211; Der innerislamische B\u00fcrgerkrieg zwischen Schiiten und Sunniten; insbesondere das Agieren des Iran;<br \/>\n&#8211; Der Niedergang von Al Qaida und der mit ihr liierten Terrorgruppen;<br \/>\n&#8211; Der \u00fcberhastete Abzug der USA aus dem Irak und die Unf\u00e4higkeit des Westens, Assad rechtzeitig in den Arm zu fallen \u2013 Ergebnis einer isolationistischen Stimmung in den USA und der Besch\u00e4ftigung zuerst mit der Euro- dann mit der Ukraine-Krise in Europa;<br \/>\n&#8211; Die stillschweigende Unterst\u00fctzung Assads und des Iran durch Russland.<\/p>\n<p>Die milit\u00e4rische Zur\u00fcckdr\u00e4ngung des IS w\u00e4re erst der Anfang. Die Regierungen im Irak und \u00c4gypten m\u00fcssen vom IS lernen: \u201ebaqiya wa tatamaddad\u201c. In Libyen muss sich \u00fcberhaupt erst eine Regierung bilden und die Loyalit\u00e4t der B\u00fcrger gewinnen. Wie aber das Elend Syriens zu \u00fcberwinden und eine Regierung der nationalen Einheit geschaffen werden k\u00f6nnte, die das Land befrieden k\u00f6nnte, wei\u00df ich nicht, zumal der Iran und Russland nach wie vor den Schl\u00e4chter Assad st\u00fctzen. F\u00fcr alle arabischen Regierungen aber gilt: Wenn sie sich nicht reformieren, wird der IS in anderer Form wiederkehren.<br \/>\nUm einen Witz zu zitieren, der in \u00c4gypten zirkuliert: \u201eWas ist der Unterschied zwischen Saudi-Arabien und dem Islamischen Staat?\u201c \u201eDie Saudis haben mehr Erd\u00f6l.\u201c<\/p>\n<div class=\"shariff shariff-align-left shariff-widget-align-left shariff-buttonstretch\" style=\"display:none\"><ul class=\"shariff-buttons theme-white orientation-horizontal buttonsize-medium\"><li class=\"shariff-button facebook shariff-nocustomcolor\" style=\"background-color:#4273c8\"><a href=\"https:\/\/www.facebook.com\/sharer\/sharer.php?u=https%3A%2F%2Fstarke-meinungen.de%2Fblog%2F2015%2F02%2F05%2Fwoher-kommt-der-islamische-staat-wohin-treibt-die-arabische-welt%2F\" title=\"Bei Facebook teilen\" aria-label=\"Bei Facebook teilen\" role=\"button\" rel=\"nofollow\" class=\"shariff-link\" style=\"; background-color:#3b5998; color:#3b5998\" target=\"_blank\"><span class=\"shariff-icon\" style=\"fill:#3b5998\"><svg width=\"32px\" height=\"20px\" xmlns=\"http:\/\/www.w3.org\/2000\/svg\" viewBox=\"0 0 18 32\"><path fill=\"#3b5998\" d=\"M17.1 0.2v4.7h-2.8q-1.5 0-2.1 0.6t-0.5 1.9v3.4h5.2l-0.7 5.3h-4.5v13.6h-5.5v-13.6h-4.5v-5.3h4.5v-3.9q0-3.3 1.9-5.2t5-1.8q2.6 0 4.1 0.2z\"\/><\/svg><\/span><span class=\"shariff-text\" style=\"color:#3b5998\">teilen<\/span>&nbsp;<\/a><\/li><li class=\"shariff-button twitter shariff-nocustomcolor\" style=\"background-color:#595959\"><a href=\"https:\/\/twitter.com\/share?url=https%3A%2F%2Fstarke-meinungen.de%2Fblog%2F2015%2F02%2F05%2Fwoher-kommt-der-islamische-staat-wohin-treibt-die-arabische-welt%2F&text=Woher%20kommt%20der%20%E2%80%9EIslamische%20Staat%E2%80%9C%3F%20Wohin%20treibt%20die%20arabische%20Welt%3F&via=starkemeinungen\" title=\"Bei X teilen\" aria-label=\"Bei X teilen\" role=\"button\" rel=\"noopener nofollow\" class=\"shariff-link\" style=\"; background-color:#000; color:#000\" target=\"_blank\"><span class=\"shariff-icon\" style=\"fill:#000\"><svg width=\"32px\" height=\"20px\" xmlns=\"http:\/\/www.w3.org\/2000\/svg\" viewBox=\"0 0 24 24\"><path fill=\"#000\" d=\"M14.258 10.152L23.176 0h-2.113l-7.747 8.813L7.133 0H0l9.352 13.328L0 23.973h2.113l8.176-9.309 6.531 9.309h7.133zm-2.895 3.293l-.949-1.328L2.875 1.56h3.246l6.086 8.523.945 1.328 7.91 11.078h-3.246zm0 0\"\/><\/svg><\/span><span class=\"shariff-text\" style=\"color:#000\">teilen<\/span>&nbsp;<\/a><\/li><li class=\"shariff-button linkedin shariff-nocustomcolor\" style=\"background-color:#1488bf\"><a href=\"https:\/\/www.linkedin.com\/sharing\/share-offsite\/?url=https%3A%2F%2Fstarke-meinungen.de%2Fblog%2F2015%2F02%2F05%2Fwoher-kommt-der-islamische-staat-wohin-treibt-die-arabische-welt%2F\" title=\"Bei LinkedIn teilen\" aria-label=\"Bei LinkedIn teilen\" role=\"button\" rel=\"noopener nofollow\" class=\"shariff-link\" style=\"; background-color:#0077b5; color:#0077b5\" target=\"_blank\"><span class=\"shariff-icon\" style=\"fill:#0077b5\"><svg width=\"32px\" height=\"20px\" xmlns=\"http:\/\/www.w3.org\/2000\/svg\" viewBox=\"0 0 27 32\"><path fill=\"#0077b5\" d=\"M6.2 11.2v17.7h-5.9v-17.7h5.9zM6.6 5.7q0 1.3-0.9 2.2t-2.4 0.9h0q-1.5 0-2.4-0.9t-0.9-2.2 0.9-2.2 2.4-0.9 2.4 0.9 0.9 2.2zM27.4 18.7v10.1h-5.9v-9.5q0-1.9-0.7-2.9t-2.3-1.1q-1.1 0-1.9 0.6t-1.2 1.5q-0.2 0.5-0.2 1.4v9.9h-5.9q0-7.1 0-11.6t0-5.3l0-0.9h5.9v2.6h0q0.4-0.6 0.7-1t1-0.9 1.6-0.8 2-0.3q3 0 4.9 2t1.9 6z\"\/><\/svg><\/span><span class=\"shariff-text\" style=\"color:#0077b5\">teilen<\/span>&nbsp;<\/a><\/li><li class=\"shariff-button xing shariff-nocustomcolor\" style=\"background-color:#29888a\"><a href=\"https:\/\/www.xing.com\/spi\/shares\/new?url=https%3A%2F%2Fstarke-meinungen.de%2Fblog%2F2015%2F02%2F05%2Fwoher-kommt-der-islamische-staat-wohin-treibt-die-arabische-welt%2F\" title=\"Bei XING teilen\" aria-label=\"Bei XING teilen\" role=\"button\" rel=\"noopener nofollow\" class=\"shariff-link\" style=\"; background-color:#126567; color:#126567\" target=\"_blank\"><span class=\"shariff-icon\" style=\"fill:#126567\"><svg width=\"32px\" height=\"20px\" xmlns=\"http:\/\/www.w3.org\/2000\/svg\" viewBox=\"0 0 25 32\"><path fill=\"#126567\" d=\"M10.7 11.9q-0.2 0.3-4.6 8.2-0.5 0.8-1.2 0.8h-4.3q-0.4 0-0.5-0.3t0-0.6l4.5-8q0 0 0 0l-2.9-5q-0.2-0.4 0-0.7 0.2-0.3 0.5-0.3h4.3q0.7 0 1.2 0.8zM25.1 0.4q0.2 0.3 0 0.7l-9.4 16.7 6 11q0.2 0.4 0 0.6-0.2 0.3-0.6 0.3h-4.3q-0.7 0-1.2-0.8l-6-11.1q0.3-0.6 9.5-16.8 0.4-0.8 1.2-0.8h4.3q0.4 0 0.5 0.3z\"\/><\/svg><\/span><span class=\"shariff-text\" style=\"color:#126567\">teilen<\/span>&nbsp;<\/a><\/li><li class=\"shariff-button whatsapp shariff-nocustomcolor\" style=\"background-color:#5cbe4a\"><a href=\"https:\/\/api.whatsapp.com\/send?text=https%3A%2F%2Fstarke-meinungen.de%2Fblog%2F2015%2F02%2F05%2Fwoher-kommt-der-islamische-staat-wohin-treibt-die-arabische-welt%2F%20Woher%20kommt%20der%20%E2%80%9EIslamische%20Staat%E2%80%9C%3F%20Wohin%20treibt%20die%20arabische%20Welt%3F\" title=\"Bei Whatsapp teilen\" aria-label=\"Bei Whatsapp teilen\" role=\"button\" rel=\"noopener nofollow\" class=\"shariff-link\" style=\"; background-color:#34af23; color:#34af23\" target=\"_blank\"><span class=\"shariff-icon\" style=\"fill:#34af23\"><svg width=\"32px\" height=\"20px\" xmlns=\"http:\/\/www.w3.org\/2000\/svg\" viewBox=\"0 0 32 32\"><path fill=\"#34af23\" d=\"M17.6 17.4q0.2 0 1.7 0.8t1.6 0.9q0 0.1 0 0.3 0 0.6-0.3 1.4-0.3 0.7-1.3 1.2t-1.8 0.5q-1 0-3.4-1.1-1.7-0.8-3-2.1t-2.6-3.3q-1.3-1.9-1.3-3.5v-0.1q0.1-1.6 1.3-2.8 0.4-0.4 0.9-0.4 0.1 0 0.3 0t0.3 0q0.3 0 0.5 0.1t0.3 0.5q0.1 0.4 0.6 1.6t0.4 1.3q0 0.4-0.6 1t-0.6 0.8q0 0.1 0.1 0.3 0.6 1.3 1.8 2.4 1 0.9 2.7 1.8 0.2 0.1 0.4 0.1 0.3 0 1-0.9t0.9-0.9zM14 26.9q2.3 0 4.3-0.9t3.6-2.4 2.4-3.6 0.9-4.3-0.9-4.3-2.4-3.6-3.6-2.4-4.3-0.9-4.3 0.9-3.6 2.4-2.4 3.6-0.9 4.3q0 3.6 2.1 6.6l-1.4 4.2 4.3-1.4q2.8 1.9 6.2 1.9zM14 2.2q2.7 0 5.2 1.1t4.3 2.9 2.9 4.3 1.1 5.2-1.1 5.2-2.9 4.3-4.3 2.9-5.2 1.1q-3.5 0-6.5-1.7l-7.4 2.4 2.4-7.2q-1.9-3.2-1.9-6.9 0-2.7 1.1-5.2t2.9-4.3 4.3-2.9 5.2-1.1z\"\/><\/svg><\/span><span class=\"shariff-text\" style=\"color:#34af23\">teilen<\/span>&nbsp;<\/a><\/li><li class=\"shariff-button info shariff-nocustomcolor\" style=\"background-color:#a8a8a8\"><a href=\"http:\/\/ct.de\/-2467514\" title=\"Weitere Informationen\" aria-label=\"Weitere Informationen\" role=\"button\" rel=\"noopener \" class=\"shariff-link\" style=\"; background-color:#999; color:#999\" target=\"_blank\"><span class=\"shariff-icon\" style=\"fill:#999\"><svg width=\"32px\" height=\"20px\" xmlns=\"http:\/\/www.w3.org\/2000\/svg\" viewBox=\"0 0 11 32\"><path fill=\"#999\" d=\"M11.4 24v2.3q0 0.5-0.3 0.8t-0.8 0.4h-9.1q-0.5 0-0.8-0.4t-0.4-0.8v-2.3q0-0.5 0.4-0.8t0.8-0.4h1.1v-6.8h-1.1q-0.5 0-0.8-0.4t-0.4-0.8v-2.3q0-0.5 0.4-0.8t0.8-0.4h6.8q0.5 0 0.8 0.4t0.4 0.8v10.3h1.1q0.5 0 0.8 0.4t0.3 0.8zM9.2 3.4v3.4q0 0.5-0.4 0.8t-0.8 0.4h-4.6q-0.4 0-0.8-0.4t-0.4-0.8v-3.4q0-0.4 0.4-0.8t0.8-0.4h4.6q0.5 0 0.8 0.4t0.4 0.8z\"\/><\/svg><\/span><\/a><\/li><\/ul><\/div>","protected":false},"excerpt":{"rendered":"<p>Der qualvolle Mord an einem jordanischen Piloten durch Terroristen des \u201eIslamischen Staates\u201c (IS) und die brutale Reaktion Jordaniens werfen ein grelles Licht auf die Widerspr\u00fcche des Landes. M\u00f6glich ist, dass der IS mit diesem Mord, der sogar von den sonst nicht zimperlichen Terroristen der Al Qaida im Jemen verurteilt wurde, am Ende das pro-westliche K\u00f6nigshaus und die beduinische Elite st\u00e4rkt,&#8230; <a href=\"https:\/\/starke-meinungen.de\/blog\/2015\/02\/05\/woher-kommt-der-islamische-staat-wohin-treibt-die-arabische-welt\/\">Weiterlesen &raquo;<\/a><\/p>\n","protected":false},"author":13,"featured_media":0,"comment_status":"open","ping_status":"open","sticky":false,"template":"","format":"standard","meta":{"footnotes":""},"categories":[209,1],"tags":[1913,1769,927,2365,1007,2009],"class_list":["post-4645","post","type-post","status-publish","format-standard","hentry","category-alan-posener","category-allgemein","tag-anti-terror-krieg","tag-arabische-welt","tag-irak","tag-islamischer-staat","tag-israel","tag-syrien"],"yoast_head":"<!-- This site is optimized with the Yoast SEO plugin v27.4 - https:\/\/yoast.com\/product\/yoast-seo-wordpress\/ -->\n<title>Woher kommt der &quot;Islamische Staat&quot;? Wohin treibt die arabische Welt? - starke-meinungen.de<\/title>\n<meta name=\"robots\" content=\"index, follow, max-snippet:-1, max-image-preview:large, max-video-preview:-1\" \/>\n<link rel=\"canonical\" href=\"https:\/\/starke-meinungen.de\/blog\/2015\/02\/05\/woher-kommt-der-islamische-staat-wohin-treibt-die-arabische-welt\/\" \/>\n<meta property=\"og:locale\" content=\"de_DE\" \/>\n<meta property=\"og:type\" content=\"article\" \/>\n<meta property=\"og:title\" content=\"Woher kommt der &quot;Islamische Staat&quot;? Wohin treibt die arabische Welt? - starke-meinungen.de\" \/>\n<meta property=\"og:description\" content=\"Der qualvolle Mord an einem jordanischen Piloten durch Terroristen des \u201eIslamischen Staates\u201c (IS) und die brutale Reaktion Jordaniens werfen ein grelles Licht auf die Widerspr\u00fcche des Landes. M\u00f6glich ist, dass der IS mit diesem Mord, der sogar von den sonst nicht zimperlichen Terroristen der Al Qaida im Jemen verurteilt wurde, am Ende das pro-westliche K\u00f6nigshaus und die beduinische Elite st\u00e4rkt,... Weiterlesen &raquo;\" \/>\n<meta property=\"og:url\" content=\"https:\/\/starke-meinungen.de\/blog\/2015\/02\/05\/woher-kommt-der-islamische-staat-wohin-treibt-die-arabische-welt\/\" \/>\n<meta property=\"og:site_name\" content=\"starke-meinungen.de\" \/>\n<meta property=\"article:publisher\" content=\"https:\/\/www.facebook.com\/starkemeinungen\/\" \/>\n<meta property=\"article:published_time\" content=\"2015-02-05T06:30:34+00:00\" \/>\n<meta property=\"og:image\" content=\"https:\/\/starke-meinungen.de\/blog\/wp-content\/uploads\/starke-meinungen-fb-header.jpg\" \/>\n\t<meta property=\"og:image:width\" content=\"1200\" \/>\n\t<meta property=\"og:image:height\" content=\"630\" \/>\n\t<meta property=\"og:image:type\" content=\"image\/jpeg\" \/>\n<meta name=\"author\" content=\"Alan Posener\" \/>\n<meta name=\"twitter:card\" content=\"summary_large_image\" \/>\n<meta name=\"twitter:creator\" content=\"@starkemeinungen\" \/>\n<meta name=\"twitter:site\" content=\"@starkemeinungen\" \/>\n<meta name=\"twitter:label1\" content=\"Verfasst von\" \/>\n\t<meta name=\"twitter:data1\" content=\"Alan Posener\" \/>\n\t<meta name=\"twitter:label2\" content=\"Gesch\u00e4tzte Lesezeit\" \/>\n\t<meta name=\"twitter:data2\" content=\"12\u00a0Minuten\" \/>\n<script type=\"application\/ld+json\" class=\"yoast-schema-graph\">{\"@context\":\"https:\\\/\\\/schema.org\",\"@graph\":[{\"@type\":\"Article\",\"@id\":\"https:\\\/\\\/starke-meinungen.de\\\/blog\\\/2015\\\/02\\\/05\\\/woher-kommt-der-islamische-staat-wohin-treibt-die-arabische-welt\\\/#article\",\"isPartOf\":{\"@id\":\"https:\\\/\\\/starke-meinungen.de\\\/blog\\\/2015\\\/02\\\/05\\\/woher-kommt-der-islamische-staat-wohin-treibt-die-arabische-welt\\\/\"},\"author\":{\"name\":\"Alan Posener\",\"@id\":\"https:\\\/\\\/starke-meinungen.de\\\/blog\\\/#\\\/schema\\\/person\\\/32d0faef7c31a37c1c89be993d7a6d28\"},\"headline\":\"Woher kommt der &#8222;Islamische Staat&#8220;? Wohin treibt die arabische Welt?\",\"datePublished\":\"2015-02-05T06:30:34+00:00\",\"mainEntityOfPage\":{\"@id\":\"https:\\\/\\\/starke-meinungen.de\\\/blog\\\/2015\\\/02\\\/05\\\/woher-kommt-der-islamische-staat-wohin-treibt-die-arabische-welt\\\/\"},\"wordCount\":2484,\"commentCount\":39,\"publisher\":{\"@id\":\"https:\\\/\\\/starke-meinungen.de\\\/blog\\\/#organization\"},\"keywords\":[\"Anti-Terror-Krieg\",\"arabische Welt\",\"Irak\",\"Islamischer Staat\",\"Israel\",\"Syrien\"],\"articleSection\":[\"Alan Posener\"],\"inLanguage\":\"de\",\"potentialAction\":[{\"@type\":\"CommentAction\",\"name\":\"Comment\",\"target\":[\"https:\\\/\\\/starke-meinungen.de\\\/blog\\\/2015\\\/02\\\/05\\\/woher-kommt-der-islamische-staat-wohin-treibt-die-arabische-welt\\\/#respond\"]}]},{\"@type\":\"WebPage\",\"@id\":\"https:\\\/\\\/starke-meinungen.de\\\/blog\\\/2015\\\/02\\\/05\\\/woher-kommt-der-islamische-staat-wohin-treibt-die-arabische-welt\\\/\",\"url\":\"https:\\\/\\\/starke-meinungen.de\\\/blog\\\/2015\\\/02\\\/05\\\/woher-kommt-der-islamische-staat-wohin-treibt-die-arabische-welt\\\/\",\"name\":\"Woher kommt der \\\"Islamische Staat\\\"? Wohin treibt die arabische Welt? - starke-meinungen.de\",\"isPartOf\":{\"@id\":\"https:\\\/\\\/starke-meinungen.de\\\/blog\\\/#website\"},\"datePublished\":\"2015-02-05T06:30:34+00:00\",\"breadcrumb\":{\"@id\":\"https:\\\/\\\/starke-meinungen.de\\\/blog\\\/2015\\\/02\\\/05\\\/woher-kommt-der-islamische-staat-wohin-treibt-die-arabische-welt\\\/#breadcrumb\"},\"inLanguage\":\"de\",\"potentialAction\":[{\"@type\":\"ReadAction\",\"target\":[\"https:\\\/\\\/starke-meinungen.de\\\/blog\\\/2015\\\/02\\\/05\\\/woher-kommt-der-islamische-staat-wohin-treibt-die-arabische-welt\\\/\"]}]},{\"@type\":\"BreadcrumbList\",\"@id\":\"https:\\\/\\\/starke-meinungen.de\\\/blog\\\/2015\\\/02\\\/05\\\/woher-kommt-der-islamische-staat-wohin-treibt-die-arabische-welt\\\/#breadcrumb\",\"itemListElement\":[{\"@type\":\"ListItem\",\"position\":1,\"name\":\"Startseite\",\"item\":\"https:\\\/\\\/starke-meinungen.de\\\/blog\\\/\"},{\"@type\":\"ListItem\",\"position\":2,\"name\":\"Woher kommt der &#8222;Islamische Staat&#8220;? Wohin treibt die arabische Welt?\"}]},{\"@type\":\"WebSite\",\"@id\":\"https:\\\/\\\/starke-meinungen.de\\\/blog\\\/#website\",\"url\":\"https:\\\/\\\/starke-meinungen.de\\\/blog\\\/\",\"name\":\"starke-meinungen.de\",\"description\":\"Autoren-Blog\",\"publisher\":{\"@id\":\"https:\\\/\\\/starke-meinungen.de\\\/blog\\\/#organization\"},\"potentialAction\":[{\"@type\":\"SearchAction\",\"target\":{\"@type\":\"EntryPoint\",\"urlTemplate\":\"https:\\\/\\\/starke-meinungen.de\\\/blog\\\/?s={search_term_string}\"},\"query-input\":{\"@type\":\"PropertyValueSpecification\",\"valueRequired\":true,\"valueName\":\"search_term_string\"}}],\"inLanguage\":\"de\"},{\"@type\":\"Organization\",\"@id\":\"https:\\\/\\\/starke-meinungen.de\\\/blog\\\/#organization\",\"name\":\"starke-meinungen.de\",\"url\":\"https:\\\/\\\/starke-meinungen.de\\\/blog\\\/\",\"logo\":{\"@type\":\"ImageObject\",\"inLanguage\":\"de\",\"@id\":\"https:\\\/\\\/starke-meinungen.de\\\/blog\\\/#\\\/schema\\\/logo\\\/image\\\/\",\"url\":\"https:\\\/\\\/starke-meinungen.de\\\/blog\\\/wp-content\\\/uploads\\\/starke-meinungen-fb-header.jpg\",\"contentUrl\":\"https:\\\/\\\/starke-meinungen.de\\\/blog\\\/wp-content\\\/uploads\\\/starke-meinungen-fb-header.jpg\",\"width\":1200,\"height\":630,\"caption\":\"starke-meinungen.de\"},\"image\":{\"@id\":\"https:\\\/\\\/starke-meinungen.de\\\/blog\\\/#\\\/schema\\\/logo\\\/image\\\/\"},\"sameAs\":[\"https:\\\/\\\/www.facebook.com\\\/starkemeinungen\\\/\",\"https:\\\/\\\/x.com\\\/starkemeinungen\"]},{\"@type\":\"Person\",\"@id\":\"https:\\\/\\\/starke-meinungen.de\\\/blog\\\/#\\\/schema\\\/person\\\/32d0faef7c31a37c1c89be993d7a6d28\",\"name\":\"Alan Posener\",\"image\":{\"@type\":\"ImageObject\",\"inLanguage\":\"de\",\"@id\":\"https:\\\/\\\/secure.gravatar.com\\\/avatar\\\/c75c8818a9ab78c4faa75048dba7844e2587998cda4d93f84e7d86f7e21a9b90?s=96&d=mm&r=g\",\"url\":\"https:\\\/\\\/secure.gravatar.com\\\/avatar\\\/c75c8818a9ab78c4faa75048dba7844e2587998cda4d93f84e7d86f7e21a9b90?s=96&d=mm&r=g\",\"contentUrl\":\"https:\\\/\\\/secure.gravatar.com\\\/avatar\\\/c75c8818a9ab78c4faa75048dba7844e2587998cda4d93f84e7d86f7e21a9b90?s=96&d=mm&r=g\",\"caption\":\"Alan Posener\"},\"url\":\"https:\\\/\\\/starke-meinungen.de\\\/blog\\\/author\\\/posener\\\/\"}]}<\/script>\n<!-- \/ Yoast SEO plugin. -->","yoast_head_json":{"title":"Woher kommt der \"Islamische Staat\"? Wohin treibt die arabische Welt? - starke-meinungen.de","robots":{"index":"index","follow":"follow","max-snippet":"max-snippet:-1","max-image-preview":"max-image-preview:large","max-video-preview":"max-video-preview:-1"},"canonical":"https:\/\/starke-meinungen.de\/blog\/2015\/02\/05\/woher-kommt-der-islamische-staat-wohin-treibt-die-arabische-welt\/","og_locale":"de_DE","og_type":"article","og_title":"Woher kommt der \"Islamische Staat\"? Wohin treibt die arabische Welt? - starke-meinungen.de","og_description":"Der qualvolle Mord an einem jordanischen Piloten durch Terroristen des \u201eIslamischen Staates\u201c (IS) und die brutale Reaktion Jordaniens werfen ein grelles Licht auf die Widerspr\u00fcche des Landes. M\u00f6glich ist, dass der IS mit diesem Mord, der sogar von den sonst nicht zimperlichen Terroristen der Al Qaida im Jemen verurteilt wurde, am Ende das pro-westliche K\u00f6nigshaus und die beduinische Elite st\u00e4rkt,... Weiterlesen &raquo;","og_url":"https:\/\/starke-meinungen.de\/blog\/2015\/02\/05\/woher-kommt-der-islamische-staat-wohin-treibt-die-arabische-welt\/","og_site_name":"starke-meinungen.de","article_publisher":"https:\/\/www.facebook.com\/starkemeinungen\/","article_published_time":"2015-02-05T06:30:34+00:00","og_image":[{"width":1200,"height":630,"url":"https:\/\/starke-meinungen.de\/blog\/wp-content\/uploads\/starke-meinungen-fb-header.jpg","type":"image\/jpeg"}],"author":"Alan Posener","twitter_card":"summary_large_image","twitter_creator":"@starkemeinungen","twitter_site":"@starkemeinungen","twitter_misc":{"Verfasst von":"Alan Posener","Gesch\u00e4tzte Lesezeit":"12\u00a0Minuten"},"schema":{"@context":"https:\/\/schema.org","@graph":[{"@type":"Article","@id":"https:\/\/starke-meinungen.de\/blog\/2015\/02\/05\/woher-kommt-der-islamische-staat-wohin-treibt-die-arabische-welt\/#article","isPartOf":{"@id":"https:\/\/starke-meinungen.de\/blog\/2015\/02\/05\/woher-kommt-der-islamische-staat-wohin-treibt-die-arabische-welt\/"},"author":{"name":"Alan Posener","@id":"https:\/\/starke-meinungen.de\/blog\/#\/schema\/person\/32d0faef7c31a37c1c89be993d7a6d28"},"headline":"Woher kommt der &#8222;Islamische Staat&#8220;? Wohin treibt die arabische Welt?","datePublished":"2015-02-05T06:30:34+00:00","mainEntityOfPage":{"@id":"https:\/\/starke-meinungen.de\/blog\/2015\/02\/05\/woher-kommt-der-islamische-staat-wohin-treibt-die-arabische-welt\/"},"wordCount":2484,"commentCount":39,"publisher":{"@id":"https:\/\/starke-meinungen.de\/blog\/#organization"},"keywords":["Anti-Terror-Krieg","arabische Welt","Irak","Islamischer Staat","Israel","Syrien"],"articleSection":["Alan Posener"],"inLanguage":"de","potentialAction":[{"@type":"CommentAction","name":"Comment","target":["https:\/\/starke-meinungen.de\/blog\/2015\/02\/05\/woher-kommt-der-islamische-staat-wohin-treibt-die-arabische-welt\/#respond"]}]},{"@type":"WebPage","@id":"https:\/\/starke-meinungen.de\/blog\/2015\/02\/05\/woher-kommt-der-islamische-staat-wohin-treibt-die-arabische-welt\/","url":"https:\/\/starke-meinungen.de\/blog\/2015\/02\/05\/woher-kommt-der-islamische-staat-wohin-treibt-die-arabische-welt\/","name":"Woher kommt der \"Islamische Staat\"? Wohin treibt die arabische Welt? - starke-meinungen.de","isPartOf":{"@id":"https:\/\/starke-meinungen.de\/blog\/#website"},"datePublished":"2015-02-05T06:30:34+00:00","breadcrumb":{"@id":"https:\/\/starke-meinungen.de\/blog\/2015\/02\/05\/woher-kommt-der-islamische-staat-wohin-treibt-die-arabische-welt\/#breadcrumb"},"inLanguage":"de","potentialAction":[{"@type":"ReadAction","target":["https:\/\/starke-meinungen.de\/blog\/2015\/02\/05\/woher-kommt-der-islamische-staat-wohin-treibt-die-arabische-welt\/"]}]},{"@type":"BreadcrumbList","@id":"https:\/\/starke-meinungen.de\/blog\/2015\/02\/05\/woher-kommt-der-islamische-staat-wohin-treibt-die-arabische-welt\/#breadcrumb","itemListElement":[{"@type":"ListItem","position":1,"name":"Startseite","item":"https:\/\/starke-meinungen.de\/blog\/"},{"@type":"ListItem","position":2,"name":"Woher kommt der &#8222;Islamische Staat&#8220;? Wohin treibt die arabische Welt?"}]},{"@type":"WebSite","@id":"https:\/\/starke-meinungen.de\/blog\/#website","url":"https:\/\/starke-meinungen.de\/blog\/","name":"starke-meinungen.de","description":"Autoren-Blog","publisher":{"@id":"https:\/\/starke-meinungen.de\/blog\/#organization"},"potentialAction":[{"@type":"SearchAction","target":{"@type":"EntryPoint","urlTemplate":"https:\/\/starke-meinungen.de\/blog\/?s={search_term_string}"},"query-input":{"@type":"PropertyValueSpecification","valueRequired":true,"valueName":"search_term_string"}}],"inLanguage":"de"},{"@type":"Organization","@id":"https:\/\/starke-meinungen.de\/blog\/#organization","name":"starke-meinungen.de","url":"https:\/\/starke-meinungen.de\/blog\/","logo":{"@type":"ImageObject","inLanguage":"de","@id":"https:\/\/starke-meinungen.de\/blog\/#\/schema\/logo\/image\/","url":"https:\/\/starke-meinungen.de\/blog\/wp-content\/uploads\/starke-meinungen-fb-header.jpg","contentUrl":"https:\/\/starke-meinungen.de\/blog\/wp-content\/uploads\/starke-meinungen-fb-header.jpg","width":1200,"height":630,"caption":"starke-meinungen.de"},"image":{"@id":"https:\/\/starke-meinungen.de\/blog\/#\/schema\/logo\/image\/"},"sameAs":["https:\/\/www.facebook.com\/starkemeinungen\/","https:\/\/x.com\/starkemeinungen"]},{"@type":"Person","@id":"https:\/\/starke-meinungen.de\/blog\/#\/schema\/person\/32d0faef7c31a37c1c89be993d7a6d28","name":"Alan Posener","image":{"@type":"ImageObject","inLanguage":"de","@id":"https:\/\/secure.gravatar.com\/avatar\/c75c8818a9ab78c4faa75048dba7844e2587998cda4d93f84e7d86f7e21a9b90?s=96&d=mm&r=g","url":"https:\/\/secure.gravatar.com\/avatar\/c75c8818a9ab78c4faa75048dba7844e2587998cda4d93f84e7d86f7e21a9b90?s=96&d=mm&r=g","contentUrl":"https:\/\/secure.gravatar.com\/avatar\/c75c8818a9ab78c4faa75048dba7844e2587998cda4d93f84e7d86f7e21a9b90?s=96&d=mm&r=g","caption":"Alan Posener"},"url":"https:\/\/starke-meinungen.de\/blog\/author\/posener\/"}]}},"_links":{"self":[{"href":"https:\/\/starke-meinungen.de\/blog\/wp-json\/wp\/v2\/posts\/4645","targetHints":{"allow":["GET"]}}],"collection":[{"href":"https:\/\/starke-meinungen.de\/blog\/wp-json\/wp\/v2\/posts"}],"about":[{"href":"https:\/\/starke-meinungen.de\/blog\/wp-json\/wp\/v2\/types\/post"}],"author":[{"embeddable":true,"href":"https:\/\/starke-meinungen.de\/blog\/wp-json\/wp\/v2\/users\/13"}],"replies":[{"embeddable":true,"href":"https:\/\/starke-meinungen.de\/blog\/wp-json\/wp\/v2\/comments?post=4645"}],"version-history":[{"count":2,"href":"https:\/\/starke-meinungen.de\/blog\/wp-json\/wp\/v2\/posts\/4645\/revisions"}],"predecessor-version":[{"id":4647,"href":"https:\/\/starke-meinungen.de\/blog\/wp-json\/wp\/v2\/posts\/4645\/revisions\/4647"}],"wp:attachment":[{"href":"https:\/\/starke-meinungen.de\/blog\/wp-json\/wp\/v2\/media?parent=4645"}],"wp:term":[{"taxonomy":"category","embeddable":true,"href":"https:\/\/starke-meinungen.de\/blog\/wp-json\/wp\/v2\/categories?post=4645"},{"taxonomy":"post_tag","embeddable":true,"href":"https:\/\/starke-meinungen.de\/blog\/wp-json\/wp\/v2\/tags?post=4645"}],"curies":[{"name":"wp","href":"https:\/\/api.w.org\/{rel}","templated":true}]}}