

{"id":4544,"date":"2014-11-11T05:00:48","date_gmt":"2014-11-11T05:00:48","guid":{"rendered":"https:\/\/starke-meinungen.de\/blog\/?p=4544"},"modified":"2014-11-12T08:59:47","modified_gmt":"2014-11-12T08:59:47","slug":"ups-europa-kaputtgespart-sorry-der-iwf-uebt-selbstkritik","status":"publish","type":"post","link":"https:\/\/starke-meinungen.de\/blog\/2014\/11\/11\/ups-europa-kaputtgespart-sorry-der-iwf-uebt-selbstkritik\/","title":{"rendered":"Ups, Europa kaputtgespart. Sorry. Der IWF \u00fcbt Selbstkritik."},"content":{"rendered":"<p>Von der deutschen \u00d6ffentlichkeit weitgehend unbeachtet, hat der Internationale W\u00e4hrungsfonds (IWF) eine politische Bombe gez\u00fcndet. In einem Bericht an die Direktorin hat die Unabh\u00e4ngige Evaluierungsbeh\u00f6rde des IWF die Politik der IWF-Leitung in der so genannten europ\u00e4ischen W\u00e4hrungskrise scharf kritisiert. In einer <a title=\"Stellungnahme\" href=\"http:\/\/www.imf.org\/external\/pp\/longres.aspx?id=4919\" target=\"_blank\">Stellungnahme<\/a> hat die Direktorin, Christine Lagarde, diese Kritik akzeptiert.<\/p>\n<p><!--more--><br \/>\nDie entscheidende Passage lautet (meine \u00dcbersetzung): \u201eWas die Zeit nach der Krise [von 2008, A.P.] betrifft, so stimmt der Bericht der Einsch\u00e4tzung zu, dass die Ratschl\u00e4ge des IWF in gro\u00dfen Teilen richtig waren, insbesondere der Ruf nach fiskalischen Anreizen 2008-9 und die Unterst\u00fctzung expansiver Geldpolitik in den entwickelten Volkswirtschaften. Die Bef\u00fcrwortung einer fiskalischen Konsolidierung in einigen entwickelten Volkswirtschaften durch die IWF 2010 wird als voreilig eingesch\u00e4tzt, da sich die dadurch einsetzende Erholung als kurlebig erwiesen hat. Freilich hat diese Einsch\u00e4tzung, wie der Bericht anerkennt, den Vorteil des R\u00fcckblicks.\u201c<br \/>\nUnd jetzt noch einmal in Alltagsdeutsch:<br \/>\n\u201eEs war richtig, unmittelbar nach der Krise Konjunkturprogramme zu fordern, und es war auch richtig, Geld in die Volkswirtschaft zu pumpen, wie es die Amerikaner und Briten getan haben. Nicht richtig war es, in Europa auf Sparprogramme zu setzen, um die Defizite zu reduzieren, weil dadurch die bereits einsetzende Erholung abgew\u00fcrgt wurde. Aber nachher ist man immer kl\u00fcger.\u201c<br \/>\nRichtig. Nachher ist man immer kl\u00fcger. Aber einige Leute haben beizeiten darauf hingewiesen, dass es absurd war, zuerst die europ\u00e4ischen Regierungen aufzufordern, Geld ins System zu pumpen, Banken zu retten, Abwrackpr\u00e4mien zu zahlen usw., und unmittelbar danach ihnen vorzuwerfen, sie seien \u00fcberschuldet. Unter diesen Warnern befanden sich auch Leute, die nicht den Anspruch erheben, \u00d6konomen zu sein. Zum Beispiel ich.<br \/>\nEnde 2011 schrieb ich <a title=\"diesen Artikel\" href=\"https:\/\/zeitschrift-ip.dgap.org\/de\/ip-die-zeitschrift\/archiv\/jahrgang-2011\/januar-februar\/lob-der-vergesslichkeit\" target=\"_blank\">diesen Artikel<\/a> f\u00fcr die \u201eInternationale Politik\u201c, die am 1.1.2012 erschien.<\/p>\n<p>Zuerst beschrieb ich die \u2013 v\u00f6llig richtige, nun auch vom IWF als richtig best\u00e4tigte \u2013 Reaktion der Europ\u00e4ischen Kommission unter Barroso auf die Krise 2008: \u201eSie forderte ein \u201aeurop\u00e4isches Konjunkturprogramm\u2019 gegen die Bankenkrise. 200 Milliarden Euro \u2013 mindestens 1,5 Prozent des BIP \u2013 sollten sofort die Nachfrage ankurbeln. Weiters sollten die Steuern gesenkt, die Sozialausgaben erh\u00f6ht, \u00f6ffentliche Investitionen in Umwelttechnik und Infrastruktur get\u00e4tigt und private Investoren gef\u00f6rdert werden. Das ging nur auf Pump. Erst nach der Krise sollte das Geld zur\u00fcckgezahlt werden.\u201c<br \/>\nDoch dann kam die Griechenland-Krise und mit ihr die so genannte Schuldenkrise im Euro-Raum; eine Krise, die im wesentlichen eine Sp\u00e4tfolge der Bankenkrise war:<br \/>\n\u201eNoch steckt Europa in der Krise. Deshalb sind die Staaten klamm. Doch die Banken wollen ihren Rettern kein Geld mehr leihen. Nun sind dieselben europ\u00e4ischen Politiker, die vor der Pleite von Lehman Bro\u00acthers blind auf die Marktkr\u00e4fte vertrauten und 2008 alle Keynesianer wurden, zu Konservativen mutiert, die Austerit\u00e4t predigen. (&#8230;) Damals Geld ausgeben, heute sparen. H\u00fc und hott.\u201c<br \/>\nSchlie\u00dflich schrieb ich:<br \/>\n\u201eDie Euro-Zone wird sich wegen dieser Fehlanalyse entweder in die Rezession hineinsparen (Rezept Merkel) oder aus der Rezession hinausinflationieren (Rezept Sarkozy).\u201c<br \/>\nSo kam es auch.<br \/>\nDie Eurozone hat sich in die Rezession hineingespart, und nun versucht sie \u2013 genauer: versucht EZB-Pr\u00e4sident Draghi \u2013 verzweifelt Geld ins System zu fluten, um eine Deflation zu vermeiden.<br \/>\nWenn auch Angela Merkel als Initiatorin des so genannten \u201eFiskalpakts\u201c (gegen den David Cameron zu Recht opponierte, unter dem Wutgeheul der hiesigen Presse) die Hauptverantwortung f\u00fcr die gegenw\u00e4rtige Misere der Eurozone tr\u00e4gt, so kann sich Christine Lagarde nicht mit einem blo\u00dfen \u201eUps, sorry\u201c aus der Aff\u00e4re ziehen. Schlie\u00dflich war und ist sie als Mitglied der \u201eTroika\u201c wesentlich mitverantwortlich f\u00fcr die desastr\u00f6se deflation\u00e4re Politik, die den Eurol\u00e4ndern verordnet wurde.<br \/>\nLagarde sollte nun darauf dr\u00e4ngen, dass nicht nur die Europ\u00e4ische Zentralbank durch monet\u00e4re Anreize, sondern die Regierungen durch die Fiskalpolitik die Rezession in der Eurozone bek\u00e4mpfen. Daf\u00fcr muss der IWF auch finanziell gerade stehen.<br \/>\nOb es aber den Deutschen gef\u00e4llt oder nicht: Sie werden Hauptmotor und Hauptgeldgeber des Euro-Rettungsprogramms sein m\u00fcssen. Wolfgang Sch\u00e4ubles \u201eschwarze Null\u201c ist eine Totgeburt, ebenso wie Merkels Fiskalpakt. Und das h\u00e4tte man wissen k\u00f6nnen, auch ohne den \u201eVorteil des R\u00fcckblicks\u201c.<\/p>\n<p>Postskriptum:<br \/>\nDer letzte Satz meiner Glosse lautete: \u201eVon Wachstum aber, dem einzigen wirksamen Mittel gegen \u00dcberschuldung, redet keiner mehr. Darin besteht die eigentliche Krise Europas.\u201c Nun ist Wachstum leicht zu fordern, schwieriger zu f\u00f6rdern. Wenn Thomas Piketty Recht hat, so stellen Wachstumsraten um die zwei Prozent in entwickelten kapitalistischen Gesellschaften die Norm dar. Mittlerweile redet auch <a title=\"&quot;The Economist&quot;\" href=\"http:\/\/www.economist.com\/blogs\/buttonwood\/2014\/11\/secular-stagnation\" target=\"_blank\">\u201eThe Economist\u201c<\/a> von jener \u201esecular Stagnation\u201c, die der fr\u00fchere US-Finanzminister Larry Summers im Februar dieses Jahres an die Wand malte.<\/p>\n<p>Wie unter diesen Bedingungen Wachstum \u00fcberhaupt erzeugt werden kann, ist eine keineswegs triviale Frage. In Europa kann es weder vom Bev\u00f6lkerungswachstum herkommen (und sollte es auch nicht), noch von der Erweiterung der Massenproduktion von Billigg\u00fctern. Neben der Ausweitung des Dienstleistungssektors ist vor allem die wissenschaftlich-technische Innovation gefragt. Und hier kann offensichtlich der Staat eine entscheidende Rolle spielen, wie Mariana Mazzucato in ihrem Buch \u201eDas Kapital des Staates\u201c darlegt, das ich gerade lese.<br \/>\nDazu freilich m\u00fcssen die Staaten die Lizenz bekommen, Geld in die Hand zu nehmen. Der IWF hat Selbstkritik ge\u00fcbt; nun ist Frau Merkel dran.<\/p>\n<div class=\"shariff shariff-align-left shariff-widget-align-left shariff-buttonstretch\" style=\"display:none\"><ul class=\"shariff-buttons theme-white orientation-horizontal buttonsize-medium\"><li class=\"shariff-button facebook shariff-nocustomcolor\" style=\"background-color:#4273c8\"><a href=\"https:\/\/www.facebook.com\/sharer\/sharer.php?u=https%3A%2F%2Fstarke-meinungen.de%2Fblog%2F2014%2F11%2F11%2Fups-europa-kaputtgespart-sorry-der-iwf-uebt-selbstkritik%2F\" title=\"Bei Facebook teilen\" aria-label=\"Bei Facebook teilen\" role=\"button\" rel=\"nofollow\" class=\"shariff-link\" style=\"; background-color:#3b5998; color:#3b5998\" target=\"_blank\"><span class=\"shariff-icon\" style=\"fill:#3b5998\"><svg width=\"32px\" height=\"20px\" xmlns=\"http:\/\/www.w3.org\/2000\/svg\" viewBox=\"0 0 18 32\"><path fill=\"#3b5998\" d=\"M17.1 0.2v4.7h-2.8q-1.5 0-2.1 0.6t-0.5 1.9v3.4h5.2l-0.7 5.3h-4.5v13.6h-5.5v-13.6h-4.5v-5.3h4.5v-3.9q0-3.3 1.9-5.2t5-1.8q2.6 0 4.1 0.2z\"\/><\/svg><\/span><span class=\"shariff-text\" style=\"color:#3b5998\">teilen<\/span>&nbsp;<\/a><\/li><li class=\"shariff-button twitter shariff-nocustomcolor\" style=\"background-color:#595959\"><a href=\"https:\/\/twitter.com\/share?url=https%3A%2F%2Fstarke-meinungen.de%2Fblog%2F2014%2F11%2F11%2Fups-europa-kaputtgespart-sorry-der-iwf-uebt-selbstkritik%2F&text=Ups%2C%20Europa%20kaputtgespart.%20Sorry.%20Der%20IWF%20%C3%BCbt%20Selbstkritik.&via=starkemeinungen\" title=\"Bei X teilen\" aria-label=\"Bei X teilen\" role=\"button\" rel=\"noopener nofollow\" class=\"shariff-link\" style=\"; background-color:#000; color:#000\" target=\"_blank\"><span class=\"shariff-icon\" style=\"fill:#000\"><svg width=\"32px\" height=\"20px\" xmlns=\"http:\/\/www.w3.org\/2000\/svg\" viewBox=\"0 0 24 24\"><path fill=\"#000\" d=\"M14.258 10.152L23.176 0h-2.113l-7.747 8.813L7.133 0H0l9.352 13.328L0 23.973h2.113l8.176-9.309 6.531 9.309h7.133zm-2.895 3.293l-.949-1.328L2.875 1.56h3.246l6.086 8.523.945 1.328 7.91 11.078h-3.246zm0 0\"\/><\/svg><\/span><span class=\"shariff-text\" style=\"color:#000\">teilen<\/span>&nbsp;<\/a><\/li><li class=\"shariff-button linkedin shariff-nocustomcolor\" style=\"background-color:#1488bf\"><a href=\"https:\/\/www.linkedin.com\/sharing\/share-offsite\/?url=https%3A%2F%2Fstarke-meinungen.de%2Fblog%2F2014%2F11%2F11%2Fups-europa-kaputtgespart-sorry-der-iwf-uebt-selbstkritik%2F\" title=\"Bei LinkedIn teilen\" aria-label=\"Bei LinkedIn teilen\" role=\"button\" rel=\"noopener nofollow\" class=\"shariff-link\" style=\"; background-color:#0077b5; color:#0077b5\" target=\"_blank\"><span class=\"shariff-icon\" style=\"fill:#0077b5\"><svg width=\"32px\" height=\"20px\" xmlns=\"http:\/\/www.w3.org\/2000\/svg\" viewBox=\"0 0 27 32\"><path fill=\"#0077b5\" d=\"M6.2 11.2v17.7h-5.9v-17.7h5.9zM6.6 5.7q0 1.3-0.9 2.2t-2.4 0.9h0q-1.5 0-2.4-0.9t-0.9-2.2 0.9-2.2 2.4-0.9 2.4 0.9 0.9 2.2zM27.4 18.7v10.1h-5.9v-9.5q0-1.9-0.7-2.9t-2.3-1.1q-1.1 0-1.9 0.6t-1.2 1.5q-0.2 0.5-0.2 1.4v9.9h-5.9q0-7.1 0-11.6t0-5.3l0-0.9h5.9v2.6h0q0.4-0.6 0.7-1t1-0.9 1.6-0.8 2-0.3q3 0 4.9 2t1.9 6z\"\/><\/svg><\/span><span class=\"shariff-text\" style=\"color:#0077b5\">teilen<\/span>&nbsp;<\/a><\/li><li class=\"shariff-button xing shariff-nocustomcolor\" style=\"background-color:#29888a\"><a href=\"https:\/\/www.xing.com\/spi\/shares\/new?url=https%3A%2F%2Fstarke-meinungen.de%2Fblog%2F2014%2F11%2F11%2Fups-europa-kaputtgespart-sorry-der-iwf-uebt-selbstkritik%2F\" title=\"Bei XING teilen\" aria-label=\"Bei XING teilen\" role=\"button\" rel=\"noopener nofollow\" class=\"shariff-link\" style=\"; background-color:#126567; color:#126567\" target=\"_blank\"><span class=\"shariff-icon\" style=\"fill:#126567\"><svg width=\"32px\" height=\"20px\" xmlns=\"http:\/\/www.w3.org\/2000\/svg\" viewBox=\"0 0 25 32\"><path fill=\"#126567\" d=\"M10.7 11.9q-0.2 0.3-4.6 8.2-0.5 0.8-1.2 0.8h-4.3q-0.4 0-0.5-0.3t0-0.6l4.5-8q0 0 0 0l-2.9-5q-0.2-0.4 0-0.7 0.2-0.3 0.5-0.3h4.3q0.7 0 1.2 0.8zM25.1 0.4q0.2 0.3 0 0.7l-9.4 16.7 6 11q0.2 0.4 0 0.6-0.2 0.3-0.6 0.3h-4.3q-0.7 0-1.2-0.8l-6-11.1q0.3-0.6 9.5-16.8 0.4-0.8 1.2-0.8h4.3q0.4 0 0.5 0.3z\"\/><\/svg><\/span><span class=\"shariff-text\" style=\"color:#126567\">teilen<\/span>&nbsp;<\/a><\/li><li class=\"shariff-button whatsapp shariff-nocustomcolor\" style=\"background-color:#5cbe4a\"><a href=\"https:\/\/api.whatsapp.com\/send?text=https%3A%2F%2Fstarke-meinungen.de%2Fblog%2F2014%2F11%2F11%2Fups-europa-kaputtgespart-sorry-der-iwf-uebt-selbstkritik%2F%20Ups%2C%20Europa%20kaputtgespart.%20Sorry.%20Der%20IWF%20%C3%BCbt%20Selbstkritik.\" title=\"Bei Whatsapp teilen\" aria-label=\"Bei Whatsapp teilen\" role=\"button\" rel=\"noopener nofollow\" class=\"shariff-link\" style=\"; background-color:#34af23; color:#34af23\" target=\"_blank\"><span class=\"shariff-icon\" style=\"fill:#34af23\"><svg width=\"32px\" height=\"20px\" xmlns=\"http:\/\/www.w3.org\/2000\/svg\" viewBox=\"0 0 32 32\"><path fill=\"#34af23\" d=\"M17.6 17.4q0.2 0 1.7 0.8t1.6 0.9q0 0.1 0 0.3 0 0.6-0.3 1.4-0.3 0.7-1.3 1.2t-1.8 0.5q-1 0-3.4-1.1-1.7-0.8-3-2.1t-2.6-3.3q-1.3-1.9-1.3-3.5v-0.1q0.1-1.6 1.3-2.8 0.4-0.4 0.9-0.4 0.1 0 0.3 0t0.3 0q0.3 0 0.5 0.1t0.3 0.5q0.1 0.4 0.6 1.6t0.4 1.3q0 0.4-0.6 1t-0.6 0.8q0 0.1 0.1 0.3 0.6 1.3 1.8 2.4 1 0.9 2.7 1.8 0.2 0.1 0.4 0.1 0.3 0 1-0.9t0.9-0.9zM14 26.9q2.3 0 4.3-0.9t3.6-2.4 2.4-3.6 0.9-4.3-0.9-4.3-2.4-3.6-3.6-2.4-4.3-0.9-4.3 0.9-3.6 2.4-2.4 3.6-0.9 4.3q0 3.6 2.1 6.6l-1.4 4.2 4.3-1.4q2.8 1.9 6.2 1.9zM14 2.2q2.7 0 5.2 1.1t4.3 2.9 2.9 4.3 1.1 5.2-1.1 5.2-2.9 4.3-4.3 2.9-5.2 1.1q-3.5 0-6.5-1.7l-7.4 2.4 2.4-7.2q-1.9-3.2-1.9-6.9 0-2.7 1.1-5.2t2.9-4.3 4.3-2.9 5.2-1.1z\"\/><\/svg><\/span><span class=\"shariff-text\" style=\"color:#34af23\">teilen<\/span>&nbsp;<\/a><\/li><li class=\"shariff-button info shariff-nocustomcolor\" style=\"background-color:#a8a8a8\"><a href=\"http:\/\/ct.de\/-2467514\" title=\"Weitere Informationen\" aria-label=\"Weitere Informationen\" role=\"button\" rel=\"noopener \" class=\"shariff-link\" style=\"; background-color:#999; color:#999\" target=\"_blank\"><span class=\"shariff-icon\" style=\"fill:#999\"><svg width=\"32px\" height=\"20px\" xmlns=\"http:\/\/www.w3.org\/2000\/svg\" viewBox=\"0 0 11 32\"><path fill=\"#999\" d=\"M11.4 24v2.3q0 0.5-0.3 0.8t-0.8 0.4h-9.1q-0.5 0-0.8-0.4t-0.4-0.8v-2.3q0-0.5 0.4-0.8t0.8-0.4h1.1v-6.8h-1.1q-0.5 0-0.8-0.4t-0.4-0.8v-2.3q0-0.5 0.4-0.8t0.8-0.4h6.8q0.5 0 0.8 0.4t0.4 0.8v10.3h1.1q0.5 0 0.8 0.4t0.3 0.8zM9.2 3.4v3.4q0 0.5-0.4 0.8t-0.8 0.4h-4.6q-0.4 0-0.8-0.4t-0.4-0.8v-3.4q0-0.4 0.4-0.8t0.8-0.4h4.6q0.5 0 0.8 0.4t0.4 0.8z\"\/><\/svg><\/span><\/a><\/li><\/ul><\/div>","protected":false},"excerpt":{"rendered":"<p>Von der deutschen \u00d6ffentlichkeit weitgehend unbeachtet, hat der Internationale W\u00e4hrungsfonds (IWF) eine politische Bombe gez\u00fcndet. In einem Bericht an die Direktorin hat die Unabh\u00e4ngige Evaluierungsbeh\u00f6rde des IWF die Politik der IWF-Leitung in der so genannten europ\u00e4ischen W\u00e4hrungskrise scharf kritisiert. In einer Stellungnahme hat die Direktorin, Christine Lagarde, diese Kritik akzeptiert.<\/p>\n","protected":false},"author":13,"featured_media":0,"comment_status":"open","ping_status":"open","sticky":false,"template":"","format":"standard","meta":{"footnotes":""},"categories":[209,1],"tags":[101,1133,595,855],"class_list":["post-4544","post","type-post","status-publish","format-standard","hentry","category-alan-posener","category-allgemein","tag-angela-merkel","tag-euro-krise","tag-finanzkrise","tag-iwf"],"yoast_head":"<!-- This site is optimized with the Yoast SEO plugin v27.5 - https:\/\/yoast.com\/product\/yoast-seo-wordpress\/ -->\n<title>Ups, Europa kaputtgespart. Sorry. Der IWF \u00fcbt Selbstkritik. - starke-meinungen.de<\/title>\n<meta name=\"robots\" content=\"index, follow, max-snippet:-1, max-image-preview:large, max-video-preview:-1\" \/>\n<link rel=\"canonical\" href=\"https:\/\/starke-meinungen.de\/blog\/2014\/11\/11\/ups-europa-kaputtgespart-sorry-der-iwf-uebt-selbstkritik\/\" \/>\n<meta property=\"og:locale\" content=\"de_DE\" \/>\n<meta property=\"og:type\" content=\"article\" \/>\n<meta property=\"og:title\" content=\"Ups, Europa kaputtgespart. Sorry. Der IWF \u00fcbt Selbstkritik. - starke-meinungen.de\" \/>\n<meta property=\"og:description\" content=\"Von der deutschen \u00d6ffentlichkeit weitgehend unbeachtet, hat der Internationale W\u00e4hrungsfonds (IWF) eine politische Bombe gez\u00fcndet. In einem Bericht an die Direktorin hat die Unabh\u00e4ngige Evaluierungsbeh\u00f6rde des IWF die Politik der IWF-Leitung in der so genannten europ\u00e4ischen W\u00e4hrungskrise scharf kritisiert. In einer Stellungnahme hat die Direktorin, Christine Lagarde, diese Kritik akzeptiert.\" \/>\n<meta property=\"og:url\" content=\"https:\/\/starke-meinungen.de\/blog\/2014\/11\/11\/ups-europa-kaputtgespart-sorry-der-iwf-uebt-selbstkritik\/\" \/>\n<meta property=\"og:site_name\" content=\"starke-meinungen.de\" \/>\n<meta property=\"article:publisher\" content=\"https:\/\/www.facebook.com\/starkemeinungen\/\" \/>\n<meta property=\"article:published_time\" content=\"2014-11-11T05:00:48+00:00\" \/>\n<meta property=\"article:modified_time\" content=\"2014-11-12T08:59:47+00:00\" \/>\n<meta property=\"og:image\" content=\"https:\/\/starke-meinungen.de\/blog\/wp-content\/uploads\/starke-meinungen-fb-header.jpg\" \/>\n\t<meta property=\"og:image:width\" content=\"1200\" \/>\n\t<meta property=\"og:image:height\" content=\"630\" \/>\n\t<meta property=\"og:image:type\" content=\"image\/jpeg\" \/>\n<meta name=\"author\" content=\"Alan Posener\" \/>\n<meta name=\"twitter:card\" content=\"summary_large_image\" \/>\n<meta name=\"twitter:creator\" content=\"@starkemeinungen\" \/>\n<meta name=\"twitter:site\" content=\"@starkemeinungen\" \/>\n<meta name=\"twitter:label1\" content=\"Verfasst von\" \/>\n\t<meta name=\"twitter:data1\" content=\"Alan Posener\" \/>\n\t<meta name=\"twitter:label2\" content=\"Gesch\u00e4tzte Lesezeit\" \/>\n\t<meta name=\"twitter:data2\" content=\"4\u00a0Minuten\" \/>\n<script type=\"application\/ld+json\" class=\"yoast-schema-graph\">{\"@context\":\"https:\\\/\\\/schema.org\",\"@graph\":[{\"@type\":\"Article\",\"@id\":\"https:\\\/\\\/starke-meinungen.de\\\/blog\\\/2014\\\/11\\\/11\\\/ups-europa-kaputtgespart-sorry-der-iwf-uebt-selbstkritik\\\/#article\",\"isPartOf\":{\"@id\":\"https:\\\/\\\/starke-meinungen.de\\\/blog\\\/2014\\\/11\\\/11\\\/ups-europa-kaputtgespart-sorry-der-iwf-uebt-selbstkritik\\\/\"},\"author\":{\"name\":\"Alan Posener\",\"@id\":\"https:\\\/\\\/starke-meinungen.de\\\/blog\\\/#\\\/schema\\\/person\\\/32d0faef7c31a37c1c89be993d7a6d28\"},\"headline\":\"Ups, Europa kaputtgespart. Sorry. Der IWF \u00fcbt Selbstkritik.\",\"datePublished\":\"2014-11-11T05:00:48+00:00\",\"dateModified\":\"2014-11-12T08:59:47+00:00\",\"mainEntityOfPage\":{\"@id\":\"https:\\\/\\\/starke-meinungen.de\\\/blog\\\/2014\\\/11\\\/11\\\/ups-europa-kaputtgespart-sorry-der-iwf-uebt-selbstkritik\\\/\"},\"wordCount\":867,\"commentCount\":70,\"publisher\":{\"@id\":\"https:\\\/\\\/starke-meinungen.de\\\/blog\\\/#organization\"},\"keywords\":[\"Angela Merkel\",\"Euro-Krise\",\"Finanzkrise\",\"IWF\"],\"articleSection\":[\"Alan Posener\"],\"inLanguage\":\"de\",\"potentialAction\":[{\"@type\":\"CommentAction\",\"name\":\"Comment\",\"target\":[\"https:\\\/\\\/starke-meinungen.de\\\/blog\\\/2014\\\/11\\\/11\\\/ups-europa-kaputtgespart-sorry-der-iwf-uebt-selbstkritik\\\/#respond\"]}]},{\"@type\":\"WebPage\",\"@id\":\"https:\\\/\\\/starke-meinungen.de\\\/blog\\\/2014\\\/11\\\/11\\\/ups-europa-kaputtgespart-sorry-der-iwf-uebt-selbstkritik\\\/\",\"url\":\"https:\\\/\\\/starke-meinungen.de\\\/blog\\\/2014\\\/11\\\/11\\\/ups-europa-kaputtgespart-sorry-der-iwf-uebt-selbstkritik\\\/\",\"name\":\"Ups, Europa kaputtgespart. Sorry. Der IWF \u00fcbt Selbstkritik. - starke-meinungen.de\",\"isPartOf\":{\"@id\":\"https:\\\/\\\/starke-meinungen.de\\\/blog\\\/#website\"},\"datePublished\":\"2014-11-11T05:00:48+00:00\",\"dateModified\":\"2014-11-12T08:59:47+00:00\",\"breadcrumb\":{\"@id\":\"https:\\\/\\\/starke-meinungen.de\\\/blog\\\/2014\\\/11\\\/11\\\/ups-europa-kaputtgespart-sorry-der-iwf-uebt-selbstkritik\\\/#breadcrumb\"},\"inLanguage\":\"de\",\"potentialAction\":[{\"@type\":\"ReadAction\",\"target\":[\"https:\\\/\\\/starke-meinungen.de\\\/blog\\\/2014\\\/11\\\/11\\\/ups-europa-kaputtgespart-sorry-der-iwf-uebt-selbstkritik\\\/\"]}]},{\"@type\":\"BreadcrumbList\",\"@id\":\"https:\\\/\\\/starke-meinungen.de\\\/blog\\\/2014\\\/11\\\/11\\\/ups-europa-kaputtgespart-sorry-der-iwf-uebt-selbstkritik\\\/#breadcrumb\",\"itemListElement\":[{\"@type\":\"ListItem\",\"position\":1,\"name\":\"Startseite\",\"item\":\"https:\\\/\\\/starke-meinungen.de\\\/blog\\\/\"},{\"@type\":\"ListItem\",\"position\":2,\"name\":\"Ups, Europa kaputtgespart. Sorry. Der IWF \u00fcbt Selbstkritik.\"}]},{\"@type\":\"WebSite\",\"@id\":\"https:\\\/\\\/starke-meinungen.de\\\/blog\\\/#website\",\"url\":\"https:\\\/\\\/starke-meinungen.de\\\/blog\\\/\",\"name\":\"starke-meinungen.de\",\"description\":\"Autoren-Blog\",\"publisher\":{\"@id\":\"https:\\\/\\\/starke-meinungen.de\\\/blog\\\/#organization\"},\"potentialAction\":[{\"@type\":\"SearchAction\",\"target\":{\"@type\":\"EntryPoint\",\"urlTemplate\":\"https:\\\/\\\/starke-meinungen.de\\\/blog\\\/?s={search_term_string}\"},\"query-input\":{\"@type\":\"PropertyValueSpecification\",\"valueRequired\":true,\"valueName\":\"search_term_string\"}}],\"inLanguage\":\"de\"},{\"@type\":\"Organization\",\"@id\":\"https:\\\/\\\/starke-meinungen.de\\\/blog\\\/#organization\",\"name\":\"starke-meinungen.de\",\"url\":\"https:\\\/\\\/starke-meinungen.de\\\/blog\\\/\",\"logo\":{\"@type\":\"ImageObject\",\"inLanguage\":\"de\",\"@id\":\"https:\\\/\\\/starke-meinungen.de\\\/blog\\\/#\\\/schema\\\/logo\\\/image\\\/\",\"url\":\"https:\\\/\\\/starke-meinungen.de\\\/blog\\\/wp-content\\\/uploads\\\/starke-meinungen-fb-header.jpg\",\"contentUrl\":\"https:\\\/\\\/starke-meinungen.de\\\/blog\\\/wp-content\\\/uploads\\\/starke-meinungen-fb-header.jpg\",\"width\":1200,\"height\":630,\"caption\":\"starke-meinungen.de\"},\"image\":{\"@id\":\"https:\\\/\\\/starke-meinungen.de\\\/blog\\\/#\\\/schema\\\/logo\\\/image\\\/\"},\"sameAs\":[\"https:\\\/\\\/www.facebook.com\\\/starkemeinungen\\\/\",\"https:\\\/\\\/x.com\\\/starkemeinungen\"]},{\"@type\":\"Person\",\"@id\":\"https:\\\/\\\/starke-meinungen.de\\\/blog\\\/#\\\/schema\\\/person\\\/32d0faef7c31a37c1c89be993d7a6d28\",\"name\":\"Alan Posener\",\"image\":{\"@type\":\"ImageObject\",\"inLanguage\":\"de\",\"@id\":\"https:\\\/\\\/secure.gravatar.com\\\/avatar\\\/c75c8818a9ab78c4faa75048dba7844e2587998cda4d93f84e7d86f7e21a9b90?s=96&d=mm&r=g\",\"url\":\"https:\\\/\\\/secure.gravatar.com\\\/avatar\\\/c75c8818a9ab78c4faa75048dba7844e2587998cda4d93f84e7d86f7e21a9b90?s=96&d=mm&r=g\",\"contentUrl\":\"https:\\\/\\\/secure.gravatar.com\\\/avatar\\\/c75c8818a9ab78c4faa75048dba7844e2587998cda4d93f84e7d86f7e21a9b90?s=96&d=mm&r=g\",\"caption\":\"Alan Posener\"},\"url\":\"https:\\\/\\\/starke-meinungen.de\\\/blog\\\/author\\\/posener\\\/\"}]}<\/script>\n<!-- \/ Yoast SEO plugin. -->","yoast_head_json":{"title":"Ups, Europa kaputtgespart. Sorry. Der IWF \u00fcbt Selbstkritik. - starke-meinungen.de","robots":{"index":"index","follow":"follow","max-snippet":"max-snippet:-1","max-image-preview":"max-image-preview:large","max-video-preview":"max-video-preview:-1"},"canonical":"https:\/\/starke-meinungen.de\/blog\/2014\/11\/11\/ups-europa-kaputtgespart-sorry-der-iwf-uebt-selbstkritik\/","og_locale":"de_DE","og_type":"article","og_title":"Ups, Europa kaputtgespart. Sorry. Der IWF \u00fcbt Selbstkritik. - starke-meinungen.de","og_description":"Von der deutschen \u00d6ffentlichkeit weitgehend unbeachtet, hat der Internationale W\u00e4hrungsfonds (IWF) eine politische Bombe gez\u00fcndet. In einem Bericht an die Direktorin hat die Unabh\u00e4ngige Evaluierungsbeh\u00f6rde des IWF die Politik der IWF-Leitung in der so genannten europ\u00e4ischen W\u00e4hrungskrise scharf kritisiert. In einer Stellungnahme hat die Direktorin, Christine Lagarde, diese Kritik akzeptiert.","og_url":"https:\/\/starke-meinungen.de\/blog\/2014\/11\/11\/ups-europa-kaputtgespart-sorry-der-iwf-uebt-selbstkritik\/","og_site_name":"starke-meinungen.de","article_publisher":"https:\/\/www.facebook.com\/starkemeinungen\/","article_published_time":"2014-11-11T05:00:48+00:00","article_modified_time":"2014-11-12T08:59:47+00:00","og_image":[{"width":1200,"height":630,"url":"https:\/\/starke-meinungen.de\/blog\/wp-content\/uploads\/starke-meinungen-fb-header.jpg","type":"image\/jpeg"}],"author":"Alan Posener","twitter_card":"summary_large_image","twitter_creator":"@starkemeinungen","twitter_site":"@starkemeinungen","twitter_misc":{"Verfasst von":"Alan Posener","Gesch\u00e4tzte Lesezeit":"4\u00a0Minuten"},"schema":{"@context":"https:\/\/schema.org","@graph":[{"@type":"Article","@id":"https:\/\/starke-meinungen.de\/blog\/2014\/11\/11\/ups-europa-kaputtgespart-sorry-der-iwf-uebt-selbstkritik\/#article","isPartOf":{"@id":"https:\/\/starke-meinungen.de\/blog\/2014\/11\/11\/ups-europa-kaputtgespart-sorry-der-iwf-uebt-selbstkritik\/"},"author":{"name":"Alan Posener","@id":"https:\/\/starke-meinungen.de\/blog\/#\/schema\/person\/32d0faef7c31a37c1c89be993d7a6d28"},"headline":"Ups, Europa kaputtgespart. Sorry. Der IWF \u00fcbt Selbstkritik.","datePublished":"2014-11-11T05:00:48+00:00","dateModified":"2014-11-12T08:59:47+00:00","mainEntityOfPage":{"@id":"https:\/\/starke-meinungen.de\/blog\/2014\/11\/11\/ups-europa-kaputtgespart-sorry-der-iwf-uebt-selbstkritik\/"},"wordCount":867,"commentCount":70,"publisher":{"@id":"https:\/\/starke-meinungen.de\/blog\/#organization"},"keywords":["Angela Merkel","Euro-Krise","Finanzkrise","IWF"],"articleSection":["Alan Posener"],"inLanguage":"de","potentialAction":[{"@type":"CommentAction","name":"Comment","target":["https:\/\/starke-meinungen.de\/blog\/2014\/11\/11\/ups-europa-kaputtgespart-sorry-der-iwf-uebt-selbstkritik\/#respond"]}]},{"@type":"WebPage","@id":"https:\/\/starke-meinungen.de\/blog\/2014\/11\/11\/ups-europa-kaputtgespart-sorry-der-iwf-uebt-selbstkritik\/","url":"https:\/\/starke-meinungen.de\/blog\/2014\/11\/11\/ups-europa-kaputtgespart-sorry-der-iwf-uebt-selbstkritik\/","name":"Ups, Europa kaputtgespart. Sorry. Der IWF \u00fcbt Selbstkritik. - starke-meinungen.de","isPartOf":{"@id":"https:\/\/starke-meinungen.de\/blog\/#website"},"datePublished":"2014-11-11T05:00:48+00:00","dateModified":"2014-11-12T08:59:47+00:00","breadcrumb":{"@id":"https:\/\/starke-meinungen.de\/blog\/2014\/11\/11\/ups-europa-kaputtgespart-sorry-der-iwf-uebt-selbstkritik\/#breadcrumb"},"inLanguage":"de","potentialAction":[{"@type":"ReadAction","target":["https:\/\/starke-meinungen.de\/blog\/2014\/11\/11\/ups-europa-kaputtgespart-sorry-der-iwf-uebt-selbstkritik\/"]}]},{"@type":"BreadcrumbList","@id":"https:\/\/starke-meinungen.de\/blog\/2014\/11\/11\/ups-europa-kaputtgespart-sorry-der-iwf-uebt-selbstkritik\/#breadcrumb","itemListElement":[{"@type":"ListItem","position":1,"name":"Startseite","item":"https:\/\/starke-meinungen.de\/blog\/"},{"@type":"ListItem","position":2,"name":"Ups, Europa kaputtgespart. Sorry. Der IWF \u00fcbt Selbstkritik."}]},{"@type":"WebSite","@id":"https:\/\/starke-meinungen.de\/blog\/#website","url":"https:\/\/starke-meinungen.de\/blog\/","name":"starke-meinungen.de","description":"Autoren-Blog","publisher":{"@id":"https:\/\/starke-meinungen.de\/blog\/#organization"},"potentialAction":[{"@type":"SearchAction","target":{"@type":"EntryPoint","urlTemplate":"https:\/\/starke-meinungen.de\/blog\/?s={search_term_string}"},"query-input":{"@type":"PropertyValueSpecification","valueRequired":true,"valueName":"search_term_string"}}],"inLanguage":"de"},{"@type":"Organization","@id":"https:\/\/starke-meinungen.de\/blog\/#organization","name":"starke-meinungen.de","url":"https:\/\/starke-meinungen.de\/blog\/","logo":{"@type":"ImageObject","inLanguage":"de","@id":"https:\/\/starke-meinungen.de\/blog\/#\/schema\/logo\/image\/","url":"https:\/\/starke-meinungen.de\/blog\/wp-content\/uploads\/starke-meinungen-fb-header.jpg","contentUrl":"https:\/\/starke-meinungen.de\/blog\/wp-content\/uploads\/starke-meinungen-fb-header.jpg","width":1200,"height":630,"caption":"starke-meinungen.de"},"image":{"@id":"https:\/\/starke-meinungen.de\/blog\/#\/schema\/logo\/image\/"},"sameAs":["https:\/\/www.facebook.com\/starkemeinungen\/","https:\/\/x.com\/starkemeinungen"]},{"@type":"Person","@id":"https:\/\/starke-meinungen.de\/blog\/#\/schema\/person\/32d0faef7c31a37c1c89be993d7a6d28","name":"Alan Posener","image":{"@type":"ImageObject","inLanguage":"de","@id":"https:\/\/secure.gravatar.com\/avatar\/c75c8818a9ab78c4faa75048dba7844e2587998cda4d93f84e7d86f7e21a9b90?s=96&d=mm&r=g","url":"https:\/\/secure.gravatar.com\/avatar\/c75c8818a9ab78c4faa75048dba7844e2587998cda4d93f84e7d86f7e21a9b90?s=96&d=mm&r=g","contentUrl":"https:\/\/secure.gravatar.com\/avatar\/c75c8818a9ab78c4faa75048dba7844e2587998cda4d93f84e7d86f7e21a9b90?s=96&d=mm&r=g","caption":"Alan Posener"},"url":"https:\/\/starke-meinungen.de\/blog\/author\/posener\/"}]}},"_links":{"self":[{"href":"https:\/\/starke-meinungen.de\/blog\/wp-json\/wp\/v2\/posts\/4544","targetHints":{"allow":["GET"]}}],"collection":[{"href":"https:\/\/starke-meinungen.de\/blog\/wp-json\/wp\/v2\/posts"}],"about":[{"href":"https:\/\/starke-meinungen.de\/blog\/wp-json\/wp\/v2\/types\/post"}],"author":[{"embeddable":true,"href":"https:\/\/starke-meinungen.de\/blog\/wp-json\/wp\/v2\/users\/13"}],"replies":[{"embeddable":true,"href":"https:\/\/starke-meinungen.de\/blog\/wp-json\/wp\/v2\/comments?post=4544"}],"version-history":[{"count":3,"href":"https:\/\/starke-meinungen.de\/blog\/wp-json\/wp\/v2\/posts\/4544\/revisions"}],"predecessor-version":[{"id":4547,"href":"https:\/\/starke-meinungen.de\/blog\/wp-json\/wp\/v2\/posts\/4544\/revisions\/4547"}],"wp:attachment":[{"href":"https:\/\/starke-meinungen.de\/blog\/wp-json\/wp\/v2\/media?parent=4544"}],"wp:term":[{"taxonomy":"category","embeddable":true,"href":"https:\/\/starke-meinungen.de\/blog\/wp-json\/wp\/v2\/categories?post=4544"},{"taxonomy":"post_tag","embeddable":true,"href":"https:\/\/starke-meinungen.de\/blog\/wp-json\/wp\/v2\/tags?post=4544"}],"curies":[{"name":"wp","href":"https:\/\/api.w.org\/{rel}","templated":true}]}}