

{"id":4492,"date":"2014-09-09T05:30:48","date_gmt":"2014-09-09T05:30:48","guid":{"rendered":"https:\/\/starke-meinungen.de\/blog\/?p=4492"},"modified":"2014-09-08T10:36:06","modified_gmt":"2014-09-08T10:36:06","slug":"russland-nicht-die-nato-ist-das-problem","status":"publish","type":"post","link":"https:\/\/starke-meinungen.de\/blog\/2014\/09\/09\/russland-nicht-die-nato-ist-das-problem\/","title":{"rendered":"Russland, nicht die Nato, ist das Problem"},"content":{"rendered":"<p>Es gibt zwei Interpretationen der gegenw\u00e4rtigen Krise zwischen Russland und der Nato. Sie schlie\u00dfen einander aus, und die Wahrheit befindet sich auch nicht in der Mitte.<\/p>\n<p><!--more--><\/p>\n<p>1. Russland unter Wladimir Putin will die geopolitische Rolle der Sowjetunion und des Zarenreichs wieder einnehmen. Da Russland nicht \u2013 wie die USA, China oder die EU \u2013 \u00fcber eine nennenswerte wirtschaftliche Potenz verf\u00fcgt, muss es haupts\u00e4chlich machtpolitisch \u2013 letztlich milit\u00e4risch \u2013 agieren, um seine imperialen Ambitionen zu realisieren.<br \/>\n2. Die Nato als milit\u00e4rischer Arm des US-Imperialismus und die EU als wirtschaftspolitische Speerspitze des westlichen Kapitalismus verfolgen eine Politik der Einkreisung und Unterminierung Russlands durch die Erweiterungspolitik der Nato und der EU und durch das Anstiften von Revolten in L\u00e4ndern wie dem Kosovo, Georgien und der Ukraine, mit dem Ziel, diese L\u00e4nder ebenfalls in den Einflussbereich der EU und der Nato zu bringen. Projekte wie die deutsche \u201eEnergiewende\u201c, \u201eFracking\u201c in den USA oder die Invasion des Irak sollen den Westen unabh\u00e4ngig von russischem \u00d6l und Gas machen und Russlands Isolation vorantreiben. Dagegen muss sich Russland wehren.<\/p>\n<p>Nun soll sofort konzediert werden, dass sich die Nato und die EU erweitert haben und sich weiter erweitern werden. Die EU verhandelt ja gegenw\u00e4rtig mit Serbien und der T\u00fcrkei \u00fcber eine Mitgliedschaft, und auch wenn es nicht so aussieht, als w\u00fcrde die T\u00fcrkei die Mitgliedschaftsbedingungen erf\u00fcllen, ist es ja bereits Nato-Mitglied. Mittelfristig soll der ganze Balkan zur EU geh\u00f6ren; die T\u00fcr f\u00fcr europ\u00e4ische L\u00e4nder wie Moldawien und die Ukraine wird ausdr\u00fccklich offen gehalten. In einer Art sich selbst erf\u00fcllender Prophezeiung haben die j\u00fcngsten Aktionen Russlands dazu gef\u00fchrt, dass die EU-Mitglieder Schweden und Finnland jetzt auch Interesse an einer Nato-Mitgliedschaft zweigen.<br \/>\nGeorgien, dessen n\u00f6rdliche Provinzen von Russland besetzt sind, w\u00fcrde lieber heute als morgen beiden Organisationen beitreten, die gew\u00e4hlte F\u00fchrung der Ukraine \u2013 dr\u00fccken wir es so aus \u2013 auch. Wenn das bisher nicht geschehen ist, so deshalb, weil es auf westlicher Seite Bedenken hinsichtlich der demokratischen Reife und der Stabilit\u00e4t beider L\u00e4nder gibt. 2008 hat Angela Merkel die von George W. Bush bef\u00fcrwortete Aufnahme beider L\u00e4nder in die Nato verhindert. Man kann das angesichts der jetzigen Ereignisse nachtr\u00e4glich f\u00fcr klug \u2013 wir w\u00e4ren nach der russischen Annexion der Krim und der russischen Operationen in der Ostukraine l\u00e4ngst im Krieg mit Russland \u2013 oder kurzsichtig halten \u2013 Russland h\u00e4tte diese Annexion und Einmischung\u00a0 nicht gewagt, wenn die Ukraine den Schutz der Nato genie\u00dfen w\u00fcrde.\u00a0 Das Beispiel zeigt jedoch, dass es keineswegs eine einheitliche westliche Strategie der gegen Russland gerichteten Erweiterung gab. Im Gegenteil. Merkels Ablehnung einer Nato-Mitgliedschaft f\u00fcr diese beiden L\u00e4nder geschah mit R\u00fccksicht auf russische Empfindlichkeiten.<br \/>\nWladimir Putin macht geltend, dass die Osterweiterung der Nato einen Bruch von Zusicherungen darstellt, die von westlichen Politikern im Zuge der Verhandlungen \u00fcber die deutsche Einheit gemacht worden seien. Dies ist derselbe Putin, der nach 9\/11 im Zuge der Verhandlungen \u00fcber eine Kooperation gegen den internationalen Terror selbst eine Mitgliedschaft Russlands in der Nato ins Gespr\u00e4ch brachte!<br \/>\nTatsache ist, dass die vom deutschen Au\u00dfenminister Dietrich Genscher und vom US-Au\u00dfenminister James A. Baker m\u00fcndlich ge\u00e4u\u00dferten Versicherungen in keinem Vertragswerk festgehalten wurden. Als Genscher und Baker diese \u00c4u\u00dferungen taten, existierten noch die Sowjetunion und der Warschauer Pakt. Der Zerfall der UdSSR und ihres Kolonialsystems konnten Genscher und Baker ebenso wenig vorhersehen wie sie den Drang der aus den Ketten dieses Systems befreiten Nationalstaaten Ost- und Mitteleuropas in die Nato vorhersehen konnten. Nach dem \u2013 auch von der UdSSR unterschriebenen \u2013 Abkommen von Helsinki (1975) hatten diese L\u00e4nder das Recht, die Zugeh\u00f6rigkeit zu einem B\u00fcndnis frei zu w\u00e4hlen. Als aus diesem rein theoretischen Recht eine praktische M\u00f6glichkeit wurde, w\u00e4hlten die meisten Staaten die Nato. Was h\u00e4tte der Westen tun sollen?<br \/>\nNun, zun\u00e4chst hat er zehn Jahre gez\u00f6gert. Polen, Tschechien und Ungarn wurden erst 1999 in die Nato aufgenommen. Die n\u00e4chste Erweiterungsrunde fand erst 2002 statt. Eine aggressive Erweiterung sieht anders aus.<br \/>\nZweitens hat die Nato vorab &#8211; 1996 &#8211;\u00a0 erkl\u00e4rt, dass sie im Falle einer Erweiterung weder Atomwaffen noch gr\u00f6\u00dfere Kampfeinheiten oder entsprechende Infrastruktur auf dem Boden der neuen Mitglieder stationieren w\u00fcrde. Daran hat sie sich auch gehalten, auch wenn die Polen und die baltischen Staaten dar\u00fcber ungl\u00fccklich waren und sind. Eine aggressive Erweiterung sieht anders aus.<br \/>\nDrittens hat sich die Nato bem\u00fcht, eine Sicherheitspartnerschaft mit Russland herzustellen mittels des Nato-Russland-Gr\u00fcndungsakts und des Nato-Russland-Rats. Russland hat den Gr\u00fcndungsakt unterschrieben, der das Prinzip der Nato-Osterweiterung unter den genannten Bedingungen explizit erw\u00e4hnt, und ist dem Rat beigetreten, ohne gegen die Erweiterung zu protestieren. Wie gesagt, Putin hat selbst die Idee einer russischen Mitgliedschaft ins Spiel gebracht. Eine aggressive antirussische Erweiterung sieht anders aus.<\/p>\n<p>Die von einigen westlichen Politikwissenschaftlern wie etwa John J. Mearsheimer bef\u00fcrwortete Alternative lautete, auf die Aufl\u00f6sung des Warschauer Pakts mit der Aufl\u00f6sung oder teilweisen Aufl\u00f6sung der Nato zu antworten und den Frieden in Europa durch eine amerikanisch moderierte Politik des Gleichgewichts zwischen den europ\u00e4ischen Nationalstaaten zu erhalten. Dieses Gleichgewicht sollte auch atomar abgesichert werden, so Mearsheimer 1993, etwa indem die Ukraine Atommacht bliebe und Deutschland Atommacht w\u00fcrde. Ich \u00fcberlasse es der Fantasie der LeserInnen, sich auszumalen, wie es unter solchen Bedingungen heute um die Einheit, Freiheit und vor allem Sicherheit Europas bestellt w\u00e4re.<br \/>\nNun, man ging einen anderen Weg. Die Nato blieb erhalten und wurde erweitert, was f\u00fcr Deutschlands \u00f6stliche Nachbarn bedeutete, zwei Fliegen mit einer Klappe schlagen: \u201eKeeping the Germans down and the Russians out\u201c, wie zu Zeiten des Kalten Krieges. Das Problem der b\u00fcndnisfreien Atommacht Ukraine wurde mit dem Abkommen von 1994 gel\u00f6st, in dem die Ukraine auf Atomwaffen verzichtet und die USA, Gro\u00dfbritannien und Russland im Gegenzug die territoriale Integrit\u00e4t des Landes garantieren.<\/p>\n<p>Tja. So viel zu internationalen Zusagen.<\/p>\n<p>Im Anschluss an diese historischen Fragen ein paar Gegenwartsfragen:<\/p>\n<p>1. Wenn die Nato-Osterweiterung das Problem ist: Warum greift Putin ausgerechnet die Ukraine an: ein Land, das kein Nato-Mitglied ist? Welches Signal sendet dieser Angriff den Noch-nicht-Nato-Mitgliedern? Drau\u00dfen bleiben und wie die Ukraine gegebenenfalls im Regen stehen \u2013 oder schnellstm\u00f6glich Mitglied der Nato werden?<br \/>\n2. Wenn die Aggressivit\u00e4t des Westens das Problem ist \u2013 und geben wir zu, unter George W. Bush konnte man das so sehen: Warum greift Putin jetzt an, da die USA von einem Pr\u00e4sidenten gef\u00fchrt wird, der einen \u201eReset\u201c der Beziehungen mit Russland wollte, der mit Russland in Syrien kooperiert, der mit Russlands Freunden in Teheran verhandelt, der die US-Pr\u00e4senz im Irak und in Afghanistan beenden wollte und der insgesamt als der au\u00dfenpolitisch passivste Pr\u00e4sident seit Jimmy Carter gilt? Ist die Aggressivit\u00e4t des Westens das Problem, oder nicht vielmehr dessen Schw\u00e4che?<br \/>\n3. Welche Botschaft sendet Putins Annexion der Krim an Diktatoren wie jene in Teheran und Pj\u00f6ngjang, und an M\u00f6chtegern-Diktatoren und Terroristen anderswo in der Welt? Wenn du eine Atommacht bist, kannst du dir alles erlauben. Als Saddam Hussein Kuwait annektierte, und zwar mit einer Begr\u00fcndung, die nicht fadenscheiniger war als jene Putins f\u00fcr die Annexion der Krim, wurde er milit\u00e4risch davongejagt. Mit Atomwaffenbesitzer Putin will man keinen Krieg, wird man also verhandeln. Als Saddam zw\u00f6lf Jahre sp\u00e4ter von den USA gest\u00fcrzt wurden, weil er \u2013 angeblich oder wirklich \u2013 an Massenvernichtungswaffen arbeitete, beschloss auch Muammar al-Gaddafi, sein heimliches Atomwaffenprogramm vorsichtshalber bei den Amerikanern abzuliefern. Einige Jahre sp\u00e4ter wurde sein Regime vom Westen gest\u00fcrzt. H\u00e4tte man das gemacht, wenn man geglaubt h\u00e4tte, Gaddafi k\u00f6nne Neapel mit Giftgas einnebeln oder eine Atombombe auf Malta detonieren lassen?<\/p>\n<p>Die Beispiele zeigen, dass auch die USA und ihre Verb\u00fcndeten (oder einige von ihnen) \u2013 im Falle Saddams und Gaddafis beseelt von der eigenen Freiheitsrhetorik, angetrieben von Hilferufen der Unterdr\u00fcckten und Exilanten, gelockt auch von der Aussicht auf \u00d6l \u2013 das internationale System besch\u00e4digt und den Leuten in Teheran, die gern am atomaren Dr\u00fccker sitzen w\u00fcrden (von den Leuten in Pj\u00f6ngjang und Peking, Islamabad und Delhi ganz zu schweigen, die bereits am Dr\u00fccker sitzen) einigen Grund gegeben haben, bei der nuklearen Option zu bleiben.<br \/>\nImmerhin bem\u00fchte man sich, erstens, gegen Saddam (einmal mit, einmal ohne Erfolg) und gegen Gaddafi (mit Erfolg) ein Mandat der Vereinten Nationen f\u00fcr Strafaktionen zu bekommen. Es war ja auch nicht so, zweitens, dass die USA \u2013 wie Putin im Falle der Ukraine \u2013 irgendwelche Garantien gegen\u00fcber dem Irak oder Libyen \u00fcbernommen h\u00e4tten. Drittens kann man kaum die gegenw\u00e4rtige, demokratisch legitimierte, F\u00fchrung in Kiew mit den damaligen Diktatoren in Bagdad oder Tripolis vergleichen. Man musste nicht die Wirklichkeit verdrehen, um\u00a0 Saddam und Gaddafi als &#8218;Schl\u00e4chter der eigenen Bev\u00f6lkerung darzustellen. Die Rechtfertigung der russischen Aggression erfordert aber eine solche propagandistische Verkehrung der Wirklichkeit, dass sie schon deshalb den Frieden in ganz Europa gef\u00e4hrdet. W\u00e4re die ukrainische Regierung n\u00e4mlich die faschistische Bestie, w\u00e4re der Westen die aggressive, uners\u00e4ttliche imperiale Macht, als die sie von der Putin\u2019schen Propaganda dargestellt wird, dann m\u00fcsste sich Russland f\u00fcr einen Heiligen Krieg gegen uns wappnen, der eigentlich erst beginnen w\u00fcrde, wenn Putin seine Ziele in der Ukraine erreicht hat.<\/p>\n<div class=\"shariff shariff-align-left shariff-widget-align-left shariff-buttonstretch\" style=\"display:none\"><ul class=\"shariff-buttons theme-white orientation-horizontal buttonsize-medium\"><li class=\"shariff-button facebook shariff-nocustomcolor\" style=\"background-color:#4273c8\"><a href=\"https:\/\/www.facebook.com\/sharer\/sharer.php?u=https%3A%2F%2Fstarke-meinungen.de%2Fblog%2F2014%2F09%2F09%2Frussland-nicht-die-nato-ist-das-problem%2F\" title=\"Bei Facebook teilen\" aria-label=\"Bei Facebook teilen\" role=\"button\" rel=\"nofollow\" class=\"shariff-link\" style=\"; background-color:#3b5998; color:#3b5998\" target=\"_blank\"><span class=\"shariff-icon\" style=\"fill:#3b5998\"><svg width=\"32px\" height=\"20px\" xmlns=\"http:\/\/www.w3.org\/2000\/svg\" viewBox=\"0 0 18 32\"><path fill=\"#3b5998\" d=\"M17.1 0.2v4.7h-2.8q-1.5 0-2.1 0.6t-0.5 1.9v3.4h5.2l-0.7 5.3h-4.5v13.6h-5.5v-13.6h-4.5v-5.3h4.5v-3.9q0-3.3 1.9-5.2t5-1.8q2.6 0 4.1 0.2z\"\/><\/svg><\/span><span class=\"shariff-text\" style=\"color:#3b5998\">teilen<\/span>&nbsp;<\/a><\/li><li class=\"shariff-button twitter shariff-nocustomcolor\" style=\"background-color:#595959\"><a href=\"https:\/\/twitter.com\/share?url=https%3A%2F%2Fstarke-meinungen.de%2Fblog%2F2014%2F09%2F09%2Frussland-nicht-die-nato-ist-das-problem%2F&text=Russland%2C%20nicht%20die%20Nato%2C%20ist%20das%20Problem&via=starkemeinungen\" title=\"Bei X teilen\" aria-label=\"Bei X teilen\" role=\"button\" rel=\"noopener nofollow\" class=\"shariff-link\" style=\"; background-color:#000; color:#000\" target=\"_blank\"><span class=\"shariff-icon\" style=\"fill:#000\"><svg width=\"32px\" height=\"20px\" xmlns=\"http:\/\/www.w3.org\/2000\/svg\" viewBox=\"0 0 24 24\"><path fill=\"#000\" d=\"M14.258 10.152L23.176 0h-2.113l-7.747 8.813L7.133 0H0l9.352 13.328L0 23.973h2.113l8.176-9.309 6.531 9.309h7.133zm-2.895 3.293l-.949-1.328L2.875 1.56h3.246l6.086 8.523.945 1.328 7.91 11.078h-3.246zm0 0\"\/><\/svg><\/span><span class=\"shariff-text\" style=\"color:#000\">teilen<\/span>&nbsp;<\/a><\/li><li class=\"shariff-button linkedin shariff-nocustomcolor\" style=\"background-color:#1488bf\"><a href=\"https:\/\/www.linkedin.com\/sharing\/share-offsite\/?url=https%3A%2F%2Fstarke-meinungen.de%2Fblog%2F2014%2F09%2F09%2Frussland-nicht-die-nato-ist-das-problem%2F\" title=\"Bei LinkedIn teilen\" aria-label=\"Bei LinkedIn teilen\" role=\"button\" rel=\"noopener nofollow\" class=\"shariff-link\" style=\"; background-color:#0077b5; color:#0077b5\" target=\"_blank\"><span class=\"shariff-icon\" style=\"fill:#0077b5\"><svg width=\"32px\" height=\"20px\" xmlns=\"http:\/\/www.w3.org\/2000\/svg\" viewBox=\"0 0 27 32\"><path fill=\"#0077b5\" d=\"M6.2 11.2v17.7h-5.9v-17.7h5.9zM6.6 5.7q0 1.3-0.9 2.2t-2.4 0.9h0q-1.5 0-2.4-0.9t-0.9-2.2 0.9-2.2 2.4-0.9 2.4 0.9 0.9 2.2zM27.4 18.7v10.1h-5.9v-9.5q0-1.9-0.7-2.9t-2.3-1.1q-1.1 0-1.9 0.6t-1.2 1.5q-0.2 0.5-0.2 1.4v9.9h-5.9q0-7.1 0-11.6t0-5.3l0-0.9h5.9v2.6h0q0.4-0.6 0.7-1t1-0.9 1.6-0.8 2-0.3q3 0 4.9 2t1.9 6z\"\/><\/svg><\/span><span class=\"shariff-text\" style=\"color:#0077b5\">teilen<\/span>&nbsp;<\/a><\/li><li class=\"shariff-button xing shariff-nocustomcolor\" style=\"background-color:#29888a\"><a href=\"https:\/\/www.xing.com\/spi\/shares\/new?url=https%3A%2F%2Fstarke-meinungen.de%2Fblog%2F2014%2F09%2F09%2Frussland-nicht-die-nato-ist-das-problem%2F\" title=\"Bei XING teilen\" aria-label=\"Bei XING teilen\" role=\"button\" rel=\"noopener nofollow\" class=\"shariff-link\" style=\"; background-color:#126567; color:#126567\" target=\"_blank\"><span class=\"shariff-icon\" style=\"fill:#126567\"><svg width=\"32px\" height=\"20px\" xmlns=\"http:\/\/www.w3.org\/2000\/svg\" viewBox=\"0 0 25 32\"><path fill=\"#126567\" d=\"M10.7 11.9q-0.2 0.3-4.6 8.2-0.5 0.8-1.2 0.8h-4.3q-0.4 0-0.5-0.3t0-0.6l4.5-8q0 0 0 0l-2.9-5q-0.2-0.4 0-0.7 0.2-0.3 0.5-0.3h4.3q0.7 0 1.2 0.8zM25.1 0.4q0.2 0.3 0 0.7l-9.4 16.7 6 11q0.2 0.4 0 0.6-0.2 0.3-0.6 0.3h-4.3q-0.7 0-1.2-0.8l-6-11.1q0.3-0.6 9.5-16.8 0.4-0.8 1.2-0.8h4.3q0.4 0 0.5 0.3z\"\/><\/svg><\/span><span class=\"shariff-text\" style=\"color:#126567\">teilen<\/span>&nbsp;<\/a><\/li><li class=\"shariff-button whatsapp shariff-nocustomcolor\" style=\"background-color:#5cbe4a\"><a href=\"https:\/\/api.whatsapp.com\/send?text=https%3A%2F%2Fstarke-meinungen.de%2Fblog%2F2014%2F09%2F09%2Frussland-nicht-die-nato-ist-das-problem%2F%20Russland%2C%20nicht%20die%20Nato%2C%20ist%20das%20Problem\" title=\"Bei Whatsapp teilen\" aria-label=\"Bei Whatsapp teilen\" role=\"button\" rel=\"noopener nofollow\" class=\"shariff-link\" style=\"; background-color:#34af23; color:#34af23\" target=\"_blank\"><span class=\"shariff-icon\" style=\"fill:#34af23\"><svg width=\"32px\" height=\"20px\" xmlns=\"http:\/\/www.w3.org\/2000\/svg\" viewBox=\"0 0 32 32\"><path fill=\"#34af23\" d=\"M17.6 17.4q0.2 0 1.7 0.8t1.6 0.9q0 0.1 0 0.3 0 0.6-0.3 1.4-0.3 0.7-1.3 1.2t-1.8 0.5q-1 0-3.4-1.1-1.7-0.8-3-2.1t-2.6-3.3q-1.3-1.9-1.3-3.5v-0.1q0.1-1.6 1.3-2.8 0.4-0.4 0.9-0.4 0.1 0 0.3 0t0.3 0q0.3 0 0.5 0.1t0.3 0.5q0.1 0.4 0.6 1.6t0.4 1.3q0 0.4-0.6 1t-0.6 0.8q0 0.1 0.1 0.3 0.6 1.3 1.8 2.4 1 0.9 2.7 1.8 0.2 0.1 0.4 0.1 0.3 0 1-0.9t0.9-0.9zM14 26.9q2.3 0 4.3-0.9t3.6-2.4 2.4-3.6 0.9-4.3-0.9-4.3-2.4-3.6-3.6-2.4-4.3-0.9-4.3 0.9-3.6 2.4-2.4 3.6-0.9 4.3q0 3.6 2.1 6.6l-1.4 4.2 4.3-1.4q2.8 1.9 6.2 1.9zM14 2.2q2.7 0 5.2 1.1t4.3 2.9 2.9 4.3 1.1 5.2-1.1 5.2-2.9 4.3-4.3 2.9-5.2 1.1q-3.5 0-6.5-1.7l-7.4 2.4 2.4-7.2q-1.9-3.2-1.9-6.9 0-2.7 1.1-5.2t2.9-4.3 4.3-2.9 5.2-1.1z\"\/><\/svg><\/span><span class=\"shariff-text\" style=\"color:#34af23\">teilen<\/span>&nbsp;<\/a><\/li><li class=\"shariff-button info shariff-nocustomcolor\" style=\"background-color:#a8a8a8\"><a href=\"http:\/\/ct.de\/-2467514\" title=\"Weitere Informationen\" aria-label=\"Weitere Informationen\" role=\"button\" rel=\"noopener \" class=\"shariff-link\" style=\"; background-color:#999; color:#999\" target=\"_blank\"><span class=\"shariff-icon\" style=\"fill:#999\"><svg width=\"32px\" height=\"20px\" xmlns=\"http:\/\/www.w3.org\/2000\/svg\" viewBox=\"0 0 11 32\"><path fill=\"#999\" d=\"M11.4 24v2.3q0 0.5-0.3 0.8t-0.8 0.4h-9.1q-0.5 0-0.8-0.4t-0.4-0.8v-2.3q0-0.5 0.4-0.8t0.8-0.4h1.1v-6.8h-1.1q-0.5 0-0.8-0.4t-0.4-0.8v-2.3q0-0.5 0.4-0.8t0.8-0.4h6.8q0.5 0 0.8 0.4t0.4 0.8v10.3h1.1q0.5 0 0.8 0.4t0.3 0.8zM9.2 3.4v3.4q0 0.5-0.4 0.8t-0.8 0.4h-4.6q-0.4 0-0.8-0.4t-0.4-0.8v-3.4q0-0.4 0.4-0.8t0.8-0.4h4.6q0.5 0 0.8 0.4t0.4 0.8z\"\/><\/svg><\/span><\/a><\/li><\/ul><\/div>","protected":false},"excerpt":{"rendered":"<p>Es gibt zwei Interpretationen der gegenw\u00e4rtigen Krise zwischen Russland und der Nato. Sie schlie\u00dfen einander aus, und die Wahrheit befindet sich auch nicht in der Mitte.<\/p>\n","protected":false},"author":13,"featured_media":0,"comment_status":"open","ping_status":"open","sticky":false,"template":"","format":"standard","meta":{"footnotes":""},"categories":[209],"tags":[1056,180,1928,2218],"class_list":["post-4492","post","type-post","status-publish","format-standard","hentry","category-alan-posener","tag-atombombe","tag-nato","tag-putin","tag-russland"],"yoast_head":"<!-- This site is optimized with the Yoast SEO plugin v27.5 - https:\/\/yoast.com\/product\/yoast-seo-wordpress\/ -->\n<title>Russland, nicht die Nato, ist das Problem - starke-meinungen.de<\/title>\n<meta name=\"robots\" content=\"index, follow, max-snippet:-1, max-image-preview:large, max-video-preview:-1\" \/>\n<link rel=\"canonical\" href=\"https:\/\/starke-meinungen.de\/blog\/2014\/09\/09\/russland-nicht-die-nato-ist-das-problem\/\" \/>\n<meta property=\"og:locale\" content=\"de_DE\" \/>\n<meta property=\"og:type\" content=\"article\" \/>\n<meta property=\"og:title\" content=\"Russland, nicht die Nato, ist das Problem - starke-meinungen.de\" \/>\n<meta property=\"og:description\" content=\"Es gibt zwei Interpretationen der gegenw\u00e4rtigen Krise zwischen Russland und der Nato. Sie schlie\u00dfen einander aus, und die Wahrheit befindet sich auch nicht in der Mitte.\" \/>\n<meta property=\"og:url\" content=\"https:\/\/starke-meinungen.de\/blog\/2014\/09\/09\/russland-nicht-die-nato-ist-das-problem\/\" \/>\n<meta property=\"og:site_name\" content=\"starke-meinungen.de\" \/>\n<meta property=\"article:publisher\" content=\"https:\/\/www.facebook.com\/starkemeinungen\/\" \/>\n<meta property=\"article:published_time\" content=\"2014-09-09T05:30:48+00:00\" \/>\n<meta property=\"og:image\" content=\"https:\/\/starke-meinungen.de\/blog\/wp-content\/uploads\/starke-meinungen-fb-header.jpg\" \/>\n\t<meta property=\"og:image:width\" content=\"1200\" \/>\n\t<meta property=\"og:image:height\" content=\"630\" \/>\n\t<meta property=\"og:image:type\" content=\"image\/jpeg\" \/>\n<meta name=\"author\" content=\"Alan Posener\" \/>\n<meta name=\"twitter:card\" content=\"summary_large_image\" \/>\n<meta name=\"twitter:creator\" content=\"@starkemeinungen\" \/>\n<meta name=\"twitter:site\" content=\"@starkemeinungen\" \/>\n<meta name=\"twitter:label1\" content=\"Verfasst von\" \/>\n\t<meta name=\"twitter:data1\" content=\"Alan Posener\" \/>\n\t<meta name=\"twitter:label2\" content=\"Gesch\u00e4tzte Lesezeit\" \/>\n\t<meta name=\"twitter:data2\" content=\"8\u00a0Minuten\" \/>\n<script type=\"application\/ld+json\" class=\"yoast-schema-graph\">{\"@context\":\"https:\\\/\\\/schema.org\",\"@graph\":[{\"@type\":\"Article\",\"@id\":\"https:\\\/\\\/starke-meinungen.de\\\/blog\\\/2014\\\/09\\\/09\\\/russland-nicht-die-nato-ist-das-problem\\\/#article\",\"isPartOf\":{\"@id\":\"https:\\\/\\\/starke-meinungen.de\\\/blog\\\/2014\\\/09\\\/09\\\/russland-nicht-die-nato-ist-das-problem\\\/\"},\"author\":{\"name\":\"Alan Posener\",\"@id\":\"https:\\\/\\\/starke-meinungen.de\\\/blog\\\/#\\\/schema\\\/person\\\/32d0faef7c31a37c1c89be993d7a6d28\"},\"headline\":\"Russland, nicht die Nato, ist das Problem\",\"datePublished\":\"2014-09-09T05:30:48+00:00\",\"mainEntityOfPage\":{\"@id\":\"https:\\\/\\\/starke-meinungen.de\\\/blog\\\/2014\\\/09\\\/09\\\/russland-nicht-die-nato-ist-das-problem\\\/\"},\"wordCount\":1554,\"commentCount\":66,\"publisher\":{\"@id\":\"https:\\\/\\\/starke-meinungen.de\\\/blog\\\/#organization\"},\"keywords\":[\"Atombombe\",\"NATO\",\"Putin\",\"Russland\"],\"articleSection\":[\"Alan Posener\"],\"inLanguage\":\"de\",\"potentialAction\":[{\"@type\":\"CommentAction\",\"name\":\"Comment\",\"target\":[\"https:\\\/\\\/starke-meinungen.de\\\/blog\\\/2014\\\/09\\\/09\\\/russland-nicht-die-nato-ist-das-problem\\\/#respond\"]}]},{\"@type\":\"WebPage\",\"@id\":\"https:\\\/\\\/starke-meinungen.de\\\/blog\\\/2014\\\/09\\\/09\\\/russland-nicht-die-nato-ist-das-problem\\\/\",\"url\":\"https:\\\/\\\/starke-meinungen.de\\\/blog\\\/2014\\\/09\\\/09\\\/russland-nicht-die-nato-ist-das-problem\\\/\",\"name\":\"Russland, nicht die Nato, ist das Problem - starke-meinungen.de\",\"isPartOf\":{\"@id\":\"https:\\\/\\\/starke-meinungen.de\\\/blog\\\/#website\"},\"datePublished\":\"2014-09-09T05:30:48+00:00\",\"breadcrumb\":{\"@id\":\"https:\\\/\\\/starke-meinungen.de\\\/blog\\\/2014\\\/09\\\/09\\\/russland-nicht-die-nato-ist-das-problem\\\/#breadcrumb\"},\"inLanguage\":\"de\",\"potentialAction\":[{\"@type\":\"ReadAction\",\"target\":[\"https:\\\/\\\/starke-meinungen.de\\\/blog\\\/2014\\\/09\\\/09\\\/russland-nicht-die-nato-ist-das-problem\\\/\"]}]},{\"@type\":\"BreadcrumbList\",\"@id\":\"https:\\\/\\\/starke-meinungen.de\\\/blog\\\/2014\\\/09\\\/09\\\/russland-nicht-die-nato-ist-das-problem\\\/#breadcrumb\",\"itemListElement\":[{\"@type\":\"ListItem\",\"position\":1,\"name\":\"Startseite\",\"item\":\"https:\\\/\\\/starke-meinungen.de\\\/blog\\\/\"},{\"@type\":\"ListItem\",\"position\":2,\"name\":\"Russland, nicht die Nato, ist das Problem\"}]},{\"@type\":\"WebSite\",\"@id\":\"https:\\\/\\\/starke-meinungen.de\\\/blog\\\/#website\",\"url\":\"https:\\\/\\\/starke-meinungen.de\\\/blog\\\/\",\"name\":\"starke-meinungen.de\",\"description\":\"Autoren-Blog\",\"publisher\":{\"@id\":\"https:\\\/\\\/starke-meinungen.de\\\/blog\\\/#organization\"},\"potentialAction\":[{\"@type\":\"SearchAction\",\"target\":{\"@type\":\"EntryPoint\",\"urlTemplate\":\"https:\\\/\\\/starke-meinungen.de\\\/blog\\\/?s={search_term_string}\"},\"query-input\":{\"@type\":\"PropertyValueSpecification\",\"valueRequired\":true,\"valueName\":\"search_term_string\"}}],\"inLanguage\":\"de\"},{\"@type\":\"Organization\",\"@id\":\"https:\\\/\\\/starke-meinungen.de\\\/blog\\\/#organization\",\"name\":\"starke-meinungen.de\",\"url\":\"https:\\\/\\\/starke-meinungen.de\\\/blog\\\/\",\"logo\":{\"@type\":\"ImageObject\",\"inLanguage\":\"de\",\"@id\":\"https:\\\/\\\/starke-meinungen.de\\\/blog\\\/#\\\/schema\\\/logo\\\/image\\\/\",\"url\":\"https:\\\/\\\/starke-meinungen.de\\\/blog\\\/wp-content\\\/uploads\\\/starke-meinungen-fb-header.jpg\",\"contentUrl\":\"https:\\\/\\\/starke-meinungen.de\\\/blog\\\/wp-content\\\/uploads\\\/starke-meinungen-fb-header.jpg\",\"width\":1200,\"height\":630,\"caption\":\"starke-meinungen.de\"},\"image\":{\"@id\":\"https:\\\/\\\/starke-meinungen.de\\\/blog\\\/#\\\/schema\\\/logo\\\/image\\\/\"},\"sameAs\":[\"https:\\\/\\\/www.facebook.com\\\/starkemeinungen\\\/\",\"https:\\\/\\\/x.com\\\/starkemeinungen\"]},{\"@type\":\"Person\",\"@id\":\"https:\\\/\\\/starke-meinungen.de\\\/blog\\\/#\\\/schema\\\/person\\\/32d0faef7c31a37c1c89be993d7a6d28\",\"name\":\"Alan Posener\",\"image\":{\"@type\":\"ImageObject\",\"inLanguage\":\"de\",\"@id\":\"https:\\\/\\\/secure.gravatar.com\\\/avatar\\\/c75c8818a9ab78c4faa75048dba7844e2587998cda4d93f84e7d86f7e21a9b90?s=96&d=mm&r=g\",\"url\":\"https:\\\/\\\/secure.gravatar.com\\\/avatar\\\/c75c8818a9ab78c4faa75048dba7844e2587998cda4d93f84e7d86f7e21a9b90?s=96&d=mm&r=g\",\"contentUrl\":\"https:\\\/\\\/secure.gravatar.com\\\/avatar\\\/c75c8818a9ab78c4faa75048dba7844e2587998cda4d93f84e7d86f7e21a9b90?s=96&d=mm&r=g\",\"caption\":\"Alan Posener\"},\"url\":\"https:\\\/\\\/starke-meinungen.de\\\/blog\\\/author\\\/posener\\\/\"}]}<\/script>\n<!-- \/ Yoast SEO plugin. -->","yoast_head_json":{"title":"Russland, nicht die Nato, ist das Problem - starke-meinungen.de","robots":{"index":"index","follow":"follow","max-snippet":"max-snippet:-1","max-image-preview":"max-image-preview:large","max-video-preview":"max-video-preview:-1"},"canonical":"https:\/\/starke-meinungen.de\/blog\/2014\/09\/09\/russland-nicht-die-nato-ist-das-problem\/","og_locale":"de_DE","og_type":"article","og_title":"Russland, nicht die Nato, ist das Problem - starke-meinungen.de","og_description":"Es gibt zwei Interpretationen der gegenw\u00e4rtigen Krise zwischen Russland und der Nato. Sie schlie\u00dfen einander aus, und die Wahrheit befindet sich auch nicht in der Mitte.","og_url":"https:\/\/starke-meinungen.de\/blog\/2014\/09\/09\/russland-nicht-die-nato-ist-das-problem\/","og_site_name":"starke-meinungen.de","article_publisher":"https:\/\/www.facebook.com\/starkemeinungen\/","article_published_time":"2014-09-09T05:30:48+00:00","og_image":[{"width":1200,"height":630,"url":"https:\/\/starke-meinungen.de\/blog\/wp-content\/uploads\/starke-meinungen-fb-header.jpg","type":"image\/jpeg"}],"author":"Alan Posener","twitter_card":"summary_large_image","twitter_creator":"@starkemeinungen","twitter_site":"@starkemeinungen","twitter_misc":{"Verfasst von":"Alan Posener","Gesch\u00e4tzte Lesezeit":"8\u00a0Minuten"},"schema":{"@context":"https:\/\/schema.org","@graph":[{"@type":"Article","@id":"https:\/\/starke-meinungen.de\/blog\/2014\/09\/09\/russland-nicht-die-nato-ist-das-problem\/#article","isPartOf":{"@id":"https:\/\/starke-meinungen.de\/blog\/2014\/09\/09\/russland-nicht-die-nato-ist-das-problem\/"},"author":{"name":"Alan Posener","@id":"https:\/\/starke-meinungen.de\/blog\/#\/schema\/person\/32d0faef7c31a37c1c89be993d7a6d28"},"headline":"Russland, nicht die Nato, ist das Problem","datePublished":"2014-09-09T05:30:48+00:00","mainEntityOfPage":{"@id":"https:\/\/starke-meinungen.de\/blog\/2014\/09\/09\/russland-nicht-die-nato-ist-das-problem\/"},"wordCount":1554,"commentCount":66,"publisher":{"@id":"https:\/\/starke-meinungen.de\/blog\/#organization"},"keywords":["Atombombe","NATO","Putin","Russland"],"articleSection":["Alan Posener"],"inLanguage":"de","potentialAction":[{"@type":"CommentAction","name":"Comment","target":["https:\/\/starke-meinungen.de\/blog\/2014\/09\/09\/russland-nicht-die-nato-ist-das-problem\/#respond"]}]},{"@type":"WebPage","@id":"https:\/\/starke-meinungen.de\/blog\/2014\/09\/09\/russland-nicht-die-nato-ist-das-problem\/","url":"https:\/\/starke-meinungen.de\/blog\/2014\/09\/09\/russland-nicht-die-nato-ist-das-problem\/","name":"Russland, nicht die Nato, ist das Problem - starke-meinungen.de","isPartOf":{"@id":"https:\/\/starke-meinungen.de\/blog\/#website"},"datePublished":"2014-09-09T05:30:48+00:00","breadcrumb":{"@id":"https:\/\/starke-meinungen.de\/blog\/2014\/09\/09\/russland-nicht-die-nato-ist-das-problem\/#breadcrumb"},"inLanguage":"de","potentialAction":[{"@type":"ReadAction","target":["https:\/\/starke-meinungen.de\/blog\/2014\/09\/09\/russland-nicht-die-nato-ist-das-problem\/"]}]},{"@type":"BreadcrumbList","@id":"https:\/\/starke-meinungen.de\/blog\/2014\/09\/09\/russland-nicht-die-nato-ist-das-problem\/#breadcrumb","itemListElement":[{"@type":"ListItem","position":1,"name":"Startseite","item":"https:\/\/starke-meinungen.de\/blog\/"},{"@type":"ListItem","position":2,"name":"Russland, nicht die Nato, ist das Problem"}]},{"@type":"WebSite","@id":"https:\/\/starke-meinungen.de\/blog\/#website","url":"https:\/\/starke-meinungen.de\/blog\/","name":"starke-meinungen.de","description":"Autoren-Blog","publisher":{"@id":"https:\/\/starke-meinungen.de\/blog\/#organization"},"potentialAction":[{"@type":"SearchAction","target":{"@type":"EntryPoint","urlTemplate":"https:\/\/starke-meinungen.de\/blog\/?s={search_term_string}"},"query-input":{"@type":"PropertyValueSpecification","valueRequired":true,"valueName":"search_term_string"}}],"inLanguage":"de"},{"@type":"Organization","@id":"https:\/\/starke-meinungen.de\/blog\/#organization","name":"starke-meinungen.de","url":"https:\/\/starke-meinungen.de\/blog\/","logo":{"@type":"ImageObject","inLanguage":"de","@id":"https:\/\/starke-meinungen.de\/blog\/#\/schema\/logo\/image\/","url":"https:\/\/starke-meinungen.de\/blog\/wp-content\/uploads\/starke-meinungen-fb-header.jpg","contentUrl":"https:\/\/starke-meinungen.de\/blog\/wp-content\/uploads\/starke-meinungen-fb-header.jpg","width":1200,"height":630,"caption":"starke-meinungen.de"},"image":{"@id":"https:\/\/starke-meinungen.de\/blog\/#\/schema\/logo\/image\/"},"sameAs":["https:\/\/www.facebook.com\/starkemeinungen\/","https:\/\/x.com\/starkemeinungen"]},{"@type":"Person","@id":"https:\/\/starke-meinungen.de\/blog\/#\/schema\/person\/32d0faef7c31a37c1c89be993d7a6d28","name":"Alan Posener","image":{"@type":"ImageObject","inLanguage":"de","@id":"https:\/\/secure.gravatar.com\/avatar\/c75c8818a9ab78c4faa75048dba7844e2587998cda4d93f84e7d86f7e21a9b90?s=96&d=mm&r=g","url":"https:\/\/secure.gravatar.com\/avatar\/c75c8818a9ab78c4faa75048dba7844e2587998cda4d93f84e7d86f7e21a9b90?s=96&d=mm&r=g","contentUrl":"https:\/\/secure.gravatar.com\/avatar\/c75c8818a9ab78c4faa75048dba7844e2587998cda4d93f84e7d86f7e21a9b90?s=96&d=mm&r=g","caption":"Alan Posener"},"url":"https:\/\/starke-meinungen.de\/blog\/author\/posener\/"}]}},"_links":{"self":[{"href":"https:\/\/starke-meinungen.de\/blog\/wp-json\/wp\/v2\/posts\/4492","targetHints":{"allow":["GET"]}}],"collection":[{"href":"https:\/\/starke-meinungen.de\/blog\/wp-json\/wp\/v2\/posts"}],"about":[{"href":"https:\/\/starke-meinungen.de\/blog\/wp-json\/wp\/v2\/types\/post"}],"author":[{"embeddable":true,"href":"https:\/\/starke-meinungen.de\/blog\/wp-json\/wp\/v2\/users\/13"}],"replies":[{"embeddable":true,"href":"https:\/\/starke-meinungen.de\/blog\/wp-json\/wp\/v2\/comments?post=4492"}],"version-history":[{"count":1,"href":"https:\/\/starke-meinungen.de\/blog\/wp-json\/wp\/v2\/posts\/4492\/revisions"}],"predecessor-version":[{"id":4493,"href":"https:\/\/starke-meinungen.de\/blog\/wp-json\/wp\/v2\/posts\/4492\/revisions\/4493"}],"wp:attachment":[{"href":"https:\/\/starke-meinungen.de\/blog\/wp-json\/wp\/v2\/media?parent=4492"}],"wp:term":[{"taxonomy":"category","embeddable":true,"href":"https:\/\/starke-meinungen.de\/blog\/wp-json\/wp\/v2\/categories?post=4492"},{"taxonomy":"post_tag","embeddable":true,"href":"https:\/\/starke-meinungen.de\/blog\/wp-json\/wp\/v2\/tags?post=4492"}],"curies":[{"name":"wp","href":"https:\/\/api.w.org\/{rel}","templated":true}]}}