

{"id":4420,"date":"2014-07-08T06:11:53","date_gmt":"2014-07-08T05:11:53","guid":{"rendered":"https:\/\/starke-meinungen.de\/blog\/?p=4420"},"modified":"2014-07-08T06:11:53","modified_gmt":"2014-07-08T05:11:53","slug":"mit-der-burka-ins-internet","status":"publish","type":"post","link":"https:\/\/starke-meinungen.de\/blog\/2014\/07\/08\/mit-der-burka-ins-internet\/","title":{"rendered":"Mit der Burka ins Internet"},"content":{"rendered":"<p>&nbsp;<\/p>\n<p>Mir geht \u00a0Peter Sloterdijks Abgesang auf den Humanismus nicht aus dem Kopf:<\/p>\n<p><a title=\"http:\/\/www.zeit.de\/1999\/38\/199938.sloterdijk3_.xml\" href=\"http:\/\/www.zeit.de\/1999\/38\/199938.sloterdijk3_.xml\">http:\/\/www.zeit.de\/1999\/38\/199938.sloterdijk3_.xml<\/a><\/p>\n<p>Einerseits erscheint er mir aus der Distanz von f\u00fcnfzehn Jahren aktueller als Bill Joys Apokalypse aus wildgewordenen Robotern, Genen und Mikroorganismen; denn f\u00fcr Sloterdijk ist die zentrale Frage jene des Mediums oder der Medien. Er verweist ausdr\u00fccklich, wenn auch ein wenig pomp\u00f6s archaisierend, auf \u201edie aktuellen Vernetzungsrevolutionen\u201c; das, was uns heute in Gestalt von Google und Facebook, Amazon und der NSA besch\u00e4ftigt, und was Bill Joy \u2013 vielleicht, weil er f\u00fcr Sun Microsystems arbeitete und darum betriebsblind war\u00a0 \u2013 gar nicht auf dem Schirm hatte.<\/p>\n<p><!--more--><\/p>\n<p>Hier noch einmal Sloterdijks Hauptargument: \u201eWenn diese Epoche (der \u201elesefreudigen Nationalhumanismen\u201c, A.P.) heute unwiderruflich abgelaufen scheint, so nicht, weil die Menschen aus einer dekadenten Laune ihr nationales literarisches Pensum nicht mehr zu erf\u00fcllen bereit w\u00e4ren; die Epoche des nationalb\u00fcrgerlichen Humanismus ist an ein Ende gelangt, weil die Kunst, Liebe inspirierende Briefe an eine Nation von Freunden zu schreiben, auch wenn sie noch so professionell ge\u00fcbt w\u00fcrde, nicht mehr ausreichen k\u00f6nnte, das telekommunikative Band zwischen den Bewohnern einer modernen Massengesellschaft zu kn\u00fcpfen. Durch die mediale Etablierung der Massenkultur in der Ersten Welt 1918 (Rundfunk) und nach 1945 (Fernsehen) und mehr noch durch die aktuellen Vernetzungsrevolutionen ist die Koexistenz der Menschen in den aktuellen Gesellschaften auf neue Grundlagen gestellt worden. Diese sind, wie sich ohne Aufwand zeigen l\u00e4sst, entschieden post-literarisch, post-epistolographisch und folglich post-humanistisch.\u201c<\/p>\n<p>Und: \u201eDie \u00c4ra des neuzeitlichen Humanismus als Schul- und Bildungsmodell ist abgelaufen, weil die Illusion nicht l\u00e4nger sich halten l\u00e4sst, politische und \u00f6konomische Gro\u00dfstrukturen k\u00f6nnten nach dem amiablen Modell der literarischen Gesellschaft organisiert werden.\u201c<\/p>\n<p>Und wir erinnern uns: \u201eHumanismus als Wort und Sache hat immer ein Wogegen, denn er ist das Engagement f\u00fcr die Zur\u00fcckholung des Menschen aus der Barbarei.\u201c<\/p>\n<p>Nun w\u00fcrde ich sofort gegen Sloterdijk einwenden, dass der Humanismus als \u201eamiable literarische Gesellschaft\u201c, als eine Gemeinschaft der Brieffreunde, die sich dem Werk der Selbst- und Menschenz\u00fcchtung \u2013 durch intellektuelle Zucht, nicht durch genetische Manipulation \u2013 verpflichtet wei\u00df, immer schon Sache einer hauchd\u00fcnnen Minderheit war. Erasmus von Rotterdam, der Hausheilige aller Humanisten, konnte f\u00fcr kurze Zeit die europ\u00e4ische Elite seiner Zeit f\u00fcr die Idee einer gesamteurop\u00e4ischen Reform der Kirche und der Sitten, der Bildung und des Geschmacks gewinnen. Aber gegen den Nationalbarbaren Martin Luther und die Flugbl\u00e4tter der Radikalen hatte er keine Chance. Europa versank in Fanatismus und Hass, Religionskriege zerrissen den Kontinent, und erst 1648, nachdem ein Drittel der Bev\u00f6lkerung des Kontinents dem Morden zum Opfer gefallen war \u2013 prozentual verschlang der Drei\u00dfigj\u00e4hrige Krieg mehr Europ\u00e4er, als es der Erste Weltkrieg tat \u2013 kamen die Berserker halbwegs zu sich.<\/p>\n<p>Will sagen: Die alten Feinde des Humanismus sind religi\u00f6ser Fanatismus und nationaler Hass: und sie waren immer schon st\u00e4rker als die Erasmus-Haltung des Ausgleichs, des Kosmopolitismus und des abgekl\u00e4rten Skeptizismus.<\/p>\n<p>Will sagen: Nicht nur \u201epolitische und \u00f6konomische Gro\u00dfstrukturen\u201c \u2013 wie etwa die Europ\u00e4ische Union \u2013 k\u00f6nnen nicht \u201enach dem amiablen Modell der literarischen Gesellschaft organisiert werden\u201c; schon f\u00fcr die verh\u00e4ltnism\u00e4\u00dfig \u00fcbersichtlichen Strukturen der Entstehungszeit des modernen Humanismus \u2013 also im 16. Jahrhundert \u2013 waren der wenig amiable Martin Luther und der ganz und gar nicht amiable Nicolo Macchiavelli die Stichwortgeber, nicht Erasmus und die Humanisten.<\/p>\n<p>Hat sich wirklich mit den neuen Medien \u2013 Sloterdijk nennt das Radio, das Fernsehen und die \u201eneuen Vernetzungsrevolutionen\u201c \u2013 der Humanismus erledigt? Ich denke: Nein. Im Gegenteil. Ja, das Radio gebiert einen Adolf Hitler; aber eben auch einen Franklin D. Roosevelt mit seinen \u201eGespr\u00e4chen am Kaminfeuer\u201c. Das Fernsehen gebiert Big Brother, aber auch hochintelligente Serien wie \u201eThe Sopranos\u201c. Die Diskussion vertiefe ich nicht, weil sie nun wirklich in den letzten 50 Jahren so oft gef\u00fchrt worden ist, dass es schlicht und einfach kein Argument gibt, das man nicht schon hundertmal geh\u00f6rt hat.<\/p>\n<p>Und das Internet? Zweifellos gibt es die Paradoxie, dass dieses interaktive Medium, das die M\u00f6glichkeit bietet, sozusagen die ganze Welt als \u201eamiable Briefgesellschaft\u201c zu organisieren, gleichzeitig zum Medium der Vereinsamung und Radikalisierung wird. Wer dem \u201eMainstream\u201c misstraut, findet in Netz leicht Nachrichten und Meinungen und\u00a0 die zugeh\u00f6rige Gemeinde der Claqueure, die seine eigene Haltung best\u00e4rken: \u201ePolitisch inkorrekt\u201c, die \u201eAchse des Guten\u201c und wie sie alle hei\u00dfen. Von den Netzwerken der Dschihadisten und Salafisten, \u00a0der Hardcore-Klerikalfaschisten und Neonazis ganz zu schweigen. Globalisierung und Atomisierung sind eben nicht Gegens\u00e4tze, sondern erg\u00e4nzen einander; das Netz wird zum Netz der Netze und die Netzpolizei zur Spinne.<\/p>\n<p>Und doch gibt es im Netz auch jene \u201eamiablen Briefgesellschaften\u201c der Humanisten: vor allem auf dem Gebiet der Naturwissenschaften und anderer wissenschaftlicher Disziplinen. Und mir will scheinen, auch ein Blog wie dieses hier hat etwas von einem humanistischen Zirkel, auch wenn es hin und wieder weniger amiabel zugeht.<\/p>\n<p>Freilich werden manche Briefe anonym zugestellt. Man begegnet einander dann nicht mit offenem Gesicht. Dieser Tage hat der Europ\u00e4ische Gerichtshof f\u00fcr Menschenrechte geurteilt, das franz\u00f6sische Gesetz gegen die Burka sei rechtm\u00e4\u00dfig, und zwar weil \u201eeinzelne B\u00fcrger es ablehnen k\u00f6nnten, im \u00f6ffentlichen Raum Praktiken oder Haltungen zu sehen, welche die M\u00f6glichkeit offener zwischenmenschlicher Beziehungen infrage stellen, die aufgrund eines bestehenden Konsens einen unverzichtbaren Bestandteil des Gemeinschaftslebens innerhalb dieser betreffenden Gesellschaft darstellen.&#8220;<\/p>\n<p>Es ist schon merkw\u00fcrdig, dass dieses Urteil ganz besonderen Beifall bei jenen findet, die im Netz immer in der Burka unterwegs sind: Anonym mit Pseudonym.<\/p>\n<p>Nun bin ich pers\u00f6nlich kein Anh\u00e4nger des Burka-Verbots, schon gar nicht mit <span style=\"text-decoration: underline\">der<\/span> Begr\u00fcndung; aber ich bin schon der Meinung, dass die Anonymit\u00e4t im Netz die \u201eM\u00f6glichkeit offener zwischenmenschlicher Beziehungen\u201c \u2013 und damit die Vorbedingung eines wahren Humanismus \u2013 infrage stellt. (Wohlgemerkt: In Diktaturen gelten andere Regeln; Diktatoren haben nicht das Recht, von ihren Untertanen ein offenes Gesicht zu zeigen.)<\/p>\n<p>Weder will ich ein allgemeines Verbot von Pseudonymen, noch habe ich vor, hier ein solches Verbot zu praktizieren. Aber mir scheint, man kann weder \u00fcber die Burka noch \u00fcber den Humanismus ernsthaft reden, wenn man nicht mit offenem Visier auftritt.<\/p>\n<div class=\"shariff shariff-align-left shariff-widget-align-left shariff-buttonstretch\" style=\"display:none\"><ul class=\"shariff-buttons theme-white orientation-horizontal buttonsize-medium\"><li class=\"shariff-button facebook shariff-nocustomcolor\" style=\"background-color:#4273c8\"><a href=\"https:\/\/www.facebook.com\/sharer\/sharer.php?u=https%3A%2F%2Fstarke-meinungen.de%2Fblog%2F2014%2F07%2F08%2Fmit-der-burka-ins-internet%2F\" title=\"Bei Facebook teilen\" aria-label=\"Bei Facebook teilen\" role=\"button\" rel=\"nofollow\" class=\"shariff-link\" style=\"; background-color:#3b5998; color:#3b5998\" target=\"_blank\"><span class=\"shariff-icon\" style=\"fill:#3b5998\"><svg width=\"32px\" height=\"20px\" xmlns=\"http:\/\/www.w3.org\/2000\/svg\" viewBox=\"0 0 18 32\"><path fill=\"#3b5998\" d=\"M17.1 0.2v4.7h-2.8q-1.5 0-2.1 0.6t-0.5 1.9v3.4h5.2l-0.7 5.3h-4.5v13.6h-5.5v-13.6h-4.5v-5.3h4.5v-3.9q0-3.3 1.9-5.2t5-1.8q2.6 0 4.1 0.2z\"\/><\/svg><\/span><span class=\"shariff-text\" style=\"color:#3b5998\">teilen<\/span>&nbsp;<\/a><\/li><li class=\"shariff-button twitter shariff-nocustomcolor\" style=\"background-color:#595959\"><a href=\"https:\/\/twitter.com\/share?url=https%3A%2F%2Fstarke-meinungen.de%2Fblog%2F2014%2F07%2F08%2Fmit-der-burka-ins-internet%2F&text=Mit%20der%20Burka%20ins%20Internet&via=starkemeinungen\" title=\"Bei X teilen\" aria-label=\"Bei X teilen\" role=\"button\" rel=\"noopener nofollow\" class=\"shariff-link\" style=\"; background-color:#000; color:#000\" target=\"_blank\"><span class=\"shariff-icon\" style=\"fill:#000\"><svg width=\"32px\" height=\"20px\" xmlns=\"http:\/\/www.w3.org\/2000\/svg\" viewBox=\"0 0 24 24\"><path fill=\"#000\" d=\"M14.258 10.152L23.176 0h-2.113l-7.747 8.813L7.133 0H0l9.352 13.328L0 23.973h2.113l8.176-9.309 6.531 9.309h7.133zm-2.895 3.293l-.949-1.328L2.875 1.56h3.246l6.086 8.523.945 1.328 7.91 11.078h-3.246zm0 0\"\/><\/svg><\/span><span class=\"shariff-text\" style=\"color:#000\">teilen<\/span>&nbsp;<\/a><\/li><li class=\"shariff-button linkedin shariff-nocustomcolor\" style=\"background-color:#1488bf\"><a href=\"https:\/\/www.linkedin.com\/sharing\/share-offsite\/?url=https%3A%2F%2Fstarke-meinungen.de%2Fblog%2F2014%2F07%2F08%2Fmit-der-burka-ins-internet%2F\" title=\"Bei LinkedIn teilen\" aria-label=\"Bei LinkedIn teilen\" role=\"button\" rel=\"noopener nofollow\" class=\"shariff-link\" style=\"; background-color:#0077b5; color:#0077b5\" target=\"_blank\"><span class=\"shariff-icon\" style=\"fill:#0077b5\"><svg width=\"32px\" height=\"20px\" xmlns=\"http:\/\/www.w3.org\/2000\/svg\" viewBox=\"0 0 27 32\"><path fill=\"#0077b5\" d=\"M6.2 11.2v17.7h-5.9v-17.7h5.9zM6.6 5.7q0 1.3-0.9 2.2t-2.4 0.9h0q-1.5 0-2.4-0.9t-0.9-2.2 0.9-2.2 2.4-0.9 2.4 0.9 0.9 2.2zM27.4 18.7v10.1h-5.9v-9.5q0-1.9-0.7-2.9t-2.3-1.1q-1.1 0-1.9 0.6t-1.2 1.5q-0.2 0.5-0.2 1.4v9.9h-5.9q0-7.1 0-11.6t0-5.3l0-0.9h5.9v2.6h0q0.4-0.6 0.7-1t1-0.9 1.6-0.8 2-0.3q3 0 4.9 2t1.9 6z\"\/><\/svg><\/span><span class=\"shariff-text\" style=\"color:#0077b5\">teilen<\/span>&nbsp;<\/a><\/li><li class=\"shariff-button xing shariff-nocustomcolor\" style=\"background-color:#29888a\"><a href=\"https:\/\/www.xing.com\/spi\/shares\/new?url=https%3A%2F%2Fstarke-meinungen.de%2Fblog%2F2014%2F07%2F08%2Fmit-der-burka-ins-internet%2F\" title=\"Bei XING teilen\" aria-label=\"Bei XING teilen\" role=\"button\" rel=\"noopener nofollow\" class=\"shariff-link\" style=\"; background-color:#126567; color:#126567\" target=\"_blank\"><span class=\"shariff-icon\" style=\"fill:#126567\"><svg width=\"32px\" height=\"20px\" xmlns=\"http:\/\/www.w3.org\/2000\/svg\" viewBox=\"0 0 25 32\"><path fill=\"#126567\" d=\"M10.7 11.9q-0.2 0.3-4.6 8.2-0.5 0.8-1.2 0.8h-4.3q-0.4 0-0.5-0.3t0-0.6l4.5-8q0 0 0 0l-2.9-5q-0.2-0.4 0-0.7 0.2-0.3 0.5-0.3h4.3q0.7 0 1.2 0.8zM25.1 0.4q0.2 0.3 0 0.7l-9.4 16.7 6 11q0.2 0.4 0 0.6-0.2 0.3-0.6 0.3h-4.3q-0.7 0-1.2-0.8l-6-11.1q0.3-0.6 9.5-16.8 0.4-0.8 1.2-0.8h4.3q0.4 0 0.5 0.3z\"\/><\/svg><\/span><span class=\"shariff-text\" style=\"color:#126567\">teilen<\/span>&nbsp;<\/a><\/li><li class=\"shariff-button whatsapp shariff-nocustomcolor\" style=\"background-color:#5cbe4a\"><a href=\"https:\/\/api.whatsapp.com\/send?text=https%3A%2F%2Fstarke-meinungen.de%2Fblog%2F2014%2F07%2F08%2Fmit-der-burka-ins-internet%2F%20Mit%20der%20Burka%20ins%20Internet\" title=\"Bei Whatsapp teilen\" aria-label=\"Bei Whatsapp teilen\" role=\"button\" rel=\"noopener nofollow\" class=\"shariff-link\" style=\"; background-color:#34af23; color:#34af23\" target=\"_blank\"><span class=\"shariff-icon\" style=\"fill:#34af23\"><svg width=\"32px\" height=\"20px\" xmlns=\"http:\/\/www.w3.org\/2000\/svg\" viewBox=\"0 0 32 32\"><path fill=\"#34af23\" d=\"M17.6 17.4q0.2 0 1.7 0.8t1.6 0.9q0 0.1 0 0.3 0 0.6-0.3 1.4-0.3 0.7-1.3 1.2t-1.8 0.5q-1 0-3.4-1.1-1.7-0.8-3-2.1t-2.6-3.3q-1.3-1.9-1.3-3.5v-0.1q0.1-1.6 1.3-2.8 0.4-0.4 0.9-0.4 0.1 0 0.3 0t0.3 0q0.3 0 0.5 0.1t0.3 0.5q0.1 0.4 0.6 1.6t0.4 1.3q0 0.4-0.6 1t-0.6 0.8q0 0.1 0.1 0.3 0.6 1.3 1.8 2.4 1 0.9 2.7 1.8 0.2 0.1 0.4 0.1 0.3 0 1-0.9t0.9-0.9zM14 26.9q2.3 0 4.3-0.9t3.6-2.4 2.4-3.6 0.9-4.3-0.9-4.3-2.4-3.6-3.6-2.4-4.3-0.9-4.3 0.9-3.6 2.4-2.4 3.6-0.9 4.3q0 3.6 2.1 6.6l-1.4 4.2 4.3-1.4q2.8 1.9 6.2 1.9zM14 2.2q2.7 0 5.2 1.1t4.3 2.9 2.9 4.3 1.1 5.2-1.1 5.2-2.9 4.3-4.3 2.9-5.2 1.1q-3.5 0-6.5-1.7l-7.4 2.4 2.4-7.2q-1.9-3.2-1.9-6.9 0-2.7 1.1-5.2t2.9-4.3 4.3-2.9 5.2-1.1z\"\/><\/svg><\/span><span class=\"shariff-text\" style=\"color:#34af23\">teilen<\/span>&nbsp;<\/a><\/li><li class=\"shariff-button info shariff-nocustomcolor\" style=\"background-color:#a8a8a8\"><a href=\"http:\/\/ct.de\/-2467514\" title=\"Weitere Informationen\" aria-label=\"Weitere Informationen\" role=\"button\" rel=\"noopener \" class=\"shariff-link\" style=\"; background-color:#999; color:#999\" target=\"_blank\"><span class=\"shariff-icon\" style=\"fill:#999\"><svg width=\"32px\" height=\"20px\" xmlns=\"http:\/\/www.w3.org\/2000\/svg\" viewBox=\"0 0 11 32\"><path fill=\"#999\" d=\"M11.4 24v2.3q0 0.5-0.3 0.8t-0.8 0.4h-9.1q-0.5 0-0.8-0.4t-0.4-0.8v-2.3q0-0.5 0.4-0.8t0.8-0.4h1.1v-6.8h-1.1q-0.5 0-0.8-0.4t-0.4-0.8v-2.3q0-0.5 0.4-0.8t0.8-0.4h6.8q0.5 0 0.8 0.4t0.4 0.8v10.3h1.1q0.5 0 0.8 0.4t0.3 0.8zM9.2 3.4v3.4q0 0.5-0.4 0.8t-0.8 0.4h-4.6q-0.4 0-0.8-0.4t-0.4-0.8v-3.4q0-0.4 0.4-0.8t0.8-0.4h4.6q0.5 0 0.8 0.4t0.4 0.8z\"\/><\/svg><\/span><\/a><\/li><\/ul><\/div>","protected":false},"excerpt":{"rendered":"<p>&nbsp; Mir geht \u00a0Peter Sloterdijks Abgesang auf den Humanismus nicht aus dem Kopf: http:\/\/www.zeit.de\/1999\/38\/199938.sloterdijk3_.xml Einerseits erscheint er mir aus der Distanz von f\u00fcnfzehn Jahren aktueller als Bill Joys Apokalypse aus wildgewordenen Robotern, Genen und Mikroorganismen; denn f\u00fcr Sloterdijk ist die zentrale Frage jene des Mediums oder der Medien. Er verweist ausdr\u00fccklich, wenn auch ein wenig pomp\u00f6s archaisierend, auf \u201edie aktuellen&#8230; <a href=\"https:\/\/starke-meinungen.de\/blog\/2014\/07\/08\/mit-der-burka-ins-internet\/\">Weiterlesen &raquo;<\/a><\/p>\n","protected":false},"author":13,"featured_media":0,"comment_status":"open","ping_status":"open","sticky":false,"template":"","format":"standard","meta":{"footnotes":""},"categories":[209],"tags":[1499,2326,2101,315,2322],"class_list":["post-4420","post","type-post","status-publish","format-standard","hentry","category-alan-posener","tag-anonymitat","tag-bil-joy","tag-humanismus","tag-internet","tag-peter-sloterdijk"],"yoast_head":"<!-- This site is optimized with the Yoast SEO plugin v27.5 - https:\/\/yoast.com\/product\/yoast-seo-wordpress\/ -->\n<title>Mit der Burka ins Internet - starke-meinungen.de<\/title>\n<meta name=\"robots\" content=\"index, follow, max-snippet:-1, max-image-preview:large, max-video-preview:-1\" \/>\n<link rel=\"canonical\" href=\"https:\/\/starke-meinungen.de\/blog\/2014\/07\/08\/mit-der-burka-ins-internet\/\" \/>\n<meta property=\"og:locale\" content=\"de_DE\" \/>\n<meta property=\"og:type\" content=\"article\" \/>\n<meta property=\"og:title\" content=\"Mit der Burka ins Internet - starke-meinungen.de\" \/>\n<meta property=\"og:description\" content=\"&nbsp; Mir geht \u00a0Peter Sloterdijks Abgesang auf den Humanismus nicht aus dem Kopf: http:\/\/www.zeit.de\/1999\/38\/199938.sloterdijk3_.xml Einerseits erscheint er mir aus der Distanz von f\u00fcnfzehn Jahren aktueller als Bill Joys Apokalypse aus wildgewordenen Robotern, Genen und Mikroorganismen; denn f\u00fcr Sloterdijk ist die zentrale Frage jene des Mediums oder der Medien. Er verweist ausdr\u00fccklich, wenn auch ein wenig pomp\u00f6s archaisierend, auf \u201edie aktuellen... Weiterlesen &raquo;\" \/>\n<meta property=\"og:url\" content=\"https:\/\/starke-meinungen.de\/blog\/2014\/07\/08\/mit-der-burka-ins-internet\/\" \/>\n<meta property=\"og:site_name\" content=\"starke-meinungen.de\" \/>\n<meta property=\"article:publisher\" content=\"https:\/\/www.facebook.com\/starkemeinungen\/\" \/>\n<meta property=\"article:published_time\" content=\"2014-07-08T05:11:53+00:00\" \/>\n<meta property=\"og:image\" content=\"https:\/\/starke-meinungen.de\/blog\/wp-content\/uploads\/starke-meinungen-fb-header.jpg\" \/>\n\t<meta property=\"og:image:width\" content=\"1200\" \/>\n\t<meta property=\"og:image:height\" content=\"630\" \/>\n\t<meta property=\"og:image:type\" content=\"image\/jpeg\" \/>\n<meta name=\"author\" content=\"Alan Posener\" \/>\n<meta name=\"twitter:card\" content=\"summary_large_image\" \/>\n<meta name=\"twitter:creator\" content=\"@starkemeinungen\" \/>\n<meta name=\"twitter:site\" content=\"@starkemeinungen\" \/>\n<meta name=\"twitter:label1\" content=\"Verfasst von\" \/>\n\t<meta name=\"twitter:data1\" content=\"Alan Posener\" \/>\n\t<meta name=\"twitter:label2\" content=\"Gesch\u00e4tzte Lesezeit\" \/>\n\t<meta name=\"twitter:data2\" content=\"5\u00a0Minuten\" \/>\n<script type=\"application\/ld+json\" class=\"yoast-schema-graph\">{\"@context\":\"https:\\\/\\\/schema.org\",\"@graph\":[{\"@type\":\"Article\",\"@id\":\"https:\\\/\\\/starke-meinungen.de\\\/blog\\\/2014\\\/07\\\/08\\\/mit-der-burka-ins-internet\\\/#article\",\"isPartOf\":{\"@id\":\"https:\\\/\\\/starke-meinungen.de\\\/blog\\\/2014\\\/07\\\/08\\\/mit-der-burka-ins-internet\\\/\"},\"author\":{\"name\":\"Alan Posener\",\"@id\":\"https:\\\/\\\/starke-meinungen.de\\\/blog\\\/#\\\/schema\\\/person\\\/32d0faef7c31a37c1c89be993d7a6d28\"},\"headline\":\"Mit der Burka ins Internet\",\"datePublished\":\"2014-07-08T05:11:53+00:00\",\"mainEntityOfPage\":{\"@id\":\"https:\\\/\\\/starke-meinungen.de\\\/blog\\\/2014\\\/07\\\/08\\\/mit-der-burka-ins-internet\\\/\"},\"wordCount\":1018,\"commentCount\":114,\"publisher\":{\"@id\":\"https:\\\/\\\/starke-meinungen.de\\\/blog\\\/#organization\"},\"keywords\":[\"Anonymit\u00e4t\",\"Bil Joy\",\"Humanismus\",\"Internet\",\"Peter Sloterdijk\"],\"articleSection\":[\"Alan Posener\"],\"inLanguage\":\"de\",\"potentialAction\":[{\"@type\":\"CommentAction\",\"name\":\"Comment\",\"target\":[\"https:\\\/\\\/starke-meinungen.de\\\/blog\\\/2014\\\/07\\\/08\\\/mit-der-burka-ins-internet\\\/#respond\"]}]},{\"@type\":\"WebPage\",\"@id\":\"https:\\\/\\\/starke-meinungen.de\\\/blog\\\/2014\\\/07\\\/08\\\/mit-der-burka-ins-internet\\\/\",\"url\":\"https:\\\/\\\/starke-meinungen.de\\\/blog\\\/2014\\\/07\\\/08\\\/mit-der-burka-ins-internet\\\/\",\"name\":\"Mit der Burka ins Internet - starke-meinungen.de\",\"isPartOf\":{\"@id\":\"https:\\\/\\\/starke-meinungen.de\\\/blog\\\/#website\"},\"datePublished\":\"2014-07-08T05:11:53+00:00\",\"breadcrumb\":{\"@id\":\"https:\\\/\\\/starke-meinungen.de\\\/blog\\\/2014\\\/07\\\/08\\\/mit-der-burka-ins-internet\\\/#breadcrumb\"},\"inLanguage\":\"de\",\"potentialAction\":[{\"@type\":\"ReadAction\",\"target\":[\"https:\\\/\\\/starke-meinungen.de\\\/blog\\\/2014\\\/07\\\/08\\\/mit-der-burka-ins-internet\\\/\"]}]},{\"@type\":\"BreadcrumbList\",\"@id\":\"https:\\\/\\\/starke-meinungen.de\\\/blog\\\/2014\\\/07\\\/08\\\/mit-der-burka-ins-internet\\\/#breadcrumb\",\"itemListElement\":[{\"@type\":\"ListItem\",\"position\":1,\"name\":\"Startseite\",\"item\":\"https:\\\/\\\/starke-meinungen.de\\\/blog\\\/\"},{\"@type\":\"ListItem\",\"position\":2,\"name\":\"Mit der Burka ins Internet\"}]},{\"@type\":\"WebSite\",\"@id\":\"https:\\\/\\\/starke-meinungen.de\\\/blog\\\/#website\",\"url\":\"https:\\\/\\\/starke-meinungen.de\\\/blog\\\/\",\"name\":\"starke-meinungen.de\",\"description\":\"Autoren-Blog\",\"publisher\":{\"@id\":\"https:\\\/\\\/starke-meinungen.de\\\/blog\\\/#organization\"},\"potentialAction\":[{\"@type\":\"SearchAction\",\"target\":{\"@type\":\"EntryPoint\",\"urlTemplate\":\"https:\\\/\\\/starke-meinungen.de\\\/blog\\\/?s={search_term_string}\"},\"query-input\":{\"@type\":\"PropertyValueSpecification\",\"valueRequired\":true,\"valueName\":\"search_term_string\"}}],\"inLanguage\":\"de\"},{\"@type\":\"Organization\",\"@id\":\"https:\\\/\\\/starke-meinungen.de\\\/blog\\\/#organization\",\"name\":\"starke-meinungen.de\",\"url\":\"https:\\\/\\\/starke-meinungen.de\\\/blog\\\/\",\"logo\":{\"@type\":\"ImageObject\",\"inLanguage\":\"de\",\"@id\":\"https:\\\/\\\/starke-meinungen.de\\\/blog\\\/#\\\/schema\\\/logo\\\/image\\\/\",\"url\":\"https:\\\/\\\/starke-meinungen.de\\\/blog\\\/wp-content\\\/uploads\\\/starke-meinungen-fb-header.jpg\",\"contentUrl\":\"https:\\\/\\\/starke-meinungen.de\\\/blog\\\/wp-content\\\/uploads\\\/starke-meinungen-fb-header.jpg\",\"width\":1200,\"height\":630,\"caption\":\"starke-meinungen.de\"},\"image\":{\"@id\":\"https:\\\/\\\/starke-meinungen.de\\\/blog\\\/#\\\/schema\\\/logo\\\/image\\\/\"},\"sameAs\":[\"https:\\\/\\\/www.facebook.com\\\/starkemeinungen\\\/\",\"https:\\\/\\\/x.com\\\/starkemeinungen\"]},{\"@type\":\"Person\",\"@id\":\"https:\\\/\\\/starke-meinungen.de\\\/blog\\\/#\\\/schema\\\/person\\\/32d0faef7c31a37c1c89be993d7a6d28\",\"name\":\"Alan Posener\",\"image\":{\"@type\":\"ImageObject\",\"inLanguage\":\"de\",\"@id\":\"https:\\\/\\\/secure.gravatar.com\\\/avatar\\\/c75c8818a9ab78c4faa75048dba7844e2587998cda4d93f84e7d86f7e21a9b90?s=96&d=mm&r=g\",\"url\":\"https:\\\/\\\/secure.gravatar.com\\\/avatar\\\/c75c8818a9ab78c4faa75048dba7844e2587998cda4d93f84e7d86f7e21a9b90?s=96&d=mm&r=g\",\"contentUrl\":\"https:\\\/\\\/secure.gravatar.com\\\/avatar\\\/c75c8818a9ab78c4faa75048dba7844e2587998cda4d93f84e7d86f7e21a9b90?s=96&d=mm&r=g\",\"caption\":\"Alan Posener\"},\"url\":\"https:\\\/\\\/starke-meinungen.de\\\/blog\\\/author\\\/posener\\\/\"}]}<\/script>\n<!-- \/ Yoast SEO plugin. -->","yoast_head_json":{"title":"Mit der Burka ins Internet - starke-meinungen.de","robots":{"index":"index","follow":"follow","max-snippet":"max-snippet:-1","max-image-preview":"max-image-preview:large","max-video-preview":"max-video-preview:-1"},"canonical":"https:\/\/starke-meinungen.de\/blog\/2014\/07\/08\/mit-der-burka-ins-internet\/","og_locale":"de_DE","og_type":"article","og_title":"Mit der Burka ins Internet - starke-meinungen.de","og_description":"&nbsp; Mir geht \u00a0Peter Sloterdijks Abgesang auf den Humanismus nicht aus dem Kopf: http:\/\/www.zeit.de\/1999\/38\/199938.sloterdijk3_.xml Einerseits erscheint er mir aus der Distanz von f\u00fcnfzehn Jahren aktueller als Bill Joys Apokalypse aus wildgewordenen Robotern, Genen und Mikroorganismen; denn f\u00fcr Sloterdijk ist die zentrale Frage jene des Mediums oder der Medien. Er verweist ausdr\u00fccklich, wenn auch ein wenig pomp\u00f6s archaisierend, auf \u201edie aktuellen... Weiterlesen &raquo;","og_url":"https:\/\/starke-meinungen.de\/blog\/2014\/07\/08\/mit-der-burka-ins-internet\/","og_site_name":"starke-meinungen.de","article_publisher":"https:\/\/www.facebook.com\/starkemeinungen\/","article_published_time":"2014-07-08T05:11:53+00:00","og_image":[{"width":1200,"height":630,"url":"https:\/\/starke-meinungen.de\/blog\/wp-content\/uploads\/starke-meinungen-fb-header.jpg","type":"image\/jpeg"}],"author":"Alan Posener","twitter_card":"summary_large_image","twitter_creator":"@starkemeinungen","twitter_site":"@starkemeinungen","twitter_misc":{"Verfasst von":"Alan Posener","Gesch\u00e4tzte Lesezeit":"5\u00a0Minuten"},"schema":{"@context":"https:\/\/schema.org","@graph":[{"@type":"Article","@id":"https:\/\/starke-meinungen.de\/blog\/2014\/07\/08\/mit-der-burka-ins-internet\/#article","isPartOf":{"@id":"https:\/\/starke-meinungen.de\/blog\/2014\/07\/08\/mit-der-burka-ins-internet\/"},"author":{"name":"Alan Posener","@id":"https:\/\/starke-meinungen.de\/blog\/#\/schema\/person\/32d0faef7c31a37c1c89be993d7a6d28"},"headline":"Mit der Burka ins Internet","datePublished":"2014-07-08T05:11:53+00:00","mainEntityOfPage":{"@id":"https:\/\/starke-meinungen.de\/blog\/2014\/07\/08\/mit-der-burka-ins-internet\/"},"wordCount":1018,"commentCount":114,"publisher":{"@id":"https:\/\/starke-meinungen.de\/blog\/#organization"},"keywords":["Anonymit\u00e4t","Bil Joy","Humanismus","Internet","Peter Sloterdijk"],"articleSection":["Alan Posener"],"inLanguage":"de","potentialAction":[{"@type":"CommentAction","name":"Comment","target":["https:\/\/starke-meinungen.de\/blog\/2014\/07\/08\/mit-der-burka-ins-internet\/#respond"]}]},{"@type":"WebPage","@id":"https:\/\/starke-meinungen.de\/blog\/2014\/07\/08\/mit-der-burka-ins-internet\/","url":"https:\/\/starke-meinungen.de\/blog\/2014\/07\/08\/mit-der-burka-ins-internet\/","name":"Mit der Burka ins Internet - starke-meinungen.de","isPartOf":{"@id":"https:\/\/starke-meinungen.de\/blog\/#website"},"datePublished":"2014-07-08T05:11:53+00:00","breadcrumb":{"@id":"https:\/\/starke-meinungen.de\/blog\/2014\/07\/08\/mit-der-burka-ins-internet\/#breadcrumb"},"inLanguage":"de","potentialAction":[{"@type":"ReadAction","target":["https:\/\/starke-meinungen.de\/blog\/2014\/07\/08\/mit-der-burka-ins-internet\/"]}]},{"@type":"BreadcrumbList","@id":"https:\/\/starke-meinungen.de\/blog\/2014\/07\/08\/mit-der-burka-ins-internet\/#breadcrumb","itemListElement":[{"@type":"ListItem","position":1,"name":"Startseite","item":"https:\/\/starke-meinungen.de\/blog\/"},{"@type":"ListItem","position":2,"name":"Mit der Burka ins Internet"}]},{"@type":"WebSite","@id":"https:\/\/starke-meinungen.de\/blog\/#website","url":"https:\/\/starke-meinungen.de\/blog\/","name":"starke-meinungen.de","description":"Autoren-Blog","publisher":{"@id":"https:\/\/starke-meinungen.de\/blog\/#organization"},"potentialAction":[{"@type":"SearchAction","target":{"@type":"EntryPoint","urlTemplate":"https:\/\/starke-meinungen.de\/blog\/?s={search_term_string}"},"query-input":{"@type":"PropertyValueSpecification","valueRequired":true,"valueName":"search_term_string"}}],"inLanguage":"de"},{"@type":"Organization","@id":"https:\/\/starke-meinungen.de\/blog\/#organization","name":"starke-meinungen.de","url":"https:\/\/starke-meinungen.de\/blog\/","logo":{"@type":"ImageObject","inLanguage":"de","@id":"https:\/\/starke-meinungen.de\/blog\/#\/schema\/logo\/image\/","url":"https:\/\/starke-meinungen.de\/blog\/wp-content\/uploads\/starke-meinungen-fb-header.jpg","contentUrl":"https:\/\/starke-meinungen.de\/blog\/wp-content\/uploads\/starke-meinungen-fb-header.jpg","width":1200,"height":630,"caption":"starke-meinungen.de"},"image":{"@id":"https:\/\/starke-meinungen.de\/blog\/#\/schema\/logo\/image\/"},"sameAs":["https:\/\/www.facebook.com\/starkemeinungen\/","https:\/\/x.com\/starkemeinungen"]},{"@type":"Person","@id":"https:\/\/starke-meinungen.de\/blog\/#\/schema\/person\/32d0faef7c31a37c1c89be993d7a6d28","name":"Alan Posener","image":{"@type":"ImageObject","inLanguage":"de","@id":"https:\/\/secure.gravatar.com\/avatar\/c75c8818a9ab78c4faa75048dba7844e2587998cda4d93f84e7d86f7e21a9b90?s=96&d=mm&r=g","url":"https:\/\/secure.gravatar.com\/avatar\/c75c8818a9ab78c4faa75048dba7844e2587998cda4d93f84e7d86f7e21a9b90?s=96&d=mm&r=g","contentUrl":"https:\/\/secure.gravatar.com\/avatar\/c75c8818a9ab78c4faa75048dba7844e2587998cda4d93f84e7d86f7e21a9b90?s=96&d=mm&r=g","caption":"Alan Posener"},"url":"https:\/\/starke-meinungen.de\/blog\/author\/posener\/"}]}},"_links":{"self":[{"href":"https:\/\/starke-meinungen.de\/blog\/wp-json\/wp\/v2\/posts\/4420","targetHints":{"allow":["GET"]}}],"collection":[{"href":"https:\/\/starke-meinungen.de\/blog\/wp-json\/wp\/v2\/posts"}],"about":[{"href":"https:\/\/starke-meinungen.de\/blog\/wp-json\/wp\/v2\/types\/post"}],"author":[{"embeddable":true,"href":"https:\/\/starke-meinungen.de\/blog\/wp-json\/wp\/v2\/users\/13"}],"replies":[{"embeddable":true,"href":"https:\/\/starke-meinungen.de\/blog\/wp-json\/wp\/v2\/comments?post=4420"}],"version-history":[{"count":3,"href":"https:\/\/starke-meinungen.de\/blog\/wp-json\/wp\/v2\/posts\/4420\/revisions"}],"predecessor-version":[{"id":4423,"href":"https:\/\/starke-meinungen.de\/blog\/wp-json\/wp\/v2\/posts\/4420\/revisions\/4423"}],"wp:attachment":[{"href":"https:\/\/starke-meinungen.de\/blog\/wp-json\/wp\/v2\/media?parent=4420"}],"wp:term":[{"taxonomy":"category","embeddable":true,"href":"https:\/\/starke-meinungen.de\/blog\/wp-json\/wp\/v2\/categories?post=4420"},{"taxonomy":"post_tag","embeddable":true,"href":"https:\/\/starke-meinungen.de\/blog\/wp-json\/wp\/v2\/tags?post=4420"}],"curies":[{"name":"wp","href":"https:\/\/api.w.org\/{rel}","templated":true}]}}