

{"id":4412,"date":"2014-07-01T06:36:32","date_gmt":"2014-07-01T05:36:32","guid":{"rendered":"https:\/\/starke-meinungen.de\/blog\/?p=4412"},"modified":"2014-07-01T06:36:32","modified_gmt":"2014-07-01T05:36:32","slug":"schirrmacher-und-sloterdijk","status":"publish","type":"post","link":"https:\/\/starke-meinungen.de\/blog\/2014\/07\/01\/schirrmacher-und-sloterdijk\/","title":{"rendered":"Schirrmacher und Sloterdijk"},"content":{"rendered":"<p>Die heftige Diskussion um meinen Nicht-Nachruf auf Frank Schirrmacher &#8211;<\/p>\n<p><a href=\"https:\/\/starke-meinungen.de\/blog\/2014\/06\/17\/das-ende-von-etwas\/\">https:\/\/starke-meinungen.de\/blog\/2014\/06\/17\/das-ende-von-etwas\/<\/a><\/p>\n<p>&#8211; zeigt mir, dass es falsch w\u00e4re, es bei diesem einen Text zu belassen.<\/p>\n<p>Versuchen wir also, \u00fcber die Charakterisierung von Schirrmacher als Exponent einer \u201espielerischen Rechten\u201c hinaus zu kommen. Lassen wir \u00fcberhaupt die Frage der Einordnung auf einer ohnehin recht willk\u00fcrlichen Rechts-Links-Skala beiseite. Zielen wir auf das, was den Publizisten in den letzten f\u00fcnfzehn Jahren vor allem bewegt hat hat: die Frage des Verh\u00e4ltnisses von Mensch und Technik, von Dr. Frankenstein und seinem Monster. <!--more--><\/p>\n<p>Ich habe bewusst den zweihundert Jahre alten Roman von Mary Shelley zitiert, weil in ihm die Frage, was der Mensch mit der Wissenschaft tun d\u00fcrfe und was er lassen m\u00fcsse, bereits am Beginn des technischen Zeitalters formuliert wurde, n\u00e4mlich 1816. Dass also diese Frage das Feuilleton besch\u00e4ftigen m\u00fcsse, wie es Frank Schirrmacher mit der Ver\u00f6ffentlichung von Bill Joys Manifest \u201eWarum uns die Zukunft nicht braucht\u201c am 6. Juni 2000 in der FAZ forderte &#8211;<\/p>\n<p><a href=\"http:\/\/www.km21.org\/23rd-century\/billjoy_0600.htm\">http:\/\/www.km21.org\/23rd-century\/billjoy_0600.htm<\/a><\/p>\n<p>&#8211; war eher eine Selbstverst\u00e4ndlichkeit denn die Revolution, als die sie damals verk\u00fcndet wurde. Daher die Verst\u00f6rung mancher Feuilletonisten.<\/p>\n<p>Es war ja eben nicht so, dass sie diese Frage bislang ausgeblendet h\u00e4tten. Bill Joy schreibt in diesem Manifest ja auch selbst, dass es ein fiktionales Werk gewesen sei, das ihn f\u00fcr die moralischen Dimensionen im Verh\u00e4ltnis zu Naturwissenschaft und Technik sensibilisiert habe, n\u00e4mlich Gene Roddenberrys \u201eStar Trek\u201c-Serie.<\/p>\n<p>Die Verst\u00f6rung war aber auch deshalb stark, weil Schirrmacher sein revolution\u00e4res \u201eWissenschaftsfeuilleton\u201c zu einem Zeitpunkt ausrief, das das deutsche Feuilleton soeben eine jener typisch deutschen Debatten hinter sich hatte, bei der erst die allgemeine Ersch\u00f6pfung ein Ende der Schlammschlacht einleitet; dabei war es gerade um die Frage des Verh\u00e4ltnisses von Naturwissenschaft, Technik und Moral gegangen. Ich meine die so genannte \u201eMenschenpark\u201c- oder Sloterdijk-Debatte, die durch Peter Sloterdijks Elmauer Rede \u201eRegeln f\u00fcr den Menschenpark\u201c am 17. Juli 1999 \u2013 also ein Jahr vor Bill Joys Manifest \u2013 und ihren Abdruck in der \u201eZeit\u201c ausgel\u00f6st wurde. Hier ist der Text, wie er dort erschien:<\/p>\n<p><a href=\"http:\/\/www.zeit.de\/1999\/38\/199938.sloterdijk3_.xml\">http:\/\/www.zeit.de\/1999\/38\/199938.sloterdijk3_.xml<\/a><\/p>\n<p>Liest man aus dem Abstand von 15 Jahren Sloterdijks Essay, so erscheint er relativ harmlos. Dass er, wie ihm unterstellt wurde, der Menschenz\u00fcchtung in einer post-humanistischen Gesellschaft das Wort geredet habe, bei der ein Platon\u2019scher Philosophenk\u00f6nig oder ein selbsternanntes Expertengremium die Regeln daf\u00fcr aufstellen m\u00fcssten, erscheint angesichts der absichtlichen Dunkelheit des Textes wie eine \u00dcberinterpretation. Sloterdijk raunt gern tiefgr\u00fcndig, oder gr\u00fcndelt gern raunend, und man tut ihm bestimmt nicht Unrecht, wenn man auf sein Werk den Begriff des Spielerischen, ja Verspielten anwendet.<\/p>\n<p>Allenfalls k\u00f6nnte man Sloterdijk unterstellen, er habe allzu affirmativ die Position Martin Heideggers aus dem Jahre 1946 \u00fcbernommen, der im Bolschewismus, Faschismus und Amerikanismus verschiedene Spielarten des Humanismus zu sehen glaubte, n\u00e4mlich der Selbsterm\u00e4chtigung des Menschen und des Programms seiner Besserung durch Erziehung. Sloterdijk weist zu Recht auf den \u201ekryptokatholischen\u201c Subtext dieser Einsch\u00e4tzung; Benedikt XVI hat ihn ausbuchstabiert. Aber ein weiterer Subtext ist der Wunsch Heideggers, den von ihm gepredigten Antihumanismus und sich pers\u00f6nlich von der Verantwortung \u00a0f\u00fcr das rein zu waschen, was in Deutschland kurz zuvor geschehen war.<\/p>\n<p>Sloterdijk aber liegt daran, Heidegger f\u00fcr seine eigenen Zwecke in Bewegung zu setzen: \u201eEntscheidend ist jetzt nur, dass durch Heideggers Humanismuskritik hindurch ein Haltungswandel sich propagiert, der den Menschen auf eine \u00fcber alle humanistischen Erziehungsziele weit hinausweisende besinnliche Askese hinweist. Nur kraft dieser Askese w\u00fcrde eine Gesellschaft der Besinnlichen jenseits der humanistischen literarischen Soziet\u00e4t sich formieren k\u00f6nnen; es w\u00e4re dies eine Gesellschaft aus Menschen, die den Menschen aus der Mitte r\u00fcckten, weil sie begriffen h\u00e4tten, dass sie nur als \u201aNachbarn des Seins\u2019 existieren &#8211; und nicht als eigensinnige Hausbesitzer oder als m\u00f6blierte Herren in unk\u00fcndbarer Hauptmiete. Zu dieser Askese kann der Humanismus nichts beitragen, solange er am Leitbild des starken Menschen orientiert bleibt.\u201c<\/p>\n<p>Das ist, in Heiderggersche Begrifflichkeit gekleidet, das Programm der urspr\u00fcnglichen Gr\u00fcnen, deren Ideen den jungen Sloterdijk nachhaltig gepr\u00e4gt haben. Nicht zuf\u00e4llig reklamiert der Philosoph den damals noch lebenden bedeutendsten konservativen Philosophen der Neuzeit als Ahnherrn dieser Ideen genau zu jenem Zeitpunkt, da sich die Gr\u00fcnen anschickten, in der Koalition mit der SPD, der politischen Verk\u00f6rperung der humanistischen Idee, Regierungsverantwortung zu \u00fcbernehmen, was mit jener \u201ebesinnliche Askese\u201c unvereinbar war, die Sloterdijk fordert. Die Menschen sollten sich \u00a0\u2013 und das ist die Lehre des Darwinismus und der \u00d6kologie \u2013 nicht als \u201eHausbesitzer oder m\u00f6blierte Herren in unk\u00fcndbarer Miete\u201c verstehen, sondern als \u201eNachbarn des Seins\u201c, man k\u00f6nnte sagen: Als Bewohner einer \u00f6kologischen Nische auf der Lichtung.<\/p>\n<p>Die Gr\u00fcnen, so k\u00f6nnte man Sloterdijks Intervention lesen, m\u00fcssten die Heideggerschen, die konservativen Wurzeln ihrer Bewegung begreifen, sonst verrieten sie sich selbst; die Konservativen m\u00fcssten die Gr\u00fcnen nicht bek\u00e4mpfen, sondern als Bundesgenossen im posthumanistischen Geist begr\u00fc\u00dfen.<\/p>\n<p>Und dann ein Jahr sp\u00e4ter der Text von Bill Joy. Der ist gegen\u00fcber dem Raunen Sloterdijks bis zur Einf\u00e4ltigkeit deutlich, und allenfalls das Name-Dropping, bei dem nicht zuf\u00e4llig fast alle Kunden des Literaturagenten John Brockman genannt werden, wirkt pr\u00e4tenti\u00f6s. Im Kern jedoch steht bei Joy die gleiche Botschaft wie bei Sloterdijk, in der FAZ also das Gleiche wie in der \u201eZeit\u201c: Angesichts der Gefahren von Robotik, Gentechnik und Nanotechnologie ist es utopisch, auf ihre Einhegung zu setzen:\u00a0 \u201eDie einzig realistische Alternative, die ich sehe, lautet Verzicht: Wir m\u00fcssen auf die Entwicklung allzu gef\u00e4hrlicher Technologien verzichten und unserer Suche nach bestimmten Formen des Wissens Grenzen setzen.\u201c<\/p>\n<p>Regeln f\u00fcr den Menschenpark.<\/p>\n<p>Der Verzicht auf das humanistische Projekt, die Bestialisierung des Menschen zu z\u00e4hmen. Stattdessen anerkennen, dass wir weder uns selbst noch die Monster, die wir produzieren, je ganz im Griff haben k\u00f6nnen; und \u2013 so verstehe ich Sloterdijks Anspielung auf Nietzsche \u2013 dass wir uns nicht ganz im Griff haben sollten; nicht haben wollen sollten.<\/p>\n<p>Der gr\u00fcne deutsche Philosoph; der amerikanische Softwareentwickler; der b\u00fcrgerliche deutsche Publizist; aber auch der deutsche Papst: Hier fanden sie ein gemeinsames Terrain.<\/p>\n<p>Es ist hier nicht der Platz, diese Position zu kritisieren. Wer mich kennt, wei\u00df, dass ich Anh\u00e4nger des von Sloterdijk f\u00fcr erledigt erkl\u00e4rten humanistischen Projekts bin. Wir haben den Buchdruck \u00fcberlebt, wir werden Google \u00fcberleben. Das ist der Hintergrund meiner Auseinandersetzung mit Frank Schirrmacher. Dazu aber mehr an anderer Stelle. Hier wollte ich lediglich aufzeigen, wo die Gedanken Schirrmachers zum Verh\u00e4ltnis von Wissenschaft, Technik und Moral ihren Ausgang nehmen.<\/p>\n<div class=\"shariff shariff-align-left shariff-widget-align-left shariff-buttonstretch\" style=\"display:none\"><ul class=\"shariff-buttons theme-white orientation-horizontal buttonsize-medium\"><li class=\"shariff-button facebook shariff-nocustomcolor\" style=\"background-color:#4273c8\"><a href=\"https:\/\/www.facebook.com\/sharer\/sharer.php?u=https%3A%2F%2Fstarke-meinungen.de%2Fblog%2F2014%2F07%2F01%2Fschirrmacher-und-sloterdijk%2F\" title=\"Bei Facebook teilen\" aria-label=\"Bei Facebook teilen\" role=\"button\" rel=\"nofollow\" class=\"shariff-link\" style=\"; background-color:#3b5998; color:#3b5998\" target=\"_blank\"><span class=\"shariff-icon\" style=\"fill:#3b5998\"><svg width=\"32px\" height=\"20px\" xmlns=\"http:\/\/www.w3.org\/2000\/svg\" viewBox=\"0 0 18 32\"><path fill=\"#3b5998\" d=\"M17.1 0.2v4.7h-2.8q-1.5 0-2.1 0.6t-0.5 1.9v3.4h5.2l-0.7 5.3h-4.5v13.6h-5.5v-13.6h-4.5v-5.3h4.5v-3.9q0-3.3 1.9-5.2t5-1.8q2.6 0 4.1 0.2z\"\/><\/svg><\/span><span class=\"shariff-text\" style=\"color:#3b5998\">teilen<\/span>&nbsp;<\/a><\/li><li class=\"shariff-button twitter shariff-nocustomcolor\" style=\"background-color:#595959\"><a href=\"https:\/\/twitter.com\/share?url=https%3A%2F%2Fstarke-meinungen.de%2Fblog%2F2014%2F07%2F01%2Fschirrmacher-und-sloterdijk%2F&text=Schirrmacher%20und%20Sloterdijk&via=starkemeinungen\" title=\"Bei X teilen\" aria-label=\"Bei X teilen\" role=\"button\" rel=\"noopener nofollow\" class=\"shariff-link\" style=\"; background-color:#000; color:#000\" target=\"_blank\"><span class=\"shariff-icon\" style=\"fill:#000\"><svg width=\"32px\" height=\"20px\" xmlns=\"http:\/\/www.w3.org\/2000\/svg\" viewBox=\"0 0 24 24\"><path fill=\"#000\" d=\"M14.258 10.152L23.176 0h-2.113l-7.747 8.813L7.133 0H0l9.352 13.328L0 23.973h2.113l8.176-9.309 6.531 9.309h7.133zm-2.895 3.293l-.949-1.328L2.875 1.56h3.246l6.086 8.523.945 1.328 7.91 11.078h-3.246zm0 0\"\/><\/svg><\/span><span class=\"shariff-text\" style=\"color:#000\">teilen<\/span>&nbsp;<\/a><\/li><li class=\"shariff-button linkedin shariff-nocustomcolor\" style=\"background-color:#1488bf\"><a href=\"https:\/\/www.linkedin.com\/sharing\/share-offsite\/?url=https%3A%2F%2Fstarke-meinungen.de%2Fblog%2F2014%2F07%2F01%2Fschirrmacher-und-sloterdijk%2F\" title=\"Bei LinkedIn teilen\" aria-label=\"Bei LinkedIn teilen\" role=\"button\" rel=\"noopener nofollow\" class=\"shariff-link\" style=\"; background-color:#0077b5; color:#0077b5\" target=\"_blank\"><span class=\"shariff-icon\" style=\"fill:#0077b5\"><svg width=\"32px\" height=\"20px\" xmlns=\"http:\/\/www.w3.org\/2000\/svg\" viewBox=\"0 0 27 32\"><path fill=\"#0077b5\" d=\"M6.2 11.2v17.7h-5.9v-17.7h5.9zM6.6 5.7q0 1.3-0.9 2.2t-2.4 0.9h0q-1.5 0-2.4-0.9t-0.9-2.2 0.9-2.2 2.4-0.9 2.4 0.9 0.9 2.2zM27.4 18.7v10.1h-5.9v-9.5q0-1.9-0.7-2.9t-2.3-1.1q-1.1 0-1.9 0.6t-1.2 1.5q-0.2 0.5-0.2 1.4v9.9h-5.9q0-7.1 0-11.6t0-5.3l0-0.9h5.9v2.6h0q0.4-0.6 0.7-1t1-0.9 1.6-0.8 2-0.3q3 0 4.9 2t1.9 6z\"\/><\/svg><\/span><span class=\"shariff-text\" style=\"color:#0077b5\">teilen<\/span>&nbsp;<\/a><\/li><li class=\"shariff-button xing shariff-nocustomcolor\" style=\"background-color:#29888a\"><a href=\"https:\/\/www.xing.com\/spi\/shares\/new?url=https%3A%2F%2Fstarke-meinungen.de%2Fblog%2F2014%2F07%2F01%2Fschirrmacher-und-sloterdijk%2F\" title=\"Bei XING teilen\" aria-label=\"Bei XING teilen\" role=\"button\" rel=\"noopener nofollow\" class=\"shariff-link\" style=\"; background-color:#126567; color:#126567\" target=\"_blank\"><span class=\"shariff-icon\" style=\"fill:#126567\"><svg width=\"32px\" height=\"20px\" xmlns=\"http:\/\/www.w3.org\/2000\/svg\" viewBox=\"0 0 25 32\"><path fill=\"#126567\" d=\"M10.7 11.9q-0.2 0.3-4.6 8.2-0.5 0.8-1.2 0.8h-4.3q-0.4 0-0.5-0.3t0-0.6l4.5-8q0 0 0 0l-2.9-5q-0.2-0.4 0-0.7 0.2-0.3 0.5-0.3h4.3q0.7 0 1.2 0.8zM25.1 0.4q0.2 0.3 0 0.7l-9.4 16.7 6 11q0.2 0.4 0 0.6-0.2 0.3-0.6 0.3h-4.3q-0.7 0-1.2-0.8l-6-11.1q0.3-0.6 9.5-16.8 0.4-0.8 1.2-0.8h4.3q0.4 0 0.5 0.3z\"\/><\/svg><\/span><span class=\"shariff-text\" style=\"color:#126567\">teilen<\/span>&nbsp;<\/a><\/li><li class=\"shariff-button whatsapp shariff-nocustomcolor\" style=\"background-color:#5cbe4a\"><a href=\"https:\/\/api.whatsapp.com\/send?text=https%3A%2F%2Fstarke-meinungen.de%2Fblog%2F2014%2F07%2F01%2Fschirrmacher-und-sloterdijk%2F%20Schirrmacher%20und%20Sloterdijk\" title=\"Bei Whatsapp teilen\" aria-label=\"Bei Whatsapp teilen\" role=\"button\" rel=\"noopener nofollow\" class=\"shariff-link\" style=\"; background-color:#34af23; color:#34af23\" target=\"_blank\"><span class=\"shariff-icon\" style=\"fill:#34af23\"><svg width=\"32px\" height=\"20px\" xmlns=\"http:\/\/www.w3.org\/2000\/svg\" viewBox=\"0 0 32 32\"><path fill=\"#34af23\" d=\"M17.6 17.4q0.2 0 1.7 0.8t1.6 0.9q0 0.1 0 0.3 0 0.6-0.3 1.4-0.3 0.7-1.3 1.2t-1.8 0.5q-1 0-3.4-1.1-1.7-0.8-3-2.1t-2.6-3.3q-1.3-1.9-1.3-3.5v-0.1q0.1-1.6 1.3-2.8 0.4-0.4 0.9-0.4 0.1 0 0.3 0t0.3 0q0.3 0 0.5 0.1t0.3 0.5q0.1 0.4 0.6 1.6t0.4 1.3q0 0.4-0.6 1t-0.6 0.8q0 0.1 0.1 0.3 0.6 1.3 1.8 2.4 1 0.9 2.7 1.8 0.2 0.1 0.4 0.1 0.3 0 1-0.9t0.9-0.9zM14 26.9q2.3 0 4.3-0.9t3.6-2.4 2.4-3.6 0.9-4.3-0.9-4.3-2.4-3.6-3.6-2.4-4.3-0.9-4.3 0.9-3.6 2.4-2.4 3.6-0.9 4.3q0 3.6 2.1 6.6l-1.4 4.2 4.3-1.4q2.8 1.9 6.2 1.9zM14 2.2q2.7 0 5.2 1.1t4.3 2.9 2.9 4.3 1.1 5.2-1.1 5.2-2.9 4.3-4.3 2.9-5.2 1.1q-3.5 0-6.5-1.7l-7.4 2.4 2.4-7.2q-1.9-3.2-1.9-6.9 0-2.7 1.1-5.2t2.9-4.3 4.3-2.9 5.2-1.1z\"\/><\/svg><\/span><span class=\"shariff-text\" style=\"color:#34af23\">teilen<\/span>&nbsp;<\/a><\/li><li class=\"shariff-button info shariff-nocustomcolor\" style=\"background-color:#a8a8a8\"><a href=\"http:\/\/ct.de\/-2467514\" title=\"Weitere Informationen\" aria-label=\"Weitere Informationen\" role=\"button\" rel=\"noopener \" class=\"shariff-link\" style=\"; background-color:#999; color:#999\" target=\"_blank\"><span class=\"shariff-icon\" style=\"fill:#999\"><svg width=\"32px\" height=\"20px\" xmlns=\"http:\/\/www.w3.org\/2000\/svg\" viewBox=\"0 0 11 32\"><path fill=\"#999\" d=\"M11.4 24v2.3q0 0.5-0.3 0.8t-0.8 0.4h-9.1q-0.5 0-0.8-0.4t-0.4-0.8v-2.3q0-0.5 0.4-0.8t0.8-0.4h1.1v-6.8h-1.1q-0.5 0-0.8-0.4t-0.4-0.8v-2.3q0-0.5 0.4-0.8t0.8-0.4h6.8q0.5 0 0.8 0.4t0.4 0.8v10.3h1.1q0.5 0 0.8 0.4t0.3 0.8zM9.2 3.4v3.4q0 0.5-0.4 0.8t-0.8 0.4h-4.6q-0.4 0-0.8-0.4t-0.4-0.8v-3.4q0-0.4 0.4-0.8t0.8-0.4h4.6q0.5 0 0.8 0.4t0.4 0.8z\"\/><\/svg><\/span><\/a><\/li><\/ul><\/div>","protected":false},"excerpt":{"rendered":"<p>Die heftige Diskussion um meinen Nicht-Nachruf auf Frank Schirrmacher &#8211; https:\/\/starke-meinungen.de\/blog\/2014\/06\/17\/das-ende-von-etwas\/ &#8211; zeigt mir, dass es falsch w\u00e4re, es bei diesem einen Text zu belassen. Versuchen wir also, \u00fcber die Charakterisierung von Schirrmacher als Exponent einer \u201espielerischen Rechten\u201c hinaus zu kommen. Lassen wir \u00fcberhaupt die Frage der Einordnung auf einer ohnehin recht willk\u00fcrlichen Rechts-Links-Skala beiseite. Zielen wir auf das, was&#8230; <a href=\"https:\/\/starke-meinungen.de\/blog\/2014\/07\/01\/schirrmacher-und-sloterdijk\/\">Weiterlesen &raquo;<\/a><\/p>\n","protected":false},"author":13,"featured_media":0,"comment_status":"open","ping_status":"open","sticky":false,"template":"","format":"standard","meta":{"footnotes":""},"categories":[209],"tags":[1438,2325,275,2322,2324,2323,1850],"class_list":["post-4412","post","type-post","status-publish","format-standard","hentry","category-alan-posener","tag-frank-schirrmacher","tag-martin-heidegger","tag-naturwissenschaft","tag-peter-sloterdijk","tag-philosophie","tag-technik","tag-technikfeindlichkeit"],"yoast_head":"<!-- This site is optimized with the Yoast SEO plugin v27.5 - https:\/\/yoast.com\/product\/yoast-seo-wordpress\/ -->\n<title>Schirrmacher und Sloterdijk - starke-meinungen.de<\/title>\n<meta name=\"robots\" content=\"index, follow, max-snippet:-1, max-image-preview:large, max-video-preview:-1\" \/>\n<link rel=\"canonical\" href=\"https:\/\/starke-meinungen.de\/blog\/2014\/07\/01\/schirrmacher-und-sloterdijk\/\" \/>\n<meta property=\"og:locale\" content=\"de_DE\" \/>\n<meta property=\"og:type\" content=\"article\" \/>\n<meta property=\"og:title\" content=\"Schirrmacher und Sloterdijk - starke-meinungen.de\" \/>\n<meta property=\"og:description\" content=\"Die heftige Diskussion um meinen Nicht-Nachruf auf Frank Schirrmacher &#8211; https:\/\/starke-meinungen.de\/blog\/2014\/06\/17\/das-ende-von-etwas\/ &#8211; zeigt mir, dass es falsch w\u00e4re, es bei diesem einen Text zu belassen. Versuchen wir also, \u00fcber die Charakterisierung von Schirrmacher als Exponent einer \u201espielerischen Rechten\u201c hinaus zu kommen. Lassen wir \u00fcberhaupt die Frage der Einordnung auf einer ohnehin recht willk\u00fcrlichen Rechts-Links-Skala beiseite. Zielen wir auf das, was... Weiterlesen &raquo;\" \/>\n<meta property=\"og:url\" content=\"https:\/\/starke-meinungen.de\/blog\/2014\/07\/01\/schirrmacher-und-sloterdijk\/\" \/>\n<meta property=\"og:site_name\" content=\"starke-meinungen.de\" \/>\n<meta property=\"article:publisher\" content=\"https:\/\/www.facebook.com\/starkemeinungen\/\" \/>\n<meta property=\"article:published_time\" content=\"2014-07-01T05:36:32+00:00\" \/>\n<meta property=\"og:image\" content=\"https:\/\/starke-meinungen.de\/blog\/wp-content\/uploads\/starke-meinungen-fb-header.jpg\" \/>\n\t<meta property=\"og:image:width\" content=\"1200\" \/>\n\t<meta property=\"og:image:height\" content=\"630\" \/>\n\t<meta property=\"og:image:type\" content=\"image\/jpeg\" \/>\n<meta name=\"author\" content=\"Alan Posener\" \/>\n<meta name=\"twitter:card\" content=\"summary_large_image\" \/>\n<meta name=\"twitter:creator\" content=\"@starkemeinungen\" \/>\n<meta name=\"twitter:site\" content=\"@starkemeinungen\" \/>\n<meta name=\"twitter:label1\" content=\"Verfasst von\" \/>\n\t<meta name=\"twitter:data1\" content=\"Alan Posener\" \/>\n\t<meta name=\"twitter:label2\" content=\"Gesch\u00e4tzte Lesezeit\" \/>\n\t<meta name=\"twitter:data2\" content=\"6\u00a0Minuten\" \/>\n<script type=\"application\/ld+json\" class=\"yoast-schema-graph\">{\"@context\":\"https:\\\/\\\/schema.org\",\"@graph\":[{\"@type\":\"Article\",\"@id\":\"https:\\\/\\\/starke-meinungen.de\\\/blog\\\/2014\\\/07\\\/01\\\/schirrmacher-und-sloterdijk\\\/#article\",\"isPartOf\":{\"@id\":\"https:\\\/\\\/starke-meinungen.de\\\/blog\\\/2014\\\/07\\\/01\\\/schirrmacher-und-sloterdijk\\\/\"},\"author\":{\"name\":\"Alan Posener\",\"@id\":\"https:\\\/\\\/starke-meinungen.de\\\/blog\\\/#\\\/schema\\\/person\\\/32d0faef7c31a37c1c89be993d7a6d28\"},\"headline\":\"Schirrmacher und Sloterdijk\",\"datePublished\":\"2014-07-01T05:36:32+00:00\",\"mainEntityOfPage\":{\"@id\":\"https:\\\/\\\/starke-meinungen.de\\\/blog\\\/2014\\\/07\\\/01\\\/schirrmacher-und-sloterdijk\\\/\"},\"wordCount\":1103,\"commentCount\":88,\"publisher\":{\"@id\":\"https:\\\/\\\/starke-meinungen.de\\\/blog\\\/#organization\"},\"keywords\":[\"Frank Schirrmacher\",\"Martin Heidegger\",\"Naturwissenschaft\",\"Peter Sloterdijk\",\"Philosophie\",\"Technik\",\"Technikfeindlichkeit\"],\"articleSection\":[\"Alan Posener\"],\"inLanguage\":\"de\",\"potentialAction\":[{\"@type\":\"CommentAction\",\"name\":\"Comment\",\"target\":[\"https:\\\/\\\/starke-meinungen.de\\\/blog\\\/2014\\\/07\\\/01\\\/schirrmacher-und-sloterdijk\\\/#respond\"]}]},{\"@type\":\"WebPage\",\"@id\":\"https:\\\/\\\/starke-meinungen.de\\\/blog\\\/2014\\\/07\\\/01\\\/schirrmacher-und-sloterdijk\\\/\",\"url\":\"https:\\\/\\\/starke-meinungen.de\\\/blog\\\/2014\\\/07\\\/01\\\/schirrmacher-und-sloterdijk\\\/\",\"name\":\"Schirrmacher und Sloterdijk - starke-meinungen.de\",\"isPartOf\":{\"@id\":\"https:\\\/\\\/starke-meinungen.de\\\/blog\\\/#website\"},\"datePublished\":\"2014-07-01T05:36:32+00:00\",\"breadcrumb\":{\"@id\":\"https:\\\/\\\/starke-meinungen.de\\\/blog\\\/2014\\\/07\\\/01\\\/schirrmacher-und-sloterdijk\\\/#breadcrumb\"},\"inLanguage\":\"de\",\"potentialAction\":[{\"@type\":\"ReadAction\",\"target\":[\"https:\\\/\\\/starke-meinungen.de\\\/blog\\\/2014\\\/07\\\/01\\\/schirrmacher-und-sloterdijk\\\/\"]}]},{\"@type\":\"BreadcrumbList\",\"@id\":\"https:\\\/\\\/starke-meinungen.de\\\/blog\\\/2014\\\/07\\\/01\\\/schirrmacher-und-sloterdijk\\\/#breadcrumb\",\"itemListElement\":[{\"@type\":\"ListItem\",\"position\":1,\"name\":\"Startseite\",\"item\":\"https:\\\/\\\/starke-meinungen.de\\\/blog\\\/\"},{\"@type\":\"ListItem\",\"position\":2,\"name\":\"Schirrmacher und Sloterdijk\"}]},{\"@type\":\"WebSite\",\"@id\":\"https:\\\/\\\/starke-meinungen.de\\\/blog\\\/#website\",\"url\":\"https:\\\/\\\/starke-meinungen.de\\\/blog\\\/\",\"name\":\"starke-meinungen.de\",\"description\":\"Autoren-Blog\",\"publisher\":{\"@id\":\"https:\\\/\\\/starke-meinungen.de\\\/blog\\\/#organization\"},\"potentialAction\":[{\"@type\":\"SearchAction\",\"target\":{\"@type\":\"EntryPoint\",\"urlTemplate\":\"https:\\\/\\\/starke-meinungen.de\\\/blog\\\/?s={search_term_string}\"},\"query-input\":{\"@type\":\"PropertyValueSpecification\",\"valueRequired\":true,\"valueName\":\"search_term_string\"}}],\"inLanguage\":\"de\"},{\"@type\":\"Organization\",\"@id\":\"https:\\\/\\\/starke-meinungen.de\\\/blog\\\/#organization\",\"name\":\"starke-meinungen.de\",\"url\":\"https:\\\/\\\/starke-meinungen.de\\\/blog\\\/\",\"logo\":{\"@type\":\"ImageObject\",\"inLanguage\":\"de\",\"@id\":\"https:\\\/\\\/starke-meinungen.de\\\/blog\\\/#\\\/schema\\\/logo\\\/image\\\/\",\"url\":\"https:\\\/\\\/starke-meinungen.de\\\/blog\\\/wp-content\\\/uploads\\\/starke-meinungen-fb-header.jpg\",\"contentUrl\":\"https:\\\/\\\/starke-meinungen.de\\\/blog\\\/wp-content\\\/uploads\\\/starke-meinungen-fb-header.jpg\",\"width\":1200,\"height\":630,\"caption\":\"starke-meinungen.de\"},\"image\":{\"@id\":\"https:\\\/\\\/starke-meinungen.de\\\/blog\\\/#\\\/schema\\\/logo\\\/image\\\/\"},\"sameAs\":[\"https:\\\/\\\/www.facebook.com\\\/starkemeinungen\\\/\",\"https:\\\/\\\/x.com\\\/starkemeinungen\"]},{\"@type\":\"Person\",\"@id\":\"https:\\\/\\\/starke-meinungen.de\\\/blog\\\/#\\\/schema\\\/person\\\/32d0faef7c31a37c1c89be993d7a6d28\",\"name\":\"Alan Posener\",\"image\":{\"@type\":\"ImageObject\",\"inLanguage\":\"de\",\"@id\":\"https:\\\/\\\/secure.gravatar.com\\\/avatar\\\/c75c8818a9ab78c4faa75048dba7844e2587998cda4d93f84e7d86f7e21a9b90?s=96&d=mm&r=g\",\"url\":\"https:\\\/\\\/secure.gravatar.com\\\/avatar\\\/c75c8818a9ab78c4faa75048dba7844e2587998cda4d93f84e7d86f7e21a9b90?s=96&d=mm&r=g\",\"contentUrl\":\"https:\\\/\\\/secure.gravatar.com\\\/avatar\\\/c75c8818a9ab78c4faa75048dba7844e2587998cda4d93f84e7d86f7e21a9b90?s=96&d=mm&r=g\",\"caption\":\"Alan Posener\"},\"url\":\"https:\\\/\\\/starke-meinungen.de\\\/blog\\\/author\\\/posener\\\/\"}]}<\/script>\n<!-- \/ Yoast SEO plugin. -->","yoast_head_json":{"title":"Schirrmacher und Sloterdijk - starke-meinungen.de","robots":{"index":"index","follow":"follow","max-snippet":"max-snippet:-1","max-image-preview":"max-image-preview:large","max-video-preview":"max-video-preview:-1"},"canonical":"https:\/\/starke-meinungen.de\/blog\/2014\/07\/01\/schirrmacher-und-sloterdijk\/","og_locale":"de_DE","og_type":"article","og_title":"Schirrmacher und Sloterdijk - starke-meinungen.de","og_description":"Die heftige Diskussion um meinen Nicht-Nachruf auf Frank Schirrmacher &#8211; https:\/\/starke-meinungen.de\/blog\/2014\/06\/17\/das-ende-von-etwas\/ &#8211; zeigt mir, dass es falsch w\u00e4re, es bei diesem einen Text zu belassen. Versuchen wir also, \u00fcber die Charakterisierung von Schirrmacher als Exponent einer \u201espielerischen Rechten\u201c hinaus zu kommen. Lassen wir \u00fcberhaupt die Frage der Einordnung auf einer ohnehin recht willk\u00fcrlichen Rechts-Links-Skala beiseite. Zielen wir auf das, was... Weiterlesen &raquo;","og_url":"https:\/\/starke-meinungen.de\/blog\/2014\/07\/01\/schirrmacher-und-sloterdijk\/","og_site_name":"starke-meinungen.de","article_publisher":"https:\/\/www.facebook.com\/starkemeinungen\/","article_published_time":"2014-07-01T05:36:32+00:00","og_image":[{"width":1200,"height":630,"url":"https:\/\/starke-meinungen.de\/blog\/wp-content\/uploads\/starke-meinungen-fb-header.jpg","type":"image\/jpeg"}],"author":"Alan Posener","twitter_card":"summary_large_image","twitter_creator":"@starkemeinungen","twitter_site":"@starkemeinungen","twitter_misc":{"Verfasst von":"Alan Posener","Gesch\u00e4tzte Lesezeit":"6\u00a0Minuten"},"schema":{"@context":"https:\/\/schema.org","@graph":[{"@type":"Article","@id":"https:\/\/starke-meinungen.de\/blog\/2014\/07\/01\/schirrmacher-und-sloterdijk\/#article","isPartOf":{"@id":"https:\/\/starke-meinungen.de\/blog\/2014\/07\/01\/schirrmacher-und-sloterdijk\/"},"author":{"name":"Alan Posener","@id":"https:\/\/starke-meinungen.de\/blog\/#\/schema\/person\/32d0faef7c31a37c1c89be993d7a6d28"},"headline":"Schirrmacher und Sloterdijk","datePublished":"2014-07-01T05:36:32+00:00","mainEntityOfPage":{"@id":"https:\/\/starke-meinungen.de\/blog\/2014\/07\/01\/schirrmacher-und-sloterdijk\/"},"wordCount":1103,"commentCount":88,"publisher":{"@id":"https:\/\/starke-meinungen.de\/blog\/#organization"},"keywords":["Frank Schirrmacher","Martin Heidegger","Naturwissenschaft","Peter Sloterdijk","Philosophie","Technik","Technikfeindlichkeit"],"articleSection":["Alan Posener"],"inLanguage":"de","potentialAction":[{"@type":"CommentAction","name":"Comment","target":["https:\/\/starke-meinungen.de\/blog\/2014\/07\/01\/schirrmacher-und-sloterdijk\/#respond"]}]},{"@type":"WebPage","@id":"https:\/\/starke-meinungen.de\/blog\/2014\/07\/01\/schirrmacher-und-sloterdijk\/","url":"https:\/\/starke-meinungen.de\/blog\/2014\/07\/01\/schirrmacher-und-sloterdijk\/","name":"Schirrmacher und Sloterdijk - starke-meinungen.de","isPartOf":{"@id":"https:\/\/starke-meinungen.de\/blog\/#website"},"datePublished":"2014-07-01T05:36:32+00:00","breadcrumb":{"@id":"https:\/\/starke-meinungen.de\/blog\/2014\/07\/01\/schirrmacher-und-sloterdijk\/#breadcrumb"},"inLanguage":"de","potentialAction":[{"@type":"ReadAction","target":["https:\/\/starke-meinungen.de\/blog\/2014\/07\/01\/schirrmacher-und-sloterdijk\/"]}]},{"@type":"BreadcrumbList","@id":"https:\/\/starke-meinungen.de\/blog\/2014\/07\/01\/schirrmacher-und-sloterdijk\/#breadcrumb","itemListElement":[{"@type":"ListItem","position":1,"name":"Startseite","item":"https:\/\/starke-meinungen.de\/blog\/"},{"@type":"ListItem","position":2,"name":"Schirrmacher und Sloterdijk"}]},{"@type":"WebSite","@id":"https:\/\/starke-meinungen.de\/blog\/#website","url":"https:\/\/starke-meinungen.de\/blog\/","name":"starke-meinungen.de","description":"Autoren-Blog","publisher":{"@id":"https:\/\/starke-meinungen.de\/blog\/#organization"},"potentialAction":[{"@type":"SearchAction","target":{"@type":"EntryPoint","urlTemplate":"https:\/\/starke-meinungen.de\/blog\/?s={search_term_string}"},"query-input":{"@type":"PropertyValueSpecification","valueRequired":true,"valueName":"search_term_string"}}],"inLanguage":"de"},{"@type":"Organization","@id":"https:\/\/starke-meinungen.de\/blog\/#organization","name":"starke-meinungen.de","url":"https:\/\/starke-meinungen.de\/blog\/","logo":{"@type":"ImageObject","inLanguage":"de","@id":"https:\/\/starke-meinungen.de\/blog\/#\/schema\/logo\/image\/","url":"https:\/\/starke-meinungen.de\/blog\/wp-content\/uploads\/starke-meinungen-fb-header.jpg","contentUrl":"https:\/\/starke-meinungen.de\/blog\/wp-content\/uploads\/starke-meinungen-fb-header.jpg","width":1200,"height":630,"caption":"starke-meinungen.de"},"image":{"@id":"https:\/\/starke-meinungen.de\/blog\/#\/schema\/logo\/image\/"},"sameAs":["https:\/\/www.facebook.com\/starkemeinungen\/","https:\/\/x.com\/starkemeinungen"]},{"@type":"Person","@id":"https:\/\/starke-meinungen.de\/blog\/#\/schema\/person\/32d0faef7c31a37c1c89be993d7a6d28","name":"Alan Posener","image":{"@type":"ImageObject","inLanguage":"de","@id":"https:\/\/secure.gravatar.com\/avatar\/c75c8818a9ab78c4faa75048dba7844e2587998cda4d93f84e7d86f7e21a9b90?s=96&d=mm&r=g","url":"https:\/\/secure.gravatar.com\/avatar\/c75c8818a9ab78c4faa75048dba7844e2587998cda4d93f84e7d86f7e21a9b90?s=96&d=mm&r=g","contentUrl":"https:\/\/secure.gravatar.com\/avatar\/c75c8818a9ab78c4faa75048dba7844e2587998cda4d93f84e7d86f7e21a9b90?s=96&d=mm&r=g","caption":"Alan Posener"},"url":"https:\/\/starke-meinungen.de\/blog\/author\/posener\/"}]}},"_links":{"self":[{"href":"https:\/\/starke-meinungen.de\/blog\/wp-json\/wp\/v2\/posts\/4412","targetHints":{"allow":["GET"]}}],"collection":[{"href":"https:\/\/starke-meinungen.de\/blog\/wp-json\/wp\/v2\/posts"}],"about":[{"href":"https:\/\/starke-meinungen.de\/blog\/wp-json\/wp\/v2\/types\/post"}],"author":[{"embeddable":true,"href":"https:\/\/starke-meinungen.de\/blog\/wp-json\/wp\/v2\/users\/13"}],"replies":[{"embeddable":true,"href":"https:\/\/starke-meinungen.de\/blog\/wp-json\/wp\/v2\/comments?post=4412"}],"version-history":[{"count":2,"href":"https:\/\/starke-meinungen.de\/blog\/wp-json\/wp\/v2\/posts\/4412\/revisions"}],"predecessor-version":[{"id":4414,"href":"https:\/\/starke-meinungen.de\/blog\/wp-json\/wp\/v2\/posts\/4412\/revisions\/4414"}],"wp:attachment":[{"href":"https:\/\/starke-meinungen.de\/blog\/wp-json\/wp\/v2\/media?parent=4412"}],"wp:term":[{"taxonomy":"category","embeddable":true,"href":"https:\/\/starke-meinungen.de\/blog\/wp-json\/wp\/v2\/categories?post=4412"},{"taxonomy":"post_tag","embeddable":true,"href":"https:\/\/starke-meinungen.de\/blog\/wp-json\/wp\/v2\/tags?post=4412"}],"curies":[{"name":"wp","href":"https:\/\/api.w.org\/{rel}","templated":true}]}}