

{"id":4369,"date":"2014-06-03T06:01:08","date_gmt":"2014-06-03T05:01:08","guid":{"rendered":"https:\/\/starke-meinungen.de\/blog\/?p=4369"},"modified":"2014-06-03T06:01:08","modified_gmt":"2014-06-03T05:01:08","slug":"ein-putsch-des-parlaments","status":"publish","type":"post","link":"https:\/\/starke-meinungen.de\/blog\/2014\/06\/03\/ein-putsch-des-parlaments\/","title":{"rendered":"Ein Putsch des Parlaments"},"content":{"rendered":"<p><!--[if gte mso 9]&gt;--><\/p>\n<p>&nbsp;<\/p>\n<p class=\"MsoNormal\"><span style=\"font-family: Cambria;color: black\">Immerhin erregt die Frage, wer nun Pr\u00e4sident der Europ\u00e4ischen Kommission wird, die europ\u00e4ische \u00d6ffentlichkeit.<span>\u00a0 <\/span>Das ist die gute Nachricht. Die schlechte Nachricht: Die Bef\u00fcrworter engerer europ\u00e4ischer Integration haben es geschafft, die Frage so hinzustellen, als handele es sich nicht darum, wer am besten geeignet w\u00e4re, den Br\u00fcsseler Beamtenapparat zu leiten, sondern darum, die europ\u00e4ische Demokratie zu retten, indem sich der Rat dem Votum des Europ\u00e4ischen Parlaments unterwirft.<\/span><\/p>\n<p class=\"MsoNormal\"><!--more--><\/p>\n<p class=\"MsoNormal\"><span style=\"font-family: Cambria;color: black\">Darum geht es aber nicht.<\/span><\/p>\n<p class=\"MsoNormal\"><span style=\"font-family: Cambria;color: black\">Noch die <span>\u00a0<\/span>Ernennung Jos\u00e9 Manuel Barrosos wurde allein unter den Staatschefs ausgehandelt. Angela Merkel konnte dabei ihren Wunschkandidaten durchsetzen. Sie habe Jacques Chirac den liberalen Freund der USA und Gro\u00dfbritanniens schmackhaft gemacht, indem sie ihm sagte, mit dem Portugiesen Barroso k\u00f6nne er Franz\u00f6sisch sprechen, erz\u00e4hlte sie damals in kleinerer Runde mit einem schelmischen L\u00e4cheln.<\/span><\/p>\n<p class=\"MsoNormal\"><span style=\"font-family: Cambria;color: black\">Barroso sollte, so dachten es sich Merkel und ihr damaliger Hauptverb\u00fcndeter in Europa, Tony Blair, die Bem\u00fchungen zur Reform der Europ\u00e4ischen Union koordinieren. Mehr Markt \u2013 zum Beispiel bei den Dienstleistungen \u2013 und weniger Subventionen \u2013 vor allem in der Landwirtschaft \u2013 sollte diese Kommission durchsetzen. Ihr Programm war die so genannte \u201eLissabon-Agenda\u201c der Europ\u00e4ischen Union, der zufolge sich die EU bis <\/span><span style=\"font-family: Cambria;color: black\">2010 \u201ezum wettbewerbsf\u00e4higsten und dynamischsten wissensgest\u00fctzten Wirtschaftsraum der Welt\u201c entwickeln sollte. <\/span><\/p>\n<p class=\"MsoNormal\"><span style=\"font-family: Cambria;color: black\">Nun, das Ziel wurde verfehlt, wof\u00fcr Barroso am wenigsten verantwortlich zu machen ist. Erst kam die Weltfinanzkrise, aus der dann in der Eurozone eine Banken- und Staatsschuldenkrise wurde. Mitten in dieser Krise verabschiedete der Europ\u00e4ische Rat auf Vorschlag der Barroso-Kommission den Plan \u201eEuropa 2020\u201c, der als \u201eFortschreibung\u201c der Lissabon-Agenda verkauft und vermutlich genau so scheitern wird:<\/span><\/p>\n<p class=\"MsoNormal\"><span style=\"font-family: Cambria;color: black\"><a title=\"http:\/\/de.wikipedia.org\/wiki\/Europa_2020\" href=\"http:\/\/de.wikipedia.org\/wiki\/Europa_2020\">http:\/\/de.wikipedia.org\/wiki\/Europa_2020<\/a><\/span><\/p>\n<p class=\"MsoNormal\"><span style=\"font-family: Cambria;color: black\">\u00a0<\/span><\/p>\n<p class=\"MsoNormal\"><span style=\"font-family: Cambria;color: black\">An diesen ambitionierten Zielen freilich muss man den Mann oder die Frau messen, der oder die an der Spitze der Europ\u00e4ischen Kommission stehen soll; vor dem Hintergrund dieser Ziele muss man auch den versuchten Putsch des Europ\u00e4ischen Parlaments gegen den Europ\u00e4ischen Rat beurteilen.<\/span><\/p>\n<p class=\"MsoNormal\"><span style=\"font-family: Cambria;color: black\">Diese Agenda 2020 legt zum Beispiel nicht fest, dass Europa politische oder institutionelle Fortschritte in Richtung eines f\u00f6deralen Staates machen soll. Eine solche Entwicklung mag sich f\u00fcr die Eurozone als unumg\u00e4nglich erweisen, auch wenn die meisten B\u00fcrger der Eurozone das nicht wollen. Aber f\u00fcr Europa insgesamt steht sie ausweislich \u201eEuropa 2020\u201c nicht auf der Tagesordnung. Es geht vor allem um die Erh\u00f6hung der Wettbewerbsf\u00e4higkeit, damit die Besch\u00e4ftigungsquote erh\u00f6ht und die Armutsquote gesenkt werden k\u00f6nnen; um die Verbesserung der Qualit\u00e4t von Schule und Ausbildung; und um eine ambitionierte Energiewende hin zu erneuerbaren Quellen. <\/span><\/p>\n<p class=\"MsoNormal\"><span style=\"font-family: Cambria;color: black\">\u00a0<\/span><\/p>\n<p class=\"MsoNormal\"><span style=\"font-family: Cambria;color: black\">Dem Europ\u00e4ischen Parlament geht es aber einzig und allein darum, dass ein vom Parlament bestimmter Kandidat Kommissionspr\u00e4sident wird. Wof\u00fcr der steht, ist zweitrangig. F\u00fcr das Parlament steht die eigene Macht im Vordergrund, nicht das Wohlergehen der Mitgliedsstaaten und der B\u00fcrger der Union.<\/span><\/p>\n<p class=\"MsoNormal\"><span style=\"font-family: Cambria;color: black\">\u00a0<\/span><\/p>\n<p class=\"MsoNormal\"><span style=\"font-family: Cambria;color: black\">Ich zitiere zur Veranschaulichung aus der Berichterstattung der \u201eS\u00fcddeutschen Zeitung\u201c. Am 27. Mai, also am Dienstag nach der Europawahl, schien es noch so, als k\u00f6nnte sich die Fraktion der \u201eSozialisten und Demokraten\u201c (S&amp;D) <span>\u00a0<\/span>im Parlament weigern, Jean-claude Juncker zu unterst\u00fctzen, den Kandidaten der \u201eEurop\u00e4ischen Volkspartei\u201c (EVP), also des Zusammenschlusses der meisten Mitte-Rechts-Parteien. SPD-Chef Sigmar Gabriel \u201eappellierte an die EVP, ihr Verh\u00e4ltnis zur rechtskonservativen Fidesz-Partei aus Ungarn und der italienischen Forza Italia von Ex-Ministerpr\u00e4sident Silvio Berlusconi zu \u00fcberpr\u00fcfen. (&#8230;) Eine Mehrheit d\u00fcrfe nicht an den Stimmen von Rechtspopulisten h\u00e4ngen.\u201c <\/span><\/p>\n<p class=\"MsoNormal\"><span style=\"font-family: Cambria;color: black\">Gabriels Kalk\u00fcl: eine Spaltung der EVP h\u00e4tte wom\u00f6glich dem unterlegenen sozialdemokratischen Kandidaten Martin Schulz eine Chance beschert, als Kandidat des Europ\u00e4ischen Parlaments zu gelten. <\/span><\/p>\n<p class=\"MsoNormal\"><span style=\"font-family: Cambria;color: black\">Drei Tage sp\u00e4ter sah es schon ganz anders aus: \u201eDie SPD warnte Bundeskanzlerin Angela Merkel (CDU) davor, einen anderen Kandidaten auszuw\u00e4hlen als den Luxemburger Jean-Claude Juncker\u201c, konnte man am 30. Mai in der \u201eSZ\u201c lesen. SPD-Generalsekret\u00e4rin Yasmin Fahimi warnte Merkel nun davor, \u201edas Gekl\u00fcngel auf Spitzenebene fortzusetzen\u201c.<span>\u00a0 <\/span><\/span><\/p>\n<p class=\"MsoNormal\"><span style=\"font-family: Cambria;color: black\">Inzwischen hatte die SPD ja auch Gelegenheit zur \u201eGekl\u00fcngel auf Spitzenebene\u201c gehabt und festgestellt, dass Schulz chancenlos war.<\/span><\/p>\n<p class=\"MsoNormal\"><span style=\"font-family: Cambria;color: black\"><span>\u00a0<\/span>\u201eDas Europ\u00e4ische Parlament hatte sich bereits vor der Wahl darauf festgelegt, dass einer der Spitzenkandidaten den Chefposten der Kommission \u00fcbernehmen sollte \u2013 und die Abstimmung dadurch zu einer Art Direktwahl des Kommissionspr\u00e4sidenten erkl\u00e4rt\u201c, so die \u201eSZ\u201c weiter.<\/span><\/p>\n<p class=\"MsoNormal\"><span style=\"font-family: Cambria;color: black\">Halten wir mal inne. <\/span><\/p>\n<p class=\"MsoNormal\"><span style=\"font-family: Cambria;color: black\">&#8211; Erst stellen \u2013 nach \u201eGekl\u00fcngel auf Spitzenebene\u201c \u2013 EVP und S&amp;D je einen \u201eSpitzenkandidaten\u201c f\u00fcr das Amt des Kommissionspr\u00e4sidenten auf, obwohl das Parlament<span>\u00a0 <\/span>gar nicht befugt ist, den Kommissionspr\u00e4sidenten<span>\u00a0 <\/span>zu w\u00e4hlen und obwohl nirgends steht, dass der Kommissionspr\u00e4sident aus den Reihen des Parlaments kommen muss. <\/span><\/p>\n<p class=\"MsoNormal\"><span style=\"font-family: Cambria;color: black\">&#8211; Dann \u201eerkl\u00e4ren\u201c EVP und S&amp;D nach \u201eGekl\u00fcngel auf Spitzenebene\u201c die Parlamentswahl wider besseres Wissen und gegen Text und Geist des Gesetzes \u201ezu einer Art Direktwahl des Kommissionspr\u00e4sidenten\u201c. <\/span><\/p>\n<p class=\"MsoNormal\"><span style=\"font-family: Cambria;color: black\">&#8211; Und dann legen sie in \u201eGekl\u00fcngel auf Spitzenebene\u201c fest, dass \u2013 egal, wie die Wahl ausgeht \u2013 einer dieser beiden Kandidaten \u201eden Chefposten der Kommission \u00fcbernehmen\u201c soll. Das hei\u00dft, die Sozialdemokraten werden auch dann den konservativen \u201eSpitzenkandidaten\u201c Juncker unterst\u00fctzen, wenn der Rat der Regierungschefs etwa einen anderen Sozialisten als Martin Schulz<span>\u00a0 <\/span>vorschl\u00e4gt, und sei er noch so geeignet; und wenn die S&amp;D-Fraktion die gr\u00f6\u00dfte im europ\u00e4ischen Parlament geworden w\u00e4re, h\u00e4tten die Konservativen den Sozialisten Schulz auch dann unterst\u00fctzt, wenn der Rat einen Konservativen vorgeschlagen h\u00e4tte. <\/span><\/p>\n<p class=\"MsoNormal\"><span style=\"font-family: Cambria;color: black\">Mit anderen Worten: Lechts und Rinks sind austauschbar. Juncker will einen einheitlichen Mindestlohn in Europa, Schulz will einheitliche Steuers\u00e4tze. Beides spielt der deutschen Dominanz in die H\u00e4nde, denn hohe Steuern und einen hohen Mindestlohn kann sich nur Deutschland leisten. Und egal wie Europas W\u00e4hler entscheiden, sie bekommen einen Kommissionspr\u00e4sidenten, der auf alle Probleme Europas vor allem eine Antwort wei\u00df: \u201eMehr Europa\u201c, sprich mehr Macht und mehr Kompetenzen f\u00fcr die Zentrale. Und das nach einer Wahl, die einhellig begriffen worden ist als eine Ohrfeige f\u00fcr genau diese Art von Politik. Wie sagte weiland der scheidende K\u00f6nig von Sachsen: \u201eScheene Demokraten seid ihr!\u201c <\/span><\/p>\n<p class=\"MsoNormal\"><span style=\"font-family: Cambria;color: black\">\u00a0<\/span><\/p>\n<p class=\"MsoNormal\"><span style=\"font-family: Cambria;color: black\">Der Vertrag von Lissabon regelt die Wahl des Kommissionspr\u00e4sidenten:<\/span><\/p>\n<p class=\"MsoNormal\"><span style=\"font-family: Cambria;color: black\"><a title=\"http:\/\/dejure.org\/gesetze\/EU\/17.html\" href=\"http:\/\/dejure.org\/gesetze\/EU\/17.html\">http:\/\/dejure.org\/gesetze\/EU\/17.html<\/a><\/span><\/p>\n<p class=\"MsoNormal\"><span style=\"font-family: Cambria;color: black\">\u00a0<\/span><\/p>\n<p class=\"MsoNormal\"><span style=\"font-family: Cambria;color: black\">Die entscheidende Passage lautet: \u201e<\/span><span style=\"font-family: Cambria;color: black\">Der Europ\u00e4ische Rat schl\u00e4gt dem Europ\u00e4ischen Parlament nach entsprechenden Konsultationen mit qualifizierter Mehrheit einen Kandidaten f\u00fcr das Amt des Pr\u00e4sidenten der Kommission vor; dabei ber\u00fccksichtigt er das Ergebnis der Wahlen zum Europ\u00e4ischen Parlament. Das Europ\u00e4ische Parlament w\u00e4hlt diesen Kandidaten mit der Mehrheit seiner Mitglieder.\u201c<\/span><\/p>\n<p class=\"MsoNormal\"><span style=\"font-family: Cambria;color: black\">\u00a0<\/span><\/p>\n<p class=\"MsoNormal\"><span style=\"font-family: Cambria;color: black\">Die Passage lautet nicht: \u201eDas Europ\u00e4ische Parlament w\u00e4hlt aus seinen Reihen einen Kommissionspr\u00e4sidenten, den der Europ\u00e4ische Rat zu best\u00e4tigen hat.\u201c <\/span><\/p>\n<p class=\"MsoNormal\"><span style=\"font-family: Cambria;color: black\">Der Vertrag gibt dem Parlament nicht einmal ein Vorschlagsrecht, geschweige denn das Recht, \u201eSpitzenkandidaten\u201c zu ernennen und dem europ\u00e4ischen Wahlvolk vorzugaukeln, es k\u00f6nne den Kommissionspr\u00e4sidenten w\u00e4hlen.<\/span><\/p>\n<p class=\"MsoNormal\"><span style=\"font-family: Cambria;color: black\">Aber Kommentatoren aus allen politischen Lagern in Deutschland tun so, als ob der Rat verpflichtet w\u00e4re, Jean-Claude Juncker dem Europ\u00e4ischen Parlament vorzuschlagen; sonst w\u00e4re \u201edie europ\u00e4ische Demokratie besch\u00e4digt\u201c oder \u201eder europ\u00e4ische Gedanke im Herzen getroffen\u201c und was des Unsinns mehr ist. <\/span><\/p>\n<p class=\"MsoNormal\"><span style=\"font-family: Cambria;color: black\">\u00a0<\/span><\/p>\n<p class=\"MsoNormal\"><span style=\"font-family: Cambria;color: black\">Um es klar zu sagen: <\/span><\/p>\n<p class=\"MsoNormal\"><span style=\"font-family: Cambria;color: black\">\u00a0<\/span><\/p>\n<p class=\"MsoNormal\"><span style=\"font-family: Cambria;color: black\">Die europ\u00e4ische Demokratie und der europ\u00e4ische Gedanke<span>\u00a0 <\/span>haben gerade dadurch Schaden genommen, dass Geist und Buchstabe von Vertr\u00e4gen mit Verfassungsrang einfach au\u00dfer Kraft gesetzt werden, wenn sie den M\u00e4chtigen in Europa oder dem Ziel der \u201eimmer engeren Union\u201c widersprechen. Erinnern wir uns an den Vertrag von Maastricht: Verschuldungsgrenzen? No-bailout-Klausel? Von Gerhard Schr\u00f6der und Angela Merkel auf den Misthaufen der Geschichte bef\u00f6rdert \u2013 weil Schr\u00f6der mehr Schulden machen und Merkel die deutschen Banken vor Verlusten bei einem Austritt Griechenlands retten wollte. <\/span><\/p>\n<p class=\"MsoNormal\"><span style=\"font-family: Cambria;color: black\">\u00a0<\/span><\/p>\n<p class=\"MsoNormal\"><span style=\"font-family: Cambria;color: black\">Erinnern wir uns an die Referenden zur Europ\u00e4ischen Verfassung: Nachdem Franzosen und Holl\u00e4nder sie abgelehnt haben, wurde der Text umbenannt, das Wort \u201eVerfassung\u201c fiel weg, und die gew\u00fcnschten Ma\u00dfnahmen (darunter die Regelung zur Wahl des Kommissionspr\u00e4sidenten) wurden als \u201eVertrag von Lissabon\u201c eben ohne Volksbefragung durchgesetzt. Wo das nicht m\u00f6glich war, etwa in Irland, musste das Volk so lange abstimmen, bis es so stimmte, wie die Bef\u00fcrworter der \u201eimmer engeren Union\u201c das wollten.<\/span><\/p>\n<p class=\"MsoNormal\"><span style=\"font-family: Cambria;color: black\">\u00a0<\/span><\/p>\n<p class=\"MsoNormal\"><span style=\"font-family: Cambria;color: black\">Nun soll das im Vertrag von Lissabon festgelegte Verfahren, bei dem der Rat der gew\u00e4hlten Regierungschefs einen Kandidaten \u201eunter Ber\u00fccksichtigung\u201c der Parlamentswahlen bestimmt, ausgerechnet im Namen der Demokratie auf kaltem Wege durch ein anderes Verfahren ersetzt werden. Eine solche Selbsterm\u00e4chtigung nennt man einen Putsch, und das bleibt ein Putsch, auch wenn hier keine Gener\u00e4le putschen, sondern ein Parlament. Hier m\u00fcssen die Staatschefs widerstehen, sonst ist auch der Vertrag von Lissabon, wie der von Maastricht, nicht das Papier wert, auf dem es geschrieben ist. Dann ist im Namen der Demokratie die Rechtsstaatlichkeit ausgehoben worden.<\/span><\/p>\n<p class=\"MsoNormal\"><span style=\"font-family: Cambria;color: black\">\u00a0<\/span><\/p>\n<p class=\"MsoNormal\"><span style=\"font-family: Cambria;color: black\">Wenn der Rat<span>\u00a0 <\/span>wirklich \u201edie Ergebnisse der Parlamentswahlen ber\u00fccksichtigen\u201c will, muss er dem Parlament eine Pers\u00f6nlichkeit vorschlagen, die in der Lage ist, Europa zu reformieren, also erstens die Ziele von \u201eEuropa 2020\u201c zu verwirklichen oder wenigstens voran zu bringen; und zweitens zu begreifen, dass die Zeit des \u201eVorw\u00e4rts immer, r\u00fcckw\u00e4rts nimmer\u201c der europ\u00e4ischen Integration mit dieser Wahl und dem Aufstieg der Anti-Establishment-Parteien abgelaufen ist. <\/span><\/p>\n<p class=\"MsoNormal\"><span style=\"font-family: Cambria;color: black\">Weder Jean-Claude Juncker noch Martin Schulz sind solche Pers\u00f6nlichkeiten; im Gegenteil. Sie vertreten das Europa von gestern. Der Rat sollte zeigen, dass er die Botschaft der Wahlen verstanden hat; er sollte eine unabh\u00e4ngige Pers\u00f6nlichkeit als Kommissionspr\u00e4sident nominieren;<span>\u00a0 <\/span>er darf nicht zulassen, dass Buchstabe und Geist des Vertrags von Lissabon verletzt werden;<span>\u00a0 <\/span>er darf dem Konflikt mit dem Parlament nicht aus dem Weg gehen.\u00a0<\/span><\/p>\n<div class=\"shariff shariff-align-left shariff-widget-align-left shariff-buttonstretch\" style=\"display:none\"><ul class=\"shariff-buttons theme-white orientation-horizontal buttonsize-medium\"><li class=\"shariff-button facebook shariff-nocustomcolor\" style=\"background-color:#4273c8\"><a href=\"https:\/\/www.facebook.com\/sharer\/sharer.php?u=https%3A%2F%2Fstarke-meinungen.de%2Fblog%2F2014%2F06%2F03%2Fein-putsch-des-parlaments%2F\" title=\"Bei Facebook teilen\" aria-label=\"Bei Facebook teilen\" role=\"button\" rel=\"nofollow\" class=\"shariff-link\" style=\"; background-color:#3b5998; color:#3b5998\" target=\"_blank\"><span class=\"shariff-icon\" style=\"fill:#3b5998\"><svg width=\"32px\" height=\"20px\" xmlns=\"http:\/\/www.w3.org\/2000\/svg\" viewBox=\"0 0 18 32\"><path fill=\"#3b5998\" d=\"M17.1 0.2v4.7h-2.8q-1.5 0-2.1 0.6t-0.5 1.9v3.4h5.2l-0.7 5.3h-4.5v13.6h-5.5v-13.6h-4.5v-5.3h4.5v-3.9q0-3.3 1.9-5.2t5-1.8q2.6 0 4.1 0.2z\"\/><\/svg><\/span><span class=\"shariff-text\" style=\"color:#3b5998\">teilen<\/span>&nbsp;<\/a><\/li><li class=\"shariff-button twitter shariff-nocustomcolor\" style=\"background-color:#595959\"><a href=\"https:\/\/twitter.com\/share?url=https%3A%2F%2Fstarke-meinungen.de%2Fblog%2F2014%2F06%2F03%2Fein-putsch-des-parlaments%2F&text=Ein%20Putsch%20des%20Parlaments&via=starkemeinungen\" title=\"Bei X teilen\" aria-label=\"Bei X teilen\" role=\"button\" rel=\"noopener nofollow\" class=\"shariff-link\" style=\"; background-color:#000; color:#000\" target=\"_blank\"><span class=\"shariff-icon\" style=\"fill:#000\"><svg width=\"32px\" height=\"20px\" xmlns=\"http:\/\/www.w3.org\/2000\/svg\" viewBox=\"0 0 24 24\"><path fill=\"#000\" d=\"M14.258 10.152L23.176 0h-2.113l-7.747 8.813L7.133 0H0l9.352 13.328L0 23.973h2.113l8.176-9.309 6.531 9.309h7.133zm-2.895 3.293l-.949-1.328L2.875 1.56h3.246l6.086 8.523.945 1.328 7.91 11.078h-3.246zm0 0\"\/><\/svg><\/span><span class=\"shariff-text\" style=\"color:#000\">teilen<\/span>&nbsp;<\/a><\/li><li class=\"shariff-button linkedin shariff-nocustomcolor\" style=\"background-color:#1488bf\"><a href=\"https:\/\/www.linkedin.com\/sharing\/share-offsite\/?url=https%3A%2F%2Fstarke-meinungen.de%2Fblog%2F2014%2F06%2F03%2Fein-putsch-des-parlaments%2F\" title=\"Bei LinkedIn teilen\" aria-label=\"Bei LinkedIn teilen\" role=\"button\" rel=\"noopener nofollow\" class=\"shariff-link\" style=\"; background-color:#0077b5; color:#0077b5\" target=\"_blank\"><span class=\"shariff-icon\" style=\"fill:#0077b5\"><svg width=\"32px\" height=\"20px\" xmlns=\"http:\/\/www.w3.org\/2000\/svg\" viewBox=\"0 0 27 32\"><path fill=\"#0077b5\" d=\"M6.2 11.2v17.7h-5.9v-17.7h5.9zM6.6 5.7q0 1.3-0.9 2.2t-2.4 0.9h0q-1.5 0-2.4-0.9t-0.9-2.2 0.9-2.2 2.4-0.9 2.4 0.9 0.9 2.2zM27.4 18.7v10.1h-5.9v-9.5q0-1.9-0.7-2.9t-2.3-1.1q-1.1 0-1.9 0.6t-1.2 1.5q-0.2 0.5-0.2 1.4v9.9h-5.9q0-7.1 0-11.6t0-5.3l0-0.9h5.9v2.6h0q0.4-0.6 0.7-1t1-0.9 1.6-0.8 2-0.3q3 0 4.9 2t1.9 6z\"\/><\/svg><\/span><span class=\"shariff-text\" style=\"color:#0077b5\">teilen<\/span>&nbsp;<\/a><\/li><li class=\"shariff-button xing shariff-nocustomcolor\" style=\"background-color:#29888a\"><a href=\"https:\/\/www.xing.com\/spi\/shares\/new?url=https%3A%2F%2Fstarke-meinungen.de%2Fblog%2F2014%2F06%2F03%2Fein-putsch-des-parlaments%2F\" title=\"Bei XING teilen\" aria-label=\"Bei XING teilen\" role=\"button\" rel=\"noopener nofollow\" class=\"shariff-link\" style=\"; background-color:#126567; color:#126567\" target=\"_blank\"><span class=\"shariff-icon\" style=\"fill:#126567\"><svg width=\"32px\" height=\"20px\" xmlns=\"http:\/\/www.w3.org\/2000\/svg\" viewBox=\"0 0 25 32\"><path fill=\"#126567\" d=\"M10.7 11.9q-0.2 0.3-4.6 8.2-0.5 0.8-1.2 0.8h-4.3q-0.4 0-0.5-0.3t0-0.6l4.5-8q0 0 0 0l-2.9-5q-0.2-0.4 0-0.7 0.2-0.3 0.5-0.3h4.3q0.7 0 1.2 0.8zM25.1 0.4q0.2 0.3 0 0.7l-9.4 16.7 6 11q0.2 0.4 0 0.6-0.2 0.3-0.6 0.3h-4.3q-0.7 0-1.2-0.8l-6-11.1q0.3-0.6 9.5-16.8 0.4-0.8 1.2-0.8h4.3q0.4 0 0.5 0.3z\"\/><\/svg><\/span><span class=\"shariff-text\" style=\"color:#126567\">teilen<\/span>&nbsp;<\/a><\/li><li class=\"shariff-button whatsapp shariff-nocustomcolor\" style=\"background-color:#5cbe4a\"><a href=\"https:\/\/api.whatsapp.com\/send?text=https%3A%2F%2Fstarke-meinungen.de%2Fblog%2F2014%2F06%2F03%2Fein-putsch-des-parlaments%2F%20Ein%20Putsch%20des%20Parlaments\" title=\"Bei Whatsapp teilen\" aria-label=\"Bei Whatsapp teilen\" role=\"button\" rel=\"noopener nofollow\" class=\"shariff-link\" style=\"; background-color:#34af23; color:#34af23\" target=\"_blank\"><span class=\"shariff-icon\" style=\"fill:#34af23\"><svg width=\"32px\" height=\"20px\" xmlns=\"http:\/\/www.w3.org\/2000\/svg\" viewBox=\"0 0 32 32\"><path fill=\"#34af23\" d=\"M17.6 17.4q0.2 0 1.7 0.8t1.6 0.9q0 0.1 0 0.3 0 0.6-0.3 1.4-0.3 0.7-1.3 1.2t-1.8 0.5q-1 0-3.4-1.1-1.7-0.8-3-2.1t-2.6-3.3q-1.3-1.9-1.3-3.5v-0.1q0.1-1.6 1.3-2.8 0.4-0.4 0.9-0.4 0.1 0 0.3 0t0.3 0q0.3 0 0.5 0.1t0.3 0.5q0.1 0.4 0.6 1.6t0.4 1.3q0 0.4-0.6 1t-0.6 0.8q0 0.1 0.1 0.3 0.6 1.3 1.8 2.4 1 0.9 2.7 1.8 0.2 0.1 0.4 0.1 0.3 0 1-0.9t0.9-0.9zM14 26.9q2.3 0 4.3-0.9t3.6-2.4 2.4-3.6 0.9-4.3-0.9-4.3-2.4-3.6-3.6-2.4-4.3-0.9-4.3 0.9-3.6 2.4-2.4 3.6-0.9 4.3q0 3.6 2.1 6.6l-1.4 4.2 4.3-1.4q2.8 1.9 6.2 1.9zM14 2.2q2.7 0 5.2 1.1t4.3 2.9 2.9 4.3 1.1 5.2-1.1 5.2-2.9 4.3-4.3 2.9-5.2 1.1q-3.5 0-6.5-1.7l-7.4 2.4 2.4-7.2q-1.9-3.2-1.9-6.9 0-2.7 1.1-5.2t2.9-4.3 4.3-2.9 5.2-1.1z\"\/><\/svg><\/span><span class=\"shariff-text\" style=\"color:#34af23\">teilen<\/span>&nbsp;<\/a><\/li><li class=\"shariff-button info shariff-nocustomcolor\" style=\"background-color:#a8a8a8\"><a href=\"http:\/\/ct.de\/-2467514\" title=\"Weitere Informationen\" aria-label=\"Weitere Informationen\" role=\"button\" rel=\"noopener \" class=\"shariff-link\" style=\"; background-color:#999; color:#999\" target=\"_blank\"><span class=\"shariff-icon\" style=\"fill:#999\"><svg width=\"32px\" height=\"20px\" xmlns=\"http:\/\/www.w3.org\/2000\/svg\" viewBox=\"0 0 11 32\"><path fill=\"#999\" d=\"M11.4 24v2.3q0 0.5-0.3 0.8t-0.8 0.4h-9.1q-0.5 0-0.8-0.4t-0.4-0.8v-2.3q0-0.5 0.4-0.8t0.8-0.4h1.1v-6.8h-1.1q-0.5 0-0.8-0.4t-0.4-0.8v-2.3q0-0.5 0.4-0.8t0.8-0.4h6.8q0.5 0 0.8 0.4t0.4 0.8v10.3h1.1q0.5 0 0.8 0.4t0.3 0.8zM9.2 3.4v3.4q0 0.5-0.4 0.8t-0.8 0.4h-4.6q-0.4 0-0.8-0.4t-0.4-0.8v-3.4q0-0.4 0.4-0.8t0.8-0.4h4.6q0.5 0 0.8 0.4t0.4 0.8z\"\/><\/svg><\/span><\/a><\/li><\/ul><\/div>","protected":false},"excerpt":{"rendered":"<p>&nbsp; Immerhin erregt die Frage, wer nun Pr\u00e4sident der Europ\u00e4ischen Kommission wird, die europ\u00e4ische \u00d6ffentlichkeit.\u00a0 Das ist die gute Nachricht. Die schlechte Nachricht: Die Bef\u00fcrworter engerer europ\u00e4ischer Integration haben es geschafft, die Frage so hinzustellen, als handele es sich nicht darum, wer am besten geeignet w\u00e4re, den Br\u00fcsseler Beamtenapparat zu leiten, sondern darum, die europ\u00e4ische Demokratie zu retten, indem sich&#8230; <a href=\"https:\/\/starke-meinungen.de\/blog\/2014\/06\/03\/ein-putsch-des-parlaments\/\">Weiterlesen &raquo;<\/a><\/p>\n","protected":false},"author":13,"featured_media":0,"comment_status":"open","ping_status":"open","sticky":false,"template":"","format":"standard","meta":{"footnotes":""},"categories":[209],"tags":[224,334,332,2316,2317],"class_list":["post-4369","post","type-post","status-publish","format-standard","hentry","category-alan-posener","tag-demokratie","tag-eu-kommission","tag-europa","tag-europaische-union","tag-europaisches-parlament"],"yoast_head":"<!-- This site is optimized with the Yoast SEO plugin v27.4 - https:\/\/yoast.com\/product\/yoast-seo-wordpress\/ -->\n<title>Ein Putsch des Parlaments - starke-meinungen.de<\/title>\n<meta name=\"robots\" content=\"index, follow, max-snippet:-1, max-image-preview:large, max-video-preview:-1\" \/>\n<link rel=\"canonical\" href=\"https:\/\/starke-meinungen.de\/blog\/2014\/06\/03\/ein-putsch-des-parlaments\/\" \/>\n<meta property=\"og:locale\" content=\"de_DE\" \/>\n<meta property=\"og:type\" content=\"article\" \/>\n<meta property=\"og:title\" content=\"Ein Putsch des Parlaments - starke-meinungen.de\" \/>\n<meta property=\"og:description\" content=\"&nbsp; Immerhin erregt die Frage, wer nun Pr\u00e4sident der Europ\u00e4ischen Kommission wird, die europ\u00e4ische \u00d6ffentlichkeit.\u00a0 Das ist die gute Nachricht. Die schlechte Nachricht: Die Bef\u00fcrworter engerer europ\u00e4ischer Integration haben es geschafft, die Frage so hinzustellen, als handele es sich nicht darum, wer am besten geeignet w\u00e4re, den Br\u00fcsseler Beamtenapparat zu leiten, sondern darum, die europ\u00e4ische Demokratie zu retten, indem sich... Weiterlesen &raquo;\" \/>\n<meta property=\"og:url\" content=\"https:\/\/starke-meinungen.de\/blog\/2014\/06\/03\/ein-putsch-des-parlaments\/\" \/>\n<meta property=\"og:site_name\" content=\"starke-meinungen.de\" \/>\n<meta property=\"article:publisher\" content=\"https:\/\/www.facebook.com\/starkemeinungen\/\" \/>\n<meta property=\"article:published_time\" content=\"2014-06-03T05:01:08+00:00\" \/>\n<meta property=\"og:image\" content=\"https:\/\/starke-meinungen.de\/blog\/wp-content\/uploads\/starke-meinungen-fb-header.jpg\" \/>\n\t<meta property=\"og:image:width\" content=\"1200\" \/>\n\t<meta property=\"og:image:height\" content=\"630\" \/>\n\t<meta property=\"og:image:type\" content=\"image\/jpeg\" \/>\n<meta name=\"author\" content=\"Alan Posener\" \/>\n<meta name=\"twitter:card\" content=\"summary_large_image\" \/>\n<meta name=\"twitter:creator\" content=\"@starkemeinungen\" \/>\n<meta name=\"twitter:site\" content=\"@starkemeinungen\" \/>\n<meta name=\"twitter:label1\" content=\"Verfasst von\" \/>\n\t<meta name=\"twitter:data1\" content=\"Alan Posener\" \/>\n\t<meta name=\"twitter:label2\" content=\"Gesch\u00e4tzte Lesezeit\" \/>\n\t<meta name=\"twitter:data2\" content=\"8\u00a0Minuten\" \/>\n<script type=\"application\/ld+json\" class=\"yoast-schema-graph\">{\"@context\":\"https:\\\/\\\/schema.org\",\"@graph\":[{\"@type\":\"Article\",\"@id\":\"https:\\\/\\\/starke-meinungen.de\\\/blog\\\/2014\\\/06\\\/03\\\/ein-putsch-des-parlaments\\\/#article\",\"isPartOf\":{\"@id\":\"https:\\\/\\\/starke-meinungen.de\\\/blog\\\/2014\\\/06\\\/03\\\/ein-putsch-des-parlaments\\\/\"},\"author\":{\"name\":\"Alan Posener\",\"@id\":\"https:\\\/\\\/starke-meinungen.de\\\/blog\\\/#\\\/schema\\\/person\\\/32d0faef7c31a37c1c89be993d7a6d28\"},\"headline\":\"Ein Putsch des Parlaments\",\"datePublished\":\"2014-06-03T05:01:08+00:00\",\"mainEntityOfPage\":{\"@id\":\"https:\\\/\\\/starke-meinungen.de\\\/blog\\\/2014\\\/06\\\/03\\\/ein-putsch-des-parlaments\\\/\"},\"wordCount\":1582,\"commentCount\":67,\"publisher\":{\"@id\":\"https:\\\/\\\/starke-meinungen.de\\\/blog\\\/#organization\"},\"keywords\":[\"Demokratie\",\"EU-Kommission\",\"Europa\",\"Europ\u00e4ische Union\",\"Europ\u00e4isches Parlament\"],\"articleSection\":[\"Alan Posener\"],\"inLanguage\":\"de\",\"potentialAction\":[{\"@type\":\"CommentAction\",\"name\":\"Comment\",\"target\":[\"https:\\\/\\\/starke-meinungen.de\\\/blog\\\/2014\\\/06\\\/03\\\/ein-putsch-des-parlaments\\\/#respond\"]}]},{\"@type\":\"WebPage\",\"@id\":\"https:\\\/\\\/starke-meinungen.de\\\/blog\\\/2014\\\/06\\\/03\\\/ein-putsch-des-parlaments\\\/\",\"url\":\"https:\\\/\\\/starke-meinungen.de\\\/blog\\\/2014\\\/06\\\/03\\\/ein-putsch-des-parlaments\\\/\",\"name\":\"Ein Putsch des Parlaments - starke-meinungen.de\",\"isPartOf\":{\"@id\":\"https:\\\/\\\/starke-meinungen.de\\\/blog\\\/#website\"},\"datePublished\":\"2014-06-03T05:01:08+00:00\",\"breadcrumb\":{\"@id\":\"https:\\\/\\\/starke-meinungen.de\\\/blog\\\/2014\\\/06\\\/03\\\/ein-putsch-des-parlaments\\\/#breadcrumb\"},\"inLanguage\":\"de\",\"potentialAction\":[{\"@type\":\"ReadAction\",\"target\":[\"https:\\\/\\\/starke-meinungen.de\\\/blog\\\/2014\\\/06\\\/03\\\/ein-putsch-des-parlaments\\\/\"]}]},{\"@type\":\"BreadcrumbList\",\"@id\":\"https:\\\/\\\/starke-meinungen.de\\\/blog\\\/2014\\\/06\\\/03\\\/ein-putsch-des-parlaments\\\/#breadcrumb\",\"itemListElement\":[{\"@type\":\"ListItem\",\"position\":1,\"name\":\"Startseite\",\"item\":\"https:\\\/\\\/starke-meinungen.de\\\/blog\\\/\"},{\"@type\":\"ListItem\",\"position\":2,\"name\":\"Ein Putsch des Parlaments\"}]},{\"@type\":\"WebSite\",\"@id\":\"https:\\\/\\\/starke-meinungen.de\\\/blog\\\/#website\",\"url\":\"https:\\\/\\\/starke-meinungen.de\\\/blog\\\/\",\"name\":\"starke-meinungen.de\",\"description\":\"Autoren-Blog\",\"publisher\":{\"@id\":\"https:\\\/\\\/starke-meinungen.de\\\/blog\\\/#organization\"},\"potentialAction\":[{\"@type\":\"SearchAction\",\"target\":{\"@type\":\"EntryPoint\",\"urlTemplate\":\"https:\\\/\\\/starke-meinungen.de\\\/blog\\\/?s={search_term_string}\"},\"query-input\":{\"@type\":\"PropertyValueSpecification\",\"valueRequired\":true,\"valueName\":\"search_term_string\"}}],\"inLanguage\":\"de\"},{\"@type\":\"Organization\",\"@id\":\"https:\\\/\\\/starke-meinungen.de\\\/blog\\\/#organization\",\"name\":\"starke-meinungen.de\",\"url\":\"https:\\\/\\\/starke-meinungen.de\\\/blog\\\/\",\"logo\":{\"@type\":\"ImageObject\",\"inLanguage\":\"de\",\"@id\":\"https:\\\/\\\/starke-meinungen.de\\\/blog\\\/#\\\/schema\\\/logo\\\/image\\\/\",\"url\":\"https:\\\/\\\/starke-meinungen.de\\\/blog\\\/wp-content\\\/uploads\\\/starke-meinungen-fb-header.jpg\",\"contentUrl\":\"https:\\\/\\\/starke-meinungen.de\\\/blog\\\/wp-content\\\/uploads\\\/starke-meinungen-fb-header.jpg\",\"width\":1200,\"height\":630,\"caption\":\"starke-meinungen.de\"},\"image\":{\"@id\":\"https:\\\/\\\/starke-meinungen.de\\\/blog\\\/#\\\/schema\\\/logo\\\/image\\\/\"},\"sameAs\":[\"https:\\\/\\\/www.facebook.com\\\/starkemeinungen\\\/\",\"https:\\\/\\\/x.com\\\/starkemeinungen\"]},{\"@type\":\"Person\",\"@id\":\"https:\\\/\\\/starke-meinungen.de\\\/blog\\\/#\\\/schema\\\/person\\\/32d0faef7c31a37c1c89be993d7a6d28\",\"name\":\"Alan Posener\",\"image\":{\"@type\":\"ImageObject\",\"inLanguage\":\"de\",\"@id\":\"https:\\\/\\\/secure.gravatar.com\\\/avatar\\\/c75c8818a9ab78c4faa75048dba7844e2587998cda4d93f84e7d86f7e21a9b90?s=96&d=mm&r=g\",\"url\":\"https:\\\/\\\/secure.gravatar.com\\\/avatar\\\/c75c8818a9ab78c4faa75048dba7844e2587998cda4d93f84e7d86f7e21a9b90?s=96&d=mm&r=g\",\"contentUrl\":\"https:\\\/\\\/secure.gravatar.com\\\/avatar\\\/c75c8818a9ab78c4faa75048dba7844e2587998cda4d93f84e7d86f7e21a9b90?s=96&d=mm&r=g\",\"caption\":\"Alan Posener\"},\"url\":\"https:\\\/\\\/starke-meinungen.de\\\/blog\\\/author\\\/posener\\\/\"}]}<\/script>\n<!-- \/ Yoast SEO plugin. -->","yoast_head_json":{"title":"Ein Putsch des Parlaments - starke-meinungen.de","robots":{"index":"index","follow":"follow","max-snippet":"max-snippet:-1","max-image-preview":"max-image-preview:large","max-video-preview":"max-video-preview:-1"},"canonical":"https:\/\/starke-meinungen.de\/blog\/2014\/06\/03\/ein-putsch-des-parlaments\/","og_locale":"de_DE","og_type":"article","og_title":"Ein Putsch des Parlaments - starke-meinungen.de","og_description":"&nbsp; Immerhin erregt die Frage, wer nun Pr\u00e4sident der Europ\u00e4ischen Kommission wird, die europ\u00e4ische \u00d6ffentlichkeit.\u00a0 Das ist die gute Nachricht. Die schlechte Nachricht: Die Bef\u00fcrworter engerer europ\u00e4ischer Integration haben es geschafft, die Frage so hinzustellen, als handele es sich nicht darum, wer am besten geeignet w\u00e4re, den Br\u00fcsseler Beamtenapparat zu leiten, sondern darum, die europ\u00e4ische Demokratie zu retten, indem sich... Weiterlesen &raquo;","og_url":"https:\/\/starke-meinungen.de\/blog\/2014\/06\/03\/ein-putsch-des-parlaments\/","og_site_name":"starke-meinungen.de","article_publisher":"https:\/\/www.facebook.com\/starkemeinungen\/","article_published_time":"2014-06-03T05:01:08+00:00","og_image":[{"width":1200,"height":630,"url":"https:\/\/starke-meinungen.de\/blog\/wp-content\/uploads\/starke-meinungen-fb-header.jpg","type":"image\/jpeg"}],"author":"Alan Posener","twitter_card":"summary_large_image","twitter_creator":"@starkemeinungen","twitter_site":"@starkemeinungen","twitter_misc":{"Verfasst von":"Alan Posener","Gesch\u00e4tzte Lesezeit":"8\u00a0Minuten"},"schema":{"@context":"https:\/\/schema.org","@graph":[{"@type":"Article","@id":"https:\/\/starke-meinungen.de\/blog\/2014\/06\/03\/ein-putsch-des-parlaments\/#article","isPartOf":{"@id":"https:\/\/starke-meinungen.de\/blog\/2014\/06\/03\/ein-putsch-des-parlaments\/"},"author":{"name":"Alan Posener","@id":"https:\/\/starke-meinungen.de\/blog\/#\/schema\/person\/32d0faef7c31a37c1c89be993d7a6d28"},"headline":"Ein Putsch des Parlaments","datePublished":"2014-06-03T05:01:08+00:00","mainEntityOfPage":{"@id":"https:\/\/starke-meinungen.de\/blog\/2014\/06\/03\/ein-putsch-des-parlaments\/"},"wordCount":1582,"commentCount":67,"publisher":{"@id":"https:\/\/starke-meinungen.de\/blog\/#organization"},"keywords":["Demokratie","EU-Kommission","Europa","Europ\u00e4ische Union","Europ\u00e4isches Parlament"],"articleSection":["Alan Posener"],"inLanguage":"de","potentialAction":[{"@type":"CommentAction","name":"Comment","target":["https:\/\/starke-meinungen.de\/blog\/2014\/06\/03\/ein-putsch-des-parlaments\/#respond"]}]},{"@type":"WebPage","@id":"https:\/\/starke-meinungen.de\/blog\/2014\/06\/03\/ein-putsch-des-parlaments\/","url":"https:\/\/starke-meinungen.de\/blog\/2014\/06\/03\/ein-putsch-des-parlaments\/","name":"Ein Putsch des Parlaments - starke-meinungen.de","isPartOf":{"@id":"https:\/\/starke-meinungen.de\/blog\/#website"},"datePublished":"2014-06-03T05:01:08+00:00","breadcrumb":{"@id":"https:\/\/starke-meinungen.de\/blog\/2014\/06\/03\/ein-putsch-des-parlaments\/#breadcrumb"},"inLanguage":"de","potentialAction":[{"@type":"ReadAction","target":["https:\/\/starke-meinungen.de\/blog\/2014\/06\/03\/ein-putsch-des-parlaments\/"]}]},{"@type":"BreadcrumbList","@id":"https:\/\/starke-meinungen.de\/blog\/2014\/06\/03\/ein-putsch-des-parlaments\/#breadcrumb","itemListElement":[{"@type":"ListItem","position":1,"name":"Startseite","item":"https:\/\/starke-meinungen.de\/blog\/"},{"@type":"ListItem","position":2,"name":"Ein Putsch des Parlaments"}]},{"@type":"WebSite","@id":"https:\/\/starke-meinungen.de\/blog\/#website","url":"https:\/\/starke-meinungen.de\/blog\/","name":"starke-meinungen.de","description":"Autoren-Blog","publisher":{"@id":"https:\/\/starke-meinungen.de\/blog\/#organization"},"potentialAction":[{"@type":"SearchAction","target":{"@type":"EntryPoint","urlTemplate":"https:\/\/starke-meinungen.de\/blog\/?s={search_term_string}"},"query-input":{"@type":"PropertyValueSpecification","valueRequired":true,"valueName":"search_term_string"}}],"inLanguage":"de"},{"@type":"Organization","@id":"https:\/\/starke-meinungen.de\/blog\/#organization","name":"starke-meinungen.de","url":"https:\/\/starke-meinungen.de\/blog\/","logo":{"@type":"ImageObject","inLanguage":"de","@id":"https:\/\/starke-meinungen.de\/blog\/#\/schema\/logo\/image\/","url":"https:\/\/starke-meinungen.de\/blog\/wp-content\/uploads\/starke-meinungen-fb-header.jpg","contentUrl":"https:\/\/starke-meinungen.de\/blog\/wp-content\/uploads\/starke-meinungen-fb-header.jpg","width":1200,"height":630,"caption":"starke-meinungen.de"},"image":{"@id":"https:\/\/starke-meinungen.de\/blog\/#\/schema\/logo\/image\/"},"sameAs":["https:\/\/www.facebook.com\/starkemeinungen\/","https:\/\/x.com\/starkemeinungen"]},{"@type":"Person","@id":"https:\/\/starke-meinungen.de\/blog\/#\/schema\/person\/32d0faef7c31a37c1c89be993d7a6d28","name":"Alan Posener","image":{"@type":"ImageObject","inLanguage":"de","@id":"https:\/\/secure.gravatar.com\/avatar\/c75c8818a9ab78c4faa75048dba7844e2587998cda4d93f84e7d86f7e21a9b90?s=96&d=mm&r=g","url":"https:\/\/secure.gravatar.com\/avatar\/c75c8818a9ab78c4faa75048dba7844e2587998cda4d93f84e7d86f7e21a9b90?s=96&d=mm&r=g","contentUrl":"https:\/\/secure.gravatar.com\/avatar\/c75c8818a9ab78c4faa75048dba7844e2587998cda4d93f84e7d86f7e21a9b90?s=96&d=mm&r=g","caption":"Alan Posener"},"url":"https:\/\/starke-meinungen.de\/blog\/author\/posener\/"}]}},"_links":{"self":[{"href":"https:\/\/starke-meinungen.de\/blog\/wp-json\/wp\/v2\/posts\/4369","targetHints":{"allow":["GET"]}}],"collection":[{"href":"https:\/\/starke-meinungen.de\/blog\/wp-json\/wp\/v2\/posts"}],"about":[{"href":"https:\/\/starke-meinungen.de\/blog\/wp-json\/wp\/v2\/types\/post"}],"author":[{"embeddable":true,"href":"https:\/\/starke-meinungen.de\/blog\/wp-json\/wp\/v2\/users\/13"}],"replies":[{"embeddable":true,"href":"https:\/\/starke-meinungen.de\/blog\/wp-json\/wp\/v2\/comments?post=4369"}],"version-history":[{"count":5,"href":"https:\/\/starke-meinungen.de\/blog\/wp-json\/wp\/v2\/posts\/4369\/revisions"}],"predecessor-version":[{"id":4374,"href":"https:\/\/starke-meinungen.de\/blog\/wp-json\/wp\/v2\/posts\/4369\/revisions\/4374"}],"wp:attachment":[{"href":"https:\/\/starke-meinungen.de\/blog\/wp-json\/wp\/v2\/media?parent=4369"}],"wp:term":[{"taxonomy":"category","embeddable":true,"href":"https:\/\/starke-meinungen.de\/blog\/wp-json\/wp\/v2\/categories?post=4369"},{"taxonomy":"post_tag","embeddable":true,"href":"https:\/\/starke-meinungen.de\/blog\/wp-json\/wp\/v2\/tags?post=4369"}],"curies":[{"name":"wp","href":"https:\/\/api.w.org\/{rel}","templated":true}]}}