

{"id":4359,"date":"2014-05-27T05:51:34","date_gmt":"2014-05-27T04:51:34","guid":{"rendered":"https:\/\/starke-meinungen.de\/blog\/?p=4359"},"modified":"2014-06-03T06:10:52","modified_gmt":"2014-06-03T05:10:52","slug":"gabriel-goes-google","status":"publish","type":"post","link":"https:\/\/starke-meinungen.de\/blog\/2014\/05\/27\/gabriel-goes-google\/","title":{"rendered":"Gabriel goes Google"},"content":{"rendered":"<p><!--[if gte mso 9]&gt;--><\/p>\n<p><!--[if gte mso 9]&gt;--><\/p>\n<p class=\"MsoNormal\"><span style=\"font-size: 14.0pt;font-family: Cambria;color: black\">Man muss es Frank Schirrmacher lassen: Wieder einmal ist es dem FAZ-Mitherausgeber gelungen, eine \u201egro\u00dfe Debatte\u201c aufzuziehen, dieses Mal die \u201eGoogle-Debatte\u201c. Um es vorwegzunehmen: sie ist ungef\u00e4hr so relevant wie die fr\u00fcheren von Schirrmacher aufgezogenen Debatten: um die Nanotechnik, die unsere Erde zu grauer Pampe reduzieren werde; um die Gentechnik, die dazu f\u00fchren werde, dass genetisch durchprogrammierte Designermenschen uns beherrschen; um das \u201eMethusalem-Komplott\u201c der Alten gegen die Jungen; um die Gefahr der Beherrschung von Medien und Politik durch Frauen; und zuletzt um die finstere Macht der Spieltheorie, die uns alle zu hirnlosen, aber konsumgeilen Egoisten mache. Die neue Debatte ist, mit einem Wort irrelevant. <\/span><\/p>\n<p class=\"MsoNormal\"><!--more--><\/p>\n<p class=\"MsoNormal\"><span style=\"font-size: 14.0pt;font-family: Cambria;color: black\">Keine der fr\u00fcheren Debatten hat zu irgendwelchen Ver\u00e4nderungen \u2013 nicht einmal zu Bewusstseinsver\u00e4nderungen &#8211; gef\u00fchrt, weil Schirrmacher keine realen Entwicklungen beschreibt, sondern Horrorszenarien entwirft. Aber das macht im Schirrmacher\u2019schen Kalk\u00fcl gar nichts. Hauptsache, der gro\u00dfe Zampano steht im Mittelpunkt.<\/span><\/p>\n<p class=\"MsoNormal\"><span style=\"font-size: 14.0pt;font-family: Cambria;color: black\">\u00a0<\/span><\/p>\n<p class=\"MsoNormal\"><span style=\"font-size: 14.0pt;font-family: Cambria;color: black\">Nun hat sich in der Google-Debatte SPD-Chef Sigmar Gabriel zu Wort gemeldet. Sein Beitrag erschien kurz vor der Europawahl, und die Platzierung muss als direkte Wahlhilfe verstanden werden. Einige Wochen zuvor hatte sich auch der \u201eSpitzenkandidat\u201c der SPD, Martin Schultz, mit einem Beitrag zu Wort gemeldet. Es ist \u00fcberhaupt interessant, wie die Google-Alarmisten die SPD als Partei des Staatsinterventionismus umwerben. Dabei hat die SPD in der Regierung kein f\u00fcr den Datenschutz relevantes Ministerium oder Amt. Inneres und Verteidigung sind ja in der Hand der Union. Das von der SPD geleitete Justizministerium, das theoretisch f\u00fcr entsprechende Gesetze zust\u00e4ndig w\u00e4re, hat<span>\u00a0 <\/span>nicht einmal ein eigenes Referat zum Thema Internet-Recht und Cybersicherheit. Und das von der SPD geleitete Sozialministerium verwaltet die vermutlich gr\u00f6\u00dfte ungesch\u00fctzte Sammlung pers\u00f6nlicher Daten der Welt, wo die empfindlichsten Daten \u00fcber jeden gespeichert werden, der jemals einen Antrag auf Hartz IV, Wohngeld, Kindergeld oder dergleichen gestellt hat, und auf die jeder Jobcenter-Mitarbeiter \u00fcberall in Deutschland \u2013 und damit jeder halbwegs geschickte Hacker \u2013 Zugriff hat.<\/span><\/p>\n<p class=\"MsoNormal\"><span style=\"font-size: 14.0pt;font-family: Cambria;color: black\">\u00a0<\/span><\/p>\n<p class=\"MsoNormal\"><span style=\"font-size: 14.0pt;font-family: Cambria;color: black\">Hier ist zun\u00e4chst der Beitrag von Sigmar Gabriel. Wie \u00fcblich, wenn sich ein deutscher Minister zu Wort meldet, bestehen<span>\u00a0 <\/span>zwei Drittel des Beitrags aus textbausteingeneriertem Wortgeklingel, das man getrost \u00fcberspringen kann, aber etwa ab Seite vier wird es konkret:<\/span><\/p>\n<p class=\"MsoNormal\"><span style=\"font-size: 14.0pt;font-family: Cambria;color: black\">\u00a0<\/span><\/p>\n<p class=\"MsoNormal\"><span style=\"font-size: 14.0pt;font-family: Cambria;color: black\"><a title=\"http:\/\/www.faz.net\/aktuell\/feuilleton\/debatten\/die-digital-debatte\/sigmar-gabriel-konsequenzen-der-google-debatte-12941865.html\" href=\"http:\/\/www.faz.net\/aktuell\/feuilleton\/debatten\/die-digital-debatte\/sigmar-gabriel-konsequenzen-der-google-debatte-12941865.html\">http:\/\/www.faz.net\/aktuell\/feuilleton\/debatten\/die-digital-debatte\/sigmar-gabriel-konsequenzen-der-google-debatte-12941865.html<\/a><\/span><\/p>\n<p class=\"MsoNormal\"><span style=\"font-size: 14.0pt;font-family: Cambria;color: black\">\u00a0<\/span><\/p>\n<p class=\"MsoNormal\"><span style=\"font-size: 14.0pt;font-family: Cambria;color: black\">Will man mit Schirrmacher Schritt halten, der alle paar Monate einen neuen Abschnitt der Weltgeschichte ausruft, darf man rhetorisch nicht mit zu kleiner M\u00fcnze zahlen.<span>\u00a0 <\/span>Es geht also laut Gabriel um nichts Geringeres als die Zukunft der Freiheit in Europa:<\/span><\/p>\n<p class=\"MsoNormal\"><span style=\"font-size: 14.0pt;font-family: Cambria;color: black\">\u00a0<\/span><\/p>\n<p class=\"MsoNormal\"><span style=\"font-size: 14.0pt;font-family: Cambria;color: black\">\u201eWir haben die naive und spielerische Phase des Internets hinter uns gelassen. Wir sehen klarer: Die Gefahren der digitalen Revolution liegen zum einen in autorit\u00e4ren oder gar totalit\u00e4ren Tendenzen, die den M\u00f6glichkeiten der Technologie selbst innewohnen, zum anderen darin, dass neue Monopolm\u00e4chte Recht und Gesetz aush\u00f6hlen. Es geht also um nicht weniger als die Zukunft der Demokratie im Zeitalter der Digitalisierung und damit um Freiheit, Emanzipation, Teilhabe und Selbstbestimmung von 500 Millionen Menschen in Europa.\u201c<\/span><\/p>\n<p class=\"MsoNormal\"><span style=\"font-size: 14.0pt;font-family: Cambria;color: black\">\u00a0<\/span><\/p>\n<p class=\"MsoNormal\"><span style=\"font-size: 14.0pt;font-family: Cambria;color: black\">\u00dcberfl\u00fcssig also zu fragen, ob Gabriel es nicht eine Nummer kleiner habe. Wenn man aber fragt, was die Bundesregierung, deren Vizechef er ist, denn konkret tut, um die Zukunft der Demokratie zu sichern, merkt man, dass Gabriel seine eigenen Worte f\u00fcr Blabla h\u00e4lt. Anders gesagt: in L\u00e4ndern wie Israel oder den USA sind Tausende von Menschen mit Fragen der Cybersicherheit besch\u00e4ftigt, innerhalb und au\u00dferhalb der Regierung. In Deutschland sind es amtlicherseits auf Bundesebene ein paar Dutzend. Was, wenn es wirklich um die Zukunft der Demokratie ginge, doch ein bisschen wenig w\u00e4re, zumal es auf Landesebene wieder \u00fcberall ein paar Dutzend Leute gibt, die haupts\u00e4chlich damit besch\u00e4ftigt sind, zu verhindern, dass die relevanten Bundesministerien zu viele Kompetenzen bekommen. <\/span><\/p>\n<p class=\"MsoNormal\"><span style=\"font-size: 14.0pt;font-family: Cambria;color: black\">\u00a0<\/span><\/p>\n<p class=\"MsoNormal\"><span style=\"font-size: 14.0pt;font-family: Cambria;color: black\">Egal. Hauptsache die Phrasenmaschine funktioniert:<\/span><\/p>\n<p class=\"MsoNormal\"><span style=\"font-size: 14.0pt;font-family: Cambria;color: black\">\u00a0<\/span><\/p>\n<p class=\"MsoNormal\"><span style=\"font-size: 14.0pt;font-family: Cambria;color: black\">\u201eEuropa steht f\u00fcr das Gegenteil dieser totalit\u00e4ren Idee, jedes Detail menschlichen Verhaltens, menschlicher Emotionen und menschlicher Gedanken zum Objekt kapitalistischer Vermarktungsstrategien zu machen. Zur W\u00fcrde des Menschen geh\u00f6rt vor allem sein Selbstbestimmungsrecht auch und gerade \u00fcber seine pers\u00f6nlichen Daten. Und Marktwirtschaft ist f\u00fcr uns etwas anderes als ein \u201eHalsabschneider-Wettbewerb\u201c, bei dem die schier unbegrenzte Marktmacht des einen allen anderen die Bedingungen zur Marktteilnahme vorschreiben kann.\u201c<\/span><\/p>\n<p class=\"MsoNormal\"><span style=\"font-size: 14.0pt;font-family: Cambria;color: black\">\u00a0<\/span><\/p>\n<p class=\"MsoNormal\"><span style=\"font-size: 14.0pt;font-family: Cambria;color: black\">Diese Passage muss man sich auf der Zunge zergehen lassen. Konfrontiert mit neuen Herausforderungen, greift der SPD Chef auf die abgenutzten rhetorischen Figuren zur\u00fcck, die er seit seinen Juso-Tagen im Schlaf aufsagen kann: \u201ekapitalistische Vermarktungsstrategien\u201c, \u201eHalsabschneider-Wettbewerb\u201c, \u201eunbegrenzte Marktmacht\u201c. Um einmal zu ermessen, wie wenig Gabriel \u00fcberhaupt von der Materie versteht, muss man sich vor Augen f\u00fchren, worin Experten die Hauptgefahren des Netzes sehen:<\/span><\/p>\n<p class=\"MsoNormal\"><span style=\"font-size: 14.0pt;font-family: Cambria;color: black\">\u00a0<\/span><\/p>\n<p class=\"MsoNormal\"><span style=\"font-size: 14.0pt;font-family: Cambria;color: black\">1. Cyber-Kriminalit\u00e4t: Von der Kinderpornografie \u00fcber die Erpressung bis hin zum Diebstahl von Bank- und Kreditkarteninformationen: Hier sind professionelle Banden unterwegs, die im quasi-gesetzlosen<span>\u00a0 <\/span>Raum Osteuropas angesiedelt sind und Tag f\u00fcr Tag der Volkswirtschaft insgesamt und Millionen von Individuen Schaden zuf\u00fcgen. Fast jeder hat bereits erlebt, dass mit seiner Kreditkarte \u2013 angeblich \u2013 jemand auf Mallorca oder in London auf Einkaufstour war. W\u00e4hrend sich Gabriel echauffiert \u00fcber die relativ unschuldigen Daten, mit denen Google, Amazon und Co. ihre Gesch\u00e4fte machen wollen (was habe ich wo eingekauft, wie alt bin ich, welche Themen habe ich recherchiert), werden t\u00e4glich harte Daten (Kontonummern, Passw\u00f6rter usw.) geklaut und zum Schaden der B\u00fcrger eingesetzt. <\/span><\/p>\n<p class=\"MsoNormal\"><span style=\"font-size: 14.0pt;font-family: Cambria;color: black\">\u00a0<\/span><\/p>\n<p class=\"MsoNormal\"><span style=\"font-size: 14.0pt;font-family: Cambria;color: black\">2. Terrorismus seitens staatlicher und nichtstaatlicher Akteure: Jeder kennt STUXNET, den Computervirus, mit dem es israelischen und amerikanischen Cyberkriegen gelang, das iranische Atomwaffenprogramm zeitweise lahm zu legen (und der auch bei einer deutschen Gro\u00dffirma auftauchte, die angeblich nicht mit den Iranern zusammenarbeitet). Glaubt irgendjemand, nur die Israelis und Amerikaner w\u00fcrden an solchen Viren arbeiten? Man stelle sich vor, Terroristen w\u00fcrden einen deutschen Atomreaktor, das deutsche Stromnetz, die deutsche Flugsicherung oder die deutsche Bahn ins Visier nehmen: Wie gut gesichert sind diese hochempfindlichen Daten? <\/span><\/p>\n<p class=\"MsoNormal\"><span style=\"font-size: 14.0pt;font-family: Cambria;color: black\">\u00a0<\/span><\/p>\n<p class=\"MsoNormal\"><span style=\"font-size: 14.0pt;font-family: Cambria;color: black\">3. Ausl\u00e4ndische Geheimdienste: Und ich meine nicht nur die NSA. Himmelherrgottnochmal, es sind vielleicht Schurken, aber wenigstens sind sie auf unserer Seite! Was ist mit Russland, was ist mit China? Unsere Blau\u00e4ugigkeit geht hinunter in die banalsten Details: Der SPD-Abgeordnete Edathy hatte vertrauliche Unterlagen des NSU-Untersuchungsausschusses \u2013 neben Kinderpornos f\u00fcr den privaten Gebrauch \u2013 auf seinem Laptop, den er im ICE liegen lie\u00df und der bisher verschwunden bleibt, ebenso wie Edathy selber. Ist er ein Einzelfall? <span>\u00a0<\/span><\/span><\/p>\n<p class=\"MsoNormal\"><span style=\"font-size: 14.0pt;font-family: Cambria;color: black\">Oder: In Berlin baut der BND eine riesige neue Zentrale. Die Baustelle wird, zum Schutz vor Satellitenkameras, mit einer Plane abgedeckt. So weit, so gut. Aber bewacht wird dieses hochempfindliche Gel\u00e4nde von einer stinknormalen privaten Sicherheitsfirma. Nehmen wir an, jemand wollte unbedingt in den Kabelsch\u00e4chten irgendwelche Ger\u00e4te zum Abfischen von Daten installieren, oder auch nur den Verlauf dieser Kabelsch\u00e4chte kennen \u2013 wie viel verdient so ein Wachmann? Glauben wir ernsthaft, keiner dieser unterbezahlten Leute sei bestechlich? <\/span><\/p>\n<p class=\"MsoNormal\"><span style=\"font-size: 14.0pt;font-family: Cambria;color: black\">\u00a0<\/span><\/p>\n<p class=\"MsoNormal\"><span style=\"font-size: 14.0pt;font-family: Cambria;color: black\">4. Produktpiraterie und Industriespionage: Im Zusammenhang mit der NSA-Aff\u00e4re waren deutsche Politiker schnell mit dem Verdacht zur Hand, die US-Dienste w\u00fcrden Industriespionage betreiben und die Ergebnisse amerikanischen Firmen zuspielen. Freilich wurde daf\u00fcr nicht ein einziger Beweis auf den Tisch gelegt. Was nicht hei\u00dft, dass es keine staatliche Industriespionage gebe, dies passiert jedoch haupts\u00e4chlich in L\u00e4ndern, in denen Staat und Wirtschaft eine Einheit bilden. Soeben haben die USA f\u00fcnf chinesische Milit\u00e4rs wegen Industriespionage angeklagt. Wissen wir in Deutschland, wer die f\u00fcr uns zust\u00e4ndigen chinesischen Spione sind? OK, wenn ein Airbus-Manager, wie k\u00fcrzlich geschehen,<span>\u00a0 <\/span>sein Laptop mit den Pl\u00e4nen des neuesten Flugzeugs darauf irgendwo liegen l\u00e4sst, kann man nichts machen. Oder vielleicht doch? Haben die relevanten Firmen entsprechende Sicherheitsprotokolle, damit solche Unterlagen sich selbst l\u00f6schen, wenn bestimmte Abl\u00e4ufe nicht eingehalten werden?\u00a0<\/span><\/p>\n<p class=\"MsoNormal\"><span style=\"font-size: 14.0pt;font-family: Cambria;color: black\">\u00a0<\/span><\/p>\n<p class=\"MsoNormal\"><span style=\"font-size: 14.0pt;font-family: Cambria;color: black\">Ich habe die vier gr\u00f6\u00dften Gefahren im Bereich der Datensicherheit \u2013 der Cybersecurity \u2013 genannt, weil Gabriel vier Punkte nennt, die \u2013 \u00dcberraschung! \u2013 nichts mit diesen realen Gefahren zu tun haben: <\/span><\/p>\n<p class=\"MsoNormal\"><span style=\"font-size: 14.0pt;font-family: Cambria;color: black\">\u00a0<\/span><\/p>\n<p class=\"MsoNormal\"><span style=\"font-size: 14.0pt;font-family: Cambria;color: black\">\u201eErstens: Wir m\u00fcssen den B\u00fcrgern die Verf\u00fcgungsmacht \u00fcber den Gebrauch der digitalen Technologie sichern und, wo sie schon entglitten ist, zur\u00fcckerobern. Das Demokratiegebot, die Fundamentalnorm jeder freiheitlichen Verfassung, dass jeder selbst \u00fcber sein Schicksal entscheide, muss auch im Datenzeitalter gelten, wo jeder selbst dar\u00fcber befinden soll, wie viele Informationen er \u00fcber sich selbst in Umlauf setzt. Wo diese Freiheit eingeschr\u00e4nkt wird, um zum Beispiel Meldepflichten oder Strafverfolgung zu erm\u00f6glichen, muss dies aufgrund eines Gesetzes und in \u00dcbereinstimmung mit der Verfassung geschehen.\u201c<\/span><\/p>\n<p class=\"MsoNormal\"><span style=\"font-size: 14.0pt;font-family: Cambria;color: black\">\u00a0<\/span><\/p>\n<p class=\"MsoNormal\"><span style=\"font-size: 14.0pt;font-family: Cambria;color: black\">Jeder soll selbst entscheiden, wie viele Informationen er \u00fcber sich selbst in Umlauf setzt, so Gabriel. Aber das tue ich doch l\u00e4ngst. Ich muss weder bei Amazon einkaufen noch bei Google recherchieren oder auf Facebook posten. Ich brauche meinem Smartphone nicht die Nutzung meiner gegenw\u00e4rtigen Aufenthaltskoordinaten zu erlauben. <\/span><\/p>\n<p class=\"MsoNormal\"><span style=\"font-size: 14.0pt;font-family: Cambria;color: black\">Interessant ist allerdings, was Gabriel sozusagen im Kleingedruckten bel\u00e4sst und also nicht \u00e4ndern will. Zum Beispiel die Meldepflicht, die man in demokratischen L\u00e4ndern nicht kennt. Wenn Sie in einem deutschen Hotel einchecken, m\u00fcssen Sie Ihren Ausweis vorzeigen und einen Meldeschein ausf\u00fcllen. Wissen Sie, was mit den Daten passiert? Wie lange sie gespeichert werden? Und wozu? Aber Sie sind doch gegen \u201eVorratsdatenspeicherung\u201c ohne konkreten Verdacht? Warum lassen Sie sich so etwas gefallen?<\/span><\/p>\n<p class=\"MsoNormal\"><span style=\"font-size: 14.0pt;font-family: Cambria;color: black\">Was Gabriel nicht abschaffen will, sind die \u201eVerfassungsschutz\u00e4mter\u201c des Bundes und der L\u00e4nder, deren tagt\u00e4gliche Aufgabe der Bruch der Verfassung ist, n\u00e4mlich das Sammeln von Daten \u00fcber politisch abweichende Gedanken der B\u00fcrger, und nebenbei das Steuern rechtsextremer Parteien und die Bezahlung ihrer Funktion\u00e4re. <\/span><\/p>\n<p class=\"MsoNormal\"><span style=\"font-size: 14.0pt;font-family: Cambria;color: black\">Kurzum: Google soll gezwungen werden k\u00f6nnen, Informationen zu vergessen, die \u2013 sagen wir \u2013 Sigmar Gabriel \u201enicht selbst in Umlauf gebracht hat\u201c; aber ich kann bis heute den Verfassungsschutz nicht zwingen, die Leute zu benennen, die \u00fcber mich Informationen in Umlauf gebracht haben, die dann als \u201eErkenntnisse\u201c des Amts bei meinem Berufsverbotsverfahren vorgelegt wurden. Und wer arbeitslos geworden ist und staatliche Unterst\u00fctzung beauftragt hat, muss damit leben, dass seine Adresse, seine Einkommens-, Wohn-, Familien- und eventuell<span>\u00a0 <\/span>Liebesverh\u00e4ltnisse (\u201everheiratet, zwei Kinder, lebt aber nicht mit seiner Frau, sondern &#8230;\u201c), seine Krankheiten und Charakterschw\u00e4chen (\u201eHerr B. macht den Eindruck eines cholerischen Einzelg\u00e4ngers&#8230;\u201c) weiterhin jedermann zug\u00e4nglich sind. Ein Schelm, wer sich dabei was denkt.<\/span><\/p>\n<p class=\"MsoNormal\"><span style=\"font-size: 14.0pt;font-family: Cambria;color: black\">\u00a0<\/span><\/p>\n<p class=\"MsoNormal\"><span style=\"font-size: 14.0pt;font-family: Cambria;color: black\">\u201eZweitens: Die Wirtschaftspolitik steht vor der fundamentalen Herausforderung, die Ordnung der Sozialen Marktwirtschaft auf die H\u00f6he des digitalen Zeitalters zu bringen. Konstitutive Elemente dieser Ordnung stehen in Frage: Die Vertragsfreiheit und der freie Wettbewerb drohen zur Schim\u00e4re zu werden, wo die Ungleichheit zwischen den Wirtschaftssubjekten absurde Ausma\u00dfe annimmt, wo in neufeudaler Selbstherrlichkeit auftretende Monopolisten sich rechtsstaatlichen Regeln entziehen und notwendige Informationen verweigern. Der klassische Eigentumsbegriff bekommt Risse, wo Gratisangebote ganze auf bezahlten G\u00fctern fu\u00dfende M\u00e4rkte zerst\u00f6ren oder die unautorisierte Kopie und Verf\u00fcgbarmachung von Inhalten den Urheber enteignet. Ordnungspolitik ist also gefordert, wo nach der Finanzmarktkrise ein weiteres Mal regellose M\u00e4rkte und ma\u00dflose Marktakteure gro\u00dfen Schaden anzurichten drohen.\u201c<\/span><\/p>\n<p class=\"MsoNormal\"><span style=\"font-size: 14.0pt;font-family: Cambria;color: black\">\u00a0<\/span><\/p>\n<p class=\"MsoNormal\"><span style=\"font-size: 14.0pt;font-family: Cambria;color: black\">Hm, ja. Wenn man die gro\u00dfen Worte abzieht, steht da im Wesentlichen, dass Gabriel gegen Gratisangebote ist. Was die deutschen Zeitungsverleger gern h\u00f6ren werden, obwohl auch sie gern Gratisangebote machen, wenn sie mit Werbeeinnahmen finanziert werden k\u00f6nnen, siehe diverse Hochglanzbeilagen. Aber nat\u00fcrlich \u201ebekommt der klassische Eigentumsbegriff Risse\u201c. Und die wird man nicht auf Dauer kitten k\u00f6nnen, sondern muss sich eben neue Gesch\u00e4ftsmodelle ausdenken, die nicht auf dem \u201eklassischen Eigentumsbegriff\u201c und auf \u201ebezahlten G\u00fctern\u201c fu\u00dfen. Das hat zum Beispiel Google getan. Und deshalb hasst man Google. \u201eWirtschaftsministerium und Bundeskartellamt pr\u00fcfen, ob ein Unternehmen wie Google seine marktbeherrschende Stellung missbraucht, um durch die Beherrschung einer \u201eessential facility\u201c, einer wesentlichen Infrastruktur, Wettbewerber systematisch zu verdr\u00e4ngen. Eine Entflechtung, wie sie bei Strom- und Gasnetzen durchgesetzt wurde, muss dabei ernsthaft erwogen werden. Sie kann aber nur <em>ultima ratio<\/em> sein. Wir fassen deshalb zuerst eine kartellrechts\u00e4hnliche Regulierung von Internetplattformen ins Auge.\u201c<\/span><\/p>\n<p class=\"MsoNormal\"><span style=\"font-size: 14.0pt;font-family: Cambria;color: black\">\u00a0<\/span><\/p>\n<p class=\"MsoNormal\"><span style=\"font-size: 14.0pt;font-family: Cambria;color: black\">Auch die Verwendung eines englischen Begriffs \u2013 \u201eessential facility\u201c \u2013 macht diese Passage nicht kl\u00fcger. Google als Suchmaschine hat in Deutschland zwar einen Marktanteil von 91 Prozent (in den USA sind es nur 67 Prozent). Aber als Browser \u2013 als \u201eInternetplattform\u201c, um mit Gabriel zu reden \u2013 hat die Firma mit Google Chrome in Deutschland nicht einmal 24 Prozent Marktanteil. Hier liegt Mozilla mit Firefox weit vorn, mit 45 Prozent. Was soll also die Drohung mit einem gegen Googles \u201eInternetplattform\u201c gerichteten kartellrechtlichen Vorgehen? Wovon redet Gabriel? Von Dingen, von denen er nicht einmal die elementarsten Kenntnisse hat. Es ist zum Fremdsch\u00e4men.<\/span><\/p>\n<p class=\"MsoNormal\"><span style=\"font-size: 14.0pt;font-family: Cambria;color: black\">\u00a0<\/span><\/p>\n<p class=\"MsoNormal\"><span style=\"font-size: 14.0pt;font-family: Cambria;color: black\">\u201eDrittens: Wir brauchen ein Stoppschild f\u00fcr Steuerdumping. Mindestbesteuerung in Europa ist ein Thema f\u00fcr die H\u00fcter des Wettbewerbs in der digitalen \u00c4ra. Es kann doch nicht sein, dass der Internethandel durch aggressive Verlagerung der Gewinne in Steueroasen und Steuerunterbietungsl\u00e4nder radikal der Besteuerung ausweicht, w\u00e4hrend die normalen Einzelh\u00e4ndler vor Ort, die sich an die Regeln halten, zugrunde gehen.\u201c<\/span><\/p>\n<p class=\"MsoNormal\"><span style=\"font-size: 14.0pt;font-family: Cambria;color: black\">\u00a0<\/span><\/p>\n<p class=\"MsoNormal\"><span style=\"font-size: 14.0pt;font-family: Cambria;color: black\">Gut. Hier ist Gabriel endlich ganz bei sich. Steuern und Abgaben, davon versteht er etwas. Man kann sich \u00fcber Vokabeln wie \u201eaggressive Verlagerung von Gewinnen\u201c am\u00fcsieren, aber dass die \u2013 sagen wir \u2013 Steuervermeidung gro\u00dfer Verdiener ein Problem ist, soll nicht geleugnet werden. Ist allerdings auch kein wirklich neues Problem. Bei \u201eMindestbesteuerung in Europa\u201c und dem Schimpfen auf \u201eSteuerunterbietungsl\u00e4nder\u201c sollte man freilich aufhorchen. Es ist f\u00fcr viele L\u00e4nder innerhalb und au\u00dferhalb der EU schwer, sich gegen die deutsche Industrie- und Exportmaschine zu behaupten. Eine M\u00f6glichkeit ist der Steuerwettbewerb. Offensichtlich will Gabriel unter dem Vorwand, es gehe gegen Google (dessen Hauptsitz im Hochsteuerland Kalifornien liegt), den schw\u00e4cheren L\u00e4ndern auch diesen Vorteil aus der Hand schlagen. <\/span><\/p>\n<p class=\"MsoNormal\"><span style=\"font-size: 14.0pt;font-family: Cambria;color: black\">\u00dcbrigens lenkt Gabriel vom Hauptproblem des Internethandels ab, wenn er meint, \u201edie normalen Einzelh\u00e4ndler vor Ort\u201c w\u00fcrden eingehen, weil sie sich dem Finanzamt nicht entziehen k\u00f6nnen, w\u00e4hrend der Internethandel \u201eaggressiv\u201c das Steuerzahlen meidet. W\u00e4re dem so, k\u00f6nnte der Gesetzgeber mit einer \u201eaggressiven\u201c Steuerpolitik zugunsten des Einzelhandels antworten, so wie er es bereits zugunsten der Hoteliers getan hat. Das Problem etwa beim Buchhandel liegt aber woanders:<span>\u00a0 <\/span>Warum soll ich in ein Buchgesch\u00e4ft gehen, wenn ich in vielen F\u00e4llen weder das Buch bekommen werde, das ich suche, noch eine gute Beratung erhalte? Bei Amazon bekomme ich zu jedem Buch meistens mehrere \u2013 auch antiquarische \u2013 Angebote und zweitens dank der Leserrezensionen oft ziemlich gute Ausk\u00fcnfte zur Qualit\u00e4t. Hinzu kommt: Dank der Buchpreisbindung sind auch E-Books deutscher Autoren oder in deutscher \u00dcbersetzung oft doppelt so teuer wie B\u00fccher englischsprachiger Autoren. Das ist auf Dauer kein haltbares Gesch\u00e4ftsmodell. Dazu wei\u00df Gabriel nichts zu sagen, weil ihn als Sozialdemokrat Gesch\u00e4ftsmodelle nicht interessieren. Es ist schon bezeichnend, dass der SPD-Chef mit gro\u00dfen Worten \u00fcber die Zukunft der Demokratie beginnt und schon beim dritten konkreten Punkt<span>\u00a0 <\/span>bei seinem Lieblingsthema ist: Steuern.<\/span><\/p>\n<p class=\"MsoNormal\"><span style=\"font-size: 14.0pt;font-family: Cambria;color: black\">\u00a0<\/span><\/p>\n<p class=\"MsoNormal\"><span style=\"font-size: 14.0pt;font-family: Cambria;color: black\">\u201eViertens: Wir m\u00fcssen eine Ordnung der Arbeit formulieren, in der die \u201eClickworker\u201c nicht zu den rechtlosen Tagel\u00f6hnern der digitalen Moderne werden.\u201c<\/span><\/p>\n<p class=\"MsoNormal\"><span style=\"font-size: 14.0pt;font-family: Cambria;color: black\">\u00a0<\/span><\/p>\n<p class=\"MsoNormal\"><span style=\"font-size: 14.0pt;font-family: Cambria;color: black\">Da hat Sigmar Gabriel Recht. Da ist ihm uneingeschr\u00e4nkt zuzustimmen. Das beobachte ich Tag f\u00fcr Tag. Was ausgerechnet Google daf\u00fcr kann, ist mir allerdings ein R\u00e4tsel.\u00a0<\/span><\/p>\n<p><!--[if gte mso 9]&gt;--><\/p>\n<p><!--[if gte mso 10]&gt;--><\/p>\n<p>&nbsp;<\/p>\n<div class=\"shariff shariff-align-left shariff-widget-align-left shariff-buttonstretch\" style=\"display:none\"><ul class=\"shariff-buttons theme-white orientation-horizontal buttonsize-medium\"><li class=\"shariff-button facebook shariff-nocustomcolor\" style=\"background-color:#4273c8\"><a href=\"https:\/\/www.facebook.com\/sharer\/sharer.php?u=https%3A%2F%2Fstarke-meinungen.de%2Fblog%2F2014%2F05%2F27%2Fgabriel-goes-google%2F\" title=\"Bei Facebook teilen\" aria-label=\"Bei Facebook teilen\" role=\"button\" rel=\"nofollow\" class=\"shariff-link\" style=\"; background-color:#3b5998; color:#3b5998\" target=\"_blank\"><span class=\"shariff-icon\" style=\"fill:#3b5998\"><svg width=\"32px\" height=\"20px\" xmlns=\"http:\/\/www.w3.org\/2000\/svg\" viewBox=\"0 0 18 32\"><path fill=\"#3b5998\" d=\"M17.1 0.2v4.7h-2.8q-1.5 0-2.1 0.6t-0.5 1.9v3.4h5.2l-0.7 5.3h-4.5v13.6h-5.5v-13.6h-4.5v-5.3h4.5v-3.9q0-3.3 1.9-5.2t5-1.8q2.6 0 4.1 0.2z\"\/><\/svg><\/span><span class=\"shariff-text\" style=\"color:#3b5998\">teilen<\/span>&nbsp;<\/a><\/li><li class=\"shariff-button twitter shariff-nocustomcolor\" style=\"background-color:#595959\"><a href=\"https:\/\/twitter.com\/share?url=https%3A%2F%2Fstarke-meinungen.de%2Fblog%2F2014%2F05%2F27%2Fgabriel-goes-google%2F&text=Gabriel%20goes%20Google&via=starkemeinungen\" title=\"Bei X teilen\" aria-label=\"Bei X teilen\" role=\"button\" rel=\"noopener nofollow\" class=\"shariff-link\" style=\"; background-color:#000; color:#000\" target=\"_blank\"><span class=\"shariff-icon\" style=\"fill:#000\"><svg width=\"32px\" height=\"20px\" xmlns=\"http:\/\/www.w3.org\/2000\/svg\" viewBox=\"0 0 24 24\"><path fill=\"#000\" d=\"M14.258 10.152L23.176 0h-2.113l-7.747 8.813L7.133 0H0l9.352 13.328L0 23.973h2.113l8.176-9.309 6.531 9.309h7.133zm-2.895 3.293l-.949-1.328L2.875 1.56h3.246l6.086 8.523.945 1.328 7.91 11.078h-3.246zm0 0\"\/><\/svg><\/span><span class=\"shariff-text\" style=\"color:#000\">teilen<\/span>&nbsp;<\/a><\/li><li class=\"shariff-button linkedin shariff-nocustomcolor\" style=\"background-color:#1488bf\"><a href=\"https:\/\/www.linkedin.com\/sharing\/share-offsite\/?url=https%3A%2F%2Fstarke-meinungen.de%2Fblog%2F2014%2F05%2F27%2Fgabriel-goes-google%2F\" title=\"Bei LinkedIn teilen\" aria-label=\"Bei LinkedIn teilen\" role=\"button\" rel=\"noopener nofollow\" class=\"shariff-link\" style=\"; background-color:#0077b5; color:#0077b5\" target=\"_blank\"><span class=\"shariff-icon\" style=\"fill:#0077b5\"><svg width=\"32px\" height=\"20px\" xmlns=\"http:\/\/www.w3.org\/2000\/svg\" viewBox=\"0 0 27 32\"><path fill=\"#0077b5\" d=\"M6.2 11.2v17.7h-5.9v-17.7h5.9zM6.6 5.7q0 1.3-0.9 2.2t-2.4 0.9h0q-1.5 0-2.4-0.9t-0.9-2.2 0.9-2.2 2.4-0.9 2.4 0.9 0.9 2.2zM27.4 18.7v10.1h-5.9v-9.5q0-1.9-0.7-2.9t-2.3-1.1q-1.1 0-1.9 0.6t-1.2 1.5q-0.2 0.5-0.2 1.4v9.9h-5.9q0-7.1 0-11.6t0-5.3l0-0.9h5.9v2.6h0q0.4-0.6 0.7-1t1-0.9 1.6-0.8 2-0.3q3 0 4.9 2t1.9 6z\"\/><\/svg><\/span><span class=\"shariff-text\" style=\"color:#0077b5\">teilen<\/span>&nbsp;<\/a><\/li><li class=\"shariff-button xing shariff-nocustomcolor\" style=\"background-color:#29888a\"><a href=\"https:\/\/www.xing.com\/spi\/shares\/new?url=https%3A%2F%2Fstarke-meinungen.de%2Fblog%2F2014%2F05%2F27%2Fgabriel-goes-google%2F\" title=\"Bei XING teilen\" aria-label=\"Bei XING teilen\" role=\"button\" rel=\"noopener nofollow\" class=\"shariff-link\" style=\"; background-color:#126567; color:#126567\" target=\"_blank\"><span class=\"shariff-icon\" style=\"fill:#126567\"><svg width=\"32px\" height=\"20px\" xmlns=\"http:\/\/www.w3.org\/2000\/svg\" viewBox=\"0 0 25 32\"><path fill=\"#126567\" d=\"M10.7 11.9q-0.2 0.3-4.6 8.2-0.5 0.8-1.2 0.8h-4.3q-0.4 0-0.5-0.3t0-0.6l4.5-8q0 0 0 0l-2.9-5q-0.2-0.4 0-0.7 0.2-0.3 0.5-0.3h4.3q0.7 0 1.2 0.8zM25.1 0.4q0.2 0.3 0 0.7l-9.4 16.7 6 11q0.2 0.4 0 0.6-0.2 0.3-0.6 0.3h-4.3q-0.7 0-1.2-0.8l-6-11.1q0.3-0.6 9.5-16.8 0.4-0.8 1.2-0.8h4.3q0.4 0 0.5 0.3z\"\/><\/svg><\/span><span class=\"shariff-text\" style=\"color:#126567\">teilen<\/span>&nbsp;<\/a><\/li><li class=\"shariff-button whatsapp shariff-nocustomcolor\" style=\"background-color:#5cbe4a\"><a href=\"https:\/\/api.whatsapp.com\/send?text=https%3A%2F%2Fstarke-meinungen.de%2Fblog%2F2014%2F05%2F27%2Fgabriel-goes-google%2F%20Gabriel%20goes%20Google\" title=\"Bei Whatsapp teilen\" aria-label=\"Bei Whatsapp teilen\" role=\"button\" rel=\"noopener nofollow\" class=\"shariff-link\" style=\"; background-color:#34af23; color:#34af23\" target=\"_blank\"><span class=\"shariff-icon\" style=\"fill:#34af23\"><svg width=\"32px\" height=\"20px\" xmlns=\"http:\/\/www.w3.org\/2000\/svg\" viewBox=\"0 0 32 32\"><path fill=\"#34af23\" d=\"M17.6 17.4q0.2 0 1.7 0.8t1.6 0.9q0 0.1 0 0.3 0 0.6-0.3 1.4-0.3 0.7-1.3 1.2t-1.8 0.5q-1 0-3.4-1.1-1.7-0.8-3-2.1t-2.6-3.3q-1.3-1.9-1.3-3.5v-0.1q0.1-1.6 1.3-2.8 0.4-0.4 0.9-0.4 0.1 0 0.3 0t0.3 0q0.3 0 0.5 0.1t0.3 0.5q0.1 0.4 0.6 1.6t0.4 1.3q0 0.4-0.6 1t-0.6 0.8q0 0.1 0.1 0.3 0.6 1.3 1.8 2.4 1 0.9 2.7 1.8 0.2 0.1 0.4 0.1 0.3 0 1-0.9t0.9-0.9zM14 26.9q2.3 0 4.3-0.9t3.6-2.4 2.4-3.6 0.9-4.3-0.9-4.3-2.4-3.6-3.6-2.4-4.3-0.9-4.3 0.9-3.6 2.4-2.4 3.6-0.9 4.3q0 3.6 2.1 6.6l-1.4 4.2 4.3-1.4q2.8 1.9 6.2 1.9zM14 2.2q2.7 0 5.2 1.1t4.3 2.9 2.9 4.3 1.1 5.2-1.1 5.2-2.9 4.3-4.3 2.9-5.2 1.1q-3.5 0-6.5-1.7l-7.4 2.4 2.4-7.2q-1.9-3.2-1.9-6.9 0-2.7 1.1-5.2t2.9-4.3 4.3-2.9 5.2-1.1z\"\/><\/svg><\/span><span class=\"shariff-text\" style=\"color:#34af23\">teilen<\/span>&nbsp;<\/a><\/li><li class=\"shariff-button info shariff-nocustomcolor\" style=\"background-color:#a8a8a8\"><a href=\"http:\/\/ct.de\/-2467514\" title=\"Weitere Informationen\" aria-label=\"Weitere Informationen\" role=\"button\" rel=\"noopener \" class=\"shariff-link\" style=\"; background-color:#999; color:#999\" target=\"_blank\"><span class=\"shariff-icon\" style=\"fill:#999\"><svg width=\"32px\" height=\"20px\" xmlns=\"http:\/\/www.w3.org\/2000\/svg\" viewBox=\"0 0 11 32\"><path fill=\"#999\" d=\"M11.4 24v2.3q0 0.5-0.3 0.8t-0.8 0.4h-9.1q-0.5 0-0.8-0.4t-0.4-0.8v-2.3q0-0.5 0.4-0.8t0.8-0.4h1.1v-6.8h-1.1q-0.5 0-0.8-0.4t-0.4-0.8v-2.3q0-0.5 0.4-0.8t0.8-0.4h6.8q0.5 0 0.8 0.4t0.4 0.8v10.3h1.1q0.5 0 0.8 0.4t0.3 0.8zM9.2 3.4v3.4q0 0.5-0.4 0.8t-0.8 0.4h-4.6q-0.4 0-0.8-0.4t-0.4-0.8v-3.4q0-0.4 0.4-0.8t0.8-0.4h4.6q0.5 0 0.8 0.4t0.4 0.8z\"\/><\/svg><\/span><\/a><\/li><\/ul><\/div>","protected":false},"excerpt":{"rendered":"<p>Man muss es Frank Schirrmacher lassen: Wieder einmal ist es dem FAZ-Mitherausgeber gelungen, eine \u201egro\u00dfe Debatte\u201c aufzuziehen, dieses Mal die \u201eGoogle-Debatte\u201c. Um es vorwegzunehmen: sie ist ungef\u00e4hr so relevant wie die fr\u00fcheren von Schirrmacher aufgezogenen Debatten: um die Nanotechnik, die unsere Erde zu grauer Pampe reduzieren werde; um die Gentechnik, die dazu f\u00fchren werde, dass genetisch durchprogrammierte Designermenschen uns beherrschen;&#8230; <a href=\"https:\/\/starke-meinungen.de\/blog\/2014\/05\/27\/gabriel-goes-google\/\">Weiterlesen &raquo;<\/a><\/p>\n","protected":false},"author":13,"featured_media":0,"comment_status":"open","ping_status":"open","sticky":false,"template":"","format":"standard","meta":{"footnotes":""},"categories":[209],"tags":[2315,825,2314,94],"class_list":["post-4359","post","type-post","status-publish","format-standard","hentry","category-alan-posener","tag-cybersicherheit","tag-datenschutz","tag-google","tag-sigmar-gabriel"],"yoast_head":"<!-- This site is optimized with the Yoast SEO plugin v27.4 - https:\/\/yoast.com\/product\/yoast-seo-wordpress\/ -->\n<title>Gabriel goes Google - starke-meinungen.de<\/title>\n<meta name=\"robots\" content=\"index, follow, max-snippet:-1, max-image-preview:large, max-video-preview:-1\" \/>\n<link rel=\"canonical\" href=\"https:\/\/starke-meinungen.de\/blog\/2014\/05\/27\/gabriel-goes-google\/\" \/>\n<meta property=\"og:locale\" content=\"de_DE\" \/>\n<meta property=\"og:type\" content=\"article\" \/>\n<meta property=\"og:title\" content=\"Gabriel goes Google - starke-meinungen.de\" \/>\n<meta property=\"og:description\" content=\"Man muss es Frank Schirrmacher lassen: Wieder einmal ist es dem FAZ-Mitherausgeber gelungen, eine \u201egro\u00dfe Debatte\u201c aufzuziehen, dieses Mal die \u201eGoogle-Debatte\u201c. Um es vorwegzunehmen: sie ist ungef\u00e4hr so relevant wie die fr\u00fcheren von Schirrmacher aufgezogenen Debatten: um die Nanotechnik, die unsere Erde zu grauer Pampe reduzieren werde; um die Gentechnik, die dazu f\u00fchren werde, dass genetisch durchprogrammierte Designermenschen uns beherrschen;... Weiterlesen &raquo;\" \/>\n<meta property=\"og:url\" content=\"https:\/\/starke-meinungen.de\/blog\/2014\/05\/27\/gabriel-goes-google\/\" \/>\n<meta property=\"og:site_name\" content=\"starke-meinungen.de\" \/>\n<meta property=\"article:publisher\" content=\"https:\/\/www.facebook.com\/starkemeinungen\/\" \/>\n<meta property=\"article:published_time\" content=\"2014-05-27T04:51:34+00:00\" \/>\n<meta property=\"article:modified_time\" content=\"2014-06-03T05:10:52+00:00\" \/>\n<meta property=\"og:image\" content=\"https:\/\/starke-meinungen.de\/blog\/wp-content\/uploads\/starke-meinungen-fb-header.jpg\" \/>\n\t<meta property=\"og:image:width\" content=\"1200\" \/>\n\t<meta property=\"og:image:height\" content=\"630\" \/>\n\t<meta property=\"og:image:type\" content=\"image\/jpeg\" \/>\n<meta name=\"author\" content=\"Alan Posener\" \/>\n<meta name=\"twitter:card\" content=\"summary_large_image\" \/>\n<meta name=\"twitter:creator\" content=\"@starkemeinungen\" \/>\n<meta name=\"twitter:site\" content=\"@starkemeinungen\" \/>\n<meta name=\"twitter:label1\" content=\"Verfasst von\" \/>\n\t<meta name=\"twitter:data1\" content=\"Alan Posener\" \/>\n\t<meta name=\"twitter:label2\" content=\"Gesch\u00e4tzte Lesezeit\" \/>\n\t<meta name=\"twitter:data2\" content=\"12\u00a0Minuten\" \/>\n<script type=\"application\/ld+json\" class=\"yoast-schema-graph\">{\"@context\":\"https:\\\/\\\/schema.org\",\"@graph\":[{\"@type\":\"Article\",\"@id\":\"https:\\\/\\\/starke-meinungen.de\\\/blog\\\/2014\\\/05\\\/27\\\/gabriel-goes-google\\\/#article\",\"isPartOf\":{\"@id\":\"https:\\\/\\\/starke-meinungen.de\\\/blog\\\/2014\\\/05\\\/27\\\/gabriel-goes-google\\\/\"},\"author\":{\"name\":\"Alan Posener\",\"@id\":\"https:\\\/\\\/starke-meinungen.de\\\/blog\\\/#\\\/schema\\\/person\\\/32d0faef7c31a37c1c89be993d7a6d28\"},\"headline\":\"Gabriel goes Google\",\"datePublished\":\"2014-05-27T04:51:34+00:00\",\"dateModified\":\"2014-06-03T05:10:52+00:00\",\"mainEntityOfPage\":{\"@id\":\"https:\\\/\\\/starke-meinungen.de\\\/blog\\\/2014\\\/05\\\/27\\\/gabriel-goes-google\\\/\"},\"wordCount\":2468,\"commentCount\":31,\"publisher\":{\"@id\":\"https:\\\/\\\/starke-meinungen.de\\\/blog\\\/#organization\"},\"keywords\":[\"Cybersicherheit\",\"Datenschutz\",\"Google\",\"Sigmar Gabriel\"],\"articleSection\":[\"Alan Posener\"],\"inLanguage\":\"de\",\"potentialAction\":[{\"@type\":\"CommentAction\",\"name\":\"Comment\",\"target\":[\"https:\\\/\\\/starke-meinungen.de\\\/blog\\\/2014\\\/05\\\/27\\\/gabriel-goes-google\\\/#respond\"]}]},{\"@type\":\"WebPage\",\"@id\":\"https:\\\/\\\/starke-meinungen.de\\\/blog\\\/2014\\\/05\\\/27\\\/gabriel-goes-google\\\/\",\"url\":\"https:\\\/\\\/starke-meinungen.de\\\/blog\\\/2014\\\/05\\\/27\\\/gabriel-goes-google\\\/\",\"name\":\"Gabriel goes Google - starke-meinungen.de\",\"isPartOf\":{\"@id\":\"https:\\\/\\\/starke-meinungen.de\\\/blog\\\/#website\"},\"datePublished\":\"2014-05-27T04:51:34+00:00\",\"dateModified\":\"2014-06-03T05:10:52+00:00\",\"breadcrumb\":{\"@id\":\"https:\\\/\\\/starke-meinungen.de\\\/blog\\\/2014\\\/05\\\/27\\\/gabriel-goes-google\\\/#breadcrumb\"},\"inLanguage\":\"de\",\"potentialAction\":[{\"@type\":\"ReadAction\",\"target\":[\"https:\\\/\\\/starke-meinungen.de\\\/blog\\\/2014\\\/05\\\/27\\\/gabriel-goes-google\\\/\"]}]},{\"@type\":\"BreadcrumbList\",\"@id\":\"https:\\\/\\\/starke-meinungen.de\\\/blog\\\/2014\\\/05\\\/27\\\/gabriel-goes-google\\\/#breadcrumb\",\"itemListElement\":[{\"@type\":\"ListItem\",\"position\":1,\"name\":\"Startseite\",\"item\":\"https:\\\/\\\/starke-meinungen.de\\\/blog\\\/\"},{\"@type\":\"ListItem\",\"position\":2,\"name\":\"Gabriel goes Google\"}]},{\"@type\":\"WebSite\",\"@id\":\"https:\\\/\\\/starke-meinungen.de\\\/blog\\\/#website\",\"url\":\"https:\\\/\\\/starke-meinungen.de\\\/blog\\\/\",\"name\":\"starke-meinungen.de\",\"description\":\"Autoren-Blog\",\"publisher\":{\"@id\":\"https:\\\/\\\/starke-meinungen.de\\\/blog\\\/#organization\"},\"potentialAction\":[{\"@type\":\"SearchAction\",\"target\":{\"@type\":\"EntryPoint\",\"urlTemplate\":\"https:\\\/\\\/starke-meinungen.de\\\/blog\\\/?s={search_term_string}\"},\"query-input\":{\"@type\":\"PropertyValueSpecification\",\"valueRequired\":true,\"valueName\":\"search_term_string\"}}],\"inLanguage\":\"de\"},{\"@type\":\"Organization\",\"@id\":\"https:\\\/\\\/starke-meinungen.de\\\/blog\\\/#organization\",\"name\":\"starke-meinungen.de\",\"url\":\"https:\\\/\\\/starke-meinungen.de\\\/blog\\\/\",\"logo\":{\"@type\":\"ImageObject\",\"inLanguage\":\"de\",\"@id\":\"https:\\\/\\\/starke-meinungen.de\\\/blog\\\/#\\\/schema\\\/logo\\\/image\\\/\",\"url\":\"https:\\\/\\\/starke-meinungen.de\\\/blog\\\/wp-content\\\/uploads\\\/starke-meinungen-fb-header.jpg\",\"contentUrl\":\"https:\\\/\\\/starke-meinungen.de\\\/blog\\\/wp-content\\\/uploads\\\/starke-meinungen-fb-header.jpg\",\"width\":1200,\"height\":630,\"caption\":\"starke-meinungen.de\"},\"image\":{\"@id\":\"https:\\\/\\\/starke-meinungen.de\\\/blog\\\/#\\\/schema\\\/logo\\\/image\\\/\"},\"sameAs\":[\"https:\\\/\\\/www.facebook.com\\\/starkemeinungen\\\/\",\"https:\\\/\\\/x.com\\\/starkemeinungen\"]},{\"@type\":\"Person\",\"@id\":\"https:\\\/\\\/starke-meinungen.de\\\/blog\\\/#\\\/schema\\\/person\\\/32d0faef7c31a37c1c89be993d7a6d28\",\"name\":\"Alan Posener\",\"image\":{\"@type\":\"ImageObject\",\"inLanguage\":\"de\",\"@id\":\"https:\\\/\\\/secure.gravatar.com\\\/avatar\\\/c75c8818a9ab78c4faa75048dba7844e2587998cda4d93f84e7d86f7e21a9b90?s=96&d=mm&r=g\",\"url\":\"https:\\\/\\\/secure.gravatar.com\\\/avatar\\\/c75c8818a9ab78c4faa75048dba7844e2587998cda4d93f84e7d86f7e21a9b90?s=96&d=mm&r=g\",\"contentUrl\":\"https:\\\/\\\/secure.gravatar.com\\\/avatar\\\/c75c8818a9ab78c4faa75048dba7844e2587998cda4d93f84e7d86f7e21a9b90?s=96&d=mm&r=g\",\"caption\":\"Alan Posener\"},\"url\":\"https:\\\/\\\/starke-meinungen.de\\\/blog\\\/author\\\/posener\\\/\"}]}<\/script>\n<!-- \/ Yoast SEO plugin. -->","yoast_head_json":{"title":"Gabriel goes Google - starke-meinungen.de","robots":{"index":"index","follow":"follow","max-snippet":"max-snippet:-1","max-image-preview":"max-image-preview:large","max-video-preview":"max-video-preview:-1"},"canonical":"https:\/\/starke-meinungen.de\/blog\/2014\/05\/27\/gabriel-goes-google\/","og_locale":"de_DE","og_type":"article","og_title":"Gabriel goes Google - starke-meinungen.de","og_description":"Man muss es Frank Schirrmacher lassen: Wieder einmal ist es dem FAZ-Mitherausgeber gelungen, eine \u201egro\u00dfe Debatte\u201c aufzuziehen, dieses Mal die \u201eGoogle-Debatte\u201c. Um es vorwegzunehmen: sie ist ungef\u00e4hr so relevant wie die fr\u00fcheren von Schirrmacher aufgezogenen Debatten: um die Nanotechnik, die unsere Erde zu grauer Pampe reduzieren werde; um die Gentechnik, die dazu f\u00fchren werde, dass genetisch durchprogrammierte Designermenschen uns beherrschen;... Weiterlesen &raquo;","og_url":"https:\/\/starke-meinungen.de\/blog\/2014\/05\/27\/gabriel-goes-google\/","og_site_name":"starke-meinungen.de","article_publisher":"https:\/\/www.facebook.com\/starkemeinungen\/","article_published_time":"2014-05-27T04:51:34+00:00","article_modified_time":"2014-06-03T05:10:52+00:00","og_image":[{"width":1200,"height":630,"url":"https:\/\/starke-meinungen.de\/blog\/wp-content\/uploads\/starke-meinungen-fb-header.jpg","type":"image\/jpeg"}],"author":"Alan Posener","twitter_card":"summary_large_image","twitter_creator":"@starkemeinungen","twitter_site":"@starkemeinungen","twitter_misc":{"Verfasst von":"Alan Posener","Gesch\u00e4tzte Lesezeit":"12\u00a0Minuten"},"schema":{"@context":"https:\/\/schema.org","@graph":[{"@type":"Article","@id":"https:\/\/starke-meinungen.de\/blog\/2014\/05\/27\/gabriel-goes-google\/#article","isPartOf":{"@id":"https:\/\/starke-meinungen.de\/blog\/2014\/05\/27\/gabriel-goes-google\/"},"author":{"name":"Alan Posener","@id":"https:\/\/starke-meinungen.de\/blog\/#\/schema\/person\/32d0faef7c31a37c1c89be993d7a6d28"},"headline":"Gabriel goes Google","datePublished":"2014-05-27T04:51:34+00:00","dateModified":"2014-06-03T05:10:52+00:00","mainEntityOfPage":{"@id":"https:\/\/starke-meinungen.de\/blog\/2014\/05\/27\/gabriel-goes-google\/"},"wordCount":2468,"commentCount":31,"publisher":{"@id":"https:\/\/starke-meinungen.de\/blog\/#organization"},"keywords":["Cybersicherheit","Datenschutz","Google","Sigmar Gabriel"],"articleSection":["Alan Posener"],"inLanguage":"de","potentialAction":[{"@type":"CommentAction","name":"Comment","target":["https:\/\/starke-meinungen.de\/blog\/2014\/05\/27\/gabriel-goes-google\/#respond"]}]},{"@type":"WebPage","@id":"https:\/\/starke-meinungen.de\/blog\/2014\/05\/27\/gabriel-goes-google\/","url":"https:\/\/starke-meinungen.de\/blog\/2014\/05\/27\/gabriel-goes-google\/","name":"Gabriel goes Google - starke-meinungen.de","isPartOf":{"@id":"https:\/\/starke-meinungen.de\/blog\/#website"},"datePublished":"2014-05-27T04:51:34+00:00","dateModified":"2014-06-03T05:10:52+00:00","breadcrumb":{"@id":"https:\/\/starke-meinungen.de\/blog\/2014\/05\/27\/gabriel-goes-google\/#breadcrumb"},"inLanguage":"de","potentialAction":[{"@type":"ReadAction","target":["https:\/\/starke-meinungen.de\/blog\/2014\/05\/27\/gabriel-goes-google\/"]}]},{"@type":"BreadcrumbList","@id":"https:\/\/starke-meinungen.de\/blog\/2014\/05\/27\/gabriel-goes-google\/#breadcrumb","itemListElement":[{"@type":"ListItem","position":1,"name":"Startseite","item":"https:\/\/starke-meinungen.de\/blog\/"},{"@type":"ListItem","position":2,"name":"Gabriel goes Google"}]},{"@type":"WebSite","@id":"https:\/\/starke-meinungen.de\/blog\/#website","url":"https:\/\/starke-meinungen.de\/blog\/","name":"starke-meinungen.de","description":"Autoren-Blog","publisher":{"@id":"https:\/\/starke-meinungen.de\/blog\/#organization"},"potentialAction":[{"@type":"SearchAction","target":{"@type":"EntryPoint","urlTemplate":"https:\/\/starke-meinungen.de\/blog\/?s={search_term_string}"},"query-input":{"@type":"PropertyValueSpecification","valueRequired":true,"valueName":"search_term_string"}}],"inLanguage":"de"},{"@type":"Organization","@id":"https:\/\/starke-meinungen.de\/blog\/#organization","name":"starke-meinungen.de","url":"https:\/\/starke-meinungen.de\/blog\/","logo":{"@type":"ImageObject","inLanguage":"de","@id":"https:\/\/starke-meinungen.de\/blog\/#\/schema\/logo\/image\/","url":"https:\/\/starke-meinungen.de\/blog\/wp-content\/uploads\/starke-meinungen-fb-header.jpg","contentUrl":"https:\/\/starke-meinungen.de\/blog\/wp-content\/uploads\/starke-meinungen-fb-header.jpg","width":1200,"height":630,"caption":"starke-meinungen.de"},"image":{"@id":"https:\/\/starke-meinungen.de\/blog\/#\/schema\/logo\/image\/"},"sameAs":["https:\/\/www.facebook.com\/starkemeinungen\/","https:\/\/x.com\/starkemeinungen"]},{"@type":"Person","@id":"https:\/\/starke-meinungen.de\/blog\/#\/schema\/person\/32d0faef7c31a37c1c89be993d7a6d28","name":"Alan Posener","image":{"@type":"ImageObject","inLanguage":"de","@id":"https:\/\/secure.gravatar.com\/avatar\/c75c8818a9ab78c4faa75048dba7844e2587998cda4d93f84e7d86f7e21a9b90?s=96&d=mm&r=g","url":"https:\/\/secure.gravatar.com\/avatar\/c75c8818a9ab78c4faa75048dba7844e2587998cda4d93f84e7d86f7e21a9b90?s=96&d=mm&r=g","contentUrl":"https:\/\/secure.gravatar.com\/avatar\/c75c8818a9ab78c4faa75048dba7844e2587998cda4d93f84e7d86f7e21a9b90?s=96&d=mm&r=g","caption":"Alan Posener"},"url":"https:\/\/starke-meinungen.de\/blog\/author\/posener\/"}]}},"_links":{"self":[{"href":"https:\/\/starke-meinungen.de\/blog\/wp-json\/wp\/v2\/posts\/4359","targetHints":{"allow":["GET"]}}],"collection":[{"href":"https:\/\/starke-meinungen.de\/blog\/wp-json\/wp\/v2\/posts"}],"about":[{"href":"https:\/\/starke-meinungen.de\/blog\/wp-json\/wp\/v2\/types\/post"}],"author":[{"embeddable":true,"href":"https:\/\/starke-meinungen.de\/blog\/wp-json\/wp\/v2\/users\/13"}],"replies":[{"embeddable":true,"href":"https:\/\/starke-meinungen.de\/blog\/wp-json\/wp\/v2\/comments?post=4359"}],"version-history":[{"count":7,"href":"https:\/\/starke-meinungen.de\/blog\/wp-json\/wp\/v2\/posts\/4359\/revisions"}],"predecessor-version":[{"id":4363,"href":"https:\/\/starke-meinungen.de\/blog\/wp-json\/wp\/v2\/posts\/4359\/revisions\/4363"}],"wp:attachment":[{"href":"https:\/\/starke-meinungen.de\/blog\/wp-json\/wp\/v2\/media?parent=4359"}],"wp:term":[{"taxonomy":"category","embeddable":true,"href":"https:\/\/starke-meinungen.de\/blog\/wp-json\/wp\/v2\/categories?post=4359"},{"taxonomy":"post_tag","embeddable":true,"href":"https:\/\/starke-meinungen.de\/blog\/wp-json\/wp\/v2\/tags?post=4359"}],"curies":[{"name":"wp","href":"https:\/\/api.w.org\/{rel}","templated":true}]}}