

{"id":4296,"date":"2014-04-08T06:28:14","date_gmt":"2014-04-08T05:28:14","guid":{"rendered":"https:\/\/starke-meinungen.de\/blog\/?p=4296"},"modified":"2014-04-08T10:42:20","modified_gmt":"2014-04-08T09:42:20","slug":"die-deutschen-arbeitgeber-begehren-gegen-den-totalitarismus-auf","status":"publish","type":"post","link":"https:\/\/starke-meinungen.de\/blog\/2014\/04\/08\/die-deutschen-arbeitgeber-begehren-gegen-den-totalitarismus-auf\/","title":{"rendered":"Deutsche Arbeitgeber begehren gegen den Totalitarismus auf"},"content":{"rendered":"<p><!--[if gte mso 9]&gt;--><\/p>\n<p>Je weiter Nationalsozialismus und real existierender Sozialismus zur\u00fcck liegen, desto heftiger wird der Widerstand dagegen. Das gilt nat\u00fcrlich auch f\u00fcr die deutschen \u201eArbeitgeber\u201c sprich Besitzer von Produktionsmitteln.<\/p>\n<p>Dass nicht wenige Unternehmer Adolf Hitler unterst\u00fctzt; dass selbst die skeptischeren unter ihnen sich mit dem Dritten Reich arrangiert und dass so gut wie alle von Zwangsarbeitern profitiert haben: das ist zur Gen\u00fcge belegt.<\/p>\n<p>Dass die deutsche Industrie auch gegen\u00fcber dem real existierenden Sozialismus \u2013 also dem\u00a0 Poststalinismus etwa in der UdSSR und der DDR \u2013 keine Ber\u00fchrungs\u00e4ngste hatte, ist auch bekannt. Ich erinnere an das umstrittene deutsch-sowjetische Erdgas-R\u00f6hrengesch\u00e4ft oder an die Herstellung von Billig-M\u00f6beln und Autoteilen in DDR-Gef\u00e4ngnissen.<\/p>\n<p><!--more--><\/p>\n<p>In dieser unseligen Tradition steht auch der Besuch von Siemens-Chef Joe Kaeser bei Wladimir Putin mitten in der Krim-Krise und die Lieferung eines hochmodernen Gefechts\u00fcbungszentrums an Russland durch die Firma Rheinmetall.<\/p>\n<p>W\u00e4hrend sich also die deutschen Arbeitgeber gegen\u00fcber rechten wie linken Diktatoren und autorit\u00e4ren Herrschern der tausendfach widerlegten L\u00fcge beflei\u00dfigen, der Handel w\u00fcrde zum Wandel beitragen, um die Tatsache zu verdecken, dass man gern auf beiden Augen blind ist, so lange der Profit stimmt, haben einige\u00a0 deutsche Arbeitgeber nun die wirkliche totalit\u00e4re Gefahr erkannt. Sie stammt von den \u201eGutmenschen\u201c im eigenen Land und von der politisch korrekten Sprache. So schreibt es der Pr\u00e4sident des &#8222;Deutschen Arbeitgeber Verbands&#8220;, Peter Schmidt, auf der offiziellen Homepage seines Vereins:<\/p>\n<p><a title=\"http:\/\/www.deutscherarbeitgeberverband.de\/aktuelles\/dav_aktuelles_2014-04-06_gedankenpolizei.html\" href=\"http:\/\/www.deutscherarbeitgeberverband.de\/aktuelles\/dav_aktuelles_2014-04-06_gedankenpolizei.html\">http:\/\/www.deutscherarbeitgeberverband.de\/aktuelles\/dav_aktuelles_2014-04-06_gedankenpolizei.html<\/a><\/p>\n<p>\u201e(Jede)\u00a0 Form von Totalitarismus, ob mit rechter, linker oder \u00f6kologischer Phraseologie vorgetragen, geht mit gleicher Choreographie vor: Im Interesse des Guten wird nach und nach alles, was nicht ins Weltbild passt erst bestritten, dann bek\u00e4mpft &#8211; und zuletzt ausgemerzt\u201c, so Schmidt. \u201eEs geh\u00f6rt nur wenig Phantasie dazu, dies in einen aktuellen Kontext zu setzen. Den \u201aKampf um die Begriffe\u2019 hat die Linke seit 40 Jahren mit religi\u00f6sem Eifer gef\u00fchrt, diesen Kampf um die Begriffe scheint die Linke auch gewonnen zu haben. &#8230; Der brutale Zwang ist die letzte Executive der Gedankenpolizei. Die braunen und die roten Sozialisten haben all das schon zu Ende gef\u00fchrt.\u201c<\/p>\n<p>Steht also die \u201eAusmerzung\u201c von allem, was \u201eder Linken\u201c nicht ins Weltbild passt, bevor? M\u00fcssen \u201eneoliberale Falken\u201c wie ich, katholische Reaktion\u00e4re wie Matthias Mattusek oder Arbeitgeber-Interessenvertreter wie Peter Schmidt um ihr Leben oder um ihre Freiheit f\u00fcrchten? Ist das von einer christdemokratischen Kanzlerin gef\u00fchrte Deutschland in Gefahr, einer Diktatur zu weichen? Steht ein rot-gr\u00fcner Putin vor der T\u00fcr?<\/p>\n<p>I don\u2019t think so.<\/p>\n<p>Man sollte sich einmal die von Schmidt inkriminierten Beispiele der Verwendung von Sprache durch die \u201eGedankenpolizei\u201c anschauen:<\/p>\n<p>Schmidt ereifert sich \u00fcber<\/p>\n<p><em>Gender, Diversity und Prekariat, vertikal Herausgeforderte, Angeh\u00f6rige einer mobilen ethnischen Minderheit, \u201eKulturabgabe\u201c statt GEZ-Geb\u00fchr, \u201eSonne-Mond-und-Sterne-Fest\u201c statt Weihnachten,\u00a0 die Ersetzung von \u201eT\u00fcrke\u201c und \u201eChinesenm\u00e4dchen\u201c aus dem Buch \u201eDie kleine Hexe\u201c, \u00fcber \u201eMigrant\u201c statt Ausl\u00e4nder, \u201eAutonome\u201c statt Linksfaschisten.<\/em><\/p>\n<p>Dazu der Arbeitgeberpr\u00e4sident:\u00a0 \u201eNoch aus den kleinsten Ritzen wird der Klassenfeind herausgezerrt, Weltliteratur der Inquisition ausgesetzt und Sprache vergewaltigt.\u201c<\/p>\n<p>Nun ja. Vom Klassenfeind ist in den angef\u00fchrten Beispielen an keinem Punkt die Rede. \u201eDie kleine Hexe\u201c ist nicht Weltliteratur. Und die Sprache wird vielf\u00e4ltig vergewaltigt \u2013 man denke nur an die gerade in der Wirtschaft \u00fcblichen Anglizismen wie Management, Controlling, Multi-Tasking, Outsourcing, die \u00fcbrigens alle einen verschleiernden Effekt haben; sch\u00f6n ist das alles nicht, aber die Sprache \u00fcberlebt das.<\/p>\n<p>Es sei der Linken \u201egelungen, den Neusprech \u201anach 68\u2019 sozusagen \u201afl\u00e4chendeckend\u2019 durchzusetzen\u201c,\u00a0 so Schmidt. Die meisten der von Schmidt aufgef\u00fchrten Beispiele haben jedoch mit \u201e68\u201c nicht das Geringste zu tun. Fast alle haben mit einer neuen Sensibilit\u00e4t gegen\u00fcber Einwanderern, Frauen und den Angeh\u00f6rigen sexueller Minderheiten zu tun, die in der Studentenbewegung kaum eine Rolle spielte, wo wei\u00dfe Machos den Ton angaben. Allenfalls das \u201ePrekariat\u201c beschreibt einen Teil jener Milieus, die der Studentenbewegung als \u201eRandgruppen\u201c wichtig waren; doch w\u00e4hrend die \u201eRandgruppen\u201c als revolution\u00e4r galten, gilt das Prekariat heute als Problem.<\/p>\n<p>Man kann immer \u00fcber den Sinn von Begriffen streiten, insbesondere solche, die &#8211; wie \u201eGender\u201c und \u201eDiversity\u201c \u2013 direkt dem Englischen entnommen sind, wodurch sie ihres kulturell-konnotativen Umfelds entkleidet werden. \u201eDiversity\u201c etwa w\u00e4re k\u00fcrzer und besser als \u201eVielfalt\u201c beschrieben; und niemand hat ein gr\u00f6\u00dferes Interesse daran, dass Vielfalt hierzulande endlich positiv konnotiert wird, wird, als die deutschen Unternehmer, die auf Zuwanderung angewiesen sind.\u00a0 \u201eGender\u201c bezeichnet die Tatsache, dass es mehr Varianten sexuellen und gesellschaftlichen Verhaltens gibt, als die sprachliche Dichotomie m\u00e4nnlich-weiblich nahelegt; eine Butch ist keine m\u00e4nnliche Lesbe, eine Queen kein weiblicher Schwuler und so weiter. Was die Anerkennung dieser Tatsache mit einer linken Agenda oder gar dem Klassenkampf zu tun hat, entzieht sich meiner Kenntnis.<\/p>\n<p>Was gewinnt man, wenn man Zugewanderte nicht mehr als \u201eAusl\u00e4nder\u201c, sondern als \u201eMigranten\u201c bezeichnet? Nun, zun\u00e4chst verliert man einen Begriff, der ausgrenzte. Das Wort \u201eMigrant\u201c leidet nicht an einer linken Belastung (ihn gab es, wie die anderen inkriminierten Begriffe,1968 gar nicht), sondern (wie die anderen) an der \u00dcbernahme aus dem Englischen via den akademischen Diskurs. \u201eEinwanderer\u201c benennt den Sachverhalt klarer.<\/p>\n<p>Dass in den B\u00fcchern, die von Einwandererkindern benutzt werden, Bezeichnungen vermieden werden sollen, die wom\u00f6glich als beleidigend empfunden werden, scheint mir ein Gebot der H\u00f6flichkeit. \u201eDie kleine Hexe\u201c wird durch behutsame Redaktur nicht zu einem schlechteren Werk.\u00a0 Und dass eine einzige Kita in Bad Homburg (gewiss, da leben viele Arbeitgeber) das St.-Martin-Fest \u2013 nicht Weihnachten, wie der Arbeitgeberpr\u00e4sident behauptet, aber was soll\u2019s, Feiertage sind ohnehin blo\u00df l\u00e4stige Anl\u00e4sse f\u00fcr die Belegschaft, blau zu machen oder \u00fcbertarifliche Zulagen zu verlangen \u2013 dass also eine einzige Kita das St. Martins-Fest in \u201eSonne-Mond-und-Sterne-Fest\u201c umbenennen wollte: davon geht das Abendland nicht unter, obwohl ich die Idee \u2013 im Einklang mit so ziemlich der Gesamtheit der ver\u00f6ffentlichten Meinung und \u00fcbrigens dem Vorsitzenden des Zentralrats der Muslime \u2013 bl\u00f6d fand.<\/p>\n<p>Und die Autonomen? Ja, es sind \u201ekriminelle Banden, die feuerz\u00fcndelnd und marodierend unsere freiheitliche Grundordnung verspotten\u201c; und darum auch \u201eAutonome\u201c, weil keine etablierte linke Partei mit ihnen irgendetwas zu tun haben will.<\/p>\n<p>Was die GEZ-Abgabe mit linker Politik zu tun hat, bleibt ebenfalls ein R\u00e4tsel. Gut, das Personal in den \u00f6ffentlich-rechtlichen Anstalten mag sich mehrheitlich als Linke verstehen, aber die Umbenennung in \u201eKulturabgabe\u201c scheint mir eher auf der Ebene der \u00fcblichen staatlichen Sch\u00f6nrednerei zu liegen \u2013 \u201eMehrwertsteuer\u201c statt \u201eVerbrauchssteuer\u201c, \u201eSolidarit\u00e4tsbeitrag\u201c statt \u201eOst-Subvention\u201c und so weiter. Es gibt ja auch kein \u201eKriegsministerium\u201c mehr, sondern ein Verteidigungsministerium, die Arbeitslosen werden im \u201eJob-Center\u201c betreut, und so weiter.<\/p>\n<p>Viele dieser Umbenennungen folgen dem Beispiel der Wirtschaft. So haben wir angeblich keinen Kapitalismus, sondern eine \u201esoziale Marktwirtschaft\u201c; von \u201eProfit\u201c redet niemand, allenfalls von \u201eGewinn\u201c; werden, weil \u201edie M\u00e4rkte\u201c nun mal so sind, \u201eArbeitnehmer\u201c entlassen, gibt es keine Abfindung, sondern einen \u201eSozialplan\u201c. Vor allem aber: Unternehmer sind keine Kapitalisten, sondern \u201eArbeitgeber\u201c. Wie gro\u00dfz\u00fcgig von ihnen!<\/p>\n<p>Und ausgerechnet der &#8211; zugegeben selbsternannte &#8211; Pr\u00e4sident einer Klasse, die ein Heer von PR-Beratern besch\u00e4ftigt, um die schlichte Tatsache vergessen zu machen, dass ihr wirtschaftlicher Daseinszweck das Geldverdienen ist, ausgerechnet der DAV-Chef will uns etwas \u00fcber Sprachverdrehung erz\u00e4hlen? Es w\u00e4re zum Lachen, wenn es nicht so traurig w\u00e4re.<\/p>\n<p>&nbsp;<\/p>\n<p>P.S.: All das h\u00e4tte mich vielleicht kalt gelassen, h\u00e4tte\u00a0 Peter Schmidt sein Machwerk nicht eingeleitet mit einer literaturgeschichtlichen Bemerkung: \u201eGeorge Orwell hat gegen diese Folter am Verstand zwei B\u00fccher geschrieben die so aktuell sind wie je \u2013 und so ungelesen wie nie. \u201a1984\u2019 und \u201aFarm der Tiere\u2019 haben ein perfides Schicksal erlitten: beide B\u00fccher wurden von der Linken vereinnahmt als ausschlie\u00dfliche Abrechnung mit dem deutschen Faschismus.\u201c<\/p>\n<p>Bullshit.<\/p>\n<p>Die Linke hat mit Orwells \u201e1984\u201c so manchen Unsinn angestellt. Wie Peter Schmidt behaupten manche Linke \u2013 und nicht nur Linke \u2013,\u00a0 das Buch beschreibe unsere Gegenwart. (W\u00e4hrend f\u00fcr \u00a0Schmidt die Gedankenpolizei aus Gutmenschen besteht, sehen andere sie in der NSA und Co. verwirklicht.) Tats\u00e4chlich enth\u00e4lt \u201e1984\u201c Elemente einer Satire \u00fcber die Verh\u00e4ltnisse bei der BBC, f\u00fcr die George Orwell 1948 arbeitete. Aber man t\u00e4usche sich nicht: die Sprachregelungen im Staate Big Brothers sind nichts ohne die Machtmittel der Partei und ihrer Geheimpolizei. Und die will weit mehr als \u201edie Freiheit\u201c ausmerzen, wie Schmidt behauptet, der das Buch offensichtlich nicht gelesen hat. Die Freiheit ist l\u00e4ngst ausgemerzt. Die Partei will vor allem die Liebe ausmerzen, die Liebe zwischen Menschen, zwischen Kindern und Eltern, zwischen Mann und Frau, und sie ersetzen durch die Liebe zur Partei und zu Big Brother. Darum hei\u00dft das Folterzentrum der Geheimpolizei das \u201eMinisterium der Liebe\u201c. Dass dies bei Winston Smith gelingt \u2013 dass der letzte Satz des Romans dies bezeugt \u2013 , macht den Roman zum Albtraum.<\/p>\n<p>Niemand hat jedoch behauptet, \u201e1984\u201c sei eine Besch\u00e4ftigung mit dem \u201edeutschen Faschismus\u201c, der 1948 ja schon erledigt war. Und schon gar nicht ist das jemals von \u201eFarm der Tiere\u201c behauptet worden, jener trotzkistisch inspirierten Satire auf die russische Revolution und den beginnenden Stalinismus. Das kann nur jemand schreiben, der nie auch nur den Klappentext des Romans gelesen hat.<\/p>\n<p>Wie kann ein gebildeter Mensch, der sich als Sprecher der deutschen Arbeitgeber ausgibt, f\u00fcr die ich wiederholt \u2013 auch hier \u2013 eine Lanze gebrochen habe, einen solchen Unsinn verzapfen? Es ist hochgradig deprimierend.<\/p>\n<p>&nbsp;<\/p>\n<div class=\"shariff shariff-align-left shariff-widget-align-left shariff-buttonstretch\" style=\"display:none\"><ul class=\"shariff-buttons theme-white orientation-horizontal buttonsize-medium\"><li class=\"shariff-button facebook shariff-nocustomcolor\" style=\"background-color:#4273c8\"><a href=\"https:\/\/www.facebook.com\/sharer\/sharer.php?u=https%3A%2F%2Fstarke-meinungen.de%2Fblog%2F2014%2F04%2F08%2Fdie-deutschen-arbeitgeber-begehren-gegen-den-totalitarismus-auf%2F\" title=\"Bei Facebook teilen\" aria-label=\"Bei Facebook teilen\" role=\"button\" rel=\"nofollow\" class=\"shariff-link\" style=\"; background-color:#3b5998; color:#3b5998\" target=\"_blank\"><span class=\"shariff-icon\" style=\"fill:#3b5998\"><svg width=\"32px\" height=\"20px\" xmlns=\"http:\/\/www.w3.org\/2000\/svg\" viewBox=\"0 0 18 32\"><path fill=\"#3b5998\" d=\"M17.1 0.2v4.7h-2.8q-1.5 0-2.1 0.6t-0.5 1.9v3.4h5.2l-0.7 5.3h-4.5v13.6h-5.5v-13.6h-4.5v-5.3h4.5v-3.9q0-3.3 1.9-5.2t5-1.8q2.6 0 4.1 0.2z\"\/><\/svg><\/span><span class=\"shariff-text\" style=\"color:#3b5998\">teilen<\/span>&nbsp;<\/a><\/li><li class=\"shariff-button twitter shariff-nocustomcolor\" style=\"background-color:#595959\"><a href=\"https:\/\/twitter.com\/share?url=https%3A%2F%2Fstarke-meinungen.de%2Fblog%2F2014%2F04%2F08%2Fdie-deutschen-arbeitgeber-begehren-gegen-den-totalitarismus-auf%2F&text=Deutsche%20Arbeitgeber%20begehren%20gegen%20den%20Totalitarismus%20auf&via=starkemeinungen\" title=\"Bei X teilen\" aria-label=\"Bei X teilen\" role=\"button\" rel=\"noopener nofollow\" class=\"shariff-link\" style=\"; background-color:#000; color:#000\" target=\"_blank\"><span class=\"shariff-icon\" style=\"fill:#000\"><svg width=\"32px\" height=\"20px\" xmlns=\"http:\/\/www.w3.org\/2000\/svg\" viewBox=\"0 0 24 24\"><path fill=\"#000\" d=\"M14.258 10.152L23.176 0h-2.113l-7.747 8.813L7.133 0H0l9.352 13.328L0 23.973h2.113l8.176-9.309 6.531 9.309h7.133zm-2.895 3.293l-.949-1.328L2.875 1.56h3.246l6.086 8.523.945 1.328 7.91 11.078h-3.246zm0 0\"\/><\/svg><\/span><span class=\"shariff-text\" style=\"color:#000\">teilen<\/span>&nbsp;<\/a><\/li><li class=\"shariff-button linkedin shariff-nocustomcolor\" style=\"background-color:#1488bf\"><a href=\"https:\/\/www.linkedin.com\/sharing\/share-offsite\/?url=https%3A%2F%2Fstarke-meinungen.de%2Fblog%2F2014%2F04%2F08%2Fdie-deutschen-arbeitgeber-begehren-gegen-den-totalitarismus-auf%2F\" title=\"Bei LinkedIn teilen\" aria-label=\"Bei LinkedIn teilen\" role=\"button\" rel=\"noopener nofollow\" class=\"shariff-link\" style=\"; background-color:#0077b5; color:#0077b5\" target=\"_blank\"><span class=\"shariff-icon\" style=\"fill:#0077b5\"><svg width=\"32px\" height=\"20px\" xmlns=\"http:\/\/www.w3.org\/2000\/svg\" viewBox=\"0 0 27 32\"><path fill=\"#0077b5\" d=\"M6.2 11.2v17.7h-5.9v-17.7h5.9zM6.6 5.7q0 1.3-0.9 2.2t-2.4 0.9h0q-1.5 0-2.4-0.9t-0.9-2.2 0.9-2.2 2.4-0.9 2.4 0.9 0.9 2.2zM27.4 18.7v10.1h-5.9v-9.5q0-1.9-0.7-2.9t-2.3-1.1q-1.1 0-1.9 0.6t-1.2 1.5q-0.2 0.5-0.2 1.4v9.9h-5.9q0-7.1 0-11.6t0-5.3l0-0.9h5.9v2.6h0q0.4-0.6 0.7-1t1-0.9 1.6-0.8 2-0.3q3 0 4.9 2t1.9 6z\"\/><\/svg><\/span><span class=\"shariff-text\" style=\"color:#0077b5\">teilen<\/span>&nbsp;<\/a><\/li><li class=\"shariff-button xing shariff-nocustomcolor\" style=\"background-color:#29888a\"><a href=\"https:\/\/www.xing.com\/spi\/shares\/new?url=https%3A%2F%2Fstarke-meinungen.de%2Fblog%2F2014%2F04%2F08%2Fdie-deutschen-arbeitgeber-begehren-gegen-den-totalitarismus-auf%2F\" title=\"Bei XING teilen\" aria-label=\"Bei XING teilen\" role=\"button\" rel=\"noopener nofollow\" class=\"shariff-link\" style=\"; background-color:#126567; color:#126567\" target=\"_blank\"><span class=\"shariff-icon\" style=\"fill:#126567\"><svg width=\"32px\" height=\"20px\" xmlns=\"http:\/\/www.w3.org\/2000\/svg\" viewBox=\"0 0 25 32\"><path fill=\"#126567\" d=\"M10.7 11.9q-0.2 0.3-4.6 8.2-0.5 0.8-1.2 0.8h-4.3q-0.4 0-0.5-0.3t0-0.6l4.5-8q0 0 0 0l-2.9-5q-0.2-0.4 0-0.7 0.2-0.3 0.5-0.3h4.3q0.7 0 1.2 0.8zM25.1 0.4q0.2 0.3 0 0.7l-9.4 16.7 6 11q0.2 0.4 0 0.6-0.2 0.3-0.6 0.3h-4.3q-0.7 0-1.2-0.8l-6-11.1q0.3-0.6 9.5-16.8 0.4-0.8 1.2-0.8h4.3q0.4 0 0.5 0.3z\"\/><\/svg><\/span><span class=\"shariff-text\" style=\"color:#126567\">teilen<\/span>&nbsp;<\/a><\/li><li class=\"shariff-button whatsapp shariff-nocustomcolor\" style=\"background-color:#5cbe4a\"><a href=\"https:\/\/api.whatsapp.com\/send?text=https%3A%2F%2Fstarke-meinungen.de%2Fblog%2F2014%2F04%2F08%2Fdie-deutschen-arbeitgeber-begehren-gegen-den-totalitarismus-auf%2F%20Deutsche%20Arbeitgeber%20begehren%20gegen%20den%20Totalitarismus%20auf\" title=\"Bei Whatsapp teilen\" aria-label=\"Bei Whatsapp teilen\" role=\"button\" rel=\"noopener nofollow\" class=\"shariff-link\" style=\"; background-color:#34af23; color:#34af23\" target=\"_blank\"><span class=\"shariff-icon\" style=\"fill:#34af23\"><svg width=\"32px\" height=\"20px\" xmlns=\"http:\/\/www.w3.org\/2000\/svg\" viewBox=\"0 0 32 32\"><path fill=\"#34af23\" d=\"M17.6 17.4q0.2 0 1.7 0.8t1.6 0.9q0 0.1 0 0.3 0 0.6-0.3 1.4-0.3 0.7-1.3 1.2t-1.8 0.5q-1 0-3.4-1.1-1.7-0.8-3-2.1t-2.6-3.3q-1.3-1.9-1.3-3.5v-0.1q0.1-1.6 1.3-2.8 0.4-0.4 0.9-0.4 0.1 0 0.3 0t0.3 0q0.3 0 0.5 0.1t0.3 0.5q0.1 0.4 0.6 1.6t0.4 1.3q0 0.4-0.6 1t-0.6 0.8q0 0.1 0.1 0.3 0.6 1.3 1.8 2.4 1 0.9 2.7 1.8 0.2 0.1 0.4 0.1 0.3 0 1-0.9t0.9-0.9zM14 26.9q2.3 0 4.3-0.9t3.6-2.4 2.4-3.6 0.9-4.3-0.9-4.3-2.4-3.6-3.6-2.4-4.3-0.9-4.3 0.9-3.6 2.4-2.4 3.6-0.9 4.3q0 3.6 2.1 6.6l-1.4 4.2 4.3-1.4q2.8 1.9 6.2 1.9zM14 2.2q2.7 0 5.2 1.1t4.3 2.9 2.9 4.3 1.1 5.2-1.1 5.2-2.9 4.3-4.3 2.9-5.2 1.1q-3.5 0-6.5-1.7l-7.4 2.4 2.4-7.2q-1.9-3.2-1.9-6.9 0-2.7 1.1-5.2t2.9-4.3 4.3-2.9 5.2-1.1z\"\/><\/svg><\/span><span class=\"shariff-text\" style=\"color:#34af23\">teilen<\/span>&nbsp;<\/a><\/li><li class=\"shariff-button info shariff-nocustomcolor\" style=\"background-color:#a8a8a8\"><a href=\"http:\/\/ct.de\/-2467514\" title=\"Weitere Informationen\" aria-label=\"Weitere Informationen\" role=\"button\" rel=\"noopener \" class=\"shariff-link\" style=\"; background-color:#999; color:#999\" target=\"_blank\"><span class=\"shariff-icon\" style=\"fill:#999\"><svg width=\"32px\" height=\"20px\" xmlns=\"http:\/\/www.w3.org\/2000\/svg\" viewBox=\"0 0 11 32\"><path fill=\"#999\" d=\"M11.4 24v2.3q0 0.5-0.3 0.8t-0.8 0.4h-9.1q-0.5 0-0.8-0.4t-0.4-0.8v-2.3q0-0.5 0.4-0.8t0.8-0.4h1.1v-6.8h-1.1q-0.5 0-0.8-0.4t-0.4-0.8v-2.3q0-0.5 0.4-0.8t0.8-0.4h6.8q0.5 0 0.8 0.4t0.4 0.8v10.3h1.1q0.5 0 0.8 0.4t0.3 0.8zM9.2 3.4v3.4q0 0.5-0.4 0.8t-0.8 0.4h-4.6q-0.4 0-0.8-0.4t-0.4-0.8v-3.4q0-0.4 0.4-0.8t0.8-0.4h4.6q0.5 0 0.8 0.4t0.4 0.8z\"\/><\/svg><\/span><\/a><\/li><\/ul><\/div>","protected":false},"excerpt":{"rendered":"<p>Je weiter Nationalsozialismus und real existierender Sozialismus zur\u00fcck liegen, desto heftiger wird der Widerstand dagegen. Das gilt nat\u00fcrlich auch f\u00fcr die deutschen \u201eArbeitgeber\u201c sprich Besitzer von Produktionsmitteln. Dass nicht wenige Unternehmer Adolf Hitler unterst\u00fctzt; dass selbst die skeptischeren unter ihnen sich mit dem Dritten Reich arrangiert und dass so gut wie alle von Zwangsarbeitern profitiert haben: das ist zur Gen\u00fcge&#8230; <a href=\"https:\/\/starke-meinungen.de\/blog\/2014\/04\/08\/die-deutschen-arbeitgeber-begehren-gegen-den-totalitarismus-auf\/\">Weiterlesen &raquo;<\/a><\/p>\n","protected":false},"author":13,"featured_media":0,"comment_status":"open","ping_status":"open","sticky":false,"template":"","format":"standard","meta":{"footnotes":""},"categories":[1],"tags":[],"class_list":["post-4296","post","type-post","status-publish","format-standard","hentry","category-allgemein"],"yoast_head":"<!-- This site is optimized with the Yoast SEO plugin v27.4 - https:\/\/yoast.com\/product\/yoast-seo-wordpress\/ -->\n<title>Deutsche Arbeitgeber begehren gegen den Totalitarismus auf - starke-meinungen.de<\/title>\n<meta name=\"robots\" content=\"index, follow, max-snippet:-1, max-image-preview:large, max-video-preview:-1\" \/>\n<link rel=\"canonical\" href=\"https:\/\/starke-meinungen.de\/blog\/2014\/04\/08\/die-deutschen-arbeitgeber-begehren-gegen-den-totalitarismus-auf\/\" \/>\n<meta property=\"og:locale\" content=\"de_DE\" \/>\n<meta property=\"og:type\" content=\"article\" \/>\n<meta property=\"og:title\" content=\"Deutsche Arbeitgeber begehren gegen den Totalitarismus auf - starke-meinungen.de\" \/>\n<meta property=\"og:description\" content=\"Je weiter Nationalsozialismus und real existierender Sozialismus zur\u00fcck liegen, desto heftiger wird der Widerstand dagegen. Das gilt nat\u00fcrlich auch f\u00fcr die deutschen \u201eArbeitgeber\u201c sprich Besitzer von Produktionsmitteln. Dass nicht wenige Unternehmer Adolf Hitler unterst\u00fctzt; dass selbst die skeptischeren unter ihnen sich mit dem Dritten Reich arrangiert und dass so gut wie alle von Zwangsarbeitern profitiert haben: das ist zur Gen\u00fcge... Weiterlesen &raquo;\" \/>\n<meta property=\"og:url\" content=\"https:\/\/starke-meinungen.de\/blog\/2014\/04\/08\/die-deutschen-arbeitgeber-begehren-gegen-den-totalitarismus-auf\/\" \/>\n<meta property=\"og:site_name\" content=\"starke-meinungen.de\" \/>\n<meta property=\"article:publisher\" content=\"https:\/\/www.facebook.com\/starkemeinungen\/\" \/>\n<meta property=\"article:published_time\" content=\"2014-04-08T05:28:14+00:00\" \/>\n<meta property=\"article:modified_time\" content=\"2014-04-08T09:42:20+00:00\" \/>\n<meta property=\"og:image\" content=\"https:\/\/starke-meinungen.de\/blog\/wp-content\/uploads\/starke-meinungen-fb-header.jpg\" \/>\n\t<meta property=\"og:image:width\" content=\"1200\" \/>\n\t<meta property=\"og:image:height\" content=\"630\" \/>\n\t<meta property=\"og:image:type\" content=\"image\/jpeg\" \/>\n<meta name=\"author\" content=\"Alan Posener\" \/>\n<meta name=\"twitter:card\" content=\"summary_large_image\" \/>\n<meta name=\"twitter:creator\" content=\"@starkemeinungen\" \/>\n<meta name=\"twitter:site\" content=\"@starkemeinungen\" \/>\n<meta name=\"twitter:label1\" content=\"Verfasst von\" \/>\n\t<meta name=\"twitter:data1\" content=\"Alan Posener\" \/>\n\t<meta name=\"twitter:label2\" content=\"Gesch\u00e4tzte Lesezeit\" \/>\n\t<meta name=\"twitter:data2\" content=\"8\u00a0Minuten\" \/>\n<script type=\"application\/ld+json\" class=\"yoast-schema-graph\">{\"@context\":\"https:\\\/\\\/schema.org\",\"@graph\":[{\"@type\":\"Article\",\"@id\":\"https:\\\/\\\/starke-meinungen.de\\\/blog\\\/2014\\\/04\\\/08\\\/die-deutschen-arbeitgeber-begehren-gegen-den-totalitarismus-auf\\\/#article\",\"isPartOf\":{\"@id\":\"https:\\\/\\\/starke-meinungen.de\\\/blog\\\/2014\\\/04\\\/08\\\/die-deutschen-arbeitgeber-begehren-gegen-den-totalitarismus-auf\\\/\"},\"author\":{\"name\":\"Alan Posener\",\"@id\":\"https:\\\/\\\/starke-meinungen.de\\\/blog\\\/#\\\/schema\\\/person\\\/32d0faef7c31a37c1c89be993d7a6d28\"},\"headline\":\"Deutsche Arbeitgeber begehren gegen den Totalitarismus auf\",\"datePublished\":\"2014-04-08T05:28:14+00:00\",\"dateModified\":\"2014-04-08T09:42:20+00:00\",\"mainEntityOfPage\":{\"@id\":\"https:\\\/\\\/starke-meinungen.de\\\/blog\\\/2014\\\/04\\\/08\\\/die-deutschen-arbeitgeber-begehren-gegen-den-totalitarismus-auf\\\/\"},\"wordCount\":1539,\"commentCount\":77,\"publisher\":{\"@id\":\"https:\\\/\\\/starke-meinungen.de\\\/blog\\\/#organization\"},\"inLanguage\":\"de\",\"potentialAction\":[{\"@type\":\"CommentAction\",\"name\":\"Comment\",\"target\":[\"https:\\\/\\\/starke-meinungen.de\\\/blog\\\/2014\\\/04\\\/08\\\/die-deutschen-arbeitgeber-begehren-gegen-den-totalitarismus-auf\\\/#respond\"]}]},{\"@type\":\"WebPage\",\"@id\":\"https:\\\/\\\/starke-meinungen.de\\\/blog\\\/2014\\\/04\\\/08\\\/die-deutschen-arbeitgeber-begehren-gegen-den-totalitarismus-auf\\\/\",\"url\":\"https:\\\/\\\/starke-meinungen.de\\\/blog\\\/2014\\\/04\\\/08\\\/die-deutschen-arbeitgeber-begehren-gegen-den-totalitarismus-auf\\\/\",\"name\":\"Deutsche Arbeitgeber begehren gegen den Totalitarismus auf - starke-meinungen.de\",\"isPartOf\":{\"@id\":\"https:\\\/\\\/starke-meinungen.de\\\/blog\\\/#website\"},\"datePublished\":\"2014-04-08T05:28:14+00:00\",\"dateModified\":\"2014-04-08T09:42:20+00:00\",\"breadcrumb\":{\"@id\":\"https:\\\/\\\/starke-meinungen.de\\\/blog\\\/2014\\\/04\\\/08\\\/die-deutschen-arbeitgeber-begehren-gegen-den-totalitarismus-auf\\\/#breadcrumb\"},\"inLanguage\":\"de\",\"potentialAction\":[{\"@type\":\"ReadAction\",\"target\":[\"https:\\\/\\\/starke-meinungen.de\\\/blog\\\/2014\\\/04\\\/08\\\/die-deutschen-arbeitgeber-begehren-gegen-den-totalitarismus-auf\\\/\"]}]},{\"@type\":\"BreadcrumbList\",\"@id\":\"https:\\\/\\\/starke-meinungen.de\\\/blog\\\/2014\\\/04\\\/08\\\/die-deutschen-arbeitgeber-begehren-gegen-den-totalitarismus-auf\\\/#breadcrumb\",\"itemListElement\":[{\"@type\":\"ListItem\",\"position\":1,\"name\":\"Startseite\",\"item\":\"https:\\\/\\\/starke-meinungen.de\\\/blog\\\/\"},{\"@type\":\"ListItem\",\"position\":2,\"name\":\"Deutsche Arbeitgeber begehren gegen den Totalitarismus auf\"}]},{\"@type\":\"WebSite\",\"@id\":\"https:\\\/\\\/starke-meinungen.de\\\/blog\\\/#website\",\"url\":\"https:\\\/\\\/starke-meinungen.de\\\/blog\\\/\",\"name\":\"starke-meinungen.de\",\"description\":\"Autoren-Blog\",\"publisher\":{\"@id\":\"https:\\\/\\\/starke-meinungen.de\\\/blog\\\/#organization\"},\"potentialAction\":[{\"@type\":\"SearchAction\",\"target\":{\"@type\":\"EntryPoint\",\"urlTemplate\":\"https:\\\/\\\/starke-meinungen.de\\\/blog\\\/?s={search_term_string}\"},\"query-input\":{\"@type\":\"PropertyValueSpecification\",\"valueRequired\":true,\"valueName\":\"search_term_string\"}}],\"inLanguage\":\"de\"},{\"@type\":\"Organization\",\"@id\":\"https:\\\/\\\/starke-meinungen.de\\\/blog\\\/#organization\",\"name\":\"starke-meinungen.de\",\"url\":\"https:\\\/\\\/starke-meinungen.de\\\/blog\\\/\",\"logo\":{\"@type\":\"ImageObject\",\"inLanguage\":\"de\",\"@id\":\"https:\\\/\\\/starke-meinungen.de\\\/blog\\\/#\\\/schema\\\/logo\\\/image\\\/\",\"url\":\"https:\\\/\\\/starke-meinungen.de\\\/blog\\\/wp-content\\\/uploads\\\/starke-meinungen-fb-header.jpg\",\"contentUrl\":\"https:\\\/\\\/starke-meinungen.de\\\/blog\\\/wp-content\\\/uploads\\\/starke-meinungen-fb-header.jpg\",\"width\":1200,\"height\":630,\"caption\":\"starke-meinungen.de\"},\"image\":{\"@id\":\"https:\\\/\\\/starke-meinungen.de\\\/blog\\\/#\\\/schema\\\/logo\\\/image\\\/\"},\"sameAs\":[\"https:\\\/\\\/www.facebook.com\\\/starkemeinungen\\\/\",\"https:\\\/\\\/x.com\\\/starkemeinungen\"]},{\"@type\":\"Person\",\"@id\":\"https:\\\/\\\/starke-meinungen.de\\\/blog\\\/#\\\/schema\\\/person\\\/32d0faef7c31a37c1c89be993d7a6d28\",\"name\":\"Alan Posener\",\"image\":{\"@type\":\"ImageObject\",\"inLanguage\":\"de\",\"@id\":\"https:\\\/\\\/secure.gravatar.com\\\/avatar\\\/c75c8818a9ab78c4faa75048dba7844e2587998cda4d93f84e7d86f7e21a9b90?s=96&d=mm&r=g\",\"url\":\"https:\\\/\\\/secure.gravatar.com\\\/avatar\\\/c75c8818a9ab78c4faa75048dba7844e2587998cda4d93f84e7d86f7e21a9b90?s=96&d=mm&r=g\",\"contentUrl\":\"https:\\\/\\\/secure.gravatar.com\\\/avatar\\\/c75c8818a9ab78c4faa75048dba7844e2587998cda4d93f84e7d86f7e21a9b90?s=96&d=mm&r=g\",\"caption\":\"Alan Posener\"},\"url\":\"https:\\\/\\\/starke-meinungen.de\\\/blog\\\/author\\\/posener\\\/\"}]}<\/script>\n<!-- \/ Yoast SEO plugin. -->","yoast_head_json":{"title":"Deutsche Arbeitgeber begehren gegen den Totalitarismus auf - starke-meinungen.de","robots":{"index":"index","follow":"follow","max-snippet":"max-snippet:-1","max-image-preview":"max-image-preview:large","max-video-preview":"max-video-preview:-1"},"canonical":"https:\/\/starke-meinungen.de\/blog\/2014\/04\/08\/die-deutschen-arbeitgeber-begehren-gegen-den-totalitarismus-auf\/","og_locale":"de_DE","og_type":"article","og_title":"Deutsche Arbeitgeber begehren gegen den Totalitarismus auf - starke-meinungen.de","og_description":"Je weiter Nationalsozialismus und real existierender Sozialismus zur\u00fcck liegen, desto heftiger wird der Widerstand dagegen. Das gilt nat\u00fcrlich auch f\u00fcr die deutschen \u201eArbeitgeber\u201c sprich Besitzer von Produktionsmitteln. Dass nicht wenige Unternehmer Adolf Hitler unterst\u00fctzt; dass selbst die skeptischeren unter ihnen sich mit dem Dritten Reich arrangiert und dass so gut wie alle von Zwangsarbeitern profitiert haben: das ist zur Gen\u00fcge... Weiterlesen &raquo;","og_url":"https:\/\/starke-meinungen.de\/blog\/2014\/04\/08\/die-deutschen-arbeitgeber-begehren-gegen-den-totalitarismus-auf\/","og_site_name":"starke-meinungen.de","article_publisher":"https:\/\/www.facebook.com\/starkemeinungen\/","article_published_time":"2014-04-08T05:28:14+00:00","article_modified_time":"2014-04-08T09:42:20+00:00","og_image":[{"width":1200,"height":630,"url":"https:\/\/starke-meinungen.de\/blog\/wp-content\/uploads\/starke-meinungen-fb-header.jpg","type":"image\/jpeg"}],"author":"Alan Posener","twitter_card":"summary_large_image","twitter_creator":"@starkemeinungen","twitter_site":"@starkemeinungen","twitter_misc":{"Verfasst von":"Alan Posener","Gesch\u00e4tzte Lesezeit":"8\u00a0Minuten"},"schema":{"@context":"https:\/\/schema.org","@graph":[{"@type":"Article","@id":"https:\/\/starke-meinungen.de\/blog\/2014\/04\/08\/die-deutschen-arbeitgeber-begehren-gegen-den-totalitarismus-auf\/#article","isPartOf":{"@id":"https:\/\/starke-meinungen.de\/blog\/2014\/04\/08\/die-deutschen-arbeitgeber-begehren-gegen-den-totalitarismus-auf\/"},"author":{"name":"Alan Posener","@id":"https:\/\/starke-meinungen.de\/blog\/#\/schema\/person\/32d0faef7c31a37c1c89be993d7a6d28"},"headline":"Deutsche Arbeitgeber begehren gegen den Totalitarismus auf","datePublished":"2014-04-08T05:28:14+00:00","dateModified":"2014-04-08T09:42:20+00:00","mainEntityOfPage":{"@id":"https:\/\/starke-meinungen.de\/blog\/2014\/04\/08\/die-deutschen-arbeitgeber-begehren-gegen-den-totalitarismus-auf\/"},"wordCount":1539,"commentCount":77,"publisher":{"@id":"https:\/\/starke-meinungen.de\/blog\/#organization"},"inLanguage":"de","potentialAction":[{"@type":"CommentAction","name":"Comment","target":["https:\/\/starke-meinungen.de\/blog\/2014\/04\/08\/die-deutschen-arbeitgeber-begehren-gegen-den-totalitarismus-auf\/#respond"]}]},{"@type":"WebPage","@id":"https:\/\/starke-meinungen.de\/blog\/2014\/04\/08\/die-deutschen-arbeitgeber-begehren-gegen-den-totalitarismus-auf\/","url":"https:\/\/starke-meinungen.de\/blog\/2014\/04\/08\/die-deutschen-arbeitgeber-begehren-gegen-den-totalitarismus-auf\/","name":"Deutsche Arbeitgeber begehren gegen den Totalitarismus auf - starke-meinungen.de","isPartOf":{"@id":"https:\/\/starke-meinungen.de\/blog\/#website"},"datePublished":"2014-04-08T05:28:14+00:00","dateModified":"2014-04-08T09:42:20+00:00","breadcrumb":{"@id":"https:\/\/starke-meinungen.de\/blog\/2014\/04\/08\/die-deutschen-arbeitgeber-begehren-gegen-den-totalitarismus-auf\/#breadcrumb"},"inLanguage":"de","potentialAction":[{"@type":"ReadAction","target":["https:\/\/starke-meinungen.de\/blog\/2014\/04\/08\/die-deutschen-arbeitgeber-begehren-gegen-den-totalitarismus-auf\/"]}]},{"@type":"BreadcrumbList","@id":"https:\/\/starke-meinungen.de\/blog\/2014\/04\/08\/die-deutschen-arbeitgeber-begehren-gegen-den-totalitarismus-auf\/#breadcrumb","itemListElement":[{"@type":"ListItem","position":1,"name":"Startseite","item":"https:\/\/starke-meinungen.de\/blog\/"},{"@type":"ListItem","position":2,"name":"Deutsche Arbeitgeber begehren gegen den Totalitarismus auf"}]},{"@type":"WebSite","@id":"https:\/\/starke-meinungen.de\/blog\/#website","url":"https:\/\/starke-meinungen.de\/blog\/","name":"starke-meinungen.de","description":"Autoren-Blog","publisher":{"@id":"https:\/\/starke-meinungen.de\/blog\/#organization"},"potentialAction":[{"@type":"SearchAction","target":{"@type":"EntryPoint","urlTemplate":"https:\/\/starke-meinungen.de\/blog\/?s={search_term_string}"},"query-input":{"@type":"PropertyValueSpecification","valueRequired":true,"valueName":"search_term_string"}}],"inLanguage":"de"},{"@type":"Organization","@id":"https:\/\/starke-meinungen.de\/blog\/#organization","name":"starke-meinungen.de","url":"https:\/\/starke-meinungen.de\/blog\/","logo":{"@type":"ImageObject","inLanguage":"de","@id":"https:\/\/starke-meinungen.de\/blog\/#\/schema\/logo\/image\/","url":"https:\/\/starke-meinungen.de\/blog\/wp-content\/uploads\/starke-meinungen-fb-header.jpg","contentUrl":"https:\/\/starke-meinungen.de\/blog\/wp-content\/uploads\/starke-meinungen-fb-header.jpg","width":1200,"height":630,"caption":"starke-meinungen.de"},"image":{"@id":"https:\/\/starke-meinungen.de\/blog\/#\/schema\/logo\/image\/"},"sameAs":["https:\/\/www.facebook.com\/starkemeinungen\/","https:\/\/x.com\/starkemeinungen"]},{"@type":"Person","@id":"https:\/\/starke-meinungen.de\/blog\/#\/schema\/person\/32d0faef7c31a37c1c89be993d7a6d28","name":"Alan Posener","image":{"@type":"ImageObject","inLanguage":"de","@id":"https:\/\/secure.gravatar.com\/avatar\/c75c8818a9ab78c4faa75048dba7844e2587998cda4d93f84e7d86f7e21a9b90?s=96&d=mm&r=g","url":"https:\/\/secure.gravatar.com\/avatar\/c75c8818a9ab78c4faa75048dba7844e2587998cda4d93f84e7d86f7e21a9b90?s=96&d=mm&r=g","contentUrl":"https:\/\/secure.gravatar.com\/avatar\/c75c8818a9ab78c4faa75048dba7844e2587998cda4d93f84e7d86f7e21a9b90?s=96&d=mm&r=g","caption":"Alan Posener"},"url":"https:\/\/starke-meinungen.de\/blog\/author\/posener\/"}]}},"_links":{"self":[{"href":"https:\/\/starke-meinungen.de\/blog\/wp-json\/wp\/v2\/posts\/4296","targetHints":{"allow":["GET"]}}],"collection":[{"href":"https:\/\/starke-meinungen.de\/blog\/wp-json\/wp\/v2\/posts"}],"about":[{"href":"https:\/\/starke-meinungen.de\/blog\/wp-json\/wp\/v2\/types\/post"}],"author":[{"embeddable":true,"href":"https:\/\/starke-meinungen.de\/blog\/wp-json\/wp\/v2\/users\/13"}],"replies":[{"embeddable":true,"href":"https:\/\/starke-meinungen.de\/blog\/wp-json\/wp\/v2\/comments?post=4296"}],"version-history":[{"count":9,"href":"https:\/\/starke-meinungen.de\/blog\/wp-json\/wp\/v2\/posts\/4296\/revisions"}],"predecessor-version":[{"id":4301,"href":"https:\/\/starke-meinungen.de\/blog\/wp-json\/wp\/v2\/posts\/4296\/revisions\/4301"}],"wp:attachment":[{"href":"https:\/\/starke-meinungen.de\/blog\/wp-json\/wp\/v2\/media?parent=4296"}],"wp:term":[{"taxonomy":"category","embeddable":true,"href":"https:\/\/starke-meinungen.de\/blog\/wp-json\/wp\/v2\/categories?post=4296"},{"taxonomy":"post_tag","embeddable":true,"href":"https:\/\/starke-meinungen.de\/blog\/wp-json\/wp\/v2\/tags?post=4296"}],"curies":[{"name":"wp","href":"https:\/\/api.w.org\/{rel}","templated":true}]}}