

{"id":4267,"date":"2014-03-19T14:13:39","date_gmt":"2014-03-19T13:13:39","guid":{"rendered":"https:\/\/starke-meinungen.de\/blog\/?p=4267"},"modified":"2014-03-19T14:13:39","modified_gmt":"2014-03-19T13:13:39","slug":"vom-kosovo-zur-krim","status":"publish","type":"post","link":"https:\/\/starke-meinungen.de\/blog\/2014\/03\/19\/vom-kosovo-zur-krim\/","title":{"rendered":"Vom Kosovo zur Krim"},"content":{"rendered":"<div>\n<p>Ich will nicht behaupten, dass ich die Krim-Krise vorhergesehen h\u00e4tte. Das habe ich sogar, im Nebensatz eines Kommentars zu Georgien 2008, wie ich unten nachweise, aber darum geht es mir nicht. Und: Anders als viele Kommentatoren habe ich sogar die Ukraine vor einigen Jahren bereist; dennoch erkl\u00e4re ich mich hiermit zum Nicht-Experten in Sachen Russland und Ukraine, anders als alle m\u00f6glichen Leute einschlie\u00dflich, neuerdings, Alice Schwarzer.<\/p>\n<p>Mir ist dennoch wichtig zu zeigen, dass man die jetzige Krise kommen sehen konnte; und dass die Europ\u00e4ische Union und die Vereinigten Staaten durch Tun und Unterlassen ihren Teil dazu beigetragen haben. Was Putins Okkupation und Abtrennung der Krim in keiner Weise rechtfertigt.<!--more--><\/p>\n<p>&nbsp;<\/p>\n<p>Irgendwo muss man beginnen; m\u00f6glichst nicht bei Adam und Eva, und auch nicht beim Fall der Mauer. Nehmen wir als Ausgangspunkt das Jahr 2008. In einem Artikel f\u00fcr \u201eDie Welt\u201c skizzierte ich damals, welche Probleme wir mit Russland bekommen w\u00fcrden, nachdem ein Teil der EU-Staaten die Unabh\u00e4ngigkeit der abtr\u00fcnnigen serbischen Provinz Kosovo anerkannt hatten:<\/p>\n<p><a href=\"http:\/\/www.welt.de\/debatte\/article1699942\/Die-Anerkennung-des-Kosovos-ist-ein-Fehler.html\" target=\"_blank\">http:\/\/www.welt.de\/debatte\/article1699942\/Die-Anerkennung-des-Kosovos-ist-ein-Fehler.html<\/a><\/p>\n<p>Die Kernaussagen dieses Artikels lauten:<\/p>\n<p>\u201eMit der Anerkennung des Kosovo haben wir eine B\u00fcchse der Pandora ge\u00f6ffnet. Warum sollen die Serben der bosnischen Teilrepublik Skrspsa weiterhin diesem ungeliebten Staatenverbund angeh\u00f6ren und sich nicht Serbien anschlie\u00dfen? Mit welcher Logik wird der Westen den Russen entgegentreten, wenn sie russisch bewohnte Provinzen Georgiens und Moldawas zur Sezession ermuntern?\u201c<\/p>\n<p>(Die Krim hatte ich nicht auf dem Schirm. Noch nicht.)<\/p>\n<p>Und:<\/p>\n<p>\u201eEinen Staat zu zerlegen, widerspricht dem Prinzip der Unantastbarkeit der Grenzen, die nach 1945 zu einem der Grundpfeiler der neugegr\u00fcndeten Vereinten Nationen geworden war. F\u00fcr dieses Prinzip gibt es gute Gr\u00fcnde. Wird einmal jeder ethnischen, kulturellen oder sonstwie definierten Minderheit die Sezession gestattet, ist der Subversion und dem Zerfall der Nationalstaaten, die fast alle irgendwelche Minderheiten beherbergen, kaum eine Grenze zu setzen.\u201c<\/p>\n<p>Und:<\/p>\n<p>\u201eVor allem aber (&#8230;) bedeutet die Abtrennung der Provinz ein Schlag ins Gesicht Russlands, das sich als Schutzmacht Serbiens aufspielt, bereits wichtige Teile der serbischen Industrie aufgekauft hat und sich anschickt, der Europ\u00e4ischen Union auf dem Balkan Schwierigkeiten zu bereiten. Dieses geopolitische Pokern der Russen muss man nicht guthei\u00dfen. Man sollte es aber in Rechnung stellen. Wir brauchen Russlands Kooperation f\u00fcr Sanktionen gegen die nuklearen Ambitionen des Iran. Wir brauchen zumindest Russlands Stillhalten beim Aufbau eines US-Raketenschilds in Polen und Tschechien, das Europa vor der Erpressung durch den Iran immunisiert. Mittelfristig brauchen wir Russlands Akzeptanz eines Nato-Beitritts der Ukraine und Georgiens, langfristig wird \u00fcber den Beitritt dieser L\u00e4nder zur EU zu diskutieren sein. Alle diese Ziele sind wichtiger als die Unabh\u00e4ngigkeit des Kosovo.\u201c<\/p>\n<p>Hier immerhin ger\u00e4t die f\u00fcr die gegenw\u00e4rtige Krise entscheidende Frage in den Blick: die Ann\u00e4herung der Ukraine an die EU, mit der Perspektive eines sp\u00e4teren Beitritts. Diese Ann\u00e4herung, schrieb ich 2008, sei ohne die \u201eAkzeptanz\u201c Russlands nicht zu erreichen.<\/p>\n<p>&nbsp;<\/p>\n<p>Dass ich nicht missverstanden werde: Die Zerlegung der Ukraine durch Russland billige ich nicht. Einmal aus grunds\u00e4tzlichen Erw\u00e4gungen heraus, siehe oben; dann aber, weil ich \u2013 wie ich mehrfach geschrieben habe \u2013 in Putins Russland heute den Hort der Reaktion in Europa erblicke.<\/p>\n<p>Das habe ich im Januar dieses Jahres hier auf \u201eStarke Meinungen\u201c im Zusammenhang mit der Au\u00dfenpolitik der AfD (und anderer nationalkonservativer Anti-Europ\u00e4er, k\u00f6nnte ich hinzuf\u00fcgen) dargelegt:<\/p>\n<p><a href=\"https:\/\/starke-meinungen.de\/blog\/2014\/01\/28\/die-ausenpolitik-der-afd\/\" target=\"_blank\">https:\/\/starke-meinungen.de\/blog\/2014\/01\/28\/die-ausenpolitik-der-afd\/<\/a><\/p>\n<p>Auch hier f\u00fcr Klickfaule die entscheidende Passage:<\/p>\n<p>\u201eDenn damit komme ich auf den Schl\u00fcssel zum Verst\u00e4ndnis des Thesenpapiers. Auf den Vorschlag, Europa vors\u00e4tzlich milit\u00e4risch machtlos und au\u00dfenpolitisch uneinig zu lassen, auf dass es f\u00fcr das m\u00e4chtige Russland, dessen Einflusssph\u00e4re und \u201eWertewelt\u201c keine Herausforderung darstellt.<\/p>\n<p>Nicht zuletzt um diese \u201eWertewelt\u201c geht es. Denn Russland bleibt im 21. Jahrhundert, was es im 19. und im 20. Jahrhundert war. Der Hort der Reaktion. Nicht nur, dass Russland m\u00f6rderische Diktatoren wie Milosevic und Saddam fr\u00fcher, Assad und das iranische Mullah-Regime heute unterst\u00fctzte und unterst\u00fctzt; nicht nur, dass Putin in Wei\u00dfrussland eine Diktatur und in der Ukraine ein repressives Regime an der Macht h\u00e4lt; nicht nur, dass er Dissidenten im In- und Ausland ermorden l\u00e4sst; dass er alles tut, um Gegens\u00e4tze in der EU zu f\u00f6rdern und dass er versucht, Erdgas als politische Waffe einzusetzen \u2013 Putins Russland avanciert auch zum ideologischen Zentrum der Reaktion in Europa. Wenn es gegen die Rassenvermischung und die Frauenemanzipation, gegen Nichtwei\u00dfe, Muslime, Juden und Atheisten, gegen Schwule und Umweltsch\u00fctzer, gegen Demokratie und Menschenrechte geht, bildet Russland l\u00e4ngst die Speerspitze der Kr\u00e4fte, die gegen die Moderne agieren \u2013 und hat l\u00e4ngst der Katholischen Kirche in dieser Hinsicht den Rang abgelaufen.<\/p>\n<p>Ein schwaches, zerstrittenes Europa, das sich bei allen Lippenbekenntnissen zum Westen auch verpflichtet hat, Russlands Interessen und Wertewelt zu respektieren, wie es (der AfD-Theoretiker Alexander) Gauland vorschl\u00e4gt, w\u00e4re eben \u2013 wie Bismarcks Deutschland \u2013 nicht mehr wirklich Teil des Westens.\u201c<\/p>\n<p>&nbsp;<\/p>\n<p>Nun scheint hier ein Widerspruch vorzuliegen. Einerseits kritisiere ich 2008 die Anerkennung der Unabh\u00e4ngigkeit des Kosovo mit dem Hinweis, man werde Russlands \u201eAkzeptanz\u201c f\u00fcr das Erweiterungs- und Friedensprojekt der Europ\u00e4ischen Union brauchen; andererseits kritisiere ich 2013 Alexander Gauland, weil er eine Respektierung der Einflusssph\u00e4re und Wertewelt Russlands fordert. Tats\u00e4chlich aber liegt der Unterschied darin: Gauland leitet aus seiner nationalkonservativen Position ab, dass die Ukraine \u2013 von Wei\u00dfrussland, Georgien usw. ganz abgesehen \u2013 niemals Teil der westlichen Einflusssph\u00e4re sein kann. Ich leite aus meiner westlich-imperialistischen Position ab, erstens, dass die \u201eWertewelt\u201c Europas und des Westens eine unwiderstehliche Anziehungskraft auf die Menschen auch in der Einflusssph\u00e4re Russlands aus\u00fcbt; zweitens, dass es dem \u201edemokratischen Imperium\u201c (Jos\u00e9 Manuel Barroso \u00fcber die EU) nicht gleichg\u00fcltig sein kann, ob unsere \u00f6stlichen Nachbarn, insbesondere die Schwarzmeeranrainer T\u00fcrkei, Armenien, Georgien und die Ukraine Partner oder Gegner Europas sind.<\/p>\n<p>Freilich war und bin ich der Ansicht, dass Russlands Empfindlichkeiten und Ziele \u201ein Rechnung zu stellen\u201c sind, und dass man Russlands Widerstand nicht unn\u00f6tig provozieren sollte.<\/p>\n<p>&nbsp;<\/p>\n<p>Haben EU und USA Russland in Sachen Ukraine unn\u00f6tig provoziert? Nein. Freilich wurden Russlands m\u00f6gliche Reaktionen auch nicht in Rechnung gestellt. So \u00e4hnlich, scheint mir, sieht es der Politologe Herfried M\u00fcnkler. Hier ist das Interview, das Andrea Seibel und ich vor einigen Tagen mit ihm gef\u00fchrt haben:<\/p>\n<p><a href=\"http:\/\/www.welt.de\/print\/die_welt\/kultur\/article125944244\/Bruessel-und-Berlin-waren-blauaeugig.html\" target=\"_blank\">http:\/\/www.welt.de\/print\/die_welt\/kultur\/article125944244\/Bruessel-und-Berlin-waren-blauaeugig.html<\/a><\/p>\n<p>M\u00fcnkler hatte ja einige Monate vor Ver\u00f6ffentlichung meines Buchs \u00fcber Europa als Imperium selbst ein gro\u00dfes Werk \u00fcber \u201eImperien\u201c vorgelegt (das Thema lag damals in der Luft), in dem er meinte,\u00a0\u00a0die EU sei zwar kein Imperium, \u00fcbernehme jedoch an ihrer Peripherie einige imperiale Aufgaben. Im Interview sagt er in diesem Zusammenhang (und auf die Frage, ob Europa wegen der Nichtbeachtung russischer Empfindlichkeiten ein schlechtes Gewissen haben sollte):<\/p>\n<p>\u201eSicher kein schlechtes Gewissen. Aber ich glaube, dass das, was Max Weber der deutschen Politik nach 1914 vorgeworfen hat, n\u00e4mlich Au\u00dfenpolitik von Personen machen zu lassen, die nicht im politischen Kampf gest\u00e4hlt worden seien, sondern nach Beamten-Avancement agieren, auch auf Br\u00fcssel zutrifft. Man hat sich zu wenig Gedanken gemacht, was das Assoziierungsabkommen f\u00fcr Moskau bedeutet. Br\u00fcssel hat agiert, als ginge es blo\u00df um das Administrieren von Wohlstand und die Durchsetzung menschenrechtlicher Normen. Niemand war auf ein Spiel mit strategischen Gegenakteuren eingestellt. Darin zeigt sich die au\u00dfenpolitische Handlungs- oder besser noch: Reflexionsschw\u00e4che der Europ\u00e4ischen Union. Sie macht sich zu wenige Gedanken \u00fcber die Gestaltung von R\u00e4umen.\u201c<\/p>\n<p>Und:<\/p>\n<p>\u201eIm Falle der Ukraine haben Akteure aus Br\u00fcssel und Berlin gespielt, die den Begriff des Imperiums nicht hinreichend im Kopf hatten. Oder wenn ich mal frech und keck bin, meine Imperiumstheorie nicht rezipiert haben, bei der ja der zentrale Punkt ist, dass imperiale Akteure, die sich zumuten, Ordnungsmacht gr\u00f6\u00dferer R\u00e4ume zu sein, die ihre eigentlichen Grenzen \u00fcberschie\u00dfen, \u00fcberall dort Mitspracherechte beanspruchen. Wenn man Putin als jemanden erlebt, der in solchen imperialen Kategorien denkt, dann wei\u00df man doch, wie er reagieren wird.\u201c<\/p>\n<p>In der Tat. Und, wie gesagt, das entschuldigt nichts. Aber Man\u00f6verkritik muss dennoch sein. Und sie kann nicht mit dem Scheitern des Assoziierungsabkommens oder dem Maidan-Abkommen oder der Anerkennung der Revolutionsregierung in Kiew beginnen, obwohl es dazu einiges zu sagen g\u00e4be. Bereits wenige Monate nach der Anerkennung der Unabh\u00e4ngigkeit des Kosovo kam es zum Krieg in Georgien und der faktischen Annexion der georgischen Provinzen S\u00fcd-Ossetien und Abchasien durch Russland. Damals schrieb ich in der \u201eWelt\u201c folgenden Kommentar:<\/p>\n<p><a href=\"http:\/\/www.welt.de\/politik\/article2359174\/Was-der-Westen-nun-gegen-Russland-tun-kann.html\" target=\"_blank\">http:\/\/www.welt.de\/politik\/article2359174\/Was-der-Westen-nun-gegen-Russland-tun-kann.html<\/a><\/p>\n<p>Hier die entscheidenden Passagen:<\/p>\n<p>\u201eRussland stellt seinen Wunsch nach Wiederherstellung seiner imperialen Gr\u00f6\u00dfe und Ausdehnung seines Einflussgebiets \u00fcber den Wunsch, mit dem Westen zusammen die neue Weltordnung zu gestalten.\u201c<\/p>\n<p>Und:<\/p>\n<p>\u201eFreilich hat Russland mit der Berufung auf den Pr\u00e4zedenzfall Kosovo seinerseits klar gemacht, dass dem Kreml das Prinzip der territorialen Integrit\u00e4t nur dann etwas gilt, wenn es Russland n\u00fctzt. Und mit der nun erfolgten Anerkennung der abgespaltenen georgischen Provinzen als unabh\u00e4ngige Staaten hat das Duo Medwedew-Putin im Grunde genommen nachtr\u00e4glich die Anerkennung des Kosovo durch den Westen legitimiert. Damit ist ein Prozess in Gang gesetzt worden, den weder Russland noch der Westen kontrollieren kann.\u201c<\/p>\n<p>Und:<\/p>\n<p>\u201e Russland droht mit der weiteren Destabilisierung der Peripherie Europas \u2013 etwa durch Versuche, den Krim von der Ukraine abzuspalten, Teile Moldawas zu annektieren, die russischen Minderheiten in den baltischen Staaten gegen deren Regierungen aufzuwiegeln \u2013 und mit der energiepolitischen Erpressung des Kontinents, falls sich Europa nicht bereit erkl\u00e4rt, sich seine au\u00dfenpolitische Agenda von Moskau diktieren zu lassen.\u201c<\/p>\n<p>Moment: \u201e&#8230; etwa durch Versuche, die Krim von der Ukraine abzuspalten\u201c &#8230; : Habe ich das wirklich 2008 schon geschrieben? Doch. Warum kam das jetzt also f\u00fcr die EU so \u00fcberraschend?<\/p>\n<p>Nun, weil f\u00fcr die Beamtenseelen in Berlin und Br\u00fcssel nicht sein konnte, was nicht sein durfte. 2008 habe ich die Frage gestellt, wie Europa auf die russische Provokation in Georgien reagieren sollte. Meine Antwort damals:<\/p>\n<p>\u201eEuropa muss weiterhin die Perspektive verfolgen, Georgien, die Ukraine und Moldawa in die Nato und in die EU aufzunehmen. Es muss st\u00e4rker als bisher darauf achten, Pipelines um Russland herumzuf\u00fchren, und vor allem schnell das &#8222;Nabucco&#8220;-Projekt abschlie\u00dfen. \u00dcberdies m\u00fcssen alle Alternativen zu \u00d6l und Gas \u2013 von Wind- und Sonnenenergie bis hin zur Atomkraft \u2013 forciert ausgebaut werden und d\u00fcrfen nicht an ideologischen Vorbehalten von Links oder Rechts scheitern. Dies alles geht nur, wenn Europa als Einheit handelt. Diese langfristige und vor allem gemeinsame Zielsetzung muss das wichtigste Ergebnis des bevorstehenden EU-Gipfels sein. Zum Gl\u00fcck sind sich hier die wichtigsten europ\u00e4ischen F\u00fchrer einig \u2013 Merkel, Sarkozy, Brown, Berlusconi und Kommissionspr\u00e4sident Barroso.\u201c<\/p>\n<p>Kann sein, dass die sich einig waren; es ist dennoch anders gekommen. Nabucco ist Geschichte. Die deutsche Energiewende wurde nach Fukushima im Alleingang durchgezogen. (Dass Merkel nach dem japanischen Reaktorungl\u00fcck in Bezug auf die Kernenergie ihre Position ge\u00e4ndert hat, nehme ich ihr nicht \u00fcbel. Wohl aber die Nichtabstimmung mit den europ\u00e4ischen Partnern.)\u00a0Europa ist nach wie vor abh\u00e4ngig von russischem Gas und \u00d6l.<\/p>\n<p>Des weiteren schlug ich vor:<\/p>\n<p>\u201eDar\u00fcber hinaus sollte Russland so lange weder Mitglied der Welthandelsorganisation WTO noch Gastgeber der Olympischen Winterspiele in Sotschi 2014 sein d\u00fcrfen, bis eine Regelung f\u00fcr Abchasien und S\u00fcdossetien gefunden ist, die garantiert, dass sie nicht einfach zu Provinzen Russlands werden. Eine M\u00f6glichkeit k\u00f6nnte die Installierung einer UN-Schutztruppe sein, die nicht, wie jetzt, aus Russen besteht.<\/p>\n<p>Die EU sollte die Verhandlungen \u00fcber ein neues Rahmenabkommen mit Russland ebenso auf Eis legen wie die derzeit bestehenden Visa-Vorteile f\u00fcr russische Staatsb\u00fcrger. Nichts von alledem wird Russland kurzfristig beeindrucken. Es aber zu unterlassen, w\u00fcrde jene Str\u00f6mungen in der russischen F\u00fchrung ermuntern, die auf Konfrontation und Expansion setzen. Zeigt sich Europa aber geschlossen und selbstbewusst, k\u00f6nnten auch in Russland jene Kr\u00e4fte die Oberhand gewinnen, die begreifen, dass es angesichts der katastrophalen Zukunftsaussichten im Riesenreich in Russlands ureigenstem Interesse liegt, von der Politik der Konfrontation abzur\u00fccken und zur Politik der Kooperation zur\u00fcckzukehren.\u201c<\/p>\n<p>&nbsp;<\/p>\n<p>Tja. Damals war der in Europa gehasste George W. Bush Pr\u00e4sident. Vom neuen Pr\u00e4sidenten Barack Obama ging das Signal aus, man wolle im Verh\u00e4ltnis zu Russland auf den \u201eReset\u201c-Knopf dr\u00fccken. Russland wurde Mitglied der WTO, man hofierte Putin in Sotschi und buhlte in London und Frankfurt um zahlungskr\u00e4ftige russische Bankkunden, lie\u00df Putins Klient Assad ungestraft Chemiewaffen gegen die eigene Bev\u00f6lkerung einsetzen und l\u00e4sst ich von Putins Klienten im Iran an der Nase herumf\u00fchren, w\u00e4hrend sie Atomwaffen entwickeln.<\/p>\n<p>&nbsp;<\/p>\n<p>Einerseits also \u2013 wie beim Kosovo \u2013 unn\u00f6tige Provokation des Kreml und \u2013 wie bei der ukrainischen Revolution \u2013 unzureichende Abstimmung mit Putin; auf der anderen Seite Nachgeben gegen\u00fcber blanker Gewalt und die Vernachl\u00e4ssigung strategischer Ma\u00dfnahmen zur L\u00f6sung Europas aus der energiepolitischen Abh\u00e4ngigkeit von einem Staat, den man als \u201eGazprom mit Atomwaffen\u201c bezeichnet hat. Das Ergebnis sehen wir jetzt.<\/p>\n<\/div>\n<div><\/div>\n<div><\/div>\n<div class=\"shariff shariff-align-left shariff-widget-align-left shariff-buttonstretch\" style=\"display:none\"><ul class=\"shariff-buttons theme-white orientation-horizontal buttonsize-medium\"><li class=\"shariff-button facebook shariff-nocustomcolor\" style=\"background-color:#4273c8\"><a href=\"https:\/\/www.facebook.com\/sharer\/sharer.php?u=https%3A%2F%2Fstarke-meinungen.de%2Fblog%2F2014%2F03%2F19%2Fvom-kosovo-zur-krim%2F\" title=\"Bei Facebook teilen\" aria-label=\"Bei Facebook teilen\" role=\"button\" rel=\"nofollow\" class=\"shariff-link\" style=\"; background-color:#3b5998; color:#3b5998\" target=\"_blank\"><span class=\"shariff-icon\" style=\"fill:#3b5998\"><svg width=\"32px\" height=\"20px\" xmlns=\"http:\/\/www.w3.org\/2000\/svg\" viewBox=\"0 0 18 32\"><path fill=\"#3b5998\" d=\"M17.1 0.2v4.7h-2.8q-1.5 0-2.1 0.6t-0.5 1.9v3.4h5.2l-0.7 5.3h-4.5v13.6h-5.5v-13.6h-4.5v-5.3h4.5v-3.9q0-3.3 1.9-5.2t5-1.8q2.6 0 4.1 0.2z\"\/><\/svg><\/span><span class=\"shariff-text\" style=\"color:#3b5998\">teilen<\/span>&nbsp;<\/a><\/li><li class=\"shariff-button twitter shariff-nocustomcolor\" style=\"background-color:#595959\"><a href=\"https:\/\/twitter.com\/share?url=https%3A%2F%2Fstarke-meinungen.de%2Fblog%2F2014%2F03%2F19%2Fvom-kosovo-zur-krim%2F&text=Vom%20Kosovo%20zur%20Krim&via=starkemeinungen\" title=\"Bei X teilen\" aria-label=\"Bei X teilen\" role=\"button\" rel=\"noopener nofollow\" class=\"shariff-link\" style=\"; background-color:#000; color:#000\" target=\"_blank\"><span class=\"shariff-icon\" style=\"fill:#000\"><svg width=\"32px\" height=\"20px\" xmlns=\"http:\/\/www.w3.org\/2000\/svg\" viewBox=\"0 0 24 24\"><path fill=\"#000\" d=\"M14.258 10.152L23.176 0h-2.113l-7.747 8.813L7.133 0H0l9.352 13.328L0 23.973h2.113l8.176-9.309 6.531 9.309h7.133zm-2.895 3.293l-.949-1.328L2.875 1.56h3.246l6.086 8.523.945 1.328 7.91 11.078h-3.246zm0 0\"\/><\/svg><\/span><span class=\"shariff-text\" style=\"color:#000\">teilen<\/span>&nbsp;<\/a><\/li><li class=\"shariff-button linkedin shariff-nocustomcolor\" style=\"background-color:#1488bf\"><a href=\"https:\/\/www.linkedin.com\/sharing\/share-offsite\/?url=https%3A%2F%2Fstarke-meinungen.de%2Fblog%2F2014%2F03%2F19%2Fvom-kosovo-zur-krim%2F\" title=\"Bei LinkedIn teilen\" aria-label=\"Bei LinkedIn teilen\" role=\"button\" rel=\"noopener nofollow\" class=\"shariff-link\" style=\"; background-color:#0077b5; color:#0077b5\" target=\"_blank\"><span class=\"shariff-icon\" style=\"fill:#0077b5\"><svg width=\"32px\" height=\"20px\" xmlns=\"http:\/\/www.w3.org\/2000\/svg\" viewBox=\"0 0 27 32\"><path fill=\"#0077b5\" d=\"M6.2 11.2v17.7h-5.9v-17.7h5.9zM6.6 5.7q0 1.3-0.9 2.2t-2.4 0.9h0q-1.5 0-2.4-0.9t-0.9-2.2 0.9-2.2 2.4-0.9 2.4 0.9 0.9 2.2zM27.4 18.7v10.1h-5.9v-9.5q0-1.9-0.7-2.9t-2.3-1.1q-1.1 0-1.9 0.6t-1.2 1.5q-0.2 0.5-0.2 1.4v9.9h-5.9q0-7.1 0-11.6t0-5.3l0-0.9h5.9v2.6h0q0.4-0.6 0.7-1t1-0.9 1.6-0.8 2-0.3q3 0 4.9 2t1.9 6z\"\/><\/svg><\/span><span class=\"shariff-text\" style=\"color:#0077b5\">teilen<\/span>&nbsp;<\/a><\/li><li class=\"shariff-button xing shariff-nocustomcolor\" style=\"background-color:#29888a\"><a href=\"https:\/\/www.xing.com\/spi\/shares\/new?url=https%3A%2F%2Fstarke-meinungen.de%2Fblog%2F2014%2F03%2F19%2Fvom-kosovo-zur-krim%2F\" title=\"Bei XING teilen\" aria-label=\"Bei XING teilen\" role=\"button\" rel=\"noopener nofollow\" class=\"shariff-link\" style=\"; background-color:#126567; color:#126567\" target=\"_blank\"><span class=\"shariff-icon\" style=\"fill:#126567\"><svg width=\"32px\" height=\"20px\" xmlns=\"http:\/\/www.w3.org\/2000\/svg\" viewBox=\"0 0 25 32\"><path fill=\"#126567\" d=\"M10.7 11.9q-0.2 0.3-4.6 8.2-0.5 0.8-1.2 0.8h-4.3q-0.4 0-0.5-0.3t0-0.6l4.5-8q0 0 0 0l-2.9-5q-0.2-0.4 0-0.7 0.2-0.3 0.5-0.3h4.3q0.7 0 1.2 0.8zM25.1 0.4q0.2 0.3 0 0.7l-9.4 16.7 6 11q0.2 0.4 0 0.6-0.2 0.3-0.6 0.3h-4.3q-0.7 0-1.2-0.8l-6-11.1q0.3-0.6 9.5-16.8 0.4-0.8 1.2-0.8h4.3q0.4 0 0.5 0.3z\"\/><\/svg><\/span><span class=\"shariff-text\" style=\"color:#126567\">teilen<\/span>&nbsp;<\/a><\/li><li class=\"shariff-button whatsapp shariff-nocustomcolor\" style=\"background-color:#5cbe4a\"><a href=\"https:\/\/api.whatsapp.com\/send?text=https%3A%2F%2Fstarke-meinungen.de%2Fblog%2F2014%2F03%2F19%2Fvom-kosovo-zur-krim%2F%20Vom%20Kosovo%20zur%20Krim\" title=\"Bei Whatsapp teilen\" aria-label=\"Bei Whatsapp teilen\" role=\"button\" rel=\"noopener nofollow\" class=\"shariff-link\" style=\"; background-color:#34af23; color:#34af23\" target=\"_blank\"><span class=\"shariff-icon\" style=\"fill:#34af23\"><svg width=\"32px\" height=\"20px\" xmlns=\"http:\/\/www.w3.org\/2000\/svg\" viewBox=\"0 0 32 32\"><path fill=\"#34af23\" d=\"M17.6 17.4q0.2 0 1.7 0.8t1.6 0.9q0 0.1 0 0.3 0 0.6-0.3 1.4-0.3 0.7-1.3 1.2t-1.8 0.5q-1 0-3.4-1.1-1.7-0.8-3-2.1t-2.6-3.3q-1.3-1.9-1.3-3.5v-0.1q0.1-1.6 1.3-2.8 0.4-0.4 0.9-0.4 0.1 0 0.3 0t0.3 0q0.3 0 0.5 0.1t0.3 0.5q0.1 0.4 0.6 1.6t0.4 1.3q0 0.4-0.6 1t-0.6 0.8q0 0.1 0.1 0.3 0.6 1.3 1.8 2.4 1 0.9 2.7 1.8 0.2 0.1 0.4 0.1 0.3 0 1-0.9t0.9-0.9zM14 26.9q2.3 0 4.3-0.9t3.6-2.4 2.4-3.6 0.9-4.3-0.9-4.3-2.4-3.6-3.6-2.4-4.3-0.9-4.3 0.9-3.6 2.4-2.4 3.6-0.9 4.3q0 3.6 2.1 6.6l-1.4 4.2 4.3-1.4q2.8 1.9 6.2 1.9zM14 2.2q2.7 0 5.2 1.1t4.3 2.9 2.9 4.3 1.1 5.2-1.1 5.2-2.9 4.3-4.3 2.9-5.2 1.1q-3.5 0-6.5-1.7l-7.4 2.4 2.4-7.2q-1.9-3.2-1.9-6.9 0-2.7 1.1-5.2t2.9-4.3 4.3-2.9 5.2-1.1z\"\/><\/svg><\/span><span class=\"shariff-text\" style=\"color:#34af23\">teilen<\/span>&nbsp;<\/a><\/li><li class=\"shariff-button info shariff-nocustomcolor\" style=\"background-color:#a8a8a8\"><a href=\"http:\/\/ct.de\/-2467514\" title=\"Weitere Informationen\" aria-label=\"Weitere Informationen\" role=\"button\" rel=\"noopener \" class=\"shariff-link\" style=\"; background-color:#999; color:#999\" target=\"_blank\"><span class=\"shariff-icon\" style=\"fill:#999\"><svg width=\"32px\" height=\"20px\" xmlns=\"http:\/\/www.w3.org\/2000\/svg\" viewBox=\"0 0 11 32\"><path fill=\"#999\" d=\"M11.4 24v2.3q0 0.5-0.3 0.8t-0.8 0.4h-9.1q-0.5 0-0.8-0.4t-0.4-0.8v-2.3q0-0.5 0.4-0.8t0.8-0.4h1.1v-6.8h-1.1q-0.5 0-0.8-0.4t-0.4-0.8v-2.3q0-0.5 0.4-0.8t0.8-0.4h6.8q0.5 0 0.8 0.4t0.4 0.8v10.3h1.1q0.5 0 0.8 0.4t0.3 0.8zM9.2 3.4v3.4q0 0.5-0.4 0.8t-0.8 0.4h-4.6q-0.4 0-0.8-0.4t-0.4-0.8v-3.4q0-0.4 0.4-0.8t0.8-0.4h4.6q0.5 0 0.8 0.4t0.4 0.8z\"\/><\/svg><\/span><\/a><\/li><\/ul><\/div>","protected":false},"excerpt":{"rendered":"<p>Ich will nicht behaupten, dass ich die Krim-Krise vorhergesehen h\u00e4tte. Das habe ich sogar, im Nebensatz eines Kommentars zu Georgien 2008, wie ich unten nachweise, aber darum geht es mir nicht. Und: Anders als viele Kommentatoren habe ich sogar die Ukraine vor einigen Jahren bereist; dennoch erkl\u00e4re ich mich hiermit zum Nicht-Experten in Sachen Russland und Ukraine, anders als alle&#8230; <a href=\"https:\/\/starke-meinungen.de\/blog\/2014\/03\/19\/vom-kosovo-zur-krim\/\">Weiterlesen &raquo;<\/a><\/p>\n","protected":false},"author":13,"featured_media":0,"comment_status":"open","ping_status":"open","sticky":false,"template":"","format":"standard","meta":{"footnotes":""},"categories":[209,1],"tags":[2303,2300],"class_list":["post-4267","post","type-post","status-publish","format-standard","hentry","category-alan-posener","category-allgemein","tag-kosovo","tag-krim"],"yoast_head":"<!-- This site is optimized with the Yoast SEO plugin v27.5 - https:\/\/yoast.com\/product\/yoast-seo-wordpress\/ -->\n<title>Vom Kosovo zur Krim - starke-meinungen.de<\/title>\n<meta name=\"robots\" content=\"index, follow, max-snippet:-1, max-image-preview:large, max-video-preview:-1\" \/>\n<link rel=\"canonical\" href=\"https:\/\/starke-meinungen.de\/blog\/2014\/03\/19\/vom-kosovo-zur-krim\/\" \/>\n<meta property=\"og:locale\" content=\"de_DE\" \/>\n<meta property=\"og:type\" content=\"article\" \/>\n<meta property=\"og:title\" content=\"Vom Kosovo zur Krim - starke-meinungen.de\" \/>\n<meta property=\"og:description\" content=\"Ich will nicht behaupten, dass ich die Krim-Krise vorhergesehen h\u00e4tte. Das habe ich sogar, im Nebensatz eines Kommentars zu Georgien 2008, wie ich unten nachweise, aber darum geht es mir nicht. Und: Anders als viele Kommentatoren habe ich sogar die Ukraine vor einigen Jahren bereist; dennoch erkl\u00e4re ich mich hiermit zum Nicht-Experten in Sachen Russland und Ukraine, anders als alle... Weiterlesen &raquo;\" \/>\n<meta property=\"og:url\" content=\"https:\/\/starke-meinungen.de\/blog\/2014\/03\/19\/vom-kosovo-zur-krim\/\" \/>\n<meta property=\"og:site_name\" content=\"starke-meinungen.de\" \/>\n<meta property=\"article:publisher\" content=\"https:\/\/www.facebook.com\/starkemeinungen\/\" \/>\n<meta property=\"article:published_time\" content=\"2014-03-19T13:13:39+00:00\" \/>\n<meta property=\"og:image\" content=\"https:\/\/starke-meinungen.de\/blog\/wp-content\/uploads\/starke-meinungen-fb-header.jpg\" \/>\n\t<meta property=\"og:image:width\" content=\"1200\" \/>\n\t<meta property=\"og:image:height\" content=\"630\" \/>\n\t<meta property=\"og:image:type\" content=\"image\/jpeg\" \/>\n<meta name=\"author\" content=\"Alan Posener\" \/>\n<meta name=\"twitter:card\" content=\"summary_large_image\" \/>\n<meta name=\"twitter:creator\" content=\"@starkemeinungen\" \/>\n<meta name=\"twitter:site\" content=\"@starkemeinungen\" \/>\n<meta name=\"twitter:label1\" content=\"Verfasst von\" \/>\n\t<meta name=\"twitter:data1\" content=\"Alan Posener\" \/>\n\t<meta name=\"twitter:label2\" content=\"Gesch\u00e4tzte Lesezeit\" \/>\n\t<meta name=\"twitter:data2\" content=\"11\u00a0Minuten\" \/>\n<script type=\"application\/ld+json\" class=\"yoast-schema-graph\">{\"@context\":\"https:\\\/\\\/schema.org\",\"@graph\":[{\"@type\":\"Article\",\"@id\":\"https:\\\/\\\/starke-meinungen.de\\\/blog\\\/2014\\\/03\\\/19\\\/vom-kosovo-zur-krim\\\/#article\",\"isPartOf\":{\"@id\":\"https:\\\/\\\/starke-meinungen.de\\\/blog\\\/2014\\\/03\\\/19\\\/vom-kosovo-zur-krim\\\/\"},\"author\":{\"name\":\"Alan Posener\",\"@id\":\"https:\\\/\\\/starke-meinungen.de\\\/blog\\\/#\\\/schema\\\/person\\\/32d0faef7c31a37c1c89be993d7a6d28\"},\"headline\":\"Vom Kosovo zur Krim\",\"datePublished\":\"2014-03-19T13:13:39+00:00\",\"mainEntityOfPage\":{\"@id\":\"https:\\\/\\\/starke-meinungen.de\\\/blog\\\/2014\\\/03\\\/19\\\/vom-kosovo-zur-krim\\\/\"},\"wordCount\":2157,\"commentCount\":97,\"publisher\":{\"@id\":\"https:\\\/\\\/starke-meinungen.de\\\/blog\\\/#organization\"},\"keywords\":[\"Kosovo\",\"Krim\"],\"articleSection\":[\"Alan Posener\"],\"inLanguage\":\"de\",\"potentialAction\":[{\"@type\":\"CommentAction\",\"name\":\"Comment\",\"target\":[\"https:\\\/\\\/starke-meinungen.de\\\/blog\\\/2014\\\/03\\\/19\\\/vom-kosovo-zur-krim\\\/#respond\"]}]},{\"@type\":\"WebPage\",\"@id\":\"https:\\\/\\\/starke-meinungen.de\\\/blog\\\/2014\\\/03\\\/19\\\/vom-kosovo-zur-krim\\\/\",\"url\":\"https:\\\/\\\/starke-meinungen.de\\\/blog\\\/2014\\\/03\\\/19\\\/vom-kosovo-zur-krim\\\/\",\"name\":\"Vom Kosovo zur Krim - starke-meinungen.de\",\"isPartOf\":{\"@id\":\"https:\\\/\\\/starke-meinungen.de\\\/blog\\\/#website\"},\"datePublished\":\"2014-03-19T13:13:39+00:00\",\"breadcrumb\":{\"@id\":\"https:\\\/\\\/starke-meinungen.de\\\/blog\\\/2014\\\/03\\\/19\\\/vom-kosovo-zur-krim\\\/#breadcrumb\"},\"inLanguage\":\"de\",\"potentialAction\":[{\"@type\":\"ReadAction\",\"target\":[\"https:\\\/\\\/starke-meinungen.de\\\/blog\\\/2014\\\/03\\\/19\\\/vom-kosovo-zur-krim\\\/\"]}]},{\"@type\":\"BreadcrumbList\",\"@id\":\"https:\\\/\\\/starke-meinungen.de\\\/blog\\\/2014\\\/03\\\/19\\\/vom-kosovo-zur-krim\\\/#breadcrumb\",\"itemListElement\":[{\"@type\":\"ListItem\",\"position\":1,\"name\":\"Startseite\",\"item\":\"https:\\\/\\\/starke-meinungen.de\\\/blog\\\/\"},{\"@type\":\"ListItem\",\"position\":2,\"name\":\"Vom Kosovo zur Krim\"}]},{\"@type\":\"WebSite\",\"@id\":\"https:\\\/\\\/starke-meinungen.de\\\/blog\\\/#website\",\"url\":\"https:\\\/\\\/starke-meinungen.de\\\/blog\\\/\",\"name\":\"starke-meinungen.de\",\"description\":\"Autoren-Blog\",\"publisher\":{\"@id\":\"https:\\\/\\\/starke-meinungen.de\\\/blog\\\/#organization\"},\"potentialAction\":[{\"@type\":\"SearchAction\",\"target\":{\"@type\":\"EntryPoint\",\"urlTemplate\":\"https:\\\/\\\/starke-meinungen.de\\\/blog\\\/?s={search_term_string}\"},\"query-input\":{\"@type\":\"PropertyValueSpecification\",\"valueRequired\":true,\"valueName\":\"search_term_string\"}}],\"inLanguage\":\"de\"},{\"@type\":\"Organization\",\"@id\":\"https:\\\/\\\/starke-meinungen.de\\\/blog\\\/#organization\",\"name\":\"starke-meinungen.de\",\"url\":\"https:\\\/\\\/starke-meinungen.de\\\/blog\\\/\",\"logo\":{\"@type\":\"ImageObject\",\"inLanguage\":\"de\",\"@id\":\"https:\\\/\\\/starke-meinungen.de\\\/blog\\\/#\\\/schema\\\/logo\\\/image\\\/\",\"url\":\"https:\\\/\\\/starke-meinungen.de\\\/blog\\\/wp-content\\\/uploads\\\/starke-meinungen-fb-header.jpg\",\"contentUrl\":\"https:\\\/\\\/starke-meinungen.de\\\/blog\\\/wp-content\\\/uploads\\\/starke-meinungen-fb-header.jpg\",\"width\":1200,\"height\":630,\"caption\":\"starke-meinungen.de\"},\"image\":{\"@id\":\"https:\\\/\\\/starke-meinungen.de\\\/blog\\\/#\\\/schema\\\/logo\\\/image\\\/\"},\"sameAs\":[\"https:\\\/\\\/www.facebook.com\\\/starkemeinungen\\\/\",\"https:\\\/\\\/x.com\\\/starkemeinungen\"]},{\"@type\":\"Person\",\"@id\":\"https:\\\/\\\/starke-meinungen.de\\\/blog\\\/#\\\/schema\\\/person\\\/32d0faef7c31a37c1c89be993d7a6d28\",\"name\":\"Alan Posener\",\"image\":{\"@type\":\"ImageObject\",\"inLanguage\":\"de\",\"@id\":\"https:\\\/\\\/secure.gravatar.com\\\/avatar\\\/c75c8818a9ab78c4faa75048dba7844e2587998cda4d93f84e7d86f7e21a9b90?s=96&d=mm&r=g\",\"url\":\"https:\\\/\\\/secure.gravatar.com\\\/avatar\\\/c75c8818a9ab78c4faa75048dba7844e2587998cda4d93f84e7d86f7e21a9b90?s=96&d=mm&r=g\",\"contentUrl\":\"https:\\\/\\\/secure.gravatar.com\\\/avatar\\\/c75c8818a9ab78c4faa75048dba7844e2587998cda4d93f84e7d86f7e21a9b90?s=96&d=mm&r=g\",\"caption\":\"Alan Posener\"},\"url\":\"https:\\\/\\\/starke-meinungen.de\\\/blog\\\/author\\\/posener\\\/\"}]}<\/script>\n<!-- \/ Yoast SEO plugin. -->","yoast_head_json":{"title":"Vom Kosovo zur Krim - starke-meinungen.de","robots":{"index":"index","follow":"follow","max-snippet":"max-snippet:-1","max-image-preview":"max-image-preview:large","max-video-preview":"max-video-preview:-1"},"canonical":"https:\/\/starke-meinungen.de\/blog\/2014\/03\/19\/vom-kosovo-zur-krim\/","og_locale":"de_DE","og_type":"article","og_title":"Vom Kosovo zur Krim - starke-meinungen.de","og_description":"Ich will nicht behaupten, dass ich die Krim-Krise vorhergesehen h\u00e4tte. Das habe ich sogar, im Nebensatz eines Kommentars zu Georgien 2008, wie ich unten nachweise, aber darum geht es mir nicht. Und: Anders als viele Kommentatoren habe ich sogar die Ukraine vor einigen Jahren bereist; dennoch erkl\u00e4re ich mich hiermit zum Nicht-Experten in Sachen Russland und Ukraine, anders als alle... Weiterlesen &raquo;","og_url":"https:\/\/starke-meinungen.de\/blog\/2014\/03\/19\/vom-kosovo-zur-krim\/","og_site_name":"starke-meinungen.de","article_publisher":"https:\/\/www.facebook.com\/starkemeinungen\/","article_published_time":"2014-03-19T13:13:39+00:00","og_image":[{"width":1200,"height":630,"url":"https:\/\/starke-meinungen.de\/blog\/wp-content\/uploads\/starke-meinungen-fb-header.jpg","type":"image\/jpeg"}],"author":"Alan Posener","twitter_card":"summary_large_image","twitter_creator":"@starkemeinungen","twitter_site":"@starkemeinungen","twitter_misc":{"Verfasst von":"Alan Posener","Gesch\u00e4tzte Lesezeit":"11\u00a0Minuten"},"schema":{"@context":"https:\/\/schema.org","@graph":[{"@type":"Article","@id":"https:\/\/starke-meinungen.de\/blog\/2014\/03\/19\/vom-kosovo-zur-krim\/#article","isPartOf":{"@id":"https:\/\/starke-meinungen.de\/blog\/2014\/03\/19\/vom-kosovo-zur-krim\/"},"author":{"name":"Alan Posener","@id":"https:\/\/starke-meinungen.de\/blog\/#\/schema\/person\/32d0faef7c31a37c1c89be993d7a6d28"},"headline":"Vom Kosovo zur Krim","datePublished":"2014-03-19T13:13:39+00:00","mainEntityOfPage":{"@id":"https:\/\/starke-meinungen.de\/blog\/2014\/03\/19\/vom-kosovo-zur-krim\/"},"wordCount":2157,"commentCount":97,"publisher":{"@id":"https:\/\/starke-meinungen.de\/blog\/#organization"},"keywords":["Kosovo","Krim"],"articleSection":["Alan Posener"],"inLanguage":"de","potentialAction":[{"@type":"CommentAction","name":"Comment","target":["https:\/\/starke-meinungen.de\/blog\/2014\/03\/19\/vom-kosovo-zur-krim\/#respond"]}]},{"@type":"WebPage","@id":"https:\/\/starke-meinungen.de\/blog\/2014\/03\/19\/vom-kosovo-zur-krim\/","url":"https:\/\/starke-meinungen.de\/blog\/2014\/03\/19\/vom-kosovo-zur-krim\/","name":"Vom Kosovo zur Krim - starke-meinungen.de","isPartOf":{"@id":"https:\/\/starke-meinungen.de\/blog\/#website"},"datePublished":"2014-03-19T13:13:39+00:00","breadcrumb":{"@id":"https:\/\/starke-meinungen.de\/blog\/2014\/03\/19\/vom-kosovo-zur-krim\/#breadcrumb"},"inLanguage":"de","potentialAction":[{"@type":"ReadAction","target":["https:\/\/starke-meinungen.de\/blog\/2014\/03\/19\/vom-kosovo-zur-krim\/"]}]},{"@type":"BreadcrumbList","@id":"https:\/\/starke-meinungen.de\/blog\/2014\/03\/19\/vom-kosovo-zur-krim\/#breadcrumb","itemListElement":[{"@type":"ListItem","position":1,"name":"Startseite","item":"https:\/\/starke-meinungen.de\/blog\/"},{"@type":"ListItem","position":2,"name":"Vom Kosovo zur Krim"}]},{"@type":"WebSite","@id":"https:\/\/starke-meinungen.de\/blog\/#website","url":"https:\/\/starke-meinungen.de\/blog\/","name":"starke-meinungen.de","description":"Autoren-Blog","publisher":{"@id":"https:\/\/starke-meinungen.de\/blog\/#organization"},"potentialAction":[{"@type":"SearchAction","target":{"@type":"EntryPoint","urlTemplate":"https:\/\/starke-meinungen.de\/blog\/?s={search_term_string}"},"query-input":{"@type":"PropertyValueSpecification","valueRequired":true,"valueName":"search_term_string"}}],"inLanguage":"de"},{"@type":"Organization","@id":"https:\/\/starke-meinungen.de\/blog\/#organization","name":"starke-meinungen.de","url":"https:\/\/starke-meinungen.de\/blog\/","logo":{"@type":"ImageObject","inLanguage":"de","@id":"https:\/\/starke-meinungen.de\/blog\/#\/schema\/logo\/image\/","url":"https:\/\/starke-meinungen.de\/blog\/wp-content\/uploads\/starke-meinungen-fb-header.jpg","contentUrl":"https:\/\/starke-meinungen.de\/blog\/wp-content\/uploads\/starke-meinungen-fb-header.jpg","width":1200,"height":630,"caption":"starke-meinungen.de"},"image":{"@id":"https:\/\/starke-meinungen.de\/blog\/#\/schema\/logo\/image\/"},"sameAs":["https:\/\/www.facebook.com\/starkemeinungen\/","https:\/\/x.com\/starkemeinungen"]},{"@type":"Person","@id":"https:\/\/starke-meinungen.de\/blog\/#\/schema\/person\/32d0faef7c31a37c1c89be993d7a6d28","name":"Alan Posener","image":{"@type":"ImageObject","inLanguage":"de","@id":"https:\/\/secure.gravatar.com\/avatar\/c75c8818a9ab78c4faa75048dba7844e2587998cda4d93f84e7d86f7e21a9b90?s=96&d=mm&r=g","url":"https:\/\/secure.gravatar.com\/avatar\/c75c8818a9ab78c4faa75048dba7844e2587998cda4d93f84e7d86f7e21a9b90?s=96&d=mm&r=g","contentUrl":"https:\/\/secure.gravatar.com\/avatar\/c75c8818a9ab78c4faa75048dba7844e2587998cda4d93f84e7d86f7e21a9b90?s=96&d=mm&r=g","caption":"Alan Posener"},"url":"https:\/\/starke-meinungen.de\/blog\/author\/posener\/"}]}},"_links":{"self":[{"href":"https:\/\/starke-meinungen.de\/blog\/wp-json\/wp\/v2\/posts\/4267","targetHints":{"allow":["GET"]}}],"collection":[{"href":"https:\/\/starke-meinungen.de\/blog\/wp-json\/wp\/v2\/posts"}],"about":[{"href":"https:\/\/starke-meinungen.de\/blog\/wp-json\/wp\/v2\/types\/post"}],"author":[{"embeddable":true,"href":"https:\/\/starke-meinungen.de\/blog\/wp-json\/wp\/v2\/users\/13"}],"replies":[{"embeddable":true,"href":"https:\/\/starke-meinungen.de\/blog\/wp-json\/wp\/v2\/comments?post=4267"}],"version-history":[{"count":1,"href":"https:\/\/starke-meinungen.de\/blog\/wp-json\/wp\/v2\/posts\/4267\/revisions"}],"predecessor-version":[{"id":4268,"href":"https:\/\/starke-meinungen.de\/blog\/wp-json\/wp\/v2\/posts\/4267\/revisions\/4268"}],"wp:attachment":[{"href":"https:\/\/starke-meinungen.de\/blog\/wp-json\/wp\/v2\/media?parent=4267"}],"wp:term":[{"taxonomy":"category","embeddable":true,"href":"https:\/\/starke-meinungen.de\/blog\/wp-json\/wp\/v2\/categories?post=4267"},{"taxonomy":"post_tag","embeddable":true,"href":"https:\/\/starke-meinungen.de\/blog\/wp-json\/wp\/v2\/tags?post=4267"}],"curies":[{"name":"wp","href":"https:\/\/api.w.org\/{rel}","templated":true}]}}