

{"id":4204,"date":"2014-01-28T00:31:25","date_gmt":"2014-01-27T23:31:25","guid":{"rendered":"https:\/\/starke-meinungen.de\/blog\/?p=4204"},"modified":"2014-01-27T14:32:34","modified_gmt":"2014-01-27T13:32:34","slug":"die-ausenpolitik-der-afd","status":"publish","type":"post","link":"https:\/\/starke-meinungen.de\/blog\/2014\/01\/28\/die-ausenpolitik-der-afd\/","title":{"rendered":"Die Au\u00dfenpolitik der AfD"},"content":{"rendered":"<p>Will die \u201eAlternative f\u00fcr Deutschland\u201c jene Leerstelle im politischen Spektrum ausf\u00fcllen, die durch Angela Merkels Modernisierung der CDU entstanden ist, muss sie auf allen Feldern der Politik Konzepte entwickeln und darf keine Ein-Thema-Partei bleiben. Ein solcher Versuch birgt zugleich das Risiko der Spaltung, da die Partei gerade wegen der Unbestimmtheit ihrer programmatischen Aussagen bislang Menschen mit ganz verschiedenen Vorstellungen angezogen hat, f\u00fcr die der Anti-Euro-Kurs der Partei eine Art Kristallisationskern gebildet hat. <!--more-->Diese grundlegende Problematik will ich hier nicht weiter er\u00f6rtern, weil ich neulich in der \u201eWelt\u201c ausf\u00fchrlich dar\u00fcber geschrieben habe:<\/p>\n<p>&nbsp;<\/p>\n<p><a href=\"http:\/\/www.welt.de\/politik\/deutschland\/article124205676\/Die-AfD-Portraet-einer-zerrissenen-Partei.html\">http:\/\/www.welt.de\/politik\/deutschland\/article124205676\/Die-AfD-Portraet-einer-zerrissenen-Partei.html<\/a><\/p>\n<p>&nbsp;<\/p>\n<p>Auf den Parteitagen und Veranstaltungen der AfD sowie in den einschl\u00e4gigen Online-Foren spielt die Au\u00dfenpolitik kaum eine Rolle. Das ist bei den anderen Parteien kaum anders. Deren au\u00dfenpolitische Positionen kann man freilich in ihren Programmen nachschlagen. Bei der AfD gibt es hierzu lediglich ein \u201eThesenpapier\u201c des 2. Sprechers der Partei, Alexander Gauland. Hier ist es:<\/p>\n<p>&nbsp;<\/p>\n<p><a href=\"https:\/\/www.alternativefuer.de\/2013\/09\/11\/thesenpapier-aussenpolitik\/\">https:\/\/www.alternativefuer.de\/2013\/09\/11\/thesenpapier-aussenpolitik\/<\/a><\/p>\n<p>&nbsp;<\/p>\n<p>Was sofort auff\u00e4llt, ist dass dieses Programm gem\u00e4\u00dfigt und realistisch ist. Es stellt keine B\u00fcndnisverpflichtungen in Frage, schon gar nicht die grunds\u00e4tzliche Orientierung der deutschen Politik; in so fern ist es weit weniger radikal und populistisch als etwa jenes der Linkspartei.<\/p>\n<p>Ich fasse die wichtigsten Punkte zusammen:<\/p>\n<ol start=\"1\">\n<li>Westorientierung. Anerkennung der USA als F\u00fchrungsmacht. Die Nato wird nicht explizit erw\u00e4hnt, au\u00dfer kritisch als Wortbrecher gegen\u00fcber Russland, aber man darf annehmen, dass die Mitgliedschaft in diesem Milit\u00e4rb\u00fcndnis nicht in Frage gestellt wird.<\/li>\n<li>Verbleib in der EU;\u00a0 Vertiefung des Binnenmarkts, aber Aufl\u00f6sung der Einheitsw\u00e4hrung und Repatriierung einiger Kompetenzen an die Nationalstaaten.<\/li>\n<li>Absage an die weitere Ausdehnung der EU auf dem Balkan, im ehemals russischen Einflussgebiet \u2013 Ukraine, Wei\u00dfrussland, Georgien usw. \u2013 und an die Aufnahme der T\u00fcrkei. Absage an EU-Weltmachtsambitionen und an Milit\u00e4roperationen, die nicht \u201evitalen nationalen Interessen\u201c im \u201eangrenzenden Raum\u201c dienen, aber projektbezogene Kooperation mit anderen EU-Staaten bei Interventionen etwa im Mittelmeerraum oder in Afrika.<\/li>\n<li>Abkehr von der Sicherheitsgarantie f\u00fcr Israel.<\/li>\n<li>\u201eR\u00fcckversicherungspolitik\u201c gegen\u00fcber Russland; Kooperation statt Konfrontation. Anerkennung der Tatsache, dass Russland in einer \u201eanderen Wertewelt\u201c lebt.<\/li>\n<\/ol>\n<p>&nbsp;<\/p>\n<p>Den Punkten eins und zwei stimme ich zu. Als Autor eines Buchs mit dem Untertitel, \u201eWarum Europa Weltmacht werden muss\u201c kann ich nat\u00fcrlich nicht ohne Weiteres dem Programmpunkt drei zustimmen; und den Programmpunkt vier halte ich nicht nur aus historischen Gr\u00fcnden, sondern angesichts der Tatsache, dass Israel der einzige Staat in der Region ist, der in \u201eunserer Wertewelt\u201c lebt, f\u00fcr fatal. Den Punkt f\u00fcnf halte ich aber f\u00fcr den Schl\u00fcssel zum Verst\u00e4ndnis des gesamten Thesenpapiers und f\u00fcr brandgef\u00e4hrlich.<\/p>\n<p>&nbsp;<\/p>\n<p>Bevor ich aber darauf eingehe, will ich kurz auf einige Formulierungen verweisen, die den Zusammenhang herstellen zu der geschichtspolitischen Diskussion, die wir in den letzten drei Wochen hier gef\u00fchrt haben. Der Zusammenhang wird von Gauland selbst in Gespr\u00e4chsrunden immer wieder betont; es handelt sich also nicht um eine Konstruktion meinerseits.<\/p>\n<p>Am deutlichsten wird der Zusammenhang in folgender Passage:<\/p>\n<p>\u201eEine Sakralisierung Europas im Sinne eines Gegenentwurfes zum angeblich gescheiterten Nationalstaat, wie sie der Europ\u00e4ische Gerichtshof in Luxemburg regelm\u00e4\u00dfig vertritt, wird es mit uns nicht geben. Das hei\u00dft aber auch, die EU sollte darauf verzichten sich als Weltmacht im Verh\u00e4ltnis zu Russland, China oder den Vereinigten Staaten zu definieren zu versuchen. Das hindert die L\u00e4nder der EU nicht daran, europ\u00e4ische Interessen auch mit milit\u00e4rischen Mitteln in angrenzenden Gebieten von vitalem Interesse, also zum Beispiel im Mittelmeerraum, gemeinsam wahrzunehmen. Deutschland wird bestimmt nicht am Hindukusch verteidigt, es kann aber durchaus die Notwendigkeit bestehen, es vor Bengasi oder Tunis zu verteidigen. Hier bestehen \u00dcbereinstimmungen mit unseren europ\u00e4ischen Partnern zum Beispiel in Paris und London, die nicht vom Euro und auch nicht von einer Achse Paris-Berlin, sondern vor einer geografischen wie historischen Interessenidentit\u00e4t bestimmt werden, die in Jahrzehnten gewachsen ist. Nicht eine immer st\u00e4rkere Vereinheitlichung und Zentralisierung, sondern eine dezentrale projektbezogene Zusammenarbeit der europ\u00e4ischen Nationalstaaten verspricht den gr\u00f6\u00dften Integrationserfolg.\u201c<\/p>\n<p>&nbsp;<\/p>\n<p>Die Zur\u00fcckweisung der angeblich in Deutschland vorherrschenden Vorstellung, der Nationalstaat sei gescheitert, die Zur\u00fcckweisung der \u201eSakralisierung\u201c Europas als friedensstiftende Macht; die Forderung nach dem Ende \u201emoralisierender\u201c Au\u00dfenpolitik und dem Bekenntnis zu einem gesunden \u201eNationalismus\u201c, das hei\u00dft einem von nationalen \u2013 auch materiellen \u2013 Interessen diktierten Handeln: Dies sind ja auch die Ausgangspunkte, die in der \u2013 nicht nur von mir &#8211; kritisierten Essayserie als Lehren aus dem Ersten Weltkrieg pr\u00e4sentiert werden. Dazu hat Richard Herzinger in der \u201eWelt\u201c Kluges geschrieben:<\/p>\n<p>&nbsp;<\/p>\n<p><a href=\"http:\/\/www.welt.de\/debatte\/kommentare\/article124238457\/Was-uns-die-Urkatastrophe-wirklich-lehrt.html\">http:\/\/www.welt.de\/debatte\/kommentare\/article124238457\/Was-uns-die-Urkatastrophe-wirklich-lehrt.html<\/a><\/p>\n<p>&nbsp;<\/p>\n<p>Warum aber eine gr\u00f6\u00dfere Rolle f\u00fcr die Nationalstaaten innerhalb der Union einhergehen soll mit einer Absage an den Anspruch, Weltmacht zu sein, erschlie\u00dft sich dem Leser nicht ohne weiteres. Tony Blair hat im Gegenteil die Abweisung einer \u201eimmer engeren Union\u201c und die Bef\u00fcrwortung einer gr\u00f6\u00dferen internationalen Rolle f\u00fcr Europa in eine Formel zusammengebracht: \u201eA superpower, not a superstate.\u201c Dieser Argumentation folgt auch mein Europabuch.<\/p>\n<p>Gerade wenn die EU nicht mehr bestimmt wird von der \u2013 an ihrem Anfang zweifellos zu Recht bestehenden \u2013 Angst vor dem nationalen Gegensatz zwischen Deutschland und Frankreich und auch nicht von dem \u2013 nach wie vor bestehenden \u2013 Auftrag, die auf dem Kontinent herrschenden nationalen Gegens\u00e4tzen in supranationalen Institutionen aufzufangen und auszuhandeln; und zumal wenn ihre Aufmerksamkeit und Energie nicht l\u00e4nger aufgesogen w\u00fcrden von der durch die Gemeinschaftsw\u00e4hrung heraufbeschworenen Krise, k\u00f6nnte sich die Konf\u00f6deration der nahe liegenden Aufgabe widmen, eine gemeinschaftliche Au\u00dfen- und Sicherheitspolitik zu widmen und die enorm verschwenderische und ineffektive Situation zu \u00fcberwinden suchen, in der die 28 L\u00e4nder 28 Armeen und Armeechen mitsamt Generalst\u00e4ben, Beschaffungs\u00e4mtern, Akademien, Forschungseinrichtungen und Geheimdiensten unterhalten. Nirgends ist die Zusammenlegung \u2013 nicht Aufgabe! \u2013 von Souver\u00e4nit\u00e4t sinnvoller als auf diesem Gebiet, auf dem Europa immerhin halb so viel Geld ausgibt wie die USA, aber nicht einmal ein Zehntel so effektiv ist.<\/p>\n<p>Gauland spricht leichthin von \u201edezentralen und projektbezogenen\u201c Operationen vor \u201eTunis und Bengasi\u201c, als handele es sich um den Aufbau von \u00d6ko-Bauernh\u00f6fen. Aber schon bei der letzten \u201edezentralen und projektbezogenen\u201c Aktion vor Bengasi waren die Briten und Franzosen, die auf den Einsatz gedr\u00e4ngt und eine widerstrebende USA mit herein gezogen hatten, nach wenigen Tagen mit ihrer Kraft am Ende; ohne die Feuerkraft der Amerikaner h\u00e4tte Muammar al-Gaddafi gesiegt. Eine ausf\u00fchrliche Analyse dieses Fiaskos, eingebettet in eine Kritik der europ\u00e4ischen Politik im Mittelmeerraum, findet man hier:<\/p>\n<p>&nbsp;<\/p>\n<p><a href=\"http:\/\/www.bpb.de\/apuz\/33128\/arabischer-fruehling-europaeischer-herbst-essay?p=all\">http:\/\/www.bpb.de\/apuz\/33128\/arabischer-fruehling-europaeischer-herbst-essay?p=all<\/a><\/p>\n<p>&nbsp;<\/p>\n<p>Ich w\u00fcrde sogar weiter gehen und unter Bezugnahme auf die \u201eFederalist Papers\u201c sagen: Wenn Europa nicht die F\u00e4higkeit entwickelt, gemeinsam als Weltmacht zu handeln, und zwar diplomatisch und milit\u00e4risch, wird es weder zur Wahrung der Interessen seiner Mitglieder noch erst recht zur Wahrung seiner moralischen Werte imstande sein. Man sieht in Syrien etwa, wohin es f\u00fchrt, wenn die Gegenspieler des Westens und Feinde unserer \u201eWertewelt\u201c damit rechnen k\u00f6nnen, dass wir weder den willen noch die F\u00e4higkeit haben,\u00a0 ihnen entgegenzutreten und unseren Freunden beizustehen. V\u00f6llig zu Recht hat dieser Tage Verteidigungsministerin Ursula von der Leyen auf die Bedeutung Afrikas hingewiesen \u2013 und darauf, dass man humanit\u00e4re und interessegeleitete Eins\u00e4tze nicht trennen kann: Es ist ja in unserem Interesse, dass unsere Werte dort geachtet werden.<\/p>\n<p>&nbsp;<\/p>\n<p><a href=\"http:\/\/www.spiegel.de\/politik\/deutschland\/von-der-leyen-fuer-staerkeres-engagement-der-bundeswehr-im-ausland-a-945568.html\">http:\/\/www.spiegel.de\/politik\/deutschland\/von-der-leyen-fuer-staerkeres-engagement-der-bundeswehr-im-ausland-a-945568.html<\/a><\/p>\n<p>&nbsp;<\/p>\n<p>Dass aber schon die von der Verteidigungsministerin angeregte Aufstockung des deutschen Kontingents in Mali von gegenw\u00e4rtig 99 auf die vom Parlament bereits gebilligten 180 Einsatzkr\u00e4fte auf den entschiedenen Widerstand des Au\u00dfenministers trifft, zeigt, dass \u2013 worauf Richard Herzinger in seinem Essay verweist \u2013 die Deutschen nicht gerade unter dem Drang leiden, sich \u00fcberall auf der Welt f\u00fcr das Wahre, Sch\u00f6ne und Gute, also f\u00fcr eine \u201emoralisierende\u201c Au\u00dfenpolitik, einzusetzen. Im Gegenteil. Die kleindeutsche Politik, die Gauland vorschl\u00e4gt, d\u00fcrfte von der \u00fcberw\u00e4ltigenden Mehrheit der Deutschen gutgehei\u00dfen werden.<\/p>\n<p>Doch wenn Gauland ganz im Geist des 19. Jahrhunderts, in dem er geistig nach eigenem Bekenntnis beheimatet ist, zwischen nahen und fernen Einsatzgebieten unterscheidet und schlicht leugnet, dass Deutschlands Interessen auch \u201eam Hindukusch\u201c verteidigt werden k\u00f6nnten, als gebe es keine Verbindung zwischen einem Al-Qaida-Camp bei Kandahar und \u00a0einem Terrorangriff in K\u00f6ln, dann fragt man sich tats\u00e4chlich, wer hier moralisiert \u2013 und warum.<\/p>\n<p>&nbsp;<\/p>\n<p>Denn damit komme ich auf den Schl\u00fcssel zum Verst\u00e4ndnis des Thesenpapiers. Auf den Vorschlag, Europa vors\u00e4tzlich milit\u00e4risch machtlos und au\u00dfenpolitisch uneinig zu lassen, auf dass es f\u00fcr das m\u00e4chtige Russland, dessen Einflusssph\u00e4re und \u201eWertewelt\u201c keine Herausforderung darstellt.<\/p>\n<p>Nicht zuletzt um diese \u201eWertewelt\u201c geht es. Denn Russland bleibt im 21. Jahrhundert, was es im 19. und im 20. Jahrhundert war. Der Hort der Reaktion. Nicht nur, dass Russland m\u00f6rderische Diktatoren wie Milosevic und Saddam fr\u00fcher, Assad und das iranische Mullah-Regime heute unterst\u00fctzte und unterst\u00fctzt; nicht nur, dass Putin in Wei\u00dfrussland eine Diktatur und in der Ukraine ein repressives Regime an der Macht h\u00e4lt; nicht nur, dass er Dissidenten im In- und Ausland ermorden l\u00e4sst; dass er alles tut, um Gegens\u00e4tze in der EU zu f\u00f6rdern und dass er versucht, Erdgas als politische Waffen einzusetzen \u2013 Putins Russland avanciert auch zum ideologischen Zentrum der Reaktion in Europa. Wenn es gegen die Rassenvermischung und die Frauenemanzipation, gegen Nichtwei\u00dfe, Muslime, Juden und Atheisten, gegen Schwule und Umweltsch\u00fctzer, gegen Demokratie und Menschenrechte geht, bildet Russland l\u00e4ngst die Speerspitze der Kr\u00e4fte, die gegen die Moderne agieren \u2013 und hat l\u00e4ngst der Katholischen Kirche in dieser Hinsicht den Rang abgelaufen.<\/p>\n<p>Ein schwaches, zerstrittenes Europa, das sich bei allen Lippenbekenntnissen zum Westen auch verpflichtet hat, Russlands Interessen und Wertewelt zu respektieren, wie es Gauland vorschl\u00e4gt, w\u00e4re eben \u2013 wie Bismarcks Deutschland \u2013 nicht mehr wirklich Teil des Westens. Nicht zuf\u00e4llig steht Gauland auch innenpolitisch f\u00fcr einen Rollback der Moderne. Wie er es in einem Beitrag f\u00fcr die FAZ vom 24. Januar 2014 ausdr\u00fcckte: \u201eDie Verwestlichung und Industrialisierung hat \u00fcberall Menschen zur\u00fcckgelassen, denen das Laissez-faire der modernen Gesellschaft viel zu weit geht &#8230;\u201c Es geht ihm unter anderem darum, dass die \u201eWerte, Strukturen und Haltungen\u201c der Eltern und Gro\u00dfeltern (!) wieder gelten sollen, dass die Familie \u201eaus Vater, Mutter Kind besteht\u201c, dass \u201eheimische Erziehung der Normalfall\u201c \u2013 also arbeitende M\u00fctter die Ausnahme \u2013 sein soll, dass endlich eingesehen wird, dass 2multikulturelle Gesellschaften mehr Probleme als Freude bereiten\u201c, um \u201eeinen konservativen Gegenpol zu allzu viel Selbstverwirklichung\u201c.<\/p>\n<p>Dabei darf man annehmen, dass Gauland nicht nur, wie er in seinen au\u00dfenpolitischen Thesen schreibt, Otto von Bismarck als diplomatisches Vorbild, sondern dessen vormodernes Deutschland \u2013 oder gar Preu\u00dfen \u2013 als\u00a0 gesellschaftliches Ideal vorschwebt, ein Ideal, das eher in Russland heute als etwa in der amerikanisierten Bundesrepublik verwirklicht ist. Das wird er zwar so nie sagen. Aber nicht, weil er es nicht meint, sondern, wie es im FAZ-Artikel hei\u00dft, weil \u201ediese nationalkonservativen oder nationalliberalen Positionen so vertreten werden (m\u00fcssen), dass auch Liberale oder sogar Linke damit leben k\u00f6nnen.\u201c Auf die Sprache komme es an, denn \u201eSprache ist dazu da, die Dinge zu verh\u00fcllen. Leider haben manche Parteifreunde das Gegenteil verinnerlicht.\u201c<\/p>\n<p>&nbsp;<\/p>\n<div class=\"shariff shariff-align-left shariff-widget-align-left shariff-buttonstretch\" style=\"display:none\"><ul class=\"shariff-buttons theme-white orientation-horizontal buttonsize-medium\"><li class=\"shariff-button facebook shariff-nocustomcolor\" style=\"background-color:#4273c8\"><a href=\"https:\/\/www.facebook.com\/sharer\/sharer.php?u=https%3A%2F%2Fstarke-meinungen.de%2Fblog%2F2014%2F01%2F28%2Fdie-ausenpolitik-der-afd%2F\" title=\"Bei Facebook teilen\" aria-label=\"Bei Facebook teilen\" role=\"button\" rel=\"nofollow\" class=\"shariff-link\" style=\"; background-color:#3b5998; color:#3b5998\" target=\"_blank\"><span class=\"shariff-icon\" style=\"fill:#3b5998\"><svg width=\"32px\" height=\"20px\" xmlns=\"http:\/\/www.w3.org\/2000\/svg\" viewBox=\"0 0 18 32\"><path fill=\"#3b5998\" d=\"M17.1 0.2v4.7h-2.8q-1.5 0-2.1 0.6t-0.5 1.9v3.4h5.2l-0.7 5.3h-4.5v13.6h-5.5v-13.6h-4.5v-5.3h4.5v-3.9q0-3.3 1.9-5.2t5-1.8q2.6 0 4.1 0.2z\"\/><\/svg><\/span><span class=\"shariff-text\" style=\"color:#3b5998\">teilen<\/span>&nbsp;<\/a><\/li><li class=\"shariff-button twitter shariff-nocustomcolor\" style=\"background-color:#595959\"><a href=\"https:\/\/twitter.com\/share?url=https%3A%2F%2Fstarke-meinungen.de%2Fblog%2F2014%2F01%2F28%2Fdie-ausenpolitik-der-afd%2F&text=Die%20Au%C3%9Fenpolitik%20der%20AfD&via=starkemeinungen\" title=\"Bei X teilen\" aria-label=\"Bei X teilen\" role=\"button\" rel=\"noopener nofollow\" class=\"shariff-link\" style=\"; background-color:#000; color:#000\" target=\"_blank\"><span class=\"shariff-icon\" style=\"fill:#000\"><svg width=\"32px\" height=\"20px\" xmlns=\"http:\/\/www.w3.org\/2000\/svg\" viewBox=\"0 0 24 24\"><path fill=\"#000\" d=\"M14.258 10.152L23.176 0h-2.113l-7.747 8.813L7.133 0H0l9.352 13.328L0 23.973h2.113l8.176-9.309 6.531 9.309h7.133zm-2.895 3.293l-.949-1.328L2.875 1.56h3.246l6.086 8.523.945 1.328 7.91 11.078h-3.246zm0 0\"\/><\/svg><\/span><span class=\"shariff-text\" style=\"color:#000\">teilen<\/span>&nbsp;<\/a><\/li><li class=\"shariff-button linkedin shariff-nocustomcolor\" style=\"background-color:#1488bf\"><a href=\"https:\/\/www.linkedin.com\/sharing\/share-offsite\/?url=https%3A%2F%2Fstarke-meinungen.de%2Fblog%2F2014%2F01%2F28%2Fdie-ausenpolitik-der-afd%2F\" title=\"Bei LinkedIn teilen\" aria-label=\"Bei LinkedIn teilen\" role=\"button\" rel=\"noopener nofollow\" class=\"shariff-link\" style=\"; background-color:#0077b5; color:#0077b5\" target=\"_blank\"><span class=\"shariff-icon\" style=\"fill:#0077b5\"><svg width=\"32px\" height=\"20px\" xmlns=\"http:\/\/www.w3.org\/2000\/svg\" viewBox=\"0 0 27 32\"><path fill=\"#0077b5\" d=\"M6.2 11.2v17.7h-5.9v-17.7h5.9zM6.6 5.7q0 1.3-0.9 2.2t-2.4 0.9h0q-1.5 0-2.4-0.9t-0.9-2.2 0.9-2.2 2.4-0.9 2.4 0.9 0.9 2.2zM27.4 18.7v10.1h-5.9v-9.5q0-1.9-0.7-2.9t-2.3-1.1q-1.1 0-1.9 0.6t-1.2 1.5q-0.2 0.5-0.2 1.4v9.9h-5.9q0-7.1 0-11.6t0-5.3l0-0.9h5.9v2.6h0q0.4-0.6 0.7-1t1-0.9 1.6-0.8 2-0.3q3 0 4.9 2t1.9 6z\"\/><\/svg><\/span><span class=\"shariff-text\" style=\"color:#0077b5\">teilen<\/span>&nbsp;<\/a><\/li><li class=\"shariff-button xing shariff-nocustomcolor\" style=\"background-color:#29888a\"><a href=\"https:\/\/www.xing.com\/spi\/shares\/new?url=https%3A%2F%2Fstarke-meinungen.de%2Fblog%2F2014%2F01%2F28%2Fdie-ausenpolitik-der-afd%2F\" title=\"Bei XING teilen\" aria-label=\"Bei XING teilen\" role=\"button\" rel=\"noopener nofollow\" class=\"shariff-link\" style=\"; background-color:#126567; color:#126567\" target=\"_blank\"><span class=\"shariff-icon\" style=\"fill:#126567\"><svg width=\"32px\" height=\"20px\" xmlns=\"http:\/\/www.w3.org\/2000\/svg\" viewBox=\"0 0 25 32\"><path fill=\"#126567\" d=\"M10.7 11.9q-0.2 0.3-4.6 8.2-0.5 0.8-1.2 0.8h-4.3q-0.4 0-0.5-0.3t0-0.6l4.5-8q0 0 0 0l-2.9-5q-0.2-0.4 0-0.7 0.2-0.3 0.5-0.3h4.3q0.7 0 1.2 0.8zM25.1 0.4q0.2 0.3 0 0.7l-9.4 16.7 6 11q0.2 0.4 0 0.6-0.2 0.3-0.6 0.3h-4.3q-0.7 0-1.2-0.8l-6-11.1q0.3-0.6 9.5-16.8 0.4-0.8 1.2-0.8h4.3q0.4 0 0.5 0.3z\"\/><\/svg><\/span><span class=\"shariff-text\" style=\"color:#126567\">teilen<\/span>&nbsp;<\/a><\/li><li class=\"shariff-button whatsapp shariff-nocustomcolor\" style=\"background-color:#5cbe4a\"><a href=\"https:\/\/api.whatsapp.com\/send?text=https%3A%2F%2Fstarke-meinungen.de%2Fblog%2F2014%2F01%2F28%2Fdie-ausenpolitik-der-afd%2F%20Die%20Au%C3%9Fenpolitik%20der%20AfD\" title=\"Bei Whatsapp teilen\" aria-label=\"Bei Whatsapp teilen\" role=\"button\" rel=\"noopener nofollow\" class=\"shariff-link\" style=\"; background-color:#34af23; color:#34af23\" target=\"_blank\"><span class=\"shariff-icon\" style=\"fill:#34af23\"><svg width=\"32px\" height=\"20px\" xmlns=\"http:\/\/www.w3.org\/2000\/svg\" viewBox=\"0 0 32 32\"><path fill=\"#34af23\" d=\"M17.6 17.4q0.2 0 1.7 0.8t1.6 0.9q0 0.1 0 0.3 0 0.6-0.3 1.4-0.3 0.7-1.3 1.2t-1.8 0.5q-1 0-3.4-1.1-1.7-0.8-3-2.1t-2.6-3.3q-1.3-1.9-1.3-3.5v-0.1q0.1-1.6 1.3-2.8 0.4-0.4 0.9-0.4 0.1 0 0.3 0t0.3 0q0.3 0 0.5 0.1t0.3 0.5q0.1 0.4 0.6 1.6t0.4 1.3q0 0.4-0.6 1t-0.6 0.8q0 0.1 0.1 0.3 0.6 1.3 1.8 2.4 1 0.9 2.7 1.8 0.2 0.1 0.4 0.1 0.3 0 1-0.9t0.9-0.9zM14 26.9q2.3 0 4.3-0.9t3.6-2.4 2.4-3.6 0.9-4.3-0.9-4.3-2.4-3.6-3.6-2.4-4.3-0.9-4.3 0.9-3.6 2.4-2.4 3.6-0.9 4.3q0 3.6 2.1 6.6l-1.4 4.2 4.3-1.4q2.8 1.9 6.2 1.9zM14 2.2q2.7 0 5.2 1.1t4.3 2.9 2.9 4.3 1.1 5.2-1.1 5.2-2.9 4.3-4.3 2.9-5.2 1.1q-3.5 0-6.5-1.7l-7.4 2.4 2.4-7.2q-1.9-3.2-1.9-6.9 0-2.7 1.1-5.2t2.9-4.3 4.3-2.9 5.2-1.1z\"\/><\/svg><\/span><span class=\"shariff-text\" style=\"color:#34af23\">teilen<\/span>&nbsp;<\/a><\/li><li class=\"shariff-button info shariff-nocustomcolor\" style=\"background-color:#a8a8a8\"><a href=\"http:\/\/ct.de\/-2467514\" title=\"Weitere Informationen\" aria-label=\"Weitere Informationen\" role=\"button\" rel=\"noopener \" class=\"shariff-link\" style=\"; background-color:#999; color:#999\" target=\"_blank\"><span class=\"shariff-icon\" style=\"fill:#999\"><svg width=\"32px\" height=\"20px\" xmlns=\"http:\/\/www.w3.org\/2000\/svg\" viewBox=\"0 0 11 32\"><path fill=\"#999\" d=\"M11.4 24v2.3q0 0.5-0.3 0.8t-0.8 0.4h-9.1q-0.5 0-0.8-0.4t-0.4-0.8v-2.3q0-0.5 0.4-0.8t0.8-0.4h1.1v-6.8h-1.1q-0.5 0-0.8-0.4t-0.4-0.8v-2.3q0-0.5 0.4-0.8t0.8-0.4h6.8q0.5 0 0.8 0.4t0.4 0.8v10.3h1.1q0.5 0 0.8 0.4t0.3 0.8zM9.2 3.4v3.4q0 0.5-0.4 0.8t-0.8 0.4h-4.6q-0.4 0-0.8-0.4t-0.4-0.8v-3.4q0-0.4 0.4-0.8t0.8-0.4h4.6q0.5 0 0.8 0.4t0.4 0.8z\"\/><\/svg><\/span><\/a><\/li><\/ul><\/div>","protected":false},"excerpt":{"rendered":"<p>Will die \u201eAlternative f\u00fcr Deutschland\u201c jene Leerstelle im politischen Spektrum ausf\u00fcllen, die durch Angela Merkels Modernisierung der CDU entstanden ist, muss sie auf allen Feldern der Politik Konzepte entwickeln und darf keine Ein-Thema-Partei bleiben. Ein solcher Versuch birgt zugleich das Risiko der Spaltung, da die Partei gerade wegen der Unbestimmtheit ihrer programmatischen Aussagen bislang Menschen mit ganz verschiedenen Vorstellungen angezogen&#8230; <a href=\"https:\/\/starke-meinungen.de\/blog\/2014\/01\/28\/die-ausenpolitik-der-afd\/\">Weiterlesen &raquo;<\/a><\/p>\n","protected":false},"author":13,"featured_media":0,"comment_status":"open","ping_status":"open","sticky":false,"template":"","format":"standard","meta":{"footnotes":""},"categories":[209,1],"tags":[2293,2294,8],"class_list":["post-4204","post","type-post","status-publish","format-standard","hentry","category-alan-posener","category-allgemein","tag-afd","tag-europawahl","tag-merkel"],"yoast_head":"<!-- This site is optimized with the Yoast SEO plugin v27.5 - https:\/\/yoast.com\/product\/yoast-seo-wordpress\/ -->\n<title>Die Au\u00dfenpolitik der AfD - starke-meinungen.de<\/title>\n<meta name=\"robots\" content=\"index, follow, max-snippet:-1, max-image-preview:large, max-video-preview:-1\" \/>\n<link rel=\"canonical\" href=\"https:\/\/starke-meinungen.de\/blog\/2014\/01\/28\/die-ausenpolitik-der-afd\/\" \/>\n<meta property=\"og:locale\" content=\"de_DE\" \/>\n<meta property=\"og:type\" content=\"article\" \/>\n<meta property=\"og:title\" content=\"Die Au\u00dfenpolitik der AfD - starke-meinungen.de\" \/>\n<meta property=\"og:description\" content=\"Will die \u201eAlternative f\u00fcr Deutschland\u201c jene Leerstelle im politischen Spektrum ausf\u00fcllen, die durch Angela Merkels Modernisierung der CDU entstanden ist, muss sie auf allen Feldern der Politik Konzepte entwickeln und darf keine Ein-Thema-Partei bleiben. Ein solcher Versuch birgt zugleich das Risiko der Spaltung, da die Partei gerade wegen der Unbestimmtheit ihrer programmatischen Aussagen bislang Menschen mit ganz verschiedenen Vorstellungen angezogen... Weiterlesen &raquo;\" \/>\n<meta property=\"og:url\" content=\"https:\/\/starke-meinungen.de\/blog\/2014\/01\/28\/die-ausenpolitik-der-afd\/\" \/>\n<meta property=\"og:site_name\" content=\"starke-meinungen.de\" \/>\n<meta property=\"article:publisher\" content=\"https:\/\/www.facebook.com\/starkemeinungen\/\" \/>\n<meta property=\"article:published_time\" content=\"2014-01-27T23:31:25+00:00\" \/>\n<meta property=\"og:image\" content=\"https:\/\/starke-meinungen.de\/blog\/wp-content\/uploads\/starke-meinungen-fb-header.jpg\" \/>\n\t<meta property=\"og:image:width\" content=\"1200\" \/>\n\t<meta property=\"og:image:height\" content=\"630\" \/>\n\t<meta property=\"og:image:type\" content=\"image\/jpeg\" \/>\n<meta name=\"author\" content=\"Alan Posener\" \/>\n<meta name=\"twitter:card\" content=\"summary_large_image\" \/>\n<meta name=\"twitter:creator\" content=\"@starkemeinungen\" \/>\n<meta name=\"twitter:site\" content=\"@starkemeinungen\" \/>\n<meta name=\"twitter:label1\" content=\"Verfasst von\" \/>\n\t<meta name=\"twitter:data1\" content=\"Alan Posener\" \/>\n\t<meta name=\"twitter:label2\" content=\"Gesch\u00e4tzte Lesezeit\" \/>\n\t<meta name=\"twitter:data2\" content=\"9\u00a0Minuten\" \/>\n<script type=\"application\/ld+json\" class=\"yoast-schema-graph\">{\"@context\":\"https:\\\/\\\/schema.org\",\"@graph\":[{\"@type\":\"Article\",\"@id\":\"https:\\\/\\\/starke-meinungen.de\\\/blog\\\/2014\\\/01\\\/28\\\/die-ausenpolitik-der-afd\\\/#article\",\"isPartOf\":{\"@id\":\"https:\\\/\\\/starke-meinungen.de\\\/blog\\\/2014\\\/01\\\/28\\\/die-ausenpolitik-der-afd\\\/\"},\"author\":{\"name\":\"Alan Posener\",\"@id\":\"https:\\\/\\\/starke-meinungen.de\\\/blog\\\/#\\\/schema\\\/person\\\/32d0faef7c31a37c1c89be993d7a6d28\"},\"headline\":\"Die Au\u00dfenpolitik der AfD\",\"datePublished\":\"2014-01-27T23:31:25+00:00\",\"mainEntityOfPage\":{\"@id\":\"https:\\\/\\\/starke-meinungen.de\\\/blog\\\/2014\\\/01\\\/28\\\/die-ausenpolitik-der-afd\\\/\"},\"wordCount\":1867,\"commentCount\":118,\"publisher\":{\"@id\":\"https:\\\/\\\/starke-meinungen.de\\\/blog\\\/#organization\"},\"keywords\":[\"AfD\",\"Europawahl\",\"Merkel\"],\"articleSection\":[\"Alan Posener\"],\"inLanguage\":\"de\",\"potentialAction\":[{\"@type\":\"CommentAction\",\"name\":\"Comment\",\"target\":[\"https:\\\/\\\/starke-meinungen.de\\\/blog\\\/2014\\\/01\\\/28\\\/die-ausenpolitik-der-afd\\\/#respond\"]}]},{\"@type\":\"WebPage\",\"@id\":\"https:\\\/\\\/starke-meinungen.de\\\/blog\\\/2014\\\/01\\\/28\\\/die-ausenpolitik-der-afd\\\/\",\"url\":\"https:\\\/\\\/starke-meinungen.de\\\/blog\\\/2014\\\/01\\\/28\\\/die-ausenpolitik-der-afd\\\/\",\"name\":\"Die Au\u00dfenpolitik der AfD - starke-meinungen.de\",\"isPartOf\":{\"@id\":\"https:\\\/\\\/starke-meinungen.de\\\/blog\\\/#website\"},\"datePublished\":\"2014-01-27T23:31:25+00:00\",\"breadcrumb\":{\"@id\":\"https:\\\/\\\/starke-meinungen.de\\\/blog\\\/2014\\\/01\\\/28\\\/die-ausenpolitik-der-afd\\\/#breadcrumb\"},\"inLanguage\":\"de\",\"potentialAction\":[{\"@type\":\"ReadAction\",\"target\":[\"https:\\\/\\\/starke-meinungen.de\\\/blog\\\/2014\\\/01\\\/28\\\/die-ausenpolitik-der-afd\\\/\"]}]},{\"@type\":\"BreadcrumbList\",\"@id\":\"https:\\\/\\\/starke-meinungen.de\\\/blog\\\/2014\\\/01\\\/28\\\/die-ausenpolitik-der-afd\\\/#breadcrumb\",\"itemListElement\":[{\"@type\":\"ListItem\",\"position\":1,\"name\":\"Startseite\",\"item\":\"https:\\\/\\\/starke-meinungen.de\\\/blog\\\/\"},{\"@type\":\"ListItem\",\"position\":2,\"name\":\"Die Au\u00dfenpolitik der AfD\"}]},{\"@type\":\"WebSite\",\"@id\":\"https:\\\/\\\/starke-meinungen.de\\\/blog\\\/#website\",\"url\":\"https:\\\/\\\/starke-meinungen.de\\\/blog\\\/\",\"name\":\"starke-meinungen.de\",\"description\":\"Autoren-Blog\",\"publisher\":{\"@id\":\"https:\\\/\\\/starke-meinungen.de\\\/blog\\\/#organization\"},\"potentialAction\":[{\"@type\":\"SearchAction\",\"target\":{\"@type\":\"EntryPoint\",\"urlTemplate\":\"https:\\\/\\\/starke-meinungen.de\\\/blog\\\/?s={search_term_string}\"},\"query-input\":{\"@type\":\"PropertyValueSpecification\",\"valueRequired\":true,\"valueName\":\"search_term_string\"}}],\"inLanguage\":\"de\"},{\"@type\":\"Organization\",\"@id\":\"https:\\\/\\\/starke-meinungen.de\\\/blog\\\/#organization\",\"name\":\"starke-meinungen.de\",\"url\":\"https:\\\/\\\/starke-meinungen.de\\\/blog\\\/\",\"logo\":{\"@type\":\"ImageObject\",\"inLanguage\":\"de\",\"@id\":\"https:\\\/\\\/starke-meinungen.de\\\/blog\\\/#\\\/schema\\\/logo\\\/image\\\/\",\"url\":\"https:\\\/\\\/starke-meinungen.de\\\/blog\\\/wp-content\\\/uploads\\\/starke-meinungen-fb-header.jpg\",\"contentUrl\":\"https:\\\/\\\/starke-meinungen.de\\\/blog\\\/wp-content\\\/uploads\\\/starke-meinungen-fb-header.jpg\",\"width\":1200,\"height\":630,\"caption\":\"starke-meinungen.de\"},\"image\":{\"@id\":\"https:\\\/\\\/starke-meinungen.de\\\/blog\\\/#\\\/schema\\\/logo\\\/image\\\/\"},\"sameAs\":[\"https:\\\/\\\/www.facebook.com\\\/starkemeinungen\\\/\",\"https:\\\/\\\/x.com\\\/starkemeinungen\"]},{\"@type\":\"Person\",\"@id\":\"https:\\\/\\\/starke-meinungen.de\\\/blog\\\/#\\\/schema\\\/person\\\/32d0faef7c31a37c1c89be993d7a6d28\",\"name\":\"Alan Posener\",\"image\":{\"@type\":\"ImageObject\",\"inLanguage\":\"de\",\"@id\":\"https:\\\/\\\/secure.gravatar.com\\\/avatar\\\/c75c8818a9ab78c4faa75048dba7844e2587998cda4d93f84e7d86f7e21a9b90?s=96&d=mm&r=g\",\"url\":\"https:\\\/\\\/secure.gravatar.com\\\/avatar\\\/c75c8818a9ab78c4faa75048dba7844e2587998cda4d93f84e7d86f7e21a9b90?s=96&d=mm&r=g\",\"contentUrl\":\"https:\\\/\\\/secure.gravatar.com\\\/avatar\\\/c75c8818a9ab78c4faa75048dba7844e2587998cda4d93f84e7d86f7e21a9b90?s=96&d=mm&r=g\",\"caption\":\"Alan Posener\"},\"url\":\"https:\\\/\\\/starke-meinungen.de\\\/blog\\\/author\\\/posener\\\/\"}]}<\/script>\n<!-- \/ Yoast SEO plugin. -->","yoast_head_json":{"title":"Die Au\u00dfenpolitik der AfD - starke-meinungen.de","robots":{"index":"index","follow":"follow","max-snippet":"max-snippet:-1","max-image-preview":"max-image-preview:large","max-video-preview":"max-video-preview:-1"},"canonical":"https:\/\/starke-meinungen.de\/blog\/2014\/01\/28\/die-ausenpolitik-der-afd\/","og_locale":"de_DE","og_type":"article","og_title":"Die Au\u00dfenpolitik der AfD - starke-meinungen.de","og_description":"Will die \u201eAlternative f\u00fcr Deutschland\u201c jene Leerstelle im politischen Spektrum ausf\u00fcllen, die durch Angela Merkels Modernisierung der CDU entstanden ist, muss sie auf allen Feldern der Politik Konzepte entwickeln und darf keine Ein-Thema-Partei bleiben. Ein solcher Versuch birgt zugleich das Risiko der Spaltung, da die Partei gerade wegen der Unbestimmtheit ihrer programmatischen Aussagen bislang Menschen mit ganz verschiedenen Vorstellungen angezogen... Weiterlesen &raquo;","og_url":"https:\/\/starke-meinungen.de\/blog\/2014\/01\/28\/die-ausenpolitik-der-afd\/","og_site_name":"starke-meinungen.de","article_publisher":"https:\/\/www.facebook.com\/starkemeinungen\/","article_published_time":"2014-01-27T23:31:25+00:00","og_image":[{"width":1200,"height":630,"url":"https:\/\/starke-meinungen.de\/blog\/wp-content\/uploads\/starke-meinungen-fb-header.jpg","type":"image\/jpeg"}],"author":"Alan Posener","twitter_card":"summary_large_image","twitter_creator":"@starkemeinungen","twitter_site":"@starkemeinungen","twitter_misc":{"Verfasst von":"Alan Posener","Gesch\u00e4tzte Lesezeit":"9\u00a0Minuten"},"schema":{"@context":"https:\/\/schema.org","@graph":[{"@type":"Article","@id":"https:\/\/starke-meinungen.de\/blog\/2014\/01\/28\/die-ausenpolitik-der-afd\/#article","isPartOf":{"@id":"https:\/\/starke-meinungen.de\/blog\/2014\/01\/28\/die-ausenpolitik-der-afd\/"},"author":{"name":"Alan Posener","@id":"https:\/\/starke-meinungen.de\/blog\/#\/schema\/person\/32d0faef7c31a37c1c89be993d7a6d28"},"headline":"Die Au\u00dfenpolitik der AfD","datePublished":"2014-01-27T23:31:25+00:00","mainEntityOfPage":{"@id":"https:\/\/starke-meinungen.de\/blog\/2014\/01\/28\/die-ausenpolitik-der-afd\/"},"wordCount":1867,"commentCount":118,"publisher":{"@id":"https:\/\/starke-meinungen.de\/blog\/#organization"},"keywords":["AfD","Europawahl","Merkel"],"articleSection":["Alan Posener"],"inLanguage":"de","potentialAction":[{"@type":"CommentAction","name":"Comment","target":["https:\/\/starke-meinungen.de\/blog\/2014\/01\/28\/die-ausenpolitik-der-afd\/#respond"]}]},{"@type":"WebPage","@id":"https:\/\/starke-meinungen.de\/blog\/2014\/01\/28\/die-ausenpolitik-der-afd\/","url":"https:\/\/starke-meinungen.de\/blog\/2014\/01\/28\/die-ausenpolitik-der-afd\/","name":"Die Au\u00dfenpolitik der AfD - starke-meinungen.de","isPartOf":{"@id":"https:\/\/starke-meinungen.de\/blog\/#website"},"datePublished":"2014-01-27T23:31:25+00:00","breadcrumb":{"@id":"https:\/\/starke-meinungen.de\/blog\/2014\/01\/28\/die-ausenpolitik-der-afd\/#breadcrumb"},"inLanguage":"de","potentialAction":[{"@type":"ReadAction","target":["https:\/\/starke-meinungen.de\/blog\/2014\/01\/28\/die-ausenpolitik-der-afd\/"]}]},{"@type":"BreadcrumbList","@id":"https:\/\/starke-meinungen.de\/blog\/2014\/01\/28\/die-ausenpolitik-der-afd\/#breadcrumb","itemListElement":[{"@type":"ListItem","position":1,"name":"Startseite","item":"https:\/\/starke-meinungen.de\/blog\/"},{"@type":"ListItem","position":2,"name":"Die Au\u00dfenpolitik der AfD"}]},{"@type":"WebSite","@id":"https:\/\/starke-meinungen.de\/blog\/#website","url":"https:\/\/starke-meinungen.de\/blog\/","name":"starke-meinungen.de","description":"Autoren-Blog","publisher":{"@id":"https:\/\/starke-meinungen.de\/blog\/#organization"},"potentialAction":[{"@type":"SearchAction","target":{"@type":"EntryPoint","urlTemplate":"https:\/\/starke-meinungen.de\/blog\/?s={search_term_string}"},"query-input":{"@type":"PropertyValueSpecification","valueRequired":true,"valueName":"search_term_string"}}],"inLanguage":"de"},{"@type":"Organization","@id":"https:\/\/starke-meinungen.de\/blog\/#organization","name":"starke-meinungen.de","url":"https:\/\/starke-meinungen.de\/blog\/","logo":{"@type":"ImageObject","inLanguage":"de","@id":"https:\/\/starke-meinungen.de\/blog\/#\/schema\/logo\/image\/","url":"https:\/\/starke-meinungen.de\/blog\/wp-content\/uploads\/starke-meinungen-fb-header.jpg","contentUrl":"https:\/\/starke-meinungen.de\/blog\/wp-content\/uploads\/starke-meinungen-fb-header.jpg","width":1200,"height":630,"caption":"starke-meinungen.de"},"image":{"@id":"https:\/\/starke-meinungen.de\/blog\/#\/schema\/logo\/image\/"},"sameAs":["https:\/\/www.facebook.com\/starkemeinungen\/","https:\/\/x.com\/starkemeinungen"]},{"@type":"Person","@id":"https:\/\/starke-meinungen.de\/blog\/#\/schema\/person\/32d0faef7c31a37c1c89be993d7a6d28","name":"Alan Posener","image":{"@type":"ImageObject","inLanguage":"de","@id":"https:\/\/secure.gravatar.com\/avatar\/c75c8818a9ab78c4faa75048dba7844e2587998cda4d93f84e7d86f7e21a9b90?s=96&d=mm&r=g","url":"https:\/\/secure.gravatar.com\/avatar\/c75c8818a9ab78c4faa75048dba7844e2587998cda4d93f84e7d86f7e21a9b90?s=96&d=mm&r=g","contentUrl":"https:\/\/secure.gravatar.com\/avatar\/c75c8818a9ab78c4faa75048dba7844e2587998cda4d93f84e7d86f7e21a9b90?s=96&d=mm&r=g","caption":"Alan Posener"},"url":"https:\/\/starke-meinungen.de\/blog\/author\/posener\/"}]}},"_links":{"self":[{"href":"https:\/\/starke-meinungen.de\/blog\/wp-json\/wp\/v2\/posts\/4204","targetHints":{"allow":["GET"]}}],"collection":[{"href":"https:\/\/starke-meinungen.de\/blog\/wp-json\/wp\/v2\/posts"}],"about":[{"href":"https:\/\/starke-meinungen.de\/blog\/wp-json\/wp\/v2\/types\/post"}],"author":[{"embeddable":true,"href":"https:\/\/starke-meinungen.de\/blog\/wp-json\/wp\/v2\/users\/13"}],"replies":[{"embeddable":true,"href":"https:\/\/starke-meinungen.de\/blog\/wp-json\/wp\/v2\/comments?post=4204"}],"version-history":[{"count":2,"href":"https:\/\/starke-meinungen.de\/blog\/wp-json\/wp\/v2\/posts\/4204\/revisions"}],"predecessor-version":[{"id":4206,"href":"https:\/\/starke-meinungen.de\/blog\/wp-json\/wp\/v2\/posts\/4204\/revisions\/4206"}],"wp:attachment":[{"href":"https:\/\/starke-meinungen.de\/blog\/wp-json\/wp\/v2\/media?parent=4204"}],"wp:term":[{"taxonomy":"category","embeddable":true,"href":"https:\/\/starke-meinungen.de\/blog\/wp-json\/wp\/v2\/categories?post=4204"},{"taxonomy":"post_tag","embeddable":true,"href":"https:\/\/starke-meinungen.de\/blog\/wp-json\/wp\/v2\/tags?post=4204"}],"curies":[{"name":"wp","href":"https:\/\/api.w.org\/{rel}","templated":true}]}}