

{"id":4195,"date":"2014-01-21T00:35:58","date_gmt":"2014-01-20T23:35:58","guid":{"rendered":"https:\/\/starke-meinungen.de\/blog\/?p=4195"},"modified":"2014-01-21T09:56:30","modified_gmt":"2014-01-21T08:56:30","slug":"die-lehren-aus-dem-grosen-krieg","status":"publish","type":"post","link":"https:\/\/starke-meinungen.de\/blog\/2014\/01\/21\/die-lehren-aus-dem-grosen-krieg\/","title":{"rendered":"Die Lehren aus dem Gro\u00dfen Krieg"},"content":{"rendered":"<p><span style=\"font-family: 'Times New Roman'; font-size: medium;\">Wenige S\u00e4tze sind d\u00fcmmer als jenes Diktum des amerikanischen Philosophen George Santayana, wer sich an die Vergangenheit nicht erinnere, sei dazu verdammt, sie zu wiederholen. Genau so gut k\u00f6nnte man sagen: Wer sich von der Vergangenheit nicht befreien kann, ist dazu verdammt, sie zu wiederholen.<\/span><span style=\"font-family: 'Times New Roman'; font-size: medium;\">\u00a0<\/span><\/p>\n<p><span style=\"font-family: 'Times New Roman'; font-size: medium;\">Das sah man zum Beispiel auf dem Balkan, wo noch im letzten Jahrzehnt des 20. Jahrhunderts christliche Serben zum Massaker an den Muslimen von Srebrenica mit dem Schlachtruf angestachelt wurden, es gelte, Rache f\u00fcr die Schlacht auf dem Amselfeld zu nehmen, bei der 1389 ein serbisches Heer den T\u00fcrken unterlag. <!--more-->Die Erinnerung an jene Niederlage, der Wunsch, eine empfundene nationale Schmach zu tilgen, befeuerte auch die serbischen Terroristen, die am \u201eVidovdan\u201c, dem heiligen Jahrestag der Schlacht, den \u00f6sterreichischen Thronfolger ermordeten und den Ersten Weltkrieg ausl\u00f6sten. (Ein Krieg, bei dem ironischerweise nur die Serben ihr Kriegsziel erreichten: die Errichtung Gro\u00dfserbiens in Gestalt einer F\u00f6deration aller S\u00fcdslawen, \u201eJugoslawien\u201c. Aber das nur nebenbei.)<\/span><\/p>\n<p><span style=\"font-family: 'Times New Roman'; font-size: medium;\">Die Sch\u00e4dlichkeit der Geschichtsbesessenheit sieht man aber auch etwa am arabisch-islamistischen Terrorismus, f\u00fcr den die Westm\u00e4chte schlicht \u201eDie Kreuzfahrer\u201c sind; am schiitischen M\u00e4rtyrerkult um den ermordeten Propheten-Enkel Husain; am \u201eAntiimperialismus\u201c vieler ehedem kolonisierter V\u00f6lker, deren F\u00fchrer das erlittene Unrecht immer wieder beschw\u00f6ren, um die heutigen Resultate ihrer korrupten Misswirtschaft zu erkl\u00e4ren; und nat\u00fcrlich \u2013 f\u00fcr uns immer wieder wichtig, von au\u00dferhalb betrachtet eher farcenhaft \u2013 an diversen Pathologien der deutschen \u201eVergangenheitsbew\u00e4ltigung\u201c.<\/span><\/p>\n<p><span style=\"font-family: 'Times New Roman'; font-size: medium;\">\u00a0<\/span><\/p>\n<p><span style=\"font-family: 'Times New Roman'; font-size: medium;\">Man k\u00f6nnte sagen: Entspricht Santayanas Satz der Vorstellung eines psychoanalytischen Verh\u00e4ltnisses von V\u00f6lkern und Nationen zur Geschichte, so erinnern die beschriebenen F\u00e4lle an einen Patienten, der in neurotische Abh\u00e4ngigkeit von seiner Analyse geraten ist; zu helfen w\u00e4re ihm eher mit einer kognitiven Verhaltenstherapie. Dagegen str\u00e4uben sich nat\u00fcrlich \u00a0Analytiker, Geschichtslehrer und die Freunde geschichtlicher Gro\u00dfdebatten.<\/span><\/p>\n<p><span style=\"font-family: 'Times New Roman'; font-size: medium;\">Nun wei\u00df ich, dass der Vergleich zwischen dem Patienten\u00a0 auf der Couch, der ewig die Urszene und andere traumatische Erlebnisse durchkaut, und der politischen, ethnischen oder religi\u00f6sen Gruppe, die sich von geschichtlichen Traumata nicht zu l\u00f6sen vermag, nicht nur stark hinkt, sondern allenfalls anekdotisch tr\u00e4gt. Trotzdem bleibe ich dabei: Santayanas Satz ist falsch. Es gibt gute Gr\u00fcnde, sich der Vergangenheit zu erinnern. Aber man sollte sich h\u00fcten, Lehren aus ihr zu ziehen. Wie Gener\u00e4le immer den letzten Krieg gewinnen wollen, wenn sie in einen neuen ziehen \u2013 und darum den neuen verlieren, weil er anders ist, wollen Politiker und Publizisten immer die Fehler der Vergangenheit vermeiden, wenn sie neue begehen.<\/span><\/p>\n<p><span style=\"font-family: 'Times New Roman'; font-size: medium;\">Man sollte, mit einem Wort, die Vergangenheit nicht f\u00fcr heutige Zwecke instrumentalisieren; man sollte ihr die W\u00fcrde ihrer Einmaligkeit lassen und sie nicht als blo\u00dfes Anschauungsmaterial f\u00fcr uns Heutige nehmen. Die Lehren aus der Vergangenheit sind ohnehin nicht eindeutig. Selbst eine so scheinbar unumstrittene Lehre wie jene aus dem Scheitern des M\u00fcnchener Abkommens von 1938 ist so eindeutig nicht.<\/span><\/p>\n<p><span style=\"font-family: 'Times New Roman'; font-size: medium;\">\u00a0<\/span><\/p>\n<p><span style=\"font-family: 'Times New Roman'; font-size: medium;\">Es sei falsch, so fasst man diese Lehre zusammen, einen Aggressor beschwichtigen zu wollen; damit ermuntere man ihn nur zu weiteren Aggressionen. Nun, auch wenn damals der junge Doktorand John F. Kennedy und sp\u00e4ter der britische Historiker A.J.P. Taylor gute Gr\u00fcnde f\u00fcr Chamberlains Appeasement-Politik fanden, bei Hitler scheint das zu stimmen. Aber galt und gilt das auch f\u00fcr andere Diktatoren? F\u00fcr Stalin? F\u00fcr Chruschtschow? F\u00fcr Mao? Hat Kennedy Chruschtschow in Berlin und Kuba beschwichtigt und dadurch zu weiterer Aggression ermuntert, wie seine Kritiker behaupteten, oder hat er durch\u00a0 die Aufgabe der \u201eRollback\u201c-Politik den Weltfrieden gerettet? Hat Nixon durch die Anerkennung Chinas und das Fallenlassen Taiwans Mao ermuntert oder eingehegt? Und wie ist es heute mit dem Iran? Betreibt Obama eine feige Appeasement-Politik, an deren Ende die Mullahs Atombomben\u00a0 gegen Israel einsetzen werden, oder wird es ihm gelingen, einen historischen \u201eNixon-China-Moment\u201c in den Beziehungen zwischen den USA und dem Iran herbeizuf\u00fchren. F\u00fcr die Entscheider waren und sind die historischen Parallelen von sehr begrenztem Wert.<\/span><\/p>\n<p><span style=\"font-family: 'Times New Roman'; font-size: medium;\">\u00a0<\/span><\/p>\n<p><span style=\"font-family: 'Times New Roman'; font-size: medium;\">In der Kuba-Krise zum Beispiel las Kennedy keine Abhandlung \u00fcber das M\u00fcnchener Abkommen, sondern Barbara Tuchmans \u201eThe Guns of August\u201c (dt. \u201eAugust 1914\u201c); das Buch empfahl er allen seinen Beratern. Die Hauptlehre, die Kennedy aus Tuchmans Werk zog, war folgende: Der Erste Weltkrieg war eine Folge schwerwiegender Fehleinsch\u00e4tzungen; niemand wollte Krieg, aber man schlidderte hinein, weil man dem Gegner die b\u00f6sesten Absichten unterstellte und die Wirkung der eigenen Handlungen auf den Gegner untersch\u00e4tzte. In der Krise um Kuba gelte es um jeden Preis, eine falsche Einsch\u00e4tzung der russischen Absichten zu vermeiden und den Russen sehr klar die amerikanischen Absichten zu signalisieren.<\/span><\/p>\n<p><span style=\"font-family: 'Times New Roman'; font-size: medium;\">Kennedy zog es also vor, die Konfrontation der USA mit der Sowjetunion nicht im Kontext des Jahres 1938 zu sehen, wo die \u201eGuten\u201c zu Unrecht dem \u201eB\u00f6sen\u201c nachgaben, sondern im Kontext des August 1914 zu sehen, wo es \u2013 nach Tuchmans Ansicht \u2013 keine \u201eGuten\u201c und keine \u201eB\u00f6sen\u201c gab, sondern wo \u2013 um einen anderen Titel von ihr zu zitieren \u2013 die \u201eTorheit der Regierenden\u201c die Welt in den Abgrund riss.<\/span><\/p>\n<p><span style=\"font-family: 'Times New Roman'; font-size: medium;\">Das scheint meiner Behauptung zu widersprechen, man sollte nicht versuchen, aus der Vergangenheit Lehren zu ziehen. Tut es aber nicht. Denn Kennedys Milit\u00e4rs und seine politischen Gegner bis hinein in die eigene Partei hatten eben aus der Geschichte eine andere Lehre gezogen, eben jene von \u201eM\u00fcnchen\u201c. Und viele blieben dabei. So ziemlich das letzte, was John F. Kennedy in seinem Leben sah,\u00a0 war ein Mann, der in Dealey Plaza einen Regenschirm aufspannte \u2013 der Regenschirm, als Accessoire Chamberlains, mit dem er winkte, als er \u201epeace in our time\u201c verk\u00fcndete, galt den Kennedy-Kritikern als Symbol seiner kriminellen Schw\u00e4che gegen\u00fcber den Kommunisten Castro und Chruschtschow.<\/span><\/p>\n<p><span style=\"font-family: 'Times New Roman'; font-size: medium;\">Kennedy hatte, wenn man so will, mit der Wahl seiner geschichtlichen Lektion Gl\u00fcck; Chruschtschow war nicht Hitler, sondern eher Wilhelm II.<\/span><\/p>\n<p><span style=\"font-family: 'Times New Roman'; font-size: medium;\">\u00dcberdies ist es immer richtig, die politischen Absichten des Gegners zu analysieren (auch durch Spionage \u00fcbrigens) und sich in seine Situation zu versetzen, um die Wirkung der eigenen Handlungen auf ihn einzusch\u00e4tzen. Hier hilft die Geschichte freilich gar nicht. Am Ende ist jede Situation einmalig.<\/span><\/p>\n<p><span style=\"font-family: 'Times New Roman'; font-size: medium;\">\u00a0<\/span><\/p>\n<p><span style=\"font-family: 'Times New Roman'; font-size: medium;\">Tuchmans Buch erw\u00e4hne ich auch aus einem anderen Grund: Entgegen der Behauptung, erst mit Christopher Clarks \u201eDie Schlafwandler\u201c sei auf Seite der fr\u00fcheren Gegner Deutschlands \u2013 und gar in Deutschland selbst \u2013 die These von der Alleinschuld Deutschlands am Ersten Weltkrieg in Frage gestellt worden, belegt Tuchmans Buch, das ein internationaler Bestseller war, im \u201eSpiegel\u201c vorab gedruckt wurde und den Pulitzer Preis gewann, dass die Vorstellung einer deutschen Allein- oder Hauptschuld \u2013 trotz der Arbeiten Fritz Fischers \u2013 keineswegs innerhalb und au\u00dferhalb Deutschlands als g\u00e4ngige Meinung unterstellt werden kann. Mit Clark in der Hand gegen diesen angeblichen Mainstream anzurennen, hie\u00dfe tats\u00e4chlich, gegen Windm\u00fchlen zu k\u00e4mpfen.<\/span><\/p>\n<p><span style=\"font-family: 'Times New Roman'; font-size: medium;\">\u00a0<\/span><\/p>\n<p><span style=\"font-family: 'Times New Roman'; font-size: medium;\">So schreibt etwa Cora Stephan in einem Essay f\u00fcr die NZZ, der auch auf der \u201eAchse des Guten\u201c abgedruckt wurde:<\/span><\/p>\n<p><span style=\"font-family: 'Times New Roman'; font-size: medium;\">\u201eW\u00e4hrend viele Deutsche ihre Vorfahren offenbar allesamt f\u00fcr irgendwie schuldig halten, sehen die Briten in ihren Gefallenen nur Opfer, und nicht M\u00e4nner, die doch ebenfalls get\u00f6tet haben&#8230;\u201c\u00a0 Nun, \u201eviele Deutsche\u201c ist ein hinreichend ungenauer Begriff; die Aussage mag stimmen oder auch nicht stimmen, je nachdem, wie viele \u201eviele\u201c sind. \u201eDie Briten\u201c freilich ist ein genauer Begriff, der auch den Autor dieser Zeilen einschlie\u00dft, und da kann ich mit gro\u00dfer Gewissheit sagen, dass ich das so nie geglaubt und so nie erz\u00e4hlt bekommen habe. Die Aussage stimmt einfach nicht.<\/span><\/p>\n<p><span style=\"font-family: 'Times New Roman'; font-size: medium;\">Hier ist ein Link zu Cora Stephans Essay:<\/span><\/p>\n<p><span style=\"font-family: 'Times New Roman'; font-size: medium;\"><a href=\"http:\/\/www.achgut.com\/dadgdx\/index.php\/dadgd\/article\/hundert_jahre_traurigkeit\" target=\"_blank\">http:\/\/www.achgut.com\/dadgdx\/<wbr>index.php\/dadgd\/article\/<wbr>hundert_jahre_traurigkeit<\/wbr><\/wbr><\/a><\/span><\/p>\n<p><span style=\"font-family: 'Times New Roman'; font-size: medium;\">\u00a0<\/span><\/p>\n<p><span style=\"font-family: 'Times New Roman'; font-size: medium;\">Stephan weiter: \u201eTats\u00e4chlich deutet einiges darauf hin, dass man in Gro\u00dfbritannien langsam vom nationalen Mythos Abschied nimmt, dass man im Deutschen Reich das B\u00f6se bek\u00e4mpft habe und in diesem grauenvollen Gemetzel die Guten gewesen sei.\u201c Dieser \u201enationale Mythos\u201c hat nicht einmal die Erinnerung in meiner Familie m\u00fctterlicherseits bestimmt, s\u00e4mtlich \u00fcberzeugte und aktive Imperialisten und Nationalisten. Wer Aussagen \u00fcber \u201edie Briten\u201c und ihr Verh\u00e4ltnis zum Ersten Weltkrieg machen will, sollte etwa Adam Hochschilds gro\u00dfartige Studie \u201eTo End All Wars. A Story of Loyalty and Rebellion\u201c (dt. \u201eDer Gro\u00dfe Krieg\u201c) lesen, die \u00fcbrigens mit einer Schilderung der Kriegsgr\u00e4ber in Frankreich beginnt, die der Schilderung Stephans auff\u00e4llig \u00e4hnelt. Hochschild stellt fest: \u201eDoch vor allem in Gro\u00dfbritannien \u2013 mehr als in anderen L\u00e4ndern \u2013 gab es eine gro\u00dfe Zahl von unerschrockenen Kriegsgegnern, die ihre \u00dcberzeugungen kundtaten, nach ihnen handelten und einen hohen Preis daf\u00fcr zahlten.\u201c 20.000 verweigerten den Kriegsdienst, \u00fcber 6000 landeten im Gef\u00e4ngnis, \u201eunter anderem der bekannteste investigative Journalist des Landes, ein k\u00fcnftiger Nobelpreistr\u00e4ger, mehr als ein halbes Dutzend k\u00fcnftige Parlamentsmitglieder, ein k\u00fcnftiger Minister &#8230; Wohl kaum d\u00fcrfte man einer erlesenere Schar von Menschen in den Gef\u00e4ngnissen eines westlichen Landes angetroffen haben.\u201c Viele dieser Menschen wurden und werden hoch geehrt. Etwa die Pazifistin und Sozialistin Charlotte Despard, nach der eine gro\u00dfe Stra\u00dfe in Battersea benannt ist, dem Londoner Stadtteil, in dem ich als Kind lebte. Und wenn man in Gro\u00dfbritannien von den Soldaten als Opfer spricht, so nicht als Opfer der Deutschen, sondern als Opfer der eigenen F\u00fchrung. Kein Geringerer als Rudyard Kipling, der Barde des Empire, lie\u00df auf das Grabstein seines gefallenen Sohns die Zeilen mei\u00dfeln:<\/span><\/p>\n<p><em><span style=\"font-family: 'Times New Roman'; font-size: medium;\">\u201eIf any question why we died, tell them, because our fathers lied.\u201c<\/span><\/em><\/p>\n<p><span style=\"font-family: 'Times New Roman'; font-size: medium;\">\u00a0<\/span><\/p>\n<p><span style=\"font-family: 'Times New Roman'; font-size: medium;\">Doch die leicht ressentimentgeladene Entgegenstellung der angeblich triumphalistischen Briten mit den sich in Schuldstolz ergehenden Deutschen ist nicht der wichtigste Grund, Cora Stephans Geschichtslektion mit Argwohn zu begegnen. Das antienglische Ressentiment mag man einer Deutschen meiner Generation nachsehen, aufgewachsen in den Tr\u00fcmmern, die jene andere RAF hinterlie\u00df, und in den geistigen Tr\u00fcmmern, die von den Nazis hinterlassen wurden.<\/span><\/p>\n<p><span style=\"font-family: 'Times New Roman'; font-size: medium;\">Au\u00dferdem stimme ich ihrer Darstellung des Kriegs und seiner Folgen weitgehend zu. Leider aber \u2013 und hier kehre ich zum Ausgangspunkt zur\u00fcck \u2013 kann Cora Stephan nicht der Versuchung widerstehen, die Psychoanalytikerin zu spielen und die Heilung des Patienten Europa aus der Besch\u00e4ftigung mit der Geschichte zu verk\u00fcnden:<\/span><\/p>\n<p><span style=\"font-family: 'Times New Roman'; font-size: medium;\">\u201eDie Europ\u00e4er haben nicht nur eine traumatische Erfahrung gemeinsam, wie man heute vielleicht deutlicher erkennt als je zuvor. Sie haben auch allesamt einen Trost verloren: dass es, hier wenigstens, Schwarz und Wei\u00df gibt im Krieg, T\u00e4ter und Opfer, Schuldige und wei\u00dfe Ritter, Schurken und Helden. Nur, solange man an das B\u00f6se glauben kann, ist auch das Gute denkbar. Das mag einer der Gr\u00fcnde sein, warum man in Deutschland die B\u00fcrde des Schurken nicht erleichtert abwirft. Und k\u00f6nnte eine Paradoxie erkl\u00e4ren: Wer an eine Inkarnation des B\u00f6sen glaubt, erwartet vom \u201aGuten\u2019 oft mehr, als menschenm\u00f6glich ist.<\/span><\/p>\n<p><span style=\"font-family: 'Times New Roman'; font-size: medium;\">(&#8230;)<\/span><\/p>\n<p><span style=\"font-family: 'Times New Roman'; font-size: medium;\">Der Abschied von Gut und B\u00f6se f\u00fchrt ins Reich der Schatten und in die kalte Welt der Realpolitik, in der Interessen z\u00e4hlen, ohne dass Moral sie veredelt. Und das ist gut so.\u201c<\/span><\/p>\n<p><span style=\"font-family: 'Times New Roman'; font-size: medium;\">\u00a0<\/span><\/p>\n<p><span style=\"font-family: 'Times New Roman'; font-size: medium;\">Nun, gewiss doch, Realpolitik ist n\u00f6tig; Interessen z\u00e4hlen; und man sollte nicht kalte Interessenpolitik moralisch aufladen. Aber es gibt sehr wohl in der Welt heute Akteure, die moralisch eher b\u00f6se und solche, die moralisch eher gut sind. Die Lehre aus dem Ersten Weltkrieg \u2013 so es eine eindeutige Lehre gibt, was ich bezweifle \u2013 hei\u00dft doch nicht, dass alle heute agierenden M\u00e4chte gleichwertig seien, selbst wenn man unterstellen w\u00fcrde, dass sie es damals waren.<\/span><\/p>\n<p><span style=\"font-family: 'Times New Roman'; font-size: medium;\">Wenn es \u00fcberhaupt eine Lehre aus dem Gro\u00dfen Krieg gibt, dann w\u00e4re sie wohl die, dass es einen Punkt gibt, an dem selbst derjenige, der das Recht und die Moral auf seiner Seite hat, dieses Recht und diese Moral ad absurdum f\u00fchrt. Das hie\u00dfe etwa: selbst wenn man der damaligen britischen F\u00fchrung abnehmen will, dass sie in den Ersten Weltkrieg eintrat, weil sie der B\u00fcndnisverpflichtung gegen\u00fcber Belgien nachkommen musste: wie konnte das die unz\u00e4hligen Toten rechtfertigen: \u201eVon den M\u00e4nnern, die 1913 ihr Studium in Oxford abschlossen, fielen 31 Prozent\u201c, notiert Hochschild.<\/span><\/p>\n<p><span style=\"font-family: 'Times New Roman'; font-size: medium;\">Diese Lehre hatte Kennedy vor Augen, als er alles tat, um einen Atomkrieg zwischen den USA und Russland zu vermeiden; nicht weil ihm unklar gewesen w\u00e4re, auf welcher Seite das Recht und die Moral standen, sondern weil die Vernichtung der Welt diese Frage irrelevant erscheinen lie\u00dfe.<\/span><\/p>\n<p><span style=\"font-family: 'Times New Roman'; font-size: medium;\">Auch heute stehen wir mitnichten in einer \u201ekalten Welt der Realpolitik, in der Interessen z\u00e4hlen, ohne dass Moral sie veredelt.\u201c Der von den USA gef\u00fchrte Westen, so unvollkommen er sein mag, vertritt \u201edie letzte, beste Hoffnung der Menschheit\u201c, wie Abraham Lincoln es formulierte. Seine Feinde haben und hatten weder die Moral noch das Recht auf ihrer Seite: Al Qaida, die Taliban, die Regimes in Nordkorea und dem Iran, Slobodan Milosevic, Saddam Hussein, Muammar al-Gaddafi, Baschar al-Assad &#8230; Und Russland, das vielen dieser Finsterlinge Unterst\u00fctzung gew\u00e4hrte und gew\u00e4hrt, Europas letzte Diktatur in Wei\u00dfrussland am Leben\u00a0 h\u00e4lt, die Ukraine spaltet, Gegner ins Lager wirft oder ermorden l\u00e4sst\u00a0 ist unter Wladimir Putin wie unter dem Zaren der Hort der Reaktion in Europa.<\/span><\/p>\n<p><span style=\"font-family: 'Times New Roman'; font-size: medium;\">Freilich kann die moralische Emp\u00f6rung \u00fcber solche Leute nicht einfach in politische oder gar milit\u00e4rische Handlungen von sch\u00f6ner Eindeutigkeit und klarer Wirkung umgesetzt werden. Manchmal erreicht ein Eingreifen das Gegenteil des Intendierten. Manchmal muss man mit seinen Feinden verhandeln, manchmal ihnen sogar nachgeben, wie Obama gerade vormacht. Und wer moralisch im Recht ist, hat damit nicht automatisch das Recht auf seiner Seite, wie wir in Vietnam und Kambodscha, Guant\u00e1namo und Abu Ghraib sahen und sehen.<\/span><\/p>\n<p><span style=\"font-family: 'Times New Roman'; font-size: medium;\">Cora Stephan meint: \u201eTats\u00e4chlich setzte der Erste Weltkrieg vor allem in Gro\u00dfbritannien eine Propagandamaschinerie in Gang, die das Sinnlose mit den gr\u00f6bsten Mitteln moralisch zu veredeln suchte. Es ist halt das Problem von Demokratie, dass man Kriegshandlungen nicht einfach anordnen kann, man muss das Volk \u00fcberzeugen \u2013 was meistens hei\u00dft: es manipulieren.\u201c Nun, dass man \u201evor allem in Gro\u00dfbritannien\u201c Kriegspropaganda betrieben habe, im Gegensatz etwa zu Deutschland \u2013 das kann man getrost ins Reich der Fabel verbannen. Egal. Geschichte eben. Dass aber die Aufgabe der Demokratie, gegebenenfalls die Menschen von der Notwendigkeit eines Krieges zu \u00fcberzeugen, einfach abgetan wird als \u201ein den meisten F\u00e4llen\u201c Manipulation: Das ist sachlich falsch und moralisch emp\u00f6rend. Ich dachte, \u00fcber solche simplen\u00a0 68er-Theorien w\u00e4ren wir inzwischen hinweg.<\/span><\/p>\n<div class=\"shariff shariff-align-left shariff-widget-align-left shariff-buttonstretch\" style=\"display:none\"><ul class=\"shariff-buttons theme-white orientation-horizontal buttonsize-medium\"><li class=\"shariff-button facebook shariff-nocustomcolor\" style=\"background-color:#4273c8\"><a href=\"https:\/\/www.facebook.com\/sharer\/sharer.php?u=https%3A%2F%2Fstarke-meinungen.de%2Fblog%2F2014%2F01%2F21%2Fdie-lehren-aus-dem-grosen-krieg%2F\" title=\"Bei Facebook teilen\" aria-label=\"Bei Facebook teilen\" role=\"button\" rel=\"nofollow\" class=\"shariff-link\" style=\"; background-color:#3b5998; color:#3b5998\" target=\"_blank\"><span class=\"shariff-icon\" style=\"fill:#3b5998\"><svg width=\"32px\" height=\"20px\" xmlns=\"http:\/\/www.w3.org\/2000\/svg\" viewBox=\"0 0 18 32\"><path fill=\"#3b5998\" d=\"M17.1 0.2v4.7h-2.8q-1.5 0-2.1 0.6t-0.5 1.9v3.4h5.2l-0.7 5.3h-4.5v13.6h-5.5v-13.6h-4.5v-5.3h4.5v-3.9q0-3.3 1.9-5.2t5-1.8q2.6 0 4.1 0.2z\"\/><\/svg><\/span><span class=\"shariff-text\" style=\"color:#3b5998\">teilen<\/span>&nbsp;<\/a><\/li><li class=\"shariff-button twitter shariff-nocustomcolor\" style=\"background-color:#595959\"><a href=\"https:\/\/twitter.com\/share?url=https%3A%2F%2Fstarke-meinungen.de%2Fblog%2F2014%2F01%2F21%2Fdie-lehren-aus-dem-grosen-krieg%2F&text=Die%20Lehren%20aus%20dem%20Gro%C3%9Fen%20Krieg&via=starkemeinungen\" title=\"Bei X teilen\" aria-label=\"Bei X teilen\" role=\"button\" rel=\"noopener nofollow\" class=\"shariff-link\" style=\"; background-color:#000; color:#000\" target=\"_blank\"><span class=\"shariff-icon\" style=\"fill:#000\"><svg width=\"32px\" height=\"20px\" xmlns=\"http:\/\/www.w3.org\/2000\/svg\" viewBox=\"0 0 24 24\"><path fill=\"#000\" d=\"M14.258 10.152L23.176 0h-2.113l-7.747 8.813L7.133 0H0l9.352 13.328L0 23.973h2.113l8.176-9.309 6.531 9.309h7.133zm-2.895 3.293l-.949-1.328L2.875 1.56h3.246l6.086 8.523.945 1.328 7.91 11.078h-3.246zm0 0\"\/><\/svg><\/span><span class=\"shariff-text\" style=\"color:#000\">teilen<\/span>&nbsp;<\/a><\/li><li class=\"shariff-button linkedin shariff-nocustomcolor\" style=\"background-color:#1488bf\"><a href=\"https:\/\/www.linkedin.com\/sharing\/share-offsite\/?url=https%3A%2F%2Fstarke-meinungen.de%2Fblog%2F2014%2F01%2F21%2Fdie-lehren-aus-dem-grosen-krieg%2F\" title=\"Bei LinkedIn teilen\" aria-label=\"Bei LinkedIn teilen\" role=\"button\" rel=\"noopener nofollow\" class=\"shariff-link\" style=\"; background-color:#0077b5; color:#0077b5\" target=\"_blank\"><span class=\"shariff-icon\" style=\"fill:#0077b5\"><svg width=\"32px\" height=\"20px\" xmlns=\"http:\/\/www.w3.org\/2000\/svg\" viewBox=\"0 0 27 32\"><path fill=\"#0077b5\" d=\"M6.2 11.2v17.7h-5.9v-17.7h5.9zM6.6 5.7q0 1.3-0.9 2.2t-2.4 0.9h0q-1.5 0-2.4-0.9t-0.9-2.2 0.9-2.2 2.4-0.9 2.4 0.9 0.9 2.2zM27.4 18.7v10.1h-5.9v-9.5q0-1.9-0.7-2.9t-2.3-1.1q-1.1 0-1.9 0.6t-1.2 1.5q-0.2 0.5-0.2 1.4v9.9h-5.9q0-7.1 0-11.6t0-5.3l0-0.9h5.9v2.6h0q0.4-0.6 0.7-1t1-0.9 1.6-0.8 2-0.3q3 0 4.9 2t1.9 6z\"\/><\/svg><\/span><span class=\"shariff-text\" style=\"color:#0077b5\">teilen<\/span>&nbsp;<\/a><\/li><li class=\"shariff-button xing shariff-nocustomcolor\" style=\"background-color:#29888a\"><a href=\"https:\/\/www.xing.com\/spi\/shares\/new?url=https%3A%2F%2Fstarke-meinungen.de%2Fblog%2F2014%2F01%2F21%2Fdie-lehren-aus-dem-grosen-krieg%2F\" title=\"Bei XING teilen\" aria-label=\"Bei XING teilen\" role=\"button\" rel=\"noopener nofollow\" class=\"shariff-link\" style=\"; background-color:#126567; color:#126567\" target=\"_blank\"><span class=\"shariff-icon\" style=\"fill:#126567\"><svg width=\"32px\" height=\"20px\" xmlns=\"http:\/\/www.w3.org\/2000\/svg\" viewBox=\"0 0 25 32\"><path fill=\"#126567\" d=\"M10.7 11.9q-0.2 0.3-4.6 8.2-0.5 0.8-1.2 0.8h-4.3q-0.4 0-0.5-0.3t0-0.6l4.5-8q0 0 0 0l-2.9-5q-0.2-0.4 0-0.7 0.2-0.3 0.5-0.3h4.3q0.7 0 1.2 0.8zM25.1 0.4q0.2 0.3 0 0.7l-9.4 16.7 6 11q0.2 0.4 0 0.6-0.2 0.3-0.6 0.3h-4.3q-0.7 0-1.2-0.8l-6-11.1q0.3-0.6 9.5-16.8 0.4-0.8 1.2-0.8h4.3q0.4 0 0.5 0.3z\"\/><\/svg><\/span><span class=\"shariff-text\" style=\"color:#126567\">teilen<\/span>&nbsp;<\/a><\/li><li class=\"shariff-button whatsapp shariff-nocustomcolor\" style=\"background-color:#5cbe4a\"><a href=\"https:\/\/api.whatsapp.com\/send?text=https%3A%2F%2Fstarke-meinungen.de%2Fblog%2F2014%2F01%2F21%2Fdie-lehren-aus-dem-grosen-krieg%2F%20Die%20Lehren%20aus%20dem%20Gro%C3%9Fen%20Krieg\" title=\"Bei Whatsapp teilen\" aria-label=\"Bei Whatsapp teilen\" role=\"button\" rel=\"noopener nofollow\" class=\"shariff-link\" style=\"; background-color:#34af23; color:#34af23\" target=\"_blank\"><span class=\"shariff-icon\" style=\"fill:#34af23\"><svg width=\"32px\" height=\"20px\" xmlns=\"http:\/\/www.w3.org\/2000\/svg\" viewBox=\"0 0 32 32\"><path fill=\"#34af23\" d=\"M17.6 17.4q0.2 0 1.7 0.8t1.6 0.9q0 0.1 0 0.3 0 0.6-0.3 1.4-0.3 0.7-1.3 1.2t-1.8 0.5q-1 0-3.4-1.1-1.7-0.8-3-2.1t-2.6-3.3q-1.3-1.9-1.3-3.5v-0.1q0.1-1.6 1.3-2.8 0.4-0.4 0.9-0.4 0.1 0 0.3 0t0.3 0q0.3 0 0.5 0.1t0.3 0.5q0.1 0.4 0.6 1.6t0.4 1.3q0 0.4-0.6 1t-0.6 0.8q0 0.1 0.1 0.3 0.6 1.3 1.8 2.4 1 0.9 2.7 1.8 0.2 0.1 0.4 0.1 0.3 0 1-0.9t0.9-0.9zM14 26.9q2.3 0 4.3-0.9t3.6-2.4 2.4-3.6 0.9-4.3-0.9-4.3-2.4-3.6-3.6-2.4-4.3-0.9-4.3 0.9-3.6 2.4-2.4 3.6-0.9 4.3q0 3.6 2.1 6.6l-1.4 4.2 4.3-1.4q2.8 1.9 6.2 1.9zM14 2.2q2.7 0 5.2 1.1t4.3 2.9 2.9 4.3 1.1 5.2-1.1 5.2-2.9 4.3-4.3 2.9-5.2 1.1q-3.5 0-6.5-1.7l-7.4 2.4 2.4-7.2q-1.9-3.2-1.9-6.9 0-2.7 1.1-5.2t2.9-4.3 4.3-2.9 5.2-1.1z\"\/><\/svg><\/span><span class=\"shariff-text\" style=\"color:#34af23\">teilen<\/span>&nbsp;<\/a><\/li><li class=\"shariff-button info shariff-nocustomcolor\" style=\"background-color:#a8a8a8\"><a href=\"http:\/\/ct.de\/-2467514\" title=\"Weitere Informationen\" aria-label=\"Weitere Informationen\" role=\"button\" rel=\"noopener \" class=\"shariff-link\" style=\"; background-color:#999; color:#999\" target=\"_blank\"><span class=\"shariff-icon\" style=\"fill:#999\"><svg width=\"32px\" height=\"20px\" xmlns=\"http:\/\/www.w3.org\/2000\/svg\" viewBox=\"0 0 11 32\"><path fill=\"#999\" d=\"M11.4 24v2.3q0 0.5-0.3 0.8t-0.8 0.4h-9.1q-0.5 0-0.8-0.4t-0.4-0.8v-2.3q0-0.5 0.4-0.8t0.8-0.4h1.1v-6.8h-1.1q-0.5 0-0.8-0.4t-0.4-0.8v-2.3q0-0.5 0.4-0.8t0.8-0.4h6.8q0.5 0 0.8 0.4t0.4 0.8v10.3h1.1q0.5 0 0.8 0.4t0.3 0.8zM9.2 3.4v3.4q0 0.5-0.4 0.8t-0.8 0.4h-4.6q-0.4 0-0.8-0.4t-0.4-0.8v-3.4q0-0.4 0.4-0.8t0.8-0.4h4.6q0.5 0 0.8 0.4t0.4 0.8z\"\/><\/svg><\/span><\/a><\/li><\/ul><\/div>","protected":false},"excerpt":{"rendered":"<p>Wenige S\u00e4tze sind d\u00fcmmer als jenes Diktum des amerikanischen Philosophen George Santayana, wer sich an die Vergangenheit nicht erinnere, sei dazu verdammt, sie zu wiederholen. Genau so gut k\u00f6nnte man sagen: Wer sich von der Vergangenheit nicht befreien kann, ist dazu verdammt, sie zu wiederholen.\u00a0 Das sah man zum Beispiel auf dem Balkan, wo noch im letzten Jahrzehnt des 20&#8230;. <a href=\"https:\/\/starke-meinungen.de\/blog\/2014\/01\/21\/die-lehren-aus-dem-grosen-krieg\/\">Weiterlesen &raquo;<\/a><\/p>\n","protected":false},"author":13,"featured_media":0,"comment_status":"open","ping_status":"open","sticky":false,"template":"","format":"standard","meta":{"footnotes":""},"categories":[209,1],"tags":[2292,2288],"class_list":["post-4195","post","type-post","status-publish","format-standard","hentry","category-alan-posener","category-allgemein","tag-balkan","tag-erster-weltkrieg"],"yoast_head":"<!-- This site is optimized with the Yoast SEO plugin v27.5 - https:\/\/yoast.com\/product\/yoast-seo-wordpress\/ -->\n<title>Die Lehren aus dem Gro\u00dfen Krieg - starke-meinungen.de<\/title>\n<meta name=\"robots\" content=\"index, follow, max-snippet:-1, max-image-preview:large, max-video-preview:-1\" \/>\n<link rel=\"canonical\" href=\"https:\/\/starke-meinungen.de\/blog\/2014\/01\/21\/die-lehren-aus-dem-grosen-krieg\/\" \/>\n<meta property=\"og:locale\" content=\"de_DE\" \/>\n<meta property=\"og:type\" content=\"article\" \/>\n<meta property=\"og:title\" content=\"Die Lehren aus dem Gro\u00dfen Krieg - starke-meinungen.de\" \/>\n<meta property=\"og:description\" content=\"Wenige S\u00e4tze sind d\u00fcmmer als jenes Diktum des amerikanischen Philosophen George Santayana, wer sich an die Vergangenheit nicht erinnere, sei dazu verdammt, sie zu wiederholen. Genau so gut k\u00f6nnte man sagen: Wer sich von der Vergangenheit nicht befreien kann, ist dazu verdammt, sie zu wiederholen.\u00a0 Das sah man zum Beispiel auf dem Balkan, wo noch im letzten Jahrzehnt des 20.... Weiterlesen &raquo;\" \/>\n<meta property=\"og:url\" content=\"https:\/\/starke-meinungen.de\/blog\/2014\/01\/21\/die-lehren-aus-dem-grosen-krieg\/\" \/>\n<meta property=\"og:site_name\" content=\"starke-meinungen.de\" \/>\n<meta property=\"article:publisher\" content=\"https:\/\/www.facebook.com\/starkemeinungen\/\" \/>\n<meta property=\"article:published_time\" content=\"2014-01-20T23:35:58+00:00\" \/>\n<meta property=\"article:modified_time\" content=\"2014-01-21T08:56:30+00:00\" \/>\n<meta property=\"og:image\" content=\"https:\/\/starke-meinungen.de\/blog\/wp-content\/uploads\/starke-meinungen-fb-header.jpg\" \/>\n\t<meta property=\"og:image:width\" content=\"1200\" \/>\n\t<meta property=\"og:image:height\" content=\"630\" \/>\n\t<meta property=\"og:image:type\" content=\"image\/jpeg\" \/>\n<meta name=\"author\" content=\"Alan Posener\" \/>\n<meta name=\"twitter:card\" content=\"summary_large_image\" \/>\n<meta name=\"twitter:creator\" content=\"@starkemeinungen\" \/>\n<meta name=\"twitter:site\" content=\"@starkemeinungen\" \/>\n<meta name=\"twitter:label1\" content=\"Verfasst von\" \/>\n\t<meta name=\"twitter:data1\" content=\"Alan Posener\" \/>\n\t<meta name=\"twitter:label2\" content=\"Gesch\u00e4tzte Lesezeit\" \/>\n\t<meta name=\"twitter:data2\" content=\"12\u00a0Minuten\" \/>\n<script type=\"application\/ld+json\" class=\"yoast-schema-graph\">{\"@context\":\"https:\\\/\\\/schema.org\",\"@graph\":[{\"@type\":\"Article\",\"@id\":\"https:\\\/\\\/starke-meinungen.de\\\/blog\\\/2014\\\/01\\\/21\\\/die-lehren-aus-dem-grosen-krieg\\\/#article\",\"isPartOf\":{\"@id\":\"https:\\\/\\\/starke-meinungen.de\\\/blog\\\/2014\\\/01\\\/21\\\/die-lehren-aus-dem-grosen-krieg\\\/\"},\"author\":{\"name\":\"Alan Posener\",\"@id\":\"https:\\\/\\\/starke-meinungen.de\\\/blog\\\/#\\\/schema\\\/person\\\/32d0faef7c31a37c1c89be993d7a6d28\"},\"headline\":\"Die Lehren aus dem Gro\u00dfen Krieg\",\"datePublished\":\"2014-01-20T23:35:58+00:00\",\"dateModified\":\"2014-01-21T08:56:30+00:00\",\"mainEntityOfPage\":{\"@id\":\"https:\\\/\\\/starke-meinungen.de\\\/blog\\\/2014\\\/01\\\/21\\\/die-lehren-aus-dem-grosen-krieg\\\/\"},\"wordCount\":2363,\"commentCount\":97,\"publisher\":{\"@id\":\"https:\\\/\\\/starke-meinungen.de\\\/blog\\\/#organization\"},\"keywords\":[\"Balkan\",\"Erster Weltkrieg\"],\"articleSection\":[\"Alan Posener\"],\"inLanguage\":\"de\",\"potentialAction\":[{\"@type\":\"CommentAction\",\"name\":\"Comment\",\"target\":[\"https:\\\/\\\/starke-meinungen.de\\\/blog\\\/2014\\\/01\\\/21\\\/die-lehren-aus-dem-grosen-krieg\\\/#respond\"]}]},{\"@type\":\"WebPage\",\"@id\":\"https:\\\/\\\/starke-meinungen.de\\\/blog\\\/2014\\\/01\\\/21\\\/die-lehren-aus-dem-grosen-krieg\\\/\",\"url\":\"https:\\\/\\\/starke-meinungen.de\\\/blog\\\/2014\\\/01\\\/21\\\/die-lehren-aus-dem-grosen-krieg\\\/\",\"name\":\"Die Lehren aus dem Gro\u00dfen Krieg - starke-meinungen.de\",\"isPartOf\":{\"@id\":\"https:\\\/\\\/starke-meinungen.de\\\/blog\\\/#website\"},\"datePublished\":\"2014-01-20T23:35:58+00:00\",\"dateModified\":\"2014-01-21T08:56:30+00:00\",\"breadcrumb\":{\"@id\":\"https:\\\/\\\/starke-meinungen.de\\\/blog\\\/2014\\\/01\\\/21\\\/die-lehren-aus-dem-grosen-krieg\\\/#breadcrumb\"},\"inLanguage\":\"de\",\"potentialAction\":[{\"@type\":\"ReadAction\",\"target\":[\"https:\\\/\\\/starke-meinungen.de\\\/blog\\\/2014\\\/01\\\/21\\\/die-lehren-aus-dem-grosen-krieg\\\/\"]}]},{\"@type\":\"BreadcrumbList\",\"@id\":\"https:\\\/\\\/starke-meinungen.de\\\/blog\\\/2014\\\/01\\\/21\\\/die-lehren-aus-dem-grosen-krieg\\\/#breadcrumb\",\"itemListElement\":[{\"@type\":\"ListItem\",\"position\":1,\"name\":\"Startseite\",\"item\":\"https:\\\/\\\/starke-meinungen.de\\\/blog\\\/\"},{\"@type\":\"ListItem\",\"position\":2,\"name\":\"Die Lehren aus dem Gro\u00dfen Krieg\"}]},{\"@type\":\"WebSite\",\"@id\":\"https:\\\/\\\/starke-meinungen.de\\\/blog\\\/#website\",\"url\":\"https:\\\/\\\/starke-meinungen.de\\\/blog\\\/\",\"name\":\"starke-meinungen.de\",\"description\":\"Autoren-Blog\",\"publisher\":{\"@id\":\"https:\\\/\\\/starke-meinungen.de\\\/blog\\\/#organization\"},\"potentialAction\":[{\"@type\":\"SearchAction\",\"target\":{\"@type\":\"EntryPoint\",\"urlTemplate\":\"https:\\\/\\\/starke-meinungen.de\\\/blog\\\/?s={search_term_string}\"},\"query-input\":{\"@type\":\"PropertyValueSpecification\",\"valueRequired\":true,\"valueName\":\"search_term_string\"}}],\"inLanguage\":\"de\"},{\"@type\":\"Organization\",\"@id\":\"https:\\\/\\\/starke-meinungen.de\\\/blog\\\/#organization\",\"name\":\"starke-meinungen.de\",\"url\":\"https:\\\/\\\/starke-meinungen.de\\\/blog\\\/\",\"logo\":{\"@type\":\"ImageObject\",\"inLanguage\":\"de\",\"@id\":\"https:\\\/\\\/starke-meinungen.de\\\/blog\\\/#\\\/schema\\\/logo\\\/image\\\/\",\"url\":\"https:\\\/\\\/starke-meinungen.de\\\/blog\\\/wp-content\\\/uploads\\\/starke-meinungen-fb-header.jpg\",\"contentUrl\":\"https:\\\/\\\/starke-meinungen.de\\\/blog\\\/wp-content\\\/uploads\\\/starke-meinungen-fb-header.jpg\",\"width\":1200,\"height\":630,\"caption\":\"starke-meinungen.de\"},\"image\":{\"@id\":\"https:\\\/\\\/starke-meinungen.de\\\/blog\\\/#\\\/schema\\\/logo\\\/image\\\/\"},\"sameAs\":[\"https:\\\/\\\/www.facebook.com\\\/starkemeinungen\\\/\",\"https:\\\/\\\/x.com\\\/starkemeinungen\"]},{\"@type\":\"Person\",\"@id\":\"https:\\\/\\\/starke-meinungen.de\\\/blog\\\/#\\\/schema\\\/person\\\/32d0faef7c31a37c1c89be993d7a6d28\",\"name\":\"Alan Posener\",\"image\":{\"@type\":\"ImageObject\",\"inLanguage\":\"de\",\"@id\":\"https:\\\/\\\/secure.gravatar.com\\\/avatar\\\/c75c8818a9ab78c4faa75048dba7844e2587998cda4d93f84e7d86f7e21a9b90?s=96&d=mm&r=g\",\"url\":\"https:\\\/\\\/secure.gravatar.com\\\/avatar\\\/c75c8818a9ab78c4faa75048dba7844e2587998cda4d93f84e7d86f7e21a9b90?s=96&d=mm&r=g\",\"contentUrl\":\"https:\\\/\\\/secure.gravatar.com\\\/avatar\\\/c75c8818a9ab78c4faa75048dba7844e2587998cda4d93f84e7d86f7e21a9b90?s=96&d=mm&r=g\",\"caption\":\"Alan Posener\"},\"url\":\"https:\\\/\\\/starke-meinungen.de\\\/blog\\\/author\\\/posener\\\/\"}]}<\/script>\n<!-- \/ Yoast SEO plugin. -->","yoast_head_json":{"title":"Die Lehren aus dem Gro\u00dfen Krieg - starke-meinungen.de","robots":{"index":"index","follow":"follow","max-snippet":"max-snippet:-1","max-image-preview":"max-image-preview:large","max-video-preview":"max-video-preview:-1"},"canonical":"https:\/\/starke-meinungen.de\/blog\/2014\/01\/21\/die-lehren-aus-dem-grosen-krieg\/","og_locale":"de_DE","og_type":"article","og_title":"Die Lehren aus dem Gro\u00dfen Krieg - starke-meinungen.de","og_description":"Wenige S\u00e4tze sind d\u00fcmmer als jenes Diktum des amerikanischen Philosophen George Santayana, wer sich an die Vergangenheit nicht erinnere, sei dazu verdammt, sie zu wiederholen. Genau so gut k\u00f6nnte man sagen: Wer sich von der Vergangenheit nicht befreien kann, ist dazu verdammt, sie zu wiederholen.\u00a0 Das sah man zum Beispiel auf dem Balkan, wo noch im letzten Jahrzehnt des 20.... Weiterlesen &raquo;","og_url":"https:\/\/starke-meinungen.de\/blog\/2014\/01\/21\/die-lehren-aus-dem-grosen-krieg\/","og_site_name":"starke-meinungen.de","article_publisher":"https:\/\/www.facebook.com\/starkemeinungen\/","article_published_time":"2014-01-20T23:35:58+00:00","article_modified_time":"2014-01-21T08:56:30+00:00","og_image":[{"width":1200,"height":630,"url":"https:\/\/starke-meinungen.de\/blog\/wp-content\/uploads\/starke-meinungen-fb-header.jpg","type":"image\/jpeg"}],"author":"Alan Posener","twitter_card":"summary_large_image","twitter_creator":"@starkemeinungen","twitter_site":"@starkemeinungen","twitter_misc":{"Verfasst von":"Alan Posener","Gesch\u00e4tzte Lesezeit":"12\u00a0Minuten"},"schema":{"@context":"https:\/\/schema.org","@graph":[{"@type":"Article","@id":"https:\/\/starke-meinungen.de\/blog\/2014\/01\/21\/die-lehren-aus-dem-grosen-krieg\/#article","isPartOf":{"@id":"https:\/\/starke-meinungen.de\/blog\/2014\/01\/21\/die-lehren-aus-dem-grosen-krieg\/"},"author":{"name":"Alan Posener","@id":"https:\/\/starke-meinungen.de\/blog\/#\/schema\/person\/32d0faef7c31a37c1c89be993d7a6d28"},"headline":"Die Lehren aus dem Gro\u00dfen Krieg","datePublished":"2014-01-20T23:35:58+00:00","dateModified":"2014-01-21T08:56:30+00:00","mainEntityOfPage":{"@id":"https:\/\/starke-meinungen.de\/blog\/2014\/01\/21\/die-lehren-aus-dem-grosen-krieg\/"},"wordCount":2363,"commentCount":97,"publisher":{"@id":"https:\/\/starke-meinungen.de\/blog\/#organization"},"keywords":["Balkan","Erster Weltkrieg"],"articleSection":["Alan Posener"],"inLanguage":"de","potentialAction":[{"@type":"CommentAction","name":"Comment","target":["https:\/\/starke-meinungen.de\/blog\/2014\/01\/21\/die-lehren-aus-dem-grosen-krieg\/#respond"]}]},{"@type":"WebPage","@id":"https:\/\/starke-meinungen.de\/blog\/2014\/01\/21\/die-lehren-aus-dem-grosen-krieg\/","url":"https:\/\/starke-meinungen.de\/blog\/2014\/01\/21\/die-lehren-aus-dem-grosen-krieg\/","name":"Die Lehren aus dem Gro\u00dfen Krieg - starke-meinungen.de","isPartOf":{"@id":"https:\/\/starke-meinungen.de\/blog\/#website"},"datePublished":"2014-01-20T23:35:58+00:00","dateModified":"2014-01-21T08:56:30+00:00","breadcrumb":{"@id":"https:\/\/starke-meinungen.de\/blog\/2014\/01\/21\/die-lehren-aus-dem-grosen-krieg\/#breadcrumb"},"inLanguage":"de","potentialAction":[{"@type":"ReadAction","target":["https:\/\/starke-meinungen.de\/blog\/2014\/01\/21\/die-lehren-aus-dem-grosen-krieg\/"]}]},{"@type":"BreadcrumbList","@id":"https:\/\/starke-meinungen.de\/blog\/2014\/01\/21\/die-lehren-aus-dem-grosen-krieg\/#breadcrumb","itemListElement":[{"@type":"ListItem","position":1,"name":"Startseite","item":"https:\/\/starke-meinungen.de\/blog\/"},{"@type":"ListItem","position":2,"name":"Die Lehren aus dem Gro\u00dfen Krieg"}]},{"@type":"WebSite","@id":"https:\/\/starke-meinungen.de\/blog\/#website","url":"https:\/\/starke-meinungen.de\/blog\/","name":"starke-meinungen.de","description":"Autoren-Blog","publisher":{"@id":"https:\/\/starke-meinungen.de\/blog\/#organization"},"potentialAction":[{"@type":"SearchAction","target":{"@type":"EntryPoint","urlTemplate":"https:\/\/starke-meinungen.de\/blog\/?s={search_term_string}"},"query-input":{"@type":"PropertyValueSpecification","valueRequired":true,"valueName":"search_term_string"}}],"inLanguage":"de"},{"@type":"Organization","@id":"https:\/\/starke-meinungen.de\/blog\/#organization","name":"starke-meinungen.de","url":"https:\/\/starke-meinungen.de\/blog\/","logo":{"@type":"ImageObject","inLanguage":"de","@id":"https:\/\/starke-meinungen.de\/blog\/#\/schema\/logo\/image\/","url":"https:\/\/starke-meinungen.de\/blog\/wp-content\/uploads\/starke-meinungen-fb-header.jpg","contentUrl":"https:\/\/starke-meinungen.de\/blog\/wp-content\/uploads\/starke-meinungen-fb-header.jpg","width":1200,"height":630,"caption":"starke-meinungen.de"},"image":{"@id":"https:\/\/starke-meinungen.de\/blog\/#\/schema\/logo\/image\/"},"sameAs":["https:\/\/www.facebook.com\/starkemeinungen\/","https:\/\/x.com\/starkemeinungen"]},{"@type":"Person","@id":"https:\/\/starke-meinungen.de\/blog\/#\/schema\/person\/32d0faef7c31a37c1c89be993d7a6d28","name":"Alan Posener","image":{"@type":"ImageObject","inLanguage":"de","@id":"https:\/\/secure.gravatar.com\/avatar\/c75c8818a9ab78c4faa75048dba7844e2587998cda4d93f84e7d86f7e21a9b90?s=96&d=mm&r=g","url":"https:\/\/secure.gravatar.com\/avatar\/c75c8818a9ab78c4faa75048dba7844e2587998cda4d93f84e7d86f7e21a9b90?s=96&d=mm&r=g","contentUrl":"https:\/\/secure.gravatar.com\/avatar\/c75c8818a9ab78c4faa75048dba7844e2587998cda4d93f84e7d86f7e21a9b90?s=96&d=mm&r=g","caption":"Alan Posener"},"url":"https:\/\/starke-meinungen.de\/blog\/author\/posener\/"}]}},"_links":{"self":[{"href":"https:\/\/starke-meinungen.de\/blog\/wp-json\/wp\/v2\/posts\/4195","targetHints":{"allow":["GET"]}}],"collection":[{"href":"https:\/\/starke-meinungen.de\/blog\/wp-json\/wp\/v2\/posts"}],"about":[{"href":"https:\/\/starke-meinungen.de\/blog\/wp-json\/wp\/v2\/types\/post"}],"author":[{"embeddable":true,"href":"https:\/\/starke-meinungen.de\/blog\/wp-json\/wp\/v2\/users\/13"}],"replies":[{"embeddable":true,"href":"https:\/\/starke-meinungen.de\/blog\/wp-json\/wp\/v2\/comments?post=4195"}],"version-history":[{"count":1,"href":"https:\/\/starke-meinungen.de\/blog\/wp-json\/wp\/v2\/posts\/4195\/revisions"}],"predecessor-version":[{"id":4196,"href":"https:\/\/starke-meinungen.de\/blog\/wp-json\/wp\/v2\/posts\/4195\/revisions\/4196"}],"wp:attachment":[{"href":"https:\/\/starke-meinungen.de\/blog\/wp-json\/wp\/v2\/media?parent=4195"}],"wp:term":[{"taxonomy":"category","embeddable":true,"href":"https:\/\/starke-meinungen.de\/blog\/wp-json\/wp\/v2\/categories?post=4195"},{"taxonomy":"post_tag","embeddable":true,"href":"https:\/\/starke-meinungen.de\/blog\/wp-json\/wp\/v2\/tags?post=4195"}],"curies":[{"name":"wp","href":"https:\/\/api.w.org\/{rel}","templated":true}]}}