

{"id":3956,"date":"2013-07-09T00:14:59","date_gmt":"2013-07-08T23:14:59","guid":{"rendered":"https:\/\/starke-meinungen.de\/blog\/?p=3956"},"modified":"2025-01-19T10:04:07","modified_gmt":"2025-01-19T09:04:07","slug":"was-ich-der-kpd-verdanke-schluss","status":"publish","type":"post","link":"https:\/\/starke-meinungen.de\/blog\/2013\/07\/09\/was-ich-der-kpd-verdanke-schluss\/","title":{"rendered":"Was ich der KPD verdanke (Schluss)"},"content":{"rendered":"<div>\u00a0Bevor das hier zu einer Veranstaltung nach dem Motto \u201eDer rote Opa erz\u00e4hlt\u201c ausartet, will ich die fast sieben Jahre, die ich in der KPD arbeitete, zusammenraffen. Was nicht hei\u00dft, dass ich Fragen zu meiner Beteiligung an dieser oder jener Aktion oder meiner Haltung zu dieser oder jener Position ausweichen will.<\/div>\n<div><\/div>\n<div>Aber ein Grund, die Zeit von Mitte 1970 bis Mitte 1977 zusammenzufassen, ist, dass mir eigentlich 1973 oder 74 klar war, dass ich in der Organisation ungl\u00fccklich war.<!--more--><\/div>\n<p>Dass ich mich dann noch drei oder vier Jahre durch Zellensitzungen, Schulungen, Kritik und Selbstkritik,\u00a0 Sympathisantenarbeit, darunter eine \u00fcbrigens ganz spa\u00dfige \u201eMarxistische Arbeiterschulung\u201c, in der ich meine p\u00e4dagogische Sendung entdeckte, Flugblattschreiben und \u2013verteilen, Zeitung verkaufen, Demonstrationen und Aktionen, schlie\u00dflich sogar \u2013 in Erwartung eines Berufsverbots \u2013 Betriebsarbeit bei AEG mitsamt Einsatz in der IG Metall \u2013 dass ich mich durch all das qu\u00e4lte, wobei meine Frau und ich unser gesamtes Einkommen \u2013 sie arbeitete schon als Lehrerin \u2013 bis auf 400 Mark an die Partei ablieferten und ich nebenbei auch noch mein Studium \u201esumma cum laude\u201c abschloss, ohne an einem einzigen Seminar teilgenommen zu haben, es sei denn zum Agitieren: das liegt auch an einer Charaktereigenschaft, die man positiv als Neigung zur Treue und zur Pflichterf\u00fcllung, negativ als Mangel an Mut zur Ver\u00e4nderung auslegen kann.<\/p>\n<p>Hier geht es aber nur um das, was ich aus dieser Zeit au\u00dfer Erinnerungen mitnahm, was ich auch nach der Desillusionierung und dem schlie\u00dflichen Bruch mit der KPD \u2013 und der damit einhergehenden Hasskampagne gegen mich als \u201eb\u00fcrgerliches Element\u201c und \u201eAgent des Klassenfeindes\u201c usw. usf. \u2013 meine, der Partei verdanken zu m\u00fcssen.<\/p>\n<p>Das l\u00e4sst sich einteilen einerseits in eher technisch-charakterliche Dinge, andererseits in ideologische.<\/p>\n<p>Was das Technisch-Charakterliche angeht, so lebten wir als Kader der KPD ein ganz anderes Leben als unsere studentischen Altersgenossen. Die Partei bestand darauf, dass wir tippen und drucken lernten und den F\u00fchrerschein machten; im Falle der Illegalit\u00e4t sollte jeder sozusagen aus dem Kofferraum eines Autos heraus ein Flugblatt herstellen k\u00f6nnen. Ein \u201ekleinb\u00fcrgerlicher Arbeitsstil\u201c wurde nicht geduldet. Man musste p\u00fcnktlich um 5 Uhr fr\u00fch vor der Fabrik stehen, wenn es verlangt war, p\u00fcnktlich zu Verabredungen und Sitzungen kommen, p\u00fcnktlich Artikel und Arbeitspapiere abliefern usw. F\u00fcr lange Kneipenabende war keine Zeit, da wir Zellensitzungen oder Schulungen hatten, und in unserem Habitus sollten wir b\u00fcrgerlich auftreten: kurze Haare, Anzug, wei\u00dfes Hemd. \u201eDas Proletariat h\u00e4lt nichts von Hippies.\u201c Wir lebten, mit einem Wort, ziemlich puritanisch und spartanisch. \u00dcberdies mussten wir lernen, spontan in Versammlungen oder auf der Stra\u00dfe zu allen m\u00f6glichen Themen aus dem Stegreif die Linie der Partei zu referieren oder \u2013 falls wir sie nicht kannten \u2013 abzuleiten.<\/p>\n<p>Als ich dann 1977 als Referendar in die Schule kam, stellte ich fest, dass die relativ strenge Disziplin des Referendariats und der Schule \u00fcberhaupt mir \u2013 im Gegensatz zu den meisten meiner Mitreferendare \u2013 nichts ausmachte. Im Gegenteil. Das Referendariat und die Schule machten mir ausgesprochen Spa\u00df. Nie verschlief ich eine erste Stunde, immer waren meine Unterrichtsentw\u00fcrfe rechtzeitig fertig, nie musste ich wegen fehlender Disziplin in der Klasse ermahnt werden. Denn das kam hinzu: die ganze antiautorit\u00e4re Chose war uns ja in der KPD gr\u00fcndlich ausgetrieben worden.<\/p>\n<p>Bis heute profitiere ich von F\u00e4higkeiten und Fertigkeiten, die ich damals jedenfalls in keinem Uni-Seminar h\u00e4tte lernen k\u00f6nnen.<\/p>\n<p>Wichtiger sind die ideologischen Dinge.<\/p>\n<p>Da ist zum einen die Wendung hin zur Arbeiterklasse. Wie die meisten Leute, die damals, vor der gro\u00dfen SPD-Bildungsreform, Abitur machten, geh\u00f6rte ich einer privilegierten Schicht an. Davon, wie es in anderen Teilen der Gesellschaft zuging, hatte ich als Teenager nur eine sehr rudiment\u00e4re Vorstellung.\u00a0 Die KPD zwang uns, unsere eigene Existenz als \u201ekleinb\u00fcrgerlich\u201c zu relativieren und uns anzuschauen, wie es in den Betrieben, Gruben und Kasernen zuging. Wenn wir in die Kneipe gingen, sollten es Arbeiterkneipen sein. Nat\u00fcrlich war unser Begriff vom Proletariat erstens idealistisch und zweitens beschr\u00e4nkt, denn wir verehrten den Bergarbeiter \u00fcberhaupt den Mann der schwieligen Faust und erkannten nicht den Wandel hin zur Dienstleistungsgesellschaft. Und nat\u00fcrlich hatten wir wenige Arbeiter in unseren Reihen und auch wenige Sympathisanten. Aber immerhin einige. Gen\u00fcgend, zum Beispiel, um eine entscheidende Rolle bei den wilden Streiks in der Autoindustrie 1973 zu spielen; oder um hier und da, zum Beispiel bei AEG in Berlin, mit einer so genannten \u201eAlternativen Liste\u201c zur Betriebsratswahl der IG Metall einige Sitze abzujagen. Der Name wurde sp\u00e4ter geklaut von den Leuten, darunter viele Ex-KPDler, die in Berlin die Organisation gr\u00fcndeten, die zum Landesverband der Gr\u00fcnen wurde.<\/p>\n<p>Bei aller Abwendung von revolution\u00e4rer Klassenkampfromantik \u2013 und obwohl ich z\u00f6gere, einen Massenm\u00f6rder zu zitieren \u2013 habe ich Maos damals auswendig gelernten Spruch nie vergessen: \u201eDie wahren Helden sind die Massen. Wir aber sind oft naiv bis zur L\u00e4cherlichkeit.\u201c Das scheint mir nach wie vor richtig.<\/p>\n<p>Vor allem aber blieb mir als negative Lehre die tiefe Abscheu vor dem Kommunismus und der tiefe Schrecken \u00fcber die eigene Verf\u00fchrbarkeit. Man nennt es das \u201eKonvertitensyndrom\u201c, und ich will nicht leugnen, dass es etwas Problematisches an sich hat. Aber auch wenn es alle Konvertiten sagen: Manchmal glaube ich, dass nur, wer die Abgr\u00fcnde der kommunistischen Theorie und Praxis kennt (und sei es in der Operettenversion einer westdeutschen Politsekte), wirklich vor einer Untersch\u00e4tzung fanatischer Ideologen gefeit \u2013 oder halbwegs gefeit \u2013 ist. Jedenfalls war ich die ganzen 1980er Jahre hindurch erschrocken \u00fcber die Blau\u00e4ugigkeit vieler meiner KollegInnen an der Schule gegen\u00fcber der Sowjetunion. In den ersten zehn Jahren nach meinem Austritt habe ich die so genannte Renegatenliteratur, von Arthur Koestlers \u201eSonnenfinsternis\u201c \u00fcber George Orwells \u201eHommage an Katalonien\u201c bis hin zu Lew Kopelew und den sowjetischen Dissidenten, einschlie\u00dflich der drei B\u00e4nde des grandiosen \u201eArchipel Gulag\u201c von Alexander Solschenizyn, verschlungen.\u00a0 Das war obsessiv und ging wohl auch ein bisschen zu weit; teilweise habe ich dar\u00fcber die Auseinandersetzung mit dem Nationalsozialismus vernachl\u00e4ssigt, von dem ich meinte, bereits genug zu wissen, und musste das sp\u00e4ter, als ich ein Buch \u00fcber den Holocaust \u00fcbersetzte, mit wachsendem Entsetzen nachholen.<\/p>\n<p>Aber ich denke, dass ich der KPD am Ende auch jene Haltung verdanke, an der ich seit 1977 festzuhalten versuche: einem linken Liberalismus. Liberal, weil ich zu wissen meine, wie wichtig die Freiheit ist; links, weil eben die wahren Helden die Leute sind, die es nicht leicht haben. Womit ich da angelangt bin, wo ich vor drei Wochen anfing: Wie viel von mir ist noch durch den Maoismus gepr\u00e4gt? Eine Menge, denke ich. Im Schlechten, gewiss, aber auch im Guten.<\/p>\n<div class=\"shariff shariff-align-left shariff-widget-align-left shariff-buttonstretch\" style=\"display:none\"><ul class=\"shariff-buttons theme-white orientation-horizontal buttonsize-medium\"><li class=\"shariff-button facebook shariff-nocustomcolor\" style=\"background-color:#4273c8\"><a href=\"https:\/\/www.facebook.com\/sharer\/sharer.php?u=https%3A%2F%2Fstarke-meinungen.de%2Fblog%2F2013%2F07%2F09%2Fwas-ich-der-kpd-verdanke-schluss%2F\" title=\"Bei Facebook teilen\" aria-label=\"Bei Facebook teilen\" role=\"button\" rel=\"nofollow\" class=\"shariff-link\" style=\"; background-color:#3b5998; color:#3b5998\" target=\"_blank\"><span class=\"shariff-icon\" style=\"fill:#3b5998\"><svg width=\"32px\" height=\"20px\" xmlns=\"http:\/\/www.w3.org\/2000\/svg\" viewBox=\"0 0 18 32\"><path fill=\"#3b5998\" d=\"M17.1 0.2v4.7h-2.8q-1.5 0-2.1 0.6t-0.5 1.9v3.4h5.2l-0.7 5.3h-4.5v13.6h-5.5v-13.6h-4.5v-5.3h4.5v-3.9q0-3.3 1.9-5.2t5-1.8q2.6 0 4.1 0.2z\"\/><\/svg><\/span><span class=\"shariff-text\" style=\"color:#3b5998\">teilen<\/span>&nbsp;<\/a><\/li><li class=\"shariff-button twitter shariff-nocustomcolor\" style=\"background-color:#595959\"><a href=\"https:\/\/twitter.com\/share?url=https%3A%2F%2Fstarke-meinungen.de%2Fblog%2F2013%2F07%2F09%2Fwas-ich-der-kpd-verdanke-schluss%2F&text=Was%20ich%20der%20KPD%20verdanke%20%28Schluss%29&via=starkemeinungen\" title=\"Bei X teilen\" aria-label=\"Bei X teilen\" role=\"button\" rel=\"noopener nofollow\" class=\"shariff-link\" style=\"; background-color:#000; color:#000\" target=\"_blank\"><span class=\"shariff-icon\" style=\"fill:#000\"><svg width=\"32px\" height=\"20px\" xmlns=\"http:\/\/www.w3.org\/2000\/svg\" viewBox=\"0 0 24 24\"><path fill=\"#000\" d=\"M14.258 10.152L23.176 0h-2.113l-7.747 8.813L7.133 0H0l9.352 13.328L0 23.973h2.113l8.176-9.309 6.531 9.309h7.133zm-2.895 3.293l-.949-1.328L2.875 1.56h3.246l6.086 8.523.945 1.328 7.91 11.078h-3.246zm0 0\"\/><\/svg><\/span><span class=\"shariff-text\" style=\"color:#000\">teilen<\/span>&nbsp;<\/a><\/li><li class=\"shariff-button linkedin shariff-nocustomcolor\" style=\"background-color:#1488bf\"><a href=\"https:\/\/www.linkedin.com\/sharing\/share-offsite\/?url=https%3A%2F%2Fstarke-meinungen.de%2Fblog%2F2013%2F07%2F09%2Fwas-ich-der-kpd-verdanke-schluss%2F\" title=\"Bei LinkedIn teilen\" aria-label=\"Bei LinkedIn teilen\" role=\"button\" rel=\"noopener nofollow\" class=\"shariff-link\" style=\"; background-color:#0077b5; color:#0077b5\" target=\"_blank\"><span class=\"shariff-icon\" style=\"fill:#0077b5\"><svg width=\"32px\" height=\"20px\" xmlns=\"http:\/\/www.w3.org\/2000\/svg\" viewBox=\"0 0 27 32\"><path fill=\"#0077b5\" d=\"M6.2 11.2v17.7h-5.9v-17.7h5.9zM6.6 5.7q0 1.3-0.9 2.2t-2.4 0.9h0q-1.5 0-2.4-0.9t-0.9-2.2 0.9-2.2 2.4-0.9 2.4 0.9 0.9 2.2zM27.4 18.7v10.1h-5.9v-9.5q0-1.9-0.7-2.9t-2.3-1.1q-1.1 0-1.9 0.6t-1.2 1.5q-0.2 0.5-0.2 1.4v9.9h-5.9q0-7.1 0-11.6t0-5.3l0-0.9h5.9v2.6h0q0.4-0.6 0.7-1t1-0.9 1.6-0.8 2-0.3q3 0 4.9 2t1.9 6z\"\/><\/svg><\/span><span class=\"shariff-text\" style=\"color:#0077b5\">teilen<\/span>&nbsp;<\/a><\/li><li class=\"shariff-button xing shariff-nocustomcolor\" style=\"background-color:#29888a\"><a href=\"https:\/\/www.xing.com\/spi\/shares\/new?url=https%3A%2F%2Fstarke-meinungen.de%2Fblog%2F2013%2F07%2F09%2Fwas-ich-der-kpd-verdanke-schluss%2F\" title=\"Bei XING teilen\" aria-label=\"Bei XING teilen\" role=\"button\" rel=\"noopener nofollow\" class=\"shariff-link\" style=\"; background-color:#126567; color:#126567\" target=\"_blank\"><span class=\"shariff-icon\" style=\"fill:#126567\"><svg width=\"32px\" height=\"20px\" xmlns=\"http:\/\/www.w3.org\/2000\/svg\" viewBox=\"0 0 25 32\"><path fill=\"#126567\" d=\"M10.7 11.9q-0.2 0.3-4.6 8.2-0.5 0.8-1.2 0.8h-4.3q-0.4 0-0.5-0.3t0-0.6l4.5-8q0 0 0 0l-2.9-5q-0.2-0.4 0-0.7 0.2-0.3 0.5-0.3h4.3q0.7 0 1.2 0.8zM25.1 0.4q0.2 0.3 0 0.7l-9.4 16.7 6 11q0.2 0.4 0 0.6-0.2 0.3-0.6 0.3h-4.3q-0.7 0-1.2-0.8l-6-11.1q0.3-0.6 9.5-16.8 0.4-0.8 1.2-0.8h4.3q0.4 0 0.5 0.3z\"\/><\/svg><\/span><span class=\"shariff-text\" style=\"color:#126567\">teilen<\/span>&nbsp;<\/a><\/li><li class=\"shariff-button whatsapp shariff-nocustomcolor\" style=\"background-color:#5cbe4a\"><a href=\"https:\/\/api.whatsapp.com\/send?text=https%3A%2F%2Fstarke-meinungen.de%2Fblog%2F2013%2F07%2F09%2Fwas-ich-der-kpd-verdanke-schluss%2F%20Was%20ich%20der%20KPD%20verdanke%20%28Schluss%29\" title=\"Bei Whatsapp teilen\" aria-label=\"Bei Whatsapp teilen\" role=\"button\" rel=\"noopener nofollow\" class=\"shariff-link\" style=\"; background-color:#34af23; color:#34af23\" target=\"_blank\"><span class=\"shariff-icon\" style=\"fill:#34af23\"><svg width=\"32px\" height=\"20px\" xmlns=\"http:\/\/www.w3.org\/2000\/svg\" viewBox=\"0 0 32 32\"><path fill=\"#34af23\" d=\"M17.6 17.4q0.2 0 1.7 0.8t1.6 0.9q0 0.1 0 0.3 0 0.6-0.3 1.4-0.3 0.7-1.3 1.2t-1.8 0.5q-1 0-3.4-1.1-1.7-0.8-3-2.1t-2.6-3.3q-1.3-1.9-1.3-3.5v-0.1q0.1-1.6 1.3-2.8 0.4-0.4 0.9-0.4 0.1 0 0.3 0t0.3 0q0.3 0 0.5 0.1t0.3 0.5q0.1 0.4 0.6 1.6t0.4 1.3q0 0.4-0.6 1t-0.6 0.8q0 0.1 0.1 0.3 0.6 1.3 1.8 2.4 1 0.9 2.7 1.8 0.2 0.1 0.4 0.1 0.3 0 1-0.9t0.9-0.9zM14 26.9q2.3 0 4.3-0.9t3.6-2.4 2.4-3.6 0.9-4.3-0.9-4.3-2.4-3.6-3.6-2.4-4.3-0.9-4.3 0.9-3.6 2.4-2.4 3.6-0.9 4.3q0 3.6 2.1 6.6l-1.4 4.2 4.3-1.4q2.8 1.9 6.2 1.9zM14 2.2q2.7 0 5.2 1.1t4.3 2.9 2.9 4.3 1.1 5.2-1.1 5.2-2.9 4.3-4.3 2.9-5.2 1.1q-3.5 0-6.5-1.7l-7.4 2.4 2.4-7.2q-1.9-3.2-1.9-6.9 0-2.7 1.1-5.2t2.9-4.3 4.3-2.9 5.2-1.1z\"\/><\/svg><\/span><span class=\"shariff-text\" style=\"color:#34af23\">teilen<\/span>&nbsp;<\/a><\/li><li class=\"shariff-button info shariff-nocustomcolor\" style=\"background-color:#a8a8a8\"><a href=\"http:\/\/ct.de\/-2467514\" title=\"Weitere Informationen\" aria-label=\"Weitere Informationen\" role=\"button\" rel=\"noopener \" class=\"shariff-link\" style=\"; background-color:#999; color:#999\" target=\"_blank\"><span class=\"shariff-icon\" style=\"fill:#999\"><svg width=\"32px\" height=\"20px\" xmlns=\"http:\/\/www.w3.org\/2000\/svg\" viewBox=\"0 0 11 32\"><path fill=\"#999\" d=\"M11.4 24v2.3q0 0.5-0.3 0.8t-0.8 0.4h-9.1q-0.5 0-0.8-0.4t-0.4-0.8v-2.3q0-0.5 0.4-0.8t0.8-0.4h1.1v-6.8h-1.1q-0.5 0-0.8-0.4t-0.4-0.8v-2.3q0-0.5 0.4-0.8t0.8-0.4h6.8q0.5 0 0.8 0.4t0.4 0.8v10.3h1.1q0.5 0 0.8 0.4t0.3 0.8zM9.2 3.4v3.4q0 0.5-0.4 0.8t-0.8 0.4h-4.6q-0.4 0-0.8-0.4t-0.4-0.8v-3.4q0-0.4 0.4-0.8t0.8-0.4h4.6q0.5 0 0.8 0.4t0.4 0.8z\"\/><\/svg><\/span><\/a><\/li><\/ul><\/div>","protected":false},"excerpt":{"rendered":"<p>\u00a0Bevor das hier zu einer Veranstaltung nach dem Motto \u201eDer rote Opa erz\u00e4hlt\u201c ausartet, will ich die fast sieben Jahre, die ich in der KPD arbeitete, zusammenraffen. Was nicht hei\u00dft, dass ich Fragen zu meiner Beteiligung an dieser oder jener Aktion oder meiner Haltung zu dieser oder jener Position ausweichen will. Aber ein Grund, die Zeit von Mitte 1970 bis&#8230; <a href=\"https:\/\/starke-meinungen.de\/blog\/2013\/07\/09\/was-ich-der-kpd-verdanke-schluss\/\">Weiterlesen &raquo;<\/a><\/p>\n","protected":false},"author":13,"featured_media":11568,"comment_status":"open","ping_status":"open","sticky":false,"template":"","format":"standard","meta":{"footnotes":""},"categories":[209,1],"tags":[4051,4052,4048,4049,4050,3948,2244],"class_list":["post-3956","post","type-post","status-publish","format-standard","has-post-thumbnail","hentry","category-alan-posener","category-allgemein","tag-aeg","tag-alternative-liste","tag-arbeiterklasse","tag-disziplin","tag-gewerkschaft","tag-ig-metall","tag-kpd"],"yoast_head":"<!-- This site is optimized with the Yoast SEO plugin v27.5 - https:\/\/yoast.com\/product\/yoast-seo-wordpress\/ -->\n<title>Was ich der KPD verdanke (Schluss) - starke-meinungen.de<\/title>\n<meta name=\"robots\" content=\"index, follow, max-snippet:-1, max-image-preview:large, max-video-preview:-1\" \/>\n<link rel=\"canonical\" href=\"https:\/\/starke-meinungen.de\/blog\/2013\/07\/09\/was-ich-der-kpd-verdanke-schluss\/\" \/>\n<meta property=\"og:locale\" content=\"de_DE\" \/>\n<meta property=\"og:type\" content=\"article\" \/>\n<meta property=\"og:title\" content=\"Was ich der KPD verdanke (Schluss) - starke-meinungen.de\" \/>\n<meta property=\"og:description\" content=\"\u00a0Bevor das hier zu einer Veranstaltung nach dem Motto \u201eDer rote Opa erz\u00e4hlt\u201c ausartet, will ich die fast sieben Jahre, die ich in der KPD arbeitete, zusammenraffen. Was nicht hei\u00dft, dass ich Fragen zu meiner Beteiligung an dieser oder jener Aktion oder meiner Haltung zu dieser oder jener Position ausweichen will. Aber ein Grund, die Zeit von Mitte 1970 bis... Weiterlesen &raquo;\" \/>\n<meta property=\"og:url\" content=\"https:\/\/starke-meinungen.de\/blog\/2013\/07\/09\/was-ich-der-kpd-verdanke-schluss\/\" \/>\n<meta property=\"og:site_name\" content=\"starke-meinungen.de\" \/>\n<meta property=\"article:publisher\" content=\"https:\/\/www.facebook.com\/starkemeinungen\/\" \/>\n<meta property=\"article:published_time\" content=\"2013-07-08T23:14:59+00:00\" \/>\n<meta property=\"article:modified_time\" content=\"2025-01-19T09:04:07+00:00\" \/>\n<meta property=\"og:image\" content=\"https:\/\/starke-meinungen.de\/blog\/wp-content\/uploads\/Wilde-Streiks.jpg\" \/>\n\t<meta property=\"og:image:width\" content=\"640\" \/>\n\t<meta property=\"og:image:height\" content=\"411\" \/>\n\t<meta property=\"og:image:type\" content=\"image\/jpeg\" \/>\n<meta name=\"author\" content=\"Alan Posener\" \/>\n<meta name=\"twitter:card\" content=\"summary_large_image\" \/>\n<meta name=\"twitter:creator\" content=\"@starkemeinungen\" \/>\n<meta name=\"twitter:site\" content=\"@starkemeinungen\" \/>\n<meta name=\"twitter:label1\" content=\"Verfasst von\" \/>\n\t<meta name=\"twitter:data1\" content=\"Alan Posener\" \/>\n\t<meta name=\"twitter:label2\" content=\"Gesch\u00e4tzte Lesezeit\" \/>\n\t<meta name=\"twitter:data2\" content=\"6\u00a0Minuten\" \/>\n<script type=\"application\/ld+json\" class=\"yoast-schema-graph\">{\"@context\":\"https:\\\/\\\/schema.org\",\"@graph\":[{\"@type\":\"Article\",\"@id\":\"https:\\\/\\\/starke-meinungen.de\\\/blog\\\/2013\\\/07\\\/09\\\/was-ich-der-kpd-verdanke-schluss\\\/#article\",\"isPartOf\":{\"@id\":\"https:\\\/\\\/starke-meinungen.de\\\/blog\\\/2013\\\/07\\\/09\\\/was-ich-der-kpd-verdanke-schluss\\\/\"},\"author\":{\"name\":\"Alan Posener\",\"@id\":\"https:\\\/\\\/starke-meinungen.de\\\/blog\\\/#\\\/schema\\\/person\\\/32d0faef7c31a37c1c89be993d7a6d28\"},\"headline\":\"Was ich der KPD verdanke (Schluss)\",\"datePublished\":\"2013-07-08T23:14:59+00:00\",\"dateModified\":\"2025-01-19T09:04:07+00:00\",\"mainEntityOfPage\":{\"@id\":\"https:\\\/\\\/starke-meinungen.de\\\/blog\\\/2013\\\/07\\\/09\\\/was-ich-der-kpd-verdanke-schluss\\\/\"},\"wordCount\":1094,\"commentCount\":115,\"publisher\":{\"@id\":\"https:\\\/\\\/starke-meinungen.de\\\/blog\\\/#organization\"},\"image\":{\"@id\":\"https:\\\/\\\/starke-meinungen.de\\\/blog\\\/2013\\\/07\\\/09\\\/was-ich-der-kpd-verdanke-schluss\\\/#primaryimage\"},\"thumbnailUrl\":\"https:\\\/\\\/starke-meinungen.de\\\/blog\\\/wp-content\\\/uploads\\\/Wilde-Streiks.jpg\",\"keywords\":[\"AEG\",\"Alternative Liste\",\"Arbeiterklasse\",\"Disziplin\",\"Gewerkschaft\",\"IG Metall\",\"KPD\"],\"articleSection\":[\"Alan Posener\"],\"inLanguage\":\"de\",\"potentialAction\":[{\"@type\":\"CommentAction\",\"name\":\"Comment\",\"target\":[\"https:\\\/\\\/starke-meinungen.de\\\/blog\\\/2013\\\/07\\\/09\\\/was-ich-der-kpd-verdanke-schluss\\\/#respond\"]}]},{\"@type\":\"WebPage\",\"@id\":\"https:\\\/\\\/starke-meinungen.de\\\/blog\\\/2013\\\/07\\\/09\\\/was-ich-der-kpd-verdanke-schluss\\\/\",\"url\":\"https:\\\/\\\/starke-meinungen.de\\\/blog\\\/2013\\\/07\\\/09\\\/was-ich-der-kpd-verdanke-schluss\\\/\",\"name\":\"Was ich der KPD verdanke (Schluss) - starke-meinungen.de\",\"isPartOf\":{\"@id\":\"https:\\\/\\\/starke-meinungen.de\\\/blog\\\/#website\"},\"primaryImageOfPage\":{\"@id\":\"https:\\\/\\\/starke-meinungen.de\\\/blog\\\/2013\\\/07\\\/09\\\/was-ich-der-kpd-verdanke-schluss\\\/#primaryimage\"},\"image\":{\"@id\":\"https:\\\/\\\/starke-meinungen.de\\\/blog\\\/2013\\\/07\\\/09\\\/was-ich-der-kpd-verdanke-schluss\\\/#primaryimage\"},\"thumbnailUrl\":\"https:\\\/\\\/starke-meinungen.de\\\/blog\\\/wp-content\\\/uploads\\\/Wilde-Streiks.jpg\",\"datePublished\":\"2013-07-08T23:14:59+00:00\",\"dateModified\":\"2025-01-19T09:04:07+00:00\",\"breadcrumb\":{\"@id\":\"https:\\\/\\\/starke-meinungen.de\\\/blog\\\/2013\\\/07\\\/09\\\/was-ich-der-kpd-verdanke-schluss\\\/#breadcrumb\"},\"inLanguage\":\"de\",\"potentialAction\":[{\"@type\":\"ReadAction\",\"target\":[\"https:\\\/\\\/starke-meinungen.de\\\/blog\\\/2013\\\/07\\\/09\\\/was-ich-der-kpd-verdanke-schluss\\\/\"]}]},{\"@type\":\"ImageObject\",\"inLanguage\":\"de\",\"@id\":\"https:\\\/\\\/starke-meinungen.de\\\/blog\\\/2013\\\/07\\\/09\\\/was-ich-der-kpd-verdanke-schluss\\\/#primaryimage\",\"url\":\"https:\\\/\\\/starke-meinungen.de\\\/blog\\\/wp-content\\\/uploads\\\/Wilde-Streiks.jpg\",\"contentUrl\":\"https:\\\/\\\/starke-meinungen.de\\\/blog\\\/wp-content\\\/uploads\\\/Wilde-Streiks.jpg\",\"width\":640,\"height\":411,\"caption\":\"Streik bei den Ford-Werken 1973 DEU, Deutschland, Koeln: Der Streik bei den Ford-Werken , hier am 27.-29.8.1973 in Koeln, war ein Spontanstreik ( Wilder Streik) und Teil einer gleichen Serie, der dominiert wurde durch tuerkische Migranten . Verursacht auch durch starke Inflation . DEU, Germany, Cologne: The strike at Ford-Werke, here on 27-29.8.1973 in Cologne, was a spontaneous strike ( Wilder Strike) and part of a similar series dominated by Turkish migrants. Also caused by high inflation . NRW\"},{\"@type\":\"BreadcrumbList\",\"@id\":\"https:\\\/\\\/starke-meinungen.de\\\/blog\\\/2013\\\/07\\\/09\\\/was-ich-der-kpd-verdanke-schluss\\\/#breadcrumb\",\"itemListElement\":[{\"@type\":\"ListItem\",\"position\":1,\"name\":\"Startseite\",\"item\":\"https:\\\/\\\/starke-meinungen.de\\\/blog\\\/\"},{\"@type\":\"ListItem\",\"position\":2,\"name\":\"Was ich der KPD verdanke (Schluss)\"}]},{\"@type\":\"WebSite\",\"@id\":\"https:\\\/\\\/starke-meinungen.de\\\/blog\\\/#website\",\"url\":\"https:\\\/\\\/starke-meinungen.de\\\/blog\\\/\",\"name\":\"starke-meinungen.de\",\"description\":\"Autoren-Blog\",\"publisher\":{\"@id\":\"https:\\\/\\\/starke-meinungen.de\\\/blog\\\/#organization\"},\"potentialAction\":[{\"@type\":\"SearchAction\",\"target\":{\"@type\":\"EntryPoint\",\"urlTemplate\":\"https:\\\/\\\/starke-meinungen.de\\\/blog\\\/?s={search_term_string}\"},\"query-input\":{\"@type\":\"PropertyValueSpecification\",\"valueRequired\":true,\"valueName\":\"search_term_string\"}}],\"inLanguage\":\"de\"},{\"@type\":\"Organization\",\"@id\":\"https:\\\/\\\/starke-meinungen.de\\\/blog\\\/#organization\",\"name\":\"starke-meinungen.de\",\"url\":\"https:\\\/\\\/starke-meinungen.de\\\/blog\\\/\",\"logo\":{\"@type\":\"ImageObject\",\"inLanguage\":\"de\",\"@id\":\"https:\\\/\\\/starke-meinungen.de\\\/blog\\\/#\\\/schema\\\/logo\\\/image\\\/\",\"url\":\"https:\\\/\\\/starke-meinungen.de\\\/blog\\\/wp-content\\\/uploads\\\/starke-meinungen-fb-header.jpg\",\"contentUrl\":\"https:\\\/\\\/starke-meinungen.de\\\/blog\\\/wp-content\\\/uploads\\\/starke-meinungen-fb-header.jpg\",\"width\":1200,\"height\":630,\"caption\":\"starke-meinungen.de\"},\"image\":{\"@id\":\"https:\\\/\\\/starke-meinungen.de\\\/blog\\\/#\\\/schema\\\/logo\\\/image\\\/\"},\"sameAs\":[\"https:\\\/\\\/www.facebook.com\\\/starkemeinungen\\\/\",\"https:\\\/\\\/x.com\\\/starkemeinungen\"]},{\"@type\":\"Person\",\"@id\":\"https:\\\/\\\/starke-meinungen.de\\\/blog\\\/#\\\/schema\\\/person\\\/32d0faef7c31a37c1c89be993d7a6d28\",\"name\":\"Alan Posener\",\"image\":{\"@type\":\"ImageObject\",\"inLanguage\":\"de\",\"@id\":\"https:\\\/\\\/secure.gravatar.com\\\/avatar\\\/c75c8818a9ab78c4faa75048dba7844e2587998cda4d93f84e7d86f7e21a9b90?s=96&d=mm&r=g\",\"url\":\"https:\\\/\\\/secure.gravatar.com\\\/avatar\\\/c75c8818a9ab78c4faa75048dba7844e2587998cda4d93f84e7d86f7e21a9b90?s=96&d=mm&r=g\",\"contentUrl\":\"https:\\\/\\\/secure.gravatar.com\\\/avatar\\\/c75c8818a9ab78c4faa75048dba7844e2587998cda4d93f84e7d86f7e21a9b90?s=96&d=mm&r=g\",\"caption\":\"Alan Posener\"},\"url\":\"https:\\\/\\\/starke-meinungen.de\\\/blog\\\/author\\\/posener\\\/\"}]}<\/script>\n<!-- \/ Yoast SEO plugin. -->","yoast_head_json":{"title":"Was ich der KPD verdanke (Schluss) - starke-meinungen.de","robots":{"index":"index","follow":"follow","max-snippet":"max-snippet:-1","max-image-preview":"max-image-preview:large","max-video-preview":"max-video-preview:-1"},"canonical":"https:\/\/starke-meinungen.de\/blog\/2013\/07\/09\/was-ich-der-kpd-verdanke-schluss\/","og_locale":"de_DE","og_type":"article","og_title":"Was ich der KPD verdanke (Schluss) - starke-meinungen.de","og_description":"\u00a0Bevor das hier zu einer Veranstaltung nach dem Motto \u201eDer rote Opa erz\u00e4hlt\u201c ausartet, will ich die fast sieben Jahre, die ich in der KPD arbeitete, zusammenraffen. Was nicht hei\u00dft, dass ich Fragen zu meiner Beteiligung an dieser oder jener Aktion oder meiner Haltung zu dieser oder jener Position ausweichen will. Aber ein Grund, die Zeit von Mitte 1970 bis... Weiterlesen &raquo;","og_url":"https:\/\/starke-meinungen.de\/blog\/2013\/07\/09\/was-ich-der-kpd-verdanke-schluss\/","og_site_name":"starke-meinungen.de","article_publisher":"https:\/\/www.facebook.com\/starkemeinungen\/","article_published_time":"2013-07-08T23:14:59+00:00","article_modified_time":"2025-01-19T09:04:07+00:00","og_image":[{"width":640,"height":411,"url":"https:\/\/starke-meinungen.de\/blog\/wp-content\/uploads\/Wilde-Streiks.jpg","type":"image\/jpeg"}],"author":"Alan Posener","twitter_card":"summary_large_image","twitter_creator":"@starkemeinungen","twitter_site":"@starkemeinungen","twitter_misc":{"Verfasst von":"Alan Posener","Gesch\u00e4tzte Lesezeit":"6\u00a0Minuten"},"schema":{"@context":"https:\/\/schema.org","@graph":[{"@type":"Article","@id":"https:\/\/starke-meinungen.de\/blog\/2013\/07\/09\/was-ich-der-kpd-verdanke-schluss\/#article","isPartOf":{"@id":"https:\/\/starke-meinungen.de\/blog\/2013\/07\/09\/was-ich-der-kpd-verdanke-schluss\/"},"author":{"name":"Alan Posener","@id":"https:\/\/starke-meinungen.de\/blog\/#\/schema\/person\/32d0faef7c31a37c1c89be993d7a6d28"},"headline":"Was ich der KPD verdanke (Schluss)","datePublished":"2013-07-08T23:14:59+00:00","dateModified":"2025-01-19T09:04:07+00:00","mainEntityOfPage":{"@id":"https:\/\/starke-meinungen.de\/blog\/2013\/07\/09\/was-ich-der-kpd-verdanke-schluss\/"},"wordCount":1094,"commentCount":115,"publisher":{"@id":"https:\/\/starke-meinungen.de\/blog\/#organization"},"image":{"@id":"https:\/\/starke-meinungen.de\/blog\/2013\/07\/09\/was-ich-der-kpd-verdanke-schluss\/#primaryimage"},"thumbnailUrl":"https:\/\/starke-meinungen.de\/blog\/wp-content\/uploads\/Wilde-Streiks.jpg","keywords":["AEG","Alternative Liste","Arbeiterklasse","Disziplin","Gewerkschaft","IG Metall","KPD"],"articleSection":["Alan Posener"],"inLanguage":"de","potentialAction":[{"@type":"CommentAction","name":"Comment","target":["https:\/\/starke-meinungen.de\/blog\/2013\/07\/09\/was-ich-der-kpd-verdanke-schluss\/#respond"]}]},{"@type":"WebPage","@id":"https:\/\/starke-meinungen.de\/blog\/2013\/07\/09\/was-ich-der-kpd-verdanke-schluss\/","url":"https:\/\/starke-meinungen.de\/blog\/2013\/07\/09\/was-ich-der-kpd-verdanke-schluss\/","name":"Was ich der KPD verdanke (Schluss) - starke-meinungen.de","isPartOf":{"@id":"https:\/\/starke-meinungen.de\/blog\/#website"},"primaryImageOfPage":{"@id":"https:\/\/starke-meinungen.de\/blog\/2013\/07\/09\/was-ich-der-kpd-verdanke-schluss\/#primaryimage"},"image":{"@id":"https:\/\/starke-meinungen.de\/blog\/2013\/07\/09\/was-ich-der-kpd-verdanke-schluss\/#primaryimage"},"thumbnailUrl":"https:\/\/starke-meinungen.de\/blog\/wp-content\/uploads\/Wilde-Streiks.jpg","datePublished":"2013-07-08T23:14:59+00:00","dateModified":"2025-01-19T09:04:07+00:00","breadcrumb":{"@id":"https:\/\/starke-meinungen.de\/blog\/2013\/07\/09\/was-ich-der-kpd-verdanke-schluss\/#breadcrumb"},"inLanguage":"de","potentialAction":[{"@type":"ReadAction","target":["https:\/\/starke-meinungen.de\/blog\/2013\/07\/09\/was-ich-der-kpd-verdanke-schluss\/"]}]},{"@type":"ImageObject","inLanguage":"de","@id":"https:\/\/starke-meinungen.de\/blog\/2013\/07\/09\/was-ich-der-kpd-verdanke-schluss\/#primaryimage","url":"https:\/\/starke-meinungen.de\/blog\/wp-content\/uploads\/Wilde-Streiks.jpg","contentUrl":"https:\/\/starke-meinungen.de\/blog\/wp-content\/uploads\/Wilde-Streiks.jpg","width":640,"height":411,"caption":"Streik bei den Ford-Werken 1973 DEU, Deutschland, Koeln: Der Streik bei den Ford-Werken , hier am 27.-29.8.1973 in Koeln, war ein Spontanstreik ( Wilder Streik) und Teil einer gleichen Serie, der dominiert wurde durch tuerkische Migranten . Verursacht auch durch starke Inflation . DEU, Germany, Cologne: The strike at Ford-Werke, here on 27-29.8.1973 in Cologne, was a spontaneous strike ( Wilder Strike) and part of a similar series dominated by Turkish migrants. Also caused by high inflation . NRW"},{"@type":"BreadcrumbList","@id":"https:\/\/starke-meinungen.de\/blog\/2013\/07\/09\/was-ich-der-kpd-verdanke-schluss\/#breadcrumb","itemListElement":[{"@type":"ListItem","position":1,"name":"Startseite","item":"https:\/\/starke-meinungen.de\/blog\/"},{"@type":"ListItem","position":2,"name":"Was ich der KPD verdanke (Schluss)"}]},{"@type":"WebSite","@id":"https:\/\/starke-meinungen.de\/blog\/#website","url":"https:\/\/starke-meinungen.de\/blog\/","name":"starke-meinungen.de","description":"Autoren-Blog","publisher":{"@id":"https:\/\/starke-meinungen.de\/blog\/#organization"},"potentialAction":[{"@type":"SearchAction","target":{"@type":"EntryPoint","urlTemplate":"https:\/\/starke-meinungen.de\/blog\/?s={search_term_string}"},"query-input":{"@type":"PropertyValueSpecification","valueRequired":true,"valueName":"search_term_string"}}],"inLanguage":"de"},{"@type":"Organization","@id":"https:\/\/starke-meinungen.de\/blog\/#organization","name":"starke-meinungen.de","url":"https:\/\/starke-meinungen.de\/blog\/","logo":{"@type":"ImageObject","inLanguage":"de","@id":"https:\/\/starke-meinungen.de\/blog\/#\/schema\/logo\/image\/","url":"https:\/\/starke-meinungen.de\/blog\/wp-content\/uploads\/starke-meinungen-fb-header.jpg","contentUrl":"https:\/\/starke-meinungen.de\/blog\/wp-content\/uploads\/starke-meinungen-fb-header.jpg","width":1200,"height":630,"caption":"starke-meinungen.de"},"image":{"@id":"https:\/\/starke-meinungen.de\/blog\/#\/schema\/logo\/image\/"},"sameAs":["https:\/\/www.facebook.com\/starkemeinungen\/","https:\/\/x.com\/starkemeinungen"]},{"@type":"Person","@id":"https:\/\/starke-meinungen.de\/blog\/#\/schema\/person\/32d0faef7c31a37c1c89be993d7a6d28","name":"Alan Posener","image":{"@type":"ImageObject","inLanguage":"de","@id":"https:\/\/secure.gravatar.com\/avatar\/c75c8818a9ab78c4faa75048dba7844e2587998cda4d93f84e7d86f7e21a9b90?s=96&d=mm&r=g","url":"https:\/\/secure.gravatar.com\/avatar\/c75c8818a9ab78c4faa75048dba7844e2587998cda4d93f84e7d86f7e21a9b90?s=96&d=mm&r=g","contentUrl":"https:\/\/secure.gravatar.com\/avatar\/c75c8818a9ab78c4faa75048dba7844e2587998cda4d93f84e7d86f7e21a9b90?s=96&d=mm&r=g","caption":"Alan Posener"},"url":"https:\/\/starke-meinungen.de\/blog\/author\/posener\/"}]}},"_links":{"self":[{"href":"https:\/\/starke-meinungen.de\/blog\/wp-json\/wp\/v2\/posts\/3956","targetHints":{"allow":["GET"]}}],"collection":[{"href":"https:\/\/starke-meinungen.de\/blog\/wp-json\/wp\/v2\/posts"}],"about":[{"href":"https:\/\/starke-meinungen.de\/blog\/wp-json\/wp\/v2\/types\/post"}],"author":[{"embeddable":true,"href":"https:\/\/starke-meinungen.de\/blog\/wp-json\/wp\/v2\/users\/13"}],"replies":[{"embeddable":true,"href":"https:\/\/starke-meinungen.de\/blog\/wp-json\/wp\/v2\/comments?post=3956"}],"version-history":[{"count":3,"href":"https:\/\/starke-meinungen.de\/blog\/wp-json\/wp\/v2\/posts\/3956\/revisions"}],"predecessor-version":[{"id":11569,"href":"https:\/\/starke-meinungen.de\/blog\/wp-json\/wp\/v2\/posts\/3956\/revisions\/11569"}],"wp:featuredmedia":[{"embeddable":true,"href":"https:\/\/starke-meinungen.de\/blog\/wp-json\/wp\/v2\/media\/11568"}],"wp:attachment":[{"href":"https:\/\/starke-meinungen.de\/blog\/wp-json\/wp\/v2\/media?parent=3956"}],"wp:term":[{"taxonomy":"category","embeddable":true,"href":"https:\/\/starke-meinungen.de\/blog\/wp-json\/wp\/v2\/categories?post=3956"},{"taxonomy":"post_tag","embeddable":true,"href":"https:\/\/starke-meinungen.de\/blog\/wp-json\/wp\/v2\/tags?post=3956"}],"curies":[{"name":"wp","href":"https:\/\/api.w.org\/{rel}","templated":true}]}}