

{"id":3876,"date":"2013-04-30T00:05:22","date_gmt":"2013-04-29T23:05:22","guid":{"rendered":"https:\/\/starke-meinungen.de\/blog\/?p=3876"},"modified":"2013-04-26T16:06:18","modified_gmt":"2013-04-26T15:06:18","slug":"wer-ist-das-volk-was-ist-ein-volk-und-uberhaupt-palastina","status":"publish","type":"post","link":"https:\/\/starke-meinungen.de\/blog\/2013\/04\/30\/wer-ist-das-volk-was-ist-ein-volk-und-uberhaupt-palastina\/","title":{"rendered":"Wer ist das Volk? Was ist ein Volk? Und \u00fcberhaupt Pal\u00e4stina"},"content":{"rendered":"<p>Zu den r\u00fchrigsten Vertretern der arabischen Sache im Nahen Osten geh\u00f6rt eine Dr. Gabi Weber aus Freiburg, von deren \u201eCaf\u00e9 Palestine\u201c auch ich als Medienvertreter immer wieder Erkl\u00e4rungen und Ank\u00fcndigungen erhalte. So auch am Freitag letzter Woche. <!--more-->Dr. Weber schrieb:<\/p>\n<p>\u201eLiebe Leserinnen und Leser,<\/p>\n<p>die Ausstellung &#8222;Die Nakba &#8211; Flucht und Vertreibung der Pal\u00e4stinenser 1948&#8220;, die Oberb\u00fcrgermeister Dr. Dieter Salomon im Herbst 2010 im Alleingang auch in Freiburg verbieten wollte ( Cafe Palestine gewann damals die Klage auf einstweiligen Rechtsschutz vor dem Verwaltungsgericht Freiburg) soll auf dem evangelischen Kirchentag in Hamburg vom 1. &#8211; 4. Mai 2013 gezeigt werden.<\/p>\n<p>Wie in vielen anderen St\u00e4dten bisher, in denen die Wanderausstellung zu Gast sein sollte oder war, kristallisiert sich ein Haupt-Akteur der Gegner der Ausstellung ganz klar heraus: die Deutsch-Israelische Gesellschaft!<\/p>\n<p>&nbsp;<\/p>\n<p>Neu im Fall des evangelischen Kirchentages ist jedoch, dass die Deutsch Israelische Gesellschaft Stuttgart die Existenz des pal\u00e4stinensischen Volkes leugnet!\u201c<\/p>\n<p>&nbsp;<\/p>\n<p>Zum Beleg dieser angeblichen Leugnung der Existenz des pal\u00e4stinensischen \u201eVolkes\u201c (man beachte das antikisierende \u201ee\u201c)\u00a0 dient Dr. Weber eine Stelle aus einem Brief, den B\u00e4rbel Illi von der DIG Stuttgart \u2013 vermutlich an die Organisatoren des Kirchentags \u2013 geschickt hat. Die Stelle lautet:<\/p>\n<p>&nbsp;<\/p>\n<p>&#8222;Es wird in den Tafeln der Ausstellung\u00a0 wiederholt behauptet, dass es vor der Gr\u00fcndung Israels eine pal\u00e4stinensische Nation gegeben habe, deren Land durch die Balfour-Erkl\u00e4rung von 1917 j\u00fcdischen Einwanderern versprochen worden sei. Eine solche Nation (in jedem Sinne des Wortes &#8218;Nation&#8216;) hat es nie gegeben, es ist auch umstritten, ob es sinnvoll ist, von einem &#8222;pal\u00e4stinensisches Volk&#8220; zu sprechen, wie es in der Ausstellung geschieht.&#8220;<\/p>\n<p>&nbsp;<\/p>\n<p>Dr. Weber kommentiert die Stelle wie folgt:<\/p>\n<p>&nbsp;<\/p>\n<p>\u201eVielleicht wurde Frau Illi ja von Newt Gingrich inspiriert, der die Leugnung der Existenz der indigenen Bev\u00f6lkerung Pal\u00e4stinas zu einem Wahlkampfthema in den USA machte. Er konnte die Wahlen nicht gewinnen, Frau Illi.<\/p>\n<p>(&#8230;)<\/p>\n<p>Den Organisatoren des Kirchentages w\u00fcnsche ich von Herzen, dass Sie ihre Entscheidung, die Nakba-Ausstellung zu zeigen, nicht r\u00fcckg\u00e4ngig machen. Dies w\u00e4re ein weiteres Eingest\u00e4ndnis daf\u00fcr, dass die Kr\u00e4fte in unserer Gesellschaft, die versuchen, f\u00fcr Wahrheit, Toleranz, freie Meinungs\u00e4u\u00dferung, intellektuellen Diskurs und universelle Gerechtigkeit einzustehen, kein Geh\u00f6r mehr haben. Das d\u00fcrfen wir nicht zulassen!\u201c<\/p>\n<p>&nbsp;<\/p>\n<p>\u00dcber die Nakba-Ausstellung habe ich bereits an anderer Stelle geschrieben:<\/p>\n<p>&nbsp;<\/p>\n<p><a href=\"http:\/\/www.welt.de\/print\/die_welt\/kultur\/article110306703\/Propaganda-in-den-Kirchen.html\" target=\"_blank\">http:\/\/www.welt.de\/print\/die_welt\/kultur\/article110306703\/Propaganda-in-den-Kirchen.html<\/a><\/p>\n<p>&nbsp;<\/p>\n<p>Man mag dar\u00fcber anderer Meinung sein, darum geht es mir hier nicht. Worum es mir geht, ist Dr. Webers Versuch, eine kritische Hinterfragung von Begriffen wie \u201eVolk\u201c und \u201eNation\u201c als \u201eSkandal\u201c hinzustellen. Dies, obwohl sie geradezu ekstatisch Shlomo Sands Buch \u201eDie Erfindung des j\u00fcdischen Volkes\u201c empfohlen hat, in dem \u2013 ob zu Recht oder Unrecht, will und kann ich hier nicht er\u00f6rtern \u2013 genau diese Hinterfragung im Hinblick auf die Geschichte des Zionismus geleistet wird. \u00a0Nun, mit zweierlei Ma\u00df zu messen ist nat\u00fcrlich nicht verboten und im Hinblick auf Israel ohnehin eher die Regel als die Ausnahme. Aber auch darum geht es nicht.\u00a0 Worum es mir geht, habe ich Frau Weber geschrieben:<\/p>\n<p>&nbsp;<\/p>\n<p>Sehr geehrte Dr. Weber,<\/p>\n<p>&nbsp;<\/p>\n<p>Als mein Vater mit der britischen Armee 1945 in Deutschland einr\u00fcckte, um der Nazi-Herrschaft ein Ende zu machen, schrieb er der vertriebenen Verwandtschaft nach Jerusalem, er habe &#8222;als erster Pal\u00e4stinenser den Rhein \u00fcberquert&#8220;. Damals \u2013 und bis 1948 \u2013 war es v\u00f6llig klar, dass ein &#8222;Pal\u00e4stinenser&#8220; der \u2013 j\u00fcdische, christliche oder muslimische, arabische oder hebr\u00e4ische \u2013 Bewohner des britischen Mandatsgebiets Pal\u00e4stina war.<\/p>\n<p>Als mir 1978 von einem deutschen Gericht die Anerkennung als deutscher Staatsangeh\u00f6riger verwehrt wurde, geschah das mit dem Hinweis, mein Vater habe &#8222;bereits 1937&#8220; &#8211; also bevor sie ihm als Juden von den Nazis ohnehin aberkannt worden w\u00e4re &#8211; seine deutsche Staatsangeh\u00f6rigkeit verloren, indem er &#8222;die pal\u00e4stinensische Staatsangeh\u00f6rigkeit angenommen&#8220; habe.<\/p>\n<p>Pal\u00e4stina war jedoch keine Nation. Und die Araber in Pal\u00e4stina verstanden sich auch nicht als Teil einer Nation, schon gar nicht eines eigenen, von anderen Arabern getrennten &#8222;Volks&#8220;, was auch immer das Wort bedeuten mag. Damals haben auch die anderen arabischen F\u00fchrer von einem &#8222;arabischen Volk&#8220; gesprochen und zumindest rhetorisch eine panarabische Nation angestrebt.<\/p>\n<p>Dass es vor 1918, als das Land Teil des ottomanischen Reichs war, ohnehin weder ein &#8222;pal\u00e4stinensisches&#8220; noch ein &#8222;jordanisches&#8220; noch ein &#8222;syrisches&#8220; oder &#8222;libanesisches&#8220; &#8222;Volk&#8220; gab, weil es die entsprechenden Staaten nicht gab, ist eine allgemein bekannte Tatsache. Allenfalls \u00c4gypten kann den Anspruch erheben, als Nation schon l\u00e4nger bestanden zu haben.<\/p>\n<p>Darauf m\u00f6chte Frau Illi, wenn ich sie recht verstehe, hinweisen.<\/p>\n<p>Man kann das alles bestreiten, wie jede Interpretation der geschichtlichen Fakten. Insbesondere kann man das, wenn \u00a0man eine blutsm\u00e4\u00dfige Definition des Begriffs &#8222;Volk&#8220; unterschreibt und wenn man wider alle bekannten Tatsachen \u00fcber die arabische Zuwanderung ins Mandatsgebiet nach 1918 und \u00fcber die Zusammensetzung der Bev\u00f6lkerung etwa in Jerusalem und Hebron vor 1918 eine Gruppe \u2013 n\u00e4mlich die Araber \u2013 zur &#8222;indigenen&#8220; Bev\u00f6lkerung des Gebiets erkl\u00e4rt.<\/p>\n<p>Dar\u00fcber kann man gepflegt streiten. Aber von einem SKANDAL (Ihre Versalien) zu reden, ist offenkundiger Unsinn.<\/p>\n<p>Frau Illi leugnet, so weit ich es sehen kann, keineswegs die &#8222;Existenz&#8220; des pal\u00e4stinensischen Volks; sie fragt sich aber, ob die Bezeichnung selbst nicht ein historisches Konstrukt sei, das man nicht ohne Weiteres zur\u00fcck projizieren d\u00fcrfe auf historische Epochen, in denen sich die Gemeinten selbst nicht so nannten.<\/p>\n<p>Mein Vater, nur um ein beliebiges Beispiel aus der Geschichte herauszugreifen, und auf den Ausgangspunkt zur\u00fcckzukommen, empfand sich bis 1933 keineswegs als Angeh\u00f6riger eines &#8222;j\u00fcdischen Volks&#8220; oder gar als &#8222;Pal\u00e4stinenser&#8220;, sondern als Teil des deutschen Volks. Das \u00e4nderte sich aus den bekannten Gr\u00fcnden. Aber nur, weil er 1945 als Pal\u00e4stinenser in seine fr\u00fchere Heimat zur\u00fcckgekehrt ist, w\u00e4re es doch Unsinn, ihm diese Identit\u00e4t \u2013 wie es die Nazis allerdings taten \u2013 1933 schon anzudichten.<\/p>\n<p>&nbsp;<\/p>\n<p>Mit freundlichen Gr\u00fc\u00dfen<\/p>\n<div><span style=\"font-family: Arial\"><br \/>\n<\/span><\/div>\n<div class=\"shariff shariff-align-left shariff-widget-align-left shariff-buttonstretch\" style=\"display:none\"><ul class=\"shariff-buttons theme-white orientation-horizontal buttonsize-medium\"><li class=\"shariff-button facebook shariff-nocustomcolor\" style=\"background-color:#4273c8\"><a href=\"https:\/\/www.facebook.com\/sharer\/sharer.php?u=https%3A%2F%2Fstarke-meinungen.de%2Fblog%2F2013%2F04%2F30%2Fwer-ist-das-volk-was-ist-ein-volk-und-uberhaupt-palastina%2F\" title=\"Bei Facebook teilen\" aria-label=\"Bei Facebook teilen\" role=\"button\" rel=\"nofollow\" class=\"shariff-link\" style=\"; background-color:#3b5998; color:#3b5998\" target=\"_blank\"><span class=\"shariff-icon\" style=\"fill:#3b5998\"><svg width=\"32px\" height=\"20px\" xmlns=\"http:\/\/www.w3.org\/2000\/svg\" viewBox=\"0 0 18 32\"><path fill=\"#3b5998\" d=\"M17.1 0.2v4.7h-2.8q-1.5 0-2.1 0.6t-0.5 1.9v3.4h5.2l-0.7 5.3h-4.5v13.6h-5.5v-13.6h-4.5v-5.3h4.5v-3.9q0-3.3 1.9-5.2t5-1.8q2.6 0 4.1 0.2z\"\/><\/svg><\/span><span class=\"shariff-text\" style=\"color:#3b5998\">teilen<\/span>&nbsp;<\/a><\/li><li class=\"shariff-button twitter shariff-nocustomcolor\" style=\"background-color:#595959\"><a href=\"https:\/\/twitter.com\/share?url=https%3A%2F%2Fstarke-meinungen.de%2Fblog%2F2013%2F04%2F30%2Fwer-ist-das-volk-was-ist-ein-volk-und-uberhaupt-palastina%2F&text=Wer%20ist%20das%20Volk%3F%20Was%20ist%20ein%20Volk%3F%20Und%20%C3%BCberhaupt%20Pal%C3%A4stina&via=starkemeinungen\" title=\"Bei X teilen\" aria-label=\"Bei X teilen\" role=\"button\" rel=\"noopener nofollow\" class=\"shariff-link\" style=\"; background-color:#000; color:#000\" target=\"_blank\"><span class=\"shariff-icon\" style=\"fill:#000\"><svg width=\"32px\" height=\"20px\" xmlns=\"http:\/\/www.w3.org\/2000\/svg\" viewBox=\"0 0 24 24\"><path fill=\"#000\" d=\"M14.258 10.152L23.176 0h-2.113l-7.747 8.813L7.133 0H0l9.352 13.328L0 23.973h2.113l8.176-9.309 6.531 9.309h7.133zm-2.895 3.293l-.949-1.328L2.875 1.56h3.246l6.086 8.523.945 1.328 7.91 11.078h-3.246zm0 0\"\/><\/svg><\/span><span class=\"shariff-text\" style=\"color:#000\">teilen<\/span>&nbsp;<\/a><\/li><li class=\"shariff-button linkedin shariff-nocustomcolor\" style=\"background-color:#1488bf\"><a href=\"https:\/\/www.linkedin.com\/sharing\/share-offsite\/?url=https%3A%2F%2Fstarke-meinungen.de%2Fblog%2F2013%2F04%2F30%2Fwer-ist-das-volk-was-ist-ein-volk-und-uberhaupt-palastina%2F\" title=\"Bei LinkedIn teilen\" aria-label=\"Bei LinkedIn teilen\" role=\"button\" rel=\"noopener nofollow\" class=\"shariff-link\" style=\"; background-color:#0077b5; color:#0077b5\" target=\"_blank\"><span class=\"shariff-icon\" style=\"fill:#0077b5\"><svg width=\"32px\" height=\"20px\" xmlns=\"http:\/\/www.w3.org\/2000\/svg\" viewBox=\"0 0 27 32\"><path fill=\"#0077b5\" d=\"M6.2 11.2v17.7h-5.9v-17.7h5.9zM6.6 5.7q0 1.3-0.9 2.2t-2.4 0.9h0q-1.5 0-2.4-0.9t-0.9-2.2 0.9-2.2 2.4-0.9 2.4 0.9 0.9 2.2zM27.4 18.7v10.1h-5.9v-9.5q0-1.9-0.7-2.9t-2.3-1.1q-1.1 0-1.9 0.6t-1.2 1.5q-0.2 0.5-0.2 1.4v9.9h-5.9q0-7.1 0-11.6t0-5.3l0-0.9h5.9v2.6h0q0.4-0.6 0.7-1t1-0.9 1.6-0.8 2-0.3q3 0 4.9 2t1.9 6z\"\/><\/svg><\/span><span class=\"shariff-text\" style=\"color:#0077b5\">teilen<\/span>&nbsp;<\/a><\/li><li class=\"shariff-button xing shariff-nocustomcolor\" style=\"background-color:#29888a\"><a href=\"https:\/\/www.xing.com\/spi\/shares\/new?url=https%3A%2F%2Fstarke-meinungen.de%2Fblog%2F2013%2F04%2F30%2Fwer-ist-das-volk-was-ist-ein-volk-und-uberhaupt-palastina%2F\" title=\"Bei XING teilen\" aria-label=\"Bei XING teilen\" role=\"button\" rel=\"noopener nofollow\" class=\"shariff-link\" style=\"; background-color:#126567; color:#126567\" target=\"_blank\"><span class=\"shariff-icon\" style=\"fill:#126567\"><svg width=\"32px\" height=\"20px\" xmlns=\"http:\/\/www.w3.org\/2000\/svg\" viewBox=\"0 0 25 32\"><path fill=\"#126567\" d=\"M10.7 11.9q-0.2 0.3-4.6 8.2-0.5 0.8-1.2 0.8h-4.3q-0.4 0-0.5-0.3t0-0.6l4.5-8q0 0 0 0l-2.9-5q-0.2-0.4 0-0.7 0.2-0.3 0.5-0.3h4.3q0.7 0 1.2 0.8zM25.1 0.4q0.2 0.3 0 0.7l-9.4 16.7 6 11q0.2 0.4 0 0.6-0.2 0.3-0.6 0.3h-4.3q-0.7 0-1.2-0.8l-6-11.1q0.3-0.6 9.5-16.8 0.4-0.8 1.2-0.8h4.3q0.4 0 0.5 0.3z\"\/><\/svg><\/span><span class=\"shariff-text\" style=\"color:#126567\">teilen<\/span>&nbsp;<\/a><\/li><li class=\"shariff-button whatsapp shariff-nocustomcolor\" style=\"background-color:#5cbe4a\"><a href=\"https:\/\/api.whatsapp.com\/send?text=https%3A%2F%2Fstarke-meinungen.de%2Fblog%2F2013%2F04%2F30%2Fwer-ist-das-volk-was-ist-ein-volk-und-uberhaupt-palastina%2F%20Wer%20ist%20das%20Volk%3F%20Was%20ist%20ein%20Volk%3F%20Und%20%C3%BCberhaupt%20Pal%C3%A4stina\" title=\"Bei Whatsapp teilen\" aria-label=\"Bei Whatsapp teilen\" role=\"button\" rel=\"noopener nofollow\" class=\"shariff-link\" style=\"; background-color:#34af23; color:#34af23\" target=\"_blank\"><span class=\"shariff-icon\" style=\"fill:#34af23\"><svg width=\"32px\" height=\"20px\" xmlns=\"http:\/\/www.w3.org\/2000\/svg\" viewBox=\"0 0 32 32\"><path fill=\"#34af23\" d=\"M17.6 17.4q0.2 0 1.7 0.8t1.6 0.9q0 0.1 0 0.3 0 0.6-0.3 1.4-0.3 0.7-1.3 1.2t-1.8 0.5q-1 0-3.4-1.1-1.7-0.8-3-2.1t-2.6-3.3q-1.3-1.9-1.3-3.5v-0.1q0.1-1.6 1.3-2.8 0.4-0.4 0.9-0.4 0.1 0 0.3 0t0.3 0q0.3 0 0.5 0.1t0.3 0.5q0.1 0.4 0.6 1.6t0.4 1.3q0 0.4-0.6 1t-0.6 0.8q0 0.1 0.1 0.3 0.6 1.3 1.8 2.4 1 0.9 2.7 1.8 0.2 0.1 0.4 0.1 0.3 0 1-0.9t0.9-0.9zM14 26.9q2.3 0 4.3-0.9t3.6-2.4 2.4-3.6 0.9-4.3-0.9-4.3-2.4-3.6-3.6-2.4-4.3-0.9-4.3 0.9-3.6 2.4-2.4 3.6-0.9 4.3q0 3.6 2.1 6.6l-1.4 4.2 4.3-1.4q2.8 1.9 6.2 1.9zM14 2.2q2.7 0 5.2 1.1t4.3 2.9 2.9 4.3 1.1 5.2-1.1 5.2-2.9 4.3-4.3 2.9-5.2 1.1q-3.5 0-6.5-1.7l-7.4 2.4 2.4-7.2q-1.9-3.2-1.9-6.9 0-2.7 1.1-5.2t2.9-4.3 4.3-2.9 5.2-1.1z\"\/><\/svg><\/span><span class=\"shariff-text\" style=\"color:#34af23\">teilen<\/span>&nbsp;<\/a><\/li><li class=\"shariff-button info shariff-nocustomcolor\" style=\"background-color:#a8a8a8\"><a href=\"http:\/\/ct.de\/-2467514\" title=\"Weitere Informationen\" aria-label=\"Weitere Informationen\" role=\"button\" rel=\"noopener \" class=\"shariff-link\" style=\"; background-color:#999; color:#999\" target=\"_blank\"><span class=\"shariff-icon\" style=\"fill:#999\"><svg width=\"32px\" height=\"20px\" xmlns=\"http:\/\/www.w3.org\/2000\/svg\" viewBox=\"0 0 11 32\"><path fill=\"#999\" d=\"M11.4 24v2.3q0 0.5-0.3 0.8t-0.8 0.4h-9.1q-0.5 0-0.8-0.4t-0.4-0.8v-2.3q0-0.5 0.4-0.8t0.8-0.4h1.1v-6.8h-1.1q-0.5 0-0.8-0.4t-0.4-0.8v-2.3q0-0.5 0.4-0.8t0.8-0.4h6.8q0.5 0 0.8 0.4t0.4 0.8v10.3h1.1q0.5 0 0.8 0.4t0.3 0.8zM9.2 3.4v3.4q0 0.5-0.4 0.8t-0.8 0.4h-4.6q-0.4 0-0.8-0.4t-0.4-0.8v-3.4q0-0.4 0.4-0.8t0.8-0.4h4.6q0.5 0 0.8 0.4t0.4 0.8z\"\/><\/svg><\/span><\/a><\/li><\/ul><\/div>","protected":false},"excerpt":{"rendered":"<p>Zu den r\u00fchrigsten Vertretern der arabischen Sache im Nahen Osten geh\u00f6rt eine Dr. Gabi Weber aus Freiburg, von deren \u201eCaf\u00e9 Palestine\u201c auch ich als Medienvertreter immer wieder Erkl\u00e4rungen und Ank\u00fcndigungen erhalte. So auch am Freitag letzter Woche.<\/p>\n","protected":false},"author":13,"featured_media":0,"comment_status":"open","ping_status":"open","sticky":false,"template":"","format":"standard","meta":{"footnotes":""},"categories":[209,1],"tags":[1389],"class_list":["post-3876","post","type-post","status-publish","format-standard","hentry","category-alan-posener","category-allgemein","tag-palastina"],"yoast_head":"<!-- This site is optimized with the Yoast SEO plugin v27.5 - https:\/\/yoast.com\/product\/yoast-seo-wordpress\/ -->\n<title>Wer ist das Volk? Was ist ein Volk? Und \u00fcberhaupt Pal\u00e4stina - starke-meinungen.de<\/title>\n<meta name=\"robots\" content=\"index, follow, max-snippet:-1, max-image-preview:large, max-video-preview:-1\" \/>\n<link rel=\"canonical\" href=\"https:\/\/starke-meinungen.de\/blog\/2013\/04\/30\/wer-ist-das-volk-was-ist-ein-volk-und-uberhaupt-palastina\/\" \/>\n<meta property=\"og:locale\" content=\"de_DE\" \/>\n<meta property=\"og:type\" content=\"article\" \/>\n<meta property=\"og:title\" content=\"Wer ist das Volk? Was ist ein Volk? Und \u00fcberhaupt Pal\u00e4stina - starke-meinungen.de\" \/>\n<meta property=\"og:description\" content=\"Zu den r\u00fchrigsten Vertretern der arabischen Sache im Nahen Osten geh\u00f6rt eine Dr. Gabi Weber aus Freiburg, von deren \u201eCaf\u00e9 Palestine\u201c auch ich als Medienvertreter immer wieder Erkl\u00e4rungen und Ank\u00fcndigungen erhalte. So auch am Freitag letzter Woche.\" \/>\n<meta property=\"og:url\" content=\"https:\/\/starke-meinungen.de\/blog\/2013\/04\/30\/wer-ist-das-volk-was-ist-ein-volk-und-uberhaupt-palastina\/\" \/>\n<meta property=\"og:site_name\" content=\"starke-meinungen.de\" \/>\n<meta property=\"article:publisher\" content=\"https:\/\/www.facebook.com\/starkemeinungen\/\" \/>\n<meta property=\"article:published_time\" content=\"2013-04-29T23:05:22+00:00\" \/>\n<meta property=\"og:image\" content=\"https:\/\/starke-meinungen.de\/blog\/wp-content\/uploads\/starke-meinungen-fb-header.jpg\" \/>\n\t<meta property=\"og:image:width\" content=\"1200\" \/>\n\t<meta property=\"og:image:height\" content=\"630\" \/>\n\t<meta property=\"og:image:type\" content=\"image\/jpeg\" \/>\n<meta name=\"author\" content=\"Alan Posener\" \/>\n<meta name=\"twitter:card\" content=\"summary_large_image\" \/>\n<meta name=\"twitter:creator\" content=\"@starkemeinungen\" \/>\n<meta name=\"twitter:site\" content=\"@starkemeinungen\" \/>\n<meta name=\"twitter:label1\" content=\"Verfasst von\" \/>\n\t<meta name=\"twitter:data1\" content=\"Alan Posener\" \/>\n\t<meta name=\"twitter:label2\" content=\"Gesch\u00e4tzte Lesezeit\" \/>\n\t<meta name=\"twitter:data2\" content=\"5\u00a0Minuten\" \/>\n<script type=\"application\/ld+json\" class=\"yoast-schema-graph\">{\"@context\":\"https:\\\/\\\/schema.org\",\"@graph\":[{\"@type\":\"Article\",\"@id\":\"https:\\\/\\\/starke-meinungen.de\\\/blog\\\/2013\\\/04\\\/30\\\/wer-ist-das-volk-was-ist-ein-volk-und-uberhaupt-palastina\\\/#article\",\"isPartOf\":{\"@id\":\"https:\\\/\\\/starke-meinungen.de\\\/blog\\\/2013\\\/04\\\/30\\\/wer-ist-das-volk-was-ist-ein-volk-und-uberhaupt-palastina\\\/\"},\"author\":{\"name\":\"Alan Posener\",\"@id\":\"https:\\\/\\\/starke-meinungen.de\\\/blog\\\/#\\\/schema\\\/person\\\/32d0faef7c31a37c1c89be993d7a6d28\"},\"headline\":\"Wer ist das Volk? Was ist ein Volk? Und \u00fcberhaupt Pal\u00e4stina\",\"datePublished\":\"2013-04-29T23:05:22+00:00\",\"mainEntityOfPage\":{\"@id\":\"https:\\\/\\\/starke-meinungen.de\\\/blog\\\/2013\\\/04\\\/30\\\/wer-ist-das-volk-was-ist-ein-volk-und-uberhaupt-palastina\\\/\"},\"wordCount\":985,\"commentCount\":103,\"publisher\":{\"@id\":\"https:\\\/\\\/starke-meinungen.de\\\/blog\\\/#organization\"},\"keywords\":[\"Pal\u00e4stina\"],\"articleSection\":[\"Alan Posener\"],\"inLanguage\":\"de\",\"potentialAction\":[{\"@type\":\"CommentAction\",\"name\":\"Comment\",\"target\":[\"https:\\\/\\\/starke-meinungen.de\\\/blog\\\/2013\\\/04\\\/30\\\/wer-ist-das-volk-was-ist-ein-volk-und-uberhaupt-palastina\\\/#respond\"]}]},{\"@type\":\"WebPage\",\"@id\":\"https:\\\/\\\/starke-meinungen.de\\\/blog\\\/2013\\\/04\\\/30\\\/wer-ist-das-volk-was-ist-ein-volk-und-uberhaupt-palastina\\\/\",\"url\":\"https:\\\/\\\/starke-meinungen.de\\\/blog\\\/2013\\\/04\\\/30\\\/wer-ist-das-volk-was-ist-ein-volk-und-uberhaupt-palastina\\\/\",\"name\":\"Wer ist das Volk? Was ist ein Volk? Und \u00fcberhaupt Pal\u00e4stina - starke-meinungen.de\",\"isPartOf\":{\"@id\":\"https:\\\/\\\/starke-meinungen.de\\\/blog\\\/#website\"},\"datePublished\":\"2013-04-29T23:05:22+00:00\",\"breadcrumb\":{\"@id\":\"https:\\\/\\\/starke-meinungen.de\\\/blog\\\/2013\\\/04\\\/30\\\/wer-ist-das-volk-was-ist-ein-volk-und-uberhaupt-palastina\\\/#breadcrumb\"},\"inLanguage\":\"de\",\"potentialAction\":[{\"@type\":\"ReadAction\",\"target\":[\"https:\\\/\\\/starke-meinungen.de\\\/blog\\\/2013\\\/04\\\/30\\\/wer-ist-das-volk-was-ist-ein-volk-und-uberhaupt-palastina\\\/\"]}]},{\"@type\":\"BreadcrumbList\",\"@id\":\"https:\\\/\\\/starke-meinungen.de\\\/blog\\\/2013\\\/04\\\/30\\\/wer-ist-das-volk-was-ist-ein-volk-und-uberhaupt-palastina\\\/#breadcrumb\",\"itemListElement\":[{\"@type\":\"ListItem\",\"position\":1,\"name\":\"Startseite\",\"item\":\"https:\\\/\\\/starke-meinungen.de\\\/blog\\\/\"},{\"@type\":\"ListItem\",\"position\":2,\"name\":\"Wer ist das Volk? Was ist ein Volk? Und \u00fcberhaupt Pal\u00e4stina\"}]},{\"@type\":\"WebSite\",\"@id\":\"https:\\\/\\\/starke-meinungen.de\\\/blog\\\/#website\",\"url\":\"https:\\\/\\\/starke-meinungen.de\\\/blog\\\/\",\"name\":\"starke-meinungen.de\",\"description\":\"Autoren-Blog\",\"publisher\":{\"@id\":\"https:\\\/\\\/starke-meinungen.de\\\/blog\\\/#organization\"},\"potentialAction\":[{\"@type\":\"SearchAction\",\"target\":{\"@type\":\"EntryPoint\",\"urlTemplate\":\"https:\\\/\\\/starke-meinungen.de\\\/blog\\\/?s={search_term_string}\"},\"query-input\":{\"@type\":\"PropertyValueSpecification\",\"valueRequired\":true,\"valueName\":\"search_term_string\"}}],\"inLanguage\":\"de\"},{\"@type\":\"Organization\",\"@id\":\"https:\\\/\\\/starke-meinungen.de\\\/blog\\\/#organization\",\"name\":\"starke-meinungen.de\",\"url\":\"https:\\\/\\\/starke-meinungen.de\\\/blog\\\/\",\"logo\":{\"@type\":\"ImageObject\",\"inLanguage\":\"de\",\"@id\":\"https:\\\/\\\/starke-meinungen.de\\\/blog\\\/#\\\/schema\\\/logo\\\/image\\\/\",\"url\":\"https:\\\/\\\/starke-meinungen.de\\\/blog\\\/wp-content\\\/uploads\\\/starke-meinungen-fb-header.jpg\",\"contentUrl\":\"https:\\\/\\\/starke-meinungen.de\\\/blog\\\/wp-content\\\/uploads\\\/starke-meinungen-fb-header.jpg\",\"width\":1200,\"height\":630,\"caption\":\"starke-meinungen.de\"},\"image\":{\"@id\":\"https:\\\/\\\/starke-meinungen.de\\\/blog\\\/#\\\/schema\\\/logo\\\/image\\\/\"},\"sameAs\":[\"https:\\\/\\\/www.facebook.com\\\/starkemeinungen\\\/\",\"https:\\\/\\\/x.com\\\/starkemeinungen\"]},{\"@type\":\"Person\",\"@id\":\"https:\\\/\\\/starke-meinungen.de\\\/blog\\\/#\\\/schema\\\/person\\\/32d0faef7c31a37c1c89be993d7a6d28\",\"name\":\"Alan Posener\",\"image\":{\"@type\":\"ImageObject\",\"inLanguage\":\"de\",\"@id\":\"https:\\\/\\\/secure.gravatar.com\\\/avatar\\\/c75c8818a9ab78c4faa75048dba7844e2587998cda4d93f84e7d86f7e21a9b90?s=96&d=mm&r=g\",\"url\":\"https:\\\/\\\/secure.gravatar.com\\\/avatar\\\/c75c8818a9ab78c4faa75048dba7844e2587998cda4d93f84e7d86f7e21a9b90?s=96&d=mm&r=g\",\"contentUrl\":\"https:\\\/\\\/secure.gravatar.com\\\/avatar\\\/c75c8818a9ab78c4faa75048dba7844e2587998cda4d93f84e7d86f7e21a9b90?s=96&d=mm&r=g\",\"caption\":\"Alan Posener\"},\"url\":\"https:\\\/\\\/starke-meinungen.de\\\/blog\\\/author\\\/posener\\\/\"}]}<\/script>\n<!-- \/ Yoast SEO plugin. -->","yoast_head_json":{"title":"Wer ist das Volk? Was ist ein Volk? Und \u00fcberhaupt Pal\u00e4stina - starke-meinungen.de","robots":{"index":"index","follow":"follow","max-snippet":"max-snippet:-1","max-image-preview":"max-image-preview:large","max-video-preview":"max-video-preview:-1"},"canonical":"https:\/\/starke-meinungen.de\/blog\/2013\/04\/30\/wer-ist-das-volk-was-ist-ein-volk-und-uberhaupt-palastina\/","og_locale":"de_DE","og_type":"article","og_title":"Wer ist das Volk? Was ist ein Volk? Und \u00fcberhaupt Pal\u00e4stina - starke-meinungen.de","og_description":"Zu den r\u00fchrigsten Vertretern der arabischen Sache im Nahen Osten geh\u00f6rt eine Dr. Gabi Weber aus Freiburg, von deren \u201eCaf\u00e9 Palestine\u201c auch ich als Medienvertreter immer wieder Erkl\u00e4rungen und Ank\u00fcndigungen erhalte. So auch am Freitag letzter Woche.","og_url":"https:\/\/starke-meinungen.de\/blog\/2013\/04\/30\/wer-ist-das-volk-was-ist-ein-volk-und-uberhaupt-palastina\/","og_site_name":"starke-meinungen.de","article_publisher":"https:\/\/www.facebook.com\/starkemeinungen\/","article_published_time":"2013-04-29T23:05:22+00:00","og_image":[{"width":1200,"height":630,"url":"https:\/\/starke-meinungen.de\/blog\/wp-content\/uploads\/starke-meinungen-fb-header.jpg","type":"image\/jpeg"}],"author":"Alan Posener","twitter_card":"summary_large_image","twitter_creator":"@starkemeinungen","twitter_site":"@starkemeinungen","twitter_misc":{"Verfasst von":"Alan Posener","Gesch\u00e4tzte Lesezeit":"5\u00a0Minuten"},"schema":{"@context":"https:\/\/schema.org","@graph":[{"@type":"Article","@id":"https:\/\/starke-meinungen.de\/blog\/2013\/04\/30\/wer-ist-das-volk-was-ist-ein-volk-und-uberhaupt-palastina\/#article","isPartOf":{"@id":"https:\/\/starke-meinungen.de\/blog\/2013\/04\/30\/wer-ist-das-volk-was-ist-ein-volk-und-uberhaupt-palastina\/"},"author":{"name":"Alan Posener","@id":"https:\/\/starke-meinungen.de\/blog\/#\/schema\/person\/32d0faef7c31a37c1c89be993d7a6d28"},"headline":"Wer ist das Volk? Was ist ein Volk? Und \u00fcberhaupt Pal\u00e4stina","datePublished":"2013-04-29T23:05:22+00:00","mainEntityOfPage":{"@id":"https:\/\/starke-meinungen.de\/blog\/2013\/04\/30\/wer-ist-das-volk-was-ist-ein-volk-und-uberhaupt-palastina\/"},"wordCount":985,"commentCount":103,"publisher":{"@id":"https:\/\/starke-meinungen.de\/blog\/#organization"},"keywords":["Pal\u00e4stina"],"articleSection":["Alan Posener"],"inLanguage":"de","potentialAction":[{"@type":"CommentAction","name":"Comment","target":["https:\/\/starke-meinungen.de\/blog\/2013\/04\/30\/wer-ist-das-volk-was-ist-ein-volk-und-uberhaupt-palastina\/#respond"]}]},{"@type":"WebPage","@id":"https:\/\/starke-meinungen.de\/blog\/2013\/04\/30\/wer-ist-das-volk-was-ist-ein-volk-und-uberhaupt-palastina\/","url":"https:\/\/starke-meinungen.de\/blog\/2013\/04\/30\/wer-ist-das-volk-was-ist-ein-volk-und-uberhaupt-palastina\/","name":"Wer ist das Volk? Was ist ein Volk? Und \u00fcberhaupt Pal\u00e4stina - starke-meinungen.de","isPartOf":{"@id":"https:\/\/starke-meinungen.de\/blog\/#website"},"datePublished":"2013-04-29T23:05:22+00:00","breadcrumb":{"@id":"https:\/\/starke-meinungen.de\/blog\/2013\/04\/30\/wer-ist-das-volk-was-ist-ein-volk-und-uberhaupt-palastina\/#breadcrumb"},"inLanguage":"de","potentialAction":[{"@type":"ReadAction","target":["https:\/\/starke-meinungen.de\/blog\/2013\/04\/30\/wer-ist-das-volk-was-ist-ein-volk-und-uberhaupt-palastina\/"]}]},{"@type":"BreadcrumbList","@id":"https:\/\/starke-meinungen.de\/blog\/2013\/04\/30\/wer-ist-das-volk-was-ist-ein-volk-und-uberhaupt-palastina\/#breadcrumb","itemListElement":[{"@type":"ListItem","position":1,"name":"Startseite","item":"https:\/\/starke-meinungen.de\/blog\/"},{"@type":"ListItem","position":2,"name":"Wer ist das Volk? Was ist ein Volk? Und \u00fcberhaupt Pal\u00e4stina"}]},{"@type":"WebSite","@id":"https:\/\/starke-meinungen.de\/blog\/#website","url":"https:\/\/starke-meinungen.de\/blog\/","name":"starke-meinungen.de","description":"Autoren-Blog","publisher":{"@id":"https:\/\/starke-meinungen.de\/blog\/#organization"},"potentialAction":[{"@type":"SearchAction","target":{"@type":"EntryPoint","urlTemplate":"https:\/\/starke-meinungen.de\/blog\/?s={search_term_string}"},"query-input":{"@type":"PropertyValueSpecification","valueRequired":true,"valueName":"search_term_string"}}],"inLanguage":"de"},{"@type":"Organization","@id":"https:\/\/starke-meinungen.de\/blog\/#organization","name":"starke-meinungen.de","url":"https:\/\/starke-meinungen.de\/blog\/","logo":{"@type":"ImageObject","inLanguage":"de","@id":"https:\/\/starke-meinungen.de\/blog\/#\/schema\/logo\/image\/","url":"https:\/\/starke-meinungen.de\/blog\/wp-content\/uploads\/starke-meinungen-fb-header.jpg","contentUrl":"https:\/\/starke-meinungen.de\/blog\/wp-content\/uploads\/starke-meinungen-fb-header.jpg","width":1200,"height":630,"caption":"starke-meinungen.de"},"image":{"@id":"https:\/\/starke-meinungen.de\/blog\/#\/schema\/logo\/image\/"},"sameAs":["https:\/\/www.facebook.com\/starkemeinungen\/","https:\/\/x.com\/starkemeinungen"]},{"@type":"Person","@id":"https:\/\/starke-meinungen.de\/blog\/#\/schema\/person\/32d0faef7c31a37c1c89be993d7a6d28","name":"Alan Posener","image":{"@type":"ImageObject","inLanguage":"de","@id":"https:\/\/secure.gravatar.com\/avatar\/c75c8818a9ab78c4faa75048dba7844e2587998cda4d93f84e7d86f7e21a9b90?s=96&d=mm&r=g","url":"https:\/\/secure.gravatar.com\/avatar\/c75c8818a9ab78c4faa75048dba7844e2587998cda4d93f84e7d86f7e21a9b90?s=96&d=mm&r=g","contentUrl":"https:\/\/secure.gravatar.com\/avatar\/c75c8818a9ab78c4faa75048dba7844e2587998cda4d93f84e7d86f7e21a9b90?s=96&d=mm&r=g","caption":"Alan Posener"},"url":"https:\/\/starke-meinungen.de\/blog\/author\/posener\/"}]}},"_links":{"self":[{"href":"https:\/\/starke-meinungen.de\/blog\/wp-json\/wp\/v2\/posts\/3876","targetHints":{"allow":["GET"]}}],"collection":[{"href":"https:\/\/starke-meinungen.de\/blog\/wp-json\/wp\/v2\/posts"}],"about":[{"href":"https:\/\/starke-meinungen.de\/blog\/wp-json\/wp\/v2\/types\/post"}],"author":[{"embeddable":true,"href":"https:\/\/starke-meinungen.de\/blog\/wp-json\/wp\/v2\/users\/13"}],"replies":[{"embeddable":true,"href":"https:\/\/starke-meinungen.de\/blog\/wp-json\/wp\/v2\/comments?post=3876"}],"version-history":[{"count":1,"href":"https:\/\/starke-meinungen.de\/blog\/wp-json\/wp\/v2\/posts\/3876\/revisions"}],"predecessor-version":[{"id":3877,"href":"https:\/\/starke-meinungen.de\/blog\/wp-json\/wp\/v2\/posts\/3876\/revisions\/3877"}],"wp:attachment":[{"href":"https:\/\/starke-meinungen.de\/blog\/wp-json\/wp\/v2\/media?parent=3876"}],"wp:term":[{"taxonomy":"category","embeddable":true,"href":"https:\/\/starke-meinungen.de\/blog\/wp-json\/wp\/v2\/categories?post=3876"},{"taxonomy":"post_tag","embeddable":true,"href":"https:\/\/starke-meinungen.de\/blog\/wp-json\/wp\/v2\/tags?post=3876"}],"curies":[{"name":"wp","href":"https:\/\/api.w.org\/{rel}","templated":true}]}}