

{"id":3802,"date":"2013-03-05T00:44:10","date_gmt":"2013-03-04T23:44:10","guid":{"rendered":"https:\/\/starke-meinungen.de\/blog\/?p=3802"},"modified":"2013-03-02T10:46:05","modified_gmt":"2013-03-02T09:46:05","slug":"stell-dir-vor-es-ist-gauck-und-keiner-hort-zu-der-bundesprasident-redet-uber-europa","status":"publish","type":"post","link":"https:\/\/starke-meinungen.de\/blog\/2013\/03\/05\/stell-dir-vor-es-ist-gauck-und-keiner-hort-zu-der-bundesprasident-redet-uber-europa\/","title":{"rendered":"Stell dir vor, es ist Gauck, und keiner h\u00f6rt zu. Der Bundespr\u00e4sident redet \u00fcber Europa"},"content":{"rendered":"<p>Nun war er gefordert. Nun musste er beweisen, dass er mehr kann als Freiheits-Ostalgie und Herumm\u00e4keln an anderen \u2013 am Wort seines Vorg\u00e4ngers etwa, der Islam geh\u00f6re zu Deutschland, oder am Wort der Bundeskanzlerin, die Sicherheit Israels\u00a0 geh\u00f6re zur deutschen Staatsr\u00e4son. An Angela Merkel hatte Bundespr\u00e4sident Joachim Gauck im Sommerinterview des ZDF zudem kritisiert, sie erkl\u00e4re ihre Europapolitik nicht ausreichend. \u201eSie hat nun die Verpflichtung, sehr detailliert zu beschreiben, was das bedeutet.\u201c<\/p>\n<p>Nun, Gauck h\u00e4tte wissen m\u00fcssen, dass solche detaillierten Erkl\u00e4rungen nicht Merkels Sache sind; wie ihrem Mentor Helmut Kohl geht es ihr um \u201edas, was hinten rauskommt\u201c. Ist das postdemokratische Politik? <!--more-->Ja, es ist postdemokratische Politik.<\/p>\n<p>Als der Bundespr\u00e4sident nun selbst eine Rede zu Europa ank\u00fcndigte, waren daher die Erwartungen hoch. \u201eGauck wird Merkels Schweigen brechen\u201c, wusste etwa schon vorher der Unternehmensberater und Initiator der \u201eB\u00fcrger f\u00fcr Gauck\u201c-Initiative Christoph Giesa bei \u201ezeit online\u201c.<\/p>\n<p>Um es vorwegzunehmen: Das hat er nicht getan. Wir wissen nach der Rede, dass Gauck f\u00fcr mehr Europa und gegen einen Austritt Gro\u00dfbritanniens ist. So weit, so \u2013 nun ja, Staatsr\u00e4son. Was Gauck \u00fcber die Eurozone, die W\u00e4hrungspolitik, die Bankenunion, die Austerit\u00e4tspolitik, den Weg zu Wachstum und Wohlstand in Europa usw. denkt, wissen wir aber genauso wenig wie vorher. Und auch \u00fcber m\u00f6gliche Schritte zur politischen Union \u2013 und ob die \u00fcberhaupt w\u00fcnschenswert ist \u2013 hat der Bundespr\u00e4sident ebenso wenig gesagt wie \u00fcber die Erweiterungs- und Nachbarschafts-, die Energie- und Sicherheitspolitik der Europ\u00e4ischen Union.<\/p>\n<p>Nicht einmal zur transatlantischen Freihandelszone fand er ein Wort.<\/p>\n<p>Er ist als Tiger gesprungen und als Bettvorleger gelandet. Dem entsprechend hat seine Rede keinerlei Wirkung gehabt. Stell dir vor, es ist Gauck, und keiner h\u00f6rt hin.<\/p>\n<p>&nbsp;<\/p>\n<p>Hier ist der Wortlaut:<\/p>\n<p>&nbsp;<\/p>\n<p><a href=\"http:\/\/www.bundespraesident.de\/SharedDocs\/Reden\/DE\/Joachim-Gauck\/Reden\/2013\/02\/130222-Europa.html\">http:\/\/www.bundespraesident.de\/SharedDocs\/Reden\/DE\/Joachim-Gauck\/Reden\/2013\/02\/130222-Europa.html<\/a><\/p>\n<p>&nbsp;<\/p>\n<p>Die Rede fing allerdings verhei\u00dfungsvoll an. Gauck stellte fest:<\/p>\n<p>\u201eDie Krise hat mehr als nur eine \u00f6konomische Dimension. Sie ist auch eine Krise des Vertrauens in das politische Projekt Europa.\u201c<\/p>\n<p>Man k\u00f6nnte auch sagen, und Gauck h\u00e4tte sagen m\u00fcssen: eine Krise des politischen Projekts Europa. Denn ein Projekt ohne Vertrauen steckt wohl in der Krise. Gauck f\u00fchrte weiter aus: \u201eF\u00fcr mich ist dieser Tag auch Anlass, neu und kritischer auf meinen euphorischen Satz kurz nach meiner Amtseinf\u00fchrung zur\u00fcckzukommen, als ich sagte: \u201aWir wollen mehr Europa wagen.\u2019 So schnell und gewiss wie damals w\u00fcrde ich es heute wohl nicht mehr formulieren.\u201c<\/p>\n<p>Worin besteht nun diese Krise genauer? Gauck rekapitulierte die Geschichte der europ\u00e4ischen Einigung seit der Montanunion: Die Schaffung immer gr\u00f6\u00dferer Felder der wirtschaftlichen Integration, die ihrerseits dann als scheinbarer Sachzwang eine immer engere politische\u00a0 Integration erforderlich machen \u2013 das, was ich das \u201eSystem Monnet\u201c genannt habe, und als dessen H\u00f6hepunkt die Euro-Einf\u00fchrung und die aus ihr folgende Finanz- und Transferunion gelten muss, an der Merkel und Co. gerade basteln.<\/p>\n<p>Gauck stellte fest: \u201eLange Zeit brachte diese pragmatische Methode das Projekt Europa tats\u00e4chlich voran. Heute sind wir nun allerdings gezwungen, diese Art des Vorgehens grundlegend zu \u00fcberdenken.\u201c<\/p>\n<p>Das ist eine bemerkenswerte Passage. Zumal in Verbindung mit Gaucks Feststellung: \u201eEinst waren ja die europ\u00e4ischen Staaten Gro\u00dfm\u00e4chte und Global Players. In der globalisierten Welt von heute mit den gro\u00dfen neuen Schwellenl\u00e4ndern kann sich im besten Fall ein vereintes Europa als Global Player behaupten&#8230;\u201c<\/p>\n<p>Richtig.<\/p>\n<p>In meinem Buch \u201eImperium der Zukunft\u201c habe ich 2007 ebenfalls den Anspruch Europas, global zu agieren, und die Notwendigkeit, das System Monnet zu \u00fcberwinden, zusammengedacht: \u201eDas geht so lange gut, bis es schlecht geht. (&#8230;) Will die Europ\u00e4ische Union jedoch als \u201astarker Akteur\u2019 auftreten und die internationale Ordnung des 21. Jahrhunderts \u201aentscheidend mitbestimmen\u2019, wie Kanzler Schr\u00f6der es formulierte, d\u00fcrfte die Politik der Unsichtbarkeit, die Politik des leisen Tatsachenschaffens hinter den Kulissen \u2013 also hinter dem R\u00fccken der B\u00fcrger \u2013 schnell an ihre Grenzen sto\u00dfen.\u201c (S.218)<\/p>\n<p>So kam es auch, und zwar mit der Euro-Krise, die genau deshalb eine Krise des europ\u00e4ischen politischen Projekts ist.<\/p>\n<p>An dieser Stelle h\u00e4tte Gauck nun Tacheles\u00a0 &#8211; oder meinetwegen Klartext \u2013 reden m\u00fcssen. Und an dieser Stelle kniff er.<\/p>\n<p>Zun\u00e4chst sprach er \u00fcber die europ\u00e4ische Wertegemeinschaft: \u201eFrieden und Freiheit, Demokratie und Rechtsstaatlichkeit, Gleichheit, Menschenrechte, Solidarit\u00e4t.\u201c<\/p>\n<p>Gewiss doch, das sind sch\u00f6ne Werte. Aber sie sind nicht an die EU gebunden. Norwegen verwirklicht sie, ohne Mitglied der EU zu sein, die Schweiz auch. Diese \u201aWerte verbinden uns auch mit den USA.<\/p>\n<p>Wie aber soll ein Europa, das der Demokratie verpflichtet ist, seine Institutionen weiter entwickeln, die schon jetzt ein demokratisches Defizit aufweisen? Wie l\u00e4sst sich die weitere wirtschaftliche und politische Integration der Eurozone oder gar der ganzen EU mit dem Erhalt und der Erweiterung der Rechte der B\u00fcrger vereinbaren? Das sind ganz praktische Fragen, und auf sie muss es praktische Antworten geben. Hierzu aber schwieg der Pr\u00e4sident.<\/p>\n<p>Diese Fragen k\u00f6nnte man konkret f\u00fcr fast jeden Punkt dieses Wertekanons durchdeklinieren. M\u00fcsste man. Dazu wusste Gauck aber nichts zu sagen.<\/p>\n<p>Interessanterweise meinte Gauck: \u201eDer europ\u00e4ische Wertekanon ist nicht an L\u00e4ndergrenzen gebunden, und er hat \u00fcber alle nationalen, ethnischen, kulturellen und religi\u00f6sen Unterschiede hinweg G\u00fcltigkeit. Am Beispiel der in Europa lebenden Muslime wird dies deutlich. Sie sind ein selbstverst\u00e4ndlicher Teil unseres europ\u00e4ischen Miteinanders geworden.\u201c Nun ja, \u201eselbstverst\u00e4ndlich\u201c ist das nicht, wie man etwa an B\u00fcchern wie dem Bestseller von Thilo Sarrazin feststellen kann; doch wichtiger als die Frage der hier lebenden Muslime ist die Frage der in mehrheitlich muslimischen Staaten wie Albanien, dem Kosovo oder gar der T\u00fcrkei lebenden Menschen: Geh\u00f6ren sie als \u201eselbstverst\u00e4ndlicher Teil unseres Miteinanders\u201c (wer schreibt solche S\u00e4tze eigentlich?) zu einem Europa, das nationale, religi\u00f6se und ethnische Grenzen transzendiert? Dazu schwieg Gauck.<\/p>\n<p>Stattdessen verlegte sich Gauck auf das, was deutsche Redner oft tun, wenn ihnen die Ideen ausgehen: Auf die Alliteration. \u201eSehr geehrte Damen und Herren, mehr Europa fordert: mehr Mut bei allen! Europa braucht jetzt keine Bedenkentr\u00e4ger, sondern Bannertr\u00e4ger, keine Zauderer, sondern Zupacker, keine Getriebenen, sondern Gestalter.\u201c<\/p>\n<p>Das klingt nach FDJ-Fahnenappell.<\/p>\n<p>Und es ist Unsinn. Nat\u00fcrlich braucht Europa nicht nur \u201eBannertr\u00e4ger\u201c, sondern auch \u201eBedenkentr\u00e4ger\u201c.\u00a0 Nat\u00fcrlich braucht Europa Zauderer. Vielleicht h\u00e4tten wir die Eurokrise vermeiden k\u00f6nnen, wenn sich die Bedenkentr\u00e4ger und Zauderer gegen\u00fcber dem Bannertr\u00e4ger und Zupacker Kohl durchgesetzt h\u00e4tten.<\/p>\n<p>Diesem im Geiste des Totalitarismus vorgetragenen Angriff auf Leute, die lieber nachdenken, bevor sie ins Ungl\u00fcck rennen, lie\u00df Gauck ein Zitat folgen, das ebenfalls totalit\u00e4rem Geist entspringt: \u00a0\u201eIch w\u00fcrde nicht in allen Einzelheiten so weit gehen wie die Autoren des \u201aManifests f\u00fcr eine Neugr\u00fcndung Europas\u2019, aber ich hege gro\u00dfe Sympathien f\u00fcr die \u00dcberschrift, die sie \u00fcber ihr Manifest gestellt haben und unter der sich die Unterst\u00fctzer sammeln. Sie lautet: \u201aFrage nicht, was Europa f\u00fcr dich tun kann, frage vielmehr, was du f\u00fcr Europa tun kannst!\u2019 Wir wissen alle, dass das eine Adaption eines noch ber\u00fchmteren Satzes ist, aber diese Einstellung w\u00fcrde uns gewaltig voranbringen.\u201c<\/p>\n<p>Nein, w\u00fcrde sie nicht.<\/p>\n<p>Ja, der Satz stammt urspr\u00fcnglich von John F. Kennedy. Das macht ihn nicht besser. Wie ich in meiner neuen Biographie Kennedys, die in dieser Woche erscheint,\u00a0 erkl\u00e4re, entstammt er einem Denken, das bereits der junge Kennedy in seinem Bestseller \u201eWhy England Slept\u201c (1940) formulierte: In der Auseinandersetzung mit einem totalit\u00e4ren Feind m\u00fcsse auch die Demokratie \u201evor\u00fcbergehend auf ihre demokratischen Privilegien verzichten &#8230; Das hie\u00dfe freiwilliger Totalitarismus.\u201c<\/p>\n<p>Im Kalten Krieg forderte Pr\u00e4sident Kennedy nun mit dem ber\u00fchmten Satz aus seiner Rede zur Amtseinf\u00fchrung eben jenen freiwilligen Totalitarismus ein. Dazu schreibe ich: \u201eIn die Unabh\u00e4ngigkeitserkl\u00e4rung der USA hat Thomas Jefferson den Grundsatz\u00a0 geschrieben, es sei Aufgabe des Staates, seinen B\u00fcrgern \u201aLife, Liberty and the Pursuit of Happiness\u201c zu garantieren. Das gilt 1961 nicht weniger als 1776. Hundert Jahre nach der Sklavenbefreiung warten 22 Millionen B\u00fcrger schwarzer Hautfarbe immer noch darauf, dass ihnen der Staat ihre Rechte als amerikanische Mitb\u00fcrger verschafft.\u00a0 Andere Minderheiten \u2013 wie etwa Schwule \u2013 werden vom Staat aktiv verfolgt. Frauen sind weit davon entfernt, im Arbeitsleben und der Familie als gleichberechtigt anerkannt zu werden. In vielen Teilen der USA herrscht Armut. Alte und Arme haben keine Krankenversicherung. Diesen Menschen muss die Aufforderung Kennedys, nicht zu fragen, was ihr Land f\u00fcr sie tun kann, wie Hohn in den Ohren klingen.\u201c (S.96)<\/p>\n<p>Immerhin befanden sich die USA damals tats\u00e4chlich in der Auseinandersetzung mit einem starken, atomar bewaffneten kommunistischen Gegner.\u00a0 Selbst in der Situation war Kennedys Wort aber falsch. Bezogen auf Europa heute \u2013 etwa im Angesicht einer Jugendarbeitslosigkeit von 40 Prozent und mehr in einigen s\u00fcdlichen L\u00e4ndern der Union \u2013 ist es v\u00f6llig indiskutabel. Besonders aus dem Mund eines Mannes, der es benutzt, um die Verantwortung f\u00fcr eine wegweisende Vision von sich zu weisen, nachdem er andere wegen des Fehlens dieser Vision kritisiert hat.<\/p>\n<p>Zum Gl\u00fcck meint es Gauck nicht so.\u00a0 Er fand vermutlich nur, es klinge gut. Am Ende lief seine Rede auf zwei Mini-Vorschl\u00e4ge hinaus: Alle B\u00fcrger Europas sollten eine gemeinsame Sprache sprechen, was die meisten jungen Europ\u00e4er ohnehin tun, und was l\u00e4ngst Beschlusslage ist. Und: \u201eVielleicht k\u00f6nnten ja unsere Medienmenschen, k\u00f6nnte unsere Medienlandschaft so eine Art europaf\u00f6rdernde Innovation hervorbringen, vielleicht so etwas wie Arte f\u00fcr alle &#8230;\u201c<\/p>\n<p>\u201eUnsere Medienmenschen\u201c! Man sieht, die DDR lebt, jedenfalls in der Sprache ihrer fr\u00fcheren B\u00fcrger. Arte f\u00fcr alle? Bitte nicht. Das jetzige Programm ist schlecht genug. Und der Kontinent hat schon gemeinsame Sender: BBC etwa, und CNN.<\/p>\n<p>Das war\u2019s aber schon an konkreten Vorschl\u00e4gen aus dem Schloss Bellevue.<\/p>\n<p>Angela Merkel wird\u2019s zufrieden gewesen sein. DER wird sich so schnell nicht wieder zu Europa melden, wird sie sich denken.\u00a0 Was, wie wir gesehen haben, wiederum auch nicht so schade ist.<\/p>\n<div class=\"shariff shariff-align-left shariff-widget-align-left shariff-buttonstretch\" style=\"display:none\"><ul class=\"shariff-buttons theme-white orientation-horizontal buttonsize-medium\"><li class=\"shariff-button facebook shariff-nocustomcolor\" style=\"background-color:#4273c8\"><a href=\"https:\/\/www.facebook.com\/sharer\/sharer.php?u=https%3A%2F%2Fstarke-meinungen.de%2Fblog%2F2013%2F03%2F05%2Fstell-dir-vor-es-ist-gauck-und-keiner-hort-zu-der-bundesprasident-redet-uber-europa%2F\" title=\"Bei Facebook teilen\" aria-label=\"Bei Facebook teilen\" role=\"button\" rel=\"nofollow\" class=\"shariff-link\" style=\"; background-color:#3b5998; color:#3b5998\" target=\"_blank\"><span class=\"shariff-icon\" style=\"fill:#3b5998\"><svg width=\"32px\" height=\"20px\" xmlns=\"http:\/\/www.w3.org\/2000\/svg\" viewBox=\"0 0 18 32\"><path fill=\"#3b5998\" d=\"M17.1 0.2v4.7h-2.8q-1.5 0-2.1 0.6t-0.5 1.9v3.4h5.2l-0.7 5.3h-4.5v13.6h-5.5v-13.6h-4.5v-5.3h4.5v-3.9q0-3.3 1.9-5.2t5-1.8q2.6 0 4.1 0.2z\"\/><\/svg><\/span><span class=\"shariff-text\" style=\"color:#3b5998\">teilen<\/span>&nbsp;<\/a><\/li><li class=\"shariff-button twitter shariff-nocustomcolor\" style=\"background-color:#595959\"><a href=\"https:\/\/twitter.com\/share?url=https%3A%2F%2Fstarke-meinungen.de%2Fblog%2F2013%2F03%2F05%2Fstell-dir-vor-es-ist-gauck-und-keiner-hort-zu-der-bundesprasident-redet-uber-europa%2F&text=Stell%20dir%20vor%2C%20es%20ist%20Gauck%2C%20und%20keiner%20h%C3%B6rt%20zu.%20Der%20Bundespr%C3%A4sident%20redet%20%C3%BCber%20Europa&via=starkemeinungen\" title=\"Bei X teilen\" aria-label=\"Bei X teilen\" role=\"button\" rel=\"noopener nofollow\" class=\"shariff-link\" style=\"; background-color:#000; color:#000\" target=\"_blank\"><span class=\"shariff-icon\" style=\"fill:#000\"><svg width=\"32px\" height=\"20px\" xmlns=\"http:\/\/www.w3.org\/2000\/svg\" viewBox=\"0 0 24 24\"><path fill=\"#000\" d=\"M14.258 10.152L23.176 0h-2.113l-7.747 8.813L7.133 0H0l9.352 13.328L0 23.973h2.113l8.176-9.309 6.531 9.309h7.133zm-2.895 3.293l-.949-1.328L2.875 1.56h3.246l6.086 8.523.945 1.328 7.91 11.078h-3.246zm0 0\"\/><\/svg><\/span><span class=\"shariff-text\" style=\"color:#000\">teilen<\/span>&nbsp;<\/a><\/li><li class=\"shariff-button linkedin shariff-nocustomcolor\" style=\"background-color:#1488bf\"><a href=\"https:\/\/www.linkedin.com\/sharing\/share-offsite\/?url=https%3A%2F%2Fstarke-meinungen.de%2Fblog%2F2013%2F03%2F05%2Fstell-dir-vor-es-ist-gauck-und-keiner-hort-zu-der-bundesprasident-redet-uber-europa%2F\" title=\"Bei LinkedIn teilen\" aria-label=\"Bei LinkedIn teilen\" role=\"button\" rel=\"noopener nofollow\" class=\"shariff-link\" style=\"; background-color:#0077b5; color:#0077b5\" target=\"_blank\"><span class=\"shariff-icon\" style=\"fill:#0077b5\"><svg width=\"32px\" height=\"20px\" xmlns=\"http:\/\/www.w3.org\/2000\/svg\" viewBox=\"0 0 27 32\"><path fill=\"#0077b5\" d=\"M6.2 11.2v17.7h-5.9v-17.7h5.9zM6.6 5.7q0 1.3-0.9 2.2t-2.4 0.9h0q-1.5 0-2.4-0.9t-0.9-2.2 0.9-2.2 2.4-0.9 2.4 0.9 0.9 2.2zM27.4 18.7v10.1h-5.9v-9.5q0-1.9-0.7-2.9t-2.3-1.1q-1.1 0-1.9 0.6t-1.2 1.5q-0.2 0.5-0.2 1.4v9.9h-5.9q0-7.1 0-11.6t0-5.3l0-0.9h5.9v2.6h0q0.4-0.6 0.7-1t1-0.9 1.6-0.8 2-0.3q3 0 4.9 2t1.9 6z\"\/><\/svg><\/span><span class=\"shariff-text\" style=\"color:#0077b5\">teilen<\/span>&nbsp;<\/a><\/li><li class=\"shariff-button xing shariff-nocustomcolor\" style=\"background-color:#29888a\"><a href=\"https:\/\/www.xing.com\/spi\/shares\/new?url=https%3A%2F%2Fstarke-meinungen.de%2Fblog%2F2013%2F03%2F05%2Fstell-dir-vor-es-ist-gauck-und-keiner-hort-zu-der-bundesprasident-redet-uber-europa%2F\" title=\"Bei XING teilen\" aria-label=\"Bei XING teilen\" role=\"button\" rel=\"noopener nofollow\" class=\"shariff-link\" style=\"; background-color:#126567; color:#126567\" target=\"_blank\"><span class=\"shariff-icon\" style=\"fill:#126567\"><svg width=\"32px\" height=\"20px\" xmlns=\"http:\/\/www.w3.org\/2000\/svg\" viewBox=\"0 0 25 32\"><path fill=\"#126567\" d=\"M10.7 11.9q-0.2 0.3-4.6 8.2-0.5 0.8-1.2 0.8h-4.3q-0.4 0-0.5-0.3t0-0.6l4.5-8q0 0 0 0l-2.9-5q-0.2-0.4 0-0.7 0.2-0.3 0.5-0.3h4.3q0.7 0 1.2 0.8zM25.1 0.4q0.2 0.3 0 0.7l-9.4 16.7 6 11q0.2 0.4 0 0.6-0.2 0.3-0.6 0.3h-4.3q-0.7 0-1.2-0.8l-6-11.1q0.3-0.6 9.5-16.8 0.4-0.8 1.2-0.8h4.3q0.4 0 0.5 0.3z\"\/><\/svg><\/span><span class=\"shariff-text\" style=\"color:#126567\">teilen<\/span>&nbsp;<\/a><\/li><li class=\"shariff-button whatsapp shariff-nocustomcolor\" style=\"background-color:#5cbe4a\"><a href=\"https:\/\/api.whatsapp.com\/send?text=https%3A%2F%2Fstarke-meinungen.de%2Fblog%2F2013%2F03%2F05%2Fstell-dir-vor-es-ist-gauck-und-keiner-hort-zu-der-bundesprasident-redet-uber-europa%2F%20Stell%20dir%20vor%2C%20es%20ist%20Gauck%2C%20und%20keiner%20h%C3%B6rt%20zu.%20Der%20Bundespr%C3%A4sident%20redet%20%C3%BCber%20Europa\" title=\"Bei Whatsapp teilen\" aria-label=\"Bei Whatsapp teilen\" role=\"button\" rel=\"noopener nofollow\" class=\"shariff-link\" style=\"; background-color:#34af23; color:#34af23\" target=\"_blank\"><span class=\"shariff-icon\" style=\"fill:#34af23\"><svg width=\"32px\" height=\"20px\" xmlns=\"http:\/\/www.w3.org\/2000\/svg\" viewBox=\"0 0 32 32\"><path fill=\"#34af23\" d=\"M17.6 17.4q0.2 0 1.7 0.8t1.6 0.9q0 0.1 0 0.3 0 0.6-0.3 1.4-0.3 0.7-1.3 1.2t-1.8 0.5q-1 0-3.4-1.1-1.7-0.8-3-2.1t-2.6-3.3q-1.3-1.9-1.3-3.5v-0.1q0.1-1.6 1.3-2.8 0.4-0.4 0.9-0.4 0.1 0 0.3 0t0.3 0q0.3 0 0.5 0.1t0.3 0.5q0.1 0.4 0.6 1.6t0.4 1.3q0 0.4-0.6 1t-0.6 0.8q0 0.1 0.1 0.3 0.6 1.3 1.8 2.4 1 0.9 2.7 1.8 0.2 0.1 0.4 0.1 0.3 0 1-0.9t0.9-0.9zM14 26.9q2.3 0 4.3-0.9t3.6-2.4 2.4-3.6 0.9-4.3-0.9-4.3-2.4-3.6-3.6-2.4-4.3-0.9-4.3 0.9-3.6 2.4-2.4 3.6-0.9 4.3q0 3.6 2.1 6.6l-1.4 4.2 4.3-1.4q2.8 1.9 6.2 1.9zM14 2.2q2.7 0 5.2 1.1t4.3 2.9 2.9 4.3 1.1 5.2-1.1 5.2-2.9 4.3-4.3 2.9-5.2 1.1q-3.5 0-6.5-1.7l-7.4 2.4 2.4-7.2q-1.9-3.2-1.9-6.9 0-2.7 1.1-5.2t2.9-4.3 4.3-2.9 5.2-1.1z\"\/><\/svg><\/span><span class=\"shariff-text\" style=\"color:#34af23\">teilen<\/span>&nbsp;<\/a><\/li><li class=\"shariff-button info shariff-nocustomcolor\" style=\"background-color:#a8a8a8\"><a href=\"http:\/\/ct.de\/-2467514\" title=\"Weitere Informationen\" aria-label=\"Weitere Informationen\" role=\"button\" rel=\"noopener \" class=\"shariff-link\" style=\"; background-color:#999; color:#999\" target=\"_blank\"><span class=\"shariff-icon\" style=\"fill:#999\"><svg width=\"32px\" height=\"20px\" xmlns=\"http:\/\/www.w3.org\/2000\/svg\" viewBox=\"0 0 11 32\"><path fill=\"#999\" d=\"M11.4 24v2.3q0 0.5-0.3 0.8t-0.8 0.4h-9.1q-0.5 0-0.8-0.4t-0.4-0.8v-2.3q0-0.5 0.4-0.8t0.8-0.4h1.1v-6.8h-1.1q-0.5 0-0.8-0.4t-0.4-0.8v-2.3q0-0.5 0.4-0.8t0.8-0.4h6.8q0.5 0 0.8 0.4t0.4 0.8v10.3h1.1q0.5 0 0.8 0.4t0.3 0.8zM9.2 3.4v3.4q0 0.5-0.4 0.8t-0.8 0.4h-4.6q-0.4 0-0.8-0.4t-0.4-0.8v-3.4q0-0.4 0.4-0.8t0.8-0.4h4.6q0.5 0 0.8 0.4t0.4 0.8z\"\/><\/svg><\/span><\/a><\/li><\/ul><\/div>","protected":false},"excerpt":{"rendered":"<p>Nun war er gefordert. Nun musste er beweisen, dass er mehr kann als Freiheits-Ostalgie und Herumm\u00e4keln an anderen \u2013 am Wort seines Vorg\u00e4ngers etwa, der Islam geh\u00f6re zu Deutschland, oder am Wort der Bundeskanzlerin, die Sicherheit Israels\u00a0 geh\u00f6re zur deutschen Staatsr\u00e4son. An Angela Merkel hatte Bundespr\u00e4sident Joachim Gauck im Sommerinterview des ZDF zudem kritisiert, sie erkl\u00e4re ihre Europapolitik nicht ausreichend&#8230;. <a href=\"https:\/\/starke-meinungen.de\/blog\/2013\/03\/05\/stell-dir-vor-es-ist-gauck-und-keiner-hort-zu-der-bundesprasident-redet-uber-europa\/\">Weiterlesen &raquo;<\/a><\/p>\n","protected":false},"author":13,"featured_media":0,"comment_status":"open","ping_status":"open","sticky":false,"template":"","format":"standard","meta":{"footnotes":""},"categories":[209,1],"tags":[1094,332,1122],"class_list":["post-3802","post","type-post","status-publish","format-standard","hentry","category-alan-posener","category-allgemein","tag-bundesprasident","tag-europa","tag-gauck"],"yoast_head":"<!-- This site is optimized with the Yoast SEO plugin v27.5 - https:\/\/yoast.com\/product\/yoast-seo-wordpress\/ -->\n<title>Stell dir vor, es ist Gauck, und keiner h\u00f6rt zu. Der Bundespr\u00e4sident redet \u00fcber Europa - starke-meinungen.de<\/title>\n<meta name=\"robots\" content=\"index, follow, max-snippet:-1, max-image-preview:large, max-video-preview:-1\" \/>\n<link rel=\"canonical\" href=\"https:\/\/starke-meinungen.de\/blog\/2013\/03\/05\/stell-dir-vor-es-ist-gauck-und-keiner-hort-zu-der-bundesprasident-redet-uber-europa\/\" \/>\n<meta property=\"og:locale\" content=\"de_DE\" \/>\n<meta property=\"og:type\" content=\"article\" \/>\n<meta property=\"og:title\" content=\"Stell dir vor, es ist Gauck, und keiner h\u00f6rt zu. Der Bundespr\u00e4sident redet \u00fcber Europa - starke-meinungen.de\" \/>\n<meta property=\"og:description\" content=\"Nun war er gefordert. Nun musste er beweisen, dass er mehr kann als Freiheits-Ostalgie und Herumm\u00e4keln an anderen \u2013 am Wort seines Vorg\u00e4ngers etwa, der Islam geh\u00f6re zu Deutschland, oder am Wort der Bundeskanzlerin, die Sicherheit Israels\u00a0 geh\u00f6re zur deutschen Staatsr\u00e4son. An Angela Merkel hatte Bundespr\u00e4sident Joachim Gauck im Sommerinterview des ZDF zudem kritisiert, sie erkl\u00e4re ihre Europapolitik nicht ausreichend.... Weiterlesen &raquo;\" \/>\n<meta property=\"og:url\" content=\"https:\/\/starke-meinungen.de\/blog\/2013\/03\/05\/stell-dir-vor-es-ist-gauck-und-keiner-hort-zu-der-bundesprasident-redet-uber-europa\/\" \/>\n<meta property=\"og:site_name\" content=\"starke-meinungen.de\" \/>\n<meta property=\"article:publisher\" content=\"https:\/\/www.facebook.com\/starkemeinungen\/\" \/>\n<meta property=\"article:published_time\" content=\"2013-03-04T23:44:10+00:00\" \/>\n<meta property=\"og:image\" content=\"https:\/\/starke-meinungen.de\/blog\/wp-content\/uploads\/starke-meinungen-fb-header.jpg\" \/>\n\t<meta property=\"og:image:width\" content=\"1200\" \/>\n\t<meta property=\"og:image:height\" content=\"630\" \/>\n\t<meta property=\"og:image:type\" content=\"image\/jpeg\" \/>\n<meta name=\"author\" content=\"Alan Posener\" \/>\n<meta name=\"twitter:card\" content=\"summary_large_image\" \/>\n<meta name=\"twitter:creator\" content=\"@starkemeinungen\" \/>\n<meta name=\"twitter:site\" content=\"@starkemeinungen\" \/>\n<meta name=\"twitter:label1\" content=\"Verfasst von\" \/>\n\t<meta name=\"twitter:data1\" content=\"Alan Posener\" \/>\n\t<meta name=\"twitter:label2\" content=\"Gesch\u00e4tzte Lesezeit\" \/>\n\t<meta name=\"twitter:data2\" content=\"8\u00a0Minuten\" \/>\n<script type=\"application\/ld+json\" class=\"yoast-schema-graph\">{\"@context\":\"https:\\\/\\\/schema.org\",\"@graph\":[{\"@type\":\"Article\",\"@id\":\"https:\\\/\\\/starke-meinungen.de\\\/blog\\\/2013\\\/03\\\/05\\\/stell-dir-vor-es-ist-gauck-und-keiner-hort-zu-der-bundesprasident-redet-uber-europa\\\/#article\",\"isPartOf\":{\"@id\":\"https:\\\/\\\/starke-meinungen.de\\\/blog\\\/2013\\\/03\\\/05\\\/stell-dir-vor-es-ist-gauck-und-keiner-hort-zu-der-bundesprasident-redet-uber-europa\\\/\"},\"author\":{\"name\":\"Alan Posener\",\"@id\":\"https:\\\/\\\/starke-meinungen.de\\\/blog\\\/#\\\/schema\\\/person\\\/32d0faef7c31a37c1c89be993d7a6d28\"},\"headline\":\"Stell dir vor, es ist Gauck, und keiner h\u00f6rt zu. Der Bundespr\u00e4sident redet \u00fcber Europa\",\"datePublished\":\"2013-03-04T23:44:10+00:00\",\"mainEntityOfPage\":{\"@id\":\"https:\\\/\\\/starke-meinungen.de\\\/blog\\\/2013\\\/03\\\/05\\\/stell-dir-vor-es-ist-gauck-und-keiner-hort-zu-der-bundesprasident-redet-uber-europa\\\/\"},\"wordCount\":1672,\"commentCount\":72,\"publisher\":{\"@id\":\"https:\\\/\\\/starke-meinungen.de\\\/blog\\\/#organization\"},\"keywords\":[\"Bundespr\u00e4sident\",\"Europa\",\"Gauck\"],\"articleSection\":[\"Alan Posener\"],\"inLanguage\":\"de\",\"potentialAction\":[{\"@type\":\"CommentAction\",\"name\":\"Comment\",\"target\":[\"https:\\\/\\\/starke-meinungen.de\\\/blog\\\/2013\\\/03\\\/05\\\/stell-dir-vor-es-ist-gauck-und-keiner-hort-zu-der-bundesprasident-redet-uber-europa\\\/#respond\"]}]},{\"@type\":\"WebPage\",\"@id\":\"https:\\\/\\\/starke-meinungen.de\\\/blog\\\/2013\\\/03\\\/05\\\/stell-dir-vor-es-ist-gauck-und-keiner-hort-zu-der-bundesprasident-redet-uber-europa\\\/\",\"url\":\"https:\\\/\\\/starke-meinungen.de\\\/blog\\\/2013\\\/03\\\/05\\\/stell-dir-vor-es-ist-gauck-und-keiner-hort-zu-der-bundesprasident-redet-uber-europa\\\/\",\"name\":\"Stell dir vor, es ist Gauck, und keiner h\u00f6rt zu. Der Bundespr\u00e4sident redet \u00fcber Europa - starke-meinungen.de\",\"isPartOf\":{\"@id\":\"https:\\\/\\\/starke-meinungen.de\\\/blog\\\/#website\"},\"datePublished\":\"2013-03-04T23:44:10+00:00\",\"breadcrumb\":{\"@id\":\"https:\\\/\\\/starke-meinungen.de\\\/blog\\\/2013\\\/03\\\/05\\\/stell-dir-vor-es-ist-gauck-und-keiner-hort-zu-der-bundesprasident-redet-uber-europa\\\/#breadcrumb\"},\"inLanguage\":\"de\",\"potentialAction\":[{\"@type\":\"ReadAction\",\"target\":[\"https:\\\/\\\/starke-meinungen.de\\\/blog\\\/2013\\\/03\\\/05\\\/stell-dir-vor-es-ist-gauck-und-keiner-hort-zu-der-bundesprasident-redet-uber-europa\\\/\"]}]},{\"@type\":\"BreadcrumbList\",\"@id\":\"https:\\\/\\\/starke-meinungen.de\\\/blog\\\/2013\\\/03\\\/05\\\/stell-dir-vor-es-ist-gauck-und-keiner-hort-zu-der-bundesprasident-redet-uber-europa\\\/#breadcrumb\",\"itemListElement\":[{\"@type\":\"ListItem\",\"position\":1,\"name\":\"Startseite\",\"item\":\"https:\\\/\\\/starke-meinungen.de\\\/blog\\\/\"},{\"@type\":\"ListItem\",\"position\":2,\"name\":\"Stell dir vor, es ist Gauck, und keiner h\u00f6rt zu. Der Bundespr\u00e4sident redet \u00fcber Europa\"}]},{\"@type\":\"WebSite\",\"@id\":\"https:\\\/\\\/starke-meinungen.de\\\/blog\\\/#website\",\"url\":\"https:\\\/\\\/starke-meinungen.de\\\/blog\\\/\",\"name\":\"starke-meinungen.de\",\"description\":\"Autoren-Blog\",\"publisher\":{\"@id\":\"https:\\\/\\\/starke-meinungen.de\\\/blog\\\/#organization\"},\"potentialAction\":[{\"@type\":\"SearchAction\",\"target\":{\"@type\":\"EntryPoint\",\"urlTemplate\":\"https:\\\/\\\/starke-meinungen.de\\\/blog\\\/?s={search_term_string}\"},\"query-input\":{\"@type\":\"PropertyValueSpecification\",\"valueRequired\":true,\"valueName\":\"search_term_string\"}}],\"inLanguage\":\"de\"},{\"@type\":\"Organization\",\"@id\":\"https:\\\/\\\/starke-meinungen.de\\\/blog\\\/#organization\",\"name\":\"starke-meinungen.de\",\"url\":\"https:\\\/\\\/starke-meinungen.de\\\/blog\\\/\",\"logo\":{\"@type\":\"ImageObject\",\"inLanguage\":\"de\",\"@id\":\"https:\\\/\\\/starke-meinungen.de\\\/blog\\\/#\\\/schema\\\/logo\\\/image\\\/\",\"url\":\"https:\\\/\\\/starke-meinungen.de\\\/blog\\\/wp-content\\\/uploads\\\/starke-meinungen-fb-header.jpg\",\"contentUrl\":\"https:\\\/\\\/starke-meinungen.de\\\/blog\\\/wp-content\\\/uploads\\\/starke-meinungen-fb-header.jpg\",\"width\":1200,\"height\":630,\"caption\":\"starke-meinungen.de\"},\"image\":{\"@id\":\"https:\\\/\\\/starke-meinungen.de\\\/blog\\\/#\\\/schema\\\/logo\\\/image\\\/\"},\"sameAs\":[\"https:\\\/\\\/www.facebook.com\\\/starkemeinungen\\\/\",\"https:\\\/\\\/x.com\\\/starkemeinungen\"]},{\"@type\":\"Person\",\"@id\":\"https:\\\/\\\/starke-meinungen.de\\\/blog\\\/#\\\/schema\\\/person\\\/32d0faef7c31a37c1c89be993d7a6d28\",\"name\":\"Alan Posener\",\"image\":{\"@type\":\"ImageObject\",\"inLanguage\":\"de\",\"@id\":\"https:\\\/\\\/secure.gravatar.com\\\/avatar\\\/c75c8818a9ab78c4faa75048dba7844e2587998cda4d93f84e7d86f7e21a9b90?s=96&d=mm&r=g\",\"url\":\"https:\\\/\\\/secure.gravatar.com\\\/avatar\\\/c75c8818a9ab78c4faa75048dba7844e2587998cda4d93f84e7d86f7e21a9b90?s=96&d=mm&r=g\",\"contentUrl\":\"https:\\\/\\\/secure.gravatar.com\\\/avatar\\\/c75c8818a9ab78c4faa75048dba7844e2587998cda4d93f84e7d86f7e21a9b90?s=96&d=mm&r=g\",\"caption\":\"Alan Posener\"},\"url\":\"https:\\\/\\\/starke-meinungen.de\\\/blog\\\/author\\\/posener\\\/\"}]}<\/script>\n<!-- \/ Yoast SEO plugin. -->","yoast_head_json":{"title":"Stell dir vor, es ist Gauck, und keiner h\u00f6rt zu. Der Bundespr\u00e4sident redet \u00fcber Europa - starke-meinungen.de","robots":{"index":"index","follow":"follow","max-snippet":"max-snippet:-1","max-image-preview":"max-image-preview:large","max-video-preview":"max-video-preview:-1"},"canonical":"https:\/\/starke-meinungen.de\/blog\/2013\/03\/05\/stell-dir-vor-es-ist-gauck-und-keiner-hort-zu-der-bundesprasident-redet-uber-europa\/","og_locale":"de_DE","og_type":"article","og_title":"Stell dir vor, es ist Gauck, und keiner h\u00f6rt zu. Der Bundespr\u00e4sident redet \u00fcber Europa - starke-meinungen.de","og_description":"Nun war er gefordert. Nun musste er beweisen, dass er mehr kann als Freiheits-Ostalgie und Herumm\u00e4keln an anderen \u2013 am Wort seines Vorg\u00e4ngers etwa, der Islam geh\u00f6re zu Deutschland, oder am Wort der Bundeskanzlerin, die Sicherheit Israels\u00a0 geh\u00f6re zur deutschen Staatsr\u00e4son. An Angela Merkel hatte Bundespr\u00e4sident Joachim Gauck im Sommerinterview des ZDF zudem kritisiert, sie erkl\u00e4re ihre Europapolitik nicht ausreichend.... Weiterlesen &raquo;","og_url":"https:\/\/starke-meinungen.de\/blog\/2013\/03\/05\/stell-dir-vor-es-ist-gauck-und-keiner-hort-zu-der-bundesprasident-redet-uber-europa\/","og_site_name":"starke-meinungen.de","article_publisher":"https:\/\/www.facebook.com\/starkemeinungen\/","article_published_time":"2013-03-04T23:44:10+00:00","og_image":[{"width":1200,"height":630,"url":"https:\/\/starke-meinungen.de\/blog\/wp-content\/uploads\/starke-meinungen-fb-header.jpg","type":"image\/jpeg"}],"author":"Alan Posener","twitter_card":"summary_large_image","twitter_creator":"@starkemeinungen","twitter_site":"@starkemeinungen","twitter_misc":{"Verfasst von":"Alan Posener","Gesch\u00e4tzte Lesezeit":"8\u00a0Minuten"},"schema":{"@context":"https:\/\/schema.org","@graph":[{"@type":"Article","@id":"https:\/\/starke-meinungen.de\/blog\/2013\/03\/05\/stell-dir-vor-es-ist-gauck-und-keiner-hort-zu-der-bundesprasident-redet-uber-europa\/#article","isPartOf":{"@id":"https:\/\/starke-meinungen.de\/blog\/2013\/03\/05\/stell-dir-vor-es-ist-gauck-und-keiner-hort-zu-der-bundesprasident-redet-uber-europa\/"},"author":{"name":"Alan Posener","@id":"https:\/\/starke-meinungen.de\/blog\/#\/schema\/person\/32d0faef7c31a37c1c89be993d7a6d28"},"headline":"Stell dir vor, es ist Gauck, und keiner h\u00f6rt zu. Der Bundespr\u00e4sident redet \u00fcber Europa","datePublished":"2013-03-04T23:44:10+00:00","mainEntityOfPage":{"@id":"https:\/\/starke-meinungen.de\/blog\/2013\/03\/05\/stell-dir-vor-es-ist-gauck-und-keiner-hort-zu-der-bundesprasident-redet-uber-europa\/"},"wordCount":1672,"commentCount":72,"publisher":{"@id":"https:\/\/starke-meinungen.de\/blog\/#organization"},"keywords":["Bundespr\u00e4sident","Europa","Gauck"],"articleSection":["Alan Posener"],"inLanguage":"de","potentialAction":[{"@type":"CommentAction","name":"Comment","target":["https:\/\/starke-meinungen.de\/blog\/2013\/03\/05\/stell-dir-vor-es-ist-gauck-und-keiner-hort-zu-der-bundesprasident-redet-uber-europa\/#respond"]}]},{"@type":"WebPage","@id":"https:\/\/starke-meinungen.de\/blog\/2013\/03\/05\/stell-dir-vor-es-ist-gauck-und-keiner-hort-zu-der-bundesprasident-redet-uber-europa\/","url":"https:\/\/starke-meinungen.de\/blog\/2013\/03\/05\/stell-dir-vor-es-ist-gauck-und-keiner-hort-zu-der-bundesprasident-redet-uber-europa\/","name":"Stell dir vor, es ist Gauck, und keiner h\u00f6rt zu. Der Bundespr\u00e4sident redet \u00fcber Europa - starke-meinungen.de","isPartOf":{"@id":"https:\/\/starke-meinungen.de\/blog\/#website"},"datePublished":"2013-03-04T23:44:10+00:00","breadcrumb":{"@id":"https:\/\/starke-meinungen.de\/blog\/2013\/03\/05\/stell-dir-vor-es-ist-gauck-und-keiner-hort-zu-der-bundesprasident-redet-uber-europa\/#breadcrumb"},"inLanguage":"de","potentialAction":[{"@type":"ReadAction","target":["https:\/\/starke-meinungen.de\/blog\/2013\/03\/05\/stell-dir-vor-es-ist-gauck-und-keiner-hort-zu-der-bundesprasident-redet-uber-europa\/"]}]},{"@type":"BreadcrumbList","@id":"https:\/\/starke-meinungen.de\/blog\/2013\/03\/05\/stell-dir-vor-es-ist-gauck-und-keiner-hort-zu-der-bundesprasident-redet-uber-europa\/#breadcrumb","itemListElement":[{"@type":"ListItem","position":1,"name":"Startseite","item":"https:\/\/starke-meinungen.de\/blog\/"},{"@type":"ListItem","position":2,"name":"Stell dir vor, es ist Gauck, und keiner h\u00f6rt zu. Der Bundespr\u00e4sident redet \u00fcber Europa"}]},{"@type":"WebSite","@id":"https:\/\/starke-meinungen.de\/blog\/#website","url":"https:\/\/starke-meinungen.de\/blog\/","name":"starke-meinungen.de","description":"Autoren-Blog","publisher":{"@id":"https:\/\/starke-meinungen.de\/blog\/#organization"},"potentialAction":[{"@type":"SearchAction","target":{"@type":"EntryPoint","urlTemplate":"https:\/\/starke-meinungen.de\/blog\/?s={search_term_string}"},"query-input":{"@type":"PropertyValueSpecification","valueRequired":true,"valueName":"search_term_string"}}],"inLanguage":"de"},{"@type":"Organization","@id":"https:\/\/starke-meinungen.de\/blog\/#organization","name":"starke-meinungen.de","url":"https:\/\/starke-meinungen.de\/blog\/","logo":{"@type":"ImageObject","inLanguage":"de","@id":"https:\/\/starke-meinungen.de\/blog\/#\/schema\/logo\/image\/","url":"https:\/\/starke-meinungen.de\/blog\/wp-content\/uploads\/starke-meinungen-fb-header.jpg","contentUrl":"https:\/\/starke-meinungen.de\/blog\/wp-content\/uploads\/starke-meinungen-fb-header.jpg","width":1200,"height":630,"caption":"starke-meinungen.de"},"image":{"@id":"https:\/\/starke-meinungen.de\/blog\/#\/schema\/logo\/image\/"},"sameAs":["https:\/\/www.facebook.com\/starkemeinungen\/","https:\/\/x.com\/starkemeinungen"]},{"@type":"Person","@id":"https:\/\/starke-meinungen.de\/blog\/#\/schema\/person\/32d0faef7c31a37c1c89be993d7a6d28","name":"Alan Posener","image":{"@type":"ImageObject","inLanguage":"de","@id":"https:\/\/secure.gravatar.com\/avatar\/c75c8818a9ab78c4faa75048dba7844e2587998cda4d93f84e7d86f7e21a9b90?s=96&d=mm&r=g","url":"https:\/\/secure.gravatar.com\/avatar\/c75c8818a9ab78c4faa75048dba7844e2587998cda4d93f84e7d86f7e21a9b90?s=96&d=mm&r=g","contentUrl":"https:\/\/secure.gravatar.com\/avatar\/c75c8818a9ab78c4faa75048dba7844e2587998cda4d93f84e7d86f7e21a9b90?s=96&d=mm&r=g","caption":"Alan Posener"},"url":"https:\/\/starke-meinungen.de\/blog\/author\/posener\/"}]}},"_links":{"self":[{"href":"https:\/\/starke-meinungen.de\/blog\/wp-json\/wp\/v2\/posts\/3802","targetHints":{"allow":["GET"]}}],"collection":[{"href":"https:\/\/starke-meinungen.de\/blog\/wp-json\/wp\/v2\/posts"}],"about":[{"href":"https:\/\/starke-meinungen.de\/blog\/wp-json\/wp\/v2\/types\/post"}],"author":[{"embeddable":true,"href":"https:\/\/starke-meinungen.de\/blog\/wp-json\/wp\/v2\/users\/13"}],"replies":[{"embeddable":true,"href":"https:\/\/starke-meinungen.de\/blog\/wp-json\/wp\/v2\/comments?post=3802"}],"version-history":[{"count":1,"href":"https:\/\/starke-meinungen.de\/blog\/wp-json\/wp\/v2\/posts\/3802\/revisions"}],"predecessor-version":[{"id":3803,"href":"https:\/\/starke-meinungen.de\/blog\/wp-json\/wp\/v2\/posts\/3802\/revisions\/3803"}],"wp:attachment":[{"href":"https:\/\/starke-meinungen.de\/blog\/wp-json\/wp\/v2\/media?parent=3802"}],"wp:term":[{"taxonomy":"category","embeddable":true,"href":"https:\/\/starke-meinungen.de\/blog\/wp-json\/wp\/v2\/categories?post=3802"},{"taxonomy":"post_tag","embeddable":true,"href":"https:\/\/starke-meinungen.de\/blog\/wp-json\/wp\/v2\/tags?post=3802"}],"curies":[{"name":"wp","href":"https:\/\/api.w.org\/{rel}","templated":true}]}}