

{"id":3663,"date":"2012-11-29T09:49:20","date_gmt":"2012-11-29T08:49:20","guid":{"rendered":"https:\/\/starke-meinungen.de\/blog\/?p=3663"},"modified":"2012-11-29T09:49:20","modified_gmt":"2012-11-29T08:49:20","slug":"keynes-hat-ausgedient","status":"publish","type":"post","link":"https:\/\/starke-meinungen.de\/blog\/2012\/11\/29\/keynes-hat-ausgedient\/","title":{"rendered":"Keynes hat ausgedient"},"content":{"rendered":"<p>In seiner wirtschaftstheoretischen Schrift \u00a0\u201eGeneral Theory\u201c formuliert \u00a0John Maynard Keynes seine klassisch gewordene Auffassung von der antizyklischen Steuerung der Wirtschaft. Aus den falschen Rezepten, die die Industriestaaten nach der Weltwirtschaftskrise zwischen 1929 und 1932 angewandt hatten, zog er die Schlussfolgerung, dass der Zustand der Unterbesch\u00e4ftigung nur \u00fcberwunden werden k\u00f6nne, wenn die gesamtwirtschaftliche Nachfrage durch staatliche Konjunkturprogramme stimuliert wird. <!--more-->Da die Nachfrage in einer Gesellschaft das Niveau von Produktion und Besch\u00e4ftigung bestimmt, m\u00fcssten die einzelnen Sektoren der Nachfrage \u2013 privater Konsum und private Investitionen \u2013 durch staatliche Anreize gef\u00f6rdert werden. Keynes zeigte, dass ein Verhalten, das im privaten Einzelhaushalt sinnvoll ist, z.B. Verm\u00f6genssteigerung durch Sparen, im Kontext einer Volkswirtschaft kontraproduktiv sein kann, weil die daraus resultierende Deflation die Wirtschaftst\u00e4tigkeit d\u00e4mpft, die \u00a0Arbeitslosigkeit erh\u00f6ht und das Volkseinkommen schm\u00e4lert.<br \/>\nKeynes hatte erkannt, dass vor allem in Deutschland nach Ausbruch der Weltwirtschaftskrise die damalige Regierung unter Reichskanzler Heinrich Br\u00fcning (Zentrum) eine sch\u00e4dliche Politik betrieben hatte. Massive Steuererh\u00f6hungen bei gleichzeitiger Senkung staatlicher Leistungen und die Absenkung von L\u00f6hnen und Geh\u00e4ltern versch\u00e4rften die Krise und f\u00fchrten zu einem steilen Anstieg der Arbeitslosenzahlen. Da die Handelspartner Deutschlands eine \u00e4hnlich prozyklische Wirtschaftspolitik betrieben, ging die \u00dcberlegung Br\u00fcnings, Deutschland durch eine gezielt herbeigef\u00fchrte Deflation \u00a0Handelsvorteile verschaffen zu k\u00f6nnen, nicht auf. Die Abw\u00e4rtsspirale, die in den Volkswirtschaften der Industriestaaten in Gang gekommen war, versch\u00e4rfte die Krise in bisher noch nicht gekanntem Ausma\u00df. Keynes zog daraus den Schluss, dass eine antizyklische Wirtschaftspolitik viel vern\u00fcnftiger gewesen w\u00e4re, selbst wenn sie die Staatsschulden vor\u00fcbergehend in die H\u00f6he getrieben h\u00e4tte.<br \/>\nNach dem Zweiten Weltkrieg fand die Keynes\u00b4sche Wirtschaftspolitik bei uns \u00a0zuerst keine Anh\u00e4nger. Das war auch nicht n\u00f6tig, weil die Wirtschaft kriegsbedingt linear stark wuchs und bald auf Vollbesch\u00e4ftigung zusteuerte. Erst als im Gefolge der \u00d6lkrise zwischen 1973 und 1975 \u00a0die Wirtschaftst\u00e4tigkeit nachlie\u00df, besann sich der damalige Finanzminister Helmut Schmidt auf das Rezept von Keynes. Er startete mit einer Neuverschuldung von zehn Milliarden DM. Als er 1982 \u00a0als Kanzler abtrat, hatten sich die Schulden auf 126 Milliarden DM erh\u00f6ht. Heute sind wir bei 2,3 Billionen Euro angekommen. Schmidts Vorg\u00e4nger im Amt des Finanzministers Karl Schiller (SPD) war mit der Begr\u00fcndung zur\u00fcckgetreten, er k\u00f6nne eine Politik des \u201eNach mir die Sintflut\u201c nicht l\u00e4nger mittragen. Schiller war der Erfinder der Globalsteuerung, die zum Ziel hatte, die Wirtschaft durch staatliche Konjunkturprogramme \u00a0so zu stimulieren, dass Ungleichgewichte, vor allem ein Absinken in die Rezession, verhindert werden k\u00f6nnen. Ihm war bewusst, dass eine antizyklische Wirtschaftspolitik in beiden Zyklen, in \u00a0der Rezession und \u00a0im Boom, angewendet werden m\u00fcsse. Vor allem glaubte er noch daran, dass es n\u00f6tig sei, die in Zeiten der Krise vorgenommene Ausweitung der Staatschulden in den Zeiten h\u00f6herer Steuereinnahmen wieder zur\u00fcckzuf\u00fchren. Insofern war er ein theorietreuer Gefolgsmann von John Maynard Keynes. Alle nach Schiller kommenden Finanzminister und alle nachfolgenden Bundeskanzler verstie\u00dfen gegen dieses eherne Gesetz der antizyklischen Konjunktursteuerung. Der Grund ist einfach. Die Politiker wollen gew\u00e4hlt werden. \u00a0Deshalb glauben sie, dass sie den W\u00e4hlern das, was sie ihnen einmal als \u00a0Sozialleistung spendiert haben, nicht wieder wegnehmen k\u00f6nnen. Politiker \u00a0denken immer in Zyklen einer Legislaturperiode. Ihr Credo ist tats\u00e4chlich: \u201eNach mir die Sintflut!\u201c oder milder ausgedr\u00fcckt: Sollen sich doch meine Nachfolger mit dem unbequemen Gesch\u00e4ft des Schuldenabbaus herum\u00e4rgern, ich verteile lieber Wohltaten. Als W\u00e4hler gew\u00f6hnt man sich sehr schnell \u00a0an Wahlgeschenke. Man \u00a0betrachtet sie als Besitzst\u00e4nde mit Ewigkeitswert, die man mit Z\u00e4hnen und Klauen verteidigt. Die Gewerkschaften und die Sozialverb\u00e4nde bilden inzwischen eine so starke Lobby, dass es f\u00fcr eine Regierungspartei gef\u00e4hrlich wird, wenn sie den Daumen senken. Wie sehr sich die Bev\u00f6lkerung an das s\u00fc\u00dfe Gift der Neuverschuldung gew\u00f6hnt hat, konnte man vor einiger Zeit in Nordrhein-Westfalen besichtigen. Dort weitete die sozialdemokratische Ministerpr\u00e4sidentin Hannelore Kraft (Spitzname: \u201eSchuldenk\u00f6nigin\u201c) die Neuverschuldung des Landes gegen jeder Vernunft (und gegen die Bestimmungen der Landesverfassung) um vier Milliarden \u20ac aus. Sie wurde bei den vorgezogenen Neuwahlen trotzdem (oder gerade deshalb) wieder gew\u00e4hlt. Die jetzige Bundesregierung k\u00f6nnte nach den \u00fcppig sprudelnden Steuereinnahmen locker einen ausgeglichenen Haushalt verabschieden. Stattdessen beschlie\u00dft \u00a0sie weitere \u00a0sozialpolitische \u00a0Geschenke \u00a0(Betreuungsgeld, Aufstockung niedriger Renten) \u2013 nat\u00fcrlich schuldenfinanziert. Die j\u00fcngere Geschichte der europ\u00e4ischen S\u00fcdstaaten ist eine Geschichte des verantwortungslosen Schuldenmachens. Mit Schulden wurden Wohltaten (Griechenland: Rente mit 50!) bezahlt, die von den Ertr\u00e4gen \u00a0der eigenen Volkswirtschaft nie zu finanzieren gewesen w\u00e4ren. Das Ergebnis kann man jetzt in der \u201cHaftungsgemeinschaft \u00a0EU\u201c besichtigen.<br \/>\nF\u00fcr meine Begriffe hat die Keynes\u00b4sche Wirtschaftspolitik deshalb ausgedient, weil die Politiker immer nur die eine Seite, die der Neuverschuldung, realisieren. Dies f\u00fchrt schon nach wenigen Generationen zu einem Schuldenberg, der den politischen Spielraum massiv einengt und die k\u00fcnftigen Generationen mit Verpflichtungen knebelt, die sie nie eingegangen w\u00e4ren, h\u00e4tten sie die Entscheidungsfreiheit. Politiker finden immer eine Ausrede, die sie mit \u00a0einer wirtschaftspolitischen Notwendigkeit bem\u00e4nteln, um den Schuldenberg zu erh\u00f6hen. F\u00fcr Willy Brandt war es die \u00d6lkrise, f\u00fcr Helmut Schmidt die hohe Arbeitslosigkeit, f\u00fcr Helmut Kohl die Wiedervereinigung, f\u00fcr Gerhard Schr\u00f6der die geplatzte IT-Blase, f\u00fcr Angela Merkel die sich abschw\u00e4chende Konjunktur im Gefolge der Lehman-Brothers-Pleite \u00a0und der \u00a0Euro-Krise. Auch der Welt\u00f6konom Peer Steinbr\u00fcck wird einen Grund finden, die Wohltaten, die seine Partei heute schon verspricht, mit einer Erh\u00f6hung \u00a0der Staatsverschuldung zu finanzieren. Und ein k\u00fcnftiger Finanzminister Trittin wird f\u00fcr die Schaffung des gr\u00fcnen Paradieses jede Ausweitung der Staatschulden f\u00fcr angemessen \u00a0halten. \u00a0 Glaubt jemand allen Ernstes, dass in Staaten, in denen der Lebensstandard der Menschen zu einem Drittel durch Schulden finanziert wird, der Schuldenabbau eine realistische Option von Politikern ist?<br \/>\nWenn es noch einen Ausweg aus dem Schuldendrama gibt, dann nur den der Einf\u00fchrung rigider Schuldenbremsen und ihre Verankerung in der Verfassung eines jeden EU-Landes. Dann k\u00f6nnten die Schulden \u00fcber Wachstum der Volkswirtschaften langsam aber stetig verringert werden. \u00a0Mir ist klar, dass dies f\u00fcr die Menschen in den S\u00fcdl\u00e4ndern f\u00fcr einige Jahre soziale H\u00e4rten bedeuten w\u00fcrde. Am Endes des Tunnels w\u00fcrden sie \u00a0jedoch den Lebensstandard finden, den sie mit ihrer H\u00e4nde Arbeit und ohne Schulden erwirtschaftet haben. In Deutschland w\u00fcrden wir, wenn alle schuldenbasierten staatlichen Leistungen wegfielen auf den Lebensstandard der BRD von 1980 zur\u00fcckfallen. Eine ungl\u00fcckliche Zeit war das nicht!<\/p>\n<div class=\"shariff shariff-align-left shariff-widget-align-left shariff-buttonstretch\" style=\"display:none\"><ul class=\"shariff-buttons theme-white orientation-horizontal buttonsize-medium\"><li class=\"shariff-button facebook shariff-nocustomcolor\" style=\"background-color:#4273c8\"><a href=\"https:\/\/www.facebook.com\/sharer\/sharer.php?u=https%3A%2F%2Fstarke-meinungen.de%2Fblog%2F2012%2F11%2F29%2Fkeynes-hat-ausgedient%2F\" title=\"Bei Facebook teilen\" aria-label=\"Bei Facebook teilen\" role=\"button\" rel=\"nofollow\" class=\"shariff-link\" style=\"; background-color:#3b5998; color:#3b5998\" target=\"_blank\"><span class=\"shariff-icon\" style=\"fill:#3b5998\"><svg width=\"32px\" height=\"20px\" xmlns=\"http:\/\/www.w3.org\/2000\/svg\" viewBox=\"0 0 18 32\"><path fill=\"#3b5998\" d=\"M17.1 0.2v4.7h-2.8q-1.5 0-2.1 0.6t-0.5 1.9v3.4h5.2l-0.7 5.3h-4.5v13.6h-5.5v-13.6h-4.5v-5.3h4.5v-3.9q0-3.3 1.9-5.2t5-1.8q2.6 0 4.1 0.2z\"\/><\/svg><\/span><span class=\"shariff-text\" style=\"color:#3b5998\">teilen<\/span>&nbsp;<\/a><\/li><li class=\"shariff-button twitter shariff-nocustomcolor\" style=\"background-color:#595959\"><a href=\"https:\/\/twitter.com\/share?url=https%3A%2F%2Fstarke-meinungen.de%2Fblog%2F2012%2F11%2F29%2Fkeynes-hat-ausgedient%2F&text=Keynes%20hat%20ausgedient&via=starkemeinungen\" title=\"Bei X teilen\" aria-label=\"Bei X teilen\" role=\"button\" rel=\"noopener nofollow\" class=\"shariff-link\" style=\"; background-color:#000; color:#000\" target=\"_blank\"><span class=\"shariff-icon\" style=\"fill:#000\"><svg width=\"32px\" height=\"20px\" xmlns=\"http:\/\/www.w3.org\/2000\/svg\" viewBox=\"0 0 24 24\"><path fill=\"#000\" d=\"M14.258 10.152L23.176 0h-2.113l-7.747 8.813L7.133 0H0l9.352 13.328L0 23.973h2.113l8.176-9.309 6.531 9.309h7.133zm-2.895 3.293l-.949-1.328L2.875 1.56h3.246l6.086 8.523.945 1.328 7.91 11.078h-3.246zm0 0\"\/><\/svg><\/span><span class=\"shariff-text\" style=\"color:#000\">teilen<\/span>&nbsp;<\/a><\/li><li class=\"shariff-button linkedin shariff-nocustomcolor\" style=\"background-color:#1488bf\"><a href=\"https:\/\/www.linkedin.com\/sharing\/share-offsite\/?url=https%3A%2F%2Fstarke-meinungen.de%2Fblog%2F2012%2F11%2F29%2Fkeynes-hat-ausgedient%2F\" title=\"Bei LinkedIn teilen\" aria-label=\"Bei LinkedIn teilen\" role=\"button\" rel=\"noopener nofollow\" class=\"shariff-link\" style=\"; background-color:#0077b5; color:#0077b5\" target=\"_blank\"><span class=\"shariff-icon\" style=\"fill:#0077b5\"><svg width=\"32px\" height=\"20px\" xmlns=\"http:\/\/www.w3.org\/2000\/svg\" viewBox=\"0 0 27 32\"><path fill=\"#0077b5\" d=\"M6.2 11.2v17.7h-5.9v-17.7h5.9zM6.6 5.7q0 1.3-0.9 2.2t-2.4 0.9h0q-1.5 0-2.4-0.9t-0.9-2.2 0.9-2.2 2.4-0.9 2.4 0.9 0.9 2.2zM27.4 18.7v10.1h-5.9v-9.5q0-1.9-0.7-2.9t-2.3-1.1q-1.1 0-1.9 0.6t-1.2 1.5q-0.2 0.5-0.2 1.4v9.9h-5.9q0-7.1 0-11.6t0-5.3l0-0.9h5.9v2.6h0q0.4-0.6 0.7-1t1-0.9 1.6-0.8 2-0.3q3 0 4.9 2t1.9 6z\"\/><\/svg><\/span><span class=\"shariff-text\" style=\"color:#0077b5\">teilen<\/span>&nbsp;<\/a><\/li><li class=\"shariff-button xing shariff-nocustomcolor\" style=\"background-color:#29888a\"><a href=\"https:\/\/www.xing.com\/spi\/shares\/new?url=https%3A%2F%2Fstarke-meinungen.de%2Fblog%2F2012%2F11%2F29%2Fkeynes-hat-ausgedient%2F\" title=\"Bei XING teilen\" aria-label=\"Bei XING teilen\" role=\"button\" rel=\"noopener nofollow\" class=\"shariff-link\" style=\"; background-color:#126567; color:#126567\" target=\"_blank\"><span class=\"shariff-icon\" style=\"fill:#126567\"><svg width=\"32px\" height=\"20px\" xmlns=\"http:\/\/www.w3.org\/2000\/svg\" viewBox=\"0 0 25 32\"><path fill=\"#126567\" d=\"M10.7 11.9q-0.2 0.3-4.6 8.2-0.5 0.8-1.2 0.8h-4.3q-0.4 0-0.5-0.3t0-0.6l4.5-8q0 0 0 0l-2.9-5q-0.2-0.4 0-0.7 0.2-0.3 0.5-0.3h4.3q0.7 0 1.2 0.8zM25.1 0.4q0.2 0.3 0 0.7l-9.4 16.7 6 11q0.2 0.4 0 0.6-0.2 0.3-0.6 0.3h-4.3q-0.7 0-1.2-0.8l-6-11.1q0.3-0.6 9.5-16.8 0.4-0.8 1.2-0.8h4.3q0.4 0 0.5 0.3z\"\/><\/svg><\/span><span class=\"shariff-text\" style=\"color:#126567\">teilen<\/span>&nbsp;<\/a><\/li><li class=\"shariff-button whatsapp shariff-nocustomcolor\" style=\"background-color:#5cbe4a\"><a href=\"https:\/\/api.whatsapp.com\/send?text=https%3A%2F%2Fstarke-meinungen.de%2Fblog%2F2012%2F11%2F29%2Fkeynes-hat-ausgedient%2F%20Keynes%20hat%20ausgedient\" title=\"Bei Whatsapp teilen\" aria-label=\"Bei Whatsapp teilen\" role=\"button\" rel=\"noopener nofollow\" class=\"shariff-link\" style=\"; background-color:#34af23; color:#34af23\" target=\"_blank\"><span class=\"shariff-icon\" style=\"fill:#34af23\"><svg width=\"32px\" height=\"20px\" xmlns=\"http:\/\/www.w3.org\/2000\/svg\" viewBox=\"0 0 32 32\"><path fill=\"#34af23\" d=\"M17.6 17.4q0.2 0 1.7 0.8t1.6 0.9q0 0.1 0 0.3 0 0.6-0.3 1.4-0.3 0.7-1.3 1.2t-1.8 0.5q-1 0-3.4-1.1-1.7-0.8-3-2.1t-2.6-3.3q-1.3-1.9-1.3-3.5v-0.1q0.1-1.6 1.3-2.8 0.4-0.4 0.9-0.4 0.1 0 0.3 0t0.3 0q0.3 0 0.5 0.1t0.3 0.5q0.1 0.4 0.6 1.6t0.4 1.3q0 0.4-0.6 1t-0.6 0.8q0 0.1 0.1 0.3 0.6 1.3 1.8 2.4 1 0.9 2.7 1.8 0.2 0.1 0.4 0.1 0.3 0 1-0.9t0.9-0.9zM14 26.9q2.3 0 4.3-0.9t3.6-2.4 2.4-3.6 0.9-4.3-0.9-4.3-2.4-3.6-3.6-2.4-4.3-0.9-4.3 0.9-3.6 2.4-2.4 3.6-0.9 4.3q0 3.6 2.1 6.6l-1.4 4.2 4.3-1.4q2.8 1.9 6.2 1.9zM14 2.2q2.7 0 5.2 1.1t4.3 2.9 2.9 4.3 1.1 5.2-1.1 5.2-2.9 4.3-4.3 2.9-5.2 1.1q-3.5 0-6.5-1.7l-7.4 2.4 2.4-7.2q-1.9-3.2-1.9-6.9 0-2.7 1.1-5.2t2.9-4.3 4.3-2.9 5.2-1.1z\"\/><\/svg><\/span><span class=\"shariff-text\" style=\"color:#34af23\">teilen<\/span>&nbsp;<\/a><\/li><li class=\"shariff-button info shariff-nocustomcolor\" style=\"background-color:#a8a8a8\"><a href=\"http:\/\/ct.de\/-2467514\" title=\"Weitere Informationen\" aria-label=\"Weitere Informationen\" role=\"button\" rel=\"noopener \" class=\"shariff-link\" style=\"; background-color:#999; color:#999\" target=\"_blank\"><span class=\"shariff-icon\" style=\"fill:#999\"><svg width=\"32px\" height=\"20px\" xmlns=\"http:\/\/www.w3.org\/2000\/svg\" viewBox=\"0 0 11 32\"><path fill=\"#999\" d=\"M11.4 24v2.3q0 0.5-0.3 0.8t-0.8 0.4h-9.1q-0.5 0-0.8-0.4t-0.4-0.8v-2.3q0-0.5 0.4-0.8t0.8-0.4h1.1v-6.8h-1.1q-0.5 0-0.8-0.4t-0.4-0.8v-2.3q0-0.5 0.4-0.8t0.8-0.4h6.8q0.5 0 0.8 0.4t0.4 0.8v10.3h1.1q0.5 0 0.8 0.4t0.3 0.8zM9.2 3.4v3.4q0 0.5-0.4 0.8t-0.8 0.4h-4.6q-0.4 0-0.8-0.4t-0.4-0.8v-3.4q0-0.4 0.4-0.8t0.8-0.4h4.6q0.5 0 0.8 0.4t0.4 0.8z\"\/><\/svg><\/span><\/a><\/li><\/ul><\/div>","protected":false},"excerpt":{"rendered":"<p>In seiner wirtschaftstheoretischen Schrift \u00a0\u201eGeneral Theory\u201c formuliert \u00a0John Maynard Keynes seine klassisch gewordene Auffassung von der antizyklischen Steuerung der Wirtschaft. Aus den falschen Rezepten, die die Industriestaaten nach der Weltwirtschaftskrise zwischen 1929 und 1932 angewandt hatten, zog er die Schlussfolgerung, dass der Zustand der Unterbesch\u00e4ftigung nur \u00fcberwunden werden k\u00f6nne, wenn die gesamtwirtschaftliche Nachfrage durch staatliche Konjunkturprogramme stimuliert wird.<\/p>\n","protected":false},"author":19,"featured_media":0,"comment_status":"open","ping_status":"open","sticky":false,"template":"","format":"standard","meta":{"footnotes":""},"categories":[1,2093],"tags":[],"class_list":["post-3663","post","type-post","status-publish","format-standard","hentry","category-allgemein","category-rainer-werner"],"yoast_head":"<!-- This site is optimized with the Yoast SEO plugin v27.5 - https:\/\/yoast.com\/product\/yoast-seo-wordpress\/ -->\n<title>Keynes hat ausgedient  - starke-meinungen.de<\/title>\n<meta name=\"robots\" content=\"index, follow, max-snippet:-1, max-image-preview:large, max-video-preview:-1\" \/>\n<link rel=\"canonical\" href=\"https:\/\/starke-meinungen.de\/blog\/2012\/11\/29\/keynes-hat-ausgedient\/\" \/>\n<meta property=\"og:locale\" content=\"de_DE\" \/>\n<meta property=\"og:type\" content=\"article\" \/>\n<meta property=\"og:title\" content=\"Keynes hat ausgedient  - starke-meinungen.de\" \/>\n<meta property=\"og:description\" content=\"In seiner wirtschaftstheoretischen Schrift \u00a0\u201eGeneral Theory\u201c formuliert \u00a0John Maynard Keynes seine klassisch gewordene Auffassung von der antizyklischen Steuerung der Wirtschaft. Aus den falschen Rezepten, die die Industriestaaten nach der Weltwirtschaftskrise zwischen 1929 und 1932 angewandt hatten, zog er die Schlussfolgerung, dass der Zustand der Unterbesch\u00e4ftigung nur \u00fcberwunden werden k\u00f6nne, wenn die gesamtwirtschaftliche Nachfrage durch staatliche Konjunkturprogramme stimuliert wird.\" \/>\n<meta property=\"og:url\" content=\"https:\/\/starke-meinungen.de\/blog\/2012\/11\/29\/keynes-hat-ausgedient\/\" \/>\n<meta property=\"og:site_name\" content=\"starke-meinungen.de\" \/>\n<meta property=\"article:publisher\" content=\"https:\/\/www.facebook.com\/starkemeinungen\/\" \/>\n<meta property=\"article:published_time\" content=\"2012-11-29T08:49:20+00:00\" \/>\n<meta property=\"og:image\" content=\"https:\/\/starke-meinungen.de\/blog\/wp-content\/uploads\/starke-meinungen-fb-header.jpg\" \/>\n\t<meta property=\"og:image:width\" content=\"1200\" \/>\n\t<meta property=\"og:image:height\" content=\"630\" \/>\n\t<meta property=\"og:image:type\" content=\"image\/jpeg\" \/>\n<meta name=\"author\" content=\"Rainer Werner\" \/>\n<meta name=\"twitter:card\" content=\"summary_large_image\" \/>\n<meta name=\"twitter:creator\" content=\"@starkemeinungen\" \/>\n<meta name=\"twitter:site\" content=\"@starkemeinungen\" \/>\n<meta name=\"twitter:label1\" content=\"Verfasst von\" \/>\n\t<meta name=\"twitter:data1\" content=\"Rainer Werner\" \/>\n\t<meta name=\"twitter:label2\" content=\"Gesch\u00e4tzte Lesezeit\" \/>\n\t<meta name=\"twitter:data2\" content=\"5\u00a0Minuten\" \/>\n<script type=\"application\/ld+json\" class=\"yoast-schema-graph\">{\"@context\":\"https:\\\/\\\/schema.org\",\"@graph\":[{\"@type\":\"Article\",\"@id\":\"https:\\\/\\\/starke-meinungen.de\\\/blog\\\/2012\\\/11\\\/29\\\/keynes-hat-ausgedient\\\/#article\",\"isPartOf\":{\"@id\":\"https:\\\/\\\/starke-meinungen.de\\\/blog\\\/2012\\\/11\\\/29\\\/keynes-hat-ausgedient\\\/\"},\"author\":{\"name\":\"Rainer Werner\",\"@id\":\"https:\\\/\\\/starke-meinungen.de\\\/blog\\\/#\\\/schema\\\/person\\\/6af826c1bb87ec75580869d830616de2\"},\"headline\":\"Keynes hat ausgedient\",\"datePublished\":\"2012-11-29T08:49:20+00:00\",\"mainEntityOfPage\":{\"@id\":\"https:\\\/\\\/starke-meinungen.de\\\/blog\\\/2012\\\/11\\\/29\\\/keynes-hat-ausgedient\\\/\"},\"wordCount\":1078,\"commentCount\":16,\"publisher\":{\"@id\":\"https:\\\/\\\/starke-meinungen.de\\\/blog\\\/#organization\"},\"articleSection\":{\"1\":\"Rainer Werner\"},\"inLanguage\":\"de\",\"potentialAction\":[{\"@type\":\"CommentAction\",\"name\":\"Comment\",\"target\":[\"https:\\\/\\\/starke-meinungen.de\\\/blog\\\/2012\\\/11\\\/29\\\/keynes-hat-ausgedient\\\/#respond\"]}]},{\"@type\":\"WebPage\",\"@id\":\"https:\\\/\\\/starke-meinungen.de\\\/blog\\\/2012\\\/11\\\/29\\\/keynes-hat-ausgedient\\\/\",\"url\":\"https:\\\/\\\/starke-meinungen.de\\\/blog\\\/2012\\\/11\\\/29\\\/keynes-hat-ausgedient\\\/\",\"name\":\"Keynes hat ausgedient - starke-meinungen.de\",\"isPartOf\":{\"@id\":\"https:\\\/\\\/starke-meinungen.de\\\/blog\\\/#website\"},\"datePublished\":\"2012-11-29T08:49:20+00:00\",\"breadcrumb\":{\"@id\":\"https:\\\/\\\/starke-meinungen.de\\\/blog\\\/2012\\\/11\\\/29\\\/keynes-hat-ausgedient\\\/#breadcrumb\"},\"inLanguage\":\"de\",\"potentialAction\":[{\"@type\":\"ReadAction\",\"target\":[\"https:\\\/\\\/starke-meinungen.de\\\/blog\\\/2012\\\/11\\\/29\\\/keynes-hat-ausgedient\\\/\"]}]},{\"@type\":\"BreadcrumbList\",\"@id\":\"https:\\\/\\\/starke-meinungen.de\\\/blog\\\/2012\\\/11\\\/29\\\/keynes-hat-ausgedient\\\/#breadcrumb\",\"itemListElement\":[{\"@type\":\"ListItem\",\"position\":1,\"name\":\"Startseite\",\"item\":\"https:\\\/\\\/starke-meinungen.de\\\/blog\\\/\"},{\"@type\":\"ListItem\",\"position\":2,\"name\":\"Keynes hat ausgedient\"}]},{\"@type\":\"WebSite\",\"@id\":\"https:\\\/\\\/starke-meinungen.de\\\/blog\\\/#website\",\"url\":\"https:\\\/\\\/starke-meinungen.de\\\/blog\\\/\",\"name\":\"starke-meinungen.de\",\"description\":\"Autoren-Blog\",\"publisher\":{\"@id\":\"https:\\\/\\\/starke-meinungen.de\\\/blog\\\/#organization\"},\"potentialAction\":[{\"@type\":\"SearchAction\",\"target\":{\"@type\":\"EntryPoint\",\"urlTemplate\":\"https:\\\/\\\/starke-meinungen.de\\\/blog\\\/?s={search_term_string}\"},\"query-input\":{\"@type\":\"PropertyValueSpecification\",\"valueRequired\":true,\"valueName\":\"search_term_string\"}}],\"inLanguage\":\"de\"},{\"@type\":\"Organization\",\"@id\":\"https:\\\/\\\/starke-meinungen.de\\\/blog\\\/#organization\",\"name\":\"starke-meinungen.de\",\"url\":\"https:\\\/\\\/starke-meinungen.de\\\/blog\\\/\",\"logo\":{\"@type\":\"ImageObject\",\"inLanguage\":\"de\",\"@id\":\"https:\\\/\\\/starke-meinungen.de\\\/blog\\\/#\\\/schema\\\/logo\\\/image\\\/\",\"url\":\"https:\\\/\\\/starke-meinungen.de\\\/blog\\\/wp-content\\\/uploads\\\/starke-meinungen-fb-header.jpg\",\"contentUrl\":\"https:\\\/\\\/starke-meinungen.de\\\/blog\\\/wp-content\\\/uploads\\\/starke-meinungen-fb-header.jpg\",\"width\":1200,\"height\":630,\"caption\":\"starke-meinungen.de\"},\"image\":{\"@id\":\"https:\\\/\\\/starke-meinungen.de\\\/blog\\\/#\\\/schema\\\/logo\\\/image\\\/\"},\"sameAs\":[\"https:\\\/\\\/www.facebook.com\\\/starkemeinungen\\\/\",\"https:\\\/\\\/x.com\\\/starkemeinungen\"]},{\"@type\":\"Person\",\"@id\":\"https:\\\/\\\/starke-meinungen.de\\\/blog\\\/#\\\/schema\\\/person\\\/6af826c1bb87ec75580869d830616de2\",\"name\":\"Rainer Werner\",\"image\":{\"@type\":\"ImageObject\",\"inLanguage\":\"de\",\"@id\":\"https:\\\/\\\/secure.gravatar.com\\\/avatar\\\/6f37dc4eff27558ec03229bb8dd7133f519865cae374548719ce45fba3788ea8?s=96&d=mm&r=g\",\"url\":\"https:\\\/\\\/secure.gravatar.com\\\/avatar\\\/6f37dc4eff27558ec03229bb8dd7133f519865cae374548719ce45fba3788ea8?s=96&d=mm&r=g\",\"contentUrl\":\"https:\\\/\\\/secure.gravatar.com\\\/avatar\\\/6f37dc4eff27558ec03229bb8dd7133f519865cae374548719ce45fba3788ea8?s=96&d=mm&r=g\",\"caption\":\"Rainer Werner\"},\"url\":\"https:\\\/\\\/starke-meinungen.de\\\/blog\\\/author\\\/werner\\\/\"}]}<\/script>\n<!-- \/ Yoast SEO plugin. -->","yoast_head_json":{"title":"Keynes hat ausgedient  - starke-meinungen.de","robots":{"index":"index","follow":"follow","max-snippet":"max-snippet:-1","max-image-preview":"max-image-preview:large","max-video-preview":"max-video-preview:-1"},"canonical":"https:\/\/starke-meinungen.de\/blog\/2012\/11\/29\/keynes-hat-ausgedient\/","og_locale":"de_DE","og_type":"article","og_title":"Keynes hat ausgedient  - starke-meinungen.de","og_description":"In seiner wirtschaftstheoretischen Schrift \u00a0\u201eGeneral Theory\u201c formuliert \u00a0John Maynard Keynes seine klassisch gewordene Auffassung von der antizyklischen Steuerung der Wirtschaft. Aus den falschen Rezepten, die die Industriestaaten nach der Weltwirtschaftskrise zwischen 1929 und 1932 angewandt hatten, zog er die Schlussfolgerung, dass der Zustand der Unterbesch\u00e4ftigung nur \u00fcberwunden werden k\u00f6nne, wenn die gesamtwirtschaftliche Nachfrage durch staatliche Konjunkturprogramme stimuliert wird.","og_url":"https:\/\/starke-meinungen.de\/blog\/2012\/11\/29\/keynes-hat-ausgedient\/","og_site_name":"starke-meinungen.de","article_publisher":"https:\/\/www.facebook.com\/starkemeinungen\/","article_published_time":"2012-11-29T08:49:20+00:00","og_image":[{"width":1200,"height":630,"url":"https:\/\/starke-meinungen.de\/blog\/wp-content\/uploads\/starke-meinungen-fb-header.jpg","type":"image\/jpeg"}],"author":"Rainer Werner","twitter_card":"summary_large_image","twitter_creator":"@starkemeinungen","twitter_site":"@starkemeinungen","twitter_misc":{"Verfasst von":"Rainer Werner","Gesch\u00e4tzte Lesezeit":"5\u00a0Minuten"},"schema":{"@context":"https:\/\/schema.org","@graph":[{"@type":"Article","@id":"https:\/\/starke-meinungen.de\/blog\/2012\/11\/29\/keynes-hat-ausgedient\/#article","isPartOf":{"@id":"https:\/\/starke-meinungen.de\/blog\/2012\/11\/29\/keynes-hat-ausgedient\/"},"author":{"name":"Rainer Werner","@id":"https:\/\/starke-meinungen.de\/blog\/#\/schema\/person\/6af826c1bb87ec75580869d830616de2"},"headline":"Keynes hat ausgedient","datePublished":"2012-11-29T08:49:20+00:00","mainEntityOfPage":{"@id":"https:\/\/starke-meinungen.de\/blog\/2012\/11\/29\/keynes-hat-ausgedient\/"},"wordCount":1078,"commentCount":16,"publisher":{"@id":"https:\/\/starke-meinungen.de\/blog\/#organization"},"articleSection":{"1":"Rainer Werner"},"inLanguage":"de","potentialAction":[{"@type":"CommentAction","name":"Comment","target":["https:\/\/starke-meinungen.de\/blog\/2012\/11\/29\/keynes-hat-ausgedient\/#respond"]}]},{"@type":"WebPage","@id":"https:\/\/starke-meinungen.de\/blog\/2012\/11\/29\/keynes-hat-ausgedient\/","url":"https:\/\/starke-meinungen.de\/blog\/2012\/11\/29\/keynes-hat-ausgedient\/","name":"Keynes hat ausgedient - starke-meinungen.de","isPartOf":{"@id":"https:\/\/starke-meinungen.de\/blog\/#website"},"datePublished":"2012-11-29T08:49:20+00:00","breadcrumb":{"@id":"https:\/\/starke-meinungen.de\/blog\/2012\/11\/29\/keynes-hat-ausgedient\/#breadcrumb"},"inLanguage":"de","potentialAction":[{"@type":"ReadAction","target":["https:\/\/starke-meinungen.de\/blog\/2012\/11\/29\/keynes-hat-ausgedient\/"]}]},{"@type":"BreadcrumbList","@id":"https:\/\/starke-meinungen.de\/blog\/2012\/11\/29\/keynes-hat-ausgedient\/#breadcrumb","itemListElement":[{"@type":"ListItem","position":1,"name":"Startseite","item":"https:\/\/starke-meinungen.de\/blog\/"},{"@type":"ListItem","position":2,"name":"Keynes hat ausgedient"}]},{"@type":"WebSite","@id":"https:\/\/starke-meinungen.de\/blog\/#website","url":"https:\/\/starke-meinungen.de\/blog\/","name":"starke-meinungen.de","description":"Autoren-Blog","publisher":{"@id":"https:\/\/starke-meinungen.de\/blog\/#organization"},"potentialAction":[{"@type":"SearchAction","target":{"@type":"EntryPoint","urlTemplate":"https:\/\/starke-meinungen.de\/blog\/?s={search_term_string}"},"query-input":{"@type":"PropertyValueSpecification","valueRequired":true,"valueName":"search_term_string"}}],"inLanguage":"de"},{"@type":"Organization","@id":"https:\/\/starke-meinungen.de\/blog\/#organization","name":"starke-meinungen.de","url":"https:\/\/starke-meinungen.de\/blog\/","logo":{"@type":"ImageObject","inLanguage":"de","@id":"https:\/\/starke-meinungen.de\/blog\/#\/schema\/logo\/image\/","url":"https:\/\/starke-meinungen.de\/blog\/wp-content\/uploads\/starke-meinungen-fb-header.jpg","contentUrl":"https:\/\/starke-meinungen.de\/blog\/wp-content\/uploads\/starke-meinungen-fb-header.jpg","width":1200,"height":630,"caption":"starke-meinungen.de"},"image":{"@id":"https:\/\/starke-meinungen.de\/blog\/#\/schema\/logo\/image\/"},"sameAs":["https:\/\/www.facebook.com\/starkemeinungen\/","https:\/\/x.com\/starkemeinungen"]},{"@type":"Person","@id":"https:\/\/starke-meinungen.de\/blog\/#\/schema\/person\/6af826c1bb87ec75580869d830616de2","name":"Rainer Werner","image":{"@type":"ImageObject","inLanguage":"de","@id":"https:\/\/secure.gravatar.com\/avatar\/6f37dc4eff27558ec03229bb8dd7133f519865cae374548719ce45fba3788ea8?s=96&d=mm&r=g","url":"https:\/\/secure.gravatar.com\/avatar\/6f37dc4eff27558ec03229bb8dd7133f519865cae374548719ce45fba3788ea8?s=96&d=mm&r=g","contentUrl":"https:\/\/secure.gravatar.com\/avatar\/6f37dc4eff27558ec03229bb8dd7133f519865cae374548719ce45fba3788ea8?s=96&d=mm&r=g","caption":"Rainer Werner"},"url":"https:\/\/starke-meinungen.de\/blog\/author\/werner\/"}]}},"_links":{"self":[{"href":"https:\/\/starke-meinungen.de\/blog\/wp-json\/wp\/v2\/posts\/3663","targetHints":{"allow":["GET"]}}],"collection":[{"href":"https:\/\/starke-meinungen.de\/blog\/wp-json\/wp\/v2\/posts"}],"about":[{"href":"https:\/\/starke-meinungen.de\/blog\/wp-json\/wp\/v2\/types\/post"}],"author":[{"embeddable":true,"href":"https:\/\/starke-meinungen.de\/blog\/wp-json\/wp\/v2\/users\/19"}],"replies":[{"embeddable":true,"href":"https:\/\/starke-meinungen.de\/blog\/wp-json\/wp\/v2\/comments?post=3663"}],"version-history":[{"count":1,"href":"https:\/\/starke-meinungen.de\/blog\/wp-json\/wp\/v2\/posts\/3663\/revisions"}],"predecessor-version":[{"id":3664,"href":"https:\/\/starke-meinungen.de\/blog\/wp-json\/wp\/v2\/posts\/3663\/revisions\/3664"}],"wp:attachment":[{"href":"https:\/\/starke-meinungen.de\/blog\/wp-json\/wp\/v2\/media?parent=3663"}],"wp:term":[{"taxonomy":"category","embeddable":true,"href":"https:\/\/starke-meinungen.de\/blog\/wp-json\/wp\/v2\/categories?post=3663"},{"taxonomy":"post_tag","embeddable":true,"href":"https:\/\/starke-meinungen.de\/blog\/wp-json\/wp\/v2\/tags?post=3663"}],"curies":[{"name":"wp","href":"https:\/\/api.w.org\/{rel}","templated":true}]}}