

{"id":3557,"date":"2012-09-18T00:34:45","date_gmt":"2012-09-17T23:34:45","guid":{"rendered":"https:\/\/starke-meinungen.de\/blog\/?p=3557"},"modified":"2025-11-12T18:03:28","modified_gmt":"2025-11-12T17:03:28","slug":"scharfenberg-nachruf-auf-ein-experiment","status":"publish","type":"post","link":"https:\/\/starke-meinungen.de\/blog\/2012\/09\/18\/scharfenberg-nachruf-auf-ein-experiment\/","title":{"rendered":"Scharfenberg: Nachruf auf ein Experiment"},"content":{"rendered":"<div>Wie manche Leser wissen, bin ich Produkt einer sozialdemokratisch orientierten Reformschule:<\/div>\n<div><\/div>\n<div><a href=\"http:\/\/www.welt.de\/welt_print\/debatte\/article6981832\/Ich-bin-ein-Opfer-der-Reformpaedagogik.html\" target=\"_blank\" rel=\"noopener\"><span style=\"color: blue\"><span style=\"text-decoration: underline\">http:\/\/www.welt.de\/welt_print\/debatte\/article6981832\/Ich-bin-ein-Opfer-der-Reformpaedagogik.html<\/span><\/span><\/a><\/div>\n<div><\/div>\n<div>Nun hat diese Schule, an der \u00fcbrigens mein Ex-Genosse, Freund und \u201eStarke Meinungen\u201c-Ko-Autor Rainer Werner\u00a0 lange nach meiner Schulzeit zuf\u00e4llig Lehrer gewesen ist, k\u00fcrzlich ihren 90. Geburtstag begangen. Dazu erschien eine Festschrift<span style=\"font-size: small\"> 90 Jahre Schulfarm Insel Scharfenberg 1922 \u2013 2012. Redaktion: Burkhard Ost<\/span>, in der auch ich kurz vorkomme.<!--more--><\/div>\n<div><\/div>\n<div>\u00dcber seine Schulzeit 1964 \u2013 1971 schreibt ein ehemaliger Sch\u00fcler, Christian Schumann, der offensichtlich zwei oder drei Klassen unter mir war und an den an den ich mich nicht erinnern kann. Daf\u00fcr kann er sich an mich erinnern: \u201eAlan Posener, der stark auf Widerstand geb\u00fcrstet war und fast der Schule verwiesen wurde.\u201c<\/div>\n<div>Nun ja. Die Wendung \u201eauf Widerstand geb\u00fcrstet\u201c gibt es im Deutschen nicht. Wenn man \u201egeb\u00fcrstet\u201c ist, dann \u201eauf Krawall\u201c, und das wird hier insinuiert. Jedoch war ich weder auf das eine noch das andere \u201egeb\u00fcrstet\u201c, sondern in der siebten und achten Klasse ein sch\u00fcchterner, gutm\u00fctiger, flei\u00dfiger und \u00fcberangepasster kleiner Sch\u00fcler, der so wenig auffiel, dass mir bei einem Klassentreffen neulich eine Mitsch\u00fclerin sagte: \u201eDu bist doch in der neunten Klasse nach Scharfenberg gekommen, oder?\u201c Dabei hatte sie mir (und allen anderen Jungs)\u00a0 in der achten das Blues-Tanzen beigebracht! Ein anderes gestand mir bei besagtem Treffen, dass sie damals in mich verknallt gewesen sei; es stellte sich aber heraus, dass sie mich in der Erinnerung mit einem Mitsch\u00fcler verwechselte. Weit davon entfernt, \u201eauf Widerstand geb\u00fcrstet\u201c zu sein, war ich \u2013 obwohl ich als Engl\u00e4nder, der anfangs kaum des Deutschen m\u00e4chtig war, einen gewissen Exotikfaktor gehabt haben m\u00fcsste \u2013 so gut wie unsichtbar.<\/div>\n<div><\/div>\n<div>Wenn ich in der neunten sichtbar wurde, dann hat das einen einzigen Grund: Meine Haare. Ich lie\u00df sie keineswegs \u201esehr lang\u201c wachsen, wie Schumann behauptet. Sie waren nie l\u00e4nger als schulterlang. Das war aber sp\u00e4ter. Was passierte also?<\/div>\n<div>Die Geschichte habe ich mehrfach beschrieben, zum Beispiel in einem Interview:<\/div>\n<div><\/div>\n<div>Ich war ein angepasster, kleiner 13-J\u00e4hriger und wollte ein guter Junge sein. Ich war auf dem Internat, weil meine Eltern es wollten. Zwar war ich auch ein heimlicher Rock\u2019n\u2019 Roll-Fan, das war ein Teil von mir, den ich selbst nicht richtig verstand. Dann kamen die Beatles und dieser Song, \u201eI Wanna Hold Your Hand\u201c, der alles war, was ein Rock \u00b4n Roll-Song sein musste: romantisch, heavy, rau, mit Harmonien, die nicht ganz stimmten. Ich war so begeistert, dass ich meine Haare nach vorne k\u00e4mmte, obwohl sie viel zu kurz waren. Aber ich war als Pilzkopf erkennbar und wurde vom Direktor der Reformschule sofort mit der Bemerkung nach hause geschickt, ich d\u00fcrfe wiederkommen, wenn ich wie ein Mann auss\u00e4he. Viel sp\u00e4ter hat er sich daf\u00fcr bei mir entschuldigt. Auf dem Weg zur F\u00e4hre wurde ich von zwei M\u00e4dchen begleitet. Vorher hatte sich kein \u00a0M\u00e4dchen f\u00fcr mich interessiert. \u00a0Das war eine Lektion f\u00fcrs Leben. Ich ging zum Friseur, kam zur\u00fcck, lie\u00df die Haare wieder wachsen, wurde wieder weggeschickt. Der Vorgang wiederholte sich dreimal.<\/div>\n<div><\/div>\n<div>Quelle: <a href=\"http:\/\/meedia.de\/print\/mir-geht-es-um-persoenliche-wahrheit\/2012\/06\/24.html\" target=\"_blank\" rel=\"noopener\"><span style=\"color: blue\"><span style=\"text-decoration: underline\">http:\/\/meedia.de\/print\/mir-geht-es-um-persoenliche-wahrheit\/2012\/06\/24.html<\/span><\/span><\/a><\/div>\n<div><\/div>\n<div>So war es. Ich war Anfang 1964 nicht \u201eauf Widerstand geb\u00fcrstet\u201c. Ich war nur in den Rock\u2019n\u2019Roll verliebt. Und in John Lennon. Und ich wollte die Frisur behalten, die bei den M\u00e4dchen gut ankam. Ich wollte endlich sichtbar sein.<\/div>\n<div><\/div>\n<div>Wie ich anderswo geschrieben habe:<\/div>\n<div><\/div>\n<div>\u201eAls ich damals meine Haare lang &#8211; na ja &#8222;lang&#8220;, das war l\u00e4cherlich kurz &#8211; wachsen lie\u00df wie mein Idol John Lennon, war es mit Sch\u00fclermitbestimmung und Toleranz an meiner Reformschule vorbei. Vom Direktor bekam ich die Anweisung, das Internat sofort zu verlassen und erst wiederzukehren, wenn ich &#8222;wie ein Mann&#8220; auss\u00e4he. Mehrere Jahre tobte der Kulturkampf der Lehrer und einiger scherenbewehrter \u00e4lterer Sch\u00fcler gegen unsere Dekadenz, die man &#8211; so waren die Autorit\u00e4ten damals gepolt &#8211; mit Kommunismus, Subversion und Untergang der freien Welt assoziierte.\u201c<\/div>\n<div><\/div>\n<div>Quelle: <a href=\"http:\/\/www.welt.de\/print\/die_welt\/kultur\/article106274620\/Yauch-statt-Gauck.html\" target=\"_blank\" rel=\"noopener\"><span style=\"color: blue\"><span style=\"text-decoration: underline\">http:\/\/www.welt.de\/print\/die_welt\/kultur\/article106274620\/Yauch-statt-Gauck.html<\/span><\/span><\/a><\/div>\n<div><\/div>\n<div>Das klingt im Nachhinein lustig. Aber es ist nicht lustig, von einer Truppe \u00e4lterer Sch\u00fcler gejagt zu werden, die einem die Haare abschneiden wollen. Es ist nicht lustig, wenn man Sch\u00fclermitbestimmung und Sch\u00fclermitverantwortung ernst nimmt, wenn man stolz ist auf das einem von der Sch\u00fclervollversammlung verliehene Stimmrecht, wenn man auch mitdiskutiert und mit entschieden hat, wenn es bei anderen Sch\u00fclern um Disziplinarvergehen und Strafen ging \u2013 es ist nicht lustig zu erleben, wie pl\u00f6tzlich die Demokratie au\u00dfer Kraft gesetzt wird und man per ordre de Mufti nach Hause geschickt wird, weil derSchulleiter das Gef\u00fchl hat, die anderen Sch\u00fcler k\u00f6nnten sich mit diesem doch ansonsten braven, flei\u00dfigen, schulisch erfolgreichen Jungen solidarisieren, der blo\u00df sein Pers\u00f6nlichkeitsrecht verteidigte. Ich habe unter der mir aufgezwungenen Rolle des Rebellen durchaus gelitten.<\/div>\n<div><\/div>\n<div>Warum schreibe ich das? Weil mir meine Geschichte absolut typisch vorkommt. Im Kalten Krieg standen sich\u00a0 Freiheit und Diktatur gegen\u00fcber. Ich relativiere das nicht. Aber es gab Entwicklungen, die das relativierten. Da war zun\u00e4chst die Strategie der \u201eMutually Assured Destruction\u201c (zutreffend MAD abgek\u00fcrzt), die vorsah, dass der Westen notfalls bereit war, ein Verbrechen zu begehen, das den Holocaust in den Schatten gestellt h\u00e4tte, die Welt in Schutt und Asche zu legen, wenn er strategisch bedroht w\u00fcrde. Und \u2013 was damit zusammenhing \u2013 dass der Hedonismus, der eine fast zwangsl\u00e4ufige Reaktion auf diese schreckliche Situation war, mit verkniffener, lustfeindlicher und verlogener Repression gebrochen werden sollte. Das war im Osten nat\u00fcrlich viel schlimmer. Nebbich.<\/div>\n<div><\/div>\n<div>Der scheidende Schulleiter Burkhard Ost, dem das fragw\u00fcrdige Verdienst zuf\u00e4llt, seit 2002 die reformp\u00e4dagogischen Tendenzen der Schule systematisch\u00a0 abgewickelt zu haben, schreibt in seiner Einleitung zur Festschrift: \u201eDie Schulfarm Insel Scharfenberg (\u2026) war, wenn man so will, eine demokratisch-proletarische Variante der bereits etablierten b\u00fcrgerlichen Landerziehungsheime. Diesen Charakter\u201c \u2013 also das Demokratische und Proletarische \u2013 \u201ehat Scharfenberg heute verloren, vermutlich unwiederbringlich. Vielleicht liegt es auch daran, dass es kein stimmiges erzieherisches Konzept f\u00fcr das Scharfenberger Internat mehr gab, dass der Protest gegen die Autorit\u00e4ten, der ab 1968\u201c \u2013 Quatsch! Ab 1964! \u2013 \u201edurch die Jugendlichen auch hier artikuliert wurde, nie mehr richtig p\u00e4dagogisch aufgefangen werden konnte.\u201c<\/div>\n<div><\/div>\n<div>Stimmt. P\u00e4dagogisches Versagen hat zum Ende dieses Experiments gef\u00fchrt. Schade eigentlich.<\/div>\n<div><\/div>\n<div><\/div>\n<div><em><span style=\"font-size: small\"> 90 Jahre Schulfarm Insel Scharfenberg 1922 \u2013 2012. Redaktion: Burkhard Ost<\/span><\/em><\/div>\n<div><\/div>\n<div class=\"shariff shariff-align-left shariff-widget-align-left shariff-buttonstretch\" style=\"display:none\"><ul class=\"shariff-buttons theme-white orientation-horizontal buttonsize-medium\"><li class=\"shariff-button facebook shariff-nocustomcolor\" style=\"background-color:#4273c8\"><a href=\"https:\/\/www.facebook.com\/sharer\/sharer.php?u=https%3A%2F%2Fstarke-meinungen.de%2Fblog%2F2012%2F09%2F18%2Fscharfenberg-nachruf-auf-ein-experiment%2F\" title=\"Bei Facebook teilen\" aria-label=\"Bei Facebook teilen\" role=\"button\" rel=\"nofollow\" class=\"shariff-link\" style=\"; background-color:#3b5998; color:#3b5998\" target=\"_blank\"><span class=\"shariff-icon\" style=\"fill:#3b5998\"><svg width=\"32px\" height=\"20px\" xmlns=\"http:\/\/www.w3.org\/2000\/svg\" viewBox=\"0 0 18 32\"><path fill=\"#3b5998\" d=\"M17.1 0.2v4.7h-2.8q-1.5 0-2.1 0.6t-0.5 1.9v3.4h5.2l-0.7 5.3h-4.5v13.6h-5.5v-13.6h-4.5v-5.3h4.5v-3.9q0-3.3 1.9-5.2t5-1.8q2.6 0 4.1 0.2z\"\/><\/svg><\/span><span class=\"shariff-text\" style=\"color:#3b5998\">teilen<\/span>&nbsp;<\/a><\/li><li class=\"shariff-button twitter shariff-nocustomcolor\" style=\"background-color:#595959\"><a href=\"https:\/\/twitter.com\/share?url=https%3A%2F%2Fstarke-meinungen.de%2Fblog%2F2012%2F09%2F18%2Fscharfenberg-nachruf-auf-ein-experiment%2F&text=Scharfenberg%3A%20Nachruf%20auf%20ein%20Experiment&via=starkemeinungen\" title=\"Bei X teilen\" aria-label=\"Bei X teilen\" role=\"button\" rel=\"noopener nofollow\" class=\"shariff-link\" style=\"; background-color:#000; color:#000\" target=\"_blank\"><span class=\"shariff-icon\" style=\"fill:#000\"><svg width=\"32px\" height=\"20px\" xmlns=\"http:\/\/www.w3.org\/2000\/svg\" viewBox=\"0 0 24 24\"><path fill=\"#000\" d=\"M14.258 10.152L23.176 0h-2.113l-7.747 8.813L7.133 0H0l9.352 13.328L0 23.973h2.113l8.176-9.309 6.531 9.309h7.133zm-2.895 3.293l-.949-1.328L2.875 1.56h3.246l6.086 8.523.945 1.328 7.91 11.078h-3.246zm0 0\"\/><\/svg><\/span><span class=\"shariff-text\" style=\"color:#000\">teilen<\/span>&nbsp;<\/a><\/li><li class=\"shariff-button linkedin shariff-nocustomcolor\" style=\"background-color:#1488bf\"><a href=\"https:\/\/www.linkedin.com\/sharing\/share-offsite\/?url=https%3A%2F%2Fstarke-meinungen.de%2Fblog%2F2012%2F09%2F18%2Fscharfenberg-nachruf-auf-ein-experiment%2F\" title=\"Bei LinkedIn teilen\" aria-label=\"Bei LinkedIn teilen\" role=\"button\" rel=\"noopener nofollow\" class=\"shariff-link\" style=\"; background-color:#0077b5; color:#0077b5\" target=\"_blank\"><span class=\"shariff-icon\" style=\"fill:#0077b5\"><svg width=\"32px\" height=\"20px\" xmlns=\"http:\/\/www.w3.org\/2000\/svg\" viewBox=\"0 0 27 32\"><path fill=\"#0077b5\" d=\"M6.2 11.2v17.7h-5.9v-17.7h5.9zM6.6 5.7q0 1.3-0.9 2.2t-2.4 0.9h0q-1.5 0-2.4-0.9t-0.9-2.2 0.9-2.2 2.4-0.9 2.4 0.9 0.9 2.2zM27.4 18.7v10.1h-5.9v-9.5q0-1.9-0.7-2.9t-2.3-1.1q-1.1 0-1.9 0.6t-1.2 1.5q-0.2 0.5-0.2 1.4v9.9h-5.9q0-7.1 0-11.6t0-5.3l0-0.9h5.9v2.6h0q0.4-0.6 0.7-1t1-0.9 1.6-0.8 2-0.3q3 0 4.9 2t1.9 6z\"\/><\/svg><\/span><span class=\"shariff-text\" style=\"color:#0077b5\">teilen<\/span>&nbsp;<\/a><\/li><li class=\"shariff-button xing shariff-nocustomcolor\" style=\"background-color:#29888a\"><a href=\"https:\/\/www.xing.com\/spi\/shares\/new?url=https%3A%2F%2Fstarke-meinungen.de%2Fblog%2F2012%2F09%2F18%2Fscharfenberg-nachruf-auf-ein-experiment%2F\" title=\"Bei XING teilen\" aria-label=\"Bei XING teilen\" role=\"button\" rel=\"noopener nofollow\" class=\"shariff-link\" style=\"; background-color:#126567; color:#126567\" target=\"_blank\"><span class=\"shariff-icon\" style=\"fill:#126567\"><svg width=\"32px\" height=\"20px\" xmlns=\"http:\/\/www.w3.org\/2000\/svg\" viewBox=\"0 0 25 32\"><path fill=\"#126567\" d=\"M10.7 11.9q-0.2 0.3-4.6 8.2-0.5 0.8-1.2 0.8h-4.3q-0.4 0-0.5-0.3t0-0.6l4.5-8q0 0 0 0l-2.9-5q-0.2-0.4 0-0.7 0.2-0.3 0.5-0.3h4.3q0.7 0 1.2 0.8zM25.1 0.4q0.2 0.3 0 0.7l-9.4 16.7 6 11q0.2 0.4 0 0.6-0.2 0.3-0.6 0.3h-4.3q-0.7 0-1.2-0.8l-6-11.1q0.3-0.6 9.5-16.8 0.4-0.8 1.2-0.8h4.3q0.4 0 0.5 0.3z\"\/><\/svg><\/span><span class=\"shariff-text\" style=\"color:#126567\">teilen<\/span>&nbsp;<\/a><\/li><li class=\"shariff-button whatsapp shariff-nocustomcolor\" style=\"background-color:#5cbe4a\"><a href=\"https:\/\/api.whatsapp.com\/send?text=https%3A%2F%2Fstarke-meinungen.de%2Fblog%2F2012%2F09%2F18%2Fscharfenberg-nachruf-auf-ein-experiment%2F%20Scharfenberg%3A%20Nachruf%20auf%20ein%20Experiment\" title=\"Bei Whatsapp teilen\" aria-label=\"Bei Whatsapp teilen\" role=\"button\" rel=\"noopener nofollow\" class=\"shariff-link\" style=\"; background-color:#34af23; color:#34af23\" target=\"_blank\"><span class=\"shariff-icon\" style=\"fill:#34af23\"><svg width=\"32px\" height=\"20px\" xmlns=\"http:\/\/www.w3.org\/2000\/svg\" viewBox=\"0 0 32 32\"><path fill=\"#34af23\" d=\"M17.6 17.4q0.2 0 1.7 0.8t1.6 0.9q0 0.1 0 0.3 0 0.6-0.3 1.4-0.3 0.7-1.3 1.2t-1.8 0.5q-1 0-3.4-1.1-1.7-0.8-3-2.1t-2.6-3.3q-1.3-1.9-1.3-3.5v-0.1q0.1-1.6 1.3-2.8 0.4-0.4 0.9-0.4 0.1 0 0.3 0t0.3 0q0.3 0 0.5 0.1t0.3 0.5q0.1 0.4 0.6 1.6t0.4 1.3q0 0.4-0.6 1t-0.6 0.8q0 0.1 0.1 0.3 0.6 1.3 1.8 2.4 1 0.9 2.7 1.8 0.2 0.1 0.4 0.1 0.3 0 1-0.9t0.9-0.9zM14 26.9q2.3 0 4.3-0.9t3.6-2.4 2.4-3.6 0.9-4.3-0.9-4.3-2.4-3.6-3.6-2.4-4.3-0.9-4.3 0.9-3.6 2.4-2.4 3.6-0.9 4.3q0 3.6 2.1 6.6l-1.4 4.2 4.3-1.4q2.8 1.9 6.2 1.9zM14 2.2q2.7 0 5.2 1.1t4.3 2.9 2.9 4.3 1.1 5.2-1.1 5.2-2.9 4.3-4.3 2.9-5.2 1.1q-3.5 0-6.5-1.7l-7.4 2.4 2.4-7.2q-1.9-3.2-1.9-6.9 0-2.7 1.1-5.2t2.9-4.3 4.3-2.9 5.2-1.1z\"\/><\/svg><\/span><span class=\"shariff-text\" style=\"color:#34af23\">teilen<\/span>&nbsp;<\/a><\/li><li class=\"shariff-button info shariff-nocustomcolor\" style=\"background-color:#a8a8a8\"><a href=\"http:\/\/ct.de\/-2467514\" title=\"Weitere Informationen\" aria-label=\"Weitere Informationen\" role=\"button\" rel=\"noopener \" class=\"shariff-link\" style=\"; background-color:#999; color:#999\" target=\"_blank\"><span class=\"shariff-icon\" style=\"fill:#999\"><svg width=\"32px\" height=\"20px\" xmlns=\"http:\/\/www.w3.org\/2000\/svg\" viewBox=\"0 0 11 32\"><path fill=\"#999\" d=\"M11.4 24v2.3q0 0.5-0.3 0.8t-0.8 0.4h-9.1q-0.5 0-0.8-0.4t-0.4-0.8v-2.3q0-0.5 0.4-0.8t0.8-0.4h1.1v-6.8h-1.1q-0.5 0-0.8-0.4t-0.4-0.8v-2.3q0-0.5 0.4-0.8t0.8-0.4h6.8q0.5 0 0.8 0.4t0.4 0.8v10.3h1.1q0.5 0 0.8 0.4t0.3 0.8zM9.2 3.4v3.4q0 0.5-0.4 0.8t-0.8 0.4h-4.6q-0.4 0-0.8-0.4t-0.4-0.8v-3.4q0-0.4 0.4-0.8t0.8-0.4h4.6q0.5 0 0.8 0.4t0.4 0.8z\"\/><\/svg><\/span><\/a><\/li><\/ul><\/div>","protected":false},"excerpt":{"rendered":"<p>Wie manche Leser wissen, bin ich Produkt einer sozialdemokratisch orientierten Reformschule: http:\/\/www.welt.de\/welt_print\/debatte\/article6981832\/Ich-bin-ein-Opfer-der-Reformpaedagogik.html Nun hat diese Schule, an der \u00fcbrigens mein Ex-Genosse, Freund und \u201eStarke Meinungen\u201c-Ko-Autor Rainer Werner\u00a0 lange nach meiner Schulzeit zuf\u00e4llig Lehrer gewesen ist, k\u00fcrzlich ihren 90. Geburtstag begangen. Dazu erschien eine Festschrift 90 Jahre Schulfarm Insel Scharfenberg 1922 \u2013 2012. Redaktion: Burkhard Ost, in der auch ich kurz&#8230; <a href=\"https:\/\/starke-meinungen.de\/blog\/2012\/09\/18\/scharfenberg-nachruf-auf-ein-experiment\/\">Weiterlesen &raquo;<\/a><\/p>\n","protected":false},"author":13,"featured_media":15431,"comment_status":"open","ping_status":"open","sticky":false,"template":"","format":"standard","meta":{"footnotes":""},"categories":[209,1],"tags":[782,2127,3633],"class_list":["post-3557","post","type-post","status-publish","format-standard","has-post-thumbnail","hentry","category-alan-posener","category-allgemein","tag-reformpadagogik","tag-schulfarm-scharfenberg","tag-the-beatles"],"yoast_head":"<!-- This site is optimized with the Yoast SEO plugin v27.5 - https:\/\/yoast.com\/product\/yoast-seo-wordpress\/ -->\n<title>Scharfenberg: Nachruf auf ein Experiment - starke-meinungen.de<\/title>\n<meta name=\"robots\" content=\"index, follow, max-snippet:-1, max-image-preview:large, max-video-preview:-1\" \/>\n<link rel=\"canonical\" href=\"https:\/\/starke-meinungen.de\/blog\/2012\/09\/18\/scharfenberg-nachruf-auf-ein-experiment\/\" \/>\n<meta property=\"og:locale\" content=\"de_DE\" \/>\n<meta property=\"og:type\" content=\"article\" \/>\n<meta property=\"og:title\" content=\"Scharfenberg: Nachruf auf ein Experiment - starke-meinungen.de\" \/>\n<meta property=\"og:description\" content=\"Wie manche Leser wissen, bin ich Produkt einer sozialdemokratisch orientierten Reformschule: http:\/\/www.welt.de\/welt_print\/debatte\/article6981832\/Ich-bin-ein-Opfer-der-Reformpaedagogik.html Nun hat diese Schule, an der \u00fcbrigens mein Ex-Genosse, Freund und \u201eStarke Meinungen\u201c-Ko-Autor Rainer Werner\u00a0 lange nach meiner Schulzeit zuf\u00e4llig Lehrer gewesen ist, k\u00fcrzlich ihren 90. Geburtstag begangen. Dazu erschien eine Festschrift 90 Jahre Schulfarm Insel Scharfenberg 1922 \u2013 2012. Redaktion: Burkhard Ost, in der auch ich kurz... Weiterlesen &raquo;\" \/>\n<meta property=\"og:url\" content=\"https:\/\/starke-meinungen.de\/blog\/2012\/09\/18\/scharfenberg-nachruf-auf-ein-experiment\/\" \/>\n<meta property=\"og:site_name\" content=\"starke-meinungen.de\" \/>\n<meta property=\"article:publisher\" content=\"https:\/\/www.facebook.com\/starkemeinungen\/\" \/>\n<meta property=\"article:published_time\" content=\"2012-09-17T23:34:45+00:00\" \/>\n<meta property=\"article:modified_time\" content=\"2025-11-12T17:03:28+00:00\" \/>\n<meta property=\"og:image\" content=\"https:\/\/starke-meinungen.de\/blog\/wp-content\/uploads\/Scharfenberg.jpeg\" \/>\n\t<meta property=\"og:image:width\" content=\"1000\" \/>\n\t<meta property=\"og:image:height\" content=\"428\" \/>\n\t<meta property=\"og:image:type\" content=\"image\/jpeg\" \/>\n<meta name=\"author\" content=\"Alan Posener\" \/>\n<meta name=\"twitter:card\" content=\"summary_large_image\" \/>\n<meta name=\"twitter:creator\" content=\"@starkemeinungen\" \/>\n<meta name=\"twitter:site\" content=\"@starkemeinungen\" \/>\n<meta name=\"twitter:label1\" content=\"Verfasst von\" \/>\n\t<meta name=\"twitter:data1\" content=\"Alan Posener\" \/>\n\t<meta name=\"twitter:label2\" content=\"Gesch\u00e4tzte Lesezeit\" \/>\n\t<meta name=\"twitter:data2\" content=\"6\u00a0Minuten\" \/>\n<script type=\"application\/ld+json\" class=\"yoast-schema-graph\">{\"@context\":\"https:\\\/\\\/schema.org\",\"@graph\":[{\"@type\":\"Article\",\"@id\":\"https:\\\/\\\/starke-meinungen.de\\\/blog\\\/2012\\\/09\\\/18\\\/scharfenberg-nachruf-auf-ein-experiment\\\/#article\",\"isPartOf\":{\"@id\":\"https:\\\/\\\/starke-meinungen.de\\\/blog\\\/2012\\\/09\\\/18\\\/scharfenberg-nachruf-auf-ein-experiment\\\/\"},\"author\":{\"name\":\"Alan Posener\",\"@id\":\"https:\\\/\\\/starke-meinungen.de\\\/blog\\\/#\\\/schema\\\/person\\\/32d0faef7c31a37c1c89be993d7a6d28\"},\"headline\":\"Scharfenberg: Nachruf auf ein Experiment\",\"datePublished\":\"2012-09-17T23:34:45+00:00\",\"dateModified\":\"2025-11-12T17:03:28+00:00\",\"mainEntityOfPage\":{\"@id\":\"https:\\\/\\\/starke-meinungen.de\\\/blog\\\/2012\\\/09\\\/18\\\/scharfenberg-nachruf-auf-ein-experiment\\\/\"},\"wordCount\":1057,\"commentCount\":84,\"publisher\":{\"@id\":\"https:\\\/\\\/starke-meinungen.de\\\/blog\\\/#organization\"},\"image\":{\"@id\":\"https:\\\/\\\/starke-meinungen.de\\\/blog\\\/2012\\\/09\\\/18\\\/scharfenberg-nachruf-auf-ein-experiment\\\/#primaryimage\"},\"thumbnailUrl\":\"https:\\\/\\\/starke-meinungen.de\\\/blog\\\/wp-content\\\/uploads\\\/Scharfenberg.jpeg\",\"keywords\":[\"Reformp\u00e4dagogik\",\"Schulfarm Scharfenberg\",\"The Beatles\"],\"articleSection\":[\"Alan Posener\"],\"inLanguage\":\"de\",\"potentialAction\":[{\"@type\":\"CommentAction\",\"name\":\"Comment\",\"target\":[\"https:\\\/\\\/starke-meinungen.de\\\/blog\\\/2012\\\/09\\\/18\\\/scharfenberg-nachruf-auf-ein-experiment\\\/#respond\"]}]},{\"@type\":\"WebPage\",\"@id\":\"https:\\\/\\\/starke-meinungen.de\\\/blog\\\/2012\\\/09\\\/18\\\/scharfenberg-nachruf-auf-ein-experiment\\\/\",\"url\":\"https:\\\/\\\/starke-meinungen.de\\\/blog\\\/2012\\\/09\\\/18\\\/scharfenberg-nachruf-auf-ein-experiment\\\/\",\"name\":\"Scharfenberg: Nachruf auf ein Experiment - starke-meinungen.de\",\"isPartOf\":{\"@id\":\"https:\\\/\\\/starke-meinungen.de\\\/blog\\\/#website\"},\"primaryImageOfPage\":{\"@id\":\"https:\\\/\\\/starke-meinungen.de\\\/blog\\\/2012\\\/09\\\/18\\\/scharfenberg-nachruf-auf-ein-experiment\\\/#primaryimage\"},\"image\":{\"@id\":\"https:\\\/\\\/starke-meinungen.de\\\/blog\\\/2012\\\/09\\\/18\\\/scharfenberg-nachruf-auf-ein-experiment\\\/#primaryimage\"},\"thumbnailUrl\":\"https:\\\/\\\/starke-meinungen.de\\\/blog\\\/wp-content\\\/uploads\\\/Scharfenberg.jpeg\",\"datePublished\":\"2012-09-17T23:34:45+00:00\",\"dateModified\":\"2025-11-12T17:03:28+00:00\",\"breadcrumb\":{\"@id\":\"https:\\\/\\\/starke-meinungen.de\\\/blog\\\/2012\\\/09\\\/18\\\/scharfenberg-nachruf-auf-ein-experiment\\\/#breadcrumb\"},\"inLanguage\":\"de\",\"potentialAction\":[{\"@type\":\"ReadAction\",\"target\":[\"https:\\\/\\\/starke-meinungen.de\\\/blog\\\/2012\\\/09\\\/18\\\/scharfenberg-nachruf-auf-ein-experiment\\\/\"]}]},{\"@type\":\"ImageObject\",\"inLanguage\":\"de\",\"@id\":\"https:\\\/\\\/starke-meinungen.de\\\/blog\\\/2012\\\/09\\\/18\\\/scharfenberg-nachruf-auf-ein-experiment\\\/#primaryimage\",\"url\":\"https:\\\/\\\/starke-meinungen.de\\\/blog\\\/wp-content\\\/uploads\\\/Scharfenberg.jpeg\",\"contentUrl\":\"https:\\\/\\\/starke-meinungen.de\\\/blog\\\/wp-content\\\/uploads\\\/Scharfenberg.jpeg\",\"width\":1000,\"height\":428},{\"@type\":\"BreadcrumbList\",\"@id\":\"https:\\\/\\\/starke-meinungen.de\\\/blog\\\/2012\\\/09\\\/18\\\/scharfenberg-nachruf-auf-ein-experiment\\\/#breadcrumb\",\"itemListElement\":[{\"@type\":\"ListItem\",\"position\":1,\"name\":\"Startseite\",\"item\":\"https:\\\/\\\/starke-meinungen.de\\\/blog\\\/\"},{\"@type\":\"ListItem\",\"position\":2,\"name\":\"Scharfenberg: Nachruf auf ein Experiment\"}]},{\"@type\":\"WebSite\",\"@id\":\"https:\\\/\\\/starke-meinungen.de\\\/blog\\\/#website\",\"url\":\"https:\\\/\\\/starke-meinungen.de\\\/blog\\\/\",\"name\":\"starke-meinungen.de\",\"description\":\"Autoren-Blog\",\"publisher\":{\"@id\":\"https:\\\/\\\/starke-meinungen.de\\\/blog\\\/#organization\"},\"potentialAction\":[{\"@type\":\"SearchAction\",\"target\":{\"@type\":\"EntryPoint\",\"urlTemplate\":\"https:\\\/\\\/starke-meinungen.de\\\/blog\\\/?s={search_term_string}\"},\"query-input\":{\"@type\":\"PropertyValueSpecification\",\"valueRequired\":true,\"valueName\":\"search_term_string\"}}],\"inLanguage\":\"de\"},{\"@type\":\"Organization\",\"@id\":\"https:\\\/\\\/starke-meinungen.de\\\/blog\\\/#organization\",\"name\":\"starke-meinungen.de\",\"url\":\"https:\\\/\\\/starke-meinungen.de\\\/blog\\\/\",\"logo\":{\"@type\":\"ImageObject\",\"inLanguage\":\"de\",\"@id\":\"https:\\\/\\\/starke-meinungen.de\\\/blog\\\/#\\\/schema\\\/logo\\\/image\\\/\",\"url\":\"https:\\\/\\\/starke-meinungen.de\\\/blog\\\/wp-content\\\/uploads\\\/starke-meinungen-fb-header.jpg\",\"contentUrl\":\"https:\\\/\\\/starke-meinungen.de\\\/blog\\\/wp-content\\\/uploads\\\/starke-meinungen-fb-header.jpg\",\"width\":1200,\"height\":630,\"caption\":\"starke-meinungen.de\"},\"image\":{\"@id\":\"https:\\\/\\\/starke-meinungen.de\\\/blog\\\/#\\\/schema\\\/logo\\\/image\\\/\"},\"sameAs\":[\"https:\\\/\\\/www.facebook.com\\\/starkemeinungen\\\/\",\"https:\\\/\\\/x.com\\\/starkemeinungen\"]},{\"@type\":\"Person\",\"@id\":\"https:\\\/\\\/starke-meinungen.de\\\/blog\\\/#\\\/schema\\\/person\\\/32d0faef7c31a37c1c89be993d7a6d28\",\"name\":\"Alan Posener\",\"image\":{\"@type\":\"ImageObject\",\"inLanguage\":\"de\",\"@id\":\"https:\\\/\\\/secure.gravatar.com\\\/avatar\\\/c75c8818a9ab78c4faa75048dba7844e2587998cda4d93f84e7d86f7e21a9b90?s=96&d=mm&r=g\",\"url\":\"https:\\\/\\\/secure.gravatar.com\\\/avatar\\\/c75c8818a9ab78c4faa75048dba7844e2587998cda4d93f84e7d86f7e21a9b90?s=96&d=mm&r=g\",\"contentUrl\":\"https:\\\/\\\/secure.gravatar.com\\\/avatar\\\/c75c8818a9ab78c4faa75048dba7844e2587998cda4d93f84e7d86f7e21a9b90?s=96&d=mm&r=g\",\"caption\":\"Alan Posener\"},\"url\":\"https:\\\/\\\/starke-meinungen.de\\\/blog\\\/author\\\/posener\\\/\"}]}<\/script>\n<!-- \/ Yoast SEO plugin. -->","yoast_head_json":{"title":"Scharfenberg: Nachruf auf ein Experiment - starke-meinungen.de","robots":{"index":"index","follow":"follow","max-snippet":"max-snippet:-1","max-image-preview":"max-image-preview:large","max-video-preview":"max-video-preview:-1"},"canonical":"https:\/\/starke-meinungen.de\/blog\/2012\/09\/18\/scharfenberg-nachruf-auf-ein-experiment\/","og_locale":"de_DE","og_type":"article","og_title":"Scharfenberg: Nachruf auf ein Experiment - starke-meinungen.de","og_description":"Wie manche Leser wissen, bin ich Produkt einer sozialdemokratisch orientierten Reformschule: http:\/\/www.welt.de\/welt_print\/debatte\/article6981832\/Ich-bin-ein-Opfer-der-Reformpaedagogik.html Nun hat diese Schule, an der \u00fcbrigens mein Ex-Genosse, Freund und \u201eStarke Meinungen\u201c-Ko-Autor Rainer Werner\u00a0 lange nach meiner Schulzeit zuf\u00e4llig Lehrer gewesen ist, k\u00fcrzlich ihren 90. Geburtstag begangen. Dazu erschien eine Festschrift 90 Jahre Schulfarm Insel Scharfenberg 1922 \u2013 2012. Redaktion: Burkhard Ost, in der auch ich kurz... Weiterlesen &raquo;","og_url":"https:\/\/starke-meinungen.de\/blog\/2012\/09\/18\/scharfenberg-nachruf-auf-ein-experiment\/","og_site_name":"starke-meinungen.de","article_publisher":"https:\/\/www.facebook.com\/starkemeinungen\/","article_published_time":"2012-09-17T23:34:45+00:00","article_modified_time":"2025-11-12T17:03:28+00:00","og_image":[{"width":1000,"height":428,"url":"https:\/\/starke-meinungen.de\/blog\/wp-content\/uploads\/Scharfenberg.jpeg","type":"image\/jpeg"}],"author":"Alan Posener","twitter_card":"summary_large_image","twitter_creator":"@starkemeinungen","twitter_site":"@starkemeinungen","twitter_misc":{"Verfasst von":"Alan Posener","Gesch\u00e4tzte Lesezeit":"6\u00a0Minuten"},"schema":{"@context":"https:\/\/schema.org","@graph":[{"@type":"Article","@id":"https:\/\/starke-meinungen.de\/blog\/2012\/09\/18\/scharfenberg-nachruf-auf-ein-experiment\/#article","isPartOf":{"@id":"https:\/\/starke-meinungen.de\/blog\/2012\/09\/18\/scharfenberg-nachruf-auf-ein-experiment\/"},"author":{"name":"Alan Posener","@id":"https:\/\/starke-meinungen.de\/blog\/#\/schema\/person\/32d0faef7c31a37c1c89be993d7a6d28"},"headline":"Scharfenberg: Nachruf auf ein Experiment","datePublished":"2012-09-17T23:34:45+00:00","dateModified":"2025-11-12T17:03:28+00:00","mainEntityOfPage":{"@id":"https:\/\/starke-meinungen.de\/blog\/2012\/09\/18\/scharfenberg-nachruf-auf-ein-experiment\/"},"wordCount":1057,"commentCount":84,"publisher":{"@id":"https:\/\/starke-meinungen.de\/blog\/#organization"},"image":{"@id":"https:\/\/starke-meinungen.de\/blog\/2012\/09\/18\/scharfenberg-nachruf-auf-ein-experiment\/#primaryimage"},"thumbnailUrl":"https:\/\/starke-meinungen.de\/blog\/wp-content\/uploads\/Scharfenberg.jpeg","keywords":["Reformp\u00e4dagogik","Schulfarm Scharfenberg","The Beatles"],"articleSection":["Alan Posener"],"inLanguage":"de","potentialAction":[{"@type":"CommentAction","name":"Comment","target":["https:\/\/starke-meinungen.de\/blog\/2012\/09\/18\/scharfenberg-nachruf-auf-ein-experiment\/#respond"]}]},{"@type":"WebPage","@id":"https:\/\/starke-meinungen.de\/blog\/2012\/09\/18\/scharfenberg-nachruf-auf-ein-experiment\/","url":"https:\/\/starke-meinungen.de\/blog\/2012\/09\/18\/scharfenberg-nachruf-auf-ein-experiment\/","name":"Scharfenberg: Nachruf auf ein Experiment - starke-meinungen.de","isPartOf":{"@id":"https:\/\/starke-meinungen.de\/blog\/#website"},"primaryImageOfPage":{"@id":"https:\/\/starke-meinungen.de\/blog\/2012\/09\/18\/scharfenberg-nachruf-auf-ein-experiment\/#primaryimage"},"image":{"@id":"https:\/\/starke-meinungen.de\/blog\/2012\/09\/18\/scharfenberg-nachruf-auf-ein-experiment\/#primaryimage"},"thumbnailUrl":"https:\/\/starke-meinungen.de\/blog\/wp-content\/uploads\/Scharfenberg.jpeg","datePublished":"2012-09-17T23:34:45+00:00","dateModified":"2025-11-12T17:03:28+00:00","breadcrumb":{"@id":"https:\/\/starke-meinungen.de\/blog\/2012\/09\/18\/scharfenberg-nachruf-auf-ein-experiment\/#breadcrumb"},"inLanguage":"de","potentialAction":[{"@type":"ReadAction","target":["https:\/\/starke-meinungen.de\/blog\/2012\/09\/18\/scharfenberg-nachruf-auf-ein-experiment\/"]}]},{"@type":"ImageObject","inLanguage":"de","@id":"https:\/\/starke-meinungen.de\/blog\/2012\/09\/18\/scharfenberg-nachruf-auf-ein-experiment\/#primaryimage","url":"https:\/\/starke-meinungen.de\/blog\/wp-content\/uploads\/Scharfenberg.jpeg","contentUrl":"https:\/\/starke-meinungen.de\/blog\/wp-content\/uploads\/Scharfenberg.jpeg","width":1000,"height":428},{"@type":"BreadcrumbList","@id":"https:\/\/starke-meinungen.de\/blog\/2012\/09\/18\/scharfenberg-nachruf-auf-ein-experiment\/#breadcrumb","itemListElement":[{"@type":"ListItem","position":1,"name":"Startseite","item":"https:\/\/starke-meinungen.de\/blog\/"},{"@type":"ListItem","position":2,"name":"Scharfenberg: Nachruf auf ein Experiment"}]},{"@type":"WebSite","@id":"https:\/\/starke-meinungen.de\/blog\/#website","url":"https:\/\/starke-meinungen.de\/blog\/","name":"starke-meinungen.de","description":"Autoren-Blog","publisher":{"@id":"https:\/\/starke-meinungen.de\/blog\/#organization"},"potentialAction":[{"@type":"SearchAction","target":{"@type":"EntryPoint","urlTemplate":"https:\/\/starke-meinungen.de\/blog\/?s={search_term_string}"},"query-input":{"@type":"PropertyValueSpecification","valueRequired":true,"valueName":"search_term_string"}}],"inLanguage":"de"},{"@type":"Organization","@id":"https:\/\/starke-meinungen.de\/blog\/#organization","name":"starke-meinungen.de","url":"https:\/\/starke-meinungen.de\/blog\/","logo":{"@type":"ImageObject","inLanguage":"de","@id":"https:\/\/starke-meinungen.de\/blog\/#\/schema\/logo\/image\/","url":"https:\/\/starke-meinungen.de\/blog\/wp-content\/uploads\/starke-meinungen-fb-header.jpg","contentUrl":"https:\/\/starke-meinungen.de\/blog\/wp-content\/uploads\/starke-meinungen-fb-header.jpg","width":1200,"height":630,"caption":"starke-meinungen.de"},"image":{"@id":"https:\/\/starke-meinungen.de\/blog\/#\/schema\/logo\/image\/"},"sameAs":["https:\/\/www.facebook.com\/starkemeinungen\/","https:\/\/x.com\/starkemeinungen"]},{"@type":"Person","@id":"https:\/\/starke-meinungen.de\/blog\/#\/schema\/person\/32d0faef7c31a37c1c89be993d7a6d28","name":"Alan Posener","image":{"@type":"ImageObject","inLanguage":"de","@id":"https:\/\/secure.gravatar.com\/avatar\/c75c8818a9ab78c4faa75048dba7844e2587998cda4d93f84e7d86f7e21a9b90?s=96&d=mm&r=g","url":"https:\/\/secure.gravatar.com\/avatar\/c75c8818a9ab78c4faa75048dba7844e2587998cda4d93f84e7d86f7e21a9b90?s=96&d=mm&r=g","contentUrl":"https:\/\/secure.gravatar.com\/avatar\/c75c8818a9ab78c4faa75048dba7844e2587998cda4d93f84e7d86f7e21a9b90?s=96&d=mm&r=g","caption":"Alan Posener"},"url":"https:\/\/starke-meinungen.de\/blog\/author\/posener\/"}]}},"_links":{"self":[{"href":"https:\/\/starke-meinungen.de\/blog\/wp-json\/wp\/v2\/posts\/3557","targetHints":{"allow":["GET"]}}],"collection":[{"href":"https:\/\/starke-meinungen.de\/blog\/wp-json\/wp\/v2\/posts"}],"about":[{"href":"https:\/\/starke-meinungen.de\/blog\/wp-json\/wp\/v2\/types\/post"}],"author":[{"embeddable":true,"href":"https:\/\/starke-meinungen.de\/blog\/wp-json\/wp\/v2\/users\/13"}],"replies":[{"embeddable":true,"href":"https:\/\/starke-meinungen.de\/blog\/wp-json\/wp\/v2\/comments?post=3557"}],"version-history":[{"count":2,"href":"https:\/\/starke-meinungen.de\/blog\/wp-json\/wp\/v2\/posts\/3557\/revisions"}],"predecessor-version":[{"id":15432,"href":"https:\/\/starke-meinungen.de\/blog\/wp-json\/wp\/v2\/posts\/3557\/revisions\/15432"}],"wp:featuredmedia":[{"embeddable":true,"href":"https:\/\/starke-meinungen.de\/blog\/wp-json\/wp\/v2\/media\/15431"}],"wp:attachment":[{"href":"https:\/\/starke-meinungen.de\/blog\/wp-json\/wp\/v2\/media?parent=3557"}],"wp:term":[{"taxonomy":"category","embeddable":true,"href":"https:\/\/starke-meinungen.de\/blog\/wp-json\/wp\/v2\/categories?post=3557"},{"taxonomy":"post_tag","embeddable":true,"href":"https:\/\/starke-meinungen.de\/blog\/wp-json\/wp\/v2\/tags?post=3557"}],"curies":[{"name":"wp","href":"https:\/\/api.w.org\/{rel}","templated":true}]}}