

{"id":3418,"date":"2012-06-22T08:11:11","date_gmt":"2012-06-22T07:11:11","guid":{"rendered":"https:\/\/starke-meinungen.de\/blog\/?p=3418"},"modified":"2012-06-25T18:35:17","modified_gmt":"2012-06-25T17:35:17","slug":"gesicht-zeigen-wider-die-kultur-des-anonymen-im-netz","status":"publish","type":"post","link":"https:\/\/starke-meinungen.de\/blog\/2012\/06\/22\/gesicht-zeigen-wider-die-kultur-des-anonymen-im-netz\/","title":{"rendered":"Gesicht zeigen!  Wider  die Kultur des Anonymen  im Netz"},"content":{"rendered":"<p><strong><\/strong>Vor einem Jahr ver\u00f6ffentlichte ich in der \u201eWelt am Sonntag\u201c einen harmlosen Artikel \u00fcber die Stuttgarter Wutb\u00fcrger, die den geplanten unterirdischen Bahnhof zum Teil mit rabiaten\u00a0 \u00a0Mitteln bek\u00e4mpften. Ich riet ihnen zu mehr Gelassenheit und legte \u00a0ihnen als Vorbild ihren schw\u00e4bischen Landsmann, Dichter und Pfarrer Eduard M\u00f6rike (\u201eDoch in der Mitten \/ Liegt holdes Bescheiden\u201c) ans Herz.<\/p>\n<p>Es gab die \u00fcblichen Leserbriefe, die in der Printausgabe der Zeitung abgedruckt wurden. \u00a0Pro und Kontra, sch\u00f6n ausgewogen, argumentativ und gem\u00e4\u00dfigt \u00a0im Ton. Ganz anders in den Kommentareintr\u00e4gen der Online-Ausgabe. Die Spalten quollen \u00fcber vor Hasstiraden, w\u00fcsten Beschimpfungen. Ein Leser drohte mir Schl\u00e4ge an, sollte ich jemals wieder Stuttgarter Boden betreten. <!--more-->So lernte ich \u00a0den Unterschied zwischen offenem Visier\u00a0 und Vermummung\u00a0\u00a0 kennen. Die Anonymit\u00e4t im Netz gebiert Ungeheuer, k\u00f6nnte man frei nach \u00a0Goya sagen. Niedrige Instinkte werden frei gesetzt, wenn \u00a0die soziale Kontrolle, die mit der Preisgabe des Klarnamens \u00a0einher geht, wegf\u00e4llt.<\/p>\n<p>Im Schutz der\u00a0 Anonymit\u00e4t k\u00f6nnen sich \u00a0die Gem\u00fcter einer erregten Netzgemeinde so stark aufheizen, dass es zu Lynchdrohungen gegen Unschuldige kommt. Vor einigen Wochen wurde in L\u00fcbeck ein 18-j\u00e4hriger Sch\u00fcler zu zwei Wochen Jugendhaft verurteilt, weil er in seinem Facebook-Profil geschrieben hatte: \u201eLass uns das Schwein tothauen!\u201c \u2013 Gemeint war ein junger Mann, den die Polizei kurz zuvor verhaftet hatte, weil sie ihn f\u00fcr den M\u00f6rder eines 11-j\u00e4hrigen M\u00e4dchens hielt. Die Polizei gestand kurz darauf ihren Irrtum ein und setzte den zu Unrecht Verhafteten wieder auf freien Fu\u00df. Sp\u00e4ter wurde dann der tats\u00e4chliche M\u00f6rder in Haft genommen. Die f\u00fcr Internetkriminalit\u00e4t zust\u00e4ndige Ermittlungsbeh\u00f6rde ermittelte \u00fcber die IP-Adresse den Sch\u00fcler und erhob Anklage wegen des Aufrufs zu einer schweren\u00a0 Straftat.<\/p>\n<p>Am gef\u00e4hrlichsten sind die\u00a0 Anonymen, wenn sie\u00a0 \u00a0im Schwarm auftreten. \u00a0Schwarm-Intelligenz \u00a0\u00a0bef\u00f6rdert \u00a0dann das B\u00f6se. Die Hacker der Gruppe \u201eAnonymous\u201c bek\u00e4mpfen \u00a0ihren Lieblingsfeind\u00a0 mit \u00a0Cyber-Waffen, die sie virtuos beherrschen. \u00a0Sie attackieren Web-Seiten von Regierungen, vornehmlich die des Wei\u00dfen Hauses, von verhassten Institutionen wie dem FBI und von Konzernen der Musikindustrie oder der GEMA. Mit Millionen von Mails, die sie auf die Web-Seiten versenden, legen sie diese lahm. Bei solchen Aktionen k\u00f6nnen die\u00a0 Anonymen \u00a0mit der klammheimlichen Freude der Internet-Gemeinde \u00a0rechnen. PC-Zeitschriften ermittelten in Umfragen \u00a0bei\u00a0 ihren Lesern eine Sympathie-Rate von bis zu 67 %.<\/p>\n<p>Eine besonders perfide Aktion startete \u201eAnonymous\u201c vor einigen Wochen gegen die Schriftsteller und Autoren, die den Aufruf \u201eWir sind die Urheber. Gegen den Diebstahl geistigen Eigentums\u201c ins Netz gestellt hatten. Die Anonymen ver\u00f6ffentlichten die\u00a0 Namen, Adressen und Telefonnummern der Initiatoren dieser Initiative, und nicht nur das: Sie ver\u00f6ffentlichten auch die pers\u00f6nlichen Daten ihrer Familienangeh\u00f6rigen. Im Klartext sollte das hei\u00dfen: Wir wissen, wo ihr wohnt, und die Netzgemeinde wei\u00df es jetzt auch! Wir k\u00f6nnen euch jederzeit attackieren, nicht nur im Netz, sondern auch real. Menschen \u00f6ffentlich zu brandmarken \u00a0und zu n\u00f6tigen markiert einen R\u00fcckfall in\u00a0 mittelalterliche Strafphantasien.<\/p>\n<p>Die Fanatiker mit der\u00a0 wei\u00dfen Maske sind vielleicht noch\u00a0 zu jung, um zu wissen, dass diese Aktion ein ber\u00fcchtigtes Vorbild hat. Als Joseph Goebbels im Jahre 1926 von Adolf Hitler zum Gauleiter von Berlin ernannt wurde, begann er systematisch, das \u00f6ffentliche Leben mit radikalen, vor allem gegen die Juden gerichteten Aktionen zu vergiften. Eine Aktion bestand darin, dass die NSDAP die Namen und Adressen reicher j\u00fcdischer B\u00fcrger Berlins in ihren Parteizeitungen ver\u00f6ffentlichte und ihre Anh\u00e4nger\u00a0 dazu aufrief, einen \u201eVillen-Spaziergang\u201c zu machen. So zogen gr\u00f6lende SA-Trupps an den Villen im Grunewald und am Wannsee vorbei und beschmierten die Z\u00e4une und Tore mit NS-Parolen. \u201eWartet nur, wir kriegen euch!\u201c, sollte das hei\u00dfen.\u00a0 Nur wenige Jahre sp\u00e4ter sollten die Drohungen Wirklichkeit werden. Die Juden wurden entrechtet und\u00a0 aus dem \u00f6ffentlichen Leben verbannt. Am Ende dieses Prozesses stand ihre\u00a0 Vernichtung in Auschwitz.<\/p>\n<p>Die\u00a0 Psychologie hat \u00a0den Effekt anonymen Handelns gut erforscht. Im Jahre 1961 f\u00fchrte der amerikanische Psychologe Stanley Milgram ein Experiment durch, dessen Ergebnisse die \u00d6ffentlichkeit ersch\u00fctterten. Freiwillige, meistens Studenten, sollten als \u201eLehrer\u201c einem \u201eSch\u00fcler\u201c, der von einem \u00a0Schauspieler gespielt wurde,\u00a0 bei Fehlern\u00a0 in\u00a0 einer grammatischen \u00dcbung\u00a0 elektrische Schl\u00e4ge versetzen. Bei jedem Fehler sollte der Stromschlag um 15 Volt erh\u00f6ht werden. Das Ergebnis war eine hohe Bereitschaft zur Bestrafung\u00a0 mittels Elektroschocks. Das Motiv war Gehorsam. Wenn zwischen \u201eLehrer\u201c und \u201eSch\u00fcler\u201c eine r\u00e4umliche N\u00e4he bestand, waren 30 % der Versuchspersonen bereit, bis zur h\u00f6chsten Stromst\u00e4rke zu\u00a0 gehen. Wenn der \u201eSch\u00fcler\u201c f\u00fcr den \u201eLehrer\u201c \u00a0weder zu sehen noch zu h\u00f6ren war, gingen 65 % der Probanden bis zur H\u00f6chstgrenze. Dies zeigt eindr\u00fccklich, dass\u00a0 Anonymit\u00e4t\u00a0 zivilisatorische Schranken einrei\u00dft und\u00a0 zur Brutalisierung und Entmenschung beitr\u00e4gt.<\/p>\n<p>Im Krieg kann man \u00e4hnliche Erfahrungen machen. Die Piloten der US-Air Force hatten wenig Skrupel, als sie\u00a0 aus\u00a0 gro\u00dfer H\u00f6he\u00a0\u00a0 die Atombomben \u00a0\u00fcber Hiroshima und Nagasaki\u00a0 ausklinkten, die innerhalb weniger Minuten 90.000 Menschen t\u00f6teten. H\u00e4tten sie die gleiche Anzahl Menschen mit einem Maschinengewehr aus n\u00e4chster N\u00e4he \u00a0t\u00f6ten m\u00fcssen, h\u00e4tte sich die\u00a0 nat\u00fcrliche T\u00f6tungshemmung des Menschen mit Sicherheit\u00a0 zu Wort gemeldet.<\/p>\n<p>Das zivile\u00a0 Leben in unserer Gesellschaft ist auf Transparenz angelegt. \u00a0Kennzeichnungspflichten helfen, m\u00f6gliche Gefahrenquellen zu minimieren. Autokennzeichen erlauben es, Verkehrss\u00fcnder zu identifizieren. Dass\u00a0 Imbiss-Buden \u00a0registriert werden m\u00fcssen, erm\u00f6glicht \u00a0es den Beh\u00f6rden, Hygiene-Kontrollen durchzuf\u00fchren. Vor einigen Jahren wurde das Vermummungsverbot bei Demonstrationen eingef\u00fchrt, weil aus dem Block der schwarz Vermummten heraus schwere Straftaten ver\u00fcbt worden waren. \u00a0Im Gegenzug erhielten Polizisten Kenn-Nummern, um auch gegen sie besser ermitteln zu k\u00f6nnen, wenn sie das Gesetz gebrochen haben. In den meisten europ\u00e4ischen \u00a0Demokratien gibt es ein Verbot der Ganzk\u00f6rperverschleierung von Frauen (Burka). Zur Demokratie und zur aufgekl\u00e4rten Zivilgesellschaft geh\u00f6rt das offene Visier, das freie Gesicht. Nur im Schattenreich des Internets sind die Geister (noch) anonym unterwegs. Warum eigentlich? Die Anonymen\u00a0 pochen auf dieses Ausnahmerecht, weil es sich um ein neues Medium handelt. Doch kann man die Humanitas einer Gesellschaft, das friedliche Miteinander der Menschen \u00a0von der technischen Entwicklung abh\u00e4ngig machen? Ich glaube: Nein!<\/p>\n<p>Seit einiger Zeit macht eine neue politische Partei in unserem Land Furore, die sich die Transparenz auf ihre Piratenflagge geschrieben hat. Politische Entscheidungsprozesse sollen durchsichtig,\u00a0 die Besprechungen politischer Gremien\u00a0 \u00f6ffentlich \u00fcbertragen werden. An die Heilige Kuh der Anonymit\u00e4t im Netz wagen sich die mutigen Freibeuter freilich nicht heran. Da soll alles sch\u00f6n intransparent bleiben. Das kann allerdings fatale Folgen f\u00fcr die Piraten selber haben. In Baden-W\u00fcrttemberg mischen sich heimlich\u00a0 Waffenlobbyisten unters Piratenvolk, um die Partei im Sinne der Legalisierung von Schusswaffen zu beeinflussen. Wer sind die Waffennarren? Wie hei\u00dfen sie mit Namen? Fehlanzeige! Sie nutzen den Schutz der Anonymit\u00e4t und die Piraten finden gar nichts dabei, dass sie so von falschen Freunden unterwandert werden.<\/p>\n<p>Es wird Zeit, dass sich die Zivilgesellschaft auf ihre humanen Grundlagen besinnt. Es sollte selbstverst\u00e4ndlich werden, dass\u00a0 sich alle Menschen, die\u00a0 im \u00f6ffentlichen Raum\u00a0 real\u00a0 oder virtuell\u00a0 \u00a0miteinander kommunizieren, mit offenem Visier begegnen.\u00a0 Deshalb: Gesicht zeigen!\u00a0 Bis sich der Gesetzgeber bem\u00fc\u00dfigt f\u00fchlt, in diesem Sinne regulierend einzugreifen, k\u00f6nnten die gro\u00dfen Zeitungen und Zeitschriften ein Zeichen setzen und \u00a0die Kommentarspalten zu ihren Artikeln nur noch f\u00fcr die Leser \u00f6ffnen, die ihren Klarnamen preisgeben.<\/p>\n<div class=\"shariff shariff-align-left shariff-widget-align-left shariff-buttonstretch\" style=\"display:none\"><ul class=\"shariff-buttons theme-white orientation-horizontal buttonsize-medium\"><li class=\"shariff-button facebook shariff-nocustomcolor\" style=\"background-color:#4273c8\"><a href=\"https:\/\/www.facebook.com\/sharer\/sharer.php?u=https%3A%2F%2Fstarke-meinungen.de%2Fblog%2F2012%2F06%2F22%2Fgesicht-zeigen-wider-die-kultur-des-anonymen-im-netz%2F\" title=\"Bei Facebook teilen\" aria-label=\"Bei Facebook teilen\" role=\"button\" rel=\"nofollow\" class=\"shariff-link\" style=\"; background-color:#3b5998; color:#3b5998\" target=\"_blank\"><span class=\"shariff-icon\" style=\"fill:#3b5998\"><svg width=\"32px\" height=\"20px\" xmlns=\"http:\/\/www.w3.org\/2000\/svg\" viewBox=\"0 0 18 32\"><path fill=\"#3b5998\" d=\"M17.1 0.2v4.7h-2.8q-1.5 0-2.1 0.6t-0.5 1.9v3.4h5.2l-0.7 5.3h-4.5v13.6h-5.5v-13.6h-4.5v-5.3h4.5v-3.9q0-3.3 1.9-5.2t5-1.8q2.6 0 4.1 0.2z\"\/><\/svg><\/span><span class=\"shariff-text\" style=\"color:#3b5998\">teilen<\/span>&nbsp;<\/a><\/li><li class=\"shariff-button twitter shariff-nocustomcolor\" style=\"background-color:#595959\"><a href=\"https:\/\/twitter.com\/share?url=https%3A%2F%2Fstarke-meinungen.de%2Fblog%2F2012%2F06%2F22%2Fgesicht-zeigen-wider-die-kultur-des-anonymen-im-netz%2F&text=Gesicht%20zeigen%21%20%20Wider%20%20die%20Kultur%20des%20Anonymen%20%20im%20Netz&via=starkemeinungen\" title=\"Bei X teilen\" aria-label=\"Bei X teilen\" role=\"button\" rel=\"noopener nofollow\" class=\"shariff-link\" style=\"; background-color:#000; color:#000\" target=\"_blank\"><span class=\"shariff-icon\" style=\"fill:#000\"><svg width=\"32px\" height=\"20px\" xmlns=\"http:\/\/www.w3.org\/2000\/svg\" viewBox=\"0 0 24 24\"><path fill=\"#000\" d=\"M14.258 10.152L23.176 0h-2.113l-7.747 8.813L7.133 0H0l9.352 13.328L0 23.973h2.113l8.176-9.309 6.531 9.309h7.133zm-2.895 3.293l-.949-1.328L2.875 1.56h3.246l6.086 8.523.945 1.328 7.91 11.078h-3.246zm0 0\"\/><\/svg><\/span><span class=\"shariff-text\" style=\"color:#000\">teilen<\/span>&nbsp;<\/a><\/li><li class=\"shariff-button linkedin shariff-nocustomcolor\" style=\"background-color:#1488bf\"><a href=\"https:\/\/www.linkedin.com\/sharing\/share-offsite\/?url=https%3A%2F%2Fstarke-meinungen.de%2Fblog%2F2012%2F06%2F22%2Fgesicht-zeigen-wider-die-kultur-des-anonymen-im-netz%2F\" title=\"Bei LinkedIn teilen\" aria-label=\"Bei LinkedIn teilen\" role=\"button\" rel=\"noopener nofollow\" class=\"shariff-link\" style=\"; background-color:#0077b5; color:#0077b5\" target=\"_blank\"><span class=\"shariff-icon\" style=\"fill:#0077b5\"><svg width=\"32px\" height=\"20px\" xmlns=\"http:\/\/www.w3.org\/2000\/svg\" viewBox=\"0 0 27 32\"><path fill=\"#0077b5\" d=\"M6.2 11.2v17.7h-5.9v-17.7h5.9zM6.6 5.7q0 1.3-0.9 2.2t-2.4 0.9h0q-1.5 0-2.4-0.9t-0.9-2.2 0.9-2.2 2.4-0.9 2.4 0.9 0.9 2.2zM27.4 18.7v10.1h-5.9v-9.5q0-1.9-0.7-2.9t-2.3-1.1q-1.1 0-1.9 0.6t-1.2 1.5q-0.2 0.5-0.2 1.4v9.9h-5.9q0-7.1 0-11.6t0-5.3l0-0.9h5.9v2.6h0q0.4-0.6 0.7-1t1-0.9 1.6-0.8 2-0.3q3 0 4.9 2t1.9 6z\"\/><\/svg><\/span><span class=\"shariff-text\" style=\"color:#0077b5\">teilen<\/span>&nbsp;<\/a><\/li><li class=\"shariff-button xing shariff-nocustomcolor\" style=\"background-color:#29888a\"><a href=\"https:\/\/www.xing.com\/spi\/shares\/new?url=https%3A%2F%2Fstarke-meinungen.de%2Fblog%2F2012%2F06%2F22%2Fgesicht-zeigen-wider-die-kultur-des-anonymen-im-netz%2F\" title=\"Bei XING teilen\" aria-label=\"Bei XING teilen\" role=\"button\" rel=\"noopener nofollow\" class=\"shariff-link\" style=\"; background-color:#126567; color:#126567\" target=\"_blank\"><span class=\"shariff-icon\" style=\"fill:#126567\"><svg width=\"32px\" height=\"20px\" xmlns=\"http:\/\/www.w3.org\/2000\/svg\" viewBox=\"0 0 25 32\"><path fill=\"#126567\" d=\"M10.7 11.9q-0.2 0.3-4.6 8.2-0.5 0.8-1.2 0.8h-4.3q-0.4 0-0.5-0.3t0-0.6l4.5-8q0 0 0 0l-2.9-5q-0.2-0.4 0-0.7 0.2-0.3 0.5-0.3h4.3q0.7 0 1.2 0.8zM25.1 0.4q0.2 0.3 0 0.7l-9.4 16.7 6 11q0.2 0.4 0 0.6-0.2 0.3-0.6 0.3h-4.3q-0.7 0-1.2-0.8l-6-11.1q0.3-0.6 9.5-16.8 0.4-0.8 1.2-0.8h4.3q0.4 0 0.5 0.3z\"\/><\/svg><\/span><span class=\"shariff-text\" style=\"color:#126567\">teilen<\/span>&nbsp;<\/a><\/li><li class=\"shariff-button whatsapp shariff-nocustomcolor\" style=\"background-color:#5cbe4a\"><a href=\"https:\/\/api.whatsapp.com\/send?text=https%3A%2F%2Fstarke-meinungen.de%2Fblog%2F2012%2F06%2F22%2Fgesicht-zeigen-wider-die-kultur-des-anonymen-im-netz%2F%20Gesicht%20zeigen%21%20%20Wider%20%20die%20Kultur%20des%20Anonymen%20%20im%20Netz\" title=\"Bei Whatsapp teilen\" aria-label=\"Bei Whatsapp teilen\" role=\"button\" rel=\"noopener nofollow\" class=\"shariff-link\" style=\"; background-color:#34af23; color:#34af23\" target=\"_blank\"><span class=\"shariff-icon\" style=\"fill:#34af23\"><svg width=\"32px\" height=\"20px\" xmlns=\"http:\/\/www.w3.org\/2000\/svg\" viewBox=\"0 0 32 32\"><path fill=\"#34af23\" d=\"M17.6 17.4q0.2 0 1.7 0.8t1.6 0.9q0 0.1 0 0.3 0 0.6-0.3 1.4-0.3 0.7-1.3 1.2t-1.8 0.5q-1 0-3.4-1.1-1.7-0.8-3-2.1t-2.6-3.3q-1.3-1.9-1.3-3.5v-0.1q0.1-1.6 1.3-2.8 0.4-0.4 0.9-0.4 0.1 0 0.3 0t0.3 0q0.3 0 0.5 0.1t0.3 0.5q0.1 0.4 0.6 1.6t0.4 1.3q0 0.4-0.6 1t-0.6 0.8q0 0.1 0.1 0.3 0.6 1.3 1.8 2.4 1 0.9 2.7 1.8 0.2 0.1 0.4 0.1 0.3 0 1-0.9t0.9-0.9zM14 26.9q2.3 0 4.3-0.9t3.6-2.4 2.4-3.6 0.9-4.3-0.9-4.3-2.4-3.6-3.6-2.4-4.3-0.9-4.3 0.9-3.6 2.4-2.4 3.6-0.9 4.3q0 3.6 2.1 6.6l-1.4 4.2 4.3-1.4q2.8 1.9 6.2 1.9zM14 2.2q2.7 0 5.2 1.1t4.3 2.9 2.9 4.3 1.1 5.2-1.1 5.2-2.9 4.3-4.3 2.9-5.2 1.1q-3.5 0-6.5-1.7l-7.4 2.4 2.4-7.2q-1.9-3.2-1.9-6.9 0-2.7 1.1-5.2t2.9-4.3 4.3-2.9 5.2-1.1z\"\/><\/svg><\/span><span class=\"shariff-text\" style=\"color:#34af23\">teilen<\/span>&nbsp;<\/a><\/li><li class=\"shariff-button info shariff-nocustomcolor\" style=\"background-color:#a8a8a8\"><a href=\"http:\/\/ct.de\/-2467514\" title=\"Weitere Informationen\" aria-label=\"Weitere Informationen\" role=\"button\" rel=\"noopener \" class=\"shariff-link\" style=\"; background-color:#999; color:#999\" target=\"_blank\"><span class=\"shariff-icon\" style=\"fill:#999\"><svg width=\"32px\" height=\"20px\" xmlns=\"http:\/\/www.w3.org\/2000\/svg\" viewBox=\"0 0 11 32\"><path fill=\"#999\" d=\"M11.4 24v2.3q0 0.5-0.3 0.8t-0.8 0.4h-9.1q-0.5 0-0.8-0.4t-0.4-0.8v-2.3q0-0.5 0.4-0.8t0.8-0.4h1.1v-6.8h-1.1q-0.5 0-0.8-0.4t-0.4-0.8v-2.3q0-0.5 0.4-0.8t0.8-0.4h6.8q0.5 0 0.8 0.4t0.4 0.8v10.3h1.1q0.5 0 0.8 0.4t0.3 0.8zM9.2 3.4v3.4q0 0.5-0.4 0.8t-0.8 0.4h-4.6q-0.4 0-0.8-0.4t-0.4-0.8v-3.4q0-0.4 0.4-0.8t0.8-0.4h4.6q0.5 0 0.8 0.4t0.4 0.8z\"\/><\/svg><\/span><\/a><\/li><\/ul><\/div>","protected":false},"excerpt":{"rendered":"<p>Vor einem Jahr ver\u00f6ffentlichte ich in der \u201eWelt am Sonntag\u201c einen harmlosen Artikel \u00fcber die Stuttgarter Wutb\u00fcrger, die den geplanten unterirdischen Bahnhof zum Teil mit rabiaten\u00a0 \u00a0Mitteln bek\u00e4mpften. Ich riet ihnen zu mehr Gelassenheit und legte \u00a0ihnen als Vorbild ihren schw\u00e4bischen Landsmann, Dichter und Pfarrer Eduard M\u00f6rike (\u201eDoch in der Mitten \/ Liegt holdes Bescheiden\u201c) ans Herz. Es gab die&#8230; <a href=\"https:\/\/starke-meinungen.de\/blog\/2012\/06\/22\/gesicht-zeigen-wider-die-kultur-des-anonymen-im-netz\/\">Weiterlesen &raquo;<\/a><\/p>\n","protected":false},"author":19,"featured_media":0,"comment_status":"open","ping_status":"open","sticky":false,"template":"","format":"standard","meta":{"footnotes":""},"categories":[1,2093],"tags":[1499,315],"class_list":["post-3418","post","type-post","status-publish","format-standard","hentry","category-allgemein","category-rainer-werner","tag-anonymitat","tag-internet"],"yoast_head":"<!-- This site is optimized with the Yoast SEO plugin v27.5 - https:\/\/yoast.com\/product\/yoast-seo-wordpress\/ -->\n<title>Gesicht zeigen! Wider die Kultur des Anonymen im Netz - starke-meinungen.de<\/title>\n<meta name=\"robots\" content=\"index, follow, max-snippet:-1, max-image-preview:large, max-video-preview:-1\" \/>\n<link rel=\"canonical\" href=\"https:\/\/starke-meinungen.de\/blog\/2012\/06\/22\/gesicht-zeigen-wider-die-kultur-des-anonymen-im-netz\/\" \/>\n<meta property=\"og:locale\" content=\"de_DE\" \/>\n<meta property=\"og:type\" content=\"article\" \/>\n<meta property=\"og:title\" content=\"Gesicht zeigen! Wider die Kultur des Anonymen im Netz - starke-meinungen.de\" \/>\n<meta property=\"og:description\" content=\"Vor einem Jahr ver\u00f6ffentlichte ich in der \u201eWelt am Sonntag\u201c einen harmlosen Artikel \u00fcber die Stuttgarter Wutb\u00fcrger, die den geplanten unterirdischen Bahnhof zum Teil mit rabiaten\u00a0 \u00a0Mitteln bek\u00e4mpften. Ich riet ihnen zu mehr Gelassenheit und legte \u00a0ihnen als Vorbild ihren schw\u00e4bischen Landsmann, Dichter und Pfarrer Eduard M\u00f6rike (\u201eDoch in der Mitten \/ Liegt holdes Bescheiden\u201c) ans Herz. Es gab die... Weiterlesen &raquo;\" \/>\n<meta property=\"og:url\" content=\"https:\/\/starke-meinungen.de\/blog\/2012\/06\/22\/gesicht-zeigen-wider-die-kultur-des-anonymen-im-netz\/\" \/>\n<meta property=\"og:site_name\" content=\"starke-meinungen.de\" \/>\n<meta property=\"article:publisher\" content=\"https:\/\/www.facebook.com\/starkemeinungen\/\" \/>\n<meta property=\"article:published_time\" content=\"2012-06-22T07:11:11+00:00\" \/>\n<meta property=\"article:modified_time\" content=\"2012-06-25T17:35:17+00:00\" \/>\n<meta property=\"og:image\" content=\"https:\/\/starke-meinungen.de\/blog\/wp-content\/uploads\/starke-meinungen-fb-header.jpg\" \/>\n\t<meta property=\"og:image:width\" content=\"1200\" \/>\n\t<meta property=\"og:image:height\" content=\"630\" \/>\n\t<meta property=\"og:image:type\" content=\"image\/jpeg\" \/>\n<meta name=\"author\" content=\"Rainer Werner\" \/>\n<meta name=\"twitter:card\" content=\"summary_large_image\" \/>\n<meta name=\"twitter:creator\" content=\"@starkemeinungen\" \/>\n<meta name=\"twitter:site\" content=\"@starkemeinungen\" \/>\n<meta name=\"twitter:label1\" content=\"Verfasst von\" \/>\n\t<meta name=\"twitter:data1\" content=\"Rainer Werner\" \/>\n\t<meta name=\"twitter:label2\" content=\"Gesch\u00e4tzte Lesezeit\" \/>\n\t<meta name=\"twitter:data2\" content=\"6\u00a0Minuten\" \/>\n<script type=\"application\/ld+json\" class=\"yoast-schema-graph\">{\"@context\":\"https:\\\/\\\/schema.org\",\"@graph\":[{\"@type\":\"Article\",\"@id\":\"https:\\\/\\\/starke-meinungen.de\\\/blog\\\/2012\\\/06\\\/22\\\/gesicht-zeigen-wider-die-kultur-des-anonymen-im-netz\\\/#article\",\"isPartOf\":{\"@id\":\"https:\\\/\\\/starke-meinungen.de\\\/blog\\\/2012\\\/06\\\/22\\\/gesicht-zeigen-wider-die-kultur-des-anonymen-im-netz\\\/\"},\"author\":{\"name\":\"Rainer Werner\",\"@id\":\"https:\\\/\\\/starke-meinungen.de\\\/blog\\\/#\\\/schema\\\/person\\\/6af826c1bb87ec75580869d830616de2\"},\"headline\":\"Gesicht zeigen! Wider die Kultur des Anonymen im Netz\",\"datePublished\":\"2012-06-22T07:11:11+00:00\",\"dateModified\":\"2012-06-25T17:35:17+00:00\",\"mainEntityOfPage\":{\"@id\":\"https:\\\/\\\/starke-meinungen.de\\\/blog\\\/2012\\\/06\\\/22\\\/gesicht-zeigen-wider-die-kultur-des-anonymen-im-netz\\\/\"},\"wordCount\":1227,\"commentCount\":16,\"publisher\":{\"@id\":\"https:\\\/\\\/starke-meinungen.de\\\/blog\\\/#organization\"},\"keywords\":[\"Anonymit\u00e4t\",\"Internet\"],\"articleSection\":{\"1\":\"Rainer Werner\"},\"inLanguage\":\"de\",\"potentialAction\":[{\"@type\":\"CommentAction\",\"name\":\"Comment\",\"target\":[\"https:\\\/\\\/starke-meinungen.de\\\/blog\\\/2012\\\/06\\\/22\\\/gesicht-zeigen-wider-die-kultur-des-anonymen-im-netz\\\/#respond\"]}]},{\"@type\":\"WebPage\",\"@id\":\"https:\\\/\\\/starke-meinungen.de\\\/blog\\\/2012\\\/06\\\/22\\\/gesicht-zeigen-wider-die-kultur-des-anonymen-im-netz\\\/\",\"url\":\"https:\\\/\\\/starke-meinungen.de\\\/blog\\\/2012\\\/06\\\/22\\\/gesicht-zeigen-wider-die-kultur-des-anonymen-im-netz\\\/\",\"name\":\"Gesicht zeigen! Wider die Kultur des Anonymen im Netz - starke-meinungen.de\",\"isPartOf\":{\"@id\":\"https:\\\/\\\/starke-meinungen.de\\\/blog\\\/#website\"},\"datePublished\":\"2012-06-22T07:11:11+00:00\",\"dateModified\":\"2012-06-25T17:35:17+00:00\",\"breadcrumb\":{\"@id\":\"https:\\\/\\\/starke-meinungen.de\\\/blog\\\/2012\\\/06\\\/22\\\/gesicht-zeigen-wider-die-kultur-des-anonymen-im-netz\\\/#breadcrumb\"},\"inLanguage\":\"de\",\"potentialAction\":[{\"@type\":\"ReadAction\",\"target\":[\"https:\\\/\\\/starke-meinungen.de\\\/blog\\\/2012\\\/06\\\/22\\\/gesicht-zeigen-wider-die-kultur-des-anonymen-im-netz\\\/\"]}]},{\"@type\":\"BreadcrumbList\",\"@id\":\"https:\\\/\\\/starke-meinungen.de\\\/blog\\\/2012\\\/06\\\/22\\\/gesicht-zeigen-wider-die-kultur-des-anonymen-im-netz\\\/#breadcrumb\",\"itemListElement\":[{\"@type\":\"ListItem\",\"position\":1,\"name\":\"Startseite\",\"item\":\"https:\\\/\\\/starke-meinungen.de\\\/blog\\\/\"},{\"@type\":\"ListItem\",\"position\":2,\"name\":\"Gesicht zeigen! Wider die Kultur des Anonymen im Netz\"}]},{\"@type\":\"WebSite\",\"@id\":\"https:\\\/\\\/starke-meinungen.de\\\/blog\\\/#website\",\"url\":\"https:\\\/\\\/starke-meinungen.de\\\/blog\\\/\",\"name\":\"starke-meinungen.de\",\"description\":\"Autoren-Blog\",\"publisher\":{\"@id\":\"https:\\\/\\\/starke-meinungen.de\\\/blog\\\/#organization\"},\"potentialAction\":[{\"@type\":\"SearchAction\",\"target\":{\"@type\":\"EntryPoint\",\"urlTemplate\":\"https:\\\/\\\/starke-meinungen.de\\\/blog\\\/?s={search_term_string}\"},\"query-input\":{\"@type\":\"PropertyValueSpecification\",\"valueRequired\":true,\"valueName\":\"search_term_string\"}}],\"inLanguage\":\"de\"},{\"@type\":\"Organization\",\"@id\":\"https:\\\/\\\/starke-meinungen.de\\\/blog\\\/#organization\",\"name\":\"starke-meinungen.de\",\"url\":\"https:\\\/\\\/starke-meinungen.de\\\/blog\\\/\",\"logo\":{\"@type\":\"ImageObject\",\"inLanguage\":\"de\",\"@id\":\"https:\\\/\\\/starke-meinungen.de\\\/blog\\\/#\\\/schema\\\/logo\\\/image\\\/\",\"url\":\"https:\\\/\\\/starke-meinungen.de\\\/blog\\\/wp-content\\\/uploads\\\/starke-meinungen-fb-header.jpg\",\"contentUrl\":\"https:\\\/\\\/starke-meinungen.de\\\/blog\\\/wp-content\\\/uploads\\\/starke-meinungen-fb-header.jpg\",\"width\":1200,\"height\":630,\"caption\":\"starke-meinungen.de\"},\"image\":{\"@id\":\"https:\\\/\\\/starke-meinungen.de\\\/blog\\\/#\\\/schema\\\/logo\\\/image\\\/\"},\"sameAs\":[\"https:\\\/\\\/www.facebook.com\\\/starkemeinungen\\\/\",\"https:\\\/\\\/x.com\\\/starkemeinungen\"]},{\"@type\":\"Person\",\"@id\":\"https:\\\/\\\/starke-meinungen.de\\\/blog\\\/#\\\/schema\\\/person\\\/6af826c1bb87ec75580869d830616de2\",\"name\":\"Rainer Werner\",\"image\":{\"@type\":\"ImageObject\",\"inLanguage\":\"de\",\"@id\":\"https:\\\/\\\/secure.gravatar.com\\\/avatar\\\/6f37dc4eff27558ec03229bb8dd7133f519865cae374548719ce45fba3788ea8?s=96&d=mm&r=g\",\"url\":\"https:\\\/\\\/secure.gravatar.com\\\/avatar\\\/6f37dc4eff27558ec03229bb8dd7133f519865cae374548719ce45fba3788ea8?s=96&d=mm&r=g\",\"contentUrl\":\"https:\\\/\\\/secure.gravatar.com\\\/avatar\\\/6f37dc4eff27558ec03229bb8dd7133f519865cae374548719ce45fba3788ea8?s=96&d=mm&r=g\",\"caption\":\"Rainer Werner\"},\"url\":\"https:\\\/\\\/starke-meinungen.de\\\/blog\\\/author\\\/werner\\\/\"}]}<\/script>\n<!-- \/ Yoast SEO plugin. -->","yoast_head_json":{"title":"Gesicht zeigen! Wider die Kultur des Anonymen im Netz - starke-meinungen.de","robots":{"index":"index","follow":"follow","max-snippet":"max-snippet:-1","max-image-preview":"max-image-preview:large","max-video-preview":"max-video-preview:-1"},"canonical":"https:\/\/starke-meinungen.de\/blog\/2012\/06\/22\/gesicht-zeigen-wider-die-kultur-des-anonymen-im-netz\/","og_locale":"de_DE","og_type":"article","og_title":"Gesicht zeigen! Wider die Kultur des Anonymen im Netz - starke-meinungen.de","og_description":"Vor einem Jahr ver\u00f6ffentlichte ich in der \u201eWelt am Sonntag\u201c einen harmlosen Artikel \u00fcber die Stuttgarter Wutb\u00fcrger, die den geplanten unterirdischen Bahnhof zum Teil mit rabiaten\u00a0 \u00a0Mitteln bek\u00e4mpften. Ich riet ihnen zu mehr Gelassenheit und legte \u00a0ihnen als Vorbild ihren schw\u00e4bischen Landsmann, Dichter und Pfarrer Eduard M\u00f6rike (\u201eDoch in der Mitten \/ Liegt holdes Bescheiden\u201c) ans Herz. Es gab die... Weiterlesen &raquo;","og_url":"https:\/\/starke-meinungen.de\/blog\/2012\/06\/22\/gesicht-zeigen-wider-die-kultur-des-anonymen-im-netz\/","og_site_name":"starke-meinungen.de","article_publisher":"https:\/\/www.facebook.com\/starkemeinungen\/","article_published_time":"2012-06-22T07:11:11+00:00","article_modified_time":"2012-06-25T17:35:17+00:00","og_image":[{"width":1200,"height":630,"url":"https:\/\/starke-meinungen.de\/blog\/wp-content\/uploads\/starke-meinungen-fb-header.jpg","type":"image\/jpeg"}],"author":"Rainer Werner","twitter_card":"summary_large_image","twitter_creator":"@starkemeinungen","twitter_site":"@starkemeinungen","twitter_misc":{"Verfasst von":"Rainer Werner","Gesch\u00e4tzte Lesezeit":"6\u00a0Minuten"},"schema":{"@context":"https:\/\/schema.org","@graph":[{"@type":"Article","@id":"https:\/\/starke-meinungen.de\/blog\/2012\/06\/22\/gesicht-zeigen-wider-die-kultur-des-anonymen-im-netz\/#article","isPartOf":{"@id":"https:\/\/starke-meinungen.de\/blog\/2012\/06\/22\/gesicht-zeigen-wider-die-kultur-des-anonymen-im-netz\/"},"author":{"name":"Rainer Werner","@id":"https:\/\/starke-meinungen.de\/blog\/#\/schema\/person\/6af826c1bb87ec75580869d830616de2"},"headline":"Gesicht zeigen! Wider die Kultur des Anonymen im Netz","datePublished":"2012-06-22T07:11:11+00:00","dateModified":"2012-06-25T17:35:17+00:00","mainEntityOfPage":{"@id":"https:\/\/starke-meinungen.de\/blog\/2012\/06\/22\/gesicht-zeigen-wider-die-kultur-des-anonymen-im-netz\/"},"wordCount":1227,"commentCount":16,"publisher":{"@id":"https:\/\/starke-meinungen.de\/blog\/#organization"},"keywords":["Anonymit\u00e4t","Internet"],"articleSection":{"1":"Rainer Werner"},"inLanguage":"de","potentialAction":[{"@type":"CommentAction","name":"Comment","target":["https:\/\/starke-meinungen.de\/blog\/2012\/06\/22\/gesicht-zeigen-wider-die-kultur-des-anonymen-im-netz\/#respond"]}]},{"@type":"WebPage","@id":"https:\/\/starke-meinungen.de\/blog\/2012\/06\/22\/gesicht-zeigen-wider-die-kultur-des-anonymen-im-netz\/","url":"https:\/\/starke-meinungen.de\/blog\/2012\/06\/22\/gesicht-zeigen-wider-die-kultur-des-anonymen-im-netz\/","name":"Gesicht zeigen! Wider die Kultur des Anonymen im Netz - starke-meinungen.de","isPartOf":{"@id":"https:\/\/starke-meinungen.de\/blog\/#website"},"datePublished":"2012-06-22T07:11:11+00:00","dateModified":"2012-06-25T17:35:17+00:00","breadcrumb":{"@id":"https:\/\/starke-meinungen.de\/blog\/2012\/06\/22\/gesicht-zeigen-wider-die-kultur-des-anonymen-im-netz\/#breadcrumb"},"inLanguage":"de","potentialAction":[{"@type":"ReadAction","target":["https:\/\/starke-meinungen.de\/blog\/2012\/06\/22\/gesicht-zeigen-wider-die-kultur-des-anonymen-im-netz\/"]}]},{"@type":"BreadcrumbList","@id":"https:\/\/starke-meinungen.de\/blog\/2012\/06\/22\/gesicht-zeigen-wider-die-kultur-des-anonymen-im-netz\/#breadcrumb","itemListElement":[{"@type":"ListItem","position":1,"name":"Startseite","item":"https:\/\/starke-meinungen.de\/blog\/"},{"@type":"ListItem","position":2,"name":"Gesicht zeigen! Wider die Kultur des Anonymen im Netz"}]},{"@type":"WebSite","@id":"https:\/\/starke-meinungen.de\/blog\/#website","url":"https:\/\/starke-meinungen.de\/blog\/","name":"starke-meinungen.de","description":"Autoren-Blog","publisher":{"@id":"https:\/\/starke-meinungen.de\/blog\/#organization"},"potentialAction":[{"@type":"SearchAction","target":{"@type":"EntryPoint","urlTemplate":"https:\/\/starke-meinungen.de\/blog\/?s={search_term_string}"},"query-input":{"@type":"PropertyValueSpecification","valueRequired":true,"valueName":"search_term_string"}}],"inLanguage":"de"},{"@type":"Organization","@id":"https:\/\/starke-meinungen.de\/blog\/#organization","name":"starke-meinungen.de","url":"https:\/\/starke-meinungen.de\/blog\/","logo":{"@type":"ImageObject","inLanguage":"de","@id":"https:\/\/starke-meinungen.de\/blog\/#\/schema\/logo\/image\/","url":"https:\/\/starke-meinungen.de\/blog\/wp-content\/uploads\/starke-meinungen-fb-header.jpg","contentUrl":"https:\/\/starke-meinungen.de\/blog\/wp-content\/uploads\/starke-meinungen-fb-header.jpg","width":1200,"height":630,"caption":"starke-meinungen.de"},"image":{"@id":"https:\/\/starke-meinungen.de\/blog\/#\/schema\/logo\/image\/"},"sameAs":["https:\/\/www.facebook.com\/starkemeinungen\/","https:\/\/x.com\/starkemeinungen"]},{"@type":"Person","@id":"https:\/\/starke-meinungen.de\/blog\/#\/schema\/person\/6af826c1bb87ec75580869d830616de2","name":"Rainer Werner","image":{"@type":"ImageObject","inLanguage":"de","@id":"https:\/\/secure.gravatar.com\/avatar\/6f37dc4eff27558ec03229bb8dd7133f519865cae374548719ce45fba3788ea8?s=96&d=mm&r=g","url":"https:\/\/secure.gravatar.com\/avatar\/6f37dc4eff27558ec03229bb8dd7133f519865cae374548719ce45fba3788ea8?s=96&d=mm&r=g","contentUrl":"https:\/\/secure.gravatar.com\/avatar\/6f37dc4eff27558ec03229bb8dd7133f519865cae374548719ce45fba3788ea8?s=96&d=mm&r=g","caption":"Rainer Werner"},"url":"https:\/\/starke-meinungen.de\/blog\/author\/werner\/"}]}},"_links":{"self":[{"href":"https:\/\/starke-meinungen.de\/blog\/wp-json\/wp\/v2\/posts\/3418","targetHints":{"allow":["GET"]}}],"collection":[{"href":"https:\/\/starke-meinungen.de\/blog\/wp-json\/wp\/v2\/posts"}],"about":[{"href":"https:\/\/starke-meinungen.de\/blog\/wp-json\/wp\/v2\/types\/post"}],"author":[{"embeddable":true,"href":"https:\/\/starke-meinungen.de\/blog\/wp-json\/wp\/v2\/users\/19"}],"replies":[{"embeddable":true,"href":"https:\/\/starke-meinungen.de\/blog\/wp-json\/wp\/v2\/comments?post=3418"}],"version-history":[{"count":1,"href":"https:\/\/starke-meinungen.de\/blog\/wp-json\/wp\/v2\/posts\/3418\/revisions"}],"predecessor-version":[{"id":3419,"href":"https:\/\/starke-meinungen.de\/blog\/wp-json\/wp\/v2\/posts\/3418\/revisions\/3419"}],"wp:attachment":[{"href":"https:\/\/starke-meinungen.de\/blog\/wp-json\/wp\/v2\/media?parent=3418"}],"wp:term":[{"taxonomy":"category","embeddable":true,"href":"https:\/\/starke-meinungen.de\/blog\/wp-json\/wp\/v2\/categories?post=3418"},{"taxonomy":"post_tag","embeddable":true,"href":"https:\/\/starke-meinungen.de\/blog\/wp-json\/wp\/v2\/tags?post=3418"}],"curies":[{"name":"wp","href":"https:\/\/api.w.org\/{rel}","templated":true}]}}