

{"id":3194,"date":"2012-03-13T00:38:26","date_gmt":"2012-03-12T23:38:26","guid":{"rendered":"https:\/\/starke-meinungen.de\/blog\/?p=3194"},"modified":"2012-03-12T11:25:17","modified_gmt":"2012-03-12T10:25:17","slug":"freiheiten-die-ich-meine","status":"publish","type":"post","link":"https:\/\/starke-meinungen.de\/blog\/2012\/03\/13\/freiheiten-die-ich-meine\/","title":{"rendered":"Freiheit(en), die ich meine"},"content":{"rendered":"<p><span style=\"font-family: Times New Roman;font-size: small\">\u00dcber den Ex-Pastor Joachim Gauck n\u00f6rgelte Pastor Friedrich Schorlemmer, der k\u00fcnftige Bundespr\u00e4sident verf\u00fcge nur \u00fcber das \u201ePathos der Freiheit\u201c, nicht \u00fcber das \u201ePathos der Gerechtigkeit\u201c. Aus dem Umfeld der Bundeskanzlerin verlautete zuvor als Grund, Gauck abzulehnen, er \u201ek\u00f6nne nur Freiheit\u201c, sei also monothematisch. V\u00f6llig zu Recht schrieb Mathias D\u00f6pfner dazu in einem Kommentar f\u00fcr die Bild-Zeitung, immerhin habe Gauck ein Thema, und es gebe wahrlich schlechtere.<\/span><\/p>\n<p><span style=\"font-family: Times New Roman;font-size: small\">Die Frage ist, was man unter Freiheit versteht.<!--more--><\/span><\/p>\n<p><span style=\"font-family: Times New Roman;font-size: small\">Joachim Gauck hat ein kleines Buch mit dem Titel \u201eFreiheit\u201c geschrieben. Das Buch h\u00e4tte aber eigentlich \u201eIch, Gauck\u201c hei\u00dfen m\u00fcssen, denn man erf\u00e4hrt darin erheblich mehr \u00fcber seinen Gem\u00fctszustand als \u00fcber den Zustand der Freiheit in der Welt. <\/span><\/p>\n<p><span style=\"font-family: Times New Roman;font-size: small\">Nun versuchen einige Vertreter der fr\u00fcheren kirchlichen Opposition in der DDR, zu denen wiederum auch Schorlemmer geh\u00f6rt, unter der \u00dcberschrift \u201eFreiheit, die wir meinen\u201c, eine Antwort darauf zu geben und den Freiheitsbegriff f\u00fcr sich zu reklamieren. <\/span><\/p>\n<p><span style=\"font-family: Times New Roman;font-size: small\">\u00a0<\/span><\/p>\n<p><span style=\"font-family: Times New Roman;font-size: small\"><a title=\"http:\/\/www.pnn.de\/politik\/629904\/\" href=\"http:\/\/www.pnn.de\/politik\/629904\/\" target=\"_blank\">http:\/\/www.pnn.de\/politik\/629904\/<\/a><\/span><\/p>\n<p><span style=\"font-family: Times New Roman;font-size: small\">\u00a0<\/span><\/p>\n<p><span style=\"font-family: Times New Roman;font-size: small\">Dieses Manifest verdient es, neben Martin Luthers \u201eVon der Freiheit eines Christenmenschen\u201c als Beispiel daf\u00fcr gelesen zu werden, wie evangelische Theologen es schaffen, den Freiheitsbegriff in sein Gegenteil zu verwandeln. Luther bekanntlich schloss aus der inneren Freiheit des Christenmenschen, dass er es nicht n\u00f6tig habe, f\u00fcr die \u00e4u\u00dfere Freiheit zu k\u00e4mpfen und begr\u00fcndete damit die verh\u00e4ngnisvolle Autorit\u00e4tsh\u00f6rigkeit einer Kirche, die als antiautorit\u00e4res Bewegung begann. <\/span><\/p>\n<p><span style=\"font-family: Times New Roman;font-size: small\">Hier nun die Luther-Nachfolger aus Ostdeutschland: <\/span><\/p>\n<p><em><span style=\"color: #333333;font-family: Times New Roman;font-size: small\">\u201eWir sind wie Joachim Gauck durch diese Diktaturerfahrung gegangen. Uns hat, anders als ihn, nicht der Mangel an Freiheit am st\u00e4rksten gepr\u00e4gt, sondern unser Kampf, unser Bem\u00fchen um ihre Durchsetzung in der DDR. Unser Freiheitsbegriff ist mehr als eine pers\u00f6nliche Selbstbehauptung, die am Ende nur zu einer Freiheit f\u00fcr Privilegierte f\u00fchrt. Wenn wir in der DDR in unseren Freiheits-Texten von Frieden, Gerechtigkeit und\u00a0 der Bewahrung der Sch\u00f6pfung sprachen, haben wir damit auch eine grunds\u00e4tzliche Kritik an der modernen Industriegesellschaft verbunden.\u201c\u00a0<\/span><\/em><\/p>\n<p><span style=\"color: #333333;font-family: Times New Roman;font-size: small\">Neben der unterschwelligen Diffamierung des DDR-B\u00fcrgers Gauck, er habe die Diktatur erfahren, andere h\u00e4tten aber gek\u00e4mpft, ein Urteil, \u00fcber dessen Stichhaltigkeit andere urteilen sollen, nicht ich, der ich die Gnade der westlichen Geburt genoss, enth\u00e4lt diese Passage eine Diffamierung der individuellen Freiheit des Citoyen, wie sie Gauck in der Tradition der Aufkl\u00e4rung und der Unabh\u00e4ngigkeitserkl\u00e4rung der USA versteht, als blo\u00dfe \u201epers\u00f6nliche Selbstbehauptung, die am Ende nur zu einer Freiheit f\u00fcr Privilegierte f\u00fchrt\u201c. Dar\u00fcber kann ich mir sehr wohl ein urteil erlauben. Zun\u00e4chst ist sie direkt der Rechtfertigung aller sozialistischen Diktaturen entnommen, die angeblich f\u00fcr \u201emehr\u201c als die pers\u00f6nliche Freiheit k\u00e4mpften und daf\u00fcr, leider, leider, die pers\u00f6nliche Freiheit abschaffen mussten. Diese verlogene Position wird aber mit einer \u201egrunds\u00e4tzlichen Kritik an der modernen Industriegesellschaft\u201c verbunden. Kapitalismuskritik, die \u2013 anders als bei Karl Marx etwa \u2013 nicht die Errungenschaften der Industrie, des Kapitalismus und der Moderne anerkennt, sondern sich nach einem vorindustriellen, vormodernen Zustand sehnt, ist\u00a0 &#8211; wie Teile der Umweltbewegung und der \u201eantiimperialistischen\u201c \u2013 in Wirklichkeit antimodernen \u2013 Blut-und-Boden-Linken\u00a0 \u2013 schlicht und einfach reaktion\u00e4r. <\/span><\/p>\n<p><span style=\"color: #333333;font-family: Times New Roman;font-size: small\">Weiter im Manifest:<\/span><\/p>\n<p><em><span style=\"color: #333333;font-family: Times New Roman;font-size: small\">\u201eGaucks Denken \u00fcber Freiheit ist von dem Begriff\u00a0 individueller \u201aSelbsterm\u00e4chtigung\u2019 bestimmt. Uns geht es um die aktive gesellschaftliche \u00d6ffnung und um die Freiheit aller. Es kommt nicht nur auf eine Haltung der Freiheit an, sondern auf eine Verfassung der Freiheit. Anpassung war f\u00fcr uns in der DDR keine Option. Wir haben Bevormundungen widersprochen, Freir\u00e4ume mit anderen und f\u00fcr andere geschaffen und gesellschaftliche Ver\u00e4nderungen eingefordert. Diese Erfahrungen aus der DDR ermutigen uns, kritische B\u00fcrger im vereinten, demokratischen Deutschland zu bleiben.\u201c\u00a0<\/span><\/em><\/p>\n<p><span style=\"color: #333333;font-family: Times New Roman;font-size: small\">Die Freiheit aller gegen die Freiheit des Individuums auszuspielen ist erstens ein rhetorischer Trick, zweitens unlogisch, und drittens selbst f\u00fcr Sozialisten unannehmbar. Insofern fallen diese Kirchenleute ganz im Sinne Luthers weit hinter die theoretischen Voraussetzungen jenes Staates zur\u00fcck, den sie \u2013 zu Recht \u2013 bek\u00e4mpften. Im \u201eKommunistischen Manifest\u201c beschrieb Karl Marx das ersehnte Ziel der Revolution als \u201eeine Assoziation, worin die freie Entwicklung eines jeden die Bedingung f\u00fcr die freie Entwicklung aller ist\u201c. Und nur so kann Freiheit funktionieren\u00a0 Aus diesem liberalen, antiautorit\u00e4ren Geist heraus schrieb Marx in der \u201eKritik des Gothaer Programms\u201c zur Rolle des Staats: \u201e\u2026 auch heutig sind die Staatsformen frier oder unfreier im Ma\u00df, worin sie die \u201aFreiheit des Staats\u2019 beschr\u00e4nken.\u201c Nat\u00fcrlich war Marx unterm Strich trotz solcher Anwandlungen kein Liberaler, aber ich zitiere ihn hier, um zu zeigen, dass es nicht besonders \u201elinks\u201c ist, das Kollektiv gegen den Einzelnen auszuspielen. Es geht \u00fcbrigens bei den von der Amerikanischen und der Franz\u00f6sischen Revolution verk\u00fcndeten Freiheitsrechten nicht um \u201eFreir\u00e4ume\u201c, sondern um unver\u00e4u\u00dferliche B\u00fcrgerrechte, die jedem Individuum zustehen. Das bedeutet in der Tat die \u201eErm\u00e4chtigung\u201c (so \u00fcbersetzt Gauck das Wort \u201eempowerment\u201c) des Individuums und nat\u00fcrlich der Zusammenschl\u00fcsse von Individuen zur Durchsetzung gemeinsamer Interessen. In seinem Buch schreib Gauck, Bedenkentr\u00e4ger (schreckliches Wort!) \u00a0h\u00e4tten ihm vom Gebrauch des Wortes \u201eErm\u00e4chtigung\u201c abgeraten. In Deutschland hat das ja auch einen \u00fcblen Klang; aber die Erm\u00e4chtigung, die Freiheit bedeutet, ist ja eben das genaue Gegenteil jener Erm\u00e4chtigung des Staates, gegen die 1933 nur die SPD stimmte. \u00a0<\/span><\/p>\n<p><span style=\"color: #333333;font-family: Times New Roman;font-size: small\">Weiter im Manifest:<\/span><\/p>\n<p><em><span style=\"color: #333333;font-family: Times New Roman;font-size: small\">\u201eJoachim Gauck hat die Erwartungen derjenigen befl\u00fcgelt, die durch die Beschw\u00f6rung des Antikommunismus die Freiheit verteidigen wollen. Die dringend erforderliche Kompetenz des k\u00fcnftigen Bundespr\u00e4sidenten kommt aber nicht aus der Beschw\u00f6rung der Vergangenheit, sondern aus der F\u00e4higkeit, dr\u00e4ngende Fragen der Zukunft zu thematisieren:\u00a0Wie schaffen wir es, den Angriff der Finanzm\u00e4rkte auf die Demokratie, unsere Lebensform der Freiheit, abzuwehren, den Skandal wachsender Verarmung vieler bei explodierendem Reichtum we\u00adniger nicht l\u00e4nger hinzunehmen, den Raubbau an den nat\u00fcrlichen Lebensgrundlagen zu beenden,\u00a0 das Zusammenleben der Menschen in kultureller und religi\u00f6ser Vielfalt zu erm\u00f6glichen und neue Konflikte friedlich zu l\u00f6sen?\u201c\u00a0<\/span><\/em><\/p>\n<p><span style=\"color: #333333;font-family: Times New Roman;font-size: small\">Dass Gauck seinen Freiheitsbegriff fast ausschlie\u00dflich negativ aus dem Antikommunismus ableitet, ist richtig. \u00dcberzogen zwar, aber richtig. Und es stimmt auch, dass er dadurch manche unguten Erwartungen befl\u00fcgelt \u00a0\u201eWir sind Pr\u00e4sident!\u201c jubelt schon die \u201eJunge Freiheit\u201c. Es stimmt auch, dass Gaucks fast reflexiver Antikommunismus ihn zu manchen unrichtigen Urteilen verleitet. \u00dcber die Irrt\u00fcmer der Totalitarismustheorie hat Hannes Stein das N\u00f6tige gesagt. \u00dcber den Irrtum der Gleichsetzung der DDR-Diktatur mit der Stalin\u2019schen Terrorherrschaft, wie sie Gauck in einem Beitrag zur deutschen Ausgabe des \u201eSchwarzbuchs des Kommunismus\u201c explizit vornimmt (wodurch er \u00fcber den Umweg \u00fcber die Totalitarismustheorie implizit zur Gleichsetzung von DDR-Regime und Nazi-Diktatur gelangt), hat Micha Brumlik unter Rekurs auf Hannah Arendt Richtiges geschrieben. Wenn Gauck der \u201eOccupy Wall Street\u201c-Bewegung unterstellt, deren Anh\u00e4nger wollten eine Staatsbank schaffen wie in der DDR, dann ist nicht die Occupy-Bewegung \u201euns\u00e4glich albern\u201c, sondern Gaucks Kritik. <\/span><\/p>\n<p><span style=\"color: #333333;font-family: Times New Roman;font-size: small\">Wie aber die Gauck-Kritiker einen angeblichen \u201eAngriff der Finanzm\u00e4rkte\u201c (wer, bittesch\u00f6n sind \u201edie M\u00e4rkte\u201c? und wie k\u00f6nnen diese Abstrakta einen \u201eAngriff\u201c organisieren?) auf \u201eunsere Lebensform der Freiheit\u201c abwehren wollen, nachdem sie gerade geschrieben haben, dass ihnen die Freiheit des Individuums nicht so wichtig sei; wie sie den Wohlstand der Vielen garantieren wollen, wenn die \u201edie moderne Industriegesellschaft\u201c grunds\u00e4tzlich ablehnen; wie der Multikulturalismus der Falle der Rechtfertigung reaktion\u00e4rer Sitten entgehen will ohne die individuelle \u201eSelbsterm\u00e4chtigung\u201c, aus einem als unfrei erlebten kulturellen und religi\u00f6sen Milieu auszubrechen; wie der Einsatz f\u00fcr den \u201eFrieden\u201c der vergleichbaren Falle entgehen soll, reaktion\u00e4ren Herrschern carte blanche zur Unterdr\u00fcckung ihrer V\u00f6lker zu erteilen, wie gegenw\u00e4rtig in Syrien \u2013 Antworten auf diese Fragen bleiben uns Gaucks reaktion\u00e4re Kritiker schuldig.\u00a0 <\/span><\/p>\n<p><span style=\"color: #333333;font-family: Times New Roman;font-size: small\">Freilich hat sich Gauck \u2013 der sich gelegentlich als \u201elinks, liberal und konservativ\u201c \u2013 also everybody\u2019s darling \u2013 bezeichnet hat \u2013 ein Hintert\u00fcrchen offen gelassen, das es ihm erm\u00f6glicht, die Sache mit der Freiheit nicht so ernst zu nehmen. Zitieren wir den Pr\u00e4sidenten-Macher J\u00fcrgen Trittin, der vermutlich als linker Gr\u00fcner inhaltlich eher auf der Linie der oben zitierten Gauck-Kritiker aus dem Osten liegt als auf der Linie Gaucks:<\/span><\/p>\n<p><em><span style=\"color: #333333;font-family: Times New Roman;font-size: small\">\u201e<\/span><span style=\"color: black\">Wir haben uns deswegen bereits vor 20 Monaten f\u00fcr einen wertegeleiteten Konservativen entschieden, der in seinem politischen Leben immer f\u00fcr Freiheit und Verantwortung gestanden hat. Sein Freiheitsbegriff ist ein anderer als der der Neoliberalen.\u201c Und: \u201eGauck definiert Freiheit als Freiheit zu Verantwortung. Das trifft sich mit unseren Vorstellungen von Freiheit in der Verantwortung.\u201c<\/span><\/em><\/p>\n<p><span style=\"font-family: Times New Roman;font-size: small\">Sofern die Begriffe \u201eFreiheit zu Verantwortung\u201c oder \u201eFreiheit in der Verantwortung\u201c \u00fcberhaupt etwas bedeuten, sind sie Euphemismen f\u00fcr die Einschr\u00e4nkung der Freiheit im Namen der \u201eVerantwortung\u201c \u2013 der Verantwortung f\u00fcr die Umwelt etwa, f\u00fcr k\u00fcnftige Generationen, f\u00fcr \u201ekulturelle und religi\u00f6se Vielfalt\u201c, f\u00fcr die religi\u00f6sen Empfindungen von Fanatikern, f\u00fcr den Frieden, f\u00fcr \u201eWerte\u201c, f\u00fcr den \u201egesellschaftlichen Zusammenhalt\u201c, was wei\u00df ich.<\/span><\/p>\n<p><span style=\"font-family: Times New Roman;font-size: small\">Anstatt abstrakt \u00fcber Freiheit, Selbsterm\u00e4chtigung und Verantwortung, Freiheit f\u00fcr alle oder Freiheit des Individuums zu schwafeln, schlage ich vor, die Freiheit, die wir meinen, konkret zu definieren. Ich kenne keine bessere Definition als die vier Freiheiten, deren Verwirklichung als Kriegsziel der USA und Gro\u00dfbritanniens von Franklin Delano Roosevelt und Winston Spencer Churchill\u00a0 im \u201eAtlantikcharta\u201c festgelegt wurden, die als Grundlage der Vereinten Nationen dienen, und die Norman Rockwell so wunderbar illustriert hat:<\/span><\/p>\n<p><span style=\"font-family: Times New Roman;font-size: small\"><a title=\"http:\/\/en.wikipedia.org\/wiki\/Four_Freedoms_(Norman_Rockwell)\" href=\"http:\/\/en.wikipedia.org\/wiki\/Four_Freedoms_%28Norman_Rockwell%29\" target=\"_blank\">http:\/\/en.wikipedia.org\/wiki\/Four_Freedoms_(Norman_Rockwell)<\/a><\/span><\/p>\n<p><span style=\"color: #333333;font-family: Times New Roman;font-size: small\">1.<span style=\"font-family: Times New Roman;font-size: xx-small\">\u00a0\u00a0\u00a0\u00a0\u00a0\u00a0\u00a0\u00a0\u00a0\u00a0\u00a0\u00a0\u00a0\u00a0\u00a0\u00a0\u00a0\u00a0\u00a0\u00a0\u00a0\u00a0\u00a0\u00a0\u00a0\u00a0\u00a0\u00a0\u00a0 <\/span><\/span><span style=\"color: #333333\">Freiheit der Rede <\/span><\/p>\n<p><span style=\"color: #333333;font-family: Times New Roman;font-size: small\">2.<span style=\"font-family: Times New Roman;font-size: xx-small\">\u00a0\u00a0\u00a0\u00a0\u00a0\u00a0\u00a0\u00a0\u00a0\u00a0\u00a0\u00a0\u00a0\u00a0\u00a0\u00a0\u00a0\u00a0\u00a0\u00a0\u00a0\u00a0\u00a0\u00a0\u00a0\u00a0\u00a0\u00a0\u00a0 <\/span><\/span><span style=\"color: #333333\">Freiheit der Religion. <\/span><\/p>\n<p><span style=\"color: #333333;font-family: Times New Roman;font-size: small\">3.<span style=\"font-family: Times New Roman;font-size: xx-small\">\u00a0\u00a0\u00a0\u00a0\u00a0\u00a0\u00a0\u00a0\u00a0\u00a0\u00a0\u00a0\u00a0\u00a0\u00a0\u00a0\u00a0\u00a0\u00a0\u00a0\u00a0\u00a0\u00a0\u00a0\u00a0\u00a0\u00a0\u00a0\u00a0 <\/span><\/span><span style=\"color: #333333\">Freiheit von Mangel <\/span><\/p>\n<p><span style=\"font-family: Times New Roman;font-size: small\">4.<span style=\"font-family: Times New Roman;font-size: xx-small\">\u00a0\u00a0\u00a0\u00a0\u00a0\u00a0\u00a0\u00a0\u00a0\u00a0\u00a0\u00a0\u00a0\u00a0\u00a0\u00a0\u00a0\u00a0\u00a0\u00a0\u00a0\u00a0\u00a0\u00a0\u00a0\u00a0\u00a0\u00a0\u00a0 <\/span><\/span><span style=\"color: #333333\">Freiheit von Furcht<\/span><\/p>\n<p><span style=\"color: #333333;font-family: Times New Roman;font-size: small\">Es sind zwei \u201epositive\u201c Freiheiten \u2013 Freiheiten \u201ezu\u201c etwas, und zwei \u201enegative\u201c Freiheiten \u2013 Freiheiten \u201evon\u201c etwas. Wer in diesem Sinn freiheitlich denkt und handelt, wird nicht Freiheit und Gerechtigkeit, Freiheit und Verantwortung, Freiheit und Sicherheit, die Freiheit des einzelnen und die Freiheit aller, liberal und sozial gegeneinander auszuspielen versuchen. Es sind nicht alle frei, solange einer in Furcht vor staatlicher Verfolgung, Terrorismus oder Kriminalit\u00e4t lebt, Hunger leidet, wegen seiner Religion verfolgt wird \u2013 und\u00a0 gegen all das nicht seine Stimme erheben kann. Das sind die Freiheiten, die ich meine. <\/span><\/p>\n<p><span style=\"color: #333333;font-family: Times New Roman;font-size: small\">Andere Freiheiten, die man fordern kann und sollte, etwa die unternehmerische Freiheit, rechtfertigen sich dadurch, dass sie diese Freiheiten st\u00e4rken. Oder sie sind nicht zu rechtfertigen. Auch die Demokratie steht nicht \u00fcber diesen Freiheiten. Sie ist ein Mittel, sie zu sch\u00fctzen. Ihre Einschr\u00e4nkung darf nicht mit dem Argument gerechtfertigt werden, die Mehrheit habe das demokratisch beschlossen. <\/span><\/p>\n<p><span style=\"color: #333333;font-family: Times New Roman;font-size: small\">Joachim Gauck und erst recht seine Kritiker aus der ehemaligen DDR m\u00f6gen aber die Worte aus Lessings \u201eNathan\u201c bedenken:<\/span><\/p>\n<p><em><span style=\"font-family: Times New Roman;font-size: small\">Der Aberglaub&#8216;, in dem wir aufgewachsen,<br \/>\nVerliert, auch wenn wir ihn erkennen, darum<br \/>\nDoch seine Macht nicht \u00fcber uns. \u2013 Es sind<br \/>\nNicht alle frei, die ihrer Ketten spotten.<\/span><\/em><\/p>\n<p><span style=\"font-family: Arial;font-size: x-small\"><br \/>\n<\/span><\/p>\n<div class=\"shariff shariff-align-left shariff-widget-align-left shariff-buttonstretch\" style=\"display:none\"><ul class=\"shariff-buttons theme-white orientation-horizontal buttonsize-medium\"><li class=\"shariff-button facebook shariff-nocustomcolor\" style=\"background-color:#4273c8\"><a href=\"https:\/\/www.facebook.com\/sharer\/sharer.php?u=https%3A%2F%2Fstarke-meinungen.de%2Fblog%2F2012%2F03%2F13%2Ffreiheiten-die-ich-meine%2F\" title=\"Bei Facebook teilen\" aria-label=\"Bei Facebook teilen\" role=\"button\" rel=\"nofollow\" class=\"shariff-link\" style=\"; background-color:#3b5998; color:#3b5998\" target=\"_blank\"><span class=\"shariff-icon\" style=\"fill:#3b5998\"><svg width=\"32px\" height=\"20px\" xmlns=\"http:\/\/www.w3.org\/2000\/svg\" viewBox=\"0 0 18 32\"><path fill=\"#3b5998\" d=\"M17.1 0.2v4.7h-2.8q-1.5 0-2.1 0.6t-0.5 1.9v3.4h5.2l-0.7 5.3h-4.5v13.6h-5.5v-13.6h-4.5v-5.3h4.5v-3.9q0-3.3 1.9-5.2t5-1.8q2.6 0 4.1 0.2z\"\/><\/svg><\/span><span class=\"shariff-text\" style=\"color:#3b5998\">teilen<\/span>&nbsp;<\/a><\/li><li class=\"shariff-button twitter shariff-nocustomcolor\" style=\"background-color:#595959\"><a href=\"https:\/\/twitter.com\/share?url=https%3A%2F%2Fstarke-meinungen.de%2Fblog%2F2012%2F03%2F13%2Ffreiheiten-die-ich-meine%2F&text=Freiheit%28en%29%2C%20die%20ich%20meine&via=starkemeinungen\" title=\"Bei X teilen\" aria-label=\"Bei X teilen\" role=\"button\" rel=\"noopener nofollow\" class=\"shariff-link\" style=\"; background-color:#000; color:#000\" target=\"_blank\"><span class=\"shariff-icon\" style=\"fill:#000\"><svg width=\"32px\" height=\"20px\" xmlns=\"http:\/\/www.w3.org\/2000\/svg\" viewBox=\"0 0 24 24\"><path fill=\"#000\" d=\"M14.258 10.152L23.176 0h-2.113l-7.747 8.813L7.133 0H0l9.352 13.328L0 23.973h2.113l8.176-9.309 6.531 9.309h7.133zm-2.895 3.293l-.949-1.328L2.875 1.56h3.246l6.086 8.523.945 1.328 7.91 11.078h-3.246zm0 0\"\/><\/svg><\/span><span class=\"shariff-text\" style=\"color:#000\">teilen<\/span>&nbsp;<\/a><\/li><li class=\"shariff-button linkedin shariff-nocustomcolor\" style=\"background-color:#1488bf\"><a href=\"https:\/\/www.linkedin.com\/sharing\/share-offsite\/?url=https%3A%2F%2Fstarke-meinungen.de%2Fblog%2F2012%2F03%2F13%2Ffreiheiten-die-ich-meine%2F\" title=\"Bei LinkedIn teilen\" aria-label=\"Bei LinkedIn teilen\" role=\"button\" rel=\"noopener nofollow\" class=\"shariff-link\" style=\"; background-color:#0077b5; color:#0077b5\" target=\"_blank\"><span class=\"shariff-icon\" style=\"fill:#0077b5\"><svg width=\"32px\" height=\"20px\" xmlns=\"http:\/\/www.w3.org\/2000\/svg\" viewBox=\"0 0 27 32\"><path fill=\"#0077b5\" d=\"M6.2 11.2v17.7h-5.9v-17.7h5.9zM6.6 5.7q0 1.3-0.9 2.2t-2.4 0.9h0q-1.5 0-2.4-0.9t-0.9-2.2 0.9-2.2 2.4-0.9 2.4 0.9 0.9 2.2zM27.4 18.7v10.1h-5.9v-9.5q0-1.9-0.7-2.9t-2.3-1.1q-1.1 0-1.9 0.6t-1.2 1.5q-0.2 0.5-0.2 1.4v9.9h-5.9q0-7.1 0-11.6t0-5.3l0-0.9h5.9v2.6h0q0.4-0.6 0.7-1t1-0.9 1.6-0.8 2-0.3q3 0 4.9 2t1.9 6z\"\/><\/svg><\/span><span class=\"shariff-text\" style=\"color:#0077b5\">teilen<\/span>&nbsp;<\/a><\/li><li class=\"shariff-button xing shariff-nocustomcolor\" style=\"background-color:#29888a\"><a href=\"https:\/\/www.xing.com\/spi\/shares\/new?url=https%3A%2F%2Fstarke-meinungen.de%2Fblog%2F2012%2F03%2F13%2Ffreiheiten-die-ich-meine%2F\" title=\"Bei XING teilen\" aria-label=\"Bei XING teilen\" role=\"button\" rel=\"noopener nofollow\" class=\"shariff-link\" style=\"; background-color:#126567; color:#126567\" target=\"_blank\"><span class=\"shariff-icon\" style=\"fill:#126567\"><svg width=\"32px\" height=\"20px\" xmlns=\"http:\/\/www.w3.org\/2000\/svg\" viewBox=\"0 0 25 32\"><path fill=\"#126567\" d=\"M10.7 11.9q-0.2 0.3-4.6 8.2-0.5 0.8-1.2 0.8h-4.3q-0.4 0-0.5-0.3t0-0.6l4.5-8q0 0 0 0l-2.9-5q-0.2-0.4 0-0.7 0.2-0.3 0.5-0.3h4.3q0.7 0 1.2 0.8zM25.1 0.4q0.2 0.3 0 0.7l-9.4 16.7 6 11q0.2 0.4 0 0.6-0.2 0.3-0.6 0.3h-4.3q-0.7 0-1.2-0.8l-6-11.1q0.3-0.6 9.5-16.8 0.4-0.8 1.2-0.8h4.3q0.4 0 0.5 0.3z\"\/><\/svg><\/span><span class=\"shariff-text\" style=\"color:#126567\">teilen<\/span>&nbsp;<\/a><\/li><li class=\"shariff-button whatsapp shariff-nocustomcolor\" style=\"background-color:#5cbe4a\"><a href=\"https:\/\/api.whatsapp.com\/send?text=https%3A%2F%2Fstarke-meinungen.de%2Fblog%2F2012%2F03%2F13%2Ffreiheiten-die-ich-meine%2F%20Freiheit%28en%29%2C%20die%20ich%20meine\" title=\"Bei Whatsapp teilen\" aria-label=\"Bei Whatsapp teilen\" role=\"button\" rel=\"noopener nofollow\" class=\"shariff-link\" style=\"; background-color:#34af23; color:#34af23\" target=\"_blank\"><span class=\"shariff-icon\" style=\"fill:#34af23\"><svg width=\"32px\" height=\"20px\" xmlns=\"http:\/\/www.w3.org\/2000\/svg\" viewBox=\"0 0 32 32\"><path fill=\"#34af23\" d=\"M17.6 17.4q0.2 0 1.7 0.8t1.6 0.9q0 0.1 0 0.3 0 0.6-0.3 1.4-0.3 0.7-1.3 1.2t-1.8 0.5q-1 0-3.4-1.1-1.7-0.8-3-2.1t-2.6-3.3q-1.3-1.9-1.3-3.5v-0.1q0.1-1.6 1.3-2.8 0.4-0.4 0.9-0.4 0.1 0 0.3 0t0.3 0q0.3 0 0.5 0.1t0.3 0.5q0.1 0.4 0.6 1.6t0.4 1.3q0 0.4-0.6 1t-0.6 0.8q0 0.1 0.1 0.3 0.6 1.3 1.8 2.4 1 0.9 2.7 1.8 0.2 0.1 0.4 0.1 0.3 0 1-0.9t0.9-0.9zM14 26.9q2.3 0 4.3-0.9t3.6-2.4 2.4-3.6 0.9-4.3-0.9-4.3-2.4-3.6-3.6-2.4-4.3-0.9-4.3 0.9-3.6 2.4-2.4 3.6-0.9 4.3q0 3.6 2.1 6.6l-1.4 4.2 4.3-1.4q2.8 1.9 6.2 1.9zM14 2.2q2.7 0 5.2 1.1t4.3 2.9 2.9 4.3 1.1 5.2-1.1 5.2-2.9 4.3-4.3 2.9-5.2 1.1q-3.5 0-6.5-1.7l-7.4 2.4 2.4-7.2q-1.9-3.2-1.9-6.9 0-2.7 1.1-5.2t2.9-4.3 4.3-2.9 5.2-1.1z\"\/><\/svg><\/span><span class=\"shariff-text\" style=\"color:#34af23\">teilen<\/span>&nbsp;<\/a><\/li><li class=\"shariff-button info shariff-nocustomcolor\" style=\"background-color:#a8a8a8\"><a href=\"http:\/\/ct.de\/-2467514\" title=\"Weitere Informationen\" aria-label=\"Weitere Informationen\" role=\"button\" rel=\"noopener \" class=\"shariff-link\" style=\"; background-color:#999; color:#999\" target=\"_blank\"><span class=\"shariff-icon\" style=\"fill:#999\"><svg width=\"32px\" height=\"20px\" xmlns=\"http:\/\/www.w3.org\/2000\/svg\" viewBox=\"0 0 11 32\"><path fill=\"#999\" d=\"M11.4 24v2.3q0 0.5-0.3 0.8t-0.8 0.4h-9.1q-0.5 0-0.8-0.4t-0.4-0.8v-2.3q0-0.5 0.4-0.8t0.8-0.4h1.1v-6.8h-1.1q-0.5 0-0.8-0.4t-0.4-0.8v-2.3q0-0.5 0.4-0.8t0.8-0.4h6.8q0.5 0 0.8 0.4t0.4 0.8v10.3h1.1q0.5 0 0.8 0.4t0.3 0.8zM9.2 3.4v3.4q0 0.5-0.4 0.8t-0.8 0.4h-4.6q-0.4 0-0.8-0.4t-0.4-0.8v-3.4q0-0.4 0.4-0.8t0.8-0.4h4.6q0.5 0 0.8 0.4t0.4 0.8z\"\/><\/svg><\/span><\/a><\/li><\/ul><\/div>","protected":false},"excerpt":{"rendered":"<p>\u00dcber den Ex-Pastor Joachim Gauck n\u00f6rgelte Pastor Friedrich Schorlemmer, der k\u00fcnftige Bundespr\u00e4sident verf\u00fcge nur \u00fcber das \u201ePathos der Freiheit\u201c, nicht \u00fcber das \u201ePathos der Gerechtigkeit\u201c. Aus dem Umfeld der Bundeskanzlerin verlautete zuvor als Grund, Gauck abzulehnen, er \u201ek\u00f6nne nur Freiheit\u201c, sei also monothematisch. V\u00f6llig zu Recht schrieb Mathias D\u00f6pfner dazu in einem Kommentar f\u00fcr die Bild-Zeitung, immerhin habe Gauck ein&#8230; <a href=\"https:\/\/starke-meinungen.de\/blog\/2012\/03\/13\/freiheiten-die-ich-meine\/\">Weiterlesen &raquo;<\/a><\/p>\n","protected":false},"author":13,"featured_media":0,"comment_status":"open","ping_status":"open","sticky":false,"template":"","format":"standard","meta":{"footnotes":""},"categories":[209,1],"tags":[1094,517,1122],"class_list":["post-3194","post","type-post","status-publish","format-standard","hentry","category-alan-posener","category-allgemein","tag-bundesprasident","tag-freiheit","tag-gauck"],"yoast_head":"<!-- This site is optimized with the Yoast SEO plugin v27.4 - https:\/\/yoast.com\/product\/yoast-seo-wordpress\/ -->\n<title>Freiheit(en), die ich meine - starke-meinungen.de<\/title>\n<meta name=\"robots\" content=\"index, follow, max-snippet:-1, max-image-preview:large, max-video-preview:-1\" \/>\n<link rel=\"canonical\" href=\"https:\/\/starke-meinungen.de\/blog\/2012\/03\/13\/freiheiten-die-ich-meine\/\" \/>\n<meta property=\"og:locale\" content=\"de_DE\" \/>\n<meta property=\"og:type\" content=\"article\" \/>\n<meta property=\"og:title\" content=\"Freiheit(en), die ich meine - starke-meinungen.de\" \/>\n<meta property=\"og:description\" content=\"\u00dcber den Ex-Pastor Joachim Gauck n\u00f6rgelte Pastor Friedrich Schorlemmer, der k\u00fcnftige Bundespr\u00e4sident verf\u00fcge nur \u00fcber das \u201ePathos der Freiheit\u201c, nicht \u00fcber das \u201ePathos der Gerechtigkeit\u201c. Aus dem Umfeld der Bundeskanzlerin verlautete zuvor als Grund, Gauck abzulehnen, er \u201ek\u00f6nne nur Freiheit\u201c, sei also monothematisch. V\u00f6llig zu Recht schrieb Mathias D\u00f6pfner dazu in einem Kommentar f\u00fcr die Bild-Zeitung, immerhin habe Gauck ein... Weiterlesen &raquo;\" \/>\n<meta property=\"og:url\" content=\"https:\/\/starke-meinungen.de\/blog\/2012\/03\/13\/freiheiten-die-ich-meine\/\" \/>\n<meta property=\"og:site_name\" content=\"starke-meinungen.de\" \/>\n<meta property=\"article:publisher\" content=\"https:\/\/www.facebook.com\/starkemeinungen\/\" \/>\n<meta property=\"article:published_time\" content=\"2012-03-12T23:38:26+00:00\" \/>\n<meta property=\"og:image\" content=\"https:\/\/starke-meinungen.de\/blog\/wp-content\/uploads\/starke-meinungen-fb-header.jpg\" \/>\n\t<meta property=\"og:image:width\" content=\"1200\" \/>\n\t<meta property=\"og:image:height\" content=\"630\" \/>\n\t<meta property=\"og:image:type\" content=\"image\/jpeg\" \/>\n<meta name=\"author\" content=\"Alan Posener\" \/>\n<meta name=\"twitter:card\" content=\"summary_large_image\" \/>\n<meta name=\"twitter:creator\" content=\"@starkemeinungen\" \/>\n<meta name=\"twitter:site\" content=\"@starkemeinungen\" \/>\n<meta name=\"twitter:label1\" content=\"Verfasst von\" \/>\n\t<meta name=\"twitter:data1\" content=\"Alan Posener\" \/>\n\t<meta name=\"twitter:label2\" content=\"Gesch\u00e4tzte Lesezeit\" \/>\n\t<meta name=\"twitter:data2\" content=\"9\u00a0Minuten\" \/>\n<script type=\"application\/ld+json\" class=\"yoast-schema-graph\">{\"@context\":\"https:\\\/\\\/schema.org\",\"@graph\":[{\"@type\":\"Article\",\"@id\":\"https:\\\/\\\/starke-meinungen.de\\\/blog\\\/2012\\\/03\\\/13\\\/freiheiten-die-ich-meine\\\/#article\",\"isPartOf\":{\"@id\":\"https:\\\/\\\/starke-meinungen.de\\\/blog\\\/2012\\\/03\\\/13\\\/freiheiten-die-ich-meine\\\/\"},\"author\":{\"name\":\"Alan Posener\",\"@id\":\"https:\\\/\\\/starke-meinungen.de\\\/blog\\\/#\\\/schema\\\/person\\\/32d0faef7c31a37c1c89be993d7a6d28\"},\"headline\":\"Freiheit(en), die ich meine\",\"datePublished\":\"2012-03-12T23:38:26+00:00\",\"mainEntityOfPage\":{\"@id\":\"https:\\\/\\\/starke-meinungen.de\\\/blog\\\/2012\\\/03\\\/13\\\/freiheiten-die-ich-meine\\\/\"},\"wordCount\":1755,\"commentCount\":75,\"publisher\":{\"@id\":\"https:\\\/\\\/starke-meinungen.de\\\/blog\\\/#organization\"},\"keywords\":[\"Bundespr\u00e4sident\",\"Freiheit\",\"Gauck\"],\"articleSection\":[\"Alan Posener\"],\"inLanguage\":\"de\",\"potentialAction\":[{\"@type\":\"CommentAction\",\"name\":\"Comment\",\"target\":[\"https:\\\/\\\/starke-meinungen.de\\\/blog\\\/2012\\\/03\\\/13\\\/freiheiten-die-ich-meine\\\/#respond\"]}]},{\"@type\":\"WebPage\",\"@id\":\"https:\\\/\\\/starke-meinungen.de\\\/blog\\\/2012\\\/03\\\/13\\\/freiheiten-die-ich-meine\\\/\",\"url\":\"https:\\\/\\\/starke-meinungen.de\\\/blog\\\/2012\\\/03\\\/13\\\/freiheiten-die-ich-meine\\\/\",\"name\":\"Freiheit(en), die ich meine - starke-meinungen.de\",\"isPartOf\":{\"@id\":\"https:\\\/\\\/starke-meinungen.de\\\/blog\\\/#website\"},\"datePublished\":\"2012-03-12T23:38:26+00:00\",\"breadcrumb\":{\"@id\":\"https:\\\/\\\/starke-meinungen.de\\\/blog\\\/2012\\\/03\\\/13\\\/freiheiten-die-ich-meine\\\/#breadcrumb\"},\"inLanguage\":\"de\",\"potentialAction\":[{\"@type\":\"ReadAction\",\"target\":[\"https:\\\/\\\/starke-meinungen.de\\\/blog\\\/2012\\\/03\\\/13\\\/freiheiten-die-ich-meine\\\/\"]}]},{\"@type\":\"BreadcrumbList\",\"@id\":\"https:\\\/\\\/starke-meinungen.de\\\/blog\\\/2012\\\/03\\\/13\\\/freiheiten-die-ich-meine\\\/#breadcrumb\",\"itemListElement\":[{\"@type\":\"ListItem\",\"position\":1,\"name\":\"Startseite\",\"item\":\"https:\\\/\\\/starke-meinungen.de\\\/blog\\\/\"},{\"@type\":\"ListItem\",\"position\":2,\"name\":\"Freiheit(en), die ich meine\"}]},{\"@type\":\"WebSite\",\"@id\":\"https:\\\/\\\/starke-meinungen.de\\\/blog\\\/#website\",\"url\":\"https:\\\/\\\/starke-meinungen.de\\\/blog\\\/\",\"name\":\"starke-meinungen.de\",\"description\":\"Autoren-Blog\",\"publisher\":{\"@id\":\"https:\\\/\\\/starke-meinungen.de\\\/blog\\\/#organization\"},\"potentialAction\":[{\"@type\":\"SearchAction\",\"target\":{\"@type\":\"EntryPoint\",\"urlTemplate\":\"https:\\\/\\\/starke-meinungen.de\\\/blog\\\/?s={search_term_string}\"},\"query-input\":{\"@type\":\"PropertyValueSpecification\",\"valueRequired\":true,\"valueName\":\"search_term_string\"}}],\"inLanguage\":\"de\"},{\"@type\":\"Organization\",\"@id\":\"https:\\\/\\\/starke-meinungen.de\\\/blog\\\/#organization\",\"name\":\"starke-meinungen.de\",\"url\":\"https:\\\/\\\/starke-meinungen.de\\\/blog\\\/\",\"logo\":{\"@type\":\"ImageObject\",\"inLanguage\":\"de\",\"@id\":\"https:\\\/\\\/starke-meinungen.de\\\/blog\\\/#\\\/schema\\\/logo\\\/image\\\/\",\"url\":\"https:\\\/\\\/starke-meinungen.de\\\/blog\\\/wp-content\\\/uploads\\\/starke-meinungen-fb-header.jpg\",\"contentUrl\":\"https:\\\/\\\/starke-meinungen.de\\\/blog\\\/wp-content\\\/uploads\\\/starke-meinungen-fb-header.jpg\",\"width\":1200,\"height\":630,\"caption\":\"starke-meinungen.de\"},\"image\":{\"@id\":\"https:\\\/\\\/starke-meinungen.de\\\/blog\\\/#\\\/schema\\\/logo\\\/image\\\/\"},\"sameAs\":[\"https:\\\/\\\/www.facebook.com\\\/starkemeinungen\\\/\",\"https:\\\/\\\/x.com\\\/starkemeinungen\"]},{\"@type\":\"Person\",\"@id\":\"https:\\\/\\\/starke-meinungen.de\\\/blog\\\/#\\\/schema\\\/person\\\/32d0faef7c31a37c1c89be993d7a6d28\",\"name\":\"Alan Posener\",\"image\":{\"@type\":\"ImageObject\",\"inLanguage\":\"de\",\"@id\":\"https:\\\/\\\/secure.gravatar.com\\\/avatar\\\/c75c8818a9ab78c4faa75048dba7844e2587998cda4d93f84e7d86f7e21a9b90?s=96&d=mm&r=g\",\"url\":\"https:\\\/\\\/secure.gravatar.com\\\/avatar\\\/c75c8818a9ab78c4faa75048dba7844e2587998cda4d93f84e7d86f7e21a9b90?s=96&d=mm&r=g\",\"contentUrl\":\"https:\\\/\\\/secure.gravatar.com\\\/avatar\\\/c75c8818a9ab78c4faa75048dba7844e2587998cda4d93f84e7d86f7e21a9b90?s=96&d=mm&r=g\",\"caption\":\"Alan Posener\"},\"url\":\"https:\\\/\\\/starke-meinungen.de\\\/blog\\\/author\\\/posener\\\/\"}]}<\/script>\n<!-- \/ Yoast SEO plugin. -->","yoast_head_json":{"title":"Freiheit(en), die ich meine - starke-meinungen.de","robots":{"index":"index","follow":"follow","max-snippet":"max-snippet:-1","max-image-preview":"max-image-preview:large","max-video-preview":"max-video-preview:-1"},"canonical":"https:\/\/starke-meinungen.de\/blog\/2012\/03\/13\/freiheiten-die-ich-meine\/","og_locale":"de_DE","og_type":"article","og_title":"Freiheit(en), die ich meine - starke-meinungen.de","og_description":"\u00dcber den Ex-Pastor Joachim Gauck n\u00f6rgelte Pastor Friedrich Schorlemmer, der k\u00fcnftige Bundespr\u00e4sident verf\u00fcge nur \u00fcber das \u201ePathos der Freiheit\u201c, nicht \u00fcber das \u201ePathos der Gerechtigkeit\u201c. Aus dem Umfeld der Bundeskanzlerin verlautete zuvor als Grund, Gauck abzulehnen, er \u201ek\u00f6nne nur Freiheit\u201c, sei also monothematisch. V\u00f6llig zu Recht schrieb Mathias D\u00f6pfner dazu in einem Kommentar f\u00fcr die Bild-Zeitung, immerhin habe Gauck ein... Weiterlesen &raquo;","og_url":"https:\/\/starke-meinungen.de\/blog\/2012\/03\/13\/freiheiten-die-ich-meine\/","og_site_name":"starke-meinungen.de","article_publisher":"https:\/\/www.facebook.com\/starkemeinungen\/","article_published_time":"2012-03-12T23:38:26+00:00","og_image":[{"width":1200,"height":630,"url":"https:\/\/starke-meinungen.de\/blog\/wp-content\/uploads\/starke-meinungen-fb-header.jpg","type":"image\/jpeg"}],"author":"Alan Posener","twitter_card":"summary_large_image","twitter_creator":"@starkemeinungen","twitter_site":"@starkemeinungen","twitter_misc":{"Verfasst von":"Alan Posener","Gesch\u00e4tzte Lesezeit":"9\u00a0Minuten"},"schema":{"@context":"https:\/\/schema.org","@graph":[{"@type":"Article","@id":"https:\/\/starke-meinungen.de\/blog\/2012\/03\/13\/freiheiten-die-ich-meine\/#article","isPartOf":{"@id":"https:\/\/starke-meinungen.de\/blog\/2012\/03\/13\/freiheiten-die-ich-meine\/"},"author":{"name":"Alan Posener","@id":"https:\/\/starke-meinungen.de\/blog\/#\/schema\/person\/32d0faef7c31a37c1c89be993d7a6d28"},"headline":"Freiheit(en), die ich meine","datePublished":"2012-03-12T23:38:26+00:00","mainEntityOfPage":{"@id":"https:\/\/starke-meinungen.de\/blog\/2012\/03\/13\/freiheiten-die-ich-meine\/"},"wordCount":1755,"commentCount":75,"publisher":{"@id":"https:\/\/starke-meinungen.de\/blog\/#organization"},"keywords":["Bundespr\u00e4sident","Freiheit","Gauck"],"articleSection":["Alan Posener"],"inLanguage":"de","potentialAction":[{"@type":"CommentAction","name":"Comment","target":["https:\/\/starke-meinungen.de\/blog\/2012\/03\/13\/freiheiten-die-ich-meine\/#respond"]}]},{"@type":"WebPage","@id":"https:\/\/starke-meinungen.de\/blog\/2012\/03\/13\/freiheiten-die-ich-meine\/","url":"https:\/\/starke-meinungen.de\/blog\/2012\/03\/13\/freiheiten-die-ich-meine\/","name":"Freiheit(en), die ich meine - starke-meinungen.de","isPartOf":{"@id":"https:\/\/starke-meinungen.de\/blog\/#website"},"datePublished":"2012-03-12T23:38:26+00:00","breadcrumb":{"@id":"https:\/\/starke-meinungen.de\/blog\/2012\/03\/13\/freiheiten-die-ich-meine\/#breadcrumb"},"inLanguage":"de","potentialAction":[{"@type":"ReadAction","target":["https:\/\/starke-meinungen.de\/blog\/2012\/03\/13\/freiheiten-die-ich-meine\/"]}]},{"@type":"BreadcrumbList","@id":"https:\/\/starke-meinungen.de\/blog\/2012\/03\/13\/freiheiten-die-ich-meine\/#breadcrumb","itemListElement":[{"@type":"ListItem","position":1,"name":"Startseite","item":"https:\/\/starke-meinungen.de\/blog\/"},{"@type":"ListItem","position":2,"name":"Freiheit(en), die ich meine"}]},{"@type":"WebSite","@id":"https:\/\/starke-meinungen.de\/blog\/#website","url":"https:\/\/starke-meinungen.de\/blog\/","name":"starke-meinungen.de","description":"Autoren-Blog","publisher":{"@id":"https:\/\/starke-meinungen.de\/blog\/#organization"},"potentialAction":[{"@type":"SearchAction","target":{"@type":"EntryPoint","urlTemplate":"https:\/\/starke-meinungen.de\/blog\/?s={search_term_string}"},"query-input":{"@type":"PropertyValueSpecification","valueRequired":true,"valueName":"search_term_string"}}],"inLanguage":"de"},{"@type":"Organization","@id":"https:\/\/starke-meinungen.de\/blog\/#organization","name":"starke-meinungen.de","url":"https:\/\/starke-meinungen.de\/blog\/","logo":{"@type":"ImageObject","inLanguage":"de","@id":"https:\/\/starke-meinungen.de\/blog\/#\/schema\/logo\/image\/","url":"https:\/\/starke-meinungen.de\/blog\/wp-content\/uploads\/starke-meinungen-fb-header.jpg","contentUrl":"https:\/\/starke-meinungen.de\/blog\/wp-content\/uploads\/starke-meinungen-fb-header.jpg","width":1200,"height":630,"caption":"starke-meinungen.de"},"image":{"@id":"https:\/\/starke-meinungen.de\/blog\/#\/schema\/logo\/image\/"},"sameAs":["https:\/\/www.facebook.com\/starkemeinungen\/","https:\/\/x.com\/starkemeinungen"]},{"@type":"Person","@id":"https:\/\/starke-meinungen.de\/blog\/#\/schema\/person\/32d0faef7c31a37c1c89be993d7a6d28","name":"Alan Posener","image":{"@type":"ImageObject","inLanguage":"de","@id":"https:\/\/secure.gravatar.com\/avatar\/c75c8818a9ab78c4faa75048dba7844e2587998cda4d93f84e7d86f7e21a9b90?s=96&d=mm&r=g","url":"https:\/\/secure.gravatar.com\/avatar\/c75c8818a9ab78c4faa75048dba7844e2587998cda4d93f84e7d86f7e21a9b90?s=96&d=mm&r=g","contentUrl":"https:\/\/secure.gravatar.com\/avatar\/c75c8818a9ab78c4faa75048dba7844e2587998cda4d93f84e7d86f7e21a9b90?s=96&d=mm&r=g","caption":"Alan Posener"},"url":"https:\/\/starke-meinungen.de\/blog\/author\/posener\/"}]}},"_links":{"self":[{"href":"https:\/\/starke-meinungen.de\/blog\/wp-json\/wp\/v2\/posts\/3194","targetHints":{"allow":["GET"]}}],"collection":[{"href":"https:\/\/starke-meinungen.de\/blog\/wp-json\/wp\/v2\/posts"}],"about":[{"href":"https:\/\/starke-meinungen.de\/blog\/wp-json\/wp\/v2\/types\/post"}],"author":[{"embeddable":true,"href":"https:\/\/starke-meinungen.de\/blog\/wp-json\/wp\/v2\/users\/13"}],"replies":[{"embeddable":true,"href":"https:\/\/starke-meinungen.de\/blog\/wp-json\/wp\/v2\/comments?post=3194"}],"version-history":[{"count":5,"href":"https:\/\/starke-meinungen.de\/blog\/wp-json\/wp\/v2\/posts\/3194\/revisions"}],"predecessor-version":[{"id":3202,"href":"https:\/\/starke-meinungen.de\/blog\/wp-json\/wp\/v2\/posts\/3194\/revisions\/3202"}],"wp:attachment":[{"href":"https:\/\/starke-meinungen.de\/blog\/wp-json\/wp\/v2\/media?parent=3194"}],"wp:term":[{"taxonomy":"category","embeddable":true,"href":"https:\/\/starke-meinungen.de\/blog\/wp-json\/wp\/v2\/categories?post=3194"},{"taxonomy":"post_tag","embeddable":true,"href":"https:\/\/starke-meinungen.de\/blog\/wp-json\/wp\/v2\/tags?post=3194"}],"curies":[{"name":"wp","href":"https:\/\/api.w.org\/{rel}","templated":true}]}}