

{"id":3084,"date":"2012-01-10T00:50:12","date_gmt":"2012-01-09T23:50:12","guid":{"rendered":"https:\/\/starke-meinungen.de\/blog\/?p=3084"},"modified":"2012-01-09T14:51:30","modified_gmt":"2012-01-09T13:51:30","slug":"size-matters-oder-wulff-vw-porsche-und-geerkens","status":"publish","type":"post","link":"https:\/\/starke-meinungen.de\/blog\/2012\/01\/10\/size-matters-oder-wulff-vw-porsche-und-geerkens\/","title":{"rendered":"Size matters  &#8211; oder: Wulff, VW, Porsche und Geerkens"},"content":{"rendered":"<p><span style=\"font-family: Times New Roman;font-size: small\">Wie konnte er nur so bl\u00f6d sein? So fragt sich manch einer, wenn er die Details der Finanzierung von Christian Wulffs Eigenheim erf\u00e4hrt. Der Pr\u00e4sident fragt sich das vermutlich seit Wochen selber. Bei der Erkl\u00e4rung von Wulffs Verhalten wird auff\u00e4llig oft auf herablassende Weise vom \u201eParven\u00fc\u201c gesprochen, als sei es irgendwie ehrenr\u00fchrig, aus kleinen Verh\u00e4ltnissen zu kommen. Zu dieser snobistischen Haltung geh\u00f6rt auch die Architekturkritik am Objekt von Wulffs Begierde. Ja, das Haus ist piefig. Aber lieber piefig als protzig. Und zur Erinnerung: Auch Adel sch\u00fctzt vor Dummheit nicht.<\/span><\/p>\n<p><span style=\"font-family: Times New Roman;font-size: small\">Alle reden von Maschmeyer und Geerkens, als w\u00fcrden die irgendwie Wirtschaft oder gar Politik Niedersachsens kontrollieren. Aber das sind doch geradezu winzige Fische. <!--more-->In Niedersachsen war Wulff mit Korruption im systematischen Ausma\u00df konfrontiert; und zwar bei der Volkswagen AG, an der das Land laut VW-Gesetz eine Sperrminorit\u00e4t besa\u00df in deren Aufsichtsrat er als Ministerpr\u00e4sident sa\u00df. Im Dezember 2005 protokollierte ich ein Hintergrundgespr\u00e4ch mit Wulff, in dem er sich \u00fcber die Lage bei dem Konzern auslie\u00df: \u00a0\u00a0<\/span><\/p>\n<p><span style=\"font-family: Times New Roman;font-size: small\">\u201eDas ist ein Unternehmen, da m\u00fcsste man den Mittellandkanal von oben nach unten durch das Verwaltungsgeb\u00e4ude leiten, um den Dreck auszusp\u00fclen. VW ist zu einem Drittel \u00fcberbelegt. Die Kollegen in China verdienen 2,20 die Stunde, in Bratislava und Posen 10 oder 12, und die finanzieren die Leute in Wolfsburg mit einer 28,5-Stunden-Woche und 50 Euro die Stunde. Da gab es eine Arbeitsteilung im Vorstand und im Aufsichtsrat zwischen Kapital und Gewerkschaft derart, dass man dem Betriebsrat Prostituierte gegeben hat zum Spielen und den Managern teures Technik-Spielzeug. Da durfte der Piech den Bugatti entwickeln, den Phaeton, den Bentley, Autos, die keiner kaufen wollte, w\u00e4hrend die sonstigen Modelle immer teurer wurden und Toyota immer billiger. Und nun kommt Wiedeking von Porsche und kauft das Ganze. Dabei produzieren wir bereits den Cayenne in Bratislava, in Dresden wird lediglich die Porsche-Marke darauf geklebt, damit das Auto gleich 10.000 Euro teurer wird. Porsche kann keine neuen Modelle entwickeln, weil die notwendigen Elektronikpartner sagen, 30.000 Autos willst du verkaufen, daf\u00fcr lohnen sich die Entwicklungskosten nicht. Er will ran an unsere Entwicklungsabteilung, er braucht die Masse, nur deshalb macht er das. Wenn das VW-Gesetz n\u00e4chstes Jahr ausl\u00e4uft, muss das Land seine Anteile absto\u00dfen und sich aus diesem Sumpf zur\u00fcckziehen.\u201c<\/span><\/p>\n<p><span style=\"font-family: Times New Roman;font-size: small\">Wie man wei\u00df, hat Wulff das nicht getan; bis heute besitzt Niedersachsen 20 Prozent der Aktien an diesem \u201eSumpf\u201c. Daf\u00fcr hat Porsche nach dem Einstieg mit den Privilegien der VW-Belegschaft teilweise aufger\u00e4umt. Inzwischen gilt wieder die 35-Stunden-Woche. Personalvorstand und Schr\u00f6der-Buddy Peter Hartz musste wegen der Prostituierten-Aff\u00e4re gehen. Schlie\u00dflich zeigte es sich, dass Porsche wiederum unter Wendelin Wiedeking, der zu den wirtschaftlichen Beratern der Kanzlerin geh\u00f6rte, die geplante \u00dcbernahme mit windigen B\u00f6rsenspekulationen finanziert hatte, die im Zuge der Finanzkrise von 2008\/9 aufflogen. Nun sollen Porsche und VW unter Wolfsburger Federf\u00fchrung fusioniert werden.<\/span><\/p>\n<p><span style=\"font-family: Times New Roman;font-size: small\">Ich vermute, dass Wulff die Aufnahme eines Kredits bei der Ehefrau eines gesch\u00e4ftlich nicht mehr aktiven Kleinunternehmers im Vergleich zu den Verh\u00e4ltnissen bei VW, die sich unter den Augen seiner qua Amt im Aufsichtsrat sitzenden Vorg\u00e4nger herausgebildet hatten, f\u00fcr ein geradezu ehrenhaftes Vorgehen hielt. <\/span><\/p>\n<div class=\"shariff shariff-align-left shariff-widget-align-left shariff-buttonstretch\" style=\"display:none\"><ul class=\"shariff-buttons theme-white orientation-horizontal buttonsize-medium\"><li class=\"shariff-button facebook shariff-nocustomcolor\" style=\"background-color:#4273c8\"><a href=\"https:\/\/www.facebook.com\/sharer\/sharer.php?u=https%3A%2F%2Fstarke-meinungen.de%2Fblog%2F2012%2F01%2F10%2Fsize-matters-oder-wulff-vw-porsche-und-geerkens%2F\" title=\"Bei Facebook teilen\" aria-label=\"Bei Facebook teilen\" role=\"button\" rel=\"nofollow\" class=\"shariff-link\" style=\"; background-color:#3b5998; color:#3b5998\" target=\"_blank\"><span class=\"shariff-icon\" style=\"fill:#3b5998\"><svg width=\"32px\" height=\"20px\" xmlns=\"http:\/\/www.w3.org\/2000\/svg\" viewBox=\"0 0 18 32\"><path fill=\"#3b5998\" d=\"M17.1 0.2v4.7h-2.8q-1.5 0-2.1 0.6t-0.5 1.9v3.4h5.2l-0.7 5.3h-4.5v13.6h-5.5v-13.6h-4.5v-5.3h4.5v-3.9q0-3.3 1.9-5.2t5-1.8q2.6 0 4.1 0.2z\"\/><\/svg><\/span><span class=\"shariff-text\" style=\"color:#3b5998\">teilen<\/span>&nbsp;<\/a><\/li><li class=\"shariff-button twitter shariff-nocustomcolor\" style=\"background-color:#595959\"><a href=\"https:\/\/twitter.com\/share?url=https%3A%2F%2Fstarke-meinungen.de%2Fblog%2F2012%2F01%2F10%2Fsize-matters-oder-wulff-vw-porsche-und-geerkens%2F&text=Size%20matters%20%20%E2%80%93%20oder%3A%20Wulff%2C%20VW%2C%20Porsche%20und%20Geerkens&via=starkemeinungen\" title=\"Bei X teilen\" aria-label=\"Bei X teilen\" role=\"button\" rel=\"noopener nofollow\" class=\"shariff-link\" style=\"; background-color:#000; color:#000\" target=\"_blank\"><span class=\"shariff-icon\" style=\"fill:#000\"><svg width=\"32px\" height=\"20px\" xmlns=\"http:\/\/www.w3.org\/2000\/svg\" viewBox=\"0 0 24 24\"><path fill=\"#000\" d=\"M14.258 10.152L23.176 0h-2.113l-7.747 8.813L7.133 0H0l9.352 13.328L0 23.973h2.113l8.176-9.309 6.531 9.309h7.133zm-2.895 3.293l-.949-1.328L2.875 1.56h3.246l6.086 8.523.945 1.328 7.91 11.078h-3.246zm0 0\"\/><\/svg><\/span><span class=\"shariff-text\" style=\"color:#000\">teilen<\/span>&nbsp;<\/a><\/li><li class=\"shariff-button linkedin shariff-nocustomcolor\" style=\"background-color:#1488bf\"><a href=\"https:\/\/www.linkedin.com\/sharing\/share-offsite\/?url=https%3A%2F%2Fstarke-meinungen.de%2Fblog%2F2012%2F01%2F10%2Fsize-matters-oder-wulff-vw-porsche-und-geerkens%2F\" title=\"Bei LinkedIn teilen\" aria-label=\"Bei LinkedIn teilen\" role=\"button\" rel=\"noopener nofollow\" class=\"shariff-link\" style=\"; background-color:#0077b5; color:#0077b5\" target=\"_blank\"><span class=\"shariff-icon\" style=\"fill:#0077b5\"><svg width=\"32px\" height=\"20px\" xmlns=\"http:\/\/www.w3.org\/2000\/svg\" viewBox=\"0 0 27 32\"><path fill=\"#0077b5\" d=\"M6.2 11.2v17.7h-5.9v-17.7h5.9zM6.6 5.7q0 1.3-0.9 2.2t-2.4 0.9h0q-1.5 0-2.4-0.9t-0.9-2.2 0.9-2.2 2.4-0.9 2.4 0.9 0.9 2.2zM27.4 18.7v10.1h-5.9v-9.5q0-1.9-0.7-2.9t-2.3-1.1q-1.1 0-1.9 0.6t-1.2 1.5q-0.2 0.5-0.2 1.4v9.9h-5.9q0-7.1 0-11.6t0-5.3l0-0.9h5.9v2.6h0q0.4-0.6 0.7-1t1-0.9 1.6-0.8 2-0.3q3 0 4.9 2t1.9 6z\"\/><\/svg><\/span><span class=\"shariff-text\" style=\"color:#0077b5\">teilen<\/span>&nbsp;<\/a><\/li><li class=\"shariff-button xing shariff-nocustomcolor\" style=\"background-color:#29888a\"><a href=\"https:\/\/www.xing.com\/spi\/shares\/new?url=https%3A%2F%2Fstarke-meinungen.de%2Fblog%2F2012%2F01%2F10%2Fsize-matters-oder-wulff-vw-porsche-und-geerkens%2F\" title=\"Bei XING teilen\" aria-label=\"Bei XING teilen\" role=\"button\" rel=\"noopener nofollow\" class=\"shariff-link\" style=\"; background-color:#126567; color:#126567\" target=\"_blank\"><span class=\"shariff-icon\" style=\"fill:#126567\"><svg width=\"32px\" height=\"20px\" xmlns=\"http:\/\/www.w3.org\/2000\/svg\" viewBox=\"0 0 25 32\"><path fill=\"#126567\" d=\"M10.7 11.9q-0.2 0.3-4.6 8.2-0.5 0.8-1.2 0.8h-4.3q-0.4 0-0.5-0.3t0-0.6l4.5-8q0 0 0 0l-2.9-5q-0.2-0.4 0-0.7 0.2-0.3 0.5-0.3h4.3q0.7 0 1.2 0.8zM25.1 0.4q0.2 0.3 0 0.7l-9.4 16.7 6 11q0.2 0.4 0 0.6-0.2 0.3-0.6 0.3h-4.3q-0.7 0-1.2-0.8l-6-11.1q0.3-0.6 9.5-16.8 0.4-0.8 1.2-0.8h4.3q0.4 0 0.5 0.3z\"\/><\/svg><\/span><span class=\"shariff-text\" style=\"color:#126567\">teilen<\/span>&nbsp;<\/a><\/li><li class=\"shariff-button whatsapp shariff-nocustomcolor\" style=\"background-color:#5cbe4a\"><a href=\"https:\/\/api.whatsapp.com\/send?text=https%3A%2F%2Fstarke-meinungen.de%2Fblog%2F2012%2F01%2F10%2Fsize-matters-oder-wulff-vw-porsche-und-geerkens%2F%20Size%20matters%20%20%E2%80%93%20oder%3A%20Wulff%2C%20VW%2C%20Porsche%20und%20Geerkens\" title=\"Bei Whatsapp teilen\" aria-label=\"Bei Whatsapp teilen\" role=\"button\" rel=\"noopener nofollow\" class=\"shariff-link\" style=\"; background-color:#34af23; color:#34af23\" target=\"_blank\"><span class=\"shariff-icon\" style=\"fill:#34af23\"><svg width=\"32px\" height=\"20px\" xmlns=\"http:\/\/www.w3.org\/2000\/svg\" viewBox=\"0 0 32 32\"><path fill=\"#34af23\" d=\"M17.6 17.4q0.2 0 1.7 0.8t1.6 0.9q0 0.1 0 0.3 0 0.6-0.3 1.4-0.3 0.7-1.3 1.2t-1.8 0.5q-1 0-3.4-1.1-1.7-0.8-3-2.1t-2.6-3.3q-1.3-1.9-1.3-3.5v-0.1q0.1-1.6 1.3-2.8 0.4-0.4 0.9-0.4 0.1 0 0.3 0t0.3 0q0.3 0 0.5 0.1t0.3 0.5q0.1 0.4 0.6 1.6t0.4 1.3q0 0.4-0.6 1t-0.6 0.8q0 0.1 0.1 0.3 0.6 1.3 1.8 2.4 1 0.9 2.7 1.8 0.2 0.1 0.4 0.1 0.3 0 1-0.9t0.9-0.9zM14 26.9q2.3 0 4.3-0.9t3.6-2.4 2.4-3.6 0.9-4.3-0.9-4.3-2.4-3.6-3.6-2.4-4.3-0.9-4.3 0.9-3.6 2.4-2.4 3.6-0.9 4.3q0 3.6 2.1 6.6l-1.4 4.2 4.3-1.4q2.8 1.9 6.2 1.9zM14 2.2q2.7 0 5.2 1.1t4.3 2.9 2.9 4.3 1.1 5.2-1.1 5.2-2.9 4.3-4.3 2.9-5.2 1.1q-3.5 0-6.5-1.7l-7.4 2.4 2.4-7.2q-1.9-3.2-1.9-6.9 0-2.7 1.1-5.2t2.9-4.3 4.3-2.9 5.2-1.1z\"\/><\/svg><\/span><span class=\"shariff-text\" style=\"color:#34af23\">teilen<\/span>&nbsp;<\/a><\/li><li class=\"shariff-button info shariff-nocustomcolor\" style=\"background-color:#a8a8a8\"><a href=\"http:\/\/ct.de\/-2467514\" title=\"Weitere Informationen\" aria-label=\"Weitere Informationen\" role=\"button\" rel=\"noopener \" class=\"shariff-link\" style=\"; background-color:#999; color:#999\" target=\"_blank\"><span class=\"shariff-icon\" style=\"fill:#999\"><svg width=\"32px\" height=\"20px\" xmlns=\"http:\/\/www.w3.org\/2000\/svg\" viewBox=\"0 0 11 32\"><path fill=\"#999\" d=\"M11.4 24v2.3q0 0.5-0.3 0.8t-0.8 0.4h-9.1q-0.5 0-0.8-0.4t-0.4-0.8v-2.3q0-0.5 0.4-0.8t0.8-0.4h1.1v-6.8h-1.1q-0.5 0-0.8-0.4t-0.4-0.8v-2.3q0-0.5 0.4-0.8t0.8-0.4h6.8q0.5 0 0.8 0.4t0.4 0.8v10.3h1.1q0.5 0 0.8 0.4t0.3 0.8zM9.2 3.4v3.4q0 0.5-0.4 0.8t-0.8 0.4h-4.6q-0.4 0-0.8-0.4t-0.4-0.8v-3.4q0-0.4 0.4-0.8t0.8-0.4h4.6q0.5 0 0.8 0.4t0.4 0.8z\"\/><\/svg><\/span><\/a><\/li><\/ul><\/div>","protected":false},"excerpt":{"rendered":"<p>Wie konnte er nur so bl\u00f6d sein? So fragt sich manch einer, wenn er die Details der Finanzierung von Christian Wulffs Eigenheim erf\u00e4hrt. Der Pr\u00e4sident fragt sich das vermutlich seit Wochen selber. Bei der Erkl\u00e4rung von Wulffs Verhalten wird auff\u00e4llig oft auf herablassende Weise vom \u201eParven\u00fc\u201c gesprochen, als sei es irgendwie ehrenr\u00fchrig, aus kleinen Verh\u00e4ltnissen zu kommen. Zu dieser snobistischen&#8230; <a href=\"https:\/\/starke-meinungen.de\/blog\/2012\/01\/10\/size-matters-oder-wulff-vw-porsche-und-geerkens\/\">Weiterlesen &raquo;<\/a><\/p>\n","protected":false},"author":13,"featured_media":0,"comment_status":"open","ping_status":"open","sticky":false,"template":"","format":"standard","meta":{"footnotes":""},"categories":[209,1],"tags":[1094,1987,1986,1073],"class_list":["post-3084","post","type-post","status-publish","format-standard","hentry","category-alan-posener","category-allgemein","tag-bundesprasident","tag-geerkens","tag-maschmeyer","tag-wulff"],"yoast_head":"<!-- This site is optimized with the Yoast SEO plugin v27.4 - https:\/\/yoast.com\/product\/yoast-seo-wordpress\/ -->\n<title>Size matters - oder: Wulff, VW, Porsche und Geerkens - starke-meinungen.de<\/title>\n<meta name=\"robots\" content=\"index, follow, max-snippet:-1, max-image-preview:large, max-video-preview:-1\" \/>\n<link rel=\"canonical\" href=\"https:\/\/starke-meinungen.de\/blog\/2012\/01\/10\/size-matters-oder-wulff-vw-porsche-und-geerkens\/\" \/>\n<meta property=\"og:locale\" content=\"de_DE\" \/>\n<meta property=\"og:type\" content=\"article\" \/>\n<meta property=\"og:title\" content=\"Size matters - oder: Wulff, VW, Porsche und Geerkens - starke-meinungen.de\" \/>\n<meta property=\"og:description\" content=\"Wie konnte er nur so bl\u00f6d sein? So fragt sich manch einer, wenn er die Details der Finanzierung von Christian Wulffs Eigenheim erf\u00e4hrt. Der Pr\u00e4sident fragt sich das vermutlich seit Wochen selber. Bei der Erkl\u00e4rung von Wulffs Verhalten wird auff\u00e4llig oft auf herablassende Weise vom \u201eParven\u00fc\u201c gesprochen, als sei es irgendwie ehrenr\u00fchrig, aus kleinen Verh\u00e4ltnissen zu kommen. Zu dieser snobistischen... Weiterlesen &raquo;\" \/>\n<meta property=\"og:url\" content=\"https:\/\/starke-meinungen.de\/blog\/2012\/01\/10\/size-matters-oder-wulff-vw-porsche-und-geerkens\/\" \/>\n<meta property=\"og:site_name\" content=\"starke-meinungen.de\" \/>\n<meta property=\"article:publisher\" content=\"https:\/\/www.facebook.com\/starkemeinungen\/\" \/>\n<meta property=\"article:published_time\" content=\"2012-01-09T23:50:12+00:00\" \/>\n<meta property=\"og:image\" content=\"https:\/\/starke-meinungen.de\/blog\/wp-content\/uploads\/starke-meinungen-fb-header.jpg\" \/>\n\t<meta property=\"og:image:width\" content=\"1200\" \/>\n\t<meta property=\"og:image:height\" content=\"630\" \/>\n\t<meta property=\"og:image:type\" content=\"image\/jpeg\" \/>\n<meta name=\"author\" content=\"Alan Posener\" \/>\n<meta name=\"twitter:card\" content=\"summary_large_image\" \/>\n<meta name=\"twitter:creator\" content=\"@starkemeinungen\" \/>\n<meta name=\"twitter:site\" content=\"@starkemeinungen\" \/>\n<meta name=\"twitter:label1\" content=\"Verfasst von\" \/>\n\t<meta name=\"twitter:data1\" content=\"Alan Posener\" \/>\n\t<meta name=\"twitter:label2\" content=\"Gesch\u00e4tzte Lesezeit\" \/>\n\t<meta name=\"twitter:data2\" content=\"3\u00a0Minuten\" \/>\n<script type=\"application\/ld+json\" class=\"yoast-schema-graph\">{\"@context\":\"https:\\\/\\\/schema.org\",\"@graph\":[{\"@type\":\"Article\",\"@id\":\"https:\\\/\\\/starke-meinungen.de\\\/blog\\\/2012\\\/01\\\/10\\\/size-matters-oder-wulff-vw-porsche-und-geerkens\\\/#article\",\"isPartOf\":{\"@id\":\"https:\\\/\\\/starke-meinungen.de\\\/blog\\\/2012\\\/01\\\/10\\\/size-matters-oder-wulff-vw-porsche-und-geerkens\\\/\"},\"author\":{\"name\":\"Alan Posener\",\"@id\":\"https:\\\/\\\/starke-meinungen.de\\\/blog\\\/#\\\/schema\\\/person\\\/32d0faef7c31a37c1c89be993d7a6d28\"},\"headline\":\"Size matters &#8211; oder: Wulff, VW, Porsche und Geerkens\",\"datePublished\":\"2012-01-09T23:50:12+00:00\",\"mainEntityOfPage\":{\"@id\":\"https:\\\/\\\/starke-meinungen.de\\\/blog\\\/2012\\\/01\\\/10\\\/size-matters-oder-wulff-vw-porsche-und-geerkens\\\/\"},\"wordCount\":535,\"commentCount\":40,\"publisher\":{\"@id\":\"https:\\\/\\\/starke-meinungen.de\\\/blog\\\/#organization\"},\"keywords\":[\"Bundespr\u00e4sident\",\"Geerkens\",\"Maschmeyer\",\"Wulff\"],\"articleSection\":[\"Alan Posener\"],\"inLanguage\":\"de\",\"potentialAction\":[{\"@type\":\"CommentAction\",\"name\":\"Comment\",\"target\":[\"https:\\\/\\\/starke-meinungen.de\\\/blog\\\/2012\\\/01\\\/10\\\/size-matters-oder-wulff-vw-porsche-und-geerkens\\\/#respond\"]}]},{\"@type\":\"WebPage\",\"@id\":\"https:\\\/\\\/starke-meinungen.de\\\/blog\\\/2012\\\/01\\\/10\\\/size-matters-oder-wulff-vw-porsche-und-geerkens\\\/\",\"url\":\"https:\\\/\\\/starke-meinungen.de\\\/blog\\\/2012\\\/01\\\/10\\\/size-matters-oder-wulff-vw-porsche-und-geerkens\\\/\",\"name\":\"Size matters - oder: Wulff, VW, Porsche und Geerkens - starke-meinungen.de\",\"isPartOf\":{\"@id\":\"https:\\\/\\\/starke-meinungen.de\\\/blog\\\/#website\"},\"datePublished\":\"2012-01-09T23:50:12+00:00\",\"breadcrumb\":{\"@id\":\"https:\\\/\\\/starke-meinungen.de\\\/blog\\\/2012\\\/01\\\/10\\\/size-matters-oder-wulff-vw-porsche-und-geerkens\\\/#breadcrumb\"},\"inLanguage\":\"de\",\"potentialAction\":[{\"@type\":\"ReadAction\",\"target\":[\"https:\\\/\\\/starke-meinungen.de\\\/blog\\\/2012\\\/01\\\/10\\\/size-matters-oder-wulff-vw-porsche-und-geerkens\\\/\"]}]},{\"@type\":\"BreadcrumbList\",\"@id\":\"https:\\\/\\\/starke-meinungen.de\\\/blog\\\/2012\\\/01\\\/10\\\/size-matters-oder-wulff-vw-porsche-und-geerkens\\\/#breadcrumb\",\"itemListElement\":[{\"@type\":\"ListItem\",\"position\":1,\"name\":\"Startseite\",\"item\":\"https:\\\/\\\/starke-meinungen.de\\\/blog\\\/\"},{\"@type\":\"ListItem\",\"position\":2,\"name\":\"Size matters &#8211; oder: Wulff, VW, Porsche und Geerkens\"}]},{\"@type\":\"WebSite\",\"@id\":\"https:\\\/\\\/starke-meinungen.de\\\/blog\\\/#website\",\"url\":\"https:\\\/\\\/starke-meinungen.de\\\/blog\\\/\",\"name\":\"starke-meinungen.de\",\"description\":\"Autoren-Blog\",\"publisher\":{\"@id\":\"https:\\\/\\\/starke-meinungen.de\\\/blog\\\/#organization\"},\"potentialAction\":[{\"@type\":\"SearchAction\",\"target\":{\"@type\":\"EntryPoint\",\"urlTemplate\":\"https:\\\/\\\/starke-meinungen.de\\\/blog\\\/?s={search_term_string}\"},\"query-input\":{\"@type\":\"PropertyValueSpecification\",\"valueRequired\":true,\"valueName\":\"search_term_string\"}}],\"inLanguage\":\"de\"},{\"@type\":\"Organization\",\"@id\":\"https:\\\/\\\/starke-meinungen.de\\\/blog\\\/#organization\",\"name\":\"starke-meinungen.de\",\"url\":\"https:\\\/\\\/starke-meinungen.de\\\/blog\\\/\",\"logo\":{\"@type\":\"ImageObject\",\"inLanguage\":\"de\",\"@id\":\"https:\\\/\\\/starke-meinungen.de\\\/blog\\\/#\\\/schema\\\/logo\\\/image\\\/\",\"url\":\"https:\\\/\\\/starke-meinungen.de\\\/blog\\\/wp-content\\\/uploads\\\/starke-meinungen-fb-header.jpg\",\"contentUrl\":\"https:\\\/\\\/starke-meinungen.de\\\/blog\\\/wp-content\\\/uploads\\\/starke-meinungen-fb-header.jpg\",\"width\":1200,\"height\":630,\"caption\":\"starke-meinungen.de\"},\"image\":{\"@id\":\"https:\\\/\\\/starke-meinungen.de\\\/blog\\\/#\\\/schema\\\/logo\\\/image\\\/\"},\"sameAs\":[\"https:\\\/\\\/www.facebook.com\\\/starkemeinungen\\\/\",\"https:\\\/\\\/x.com\\\/starkemeinungen\"]},{\"@type\":\"Person\",\"@id\":\"https:\\\/\\\/starke-meinungen.de\\\/blog\\\/#\\\/schema\\\/person\\\/32d0faef7c31a37c1c89be993d7a6d28\",\"name\":\"Alan Posener\",\"image\":{\"@type\":\"ImageObject\",\"inLanguage\":\"de\",\"@id\":\"https:\\\/\\\/secure.gravatar.com\\\/avatar\\\/c75c8818a9ab78c4faa75048dba7844e2587998cda4d93f84e7d86f7e21a9b90?s=96&d=mm&r=g\",\"url\":\"https:\\\/\\\/secure.gravatar.com\\\/avatar\\\/c75c8818a9ab78c4faa75048dba7844e2587998cda4d93f84e7d86f7e21a9b90?s=96&d=mm&r=g\",\"contentUrl\":\"https:\\\/\\\/secure.gravatar.com\\\/avatar\\\/c75c8818a9ab78c4faa75048dba7844e2587998cda4d93f84e7d86f7e21a9b90?s=96&d=mm&r=g\",\"caption\":\"Alan Posener\"},\"url\":\"https:\\\/\\\/starke-meinungen.de\\\/blog\\\/author\\\/posener\\\/\"}]}<\/script>\n<!-- \/ Yoast SEO plugin. -->","yoast_head_json":{"title":"Size matters - oder: Wulff, VW, Porsche und Geerkens - starke-meinungen.de","robots":{"index":"index","follow":"follow","max-snippet":"max-snippet:-1","max-image-preview":"max-image-preview:large","max-video-preview":"max-video-preview:-1"},"canonical":"https:\/\/starke-meinungen.de\/blog\/2012\/01\/10\/size-matters-oder-wulff-vw-porsche-und-geerkens\/","og_locale":"de_DE","og_type":"article","og_title":"Size matters - oder: Wulff, VW, Porsche und Geerkens - starke-meinungen.de","og_description":"Wie konnte er nur so bl\u00f6d sein? So fragt sich manch einer, wenn er die Details der Finanzierung von Christian Wulffs Eigenheim erf\u00e4hrt. Der Pr\u00e4sident fragt sich das vermutlich seit Wochen selber. Bei der Erkl\u00e4rung von Wulffs Verhalten wird auff\u00e4llig oft auf herablassende Weise vom \u201eParven\u00fc\u201c gesprochen, als sei es irgendwie ehrenr\u00fchrig, aus kleinen Verh\u00e4ltnissen zu kommen. Zu dieser snobistischen... Weiterlesen &raquo;","og_url":"https:\/\/starke-meinungen.de\/blog\/2012\/01\/10\/size-matters-oder-wulff-vw-porsche-und-geerkens\/","og_site_name":"starke-meinungen.de","article_publisher":"https:\/\/www.facebook.com\/starkemeinungen\/","article_published_time":"2012-01-09T23:50:12+00:00","og_image":[{"width":1200,"height":630,"url":"https:\/\/starke-meinungen.de\/blog\/wp-content\/uploads\/starke-meinungen-fb-header.jpg","type":"image\/jpeg"}],"author":"Alan Posener","twitter_card":"summary_large_image","twitter_creator":"@starkemeinungen","twitter_site":"@starkemeinungen","twitter_misc":{"Verfasst von":"Alan Posener","Gesch\u00e4tzte Lesezeit":"3\u00a0Minuten"},"schema":{"@context":"https:\/\/schema.org","@graph":[{"@type":"Article","@id":"https:\/\/starke-meinungen.de\/blog\/2012\/01\/10\/size-matters-oder-wulff-vw-porsche-und-geerkens\/#article","isPartOf":{"@id":"https:\/\/starke-meinungen.de\/blog\/2012\/01\/10\/size-matters-oder-wulff-vw-porsche-und-geerkens\/"},"author":{"name":"Alan Posener","@id":"https:\/\/starke-meinungen.de\/blog\/#\/schema\/person\/32d0faef7c31a37c1c89be993d7a6d28"},"headline":"Size matters &#8211; oder: Wulff, VW, Porsche und Geerkens","datePublished":"2012-01-09T23:50:12+00:00","mainEntityOfPage":{"@id":"https:\/\/starke-meinungen.de\/blog\/2012\/01\/10\/size-matters-oder-wulff-vw-porsche-und-geerkens\/"},"wordCount":535,"commentCount":40,"publisher":{"@id":"https:\/\/starke-meinungen.de\/blog\/#organization"},"keywords":["Bundespr\u00e4sident","Geerkens","Maschmeyer","Wulff"],"articleSection":["Alan Posener"],"inLanguage":"de","potentialAction":[{"@type":"CommentAction","name":"Comment","target":["https:\/\/starke-meinungen.de\/blog\/2012\/01\/10\/size-matters-oder-wulff-vw-porsche-und-geerkens\/#respond"]}]},{"@type":"WebPage","@id":"https:\/\/starke-meinungen.de\/blog\/2012\/01\/10\/size-matters-oder-wulff-vw-porsche-und-geerkens\/","url":"https:\/\/starke-meinungen.de\/blog\/2012\/01\/10\/size-matters-oder-wulff-vw-porsche-und-geerkens\/","name":"Size matters - oder: Wulff, VW, Porsche und Geerkens - starke-meinungen.de","isPartOf":{"@id":"https:\/\/starke-meinungen.de\/blog\/#website"},"datePublished":"2012-01-09T23:50:12+00:00","breadcrumb":{"@id":"https:\/\/starke-meinungen.de\/blog\/2012\/01\/10\/size-matters-oder-wulff-vw-porsche-und-geerkens\/#breadcrumb"},"inLanguage":"de","potentialAction":[{"@type":"ReadAction","target":["https:\/\/starke-meinungen.de\/blog\/2012\/01\/10\/size-matters-oder-wulff-vw-porsche-und-geerkens\/"]}]},{"@type":"BreadcrumbList","@id":"https:\/\/starke-meinungen.de\/blog\/2012\/01\/10\/size-matters-oder-wulff-vw-porsche-und-geerkens\/#breadcrumb","itemListElement":[{"@type":"ListItem","position":1,"name":"Startseite","item":"https:\/\/starke-meinungen.de\/blog\/"},{"@type":"ListItem","position":2,"name":"Size matters &#8211; oder: Wulff, VW, Porsche und Geerkens"}]},{"@type":"WebSite","@id":"https:\/\/starke-meinungen.de\/blog\/#website","url":"https:\/\/starke-meinungen.de\/blog\/","name":"starke-meinungen.de","description":"Autoren-Blog","publisher":{"@id":"https:\/\/starke-meinungen.de\/blog\/#organization"},"potentialAction":[{"@type":"SearchAction","target":{"@type":"EntryPoint","urlTemplate":"https:\/\/starke-meinungen.de\/blog\/?s={search_term_string}"},"query-input":{"@type":"PropertyValueSpecification","valueRequired":true,"valueName":"search_term_string"}}],"inLanguage":"de"},{"@type":"Organization","@id":"https:\/\/starke-meinungen.de\/blog\/#organization","name":"starke-meinungen.de","url":"https:\/\/starke-meinungen.de\/blog\/","logo":{"@type":"ImageObject","inLanguage":"de","@id":"https:\/\/starke-meinungen.de\/blog\/#\/schema\/logo\/image\/","url":"https:\/\/starke-meinungen.de\/blog\/wp-content\/uploads\/starke-meinungen-fb-header.jpg","contentUrl":"https:\/\/starke-meinungen.de\/blog\/wp-content\/uploads\/starke-meinungen-fb-header.jpg","width":1200,"height":630,"caption":"starke-meinungen.de"},"image":{"@id":"https:\/\/starke-meinungen.de\/blog\/#\/schema\/logo\/image\/"},"sameAs":["https:\/\/www.facebook.com\/starkemeinungen\/","https:\/\/x.com\/starkemeinungen"]},{"@type":"Person","@id":"https:\/\/starke-meinungen.de\/blog\/#\/schema\/person\/32d0faef7c31a37c1c89be993d7a6d28","name":"Alan Posener","image":{"@type":"ImageObject","inLanguage":"de","@id":"https:\/\/secure.gravatar.com\/avatar\/c75c8818a9ab78c4faa75048dba7844e2587998cda4d93f84e7d86f7e21a9b90?s=96&d=mm&r=g","url":"https:\/\/secure.gravatar.com\/avatar\/c75c8818a9ab78c4faa75048dba7844e2587998cda4d93f84e7d86f7e21a9b90?s=96&d=mm&r=g","contentUrl":"https:\/\/secure.gravatar.com\/avatar\/c75c8818a9ab78c4faa75048dba7844e2587998cda4d93f84e7d86f7e21a9b90?s=96&d=mm&r=g","caption":"Alan Posener"},"url":"https:\/\/starke-meinungen.de\/blog\/author\/posener\/"}]}},"_links":{"self":[{"href":"https:\/\/starke-meinungen.de\/blog\/wp-json\/wp\/v2\/posts\/3084","targetHints":{"allow":["GET"]}}],"collection":[{"href":"https:\/\/starke-meinungen.de\/blog\/wp-json\/wp\/v2\/posts"}],"about":[{"href":"https:\/\/starke-meinungen.de\/blog\/wp-json\/wp\/v2\/types\/post"}],"author":[{"embeddable":true,"href":"https:\/\/starke-meinungen.de\/blog\/wp-json\/wp\/v2\/users\/13"}],"replies":[{"embeddable":true,"href":"https:\/\/starke-meinungen.de\/blog\/wp-json\/wp\/v2\/comments?post=3084"}],"version-history":[{"count":1,"href":"https:\/\/starke-meinungen.de\/blog\/wp-json\/wp\/v2\/posts\/3084\/revisions"}],"predecessor-version":[{"id":3085,"href":"https:\/\/starke-meinungen.de\/blog\/wp-json\/wp\/v2\/posts\/3084\/revisions\/3085"}],"wp:attachment":[{"href":"https:\/\/starke-meinungen.de\/blog\/wp-json\/wp\/v2\/media?parent=3084"}],"wp:term":[{"taxonomy":"category","embeddable":true,"href":"https:\/\/starke-meinungen.de\/blog\/wp-json\/wp\/v2\/categories?post=3084"},{"taxonomy":"post_tag","embeddable":true,"href":"https:\/\/starke-meinungen.de\/blog\/wp-json\/wp\/v2\/tags?post=3084"}],"curies":[{"name":"wp","href":"https:\/\/api.w.org\/{rel}","templated":true}]}}