

{"id":3030,"date":"2011-12-06T01:14:59","date_gmt":"2011-12-06T00:14:59","guid":{"rendered":"https:\/\/starke-meinungen.de\/blog\/?p=3030"},"modified":"2011-12-06T01:14:59","modified_gmt":"2011-12-06T00:14:59","slug":"von-juden-und-auserirdischen","status":"publish","type":"post","link":"https:\/\/starke-meinungen.de\/blog\/2011\/12\/06\/von-juden-und-auserirdischen\/","title":{"rendered":"Von Juden und Au\u00dferirdischen"},"content":{"rendered":"<p>\u00a0<br \/>\nIn einem Beitrag f\u00fcr die \u201eAchse des Guten\u201c liefert Dirk Maxeiner ein interessantes Bekenntnis ab:<br \/>\n\u201eEhrlich gesagt, konnte mir bis heute niemand so richtig erkl\u00e4ren, was ein Jude eigentlich ist. Hat das was mit der Religion zu tun? Der Herkunft? Der Nationalit\u00e4t? Den Genen? Den Vorfahren? Dem \u00c4u\u00dferen? Dem Inneren? Oder von allem ein bisschen? Wird man als Jude geboren? Oder kann man es auch sp\u00e4ter werden? Umso mehr ich diese Frage w\u00e4lze, um so ratloser werde ich. Manchmal denke ich: Gibt\u2019s Juden \u00fcberhaupt? F\u00fchrt aber auch nicht weiter, es muss sie irgendwie geben, schlie\u00dflich sind sie an allem schuld. Wenn es keine Juden g\u00e4be, m\u00fcsste man sie also erfinden. Das n\u00e4chste Mal vielleicht als so eine Art von Au\u00dferirdischen. Die Menschen glauben gerne an kleine gr\u00fcne M\u00e4nnchen. \u00dcberall fliegende Untertassen. Erich von D\u00e4niken w\u00e4re daf\u00fcr ein begabter Drehbuchautor gewesen, er hat aber offenbar keine Lust gehabt.\u201c<br \/>\nQuelle:<br \/>\nhttp:\/\/www.achgut.com\/dadgdx\/index.php\/dadgd\/article\/weltverschwoerung_21\/<br \/>\n\u00a0<br \/>\n\u201eDas n\u00e4chste Mal?\u201c Was meint Dirk eigentlich damit? Fragen wir lieber nicht. Vergessen wir das und wenden wir uns der erstaunlichen Tatsache zu, dass ein fast 60-J\u00e4hriger in Deutschland im Tonfall eines naiven Teenagers bekennt, er wisse eigentliche nicht, was ein Jude ist. Und nicht irgendein 60-J\u00e4hriger, sondern ein bekannter Publizist und Mitbetreiber eines Blogs, dem man nicht zu nahe tritt, wenn man unterstellt, dass es in Sachen Judentum wie in Sachen Islam eine dezidierte Haltung einnimmt. Mit einer gewissen fr\u00f6hlichen Unbek\u00fcmmertheit meint der Babyboomer und Post-68er, was ein Jude sei, das habe ihm \u201eniemand so richtig erkl\u00e4ren\u201c k\u00f6nnen.<br \/>\nMerkw\u00fcrdig: In der Generation von Dirks Eltern wusste man in Deutschland sehr genau, was ein Jude ist. Warum hat Dirk nie seine Eltern gefragt? Es gibt dort, wo Dirk wohnt, in M\u00fcnchen also, \u00a0eine j\u00fcdische Gemeinde. Warum hat er nie einen der Rabbiner dort gefragt? Es gibt in M\u00fcnchen auch ein j\u00fcdisches Museum.Er h\u00e4tte dort fragen k\u00f6nnen. Er k\u00f6nnte nach Israel reisen, in den Staat, der von vielen seiner angeblichen Freunde oft deshalb verteidigt wird, weil er die \u201eeinzige Demokratie im Nahen Osten\u201c sei, der aber von Theodor Herzl konzipiert wurde als \u201eDer Judenstaat\u201c und deshalb von seinen Feinden bek\u00e4mpft wird und als j\u00fcdischer Staat eine Existenzberechtigung auch dann h\u00e4tte, wenn er nicht demokratisch oder nicht die einzige Demokratie in der Gegend w\u00e4re. Und in Israel \u2013 in der Einwanderungsbeh\u00f6rde zum Beispiel, oder beim Rabbinat \u2013 k\u00f6nnte Dirk mal fragen, was ein Jude ist. Oder ein Buch lesen. Anscheinend ist das alles aber zu anstrengend. Und so sehr interessiert ihn das auch wieder nicht. Offensichtlich konnte er mehr als ein halbes Jahrhundert in diesem Land leben, ohne dass ihn das Bed\u00fcrfnis \u00fcberkommen h\u00e4tte, die keineswegs doofen Fragen, die er sich stellt, auch durch Befragen der richtigen Leute zu beantworten. Viel mehr Spa\u00df (und weniger Arbeit) macht es, auf angebliche oder wirkliche Antisemiten einzudreschen.<br \/>\nEs geht mir aber hier nicht um Dirk als Person. Er hat mich einmal menschlich entt\u00e4uscht, aber so etwas kommt vor. Es geht mir um eine Haltung, die in seiner Generation, die ich gut kenne, weil sie auch die meine ist, sehr verbreitet ist: die Instrumentalisierung der Juden. In der Studentenbewegung (die zugleich, wie wir nicht erst seit G\u00f6tz Aly wissen, einiges an antisemitischen Klischees transportierte) wurden die Juden benutzt, um die \u201eGeneration der T\u00e4ter\u201c moralisch unter Generalverdacht zu stellen und mundtot zu machen. Viele aus dieser Generation weigern sich bis heute unter Hinweis auf die Einmaligkeit des Holocaust, die Parallelen zwischen Kommunismus und Nationalsozialismus anzuerkennen, benutzen aber zugleich absurde Vergleiche etwa zwischen der Lage der Pal\u00e4stinenser heute und der Juden damals, um Israel zu delegitimisieren. Und andere schwingen gern die Antisemitismuskeule gegen alles, was ihnen nicht passt und jeden, der sie kritisiert, obwohl sie selbst zwischen Juden und Au\u00dferirdischen, Jochanan ben Sakkai und Erich von D\u00e4niken nicht unterscheiden k\u00f6nnen.<\/p>\n<div class=\"shariff shariff-align-left shariff-widget-align-left shariff-buttonstretch\" style=\"display:none\"><ul class=\"shariff-buttons theme-white orientation-horizontal buttonsize-medium\"><li class=\"shariff-button facebook shariff-nocustomcolor\" style=\"background-color:#4273c8\"><a href=\"https:\/\/www.facebook.com\/sharer\/sharer.php?u=https%3A%2F%2Fstarke-meinungen.de%2Fblog%2F2011%2F12%2F06%2Fvon-juden-und-auserirdischen%2F\" title=\"Bei Facebook teilen\" aria-label=\"Bei Facebook teilen\" role=\"button\" rel=\"nofollow\" class=\"shariff-link\" style=\"; background-color:#3b5998; color:#3b5998\" target=\"_blank\"><span class=\"shariff-icon\" style=\"fill:#3b5998\"><svg width=\"32px\" height=\"20px\" xmlns=\"http:\/\/www.w3.org\/2000\/svg\" viewBox=\"0 0 18 32\"><path fill=\"#3b5998\" d=\"M17.1 0.2v4.7h-2.8q-1.5 0-2.1 0.6t-0.5 1.9v3.4h5.2l-0.7 5.3h-4.5v13.6h-5.5v-13.6h-4.5v-5.3h4.5v-3.9q0-3.3 1.9-5.2t5-1.8q2.6 0 4.1 0.2z\"\/><\/svg><\/span><span class=\"shariff-text\" style=\"color:#3b5998\">teilen<\/span>&nbsp;<\/a><\/li><li class=\"shariff-button twitter shariff-nocustomcolor\" style=\"background-color:#595959\"><a href=\"https:\/\/twitter.com\/share?url=https%3A%2F%2Fstarke-meinungen.de%2Fblog%2F2011%2F12%2F06%2Fvon-juden-und-auserirdischen%2F&text=Von%20Juden%20und%20Au%C3%9Ferirdischen&via=starkemeinungen\" title=\"Bei X teilen\" aria-label=\"Bei X teilen\" role=\"button\" rel=\"noopener nofollow\" class=\"shariff-link\" style=\"; background-color:#000; color:#000\" target=\"_blank\"><span class=\"shariff-icon\" style=\"fill:#000\"><svg width=\"32px\" height=\"20px\" xmlns=\"http:\/\/www.w3.org\/2000\/svg\" viewBox=\"0 0 24 24\"><path fill=\"#000\" d=\"M14.258 10.152L23.176 0h-2.113l-7.747 8.813L7.133 0H0l9.352 13.328L0 23.973h2.113l8.176-9.309 6.531 9.309h7.133zm-2.895 3.293l-.949-1.328L2.875 1.56h3.246l6.086 8.523.945 1.328 7.91 11.078h-3.246zm0 0\"\/><\/svg><\/span><span class=\"shariff-text\" style=\"color:#000\">teilen<\/span>&nbsp;<\/a><\/li><li class=\"shariff-button linkedin shariff-nocustomcolor\" style=\"background-color:#1488bf\"><a href=\"https:\/\/www.linkedin.com\/sharing\/share-offsite\/?url=https%3A%2F%2Fstarke-meinungen.de%2Fblog%2F2011%2F12%2F06%2Fvon-juden-und-auserirdischen%2F\" title=\"Bei LinkedIn teilen\" aria-label=\"Bei LinkedIn teilen\" role=\"button\" rel=\"noopener nofollow\" class=\"shariff-link\" style=\"; background-color:#0077b5; color:#0077b5\" target=\"_blank\"><span class=\"shariff-icon\" style=\"fill:#0077b5\"><svg width=\"32px\" height=\"20px\" xmlns=\"http:\/\/www.w3.org\/2000\/svg\" viewBox=\"0 0 27 32\"><path fill=\"#0077b5\" d=\"M6.2 11.2v17.7h-5.9v-17.7h5.9zM6.6 5.7q0 1.3-0.9 2.2t-2.4 0.9h0q-1.5 0-2.4-0.9t-0.9-2.2 0.9-2.2 2.4-0.9 2.4 0.9 0.9 2.2zM27.4 18.7v10.1h-5.9v-9.5q0-1.9-0.7-2.9t-2.3-1.1q-1.1 0-1.9 0.6t-1.2 1.5q-0.2 0.5-0.2 1.4v9.9h-5.9q0-7.1 0-11.6t0-5.3l0-0.9h5.9v2.6h0q0.4-0.6 0.7-1t1-0.9 1.6-0.8 2-0.3q3 0 4.9 2t1.9 6z\"\/><\/svg><\/span><span class=\"shariff-text\" style=\"color:#0077b5\">teilen<\/span>&nbsp;<\/a><\/li><li class=\"shariff-button xing shariff-nocustomcolor\" style=\"background-color:#29888a\"><a href=\"https:\/\/www.xing.com\/spi\/shares\/new?url=https%3A%2F%2Fstarke-meinungen.de%2Fblog%2F2011%2F12%2F06%2Fvon-juden-und-auserirdischen%2F\" title=\"Bei XING teilen\" aria-label=\"Bei XING teilen\" role=\"button\" rel=\"noopener nofollow\" class=\"shariff-link\" style=\"; background-color:#126567; color:#126567\" target=\"_blank\"><span class=\"shariff-icon\" style=\"fill:#126567\"><svg width=\"32px\" height=\"20px\" xmlns=\"http:\/\/www.w3.org\/2000\/svg\" viewBox=\"0 0 25 32\"><path fill=\"#126567\" d=\"M10.7 11.9q-0.2 0.3-4.6 8.2-0.5 0.8-1.2 0.8h-4.3q-0.4 0-0.5-0.3t0-0.6l4.5-8q0 0 0 0l-2.9-5q-0.2-0.4 0-0.7 0.2-0.3 0.5-0.3h4.3q0.7 0 1.2 0.8zM25.1 0.4q0.2 0.3 0 0.7l-9.4 16.7 6 11q0.2 0.4 0 0.6-0.2 0.3-0.6 0.3h-4.3q-0.7 0-1.2-0.8l-6-11.1q0.3-0.6 9.5-16.8 0.4-0.8 1.2-0.8h4.3q0.4 0 0.5 0.3z\"\/><\/svg><\/span><span class=\"shariff-text\" style=\"color:#126567\">teilen<\/span>&nbsp;<\/a><\/li><li class=\"shariff-button whatsapp shariff-nocustomcolor\" style=\"background-color:#5cbe4a\"><a href=\"https:\/\/api.whatsapp.com\/send?text=https%3A%2F%2Fstarke-meinungen.de%2Fblog%2F2011%2F12%2F06%2Fvon-juden-und-auserirdischen%2F%20Von%20Juden%20und%20Au%C3%9Ferirdischen\" title=\"Bei Whatsapp teilen\" aria-label=\"Bei Whatsapp teilen\" role=\"button\" rel=\"noopener nofollow\" class=\"shariff-link\" style=\"; background-color:#34af23; color:#34af23\" target=\"_blank\"><span class=\"shariff-icon\" style=\"fill:#34af23\"><svg width=\"32px\" height=\"20px\" xmlns=\"http:\/\/www.w3.org\/2000\/svg\" viewBox=\"0 0 32 32\"><path fill=\"#34af23\" d=\"M17.6 17.4q0.2 0 1.7 0.8t1.6 0.9q0 0.1 0 0.3 0 0.6-0.3 1.4-0.3 0.7-1.3 1.2t-1.8 0.5q-1 0-3.4-1.1-1.7-0.8-3-2.1t-2.6-3.3q-1.3-1.9-1.3-3.5v-0.1q0.1-1.6 1.3-2.8 0.4-0.4 0.9-0.4 0.1 0 0.3 0t0.3 0q0.3 0 0.5 0.1t0.3 0.5q0.1 0.4 0.6 1.6t0.4 1.3q0 0.4-0.6 1t-0.6 0.8q0 0.1 0.1 0.3 0.6 1.3 1.8 2.4 1 0.9 2.7 1.8 0.2 0.1 0.4 0.1 0.3 0 1-0.9t0.9-0.9zM14 26.9q2.3 0 4.3-0.9t3.6-2.4 2.4-3.6 0.9-4.3-0.9-4.3-2.4-3.6-3.6-2.4-4.3-0.9-4.3 0.9-3.6 2.4-2.4 3.6-0.9 4.3q0 3.6 2.1 6.6l-1.4 4.2 4.3-1.4q2.8 1.9 6.2 1.9zM14 2.2q2.7 0 5.2 1.1t4.3 2.9 2.9 4.3 1.1 5.2-1.1 5.2-2.9 4.3-4.3 2.9-5.2 1.1q-3.5 0-6.5-1.7l-7.4 2.4 2.4-7.2q-1.9-3.2-1.9-6.9 0-2.7 1.1-5.2t2.9-4.3 4.3-2.9 5.2-1.1z\"\/><\/svg><\/span><span class=\"shariff-text\" style=\"color:#34af23\">teilen<\/span>&nbsp;<\/a><\/li><li class=\"shariff-button info shariff-nocustomcolor\" style=\"background-color:#a8a8a8\"><a href=\"http:\/\/ct.de\/-2467514\" title=\"Weitere Informationen\" aria-label=\"Weitere Informationen\" role=\"button\" rel=\"noopener \" class=\"shariff-link\" style=\"; background-color:#999; color:#999\" target=\"_blank\"><span class=\"shariff-icon\" style=\"fill:#999\"><svg width=\"32px\" height=\"20px\" xmlns=\"http:\/\/www.w3.org\/2000\/svg\" viewBox=\"0 0 11 32\"><path fill=\"#999\" d=\"M11.4 24v2.3q0 0.5-0.3 0.8t-0.8 0.4h-9.1q-0.5 0-0.8-0.4t-0.4-0.8v-2.3q0-0.5 0.4-0.8t0.8-0.4h1.1v-6.8h-1.1q-0.5 0-0.8-0.4t-0.4-0.8v-2.3q0-0.5 0.4-0.8t0.8-0.4h6.8q0.5 0 0.8 0.4t0.4 0.8v10.3h1.1q0.5 0 0.8 0.4t0.3 0.8zM9.2 3.4v3.4q0 0.5-0.4 0.8t-0.8 0.4h-4.6q-0.4 0-0.8-0.4t-0.4-0.8v-3.4q0-0.4 0.4-0.8t0.8-0.4h4.6q0.5 0 0.8 0.4t0.4 0.8z\"\/><\/svg><\/span><\/a><\/li><\/ul><\/div>","protected":false},"excerpt":{"rendered":"<p>\u00a0 In einem Beitrag f\u00fcr die \u201eAchse des Guten\u201c liefert Dirk Maxeiner ein interessantes Bekenntnis ab: \u201eEhrlich gesagt, konnte mir bis heute niemand so richtig erkl\u00e4ren, was ein Jude eigentlich ist. Hat das was mit der Religion zu tun? Der Herkunft? Der Nationalit\u00e4t? Den Genen? Den Vorfahren? Dem \u00c4u\u00dferen? Dem Inneren? Oder von allem ein bisschen? Wird man als Jude&#8230; <a href=\"https:\/\/starke-meinungen.de\/blog\/2011\/12\/06\/von-juden-und-auserirdischen\/\">Weiterlesen &raquo;<\/a><\/p>\n","protected":false},"author":13,"featured_media":0,"comment_status":"open","ping_status":"open","sticky":false,"template":"","format":"standard","meta":{"footnotes":""},"categories":[209,1],"tags":[],"class_list":["post-3030","post","type-post","status-publish","format-standard","hentry","category-alan-posener","category-allgemein"],"yoast_head":"<!-- This site is optimized with the Yoast SEO plugin v27.4 - https:\/\/yoast.com\/product\/yoast-seo-wordpress\/ -->\n<title>Von Juden und Au\u00dferirdischen - starke-meinungen.de<\/title>\n<meta name=\"robots\" content=\"index, follow, max-snippet:-1, max-image-preview:large, max-video-preview:-1\" \/>\n<link rel=\"canonical\" href=\"https:\/\/starke-meinungen.de\/blog\/2011\/12\/06\/von-juden-und-auserirdischen\/\" \/>\n<meta property=\"og:locale\" content=\"de_DE\" \/>\n<meta property=\"og:type\" content=\"article\" \/>\n<meta property=\"og:title\" content=\"Von Juden und Au\u00dferirdischen - starke-meinungen.de\" \/>\n<meta property=\"og:description\" content=\"\u00a0 In einem Beitrag f\u00fcr die \u201eAchse des Guten\u201c liefert Dirk Maxeiner ein interessantes Bekenntnis ab: \u201eEhrlich gesagt, konnte mir bis heute niemand so richtig erkl\u00e4ren, was ein Jude eigentlich ist. Hat das was mit der Religion zu tun? Der Herkunft? Der Nationalit\u00e4t? Den Genen? Den Vorfahren? Dem \u00c4u\u00dferen? Dem Inneren? Oder von allem ein bisschen? Wird man als Jude... Weiterlesen &raquo;\" \/>\n<meta property=\"og:url\" content=\"https:\/\/starke-meinungen.de\/blog\/2011\/12\/06\/von-juden-und-auserirdischen\/\" \/>\n<meta property=\"og:site_name\" content=\"starke-meinungen.de\" \/>\n<meta property=\"article:publisher\" content=\"https:\/\/www.facebook.com\/starkemeinungen\/\" \/>\n<meta property=\"article:published_time\" content=\"2011-12-06T00:14:59+00:00\" \/>\n<meta property=\"og:image\" content=\"https:\/\/starke-meinungen.de\/blog\/wp-content\/uploads\/starke-meinungen-fb-header.jpg\" \/>\n\t<meta property=\"og:image:width\" content=\"1200\" \/>\n\t<meta property=\"og:image:height\" content=\"630\" \/>\n\t<meta property=\"og:image:type\" content=\"image\/jpeg\" \/>\n<meta name=\"author\" content=\"Alan Posener\" \/>\n<meta name=\"twitter:card\" content=\"summary_large_image\" \/>\n<meta name=\"twitter:creator\" content=\"@starkemeinungen\" \/>\n<meta name=\"twitter:site\" content=\"@starkemeinungen\" \/>\n<meta name=\"twitter:label1\" content=\"Verfasst von\" \/>\n\t<meta name=\"twitter:data1\" content=\"Alan Posener\" \/>\n\t<meta name=\"twitter:label2\" content=\"Gesch\u00e4tzte Lesezeit\" \/>\n\t<meta name=\"twitter:data2\" content=\"3\u00a0Minuten\" \/>\n<script type=\"application\/ld+json\" class=\"yoast-schema-graph\">{\"@context\":\"https:\\\/\\\/schema.org\",\"@graph\":[{\"@type\":\"Article\",\"@id\":\"https:\\\/\\\/starke-meinungen.de\\\/blog\\\/2011\\\/12\\\/06\\\/von-juden-und-auserirdischen\\\/#article\",\"isPartOf\":{\"@id\":\"https:\\\/\\\/starke-meinungen.de\\\/blog\\\/2011\\\/12\\\/06\\\/von-juden-und-auserirdischen\\\/\"},\"author\":{\"name\":\"Alan Posener\",\"@id\":\"https:\\\/\\\/starke-meinungen.de\\\/blog\\\/#\\\/schema\\\/person\\\/32d0faef7c31a37c1c89be993d7a6d28\"},\"headline\":\"Von Juden und Au\u00dferirdischen\",\"datePublished\":\"2011-12-06T00:14:59+00:00\",\"mainEntityOfPage\":{\"@id\":\"https:\\\/\\\/starke-meinungen.de\\\/blog\\\/2011\\\/12\\\/06\\\/von-juden-und-auserirdischen\\\/\"},\"wordCount\":683,\"commentCount\":138,\"publisher\":{\"@id\":\"https:\\\/\\\/starke-meinungen.de\\\/blog\\\/#organization\"},\"articleSection\":[\"Alan Posener\"],\"inLanguage\":\"de\",\"potentialAction\":[{\"@type\":\"CommentAction\",\"name\":\"Comment\",\"target\":[\"https:\\\/\\\/starke-meinungen.de\\\/blog\\\/2011\\\/12\\\/06\\\/von-juden-und-auserirdischen\\\/#respond\"]}]},{\"@type\":\"WebPage\",\"@id\":\"https:\\\/\\\/starke-meinungen.de\\\/blog\\\/2011\\\/12\\\/06\\\/von-juden-und-auserirdischen\\\/\",\"url\":\"https:\\\/\\\/starke-meinungen.de\\\/blog\\\/2011\\\/12\\\/06\\\/von-juden-und-auserirdischen\\\/\",\"name\":\"Von Juden und Au\u00dferirdischen - starke-meinungen.de\",\"isPartOf\":{\"@id\":\"https:\\\/\\\/starke-meinungen.de\\\/blog\\\/#website\"},\"datePublished\":\"2011-12-06T00:14:59+00:00\",\"breadcrumb\":{\"@id\":\"https:\\\/\\\/starke-meinungen.de\\\/blog\\\/2011\\\/12\\\/06\\\/von-juden-und-auserirdischen\\\/#breadcrumb\"},\"inLanguage\":\"de\",\"potentialAction\":[{\"@type\":\"ReadAction\",\"target\":[\"https:\\\/\\\/starke-meinungen.de\\\/blog\\\/2011\\\/12\\\/06\\\/von-juden-und-auserirdischen\\\/\"]}]},{\"@type\":\"BreadcrumbList\",\"@id\":\"https:\\\/\\\/starke-meinungen.de\\\/blog\\\/2011\\\/12\\\/06\\\/von-juden-und-auserirdischen\\\/#breadcrumb\",\"itemListElement\":[{\"@type\":\"ListItem\",\"position\":1,\"name\":\"Startseite\",\"item\":\"https:\\\/\\\/starke-meinungen.de\\\/blog\\\/\"},{\"@type\":\"ListItem\",\"position\":2,\"name\":\"Von Juden und Au\u00dferirdischen\"}]},{\"@type\":\"WebSite\",\"@id\":\"https:\\\/\\\/starke-meinungen.de\\\/blog\\\/#website\",\"url\":\"https:\\\/\\\/starke-meinungen.de\\\/blog\\\/\",\"name\":\"starke-meinungen.de\",\"description\":\"Autoren-Blog\",\"publisher\":{\"@id\":\"https:\\\/\\\/starke-meinungen.de\\\/blog\\\/#organization\"},\"potentialAction\":[{\"@type\":\"SearchAction\",\"target\":{\"@type\":\"EntryPoint\",\"urlTemplate\":\"https:\\\/\\\/starke-meinungen.de\\\/blog\\\/?s={search_term_string}\"},\"query-input\":{\"@type\":\"PropertyValueSpecification\",\"valueRequired\":true,\"valueName\":\"search_term_string\"}}],\"inLanguage\":\"de\"},{\"@type\":\"Organization\",\"@id\":\"https:\\\/\\\/starke-meinungen.de\\\/blog\\\/#organization\",\"name\":\"starke-meinungen.de\",\"url\":\"https:\\\/\\\/starke-meinungen.de\\\/blog\\\/\",\"logo\":{\"@type\":\"ImageObject\",\"inLanguage\":\"de\",\"@id\":\"https:\\\/\\\/starke-meinungen.de\\\/blog\\\/#\\\/schema\\\/logo\\\/image\\\/\",\"url\":\"https:\\\/\\\/starke-meinungen.de\\\/blog\\\/wp-content\\\/uploads\\\/starke-meinungen-fb-header.jpg\",\"contentUrl\":\"https:\\\/\\\/starke-meinungen.de\\\/blog\\\/wp-content\\\/uploads\\\/starke-meinungen-fb-header.jpg\",\"width\":1200,\"height\":630,\"caption\":\"starke-meinungen.de\"},\"image\":{\"@id\":\"https:\\\/\\\/starke-meinungen.de\\\/blog\\\/#\\\/schema\\\/logo\\\/image\\\/\"},\"sameAs\":[\"https:\\\/\\\/www.facebook.com\\\/starkemeinungen\\\/\",\"https:\\\/\\\/x.com\\\/starkemeinungen\"]},{\"@type\":\"Person\",\"@id\":\"https:\\\/\\\/starke-meinungen.de\\\/blog\\\/#\\\/schema\\\/person\\\/32d0faef7c31a37c1c89be993d7a6d28\",\"name\":\"Alan Posener\",\"image\":{\"@type\":\"ImageObject\",\"inLanguage\":\"de\",\"@id\":\"https:\\\/\\\/secure.gravatar.com\\\/avatar\\\/c75c8818a9ab78c4faa75048dba7844e2587998cda4d93f84e7d86f7e21a9b90?s=96&d=mm&r=g\",\"url\":\"https:\\\/\\\/secure.gravatar.com\\\/avatar\\\/c75c8818a9ab78c4faa75048dba7844e2587998cda4d93f84e7d86f7e21a9b90?s=96&d=mm&r=g\",\"contentUrl\":\"https:\\\/\\\/secure.gravatar.com\\\/avatar\\\/c75c8818a9ab78c4faa75048dba7844e2587998cda4d93f84e7d86f7e21a9b90?s=96&d=mm&r=g\",\"caption\":\"Alan Posener\"},\"url\":\"https:\\\/\\\/starke-meinungen.de\\\/blog\\\/author\\\/posener\\\/\"}]}<\/script>\n<!-- \/ Yoast SEO plugin. -->","yoast_head_json":{"title":"Von Juden und Au\u00dferirdischen - starke-meinungen.de","robots":{"index":"index","follow":"follow","max-snippet":"max-snippet:-1","max-image-preview":"max-image-preview:large","max-video-preview":"max-video-preview:-1"},"canonical":"https:\/\/starke-meinungen.de\/blog\/2011\/12\/06\/von-juden-und-auserirdischen\/","og_locale":"de_DE","og_type":"article","og_title":"Von Juden und Au\u00dferirdischen - starke-meinungen.de","og_description":"\u00a0 In einem Beitrag f\u00fcr die \u201eAchse des Guten\u201c liefert Dirk Maxeiner ein interessantes Bekenntnis ab: \u201eEhrlich gesagt, konnte mir bis heute niemand so richtig erkl\u00e4ren, was ein Jude eigentlich ist. Hat das was mit der Religion zu tun? Der Herkunft? Der Nationalit\u00e4t? Den Genen? Den Vorfahren? Dem \u00c4u\u00dferen? Dem Inneren? Oder von allem ein bisschen? Wird man als Jude... Weiterlesen &raquo;","og_url":"https:\/\/starke-meinungen.de\/blog\/2011\/12\/06\/von-juden-und-auserirdischen\/","og_site_name":"starke-meinungen.de","article_publisher":"https:\/\/www.facebook.com\/starkemeinungen\/","article_published_time":"2011-12-06T00:14:59+00:00","og_image":[{"width":1200,"height":630,"url":"https:\/\/starke-meinungen.de\/blog\/wp-content\/uploads\/starke-meinungen-fb-header.jpg","type":"image\/jpeg"}],"author":"Alan Posener","twitter_card":"summary_large_image","twitter_creator":"@starkemeinungen","twitter_site":"@starkemeinungen","twitter_misc":{"Verfasst von":"Alan Posener","Gesch\u00e4tzte Lesezeit":"3\u00a0Minuten"},"schema":{"@context":"https:\/\/schema.org","@graph":[{"@type":"Article","@id":"https:\/\/starke-meinungen.de\/blog\/2011\/12\/06\/von-juden-und-auserirdischen\/#article","isPartOf":{"@id":"https:\/\/starke-meinungen.de\/blog\/2011\/12\/06\/von-juden-und-auserirdischen\/"},"author":{"name":"Alan Posener","@id":"https:\/\/starke-meinungen.de\/blog\/#\/schema\/person\/32d0faef7c31a37c1c89be993d7a6d28"},"headline":"Von Juden und Au\u00dferirdischen","datePublished":"2011-12-06T00:14:59+00:00","mainEntityOfPage":{"@id":"https:\/\/starke-meinungen.de\/blog\/2011\/12\/06\/von-juden-und-auserirdischen\/"},"wordCount":683,"commentCount":138,"publisher":{"@id":"https:\/\/starke-meinungen.de\/blog\/#organization"},"articleSection":["Alan Posener"],"inLanguage":"de","potentialAction":[{"@type":"CommentAction","name":"Comment","target":["https:\/\/starke-meinungen.de\/blog\/2011\/12\/06\/von-juden-und-auserirdischen\/#respond"]}]},{"@type":"WebPage","@id":"https:\/\/starke-meinungen.de\/blog\/2011\/12\/06\/von-juden-und-auserirdischen\/","url":"https:\/\/starke-meinungen.de\/blog\/2011\/12\/06\/von-juden-und-auserirdischen\/","name":"Von Juden und Au\u00dferirdischen - starke-meinungen.de","isPartOf":{"@id":"https:\/\/starke-meinungen.de\/blog\/#website"},"datePublished":"2011-12-06T00:14:59+00:00","breadcrumb":{"@id":"https:\/\/starke-meinungen.de\/blog\/2011\/12\/06\/von-juden-und-auserirdischen\/#breadcrumb"},"inLanguage":"de","potentialAction":[{"@type":"ReadAction","target":["https:\/\/starke-meinungen.de\/blog\/2011\/12\/06\/von-juden-und-auserirdischen\/"]}]},{"@type":"BreadcrumbList","@id":"https:\/\/starke-meinungen.de\/blog\/2011\/12\/06\/von-juden-und-auserirdischen\/#breadcrumb","itemListElement":[{"@type":"ListItem","position":1,"name":"Startseite","item":"https:\/\/starke-meinungen.de\/blog\/"},{"@type":"ListItem","position":2,"name":"Von Juden und Au\u00dferirdischen"}]},{"@type":"WebSite","@id":"https:\/\/starke-meinungen.de\/blog\/#website","url":"https:\/\/starke-meinungen.de\/blog\/","name":"starke-meinungen.de","description":"Autoren-Blog","publisher":{"@id":"https:\/\/starke-meinungen.de\/blog\/#organization"},"potentialAction":[{"@type":"SearchAction","target":{"@type":"EntryPoint","urlTemplate":"https:\/\/starke-meinungen.de\/blog\/?s={search_term_string}"},"query-input":{"@type":"PropertyValueSpecification","valueRequired":true,"valueName":"search_term_string"}}],"inLanguage":"de"},{"@type":"Organization","@id":"https:\/\/starke-meinungen.de\/blog\/#organization","name":"starke-meinungen.de","url":"https:\/\/starke-meinungen.de\/blog\/","logo":{"@type":"ImageObject","inLanguage":"de","@id":"https:\/\/starke-meinungen.de\/blog\/#\/schema\/logo\/image\/","url":"https:\/\/starke-meinungen.de\/blog\/wp-content\/uploads\/starke-meinungen-fb-header.jpg","contentUrl":"https:\/\/starke-meinungen.de\/blog\/wp-content\/uploads\/starke-meinungen-fb-header.jpg","width":1200,"height":630,"caption":"starke-meinungen.de"},"image":{"@id":"https:\/\/starke-meinungen.de\/blog\/#\/schema\/logo\/image\/"},"sameAs":["https:\/\/www.facebook.com\/starkemeinungen\/","https:\/\/x.com\/starkemeinungen"]},{"@type":"Person","@id":"https:\/\/starke-meinungen.de\/blog\/#\/schema\/person\/32d0faef7c31a37c1c89be993d7a6d28","name":"Alan Posener","image":{"@type":"ImageObject","inLanguage":"de","@id":"https:\/\/secure.gravatar.com\/avatar\/c75c8818a9ab78c4faa75048dba7844e2587998cda4d93f84e7d86f7e21a9b90?s=96&d=mm&r=g","url":"https:\/\/secure.gravatar.com\/avatar\/c75c8818a9ab78c4faa75048dba7844e2587998cda4d93f84e7d86f7e21a9b90?s=96&d=mm&r=g","contentUrl":"https:\/\/secure.gravatar.com\/avatar\/c75c8818a9ab78c4faa75048dba7844e2587998cda4d93f84e7d86f7e21a9b90?s=96&d=mm&r=g","caption":"Alan Posener"},"url":"https:\/\/starke-meinungen.de\/blog\/author\/posener\/"}]}},"_links":{"self":[{"href":"https:\/\/starke-meinungen.de\/blog\/wp-json\/wp\/v2\/posts\/3030","targetHints":{"allow":["GET"]}}],"collection":[{"href":"https:\/\/starke-meinungen.de\/blog\/wp-json\/wp\/v2\/posts"}],"about":[{"href":"https:\/\/starke-meinungen.de\/blog\/wp-json\/wp\/v2\/types\/post"}],"author":[{"embeddable":true,"href":"https:\/\/starke-meinungen.de\/blog\/wp-json\/wp\/v2\/users\/13"}],"replies":[{"embeddable":true,"href":"https:\/\/starke-meinungen.de\/blog\/wp-json\/wp\/v2\/comments?post=3030"}],"version-history":[{"count":2,"href":"https:\/\/starke-meinungen.de\/blog\/wp-json\/wp\/v2\/posts\/3030\/revisions"}],"predecessor-version":[{"id":3032,"href":"https:\/\/starke-meinungen.de\/blog\/wp-json\/wp\/v2\/posts\/3030\/revisions\/3032"}],"wp:attachment":[{"href":"https:\/\/starke-meinungen.de\/blog\/wp-json\/wp\/v2\/media?parent=3030"}],"wp:term":[{"taxonomy":"category","embeddable":true,"href":"https:\/\/starke-meinungen.de\/blog\/wp-json\/wp\/v2\/categories?post=3030"},{"taxonomy":"post_tag","embeddable":true,"href":"https:\/\/starke-meinungen.de\/blog\/wp-json\/wp\/v2\/tags?post=3030"}],"curies":[{"name":"wp","href":"https:\/\/api.w.org\/{rel}","templated":true}]}}