

{"id":2717,"date":"2011-05-31T00:55:20","date_gmt":"2011-05-30T23:55:20","guid":{"rendered":"https:\/\/starke-meinungen.de\/blog\/?p=2717"},"modified":"2011-05-29T13:59:01","modified_gmt":"2011-05-29T12:59:01","slug":"stephane-hessel-und-die-franzosische-drittklassigkeit","status":"publish","type":"post","link":"https:\/\/starke-meinungen.de\/blog\/2011\/05\/31\/stephane-hessel-und-die-franzosische-drittklassigkeit\/","title":{"rendered":"St\u00e9phane Hessel und die franz\u00f6sische Drittklassigkeit"},"content":{"rendered":"<p>Ich schreibe das hier ungern. Denn ich bewundere St\u00e9phane Hessel. Und weil ich ihn bewundere, habe ich mir die Lekt\u00fcre seines Pamphlets \u201eEmp\u00f6rt euch!\u201c lange verkniffen. Neulich aber war ich eingeladen zu einer Feier zu seinen Ehren. Da las ich das Buch. Und musste mir die Feier verkneifen.<\/p>\n<p>Hessel beginnt mit einer Zustandsbeschreibung der franz\u00f6sischen Republik, einer \u201eGesellschaft der in die Illegalit\u00e4t Gedr\u00e4ngten, der Abschiebungen, des Misstrauens gegen Zuwanderer, in der die Sicherung des Alters, die Leistungen der Sozialversicherung br\u00fcchig geworden sind, in der die Reichen die Medien beherrschen\u201c.<\/p>\n<p>Hm.<!--more--><\/p>\n<p>Also, das Vorgehen der franz\u00f6sischen Regierung etwa gegen Zigeuner und illegale \u2013 und legale \u2013 Zuwanderer finde auch ich emp\u00f6rend. Noch emp\u00f6render finde ich allerdings die Tatsache, dass dies offensichtlich einer bedeutenden Minderheit der Franzosen nicht weit genug geht, wovon die Stimmen f\u00fcr Marine LePen zeugen.<\/p>\n<p>Der Versuch des franz\u00f6sischen Staats hingegen, die Franzosen endlich zur Einsicht zu bringen, dass sie etwas l\u00e4nger arbeiten m\u00fcssen, wenn ihr Sozialsystem nicht kollabieren soll, finde ich nicht emp\u00f6rend. Allenfalls ihre Zaghaftigkeit k\u00f6nnte mich emp\u00f6ren \u2013 Anhebung des Renteneintrittsalters von 60 auf 62 Jahre, wogegen eine bedeutende Minderheit der Franzosen Sturm l\u00e4uft, allen voran die Sozialistische Partei.<\/p>\n<p>Und dass \u201edie Reichen die Medien beherrschen\u201c, scheint mir, wenn es denn stimmt, ebenfalls gegen die Franzosen zu sprechen. Niemand zwingt sie, die von den Reichen beherrschten Medien zu konsumieren.<\/p>\n<p>Man bekommt den Eindruck, wenn man unser Nachbarland betrachtet, dass die Franzosen, die schon aus Angst vor der Konkurrenz durch \u201epolnische Klempner\u201c den europ\u00e4ischen Verfassungsvertrag ablehnten und nach wie vor Europa haupts\u00e4chlich als Mittel betrachten, deutsche Steuergelder via Agrarsubventionen in die Taschen franz\u00f6sischer Gro\u00dfbauern umzulenken, jede Anpassung der Sozialsysteme an demografische Realit\u00e4ten als Zumutung empfinden und ihre Wut dar\u00fcber an den Fremden auslassen.<\/p>\n<p>Hessel aber sieht das Problem woanders.<\/p>\n<p>Hessel sieht das Problem in der \u201eMacht des Geldes\u201c. Er wettert gegen die \u201einternationale Diktatur der Finanzm\u00e4rkte\u201c, f\u00fcr die er \u2013 nat\u00fcrlich \u2013 ein Bild aus der j\u00fcdischen Bibel verwendet, den \u201eTanz um das goldene Kalb\u201c, und die seiner Meinung nach \u201ees so weit gebracht haben, Frieden und Demokratie zu gef\u00e4hrden\u201c.<\/p>\n<p>Hallo?<\/p>\n<p>Ich sehe weltweit so manche Gef\u00e4hrdungen f\u00fcr Frieden und Demokratie: Chinas Kommunistische Partei und Russlands autorit\u00e4re F\u00fchrung, die verr\u00fcckten Diktatoren in Pj\u00f6ngjang und Teheran, Tripoli und Damaskus, das Terror-Franchising-Netwerk von Al Qaida und Co., Hamas und Hisbollah, somalische Piraten und mexikanische Drogenbarone, die unheimliche Macht Saudi Arabiens, die Islamisierung Pakistans, diverse autorit\u00e4re Populisten von Chavez bis \u2013 sagen wir es ruhig \u2013 Berlusconi, der Aufstieg des Rechtspopulismus in Europa, \u2026 Aber ausgerechnet \u201edie Finanzm\u00e4rkte\u201c? (Der Ullstein-Verlag, nat\u00fcrlich nicht \u201evon Reichen beherrscht\u201c, formuliert die Sache sch\u00e4rfer. Auf dem Umschlag von Hessels Pamphlet, das sich in Deutschland allein 350.000 Mal verkauft und dem Verlag einen sch\u00f6nen Profit beschert hat, hat, hei\u00dft es, Hessel rufe zum Widerstand \u201egegen die Diktatur des Finanzkapitalismus\u201c auf. Lenin lebt.)<\/p>\n<p>Zweifellos geh\u00f6rt die Finanzmacht zu den wichtigsten Waffen des Westens. Wer ausgerechnet sie ins Fadenkreuz seiner Emp\u00f6rung r\u00fcckt, verfolgt eine gef\u00e4hrliche Agenda.<\/p>\n<p>Nun gut.<\/p>\n<p>Wie es der Zufall will, war Hessels Schrift kaum erschienen, da emp\u00f6rte sich die Jugend auch schon. Nur nicht in Frankreich, nur nicht gegen eine eingebildete \u201eDiktatur des Finanzkapitals\u201c und die Zumutungen der Europ\u00e4ischen Union, sondern in der arabischen Welt, und gegen wirkliche Diktatoren, die \u2013 nicht nur im Falle Tunesien \u2013 bestens mit der franz\u00f6sischen Elite vernetzt waren.<\/p>\n<p>Es versteht sich von selbst, dass sich in Hessels Pamphlet nicht ein Sterbensw\u00f6rtchen \u00fcber die wirklich emp\u00f6renden Zust\u00e4nde in der arabischen Welt findet.<\/p>\n<p>Hessel behandelt \u00fcberhaupt nur ein einziges au\u00dfenpolitisches Thema. Welches wohl? Klar: Israel. Was denn sonst?<\/p>\n<p>\u201eDass Juden Kriegsverbrechen begehen k\u00f6nnen, ist unertr\u00e4glich\u201c, schreibt er. Ganz abgesehen davon, dass Richard Goldstone, der 2009 den Vorwurf erhob, israelische Truppen h\u00e4tten Kriegsverbrechen in Gaza begangen, inzwischen diesen Vorwurf zur\u00fcckgezogen hat: Was soll das? Sind Kriegsverbrechen von Christen, Muslimen, Hindus, Buddhisten oder Atheisten irgendwie \u201eertr\u00e4glich\u201c?<\/p>\n<p>Ich will hier nicht im einzelnen auf Hessels Argumente eingehen, auf die in der Tat unertr\u00e4gliche Verharmlosung der Hamas, auf den totalen Mangel an Sympathie f\u00fcr den j\u00fcdischen Staat \u2013 denn das hie\u00dfe, in die Falle zu gehen, die Hessel und Leute, die so denken wie er, aufstellen. Am Ende redet man selber nur noch \u00fcber Israel, als w\u00e4re der j\u00fcdische Staat das Problem und nicht die Weigerung seiner autorit\u00e4ren Nachbarn, sein blo\u00dfes Existenzrecht anzuerkennen.<\/p>\n<p>Kein Wort mehr davon.<\/p>\n<p>Das Zentrum von \u201eEmp\u00f6rt euch!\u201c bildet ein philosophischer Exkurs \u00fcber zwei verschiedene Auffassungen der Geschichte. Hessel bekannt sich als Hegelianer: \u201eDie Philosophie Hegels gibt der langen Menschheitsgeschichte einen Sinn: die Freiheit des Menschen schreitet stufenweise voran. Geschichte ist eine Abfolge von Ersch\u00fctterungen \u2013 und damit Herausforderungen. Die Geschichte der Gesellschaften schreitet voran, bis am Ende der Mensch seine vollst\u00e4ndige Freiheit erlangt hat und damit der demokratische Staat in seiner idealen Form entstanden ist.\u201c Bekanntlich sah Hegel das Ziel der Geschichte im preu\u00dfischen Staat, dessen Beamter er war, bereits realisiert. Hessel scheint dieses Ziel in jenem Frankreich realisiert zu sehen, dem er vor Jahrzehnten als Diplomat diente. Aber das nur nebenbei.<\/p>\n<p>Diese Hegel\u2019sche Geschichtsteleologie setzt Hessel in einen Gegensatz zu jener \u201eGeschichtsauffassung\u201c, die \u201eals treibende Kraft die Freiheit, die Konkurrenz, das Streben nach \u201aimmer noch mehr\u2019 \u2013 Fortschritt als Sturm mit der Kraft der Zerst\u00f6rung\u201c sieht. Aber der Gegensatz ist, wie das Auftauchen des Worts \u201eFreiheit\u201c in beiden Auffassungen andeutet,\u00a0 wie zuerst Karl Marx zeigte und wie zuletzt Francis Fukuyama in seinem \u201eEnde der Geschichte\u201c nachwies, nur scheinbar. Denn die evolution\u00e4re Entwicklung der Marktwirtschaft\u00a0 \u2013 darum geht es doch wohl bei jener zweiten \u201eGeschichtsauffassung\u201c \u2013 ist untrennbar mit der Entwicklung der Demokratie verbunden; sie bedingen sich wechselseitig. Der Versuch, diese wechselseitige Bedingung zu leugnen, aufzuheben und zu bek\u00e4mpfen, bildet die folgenschwerste intellektuelle Verirrung des modernen Frankreich, die Hauptursache jener Misere, die das Land, wenn sie nicht theoretisch und praktisch \u00fcberwunden wird, zur ewigen, m\u00fcrrischen Drittklassigkeit verurteilen wird.<\/p>\n<p>Dagegen sich zu emp\u00f6ren, w\u00fcrde sich lohnen.<\/p>\n<p>&nbsp;<\/p>\n<p>&nbsp;<\/p>\n<p>&nbsp;<\/p>\n<p>&nbsp;<\/p>\n<div class=\"shariff shariff-align-left shariff-widget-align-left shariff-buttonstretch\" style=\"display:none\"><ul class=\"shariff-buttons theme-white orientation-horizontal buttonsize-medium\"><li class=\"shariff-button facebook shariff-nocustomcolor\" style=\"background-color:#4273c8\"><a href=\"https:\/\/www.facebook.com\/sharer\/sharer.php?u=https%3A%2F%2Fstarke-meinungen.de%2Fblog%2F2011%2F05%2F31%2Fstephane-hessel-und-die-franzosische-drittklassigkeit%2F\" title=\"Bei Facebook teilen\" aria-label=\"Bei Facebook teilen\" role=\"button\" rel=\"nofollow\" class=\"shariff-link\" style=\"; background-color:#3b5998; color:#3b5998\" target=\"_blank\"><span class=\"shariff-icon\" style=\"fill:#3b5998\"><svg width=\"32px\" height=\"20px\" xmlns=\"http:\/\/www.w3.org\/2000\/svg\" viewBox=\"0 0 18 32\"><path fill=\"#3b5998\" d=\"M17.1 0.2v4.7h-2.8q-1.5 0-2.1 0.6t-0.5 1.9v3.4h5.2l-0.7 5.3h-4.5v13.6h-5.5v-13.6h-4.5v-5.3h4.5v-3.9q0-3.3 1.9-5.2t5-1.8q2.6 0 4.1 0.2z\"\/><\/svg><\/span><span class=\"shariff-text\" style=\"color:#3b5998\">teilen<\/span>&nbsp;<\/a><\/li><li class=\"shariff-button twitter shariff-nocustomcolor\" style=\"background-color:#595959\"><a href=\"https:\/\/twitter.com\/share?url=https%3A%2F%2Fstarke-meinungen.de%2Fblog%2F2011%2F05%2F31%2Fstephane-hessel-und-die-franzosische-drittklassigkeit%2F&text=St%C3%A9phane%20Hessel%20und%20die%20franz%C3%B6sische%20Drittklassigkeit&via=starkemeinungen\" title=\"Bei X teilen\" aria-label=\"Bei X teilen\" role=\"button\" rel=\"noopener nofollow\" class=\"shariff-link\" style=\"; background-color:#000; color:#000\" target=\"_blank\"><span class=\"shariff-icon\" style=\"fill:#000\"><svg width=\"32px\" height=\"20px\" xmlns=\"http:\/\/www.w3.org\/2000\/svg\" viewBox=\"0 0 24 24\"><path fill=\"#000\" d=\"M14.258 10.152L23.176 0h-2.113l-7.747 8.813L7.133 0H0l9.352 13.328L0 23.973h2.113l8.176-9.309 6.531 9.309h7.133zm-2.895 3.293l-.949-1.328L2.875 1.56h3.246l6.086 8.523.945 1.328 7.91 11.078h-3.246zm0 0\"\/><\/svg><\/span><span class=\"shariff-text\" style=\"color:#000\">teilen<\/span>&nbsp;<\/a><\/li><li class=\"shariff-button linkedin shariff-nocustomcolor\" style=\"background-color:#1488bf\"><a href=\"https:\/\/www.linkedin.com\/sharing\/share-offsite\/?url=https%3A%2F%2Fstarke-meinungen.de%2Fblog%2F2011%2F05%2F31%2Fstephane-hessel-und-die-franzosische-drittklassigkeit%2F\" title=\"Bei LinkedIn teilen\" aria-label=\"Bei LinkedIn teilen\" role=\"button\" rel=\"noopener nofollow\" class=\"shariff-link\" style=\"; background-color:#0077b5; color:#0077b5\" target=\"_blank\"><span class=\"shariff-icon\" style=\"fill:#0077b5\"><svg width=\"32px\" height=\"20px\" xmlns=\"http:\/\/www.w3.org\/2000\/svg\" viewBox=\"0 0 27 32\"><path fill=\"#0077b5\" d=\"M6.2 11.2v17.7h-5.9v-17.7h5.9zM6.6 5.7q0 1.3-0.9 2.2t-2.4 0.9h0q-1.5 0-2.4-0.9t-0.9-2.2 0.9-2.2 2.4-0.9 2.4 0.9 0.9 2.2zM27.4 18.7v10.1h-5.9v-9.5q0-1.9-0.7-2.9t-2.3-1.1q-1.1 0-1.9 0.6t-1.2 1.5q-0.2 0.5-0.2 1.4v9.9h-5.9q0-7.1 0-11.6t0-5.3l0-0.9h5.9v2.6h0q0.4-0.6 0.7-1t1-0.9 1.6-0.8 2-0.3q3 0 4.9 2t1.9 6z\"\/><\/svg><\/span><span class=\"shariff-text\" style=\"color:#0077b5\">teilen<\/span>&nbsp;<\/a><\/li><li class=\"shariff-button xing shariff-nocustomcolor\" style=\"background-color:#29888a\"><a href=\"https:\/\/www.xing.com\/spi\/shares\/new?url=https%3A%2F%2Fstarke-meinungen.de%2Fblog%2F2011%2F05%2F31%2Fstephane-hessel-und-die-franzosische-drittklassigkeit%2F\" title=\"Bei XING teilen\" aria-label=\"Bei XING teilen\" role=\"button\" rel=\"noopener nofollow\" class=\"shariff-link\" style=\"; background-color:#126567; color:#126567\" target=\"_blank\"><span class=\"shariff-icon\" style=\"fill:#126567\"><svg width=\"32px\" height=\"20px\" xmlns=\"http:\/\/www.w3.org\/2000\/svg\" viewBox=\"0 0 25 32\"><path fill=\"#126567\" d=\"M10.7 11.9q-0.2 0.3-4.6 8.2-0.5 0.8-1.2 0.8h-4.3q-0.4 0-0.5-0.3t0-0.6l4.5-8q0 0 0 0l-2.9-5q-0.2-0.4 0-0.7 0.2-0.3 0.5-0.3h4.3q0.7 0 1.2 0.8zM25.1 0.4q0.2 0.3 0 0.7l-9.4 16.7 6 11q0.2 0.4 0 0.6-0.2 0.3-0.6 0.3h-4.3q-0.7 0-1.2-0.8l-6-11.1q0.3-0.6 9.5-16.8 0.4-0.8 1.2-0.8h4.3q0.4 0 0.5 0.3z\"\/><\/svg><\/span><span class=\"shariff-text\" style=\"color:#126567\">teilen<\/span>&nbsp;<\/a><\/li><li class=\"shariff-button whatsapp shariff-nocustomcolor\" style=\"background-color:#5cbe4a\"><a href=\"https:\/\/api.whatsapp.com\/send?text=https%3A%2F%2Fstarke-meinungen.de%2Fblog%2F2011%2F05%2F31%2Fstephane-hessel-und-die-franzosische-drittklassigkeit%2F%20St%C3%A9phane%20Hessel%20und%20die%20franz%C3%B6sische%20Drittklassigkeit\" title=\"Bei Whatsapp teilen\" aria-label=\"Bei Whatsapp teilen\" role=\"button\" rel=\"noopener nofollow\" class=\"shariff-link\" style=\"; background-color:#34af23; color:#34af23\" target=\"_blank\"><span class=\"shariff-icon\" style=\"fill:#34af23\"><svg width=\"32px\" height=\"20px\" xmlns=\"http:\/\/www.w3.org\/2000\/svg\" viewBox=\"0 0 32 32\"><path fill=\"#34af23\" d=\"M17.6 17.4q0.2 0 1.7 0.8t1.6 0.9q0 0.1 0 0.3 0 0.6-0.3 1.4-0.3 0.7-1.3 1.2t-1.8 0.5q-1 0-3.4-1.1-1.7-0.8-3-2.1t-2.6-3.3q-1.3-1.9-1.3-3.5v-0.1q0.1-1.6 1.3-2.8 0.4-0.4 0.9-0.4 0.1 0 0.3 0t0.3 0q0.3 0 0.5 0.1t0.3 0.5q0.1 0.4 0.6 1.6t0.4 1.3q0 0.4-0.6 1t-0.6 0.8q0 0.1 0.1 0.3 0.6 1.3 1.8 2.4 1 0.9 2.7 1.8 0.2 0.1 0.4 0.1 0.3 0 1-0.9t0.9-0.9zM14 26.9q2.3 0 4.3-0.9t3.6-2.4 2.4-3.6 0.9-4.3-0.9-4.3-2.4-3.6-3.6-2.4-4.3-0.9-4.3 0.9-3.6 2.4-2.4 3.6-0.9 4.3q0 3.6 2.1 6.6l-1.4 4.2 4.3-1.4q2.8 1.9 6.2 1.9zM14 2.2q2.7 0 5.2 1.1t4.3 2.9 2.9 4.3 1.1 5.2-1.1 5.2-2.9 4.3-4.3 2.9-5.2 1.1q-3.5 0-6.5-1.7l-7.4 2.4 2.4-7.2q-1.9-3.2-1.9-6.9 0-2.7 1.1-5.2t2.9-4.3 4.3-2.9 5.2-1.1z\"\/><\/svg><\/span><span class=\"shariff-text\" style=\"color:#34af23\">teilen<\/span>&nbsp;<\/a><\/li><li class=\"shariff-button info shariff-nocustomcolor\" style=\"background-color:#a8a8a8\"><a href=\"http:\/\/ct.de\/-2467514\" title=\"Weitere Informationen\" aria-label=\"Weitere Informationen\" role=\"button\" rel=\"noopener \" class=\"shariff-link\" style=\"; background-color:#999; color:#999\" target=\"_blank\"><span class=\"shariff-icon\" style=\"fill:#999\"><svg width=\"32px\" height=\"20px\" xmlns=\"http:\/\/www.w3.org\/2000\/svg\" viewBox=\"0 0 11 32\"><path fill=\"#999\" d=\"M11.4 24v2.3q0 0.5-0.3 0.8t-0.8 0.4h-9.1q-0.5 0-0.8-0.4t-0.4-0.8v-2.3q0-0.5 0.4-0.8t0.8-0.4h1.1v-6.8h-1.1q-0.5 0-0.8-0.4t-0.4-0.8v-2.3q0-0.5 0.4-0.8t0.8-0.4h6.8q0.5 0 0.8 0.4t0.4 0.8v10.3h1.1q0.5 0 0.8 0.4t0.3 0.8zM9.2 3.4v3.4q0 0.5-0.4 0.8t-0.8 0.4h-4.6q-0.4 0-0.8-0.4t-0.4-0.8v-3.4q0-0.4 0.4-0.8t0.8-0.4h4.6q0.5 0 0.8 0.4t0.4 0.8z\"\/><\/svg><\/span><\/a><\/li><\/ul><\/div>","protected":false},"excerpt":{"rendered":"<p>Ich schreibe das hier ungern. Denn ich bewundere St\u00e9phane Hessel. Und weil ich ihn bewundere, habe ich mir die Lekt\u00fcre seines Pamphlets \u201eEmp\u00f6rt euch!\u201c lange verkniffen. Neulich aber war ich eingeladen zu einer Feier zu seinen Ehren. Da las ich das Buch. Und musste mir die Feier verkneifen. Hessel beginnt mit einer Zustandsbeschreibung der franz\u00f6sischen Republik, einer \u201eGesellschaft der in&#8230; <a href=\"https:\/\/starke-meinungen.de\/blog\/2011\/05\/31\/stephane-hessel-und-die-franzosische-drittklassigkeit\/\">Weiterlesen &raquo;<\/a><\/p>\n","protected":false},"author":13,"featured_media":0,"comment_status":"open","ping_status":"open","sticky":false,"template":"","format":"standard","meta":{"footnotes":""},"categories":[209,1],"tags":[1692],"class_list":["post-2717","post","type-post","status-publish","format-standard","hentry","category-alan-posener","category-allgemein","tag-stephane-hessel"],"yoast_head":"<!-- This site is optimized with the Yoast SEO plugin v27.5 - https:\/\/yoast.com\/product\/yoast-seo-wordpress\/ -->\n<title>St\u00e9phane Hessel und die franz\u00f6sische Drittklassigkeit - starke-meinungen.de<\/title>\n<meta name=\"robots\" content=\"index, follow, max-snippet:-1, max-image-preview:large, max-video-preview:-1\" \/>\n<link rel=\"canonical\" href=\"https:\/\/starke-meinungen.de\/blog\/2011\/05\/31\/stephane-hessel-und-die-franzosische-drittklassigkeit\/\" \/>\n<meta property=\"og:locale\" content=\"de_DE\" \/>\n<meta property=\"og:type\" content=\"article\" \/>\n<meta property=\"og:title\" content=\"St\u00e9phane Hessel und die franz\u00f6sische Drittklassigkeit - starke-meinungen.de\" \/>\n<meta property=\"og:description\" content=\"Ich schreibe das hier ungern. Denn ich bewundere St\u00e9phane Hessel. Und weil ich ihn bewundere, habe ich mir die Lekt\u00fcre seines Pamphlets \u201eEmp\u00f6rt euch!\u201c lange verkniffen. Neulich aber war ich eingeladen zu einer Feier zu seinen Ehren. Da las ich das Buch. Und musste mir die Feier verkneifen. Hessel beginnt mit einer Zustandsbeschreibung der franz\u00f6sischen Republik, einer \u201eGesellschaft der in... Weiterlesen &raquo;\" \/>\n<meta property=\"og:url\" content=\"https:\/\/starke-meinungen.de\/blog\/2011\/05\/31\/stephane-hessel-und-die-franzosische-drittklassigkeit\/\" \/>\n<meta property=\"og:site_name\" content=\"starke-meinungen.de\" \/>\n<meta property=\"article:publisher\" content=\"https:\/\/www.facebook.com\/starkemeinungen\/\" \/>\n<meta property=\"article:published_time\" content=\"2011-05-30T23:55:20+00:00\" \/>\n<meta property=\"og:image\" content=\"https:\/\/starke-meinungen.de\/blog\/wp-content\/uploads\/starke-meinungen-fb-header.jpg\" \/>\n\t<meta property=\"og:image:width\" content=\"1200\" \/>\n\t<meta property=\"og:image:height\" content=\"630\" \/>\n\t<meta property=\"og:image:type\" content=\"image\/jpeg\" \/>\n<meta name=\"author\" content=\"Alan Posener\" \/>\n<meta name=\"twitter:card\" content=\"summary_large_image\" \/>\n<meta name=\"twitter:creator\" content=\"@starkemeinungen\" \/>\n<meta name=\"twitter:site\" content=\"@starkemeinungen\" \/>\n<meta name=\"twitter:label1\" content=\"Verfasst von\" \/>\n\t<meta name=\"twitter:data1\" content=\"Alan Posener\" \/>\n\t<meta name=\"twitter:label2\" content=\"Gesch\u00e4tzte Lesezeit\" \/>\n\t<meta name=\"twitter:data2\" content=\"5\u00a0Minuten\" \/>\n<script type=\"application\/ld+json\" class=\"yoast-schema-graph\">{\"@context\":\"https:\\\/\\\/schema.org\",\"@graph\":[{\"@type\":\"Article\",\"@id\":\"https:\\\/\\\/starke-meinungen.de\\\/blog\\\/2011\\\/05\\\/31\\\/stephane-hessel-und-die-franzosische-drittklassigkeit\\\/#article\",\"isPartOf\":{\"@id\":\"https:\\\/\\\/starke-meinungen.de\\\/blog\\\/2011\\\/05\\\/31\\\/stephane-hessel-und-die-franzosische-drittklassigkeit\\\/\"},\"author\":{\"name\":\"Alan Posener\",\"@id\":\"https:\\\/\\\/starke-meinungen.de\\\/blog\\\/#\\\/schema\\\/person\\\/32d0faef7c31a37c1c89be993d7a6d28\"},\"headline\":\"St\u00e9phane Hessel und die franz\u00f6sische Drittklassigkeit\",\"datePublished\":\"2011-05-30T23:55:20+00:00\",\"mainEntityOfPage\":{\"@id\":\"https:\\\/\\\/starke-meinungen.de\\\/blog\\\/2011\\\/05\\\/31\\\/stephane-hessel-und-die-franzosische-drittklassigkeit\\\/\"},\"wordCount\":1034,\"commentCount\":31,\"publisher\":{\"@id\":\"https:\\\/\\\/starke-meinungen.de\\\/blog\\\/#organization\"},\"keywords\":[\"Stephane Hessel\"],\"articleSection\":[\"Alan Posener\"],\"inLanguage\":\"de\",\"potentialAction\":[{\"@type\":\"CommentAction\",\"name\":\"Comment\",\"target\":[\"https:\\\/\\\/starke-meinungen.de\\\/blog\\\/2011\\\/05\\\/31\\\/stephane-hessel-und-die-franzosische-drittklassigkeit\\\/#respond\"]}]},{\"@type\":\"WebPage\",\"@id\":\"https:\\\/\\\/starke-meinungen.de\\\/blog\\\/2011\\\/05\\\/31\\\/stephane-hessel-und-die-franzosische-drittklassigkeit\\\/\",\"url\":\"https:\\\/\\\/starke-meinungen.de\\\/blog\\\/2011\\\/05\\\/31\\\/stephane-hessel-und-die-franzosische-drittklassigkeit\\\/\",\"name\":\"St\u00e9phane Hessel und die franz\u00f6sische Drittklassigkeit - starke-meinungen.de\",\"isPartOf\":{\"@id\":\"https:\\\/\\\/starke-meinungen.de\\\/blog\\\/#website\"},\"datePublished\":\"2011-05-30T23:55:20+00:00\",\"breadcrumb\":{\"@id\":\"https:\\\/\\\/starke-meinungen.de\\\/blog\\\/2011\\\/05\\\/31\\\/stephane-hessel-und-die-franzosische-drittklassigkeit\\\/#breadcrumb\"},\"inLanguage\":\"de\",\"potentialAction\":[{\"@type\":\"ReadAction\",\"target\":[\"https:\\\/\\\/starke-meinungen.de\\\/blog\\\/2011\\\/05\\\/31\\\/stephane-hessel-und-die-franzosische-drittklassigkeit\\\/\"]}]},{\"@type\":\"BreadcrumbList\",\"@id\":\"https:\\\/\\\/starke-meinungen.de\\\/blog\\\/2011\\\/05\\\/31\\\/stephane-hessel-und-die-franzosische-drittklassigkeit\\\/#breadcrumb\",\"itemListElement\":[{\"@type\":\"ListItem\",\"position\":1,\"name\":\"Startseite\",\"item\":\"https:\\\/\\\/starke-meinungen.de\\\/blog\\\/\"},{\"@type\":\"ListItem\",\"position\":2,\"name\":\"St\u00e9phane Hessel und die franz\u00f6sische Drittklassigkeit\"}]},{\"@type\":\"WebSite\",\"@id\":\"https:\\\/\\\/starke-meinungen.de\\\/blog\\\/#website\",\"url\":\"https:\\\/\\\/starke-meinungen.de\\\/blog\\\/\",\"name\":\"starke-meinungen.de\",\"description\":\"Autoren-Blog\",\"publisher\":{\"@id\":\"https:\\\/\\\/starke-meinungen.de\\\/blog\\\/#organization\"},\"potentialAction\":[{\"@type\":\"SearchAction\",\"target\":{\"@type\":\"EntryPoint\",\"urlTemplate\":\"https:\\\/\\\/starke-meinungen.de\\\/blog\\\/?s={search_term_string}\"},\"query-input\":{\"@type\":\"PropertyValueSpecification\",\"valueRequired\":true,\"valueName\":\"search_term_string\"}}],\"inLanguage\":\"de\"},{\"@type\":\"Organization\",\"@id\":\"https:\\\/\\\/starke-meinungen.de\\\/blog\\\/#organization\",\"name\":\"starke-meinungen.de\",\"url\":\"https:\\\/\\\/starke-meinungen.de\\\/blog\\\/\",\"logo\":{\"@type\":\"ImageObject\",\"inLanguage\":\"de\",\"@id\":\"https:\\\/\\\/starke-meinungen.de\\\/blog\\\/#\\\/schema\\\/logo\\\/image\\\/\",\"url\":\"https:\\\/\\\/starke-meinungen.de\\\/blog\\\/wp-content\\\/uploads\\\/starke-meinungen-fb-header.jpg\",\"contentUrl\":\"https:\\\/\\\/starke-meinungen.de\\\/blog\\\/wp-content\\\/uploads\\\/starke-meinungen-fb-header.jpg\",\"width\":1200,\"height\":630,\"caption\":\"starke-meinungen.de\"},\"image\":{\"@id\":\"https:\\\/\\\/starke-meinungen.de\\\/blog\\\/#\\\/schema\\\/logo\\\/image\\\/\"},\"sameAs\":[\"https:\\\/\\\/www.facebook.com\\\/starkemeinungen\\\/\",\"https:\\\/\\\/x.com\\\/starkemeinungen\"]},{\"@type\":\"Person\",\"@id\":\"https:\\\/\\\/starke-meinungen.de\\\/blog\\\/#\\\/schema\\\/person\\\/32d0faef7c31a37c1c89be993d7a6d28\",\"name\":\"Alan Posener\",\"image\":{\"@type\":\"ImageObject\",\"inLanguage\":\"de\",\"@id\":\"https:\\\/\\\/secure.gravatar.com\\\/avatar\\\/c75c8818a9ab78c4faa75048dba7844e2587998cda4d93f84e7d86f7e21a9b90?s=96&d=mm&r=g\",\"url\":\"https:\\\/\\\/secure.gravatar.com\\\/avatar\\\/c75c8818a9ab78c4faa75048dba7844e2587998cda4d93f84e7d86f7e21a9b90?s=96&d=mm&r=g\",\"contentUrl\":\"https:\\\/\\\/secure.gravatar.com\\\/avatar\\\/c75c8818a9ab78c4faa75048dba7844e2587998cda4d93f84e7d86f7e21a9b90?s=96&d=mm&r=g\",\"caption\":\"Alan Posener\"},\"url\":\"https:\\\/\\\/starke-meinungen.de\\\/blog\\\/author\\\/posener\\\/\"}]}<\/script>\n<!-- \/ Yoast SEO plugin. -->","yoast_head_json":{"title":"St\u00e9phane Hessel und die franz\u00f6sische Drittklassigkeit - starke-meinungen.de","robots":{"index":"index","follow":"follow","max-snippet":"max-snippet:-1","max-image-preview":"max-image-preview:large","max-video-preview":"max-video-preview:-1"},"canonical":"https:\/\/starke-meinungen.de\/blog\/2011\/05\/31\/stephane-hessel-und-die-franzosische-drittklassigkeit\/","og_locale":"de_DE","og_type":"article","og_title":"St\u00e9phane Hessel und die franz\u00f6sische Drittklassigkeit - starke-meinungen.de","og_description":"Ich schreibe das hier ungern. Denn ich bewundere St\u00e9phane Hessel. Und weil ich ihn bewundere, habe ich mir die Lekt\u00fcre seines Pamphlets \u201eEmp\u00f6rt euch!\u201c lange verkniffen. Neulich aber war ich eingeladen zu einer Feier zu seinen Ehren. Da las ich das Buch. Und musste mir die Feier verkneifen. Hessel beginnt mit einer Zustandsbeschreibung der franz\u00f6sischen Republik, einer \u201eGesellschaft der in... Weiterlesen &raquo;","og_url":"https:\/\/starke-meinungen.de\/blog\/2011\/05\/31\/stephane-hessel-und-die-franzosische-drittklassigkeit\/","og_site_name":"starke-meinungen.de","article_publisher":"https:\/\/www.facebook.com\/starkemeinungen\/","article_published_time":"2011-05-30T23:55:20+00:00","og_image":[{"width":1200,"height":630,"url":"https:\/\/starke-meinungen.de\/blog\/wp-content\/uploads\/starke-meinungen-fb-header.jpg","type":"image\/jpeg"}],"author":"Alan Posener","twitter_card":"summary_large_image","twitter_creator":"@starkemeinungen","twitter_site":"@starkemeinungen","twitter_misc":{"Verfasst von":"Alan Posener","Gesch\u00e4tzte Lesezeit":"5\u00a0Minuten"},"schema":{"@context":"https:\/\/schema.org","@graph":[{"@type":"Article","@id":"https:\/\/starke-meinungen.de\/blog\/2011\/05\/31\/stephane-hessel-und-die-franzosische-drittklassigkeit\/#article","isPartOf":{"@id":"https:\/\/starke-meinungen.de\/blog\/2011\/05\/31\/stephane-hessel-und-die-franzosische-drittklassigkeit\/"},"author":{"name":"Alan Posener","@id":"https:\/\/starke-meinungen.de\/blog\/#\/schema\/person\/32d0faef7c31a37c1c89be993d7a6d28"},"headline":"St\u00e9phane Hessel und die franz\u00f6sische Drittklassigkeit","datePublished":"2011-05-30T23:55:20+00:00","mainEntityOfPage":{"@id":"https:\/\/starke-meinungen.de\/blog\/2011\/05\/31\/stephane-hessel-und-die-franzosische-drittklassigkeit\/"},"wordCount":1034,"commentCount":31,"publisher":{"@id":"https:\/\/starke-meinungen.de\/blog\/#organization"},"keywords":["Stephane Hessel"],"articleSection":["Alan Posener"],"inLanguage":"de","potentialAction":[{"@type":"CommentAction","name":"Comment","target":["https:\/\/starke-meinungen.de\/blog\/2011\/05\/31\/stephane-hessel-und-die-franzosische-drittklassigkeit\/#respond"]}]},{"@type":"WebPage","@id":"https:\/\/starke-meinungen.de\/blog\/2011\/05\/31\/stephane-hessel-und-die-franzosische-drittklassigkeit\/","url":"https:\/\/starke-meinungen.de\/blog\/2011\/05\/31\/stephane-hessel-und-die-franzosische-drittklassigkeit\/","name":"St\u00e9phane Hessel und die franz\u00f6sische Drittklassigkeit - starke-meinungen.de","isPartOf":{"@id":"https:\/\/starke-meinungen.de\/blog\/#website"},"datePublished":"2011-05-30T23:55:20+00:00","breadcrumb":{"@id":"https:\/\/starke-meinungen.de\/blog\/2011\/05\/31\/stephane-hessel-und-die-franzosische-drittklassigkeit\/#breadcrumb"},"inLanguage":"de","potentialAction":[{"@type":"ReadAction","target":["https:\/\/starke-meinungen.de\/blog\/2011\/05\/31\/stephane-hessel-und-die-franzosische-drittklassigkeit\/"]}]},{"@type":"BreadcrumbList","@id":"https:\/\/starke-meinungen.de\/blog\/2011\/05\/31\/stephane-hessel-und-die-franzosische-drittklassigkeit\/#breadcrumb","itemListElement":[{"@type":"ListItem","position":1,"name":"Startseite","item":"https:\/\/starke-meinungen.de\/blog\/"},{"@type":"ListItem","position":2,"name":"St\u00e9phane Hessel und die franz\u00f6sische Drittklassigkeit"}]},{"@type":"WebSite","@id":"https:\/\/starke-meinungen.de\/blog\/#website","url":"https:\/\/starke-meinungen.de\/blog\/","name":"starke-meinungen.de","description":"Autoren-Blog","publisher":{"@id":"https:\/\/starke-meinungen.de\/blog\/#organization"},"potentialAction":[{"@type":"SearchAction","target":{"@type":"EntryPoint","urlTemplate":"https:\/\/starke-meinungen.de\/blog\/?s={search_term_string}"},"query-input":{"@type":"PropertyValueSpecification","valueRequired":true,"valueName":"search_term_string"}}],"inLanguage":"de"},{"@type":"Organization","@id":"https:\/\/starke-meinungen.de\/blog\/#organization","name":"starke-meinungen.de","url":"https:\/\/starke-meinungen.de\/blog\/","logo":{"@type":"ImageObject","inLanguage":"de","@id":"https:\/\/starke-meinungen.de\/blog\/#\/schema\/logo\/image\/","url":"https:\/\/starke-meinungen.de\/blog\/wp-content\/uploads\/starke-meinungen-fb-header.jpg","contentUrl":"https:\/\/starke-meinungen.de\/blog\/wp-content\/uploads\/starke-meinungen-fb-header.jpg","width":1200,"height":630,"caption":"starke-meinungen.de"},"image":{"@id":"https:\/\/starke-meinungen.de\/blog\/#\/schema\/logo\/image\/"},"sameAs":["https:\/\/www.facebook.com\/starkemeinungen\/","https:\/\/x.com\/starkemeinungen"]},{"@type":"Person","@id":"https:\/\/starke-meinungen.de\/blog\/#\/schema\/person\/32d0faef7c31a37c1c89be993d7a6d28","name":"Alan Posener","image":{"@type":"ImageObject","inLanguage":"de","@id":"https:\/\/secure.gravatar.com\/avatar\/c75c8818a9ab78c4faa75048dba7844e2587998cda4d93f84e7d86f7e21a9b90?s=96&d=mm&r=g","url":"https:\/\/secure.gravatar.com\/avatar\/c75c8818a9ab78c4faa75048dba7844e2587998cda4d93f84e7d86f7e21a9b90?s=96&d=mm&r=g","contentUrl":"https:\/\/secure.gravatar.com\/avatar\/c75c8818a9ab78c4faa75048dba7844e2587998cda4d93f84e7d86f7e21a9b90?s=96&d=mm&r=g","caption":"Alan Posener"},"url":"https:\/\/starke-meinungen.de\/blog\/author\/posener\/"}]}},"_links":{"self":[{"href":"https:\/\/starke-meinungen.de\/blog\/wp-json\/wp\/v2\/posts\/2717","targetHints":{"allow":["GET"]}}],"collection":[{"href":"https:\/\/starke-meinungen.de\/blog\/wp-json\/wp\/v2\/posts"}],"about":[{"href":"https:\/\/starke-meinungen.de\/blog\/wp-json\/wp\/v2\/types\/post"}],"author":[{"embeddable":true,"href":"https:\/\/starke-meinungen.de\/blog\/wp-json\/wp\/v2\/users\/13"}],"replies":[{"embeddable":true,"href":"https:\/\/starke-meinungen.de\/blog\/wp-json\/wp\/v2\/comments?post=2717"}],"version-history":[{"count":2,"href":"https:\/\/starke-meinungen.de\/blog\/wp-json\/wp\/v2\/posts\/2717\/revisions"}],"predecessor-version":[{"id":2719,"href":"https:\/\/starke-meinungen.de\/blog\/wp-json\/wp\/v2\/posts\/2717\/revisions\/2719"}],"wp:attachment":[{"href":"https:\/\/starke-meinungen.de\/blog\/wp-json\/wp\/v2\/media?parent=2717"}],"wp:term":[{"taxonomy":"category","embeddable":true,"href":"https:\/\/starke-meinungen.de\/blog\/wp-json\/wp\/v2\/categories?post=2717"},{"taxonomy":"post_tag","embeddable":true,"href":"https:\/\/starke-meinungen.de\/blog\/wp-json\/wp\/v2\/tags?post=2717"}],"curies":[{"name":"wp","href":"https:\/\/api.w.org\/{rel}","templated":true}]}}