

{"id":2593,"date":"2011-04-12T00:21:20","date_gmt":"2011-04-11T23:21:20","guid":{"rendered":"https:\/\/starke-meinungen.de\/blog\/?p=2593"},"modified":"2011-04-15T14:35:46","modified_gmt":"2011-04-15T13:35:46","slug":"burka-verbot-french-angst","status":"publish","type":"post","link":"https:\/\/starke-meinungen.de\/blog\/2011\/04\/12\/burka-verbot-french-angst\/","title":{"rendered":"Burka-Verbot: French Angst"},"content":{"rendered":"<p>Jede Nation hat, so scheint es, ihre eigenen \u00c4ngste. Gegen die Atomkraft geht kein Franzose auf die Stra\u00dfe. Aber wegen des \u201efranz\u00f6sischen Klempners\u201c lie\u00dfen unsere Nachbarn die EU-Verfassung beim Referendum durchfallen; wegen des Versprechens \u201emit dem K\u00e4rcher\u201c gegen die randalierende arabische Vorstadtjugend vorzugehen, gewann Nicolas Sarkozy die Pr\u00e4sidentschaft; und nun wird, in einem dritten Akt franz\u00f6sischer Symbolpolitik, Frauen das Tragen einer Gesichtsverh\u00fcllung verboten.<!--more--><\/p>\n<p>Nat\u00fcrlich nicht allen Frauen und nicht jeder Verh\u00fcllung: kommen Japanerinnen nach Paris, die aufgrund der dort seit jeher vorherrschenden Mikroben-Phobie eine jener absurden Chirurgenmasken tragen, die wegen der <em>Japanese Angst<\/em> vor Mikroben in Tokio zum guten Ton geh\u00f6ren, werden sie vermutlich nicht zwecks Feststellung der Personalien und Bestrafung von den Flics festgenommen.<\/p>\n<p>W\u00e4hrend Frankreichs seine Rafale-Jets, die es eben noch an Ghaddafi verkaufen wollte, nun einsetzt, um Ghaddafi zu st\u00fcrzen und die Macht in Libyen an Leute zu \u00fcbergeben, unter denen sich nicht wenige muslimische Fundamentalisten befinden, gef\u00e4llt sich das franz\u00f6sische Parlament in einem Akt d\u00fcmmlicher Diskriminierung gegen muslimische Frauen, der allenfalls dazu f\u00fchren wird, dass die fr\u00f6mmsten und am meisten unterdr\u00fcckten Frauen gar nicht mehr das Haus verlassen. Ralph Giordano, der sich \u00fcber \u201ePinguine\u201c im K\u00f6lner Stra\u00dfenbild aufregt, kann sich Hoffnungen auf Abhilfe machen: Frankreichs Stra\u00dfen sind bald pinguinrein.<\/p>\n<p>Zwar gibt es, wie das Beispiel Giordanao zeigt, auch in Deutschland jede Menge Panikmacher, die \u2013 so sehr viele von ihnen die deutsche Ablehnung der Kernkraft als \u201eGerman Angst\u201c zu diskreditieren versuchen \u2013 eben diese Angst gegen Fremde zu mobilisieren versuchen. Wie hie\u00df doch gleich jenes Buch, mit dem der rassistische Diskurs salonf\u00e4hig wurde? \u201eEin paar Vorschl\u00e4ge zur Verbesserung unserer Integrationspolitik\u201c? Ach, nein: \u201eDeutschland schafft sich ab\u201c.<\/p>\n<p>Hier wurde eine Ur-Angst mobilisiert: die Existenzangst. Gegen einen solchen Titel, der von klugen K\u00f6pfen als \u201ewichtigen Diskussionsbeitrag\u201c gew\u00fcrdigt wurde, wirken die Parolen selbst der zornigeren Atomkraft-Aktivisten noch gem\u00e4\u00dfigt. Jedoch ist die von Thilo Sarrazin und seinen medialen Helfershelfern gesch\u00fcrte Xenophobie eine Stammtisch-Erscheinung geblieben. Den Arsch zum Demonstrieren hoch kriegen die wenigsten Muslimfeinde, und wenn ja, waren die Anh\u00e4nger der demokratischen Tugend der Toleranz \u2013 hier und da als \u201eGutmenschen\u201c verspottet \u2013 in der Mehrzahl.<\/p>\n<p>Die politische Klasse hat alles in allem besonnen reagiert, hier ist insbesondere Christian Wulff hervorzuheben, und trotz des verbreiteten Stammtisch-Gezeters gegen die politische Korrektheit haben rechtspopulistische Parteien nirgendwo einen solchen Zulauf bekommen wie in Holland oder eben in Frankreich.<\/p>\n<p>Im Gegenteil. In Hamburg, Sachsen-Anhalt, NRW und Baden-W\u00fcrttemberg r\u00fcckten die politischen Koordinaten leicht nach links, und im nationalen Ma\u00dfstab f\u00fchrt Rot-Gr\u00fcn vor Schwarz-Gelb. Die FDP hat auf ihren beispiellosen Absturz bisher ebenfalls mit einem Kurskorrektur Richtung links geantwortet, obwohl es rein rechnerisch gesehen durchaus die Option auf die von keiner Partei besetzte nationalliberale Position gibt. Allein, es fehlt der FDP ein J\u00f6rg Haider, und das ist erstens gut so und zweitens kein Zufall.<\/p>\n<p>Vielleicht stimmt es n\u00e4mlich, dass es in Deutschland so etwas wie eine frei flottierende Angst gibt. Doch sollten wir erstens zur Kenntnis nehmen, dass es \u00e4hnliche Erscheinungen offensichtlich auch in anderen L\u00e4ndern gibt. Und zweitens froh sein, dass sie sich an der Atomenergie festmacht. Atomkraftwerke lassen sich n\u00e4mlich ausschalten, ohne dass die Menschenrechte unserer Mitb\u00fcrger verletzt werden, anders als beim Ausschalten vermummter Frauen aus dem Stra\u00dfenbild, wie es von der <em>French Angst<\/em> nun verlangt wird.<\/p>\n<div class=\"shariff shariff-align-left shariff-widget-align-left shariff-buttonstretch\" style=\"display:none\"><ul class=\"shariff-buttons theme-white orientation-horizontal buttonsize-medium\"><li class=\"shariff-button facebook shariff-nocustomcolor\" style=\"background-color:#4273c8\"><a href=\"https:\/\/www.facebook.com\/sharer\/sharer.php?u=https%3A%2F%2Fstarke-meinungen.de%2Fblog%2F2011%2F04%2F12%2Fburka-verbot-french-angst%2F\" title=\"Bei Facebook teilen\" aria-label=\"Bei Facebook teilen\" role=\"button\" rel=\"nofollow\" class=\"shariff-link\" style=\"; background-color:#3b5998; color:#3b5998\" target=\"_blank\"><span class=\"shariff-icon\" style=\"fill:#3b5998\"><svg width=\"32px\" height=\"20px\" xmlns=\"http:\/\/www.w3.org\/2000\/svg\" viewBox=\"0 0 18 32\"><path fill=\"#3b5998\" d=\"M17.1 0.2v4.7h-2.8q-1.5 0-2.1 0.6t-0.5 1.9v3.4h5.2l-0.7 5.3h-4.5v13.6h-5.5v-13.6h-4.5v-5.3h4.5v-3.9q0-3.3 1.9-5.2t5-1.8q2.6 0 4.1 0.2z\"\/><\/svg><\/span><span class=\"shariff-text\" style=\"color:#3b5998\">teilen<\/span>&nbsp;<\/a><\/li><li class=\"shariff-button twitter shariff-nocustomcolor\" style=\"background-color:#595959\"><a href=\"https:\/\/twitter.com\/share?url=https%3A%2F%2Fstarke-meinungen.de%2Fblog%2F2011%2F04%2F12%2Fburka-verbot-french-angst%2F&text=Burka-Verbot%3A%20French%20Angst&via=starkemeinungen\" title=\"Bei X teilen\" aria-label=\"Bei X teilen\" role=\"button\" rel=\"noopener nofollow\" class=\"shariff-link\" style=\"; background-color:#000; color:#000\" target=\"_blank\"><span class=\"shariff-icon\" style=\"fill:#000\"><svg width=\"32px\" height=\"20px\" xmlns=\"http:\/\/www.w3.org\/2000\/svg\" viewBox=\"0 0 24 24\"><path fill=\"#000\" d=\"M14.258 10.152L23.176 0h-2.113l-7.747 8.813L7.133 0H0l9.352 13.328L0 23.973h2.113l8.176-9.309 6.531 9.309h7.133zm-2.895 3.293l-.949-1.328L2.875 1.56h3.246l6.086 8.523.945 1.328 7.91 11.078h-3.246zm0 0\"\/><\/svg><\/span><span class=\"shariff-text\" style=\"color:#000\">teilen<\/span>&nbsp;<\/a><\/li><li class=\"shariff-button linkedin shariff-nocustomcolor\" style=\"background-color:#1488bf\"><a href=\"https:\/\/www.linkedin.com\/sharing\/share-offsite\/?url=https%3A%2F%2Fstarke-meinungen.de%2Fblog%2F2011%2F04%2F12%2Fburka-verbot-french-angst%2F\" title=\"Bei LinkedIn teilen\" aria-label=\"Bei LinkedIn teilen\" role=\"button\" rel=\"noopener nofollow\" class=\"shariff-link\" style=\"; background-color:#0077b5; color:#0077b5\" target=\"_blank\"><span class=\"shariff-icon\" style=\"fill:#0077b5\"><svg width=\"32px\" height=\"20px\" xmlns=\"http:\/\/www.w3.org\/2000\/svg\" viewBox=\"0 0 27 32\"><path fill=\"#0077b5\" d=\"M6.2 11.2v17.7h-5.9v-17.7h5.9zM6.6 5.7q0 1.3-0.9 2.2t-2.4 0.9h0q-1.5 0-2.4-0.9t-0.9-2.2 0.9-2.2 2.4-0.9 2.4 0.9 0.9 2.2zM27.4 18.7v10.1h-5.9v-9.5q0-1.9-0.7-2.9t-2.3-1.1q-1.1 0-1.9 0.6t-1.2 1.5q-0.2 0.5-0.2 1.4v9.9h-5.9q0-7.1 0-11.6t0-5.3l0-0.9h5.9v2.6h0q0.4-0.6 0.7-1t1-0.9 1.6-0.8 2-0.3q3 0 4.9 2t1.9 6z\"\/><\/svg><\/span><span class=\"shariff-text\" style=\"color:#0077b5\">teilen<\/span>&nbsp;<\/a><\/li><li class=\"shariff-button xing shariff-nocustomcolor\" style=\"background-color:#29888a\"><a href=\"https:\/\/www.xing.com\/spi\/shares\/new?url=https%3A%2F%2Fstarke-meinungen.de%2Fblog%2F2011%2F04%2F12%2Fburka-verbot-french-angst%2F\" title=\"Bei XING teilen\" aria-label=\"Bei XING teilen\" role=\"button\" rel=\"noopener nofollow\" class=\"shariff-link\" style=\"; background-color:#126567; color:#126567\" target=\"_blank\"><span class=\"shariff-icon\" style=\"fill:#126567\"><svg width=\"32px\" height=\"20px\" xmlns=\"http:\/\/www.w3.org\/2000\/svg\" viewBox=\"0 0 25 32\"><path fill=\"#126567\" d=\"M10.7 11.9q-0.2 0.3-4.6 8.2-0.5 0.8-1.2 0.8h-4.3q-0.4 0-0.5-0.3t0-0.6l4.5-8q0 0 0 0l-2.9-5q-0.2-0.4 0-0.7 0.2-0.3 0.5-0.3h4.3q0.7 0 1.2 0.8zM25.1 0.4q0.2 0.3 0 0.7l-9.4 16.7 6 11q0.2 0.4 0 0.6-0.2 0.3-0.6 0.3h-4.3q-0.7 0-1.2-0.8l-6-11.1q0.3-0.6 9.5-16.8 0.4-0.8 1.2-0.8h4.3q0.4 0 0.5 0.3z\"\/><\/svg><\/span><span class=\"shariff-text\" style=\"color:#126567\">teilen<\/span>&nbsp;<\/a><\/li><li class=\"shariff-button whatsapp shariff-nocustomcolor\" style=\"background-color:#5cbe4a\"><a href=\"https:\/\/api.whatsapp.com\/send?text=https%3A%2F%2Fstarke-meinungen.de%2Fblog%2F2011%2F04%2F12%2Fburka-verbot-french-angst%2F%20Burka-Verbot%3A%20French%20Angst\" title=\"Bei Whatsapp teilen\" aria-label=\"Bei Whatsapp teilen\" role=\"button\" rel=\"noopener nofollow\" class=\"shariff-link\" style=\"; background-color:#34af23; color:#34af23\" target=\"_blank\"><span class=\"shariff-icon\" style=\"fill:#34af23\"><svg width=\"32px\" height=\"20px\" xmlns=\"http:\/\/www.w3.org\/2000\/svg\" viewBox=\"0 0 32 32\"><path fill=\"#34af23\" d=\"M17.6 17.4q0.2 0 1.7 0.8t1.6 0.9q0 0.1 0 0.3 0 0.6-0.3 1.4-0.3 0.7-1.3 1.2t-1.8 0.5q-1 0-3.4-1.1-1.7-0.8-3-2.1t-2.6-3.3q-1.3-1.9-1.3-3.5v-0.1q0.1-1.6 1.3-2.8 0.4-0.4 0.9-0.4 0.1 0 0.3 0t0.3 0q0.3 0 0.5 0.1t0.3 0.5q0.1 0.4 0.6 1.6t0.4 1.3q0 0.4-0.6 1t-0.6 0.8q0 0.1 0.1 0.3 0.6 1.3 1.8 2.4 1 0.9 2.7 1.8 0.2 0.1 0.4 0.1 0.3 0 1-0.9t0.9-0.9zM14 26.9q2.3 0 4.3-0.9t3.6-2.4 2.4-3.6 0.9-4.3-0.9-4.3-2.4-3.6-3.6-2.4-4.3-0.9-4.3 0.9-3.6 2.4-2.4 3.6-0.9 4.3q0 3.6 2.1 6.6l-1.4 4.2 4.3-1.4q2.8 1.9 6.2 1.9zM14 2.2q2.7 0 5.2 1.1t4.3 2.9 2.9 4.3 1.1 5.2-1.1 5.2-2.9 4.3-4.3 2.9-5.2 1.1q-3.5 0-6.5-1.7l-7.4 2.4 2.4-7.2q-1.9-3.2-1.9-6.9 0-2.7 1.1-5.2t2.9-4.3 4.3-2.9 5.2-1.1z\"\/><\/svg><\/span><span class=\"shariff-text\" style=\"color:#34af23\">teilen<\/span>&nbsp;<\/a><\/li><li class=\"shariff-button info shariff-nocustomcolor\" style=\"background-color:#a8a8a8\"><a href=\"http:\/\/ct.de\/-2467514\" title=\"Weitere Informationen\" aria-label=\"Weitere Informationen\" role=\"button\" rel=\"noopener \" class=\"shariff-link\" style=\"; background-color:#999; color:#999\" target=\"_blank\"><span class=\"shariff-icon\" style=\"fill:#999\"><svg width=\"32px\" height=\"20px\" xmlns=\"http:\/\/www.w3.org\/2000\/svg\" viewBox=\"0 0 11 32\"><path fill=\"#999\" d=\"M11.4 24v2.3q0 0.5-0.3 0.8t-0.8 0.4h-9.1q-0.5 0-0.8-0.4t-0.4-0.8v-2.3q0-0.5 0.4-0.8t0.8-0.4h1.1v-6.8h-1.1q-0.5 0-0.8-0.4t-0.4-0.8v-2.3q0-0.5 0.4-0.8t0.8-0.4h6.8q0.5 0 0.8 0.4t0.4 0.8v10.3h1.1q0.5 0 0.8 0.4t0.3 0.8zM9.2 3.4v3.4q0 0.5-0.4 0.8t-0.8 0.4h-4.6q-0.4 0-0.8-0.4t-0.4-0.8v-3.4q0-0.4 0.4-0.8t0.8-0.4h4.6q0.5 0 0.8 0.4t0.4 0.8z\"\/><\/svg><\/span><\/a><\/li><\/ul><\/div>","protected":false},"excerpt":{"rendered":"<p>Jede Nation hat, so scheint es, ihre eigenen \u00c4ngste. Gegen die Atomkraft geht kein Franzose auf die Stra\u00dfe. Aber wegen des \u201efranz\u00f6sischen Klempners\u201c lie\u00dfen unsere Nachbarn die EU-Verfassung beim Referendum durchfallen; wegen des Versprechens \u201emit dem K\u00e4rcher\u201c gegen die randalierende arabische Vorstadtjugend vorzugehen, gewann Nicolas Sarkozy die Pr\u00e4sidentschaft; und nun wird, in einem dritten Akt franz\u00f6sischer Symbolpolitik, Frauen das Tragen&#8230; <a href=\"https:\/\/starke-meinungen.de\/blog\/2011\/04\/12\/burka-verbot-french-angst\/\">Weiterlesen &raquo;<\/a><\/p>\n","protected":false},"author":13,"featured_media":0,"comment_status":"open","ping_status":"open","sticky":false,"template":"","format":"standard","meta":{"footnotes":""},"categories":[209,1],"tags":[937,1411,1371,941],"class_list":["post-2593","post","type-post","status-publish","format-standard","hentry","category-alan-posener","category-allgemein","tag-burka","tag-frankreich","tag-integration","tag-muslime"],"yoast_head":"<!-- This site is optimized with the Yoast SEO plugin v27.4 - https:\/\/yoast.com\/product\/yoast-seo-wordpress\/ -->\n<title>Burka-Verbot: French Angst - starke-meinungen.de<\/title>\n<meta name=\"robots\" content=\"index, follow, max-snippet:-1, max-image-preview:large, max-video-preview:-1\" \/>\n<link rel=\"canonical\" href=\"https:\/\/starke-meinungen.de\/blog\/2011\/04\/12\/burka-verbot-french-angst\/\" \/>\n<meta property=\"og:locale\" content=\"de_DE\" \/>\n<meta property=\"og:type\" content=\"article\" \/>\n<meta property=\"og:title\" content=\"Burka-Verbot: French Angst - starke-meinungen.de\" \/>\n<meta property=\"og:description\" content=\"Jede Nation hat, so scheint es, ihre eigenen \u00c4ngste. Gegen die Atomkraft geht kein Franzose auf die Stra\u00dfe. Aber wegen des \u201efranz\u00f6sischen Klempners\u201c lie\u00dfen unsere Nachbarn die EU-Verfassung beim Referendum durchfallen; wegen des Versprechens \u201emit dem K\u00e4rcher\u201c gegen die randalierende arabische Vorstadtjugend vorzugehen, gewann Nicolas Sarkozy die Pr\u00e4sidentschaft; und nun wird, in einem dritten Akt franz\u00f6sischer Symbolpolitik, Frauen das Tragen... Weiterlesen &raquo;\" \/>\n<meta property=\"og:url\" content=\"https:\/\/starke-meinungen.de\/blog\/2011\/04\/12\/burka-verbot-french-angst\/\" \/>\n<meta property=\"og:site_name\" content=\"starke-meinungen.de\" \/>\n<meta property=\"article:publisher\" content=\"https:\/\/www.facebook.com\/starkemeinungen\/\" \/>\n<meta property=\"article:published_time\" content=\"2011-04-11T23:21:20+00:00\" \/>\n<meta property=\"article:modified_time\" content=\"2011-04-15T13:35:46+00:00\" \/>\n<meta property=\"og:image\" content=\"https:\/\/starke-meinungen.de\/blog\/wp-content\/uploads\/starke-meinungen-fb-header.jpg\" \/>\n\t<meta property=\"og:image:width\" content=\"1200\" \/>\n\t<meta property=\"og:image:height\" content=\"630\" \/>\n\t<meta property=\"og:image:type\" content=\"image\/jpeg\" \/>\n<meta name=\"author\" content=\"Alan Posener\" \/>\n<meta name=\"twitter:card\" content=\"summary_large_image\" \/>\n<meta name=\"twitter:creator\" content=\"@starkemeinungen\" \/>\n<meta name=\"twitter:site\" content=\"@starkemeinungen\" \/>\n<meta name=\"twitter:label1\" content=\"Verfasst von\" \/>\n\t<meta name=\"twitter:data1\" content=\"Alan Posener\" \/>\n\t<meta name=\"twitter:label2\" content=\"Gesch\u00e4tzte Lesezeit\" \/>\n\t<meta name=\"twitter:data2\" content=\"3\u00a0Minuten\" \/>\n<script type=\"application\/ld+json\" class=\"yoast-schema-graph\">{\"@context\":\"https:\\\/\\\/schema.org\",\"@graph\":[{\"@type\":\"Article\",\"@id\":\"https:\\\/\\\/starke-meinungen.de\\\/blog\\\/2011\\\/04\\\/12\\\/burka-verbot-french-angst\\\/#article\",\"isPartOf\":{\"@id\":\"https:\\\/\\\/starke-meinungen.de\\\/blog\\\/2011\\\/04\\\/12\\\/burka-verbot-french-angst\\\/\"},\"author\":{\"name\":\"Alan Posener\",\"@id\":\"https:\\\/\\\/starke-meinungen.de\\\/blog\\\/#\\\/schema\\\/person\\\/32d0faef7c31a37c1c89be993d7a6d28\"},\"headline\":\"Burka-Verbot: French Angst\",\"datePublished\":\"2011-04-11T23:21:20+00:00\",\"dateModified\":\"2011-04-15T13:35:46+00:00\",\"mainEntityOfPage\":{\"@id\":\"https:\\\/\\\/starke-meinungen.de\\\/blog\\\/2011\\\/04\\\/12\\\/burka-verbot-french-angst\\\/\"},\"wordCount\":570,\"commentCount\":44,\"publisher\":{\"@id\":\"https:\\\/\\\/starke-meinungen.de\\\/blog\\\/#organization\"},\"keywords\":[\"Burka\",\"Frankreich\",\"Integration\",\"Muslime\"],\"articleSection\":[\"Alan Posener\"],\"inLanguage\":\"de\",\"potentialAction\":[{\"@type\":\"CommentAction\",\"name\":\"Comment\",\"target\":[\"https:\\\/\\\/starke-meinungen.de\\\/blog\\\/2011\\\/04\\\/12\\\/burka-verbot-french-angst\\\/#respond\"]}]},{\"@type\":\"WebPage\",\"@id\":\"https:\\\/\\\/starke-meinungen.de\\\/blog\\\/2011\\\/04\\\/12\\\/burka-verbot-french-angst\\\/\",\"url\":\"https:\\\/\\\/starke-meinungen.de\\\/blog\\\/2011\\\/04\\\/12\\\/burka-verbot-french-angst\\\/\",\"name\":\"Burka-Verbot: French Angst - starke-meinungen.de\",\"isPartOf\":{\"@id\":\"https:\\\/\\\/starke-meinungen.de\\\/blog\\\/#website\"},\"datePublished\":\"2011-04-11T23:21:20+00:00\",\"dateModified\":\"2011-04-15T13:35:46+00:00\",\"breadcrumb\":{\"@id\":\"https:\\\/\\\/starke-meinungen.de\\\/blog\\\/2011\\\/04\\\/12\\\/burka-verbot-french-angst\\\/#breadcrumb\"},\"inLanguage\":\"de\",\"potentialAction\":[{\"@type\":\"ReadAction\",\"target\":[\"https:\\\/\\\/starke-meinungen.de\\\/blog\\\/2011\\\/04\\\/12\\\/burka-verbot-french-angst\\\/\"]}]},{\"@type\":\"BreadcrumbList\",\"@id\":\"https:\\\/\\\/starke-meinungen.de\\\/blog\\\/2011\\\/04\\\/12\\\/burka-verbot-french-angst\\\/#breadcrumb\",\"itemListElement\":[{\"@type\":\"ListItem\",\"position\":1,\"name\":\"Startseite\",\"item\":\"https:\\\/\\\/starke-meinungen.de\\\/blog\\\/\"},{\"@type\":\"ListItem\",\"position\":2,\"name\":\"Burka-Verbot: French Angst\"}]},{\"@type\":\"WebSite\",\"@id\":\"https:\\\/\\\/starke-meinungen.de\\\/blog\\\/#website\",\"url\":\"https:\\\/\\\/starke-meinungen.de\\\/blog\\\/\",\"name\":\"starke-meinungen.de\",\"description\":\"Autoren-Blog\",\"publisher\":{\"@id\":\"https:\\\/\\\/starke-meinungen.de\\\/blog\\\/#organization\"},\"potentialAction\":[{\"@type\":\"SearchAction\",\"target\":{\"@type\":\"EntryPoint\",\"urlTemplate\":\"https:\\\/\\\/starke-meinungen.de\\\/blog\\\/?s={search_term_string}\"},\"query-input\":{\"@type\":\"PropertyValueSpecification\",\"valueRequired\":true,\"valueName\":\"search_term_string\"}}],\"inLanguage\":\"de\"},{\"@type\":\"Organization\",\"@id\":\"https:\\\/\\\/starke-meinungen.de\\\/blog\\\/#organization\",\"name\":\"starke-meinungen.de\",\"url\":\"https:\\\/\\\/starke-meinungen.de\\\/blog\\\/\",\"logo\":{\"@type\":\"ImageObject\",\"inLanguage\":\"de\",\"@id\":\"https:\\\/\\\/starke-meinungen.de\\\/blog\\\/#\\\/schema\\\/logo\\\/image\\\/\",\"url\":\"https:\\\/\\\/starke-meinungen.de\\\/blog\\\/wp-content\\\/uploads\\\/starke-meinungen-fb-header.jpg\",\"contentUrl\":\"https:\\\/\\\/starke-meinungen.de\\\/blog\\\/wp-content\\\/uploads\\\/starke-meinungen-fb-header.jpg\",\"width\":1200,\"height\":630,\"caption\":\"starke-meinungen.de\"},\"image\":{\"@id\":\"https:\\\/\\\/starke-meinungen.de\\\/blog\\\/#\\\/schema\\\/logo\\\/image\\\/\"},\"sameAs\":[\"https:\\\/\\\/www.facebook.com\\\/starkemeinungen\\\/\",\"https:\\\/\\\/x.com\\\/starkemeinungen\"]},{\"@type\":\"Person\",\"@id\":\"https:\\\/\\\/starke-meinungen.de\\\/blog\\\/#\\\/schema\\\/person\\\/32d0faef7c31a37c1c89be993d7a6d28\",\"name\":\"Alan Posener\",\"image\":{\"@type\":\"ImageObject\",\"inLanguage\":\"de\",\"@id\":\"https:\\\/\\\/secure.gravatar.com\\\/avatar\\\/c75c8818a9ab78c4faa75048dba7844e2587998cda4d93f84e7d86f7e21a9b90?s=96&d=mm&r=g\",\"url\":\"https:\\\/\\\/secure.gravatar.com\\\/avatar\\\/c75c8818a9ab78c4faa75048dba7844e2587998cda4d93f84e7d86f7e21a9b90?s=96&d=mm&r=g\",\"contentUrl\":\"https:\\\/\\\/secure.gravatar.com\\\/avatar\\\/c75c8818a9ab78c4faa75048dba7844e2587998cda4d93f84e7d86f7e21a9b90?s=96&d=mm&r=g\",\"caption\":\"Alan Posener\"},\"url\":\"https:\\\/\\\/starke-meinungen.de\\\/blog\\\/author\\\/posener\\\/\"}]}<\/script>\n<!-- \/ Yoast SEO plugin. -->","yoast_head_json":{"title":"Burka-Verbot: French Angst - starke-meinungen.de","robots":{"index":"index","follow":"follow","max-snippet":"max-snippet:-1","max-image-preview":"max-image-preview:large","max-video-preview":"max-video-preview:-1"},"canonical":"https:\/\/starke-meinungen.de\/blog\/2011\/04\/12\/burka-verbot-french-angst\/","og_locale":"de_DE","og_type":"article","og_title":"Burka-Verbot: French Angst - starke-meinungen.de","og_description":"Jede Nation hat, so scheint es, ihre eigenen \u00c4ngste. Gegen die Atomkraft geht kein Franzose auf die Stra\u00dfe. Aber wegen des \u201efranz\u00f6sischen Klempners\u201c lie\u00dfen unsere Nachbarn die EU-Verfassung beim Referendum durchfallen; wegen des Versprechens \u201emit dem K\u00e4rcher\u201c gegen die randalierende arabische Vorstadtjugend vorzugehen, gewann Nicolas Sarkozy die Pr\u00e4sidentschaft; und nun wird, in einem dritten Akt franz\u00f6sischer Symbolpolitik, Frauen das Tragen... Weiterlesen &raquo;","og_url":"https:\/\/starke-meinungen.de\/blog\/2011\/04\/12\/burka-verbot-french-angst\/","og_site_name":"starke-meinungen.de","article_publisher":"https:\/\/www.facebook.com\/starkemeinungen\/","article_published_time":"2011-04-11T23:21:20+00:00","article_modified_time":"2011-04-15T13:35:46+00:00","og_image":[{"width":1200,"height":630,"url":"https:\/\/starke-meinungen.de\/blog\/wp-content\/uploads\/starke-meinungen-fb-header.jpg","type":"image\/jpeg"}],"author":"Alan Posener","twitter_card":"summary_large_image","twitter_creator":"@starkemeinungen","twitter_site":"@starkemeinungen","twitter_misc":{"Verfasst von":"Alan Posener","Gesch\u00e4tzte Lesezeit":"3\u00a0Minuten"},"schema":{"@context":"https:\/\/schema.org","@graph":[{"@type":"Article","@id":"https:\/\/starke-meinungen.de\/blog\/2011\/04\/12\/burka-verbot-french-angst\/#article","isPartOf":{"@id":"https:\/\/starke-meinungen.de\/blog\/2011\/04\/12\/burka-verbot-french-angst\/"},"author":{"name":"Alan Posener","@id":"https:\/\/starke-meinungen.de\/blog\/#\/schema\/person\/32d0faef7c31a37c1c89be993d7a6d28"},"headline":"Burka-Verbot: French Angst","datePublished":"2011-04-11T23:21:20+00:00","dateModified":"2011-04-15T13:35:46+00:00","mainEntityOfPage":{"@id":"https:\/\/starke-meinungen.de\/blog\/2011\/04\/12\/burka-verbot-french-angst\/"},"wordCount":570,"commentCount":44,"publisher":{"@id":"https:\/\/starke-meinungen.de\/blog\/#organization"},"keywords":["Burka","Frankreich","Integration","Muslime"],"articleSection":["Alan Posener"],"inLanguage":"de","potentialAction":[{"@type":"CommentAction","name":"Comment","target":["https:\/\/starke-meinungen.de\/blog\/2011\/04\/12\/burka-verbot-french-angst\/#respond"]}]},{"@type":"WebPage","@id":"https:\/\/starke-meinungen.de\/blog\/2011\/04\/12\/burka-verbot-french-angst\/","url":"https:\/\/starke-meinungen.de\/blog\/2011\/04\/12\/burka-verbot-french-angst\/","name":"Burka-Verbot: French Angst - starke-meinungen.de","isPartOf":{"@id":"https:\/\/starke-meinungen.de\/blog\/#website"},"datePublished":"2011-04-11T23:21:20+00:00","dateModified":"2011-04-15T13:35:46+00:00","breadcrumb":{"@id":"https:\/\/starke-meinungen.de\/blog\/2011\/04\/12\/burka-verbot-french-angst\/#breadcrumb"},"inLanguage":"de","potentialAction":[{"@type":"ReadAction","target":["https:\/\/starke-meinungen.de\/blog\/2011\/04\/12\/burka-verbot-french-angst\/"]}]},{"@type":"BreadcrumbList","@id":"https:\/\/starke-meinungen.de\/blog\/2011\/04\/12\/burka-verbot-french-angst\/#breadcrumb","itemListElement":[{"@type":"ListItem","position":1,"name":"Startseite","item":"https:\/\/starke-meinungen.de\/blog\/"},{"@type":"ListItem","position":2,"name":"Burka-Verbot: French Angst"}]},{"@type":"WebSite","@id":"https:\/\/starke-meinungen.de\/blog\/#website","url":"https:\/\/starke-meinungen.de\/blog\/","name":"starke-meinungen.de","description":"Autoren-Blog","publisher":{"@id":"https:\/\/starke-meinungen.de\/blog\/#organization"},"potentialAction":[{"@type":"SearchAction","target":{"@type":"EntryPoint","urlTemplate":"https:\/\/starke-meinungen.de\/blog\/?s={search_term_string}"},"query-input":{"@type":"PropertyValueSpecification","valueRequired":true,"valueName":"search_term_string"}}],"inLanguage":"de"},{"@type":"Organization","@id":"https:\/\/starke-meinungen.de\/blog\/#organization","name":"starke-meinungen.de","url":"https:\/\/starke-meinungen.de\/blog\/","logo":{"@type":"ImageObject","inLanguage":"de","@id":"https:\/\/starke-meinungen.de\/blog\/#\/schema\/logo\/image\/","url":"https:\/\/starke-meinungen.de\/blog\/wp-content\/uploads\/starke-meinungen-fb-header.jpg","contentUrl":"https:\/\/starke-meinungen.de\/blog\/wp-content\/uploads\/starke-meinungen-fb-header.jpg","width":1200,"height":630,"caption":"starke-meinungen.de"},"image":{"@id":"https:\/\/starke-meinungen.de\/blog\/#\/schema\/logo\/image\/"},"sameAs":["https:\/\/www.facebook.com\/starkemeinungen\/","https:\/\/x.com\/starkemeinungen"]},{"@type":"Person","@id":"https:\/\/starke-meinungen.de\/blog\/#\/schema\/person\/32d0faef7c31a37c1c89be993d7a6d28","name":"Alan Posener","image":{"@type":"ImageObject","inLanguage":"de","@id":"https:\/\/secure.gravatar.com\/avatar\/c75c8818a9ab78c4faa75048dba7844e2587998cda4d93f84e7d86f7e21a9b90?s=96&d=mm&r=g","url":"https:\/\/secure.gravatar.com\/avatar\/c75c8818a9ab78c4faa75048dba7844e2587998cda4d93f84e7d86f7e21a9b90?s=96&d=mm&r=g","contentUrl":"https:\/\/secure.gravatar.com\/avatar\/c75c8818a9ab78c4faa75048dba7844e2587998cda4d93f84e7d86f7e21a9b90?s=96&d=mm&r=g","caption":"Alan Posener"},"url":"https:\/\/starke-meinungen.de\/blog\/author\/posener\/"}]}},"_links":{"self":[{"href":"https:\/\/starke-meinungen.de\/blog\/wp-json\/wp\/v2\/posts\/2593","targetHints":{"allow":["GET"]}}],"collection":[{"href":"https:\/\/starke-meinungen.de\/blog\/wp-json\/wp\/v2\/posts"}],"about":[{"href":"https:\/\/starke-meinungen.de\/blog\/wp-json\/wp\/v2\/types\/post"}],"author":[{"embeddable":true,"href":"https:\/\/starke-meinungen.de\/blog\/wp-json\/wp\/v2\/users\/13"}],"replies":[{"embeddable":true,"href":"https:\/\/starke-meinungen.de\/blog\/wp-json\/wp\/v2\/comments?post=2593"}],"version-history":[{"count":1,"href":"https:\/\/starke-meinungen.de\/blog\/wp-json\/wp\/v2\/posts\/2593\/revisions"}],"predecessor-version":[{"id":2594,"href":"https:\/\/starke-meinungen.de\/blog\/wp-json\/wp\/v2\/posts\/2593\/revisions\/2594"}],"wp:attachment":[{"href":"https:\/\/starke-meinungen.de\/blog\/wp-json\/wp\/v2\/media?parent=2593"}],"wp:term":[{"taxonomy":"category","embeddable":true,"href":"https:\/\/starke-meinungen.de\/blog\/wp-json\/wp\/v2\/categories?post=2593"},{"taxonomy":"post_tag","embeddable":true,"href":"https:\/\/starke-meinungen.de\/blog\/wp-json\/wp\/v2\/tags?post=2593"}],"curies":[{"name":"wp","href":"https:\/\/api.w.org\/{rel}","templated":true}]}}