

{"id":2580,"date":"2011-04-05T00:26:38","date_gmt":"2011-04-04T23:26:38","guid":{"rendered":"https:\/\/starke-meinungen.de\/blog\/?p=2580"},"modified":"2011-04-04T17:29:59","modified_gmt":"2011-04-04T16:29:59","slug":"holocaustverdrangung-und-atomophobie","status":"publish","type":"post","link":"https:\/\/starke-meinungen.de\/blog\/2011\/04\/05\/holocaustverdrangung-und-atomophobie\/","title":{"rendered":"Holocaustverdr\u00e4ngung und Atomophobie"},"content":{"rendered":"<p>Ich lese gerade mit atemloser Spannung Bettina Stangneths Buch \u201eEichmann vor Jerusalem\u201c. (Wer dazu mehr erfahren will, kann in der letzten Ausgabe der WamS ein langes Interview lesen, das ich mit der Autorin gef\u00fchrt habe.)<\/p>\n<p>Das Buch ist auch deshalb so interessant, weil neben der Hauptgestalt auch faszinierende Nebengestalten ausgeleuchtet werden, wie etwa Willem Sassen, der holl\u00e4ndische SS-Propagandist und Kriegskamerad Henri Nannens, der in Argentinien mit Adolf Eichmann an dessen Projekt einer apologetischen Autobiographie arbeitete. <!--more-->Und da st\u00f6\u00dft man auf Folgendes.<\/p>\n<p>1956 schreibt dieser Sassen f\u00fcr das in Buenos Aires herausgegebene Nazi-Bl\u00e4ttchen \u201eDer Weg\u201c einen Artikel, in dem er seiner Betroffenheit beim Lesen des Buchs \u201eDas Dritte Reich und die Juden\u201c von L\u00e9on Poliakov und Josef Wulf Ausdruck verleiht. (Man glaubt es kaum, aber in diesem 1955 in Deutschland ver\u00f6ffentlichten Buch fanden sich zum ersten Mal die wichtigsten Dokumente zur \u201eEndl\u00f6sung\u201c versammelt, darunter das Wannsee-Protokoll. Stangneths Buch ist auch deshalb so wertvoll, weil die Autorin vor Augen f\u00fchrt, wie wenig zuverl\u00e4ssiges Material es bis Mitte der 50er Jahre zum Thema Shoah gab, so dass Revisionisten aller Art bei der Verbreitung von Legenden leichtes Spiel hatten.) Sassen schreibt \u00fcber seine Lekt\u00fcreerfahrung: \u201eManchmal w\u00fcrgte es mich dabei und ich wand mich wie unter einem erstickenden Griff, bis ich \u2013 wieder ganz naiv \u2013 ausrief: \u201aEs ist nicht wahr!\u2019 Ich wei\u00df, der Ausruf ist simpel, er entquoll der Hilflosigkeit&#8230;\u201c<\/p>\n<p>Der arme Kerl. Aber aus dem \u201eerstickenden Griff\u201c des Juden Poliakov rettet er sich mit einem interessanten Trick: Als kleines R\u00e4dchen in der Vernichtungsmaschinerie (diese Worte benutzt Sassen nicht, die wird \u00a0Eichmann in Jerusalem auf sich m\u00fcnzen) sei er \u201enur ein k\u00fcmmerlicher Zwerg neben den Nobelpreistr\u00e4gern und Giganten der wissenschaftlichen Vernichtungstechnik, denen die Menschheit hilflos ausgeliefert ist.\u201c Gemeint ist die Atomkraft, bekanntlich eine j\u00fcdische Erfindung. Ich sage nur: Einstein. Echte Arier spalten keine Atome.<\/p>\n<p>Es mag weit hergeholt und doch nicht zu weit hergeholt sein, die besondere Empfindlichkeit der Deutschen f\u00fcr die Gefahren der Atomtechnologie als kollektive Anwendung jenes Schuldabweisungsmechanismus zu deuten, den Sassen hier vorf\u00fchrt. Immer wieder waren die Nachkriegsdeutschen um Relativierung der von ihnen zu verantwortenden Verbrechen bem\u00fcht. Zuerst glaubte man, mit dem Bombenkrieg, den Vertreibungen und der Teilung sei man sozusagen quitt. Dann schob man die Verantwortung f\u00fcr \u201eGr\u00e4uel wie in Hiroshima, Dresden und Auschwitz\u201c (die Reihung war sehr beliebt) auf die moderne arbeitsteilige B\u00fcrokratie, die zum Abbau individueller Verantwortung f\u00fchre. Diese Wendung findet sich etwa bei Hannah Arendts Bericht \u00fcber Eichmann in Jerusalem, der gerade deshalb von Hans Mommsen bei der Neuausgabe 1986 so gefeiert wurde. In der Totalitarismustheorie (auch sie einer der weniger gl\u00fccklichen Beitr\u00e4ge Hannah Arendts zur deutschen Vergangenheits\u00fcberw\u00e4ltigung)\u00a0 fand man zugleich eine Rechtfertigung daf\u00fcr, besonders antikommunistisch zu sein (\u201egerade wir Deutschen mit unserer Vergangenheit&#8230;\u201c). Und in der Beschw\u00f6rung einer technischen Apokalypse, der Millionen zum Opfer fallen k\u00f6nnten und bei der die Nazi-Verbrecher zu \u201eZwergen\u201c mutieren, findet sich weitere Labsal f\u00fcr die geschundene deutsche Seele.<\/p>\n<p>Es ist vielleicht kein Zufall, dass die Bewegung gegen die Atomkraft etwa zur gleichen Zeit Fahrt aufnimmt, als mit der Fernsehserie \u201eHolocaust\u201c die Erkenntnisse Poliakovs, die den SS-Mann Sassen \u201ew\u00fcrgten\u201c, Bestandteil der kollektiven westdeutschen Psyche wurden. Explizit formuliert den Zusammenhang zwischen Holocaust und Atomophobie Caspar Harlan, einer der S\u00f6hne des \u201eJud S\u00fc\u00df\u201c-Regisseurs Veit, in Felix Moellers Film \u00fcber den Umgang der Familie mit dem Erbe. Caspar lebt im Wendland, wo er die dortigen \u201eKulturtage\u201c organisiert, die sich explizit als Teil des Kampfs gegen das dort geplante atomare Endlager verstehen. Der Film zeigt ihn, wie er am Gel\u00e4nde des Endlagers vorbeil\u00e4uft. (Schon das Wort enth\u00e4lt zwei Teile, die im deutschen Bewusstsein nachklingen m\u00fcssen: \u201eEnd\u201c wie in Endsieg und Endl\u00f6sung, und \u201eLager\u201c; und nat\u00fcrlich ist Atomm\u00fcll \u201eVergangenheit, die nicht vergehen will\u201c, nicht wahr. Ach ja, und apropos \u201eAtomm\u00fcll\u201c: Sassens Artikel von 1956 hei\u00dft: \u201eM\u00fcllkutscher her! Bilanz unserer Atomzeit\u201c.) Mit seinen Mauern und Wacht\u00fcrmen erinnert das Lager tats\u00e4chlich an ein KZ, weshalb man den Bildern nie trauen soll, denn es ist doch etwas anderes, ob man Leute ein- oder aussperren will. \u201eIch will nicht meinen T\u00f6chtern gegen\u00fcber sagen, ich h\u00e4tte nichts gewusst und nichts getan\u201c, sagt Caspar. \u201eDas ist meine Lehre aus dem Leben meines Vaters\u201c. (Ich zitiere aus dem Ged\u00e4chtis.) Der Kampf gegen die Atomkraft also als nachgeholter Kampf gegen die Nazis. Ich f\u00fcrchte, allzu viele Atomkraftgegner empfinden das so.<\/p>\n<p>Was nicht hei\u00dft, dass dieser Kampf falsch war oder ist. Dazu habe ich mich eindeutig ge\u00e4\u00dfert. Was aber wohl hei\u00dft, dass diejenigen, die unverdrossen eine offensichtlich genetisch \u00fcbertragene \u201eGerman Angst\u201c f\u00fcr die Heftigkeit der hiesigen Reaktionen verantwortlich machen, wom\u00f6glich \u2013 wie bei jener anderen \u201eGerman Angst\u201c, n\u00e4mlich vor dem Islam \u2013 eine dunklere Quelle unsichtbar machen wollen.<\/p>\n<p>&nbsp;<\/p>\n<p>&nbsp;<\/p>\n<div class=\"shariff shariff-align-left shariff-widget-align-left shariff-buttonstretch\" style=\"display:none\"><ul class=\"shariff-buttons theme-white orientation-horizontal buttonsize-medium\"><li class=\"shariff-button facebook shariff-nocustomcolor\" style=\"background-color:#4273c8\"><a href=\"https:\/\/www.facebook.com\/sharer\/sharer.php?u=https%3A%2F%2Fstarke-meinungen.de%2Fblog%2F2011%2F04%2F05%2Fholocaustverdrangung-und-atomophobie%2F\" title=\"Bei Facebook teilen\" aria-label=\"Bei Facebook teilen\" role=\"button\" rel=\"nofollow\" class=\"shariff-link\" style=\"; background-color:#3b5998; color:#3b5998\" target=\"_blank\"><span class=\"shariff-icon\" style=\"fill:#3b5998\"><svg width=\"32px\" height=\"20px\" xmlns=\"http:\/\/www.w3.org\/2000\/svg\" viewBox=\"0 0 18 32\"><path fill=\"#3b5998\" d=\"M17.1 0.2v4.7h-2.8q-1.5 0-2.1 0.6t-0.5 1.9v3.4h5.2l-0.7 5.3h-4.5v13.6h-5.5v-13.6h-4.5v-5.3h4.5v-3.9q0-3.3 1.9-5.2t5-1.8q2.6 0 4.1 0.2z\"\/><\/svg><\/span><span class=\"shariff-text\" style=\"color:#3b5998\">teilen<\/span>&nbsp;<\/a><\/li><li class=\"shariff-button twitter shariff-nocustomcolor\" style=\"background-color:#595959\"><a href=\"https:\/\/twitter.com\/share?url=https%3A%2F%2Fstarke-meinungen.de%2Fblog%2F2011%2F04%2F05%2Fholocaustverdrangung-und-atomophobie%2F&text=Holocaustverdr%C3%A4ngung%20und%20Atomophobie&via=starkemeinungen\" title=\"Bei X teilen\" aria-label=\"Bei X teilen\" role=\"button\" rel=\"noopener nofollow\" class=\"shariff-link\" style=\"; background-color:#000; color:#000\" target=\"_blank\"><span class=\"shariff-icon\" style=\"fill:#000\"><svg width=\"32px\" height=\"20px\" xmlns=\"http:\/\/www.w3.org\/2000\/svg\" viewBox=\"0 0 24 24\"><path fill=\"#000\" d=\"M14.258 10.152L23.176 0h-2.113l-7.747 8.813L7.133 0H0l9.352 13.328L0 23.973h2.113l8.176-9.309 6.531 9.309h7.133zm-2.895 3.293l-.949-1.328L2.875 1.56h3.246l6.086 8.523.945 1.328 7.91 11.078h-3.246zm0 0\"\/><\/svg><\/span><span class=\"shariff-text\" style=\"color:#000\">teilen<\/span>&nbsp;<\/a><\/li><li class=\"shariff-button linkedin shariff-nocustomcolor\" style=\"background-color:#1488bf\"><a href=\"https:\/\/www.linkedin.com\/sharing\/share-offsite\/?url=https%3A%2F%2Fstarke-meinungen.de%2Fblog%2F2011%2F04%2F05%2Fholocaustverdrangung-und-atomophobie%2F\" title=\"Bei LinkedIn teilen\" aria-label=\"Bei LinkedIn teilen\" role=\"button\" rel=\"noopener nofollow\" class=\"shariff-link\" style=\"; background-color:#0077b5; color:#0077b5\" target=\"_blank\"><span class=\"shariff-icon\" style=\"fill:#0077b5\"><svg width=\"32px\" height=\"20px\" xmlns=\"http:\/\/www.w3.org\/2000\/svg\" viewBox=\"0 0 27 32\"><path fill=\"#0077b5\" d=\"M6.2 11.2v17.7h-5.9v-17.7h5.9zM6.6 5.7q0 1.3-0.9 2.2t-2.4 0.9h0q-1.5 0-2.4-0.9t-0.9-2.2 0.9-2.2 2.4-0.9 2.4 0.9 0.9 2.2zM27.4 18.7v10.1h-5.9v-9.5q0-1.9-0.7-2.9t-2.3-1.1q-1.1 0-1.9 0.6t-1.2 1.5q-0.2 0.5-0.2 1.4v9.9h-5.9q0-7.1 0-11.6t0-5.3l0-0.9h5.9v2.6h0q0.4-0.6 0.7-1t1-0.9 1.6-0.8 2-0.3q3 0 4.9 2t1.9 6z\"\/><\/svg><\/span><span class=\"shariff-text\" style=\"color:#0077b5\">teilen<\/span>&nbsp;<\/a><\/li><li class=\"shariff-button xing shariff-nocustomcolor\" style=\"background-color:#29888a\"><a href=\"https:\/\/www.xing.com\/spi\/shares\/new?url=https%3A%2F%2Fstarke-meinungen.de%2Fblog%2F2011%2F04%2F05%2Fholocaustverdrangung-und-atomophobie%2F\" title=\"Bei XING teilen\" aria-label=\"Bei XING teilen\" role=\"button\" rel=\"noopener nofollow\" class=\"shariff-link\" style=\"; background-color:#126567; color:#126567\" target=\"_blank\"><span class=\"shariff-icon\" style=\"fill:#126567\"><svg width=\"32px\" height=\"20px\" xmlns=\"http:\/\/www.w3.org\/2000\/svg\" viewBox=\"0 0 25 32\"><path fill=\"#126567\" d=\"M10.7 11.9q-0.2 0.3-4.6 8.2-0.5 0.8-1.2 0.8h-4.3q-0.4 0-0.5-0.3t0-0.6l4.5-8q0 0 0 0l-2.9-5q-0.2-0.4 0-0.7 0.2-0.3 0.5-0.3h4.3q0.7 0 1.2 0.8zM25.1 0.4q0.2 0.3 0 0.7l-9.4 16.7 6 11q0.2 0.4 0 0.6-0.2 0.3-0.6 0.3h-4.3q-0.7 0-1.2-0.8l-6-11.1q0.3-0.6 9.5-16.8 0.4-0.8 1.2-0.8h4.3q0.4 0 0.5 0.3z\"\/><\/svg><\/span><span class=\"shariff-text\" style=\"color:#126567\">teilen<\/span>&nbsp;<\/a><\/li><li class=\"shariff-button whatsapp shariff-nocustomcolor\" style=\"background-color:#5cbe4a\"><a href=\"https:\/\/api.whatsapp.com\/send?text=https%3A%2F%2Fstarke-meinungen.de%2Fblog%2F2011%2F04%2F05%2Fholocaustverdrangung-und-atomophobie%2F%20Holocaustverdr%C3%A4ngung%20und%20Atomophobie\" title=\"Bei Whatsapp teilen\" aria-label=\"Bei Whatsapp teilen\" role=\"button\" rel=\"noopener nofollow\" class=\"shariff-link\" style=\"; background-color:#34af23; color:#34af23\" target=\"_blank\"><span class=\"shariff-icon\" style=\"fill:#34af23\"><svg width=\"32px\" height=\"20px\" xmlns=\"http:\/\/www.w3.org\/2000\/svg\" viewBox=\"0 0 32 32\"><path fill=\"#34af23\" d=\"M17.6 17.4q0.2 0 1.7 0.8t1.6 0.9q0 0.1 0 0.3 0 0.6-0.3 1.4-0.3 0.7-1.3 1.2t-1.8 0.5q-1 0-3.4-1.1-1.7-0.8-3-2.1t-2.6-3.3q-1.3-1.9-1.3-3.5v-0.1q0.1-1.6 1.3-2.8 0.4-0.4 0.9-0.4 0.1 0 0.3 0t0.3 0q0.3 0 0.5 0.1t0.3 0.5q0.1 0.4 0.6 1.6t0.4 1.3q0 0.4-0.6 1t-0.6 0.8q0 0.1 0.1 0.3 0.6 1.3 1.8 2.4 1 0.9 2.7 1.8 0.2 0.1 0.4 0.1 0.3 0 1-0.9t0.9-0.9zM14 26.9q2.3 0 4.3-0.9t3.6-2.4 2.4-3.6 0.9-4.3-0.9-4.3-2.4-3.6-3.6-2.4-4.3-0.9-4.3 0.9-3.6 2.4-2.4 3.6-0.9 4.3q0 3.6 2.1 6.6l-1.4 4.2 4.3-1.4q2.8 1.9 6.2 1.9zM14 2.2q2.7 0 5.2 1.1t4.3 2.9 2.9 4.3 1.1 5.2-1.1 5.2-2.9 4.3-4.3 2.9-5.2 1.1q-3.5 0-6.5-1.7l-7.4 2.4 2.4-7.2q-1.9-3.2-1.9-6.9 0-2.7 1.1-5.2t2.9-4.3 4.3-2.9 5.2-1.1z\"\/><\/svg><\/span><span class=\"shariff-text\" style=\"color:#34af23\">teilen<\/span>&nbsp;<\/a><\/li><li class=\"shariff-button info shariff-nocustomcolor\" style=\"background-color:#a8a8a8\"><a href=\"http:\/\/ct.de\/-2467514\" title=\"Weitere Informationen\" aria-label=\"Weitere Informationen\" role=\"button\" rel=\"noopener \" class=\"shariff-link\" style=\"; background-color:#999; color:#999\" target=\"_blank\"><span class=\"shariff-icon\" style=\"fill:#999\"><svg width=\"32px\" height=\"20px\" xmlns=\"http:\/\/www.w3.org\/2000\/svg\" viewBox=\"0 0 11 32\"><path fill=\"#999\" d=\"M11.4 24v2.3q0 0.5-0.3 0.8t-0.8 0.4h-9.1q-0.5 0-0.8-0.4t-0.4-0.8v-2.3q0-0.5 0.4-0.8t0.8-0.4h1.1v-6.8h-1.1q-0.5 0-0.8-0.4t-0.4-0.8v-2.3q0-0.5 0.4-0.8t0.8-0.4h6.8q0.5 0 0.8 0.4t0.4 0.8v10.3h1.1q0.5 0 0.8 0.4t0.3 0.8zM9.2 3.4v3.4q0 0.5-0.4 0.8t-0.8 0.4h-4.6q-0.4 0-0.8-0.4t-0.4-0.8v-3.4q0-0.4 0.4-0.8t0.8-0.4h4.6q0.5 0 0.8 0.4t0.4 0.8z\"\/><\/svg><\/span><\/a><\/li><\/ul><\/div>","protected":false},"excerpt":{"rendered":"<p>Ich lese gerade mit atemloser Spannung Bettina Stangneths Buch \u201eEichmann vor Jerusalem\u201c. (Wer dazu mehr erfahren will, kann in der letzten Ausgabe der WamS ein langes Interview lesen, das ich mit der Autorin gef\u00fchrt habe.) Das Buch ist auch deshalb so interessant, weil neben der Hauptgestalt auch faszinierende Nebengestalten ausgeleuchtet werden, wie etwa Willem Sassen, der holl\u00e4ndische SS-Propagandist und Kriegskamerad&#8230; <a href=\"https:\/\/starke-meinungen.de\/blog\/2011\/04\/05\/holocaustverdrangung-und-atomophobie\/\">Weiterlesen &raquo;<\/a><\/p>\n","protected":false},"author":13,"featured_media":0,"comment_status":"open","ping_status":"open","sticky":false,"template":"","format":"standard","meta":{"footnotes":""},"categories":[209,1],"tags":[1748,1779,1778,623,1007,1186],"class_list":["post-2580","post","type-post","status-publish","format-standard","hentry","category-alan-posener","category-allgemein","tag-atomkraft","tag-atommull","tag-german-angst","tag-holocaust","tag-israel","tag-nazis"],"yoast_head":"<!-- This site is optimized with the Yoast SEO plugin v27.4 - https:\/\/yoast.com\/product\/yoast-seo-wordpress\/ -->\n<title>Holocaustverdr\u00e4ngung und Atomophobie - starke-meinungen.de<\/title>\n<meta name=\"robots\" content=\"index, follow, max-snippet:-1, max-image-preview:large, max-video-preview:-1\" \/>\n<link rel=\"canonical\" href=\"https:\/\/starke-meinungen.de\/blog\/2011\/04\/05\/holocaustverdrangung-und-atomophobie\/\" \/>\n<meta property=\"og:locale\" content=\"de_DE\" \/>\n<meta property=\"og:type\" content=\"article\" \/>\n<meta property=\"og:title\" content=\"Holocaustverdr\u00e4ngung und Atomophobie - starke-meinungen.de\" \/>\n<meta property=\"og:description\" content=\"Ich lese gerade mit atemloser Spannung Bettina Stangneths Buch \u201eEichmann vor Jerusalem\u201c. (Wer dazu mehr erfahren will, kann in der letzten Ausgabe der WamS ein langes Interview lesen, das ich mit der Autorin gef\u00fchrt habe.) Das Buch ist auch deshalb so interessant, weil neben der Hauptgestalt auch faszinierende Nebengestalten ausgeleuchtet werden, wie etwa Willem Sassen, der holl\u00e4ndische SS-Propagandist und Kriegskamerad... Weiterlesen &raquo;\" \/>\n<meta property=\"og:url\" content=\"https:\/\/starke-meinungen.de\/blog\/2011\/04\/05\/holocaustverdrangung-und-atomophobie\/\" \/>\n<meta property=\"og:site_name\" content=\"starke-meinungen.de\" \/>\n<meta property=\"article:publisher\" content=\"https:\/\/www.facebook.com\/starkemeinungen\/\" \/>\n<meta property=\"article:published_time\" content=\"2011-04-04T23:26:38+00:00\" \/>\n<meta property=\"og:image\" content=\"https:\/\/starke-meinungen.de\/blog\/wp-content\/uploads\/starke-meinungen-fb-header.jpg\" \/>\n\t<meta property=\"og:image:width\" content=\"1200\" \/>\n\t<meta property=\"og:image:height\" content=\"630\" \/>\n\t<meta property=\"og:image:type\" content=\"image\/jpeg\" \/>\n<meta name=\"author\" content=\"Alan Posener\" \/>\n<meta name=\"twitter:card\" content=\"summary_large_image\" \/>\n<meta name=\"twitter:creator\" content=\"@starkemeinungen\" \/>\n<meta name=\"twitter:site\" content=\"@starkemeinungen\" \/>\n<meta name=\"twitter:label1\" content=\"Verfasst von\" \/>\n\t<meta name=\"twitter:data1\" content=\"Alan Posener\" \/>\n\t<meta name=\"twitter:label2\" content=\"Gesch\u00e4tzte Lesezeit\" \/>\n\t<meta name=\"twitter:data2\" content=\"4\u00a0Minuten\" \/>\n<script type=\"application\/ld+json\" class=\"yoast-schema-graph\">{\"@context\":\"https:\\\/\\\/schema.org\",\"@graph\":[{\"@type\":\"Article\",\"@id\":\"https:\\\/\\\/starke-meinungen.de\\\/blog\\\/2011\\\/04\\\/05\\\/holocaustverdrangung-und-atomophobie\\\/#article\",\"isPartOf\":{\"@id\":\"https:\\\/\\\/starke-meinungen.de\\\/blog\\\/2011\\\/04\\\/05\\\/holocaustverdrangung-und-atomophobie\\\/\"},\"author\":{\"name\":\"Alan Posener\",\"@id\":\"https:\\\/\\\/starke-meinungen.de\\\/blog\\\/#\\\/schema\\\/person\\\/32d0faef7c31a37c1c89be993d7a6d28\"},\"headline\":\"Holocaustverdr\u00e4ngung und Atomophobie\",\"datePublished\":\"2011-04-04T23:26:38+00:00\",\"mainEntityOfPage\":{\"@id\":\"https:\\\/\\\/starke-meinungen.de\\\/blog\\\/2011\\\/04\\\/05\\\/holocaustverdrangung-und-atomophobie\\\/\"},\"wordCount\":818,\"commentCount\":72,\"publisher\":{\"@id\":\"https:\\\/\\\/starke-meinungen.de\\\/blog\\\/#organization\"},\"keywords\":[\"Atomkraft\",\"Atomm\u00fcll\",\"German Angst\",\"Holocaust\",\"Israel\",\"Nazis\"],\"articleSection\":[\"Alan Posener\"],\"inLanguage\":\"de\",\"potentialAction\":[{\"@type\":\"CommentAction\",\"name\":\"Comment\",\"target\":[\"https:\\\/\\\/starke-meinungen.de\\\/blog\\\/2011\\\/04\\\/05\\\/holocaustverdrangung-und-atomophobie\\\/#respond\"]}]},{\"@type\":\"WebPage\",\"@id\":\"https:\\\/\\\/starke-meinungen.de\\\/blog\\\/2011\\\/04\\\/05\\\/holocaustverdrangung-und-atomophobie\\\/\",\"url\":\"https:\\\/\\\/starke-meinungen.de\\\/blog\\\/2011\\\/04\\\/05\\\/holocaustverdrangung-und-atomophobie\\\/\",\"name\":\"Holocaustverdr\u00e4ngung und Atomophobie - starke-meinungen.de\",\"isPartOf\":{\"@id\":\"https:\\\/\\\/starke-meinungen.de\\\/blog\\\/#website\"},\"datePublished\":\"2011-04-04T23:26:38+00:00\",\"breadcrumb\":{\"@id\":\"https:\\\/\\\/starke-meinungen.de\\\/blog\\\/2011\\\/04\\\/05\\\/holocaustverdrangung-und-atomophobie\\\/#breadcrumb\"},\"inLanguage\":\"de\",\"potentialAction\":[{\"@type\":\"ReadAction\",\"target\":[\"https:\\\/\\\/starke-meinungen.de\\\/blog\\\/2011\\\/04\\\/05\\\/holocaustverdrangung-und-atomophobie\\\/\"]}]},{\"@type\":\"BreadcrumbList\",\"@id\":\"https:\\\/\\\/starke-meinungen.de\\\/blog\\\/2011\\\/04\\\/05\\\/holocaustverdrangung-und-atomophobie\\\/#breadcrumb\",\"itemListElement\":[{\"@type\":\"ListItem\",\"position\":1,\"name\":\"Startseite\",\"item\":\"https:\\\/\\\/starke-meinungen.de\\\/blog\\\/\"},{\"@type\":\"ListItem\",\"position\":2,\"name\":\"Holocaustverdr\u00e4ngung und Atomophobie\"}]},{\"@type\":\"WebSite\",\"@id\":\"https:\\\/\\\/starke-meinungen.de\\\/blog\\\/#website\",\"url\":\"https:\\\/\\\/starke-meinungen.de\\\/blog\\\/\",\"name\":\"starke-meinungen.de\",\"description\":\"Autoren-Blog\",\"publisher\":{\"@id\":\"https:\\\/\\\/starke-meinungen.de\\\/blog\\\/#organization\"},\"potentialAction\":[{\"@type\":\"SearchAction\",\"target\":{\"@type\":\"EntryPoint\",\"urlTemplate\":\"https:\\\/\\\/starke-meinungen.de\\\/blog\\\/?s={search_term_string}\"},\"query-input\":{\"@type\":\"PropertyValueSpecification\",\"valueRequired\":true,\"valueName\":\"search_term_string\"}}],\"inLanguage\":\"de\"},{\"@type\":\"Organization\",\"@id\":\"https:\\\/\\\/starke-meinungen.de\\\/blog\\\/#organization\",\"name\":\"starke-meinungen.de\",\"url\":\"https:\\\/\\\/starke-meinungen.de\\\/blog\\\/\",\"logo\":{\"@type\":\"ImageObject\",\"inLanguage\":\"de\",\"@id\":\"https:\\\/\\\/starke-meinungen.de\\\/blog\\\/#\\\/schema\\\/logo\\\/image\\\/\",\"url\":\"https:\\\/\\\/starke-meinungen.de\\\/blog\\\/wp-content\\\/uploads\\\/starke-meinungen-fb-header.jpg\",\"contentUrl\":\"https:\\\/\\\/starke-meinungen.de\\\/blog\\\/wp-content\\\/uploads\\\/starke-meinungen-fb-header.jpg\",\"width\":1200,\"height\":630,\"caption\":\"starke-meinungen.de\"},\"image\":{\"@id\":\"https:\\\/\\\/starke-meinungen.de\\\/blog\\\/#\\\/schema\\\/logo\\\/image\\\/\"},\"sameAs\":[\"https:\\\/\\\/www.facebook.com\\\/starkemeinungen\\\/\",\"https:\\\/\\\/x.com\\\/starkemeinungen\"]},{\"@type\":\"Person\",\"@id\":\"https:\\\/\\\/starke-meinungen.de\\\/blog\\\/#\\\/schema\\\/person\\\/32d0faef7c31a37c1c89be993d7a6d28\",\"name\":\"Alan Posener\",\"image\":{\"@type\":\"ImageObject\",\"inLanguage\":\"de\",\"@id\":\"https:\\\/\\\/secure.gravatar.com\\\/avatar\\\/c75c8818a9ab78c4faa75048dba7844e2587998cda4d93f84e7d86f7e21a9b90?s=96&d=mm&r=g\",\"url\":\"https:\\\/\\\/secure.gravatar.com\\\/avatar\\\/c75c8818a9ab78c4faa75048dba7844e2587998cda4d93f84e7d86f7e21a9b90?s=96&d=mm&r=g\",\"contentUrl\":\"https:\\\/\\\/secure.gravatar.com\\\/avatar\\\/c75c8818a9ab78c4faa75048dba7844e2587998cda4d93f84e7d86f7e21a9b90?s=96&d=mm&r=g\",\"caption\":\"Alan Posener\"},\"url\":\"https:\\\/\\\/starke-meinungen.de\\\/blog\\\/author\\\/posener\\\/\"}]}<\/script>\n<!-- \/ Yoast SEO plugin. -->","yoast_head_json":{"title":"Holocaustverdr\u00e4ngung und Atomophobie - starke-meinungen.de","robots":{"index":"index","follow":"follow","max-snippet":"max-snippet:-1","max-image-preview":"max-image-preview:large","max-video-preview":"max-video-preview:-1"},"canonical":"https:\/\/starke-meinungen.de\/blog\/2011\/04\/05\/holocaustverdrangung-und-atomophobie\/","og_locale":"de_DE","og_type":"article","og_title":"Holocaustverdr\u00e4ngung und Atomophobie - starke-meinungen.de","og_description":"Ich lese gerade mit atemloser Spannung Bettina Stangneths Buch \u201eEichmann vor Jerusalem\u201c. (Wer dazu mehr erfahren will, kann in der letzten Ausgabe der WamS ein langes Interview lesen, das ich mit der Autorin gef\u00fchrt habe.) Das Buch ist auch deshalb so interessant, weil neben der Hauptgestalt auch faszinierende Nebengestalten ausgeleuchtet werden, wie etwa Willem Sassen, der holl\u00e4ndische SS-Propagandist und Kriegskamerad... Weiterlesen &raquo;","og_url":"https:\/\/starke-meinungen.de\/blog\/2011\/04\/05\/holocaustverdrangung-und-atomophobie\/","og_site_name":"starke-meinungen.de","article_publisher":"https:\/\/www.facebook.com\/starkemeinungen\/","article_published_time":"2011-04-04T23:26:38+00:00","og_image":[{"width":1200,"height":630,"url":"https:\/\/starke-meinungen.de\/blog\/wp-content\/uploads\/starke-meinungen-fb-header.jpg","type":"image\/jpeg"}],"author":"Alan Posener","twitter_card":"summary_large_image","twitter_creator":"@starkemeinungen","twitter_site":"@starkemeinungen","twitter_misc":{"Verfasst von":"Alan Posener","Gesch\u00e4tzte Lesezeit":"4\u00a0Minuten"},"schema":{"@context":"https:\/\/schema.org","@graph":[{"@type":"Article","@id":"https:\/\/starke-meinungen.de\/blog\/2011\/04\/05\/holocaustverdrangung-und-atomophobie\/#article","isPartOf":{"@id":"https:\/\/starke-meinungen.de\/blog\/2011\/04\/05\/holocaustverdrangung-und-atomophobie\/"},"author":{"name":"Alan Posener","@id":"https:\/\/starke-meinungen.de\/blog\/#\/schema\/person\/32d0faef7c31a37c1c89be993d7a6d28"},"headline":"Holocaustverdr\u00e4ngung und Atomophobie","datePublished":"2011-04-04T23:26:38+00:00","mainEntityOfPage":{"@id":"https:\/\/starke-meinungen.de\/blog\/2011\/04\/05\/holocaustverdrangung-und-atomophobie\/"},"wordCount":818,"commentCount":72,"publisher":{"@id":"https:\/\/starke-meinungen.de\/blog\/#organization"},"keywords":["Atomkraft","Atomm\u00fcll","German Angst","Holocaust","Israel","Nazis"],"articleSection":["Alan Posener"],"inLanguage":"de","potentialAction":[{"@type":"CommentAction","name":"Comment","target":["https:\/\/starke-meinungen.de\/blog\/2011\/04\/05\/holocaustverdrangung-und-atomophobie\/#respond"]}]},{"@type":"WebPage","@id":"https:\/\/starke-meinungen.de\/blog\/2011\/04\/05\/holocaustverdrangung-und-atomophobie\/","url":"https:\/\/starke-meinungen.de\/blog\/2011\/04\/05\/holocaustverdrangung-und-atomophobie\/","name":"Holocaustverdr\u00e4ngung und Atomophobie - starke-meinungen.de","isPartOf":{"@id":"https:\/\/starke-meinungen.de\/blog\/#website"},"datePublished":"2011-04-04T23:26:38+00:00","breadcrumb":{"@id":"https:\/\/starke-meinungen.de\/blog\/2011\/04\/05\/holocaustverdrangung-und-atomophobie\/#breadcrumb"},"inLanguage":"de","potentialAction":[{"@type":"ReadAction","target":["https:\/\/starke-meinungen.de\/blog\/2011\/04\/05\/holocaustverdrangung-und-atomophobie\/"]}]},{"@type":"BreadcrumbList","@id":"https:\/\/starke-meinungen.de\/blog\/2011\/04\/05\/holocaustverdrangung-und-atomophobie\/#breadcrumb","itemListElement":[{"@type":"ListItem","position":1,"name":"Startseite","item":"https:\/\/starke-meinungen.de\/blog\/"},{"@type":"ListItem","position":2,"name":"Holocaustverdr\u00e4ngung und Atomophobie"}]},{"@type":"WebSite","@id":"https:\/\/starke-meinungen.de\/blog\/#website","url":"https:\/\/starke-meinungen.de\/blog\/","name":"starke-meinungen.de","description":"Autoren-Blog","publisher":{"@id":"https:\/\/starke-meinungen.de\/blog\/#organization"},"potentialAction":[{"@type":"SearchAction","target":{"@type":"EntryPoint","urlTemplate":"https:\/\/starke-meinungen.de\/blog\/?s={search_term_string}"},"query-input":{"@type":"PropertyValueSpecification","valueRequired":true,"valueName":"search_term_string"}}],"inLanguage":"de"},{"@type":"Organization","@id":"https:\/\/starke-meinungen.de\/blog\/#organization","name":"starke-meinungen.de","url":"https:\/\/starke-meinungen.de\/blog\/","logo":{"@type":"ImageObject","inLanguage":"de","@id":"https:\/\/starke-meinungen.de\/blog\/#\/schema\/logo\/image\/","url":"https:\/\/starke-meinungen.de\/blog\/wp-content\/uploads\/starke-meinungen-fb-header.jpg","contentUrl":"https:\/\/starke-meinungen.de\/blog\/wp-content\/uploads\/starke-meinungen-fb-header.jpg","width":1200,"height":630,"caption":"starke-meinungen.de"},"image":{"@id":"https:\/\/starke-meinungen.de\/blog\/#\/schema\/logo\/image\/"},"sameAs":["https:\/\/www.facebook.com\/starkemeinungen\/","https:\/\/x.com\/starkemeinungen"]},{"@type":"Person","@id":"https:\/\/starke-meinungen.de\/blog\/#\/schema\/person\/32d0faef7c31a37c1c89be993d7a6d28","name":"Alan Posener","image":{"@type":"ImageObject","inLanguage":"de","@id":"https:\/\/secure.gravatar.com\/avatar\/c75c8818a9ab78c4faa75048dba7844e2587998cda4d93f84e7d86f7e21a9b90?s=96&d=mm&r=g","url":"https:\/\/secure.gravatar.com\/avatar\/c75c8818a9ab78c4faa75048dba7844e2587998cda4d93f84e7d86f7e21a9b90?s=96&d=mm&r=g","contentUrl":"https:\/\/secure.gravatar.com\/avatar\/c75c8818a9ab78c4faa75048dba7844e2587998cda4d93f84e7d86f7e21a9b90?s=96&d=mm&r=g","caption":"Alan Posener"},"url":"https:\/\/starke-meinungen.de\/blog\/author\/posener\/"}]}},"_links":{"self":[{"href":"https:\/\/starke-meinungen.de\/blog\/wp-json\/wp\/v2\/posts\/2580","targetHints":{"allow":["GET"]}}],"collection":[{"href":"https:\/\/starke-meinungen.de\/blog\/wp-json\/wp\/v2\/posts"}],"about":[{"href":"https:\/\/starke-meinungen.de\/blog\/wp-json\/wp\/v2\/types\/post"}],"author":[{"embeddable":true,"href":"https:\/\/starke-meinungen.de\/blog\/wp-json\/wp\/v2\/users\/13"}],"replies":[{"embeddable":true,"href":"https:\/\/starke-meinungen.de\/blog\/wp-json\/wp\/v2\/comments?post=2580"}],"version-history":[{"count":3,"href":"https:\/\/starke-meinungen.de\/blog\/wp-json\/wp\/v2\/posts\/2580\/revisions"}],"predecessor-version":[{"id":2582,"href":"https:\/\/starke-meinungen.de\/blog\/wp-json\/wp\/v2\/posts\/2580\/revisions\/2582"}],"wp:attachment":[{"href":"https:\/\/starke-meinungen.de\/blog\/wp-json\/wp\/v2\/media?parent=2580"}],"wp:term":[{"taxonomy":"category","embeddable":true,"href":"https:\/\/starke-meinungen.de\/blog\/wp-json\/wp\/v2\/categories?post=2580"},{"taxonomy":"post_tag","embeddable":true,"href":"https:\/\/starke-meinungen.de\/blog\/wp-json\/wp\/v2\/tags?post=2580"}],"curies":[{"name":"wp","href":"https:\/\/api.w.org\/{rel}","templated":true}]}}