

{"id":2236,"date":"2010-12-14T00:42:45","date_gmt":"2010-12-13T23:42:45","guid":{"rendered":"https:\/\/starke-meinungen.de\/blog\/?p=2236"},"modified":"2010-12-13T12:43:52","modified_gmt":"2010-12-13T11:43:52","slug":"die-islamophobie-und-ihr-kritiker","status":"publish","type":"post","link":"https:\/\/starke-meinungen.de\/blog\/2010\/12\/14\/die-islamophobie-und-ihr-kritiker\/","title":{"rendered":"Die Islamophobie und ihr Kritiker"},"content":{"rendered":"<p>Der franz\u00f6sische Publizist Pascal Bruckner m\u00f6chte ein Wort verbieten lassen. Eigentlich eher eine deutsche Obsession. F\u00fcr Bruckner aber geh\u00f6rt das Wort \u201eIslamophobie\u201c zu \u201ejenen Begriffen, die wir dringend aus unserem Vokabular streichen sollten.\u201c Man fragt sich etwas bang, was die anderen Dinge sind, die wir nach Bruckner \u201edringend\u201c entworten sollten: Rechtspopulismus? Rassismus? Werterelativismus?<!--more--><\/p>\n<p>Nun gut. Bruckners Essay ist gut, weil er klipp und klar die wichtigsten Argumente gegen den Begriff \u201eIslamophobie\u201c zusammenfasst und es damit jenen, die \u2013 wie ich \u2013 an diesem zugegeben unvollkommenen Begriff mangels eines besseren festhalten wollen, eine ebenso klare Erwiderung erm\u00f6glicht. Man kann den Essay auf Perlentaucher nachlesen, also hier:<\/p>\n<p><a href=\"http:\/\/www.perlentaucher.de\/artikel\/6639.html\">http:\/\/www.perlentaucher.de\/artikel\/6639.html<\/a><\/p>\n<p>F\u00fcr jene, die das nicht wollen, fasse ich Bruckners wichtigste Argumente in seinen eigenen Worten zusammen:<\/p>\n<p><em>\u201eEnde der siebziger Jahre haben iranische Fundamentalisten den Begriff der Islamophobie erfunden, den sie sich von der &#8222;Xenophobie&#8220; abgepaust haben. Sein Ziel ist, den Islam zu etwas Unber\u00fchrbarem zu erkl\u00e4ren. Wer diese neu gesetzte Grenze \u00fcberschreitet, gilt als Rassist.\u201c<\/em><\/p>\n<p>Das Argument, Islamisten h\u00e4tten den Begriff erfunden, um die Kritik am Islam in die krankhafte Ecke (eine Phobie ist eine irrationale Angst) zu dr\u00e4ngen, mag richtig oder falsch sein. Es ist irrelevant. Der Begriff \u201eAntisemitismus\u201c ist ja auch von Reaktion\u00e4ren erfunden worden, um ihrem vom christlichen Antijudaismus \u00fcbernommenen Judenhass einen \u201ewissenschaftlichen\u201c Anstrich zu geben. Tats\u00e4chlich hatten die \u201eAntisemiten\u201c nie etwas gegen andere semitische V\u00f6lker (etwa die Araber) einzuwenden, und ihr Hass richtete sich gegen eine Gruppe, die (Thilo Sarrazin und seinem \u201eJudengen\u201c zum Trotz) genetisch zu den am wenigsten homogenen der Welt z\u00e4hlte und z\u00e4hlt. Dennoch benutzen wir heute den Begriff, und zwar nicht nur, um jene Ideologie zu bezeichnen,\u00a0 die damals von den europ\u00e4ischen Antisemiten entwickelt wurde. Niemand w\u00fcrde etwa ernsthaft behaupten wollen, Martin Luther sei kein Antisemit gewesen, blo\u00df weil er von Rassen und Genetik nichts wusste und sie deshalb nicht heranziehen konnte, um seinen m\u00f6rderischen Hass zu rechtfertigen.<\/p>\n<p><em>\u201eAber ein Bekenntnis l\u00e4sst sich so wenig mit einer Rasse gleichsetzen wie eine s\u00e4kulare Ideologie. (&#8230;) Hat nicht der franz\u00f6sischer Pr\u00e4sident selbst, dem wahrlich kein Lapsus zu schade ist, die Islamophobie mit dem Antisemitismus verglichen? Ein tragischer Irrtum. Rassismus attackiert Menschen f\u00fcr das, was sie sind: schwarz, arabisch, j\u00fcdisch, wei\u00df.\u201c<\/em><\/p>\n<p>Lassen wir die Frage au\u00dfen vor, ob sich die Islamophobie mit dem Antisemitismus \u201evergleichen\u201c l\u00e4sst. (Nat\u00fcrlich lassen sich beide Erscheinungsformen der Diskriminierung \u201evergleichen\u201c; das hei\u00dft, es lassen sich \u00c4hnlichkeiten und Differenzen zeigen. Aber lassen wir die Frage hier beiseite, ebenso wie die Frage, ob sich die Rassendiskriminierung in den S\u00fcdstaaten der USA, die Apartheid in S\u00fcdafrika, die \u201eethnischen\u201c S\u00e4uberungen auf dem Balkan usw. mit der Politik der Nationalsozialisten \u201evergleichen\u201c lassen.) Hier gilt es, zwei Missverst\u00e4ndnisse auszur\u00e4umen: 1. Rasse und \u201eBekenntnis\u201c lassen sich in der Vorstellung von Rassisten sauber scheiden. 2. \u201eRassismus attackiert Menschen f\u00fcr das, was sie sind\u201c.<\/p>\n<p>Beginnen wir mit der zweiten Behauptung, weil sie so offensichtlich falsch ist, dass ihre Widerlegung keine M\u00fche macht. Der Rassist greift Menschen an nicht f\u00fcr das, was sie sind, sondern f\u00fcr das, was sie seiner Meinung nach sind. Der Rassist vermutet etwa eine \u201ej\u00fcdische Weltverschw\u00f6rung\u201c, dirigiert von den \u201eWeisen von Zion\u201c, die sich auf dem j\u00fcdischen Friedhof von Prag treffen. (So viel zur Unterscheidung von Religion und Rasse, aber dazu gleich mehr); Homophobe Zeitgenossen halluzinieren eine \u201everschwulte Republik\u201c herbei; Islamophoben \u201edie Realit\u00e4t einer islamistischen Offensive in Europa\u201c, unterst\u00fctzt von n\u00fctzlichen Idioten wie mir, die verbotene W\u00f6rter in den Mund nehmen.<\/p>\n<p>Nun aber zum ersten Missverst\u00e4ndnis. Die Behauptung, der \u201ewissenschaftliche\u201c Rassismus habe mit herk\u00f6mmlichen Vorurteilen, besonders religi\u00f6sen, nichts zu tun, wird von den Rassisten selbst in die Welt gesetzt, wie erw\u00e4hnt, um ihrer kruden Ideologie die Weihe des Wissenschaftlichen (Sch\u00e4delmessungen, Statistiken) zu verleihen. Sie wird dankbar von der Kirche aufgegriffen, die ihren zweitausendj\u00e4hrigen Antijudaismus dadurch entschuldigt sieht. Schlie\u00dflich habe sie ja nur ein \u201eBekenntnis\u201c (Bruckner) kritisiert; jeder k\u00f6nne aus dem \u201eVolk der Gottesm\u00f6rder\u201c (ups!) austreten, indem er sich taufen l\u00e4sst. Aber wie schon die \u2013 von den Pius-Br\u00fcdern bis heute verwendete \u2013 Formulierung vom Volk der Gottesm\u00f6rder zeigt, die eine Kollektivhaftung aller Juden f\u00fcr die angebliche S\u00fcnde ihrer Vorv\u00e4ter begr\u00fcndet, war der Judenhass immer mehr als Religionskritik, so wie auch Islamophobie mehr ist als Religionskritik.<\/p>\n<p>Auch wenn Bruckner ihn nicht wahrhaben will: viele Autoren haben \u00fcber den Einfluss religi\u00f6ser Vorstellungen auf den Judenhass des getauften Katholiken Adolf Hitler geschrieben. Ich zitiere aus einer der neueren Untersuchungen. In seinem exzellenten Buch \u201eAnst\u00e4ndig geblieben: Nationalsozialistische Moral\u201c (Fischer 2010) widmet Raphael Gross ein Kapitel dem \u201eNachleben der Religionen im Nationalsozialismus\u201c. Das Kapitel hei\u00dft: \u201e\u201aPositives Christentum\u2019: Religion und Moral in Hitlers Politik.\u201c Es ist insgesamt eine aufregende Lekt\u00fcre, hier will ich mich darauf beschr\u00e4nken, aus Reden Hitlers zu zitieren, um den flie\u00dfenden \u00dcbergang von Religionskritik und Rassismus klarzustellen. Am 27. Oktober sagte er: \u201eDiese unsere Bewegung ist tats\u00e4chlich christlich. Wir sind erf\u00fcllt von dem Wunsche, dass Katholiken und Protestanten sich einander finden m\u00f6gen (sic) in der tiefen Not unseres eigenen Volkes&#8230;\u201c Die Feinde des Christentums aber seien die Juden.<\/p>\n<p>Zwar betonte Hitler, etwa in \u201eMein Kampf\u201c: \u201eDas Judentum war immer ein Volk mit bestimmten rassischen Eigenschaften und niemals eine Religion.\u201c Aber er bestimmte, wie Gross bemerkt, \u201edas Judentum immer religi\u00f6s, das hei\u00dft durch den Mangel an Religiosit\u00e4t\u201c. So hei\u00dft es weiter in \u201eMein Kampf\u201c, aus dem \u201eurspr\u00fcnglichen eigenen Wesen kann der Jude eine religi\u00f6se Einrichtung schon deshalb nicht besitzen, da ihm der Idealismus in jeder Form fehlt und damit auch der Glaube an ein Jenseits v\u00f6llig fremd ist\u201c. Hier wird aus einer Eigenschaft der Religion (ob sie so stimmt, ist eine andere Sache) auf eine Eigenschaft \u201edes Juden\u201c geschlossen. Und so wie heute Rechtspopulisten wie Geert Wilders sagen, der Islam sei keine Religion, sondern eine politische Lehre, eine Anleitung zur Eroberung der Welt f\u00fcr die Umma, schrieb Hitler: \u201eDie j\u00fcdische Religionslehre ist in erster Linie eine Anweisung zur Reinhaltung des Blutes des Judentums &#8230; \u00dcber den sittlichen Wert des j\u00fcdischen Religionsunterrichtes gibt es heute und gab es zu allen Zeiten schon ziemlich eingehende Studien\u201c. Kurz, denen fehlen unsere \u201esittlichen Werte\u201c \u2013 denn Werte brauchen Gott: den christlichen, versteht sich. Schlie\u00dflich, und damit sind wir beim Anfang angelangt, dem christlichen Wesen des Nationalsozialismus: Der Geist \u201edes Juden\u201c ist, so Hitler, \u201edem wahren Christentum innerlich so fremd, wie sein Wesen es zweitausend Jahre vorher dem gro\u00dfen Gr\u00fcnder der neuen Lehre selbst war.\u201c<\/p>\n<p>Wie kann jemand behaupten, Kritik an einem \u201eBekenntnis\u201c und Rassismus h\u00e4tten rein gar nichts miteinander zu tun \u2013 und dennoch erwarten, als Begriffswart ernst genommen zu werden?<\/p>\n<p><em>\u201eAuf weltweiter Ebene wird ein neues Meinungsdelikt konstruiert, das stark an das Vorgehen der Sowjetunion gegen \u201aFeinde des Volkes\u2019 erinnert.\u201c<\/em><\/p>\n<p>Dass \u201eIslamophobie\u201c, wie Bruckner behauptet, gegen Muslime selbst angewendet werde, um Kritik an der eigenen Religion zu unterdr\u00fccken, halte ich f\u00fcr ein Ger\u00fccht. Dazu reichen die in fast allen islamischen Staaten bestehenden, skandal\u00f6sen Gesetze gegen Blasphemie, Apostasie und so weiter; und wenn sie nicht reichen, etwa weil der Kritiker au\u00dfer Landes kann man ja eine Fatwa aussprechen, wie im Falle Salman Rushdie. Der Vorwurf der \u201eIslamophobie\u201c wird von islamischer Seite fast ausschlie\u00dflich gegen Nicht-Muslime (und, zugegeben, auch gegen radikale Kemalisten) erhoben; ich benutze ihn zur Kennzeichnung einer religi\u00f6s verbr\u00e4mten Fremdenangst.<\/p>\n<p>Aber wenn Bruckner in seinem Kampf gegen die von Ihm imaginierte \u201eislamistische Offensive\u201c schon die Sowjetunion bem\u00fcht, sollte man an den unseligen Missbrauch des Antikommunismus durch Leute wie Joseph McCarthy erinnern. Gegen den Kommunismus zu sein war in den 1950er Jahren nicht nur ehrenhaft; der Antikommunismus war als Erg\u00e4nzung des Antifaschismus die einzig m\u00f6gliche aufrechte Haltung f\u00fcr kritische Intellektuelle. McCarthy und seinesgleichen machten aber daraus eine Hysterie und die Begr\u00fcndung f\u00fcr eine Hexenjagd.<\/p>\n<p>\u00c4hnliches wird heute mit dem Islam und dem Islamismus versucht, und hier verl\u00e4uft die Grenze zwischen Religionskritik und Islamophobie. Ich mache aus meinem Atheismus keinen Hehl. Ich habe zu verschiedenen Zeiten und aus verschiedenen Anl\u00e4ssen Christentum, Islam und Judentum kritisiert. Wenn aber jemand behauptet, zwischen meiner \u2013 wie ich hoffe \u2013 begr\u00fcndeten, wenn auch teilweise unfairen und polemischen Kritik an Ideen und Einrichtungen und der Herabsetzung ganzer Volksgruppen etwa durch Thilo Sarrazin gebe es keinen Unterschied, das sei alles Religionskritik, dann zweifle ich an den Ergebnissen der PISA-Studie, der zufolge sich auch Frankreich, was die Lesef\u00e4higkeit betrifft, im Mittelfeld der Industriel\u00e4nder befindet.<\/p>\n<p>Nennen wir das Kind, wie wir wollen: Es gibt eine Form der Islam-Kritik, die \u00fcber den Begriff\u00a0 der \u201eislamischen Kultur\u201c oder \u201eislamisch gepr\u00e4gten Kultur\u201c und ihrer Abgrenzung von der \u201echristlich-j\u00fcdischen Leitkultur\u201c dabei ist, die Vorstellung von B\u00fcrgern verschiedener G\u00fcteklasse zu etablieren. Getrieben wird sie von einer der McCarthy\u2019schen Kommunisten-Hysterie vergleichbaren irrationalen Angst, die ich \u201eIslamophobie\u201c nenne. (Ja, es gab auch kommunistische Spione in den USA; ja, es gibt islamistische Terroristen. Aber Hysterie und Angst sind keine guten Ratschl\u00e4ge im Kampf gegen Feinde der offenen Gesellschaft.) Vorschl\u00e4ge f\u00fcr bessere Namen nehme ich gern entgegen. Wer aber leugnet, dass ein solcher Prozess der Ab- und Ausgrenzung \u00fcberhaupt im Gange ist, der leidet offenkundig unter Realit\u00e4tsverlust. Da ist es nur logisch, auch die Worte verbieten zu wollen, die ihn an jene Realit\u00e4t erinnern.<\/p>\n<div class=\"shariff shariff-align-left shariff-widget-align-left shariff-buttonstretch\" style=\"display:none\"><ul class=\"shariff-buttons theme-white orientation-horizontal buttonsize-medium\"><li class=\"shariff-button facebook shariff-nocustomcolor\" style=\"background-color:#4273c8\"><a href=\"https:\/\/www.facebook.com\/sharer\/sharer.php?u=https%3A%2F%2Fstarke-meinungen.de%2Fblog%2F2010%2F12%2F14%2Fdie-islamophobie-und-ihr-kritiker%2F\" title=\"Bei Facebook teilen\" aria-label=\"Bei Facebook teilen\" role=\"button\" rel=\"nofollow\" class=\"shariff-link\" style=\"; background-color:#3b5998; color:#3b5998\" target=\"_blank\"><span class=\"shariff-icon\" style=\"fill:#3b5998\"><svg width=\"32px\" height=\"20px\" xmlns=\"http:\/\/www.w3.org\/2000\/svg\" viewBox=\"0 0 18 32\"><path fill=\"#3b5998\" d=\"M17.1 0.2v4.7h-2.8q-1.5 0-2.1 0.6t-0.5 1.9v3.4h5.2l-0.7 5.3h-4.5v13.6h-5.5v-13.6h-4.5v-5.3h4.5v-3.9q0-3.3 1.9-5.2t5-1.8q2.6 0 4.1 0.2z\"\/><\/svg><\/span><span class=\"shariff-text\" style=\"color:#3b5998\">teilen<\/span>&nbsp;<\/a><\/li><li class=\"shariff-button twitter shariff-nocustomcolor\" style=\"background-color:#595959\"><a href=\"https:\/\/twitter.com\/share?url=https%3A%2F%2Fstarke-meinungen.de%2Fblog%2F2010%2F12%2F14%2Fdie-islamophobie-und-ihr-kritiker%2F&text=Die%20Islamophobie%20und%20ihr%20Kritiker&via=starkemeinungen\" title=\"Bei X teilen\" aria-label=\"Bei X teilen\" role=\"button\" rel=\"noopener nofollow\" class=\"shariff-link\" style=\"; background-color:#000; color:#000\" target=\"_blank\"><span class=\"shariff-icon\" style=\"fill:#000\"><svg width=\"32px\" height=\"20px\" xmlns=\"http:\/\/www.w3.org\/2000\/svg\" viewBox=\"0 0 24 24\"><path fill=\"#000\" d=\"M14.258 10.152L23.176 0h-2.113l-7.747 8.813L7.133 0H0l9.352 13.328L0 23.973h2.113l8.176-9.309 6.531 9.309h7.133zm-2.895 3.293l-.949-1.328L2.875 1.56h3.246l6.086 8.523.945 1.328 7.91 11.078h-3.246zm0 0\"\/><\/svg><\/span><span class=\"shariff-text\" style=\"color:#000\">teilen<\/span>&nbsp;<\/a><\/li><li class=\"shariff-button linkedin shariff-nocustomcolor\" style=\"background-color:#1488bf\"><a href=\"https:\/\/www.linkedin.com\/sharing\/share-offsite\/?url=https%3A%2F%2Fstarke-meinungen.de%2Fblog%2F2010%2F12%2F14%2Fdie-islamophobie-und-ihr-kritiker%2F\" title=\"Bei LinkedIn teilen\" aria-label=\"Bei LinkedIn teilen\" role=\"button\" rel=\"noopener nofollow\" class=\"shariff-link\" style=\"; background-color:#0077b5; color:#0077b5\" target=\"_blank\"><span class=\"shariff-icon\" style=\"fill:#0077b5\"><svg width=\"32px\" height=\"20px\" xmlns=\"http:\/\/www.w3.org\/2000\/svg\" viewBox=\"0 0 27 32\"><path fill=\"#0077b5\" d=\"M6.2 11.2v17.7h-5.9v-17.7h5.9zM6.6 5.7q0 1.3-0.9 2.2t-2.4 0.9h0q-1.5 0-2.4-0.9t-0.9-2.2 0.9-2.2 2.4-0.9 2.4 0.9 0.9 2.2zM27.4 18.7v10.1h-5.9v-9.5q0-1.9-0.7-2.9t-2.3-1.1q-1.1 0-1.9 0.6t-1.2 1.5q-0.2 0.5-0.2 1.4v9.9h-5.9q0-7.1 0-11.6t0-5.3l0-0.9h5.9v2.6h0q0.4-0.6 0.7-1t1-0.9 1.6-0.8 2-0.3q3 0 4.9 2t1.9 6z\"\/><\/svg><\/span><span class=\"shariff-text\" style=\"color:#0077b5\">teilen<\/span>&nbsp;<\/a><\/li><li class=\"shariff-button xing shariff-nocustomcolor\" style=\"background-color:#29888a\"><a href=\"https:\/\/www.xing.com\/spi\/shares\/new?url=https%3A%2F%2Fstarke-meinungen.de%2Fblog%2F2010%2F12%2F14%2Fdie-islamophobie-und-ihr-kritiker%2F\" title=\"Bei XING teilen\" aria-label=\"Bei XING teilen\" role=\"button\" rel=\"noopener nofollow\" class=\"shariff-link\" style=\"; background-color:#126567; color:#126567\" target=\"_blank\"><span class=\"shariff-icon\" style=\"fill:#126567\"><svg width=\"32px\" height=\"20px\" xmlns=\"http:\/\/www.w3.org\/2000\/svg\" viewBox=\"0 0 25 32\"><path fill=\"#126567\" d=\"M10.7 11.9q-0.2 0.3-4.6 8.2-0.5 0.8-1.2 0.8h-4.3q-0.4 0-0.5-0.3t0-0.6l4.5-8q0 0 0 0l-2.9-5q-0.2-0.4 0-0.7 0.2-0.3 0.5-0.3h4.3q0.7 0 1.2 0.8zM25.1 0.4q0.2 0.3 0 0.7l-9.4 16.7 6 11q0.2 0.4 0 0.6-0.2 0.3-0.6 0.3h-4.3q-0.7 0-1.2-0.8l-6-11.1q0.3-0.6 9.5-16.8 0.4-0.8 1.2-0.8h4.3q0.4 0 0.5 0.3z\"\/><\/svg><\/span><span class=\"shariff-text\" style=\"color:#126567\">teilen<\/span>&nbsp;<\/a><\/li><li class=\"shariff-button whatsapp shariff-nocustomcolor\" style=\"background-color:#5cbe4a\"><a href=\"https:\/\/api.whatsapp.com\/send?text=https%3A%2F%2Fstarke-meinungen.de%2Fblog%2F2010%2F12%2F14%2Fdie-islamophobie-und-ihr-kritiker%2F%20Die%20Islamophobie%20und%20ihr%20Kritiker\" title=\"Bei Whatsapp teilen\" aria-label=\"Bei Whatsapp teilen\" role=\"button\" rel=\"noopener nofollow\" class=\"shariff-link\" style=\"; background-color:#34af23; color:#34af23\" target=\"_blank\"><span class=\"shariff-icon\" style=\"fill:#34af23\"><svg width=\"32px\" height=\"20px\" xmlns=\"http:\/\/www.w3.org\/2000\/svg\" viewBox=\"0 0 32 32\"><path fill=\"#34af23\" d=\"M17.6 17.4q0.2 0 1.7 0.8t1.6 0.9q0 0.1 0 0.3 0 0.6-0.3 1.4-0.3 0.7-1.3 1.2t-1.8 0.5q-1 0-3.4-1.1-1.7-0.8-3-2.1t-2.6-3.3q-1.3-1.9-1.3-3.5v-0.1q0.1-1.6 1.3-2.8 0.4-0.4 0.9-0.4 0.1 0 0.3 0t0.3 0q0.3 0 0.5 0.1t0.3 0.5q0.1 0.4 0.6 1.6t0.4 1.3q0 0.4-0.6 1t-0.6 0.8q0 0.1 0.1 0.3 0.6 1.3 1.8 2.4 1 0.9 2.7 1.8 0.2 0.1 0.4 0.1 0.3 0 1-0.9t0.9-0.9zM14 26.9q2.3 0 4.3-0.9t3.6-2.4 2.4-3.6 0.9-4.3-0.9-4.3-2.4-3.6-3.6-2.4-4.3-0.9-4.3 0.9-3.6 2.4-2.4 3.6-0.9 4.3q0 3.6 2.1 6.6l-1.4 4.2 4.3-1.4q2.8 1.9 6.2 1.9zM14 2.2q2.7 0 5.2 1.1t4.3 2.9 2.9 4.3 1.1 5.2-1.1 5.2-2.9 4.3-4.3 2.9-5.2 1.1q-3.5 0-6.5-1.7l-7.4 2.4 2.4-7.2q-1.9-3.2-1.9-6.9 0-2.7 1.1-5.2t2.9-4.3 4.3-2.9 5.2-1.1z\"\/><\/svg><\/span><span class=\"shariff-text\" style=\"color:#34af23\">teilen<\/span>&nbsp;<\/a><\/li><li class=\"shariff-button info shariff-nocustomcolor\" style=\"background-color:#a8a8a8\"><a href=\"http:\/\/ct.de\/-2467514\" title=\"Weitere Informationen\" aria-label=\"Weitere Informationen\" role=\"button\" rel=\"noopener \" class=\"shariff-link\" style=\"; background-color:#999; color:#999\" target=\"_blank\"><span class=\"shariff-icon\" style=\"fill:#999\"><svg width=\"32px\" height=\"20px\" xmlns=\"http:\/\/www.w3.org\/2000\/svg\" viewBox=\"0 0 11 32\"><path fill=\"#999\" d=\"M11.4 24v2.3q0 0.5-0.3 0.8t-0.8 0.4h-9.1q-0.5 0-0.8-0.4t-0.4-0.8v-2.3q0-0.5 0.4-0.8t0.8-0.4h1.1v-6.8h-1.1q-0.5 0-0.8-0.4t-0.4-0.8v-2.3q0-0.5 0.4-0.8t0.8-0.4h6.8q0.5 0 0.8 0.4t0.4 0.8v10.3h1.1q0.5 0 0.8 0.4t0.3 0.8zM9.2 3.4v3.4q0 0.5-0.4 0.8t-0.8 0.4h-4.6q-0.4 0-0.8-0.4t-0.4-0.8v-3.4q0-0.4 0.4-0.8t0.8-0.4h4.6q0.5 0 0.8 0.4t0.4 0.8z\"\/><\/svg><\/span><\/a><\/li><\/ul><\/div>","protected":false},"excerpt":{"rendered":"<p>Der franz\u00f6sische Publizist Pascal Bruckner m\u00f6chte ein Wort verbieten lassen. Eigentlich eher eine deutsche Obsession. F\u00fcr Bruckner aber geh\u00f6rt das Wort \u201eIslamophobie\u201c zu \u201ejenen Begriffen, die wir dringend aus unserem Vokabular streichen sollten.\u201c Man fragt sich etwas bang, was die anderen Dinge sind, die wir nach Bruckner \u201edringend\u201c entworten sollten: Rechtspopulismus? Rassismus? Werterelativismus?<\/p>\n","protected":false},"author":13,"featured_media":0,"comment_status":"open","ping_status":"open","sticky":false,"template":"","format":"standard","meta":{"footnotes":""},"categories":[209,1],"tags":[1589,1587,1588,622,1354],"class_list":["post-2236","post","type-post","status-publish","format-standard","hentry","category-alan-posener","category-allgemein","tag-antisemiten","tag-bruckner","tag-islamisten","tag-islamophobie","tag-sarrazin"],"yoast_head":"<!-- This site is optimized with the Yoast SEO plugin v27.4 - https:\/\/yoast.com\/product\/yoast-seo-wordpress\/ -->\n<title>Die Islamophobie und ihr Kritiker - starke-meinungen.de<\/title>\n<meta name=\"robots\" content=\"index, follow, max-snippet:-1, max-image-preview:large, max-video-preview:-1\" \/>\n<link rel=\"canonical\" href=\"https:\/\/starke-meinungen.de\/blog\/2010\/12\/14\/die-islamophobie-und-ihr-kritiker\/\" \/>\n<meta property=\"og:locale\" content=\"de_DE\" \/>\n<meta property=\"og:type\" content=\"article\" \/>\n<meta property=\"og:title\" content=\"Die Islamophobie und ihr Kritiker - starke-meinungen.de\" \/>\n<meta property=\"og:description\" content=\"Der franz\u00f6sische Publizist Pascal Bruckner m\u00f6chte ein Wort verbieten lassen. Eigentlich eher eine deutsche Obsession. F\u00fcr Bruckner aber geh\u00f6rt das Wort \u201eIslamophobie\u201c zu \u201ejenen Begriffen, die wir dringend aus unserem Vokabular streichen sollten.\u201c Man fragt sich etwas bang, was die anderen Dinge sind, die wir nach Bruckner \u201edringend\u201c entworten sollten: Rechtspopulismus? Rassismus? Werterelativismus?\" \/>\n<meta property=\"og:url\" content=\"https:\/\/starke-meinungen.de\/blog\/2010\/12\/14\/die-islamophobie-und-ihr-kritiker\/\" \/>\n<meta property=\"og:site_name\" content=\"starke-meinungen.de\" \/>\n<meta property=\"article:publisher\" content=\"https:\/\/www.facebook.com\/starkemeinungen\/\" \/>\n<meta property=\"article:published_time\" content=\"2010-12-13T23:42:45+00:00\" \/>\n<meta property=\"og:image\" content=\"https:\/\/starke-meinungen.de\/blog\/wp-content\/uploads\/starke-meinungen-fb-header.jpg\" \/>\n\t<meta property=\"og:image:width\" content=\"1200\" \/>\n\t<meta property=\"og:image:height\" content=\"630\" \/>\n\t<meta property=\"og:image:type\" content=\"image\/jpeg\" \/>\n<meta name=\"author\" content=\"Alan Posener\" \/>\n<meta name=\"twitter:card\" content=\"summary_large_image\" \/>\n<meta name=\"twitter:creator\" content=\"@starkemeinungen\" \/>\n<meta name=\"twitter:site\" content=\"@starkemeinungen\" \/>\n<meta name=\"twitter:label1\" content=\"Verfasst von\" \/>\n\t<meta name=\"twitter:data1\" content=\"Alan Posener\" \/>\n\t<meta name=\"twitter:label2\" content=\"Gesch\u00e4tzte Lesezeit\" \/>\n\t<meta name=\"twitter:data2\" content=\"8\u00a0Minuten\" \/>\n<script type=\"application\/ld+json\" class=\"yoast-schema-graph\">{\"@context\":\"https:\\\/\\\/schema.org\",\"@graph\":[{\"@type\":\"Article\",\"@id\":\"https:\\\/\\\/starke-meinungen.de\\\/blog\\\/2010\\\/12\\\/14\\\/die-islamophobie-und-ihr-kritiker\\\/#article\",\"isPartOf\":{\"@id\":\"https:\\\/\\\/starke-meinungen.de\\\/blog\\\/2010\\\/12\\\/14\\\/die-islamophobie-und-ihr-kritiker\\\/\"},\"author\":{\"name\":\"Alan Posener\",\"@id\":\"https:\\\/\\\/starke-meinungen.de\\\/blog\\\/#\\\/schema\\\/person\\\/32d0faef7c31a37c1c89be993d7a6d28\"},\"headline\":\"Die Islamophobie und ihr Kritiker\",\"datePublished\":\"2010-12-13T23:42:45+00:00\",\"mainEntityOfPage\":{\"@id\":\"https:\\\/\\\/starke-meinungen.de\\\/blog\\\/2010\\\/12\\\/14\\\/die-islamophobie-und-ihr-kritiker\\\/\"},\"wordCount\":1585,\"commentCount\":53,\"publisher\":{\"@id\":\"https:\\\/\\\/starke-meinungen.de\\\/blog\\\/#organization\"},\"keywords\":[\"Antisemiten\",\"Bruckner\",\"Islamisten\",\"Islamophobie\",\"Sarrazin\"],\"articleSection\":[\"Alan Posener\"],\"inLanguage\":\"de\",\"potentialAction\":[{\"@type\":\"CommentAction\",\"name\":\"Comment\",\"target\":[\"https:\\\/\\\/starke-meinungen.de\\\/blog\\\/2010\\\/12\\\/14\\\/die-islamophobie-und-ihr-kritiker\\\/#respond\"]}]},{\"@type\":\"WebPage\",\"@id\":\"https:\\\/\\\/starke-meinungen.de\\\/blog\\\/2010\\\/12\\\/14\\\/die-islamophobie-und-ihr-kritiker\\\/\",\"url\":\"https:\\\/\\\/starke-meinungen.de\\\/blog\\\/2010\\\/12\\\/14\\\/die-islamophobie-und-ihr-kritiker\\\/\",\"name\":\"Die Islamophobie und ihr Kritiker - starke-meinungen.de\",\"isPartOf\":{\"@id\":\"https:\\\/\\\/starke-meinungen.de\\\/blog\\\/#website\"},\"datePublished\":\"2010-12-13T23:42:45+00:00\",\"breadcrumb\":{\"@id\":\"https:\\\/\\\/starke-meinungen.de\\\/blog\\\/2010\\\/12\\\/14\\\/die-islamophobie-und-ihr-kritiker\\\/#breadcrumb\"},\"inLanguage\":\"de\",\"potentialAction\":[{\"@type\":\"ReadAction\",\"target\":[\"https:\\\/\\\/starke-meinungen.de\\\/blog\\\/2010\\\/12\\\/14\\\/die-islamophobie-und-ihr-kritiker\\\/\"]}]},{\"@type\":\"BreadcrumbList\",\"@id\":\"https:\\\/\\\/starke-meinungen.de\\\/blog\\\/2010\\\/12\\\/14\\\/die-islamophobie-und-ihr-kritiker\\\/#breadcrumb\",\"itemListElement\":[{\"@type\":\"ListItem\",\"position\":1,\"name\":\"Startseite\",\"item\":\"https:\\\/\\\/starke-meinungen.de\\\/blog\\\/\"},{\"@type\":\"ListItem\",\"position\":2,\"name\":\"Die Islamophobie und ihr Kritiker\"}]},{\"@type\":\"WebSite\",\"@id\":\"https:\\\/\\\/starke-meinungen.de\\\/blog\\\/#website\",\"url\":\"https:\\\/\\\/starke-meinungen.de\\\/blog\\\/\",\"name\":\"starke-meinungen.de\",\"description\":\"Autoren-Blog\",\"publisher\":{\"@id\":\"https:\\\/\\\/starke-meinungen.de\\\/blog\\\/#organization\"},\"potentialAction\":[{\"@type\":\"SearchAction\",\"target\":{\"@type\":\"EntryPoint\",\"urlTemplate\":\"https:\\\/\\\/starke-meinungen.de\\\/blog\\\/?s={search_term_string}\"},\"query-input\":{\"@type\":\"PropertyValueSpecification\",\"valueRequired\":true,\"valueName\":\"search_term_string\"}}],\"inLanguage\":\"de\"},{\"@type\":\"Organization\",\"@id\":\"https:\\\/\\\/starke-meinungen.de\\\/blog\\\/#organization\",\"name\":\"starke-meinungen.de\",\"url\":\"https:\\\/\\\/starke-meinungen.de\\\/blog\\\/\",\"logo\":{\"@type\":\"ImageObject\",\"inLanguage\":\"de\",\"@id\":\"https:\\\/\\\/starke-meinungen.de\\\/blog\\\/#\\\/schema\\\/logo\\\/image\\\/\",\"url\":\"https:\\\/\\\/starke-meinungen.de\\\/blog\\\/wp-content\\\/uploads\\\/starke-meinungen-fb-header.jpg\",\"contentUrl\":\"https:\\\/\\\/starke-meinungen.de\\\/blog\\\/wp-content\\\/uploads\\\/starke-meinungen-fb-header.jpg\",\"width\":1200,\"height\":630,\"caption\":\"starke-meinungen.de\"},\"image\":{\"@id\":\"https:\\\/\\\/starke-meinungen.de\\\/blog\\\/#\\\/schema\\\/logo\\\/image\\\/\"},\"sameAs\":[\"https:\\\/\\\/www.facebook.com\\\/starkemeinungen\\\/\",\"https:\\\/\\\/x.com\\\/starkemeinungen\"]},{\"@type\":\"Person\",\"@id\":\"https:\\\/\\\/starke-meinungen.de\\\/blog\\\/#\\\/schema\\\/person\\\/32d0faef7c31a37c1c89be993d7a6d28\",\"name\":\"Alan Posener\",\"image\":{\"@type\":\"ImageObject\",\"inLanguage\":\"de\",\"@id\":\"https:\\\/\\\/secure.gravatar.com\\\/avatar\\\/c75c8818a9ab78c4faa75048dba7844e2587998cda4d93f84e7d86f7e21a9b90?s=96&d=mm&r=g\",\"url\":\"https:\\\/\\\/secure.gravatar.com\\\/avatar\\\/c75c8818a9ab78c4faa75048dba7844e2587998cda4d93f84e7d86f7e21a9b90?s=96&d=mm&r=g\",\"contentUrl\":\"https:\\\/\\\/secure.gravatar.com\\\/avatar\\\/c75c8818a9ab78c4faa75048dba7844e2587998cda4d93f84e7d86f7e21a9b90?s=96&d=mm&r=g\",\"caption\":\"Alan Posener\"},\"url\":\"https:\\\/\\\/starke-meinungen.de\\\/blog\\\/author\\\/posener\\\/\"}]}<\/script>\n<!-- \/ Yoast SEO plugin. -->","yoast_head_json":{"title":"Die Islamophobie und ihr Kritiker - starke-meinungen.de","robots":{"index":"index","follow":"follow","max-snippet":"max-snippet:-1","max-image-preview":"max-image-preview:large","max-video-preview":"max-video-preview:-1"},"canonical":"https:\/\/starke-meinungen.de\/blog\/2010\/12\/14\/die-islamophobie-und-ihr-kritiker\/","og_locale":"de_DE","og_type":"article","og_title":"Die Islamophobie und ihr Kritiker - starke-meinungen.de","og_description":"Der franz\u00f6sische Publizist Pascal Bruckner m\u00f6chte ein Wort verbieten lassen. Eigentlich eher eine deutsche Obsession. F\u00fcr Bruckner aber geh\u00f6rt das Wort \u201eIslamophobie\u201c zu \u201ejenen Begriffen, die wir dringend aus unserem Vokabular streichen sollten.\u201c Man fragt sich etwas bang, was die anderen Dinge sind, die wir nach Bruckner \u201edringend\u201c entworten sollten: Rechtspopulismus? Rassismus? Werterelativismus?","og_url":"https:\/\/starke-meinungen.de\/blog\/2010\/12\/14\/die-islamophobie-und-ihr-kritiker\/","og_site_name":"starke-meinungen.de","article_publisher":"https:\/\/www.facebook.com\/starkemeinungen\/","article_published_time":"2010-12-13T23:42:45+00:00","og_image":[{"width":1200,"height":630,"url":"https:\/\/starke-meinungen.de\/blog\/wp-content\/uploads\/starke-meinungen-fb-header.jpg","type":"image\/jpeg"}],"author":"Alan Posener","twitter_card":"summary_large_image","twitter_creator":"@starkemeinungen","twitter_site":"@starkemeinungen","twitter_misc":{"Verfasst von":"Alan Posener","Gesch\u00e4tzte Lesezeit":"8\u00a0Minuten"},"schema":{"@context":"https:\/\/schema.org","@graph":[{"@type":"Article","@id":"https:\/\/starke-meinungen.de\/blog\/2010\/12\/14\/die-islamophobie-und-ihr-kritiker\/#article","isPartOf":{"@id":"https:\/\/starke-meinungen.de\/blog\/2010\/12\/14\/die-islamophobie-und-ihr-kritiker\/"},"author":{"name":"Alan Posener","@id":"https:\/\/starke-meinungen.de\/blog\/#\/schema\/person\/32d0faef7c31a37c1c89be993d7a6d28"},"headline":"Die Islamophobie und ihr Kritiker","datePublished":"2010-12-13T23:42:45+00:00","mainEntityOfPage":{"@id":"https:\/\/starke-meinungen.de\/blog\/2010\/12\/14\/die-islamophobie-und-ihr-kritiker\/"},"wordCount":1585,"commentCount":53,"publisher":{"@id":"https:\/\/starke-meinungen.de\/blog\/#organization"},"keywords":["Antisemiten","Bruckner","Islamisten","Islamophobie","Sarrazin"],"articleSection":["Alan Posener"],"inLanguage":"de","potentialAction":[{"@type":"CommentAction","name":"Comment","target":["https:\/\/starke-meinungen.de\/blog\/2010\/12\/14\/die-islamophobie-und-ihr-kritiker\/#respond"]}]},{"@type":"WebPage","@id":"https:\/\/starke-meinungen.de\/blog\/2010\/12\/14\/die-islamophobie-und-ihr-kritiker\/","url":"https:\/\/starke-meinungen.de\/blog\/2010\/12\/14\/die-islamophobie-und-ihr-kritiker\/","name":"Die Islamophobie und ihr Kritiker - starke-meinungen.de","isPartOf":{"@id":"https:\/\/starke-meinungen.de\/blog\/#website"},"datePublished":"2010-12-13T23:42:45+00:00","breadcrumb":{"@id":"https:\/\/starke-meinungen.de\/blog\/2010\/12\/14\/die-islamophobie-und-ihr-kritiker\/#breadcrumb"},"inLanguage":"de","potentialAction":[{"@type":"ReadAction","target":["https:\/\/starke-meinungen.de\/blog\/2010\/12\/14\/die-islamophobie-und-ihr-kritiker\/"]}]},{"@type":"BreadcrumbList","@id":"https:\/\/starke-meinungen.de\/blog\/2010\/12\/14\/die-islamophobie-und-ihr-kritiker\/#breadcrumb","itemListElement":[{"@type":"ListItem","position":1,"name":"Startseite","item":"https:\/\/starke-meinungen.de\/blog\/"},{"@type":"ListItem","position":2,"name":"Die Islamophobie und ihr Kritiker"}]},{"@type":"WebSite","@id":"https:\/\/starke-meinungen.de\/blog\/#website","url":"https:\/\/starke-meinungen.de\/blog\/","name":"starke-meinungen.de","description":"Autoren-Blog","publisher":{"@id":"https:\/\/starke-meinungen.de\/blog\/#organization"},"potentialAction":[{"@type":"SearchAction","target":{"@type":"EntryPoint","urlTemplate":"https:\/\/starke-meinungen.de\/blog\/?s={search_term_string}"},"query-input":{"@type":"PropertyValueSpecification","valueRequired":true,"valueName":"search_term_string"}}],"inLanguage":"de"},{"@type":"Organization","@id":"https:\/\/starke-meinungen.de\/blog\/#organization","name":"starke-meinungen.de","url":"https:\/\/starke-meinungen.de\/blog\/","logo":{"@type":"ImageObject","inLanguage":"de","@id":"https:\/\/starke-meinungen.de\/blog\/#\/schema\/logo\/image\/","url":"https:\/\/starke-meinungen.de\/blog\/wp-content\/uploads\/starke-meinungen-fb-header.jpg","contentUrl":"https:\/\/starke-meinungen.de\/blog\/wp-content\/uploads\/starke-meinungen-fb-header.jpg","width":1200,"height":630,"caption":"starke-meinungen.de"},"image":{"@id":"https:\/\/starke-meinungen.de\/blog\/#\/schema\/logo\/image\/"},"sameAs":["https:\/\/www.facebook.com\/starkemeinungen\/","https:\/\/x.com\/starkemeinungen"]},{"@type":"Person","@id":"https:\/\/starke-meinungen.de\/blog\/#\/schema\/person\/32d0faef7c31a37c1c89be993d7a6d28","name":"Alan Posener","image":{"@type":"ImageObject","inLanguage":"de","@id":"https:\/\/secure.gravatar.com\/avatar\/c75c8818a9ab78c4faa75048dba7844e2587998cda4d93f84e7d86f7e21a9b90?s=96&d=mm&r=g","url":"https:\/\/secure.gravatar.com\/avatar\/c75c8818a9ab78c4faa75048dba7844e2587998cda4d93f84e7d86f7e21a9b90?s=96&d=mm&r=g","contentUrl":"https:\/\/secure.gravatar.com\/avatar\/c75c8818a9ab78c4faa75048dba7844e2587998cda4d93f84e7d86f7e21a9b90?s=96&d=mm&r=g","caption":"Alan Posener"},"url":"https:\/\/starke-meinungen.de\/blog\/author\/posener\/"}]}},"_links":{"self":[{"href":"https:\/\/starke-meinungen.de\/blog\/wp-json\/wp\/v2\/posts\/2236","targetHints":{"allow":["GET"]}}],"collection":[{"href":"https:\/\/starke-meinungen.de\/blog\/wp-json\/wp\/v2\/posts"}],"about":[{"href":"https:\/\/starke-meinungen.de\/blog\/wp-json\/wp\/v2\/types\/post"}],"author":[{"embeddable":true,"href":"https:\/\/starke-meinungen.de\/blog\/wp-json\/wp\/v2\/users\/13"}],"replies":[{"embeddable":true,"href":"https:\/\/starke-meinungen.de\/blog\/wp-json\/wp\/v2\/comments?post=2236"}],"version-history":[{"count":1,"href":"https:\/\/starke-meinungen.de\/blog\/wp-json\/wp\/v2\/posts\/2236\/revisions"}],"predecessor-version":[{"id":2237,"href":"https:\/\/starke-meinungen.de\/blog\/wp-json\/wp\/v2\/posts\/2236\/revisions\/2237"}],"wp:attachment":[{"href":"https:\/\/starke-meinungen.de\/blog\/wp-json\/wp\/v2\/media?parent=2236"}],"wp:term":[{"taxonomy":"category","embeddable":true,"href":"https:\/\/starke-meinungen.de\/blog\/wp-json\/wp\/v2\/categories?post=2236"},{"taxonomy":"post_tag","embeddable":true,"href":"https:\/\/starke-meinungen.de\/blog\/wp-json\/wp\/v2\/tags?post=2236"}],"curies":[{"name":"wp","href":"https:\/\/api.w.org\/{rel}","templated":true}]}}