

{"id":2152,"date":"2010-11-17T00:14:08","date_gmt":"2010-11-16T23:14:08","guid":{"rendered":"https:\/\/starke-meinungen.de\/blog\/?p=2152"},"modified":"2010-11-16T08:16:07","modified_gmt":"2010-11-16T07:16:07","slug":"warum-man-den-plenarsaal-des-niedersachsischen-landtags-ruhig-abreisen-kann","status":"publish","type":"post","link":"https:\/\/starke-meinungen.de\/blog\/2010\/11\/17\/warum-man-den-plenarsaal-des-niedersachsischen-landtags-ruhig-abreisen-kann\/","title":{"rendered":"Warum man den Plenarsaal des nieders\u00e4chsischen Landtags ruhig abrei\u00dfen kann"},"content":{"rendered":"<p>Der Landtag von Niedersachsen sitzt im ehemaligen Schloss der Hannoveranischen K\u00f6nige. Man erreicht ihn vom Hauptbahnhof nach einem zehnmin\u00fctigen Spaziergang durch die obligate Fu\u00dfg\u00e4ngerzone und ein St\u00fcck wieder aufgebaute Fachwerkaltstadt. Er liegt direkt an der Leine. Jenseits des Flusses haben die Stadtplaner der 1950er Jahre unter Stadtbaurat Rudolf Hillebrecht im Interesse der \u201eautogerechten Stadt\u201c eine jener Asphaltschneisen durch fr\u00fchere Sichtachsen und Stadtquartiere geschlagen, die bis heute so viel zur Unwirtlichkeit westdeutscher St\u00e4dte beitragen.<!--more--><\/p>\n<p>Das Schloss ist ein klassizistischer Bau mit einem imposanten S\u00e4ulenportikus, zu dem eine breite Treppe hinauff\u00fchrt. Die Treppe ist allerdings kein Original. Sie wurde 1958 beim Umbau des im Krieg v\u00f6llig ausgebrannten Geb\u00e4udes durch Dieter Oesterlen hinzugef\u00fcgt. Man betritt das Schloss nun nicht mehr wie zu K\u00f6nigs Zeiten zu ebener Erde, sondern im ersten Stock. Drinnen empf\u00e4ngt einen Leichtigkeit und Licht; um einen verglasten Innenhof herum hat Oesterlen eine sachlich-helle, angenehm schlichte Architektur geschaffen. Rechts geht es in den umgebauten Seitenfl\u00fcgel des Schlosses, wo die Verwaltungsr\u00e4ume liegen; links geht es \u00fcbergangslos in Oesterlens Neubau, der den Plenarsaal, eine gro\u00dfe Lobby und die Sitzungsr\u00e4ume der Abgeordneten enth\u00e4lt. Eine gegl\u00fcckte Verbindung von Alt und Neu.<\/p>\n<p>Relativ gegl\u00fcckt jedenfalls. Oesterlen hatte, um Alt und Neu zu verschr\u00e4nken und um klarzumachen, dass hinter der Schlossfassade ein Neubau steht, \u00fcberall die alten Sprossenfenster durch ungeteilte, moderne Fenster ersetzt. Gerade ist man dabei, seine Fenster wieder auszubauen und durch Sprossenfenster zu ersetzen. Aus \u201eenergetischen\u201c Gr\u00fcnden, hei\u00dft es. Oesterlens einfach verglaste Riesenscheiben seien mit den Anforderungen einer modernen W\u00e4rme- und L\u00e4rmisolierung nicht vereinbar.<\/p>\n<p>Oesterlen zeigte seinen Respekt vor dem vorgefundenen Bau, indem er seinem Neubau eine Kubatur gab, die in etwa der des anderen Seitenfl\u00fcgels entspricht und dem S\u00e4ulenportikus eine Zentralit\u00e4t gibt; eine Zentralit\u00e4t allerdings, die er in fr\u00fcheren Zeiten nie hatte, denn das Schloss hatte immer nur einen \u2013 den rechten \u2013 Seitenfl\u00fcgel. Au\u00dferdem verzichtet Oesterlen an den beiden Schmalseiten seines Neubaus auf jegliche Fassadengestaltung; der Bau erscheint als fensterlose Steinfront (allerdings geschm\u00fcckt mit den drei \u201eWindsbr\u00e4uten\u201c, mittelalterlich anmutender Kunst am Bau von Professor J\u00fcrgen Weber). Nur an der L\u00e4ngsseite, die sich dem Denkmal und dem Platz der G\u00f6ttinger Sieben, einer Autoschneise \u00fcber die Leine und dem im Weltkrieg zerst\u00f6rten und sp\u00e4ter abgerissenen \u201eWasserspiel\u201c zuwendet, wird die Fassade durch vertikale Fensterb\u00e4nder gegliedert. Als er neu war, muss der Bau schockierend kahl und schmucklos gewirkt haben; heute f\u00e4llt er von au\u00dfen weder positiv noch negativ auf. In den einschl\u00e4gigen Fremdenf\u00fchrern ist er vielleicht auch deshalb nicht zu finden: wird der Landtag abgebildet, schneidet man das Foto so, dass der Oesterlen-Bau nicht zu sehen ist. Als es darum hie\u00df, der Plenarsaal m\u00fcsse abgerissen werden, um einem Neubau Platz zu machen, dachten viele B\u00fcrger zun\u00e4chst, es werde die Schloss-Fassade abgerissen.<\/p>\n<p>Anders ist die B\u00fcrgeremp\u00f6rung kaum zu erkl\u00e4ren. Man fragt sich, zumal angesichts der vielen Scheu\u00dflichkeiten in dieser Stadt (zuletzt haben Hentrich und Partner die Aufgabe vergeigt, aus dem Neubau der Nord-LB ein Vorzeigeprojekt der gl\u00e4sernen Moderne zu schaffen), warum es ausgerechnet der Plenarsaal einer B\u00fcrgerinitiative so angetan hat, dass sie 40.000 Unterschriften gegen den Abriss gesammelt hat. Man fragt sich allerdings auch, warum ein Neubau unbedingt sein muss.<\/p>\n<p>Fragen wir also Wolfgang G\u00f6ke, Direktor beim Landtag Niedersachsen, und Bengt Kleinw\u00e4chter vom Geb\u00e4udemanagement. Die beiden Herren f\u00fchren mich bereitwillig in den Plenarsaal, der dank seiner Holzverkleidung und abgerundeten Formen wie eine Palisadenfestung im lichten Viereck des Oesterlen-Anbaus sitzt, wie ein Kino- oder Theatersaal. Er ist ein durchaus beeindruckendes Zeugnis der Nierentisch\u00e4sthetik seiner Entstehungszeit.<\/p>\n<p>Sofort aber wird ein Problem sichtbar: der Raum ist zu klein. Weder haben die zurzeit 152 Abgeordneten gen\u00fcgend Platz, noch die Besucher; zurzeit sind es etwa 30.000 j\u00e4hrlich. Man muss sich ein Jahr im Voraus melden und kann dann trotzdem nur eine Dreiviertelstunde bleiben. Da die Landtagssitzungen laut Verfassung \u00f6ffentlich sein sollen, eigentlich ein unhaltbarer Zustand.<\/p>\n<p>Hinzu kommt das Fehlen von Tageslicht. Der Raum hat ja keine Fenster. Das ist bei einem Theater oder Kino kein Problem, aber \u201ewenn die Abgeordneten hier zwei, drei Tage zehn Stunden am Tag sitzen, br\u00f6ckelt schon am zweiten Tag die Stimmung\u201c, sagt G\u00f6ke. \u201eDie Debattenkultur wird vom Eingeschlossensein gepr\u00e4gt, und das tut ihr nicht gut.\u201c<\/p>\n<p>Noch schlimmer sind die Besprechungsr\u00e4ume. Sie sind fensterlose Besenkammern. Im Besprechungsraum des Ministerpr\u00e4sidenten behilft man sich mit einem psychologischen Trick. Es gibt einen Vorhang, der ein dahinter liegendes Fenster vort\u00e4uscht. Wenn man ihn zur\u00fcckzieht, kommt die blanke Wand zum Vorschein.<\/p>\n<p>Hinzu kommen neue Brandschutzbestimmungen, die zum Beispiel dazu gef\u00fchrt haben, dass die unter dem Plenarsaal liegende Gastst\u00e4tte mit ihrer sch\u00f6nen Terrasse zur Leine hin bereits geschlossen wurde. \u201eSie wurde aber ohnehin nie von der Bev\u00f6lkerung angenommen\u201c, meint G\u00f6ke. Mag sein.<\/p>\n<p>Aus all diesen Gr\u00fcnden diskutiert man seit 20 Jahren \u00fcber eine bauliche Ver\u00e4nderung. 2002 wurde sogar ein Wettbewerb zur behutsamen Erneuerung des Oesterlen-Baus veranstaltet, die aber aus Kostengr\u00fcnden nicht durchgef\u00fchrt wurde. \u201eJede Erneuerung l\u00e4uft im Grunde genommen wegen der statischen Besonderheiten des Plenarsaals auf eine Neukonstruktion hinaus\u201c, meint G\u00f6ke. Neu zu bauen, um ein \u00e4sthetisch interessantes, praktisch aber nicht gut funktionierendes Geb\u00e4ude wiederherzustellen? Das ist etwas zu viel des Musealen. Deshalb habe man sich schlie\u00dflich zum Neubau entschieden.<\/p>\n<p>Der habe zwar nicht unbedingt dort stehen m\u00fcssen, wo der Oesterlen-Anbau jetzt steht; jeder andere Standort sei jedoch am Ende als unpraktikabel oder teuer verworfen worden. So habe man sich schlie\u00dflich f\u00fcr den Abriss und seine Ersetzung durch einen Neubau entschieden. Mit 13:4 Stimmen einigte sich die Jury auf den Entwurf des K\u00f6lner Architekten Eun Young Yi, der auch die neue \u201eBibliothek 21\u201c im Rahmen des Bahnprojekts \u201eStuttgart 21\u201c baut. Ein schlechtes Omen?<\/p>\n<p>Im Modell erinnert Yis fast quadratischer Neubau mit seinen von 12 mal 14 S\u00e4ulen getragenem Flachdach ein wenig an das Mao-Mausoleum in Peking; allerdings sind nicht die S\u00e4ulen der Clou des Geb\u00e4udes, sondern die Konstruktion des Plenarsaals aus Glasbausteinen, die tags\u00fcber f\u00fcr Helligkeit sorgen, nachts den Bau von innen leuchten lassen sollen. Es ist solide Architektur ohne gro\u00dfe Effekte; Yi bekundet seinen Respekt vor dem Schloss mit seinem \u2013 gr\u00f6\u00dftenteils zu erhaltenden \u2013 Oesterlen-Innenleben, indem er seinen Neubau Abstand halten l\u00e4sst. Hier wird keine Synthese von Alt und Neu suggeriert, aber auch kein Gegensatz inszeniert. So kann man es machen, die Kosten sind mit angepeilten 45 Millionen Euro vergleichsweise gering, und man fragt sich noch einmla, warum es dagegen einen solchen Widerstand gibt.<\/p>\n<p>Tats\u00e4chlich, sagt G\u00f6ke, habe niemand damit gerechnet, zumal seit 20 Jahren \u00fcber die Unzul\u00e4nglichkeiten des gegenw\u00e4rtigen Baus diskutiert wird: \u201eEs ist wie Stuttgart 21\u201c. G\u00f6ke vermutet im pl\u00f6tzlichen Aufwallen des Gef\u00fchls \u201eein Kohortenph\u00e4nomen\u201c. Wer sich daran erinnert, wie er im Schatten des Landtags seinen ersten Kuss erhielt oder seine erste Demonstrationserfahrungen machte, empfinde den Abriss als Angriff auf seine eigene Biographie. Es ist vielleicht kein Zufall, dass der Denkmalsch\u00fctzer Sid Auffarth, der die Abrissgegner anf\u00fchrt, einer Generation angeh\u00f6rt, die sich gern an die \u201eRoter-Punkt-Aktion\u201c erinnert, mit der aufs\u00e4ssige Studenten 1969 eine Fahrpreiserh\u00f6hung im \u00f6ffentlichen Nahverkehr verhinderten. Auch gegen den Landtagsabriss initiierte Auffarth eine \u201eRoter-Punkt-Aktion\u201c. \u201eSteht auf!\u201c prangt auf den roten Punkten, als gelte es nachtr\u00e4glich, die Notstandsgesetze zu verhindern. Andere B\u00fcrger, vermutet G\u00f6ke, sind sauer, weil ihnen der Denkmalschutz \u201ebei jedem Um- und Einbau ihres Eigenheims oder Gesch\u00e4fts dazwischenredet\u201c, w\u00e4hrend sich der Landtag mit seinem Abrissbeschluss seine eigenen Gesetze zum Denkmalschutz missachte.<\/p>\n<p>Dem sei aber nicht so, betont G\u00f6ke. Der Landtag habe das Recht, sich \u00fcber den Denkmalschutz hinwegzusetzen, wenn \u201eein \u00fcberwiegendes \u00f6ffentliches Interesse\u201c den Abriss nahe lege. Das ist nat\u00fcrlich eine Gummiformulierung und soll es sein.<\/p>\n<p>Dass die Oesterlen-Erben ungehalten sind, ist klar, zumal viele Bauten des Architekten in den letzten Jahrzehnten abgerissen worden sind. Allerdings steht unweit des Landtags ein sehr viel bedeutenderes Werk Oesterlens, das historische Museum. Der Architekt wird also nicht vollends aus dem Stadtbild verschwinden.<\/p>\n<p>Hannover ist h\u00e4sslich. Man m\u00f6chte die halbe Stadt abrei\u00dfen und neu planen. Gute Neubauten sind in Hannover selten. Auch das Sprengel-Museum am Maschsee ist eher missgl\u00fcckt. Der Neubau des Plenarsaals k\u00f6nnte die Stadt etwas weniger h\u00e4sslich machen. Es ist nicht viel, es ist eben nicht Stuttgart 21, aber es ist immerhin etwas. Der Denkmalschutz in Ehren \u2013 aber er sollte nicht die Nostalgie bedienen.<\/p>\n<div class=\"shariff shariff-align-left shariff-widget-align-left shariff-buttonstretch\" style=\"display:none\"><ul class=\"shariff-buttons theme-white orientation-horizontal buttonsize-medium\"><li class=\"shariff-button facebook shariff-nocustomcolor\" style=\"background-color:#4273c8\"><a href=\"https:\/\/www.facebook.com\/sharer\/sharer.php?u=https%3A%2F%2Fstarke-meinungen.de%2Fblog%2F2010%2F11%2F17%2Fwarum-man-den-plenarsaal-des-niedersachsischen-landtags-ruhig-abreisen-kann%2F\" title=\"Bei Facebook teilen\" aria-label=\"Bei Facebook teilen\" role=\"button\" rel=\"nofollow\" class=\"shariff-link\" style=\"; background-color:#3b5998; color:#3b5998\" target=\"_blank\"><span class=\"shariff-icon\" style=\"fill:#3b5998\"><svg width=\"32px\" height=\"20px\" xmlns=\"http:\/\/www.w3.org\/2000\/svg\" viewBox=\"0 0 18 32\"><path fill=\"#3b5998\" d=\"M17.1 0.2v4.7h-2.8q-1.5 0-2.1 0.6t-0.5 1.9v3.4h5.2l-0.7 5.3h-4.5v13.6h-5.5v-13.6h-4.5v-5.3h4.5v-3.9q0-3.3 1.9-5.2t5-1.8q2.6 0 4.1 0.2z\"\/><\/svg><\/span><span class=\"shariff-text\" style=\"color:#3b5998\">teilen<\/span>&nbsp;<\/a><\/li><li class=\"shariff-button twitter shariff-nocustomcolor\" style=\"background-color:#595959\"><a href=\"https:\/\/twitter.com\/share?url=https%3A%2F%2Fstarke-meinungen.de%2Fblog%2F2010%2F11%2F17%2Fwarum-man-den-plenarsaal-des-niedersachsischen-landtags-ruhig-abreisen-kann%2F&text=Warum%20man%20den%20Plenarsaal%20des%20nieders%C3%A4chsischen%20Landtags%20ruhig%20abrei%C3%9Fen%20kann&via=starkemeinungen\" title=\"Bei X teilen\" aria-label=\"Bei X teilen\" role=\"button\" rel=\"noopener nofollow\" class=\"shariff-link\" style=\"; background-color:#000; color:#000\" target=\"_blank\"><span class=\"shariff-icon\" style=\"fill:#000\"><svg width=\"32px\" height=\"20px\" xmlns=\"http:\/\/www.w3.org\/2000\/svg\" viewBox=\"0 0 24 24\"><path fill=\"#000\" d=\"M14.258 10.152L23.176 0h-2.113l-7.747 8.813L7.133 0H0l9.352 13.328L0 23.973h2.113l8.176-9.309 6.531 9.309h7.133zm-2.895 3.293l-.949-1.328L2.875 1.56h3.246l6.086 8.523.945 1.328 7.91 11.078h-3.246zm0 0\"\/><\/svg><\/span><span class=\"shariff-text\" style=\"color:#000\">teilen<\/span>&nbsp;<\/a><\/li><li class=\"shariff-button linkedin shariff-nocustomcolor\" style=\"background-color:#1488bf\"><a href=\"https:\/\/www.linkedin.com\/sharing\/share-offsite\/?url=https%3A%2F%2Fstarke-meinungen.de%2Fblog%2F2010%2F11%2F17%2Fwarum-man-den-plenarsaal-des-niedersachsischen-landtags-ruhig-abreisen-kann%2F\" title=\"Bei LinkedIn teilen\" aria-label=\"Bei LinkedIn teilen\" role=\"button\" rel=\"noopener nofollow\" class=\"shariff-link\" style=\"; background-color:#0077b5; color:#0077b5\" target=\"_blank\"><span class=\"shariff-icon\" style=\"fill:#0077b5\"><svg width=\"32px\" height=\"20px\" xmlns=\"http:\/\/www.w3.org\/2000\/svg\" viewBox=\"0 0 27 32\"><path fill=\"#0077b5\" d=\"M6.2 11.2v17.7h-5.9v-17.7h5.9zM6.6 5.7q0 1.3-0.9 2.2t-2.4 0.9h0q-1.5 0-2.4-0.9t-0.9-2.2 0.9-2.2 2.4-0.9 2.4 0.9 0.9 2.2zM27.4 18.7v10.1h-5.9v-9.5q0-1.9-0.7-2.9t-2.3-1.1q-1.1 0-1.9 0.6t-1.2 1.5q-0.2 0.5-0.2 1.4v9.9h-5.9q0-7.1 0-11.6t0-5.3l0-0.9h5.9v2.6h0q0.4-0.6 0.7-1t1-0.9 1.6-0.8 2-0.3q3 0 4.9 2t1.9 6z\"\/><\/svg><\/span><span class=\"shariff-text\" style=\"color:#0077b5\">teilen<\/span>&nbsp;<\/a><\/li><li class=\"shariff-button xing shariff-nocustomcolor\" style=\"background-color:#29888a\"><a href=\"https:\/\/www.xing.com\/spi\/shares\/new?url=https%3A%2F%2Fstarke-meinungen.de%2Fblog%2F2010%2F11%2F17%2Fwarum-man-den-plenarsaal-des-niedersachsischen-landtags-ruhig-abreisen-kann%2F\" title=\"Bei XING teilen\" aria-label=\"Bei XING teilen\" role=\"button\" rel=\"noopener nofollow\" class=\"shariff-link\" style=\"; background-color:#126567; color:#126567\" target=\"_blank\"><span class=\"shariff-icon\" style=\"fill:#126567\"><svg width=\"32px\" height=\"20px\" xmlns=\"http:\/\/www.w3.org\/2000\/svg\" viewBox=\"0 0 25 32\"><path fill=\"#126567\" d=\"M10.7 11.9q-0.2 0.3-4.6 8.2-0.5 0.8-1.2 0.8h-4.3q-0.4 0-0.5-0.3t0-0.6l4.5-8q0 0 0 0l-2.9-5q-0.2-0.4 0-0.7 0.2-0.3 0.5-0.3h4.3q0.7 0 1.2 0.8zM25.1 0.4q0.2 0.3 0 0.7l-9.4 16.7 6 11q0.2 0.4 0 0.6-0.2 0.3-0.6 0.3h-4.3q-0.7 0-1.2-0.8l-6-11.1q0.3-0.6 9.5-16.8 0.4-0.8 1.2-0.8h4.3q0.4 0 0.5 0.3z\"\/><\/svg><\/span><span class=\"shariff-text\" style=\"color:#126567\">teilen<\/span>&nbsp;<\/a><\/li><li class=\"shariff-button whatsapp shariff-nocustomcolor\" style=\"background-color:#5cbe4a\"><a href=\"https:\/\/api.whatsapp.com\/send?text=https%3A%2F%2Fstarke-meinungen.de%2Fblog%2F2010%2F11%2F17%2Fwarum-man-den-plenarsaal-des-niedersachsischen-landtags-ruhig-abreisen-kann%2F%20Warum%20man%20den%20Plenarsaal%20des%20nieders%C3%A4chsischen%20Landtags%20ruhig%20abrei%C3%9Fen%20kann\" title=\"Bei Whatsapp teilen\" aria-label=\"Bei Whatsapp teilen\" role=\"button\" rel=\"noopener nofollow\" class=\"shariff-link\" style=\"; background-color:#34af23; color:#34af23\" target=\"_blank\"><span class=\"shariff-icon\" style=\"fill:#34af23\"><svg width=\"32px\" height=\"20px\" xmlns=\"http:\/\/www.w3.org\/2000\/svg\" viewBox=\"0 0 32 32\"><path fill=\"#34af23\" d=\"M17.6 17.4q0.2 0 1.7 0.8t1.6 0.9q0 0.1 0 0.3 0 0.6-0.3 1.4-0.3 0.7-1.3 1.2t-1.8 0.5q-1 0-3.4-1.1-1.7-0.8-3-2.1t-2.6-3.3q-1.3-1.9-1.3-3.5v-0.1q0.1-1.6 1.3-2.8 0.4-0.4 0.9-0.4 0.1 0 0.3 0t0.3 0q0.3 0 0.5 0.1t0.3 0.5q0.1 0.4 0.6 1.6t0.4 1.3q0 0.4-0.6 1t-0.6 0.8q0 0.1 0.1 0.3 0.6 1.3 1.8 2.4 1 0.9 2.7 1.8 0.2 0.1 0.4 0.1 0.3 0 1-0.9t0.9-0.9zM14 26.9q2.3 0 4.3-0.9t3.6-2.4 2.4-3.6 0.9-4.3-0.9-4.3-2.4-3.6-3.6-2.4-4.3-0.9-4.3 0.9-3.6 2.4-2.4 3.6-0.9 4.3q0 3.6 2.1 6.6l-1.4 4.2 4.3-1.4q2.8 1.9 6.2 1.9zM14 2.2q2.7 0 5.2 1.1t4.3 2.9 2.9 4.3 1.1 5.2-1.1 5.2-2.9 4.3-4.3 2.9-5.2 1.1q-3.5 0-6.5-1.7l-7.4 2.4 2.4-7.2q-1.9-3.2-1.9-6.9 0-2.7 1.1-5.2t2.9-4.3 4.3-2.9 5.2-1.1z\"\/><\/svg><\/span><span class=\"shariff-text\" style=\"color:#34af23\">teilen<\/span>&nbsp;<\/a><\/li><li class=\"shariff-button info shariff-nocustomcolor\" style=\"background-color:#a8a8a8\"><a href=\"http:\/\/ct.de\/-2467514\" title=\"Weitere Informationen\" aria-label=\"Weitere Informationen\" role=\"button\" rel=\"noopener \" class=\"shariff-link\" style=\"; background-color:#999; color:#999\" target=\"_blank\"><span class=\"shariff-icon\" style=\"fill:#999\"><svg width=\"32px\" height=\"20px\" xmlns=\"http:\/\/www.w3.org\/2000\/svg\" viewBox=\"0 0 11 32\"><path fill=\"#999\" d=\"M11.4 24v2.3q0 0.5-0.3 0.8t-0.8 0.4h-9.1q-0.5 0-0.8-0.4t-0.4-0.8v-2.3q0-0.5 0.4-0.8t0.8-0.4h1.1v-6.8h-1.1q-0.5 0-0.8-0.4t-0.4-0.8v-2.3q0-0.5 0.4-0.8t0.8-0.4h6.8q0.5 0 0.8 0.4t0.4 0.8v10.3h1.1q0.5 0 0.8 0.4t0.3 0.8zM9.2 3.4v3.4q0 0.5-0.4 0.8t-0.8 0.4h-4.6q-0.4 0-0.8-0.4t-0.4-0.8v-3.4q0-0.4 0.4-0.8t0.8-0.4h4.6q0.5 0 0.8 0.4t0.4 0.8z\"\/><\/svg><\/span><\/a><\/li><\/ul><\/div>","protected":false},"excerpt":{"rendered":"<p>Der Landtag von Niedersachsen sitzt im ehemaligen Schloss der Hannoveranischen K\u00f6nige. Man erreicht ihn vom Hauptbahnhof nach einem zehnmin\u00fctigen Spaziergang durch die obligate Fu\u00dfg\u00e4ngerzone und ein St\u00fcck wieder aufgebaute Fachwerkaltstadt. Er liegt direkt an der Leine. Jenseits des Flusses haben die Stadtplaner der 1950er Jahre unter Stadtbaurat Rudolf Hillebrecht im Interesse der \u201eautogerechten Stadt\u201c eine jener Asphaltschneisen durch fr\u00fchere Sichtachsen&#8230; <a href=\"https:\/\/starke-meinungen.de\/blog\/2010\/11\/17\/warum-man-den-plenarsaal-des-niedersachsischen-landtags-ruhig-abreisen-kann\/\">Weiterlesen &raquo;<\/a><\/p>\n","protected":false},"author":13,"featured_media":0,"comment_status":"open","ping_status":"open","sticky":false,"template":"","format":"standard","meta":{"footnotes":""},"categories":[209,1],"tags":[1536,1203,1535,1430],"class_list":["post-2152","post","type-post","status-publish","format-standard","hentry","category-alan-posener","category-allgemein","tag-autogerechte-stadt","tag-hannover","tag-landtag","tag-stuttgart-21"],"yoast_head":"<!-- This site is optimized with the Yoast SEO plugin v27.5 - https:\/\/yoast.com\/product\/yoast-seo-wordpress\/ -->\n<title>Warum man den Plenarsaal des nieders\u00e4chsischen Landtags ruhig abrei\u00dfen kann - starke-meinungen.de<\/title>\n<meta name=\"robots\" content=\"index, follow, max-snippet:-1, max-image-preview:large, max-video-preview:-1\" \/>\n<link rel=\"canonical\" href=\"https:\/\/starke-meinungen.de\/blog\/2010\/11\/17\/warum-man-den-plenarsaal-des-niedersachsischen-landtags-ruhig-abreisen-kann\/\" \/>\n<meta property=\"og:locale\" content=\"de_DE\" \/>\n<meta property=\"og:type\" content=\"article\" \/>\n<meta property=\"og:title\" content=\"Warum man den Plenarsaal des nieders\u00e4chsischen Landtags ruhig abrei\u00dfen kann - starke-meinungen.de\" \/>\n<meta property=\"og:description\" content=\"Der Landtag von Niedersachsen sitzt im ehemaligen Schloss der Hannoveranischen K\u00f6nige. Man erreicht ihn vom Hauptbahnhof nach einem zehnmin\u00fctigen Spaziergang durch die obligate Fu\u00dfg\u00e4ngerzone und ein St\u00fcck wieder aufgebaute Fachwerkaltstadt. Er liegt direkt an der Leine. Jenseits des Flusses haben die Stadtplaner der 1950er Jahre unter Stadtbaurat Rudolf Hillebrecht im Interesse der \u201eautogerechten Stadt\u201c eine jener Asphaltschneisen durch fr\u00fchere Sichtachsen... Weiterlesen &raquo;\" \/>\n<meta property=\"og:url\" content=\"https:\/\/starke-meinungen.de\/blog\/2010\/11\/17\/warum-man-den-plenarsaal-des-niedersachsischen-landtags-ruhig-abreisen-kann\/\" \/>\n<meta property=\"og:site_name\" content=\"starke-meinungen.de\" \/>\n<meta property=\"article:publisher\" content=\"https:\/\/www.facebook.com\/starkemeinungen\/\" \/>\n<meta property=\"article:published_time\" content=\"2010-11-16T23:14:08+00:00\" \/>\n<meta property=\"og:image\" content=\"https:\/\/starke-meinungen.de\/blog\/wp-content\/uploads\/starke-meinungen-fb-header.jpg\" \/>\n\t<meta property=\"og:image:width\" content=\"1200\" \/>\n\t<meta property=\"og:image:height\" content=\"630\" \/>\n\t<meta property=\"og:image:type\" content=\"image\/jpeg\" \/>\n<meta name=\"author\" content=\"Alan Posener\" \/>\n<meta name=\"twitter:card\" content=\"summary_large_image\" \/>\n<meta name=\"twitter:creator\" content=\"@starkemeinungen\" \/>\n<meta name=\"twitter:site\" content=\"@starkemeinungen\" \/>\n<meta name=\"twitter:label1\" content=\"Verfasst von\" \/>\n\t<meta name=\"twitter:data1\" content=\"Alan Posener\" \/>\n\t<meta name=\"twitter:label2\" content=\"Gesch\u00e4tzte Lesezeit\" \/>\n\t<meta name=\"twitter:data2\" content=\"7\u00a0Minuten\" \/>\n<script type=\"application\/ld+json\" class=\"yoast-schema-graph\">{\"@context\":\"https:\\\/\\\/schema.org\",\"@graph\":[{\"@type\":\"Article\",\"@id\":\"https:\\\/\\\/starke-meinungen.de\\\/blog\\\/2010\\\/11\\\/17\\\/warum-man-den-plenarsaal-des-niedersachsischen-landtags-ruhig-abreisen-kann\\\/#article\",\"isPartOf\":{\"@id\":\"https:\\\/\\\/starke-meinungen.de\\\/blog\\\/2010\\\/11\\\/17\\\/warum-man-den-plenarsaal-des-niedersachsischen-landtags-ruhig-abreisen-kann\\\/\"},\"author\":{\"name\":\"Alan Posener\",\"@id\":\"https:\\\/\\\/starke-meinungen.de\\\/blog\\\/#\\\/schema\\\/person\\\/32d0faef7c31a37c1c89be993d7a6d28\"},\"headline\":\"Warum man den Plenarsaal des nieders\u00e4chsischen Landtags ruhig abrei\u00dfen kann\",\"datePublished\":\"2010-11-16T23:14:08+00:00\",\"mainEntityOfPage\":{\"@id\":\"https:\\\/\\\/starke-meinungen.de\\\/blog\\\/2010\\\/11\\\/17\\\/warum-man-den-plenarsaal-des-niedersachsischen-landtags-ruhig-abreisen-kann\\\/\"},\"wordCount\":1435,\"commentCount\":3,\"publisher\":{\"@id\":\"https:\\\/\\\/starke-meinungen.de\\\/blog\\\/#organization\"},\"keywords\":[\"autogerechte Stadt\",\"Hannover\",\"Landtag\",\"Stuttgart 21\"],\"articleSection\":[\"Alan Posener\"],\"inLanguage\":\"de\",\"potentialAction\":[{\"@type\":\"CommentAction\",\"name\":\"Comment\",\"target\":[\"https:\\\/\\\/starke-meinungen.de\\\/blog\\\/2010\\\/11\\\/17\\\/warum-man-den-plenarsaal-des-niedersachsischen-landtags-ruhig-abreisen-kann\\\/#respond\"]}]},{\"@type\":\"WebPage\",\"@id\":\"https:\\\/\\\/starke-meinungen.de\\\/blog\\\/2010\\\/11\\\/17\\\/warum-man-den-plenarsaal-des-niedersachsischen-landtags-ruhig-abreisen-kann\\\/\",\"url\":\"https:\\\/\\\/starke-meinungen.de\\\/blog\\\/2010\\\/11\\\/17\\\/warum-man-den-plenarsaal-des-niedersachsischen-landtags-ruhig-abreisen-kann\\\/\",\"name\":\"Warum man den Plenarsaal des nieders\u00e4chsischen Landtags ruhig abrei\u00dfen kann - starke-meinungen.de\",\"isPartOf\":{\"@id\":\"https:\\\/\\\/starke-meinungen.de\\\/blog\\\/#website\"},\"datePublished\":\"2010-11-16T23:14:08+00:00\",\"breadcrumb\":{\"@id\":\"https:\\\/\\\/starke-meinungen.de\\\/blog\\\/2010\\\/11\\\/17\\\/warum-man-den-plenarsaal-des-niedersachsischen-landtags-ruhig-abreisen-kann\\\/#breadcrumb\"},\"inLanguage\":\"de\",\"potentialAction\":[{\"@type\":\"ReadAction\",\"target\":[\"https:\\\/\\\/starke-meinungen.de\\\/blog\\\/2010\\\/11\\\/17\\\/warum-man-den-plenarsaal-des-niedersachsischen-landtags-ruhig-abreisen-kann\\\/\"]}]},{\"@type\":\"BreadcrumbList\",\"@id\":\"https:\\\/\\\/starke-meinungen.de\\\/blog\\\/2010\\\/11\\\/17\\\/warum-man-den-plenarsaal-des-niedersachsischen-landtags-ruhig-abreisen-kann\\\/#breadcrumb\",\"itemListElement\":[{\"@type\":\"ListItem\",\"position\":1,\"name\":\"Startseite\",\"item\":\"https:\\\/\\\/starke-meinungen.de\\\/blog\\\/\"},{\"@type\":\"ListItem\",\"position\":2,\"name\":\"Warum man den Plenarsaal des nieders\u00e4chsischen Landtags ruhig abrei\u00dfen kann\"}]},{\"@type\":\"WebSite\",\"@id\":\"https:\\\/\\\/starke-meinungen.de\\\/blog\\\/#website\",\"url\":\"https:\\\/\\\/starke-meinungen.de\\\/blog\\\/\",\"name\":\"starke-meinungen.de\",\"description\":\"Autoren-Blog\",\"publisher\":{\"@id\":\"https:\\\/\\\/starke-meinungen.de\\\/blog\\\/#organization\"},\"potentialAction\":[{\"@type\":\"SearchAction\",\"target\":{\"@type\":\"EntryPoint\",\"urlTemplate\":\"https:\\\/\\\/starke-meinungen.de\\\/blog\\\/?s={search_term_string}\"},\"query-input\":{\"@type\":\"PropertyValueSpecification\",\"valueRequired\":true,\"valueName\":\"search_term_string\"}}],\"inLanguage\":\"de\"},{\"@type\":\"Organization\",\"@id\":\"https:\\\/\\\/starke-meinungen.de\\\/blog\\\/#organization\",\"name\":\"starke-meinungen.de\",\"url\":\"https:\\\/\\\/starke-meinungen.de\\\/blog\\\/\",\"logo\":{\"@type\":\"ImageObject\",\"inLanguage\":\"de\",\"@id\":\"https:\\\/\\\/starke-meinungen.de\\\/blog\\\/#\\\/schema\\\/logo\\\/image\\\/\",\"url\":\"https:\\\/\\\/starke-meinungen.de\\\/blog\\\/wp-content\\\/uploads\\\/starke-meinungen-fb-header.jpg\",\"contentUrl\":\"https:\\\/\\\/starke-meinungen.de\\\/blog\\\/wp-content\\\/uploads\\\/starke-meinungen-fb-header.jpg\",\"width\":1200,\"height\":630,\"caption\":\"starke-meinungen.de\"},\"image\":{\"@id\":\"https:\\\/\\\/starke-meinungen.de\\\/blog\\\/#\\\/schema\\\/logo\\\/image\\\/\"},\"sameAs\":[\"https:\\\/\\\/www.facebook.com\\\/starkemeinungen\\\/\",\"https:\\\/\\\/x.com\\\/starkemeinungen\"]},{\"@type\":\"Person\",\"@id\":\"https:\\\/\\\/starke-meinungen.de\\\/blog\\\/#\\\/schema\\\/person\\\/32d0faef7c31a37c1c89be993d7a6d28\",\"name\":\"Alan Posener\",\"image\":{\"@type\":\"ImageObject\",\"inLanguage\":\"de\",\"@id\":\"https:\\\/\\\/secure.gravatar.com\\\/avatar\\\/c75c8818a9ab78c4faa75048dba7844e2587998cda4d93f84e7d86f7e21a9b90?s=96&d=mm&r=g\",\"url\":\"https:\\\/\\\/secure.gravatar.com\\\/avatar\\\/c75c8818a9ab78c4faa75048dba7844e2587998cda4d93f84e7d86f7e21a9b90?s=96&d=mm&r=g\",\"contentUrl\":\"https:\\\/\\\/secure.gravatar.com\\\/avatar\\\/c75c8818a9ab78c4faa75048dba7844e2587998cda4d93f84e7d86f7e21a9b90?s=96&d=mm&r=g\",\"caption\":\"Alan Posener\"},\"url\":\"https:\\\/\\\/starke-meinungen.de\\\/blog\\\/author\\\/posener\\\/\"}]}<\/script>\n<!-- \/ Yoast SEO plugin. -->","yoast_head_json":{"title":"Warum man den Plenarsaal des nieders\u00e4chsischen Landtags ruhig abrei\u00dfen kann - starke-meinungen.de","robots":{"index":"index","follow":"follow","max-snippet":"max-snippet:-1","max-image-preview":"max-image-preview:large","max-video-preview":"max-video-preview:-1"},"canonical":"https:\/\/starke-meinungen.de\/blog\/2010\/11\/17\/warum-man-den-plenarsaal-des-niedersachsischen-landtags-ruhig-abreisen-kann\/","og_locale":"de_DE","og_type":"article","og_title":"Warum man den Plenarsaal des nieders\u00e4chsischen Landtags ruhig abrei\u00dfen kann - starke-meinungen.de","og_description":"Der Landtag von Niedersachsen sitzt im ehemaligen Schloss der Hannoveranischen K\u00f6nige. Man erreicht ihn vom Hauptbahnhof nach einem zehnmin\u00fctigen Spaziergang durch die obligate Fu\u00dfg\u00e4ngerzone und ein St\u00fcck wieder aufgebaute Fachwerkaltstadt. Er liegt direkt an der Leine. Jenseits des Flusses haben die Stadtplaner der 1950er Jahre unter Stadtbaurat Rudolf Hillebrecht im Interesse der \u201eautogerechten Stadt\u201c eine jener Asphaltschneisen durch fr\u00fchere Sichtachsen... Weiterlesen &raquo;","og_url":"https:\/\/starke-meinungen.de\/blog\/2010\/11\/17\/warum-man-den-plenarsaal-des-niedersachsischen-landtags-ruhig-abreisen-kann\/","og_site_name":"starke-meinungen.de","article_publisher":"https:\/\/www.facebook.com\/starkemeinungen\/","article_published_time":"2010-11-16T23:14:08+00:00","og_image":[{"width":1200,"height":630,"url":"https:\/\/starke-meinungen.de\/blog\/wp-content\/uploads\/starke-meinungen-fb-header.jpg","type":"image\/jpeg"}],"author":"Alan Posener","twitter_card":"summary_large_image","twitter_creator":"@starkemeinungen","twitter_site":"@starkemeinungen","twitter_misc":{"Verfasst von":"Alan Posener","Gesch\u00e4tzte Lesezeit":"7\u00a0Minuten"},"schema":{"@context":"https:\/\/schema.org","@graph":[{"@type":"Article","@id":"https:\/\/starke-meinungen.de\/blog\/2010\/11\/17\/warum-man-den-plenarsaal-des-niedersachsischen-landtags-ruhig-abreisen-kann\/#article","isPartOf":{"@id":"https:\/\/starke-meinungen.de\/blog\/2010\/11\/17\/warum-man-den-plenarsaal-des-niedersachsischen-landtags-ruhig-abreisen-kann\/"},"author":{"name":"Alan Posener","@id":"https:\/\/starke-meinungen.de\/blog\/#\/schema\/person\/32d0faef7c31a37c1c89be993d7a6d28"},"headline":"Warum man den Plenarsaal des nieders\u00e4chsischen Landtags ruhig abrei\u00dfen kann","datePublished":"2010-11-16T23:14:08+00:00","mainEntityOfPage":{"@id":"https:\/\/starke-meinungen.de\/blog\/2010\/11\/17\/warum-man-den-plenarsaal-des-niedersachsischen-landtags-ruhig-abreisen-kann\/"},"wordCount":1435,"commentCount":3,"publisher":{"@id":"https:\/\/starke-meinungen.de\/blog\/#organization"},"keywords":["autogerechte Stadt","Hannover","Landtag","Stuttgart 21"],"articleSection":["Alan Posener"],"inLanguage":"de","potentialAction":[{"@type":"CommentAction","name":"Comment","target":["https:\/\/starke-meinungen.de\/blog\/2010\/11\/17\/warum-man-den-plenarsaal-des-niedersachsischen-landtags-ruhig-abreisen-kann\/#respond"]}]},{"@type":"WebPage","@id":"https:\/\/starke-meinungen.de\/blog\/2010\/11\/17\/warum-man-den-plenarsaal-des-niedersachsischen-landtags-ruhig-abreisen-kann\/","url":"https:\/\/starke-meinungen.de\/blog\/2010\/11\/17\/warum-man-den-plenarsaal-des-niedersachsischen-landtags-ruhig-abreisen-kann\/","name":"Warum man den Plenarsaal des nieders\u00e4chsischen Landtags ruhig abrei\u00dfen kann - starke-meinungen.de","isPartOf":{"@id":"https:\/\/starke-meinungen.de\/blog\/#website"},"datePublished":"2010-11-16T23:14:08+00:00","breadcrumb":{"@id":"https:\/\/starke-meinungen.de\/blog\/2010\/11\/17\/warum-man-den-plenarsaal-des-niedersachsischen-landtags-ruhig-abreisen-kann\/#breadcrumb"},"inLanguage":"de","potentialAction":[{"@type":"ReadAction","target":["https:\/\/starke-meinungen.de\/blog\/2010\/11\/17\/warum-man-den-plenarsaal-des-niedersachsischen-landtags-ruhig-abreisen-kann\/"]}]},{"@type":"BreadcrumbList","@id":"https:\/\/starke-meinungen.de\/blog\/2010\/11\/17\/warum-man-den-plenarsaal-des-niedersachsischen-landtags-ruhig-abreisen-kann\/#breadcrumb","itemListElement":[{"@type":"ListItem","position":1,"name":"Startseite","item":"https:\/\/starke-meinungen.de\/blog\/"},{"@type":"ListItem","position":2,"name":"Warum man den Plenarsaal des nieders\u00e4chsischen Landtags ruhig abrei\u00dfen kann"}]},{"@type":"WebSite","@id":"https:\/\/starke-meinungen.de\/blog\/#website","url":"https:\/\/starke-meinungen.de\/blog\/","name":"starke-meinungen.de","description":"Autoren-Blog","publisher":{"@id":"https:\/\/starke-meinungen.de\/blog\/#organization"},"potentialAction":[{"@type":"SearchAction","target":{"@type":"EntryPoint","urlTemplate":"https:\/\/starke-meinungen.de\/blog\/?s={search_term_string}"},"query-input":{"@type":"PropertyValueSpecification","valueRequired":true,"valueName":"search_term_string"}}],"inLanguage":"de"},{"@type":"Organization","@id":"https:\/\/starke-meinungen.de\/blog\/#organization","name":"starke-meinungen.de","url":"https:\/\/starke-meinungen.de\/blog\/","logo":{"@type":"ImageObject","inLanguage":"de","@id":"https:\/\/starke-meinungen.de\/blog\/#\/schema\/logo\/image\/","url":"https:\/\/starke-meinungen.de\/blog\/wp-content\/uploads\/starke-meinungen-fb-header.jpg","contentUrl":"https:\/\/starke-meinungen.de\/blog\/wp-content\/uploads\/starke-meinungen-fb-header.jpg","width":1200,"height":630,"caption":"starke-meinungen.de"},"image":{"@id":"https:\/\/starke-meinungen.de\/blog\/#\/schema\/logo\/image\/"},"sameAs":["https:\/\/www.facebook.com\/starkemeinungen\/","https:\/\/x.com\/starkemeinungen"]},{"@type":"Person","@id":"https:\/\/starke-meinungen.de\/blog\/#\/schema\/person\/32d0faef7c31a37c1c89be993d7a6d28","name":"Alan Posener","image":{"@type":"ImageObject","inLanguage":"de","@id":"https:\/\/secure.gravatar.com\/avatar\/c75c8818a9ab78c4faa75048dba7844e2587998cda4d93f84e7d86f7e21a9b90?s=96&d=mm&r=g","url":"https:\/\/secure.gravatar.com\/avatar\/c75c8818a9ab78c4faa75048dba7844e2587998cda4d93f84e7d86f7e21a9b90?s=96&d=mm&r=g","contentUrl":"https:\/\/secure.gravatar.com\/avatar\/c75c8818a9ab78c4faa75048dba7844e2587998cda4d93f84e7d86f7e21a9b90?s=96&d=mm&r=g","caption":"Alan Posener"},"url":"https:\/\/starke-meinungen.de\/blog\/author\/posener\/"}]}},"_links":{"self":[{"href":"https:\/\/starke-meinungen.de\/blog\/wp-json\/wp\/v2\/posts\/2152","targetHints":{"allow":["GET"]}}],"collection":[{"href":"https:\/\/starke-meinungen.de\/blog\/wp-json\/wp\/v2\/posts"}],"about":[{"href":"https:\/\/starke-meinungen.de\/blog\/wp-json\/wp\/v2\/types\/post"}],"author":[{"embeddable":true,"href":"https:\/\/starke-meinungen.de\/blog\/wp-json\/wp\/v2\/users\/13"}],"replies":[{"embeddable":true,"href":"https:\/\/starke-meinungen.de\/blog\/wp-json\/wp\/v2\/comments?post=2152"}],"version-history":[{"count":1,"href":"https:\/\/starke-meinungen.de\/blog\/wp-json\/wp\/v2\/posts\/2152\/revisions"}],"predecessor-version":[{"id":2153,"href":"https:\/\/starke-meinungen.de\/blog\/wp-json\/wp\/v2\/posts\/2152\/revisions\/2153"}],"wp:attachment":[{"href":"https:\/\/starke-meinungen.de\/blog\/wp-json\/wp\/v2\/media?parent=2152"}],"wp:term":[{"taxonomy":"category","embeddable":true,"href":"https:\/\/starke-meinungen.de\/blog\/wp-json\/wp\/v2\/categories?post=2152"},{"taxonomy":"post_tag","embeddable":true,"href":"https:\/\/starke-meinungen.de\/blog\/wp-json\/wp\/v2\/tags?post=2152"}],"curies":[{"name":"wp","href":"https:\/\/api.w.org\/{rel}","templated":true}]}}