

{"id":17454,"date":"2026-05-02T16:20:34","date_gmt":"2026-05-02T14:20:34","guid":{"rendered":"https:\/\/starke-meinungen.de\/blog\/?p=17454"},"modified":"2026-05-02T16:32:56","modified_gmt":"2026-05-02T14:32:56","slug":"der-mief-des-anti-imperialismus-nicholas-potters-buch-ueber-linken-antisemitismus-eine-lese-empfehlung","status":"publish","type":"post","link":"https:\/\/starke-meinungen.de\/blog\/2026\/05\/02\/der-mief-des-anti-imperialismus-nicholas-potters-buch-ueber-linken-antisemitismus-eine-lese-empfehlung\/","title":{"rendered":"Der Mief des Anti-Imperialismus: Ein Buch \u00fcber linken Antisemitismus. Eine Lese-Empfehlung"},"content":{"rendered":"<p><strong>Als ich noch ein jungdummer Vulg\u00e4r-Antiimperialist war, f\u00fchrte ich ein Interview mit dem damaligen ARD-Nahost-Korrespondenten Friedrich Schreiber. Ich fragte ihn doch tats\u00e4chlich, ob denn Israel nicht irgendwie ein repressiver Polizeistaat sei. Das war damals common sense meiner Redaktion. Daraufhin stauchte mich Schreiber dermassen wirkungsvoll zusammen, dass ich schlagartig vor Scham im Boden versinken wollte, in mich ging und anfing, mich zu bilden.<\/strong> Was manche meiner \u201eantiimperialistischen\u201c Freunde bis heute nicht geschafft haben. Ganz zu schweigen von den heutigen Free Palestine\u2014Aktivisten. Deren kollektiver Wahn in Teilen dessen, was sich selbst f\u00fcr links h\u00e4lt, seine Wiedergeburt in nur schlecht als Israelkritik camoufliertem Judenhass feiert. Der zeigt sich seit dem 7. Oktober 2023 immer unverh\u00fcllter, schamloser und aggressiver in der \u00d6ffentlichkeit.<\/p>\n<p><!--more--><\/p>\n<p>Der Journalist Nicholas Potter, dem man angesichts seiner Auftraggeber (taz, Jungle World, Tagesspiegel, Belltower.News und J\u00fcdische Allgemeine) sicher keine politische Einseitigkeit vorwerfen kann, sieht sich, wenn ich das richtig verstehe, dennoch immer noch als Linker. Er wurde in alternativen Subkulturen sozialisiert, ging gegen Nazis auf die Stra\u00dfe und schrieb \u00fcber Reichsb\u00fcrger und Querdenker. In seinem gerade bei dtv erschienen Buch \u201eDie neue autorit\u00e4re Linke. Eine akute Bedrohung f\u00fcr die demokratische Gesellschaft\u201c schreibt er aus dieser Position heraus gegen jene Denk- und Handlungsmuster derer an, die den Konsens dessen verlassen, was Potter einmal f\u00fcr essenziell f\u00fcr jede linke Bewegung hielt: \u201eMit dogmatischem Eifer deutet sie radikalislamistische terroristische Gewalt zum dekolonialen Widerstand um. Propaganda und Desinformation autokratischer Regime oder zweifelhafter \u201aAlternativmedien\u2018 nimmt sie bereitwillig auf. Wer widerspricht, gilt schnell als Feind, gegen die Presse sch\u00fcrt sie Hass &#8211; bis hin zu Mordaufrufen\u201c, so der Klappentext.<\/p>\n<p><strong>Journalisten werden bedroht<\/strong><\/p>\n<p>Potter hat all das erlebt: Er sei ein \u201eZioNazi\u201c, der zur Rechenschaft gezogen werde. Auf X schrieb beispielsweise jemand, er sehe israelisch genug aus, um ihn an die Front zu schicken \u2013 dort k\u00f6nne er sich vom \u201eWiderstand\u201c in Bratwurst verwandeln lassen. Die Drohungen, die in Berlin gegen ihn plakatiert wurden, sieht er als Symptom der zunehmenden Radikalisierung der Szene.<br \/>\nSchon das Cover seines Buches verweist mit dem roten Dreieck \u2013 mit dem die Hamas ihre Feinde markiert- auf die unverhohlenen Sympathien der Aktivisten f\u00fcr den islamistischen Terror. Die Bedrohung der Pressefreiheit durch Pro-Pal\u00e4stina-Aktivisten nimmt generell zu. Potter zitiert J\u00f6rg Reichel, Landesgesch\u00e4ftsf\u00fchrer der Deutschen Journalisten Union (DJU) Berlin. Der sagt, quantitativ und qualitativ sei die Pal\u00e4stina-Bewegung in ihre Radikalit\u00e4t und Gewaltbereitschaft inzwischen auf Augenh\u00f6he mit den Rechtsextremen. Und wo Journalisten bedroht werden, wird auch die Demokratie bedroht.<\/p>\n<p><strong>Die Netzwerke der autorit\u00e4ren Linken<\/strong><\/p>\n<p>Mit vielen Fallbeispielen, erg\u00e4nzt durch eine detaillierten Quellen-Anhang, zeichnet er ein Bild der Netzwerke, in denen rote und anti-israelische Gruppen zusammenwirken. So riefen etwa am 7.Oktober 2024, dem ersten Jahrestag des Hamas-Massakers, die \u201eKommunistische Organisation\u201c, \u201ePal\u00e4stina spricht\u201c und die \u201eJ\u00fcdische Stimme\u201c zu einer Demonstration in Berlin Kreuzberg auf. Motto: \u201eGlory To The Resistance\u201c. Auch der Antisemitismus in Teilen der Linkspartei ist ein Thema: Potter wertet Chatprotokolle der Linksjugend Solid aus, die ihm zugespielt wurden: Da geht es schon mal um Mordfantasien gegen vermeintliche Feinde im eigenen Lager. Das Gift wire inzwischen lager\u00fcbergreifend: Der Antiimperialismus sei mittlerweile Mainstream geworden: \u201eFr\u00fcher innerhalb geschlossener K-Gruppen der 1970er und 1980er-Jahre gepredigt, gewinnt er heute auch viele junge Menschen abseits klassischer dogmatischer linker Bewegungen. Er erreicht ein Massenpublikum auf Festivalb\u00fchnen, Social Media-Timelines und Gro\u00dfdemonstrationen\u201c.<br \/>\nDie Anh\u00e4ngerschaft dieses Weltbildes, so Potter, wittere \u00fcberall eine zionistische Verschw\u00f6rung und greife damit die Institutionen der liberalen Demokratie an. \u201eDiese werden vor allem als rassistisch, kapitalistisch und imperialistisch wahrgenommen und m\u00fcssen folglich bek\u00e4mpft werden. Was wiederum in der besorgniserregenden Bereitschaft der neuen autorit\u00e4ren Linken sichtbar wird, mit antidemokratischen Akteuren, von Propagandaportalen des Putin-Regimes bis zu bewaffneten islamistischen Gruppen wie der Hamas, zusammenzuarbeiten\u201c. <img loading=\"lazy\" decoding=\"async\" class=\"alignnone wp-image-17456 size-full\" src=\"https:\/\/starke-meinungen.de\/blog\/wp-content\/uploads\/GEDICHT-SHITSTORM.jpg\" alt=\"\" width=\"1936\" height=\"1296\" srcset=\"https:\/\/starke-meinungen.de\/blog\/wp-content\/uploads\/GEDICHT-SHITSTORM.jpg 1936w, https:\/\/starke-meinungen.de\/blog\/wp-content\/uploads\/GEDICHT-SHITSTORM-200x134.jpg 200w, https:\/\/starke-meinungen.de\/blog\/wp-content\/uploads\/GEDICHT-SHITSTORM-445x298.jpg 445w, https:\/\/starke-meinungen.de\/blog\/wp-content\/uploads\/GEDICHT-SHITSTORM-768x514.jpg 768w, https:\/\/starke-meinungen.de\/blog\/wp-content\/uploads\/GEDICHT-SHITSTORM-1536x1028.jpg 1536w\" sizes=\"auto, (max-width: 1936px) 100vw, 1936px\" \/><\/p>\n<p>Vieles mag bekannt sein, aber das Buch ist eine verdienstvolle Zusammenfassung der Strategien und Hinterm\u00e4nner- und Frauen dieser gef\u00e4hrlichen Bewegung. Man mag einwenden, dass Potter sich teils an Gruppen und Gr\u00fcppchen abarbeitet, deren \u00f6ffentliche Relevanz und Resonansz eher marginal erscheine mag. Andererseits: Besser einmal zu viel gewarnt als \u00fcbersehen. W\u00fcnschenswert w\u00e4re auch gewesen, er h\u00e4tte seinen Blick noch mehr auf deutsche Medien geworfen, die mit der autorit\u00e4ren Linken sympathisieren \u2013 etwa die \u201eJunge Welt\u201c oder die \u201eNachdenkseiten\u201c. Wobei ich zugegebenermassen deren Breitenwirkung nicht einsch\u00e4tzen kann.<br \/>\nDas eigentlich Bedenkenswerte steht so nicht im Buch, pr\u00e4gt aber den Geist und die Intention des Textes: Im Gespr\u00e4ch mit dem Tagesspiegel-Journalisten Hannes Soltau hat Potter gesagt. \u201eIch dachte mal, wir w\u00e4ren eine Linke. Und sicher gibt es Teile von ihnen, unter denen ich mich in Deutschland noch wohlf\u00fchle. Aber vor allem international stellt sich f\u00fcr mich die Frage: Mit wem kann ich mich noch auf grunds\u00e4tzliche Werte einigen? Da gibt es einen gro\u00dfen Entfremdungsprozess. Ich nehme das jetzt als Anlass, Linkssein neu zu denken und mich st\u00e4rker auf Inhalte zu fokussieren. Agiert jemand emanzipatorisch oder reaktion\u00e4r? Handelt jemand vern\u00fcnftig oder plump populistisch? Autorit\u00e4r oder antiautorit\u00e4r? Demokratisch oder antidemokratisch? F\u00fcr mich sind dabei liberale Werte ins Zentrum ger\u00fcckt &#8211; Pressefreiheit, universelle Menschenrechte. Linkssein geht nicht ohne Liberalismus\u201c.<\/p>\n<p><strong>Vorhang zu, tief betroffen. Viele Fragen offen<\/strong><\/p>\n<p>Der Ausblick im letzten Kapitel des Buches klingt dementsprechend vorsichtig optimistisch. \u201eEs macht Hoffnung, dass in undogmatischen Teilen der Linken eine Debatte \u00fcber autorit\u00e4re Tendenzen und antisemitische Weltbilder l\u00e4ngst im Gange ist, samt ehrlicher Kritik der eigenen Fehler, zumindest in Deutschland\u201c. Ist das wirklich so? Ich habe meine Zweifel. Beim BSW sicher nicht, bei der Linkspartei \u2026. naja: Mit Vorbehalt. In jedem Fall gibt es noch viel zu tun f\u00fcr Aufkl\u00e4rer und Mahner wie Potter. Auch, weil man die dringend notwenige Kritik am linken Antisemitismus nicht dem rechten Rand \u00fcberlassen sollte, der gern mal Israel-Solidarit\u00e4t und die Verbundenheit mit Juden<br \/>\nheuchelt, in Wirklichkeit aber einfach Araber hasst.<\/p>\n<div class=\"shariff shariff-align-left shariff-widget-align-left shariff-buttonstretch\" style=\"display:none\"><ul class=\"shariff-buttons theme-white orientation-horizontal buttonsize-medium\"><li class=\"shariff-button facebook shariff-nocustomcolor\" style=\"background-color:#4273c8\"><a href=\"https:\/\/www.facebook.com\/sharer\/sharer.php?u=https%3A%2F%2Fstarke-meinungen.de%2Fblog%2F2026%2F05%2F02%2Fder-mief-des-anti-imperialismus-nicholas-potters-buch-ueber-linken-antisemitismus-eine-lese-empfehlung%2F\" title=\"Bei Facebook teilen\" aria-label=\"Bei Facebook teilen\" role=\"button\" rel=\"nofollow\" class=\"shariff-link\" style=\"; background-color:#3b5998; color:#3b5998\" target=\"_blank\"><span class=\"shariff-icon\" style=\"fill:#3b5998\"><svg width=\"32px\" height=\"20px\" xmlns=\"http:\/\/www.w3.org\/2000\/svg\" viewBox=\"0 0 18 32\"><path fill=\"#3b5998\" d=\"M17.1 0.2v4.7h-2.8q-1.5 0-2.1 0.6t-0.5 1.9v3.4h5.2l-0.7 5.3h-4.5v13.6h-5.5v-13.6h-4.5v-5.3h4.5v-3.9q0-3.3 1.9-5.2t5-1.8q2.6 0 4.1 0.2z\"\/><\/svg><\/span><span class=\"shariff-text\" style=\"color:#3b5998\">teilen<\/span>&nbsp;<\/a><\/li><li class=\"shariff-button twitter shariff-nocustomcolor\" style=\"background-color:#595959\"><a href=\"https:\/\/twitter.com\/share?url=https%3A%2F%2Fstarke-meinungen.de%2Fblog%2F2026%2F05%2F02%2Fder-mief-des-anti-imperialismus-nicholas-potters-buch-ueber-linken-antisemitismus-eine-lese-empfehlung%2F&text=Der%20Mief%20des%20Anti-Imperialismus%3A%20Ein%20Buch%20%C3%BCber%20linken%20Antisemitismus.%20Eine%20Lese-Empfehlung&via=starkemeinungen\" title=\"Bei X teilen\" aria-label=\"Bei X teilen\" role=\"button\" rel=\"noopener nofollow\" class=\"shariff-link\" style=\"; background-color:#000; color:#000\" target=\"_blank\"><span class=\"shariff-icon\" style=\"fill:#000\"><svg width=\"32px\" height=\"20px\" xmlns=\"http:\/\/www.w3.org\/2000\/svg\" viewBox=\"0 0 24 24\"><path fill=\"#000\" d=\"M14.258 10.152L23.176 0h-2.113l-7.747 8.813L7.133 0H0l9.352 13.328L0 23.973h2.113l8.176-9.309 6.531 9.309h7.133zm-2.895 3.293l-.949-1.328L2.875 1.56h3.246l6.086 8.523.945 1.328 7.91 11.078h-3.246zm0 0\"\/><\/svg><\/span><span class=\"shariff-text\" style=\"color:#000\">teilen<\/span>&nbsp;<\/a><\/li><li class=\"shariff-button linkedin shariff-nocustomcolor\" style=\"background-color:#1488bf\"><a href=\"https:\/\/www.linkedin.com\/sharing\/share-offsite\/?url=https%3A%2F%2Fstarke-meinungen.de%2Fblog%2F2026%2F05%2F02%2Fder-mief-des-anti-imperialismus-nicholas-potters-buch-ueber-linken-antisemitismus-eine-lese-empfehlung%2F\" title=\"Bei LinkedIn teilen\" aria-label=\"Bei LinkedIn teilen\" role=\"button\" rel=\"noopener nofollow\" class=\"shariff-link\" style=\"; background-color:#0077b5; color:#0077b5\" target=\"_blank\"><span class=\"shariff-icon\" style=\"fill:#0077b5\"><svg width=\"32px\" height=\"20px\" xmlns=\"http:\/\/www.w3.org\/2000\/svg\" viewBox=\"0 0 27 32\"><path fill=\"#0077b5\" d=\"M6.2 11.2v17.7h-5.9v-17.7h5.9zM6.6 5.7q0 1.3-0.9 2.2t-2.4 0.9h0q-1.5 0-2.4-0.9t-0.9-2.2 0.9-2.2 2.4-0.9 2.4 0.9 0.9 2.2zM27.4 18.7v10.1h-5.9v-9.5q0-1.9-0.7-2.9t-2.3-1.1q-1.1 0-1.9 0.6t-1.2 1.5q-0.2 0.5-0.2 1.4v9.9h-5.9q0-7.1 0-11.6t0-5.3l0-0.9h5.9v2.6h0q0.4-0.6 0.7-1t1-0.9 1.6-0.8 2-0.3q3 0 4.9 2t1.9 6z\"\/><\/svg><\/span><span class=\"shariff-text\" style=\"color:#0077b5\">teilen<\/span>&nbsp;<\/a><\/li><li class=\"shariff-button xing shariff-nocustomcolor\" style=\"background-color:#29888a\"><a href=\"https:\/\/www.xing.com\/spi\/shares\/new?url=https%3A%2F%2Fstarke-meinungen.de%2Fblog%2F2026%2F05%2F02%2Fder-mief-des-anti-imperialismus-nicholas-potters-buch-ueber-linken-antisemitismus-eine-lese-empfehlung%2F\" title=\"Bei XING teilen\" aria-label=\"Bei XING teilen\" role=\"button\" rel=\"noopener nofollow\" class=\"shariff-link\" style=\"; background-color:#126567; color:#126567\" target=\"_blank\"><span class=\"shariff-icon\" style=\"fill:#126567\"><svg width=\"32px\" height=\"20px\" xmlns=\"http:\/\/www.w3.org\/2000\/svg\" viewBox=\"0 0 25 32\"><path fill=\"#126567\" d=\"M10.7 11.9q-0.2 0.3-4.6 8.2-0.5 0.8-1.2 0.8h-4.3q-0.4 0-0.5-0.3t0-0.6l4.5-8q0 0 0 0l-2.9-5q-0.2-0.4 0-0.7 0.2-0.3 0.5-0.3h4.3q0.7 0 1.2 0.8zM25.1 0.4q0.2 0.3 0 0.7l-9.4 16.7 6 11q0.2 0.4 0 0.6-0.2 0.3-0.6 0.3h-4.3q-0.7 0-1.2-0.8l-6-11.1q0.3-0.6 9.5-16.8 0.4-0.8 1.2-0.8h4.3q0.4 0 0.5 0.3z\"\/><\/svg><\/span><span class=\"shariff-text\" style=\"color:#126567\">teilen<\/span>&nbsp;<\/a><\/li><li class=\"shariff-button whatsapp shariff-nocustomcolor\" style=\"background-color:#5cbe4a\"><a href=\"https:\/\/api.whatsapp.com\/send?text=https%3A%2F%2Fstarke-meinungen.de%2Fblog%2F2026%2F05%2F02%2Fder-mief-des-anti-imperialismus-nicholas-potters-buch-ueber-linken-antisemitismus-eine-lese-empfehlung%2F%20Der%20Mief%20des%20Anti-Imperialismus%3A%20Ein%20Buch%20%C3%BCber%20linken%20Antisemitismus.%20Eine%20Lese-Empfehlung\" title=\"Bei Whatsapp teilen\" aria-label=\"Bei Whatsapp teilen\" role=\"button\" rel=\"noopener nofollow\" class=\"shariff-link\" style=\"; background-color:#34af23; color:#34af23\" target=\"_blank\"><span class=\"shariff-icon\" style=\"fill:#34af23\"><svg width=\"32px\" height=\"20px\" xmlns=\"http:\/\/www.w3.org\/2000\/svg\" viewBox=\"0 0 32 32\"><path fill=\"#34af23\" d=\"M17.6 17.4q0.2 0 1.7 0.8t1.6 0.9q0 0.1 0 0.3 0 0.6-0.3 1.4-0.3 0.7-1.3 1.2t-1.8 0.5q-1 0-3.4-1.1-1.7-0.8-3-2.1t-2.6-3.3q-1.3-1.9-1.3-3.5v-0.1q0.1-1.6 1.3-2.8 0.4-0.4 0.9-0.4 0.1 0 0.3 0t0.3 0q0.3 0 0.5 0.1t0.3 0.5q0.1 0.4 0.6 1.6t0.4 1.3q0 0.4-0.6 1t-0.6 0.8q0 0.1 0.1 0.3 0.6 1.3 1.8 2.4 1 0.9 2.7 1.8 0.2 0.1 0.4 0.1 0.3 0 1-0.9t0.9-0.9zM14 26.9q2.3 0 4.3-0.9t3.6-2.4 2.4-3.6 0.9-4.3-0.9-4.3-2.4-3.6-3.6-2.4-4.3-0.9-4.3 0.9-3.6 2.4-2.4 3.6-0.9 4.3q0 3.6 2.1 6.6l-1.4 4.2 4.3-1.4q2.8 1.9 6.2 1.9zM14 2.2q2.7 0 5.2 1.1t4.3 2.9 2.9 4.3 1.1 5.2-1.1 5.2-2.9 4.3-4.3 2.9-5.2 1.1q-3.5 0-6.5-1.7l-7.4 2.4 2.4-7.2q-1.9-3.2-1.9-6.9 0-2.7 1.1-5.2t2.9-4.3 4.3-2.9 5.2-1.1z\"\/><\/svg><\/span><span class=\"shariff-text\" style=\"color:#34af23\">teilen<\/span>&nbsp;<\/a><\/li><li class=\"shariff-button info shariff-nocustomcolor\" style=\"background-color:#a8a8a8\"><a href=\"http:\/\/ct.de\/-2467514\" title=\"Weitere Informationen\" aria-label=\"Weitere Informationen\" role=\"button\" rel=\"noopener \" class=\"shariff-link\" style=\"; background-color:#999; color:#999\" target=\"_blank\"><span class=\"shariff-icon\" style=\"fill:#999\"><svg width=\"32px\" height=\"20px\" xmlns=\"http:\/\/www.w3.org\/2000\/svg\" viewBox=\"0 0 11 32\"><path fill=\"#999\" d=\"M11.4 24v2.3q0 0.5-0.3 0.8t-0.8 0.4h-9.1q-0.5 0-0.8-0.4t-0.4-0.8v-2.3q0-0.5 0.4-0.8t0.8-0.4h1.1v-6.8h-1.1q-0.5 0-0.8-0.4t-0.4-0.8v-2.3q0-0.5 0.4-0.8t0.8-0.4h6.8q0.5 0 0.8 0.4t0.4 0.8v10.3h1.1q0.5 0 0.8 0.4t0.3 0.8zM9.2 3.4v3.4q0 0.5-0.4 0.8t-0.8 0.4h-4.6q-0.4 0-0.8-0.4t-0.4-0.8v-3.4q0-0.4 0.4-0.8t0.8-0.4h4.6q0.5 0 0.8 0.4t0.4 0.8z\"\/><\/svg><\/span><\/a><\/li><\/ul><\/div>","protected":false},"excerpt":{"rendered":"<p>Als ich noch ein jungdummer Vulg\u00e4r-Antiimperialist war, f\u00fchrte ich ein Interview mit dem damaligen ARD-Nahost-Korrespondenten Friedrich Schreiber. Ich fragte ihn doch tats\u00e4chlich, ob denn Israel nicht irgendwie ein repressiver Polizeistaat sei. Das war damals common sense meiner Redaktion. Daraufhin stauchte mich Schreiber dermassen wirkungsvoll zusammen, dass ich schlagartig vor Scham im Boden versinken wollte, in mich ging und anfing, mich&#8230; <a href=\"https:\/\/starke-meinungen.de\/blog\/2026\/05\/02\/der-mief-des-anti-imperialismus-nicholas-potters-buch-ueber-linken-antisemitismus-eine-lese-empfehlung\/\">Weiterlesen &raquo;<\/a><\/p>\n","protected":false},"author":57,"featured_media":17455,"comment_status":"open","ping_status":"open","sticky":false,"template":"","format":"standard","meta":{"footnotes":""},"categories":[1],"tags":[],"class_list":["post-17454","post","type-post","status-publish","format-standard","has-post-thumbnail","hentry","category-allgemein"],"yoast_head":"<!-- This site is optimized with the Yoast SEO plugin v27.5 - https:\/\/yoast.com\/product\/yoast-seo-wordpress\/ -->\n<title>Der Mief des Anti-Imperialismus: Ein Buch \u00fcber linken Antisemitismus. Eine Lese-Empfehlung - starke-meinungen.de<\/title>\n<meta name=\"robots\" content=\"index, follow, max-snippet:-1, max-image-preview:large, max-video-preview:-1\" \/>\n<link rel=\"canonical\" href=\"https:\/\/starke-meinungen.de\/blog\/2026\/05\/02\/der-mief-des-anti-imperialismus-nicholas-potters-buch-ueber-linken-antisemitismus-eine-lese-empfehlung\/\" \/>\n<meta property=\"og:locale\" content=\"de_DE\" \/>\n<meta property=\"og:type\" content=\"article\" \/>\n<meta property=\"og:title\" content=\"Der Mief des Anti-Imperialismus: Ein Buch \u00fcber linken Antisemitismus. Eine Lese-Empfehlung - starke-meinungen.de\" \/>\n<meta property=\"og:description\" content=\"Als ich noch ein jungdummer Vulg\u00e4r-Antiimperialist war, f\u00fchrte ich ein Interview mit dem damaligen ARD-Nahost-Korrespondenten Friedrich Schreiber. Ich fragte ihn doch tats\u00e4chlich, ob denn Israel nicht irgendwie ein repressiver Polizeistaat sei. Das war damals common sense meiner Redaktion. Daraufhin stauchte mich Schreiber dermassen wirkungsvoll zusammen, dass ich schlagartig vor Scham im Boden versinken wollte, in mich ging und anfing, mich... Weiterlesen &raquo;\" \/>\n<meta property=\"og:url\" content=\"https:\/\/starke-meinungen.de\/blog\/2026\/05\/02\/der-mief-des-anti-imperialismus-nicholas-potters-buch-ueber-linken-antisemitismus-eine-lese-empfehlung\/\" \/>\n<meta property=\"og:site_name\" content=\"starke-meinungen.de\" \/>\n<meta property=\"article:publisher\" content=\"https:\/\/www.facebook.com\/starkemeinungen\/\" \/>\n<meta property=\"article:published_time\" content=\"2026-05-02T14:20:34+00:00\" \/>\n<meta property=\"article:modified_time\" content=\"2026-05-02T14:32:56+00:00\" \/>\n<meta property=\"og:image\" content=\"https:\/\/starke-meinungen.de\/blog\/wp-content\/uploads\/apotter.jpg\" \/>\n\t<meta property=\"og:image:width\" content=\"988\" \/>\n\t<meta property=\"og:image:height\" content=\"1500\" \/>\n\t<meta property=\"og:image:type\" content=\"image\/jpeg\" \/>\n<meta name=\"author\" content=\"Thomas Zimmer\" \/>\n<meta name=\"twitter:card\" content=\"summary_large_image\" \/>\n<meta name=\"twitter:creator\" content=\"@starkemeinungen\" \/>\n<meta name=\"twitter:site\" content=\"@starkemeinungen\" \/>\n<meta name=\"twitter:label1\" content=\"Verfasst von\" \/>\n\t<meta name=\"twitter:data1\" content=\"Thomas Zimmer\" \/>\n\t<meta name=\"twitter:label2\" content=\"Gesch\u00e4tzte Lesezeit\" \/>\n\t<meta name=\"twitter:data2\" content=\"6\u00a0Minuten\" \/>\n<script type=\"application\/ld+json\" class=\"yoast-schema-graph\">{\"@context\":\"https:\\\/\\\/schema.org\",\"@graph\":[{\"@type\":\"Article\",\"@id\":\"https:\\\/\\\/starke-meinungen.de\\\/blog\\\/2026\\\/05\\\/02\\\/der-mief-des-anti-imperialismus-nicholas-potters-buch-ueber-linken-antisemitismus-eine-lese-empfehlung\\\/#article\",\"isPartOf\":{\"@id\":\"https:\\\/\\\/starke-meinungen.de\\\/blog\\\/2026\\\/05\\\/02\\\/der-mief-des-anti-imperialismus-nicholas-potters-buch-ueber-linken-antisemitismus-eine-lese-empfehlung\\\/\"},\"author\":{\"name\":\"Thomas Zimmer\",\"@id\":\"https:\\\/\\\/starke-meinungen.de\\\/blog\\\/#\\\/schema\\\/person\\\/e99bb72e8618e5a63afd0cbf730ca3e0\"},\"headline\":\"Der Mief des Anti-Imperialismus: Ein Buch \u00fcber linken Antisemitismus. Eine Lese-Empfehlung\",\"datePublished\":\"2026-05-02T14:20:34+00:00\",\"dateModified\":\"2026-05-02T14:32:56+00:00\",\"mainEntityOfPage\":{\"@id\":\"https:\\\/\\\/starke-meinungen.de\\\/blog\\\/2026\\\/05\\\/02\\\/der-mief-des-anti-imperialismus-nicholas-potters-buch-ueber-linken-antisemitismus-eine-lese-empfehlung\\\/\"},\"wordCount\":993,\"commentCount\":0,\"publisher\":{\"@id\":\"https:\\\/\\\/starke-meinungen.de\\\/blog\\\/#organization\"},\"image\":{\"@id\":\"https:\\\/\\\/starke-meinungen.de\\\/blog\\\/2026\\\/05\\\/02\\\/der-mief-des-anti-imperialismus-nicholas-potters-buch-ueber-linken-antisemitismus-eine-lese-empfehlung\\\/#primaryimage\"},\"thumbnailUrl\":\"https:\\\/\\\/starke-meinungen.de\\\/blog\\\/wp-content\\\/uploads\\\/apotter.jpg\",\"inLanguage\":\"de\",\"potentialAction\":[{\"@type\":\"CommentAction\",\"name\":\"Comment\",\"target\":[\"https:\\\/\\\/starke-meinungen.de\\\/blog\\\/2026\\\/05\\\/02\\\/der-mief-des-anti-imperialismus-nicholas-potters-buch-ueber-linken-antisemitismus-eine-lese-empfehlung\\\/#respond\"]}]},{\"@type\":\"WebPage\",\"@id\":\"https:\\\/\\\/starke-meinungen.de\\\/blog\\\/2026\\\/05\\\/02\\\/der-mief-des-anti-imperialismus-nicholas-potters-buch-ueber-linken-antisemitismus-eine-lese-empfehlung\\\/\",\"url\":\"https:\\\/\\\/starke-meinungen.de\\\/blog\\\/2026\\\/05\\\/02\\\/der-mief-des-anti-imperialismus-nicholas-potters-buch-ueber-linken-antisemitismus-eine-lese-empfehlung\\\/\",\"name\":\"Der Mief des Anti-Imperialismus: Ein Buch \u00fcber linken Antisemitismus. Eine Lese-Empfehlung - starke-meinungen.de\",\"isPartOf\":{\"@id\":\"https:\\\/\\\/starke-meinungen.de\\\/blog\\\/#website\"},\"primaryImageOfPage\":{\"@id\":\"https:\\\/\\\/starke-meinungen.de\\\/blog\\\/2026\\\/05\\\/02\\\/der-mief-des-anti-imperialismus-nicholas-potters-buch-ueber-linken-antisemitismus-eine-lese-empfehlung\\\/#primaryimage\"},\"image\":{\"@id\":\"https:\\\/\\\/starke-meinungen.de\\\/blog\\\/2026\\\/05\\\/02\\\/der-mief-des-anti-imperialismus-nicholas-potters-buch-ueber-linken-antisemitismus-eine-lese-empfehlung\\\/#primaryimage\"},\"thumbnailUrl\":\"https:\\\/\\\/starke-meinungen.de\\\/blog\\\/wp-content\\\/uploads\\\/apotter.jpg\",\"datePublished\":\"2026-05-02T14:20:34+00:00\",\"dateModified\":\"2026-05-02T14:32:56+00:00\",\"breadcrumb\":{\"@id\":\"https:\\\/\\\/starke-meinungen.de\\\/blog\\\/2026\\\/05\\\/02\\\/der-mief-des-anti-imperialismus-nicholas-potters-buch-ueber-linken-antisemitismus-eine-lese-empfehlung\\\/#breadcrumb\"},\"inLanguage\":\"de\",\"potentialAction\":[{\"@type\":\"ReadAction\",\"target\":[\"https:\\\/\\\/starke-meinungen.de\\\/blog\\\/2026\\\/05\\\/02\\\/der-mief-des-anti-imperialismus-nicholas-potters-buch-ueber-linken-antisemitismus-eine-lese-empfehlung\\\/\"]}]},{\"@type\":\"ImageObject\",\"inLanguage\":\"de\",\"@id\":\"https:\\\/\\\/starke-meinungen.de\\\/blog\\\/2026\\\/05\\\/02\\\/der-mief-des-anti-imperialismus-nicholas-potters-buch-ueber-linken-antisemitismus-eine-lese-empfehlung\\\/#primaryimage\",\"url\":\"https:\\\/\\\/starke-meinungen.de\\\/blog\\\/wp-content\\\/uploads\\\/apotter.jpg\",\"contentUrl\":\"https:\\\/\\\/starke-meinungen.de\\\/blog\\\/wp-content\\\/uploads\\\/apotter.jpg\",\"width\":988,\"height\":1500},{\"@type\":\"BreadcrumbList\",\"@id\":\"https:\\\/\\\/starke-meinungen.de\\\/blog\\\/2026\\\/05\\\/02\\\/der-mief-des-anti-imperialismus-nicholas-potters-buch-ueber-linken-antisemitismus-eine-lese-empfehlung\\\/#breadcrumb\",\"itemListElement\":[{\"@type\":\"ListItem\",\"position\":1,\"name\":\"Startseite\",\"item\":\"https:\\\/\\\/starke-meinungen.de\\\/blog\\\/\"},{\"@type\":\"ListItem\",\"position\":2,\"name\":\"Der Mief des Anti-Imperialismus: Ein Buch \u00fcber linken Antisemitismus. Eine Lese-Empfehlung\"}]},{\"@type\":\"WebSite\",\"@id\":\"https:\\\/\\\/starke-meinungen.de\\\/blog\\\/#website\",\"url\":\"https:\\\/\\\/starke-meinungen.de\\\/blog\\\/\",\"name\":\"starke-meinungen.de\",\"description\":\"Autoren-Blog\",\"publisher\":{\"@id\":\"https:\\\/\\\/starke-meinungen.de\\\/blog\\\/#organization\"},\"potentialAction\":[{\"@type\":\"SearchAction\",\"target\":{\"@type\":\"EntryPoint\",\"urlTemplate\":\"https:\\\/\\\/starke-meinungen.de\\\/blog\\\/?s={search_term_string}\"},\"query-input\":{\"@type\":\"PropertyValueSpecification\",\"valueRequired\":true,\"valueName\":\"search_term_string\"}}],\"inLanguage\":\"de\"},{\"@type\":\"Organization\",\"@id\":\"https:\\\/\\\/starke-meinungen.de\\\/blog\\\/#organization\",\"name\":\"starke-meinungen.de\",\"url\":\"https:\\\/\\\/starke-meinungen.de\\\/blog\\\/\",\"logo\":{\"@type\":\"ImageObject\",\"inLanguage\":\"de\",\"@id\":\"https:\\\/\\\/starke-meinungen.de\\\/blog\\\/#\\\/schema\\\/logo\\\/image\\\/\",\"url\":\"https:\\\/\\\/starke-meinungen.de\\\/blog\\\/wp-content\\\/uploads\\\/starke-meinungen-fb-header.jpg\",\"contentUrl\":\"https:\\\/\\\/starke-meinungen.de\\\/blog\\\/wp-content\\\/uploads\\\/starke-meinungen-fb-header.jpg\",\"width\":1200,\"height\":630,\"caption\":\"starke-meinungen.de\"},\"image\":{\"@id\":\"https:\\\/\\\/starke-meinungen.de\\\/blog\\\/#\\\/schema\\\/logo\\\/image\\\/\"},\"sameAs\":[\"https:\\\/\\\/www.facebook.com\\\/starkemeinungen\\\/\",\"https:\\\/\\\/x.com\\\/starkemeinungen\"]},{\"@type\":\"Person\",\"@id\":\"https:\\\/\\\/starke-meinungen.de\\\/blog\\\/#\\\/schema\\\/person\\\/e99bb72e8618e5a63afd0cbf730ca3e0\",\"name\":\"Thomas Zimmer\",\"image\":{\"@type\":\"ImageObject\",\"inLanguage\":\"de\",\"@id\":\"https:\\\/\\\/secure.gravatar.com\\\/avatar\\\/0d4594150054fc28e87052d9b05bb3e6228f137d49b5cdfa0bac4527d9e26692?s=96&d=mm&r=g\",\"url\":\"https:\\\/\\\/secure.gravatar.com\\\/avatar\\\/0d4594150054fc28e87052d9b05bb3e6228f137d49b5cdfa0bac4527d9e26692?s=96&d=mm&r=g\",\"contentUrl\":\"https:\\\/\\\/secure.gravatar.com\\\/avatar\\\/0d4594150054fc28e87052d9b05bb3e6228f137d49b5cdfa0bac4527d9e26692?s=96&d=mm&r=g\",\"caption\":\"Thomas Zimmer\"},\"description\":\"Wollte mal Lehrer werden. Anglistik und Geschichte studiert, mangels Arbeitsplatz Journalist geworden und das sogar mit an- und abschwellender Leidenschaft. Erst Radio, dann Print. Alles, nur nicht Wirtschaft und Sport. Vorzugsweise Rock, Pop und Folk. Vier Semester Dozent f\u00fcr Pop- und Rockgeschichte an der Musikhochschule Karlsruhe. Biografie des BAP-Drummers J\u00fcrgen Z\u00f6ller und ein Buch mit Konzertkritiken aus 20 Jahren. Interviews mit Rock-Gr\u00f6\u00dfen wie Phil Collins, Ian Gillan, Beth Hart u.v.a. Interview-Podcast \u201eDas Ohr h\u00f6rt mit\u201c - mit Musikern und anderen Kulturmenschen. Bei \\\"Starke Meinungen\\\" schreibe ich \u00fcber alles, was mir gerade durch den Kopf rauscht. Podcast hier: https:\\\/\\\/open.spotify.com\\\/episode\\\/18TWjOfWR07gezCpidAsKV Homepage: www.thomaszimmermusik.de\",\"sameAs\":[\"http:\\\/\\\/thomaszimmermusik.de\"],\"url\":\"https:\\\/\\\/starke-meinungen.de\\\/blog\\\/author\\\/zimmer\\\/\"}]}<\/script>\n<!-- \/ Yoast SEO plugin. -->","yoast_head_json":{"title":"Der Mief des Anti-Imperialismus: Ein Buch \u00fcber linken Antisemitismus. Eine Lese-Empfehlung - starke-meinungen.de","robots":{"index":"index","follow":"follow","max-snippet":"max-snippet:-1","max-image-preview":"max-image-preview:large","max-video-preview":"max-video-preview:-1"},"canonical":"https:\/\/starke-meinungen.de\/blog\/2026\/05\/02\/der-mief-des-anti-imperialismus-nicholas-potters-buch-ueber-linken-antisemitismus-eine-lese-empfehlung\/","og_locale":"de_DE","og_type":"article","og_title":"Der Mief des Anti-Imperialismus: Ein Buch \u00fcber linken Antisemitismus. Eine Lese-Empfehlung - starke-meinungen.de","og_description":"Als ich noch ein jungdummer Vulg\u00e4r-Antiimperialist war, f\u00fchrte ich ein Interview mit dem damaligen ARD-Nahost-Korrespondenten Friedrich Schreiber. Ich fragte ihn doch tats\u00e4chlich, ob denn Israel nicht irgendwie ein repressiver Polizeistaat sei. Das war damals common sense meiner Redaktion. Daraufhin stauchte mich Schreiber dermassen wirkungsvoll zusammen, dass ich schlagartig vor Scham im Boden versinken wollte, in mich ging und anfing, mich... Weiterlesen &raquo;","og_url":"https:\/\/starke-meinungen.de\/blog\/2026\/05\/02\/der-mief-des-anti-imperialismus-nicholas-potters-buch-ueber-linken-antisemitismus-eine-lese-empfehlung\/","og_site_name":"starke-meinungen.de","article_publisher":"https:\/\/www.facebook.com\/starkemeinungen\/","article_published_time":"2026-05-02T14:20:34+00:00","article_modified_time":"2026-05-02T14:32:56+00:00","og_image":[{"width":988,"height":1500,"url":"https:\/\/starke-meinungen.de\/blog\/wp-content\/uploads\/apotter.jpg","type":"image\/jpeg"}],"author":"Thomas Zimmer","twitter_card":"summary_large_image","twitter_creator":"@starkemeinungen","twitter_site":"@starkemeinungen","twitter_misc":{"Verfasst von":"Thomas Zimmer","Gesch\u00e4tzte Lesezeit":"6\u00a0Minuten"},"schema":{"@context":"https:\/\/schema.org","@graph":[{"@type":"Article","@id":"https:\/\/starke-meinungen.de\/blog\/2026\/05\/02\/der-mief-des-anti-imperialismus-nicholas-potters-buch-ueber-linken-antisemitismus-eine-lese-empfehlung\/#article","isPartOf":{"@id":"https:\/\/starke-meinungen.de\/blog\/2026\/05\/02\/der-mief-des-anti-imperialismus-nicholas-potters-buch-ueber-linken-antisemitismus-eine-lese-empfehlung\/"},"author":{"name":"Thomas Zimmer","@id":"https:\/\/starke-meinungen.de\/blog\/#\/schema\/person\/e99bb72e8618e5a63afd0cbf730ca3e0"},"headline":"Der Mief des Anti-Imperialismus: Ein Buch \u00fcber linken Antisemitismus. Eine Lese-Empfehlung","datePublished":"2026-05-02T14:20:34+00:00","dateModified":"2026-05-02T14:32:56+00:00","mainEntityOfPage":{"@id":"https:\/\/starke-meinungen.de\/blog\/2026\/05\/02\/der-mief-des-anti-imperialismus-nicholas-potters-buch-ueber-linken-antisemitismus-eine-lese-empfehlung\/"},"wordCount":993,"commentCount":0,"publisher":{"@id":"https:\/\/starke-meinungen.de\/blog\/#organization"},"image":{"@id":"https:\/\/starke-meinungen.de\/blog\/2026\/05\/02\/der-mief-des-anti-imperialismus-nicholas-potters-buch-ueber-linken-antisemitismus-eine-lese-empfehlung\/#primaryimage"},"thumbnailUrl":"https:\/\/starke-meinungen.de\/blog\/wp-content\/uploads\/apotter.jpg","inLanguage":"de","potentialAction":[{"@type":"CommentAction","name":"Comment","target":["https:\/\/starke-meinungen.de\/blog\/2026\/05\/02\/der-mief-des-anti-imperialismus-nicholas-potters-buch-ueber-linken-antisemitismus-eine-lese-empfehlung\/#respond"]}]},{"@type":"WebPage","@id":"https:\/\/starke-meinungen.de\/blog\/2026\/05\/02\/der-mief-des-anti-imperialismus-nicholas-potters-buch-ueber-linken-antisemitismus-eine-lese-empfehlung\/","url":"https:\/\/starke-meinungen.de\/blog\/2026\/05\/02\/der-mief-des-anti-imperialismus-nicholas-potters-buch-ueber-linken-antisemitismus-eine-lese-empfehlung\/","name":"Der Mief des Anti-Imperialismus: Ein Buch \u00fcber linken Antisemitismus. Eine Lese-Empfehlung - starke-meinungen.de","isPartOf":{"@id":"https:\/\/starke-meinungen.de\/blog\/#website"},"primaryImageOfPage":{"@id":"https:\/\/starke-meinungen.de\/blog\/2026\/05\/02\/der-mief-des-anti-imperialismus-nicholas-potters-buch-ueber-linken-antisemitismus-eine-lese-empfehlung\/#primaryimage"},"image":{"@id":"https:\/\/starke-meinungen.de\/blog\/2026\/05\/02\/der-mief-des-anti-imperialismus-nicholas-potters-buch-ueber-linken-antisemitismus-eine-lese-empfehlung\/#primaryimage"},"thumbnailUrl":"https:\/\/starke-meinungen.de\/blog\/wp-content\/uploads\/apotter.jpg","datePublished":"2026-05-02T14:20:34+00:00","dateModified":"2026-05-02T14:32:56+00:00","breadcrumb":{"@id":"https:\/\/starke-meinungen.de\/blog\/2026\/05\/02\/der-mief-des-anti-imperialismus-nicholas-potters-buch-ueber-linken-antisemitismus-eine-lese-empfehlung\/#breadcrumb"},"inLanguage":"de","potentialAction":[{"@type":"ReadAction","target":["https:\/\/starke-meinungen.de\/blog\/2026\/05\/02\/der-mief-des-anti-imperialismus-nicholas-potters-buch-ueber-linken-antisemitismus-eine-lese-empfehlung\/"]}]},{"@type":"ImageObject","inLanguage":"de","@id":"https:\/\/starke-meinungen.de\/blog\/2026\/05\/02\/der-mief-des-anti-imperialismus-nicholas-potters-buch-ueber-linken-antisemitismus-eine-lese-empfehlung\/#primaryimage","url":"https:\/\/starke-meinungen.de\/blog\/wp-content\/uploads\/apotter.jpg","contentUrl":"https:\/\/starke-meinungen.de\/blog\/wp-content\/uploads\/apotter.jpg","width":988,"height":1500},{"@type":"BreadcrumbList","@id":"https:\/\/starke-meinungen.de\/blog\/2026\/05\/02\/der-mief-des-anti-imperialismus-nicholas-potters-buch-ueber-linken-antisemitismus-eine-lese-empfehlung\/#breadcrumb","itemListElement":[{"@type":"ListItem","position":1,"name":"Startseite","item":"https:\/\/starke-meinungen.de\/blog\/"},{"@type":"ListItem","position":2,"name":"Der Mief des Anti-Imperialismus: Ein Buch \u00fcber linken Antisemitismus. Eine Lese-Empfehlung"}]},{"@type":"WebSite","@id":"https:\/\/starke-meinungen.de\/blog\/#website","url":"https:\/\/starke-meinungen.de\/blog\/","name":"starke-meinungen.de","description":"Autoren-Blog","publisher":{"@id":"https:\/\/starke-meinungen.de\/blog\/#organization"},"potentialAction":[{"@type":"SearchAction","target":{"@type":"EntryPoint","urlTemplate":"https:\/\/starke-meinungen.de\/blog\/?s={search_term_string}"},"query-input":{"@type":"PropertyValueSpecification","valueRequired":true,"valueName":"search_term_string"}}],"inLanguage":"de"},{"@type":"Organization","@id":"https:\/\/starke-meinungen.de\/blog\/#organization","name":"starke-meinungen.de","url":"https:\/\/starke-meinungen.de\/blog\/","logo":{"@type":"ImageObject","inLanguage":"de","@id":"https:\/\/starke-meinungen.de\/blog\/#\/schema\/logo\/image\/","url":"https:\/\/starke-meinungen.de\/blog\/wp-content\/uploads\/starke-meinungen-fb-header.jpg","contentUrl":"https:\/\/starke-meinungen.de\/blog\/wp-content\/uploads\/starke-meinungen-fb-header.jpg","width":1200,"height":630,"caption":"starke-meinungen.de"},"image":{"@id":"https:\/\/starke-meinungen.de\/blog\/#\/schema\/logo\/image\/"},"sameAs":["https:\/\/www.facebook.com\/starkemeinungen\/","https:\/\/x.com\/starkemeinungen"]},{"@type":"Person","@id":"https:\/\/starke-meinungen.de\/blog\/#\/schema\/person\/e99bb72e8618e5a63afd0cbf730ca3e0","name":"Thomas Zimmer","image":{"@type":"ImageObject","inLanguage":"de","@id":"https:\/\/secure.gravatar.com\/avatar\/0d4594150054fc28e87052d9b05bb3e6228f137d49b5cdfa0bac4527d9e26692?s=96&d=mm&r=g","url":"https:\/\/secure.gravatar.com\/avatar\/0d4594150054fc28e87052d9b05bb3e6228f137d49b5cdfa0bac4527d9e26692?s=96&d=mm&r=g","contentUrl":"https:\/\/secure.gravatar.com\/avatar\/0d4594150054fc28e87052d9b05bb3e6228f137d49b5cdfa0bac4527d9e26692?s=96&d=mm&r=g","caption":"Thomas Zimmer"},"description":"Wollte mal Lehrer werden. Anglistik und Geschichte studiert, mangels Arbeitsplatz Journalist geworden und das sogar mit an- und abschwellender Leidenschaft. Erst Radio, dann Print. Alles, nur nicht Wirtschaft und Sport. Vorzugsweise Rock, Pop und Folk. Vier Semester Dozent f\u00fcr Pop- und Rockgeschichte an der Musikhochschule Karlsruhe. Biografie des BAP-Drummers J\u00fcrgen Z\u00f6ller und ein Buch mit Konzertkritiken aus 20 Jahren. Interviews mit Rock-Gr\u00f6\u00dfen wie Phil Collins, Ian Gillan, Beth Hart u.v.a. Interview-Podcast \u201eDas Ohr h\u00f6rt mit\u201c - mit Musikern und anderen Kulturmenschen. Bei \"Starke Meinungen\" schreibe ich \u00fcber alles, was mir gerade durch den Kopf rauscht. Podcast hier: https:\/\/open.spotify.com\/episode\/18TWjOfWR07gezCpidAsKV Homepage: www.thomaszimmermusik.de","sameAs":["http:\/\/thomaszimmermusik.de"],"url":"https:\/\/starke-meinungen.de\/blog\/author\/zimmer\/"}]}},"_links":{"self":[{"href":"https:\/\/starke-meinungen.de\/blog\/wp-json\/wp\/v2\/posts\/17454","targetHints":{"allow":["GET"]}}],"collection":[{"href":"https:\/\/starke-meinungen.de\/blog\/wp-json\/wp\/v2\/posts"}],"about":[{"href":"https:\/\/starke-meinungen.de\/blog\/wp-json\/wp\/v2\/types\/post"}],"author":[{"embeddable":true,"href":"https:\/\/starke-meinungen.de\/blog\/wp-json\/wp\/v2\/users\/57"}],"replies":[{"embeddable":true,"href":"https:\/\/starke-meinungen.de\/blog\/wp-json\/wp\/v2\/comments?post=17454"}],"version-history":[{"count":4,"href":"https:\/\/starke-meinungen.de\/blog\/wp-json\/wp\/v2\/posts\/17454\/revisions"}],"predecessor-version":[{"id":17461,"href":"https:\/\/starke-meinungen.de\/blog\/wp-json\/wp\/v2\/posts\/17454\/revisions\/17461"}],"wp:featuredmedia":[{"embeddable":true,"href":"https:\/\/starke-meinungen.de\/blog\/wp-json\/wp\/v2\/media\/17455"}],"wp:attachment":[{"href":"https:\/\/starke-meinungen.de\/blog\/wp-json\/wp\/v2\/media?parent=17454"}],"wp:term":[{"taxonomy":"category","embeddable":true,"href":"https:\/\/starke-meinungen.de\/blog\/wp-json\/wp\/v2\/categories?post=17454"},{"taxonomy":"post_tag","embeddable":true,"href":"https:\/\/starke-meinungen.de\/blog\/wp-json\/wp\/v2\/tags?post=17454"}],"curies":[{"name":"wp","href":"https:\/\/api.w.org\/{rel}","templated":true}]}}