

{"id":17433,"date":"2026-04-30T19:07:31","date_gmt":"2026-04-30T17:07:31","guid":{"rendered":"https:\/\/starke-meinungen.de\/blog\/?p=17433"},"modified":"2026-04-30T19:07:31","modified_gmt":"2026-04-30T17:07:31","slug":"macher-gesucht","status":"publish","type":"post","link":"https:\/\/starke-meinungen.de\/blog\/2026\/04\/30\/macher-gesucht\/","title":{"rendered":"Macher gesucht"},"content":{"rendered":"<figure id=\"attachment_17441\" aria-describedby=\"caption-attachment-17441\" style=\"width: 489px\" class=\"wp-caption alignnone\"><img loading=\"lazy\" decoding=\"async\" class=\" wp-image-17441\" src=\"https:\/\/starke-meinungen.de\/blog\/wp-content\/uploads\/ausguck-200x112.jpg\" alt=\"\" width=\"489\" height=\"274\" srcset=\"https:\/\/starke-meinungen.de\/blog\/wp-content\/uploads\/ausguck-200x112.jpg 200w, https:\/\/starke-meinungen.de\/blog\/wp-content\/uploads\/ausguck-445x248.jpg 445w, https:\/\/starke-meinungen.de\/blog\/wp-content\/uploads\/ausguck-768x429.jpg 768w, https:\/\/starke-meinungen.de\/blog\/wp-content\/uploads\/ausguck.jpg 1376w\" sizes=\"auto, (max-width: 489px) 100vw, 489px\" \/><figcaption id=\"caption-attachment-17441\" class=\"wp-caption-text\">Ausguck nach einem starken Kanzler. KI-Bild von Gemini<\/figcaption><\/figure>\n<p>\u201eDer Herr badet gern lau.\u201c Mit diesen Worten zielte Herbert Wehner 1973 auf den damaligen Bundeskanzler Willy Brandt \u2013 und leitete damit das Ende von dessen Kanzlerschaft ein. Beschleunigt wurde das Ende durch einen Tarifabschluss im \u00f6ffentlichen Dienst von rund zw\u00f6lf Prozent sowie durch einen Spionagefall im Kanzleramt. Entgegen seinem sp\u00e4teren Nachruhm war Brandt tats\u00e4chlich eher ein schwacher Regierungschef.<\/p>\n<p>Sein Nachfolger Helmut Schmidt dagegen hatte fr\u00fch den Ruf eines Machers. Hochgebildet, musikalisch, schneidig und nicht frei von Arroganz, legte er sich mit dem US-Pr\u00e4sidenten Carter ebenso an wie mit der Sowjetunion \u2013 und mit Teilen seiner eigenen Partei, als er den Nachr\u00fcstungsbeschluss durchsetzte. Journalisten nannte Schmidt Wegelagerer und die sogenannte Friedensbewegung naiv. Seine Sprache war pr\u00e4zise und allgemeinverst\u00e4ndlich. Wenn nicht alles t\u00e4uscht, braucht Deutschland bald wieder einen Regierungschef von diesem Format.<\/p>\n<p><!--more--><\/p>\n<p>Nach dem Ende der Ampel-Koalition atmeten viele erleichtert auf. Es konnte nur besser werden, dachte man. Doch die neue Koalition arbeitet offenbar daran, die alte noch in den Schatten zu stellen. Es ist das B\u00fcndnis einer seit der Merkel-\u00c4ra selbstvergessenen CDU\/CSU mit einer SPD, die in der Regierung zugleich Opposition betreibt. Der Bundeskanzler dieser seltsamen Allianz, Friedrich Merz, wirkt wie ein unsicherer Gernegro\u00df, dessen forsche Reden regelm\u00e4\u00dfig am linken Mainstream zerbr\u00f6seln. Zugleich ist er eine tragische Figur: Er hat die von seinen politischen Gegnern erfundene Brandmauer adoptiert und sich damit selbst einer politischen Alternative beraubt. Die Folge: Der Schwanz (SPD) wedelt mit dem Hund (CDU\/CSU).<\/p>\n<p><strong>Auf dem Weg in die Deindustrialisierung<\/strong><\/p>\n<p>Derweil zeigt das Land deutliche Anzeichen einer Deindustrialisierung:<\/p>\n<ul>\n<li>Abwanderung von Unternehmen und Investitionen<\/li>\n<li>R\u00fcckgang der industriellen Wertsch\u00f6pfung<\/li>\n<li>chronische Wachstumsschw\u00e4che<\/li>\n<li>Abbau industrieller Besch\u00e4ftigung<\/li>\n<\/ul>\n<p>Die Analysen dieses dramatischen Abw\u00e4rtstrends sind hinl\u00e4nglich bekannt. Im Kern geht es um die Obsession einer klimaneutralen Politik sowie um eine von der wirtschaftlichen Leistungsf\u00e4higkeit entkoppelten Sozialpolitik, die selbst f\u00fcr Ausl\u00e4nder gilt. Die Folgen dieser Politik werden zunehmend sp\u00fcrbar.<\/p>\n<p><strong>Schuldenpolitik statt echter Reformen<\/strong><\/p>\n<p>Die Antwort der Regierung Merz darauf lautet: Schulden, Schulden, Schulden. Besonders hohe Schulden werden als Verm\u00f6gen deklariert \u2013 gar als Sonderverm\u00f6gen. Das dahinterstehende Prinzip ist so einfach wie fatal: Die Ausgaben im Bundeshaushalt gelten als weitgehend unantastbar; zus\u00e4tzlicher Bedarf wird nicht durch Einsparungen gedeckt, sondern durch neue Schulden finanziert.<\/p>\n<p>Dabei g\u00e4be es Einsparm\u00f6glichkeiten im Gro\u00dfen wie im Kleinen. Einige Beispiele:<\/p>\n<ul>\n<li>Subventionen an Industrieunternehmen beenden<\/li>\n<li>Entwicklungshilfe einstellen<\/li>\n<li>Staats- und Regierungsapparat radikal entschlacken<\/li>\n<li>finanzielle Zuwendungen an NGOs beenden<\/li>\n<li>Beamte nur noch f\u00fcr hoheitliche Aufgaben<\/li>\n<li>Luxusversorgung der Abgeordneten stoppen<\/li>\n<\/ul>\n<p>Die Misere lie\u00dfe sich durch Reformen lindern. Doch entsprechende Ans\u00e4tze werden meist zerredet, und am Ende entstehen halbherzige St\u00fcckwerke. Wirklich zufrieden ist damit am Ende niemand.<\/p>\n<p>Der Fehler liegt im System: Reformen erfolgen nicht zum Wohl des Landes insgesamt, sondern zur Befriedung einzelner Parteiklientel. Eine grundlegende \u00c4nderung ist nicht in Sicht.<\/p>\n<p><strong>Systemversagen und der Wunsch nach F\u00fchrung<\/strong><\/p>\n<p>Allenthalben wird eine \u00fcberbordende B\u00fcrokratie beklagt. Doch die steht nicht auf eigenen F\u00fc\u00dfen, sondern ist Ausfluss dessen, was Abgeordnete in den Parlamenten beschlie\u00dfen. Und entgegen aller bundesweiten Klagen dar\u00fcber wird sie mit jedem neuen Gesetz und jeder weiteren Durchf\u00fchrungsverordnung weiter gef\u00fcttert.<\/p>\n<p>Was k\u00f6nnte helfen? Reformen allein vermutlich nicht. Die staatliche Ordnung insgesamt m\u00fcsste ein grundlegendes Upgrade erfahren: von der Anzahl der Bundesl\u00e4nder \u00fcber die Einf\u00fchrung eines Mehrheitswahlrechts bis hin zu einer massiven Entschlackung der Gesetzesb\u00fccher, einem radikal vereinfachten Steuerrecht und einer gesetzlichen Sozialversicherung, die ausschlie\u00dflich Beitragszahlern dient.<\/p>\n<p>Gibt es daf\u00fcr eine realistische Chance? Wohl kaum. Daf\u00fcr br\u00e4uchte es einen Macher vom Format Helmut Schmidts mit einem Kabinett von Fachleuten. Im Unterschied zu Schmidt m\u00fcsste dieser Macher jedoch das Vertrauen seiner eigenen Partei und seiner Regierung hinter sich wissen. Selbst massiver medialer Widerstand w\u00e4re dann \u00fcberwindbar. Wahrscheinlicher ist jedoch, dass auch Merz bald Geschichte sein wird und ein Nachfolger erneut den kleinsten gemeinsamen Nenner sucht \u2013 zum Schaden Deutschlands.<\/p>\n<div class=\"shariff shariff-align-left shariff-widget-align-left shariff-buttonstretch\" style=\"display:none\"><ul class=\"shariff-buttons theme-white orientation-horizontal buttonsize-medium\"><li class=\"shariff-button facebook shariff-nocustomcolor\" style=\"background-color:#4273c8\"><a href=\"https:\/\/www.facebook.com\/sharer\/sharer.php?u=https%3A%2F%2Fstarke-meinungen.de%2Fblog%2F2026%2F04%2F30%2Fmacher-gesucht%2F\" title=\"Bei Facebook teilen\" aria-label=\"Bei Facebook teilen\" role=\"button\" rel=\"nofollow\" class=\"shariff-link\" style=\"; background-color:#3b5998; color:#3b5998\" target=\"_blank\"><span class=\"shariff-icon\" style=\"fill:#3b5998\"><svg width=\"32px\" height=\"20px\" xmlns=\"http:\/\/www.w3.org\/2000\/svg\" viewBox=\"0 0 18 32\"><path fill=\"#3b5998\" d=\"M17.1 0.2v4.7h-2.8q-1.5 0-2.1 0.6t-0.5 1.9v3.4h5.2l-0.7 5.3h-4.5v13.6h-5.5v-13.6h-4.5v-5.3h4.5v-3.9q0-3.3 1.9-5.2t5-1.8q2.6 0 4.1 0.2z\"\/><\/svg><\/span><span class=\"shariff-text\" style=\"color:#3b5998\">teilen<\/span>&nbsp;<\/a><\/li><li class=\"shariff-button twitter shariff-nocustomcolor\" style=\"background-color:#595959\"><a href=\"https:\/\/twitter.com\/share?url=https%3A%2F%2Fstarke-meinungen.de%2Fblog%2F2026%2F04%2F30%2Fmacher-gesucht%2F&text=Macher%20gesucht&via=starkemeinungen\" title=\"Bei X teilen\" aria-label=\"Bei X teilen\" role=\"button\" rel=\"noopener nofollow\" class=\"shariff-link\" style=\"; background-color:#000; color:#000\" target=\"_blank\"><span class=\"shariff-icon\" style=\"fill:#000\"><svg width=\"32px\" height=\"20px\" xmlns=\"http:\/\/www.w3.org\/2000\/svg\" viewBox=\"0 0 24 24\"><path fill=\"#000\" d=\"M14.258 10.152L23.176 0h-2.113l-7.747 8.813L7.133 0H0l9.352 13.328L0 23.973h2.113l8.176-9.309 6.531 9.309h7.133zm-2.895 3.293l-.949-1.328L2.875 1.56h3.246l6.086 8.523.945 1.328 7.91 11.078h-3.246zm0 0\"\/><\/svg><\/span><span class=\"shariff-text\" style=\"color:#000\">teilen<\/span>&nbsp;<\/a><\/li><li class=\"shariff-button linkedin shariff-nocustomcolor\" style=\"background-color:#1488bf\"><a href=\"https:\/\/www.linkedin.com\/sharing\/share-offsite\/?url=https%3A%2F%2Fstarke-meinungen.de%2Fblog%2F2026%2F04%2F30%2Fmacher-gesucht%2F\" title=\"Bei LinkedIn teilen\" aria-label=\"Bei LinkedIn teilen\" role=\"button\" rel=\"noopener nofollow\" class=\"shariff-link\" style=\"; background-color:#0077b5; color:#0077b5\" target=\"_blank\"><span class=\"shariff-icon\" style=\"fill:#0077b5\"><svg width=\"32px\" height=\"20px\" xmlns=\"http:\/\/www.w3.org\/2000\/svg\" viewBox=\"0 0 27 32\"><path fill=\"#0077b5\" d=\"M6.2 11.2v17.7h-5.9v-17.7h5.9zM6.6 5.7q0 1.3-0.9 2.2t-2.4 0.9h0q-1.5 0-2.4-0.9t-0.9-2.2 0.9-2.2 2.4-0.9 2.4 0.9 0.9 2.2zM27.4 18.7v10.1h-5.9v-9.5q0-1.9-0.7-2.9t-2.3-1.1q-1.1 0-1.9 0.6t-1.2 1.5q-0.2 0.5-0.2 1.4v9.9h-5.9q0-7.1 0-11.6t0-5.3l0-0.9h5.9v2.6h0q0.4-0.6 0.7-1t1-0.9 1.6-0.8 2-0.3q3 0 4.9 2t1.9 6z\"\/><\/svg><\/span><span class=\"shariff-text\" style=\"color:#0077b5\">teilen<\/span>&nbsp;<\/a><\/li><li class=\"shariff-button xing shariff-nocustomcolor\" style=\"background-color:#29888a\"><a href=\"https:\/\/www.xing.com\/spi\/shares\/new?url=https%3A%2F%2Fstarke-meinungen.de%2Fblog%2F2026%2F04%2F30%2Fmacher-gesucht%2F\" title=\"Bei XING teilen\" aria-label=\"Bei XING teilen\" role=\"button\" rel=\"noopener nofollow\" class=\"shariff-link\" style=\"; background-color:#126567; color:#126567\" target=\"_blank\"><span class=\"shariff-icon\" style=\"fill:#126567\"><svg width=\"32px\" height=\"20px\" xmlns=\"http:\/\/www.w3.org\/2000\/svg\" viewBox=\"0 0 25 32\"><path fill=\"#126567\" d=\"M10.7 11.9q-0.2 0.3-4.6 8.2-0.5 0.8-1.2 0.8h-4.3q-0.4 0-0.5-0.3t0-0.6l4.5-8q0 0 0 0l-2.9-5q-0.2-0.4 0-0.7 0.2-0.3 0.5-0.3h4.3q0.7 0 1.2 0.8zM25.1 0.4q0.2 0.3 0 0.7l-9.4 16.7 6 11q0.2 0.4 0 0.6-0.2 0.3-0.6 0.3h-4.3q-0.7 0-1.2-0.8l-6-11.1q0.3-0.6 9.5-16.8 0.4-0.8 1.2-0.8h4.3q0.4 0 0.5 0.3z\"\/><\/svg><\/span><span class=\"shariff-text\" style=\"color:#126567\">teilen<\/span>&nbsp;<\/a><\/li><li class=\"shariff-button whatsapp shariff-nocustomcolor\" style=\"background-color:#5cbe4a\"><a href=\"https:\/\/api.whatsapp.com\/send?text=https%3A%2F%2Fstarke-meinungen.de%2Fblog%2F2026%2F04%2F30%2Fmacher-gesucht%2F%20Macher%20gesucht\" title=\"Bei Whatsapp teilen\" aria-label=\"Bei Whatsapp teilen\" role=\"button\" rel=\"noopener nofollow\" class=\"shariff-link\" style=\"; background-color:#34af23; color:#34af23\" target=\"_blank\"><span class=\"shariff-icon\" style=\"fill:#34af23\"><svg width=\"32px\" height=\"20px\" xmlns=\"http:\/\/www.w3.org\/2000\/svg\" viewBox=\"0 0 32 32\"><path fill=\"#34af23\" d=\"M17.6 17.4q0.2 0 1.7 0.8t1.6 0.9q0 0.1 0 0.3 0 0.6-0.3 1.4-0.3 0.7-1.3 1.2t-1.8 0.5q-1 0-3.4-1.1-1.7-0.8-3-2.1t-2.6-3.3q-1.3-1.9-1.3-3.5v-0.1q0.1-1.6 1.3-2.8 0.4-0.4 0.9-0.4 0.1 0 0.3 0t0.3 0q0.3 0 0.5 0.1t0.3 0.5q0.1 0.4 0.6 1.6t0.4 1.3q0 0.4-0.6 1t-0.6 0.8q0 0.1 0.1 0.3 0.6 1.3 1.8 2.4 1 0.9 2.7 1.8 0.2 0.1 0.4 0.1 0.3 0 1-0.9t0.9-0.9zM14 26.9q2.3 0 4.3-0.9t3.6-2.4 2.4-3.6 0.9-4.3-0.9-4.3-2.4-3.6-3.6-2.4-4.3-0.9-4.3 0.9-3.6 2.4-2.4 3.6-0.9 4.3q0 3.6 2.1 6.6l-1.4 4.2 4.3-1.4q2.8 1.9 6.2 1.9zM14 2.2q2.7 0 5.2 1.1t4.3 2.9 2.9 4.3 1.1 5.2-1.1 5.2-2.9 4.3-4.3 2.9-5.2 1.1q-3.5 0-6.5-1.7l-7.4 2.4 2.4-7.2q-1.9-3.2-1.9-6.9 0-2.7 1.1-5.2t2.9-4.3 4.3-2.9 5.2-1.1z\"\/><\/svg><\/span><span class=\"shariff-text\" style=\"color:#34af23\">teilen<\/span>&nbsp;<\/a><\/li><li class=\"shariff-button info shariff-nocustomcolor\" style=\"background-color:#a8a8a8\"><a href=\"http:\/\/ct.de\/-2467514\" title=\"Weitere Informationen\" aria-label=\"Weitere Informationen\" role=\"button\" rel=\"noopener \" class=\"shariff-link\" style=\"; background-color:#999; color:#999\" target=\"_blank\"><span class=\"shariff-icon\" style=\"fill:#999\"><svg width=\"32px\" height=\"20px\" xmlns=\"http:\/\/www.w3.org\/2000\/svg\" viewBox=\"0 0 11 32\"><path fill=\"#999\" d=\"M11.4 24v2.3q0 0.5-0.3 0.8t-0.8 0.4h-9.1q-0.5 0-0.8-0.4t-0.4-0.8v-2.3q0-0.5 0.4-0.8t0.8-0.4h1.1v-6.8h-1.1q-0.5 0-0.8-0.4t-0.4-0.8v-2.3q0-0.5 0.4-0.8t0.8-0.4h6.8q0.5 0 0.8 0.4t0.4 0.8v10.3h1.1q0.5 0 0.8 0.4t0.3 0.8zM9.2 3.4v3.4q0 0.5-0.4 0.8t-0.8 0.4h-4.6q-0.4 0-0.8-0.4t-0.4-0.8v-3.4q0-0.4 0.4-0.8t0.8-0.4h4.6q0.5 0 0.8 0.4t0.4 0.8z\"\/><\/svg><\/span><\/a><\/li><\/ul><\/div>","protected":false},"excerpt":{"rendered":"<p>\u201eDer Herr badet gern lau.\u201c Mit diesen Worten zielte Herbert Wehner 1973 auf den damaligen Bundeskanzler Willy Brandt \u2013 und leitete damit das Ende von dessen Kanzlerschaft ein. Beschleunigt wurde das Ende durch einen Tarifabschluss im \u00f6ffentlichen Dienst von rund zw\u00f6lf Prozent sowie durch einen Spionagefall im Kanzleramt. Entgegen seinem sp\u00e4teren Nachruhm war Brandt tats\u00e4chlich eher ein schwacher Regierungschef. Sein&#8230; <a href=\"https:\/\/starke-meinungen.de\/blog\/2026\/04\/30\/macher-gesucht\/\">Weiterlesen &raquo;<\/a><\/p>\n","protected":false},"author":74,"featured_media":0,"comment_status":"open","ping_status":"open","sticky":false,"template":"","format":"standard","meta":{"footnotes":""},"categories":[4766],"tags":[4912,3887,1362,1394,922,957,4913],"class_list":["post-17433","post","type-post","status-publish","format-standard","hentry","category-wolfgang-schaefer","tag-deindustrialisierung","tag-friedrich-merz","tag-helmut-schmidt","tag-kanzler","tag-klima","tag-schulden","tag-sozialpolitik"],"yoast_head":"<!-- This site is optimized with the Yoast SEO plugin v27.5 - https:\/\/yoast.com\/product\/yoast-seo-wordpress\/ -->\n<title>Macher gesucht - starke-meinungen.de<\/title>\n<meta name=\"robots\" content=\"index, follow, max-snippet:-1, max-image-preview:large, max-video-preview:-1\" \/>\n<link rel=\"canonical\" href=\"https:\/\/starke-meinungen.de\/blog\/2026\/04\/30\/macher-gesucht\/\" \/>\n<meta property=\"og:locale\" content=\"de_DE\" \/>\n<meta property=\"og:type\" content=\"article\" \/>\n<meta property=\"og:title\" content=\"Macher gesucht - starke-meinungen.de\" \/>\n<meta property=\"og:description\" content=\"\u201eDer Herr badet gern lau.\u201c Mit diesen Worten zielte Herbert Wehner 1973 auf den damaligen Bundeskanzler Willy Brandt \u2013 und leitete damit das Ende von dessen Kanzlerschaft ein. Beschleunigt wurde das Ende durch einen Tarifabschluss im \u00f6ffentlichen Dienst von rund zw\u00f6lf Prozent sowie durch einen Spionagefall im Kanzleramt. Entgegen seinem sp\u00e4teren Nachruhm war Brandt tats\u00e4chlich eher ein schwacher Regierungschef. Sein... Weiterlesen &raquo;\" \/>\n<meta property=\"og:url\" content=\"https:\/\/starke-meinungen.de\/blog\/2026\/04\/30\/macher-gesucht\/\" \/>\n<meta property=\"og:site_name\" content=\"starke-meinungen.de\" \/>\n<meta property=\"article:publisher\" content=\"https:\/\/www.facebook.com\/starkemeinungen\/\" \/>\n<meta property=\"article:published_time\" content=\"2026-04-30T17:07:31+00:00\" \/>\n<meta property=\"og:image\" content=\"https:\/\/starke-meinungen.de\/blog\/wp-content\/uploads\/ausguck.jpg\" \/>\n\t<meta property=\"og:image:width\" content=\"1376\" \/>\n\t<meta property=\"og:image:height\" content=\"768\" \/>\n\t<meta property=\"og:image:type\" content=\"image\/jpeg\" \/>\n<meta name=\"author\" content=\"Wolfgang Sch\u00e4fer\" \/>\n<meta name=\"twitter:card\" content=\"summary_large_image\" \/>\n<meta name=\"twitter:creator\" content=\"@WoSchBonn\" \/>\n<meta name=\"twitter:site\" content=\"@starkemeinungen\" \/>\n<meta name=\"twitter:label1\" content=\"Verfasst von\" \/>\n\t<meta name=\"twitter:data1\" content=\"Wolfgang Sch\u00e4fer\" \/>\n\t<meta name=\"twitter:label2\" content=\"Gesch\u00e4tzte Lesezeit\" \/>\n\t<meta name=\"twitter:data2\" content=\"4\u00a0Minuten\" \/>\n<script type=\"application\/ld+json\" class=\"yoast-schema-graph\">{\"@context\":\"https:\\\/\\\/schema.org\",\"@graph\":[{\"@type\":\"Article\",\"@id\":\"https:\\\/\\\/starke-meinungen.de\\\/blog\\\/2026\\\/04\\\/30\\\/macher-gesucht\\\/#article\",\"isPartOf\":{\"@id\":\"https:\\\/\\\/starke-meinungen.de\\\/blog\\\/2026\\\/04\\\/30\\\/macher-gesucht\\\/\"},\"author\":{\"name\":\"Wolfgang Sch\u00e4fer\",\"@id\":\"https:\\\/\\\/starke-meinungen.de\\\/blog\\\/#\\\/schema\\\/person\\\/3e9b91cd9648117da2029e2cb89b78d4\"},\"headline\":\"Macher gesucht\",\"datePublished\":\"2026-04-30T17:07:31+00:00\",\"mainEntityOfPage\":{\"@id\":\"https:\\\/\\\/starke-meinungen.de\\\/blog\\\/2026\\\/04\\\/30\\\/macher-gesucht\\\/\"},\"wordCount\":673,\"commentCount\":0,\"publisher\":{\"@id\":\"https:\\\/\\\/starke-meinungen.de\\\/blog\\\/#organization\"},\"image\":{\"@id\":\"https:\\\/\\\/starke-meinungen.de\\\/blog\\\/2026\\\/04\\\/30\\\/macher-gesucht\\\/#primaryimage\"},\"thumbnailUrl\":\"https:\\\/\\\/starke-meinungen.de\\\/blog\\\/wp-content\\\/uploads\\\/ausguck-200x112.jpg\",\"keywords\":[\"Deindustrialisierung\",\"Friedrich Merz\",\"Helmut Schmidt\",\"Kanzler\",\"Klima\",\"Schulden\",\"Sozialpolitik\"],\"articleSection\":[\"Wolfgang Sch\u00e4fer\"],\"inLanguage\":\"de\",\"potentialAction\":[{\"@type\":\"CommentAction\",\"name\":\"Comment\",\"target\":[\"https:\\\/\\\/starke-meinungen.de\\\/blog\\\/2026\\\/04\\\/30\\\/macher-gesucht\\\/#respond\"]}]},{\"@type\":\"WebPage\",\"@id\":\"https:\\\/\\\/starke-meinungen.de\\\/blog\\\/2026\\\/04\\\/30\\\/macher-gesucht\\\/\",\"url\":\"https:\\\/\\\/starke-meinungen.de\\\/blog\\\/2026\\\/04\\\/30\\\/macher-gesucht\\\/\",\"name\":\"Macher gesucht - starke-meinungen.de\",\"isPartOf\":{\"@id\":\"https:\\\/\\\/starke-meinungen.de\\\/blog\\\/#website\"},\"primaryImageOfPage\":{\"@id\":\"https:\\\/\\\/starke-meinungen.de\\\/blog\\\/2026\\\/04\\\/30\\\/macher-gesucht\\\/#primaryimage\"},\"image\":{\"@id\":\"https:\\\/\\\/starke-meinungen.de\\\/blog\\\/2026\\\/04\\\/30\\\/macher-gesucht\\\/#primaryimage\"},\"thumbnailUrl\":\"https:\\\/\\\/starke-meinungen.de\\\/blog\\\/wp-content\\\/uploads\\\/ausguck-200x112.jpg\",\"datePublished\":\"2026-04-30T17:07:31+00:00\",\"breadcrumb\":{\"@id\":\"https:\\\/\\\/starke-meinungen.de\\\/blog\\\/2026\\\/04\\\/30\\\/macher-gesucht\\\/#breadcrumb\"},\"inLanguage\":\"de\",\"potentialAction\":[{\"@type\":\"ReadAction\",\"target\":[\"https:\\\/\\\/starke-meinungen.de\\\/blog\\\/2026\\\/04\\\/30\\\/macher-gesucht\\\/\"]}]},{\"@type\":\"ImageObject\",\"inLanguage\":\"de\",\"@id\":\"https:\\\/\\\/starke-meinungen.de\\\/blog\\\/2026\\\/04\\\/30\\\/macher-gesucht\\\/#primaryimage\",\"url\":\"https:\\\/\\\/starke-meinungen.de\\\/blog\\\/wp-content\\\/uploads\\\/ausguck.jpg\",\"contentUrl\":\"https:\\\/\\\/starke-meinungen.de\\\/blog\\\/wp-content\\\/uploads\\\/ausguck.jpg\",\"width\":1376,\"height\":768,\"caption\":\"Ausguck nach einem starken Kanzler. KI-Bild von Gemini\"},{\"@type\":\"BreadcrumbList\",\"@id\":\"https:\\\/\\\/starke-meinungen.de\\\/blog\\\/2026\\\/04\\\/30\\\/macher-gesucht\\\/#breadcrumb\",\"itemListElement\":[{\"@type\":\"ListItem\",\"position\":1,\"name\":\"Startseite\",\"item\":\"https:\\\/\\\/starke-meinungen.de\\\/blog\\\/\"},{\"@type\":\"ListItem\",\"position\":2,\"name\":\"Macher gesucht\"}]},{\"@type\":\"WebSite\",\"@id\":\"https:\\\/\\\/starke-meinungen.de\\\/blog\\\/#website\",\"url\":\"https:\\\/\\\/starke-meinungen.de\\\/blog\\\/\",\"name\":\"starke-meinungen.de\",\"description\":\"Autoren-Blog\",\"publisher\":{\"@id\":\"https:\\\/\\\/starke-meinungen.de\\\/blog\\\/#organization\"},\"potentialAction\":[{\"@type\":\"SearchAction\",\"target\":{\"@type\":\"EntryPoint\",\"urlTemplate\":\"https:\\\/\\\/starke-meinungen.de\\\/blog\\\/?s={search_term_string}\"},\"query-input\":{\"@type\":\"PropertyValueSpecification\",\"valueRequired\":true,\"valueName\":\"search_term_string\"}}],\"inLanguage\":\"de\"},{\"@type\":\"Organization\",\"@id\":\"https:\\\/\\\/starke-meinungen.de\\\/blog\\\/#organization\",\"name\":\"starke-meinungen.de\",\"url\":\"https:\\\/\\\/starke-meinungen.de\\\/blog\\\/\",\"logo\":{\"@type\":\"ImageObject\",\"inLanguage\":\"de\",\"@id\":\"https:\\\/\\\/starke-meinungen.de\\\/blog\\\/#\\\/schema\\\/logo\\\/image\\\/\",\"url\":\"https:\\\/\\\/starke-meinungen.de\\\/blog\\\/wp-content\\\/uploads\\\/starke-meinungen-fb-header.jpg\",\"contentUrl\":\"https:\\\/\\\/starke-meinungen.de\\\/blog\\\/wp-content\\\/uploads\\\/starke-meinungen-fb-header.jpg\",\"width\":1200,\"height\":630,\"caption\":\"starke-meinungen.de\"},\"image\":{\"@id\":\"https:\\\/\\\/starke-meinungen.de\\\/blog\\\/#\\\/schema\\\/logo\\\/image\\\/\"},\"sameAs\":[\"https:\\\/\\\/www.facebook.com\\\/starkemeinungen\\\/\",\"https:\\\/\\\/x.com\\\/starkemeinungen\"]},{\"@type\":\"Person\",\"@id\":\"https:\\\/\\\/starke-meinungen.de\\\/blog\\\/#\\\/schema\\\/person\\\/3e9b91cd9648117da2029e2cb89b78d4\",\"name\":\"Wolfgang Sch\u00e4fer\",\"image\":{\"@type\":\"ImageObject\",\"inLanguage\":\"de\",\"@id\":\"https:\\\/\\\/secure.gravatar.com\\\/avatar\\\/9870fef2db5c6a6b2033129b73b48c0b19045a123a16e5c2a597bc7b74bbaa60?s=96&d=mm&r=g\",\"url\":\"https:\\\/\\\/secure.gravatar.com\\\/avatar\\\/9870fef2db5c6a6b2033129b73b48c0b19045a123a16e5c2a597bc7b74bbaa60?s=96&d=mm&r=g\",\"contentUrl\":\"https:\\\/\\\/secure.gravatar.com\\\/avatar\\\/9870fef2db5c6a6b2033129b73b48c0b19045a123a16e5c2a597bc7b74bbaa60?s=96&d=mm&r=g\",\"caption\":\"Wolfgang Sch\u00e4fer\"},\"description\":\"Wolfgang Sch\u00e4fer, 1951 in Bonn geboren und in der Zeit des Wirtschaftswunders aufgewachsen, lebt bis heute dort. Seine berufliche Erf\u00fcllung fand er in der Verlagsbranche \u2013 unter anderem beim Handelsblatt-Verlag, im Europa Union Verlag sowie als Verlagsleiter der Allgemeinen J\u00fcdischen Wochenzeitung (heute: J\u00fcdische Allgemeine). Im Herbst 2025 erschien sein Buch \\\"Beatles f\u00fcr Eilige\\\".\",\"sameAs\":[\"https:\\\/\\\/x.com\\\/WoSchBonn\"],\"url\":\"https:\\\/\\\/starke-meinungen.de\\\/blog\\\/author\\\/schaefer\\\/\"}]}<\/script>\n<!-- \/ Yoast SEO plugin. -->","yoast_head_json":{"title":"Macher gesucht - starke-meinungen.de","robots":{"index":"index","follow":"follow","max-snippet":"max-snippet:-1","max-image-preview":"max-image-preview:large","max-video-preview":"max-video-preview:-1"},"canonical":"https:\/\/starke-meinungen.de\/blog\/2026\/04\/30\/macher-gesucht\/","og_locale":"de_DE","og_type":"article","og_title":"Macher gesucht - starke-meinungen.de","og_description":"\u201eDer Herr badet gern lau.\u201c Mit diesen Worten zielte Herbert Wehner 1973 auf den damaligen Bundeskanzler Willy Brandt \u2013 und leitete damit das Ende von dessen Kanzlerschaft ein. Beschleunigt wurde das Ende durch einen Tarifabschluss im \u00f6ffentlichen Dienst von rund zw\u00f6lf Prozent sowie durch einen Spionagefall im Kanzleramt. Entgegen seinem sp\u00e4teren Nachruhm war Brandt tats\u00e4chlich eher ein schwacher Regierungschef. Sein... Weiterlesen &raquo;","og_url":"https:\/\/starke-meinungen.de\/blog\/2026\/04\/30\/macher-gesucht\/","og_site_name":"starke-meinungen.de","article_publisher":"https:\/\/www.facebook.com\/starkemeinungen\/","article_published_time":"2026-04-30T17:07:31+00:00","og_image":[{"width":1376,"height":768,"url":"https:\/\/starke-meinungen.de\/blog\/wp-content\/uploads\/ausguck.jpg","type":"image\/jpeg"}],"author":"Wolfgang Sch\u00e4fer","twitter_card":"summary_large_image","twitter_creator":"@WoSchBonn","twitter_site":"@starkemeinungen","twitter_misc":{"Verfasst von":"Wolfgang Sch\u00e4fer","Gesch\u00e4tzte Lesezeit":"4\u00a0Minuten"},"schema":{"@context":"https:\/\/schema.org","@graph":[{"@type":"Article","@id":"https:\/\/starke-meinungen.de\/blog\/2026\/04\/30\/macher-gesucht\/#article","isPartOf":{"@id":"https:\/\/starke-meinungen.de\/blog\/2026\/04\/30\/macher-gesucht\/"},"author":{"name":"Wolfgang Sch\u00e4fer","@id":"https:\/\/starke-meinungen.de\/blog\/#\/schema\/person\/3e9b91cd9648117da2029e2cb89b78d4"},"headline":"Macher gesucht","datePublished":"2026-04-30T17:07:31+00:00","mainEntityOfPage":{"@id":"https:\/\/starke-meinungen.de\/blog\/2026\/04\/30\/macher-gesucht\/"},"wordCount":673,"commentCount":0,"publisher":{"@id":"https:\/\/starke-meinungen.de\/blog\/#organization"},"image":{"@id":"https:\/\/starke-meinungen.de\/blog\/2026\/04\/30\/macher-gesucht\/#primaryimage"},"thumbnailUrl":"https:\/\/starke-meinungen.de\/blog\/wp-content\/uploads\/ausguck-200x112.jpg","keywords":["Deindustrialisierung","Friedrich Merz","Helmut Schmidt","Kanzler","Klima","Schulden","Sozialpolitik"],"articleSection":["Wolfgang Sch\u00e4fer"],"inLanguage":"de","potentialAction":[{"@type":"CommentAction","name":"Comment","target":["https:\/\/starke-meinungen.de\/blog\/2026\/04\/30\/macher-gesucht\/#respond"]}]},{"@type":"WebPage","@id":"https:\/\/starke-meinungen.de\/blog\/2026\/04\/30\/macher-gesucht\/","url":"https:\/\/starke-meinungen.de\/blog\/2026\/04\/30\/macher-gesucht\/","name":"Macher gesucht - starke-meinungen.de","isPartOf":{"@id":"https:\/\/starke-meinungen.de\/blog\/#website"},"primaryImageOfPage":{"@id":"https:\/\/starke-meinungen.de\/blog\/2026\/04\/30\/macher-gesucht\/#primaryimage"},"image":{"@id":"https:\/\/starke-meinungen.de\/blog\/2026\/04\/30\/macher-gesucht\/#primaryimage"},"thumbnailUrl":"https:\/\/starke-meinungen.de\/blog\/wp-content\/uploads\/ausguck-200x112.jpg","datePublished":"2026-04-30T17:07:31+00:00","breadcrumb":{"@id":"https:\/\/starke-meinungen.de\/blog\/2026\/04\/30\/macher-gesucht\/#breadcrumb"},"inLanguage":"de","potentialAction":[{"@type":"ReadAction","target":["https:\/\/starke-meinungen.de\/blog\/2026\/04\/30\/macher-gesucht\/"]}]},{"@type":"ImageObject","inLanguage":"de","@id":"https:\/\/starke-meinungen.de\/blog\/2026\/04\/30\/macher-gesucht\/#primaryimage","url":"https:\/\/starke-meinungen.de\/blog\/wp-content\/uploads\/ausguck.jpg","contentUrl":"https:\/\/starke-meinungen.de\/blog\/wp-content\/uploads\/ausguck.jpg","width":1376,"height":768,"caption":"Ausguck nach einem starken Kanzler. KI-Bild von Gemini"},{"@type":"BreadcrumbList","@id":"https:\/\/starke-meinungen.de\/blog\/2026\/04\/30\/macher-gesucht\/#breadcrumb","itemListElement":[{"@type":"ListItem","position":1,"name":"Startseite","item":"https:\/\/starke-meinungen.de\/blog\/"},{"@type":"ListItem","position":2,"name":"Macher gesucht"}]},{"@type":"WebSite","@id":"https:\/\/starke-meinungen.de\/blog\/#website","url":"https:\/\/starke-meinungen.de\/blog\/","name":"starke-meinungen.de","description":"Autoren-Blog","publisher":{"@id":"https:\/\/starke-meinungen.de\/blog\/#organization"},"potentialAction":[{"@type":"SearchAction","target":{"@type":"EntryPoint","urlTemplate":"https:\/\/starke-meinungen.de\/blog\/?s={search_term_string}"},"query-input":{"@type":"PropertyValueSpecification","valueRequired":true,"valueName":"search_term_string"}}],"inLanguage":"de"},{"@type":"Organization","@id":"https:\/\/starke-meinungen.de\/blog\/#organization","name":"starke-meinungen.de","url":"https:\/\/starke-meinungen.de\/blog\/","logo":{"@type":"ImageObject","inLanguage":"de","@id":"https:\/\/starke-meinungen.de\/blog\/#\/schema\/logo\/image\/","url":"https:\/\/starke-meinungen.de\/blog\/wp-content\/uploads\/starke-meinungen-fb-header.jpg","contentUrl":"https:\/\/starke-meinungen.de\/blog\/wp-content\/uploads\/starke-meinungen-fb-header.jpg","width":1200,"height":630,"caption":"starke-meinungen.de"},"image":{"@id":"https:\/\/starke-meinungen.de\/blog\/#\/schema\/logo\/image\/"},"sameAs":["https:\/\/www.facebook.com\/starkemeinungen\/","https:\/\/x.com\/starkemeinungen"]},{"@type":"Person","@id":"https:\/\/starke-meinungen.de\/blog\/#\/schema\/person\/3e9b91cd9648117da2029e2cb89b78d4","name":"Wolfgang Sch\u00e4fer","image":{"@type":"ImageObject","inLanguage":"de","@id":"https:\/\/secure.gravatar.com\/avatar\/9870fef2db5c6a6b2033129b73b48c0b19045a123a16e5c2a597bc7b74bbaa60?s=96&d=mm&r=g","url":"https:\/\/secure.gravatar.com\/avatar\/9870fef2db5c6a6b2033129b73b48c0b19045a123a16e5c2a597bc7b74bbaa60?s=96&d=mm&r=g","contentUrl":"https:\/\/secure.gravatar.com\/avatar\/9870fef2db5c6a6b2033129b73b48c0b19045a123a16e5c2a597bc7b74bbaa60?s=96&d=mm&r=g","caption":"Wolfgang Sch\u00e4fer"},"description":"Wolfgang Sch\u00e4fer, 1951 in Bonn geboren und in der Zeit des Wirtschaftswunders aufgewachsen, lebt bis heute dort. Seine berufliche Erf\u00fcllung fand er in der Verlagsbranche \u2013 unter anderem beim Handelsblatt-Verlag, im Europa Union Verlag sowie als Verlagsleiter der Allgemeinen J\u00fcdischen Wochenzeitung (heute: J\u00fcdische Allgemeine). Im Herbst 2025 erschien sein Buch \"Beatles f\u00fcr Eilige\".","sameAs":["https:\/\/x.com\/WoSchBonn"],"url":"https:\/\/starke-meinungen.de\/blog\/author\/schaefer\/"}]}},"_links":{"self":[{"href":"https:\/\/starke-meinungen.de\/blog\/wp-json\/wp\/v2\/posts\/17433","targetHints":{"allow":["GET"]}}],"collection":[{"href":"https:\/\/starke-meinungen.de\/blog\/wp-json\/wp\/v2\/posts"}],"about":[{"href":"https:\/\/starke-meinungen.de\/blog\/wp-json\/wp\/v2\/types\/post"}],"author":[{"embeddable":true,"href":"https:\/\/starke-meinungen.de\/blog\/wp-json\/wp\/v2\/users\/74"}],"replies":[{"embeddable":true,"href":"https:\/\/starke-meinungen.de\/blog\/wp-json\/wp\/v2\/comments?post=17433"}],"version-history":[{"count":6,"href":"https:\/\/starke-meinungen.de\/blog\/wp-json\/wp\/v2\/posts\/17433\/revisions"}],"predecessor-version":[{"id":17442,"href":"https:\/\/starke-meinungen.de\/blog\/wp-json\/wp\/v2\/posts\/17433\/revisions\/17442"}],"wp:attachment":[{"href":"https:\/\/starke-meinungen.de\/blog\/wp-json\/wp\/v2\/media?parent=17433"}],"wp:term":[{"taxonomy":"category","embeddable":true,"href":"https:\/\/starke-meinungen.de\/blog\/wp-json\/wp\/v2\/categories?post=17433"},{"taxonomy":"post_tag","embeddable":true,"href":"https:\/\/starke-meinungen.de\/blog\/wp-json\/wp\/v2\/tags?post=17433"}],"curies":[{"name":"wp","href":"https:\/\/api.w.org\/{rel}","templated":true}]}}