

{"id":17424,"date":"2026-04-29T16:49:32","date_gmt":"2026-04-29T14:49:32","guid":{"rendered":"https:\/\/starke-meinungen.de\/blog\/?p=17424"},"modified":"2026-04-29T16:49:32","modified_gmt":"2026-04-29T14:49:32","slug":"ein-historischer-besuch-des-iranischen-hoffnungstraegers","status":"publish","type":"post","link":"https:\/\/starke-meinungen.de\/blog\/2026\/04\/29\/ein-historischer-besuch-des-iranischen-hoffnungstraegers\/","title":{"rendered":"Ein historischer Besuch des iranischen Hoffnungstr\u00e4gers"},"content":{"rendered":"<figure id=\"attachment_17425\" aria-describedby=\"caption-attachment-17425\" style=\"width: 483px\" class=\"wp-caption alignnone\"><img loading=\"lazy\" decoding=\"async\" class=\" wp-image-17425\" src=\"https:\/\/starke-meinungen.de\/blog\/wp-content\/uploads\/Reza_pahlewi-200x133.jpg\" alt=\"\" width=\"483\" height=\"321\" srcset=\"https:\/\/starke-meinungen.de\/blog\/wp-content\/uploads\/Reza_pahlewi-200x133.jpg 200w, https:\/\/starke-meinungen.de\/blog\/wp-content\/uploads\/Reza_pahlewi-445x297.jpg 445w, https:\/\/starke-meinungen.de\/blog\/wp-content\/uploads\/Reza_pahlewi.jpg 640w\" sizes=\"auto, (max-width: 483px) 100vw, 483px\" \/><figcaption id=\"caption-attachment-17425\" class=\"wp-caption-text\">Raza Pahlavi bei der Kundgebung in Berlin. Foto: Arash Marandi<\/figcaption><\/figure>\n<p><strong>Drei Monate nach dem Massaker an mindestens 40.000 Iranern, mehrere Wochen nach Beginn der Milit\u00e4rintervention gegen die Diktatur und inmitten der Blockade der Stra\u00dfe von Hormuz passierte etwas Historisches in Berlin: Reza Pahlavi, Oppositionspolitiker und Hoffnungstr\u00e4ger f\u00fcr so viele Iraner, war zu politischen Gespr\u00e4chen in der Hauptstadt.<\/strong><\/p>\n<p>Was ist so historisch daran? Zum ersten Mal war er im Bundestag und wurde er von Abgeordneten einer Regierungspartei, der CDU. empfangen: Armin Laschet, Vorsitzender des Ausw\u00e4rtigen Ausschusses, Norbert R\u00f6ttgen und Johannes Volkmann, um nur die wichtigsten zu nennen. Die Bundesregierung hatte zwar leider nicht den Mut des ukrainischen Pr\u00e4sidenten Selenskyi und des israelischen Premier Netanyahu, sich mit dem wichtigsten iranischen Oppositionspolitiker zu treffen. Aber f\u00fcr die eher trostlosen deutschen Verh\u00e4ltnisse war dieser Austausch schon sehr erfolgreich. <!--more--><\/p>\n<p>Am Nachmittag gab es eine gro\u00dfe Kundgebung in unmittelbarer N\u00e4he zum Bundestag, bei der mindestens zehntausend Menschen Flagge f\u00fcr die iranische Freiheit gezeigt haben. Innerhalb von wenigen Tagen organisiert und an einem Donnerstagnachmittag kamen Exil-Iraner aus Berlin und allen Teilen des Landes zusammen, um ein un\u00fcbersehbares Zeichen f\u00fcr die Befreiung ihres Heimatlandes und f\u00fcr ihre Solidarit\u00e4t mit Reza Pahlavi zu setzen.<\/p>\n<p>Ganz besonders auch wegen der seit Ende Februar bestehenden, nahezu vollst\u00e4ndigen Internetsperre des Regimes, um so die Stimmen der iranischen Zivilgesellschaft und ihr Streben nach Freiheit deutlich zu machen. Immer wieder hat deshalb Reza Pahlavi darauf aufmerksam gemacht, welche barbarischen Menschenrechtsverletzungen an den Menschen begangen werden. Und er hat berechtigt kritisiert, dass deutsche und europ\u00e4ische Medien mit vollst\u00e4ndiger Gleichg\u00fcltigkeit darauf reagieren.<\/p>\n<p>W\u00e4hrend nun sowohl viele Medien und so manche Pers\u00f6nlichkeiten sich am &#8222;Kronprinzen&#8220;, Sohn des letzten Schah, abarbeiten, verkennen sie, dass ihre Besessenheit und ihre Desinformationen \u2013wie beispielsweise er h\u00e4tte sich nicht kritisch mit der Politik seines Vaters auseinandergesetzt (doch, hat er) \u2013 mehr \u00fcber sie selbst aussagen als \u00fcber Reza Pahlavi.<\/p>\n<p>Er hat mit seiner Integrationskraft im politischen Berlin Abgeordnete einer Regierungspartei getroffen und Tausende Menschen zusammengebracht. Welcher andere iranische Oppositionspolitiker kann das von sich behaupten?<\/p>\n<div class=\"shariff shariff-align-left shariff-widget-align-left shariff-buttonstretch\" style=\"display:none\"><ul class=\"shariff-buttons theme-white orientation-horizontal buttonsize-medium\"><li class=\"shariff-button facebook shariff-nocustomcolor\" style=\"background-color:#4273c8\"><a href=\"https:\/\/www.facebook.com\/sharer\/sharer.php?u=https%3A%2F%2Fstarke-meinungen.de%2Fblog%2F2026%2F04%2F29%2Fein-historischer-besuch-des-iranischen-hoffnungstraegers%2F\" title=\"Bei Facebook teilen\" aria-label=\"Bei Facebook teilen\" role=\"button\" rel=\"nofollow\" class=\"shariff-link\" style=\"; background-color:#3b5998; color:#3b5998\" target=\"_blank\"><span class=\"shariff-icon\" style=\"fill:#3b5998\"><svg width=\"32px\" height=\"20px\" xmlns=\"http:\/\/www.w3.org\/2000\/svg\" viewBox=\"0 0 18 32\"><path fill=\"#3b5998\" d=\"M17.1 0.2v4.7h-2.8q-1.5 0-2.1 0.6t-0.5 1.9v3.4h5.2l-0.7 5.3h-4.5v13.6h-5.5v-13.6h-4.5v-5.3h4.5v-3.9q0-3.3 1.9-5.2t5-1.8q2.6 0 4.1 0.2z\"\/><\/svg><\/span><span class=\"shariff-text\" style=\"color:#3b5998\">teilen<\/span>&nbsp;<\/a><\/li><li class=\"shariff-button twitter shariff-nocustomcolor\" style=\"background-color:#595959\"><a href=\"https:\/\/twitter.com\/share?url=https%3A%2F%2Fstarke-meinungen.de%2Fblog%2F2026%2F04%2F29%2Fein-historischer-besuch-des-iranischen-hoffnungstraegers%2F&text=Ein%20historischer%20Besuch%20des%20iranischen%20Hoffnungstr%C3%A4gers&via=starkemeinungen\" title=\"Bei X teilen\" aria-label=\"Bei X teilen\" role=\"button\" rel=\"noopener nofollow\" class=\"shariff-link\" style=\"; background-color:#000; color:#000\" target=\"_blank\"><span class=\"shariff-icon\" style=\"fill:#000\"><svg width=\"32px\" height=\"20px\" xmlns=\"http:\/\/www.w3.org\/2000\/svg\" viewBox=\"0 0 24 24\"><path fill=\"#000\" d=\"M14.258 10.152L23.176 0h-2.113l-7.747 8.813L7.133 0H0l9.352 13.328L0 23.973h2.113l8.176-9.309 6.531 9.309h7.133zm-2.895 3.293l-.949-1.328L2.875 1.56h3.246l6.086 8.523.945 1.328 7.91 11.078h-3.246zm0 0\"\/><\/svg><\/span><span class=\"shariff-text\" style=\"color:#000\">teilen<\/span>&nbsp;<\/a><\/li><li class=\"shariff-button linkedin shariff-nocustomcolor\" style=\"background-color:#1488bf\"><a href=\"https:\/\/www.linkedin.com\/sharing\/share-offsite\/?url=https%3A%2F%2Fstarke-meinungen.de%2Fblog%2F2026%2F04%2F29%2Fein-historischer-besuch-des-iranischen-hoffnungstraegers%2F\" title=\"Bei LinkedIn teilen\" aria-label=\"Bei LinkedIn teilen\" role=\"button\" rel=\"noopener nofollow\" class=\"shariff-link\" style=\"; background-color:#0077b5; color:#0077b5\" target=\"_blank\"><span class=\"shariff-icon\" style=\"fill:#0077b5\"><svg width=\"32px\" height=\"20px\" xmlns=\"http:\/\/www.w3.org\/2000\/svg\" viewBox=\"0 0 27 32\"><path fill=\"#0077b5\" d=\"M6.2 11.2v17.7h-5.9v-17.7h5.9zM6.6 5.7q0 1.3-0.9 2.2t-2.4 0.9h0q-1.5 0-2.4-0.9t-0.9-2.2 0.9-2.2 2.4-0.9 2.4 0.9 0.9 2.2zM27.4 18.7v10.1h-5.9v-9.5q0-1.9-0.7-2.9t-2.3-1.1q-1.1 0-1.9 0.6t-1.2 1.5q-0.2 0.5-0.2 1.4v9.9h-5.9q0-7.1 0-11.6t0-5.3l0-0.9h5.9v2.6h0q0.4-0.6 0.7-1t1-0.9 1.6-0.8 2-0.3q3 0 4.9 2t1.9 6z\"\/><\/svg><\/span><span class=\"shariff-text\" style=\"color:#0077b5\">teilen<\/span>&nbsp;<\/a><\/li><li class=\"shariff-button xing shariff-nocustomcolor\" style=\"background-color:#29888a\"><a href=\"https:\/\/www.xing.com\/spi\/shares\/new?url=https%3A%2F%2Fstarke-meinungen.de%2Fblog%2F2026%2F04%2F29%2Fein-historischer-besuch-des-iranischen-hoffnungstraegers%2F\" title=\"Bei XING teilen\" aria-label=\"Bei XING teilen\" role=\"button\" rel=\"noopener nofollow\" class=\"shariff-link\" style=\"; background-color:#126567; color:#126567\" target=\"_blank\"><span class=\"shariff-icon\" style=\"fill:#126567\"><svg width=\"32px\" height=\"20px\" xmlns=\"http:\/\/www.w3.org\/2000\/svg\" viewBox=\"0 0 25 32\"><path fill=\"#126567\" d=\"M10.7 11.9q-0.2 0.3-4.6 8.2-0.5 0.8-1.2 0.8h-4.3q-0.4 0-0.5-0.3t0-0.6l4.5-8q0 0 0 0l-2.9-5q-0.2-0.4 0-0.7 0.2-0.3 0.5-0.3h4.3q0.7 0 1.2 0.8zM25.1 0.4q0.2 0.3 0 0.7l-9.4 16.7 6 11q0.2 0.4 0 0.6-0.2 0.3-0.6 0.3h-4.3q-0.7 0-1.2-0.8l-6-11.1q0.3-0.6 9.5-16.8 0.4-0.8 1.2-0.8h4.3q0.4 0 0.5 0.3z\"\/><\/svg><\/span><span class=\"shariff-text\" style=\"color:#126567\">teilen<\/span>&nbsp;<\/a><\/li><li class=\"shariff-button whatsapp shariff-nocustomcolor\" style=\"background-color:#5cbe4a\"><a href=\"https:\/\/api.whatsapp.com\/send?text=https%3A%2F%2Fstarke-meinungen.de%2Fblog%2F2026%2F04%2F29%2Fein-historischer-besuch-des-iranischen-hoffnungstraegers%2F%20Ein%20historischer%20Besuch%20des%20iranischen%20Hoffnungstr%C3%A4gers\" title=\"Bei Whatsapp teilen\" aria-label=\"Bei Whatsapp teilen\" role=\"button\" rel=\"noopener nofollow\" class=\"shariff-link\" style=\"; background-color:#34af23; color:#34af23\" target=\"_blank\"><span class=\"shariff-icon\" style=\"fill:#34af23\"><svg width=\"32px\" height=\"20px\" xmlns=\"http:\/\/www.w3.org\/2000\/svg\" viewBox=\"0 0 32 32\"><path fill=\"#34af23\" d=\"M17.6 17.4q0.2 0 1.7 0.8t1.6 0.9q0 0.1 0 0.3 0 0.6-0.3 1.4-0.3 0.7-1.3 1.2t-1.8 0.5q-1 0-3.4-1.1-1.7-0.8-3-2.1t-2.6-3.3q-1.3-1.9-1.3-3.5v-0.1q0.1-1.6 1.3-2.8 0.4-0.4 0.9-0.4 0.1 0 0.3 0t0.3 0q0.3 0 0.5 0.1t0.3 0.5q0.1 0.4 0.6 1.6t0.4 1.3q0 0.4-0.6 1t-0.6 0.8q0 0.1 0.1 0.3 0.6 1.3 1.8 2.4 1 0.9 2.7 1.8 0.2 0.1 0.4 0.1 0.3 0 1-0.9t0.9-0.9zM14 26.9q2.3 0 4.3-0.9t3.6-2.4 2.4-3.6 0.9-4.3-0.9-4.3-2.4-3.6-3.6-2.4-4.3-0.9-4.3 0.9-3.6 2.4-2.4 3.6-0.9 4.3q0 3.6 2.1 6.6l-1.4 4.2 4.3-1.4q2.8 1.9 6.2 1.9zM14 2.2q2.7 0 5.2 1.1t4.3 2.9 2.9 4.3 1.1 5.2-1.1 5.2-2.9 4.3-4.3 2.9-5.2 1.1q-3.5 0-6.5-1.7l-7.4 2.4 2.4-7.2q-1.9-3.2-1.9-6.9 0-2.7 1.1-5.2t2.9-4.3 4.3-2.9 5.2-1.1z\"\/><\/svg><\/span><span class=\"shariff-text\" style=\"color:#34af23\">teilen<\/span>&nbsp;<\/a><\/li><li class=\"shariff-button info shariff-nocustomcolor\" style=\"background-color:#a8a8a8\"><a href=\"http:\/\/ct.de\/-2467514\" title=\"Weitere Informationen\" aria-label=\"Weitere Informationen\" role=\"button\" rel=\"noopener \" class=\"shariff-link\" style=\"; background-color:#999; color:#999\" target=\"_blank\"><span class=\"shariff-icon\" style=\"fill:#999\"><svg width=\"32px\" height=\"20px\" xmlns=\"http:\/\/www.w3.org\/2000\/svg\" viewBox=\"0 0 11 32\"><path fill=\"#999\" d=\"M11.4 24v2.3q0 0.5-0.3 0.8t-0.8 0.4h-9.1q-0.5 0-0.8-0.4t-0.4-0.8v-2.3q0-0.5 0.4-0.8t0.8-0.4h1.1v-6.8h-1.1q-0.5 0-0.8-0.4t-0.4-0.8v-2.3q0-0.5 0.4-0.8t0.8-0.4h6.8q0.5 0 0.8 0.4t0.4 0.8v10.3h1.1q0.5 0 0.8 0.4t0.3 0.8zM9.2 3.4v3.4q0 0.5-0.4 0.8t-0.8 0.4h-4.6q-0.4 0-0.8-0.4t-0.4-0.8v-3.4q0-0.4 0.4-0.8t0.8-0.4h4.6q0.5 0 0.8 0.4t0.4 0.8z\"\/><\/svg><\/span><\/a><\/li><\/ul><\/div>","protected":false},"excerpt":{"rendered":"<p>Drei Monate nach dem Massaker an mindestens 40.000 Iranern, mehrere Wochen nach Beginn der Milit\u00e4rintervention gegen die Diktatur und inmitten der Blockade der Stra\u00dfe von Hormuz passierte etwas Historisches in Berlin: Reza Pahlavi, Oppositionspolitiker und Hoffnungstr\u00e4ger f\u00fcr so viele Iraner, war zu politischen Gespr\u00e4chen in der Hauptstadt. Was ist so historisch daran? Zum ersten Mal war er im Bundestag und&#8230; <a href=\"https:\/\/starke-meinungen.de\/blog\/2026\/04\/29\/ein-historischer-besuch-des-iranischen-hoffnungstraegers\/\">Weiterlesen &raquo;<\/a><\/p>\n","protected":false},"author":49,"featured_media":0,"comment_status":"open","ping_status":"open","sticky":false,"template":"","format":"standard","meta":{"footnotes":""},"categories":[4028],"tags":[3476,379,113,74,4836,146,4911],"class_list":["post-17424","post","type-post","status-publish","format-standard","hentry","category-saba-farzan","tag-armin-laschet","tag-bundesregierung","tag-cdu","tag-iran","tag-irankrieg","tag-opposition","tag-reza-pahlavi"],"yoast_head":"<!-- This site is optimized with the Yoast SEO plugin v27.5 - https:\/\/yoast.com\/product\/yoast-seo-wordpress\/ -->\n<title>Ein historischer Besuch des iranischen Hoffnungstr\u00e4gers - starke-meinungen.de<\/title>\n<meta name=\"robots\" content=\"index, follow, max-snippet:-1, max-image-preview:large, max-video-preview:-1\" \/>\n<link rel=\"canonical\" href=\"https:\/\/starke-meinungen.de\/blog\/2026\/04\/29\/ein-historischer-besuch-des-iranischen-hoffnungstraegers\/\" \/>\n<meta property=\"og:locale\" content=\"de_DE\" \/>\n<meta property=\"og:type\" content=\"article\" \/>\n<meta property=\"og:title\" content=\"Ein historischer Besuch des iranischen Hoffnungstr\u00e4gers - starke-meinungen.de\" \/>\n<meta property=\"og:description\" content=\"Drei Monate nach dem Massaker an mindestens 40.000 Iranern, mehrere Wochen nach Beginn der Milit\u00e4rintervention gegen die Diktatur und inmitten der Blockade der Stra\u00dfe von Hormuz passierte etwas Historisches in Berlin: Reza Pahlavi, Oppositionspolitiker und Hoffnungstr\u00e4ger f\u00fcr so viele Iraner, war zu politischen Gespr\u00e4chen in der Hauptstadt. Was ist so historisch daran? Zum ersten Mal war er im Bundestag und... Weiterlesen &raquo;\" \/>\n<meta property=\"og:url\" content=\"https:\/\/starke-meinungen.de\/blog\/2026\/04\/29\/ein-historischer-besuch-des-iranischen-hoffnungstraegers\/\" \/>\n<meta property=\"og:site_name\" content=\"starke-meinungen.de\" \/>\n<meta property=\"article:publisher\" content=\"https:\/\/www.facebook.com\/starkemeinungen\/\" \/>\n<meta property=\"article:published_time\" content=\"2026-04-29T14:49:32+00:00\" \/>\n<meta property=\"og:image\" content=\"https:\/\/starke-meinungen.de\/blog\/wp-content\/uploads\/Reza_pahlewi.jpg\" \/>\n\t<meta property=\"og:image:width\" content=\"640\" \/>\n\t<meta property=\"og:image:height\" content=\"427\" \/>\n\t<meta property=\"og:image:type\" content=\"image\/jpeg\" \/>\n<meta name=\"author\" content=\"Saba Farzan\" \/>\n<meta name=\"twitter:card\" content=\"summary_large_image\" \/>\n<meta name=\"twitter:creator\" content=\"@starkemeinungen\" \/>\n<meta name=\"twitter:site\" content=\"@starkemeinungen\" \/>\n<meta name=\"twitter:label1\" content=\"Verfasst von\" \/>\n\t<meta name=\"twitter:data1\" content=\"Saba Farzan\" \/>\n\t<meta name=\"twitter:label2\" content=\"Gesch\u00e4tzte Lesezeit\" \/>\n\t<meta name=\"twitter:data2\" content=\"3\u00a0Minuten\" \/>\n<script type=\"application\/ld+json\" class=\"yoast-schema-graph\">{\"@context\":\"https:\\\/\\\/schema.org\",\"@graph\":[{\"@type\":\"Article\",\"@id\":\"https:\\\/\\\/starke-meinungen.de\\\/blog\\\/2026\\\/04\\\/29\\\/ein-historischer-besuch-des-iranischen-hoffnungstraegers\\\/#article\",\"isPartOf\":{\"@id\":\"https:\\\/\\\/starke-meinungen.de\\\/blog\\\/2026\\\/04\\\/29\\\/ein-historischer-besuch-des-iranischen-hoffnungstraegers\\\/\"},\"author\":{\"name\":\"Saba Farzan\",\"@id\":\"https:\\\/\\\/starke-meinungen.de\\\/blog\\\/#\\\/schema\\\/person\\\/0551b116971154dab8327ec76291d5ac\"},\"headline\":\"Ein historischer Besuch des iranischen Hoffnungstr\u00e4gers\",\"datePublished\":\"2026-04-29T14:49:32+00:00\",\"mainEntityOfPage\":{\"@id\":\"https:\\\/\\\/starke-meinungen.de\\\/blog\\\/2026\\\/04\\\/29\\\/ein-historischer-besuch-des-iranischen-hoffnungstraegers\\\/\"},\"wordCount\":368,\"commentCount\":0,\"publisher\":{\"@id\":\"https:\\\/\\\/starke-meinungen.de\\\/blog\\\/#organization\"},\"image\":{\"@id\":\"https:\\\/\\\/starke-meinungen.de\\\/blog\\\/2026\\\/04\\\/29\\\/ein-historischer-besuch-des-iranischen-hoffnungstraegers\\\/#primaryimage\"},\"thumbnailUrl\":\"https:\\\/\\\/starke-meinungen.de\\\/blog\\\/wp-content\\\/uploads\\\/Reza_pahlewi-200x133.jpg\",\"keywords\":[\"Armin Laschet\",\"Bundesregierung\",\"CDU\",\"Iran\",\"Irankrieg\",\"Opposition\",\"Reza Pahlavi\"],\"articleSection\":[\"Saba Farzan\"],\"inLanguage\":\"de\",\"potentialAction\":[{\"@type\":\"CommentAction\",\"name\":\"Comment\",\"target\":[\"https:\\\/\\\/starke-meinungen.de\\\/blog\\\/2026\\\/04\\\/29\\\/ein-historischer-besuch-des-iranischen-hoffnungstraegers\\\/#respond\"]}]},{\"@type\":\"WebPage\",\"@id\":\"https:\\\/\\\/starke-meinungen.de\\\/blog\\\/2026\\\/04\\\/29\\\/ein-historischer-besuch-des-iranischen-hoffnungstraegers\\\/\",\"url\":\"https:\\\/\\\/starke-meinungen.de\\\/blog\\\/2026\\\/04\\\/29\\\/ein-historischer-besuch-des-iranischen-hoffnungstraegers\\\/\",\"name\":\"Ein historischer Besuch des iranischen Hoffnungstr\u00e4gers - starke-meinungen.de\",\"isPartOf\":{\"@id\":\"https:\\\/\\\/starke-meinungen.de\\\/blog\\\/#website\"},\"primaryImageOfPage\":{\"@id\":\"https:\\\/\\\/starke-meinungen.de\\\/blog\\\/2026\\\/04\\\/29\\\/ein-historischer-besuch-des-iranischen-hoffnungstraegers\\\/#primaryimage\"},\"image\":{\"@id\":\"https:\\\/\\\/starke-meinungen.de\\\/blog\\\/2026\\\/04\\\/29\\\/ein-historischer-besuch-des-iranischen-hoffnungstraegers\\\/#primaryimage\"},\"thumbnailUrl\":\"https:\\\/\\\/starke-meinungen.de\\\/blog\\\/wp-content\\\/uploads\\\/Reza_pahlewi-200x133.jpg\",\"datePublished\":\"2026-04-29T14:49:32+00:00\",\"breadcrumb\":{\"@id\":\"https:\\\/\\\/starke-meinungen.de\\\/blog\\\/2026\\\/04\\\/29\\\/ein-historischer-besuch-des-iranischen-hoffnungstraegers\\\/#breadcrumb\"},\"inLanguage\":\"de\",\"potentialAction\":[{\"@type\":\"ReadAction\",\"target\":[\"https:\\\/\\\/starke-meinungen.de\\\/blog\\\/2026\\\/04\\\/29\\\/ein-historischer-besuch-des-iranischen-hoffnungstraegers\\\/\"]}]},{\"@type\":\"ImageObject\",\"inLanguage\":\"de\",\"@id\":\"https:\\\/\\\/starke-meinungen.de\\\/blog\\\/2026\\\/04\\\/29\\\/ein-historischer-besuch-des-iranischen-hoffnungstraegers\\\/#primaryimage\",\"url\":\"https:\\\/\\\/starke-meinungen.de\\\/blog\\\/wp-content\\\/uploads\\\/Reza_pahlewi.jpg\",\"contentUrl\":\"https:\\\/\\\/starke-meinungen.de\\\/blog\\\/wp-content\\\/uploads\\\/Reza_pahlewi.jpg\",\"width\":640,\"height\":427,\"caption\":\"Raza Pahlavi bei der Kundgebung in Berlin. Foto: Arash Marandi\"},{\"@type\":\"BreadcrumbList\",\"@id\":\"https:\\\/\\\/starke-meinungen.de\\\/blog\\\/2026\\\/04\\\/29\\\/ein-historischer-besuch-des-iranischen-hoffnungstraegers\\\/#breadcrumb\",\"itemListElement\":[{\"@type\":\"ListItem\",\"position\":1,\"name\":\"Startseite\",\"item\":\"https:\\\/\\\/starke-meinungen.de\\\/blog\\\/\"},{\"@type\":\"ListItem\",\"position\":2,\"name\":\"Ein historischer Besuch des iranischen Hoffnungstr\u00e4gers\"}]},{\"@type\":\"WebSite\",\"@id\":\"https:\\\/\\\/starke-meinungen.de\\\/blog\\\/#website\",\"url\":\"https:\\\/\\\/starke-meinungen.de\\\/blog\\\/\",\"name\":\"starke-meinungen.de\",\"description\":\"Autoren-Blog\",\"publisher\":{\"@id\":\"https:\\\/\\\/starke-meinungen.de\\\/blog\\\/#organization\"},\"potentialAction\":[{\"@type\":\"SearchAction\",\"target\":{\"@type\":\"EntryPoint\",\"urlTemplate\":\"https:\\\/\\\/starke-meinungen.de\\\/blog\\\/?s={search_term_string}\"},\"query-input\":{\"@type\":\"PropertyValueSpecification\",\"valueRequired\":true,\"valueName\":\"search_term_string\"}}],\"inLanguage\":\"de\"},{\"@type\":\"Organization\",\"@id\":\"https:\\\/\\\/starke-meinungen.de\\\/blog\\\/#organization\",\"name\":\"starke-meinungen.de\",\"url\":\"https:\\\/\\\/starke-meinungen.de\\\/blog\\\/\",\"logo\":{\"@type\":\"ImageObject\",\"inLanguage\":\"de\",\"@id\":\"https:\\\/\\\/starke-meinungen.de\\\/blog\\\/#\\\/schema\\\/logo\\\/image\\\/\",\"url\":\"https:\\\/\\\/starke-meinungen.de\\\/blog\\\/wp-content\\\/uploads\\\/starke-meinungen-fb-header.jpg\",\"contentUrl\":\"https:\\\/\\\/starke-meinungen.de\\\/blog\\\/wp-content\\\/uploads\\\/starke-meinungen-fb-header.jpg\",\"width\":1200,\"height\":630,\"caption\":\"starke-meinungen.de\"},\"image\":{\"@id\":\"https:\\\/\\\/starke-meinungen.de\\\/blog\\\/#\\\/schema\\\/logo\\\/image\\\/\"},\"sameAs\":[\"https:\\\/\\\/www.facebook.com\\\/starkemeinungen\\\/\",\"https:\\\/\\\/x.com\\\/starkemeinungen\"]},{\"@type\":\"Person\",\"@id\":\"https:\\\/\\\/starke-meinungen.de\\\/blog\\\/#\\\/schema\\\/person\\\/0551b116971154dab8327ec76291d5ac\",\"name\":\"Saba Farzan\",\"image\":{\"@type\":\"ImageObject\",\"inLanguage\":\"de\",\"@id\":\"https:\\\/\\\/secure.gravatar.com\\\/avatar\\\/6e9145102cc22868a587f7fe84eda74013e95b7c960eab20e3976bfac0b343a9?s=96&d=mm&r=g\",\"url\":\"https:\\\/\\\/secure.gravatar.com\\\/avatar\\\/6e9145102cc22868a587f7fe84eda74013e95b7c960eab20e3976bfac0b343a9?s=96&d=mm&r=g\",\"contentUrl\":\"https:\\\/\\\/secure.gravatar.com\\\/avatar\\\/6e9145102cc22868a587f7fe84eda74013e95b7c960eab20e3976bfac0b343a9?s=96&d=mm&r=g\",\"caption\":\"Saba Farzan\"},\"url\":\"https:\\\/\\\/starke-meinungen.de\\\/blog\\\/author\\\/farzan\\\/\"}]}<\/script>\n<!-- \/ Yoast SEO plugin. -->","yoast_head_json":{"title":"Ein historischer Besuch des iranischen Hoffnungstr\u00e4gers - starke-meinungen.de","robots":{"index":"index","follow":"follow","max-snippet":"max-snippet:-1","max-image-preview":"max-image-preview:large","max-video-preview":"max-video-preview:-1"},"canonical":"https:\/\/starke-meinungen.de\/blog\/2026\/04\/29\/ein-historischer-besuch-des-iranischen-hoffnungstraegers\/","og_locale":"de_DE","og_type":"article","og_title":"Ein historischer Besuch des iranischen Hoffnungstr\u00e4gers - starke-meinungen.de","og_description":"Drei Monate nach dem Massaker an mindestens 40.000 Iranern, mehrere Wochen nach Beginn der Milit\u00e4rintervention gegen die Diktatur und inmitten der Blockade der Stra\u00dfe von Hormuz passierte etwas Historisches in Berlin: Reza Pahlavi, Oppositionspolitiker und Hoffnungstr\u00e4ger f\u00fcr so viele Iraner, war zu politischen Gespr\u00e4chen in der Hauptstadt. Was ist so historisch daran? Zum ersten Mal war er im Bundestag und... Weiterlesen &raquo;","og_url":"https:\/\/starke-meinungen.de\/blog\/2026\/04\/29\/ein-historischer-besuch-des-iranischen-hoffnungstraegers\/","og_site_name":"starke-meinungen.de","article_publisher":"https:\/\/www.facebook.com\/starkemeinungen\/","article_published_time":"2026-04-29T14:49:32+00:00","og_image":[{"width":640,"height":427,"url":"https:\/\/starke-meinungen.de\/blog\/wp-content\/uploads\/Reza_pahlewi.jpg","type":"image\/jpeg"}],"author":"Saba Farzan","twitter_card":"summary_large_image","twitter_creator":"@starkemeinungen","twitter_site":"@starkemeinungen","twitter_misc":{"Verfasst von":"Saba Farzan","Gesch\u00e4tzte Lesezeit":"3\u00a0Minuten"},"schema":{"@context":"https:\/\/schema.org","@graph":[{"@type":"Article","@id":"https:\/\/starke-meinungen.de\/blog\/2026\/04\/29\/ein-historischer-besuch-des-iranischen-hoffnungstraegers\/#article","isPartOf":{"@id":"https:\/\/starke-meinungen.de\/blog\/2026\/04\/29\/ein-historischer-besuch-des-iranischen-hoffnungstraegers\/"},"author":{"name":"Saba Farzan","@id":"https:\/\/starke-meinungen.de\/blog\/#\/schema\/person\/0551b116971154dab8327ec76291d5ac"},"headline":"Ein historischer Besuch des iranischen Hoffnungstr\u00e4gers","datePublished":"2026-04-29T14:49:32+00:00","mainEntityOfPage":{"@id":"https:\/\/starke-meinungen.de\/blog\/2026\/04\/29\/ein-historischer-besuch-des-iranischen-hoffnungstraegers\/"},"wordCount":368,"commentCount":0,"publisher":{"@id":"https:\/\/starke-meinungen.de\/blog\/#organization"},"image":{"@id":"https:\/\/starke-meinungen.de\/blog\/2026\/04\/29\/ein-historischer-besuch-des-iranischen-hoffnungstraegers\/#primaryimage"},"thumbnailUrl":"https:\/\/starke-meinungen.de\/blog\/wp-content\/uploads\/Reza_pahlewi-200x133.jpg","keywords":["Armin Laschet","Bundesregierung","CDU","Iran","Irankrieg","Opposition","Reza Pahlavi"],"articleSection":["Saba Farzan"],"inLanguage":"de","potentialAction":[{"@type":"CommentAction","name":"Comment","target":["https:\/\/starke-meinungen.de\/blog\/2026\/04\/29\/ein-historischer-besuch-des-iranischen-hoffnungstraegers\/#respond"]}]},{"@type":"WebPage","@id":"https:\/\/starke-meinungen.de\/blog\/2026\/04\/29\/ein-historischer-besuch-des-iranischen-hoffnungstraegers\/","url":"https:\/\/starke-meinungen.de\/blog\/2026\/04\/29\/ein-historischer-besuch-des-iranischen-hoffnungstraegers\/","name":"Ein historischer Besuch des iranischen Hoffnungstr\u00e4gers - starke-meinungen.de","isPartOf":{"@id":"https:\/\/starke-meinungen.de\/blog\/#website"},"primaryImageOfPage":{"@id":"https:\/\/starke-meinungen.de\/blog\/2026\/04\/29\/ein-historischer-besuch-des-iranischen-hoffnungstraegers\/#primaryimage"},"image":{"@id":"https:\/\/starke-meinungen.de\/blog\/2026\/04\/29\/ein-historischer-besuch-des-iranischen-hoffnungstraegers\/#primaryimage"},"thumbnailUrl":"https:\/\/starke-meinungen.de\/blog\/wp-content\/uploads\/Reza_pahlewi-200x133.jpg","datePublished":"2026-04-29T14:49:32+00:00","breadcrumb":{"@id":"https:\/\/starke-meinungen.de\/blog\/2026\/04\/29\/ein-historischer-besuch-des-iranischen-hoffnungstraegers\/#breadcrumb"},"inLanguage":"de","potentialAction":[{"@type":"ReadAction","target":["https:\/\/starke-meinungen.de\/blog\/2026\/04\/29\/ein-historischer-besuch-des-iranischen-hoffnungstraegers\/"]}]},{"@type":"ImageObject","inLanguage":"de","@id":"https:\/\/starke-meinungen.de\/blog\/2026\/04\/29\/ein-historischer-besuch-des-iranischen-hoffnungstraegers\/#primaryimage","url":"https:\/\/starke-meinungen.de\/blog\/wp-content\/uploads\/Reza_pahlewi.jpg","contentUrl":"https:\/\/starke-meinungen.de\/blog\/wp-content\/uploads\/Reza_pahlewi.jpg","width":640,"height":427,"caption":"Raza Pahlavi bei der Kundgebung in Berlin. Foto: Arash Marandi"},{"@type":"BreadcrumbList","@id":"https:\/\/starke-meinungen.de\/blog\/2026\/04\/29\/ein-historischer-besuch-des-iranischen-hoffnungstraegers\/#breadcrumb","itemListElement":[{"@type":"ListItem","position":1,"name":"Startseite","item":"https:\/\/starke-meinungen.de\/blog\/"},{"@type":"ListItem","position":2,"name":"Ein historischer Besuch des iranischen Hoffnungstr\u00e4gers"}]},{"@type":"WebSite","@id":"https:\/\/starke-meinungen.de\/blog\/#website","url":"https:\/\/starke-meinungen.de\/blog\/","name":"starke-meinungen.de","description":"Autoren-Blog","publisher":{"@id":"https:\/\/starke-meinungen.de\/blog\/#organization"},"potentialAction":[{"@type":"SearchAction","target":{"@type":"EntryPoint","urlTemplate":"https:\/\/starke-meinungen.de\/blog\/?s={search_term_string}"},"query-input":{"@type":"PropertyValueSpecification","valueRequired":true,"valueName":"search_term_string"}}],"inLanguage":"de"},{"@type":"Organization","@id":"https:\/\/starke-meinungen.de\/blog\/#organization","name":"starke-meinungen.de","url":"https:\/\/starke-meinungen.de\/blog\/","logo":{"@type":"ImageObject","inLanguage":"de","@id":"https:\/\/starke-meinungen.de\/blog\/#\/schema\/logo\/image\/","url":"https:\/\/starke-meinungen.de\/blog\/wp-content\/uploads\/starke-meinungen-fb-header.jpg","contentUrl":"https:\/\/starke-meinungen.de\/blog\/wp-content\/uploads\/starke-meinungen-fb-header.jpg","width":1200,"height":630,"caption":"starke-meinungen.de"},"image":{"@id":"https:\/\/starke-meinungen.de\/blog\/#\/schema\/logo\/image\/"},"sameAs":["https:\/\/www.facebook.com\/starkemeinungen\/","https:\/\/x.com\/starkemeinungen"]},{"@type":"Person","@id":"https:\/\/starke-meinungen.de\/blog\/#\/schema\/person\/0551b116971154dab8327ec76291d5ac","name":"Saba Farzan","image":{"@type":"ImageObject","inLanguage":"de","@id":"https:\/\/secure.gravatar.com\/avatar\/6e9145102cc22868a587f7fe84eda74013e95b7c960eab20e3976bfac0b343a9?s=96&d=mm&r=g","url":"https:\/\/secure.gravatar.com\/avatar\/6e9145102cc22868a587f7fe84eda74013e95b7c960eab20e3976bfac0b343a9?s=96&d=mm&r=g","contentUrl":"https:\/\/secure.gravatar.com\/avatar\/6e9145102cc22868a587f7fe84eda74013e95b7c960eab20e3976bfac0b343a9?s=96&d=mm&r=g","caption":"Saba Farzan"},"url":"https:\/\/starke-meinungen.de\/blog\/author\/farzan\/"}]}},"_links":{"self":[{"href":"https:\/\/starke-meinungen.de\/blog\/wp-json\/wp\/v2\/posts\/17424","targetHints":{"allow":["GET"]}}],"collection":[{"href":"https:\/\/starke-meinungen.de\/blog\/wp-json\/wp\/v2\/posts"}],"about":[{"href":"https:\/\/starke-meinungen.de\/blog\/wp-json\/wp\/v2\/types\/post"}],"author":[{"embeddable":true,"href":"https:\/\/starke-meinungen.de\/blog\/wp-json\/wp\/v2\/users\/49"}],"replies":[{"embeddable":true,"href":"https:\/\/starke-meinungen.de\/blog\/wp-json\/wp\/v2\/comments?post=17424"}],"version-history":[{"count":1,"href":"https:\/\/starke-meinungen.de\/blog\/wp-json\/wp\/v2\/posts\/17424\/revisions"}],"predecessor-version":[{"id":17426,"href":"https:\/\/starke-meinungen.de\/blog\/wp-json\/wp\/v2\/posts\/17424\/revisions\/17426"}],"wp:attachment":[{"href":"https:\/\/starke-meinungen.de\/blog\/wp-json\/wp\/v2\/media?parent=17424"}],"wp:term":[{"taxonomy":"category","embeddable":true,"href":"https:\/\/starke-meinungen.de\/blog\/wp-json\/wp\/v2\/categories?post=17424"},{"taxonomy":"post_tag","embeddable":true,"href":"https:\/\/starke-meinungen.de\/blog\/wp-json\/wp\/v2\/tags?post=17424"}],"curies":[{"name":"wp","href":"https:\/\/api.w.org\/{rel}","templated":true}]}}