

{"id":17412,"date":"2026-04-28T21:14:25","date_gmt":"2026-04-28T19:14:25","guid":{"rendered":"https:\/\/starke-meinungen.de\/blog\/?p=17412"},"modified":"2026-04-28T21:14:25","modified_gmt":"2026-04-28T19:14:25","slug":"werbung-fuer-tote","status":"publish","type":"post","link":"https:\/\/starke-meinungen.de\/blog\/2026\/04\/28\/werbung-fuer-tote\/","title":{"rendered":"Werbung f\u00fcr Tote"},"content":{"rendered":"<figure id=\"attachment_17413\" aria-describedby=\"caption-attachment-17413\" style=\"width: 341px\" class=\"wp-caption alignleft\"><img loading=\"lazy\" decoding=\"async\" class=\" wp-image-17413\" src=\"https:\/\/starke-meinungen.de\/blog\/wp-content\/uploads\/Ali_Khamenei-200x300.jpg\" alt=\"\" width=\"341\" height=\"512\" srcset=\"https:\/\/starke-meinungen.de\/blog\/wp-content\/uploads\/Ali_Khamenei-200x300.jpg 200w, https:\/\/starke-meinungen.de\/blog\/wp-content\/uploads\/Ali_Khamenei.jpg 250w\" sizes=\"auto, (max-width: 341px) 100vw, 341px\" \/><figcaption id=\"caption-attachment-17413\" class=\"wp-caption-text\">Irans geistlicher und politischer F\u00fchrer Khamenei, abberufen durch israelische Raketen. Foto: Wikimedia. CC BY 4.0<\/figcaption><\/figure>\n<p><strong>In Deutschland ist man Wahlkampfplakate mit Gesichtern von Politiker gewohnt. Vor ein paar Tagen war ich im S\u00fcden Brandenburgs und sah dort Bilder eines l\u00e4chelnden Schimpansen. Ich brauchte einen Moment um zu verstehen, dass es Werbung f\u00fcr einen Zoo, nicht f\u00fcr Stimmen war. Und was erscheint jetzt auf den Stra\u00dfen von Teheran? Riesengro\u00dfe Bildnisse l\u00e4chelnder, winkender Gener\u00e4le und Geistlicher, die alle vor kurzem bef\u00f6rdert wurden zum h\u00f6heren Dienst im Jenseits.<\/strong><\/p>\n<p>Kaum ist der Staub wieder zu Ruhe gekommen (ich meine der Staub der Betonbunker, nicht derer, die darin waren), laufen Fu\u00dfg\u00e4nger und fahren Autos an Bannern vorbei, die ganze H\u00e4userw\u00e4nde bedecken. Wie schafft man das? So schnell? Ich bin einfach neugierig. Ich sehe aus meiner Perspektive mehrere Herausforderungen.<!--more--><\/p>\n<p><strong>Erstens<\/strong>, technisch: Wie gro\u00df sind diese Banner, 20 mal 50 Meter oder so? Aus was sind sie gemacht, wie schwer sind sie, auch wenn zusammengerollt? Wie transportiert man sie (auf gro\u00dfen Lastwagen?), wie (mit Kr\u00e4nen, an denen sonst Regimegegner erh\u00e4ngt werden?) erhebt man diese riesigen Bilder an die Mauer? Wie werden sie dort fest fixiert, damit sie nicht (oh Horror!) wieder herunterfallen, wenn der Wind weht oder nur wegen des Gewichts?<\/p>\n<p>Es muss irgendwo ein riesengro\u00dfen Drucker geben. Mitarbeiter stecken Kunststoffplanen in diese Maschine, computergesteuert erscheint das jeweilige Gesicht. Das muss viel Strom und Energie kosten. Wohl auch deswegen brauchen sie so viel Atomkraft &#8220;f\u00fcr zivilen Zwecken&#8220;.<\/p>\n<p><strong>Zweitens:<\/strong> Wie erschafft man die Bilder, in Farbe, sehr gro\u00df, sicher von Fotos gemacht und vergr\u00f6\u00dfert, wahrscheinlich mit Hilfe von KI, obwohl einige wie gemalte Portr\u00e4ts aussehen? Hat jemand eine Speicherplatte gef\u00fcllt mit solche Gesichter, alle zwinkernd, l\u00e4chelnd, gl\u00fcckliche H\u00fcter des Volkes (oder zumindest das Teil des Volkes, der noch \u00fcberlebt hat)? Sind sie auf Lager irgendwo, f\u00fcr die Zeit, wen sie gebraucht werden sollen?<\/p>\n<p><strong>Drittens:<\/strong> Wer entscheidet, wer ein solches Banner posthum erh\u00e4lt und so geehrt wird, wo es aufgeh\u00e4ngt wird (nicht wie die Regimegegner, nat\u00fcrlich, die werden woanders aufgeh\u00e4ngt), wie lange es dort h\u00e4ngen soll bis der n\u00e4chste M\u00e4rtyrer diesen Platz braucht? Es ist ein Mischung von Kunst und Personenkult. Aber die Leute, die da herunterschauen, werben sich nicht mehr f\u00fcr eine Stelle hier unten. Sie haben schon ihren Platz in Paradies. Sie sind bereits auserw\u00e4hlt als M\u00e4rtyrer. Sie brauchen kein andere Wahl mehr zu erk\u00e4mpfen.<\/p>\n<p><strong>Viertens:<\/strong> Wie schaffen sie das so schnell? Gibt es irgendwo, au\u00dferhalb Teherans, ein gro\u00dfe geheime (vielleicht unterirdische) Lagerhalle, wo solche vorbereiteten Poster zusammengerollt warten bis sie gebraucht werden? Wie Raketen auf Lastwagen, in lange Reihen in Tunneln? Einige haben mehr als ein Person darauf, in heilige schwarze Gew\u00e4nde und Turban geh\u00fcllt oder in blitzsauber Uniform. Muss jemand, ein IRGC-Beamte aus irgendeiner Ministerium da anrufen und sagen: &#8220;Gerade ist unser Bruder Alibaba ins Paradies aufgestiegen. Wir brauchen sein Bild in einer halben Stunde auf Hauptstrasse 50, Ecke Seestrasse. Sonst gibt es Konsequenzen!&#8220;?<\/p>\n<p>Ich k\u00f6nnte auch fragen, wer das alles bezahlt. Aber das w\u00e4re dumm. Ein Regime, das bereit ist Milliarden Rials auszugeben f\u00fcr Raketen, Drohnen und sein Atomwaffenprogramm, hat ein anderes Konzept von Reality.<\/p>\n<p>Ich denke, der beste Gru\u00df, den man bestimmten Leuten in Teheran jetzt geben k\u00f6nnte, w\u00e4re: <em>&#8220;Es soll ein Bild von Dir bald \u00fcber den Mitb\u00fcrgern erscheinen!&#8220;<\/em><\/p>\n<div class=\"shariff shariff-align-left shariff-widget-align-left shariff-buttonstretch\" style=\"display:none\"><ul class=\"shariff-buttons theme-white orientation-horizontal buttonsize-medium\"><li class=\"shariff-button facebook shariff-nocustomcolor\" style=\"background-color:#4273c8\"><a href=\"https:\/\/www.facebook.com\/sharer\/sharer.php?u=https%3A%2F%2Fstarke-meinungen.de%2Fblog%2F2026%2F04%2F28%2Fwerbung-fuer-tote%2F\" title=\"Bei Facebook teilen\" aria-label=\"Bei Facebook teilen\" role=\"button\" rel=\"nofollow\" class=\"shariff-link\" style=\"; background-color:#3b5998; color:#3b5998\" target=\"_blank\"><span class=\"shariff-icon\" style=\"fill:#3b5998\"><svg width=\"32px\" height=\"20px\" xmlns=\"http:\/\/www.w3.org\/2000\/svg\" viewBox=\"0 0 18 32\"><path fill=\"#3b5998\" d=\"M17.1 0.2v4.7h-2.8q-1.5 0-2.1 0.6t-0.5 1.9v3.4h5.2l-0.7 5.3h-4.5v13.6h-5.5v-13.6h-4.5v-5.3h4.5v-3.9q0-3.3 1.9-5.2t5-1.8q2.6 0 4.1 0.2z\"\/><\/svg><\/span><span class=\"shariff-text\" style=\"color:#3b5998\">teilen<\/span>&nbsp;<\/a><\/li><li class=\"shariff-button twitter shariff-nocustomcolor\" style=\"background-color:#595959\"><a href=\"https:\/\/twitter.com\/share?url=https%3A%2F%2Fstarke-meinungen.de%2Fblog%2F2026%2F04%2F28%2Fwerbung-fuer-tote%2F&text=Werbung%20f%C3%BCr%20Tote&via=starkemeinungen\" title=\"Bei X teilen\" aria-label=\"Bei X teilen\" role=\"button\" rel=\"noopener nofollow\" class=\"shariff-link\" style=\"; background-color:#000; color:#000\" target=\"_blank\"><span class=\"shariff-icon\" style=\"fill:#000\"><svg width=\"32px\" height=\"20px\" xmlns=\"http:\/\/www.w3.org\/2000\/svg\" viewBox=\"0 0 24 24\"><path fill=\"#000\" d=\"M14.258 10.152L23.176 0h-2.113l-7.747 8.813L7.133 0H0l9.352 13.328L0 23.973h2.113l8.176-9.309 6.531 9.309h7.133zm-2.895 3.293l-.949-1.328L2.875 1.56h3.246l6.086 8.523.945 1.328 7.91 11.078h-3.246zm0 0\"\/><\/svg><\/span><span class=\"shariff-text\" style=\"color:#000\">teilen<\/span>&nbsp;<\/a><\/li><li class=\"shariff-button linkedin shariff-nocustomcolor\" style=\"background-color:#1488bf\"><a href=\"https:\/\/www.linkedin.com\/sharing\/share-offsite\/?url=https%3A%2F%2Fstarke-meinungen.de%2Fblog%2F2026%2F04%2F28%2Fwerbung-fuer-tote%2F\" title=\"Bei LinkedIn teilen\" aria-label=\"Bei LinkedIn teilen\" role=\"button\" rel=\"noopener nofollow\" class=\"shariff-link\" style=\"; background-color:#0077b5; color:#0077b5\" target=\"_blank\"><span class=\"shariff-icon\" style=\"fill:#0077b5\"><svg width=\"32px\" height=\"20px\" xmlns=\"http:\/\/www.w3.org\/2000\/svg\" viewBox=\"0 0 27 32\"><path fill=\"#0077b5\" d=\"M6.2 11.2v17.7h-5.9v-17.7h5.9zM6.6 5.7q0 1.3-0.9 2.2t-2.4 0.9h0q-1.5 0-2.4-0.9t-0.9-2.2 0.9-2.2 2.4-0.9 2.4 0.9 0.9 2.2zM27.4 18.7v10.1h-5.9v-9.5q0-1.9-0.7-2.9t-2.3-1.1q-1.1 0-1.9 0.6t-1.2 1.5q-0.2 0.5-0.2 1.4v9.9h-5.9q0-7.1 0-11.6t0-5.3l0-0.9h5.9v2.6h0q0.4-0.6 0.7-1t1-0.9 1.6-0.8 2-0.3q3 0 4.9 2t1.9 6z\"\/><\/svg><\/span><span class=\"shariff-text\" style=\"color:#0077b5\">teilen<\/span>&nbsp;<\/a><\/li><li class=\"shariff-button xing shariff-nocustomcolor\" style=\"background-color:#29888a\"><a href=\"https:\/\/www.xing.com\/spi\/shares\/new?url=https%3A%2F%2Fstarke-meinungen.de%2Fblog%2F2026%2F04%2F28%2Fwerbung-fuer-tote%2F\" title=\"Bei XING teilen\" aria-label=\"Bei XING teilen\" role=\"button\" rel=\"noopener nofollow\" class=\"shariff-link\" style=\"; background-color:#126567; color:#126567\" target=\"_blank\"><span class=\"shariff-icon\" style=\"fill:#126567\"><svg width=\"32px\" height=\"20px\" xmlns=\"http:\/\/www.w3.org\/2000\/svg\" viewBox=\"0 0 25 32\"><path fill=\"#126567\" d=\"M10.7 11.9q-0.2 0.3-4.6 8.2-0.5 0.8-1.2 0.8h-4.3q-0.4 0-0.5-0.3t0-0.6l4.5-8q0 0 0 0l-2.9-5q-0.2-0.4 0-0.7 0.2-0.3 0.5-0.3h4.3q0.7 0 1.2 0.8zM25.1 0.4q0.2 0.3 0 0.7l-9.4 16.7 6 11q0.2 0.4 0 0.6-0.2 0.3-0.6 0.3h-4.3q-0.7 0-1.2-0.8l-6-11.1q0.3-0.6 9.5-16.8 0.4-0.8 1.2-0.8h4.3q0.4 0 0.5 0.3z\"\/><\/svg><\/span><span class=\"shariff-text\" style=\"color:#126567\">teilen<\/span>&nbsp;<\/a><\/li><li class=\"shariff-button whatsapp shariff-nocustomcolor\" style=\"background-color:#5cbe4a\"><a href=\"https:\/\/api.whatsapp.com\/send?text=https%3A%2F%2Fstarke-meinungen.de%2Fblog%2F2026%2F04%2F28%2Fwerbung-fuer-tote%2F%20Werbung%20f%C3%BCr%20Tote\" title=\"Bei Whatsapp teilen\" aria-label=\"Bei Whatsapp teilen\" role=\"button\" rel=\"noopener nofollow\" class=\"shariff-link\" style=\"; background-color:#34af23; color:#34af23\" target=\"_blank\"><span class=\"shariff-icon\" style=\"fill:#34af23\"><svg width=\"32px\" height=\"20px\" xmlns=\"http:\/\/www.w3.org\/2000\/svg\" viewBox=\"0 0 32 32\"><path fill=\"#34af23\" d=\"M17.6 17.4q0.2 0 1.7 0.8t1.6 0.9q0 0.1 0 0.3 0 0.6-0.3 1.4-0.3 0.7-1.3 1.2t-1.8 0.5q-1 0-3.4-1.1-1.7-0.8-3-2.1t-2.6-3.3q-1.3-1.9-1.3-3.5v-0.1q0.1-1.6 1.3-2.8 0.4-0.4 0.9-0.4 0.1 0 0.3 0t0.3 0q0.3 0 0.5 0.1t0.3 0.5q0.1 0.4 0.6 1.6t0.4 1.3q0 0.4-0.6 1t-0.6 0.8q0 0.1 0.1 0.3 0.6 1.3 1.8 2.4 1 0.9 2.7 1.8 0.2 0.1 0.4 0.1 0.3 0 1-0.9t0.9-0.9zM14 26.9q2.3 0 4.3-0.9t3.6-2.4 2.4-3.6 0.9-4.3-0.9-4.3-2.4-3.6-3.6-2.4-4.3-0.9-4.3 0.9-3.6 2.4-2.4 3.6-0.9 4.3q0 3.6 2.1 6.6l-1.4 4.2 4.3-1.4q2.8 1.9 6.2 1.9zM14 2.2q2.7 0 5.2 1.1t4.3 2.9 2.9 4.3 1.1 5.2-1.1 5.2-2.9 4.3-4.3 2.9-5.2 1.1q-3.5 0-6.5-1.7l-7.4 2.4 2.4-7.2q-1.9-3.2-1.9-6.9 0-2.7 1.1-5.2t2.9-4.3 4.3-2.9 5.2-1.1z\"\/><\/svg><\/span><span class=\"shariff-text\" style=\"color:#34af23\">teilen<\/span>&nbsp;<\/a><\/li><li class=\"shariff-button info shariff-nocustomcolor\" style=\"background-color:#a8a8a8\"><a href=\"http:\/\/ct.de\/-2467514\" title=\"Weitere Informationen\" aria-label=\"Weitere Informationen\" role=\"button\" rel=\"noopener \" class=\"shariff-link\" style=\"; background-color:#999; color:#999\" target=\"_blank\"><span class=\"shariff-icon\" style=\"fill:#999\"><svg width=\"32px\" height=\"20px\" xmlns=\"http:\/\/www.w3.org\/2000\/svg\" viewBox=\"0 0 11 32\"><path fill=\"#999\" d=\"M11.4 24v2.3q0 0.5-0.3 0.8t-0.8 0.4h-9.1q-0.5 0-0.8-0.4t-0.4-0.8v-2.3q0-0.5 0.4-0.8t0.8-0.4h1.1v-6.8h-1.1q-0.5 0-0.8-0.4t-0.4-0.8v-2.3q0-0.5 0.4-0.8t0.8-0.4h6.8q0.5 0 0.8 0.4t0.4 0.8v10.3h1.1q0.5 0 0.8 0.4t0.3 0.8zM9.2 3.4v3.4q0 0.5-0.4 0.8t-0.8 0.4h-4.6q-0.4 0-0.8-0.4t-0.4-0.8v-3.4q0-0.4 0.4-0.8t0.8-0.4h4.6q0.5 0 0.8 0.4t0.4 0.8z\"\/><\/svg><\/span><\/a><\/li><\/ul><\/div>","protected":false},"excerpt":{"rendered":"<p>In Deutschland ist man Wahlkampfplakate mit Gesichtern von Politiker gewohnt. Vor ein paar Tagen war ich im S\u00fcden Brandenburgs und sah dort Bilder eines l\u00e4chelnden Schimpansen. Ich brauchte einen Moment um zu verstehen, dass es Werbung f\u00fcr einen Zoo, nicht f\u00fcr Stimmen war. Und was erscheint jetzt auf den Stra\u00dfen von Teheran? Riesengro\u00dfe Bildnisse l\u00e4chelnder, winkender Gener\u00e4le und Geistlicher, die&#8230; <a href=\"https:\/\/starke-meinungen.de\/blog\/2026\/04\/28\/werbung-fuer-tote\/\">Weiterlesen &raquo;<\/a><\/p>\n","protected":false},"author":79,"featured_media":0,"comment_status":"open","ping_status":"open","sticky":false,"template":"","format":"standard","meta":{"footnotes":""},"categories":[4873],"tags":[74,4836,4631,2083],"class_list":["post-17412","post","type-post","status-publish","format-standard","hentry","category-rabbi-walter-rothschild","tag-iran","tag-irankrieg","tag-khamenei","tag-werbung"],"yoast_head":"<!-- This site is optimized with the Yoast SEO plugin v27.5 - https:\/\/yoast.com\/product\/yoast-seo-wordpress\/ -->\n<title>Werbung f\u00fcr Tote - starke-meinungen.de<\/title>\n<meta name=\"robots\" content=\"index, follow, max-snippet:-1, max-image-preview:large, max-video-preview:-1\" \/>\n<link rel=\"canonical\" href=\"https:\/\/starke-meinungen.de\/blog\/2026\/04\/28\/werbung-fuer-tote\/\" \/>\n<meta property=\"og:locale\" content=\"de_DE\" \/>\n<meta property=\"og:type\" content=\"article\" \/>\n<meta property=\"og:title\" content=\"Werbung f\u00fcr Tote - starke-meinungen.de\" \/>\n<meta property=\"og:description\" content=\"In Deutschland ist man Wahlkampfplakate mit Gesichtern von Politiker gewohnt. Vor ein paar Tagen war ich im S\u00fcden Brandenburgs und sah dort Bilder eines l\u00e4chelnden Schimpansen. Ich brauchte einen Moment um zu verstehen, dass es Werbung f\u00fcr einen Zoo, nicht f\u00fcr Stimmen war. Und was erscheint jetzt auf den Stra\u00dfen von Teheran? Riesengro\u00dfe Bildnisse l\u00e4chelnder, winkender Gener\u00e4le und Geistlicher, die... Weiterlesen &raquo;\" \/>\n<meta property=\"og:url\" content=\"https:\/\/starke-meinungen.de\/blog\/2026\/04\/28\/werbung-fuer-tote\/\" \/>\n<meta property=\"og:site_name\" content=\"starke-meinungen.de\" \/>\n<meta property=\"article:publisher\" content=\"https:\/\/www.facebook.com\/starkemeinungen\/\" \/>\n<meta property=\"article:published_time\" content=\"2026-04-28T19:14:25+00:00\" \/>\n<meta property=\"og:image\" content=\"https:\/\/starke-meinungen.de\/blog\/wp-content\/uploads\/Ali_Khamenei.jpg\" \/>\n\t<meta property=\"og:image:width\" content=\"250\" \/>\n\t<meta property=\"og:image:height\" content=\"375\" \/>\n\t<meta property=\"og:image:type\" content=\"image\/jpeg\" \/>\n<meta name=\"author\" content=\"Walter Rothschild\" \/>\n<meta name=\"twitter:card\" content=\"summary_large_image\" \/>\n<meta name=\"twitter:creator\" content=\"@starkemeinungen\" \/>\n<meta name=\"twitter:site\" content=\"@starkemeinungen\" \/>\n<meta name=\"twitter:label1\" content=\"Verfasst von\" \/>\n\t<meta name=\"twitter:data1\" content=\"Walter Rothschild\" \/>\n\t<meta name=\"twitter:label2\" content=\"Gesch\u00e4tzte Lesezeit\" \/>\n\t<meta name=\"twitter:data2\" content=\"4\u00a0Minuten\" \/>\n<script type=\"application\/ld+json\" class=\"yoast-schema-graph\">{\"@context\":\"https:\\\/\\\/schema.org\",\"@graph\":[{\"@type\":\"Article\",\"@id\":\"https:\\\/\\\/starke-meinungen.de\\\/blog\\\/2026\\\/04\\\/28\\\/werbung-fuer-tote\\\/#article\",\"isPartOf\":{\"@id\":\"https:\\\/\\\/starke-meinungen.de\\\/blog\\\/2026\\\/04\\\/28\\\/werbung-fuer-tote\\\/\"},\"author\":{\"name\":\"Walter Rothschild\",\"@id\":\"https:\\\/\\\/starke-meinungen.de\\\/blog\\\/#\\\/schema\\\/person\\\/26400c3091230216a09b866c07064a8e\"},\"headline\":\"Werbung f\u00fcr Tote\",\"datePublished\":\"2026-04-28T19:14:25+00:00\",\"mainEntityOfPage\":{\"@id\":\"https:\\\/\\\/starke-meinungen.de\\\/blog\\\/2026\\\/04\\\/28\\\/werbung-fuer-tote\\\/\"},\"wordCount\":592,\"commentCount\":1,\"publisher\":{\"@id\":\"https:\\\/\\\/starke-meinungen.de\\\/blog\\\/#organization\"},\"image\":{\"@id\":\"https:\\\/\\\/starke-meinungen.de\\\/blog\\\/2026\\\/04\\\/28\\\/werbung-fuer-tote\\\/#primaryimage\"},\"thumbnailUrl\":\"https:\\\/\\\/starke-meinungen.de\\\/blog\\\/wp-content\\\/uploads\\\/Ali_Khamenei-200x300.jpg\",\"keywords\":[\"Iran\",\"Irankrieg\",\"Khamenei\",\"Werbung\"],\"articleSection\":[\"Rabbi Walter Rothschild\"],\"inLanguage\":\"de\",\"potentialAction\":[{\"@type\":\"CommentAction\",\"name\":\"Comment\",\"target\":[\"https:\\\/\\\/starke-meinungen.de\\\/blog\\\/2026\\\/04\\\/28\\\/werbung-fuer-tote\\\/#respond\"]}]},{\"@type\":\"WebPage\",\"@id\":\"https:\\\/\\\/starke-meinungen.de\\\/blog\\\/2026\\\/04\\\/28\\\/werbung-fuer-tote\\\/\",\"url\":\"https:\\\/\\\/starke-meinungen.de\\\/blog\\\/2026\\\/04\\\/28\\\/werbung-fuer-tote\\\/\",\"name\":\"Werbung f\u00fcr Tote - starke-meinungen.de\",\"isPartOf\":{\"@id\":\"https:\\\/\\\/starke-meinungen.de\\\/blog\\\/#website\"},\"primaryImageOfPage\":{\"@id\":\"https:\\\/\\\/starke-meinungen.de\\\/blog\\\/2026\\\/04\\\/28\\\/werbung-fuer-tote\\\/#primaryimage\"},\"image\":{\"@id\":\"https:\\\/\\\/starke-meinungen.de\\\/blog\\\/2026\\\/04\\\/28\\\/werbung-fuer-tote\\\/#primaryimage\"},\"thumbnailUrl\":\"https:\\\/\\\/starke-meinungen.de\\\/blog\\\/wp-content\\\/uploads\\\/Ali_Khamenei-200x300.jpg\",\"datePublished\":\"2026-04-28T19:14:25+00:00\",\"breadcrumb\":{\"@id\":\"https:\\\/\\\/starke-meinungen.de\\\/blog\\\/2026\\\/04\\\/28\\\/werbung-fuer-tote\\\/#breadcrumb\"},\"inLanguage\":\"de\",\"potentialAction\":[{\"@type\":\"ReadAction\",\"target\":[\"https:\\\/\\\/starke-meinungen.de\\\/blog\\\/2026\\\/04\\\/28\\\/werbung-fuer-tote\\\/\"]}]},{\"@type\":\"ImageObject\",\"inLanguage\":\"de\",\"@id\":\"https:\\\/\\\/starke-meinungen.de\\\/blog\\\/2026\\\/04\\\/28\\\/werbung-fuer-tote\\\/#primaryimage\",\"url\":\"https:\\\/\\\/starke-meinungen.de\\\/blog\\\/wp-content\\\/uploads\\\/Ali_Khamenei.jpg\",\"contentUrl\":\"https:\\\/\\\/starke-meinungen.de\\\/blog\\\/wp-content\\\/uploads\\\/Ali_Khamenei.jpg\",\"width\":250,\"height\":375,\"caption\":\"Irans geistlicher und politischer F\u00fchrer Ali Khamenei, abberufen durch israelische Raketen. Foto: Wikimedia. CC BY 4.0\"},{\"@type\":\"BreadcrumbList\",\"@id\":\"https:\\\/\\\/starke-meinungen.de\\\/blog\\\/2026\\\/04\\\/28\\\/werbung-fuer-tote\\\/#breadcrumb\",\"itemListElement\":[{\"@type\":\"ListItem\",\"position\":1,\"name\":\"Startseite\",\"item\":\"https:\\\/\\\/starke-meinungen.de\\\/blog\\\/\"},{\"@type\":\"ListItem\",\"position\":2,\"name\":\"Werbung f\u00fcr Tote\"}]},{\"@type\":\"WebSite\",\"@id\":\"https:\\\/\\\/starke-meinungen.de\\\/blog\\\/#website\",\"url\":\"https:\\\/\\\/starke-meinungen.de\\\/blog\\\/\",\"name\":\"starke-meinungen.de\",\"description\":\"Autoren-Blog\",\"publisher\":{\"@id\":\"https:\\\/\\\/starke-meinungen.de\\\/blog\\\/#organization\"},\"potentialAction\":[{\"@type\":\"SearchAction\",\"target\":{\"@type\":\"EntryPoint\",\"urlTemplate\":\"https:\\\/\\\/starke-meinungen.de\\\/blog\\\/?s={search_term_string}\"},\"query-input\":{\"@type\":\"PropertyValueSpecification\",\"valueRequired\":true,\"valueName\":\"search_term_string\"}}],\"inLanguage\":\"de\"},{\"@type\":\"Organization\",\"@id\":\"https:\\\/\\\/starke-meinungen.de\\\/blog\\\/#organization\",\"name\":\"starke-meinungen.de\",\"url\":\"https:\\\/\\\/starke-meinungen.de\\\/blog\\\/\",\"logo\":{\"@type\":\"ImageObject\",\"inLanguage\":\"de\",\"@id\":\"https:\\\/\\\/starke-meinungen.de\\\/blog\\\/#\\\/schema\\\/logo\\\/image\\\/\",\"url\":\"https:\\\/\\\/starke-meinungen.de\\\/blog\\\/wp-content\\\/uploads\\\/starke-meinungen-fb-header.jpg\",\"contentUrl\":\"https:\\\/\\\/starke-meinungen.de\\\/blog\\\/wp-content\\\/uploads\\\/starke-meinungen-fb-header.jpg\",\"width\":1200,\"height\":630,\"caption\":\"starke-meinungen.de\"},\"image\":{\"@id\":\"https:\\\/\\\/starke-meinungen.de\\\/blog\\\/#\\\/schema\\\/logo\\\/image\\\/\"},\"sameAs\":[\"https:\\\/\\\/www.facebook.com\\\/starkemeinungen\\\/\",\"https:\\\/\\\/x.com\\\/starkemeinungen\"]},{\"@type\":\"Person\",\"@id\":\"https:\\\/\\\/starke-meinungen.de\\\/blog\\\/#\\\/schema\\\/person\\\/26400c3091230216a09b866c07064a8e\",\"name\":\"Walter Rothschild\",\"image\":{\"@type\":\"ImageObject\",\"inLanguage\":\"de\",\"@id\":\"https:\\\/\\\/secure.gravatar.com\\\/avatar\\\/396f630e5f166bff8b009f9e93e0338d547df0cc6c3d44891ea451c276bd4604?s=96&d=mm&r=g\",\"url\":\"https:\\\/\\\/secure.gravatar.com\\\/avatar\\\/396f630e5f166bff8b009f9e93e0338d547df0cc6c3d44891ea451c276bd4604?s=96&d=mm&r=g\",\"contentUrl\":\"https:\\\/\\\/secure.gravatar.com\\\/avatar\\\/396f630e5f166bff8b009f9e93e0338d547df0cc6c3d44891ea451c276bd4604?s=96&d=mm&r=g\",\"caption\":\"Walter Rothschild\"},\"description\":\"1954 in Bradford, England geboren. Studium Theologie und Religions-P\u00e4dagogik in Cambridge. Religionslehrer, dann Rabbinerausbildung am Leo Baeck College, London. Rabbiner in Leeds und Nord-Ost England, Wien, Aruba (holl\u00e4ndische Antiillen), Berlin. Dort zun\u00e4chst als liberale Gemeinderabbiner, aber schnell freigestellt und 25 Jahre freiberuflich in mehrere Gemeinden und L\u00e4ndern: Deutschland, Kroatien, \u00d6sterreich, Polen. Dazu promovierte Eisenbahnhistoriker zu den Eisenbahnen in Pal\u00e4stina 1945-1948, Dichter, Liedermacher, Jazz-Musiker. Verfasser diverser B\u00fccher, u.a. ''99 Fragen zum Judentum'' und ''Tales from the Rabbi's Desk''. Drei dieser B\u00e4nde mit Kurzgeschichten, basierend auf seinen Erfahrungen, sind auch in Deutsch als ''Rabbinische Resonanzen'' erschienen.\",\"url\":\"https:\\\/\\\/starke-meinungen.de\\\/blog\\\/author\\\/rothschild\\\/\"}]}<\/script>\n<!-- \/ Yoast SEO plugin. -->","yoast_head_json":{"title":"Werbung f\u00fcr Tote - starke-meinungen.de","robots":{"index":"index","follow":"follow","max-snippet":"max-snippet:-1","max-image-preview":"max-image-preview:large","max-video-preview":"max-video-preview:-1"},"canonical":"https:\/\/starke-meinungen.de\/blog\/2026\/04\/28\/werbung-fuer-tote\/","og_locale":"de_DE","og_type":"article","og_title":"Werbung f\u00fcr Tote - starke-meinungen.de","og_description":"In Deutschland ist man Wahlkampfplakate mit Gesichtern von Politiker gewohnt. Vor ein paar Tagen war ich im S\u00fcden Brandenburgs und sah dort Bilder eines l\u00e4chelnden Schimpansen. Ich brauchte einen Moment um zu verstehen, dass es Werbung f\u00fcr einen Zoo, nicht f\u00fcr Stimmen war. Und was erscheint jetzt auf den Stra\u00dfen von Teheran? Riesengro\u00dfe Bildnisse l\u00e4chelnder, winkender Gener\u00e4le und Geistlicher, die... Weiterlesen &raquo;","og_url":"https:\/\/starke-meinungen.de\/blog\/2026\/04\/28\/werbung-fuer-tote\/","og_site_name":"starke-meinungen.de","article_publisher":"https:\/\/www.facebook.com\/starkemeinungen\/","article_published_time":"2026-04-28T19:14:25+00:00","og_image":[{"width":250,"height":375,"url":"https:\/\/starke-meinungen.de\/blog\/wp-content\/uploads\/Ali_Khamenei.jpg","type":"image\/jpeg"}],"author":"Walter Rothschild","twitter_card":"summary_large_image","twitter_creator":"@starkemeinungen","twitter_site":"@starkemeinungen","twitter_misc":{"Verfasst von":"Walter Rothschild","Gesch\u00e4tzte Lesezeit":"4\u00a0Minuten"},"schema":{"@context":"https:\/\/schema.org","@graph":[{"@type":"Article","@id":"https:\/\/starke-meinungen.de\/blog\/2026\/04\/28\/werbung-fuer-tote\/#article","isPartOf":{"@id":"https:\/\/starke-meinungen.de\/blog\/2026\/04\/28\/werbung-fuer-tote\/"},"author":{"name":"Walter Rothschild","@id":"https:\/\/starke-meinungen.de\/blog\/#\/schema\/person\/26400c3091230216a09b866c07064a8e"},"headline":"Werbung f\u00fcr Tote","datePublished":"2026-04-28T19:14:25+00:00","mainEntityOfPage":{"@id":"https:\/\/starke-meinungen.de\/blog\/2026\/04\/28\/werbung-fuer-tote\/"},"wordCount":592,"commentCount":1,"publisher":{"@id":"https:\/\/starke-meinungen.de\/blog\/#organization"},"image":{"@id":"https:\/\/starke-meinungen.de\/blog\/2026\/04\/28\/werbung-fuer-tote\/#primaryimage"},"thumbnailUrl":"https:\/\/starke-meinungen.de\/blog\/wp-content\/uploads\/Ali_Khamenei-200x300.jpg","keywords":["Iran","Irankrieg","Khamenei","Werbung"],"articleSection":["Rabbi Walter Rothschild"],"inLanguage":"de","potentialAction":[{"@type":"CommentAction","name":"Comment","target":["https:\/\/starke-meinungen.de\/blog\/2026\/04\/28\/werbung-fuer-tote\/#respond"]}]},{"@type":"WebPage","@id":"https:\/\/starke-meinungen.de\/blog\/2026\/04\/28\/werbung-fuer-tote\/","url":"https:\/\/starke-meinungen.de\/blog\/2026\/04\/28\/werbung-fuer-tote\/","name":"Werbung f\u00fcr Tote - starke-meinungen.de","isPartOf":{"@id":"https:\/\/starke-meinungen.de\/blog\/#website"},"primaryImageOfPage":{"@id":"https:\/\/starke-meinungen.de\/blog\/2026\/04\/28\/werbung-fuer-tote\/#primaryimage"},"image":{"@id":"https:\/\/starke-meinungen.de\/blog\/2026\/04\/28\/werbung-fuer-tote\/#primaryimage"},"thumbnailUrl":"https:\/\/starke-meinungen.de\/blog\/wp-content\/uploads\/Ali_Khamenei-200x300.jpg","datePublished":"2026-04-28T19:14:25+00:00","breadcrumb":{"@id":"https:\/\/starke-meinungen.de\/blog\/2026\/04\/28\/werbung-fuer-tote\/#breadcrumb"},"inLanguage":"de","potentialAction":[{"@type":"ReadAction","target":["https:\/\/starke-meinungen.de\/blog\/2026\/04\/28\/werbung-fuer-tote\/"]}]},{"@type":"ImageObject","inLanguage":"de","@id":"https:\/\/starke-meinungen.de\/blog\/2026\/04\/28\/werbung-fuer-tote\/#primaryimage","url":"https:\/\/starke-meinungen.de\/blog\/wp-content\/uploads\/Ali_Khamenei.jpg","contentUrl":"https:\/\/starke-meinungen.de\/blog\/wp-content\/uploads\/Ali_Khamenei.jpg","width":250,"height":375,"caption":"Irans geistlicher und politischer F\u00fchrer Ali Khamenei, abberufen durch israelische Raketen. Foto: Wikimedia. CC BY 4.0"},{"@type":"BreadcrumbList","@id":"https:\/\/starke-meinungen.de\/blog\/2026\/04\/28\/werbung-fuer-tote\/#breadcrumb","itemListElement":[{"@type":"ListItem","position":1,"name":"Startseite","item":"https:\/\/starke-meinungen.de\/blog\/"},{"@type":"ListItem","position":2,"name":"Werbung f\u00fcr Tote"}]},{"@type":"WebSite","@id":"https:\/\/starke-meinungen.de\/blog\/#website","url":"https:\/\/starke-meinungen.de\/blog\/","name":"starke-meinungen.de","description":"Autoren-Blog","publisher":{"@id":"https:\/\/starke-meinungen.de\/blog\/#organization"},"potentialAction":[{"@type":"SearchAction","target":{"@type":"EntryPoint","urlTemplate":"https:\/\/starke-meinungen.de\/blog\/?s={search_term_string}"},"query-input":{"@type":"PropertyValueSpecification","valueRequired":true,"valueName":"search_term_string"}}],"inLanguage":"de"},{"@type":"Organization","@id":"https:\/\/starke-meinungen.de\/blog\/#organization","name":"starke-meinungen.de","url":"https:\/\/starke-meinungen.de\/blog\/","logo":{"@type":"ImageObject","inLanguage":"de","@id":"https:\/\/starke-meinungen.de\/blog\/#\/schema\/logo\/image\/","url":"https:\/\/starke-meinungen.de\/blog\/wp-content\/uploads\/starke-meinungen-fb-header.jpg","contentUrl":"https:\/\/starke-meinungen.de\/blog\/wp-content\/uploads\/starke-meinungen-fb-header.jpg","width":1200,"height":630,"caption":"starke-meinungen.de"},"image":{"@id":"https:\/\/starke-meinungen.de\/blog\/#\/schema\/logo\/image\/"},"sameAs":["https:\/\/www.facebook.com\/starkemeinungen\/","https:\/\/x.com\/starkemeinungen"]},{"@type":"Person","@id":"https:\/\/starke-meinungen.de\/blog\/#\/schema\/person\/26400c3091230216a09b866c07064a8e","name":"Walter Rothschild","image":{"@type":"ImageObject","inLanguage":"de","@id":"https:\/\/secure.gravatar.com\/avatar\/396f630e5f166bff8b009f9e93e0338d547df0cc6c3d44891ea451c276bd4604?s=96&d=mm&r=g","url":"https:\/\/secure.gravatar.com\/avatar\/396f630e5f166bff8b009f9e93e0338d547df0cc6c3d44891ea451c276bd4604?s=96&d=mm&r=g","contentUrl":"https:\/\/secure.gravatar.com\/avatar\/396f630e5f166bff8b009f9e93e0338d547df0cc6c3d44891ea451c276bd4604?s=96&d=mm&r=g","caption":"Walter Rothschild"},"description":"1954 in Bradford, England geboren. Studium Theologie und Religions-P\u00e4dagogik in Cambridge. Religionslehrer, dann Rabbinerausbildung am Leo Baeck College, London. Rabbiner in Leeds und Nord-Ost England, Wien, Aruba (holl\u00e4ndische Antiillen), Berlin. Dort zun\u00e4chst als liberale Gemeinderabbiner, aber schnell freigestellt und 25 Jahre freiberuflich in mehrere Gemeinden und L\u00e4ndern: Deutschland, Kroatien, \u00d6sterreich, Polen. Dazu promovierte Eisenbahnhistoriker zu den Eisenbahnen in Pal\u00e4stina 1945-1948, Dichter, Liedermacher, Jazz-Musiker. Verfasser diverser B\u00fccher, u.a. ''99 Fragen zum Judentum'' und ''Tales from the Rabbi's Desk''. Drei dieser B\u00e4nde mit Kurzgeschichten, basierend auf seinen Erfahrungen, sind auch in Deutsch als ''Rabbinische Resonanzen'' erschienen.","url":"https:\/\/starke-meinungen.de\/blog\/author\/rothschild\/"}]}},"_links":{"self":[{"href":"https:\/\/starke-meinungen.de\/blog\/wp-json\/wp\/v2\/posts\/17412","targetHints":{"allow":["GET"]}}],"collection":[{"href":"https:\/\/starke-meinungen.de\/blog\/wp-json\/wp\/v2\/posts"}],"about":[{"href":"https:\/\/starke-meinungen.de\/blog\/wp-json\/wp\/v2\/types\/post"}],"author":[{"embeddable":true,"href":"https:\/\/starke-meinungen.de\/blog\/wp-json\/wp\/v2\/users\/79"}],"replies":[{"embeddable":true,"href":"https:\/\/starke-meinungen.de\/blog\/wp-json\/wp\/v2\/comments?post=17412"}],"version-history":[{"count":2,"href":"https:\/\/starke-meinungen.de\/blog\/wp-json\/wp\/v2\/posts\/17412\/revisions"}],"predecessor-version":[{"id":17415,"href":"https:\/\/starke-meinungen.de\/blog\/wp-json\/wp\/v2\/posts\/17412\/revisions\/17415"}],"wp:attachment":[{"href":"https:\/\/starke-meinungen.de\/blog\/wp-json\/wp\/v2\/media?parent=17412"}],"wp:term":[{"taxonomy":"category","embeddable":true,"href":"https:\/\/starke-meinungen.de\/blog\/wp-json\/wp\/v2\/categories?post=17412"},{"taxonomy":"post_tag","embeddable":true,"href":"https:\/\/starke-meinungen.de\/blog\/wp-json\/wp\/v2\/tags?post=17412"}],"curies":[{"name":"wp","href":"https:\/\/api.w.org\/{rel}","templated":true}]}}