

{"id":17379,"date":"2026-04-27T15:07:22","date_gmt":"2026-04-27T13:07:22","guid":{"rendered":"https:\/\/starke-meinungen.de\/blog\/?p=17379"},"modified":"2026-04-27T15:07:22","modified_gmt":"2026-04-27T13:07:22","slug":"der-seltsame-herr-lindenberg-eine-halbe-hommage-zum-80","status":"publish","type":"post","link":"https:\/\/starke-meinungen.de\/blog\/2026\/04\/27\/der-seltsame-herr-lindenberg-eine-halbe-hommage-zum-80\/","title":{"rendered":"Der seltsame Herr Lindenberg. Eine halbe Hommage zum 80."},"content":{"rendered":"<p><strong>Udo Lindenberg wird 80 Jahre alt. Die Presse \u00fcberschl\u00e4gt sich sich geradezu panisch vor Lobeshymnen. Der Rolling Stone, die Prawda des Musikjournalismus, macht ihn zur Titelgeschichte. Die ZEIT druckt eine ganzseitiges Interview mit Benjamin Stuckrad-Barre, dem Lindenberg-Verehrer, -verkl\u00e4rer und -erkl\u00e4rer der Nation. <\/strong><\/p>\n<p>Wir erfahren darin Sensationelles: Der kleine Benjamin, der sich schon im Alter von sieben Jahren als Udos Freund betrachtete, hat k\u00fcrzlich mit Udo telefoniert, und der habe ihn mitten im Gespr\u00e4ch gefragt, wo denn wohl der Lichtschalter in seinem, Udos Hotelzimmer, sein k\u00f6nne. Weiter berichtet Stuckrad-Barre noch, Udo habe auch nicht gewusst, wo die K\u00fcche in seiner Berliner Wohnung ist. Na, wozu hat man gute Freunde. Aber sonst ist heute wieder alles klar? Keine Panik auf der Andrea Doria? Oder so?<\/p>\n<p><!--more--><\/p>\n<p>Ich habe Udo Lindenberg nie pers\u00f6nlich kennengelernt und konnte ihm deshalb nie das Licht in seinem Zimmer anknipsen. Aber er hat mir ein Licht aufgehen lassen. Das kam so: Es war 2004, ich hatte gerade die Aussicht auf eine Lehrerstelle auf Lebenszeit. Volles Deputat und sichere Rente. Aber ich wollte noch eine bisschen weiter als freier Schreiber arbeiten. So geriet ich in eine Pressekonferenz in einer sogenannten Kult-Kneipe in Baden-Baden, wo Udo f\u00fcr eine kleine Schar Journalisten Hof hielt, denn alsbald stand ein Konzert in Karlsruhe an, unter dem bescheidenen Titel \u201eAufmarsch der Giganten\u201c. Es war die Zeit, als nur 40 Prozent der Befragten einer Emnid-Umfrage zufolge den damaligen Pr\u00e4sidenten Horst K\u00f6hler kannte, aber 96 Prozent den Panik-Pr\u00e4sidenten. Der wiederum Karlsruhe nicht kannte. \u201eIch bin nicht so gut in Erdnusskunde&#8230;\u201c, nuschelte er. <img loading=\"lazy\" decoding=\"async\" class=\"wp-image-17381 size-large alignleft\" src=\"https:\/\/starke-meinungen.de\/blog\/wp-content\/uploads\/udo-2004-445x334.jpg\" alt=\"\" width=\"445\" height=\"334\" srcset=\"https:\/\/starke-meinungen.de\/blog\/wp-content\/uploads\/udo-2004-445x334.jpg 445w, https:\/\/starke-meinungen.de\/blog\/wp-content\/uploads\/udo-2004-200x150.jpg 200w, https:\/\/starke-meinungen.de\/blog\/wp-content\/uploads\/udo-2004-70x53.jpg 70w, https:\/\/starke-meinungen.de\/blog\/wp-content\/uploads\/udo-2004.jpg 600w\" sizes=\"auto, (max-width: 445px) 100vw, 445px\" \/>Dann k\u00fcndigte er an: \u201eIch singe erst mal zwei Oktaven tiefer\u201c, es sei ja quasi noch fr\u00fcher Morgen um halb vier nachmittags. Er brauche \u00fcberhaupt sofort Eierlik\u00f6r. Bis der geliefert wurde, pries er Hermann Hesse und dessen humanistische Weltsicht. Drogen? \u201eWir sind junge Talente, wir studieren noch\u201c. Aha,<br \/>\nMir wurde gewahr: Das ist meine Welt, lasset fahren den erlernten Beruf der Lehrers und folgt den Spuren des Erleuchteten aus dem Norden, der uns erl\u00f6sen wird von jedweder Panik auf der Titanic. Ich rief meinen Schulleiter an und k\u00fcndigte den Vertrag. Kurze Zeit sp\u00e4ter durfte eine Schar auserw\u00e4hlter Fans Udo am Auftrittsort zum Small Talk treffen, wo der verk\u00fcndete: \u201eDer Greis ist hei\u00df\u201c. In der Halle sei ja auch \u201eviel Platz f\u00fcr\u2019n Heiligen Geist drin&#8230;.und so. Und die haben viel Platz gelassen f\u00fcr die ganzen Christkindlein&#8230;.\u201c Einer wollte wissen, wo Udo an Weihnachten sei. \u201eWeihnachten bin ich glaube ich in Shanghai, glaub ich\u201c, murmelte der Prim\u00e4r-Gigant unter Giganten nebst anderen r\u00e4tselhaften S\u00e4tzen. <img loading=\"lazy\" decoding=\"async\" class=\"size-medium wp-image-17382 alignleft\" src=\"https:\/\/starke-meinungen.de\/blog\/wp-content\/uploads\/udo-mit-fan-200x267.jpg\" alt=\"\" width=\"200\" height=\"267\" srcset=\"https:\/\/starke-meinungen.de\/blog\/wp-content\/uploads\/udo-mit-fan-200x267.jpg 200w, https:\/\/starke-meinungen.de\/blog\/wp-content\/uploads\/udo-mit-fan-445x593.jpg 445w, https:\/\/starke-meinungen.de\/blog\/wp-content\/uploads\/udo-mit-fan.jpg 600w\" sizes=\"auto, (max-width: 200px) 100vw, 200px\" \/><\/p>\n<p>Das letzte Mal habe ich ihn aus n\u00e4chster N\u00e4he 2012 gesehen. Da gab es eine Warm Up Show in den betonkalten Katakomben der Mannheimer Popakademie. Udo stand einen Meter vor meiner Kameralinse und orakelte gegen Ende dar Darbietungen: \u201eFr\u00fcher Tod, gro\u00dfer Ruhm. In meinem Fall lohnt sich das einfach nicht mehr\u201c, w\u00e4hrend das Panikorchester tat, was es immer tut: Desseb Musik auch in einer Telefonzelle klingen w\u00fcrde, als ginge es um Stadionbeschallung: Breitkrempige Br\u00fcllgitarren, unterf\u00fcttert von Br\u00fcllorgeln und gelegentlich herrlich anachronistisch anmutenden Synthesizern. Nach den letzen T\u00f6nen des Konzerts begegnete ich drau\u00dfen vor den highligen Katakomben Mannheims (laut Udo \u201eeine idyllische Stadt von au\u00dfergew\u00f6hnlichem Reiz\u201c) einem halben Dutzend sehr junger, sehr aufgekratzter Frauen, die ich investigativ nach ihren Erkenntnissen der vergangenen drei Stunden befragte: \u201eUdo Lindenberg ist einer der bedeutendsten Intellektuellen des Landes!\u201c So sprachen sie zu mir. Ein Schwerst-Intellektueller geradezu, dessen Albumtitel \u2013wie \u201eUdopia\u201c, \u201eG\u00f6tterh\u00e4mmerung\u201c oder \u201eS\u00fcndenknall\u201c \u2013 vermutlich zur Tarnung &#8211; eher wie Titel von Lehrerkabarettprogrammen klangen. Aber es muss schon was dran sein, schliesslich tr\u00e4gt ja die Mittelschule in Mellrichstadt mittlerweile seinen Namen. Weil er ein Mittel-Intellektueller ist? Nein. Die Begr\u00fcndung steht auf der Homepage der Schule: \u201eLindenberg macht sich seit \u00fcber 40 Jahren stark f\u00fcr die Rechte von Minderheiten, f\u00fcr Frieden, Menschlichkeit und einen respektvollen Umgang in einer bunten Republik Deutschland. In seinen Liedern wie in seinem Handeln stellt er immer wieder den Gedanken in den Mittelpunkt, dass jeder Mensch, unabh\u00e4ngig von seiner Herkunft, seiner Hautfarbe oder Religion, die gleichen Rechte hat und genauso wertvoll ist\u201c. <img loading=\"lazy\" decoding=\"async\" class=\"size-medium wp-image-17383 alignright\" src=\"https:\/\/starke-meinungen.de\/blog\/wp-content\/uploads\/lindenberg-Kopie-200x227.jpg\" alt=\"\" width=\"200\" height=\"227\" srcset=\"https:\/\/starke-meinungen.de\/blog\/wp-content\/uploads\/lindenberg-Kopie-200x227.jpg 200w, https:\/\/starke-meinungen.de\/blog\/wp-content\/uploads\/lindenberg-Kopie-445x504.jpg 445w, https:\/\/starke-meinungen.de\/blog\/wp-content\/uploads\/lindenberg-Kopie.jpg 479w\" sizes=\"auto, (max-width: 200px) 100vw, 200px\" \/><\/p>\n<p>2010 schon hatte die Eberhard-Sch\u00f6ck-Stiftung Udo f\u00fcr seine \u201eVerdienste um die deutsche Sprache\u201c mit dem Jacob-Grimm-Preis ausgezeichnet. Der soll diejenigen w\u00fcrdigen, die sich &#8222;im besonderen Ma\u00dfe um die Anerkennung, Weiterentwicklung und Pflege des Deutschen als Kultursprache&#8220; verdient gemacht haben. \u201eIch gratuliere der Jury zu dieser kessen Entscheidung, erstmals einen Rockmusiker auszuzeichnen\u201c, sagte der Geehrte bei der Preisverleihung, und dann noch in weiterentwickelter deutscher Sprache. \u201eKeine Panik, alles easy und so\u201c. Zu den vorangegangenen Preistr\u00e4gern geh\u00f6rte under anderen Loriot, FAZ-Herausgeber Frank Schirrmacher und Herta M\u00fcller.<br \/>\nSchon 2007 hatte er die Carl-Zuckmayer-Medaille bekommen, weil er \u201eseine Songtexte immer in der deutschen Sprache gesungen\u201c hat. Der Kunsttheoretiker Bazon Brock hielt die Laudatio, aus der ich hier kurz zitieren m\u00f6chte. Mein Tipp: geniessen und langsam im Hirn zergehen lassen: \u201eZuckmayer hat in vielerlei Hinsicht mit seiner grandiosen Autobiografie, \u201aAls w\u00e4r&#8217;s ein St\u00fcck von mir\u2018, vorgegeben, was sich meines Erachtens nur in zwei weiteren F\u00e4llen erf\u00fcllt hat: einmal im Werk von Walter Kempowski und einmal im Werk von Udo Lindenberg. Diese N\u00e4he zwischen dem Literaten Walter Kempowski und dem Lyriker Lindenberg ist im \u00dcbrigen nicht zuf\u00e4llig gew\u00e4hlt. Man kann das Zuckmayer\u2019sche Entwicklungsschema des Verh\u00e4ltnisses von Musik und Literatur bis hin zum Beispiel Wolf Biermanns weiterverfolgen, der in der Musik ungef\u00e4hr die Position von G\u00fcnter Grass vertritt. Ein dritter Musiker im Bunde w\u00e4re dann Rio Reiser, gleichsam der Martin Walser der Musikszene\u201c. Und wer ist dann der Udo Lindenberg der Literaturszene? Herta M\u00fcller?<img loading=\"lazy\" decoding=\"async\" class=\"alignnone wp-image-17384 size-full\" src=\"https:\/\/starke-meinungen.de\/blog\/wp-content\/uploads\/udo-41-scaled.jpg\" alt=\"\" width=\"2560\" height=\"1757\" srcset=\"https:\/\/starke-meinungen.de\/blog\/wp-content\/uploads\/udo-41-scaled.jpg 2560w, https:\/\/starke-meinungen.de\/blog\/wp-content\/uploads\/udo-41-200x137.jpg 200w, https:\/\/starke-meinungen.de\/blog\/wp-content\/uploads\/udo-41-445x305.jpg 445w, https:\/\/starke-meinungen.de\/blog\/wp-content\/uploads\/udo-41-768x527.jpg 768w, https:\/\/starke-meinungen.de\/blog\/wp-content\/uploads\/udo-41-1536x1054.jpg 1536w, https:\/\/starke-meinungen.de\/blog\/wp-content\/uploads\/udo-41-2048x1406.jpg 2048w\" sizes=\"auto, (max-width: 2560px) 100vw, 2560px\" \/><\/p>\n<p>\u201eIch habe viele Bands ermutigt. Heute singt irgendwie jeder Deutsch, Jan Delay oder Silbermond. Das klingt easy und cool und so\u201c, kommentierte der Preistr\u00e4ger, als ihm Kurt Beck den Preis \u00fcberreichte. Klar, alles easy und cool f\u00fcr einen, der sich selbst schon in seinem Fr\u00fchwerk heilig gesprochen hatte. Da war ihm ein Engel erschienen und er sang: <em>\u201e\u2026.und nun steh&#8216; ich hier<\/em><br \/>\n<em>und ich hei\u00dfe Jeremias. Ich wei\u00df auch noch nicht so genau, was man da macht. Aber irgendwie, na klar, irgendwie krieg\u2019n wir das schon hin. Da gab\u2032s doch schon mal einen, der hat das auch gebracht. Halleluja, Halleluja!\u201c<\/em> Nie weiss man bei Udo so genau, ob er hier spricht oder das lyrische Ich. Was sagt Stuckrad-Barre?. \u201eKeiner hat den Versuch, die Kunstfigur und den sogenannten Menschen dahinter zu vereinen, soweit getrieben wie Udo. Einen privaten Udo gibt es nicht. Sein gr\u00f6\u00dfter Song ist seine Biografie.\u201c<\/p>\n<p>Aber hat der Dichter \u00fcberhaupt selbst gedichtet? Olaf K\u00fcbler, als Saxophonist lange in Diensten Lindenbergs, hat in seiner Autobiographie behauptet, er und nicht Udo habe die Spr\u00fcche erfunden, die Udo sp\u00e4ter zu Songtexten verarbeitet hat: \u201eWenn ich dann gut besoffen war und auch noch ein R\u00f6hrchen geraucht hatte, fielen mir die Spr\u00fcche nur so aus dem Kopf und dann war Udo immer ganz Ohr und registrierte alles mit seinem ph\u00e4nomenalen Ged\u00e4chtnis\u201c. Ob da was dran ist, sei dahingestellt. Eines aber ist sicher: Udo war nicht der erste, der Rock eindeutschte. Zum einen gab es schon zuvor (die allerdings eher unfreiwillig komischen) Versuche der DDR-Bands, die sich meist in verquaster verbaler Wolkenschieberei suhlten, um die Werkt\u00e4tigen ein bisschen vom grauen Alltag abzulenken. Metaphern statt Mandarinen.<\/p>\n<p>Aber auch im Westen hatte sich vor Udo schon einiges getan: Die N\u00fcrnberger Band Ihre Kinder hatte bereits 1969, inspiriert von Bob Dylan angefangen, deutsch zu singen. Im Gegensatz zu Udo eher bekifft als besoffen, aber immerhin. Dass Udo den Ruhm erntete, den Ihre Kinder ges\u00e4t hatten, ficht Ernst Schultz, einer der V\u00e4ter der Kinder, wenig an. \u201eDer hat ja damals noch Schlagzeug gespielt bei Doldinger, als wir &#8218;Leere H\u00e4nde&#8216; (das zweite Album) gemacht haben\u201c hat Schultz mir vor ein paar Jahren erz\u00e4hlt. \u201eAber er hat uns auch bei Echo-Verleihungen fairerweise immer erw\u00e4hnt und auch oft gesagt, dass er ohne uns vielleicht gar nicht auf die Idee gekommen w\u00e4re, so was zu machen. Deswegen war ich da nie traurig, dass wir nicht den gro\u00dfen Ruhm geniessen wie er. Das war \u00fcberhaupt nie unser Thema, wir wollten in unseren Stra\u00dfenklamotten auf die B\u00fchne gehen, und wenn da mal nur eine Neonleuchte als Beleuchtung war, war das auch okay.\u201c<\/p>\n<p>F\u00fcr Udo reichte die Neonleuchte nie. Von Anfang an brauchte und wollte er das ganz gro\u00dfe Theater, den \u00fcber die Jahre immer wahnsinnigeren Ball Pomp\u00f6s. Vollkommen irrsinnige Inszenierungen mit Zwergen, Pinguinen und anderen lebenden Wesen. Bei der Rock-Revue &#8217;79, der Umsetzung der \u201eDr\u00f6hnland-Sinfonie\u201c, inszeniert von Theater-Regisseur Peter Zadek, erschien Udo im Schlitten, gezogen von zwei Rentieren. <img loading=\"lazy\" decoding=\"async\" class=\"wp-image-17385 size-large alignleft\" src=\"https:\/\/starke-meinungen.de\/blog\/wp-content\/uploads\/udo-1-1-445x312.jpg\" alt=\"\" width=\"445\" height=\"312\" srcset=\"https:\/\/starke-meinungen.de\/blog\/wp-content\/uploads\/udo-1-1-445x312.jpg 445w, https:\/\/starke-meinungen.de\/blog\/wp-content\/uploads\/udo-1-1-200x140.jpg 200w, https:\/\/starke-meinungen.de\/blog\/wp-content\/uploads\/udo-1-1-768x538.jpg 768w, https:\/\/starke-meinungen.de\/blog\/wp-content\/uploads\/udo-1-1-1536x1076.jpg 1536w, https:\/\/starke-meinungen.de\/blog\/wp-content\/uploads\/udo-1-1-2048x1435.jpg 2048w\" sizes=\"auto, (max-width: 445px) 100vw, 445px\" \/><br \/>\n\u201eSch\u00f6n verr\u00fcckt ist das immer, hat aber nie den Beigeschmack von anarchischem Laientheater verloren\u201c, war in der S\u00fcddeutschen Zeitung zu lesen. \u201eZadek als Konsequenz &#8211; das scheint da beinahe unausweichlich, zumal der Regisseur die Neigung Udo Lindenbergs zu allerlei makabren Monstrosit\u00e4ten, zum Aufsteigen von Gewalt und Brutalit\u00e4t in unserer Welt teilt, ihn in der Lust am Destruktiven wom\u00f6glich noch \u00fcbertrifft.\u201c Was auch immer das bedeuten mag: Man merkt vielen Kritikern an, dass sie das Ph\u00e4nomen Lindenberg nie so richtig einsortieren konnte und ihn eher mit spitzen Fingern nach dem Motto \u201eBisschen sch\u00f6n, bisschen scheusslich\u201c behandelten. Aber Udo war das alles noch nicht genug. Bei der \u201eIch mach mein Ding&#8220;-Tournee 2012\/2013 schwebte er in einem 20 Meter langen Zeppelin in die Arenen. Alles ganz easy, Leute.<\/p>\n<p>Ob Udo mit seinem \u201eSonderzug nach Pankow\u201c 1983 eine solche Schallwelle erzeugte, dass sechs Jahre sp\u00e4ter die Mauer einst\u00fcrzte? Manche glauben das. Auch da gehen die Meinungen auseinander. Zugutehalten muss man ihm allerdings, dass er \u2013 im Gegensatz zum in der DDR schon kurz vor der Wende wohlgelittenen Heinz Rudolf Kunze \u2013 nie ein Buch zusammen mit Egon Krenz gemacht hat und mit Sicherheit auch keine diesbez\u00fcglichen Ambitionen hatte . Das ist ja immerhin schon mal etwas heute nicht mehr Selbstverst\u00e4ndliches. Nachts, so berichtet Stuckrad-Barre, fahre Udo spektakul\u00e4r langsam mit dem jeweils neuesten Porsche durch die Stadt und denke. Auch nicht selbstverst\u00e4ndlich. Ach, und die Idee, mit alkoholischen Getr\u00e4nken zu malen, finde ich charmant. Aber ich w\u00fcrde lieber mal Wodka statt Eierlik\u00f6r nehmen f\u00fcr den Anfang. Dann sieht man nicht gleich, wenn es Pfusch ist. Prost, Udo!<\/p>\n<div class=\"shariff shariff-align-left shariff-widget-align-left shariff-buttonstretch\" style=\"display:none\"><ul class=\"shariff-buttons theme-white orientation-horizontal buttonsize-medium\"><li class=\"shariff-button facebook shariff-nocustomcolor\" style=\"background-color:#4273c8\"><a href=\"https:\/\/www.facebook.com\/sharer\/sharer.php?u=https%3A%2F%2Fstarke-meinungen.de%2Fblog%2F2026%2F04%2F27%2Fder-seltsame-herr-lindenberg-eine-halbe-hommage-zum-80%2F\" title=\"Bei Facebook teilen\" aria-label=\"Bei Facebook teilen\" role=\"button\" rel=\"nofollow\" class=\"shariff-link\" style=\"; background-color:#3b5998; color:#3b5998\" target=\"_blank\"><span class=\"shariff-icon\" style=\"fill:#3b5998\"><svg width=\"32px\" height=\"20px\" xmlns=\"http:\/\/www.w3.org\/2000\/svg\" viewBox=\"0 0 18 32\"><path fill=\"#3b5998\" d=\"M17.1 0.2v4.7h-2.8q-1.5 0-2.1 0.6t-0.5 1.9v3.4h5.2l-0.7 5.3h-4.5v13.6h-5.5v-13.6h-4.5v-5.3h4.5v-3.9q0-3.3 1.9-5.2t5-1.8q2.6 0 4.1 0.2z\"\/><\/svg><\/span><span class=\"shariff-text\" style=\"color:#3b5998\">teilen<\/span>&nbsp;<\/a><\/li><li class=\"shariff-button twitter shariff-nocustomcolor\" style=\"background-color:#595959\"><a href=\"https:\/\/twitter.com\/share?url=https%3A%2F%2Fstarke-meinungen.de%2Fblog%2F2026%2F04%2F27%2Fder-seltsame-herr-lindenberg-eine-halbe-hommage-zum-80%2F&text=Der%20seltsame%20Herr%20Lindenberg.%20Eine%20halbe%20Hommage%20zum%2080.&via=starkemeinungen\" title=\"Bei X teilen\" aria-label=\"Bei X teilen\" role=\"button\" rel=\"noopener nofollow\" class=\"shariff-link\" style=\"; background-color:#000; color:#000\" target=\"_blank\"><span class=\"shariff-icon\" style=\"fill:#000\"><svg width=\"32px\" height=\"20px\" xmlns=\"http:\/\/www.w3.org\/2000\/svg\" viewBox=\"0 0 24 24\"><path fill=\"#000\" d=\"M14.258 10.152L23.176 0h-2.113l-7.747 8.813L7.133 0H0l9.352 13.328L0 23.973h2.113l8.176-9.309 6.531 9.309h7.133zm-2.895 3.293l-.949-1.328L2.875 1.56h3.246l6.086 8.523.945 1.328 7.91 11.078h-3.246zm0 0\"\/><\/svg><\/span><span class=\"shariff-text\" style=\"color:#000\">teilen<\/span>&nbsp;<\/a><\/li><li class=\"shariff-button linkedin shariff-nocustomcolor\" style=\"background-color:#1488bf\"><a href=\"https:\/\/www.linkedin.com\/sharing\/share-offsite\/?url=https%3A%2F%2Fstarke-meinungen.de%2Fblog%2F2026%2F04%2F27%2Fder-seltsame-herr-lindenberg-eine-halbe-hommage-zum-80%2F\" title=\"Bei LinkedIn teilen\" aria-label=\"Bei LinkedIn teilen\" role=\"button\" rel=\"noopener nofollow\" class=\"shariff-link\" style=\"; background-color:#0077b5; color:#0077b5\" target=\"_blank\"><span class=\"shariff-icon\" style=\"fill:#0077b5\"><svg width=\"32px\" height=\"20px\" xmlns=\"http:\/\/www.w3.org\/2000\/svg\" viewBox=\"0 0 27 32\"><path fill=\"#0077b5\" d=\"M6.2 11.2v17.7h-5.9v-17.7h5.9zM6.6 5.7q0 1.3-0.9 2.2t-2.4 0.9h0q-1.5 0-2.4-0.9t-0.9-2.2 0.9-2.2 2.4-0.9 2.4 0.9 0.9 2.2zM27.4 18.7v10.1h-5.9v-9.5q0-1.9-0.7-2.9t-2.3-1.1q-1.1 0-1.9 0.6t-1.2 1.5q-0.2 0.5-0.2 1.4v9.9h-5.9q0-7.1 0-11.6t0-5.3l0-0.9h5.9v2.6h0q0.4-0.6 0.7-1t1-0.9 1.6-0.8 2-0.3q3 0 4.9 2t1.9 6z\"\/><\/svg><\/span><span class=\"shariff-text\" style=\"color:#0077b5\">teilen<\/span>&nbsp;<\/a><\/li><li class=\"shariff-button xing shariff-nocustomcolor\" style=\"background-color:#29888a\"><a href=\"https:\/\/www.xing.com\/spi\/shares\/new?url=https%3A%2F%2Fstarke-meinungen.de%2Fblog%2F2026%2F04%2F27%2Fder-seltsame-herr-lindenberg-eine-halbe-hommage-zum-80%2F\" title=\"Bei XING teilen\" aria-label=\"Bei XING teilen\" role=\"button\" rel=\"noopener nofollow\" class=\"shariff-link\" style=\"; background-color:#126567; color:#126567\" target=\"_blank\"><span class=\"shariff-icon\" style=\"fill:#126567\"><svg width=\"32px\" height=\"20px\" xmlns=\"http:\/\/www.w3.org\/2000\/svg\" viewBox=\"0 0 25 32\"><path fill=\"#126567\" d=\"M10.7 11.9q-0.2 0.3-4.6 8.2-0.5 0.8-1.2 0.8h-4.3q-0.4 0-0.5-0.3t0-0.6l4.5-8q0 0 0 0l-2.9-5q-0.2-0.4 0-0.7 0.2-0.3 0.5-0.3h4.3q0.7 0 1.2 0.8zM25.1 0.4q0.2 0.3 0 0.7l-9.4 16.7 6 11q0.2 0.4 0 0.6-0.2 0.3-0.6 0.3h-4.3q-0.7 0-1.2-0.8l-6-11.1q0.3-0.6 9.5-16.8 0.4-0.8 1.2-0.8h4.3q0.4 0 0.5 0.3z\"\/><\/svg><\/span><span class=\"shariff-text\" style=\"color:#126567\">teilen<\/span>&nbsp;<\/a><\/li><li class=\"shariff-button whatsapp shariff-nocustomcolor\" style=\"background-color:#5cbe4a\"><a href=\"https:\/\/api.whatsapp.com\/send?text=https%3A%2F%2Fstarke-meinungen.de%2Fblog%2F2026%2F04%2F27%2Fder-seltsame-herr-lindenberg-eine-halbe-hommage-zum-80%2F%20Der%20seltsame%20Herr%20Lindenberg.%20Eine%20halbe%20Hommage%20zum%2080.\" title=\"Bei Whatsapp teilen\" aria-label=\"Bei Whatsapp teilen\" role=\"button\" rel=\"noopener nofollow\" class=\"shariff-link\" style=\"; background-color:#34af23; color:#34af23\" target=\"_blank\"><span class=\"shariff-icon\" style=\"fill:#34af23\"><svg width=\"32px\" height=\"20px\" xmlns=\"http:\/\/www.w3.org\/2000\/svg\" viewBox=\"0 0 32 32\"><path fill=\"#34af23\" d=\"M17.6 17.4q0.2 0 1.7 0.8t1.6 0.9q0 0.1 0 0.3 0 0.6-0.3 1.4-0.3 0.7-1.3 1.2t-1.8 0.5q-1 0-3.4-1.1-1.7-0.8-3-2.1t-2.6-3.3q-1.3-1.9-1.3-3.5v-0.1q0.1-1.6 1.3-2.8 0.4-0.4 0.9-0.4 0.1 0 0.3 0t0.3 0q0.3 0 0.5 0.1t0.3 0.5q0.1 0.4 0.6 1.6t0.4 1.3q0 0.4-0.6 1t-0.6 0.8q0 0.1 0.1 0.3 0.6 1.3 1.8 2.4 1 0.9 2.7 1.8 0.2 0.1 0.4 0.1 0.3 0 1-0.9t0.9-0.9zM14 26.9q2.3 0 4.3-0.9t3.6-2.4 2.4-3.6 0.9-4.3-0.9-4.3-2.4-3.6-3.6-2.4-4.3-0.9-4.3 0.9-3.6 2.4-2.4 3.6-0.9 4.3q0 3.6 2.1 6.6l-1.4 4.2 4.3-1.4q2.8 1.9 6.2 1.9zM14 2.2q2.7 0 5.2 1.1t4.3 2.9 2.9 4.3 1.1 5.2-1.1 5.2-2.9 4.3-4.3 2.9-5.2 1.1q-3.5 0-6.5-1.7l-7.4 2.4 2.4-7.2q-1.9-3.2-1.9-6.9 0-2.7 1.1-5.2t2.9-4.3 4.3-2.9 5.2-1.1z\"\/><\/svg><\/span><span class=\"shariff-text\" style=\"color:#34af23\">teilen<\/span>&nbsp;<\/a><\/li><li class=\"shariff-button info shariff-nocustomcolor\" style=\"background-color:#a8a8a8\"><a href=\"http:\/\/ct.de\/-2467514\" title=\"Weitere Informationen\" aria-label=\"Weitere Informationen\" role=\"button\" rel=\"noopener \" class=\"shariff-link\" style=\"; background-color:#999; color:#999\" target=\"_blank\"><span class=\"shariff-icon\" style=\"fill:#999\"><svg width=\"32px\" height=\"20px\" xmlns=\"http:\/\/www.w3.org\/2000\/svg\" viewBox=\"0 0 11 32\"><path fill=\"#999\" d=\"M11.4 24v2.3q0 0.5-0.3 0.8t-0.8 0.4h-9.1q-0.5 0-0.8-0.4t-0.4-0.8v-2.3q0-0.5 0.4-0.8t0.8-0.4h1.1v-6.8h-1.1q-0.5 0-0.8-0.4t-0.4-0.8v-2.3q0-0.5 0.4-0.8t0.8-0.4h6.8q0.5 0 0.8 0.4t0.4 0.8v10.3h1.1q0.5 0 0.8 0.4t0.3 0.8zM9.2 3.4v3.4q0 0.5-0.4 0.8t-0.8 0.4h-4.6q-0.4 0-0.8-0.4t-0.4-0.8v-3.4q0-0.4 0.4-0.8t0.8-0.4h4.6q0.5 0 0.8 0.4t0.4 0.8z\"\/><\/svg><\/span><\/a><\/li><\/ul><\/div>","protected":false},"excerpt":{"rendered":"<p>Udo Lindenberg wird 80 Jahre alt. Die Presse \u00fcberschl\u00e4gt sich sich geradezu panisch vor Lobeshymnen. Der Rolling Stone, die Prawda des Musikjournalismus, macht ihn zur Titelgeschichte. Die ZEIT druckt eine ganzseitiges Interview mit Benjamin Stuckrad-Barre, dem Lindenberg-Verehrer, -verkl\u00e4rer und -erkl\u00e4rer der Nation. Wir erfahren darin Sensationelles: Der kleine Benjamin, der sich schon im Alter von sieben Jahren als Udos Freund&#8230; <a href=\"https:\/\/starke-meinungen.de\/blog\/2026\/04\/27\/der-seltsame-herr-lindenberg-eine-halbe-hommage-zum-80\/\">Weiterlesen &raquo;<\/a><\/p>\n","protected":false},"author":57,"featured_media":17380,"comment_status":"open","ping_status":"open","sticky":false,"template":"","format":"standard","meta":{"footnotes":""},"categories":[1],"tags":[],"class_list":["post-17379","post","type-post","status-publish","format-standard","has-post-thumbnail","hentry","category-allgemein"],"yoast_head":"<!-- This site is optimized with the Yoast SEO plugin v27.4 - https:\/\/yoast.com\/product\/yoast-seo-wordpress\/ -->\n<title>Der seltsame Herr Lindenberg. Eine halbe Hommage zum 80. - starke-meinungen.de<\/title>\n<meta name=\"robots\" content=\"index, follow, max-snippet:-1, max-image-preview:large, max-video-preview:-1\" \/>\n<link rel=\"canonical\" href=\"https:\/\/starke-meinungen.de\/blog\/2026\/04\/27\/der-seltsame-herr-lindenberg-eine-halbe-hommage-zum-80\/\" \/>\n<meta property=\"og:locale\" content=\"de_DE\" \/>\n<meta property=\"og:type\" content=\"article\" \/>\n<meta property=\"og:title\" content=\"Der seltsame Herr Lindenberg. Eine halbe Hommage zum 80. - starke-meinungen.de\" \/>\n<meta property=\"og:description\" content=\"Udo Lindenberg wird 80 Jahre alt. Die Presse \u00fcberschl\u00e4gt sich sich geradezu panisch vor Lobeshymnen. Der Rolling Stone, die Prawda des Musikjournalismus, macht ihn zur Titelgeschichte. Die ZEIT druckt eine ganzseitiges Interview mit Benjamin Stuckrad-Barre, dem Lindenberg-Verehrer, -verkl\u00e4rer und -erkl\u00e4rer der Nation. Wir erfahren darin Sensationelles: Der kleine Benjamin, der sich schon im Alter von sieben Jahren als Udos Freund... Weiterlesen &raquo;\" \/>\n<meta property=\"og:url\" content=\"https:\/\/starke-meinungen.de\/blog\/2026\/04\/27\/der-seltsame-herr-lindenberg-eine-halbe-hommage-zum-80\/\" \/>\n<meta property=\"og:site_name\" content=\"starke-meinungen.de\" \/>\n<meta property=\"article:publisher\" content=\"https:\/\/www.facebook.com\/starkemeinungen\/\" \/>\n<meta property=\"article:published_time\" content=\"2026-04-27T13:07:22+00:00\" \/>\n<meta property=\"og:image\" content=\"https:\/\/starke-meinungen.de\/blog\/wp-content\/uploads\/udo-2-1.jpg\" \/>\n\t<meta property=\"og:image:width\" content=\"2441\" \/>\n\t<meta property=\"og:image:height\" content=\"1730\" \/>\n\t<meta property=\"og:image:type\" content=\"image\/jpeg\" \/>\n<meta name=\"author\" content=\"Thomas Zimmer\" \/>\n<meta name=\"twitter:card\" content=\"summary_large_image\" \/>\n<meta name=\"twitter:creator\" content=\"@starkemeinungen\" \/>\n<meta name=\"twitter:site\" content=\"@starkemeinungen\" \/>\n<meta name=\"twitter:label1\" content=\"Verfasst von\" \/>\n\t<meta name=\"twitter:data1\" content=\"Thomas Zimmer\" \/>\n\t<meta name=\"twitter:label2\" content=\"Gesch\u00e4tzte Lesezeit\" \/>\n\t<meta name=\"twitter:data2\" content=\"11\u00a0Minuten\" \/>\n<script type=\"application\/ld+json\" class=\"yoast-schema-graph\">{\"@context\":\"https:\\\/\\\/schema.org\",\"@graph\":[{\"@type\":\"Article\",\"@id\":\"https:\\\/\\\/starke-meinungen.de\\\/blog\\\/2026\\\/04\\\/27\\\/der-seltsame-herr-lindenberg-eine-halbe-hommage-zum-80\\\/#article\",\"isPartOf\":{\"@id\":\"https:\\\/\\\/starke-meinungen.de\\\/blog\\\/2026\\\/04\\\/27\\\/der-seltsame-herr-lindenberg-eine-halbe-hommage-zum-80\\\/\"},\"author\":{\"name\":\"Thomas Zimmer\",\"@id\":\"https:\\\/\\\/starke-meinungen.de\\\/blog\\\/#\\\/schema\\\/person\\\/e99bb72e8618e5a63afd0cbf730ca3e0\"},\"headline\":\"Der seltsame Herr Lindenberg. Eine halbe Hommage zum 80.\",\"datePublished\":\"2026-04-27T13:07:22+00:00\",\"mainEntityOfPage\":{\"@id\":\"https:\\\/\\\/starke-meinungen.de\\\/blog\\\/2026\\\/04\\\/27\\\/der-seltsame-herr-lindenberg-eine-halbe-hommage-zum-80\\\/\"},\"wordCount\":1758,\"commentCount\":0,\"publisher\":{\"@id\":\"https:\\\/\\\/starke-meinungen.de\\\/blog\\\/#organization\"},\"image\":{\"@id\":\"https:\\\/\\\/starke-meinungen.de\\\/blog\\\/2026\\\/04\\\/27\\\/der-seltsame-herr-lindenberg-eine-halbe-hommage-zum-80\\\/#primaryimage\"},\"thumbnailUrl\":\"https:\\\/\\\/starke-meinungen.de\\\/blog\\\/wp-content\\\/uploads\\\/udo-2-1.jpg\",\"inLanguage\":\"de\",\"potentialAction\":[{\"@type\":\"CommentAction\",\"name\":\"Comment\",\"target\":[\"https:\\\/\\\/starke-meinungen.de\\\/blog\\\/2026\\\/04\\\/27\\\/der-seltsame-herr-lindenberg-eine-halbe-hommage-zum-80\\\/#respond\"]}]},{\"@type\":\"WebPage\",\"@id\":\"https:\\\/\\\/starke-meinungen.de\\\/blog\\\/2026\\\/04\\\/27\\\/der-seltsame-herr-lindenberg-eine-halbe-hommage-zum-80\\\/\",\"url\":\"https:\\\/\\\/starke-meinungen.de\\\/blog\\\/2026\\\/04\\\/27\\\/der-seltsame-herr-lindenberg-eine-halbe-hommage-zum-80\\\/\",\"name\":\"Der seltsame Herr Lindenberg. Eine halbe Hommage zum 80. - starke-meinungen.de\",\"isPartOf\":{\"@id\":\"https:\\\/\\\/starke-meinungen.de\\\/blog\\\/#website\"},\"primaryImageOfPage\":{\"@id\":\"https:\\\/\\\/starke-meinungen.de\\\/blog\\\/2026\\\/04\\\/27\\\/der-seltsame-herr-lindenberg-eine-halbe-hommage-zum-80\\\/#primaryimage\"},\"image\":{\"@id\":\"https:\\\/\\\/starke-meinungen.de\\\/blog\\\/2026\\\/04\\\/27\\\/der-seltsame-herr-lindenberg-eine-halbe-hommage-zum-80\\\/#primaryimage\"},\"thumbnailUrl\":\"https:\\\/\\\/starke-meinungen.de\\\/blog\\\/wp-content\\\/uploads\\\/udo-2-1.jpg\",\"datePublished\":\"2026-04-27T13:07:22+00:00\",\"breadcrumb\":{\"@id\":\"https:\\\/\\\/starke-meinungen.de\\\/blog\\\/2026\\\/04\\\/27\\\/der-seltsame-herr-lindenberg-eine-halbe-hommage-zum-80\\\/#breadcrumb\"},\"inLanguage\":\"de\",\"potentialAction\":[{\"@type\":\"ReadAction\",\"target\":[\"https:\\\/\\\/starke-meinungen.de\\\/blog\\\/2026\\\/04\\\/27\\\/der-seltsame-herr-lindenberg-eine-halbe-hommage-zum-80\\\/\"]}]},{\"@type\":\"ImageObject\",\"inLanguage\":\"de\",\"@id\":\"https:\\\/\\\/starke-meinungen.de\\\/blog\\\/2026\\\/04\\\/27\\\/der-seltsame-herr-lindenberg-eine-halbe-hommage-zum-80\\\/#primaryimage\",\"url\":\"https:\\\/\\\/starke-meinungen.de\\\/blog\\\/wp-content\\\/uploads\\\/udo-2-1.jpg\",\"contentUrl\":\"https:\\\/\\\/starke-meinungen.de\\\/blog\\\/wp-content\\\/uploads\\\/udo-2-1.jpg\",\"width\":2441,\"height\":1730},{\"@type\":\"BreadcrumbList\",\"@id\":\"https:\\\/\\\/starke-meinungen.de\\\/blog\\\/2026\\\/04\\\/27\\\/der-seltsame-herr-lindenberg-eine-halbe-hommage-zum-80\\\/#breadcrumb\",\"itemListElement\":[{\"@type\":\"ListItem\",\"position\":1,\"name\":\"Startseite\",\"item\":\"https:\\\/\\\/starke-meinungen.de\\\/blog\\\/\"},{\"@type\":\"ListItem\",\"position\":2,\"name\":\"Der seltsame Herr Lindenberg. Eine halbe Hommage zum 80.\"}]},{\"@type\":\"WebSite\",\"@id\":\"https:\\\/\\\/starke-meinungen.de\\\/blog\\\/#website\",\"url\":\"https:\\\/\\\/starke-meinungen.de\\\/blog\\\/\",\"name\":\"starke-meinungen.de\",\"description\":\"Autoren-Blog\",\"publisher\":{\"@id\":\"https:\\\/\\\/starke-meinungen.de\\\/blog\\\/#organization\"},\"potentialAction\":[{\"@type\":\"SearchAction\",\"target\":{\"@type\":\"EntryPoint\",\"urlTemplate\":\"https:\\\/\\\/starke-meinungen.de\\\/blog\\\/?s={search_term_string}\"},\"query-input\":{\"@type\":\"PropertyValueSpecification\",\"valueRequired\":true,\"valueName\":\"search_term_string\"}}],\"inLanguage\":\"de\"},{\"@type\":\"Organization\",\"@id\":\"https:\\\/\\\/starke-meinungen.de\\\/blog\\\/#organization\",\"name\":\"starke-meinungen.de\",\"url\":\"https:\\\/\\\/starke-meinungen.de\\\/blog\\\/\",\"logo\":{\"@type\":\"ImageObject\",\"inLanguage\":\"de\",\"@id\":\"https:\\\/\\\/starke-meinungen.de\\\/blog\\\/#\\\/schema\\\/logo\\\/image\\\/\",\"url\":\"https:\\\/\\\/starke-meinungen.de\\\/blog\\\/wp-content\\\/uploads\\\/starke-meinungen-fb-header.jpg\",\"contentUrl\":\"https:\\\/\\\/starke-meinungen.de\\\/blog\\\/wp-content\\\/uploads\\\/starke-meinungen-fb-header.jpg\",\"width\":1200,\"height\":630,\"caption\":\"starke-meinungen.de\"},\"image\":{\"@id\":\"https:\\\/\\\/starke-meinungen.de\\\/blog\\\/#\\\/schema\\\/logo\\\/image\\\/\"},\"sameAs\":[\"https:\\\/\\\/www.facebook.com\\\/starkemeinungen\\\/\",\"https:\\\/\\\/x.com\\\/starkemeinungen\"]},{\"@type\":\"Person\",\"@id\":\"https:\\\/\\\/starke-meinungen.de\\\/blog\\\/#\\\/schema\\\/person\\\/e99bb72e8618e5a63afd0cbf730ca3e0\",\"name\":\"Thomas Zimmer\",\"image\":{\"@type\":\"ImageObject\",\"inLanguage\":\"de\",\"@id\":\"https:\\\/\\\/secure.gravatar.com\\\/avatar\\\/0d4594150054fc28e87052d9b05bb3e6228f137d49b5cdfa0bac4527d9e26692?s=96&d=mm&r=g\",\"url\":\"https:\\\/\\\/secure.gravatar.com\\\/avatar\\\/0d4594150054fc28e87052d9b05bb3e6228f137d49b5cdfa0bac4527d9e26692?s=96&d=mm&r=g\",\"contentUrl\":\"https:\\\/\\\/secure.gravatar.com\\\/avatar\\\/0d4594150054fc28e87052d9b05bb3e6228f137d49b5cdfa0bac4527d9e26692?s=96&d=mm&r=g\",\"caption\":\"Thomas Zimmer\"},\"description\":\"Wollte mal Lehrer werden. Anglistik und Geschichte studiert, mangels Arbeitsplatz Journalist geworden und das sogar mit an- und abschwellender Leidenschaft. Erst Radio, dann Print. Alles, nur nicht Wirtschaft und Sport. Vorzugsweise Rock, Pop und Folk. Vier Semester Dozent f\u00fcr Pop- und Rockgeschichte an der Musikhochschule Karlsruhe. Biografie des BAP-Drummers J\u00fcrgen Z\u00f6ller und ein Buch mit Konzertkritiken aus 20 Jahren. Interviews mit Rock-Gr\u00f6\u00dfen wie Phil Collins, Ian Gillan, Beth Hart u.v.a. Interview-Podcast \u201eDas Ohr h\u00f6rt mit\u201c - mit Musikern und anderen Kulturmenschen. Bei \\\"Starke Meinungen\\\" schreibe ich \u00fcber alles, was mir gerade durch den Kopf rauscht. Podcast hier: https:\\\/\\\/open.spotify.com\\\/episode\\\/18TWjOfWR07gezCpidAsKV Homepage: www.thomaszimmermusik.de\",\"sameAs\":[\"http:\\\/\\\/thomaszimmermusik.de\"],\"url\":\"https:\\\/\\\/starke-meinungen.de\\\/blog\\\/author\\\/zimmer\\\/\"}]}<\/script>\n<!-- \/ Yoast SEO plugin. -->","yoast_head_json":{"title":"Der seltsame Herr Lindenberg. Eine halbe Hommage zum 80. - starke-meinungen.de","robots":{"index":"index","follow":"follow","max-snippet":"max-snippet:-1","max-image-preview":"max-image-preview:large","max-video-preview":"max-video-preview:-1"},"canonical":"https:\/\/starke-meinungen.de\/blog\/2026\/04\/27\/der-seltsame-herr-lindenberg-eine-halbe-hommage-zum-80\/","og_locale":"de_DE","og_type":"article","og_title":"Der seltsame Herr Lindenberg. Eine halbe Hommage zum 80. - starke-meinungen.de","og_description":"Udo Lindenberg wird 80 Jahre alt. Die Presse \u00fcberschl\u00e4gt sich sich geradezu panisch vor Lobeshymnen. Der Rolling Stone, die Prawda des Musikjournalismus, macht ihn zur Titelgeschichte. Die ZEIT druckt eine ganzseitiges Interview mit Benjamin Stuckrad-Barre, dem Lindenberg-Verehrer, -verkl\u00e4rer und -erkl\u00e4rer der Nation. Wir erfahren darin Sensationelles: Der kleine Benjamin, der sich schon im Alter von sieben Jahren als Udos Freund... Weiterlesen &raquo;","og_url":"https:\/\/starke-meinungen.de\/blog\/2026\/04\/27\/der-seltsame-herr-lindenberg-eine-halbe-hommage-zum-80\/","og_site_name":"starke-meinungen.de","article_publisher":"https:\/\/www.facebook.com\/starkemeinungen\/","article_published_time":"2026-04-27T13:07:22+00:00","og_image":[{"width":2441,"height":1730,"url":"https:\/\/starke-meinungen.de\/blog\/wp-content\/uploads\/udo-2-1.jpg","type":"image\/jpeg"}],"author":"Thomas Zimmer","twitter_card":"summary_large_image","twitter_creator":"@starkemeinungen","twitter_site":"@starkemeinungen","twitter_misc":{"Verfasst von":"Thomas Zimmer","Gesch\u00e4tzte Lesezeit":"11\u00a0Minuten"},"schema":{"@context":"https:\/\/schema.org","@graph":[{"@type":"Article","@id":"https:\/\/starke-meinungen.de\/blog\/2026\/04\/27\/der-seltsame-herr-lindenberg-eine-halbe-hommage-zum-80\/#article","isPartOf":{"@id":"https:\/\/starke-meinungen.de\/blog\/2026\/04\/27\/der-seltsame-herr-lindenberg-eine-halbe-hommage-zum-80\/"},"author":{"name":"Thomas Zimmer","@id":"https:\/\/starke-meinungen.de\/blog\/#\/schema\/person\/e99bb72e8618e5a63afd0cbf730ca3e0"},"headline":"Der seltsame Herr Lindenberg. Eine halbe Hommage zum 80.","datePublished":"2026-04-27T13:07:22+00:00","mainEntityOfPage":{"@id":"https:\/\/starke-meinungen.de\/blog\/2026\/04\/27\/der-seltsame-herr-lindenberg-eine-halbe-hommage-zum-80\/"},"wordCount":1758,"commentCount":0,"publisher":{"@id":"https:\/\/starke-meinungen.de\/blog\/#organization"},"image":{"@id":"https:\/\/starke-meinungen.de\/blog\/2026\/04\/27\/der-seltsame-herr-lindenberg-eine-halbe-hommage-zum-80\/#primaryimage"},"thumbnailUrl":"https:\/\/starke-meinungen.de\/blog\/wp-content\/uploads\/udo-2-1.jpg","inLanguage":"de","potentialAction":[{"@type":"CommentAction","name":"Comment","target":["https:\/\/starke-meinungen.de\/blog\/2026\/04\/27\/der-seltsame-herr-lindenberg-eine-halbe-hommage-zum-80\/#respond"]}]},{"@type":"WebPage","@id":"https:\/\/starke-meinungen.de\/blog\/2026\/04\/27\/der-seltsame-herr-lindenberg-eine-halbe-hommage-zum-80\/","url":"https:\/\/starke-meinungen.de\/blog\/2026\/04\/27\/der-seltsame-herr-lindenberg-eine-halbe-hommage-zum-80\/","name":"Der seltsame Herr Lindenberg. Eine halbe Hommage zum 80. - starke-meinungen.de","isPartOf":{"@id":"https:\/\/starke-meinungen.de\/blog\/#website"},"primaryImageOfPage":{"@id":"https:\/\/starke-meinungen.de\/blog\/2026\/04\/27\/der-seltsame-herr-lindenberg-eine-halbe-hommage-zum-80\/#primaryimage"},"image":{"@id":"https:\/\/starke-meinungen.de\/blog\/2026\/04\/27\/der-seltsame-herr-lindenberg-eine-halbe-hommage-zum-80\/#primaryimage"},"thumbnailUrl":"https:\/\/starke-meinungen.de\/blog\/wp-content\/uploads\/udo-2-1.jpg","datePublished":"2026-04-27T13:07:22+00:00","breadcrumb":{"@id":"https:\/\/starke-meinungen.de\/blog\/2026\/04\/27\/der-seltsame-herr-lindenberg-eine-halbe-hommage-zum-80\/#breadcrumb"},"inLanguage":"de","potentialAction":[{"@type":"ReadAction","target":["https:\/\/starke-meinungen.de\/blog\/2026\/04\/27\/der-seltsame-herr-lindenberg-eine-halbe-hommage-zum-80\/"]}]},{"@type":"ImageObject","inLanguage":"de","@id":"https:\/\/starke-meinungen.de\/blog\/2026\/04\/27\/der-seltsame-herr-lindenberg-eine-halbe-hommage-zum-80\/#primaryimage","url":"https:\/\/starke-meinungen.de\/blog\/wp-content\/uploads\/udo-2-1.jpg","contentUrl":"https:\/\/starke-meinungen.de\/blog\/wp-content\/uploads\/udo-2-1.jpg","width":2441,"height":1730},{"@type":"BreadcrumbList","@id":"https:\/\/starke-meinungen.de\/blog\/2026\/04\/27\/der-seltsame-herr-lindenberg-eine-halbe-hommage-zum-80\/#breadcrumb","itemListElement":[{"@type":"ListItem","position":1,"name":"Startseite","item":"https:\/\/starke-meinungen.de\/blog\/"},{"@type":"ListItem","position":2,"name":"Der seltsame Herr Lindenberg. Eine halbe Hommage zum 80."}]},{"@type":"WebSite","@id":"https:\/\/starke-meinungen.de\/blog\/#website","url":"https:\/\/starke-meinungen.de\/blog\/","name":"starke-meinungen.de","description":"Autoren-Blog","publisher":{"@id":"https:\/\/starke-meinungen.de\/blog\/#organization"},"potentialAction":[{"@type":"SearchAction","target":{"@type":"EntryPoint","urlTemplate":"https:\/\/starke-meinungen.de\/blog\/?s={search_term_string}"},"query-input":{"@type":"PropertyValueSpecification","valueRequired":true,"valueName":"search_term_string"}}],"inLanguage":"de"},{"@type":"Organization","@id":"https:\/\/starke-meinungen.de\/blog\/#organization","name":"starke-meinungen.de","url":"https:\/\/starke-meinungen.de\/blog\/","logo":{"@type":"ImageObject","inLanguage":"de","@id":"https:\/\/starke-meinungen.de\/blog\/#\/schema\/logo\/image\/","url":"https:\/\/starke-meinungen.de\/blog\/wp-content\/uploads\/starke-meinungen-fb-header.jpg","contentUrl":"https:\/\/starke-meinungen.de\/blog\/wp-content\/uploads\/starke-meinungen-fb-header.jpg","width":1200,"height":630,"caption":"starke-meinungen.de"},"image":{"@id":"https:\/\/starke-meinungen.de\/blog\/#\/schema\/logo\/image\/"},"sameAs":["https:\/\/www.facebook.com\/starkemeinungen\/","https:\/\/x.com\/starkemeinungen"]},{"@type":"Person","@id":"https:\/\/starke-meinungen.de\/blog\/#\/schema\/person\/e99bb72e8618e5a63afd0cbf730ca3e0","name":"Thomas Zimmer","image":{"@type":"ImageObject","inLanguage":"de","@id":"https:\/\/secure.gravatar.com\/avatar\/0d4594150054fc28e87052d9b05bb3e6228f137d49b5cdfa0bac4527d9e26692?s=96&d=mm&r=g","url":"https:\/\/secure.gravatar.com\/avatar\/0d4594150054fc28e87052d9b05bb3e6228f137d49b5cdfa0bac4527d9e26692?s=96&d=mm&r=g","contentUrl":"https:\/\/secure.gravatar.com\/avatar\/0d4594150054fc28e87052d9b05bb3e6228f137d49b5cdfa0bac4527d9e26692?s=96&d=mm&r=g","caption":"Thomas Zimmer"},"description":"Wollte mal Lehrer werden. Anglistik und Geschichte studiert, mangels Arbeitsplatz Journalist geworden und das sogar mit an- und abschwellender Leidenschaft. Erst Radio, dann Print. Alles, nur nicht Wirtschaft und Sport. Vorzugsweise Rock, Pop und Folk. Vier Semester Dozent f\u00fcr Pop- und Rockgeschichte an der Musikhochschule Karlsruhe. Biografie des BAP-Drummers J\u00fcrgen Z\u00f6ller und ein Buch mit Konzertkritiken aus 20 Jahren. Interviews mit Rock-Gr\u00f6\u00dfen wie Phil Collins, Ian Gillan, Beth Hart u.v.a. Interview-Podcast \u201eDas Ohr h\u00f6rt mit\u201c - mit Musikern und anderen Kulturmenschen. Bei \"Starke Meinungen\" schreibe ich \u00fcber alles, was mir gerade durch den Kopf rauscht. Podcast hier: https:\/\/open.spotify.com\/episode\/18TWjOfWR07gezCpidAsKV Homepage: www.thomaszimmermusik.de","sameAs":["http:\/\/thomaszimmermusik.de"],"url":"https:\/\/starke-meinungen.de\/blog\/author\/zimmer\/"}]}},"_links":{"self":[{"href":"https:\/\/starke-meinungen.de\/blog\/wp-json\/wp\/v2\/posts\/17379","targetHints":{"allow":["GET"]}}],"collection":[{"href":"https:\/\/starke-meinungen.de\/blog\/wp-json\/wp\/v2\/posts"}],"about":[{"href":"https:\/\/starke-meinungen.de\/blog\/wp-json\/wp\/v2\/types\/post"}],"author":[{"embeddable":true,"href":"https:\/\/starke-meinungen.de\/blog\/wp-json\/wp\/v2\/users\/57"}],"replies":[{"embeddable":true,"href":"https:\/\/starke-meinungen.de\/blog\/wp-json\/wp\/v2\/comments?post=17379"}],"version-history":[{"count":6,"href":"https:\/\/starke-meinungen.de\/blog\/wp-json\/wp\/v2\/posts\/17379\/revisions"}],"predecessor-version":[{"id":17399,"href":"https:\/\/starke-meinungen.de\/blog\/wp-json\/wp\/v2\/posts\/17379\/revisions\/17399"}],"wp:featuredmedia":[{"embeddable":true,"href":"https:\/\/starke-meinungen.de\/blog\/wp-json\/wp\/v2\/media\/17380"}],"wp:attachment":[{"href":"https:\/\/starke-meinungen.de\/blog\/wp-json\/wp\/v2\/media?parent=17379"}],"wp:term":[{"taxonomy":"category","embeddable":true,"href":"https:\/\/starke-meinungen.de\/blog\/wp-json\/wp\/v2\/categories?post=17379"},{"taxonomy":"post_tag","embeddable":true,"href":"https:\/\/starke-meinungen.de\/blog\/wp-json\/wp\/v2\/tags?post=17379"}],"curies":[{"name":"wp","href":"https:\/\/api.w.org\/{rel}","templated":true}]}}