

{"id":17193,"date":"2026-04-11T08:33:51","date_gmt":"2026-04-11T06:33:51","guid":{"rendered":"https:\/\/starke-meinungen.de\/blog\/?p=17193"},"modified":"2026-04-17T12:11:36","modified_gmt":"2026-04-17T10:11:36","slug":"muss-man-das-lesen-landschaft-ohne-zeugen","status":"publish","type":"post","link":"https:\/\/starke-meinungen.de\/blog\/2026\/04\/11\/muss-man-das-lesen-landschaft-ohne-zeugen\/","title":{"rendered":"Muss man das lesen? &#8222;Landschaft ohne Zeugen&#8220;?"},"content":{"rendered":"<p>Ja klar, wenn ich so etwas wie eine Rezension zu dem Buch schreiben will, muss ich das lesen. Aber Sie? Sagen wir mal: Wenn Sie sich vor Ihrem geistigen Auge die AfD als eine Wiederg\u00e4ngerin der Nationalsozialistischen Deutschen Arbeiterpartei aufgebaut haben. Und wenn Sie davon \u00fcberzeugt sind, dass alle AfD-H\u00f6henfl\u00fcge so eine Ossi-Sache seien\u2026<\/p>\n<p>Und wenn Sie dann auch noch wissen, dass in der DDR halt doch nicht diese Aufarbeitungsmedaillen gewonnen wurden, mit denen die Bonner Republik sich beh\u00e4ngt hat, \u2026<\/p>\n<p>\u2026 dann kann Ihnen Ines Geipel dazu ein ganzes Buch verkaufen. In dem steht:<\/p>\n<p><img decoding=\"async\" src=\"https:\/\/starke-meinungen.de\/blog\/wp-content\/uploads\/WhatsApp-Image-2026-04-10-at-19.35.48-1.jpeg\" \/><\/p>\n<h4><em><strong>&#8222;Sie haben so was von recht.&#8220;<\/strong><\/em><!--more--><\/h4>\n<h4>Buchenwald.<\/h4>\n<p>Eine Legende.<\/p>\n<p>Ines Geipel beginnt mit dem DDR-Ritus, mit uns 14-J\u00e4hrigen auf dem Appellplatz zu Buchenwald. Sie beschreibt es als ihre Jugendweihe.<\/p>\n<p>Oh, ich erinnere mich gut. Ich war immer der <a href=\"https:\/\/starke-meinungen.de\/blog\/2025\/05\/08\/vom-sprachenwirrwar-zu-babylon\/\" target=\"_blank\" rel=\"noopener\">mit den besten Zensuren in der Klasse. Und deshalb der Vorsitzende des Gruppenrates der Jungen Pioniere<\/a>. Jetzt, als 14-J\u00e4hriger war meine neue Funktion als Erster Sekret\u00e4r der FDJ-Gruppe eigentlich nur noch eine Formsache.<\/p>\n<p>Doch, doch, \u00dcberlebende des Konzentrationslagers Buchenwald gab es damals, 1974\/75 durchaus noch. Es gab Zeugen. Auch zwei Klassenkameraden und ich waren eingeladen bei einem. Als Auszeichnung. Er wohnte in der Wei\u00dfenfelser Luise-Brachmann-Stra\u00dfe, ein St\u00fcck hinter dem Haus meiner Gro\u00dfeltern, die jetzt im Westen wohnten und von dort die eindeutig bessere Schokolade darreichen konnten.<\/p>\n<p>Was erz\u00e4hlte er uns? Dass wir flei\u00dfig lernen sollten, nach guten Noten streben, um ein besseres Deutschland aufzubauen. Gar nichts Schlimmes eigentlich. Erz\u00e4hlte er von Buchenwald? Ich erinnere mich nicht. Aber vielleicht war ich 14-J\u00e4hriger auch nicht bei der Sache. Ich starrte ihn an und dachte immer nur:<\/p>\n<p><em>\u201eDu warst einmal ein Held. Du hast etwas riskiert. Und heute, da ich meine Oma und meinen Opa im Westen nicht besuchen kann, da sagst Du gar nichts zu. Du bist eine feige Memme geworden, Du Held!\u201c<\/em><\/p>\n<p>War er \u00fcberhaupt ein Held?<\/p>\n<p>Auf den Seiten 23 bis 244 des 333 Seiten dicken Buches schildert Ines Geipel immer wieder die <strong>Rolle der kommunistischen Lager\u00e4ltesten und Block\u00e4ltesten, der Funktionsh\u00e4ftlinge<\/strong> in einem Lager, in dem die SS sogar noch die Transportlisten nach Auschwitz von Gefangenen schreiben lie\u00df.<\/p>\n<p>Alles sicher richtig. Und anders als in Heiligenlegenden bewegen sich tats\u00e4chliche Menschen tats\u00e4chlich anders, wenn es angesichts des Todes hei\u00dft:<\/p>\n<p><em>\u201eWen wird die SS ermorden? Mich und die meinen? Oder doch lieber die anderen?\u201c<\/em><\/p>\n<p><img decoding=\"async\" src=\"https:\/\/starke-meinungen.de\/blog\/wp-content\/uploads\/WhatsApp-Image-2026-04-10-at-19.35.48.jpeg\" \/><\/p>\n<p>Ines Geipel hat eine Flei\u00dfarbeit hingelegt, Akten des Ministeriums f\u00fcr Staatssicherheit durchgearbeitet, in Archiven gesessen. Sie hat eine Geschichte geschrieben, mit der sie glaubt, einen Mythos zerst\u00f6ren zu m\u00fcssen, der an den DDR-Schulen Pflichtlekt\u00fcre war:<\/p>\n<h4>Bruno Apitz: Nackt unter W\u00f6lfen.<\/h4>\n<p>Die <a href=\"https:\/\/de.wikipedia.org\/wiki\/Nackt_unter_W%C3%B6lfen\" target=\"_blank\" rel=\"noopener\">Geschichte um den kleinen j\u00fcdischen Jungen Jerzy Zweig<\/a>, der von den H\u00e4ftlingen vor der SS-Kommandantur verborgen gehalten werden konnte. Und \u00fcberlebte.<\/p>\n<p>Auch der Autor des Buches, <a href=\"https:\/\/de.wikipedia.org\/wiki\/Bruno_Apitz\" target=\"_blank\" rel=\"noopener\">Apitz,<\/a> kommte nicht gut weg in dem Buch Ines Geipels. Er habe den Mauerbau am 13. August 1961 begr\u00fc\u00dft, weil <em>&#8222;mit ihm die Annexion der DDR &#8230; verhindert wurde<\/em>&#8220; (Seite 241). Was st\u00f6rt an dieser Ansage? Der Begriff &#8222;Annexion&#8220; f\u00fcr das Ende einer DDR? Oder das Wissen Apitz&#8217;s darum, dass die DDR ohne Mauer nicht \u00fcberlebensf\u00e4hig war?<\/p>\n<p>Auf Seite 65 zitiert sie aus den Akten des Bundesarchivs den vormaligen Funktionsh\u00e4ftling und sp\u00e4teren Vorsitzenden des Buchenwald-Komitees <a href=\"https:\/\/de.wikipedia.org\/wiki\/Walter_Bartel\">Walter Bartel<\/a>, der 1950 beschuldigt wurde, er habe als H\u00e4ftling Todes-Spritzen gesetzt dort in der Krankenbaracke:<\/p>\n<p><em>\u201eSelbst ein so geschworener Kommunistenfeind wie <a href=\"https:\/\/de.wikipedia.org\/wiki\/Der_SS-Staat_%E2%80%93_Das_System_der_deutschen_Konzentrationslager\" target=\"_blank\" rel=\"noopener\">Dr. Eugen Kogon wagte es nicht, in seinem Buch &gt;&gt;Der SS-Staat&lt;&lt;<\/a> diese Verleumdungen zu schreiben, weil er genau wusste, dass in allen L\u00e4ndern, in denen Buchenwaldh\u00e4ftlinge sind, Kogon wegen solcher Stellungnahmen aufs Heftigste angegriffen werde.\u201c<\/em><\/p>\n<p>\u201eWagte\u201c Kogon nicht, was Ines Geipel \u201ewagt\u201c? Oder hatte Eugen Kogon nicht vielmehr Schuld und Verantwortung so gewichtet, wie sie einfach zu gewichten waren?<\/p>\n<p>Unwillk\u00fcrlich muss ich an meinen schwachen Haftkameraden Peter denken, der sich aus Sorge um Frau und Kind hinrei\u00dfen lie\u00df, sich dem Ministerium f\u00fcr Staatssicherheit als &#8222;Inoffizieller Mitarbeiter, IM&#8220; zu verpflichten. Und der unter dem K\u00fcnstlernamen &#8222;Kunzmann&#8220; Berichte \u00fcber mich schrieb. Gegen die <strong>Grunds\u00e4tze der Rechtsstaatlichkeit und Menschlichkeit<\/strong> habe er damit versto\u00dfen, beschied ihm 2012 die Bremer Wiedergutmachungsbeh\u00f6rde. Habe alle Entsch\u00e4digung verwirkt,<a href=\"https:\/\/www.gesetze-im-internet.de\/strrehag\/__16.html\" target=\"_blank\" rel=\"noopener\"> \u00a7 16 Absatz 2 des Strafrechtlichen Rehabilitierungsgesetzes.<\/a><\/p>\n<p>H\u00e4?<\/p>\n<p><strong>Grunds\u00e4tze der Menschlichkeit? <\/strong>Geht\u2019s nicht eine Nummer kleiner?<\/p>\n<h4>Was fehlte an Zeugen?<\/h4>\n<p>In eher Kurzdarstellungen rei\u00dft Ines Geipel an, was in der DDR-Reflektion des Nationalsozialismus tats\u00e4chlich an Zeugen fehlte. Man h\u00e4tte da noch darlegen k\u00f6nnen, warum sie fehlten und auch im Westen fehlten:<\/p>\n<p>Von den <a href=\"https:\/\/www.bpb.de\/shop\/zeitschriften\/apuz\/192568\/juedische-remigration-nach-1945\/\">500.000 aus dem deutschsprachigen Europa emigrierten Menschen kamen nur etwa f\u00fcnf Prozent zur\u00fcck<\/a>. \u00a0400.000 der Emigranten waren Juden und die Zahl der R\u00fcckkehrer unter ihnen war noch geringer.<\/p>\n<p>Es kehrte zur\u00fcck, wer sich politisch berufen sah, ein besseres Deutschland aufzubauen. Wer zum Beispiel eingebunden war in eine Partei. Das waren in der Regel Kommunisten oder Sozialdemokraten.<\/p>\n<p>Die Diktatur dampfte ja noch. Und Ines Geipel k\u00f6nnte selbst etwas davon erz\u00e4hlen:<\/p>\n<p><em>\u201eDenke Du nicht, Bodo, das sei ein gro\u00dfes Ding, dass ich da Dozentin f\u00fcr Verskunst bin an der <a href=\"https:\/\/www.hfs-berlin.de\/\" target=\"_blank\" rel=\"noopener\">Hochschule f\u00fcr Schauspielkunst in Ostberlin<\/a>.\u201c <\/em>Sagte sie mir einmal.<em> \u201eIch besetze da nur eine Halbtagsstelle und zum Klima dort sage ich nur: Die Hochschule hei\u00dft noch immer <a href=\"https:\/\/de.wikipedia.org\/wiki\/Ernst_Busch_(Schauspieler)\">ERNST BUSCH<\/a>.\u201c<\/em><\/p>\n<p>Unwillk\u00fcrlich erklang da in meinem Ohr ein Chor von Dozenten und Studenten der Hochschule, die mir des Kommunisten <a href=\"https:\/\/www.youtube.com\/watch?v=2flpdqGfAsw\">Ernst Buschs<em> \u201e<\/em><em>Ami go home!\u201c<\/em><\/a> entgegenschmetterten.<\/p>\n<p>Doch, Ines Geipel ist eine Meisterin im Umgang mit dem Wort. Das hat sie studiert. Noch in der DDR, nachdem sie in allen Ehren aus dem DDR-Sport ausgeschieden war 1985. Und ein Studium der Literaturwissenschaften in Jena war sicher nicht ein Studium, das in der DDR wie Sauerbier angeboten wurde. Die Th\u00fcringer Romantikerinnen des fr\u00fchen 19. Jahrhunderts war einmal ihr Thema.<\/p>\n<p>Anderes aber hat sie eben doch nicht studiert.<\/p>\n<p>Ratlos bin ich deshalb \u00fcber ihre Schilderung, die DDR habe, anders als der Westen, geraubtes j\u00fcdisches Verm\u00f6gen nach 1949 nicht zur\u00fcck\u00fcbereignet. Kann das verwundern, dass der so genannte Sozialismus es nicht so hat mit dem Privatverm\u00f6gen, auch dem j\u00fcdischen nicht?<\/p>\n<p>Anders als der so genannte Kapitalismus, f\u00fcr den die genaue Zuordnung privaten Verm\u00f6gens Grundlage aller wirtschaftlichen Bet\u00e4tigung ist. Weshalb die R\u00fcckgabe geraubter j\u00fcdischer Verm\u00f6genswerte in der amerikanischen, britischen und franz\u00f6sischen Besatzungszone schon ab 1947 per Besatzungsrecht angeordnet wurde (<strong><em>vgl. Anmerkun<\/em>g<\/strong>). Und keineswegs eine Entscheidung eines Bundestages war, wie Ines Geipel und viele andere glauben.<\/p>\n<p>Noch ratloser bin ich \u00fcber die st\u00e4ndige und auch von ihr wiederholte Darlegung, die DDR habe keine Entsch\u00e4digungszahlungen an Juden in Israel oder den USA geleistet.<\/p>\n<h4>H\u00e4?<\/h4>\n<p>In welcher W\u00e4hrung denn? In diesen DDR-Aluchips?<\/p>\n<p>Wer als \u00dcberlebender des Holocoust in der DDR wohnte, der erhielt 1989 ab dem Alter von 60 Jahren <a href=\"https:\/\/www.gesetze-im-internet.de\/entschrg\/__2.html\" target=\"_blank\" rel=\"noopener\">monatlich 1.400 Alu-Chips, 1992 \u00fcbergeleitet in Deutsche Mark.<\/a><\/p>\n<p>Monatlich 1.400 DDR-Mark Verfolgte-des-Faschismus-Rente, das war <a href=\"https:\/\/de.statista.com\/statistik\/daten\/studie\/249254\/umfrage\/durchschnittseinkommen-in-der-ddr\/\" target=\"_blank\" rel=\"noopener\">1989 mehr als der Arbeitslohn eines DDR-Industriearbeiters<\/a>. Aber &#8230;.<\/p>\n<p>Aber die Binnenw\u00e4hrung mu\u00dfte in der DDR verbraucht werden. Mehr hatte der Sozialismus halt nicht zu bieten.<\/p>\n<p>Auf den letzten Seiten ihres Buches f\u00fchrt Ines Geipel \u00fcber ihren Gro\u00dfvater, einen s\u00e4chsischen Polizisten aus und was dieser innerhalb der Reichswehr im Rigaer Ghetto an Beute machte. Was ist damit zu beweisen? Dass die Masse der DDR-B\u00fcrger in den 1950er Jahren keinesfalls ehemalige antifaschistische Widerstandsk\u00e4mpfer waren?<\/p>\n<p>Wie h\u00e4tte es denn anders gewesen sein k\u00f6nnen?<\/p>\n<h4>Aber<\/h4>\n<p>Falls Sie AfD-Wahlergebnisse noch immer erkl\u00e4ren wollen damit, dass der Leipziger nicht diese US-amerikanische Reeducation genie\u00dfen konnte, die der Mannheimer halt genoss, \u2026<\/p>\n<p><img decoding=\"async\" src=\"https:\/\/starke-meinungen.de\/blog\/wp-content\/uploads\/Screenshot-2026-04-10-184842.jpg\" \/><\/p>\n<p>Ines Geipel hat Ihnen das Buch dazu geschrieben.<\/p>\n<p>______________________<\/p>\n<h4>Anmerkung:<\/h4>\n<p>Die R\u00fcckgabe von im Dritten Reich geraubten Verm\u00f6genswerten ordneten an:<\/p>\n<p><strong>f\u00fcr die Amerikanische Besatzungszone:<\/strong><em> Gesetz Nr. 59 vom 10. November 1947 der Milit\u00e4rregierung Deutschland &#8211; Amerikanisches Kontrollgebiet &#8211; \u00fcber die R\u00fcckerstattung feststellbarer Verm\u00f6gensgegenst\u00e4nde an Opfer nationalsozialistischer Unterdr\u00fcckungsma\u00dfnahmen (USREG \/ Amtsblatt der Milit\u00e4rregierung Deutschland -Amerikanisches Kontrollgebiet-Ausgabe G vom 10. November 1947 S. 1 ) mit 12 Erg\u00e4nzungs- und Zusatzgesetzen und 11 Durchf\u00fchrungs- und anderen Verordnungen<\/em><\/p>\n<p><strong>f\u00fcr die Britische Besatzungszone:<\/strong><em> Gesetz Nr. 59 vom 12. Mai 1949 der Milit\u00e4rregierung Deutschland &#8211; Britisches Kontrollgebiet &#8211; \u00fcber die R\u00fcckerstattung feststellbarer Verm\u00f6gensgegenst\u00e4nde an Opfer der nationalsozialistischen Unterdr\u00fcckungsma\u00dfnahmen (Br.REG, Amtsblatt der Milit\u00e4rregierung Deutschland &#8211; Britisches Kontrollgebiet &#8211; Nr. 28 S. 1169) mit 12 Durchf\u00fchrungsverordnungen und 3 \u00c4nderungs- und Erg\u00e4nzungsverordnungen<\/em><\/p>\n<p><strong>f\u00fcr die Franz\u00f6sische Besatzungszone:<\/strong><em> Verordnung 120 der Milit\u00e4rregierung Deutschland -Franz\u00f6sisches Kontrollgebiet- \u00fcber die R\u00fcckerstattung geraubter Verm\u00f6gensobjekte 10. November (VO 120, Amtsblatt des franz\u00f6sischen Oberkommandos in Deutschland Nr. 119 vom 14. November 1947 S. 1219)<\/em><\/p>\n<p><strong>f\u00fcr Berlin (W):<\/strong><em> Anordnung BK\/0 (49) 180 vom 26. Juli 1949 der Alliierten Kommandantur Berlin \u00fcber die R\u00fcckerstattung feststellbarer Verm\u00f6gensgegenst\u00e4nde an Opfer der nationalsozialistischen Unterdr\u00fcckungsma\u00dfnahmen (Verordnungsblatt f\u00fcr Gro\u00df-Berlin Teil l 1949 S. 221)<\/em><\/p>\n<div class=\"shariff shariff-align-left shariff-widget-align-left shariff-buttonstretch\" style=\"display:none\"><ul class=\"shariff-buttons theme-white orientation-horizontal buttonsize-medium\"><li class=\"shariff-button facebook shariff-nocustomcolor\" style=\"background-color:#4273c8\"><a href=\"https:\/\/www.facebook.com\/sharer\/sharer.php?u=https%3A%2F%2Fstarke-meinungen.de%2Fblog%2F2026%2F04%2F11%2Fmuss-man-das-lesen-landschaft-ohne-zeugen%2F\" title=\"Bei Facebook teilen\" aria-label=\"Bei Facebook teilen\" role=\"button\" rel=\"nofollow\" class=\"shariff-link\" style=\"; background-color:#3b5998; color:#3b5998\" target=\"_blank\"><span class=\"shariff-icon\" style=\"fill:#3b5998\"><svg width=\"32px\" height=\"20px\" xmlns=\"http:\/\/www.w3.org\/2000\/svg\" viewBox=\"0 0 18 32\"><path fill=\"#3b5998\" d=\"M17.1 0.2v4.7h-2.8q-1.5 0-2.1 0.6t-0.5 1.9v3.4h5.2l-0.7 5.3h-4.5v13.6h-5.5v-13.6h-4.5v-5.3h4.5v-3.9q0-3.3 1.9-5.2t5-1.8q2.6 0 4.1 0.2z\"\/><\/svg><\/span><span class=\"shariff-text\" style=\"color:#3b5998\">teilen<\/span>&nbsp;<\/a><\/li><li class=\"shariff-button twitter shariff-nocustomcolor\" style=\"background-color:#595959\"><a href=\"https:\/\/twitter.com\/share?url=https%3A%2F%2Fstarke-meinungen.de%2Fblog%2F2026%2F04%2F11%2Fmuss-man-das-lesen-landschaft-ohne-zeugen%2F&text=Muss%20man%20das%20lesen%3F%20%E2%80%9ELandschaft%20ohne%20Zeugen%E2%80%9C%3F&via=starkemeinungen\" title=\"Bei X teilen\" aria-label=\"Bei X teilen\" role=\"button\" rel=\"noopener nofollow\" class=\"shariff-link\" style=\"; background-color:#000; color:#000\" target=\"_blank\"><span class=\"shariff-icon\" style=\"fill:#000\"><svg width=\"32px\" height=\"20px\" xmlns=\"http:\/\/www.w3.org\/2000\/svg\" viewBox=\"0 0 24 24\"><path fill=\"#000\" d=\"M14.258 10.152L23.176 0h-2.113l-7.747 8.813L7.133 0H0l9.352 13.328L0 23.973h2.113l8.176-9.309 6.531 9.309h7.133zm-2.895 3.293l-.949-1.328L2.875 1.56h3.246l6.086 8.523.945 1.328 7.91 11.078h-3.246zm0 0\"\/><\/svg><\/span><span class=\"shariff-text\" style=\"color:#000\">teilen<\/span>&nbsp;<\/a><\/li><li class=\"shariff-button linkedin shariff-nocustomcolor\" style=\"background-color:#1488bf\"><a href=\"https:\/\/www.linkedin.com\/sharing\/share-offsite\/?url=https%3A%2F%2Fstarke-meinungen.de%2Fblog%2F2026%2F04%2F11%2Fmuss-man-das-lesen-landschaft-ohne-zeugen%2F\" title=\"Bei LinkedIn teilen\" aria-label=\"Bei LinkedIn teilen\" role=\"button\" rel=\"noopener nofollow\" class=\"shariff-link\" style=\"; background-color:#0077b5; color:#0077b5\" target=\"_blank\"><span class=\"shariff-icon\" style=\"fill:#0077b5\"><svg width=\"32px\" height=\"20px\" xmlns=\"http:\/\/www.w3.org\/2000\/svg\" viewBox=\"0 0 27 32\"><path fill=\"#0077b5\" d=\"M6.2 11.2v17.7h-5.9v-17.7h5.9zM6.6 5.7q0 1.3-0.9 2.2t-2.4 0.9h0q-1.5 0-2.4-0.9t-0.9-2.2 0.9-2.2 2.4-0.9 2.4 0.9 0.9 2.2zM27.4 18.7v10.1h-5.9v-9.5q0-1.9-0.7-2.9t-2.3-1.1q-1.1 0-1.9 0.6t-1.2 1.5q-0.2 0.5-0.2 1.4v9.9h-5.9q0-7.1 0-11.6t0-5.3l0-0.9h5.9v2.6h0q0.4-0.6 0.7-1t1-0.9 1.6-0.8 2-0.3q3 0 4.9 2t1.9 6z\"\/><\/svg><\/span><span class=\"shariff-text\" style=\"color:#0077b5\">teilen<\/span>&nbsp;<\/a><\/li><li class=\"shariff-button xing shariff-nocustomcolor\" style=\"background-color:#29888a\"><a href=\"https:\/\/www.xing.com\/spi\/shares\/new?url=https%3A%2F%2Fstarke-meinungen.de%2Fblog%2F2026%2F04%2F11%2Fmuss-man-das-lesen-landschaft-ohne-zeugen%2F\" title=\"Bei XING teilen\" aria-label=\"Bei XING teilen\" role=\"button\" rel=\"noopener nofollow\" class=\"shariff-link\" style=\"; background-color:#126567; color:#126567\" target=\"_blank\"><span class=\"shariff-icon\" style=\"fill:#126567\"><svg width=\"32px\" height=\"20px\" xmlns=\"http:\/\/www.w3.org\/2000\/svg\" viewBox=\"0 0 25 32\"><path fill=\"#126567\" d=\"M10.7 11.9q-0.2 0.3-4.6 8.2-0.5 0.8-1.2 0.8h-4.3q-0.4 0-0.5-0.3t0-0.6l4.5-8q0 0 0 0l-2.9-5q-0.2-0.4 0-0.7 0.2-0.3 0.5-0.3h4.3q0.7 0 1.2 0.8zM25.1 0.4q0.2 0.3 0 0.7l-9.4 16.7 6 11q0.2 0.4 0 0.6-0.2 0.3-0.6 0.3h-4.3q-0.7 0-1.2-0.8l-6-11.1q0.3-0.6 9.5-16.8 0.4-0.8 1.2-0.8h4.3q0.4 0 0.5 0.3z\"\/><\/svg><\/span><span class=\"shariff-text\" style=\"color:#126567\">teilen<\/span>&nbsp;<\/a><\/li><li class=\"shariff-button whatsapp shariff-nocustomcolor\" style=\"background-color:#5cbe4a\"><a href=\"https:\/\/api.whatsapp.com\/send?text=https%3A%2F%2Fstarke-meinungen.de%2Fblog%2F2026%2F04%2F11%2Fmuss-man-das-lesen-landschaft-ohne-zeugen%2F%20Muss%20man%20das%20lesen%3F%20%E2%80%9ELandschaft%20ohne%20Zeugen%E2%80%9C%3F\" title=\"Bei Whatsapp teilen\" aria-label=\"Bei Whatsapp teilen\" role=\"button\" rel=\"noopener nofollow\" class=\"shariff-link\" style=\"; background-color:#34af23; color:#34af23\" target=\"_blank\"><span class=\"shariff-icon\" style=\"fill:#34af23\"><svg width=\"32px\" height=\"20px\" xmlns=\"http:\/\/www.w3.org\/2000\/svg\" viewBox=\"0 0 32 32\"><path fill=\"#34af23\" d=\"M17.6 17.4q0.2 0 1.7 0.8t1.6 0.9q0 0.1 0 0.3 0 0.6-0.3 1.4-0.3 0.7-1.3 1.2t-1.8 0.5q-1 0-3.4-1.1-1.7-0.8-3-2.1t-2.6-3.3q-1.3-1.9-1.3-3.5v-0.1q0.1-1.6 1.3-2.8 0.4-0.4 0.9-0.4 0.1 0 0.3 0t0.3 0q0.3 0 0.5 0.1t0.3 0.5q0.1 0.4 0.6 1.6t0.4 1.3q0 0.4-0.6 1t-0.6 0.8q0 0.1 0.1 0.3 0.6 1.3 1.8 2.4 1 0.9 2.7 1.8 0.2 0.1 0.4 0.1 0.3 0 1-0.9t0.9-0.9zM14 26.9q2.3 0 4.3-0.9t3.6-2.4 2.4-3.6 0.9-4.3-0.9-4.3-2.4-3.6-3.6-2.4-4.3-0.9-4.3 0.9-3.6 2.4-2.4 3.6-0.9 4.3q0 3.6 2.1 6.6l-1.4 4.2 4.3-1.4q2.8 1.9 6.2 1.9zM14 2.2q2.7 0 5.2 1.1t4.3 2.9 2.9 4.3 1.1 5.2-1.1 5.2-2.9 4.3-4.3 2.9-5.2 1.1q-3.5 0-6.5-1.7l-7.4 2.4 2.4-7.2q-1.9-3.2-1.9-6.9 0-2.7 1.1-5.2t2.9-4.3 4.3-2.9 5.2-1.1z\"\/><\/svg><\/span><span class=\"shariff-text\" style=\"color:#34af23\">teilen<\/span>&nbsp;<\/a><\/li><li class=\"shariff-button info shariff-nocustomcolor\" style=\"background-color:#a8a8a8\"><a href=\"http:\/\/ct.de\/-2467514\" title=\"Weitere Informationen\" aria-label=\"Weitere Informationen\" role=\"button\" rel=\"noopener \" class=\"shariff-link\" style=\"; background-color:#999; color:#999\" target=\"_blank\"><span class=\"shariff-icon\" style=\"fill:#999\"><svg width=\"32px\" height=\"20px\" xmlns=\"http:\/\/www.w3.org\/2000\/svg\" viewBox=\"0 0 11 32\"><path fill=\"#999\" d=\"M11.4 24v2.3q0 0.5-0.3 0.8t-0.8 0.4h-9.1q-0.5 0-0.8-0.4t-0.4-0.8v-2.3q0-0.5 0.4-0.8t0.8-0.4h1.1v-6.8h-1.1q-0.5 0-0.8-0.4t-0.4-0.8v-2.3q0-0.5 0.4-0.8t0.8-0.4h6.8q0.5 0 0.8 0.4t0.4 0.8v10.3h1.1q0.5 0 0.8 0.4t0.3 0.8zM9.2 3.4v3.4q0 0.5-0.4 0.8t-0.8 0.4h-4.6q-0.4 0-0.8-0.4t-0.4-0.8v-3.4q0-0.4 0.4-0.8t0.8-0.4h4.6q0.5 0 0.8 0.4t0.4 0.8z\"\/><\/svg><\/span><\/a><\/li><\/ul><\/div>","protected":false},"excerpt":{"rendered":"<p>Ja klar, wenn ich so etwas wie eine Rezension zu dem Buch schreiben will, muss ich das lesen. Aber Sie? Sagen wir mal: Wenn Sie sich vor Ihrem geistigen Auge die AfD als eine Wiederg\u00e4ngerin der Nationalsozialistischen Deutschen Arbeiterpartei aufgebaut haben. Und wenn Sie davon \u00fcberzeugt sind, dass alle AfD-H\u00f6henfl\u00fcge so eine Ossi-Sache seien\u2026 Und wenn Sie dann auch noch&#8230; <a href=\"https:\/\/starke-meinungen.de\/blog\/2026\/04\/11\/muss-man-das-lesen-landschaft-ohne-zeugen\/\">Weiterlesen &raquo;<\/a><\/p>\n","protected":false},"author":58,"featured_media":0,"comment_status":"open","ping_status":"open","sticky":false,"template":"","format":"standard","meta":{"footnotes":""},"categories":[1],"tags":[],"class_list":["post-17193","post","type-post","status-publish","format-standard","hentry","category-allgemein"],"yoast_head":"<!-- This site is optimized with the Yoast SEO plugin v27.5 - https:\/\/yoast.com\/product\/yoast-seo-wordpress\/ -->\n<title>Muss man das lesen? &quot;Landschaft ohne Zeugen&quot;? - starke-meinungen.de<\/title>\n<meta name=\"robots\" content=\"index, follow, max-snippet:-1, max-image-preview:large, max-video-preview:-1\" \/>\n<link rel=\"canonical\" href=\"https:\/\/starke-meinungen.de\/blog\/2026\/04\/11\/muss-man-das-lesen-landschaft-ohne-zeugen\/\" \/>\n<meta property=\"og:locale\" content=\"de_DE\" \/>\n<meta property=\"og:type\" content=\"article\" \/>\n<meta property=\"og:title\" content=\"Muss man das lesen? &quot;Landschaft ohne Zeugen&quot;? - starke-meinungen.de\" \/>\n<meta property=\"og:description\" content=\"Ja klar, wenn ich so etwas wie eine Rezension zu dem Buch schreiben will, muss ich das lesen. Aber Sie? Sagen wir mal: Wenn Sie sich vor Ihrem geistigen Auge die AfD als eine Wiederg\u00e4ngerin der Nationalsozialistischen Deutschen Arbeiterpartei aufgebaut haben. Und wenn Sie davon \u00fcberzeugt sind, dass alle AfD-H\u00f6henfl\u00fcge so eine Ossi-Sache seien\u2026 Und wenn Sie dann auch noch... Weiterlesen &raquo;\" \/>\n<meta property=\"og:url\" content=\"https:\/\/starke-meinungen.de\/blog\/2026\/04\/11\/muss-man-das-lesen-landschaft-ohne-zeugen\/\" \/>\n<meta property=\"og:site_name\" content=\"starke-meinungen.de\" \/>\n<meta property=\"article:publisher\" content=\"https:\/\/www.facebook.com\/starkemeinungen\/\" \/>\n<meta property=\"article:published_time\" content=\"2026-04-11T06:33:51+00:00\" \/>\n<meta property=\"article:modified_time\" content=\"2026-04-17T10:11:36+00:00\" \/>\n<meta property=\"og:image\" content=\"https:\/\/starke-meinungen.de\/blog\/wp-content\/uploads\/WhatsApp-Image-2026-04-10-at-19.35.48-1.jpeg\" \/>\n<meta name=\"author\" content=\"Bodo Walther\" \/>\n<meta name=\"twitter:card\" content=\"summary_large_image\" \/>\n<meta name=\"twitter:creator\" content=\"@starkemeinungen\" \/>\n<meta name=\"twitter:site\" content=\"@starkemeinungen\" \/>\n<meta name=\"twitter:label1\" content=\"Verfasst von\" \/>\n\t<meta name=\"twitter:data1\" content=\"Bodo Walther\" \/>\n\t<meta name=\"twitter:label2\" content=\"Gesch\u00e4tzte Lesezeit\" \/>\n\t<meta name=\"twitter:data2\" content=\"9\u00a0Minuten\" \/>\n<script type=\"application\/ld+json\" class=\"yoast-schema-graph\">{\"@context\":\"https:\\\/\\\/schema.org\",\"@graph\":[{\"@type\":\"Article\",\"@id\":\"https:\\\/\\\/starke-meinungen.de\\\/blog\\\/2026\\\/04\\\/11\\\/muss-man-das-lesen-landschaft-ohne-zeugen\\\/#article\",\"isPartOf\":{\"@id\":\"https:\\\/\\\/starke-meinungen.de\\\/blog\\\/2026\\\/04\\\/11\\\/muss-man-das-lesen-landschaft-ohne-zeugen\\\/\"},\"author\":{\"name\":\"Bodo Walther\",\"@id\":\"https:\\\/\\\/starke-meinungen.de\\\/blog\\\/#\\\/schema\\\/person\\\/c09813e9c9af72d43aa64f379b8b92b8\"},\"headline\":\"Muss man das lesen? &#8222;Landschaft ohne Zeugen&#8220;?\",\"datePublished\":\"2026-04-11T06:33:51+00:00\",\"dateModified\":\"2026-04-17T10:11:36+00:00\",\"mainEntityOfPage\":{\"@id\":\"https:\\\/\\\/starke-meinungen.de\\\/blog\\\/2026\\\/04\\\/11\\\/muss-man-das-lesen-landschaft-ohne-zeugen\\\/\"},\"wordCount\":1467,\"commentCount\":26,\"publisher\":{\"@id\":\"https:\\\/\\\/starke-meinungen.de\\\/blog\\\/#organization\"},\"image\":{\"@id\":\"https:\\\/\\\/starke-meinungen.de\\\/blog\\\/2026\\\/04\\\/11\\\/muss-man-das-lesen-landschaft-ohne-zeugen\\\/#primaryimage\"},\"thumbnailUrl\":\"https:\\\/\\\/starke-meinungen.de\\\/blog\\\/wp-content\\\/uploads\\\/WhatsApp-Image-2026-04-10-at-19.35.48-1.jpeg\",\"inLanguage\":\"de\",\"potentialAction\":[{\"@type\":\"CommentAction\",\"name\":\"Comment\",\"target\":[\"https:\\\/\\\/starke-meinungen.de\\\/blog\\\/2026\\\/04\\\/11\\\/muss-man-das-lesen-landschaft-ohne-zeugen\\\/#respond\"]}]},{\"@type\":\"WebPage\",\"@id\":\"https:\\\/\\\/starke-meinungen.de\\\/blog\\\/2026\\\/04\\\/11\\\/muss-man-das-lesen-landschaft-ohne-zeugen\\\/\",\"url\":\"https:\\\/\\\/starke-meinungen.de\\\/blog\\\/2026\\\/04\\\/11\\\/muss-man-das-lesen-landschaft-ohne-zeugen\\\/\",\"name\":\"Muss man das lesen? \\\"Landschaft ohne Zeugen\\\"? - starke-meinungen.de\",\"isPartOf\":{\"@id\":\"https:\\\/\\\/starke-meinungen.de\\\/blog\\\/#website\"},\"primaryImageOfPage\":{\"@id\":\"https:\\\/\\\/starke-meinungen.de\\\/blog\\\/2026\\\/04\\\/11\\\/muss-man-das-lesen-landschaft-ohne-zeugen\\\/#primaryimage\"},\"image\":{\"@id\":\"https:\\\/\\\/starke-meinungen.de\\\/blog\\\/2026\\\/04\\\/11\\\/muss-man-das-lesen-landschaft-ohne-zeugen\\\/#primaryimage\"},\"thumbnailUrl\":\"https:\\\/\\\/starke-meinungen.de\\\/blog\\\/wp-content\\\/uploads\\\/WhatsApp-Image-2026-04-10-at-19.35.48-1.jpeg\",\"datePublished\":\"2026-04-11T06:33:51+00:00\",\"dateModified\":\"2026-04-17T10:11:36+00:00\",\"breadcrumb\":{\"@id\":\"https:\\\/\\\/starke-meinungen.de\\\/blog\\\/2026\\\/04\\\/11\\\/muss-man-das-lesen-landschaft-ohne-zeugen\\\/#breadcrumb\"},\"inLanguage\":\"de\",\"potentialAction\":[{\"@type\":\"ReadAction\",\"target\":[\"https:\\\/\\\/starke-meinungen.de\\\/blog\\\/2026\\\/04\\\/11\\\/muss-man-das-lesen-landschaft-ohne-zeugen\\\/\"]}]},{\"@type\":\"ImageObject\",\"inLanguage\":\"de\",\"@id\":\"https:\\\/\\\/starke-meinungen.de\\\/blog\\\/2026\\\/04\\\/11\\\/muss-man-das-lesen-landschaft-ohne-zeugen\\\/#primaryimage\",\"url\":\"https:\\\/\\\/starke-meinungen.de\\\/blog\\\/wp-content\\\/uploads\\\/WhatsApp-Image-2026-04-10-at-19.35.48-1.jpeg\",\"contentUrl\":\"https:\\\/\\\/starke-meinungen.de\\\/blog\\\/wp-content\\\/uploads\\\/WhatsApp-Image-2026-04-10-at-19.35.48-1.jpeg\",\"width\":1512,\"height\":2016},{\"@type\":\"BreadcrumbList\",\"@id\":\"https:\\\/\\\/starke-meinungen.de\\\/blog\\\/2026\\\/04\\\/11\\\/muss-man-das-lesen-landschaft-ohne-zeugen\\\/#breadcrumb\",\"itemListElement\":[{\"@type\":\"ListItem\",\"position\":1,\"name\":\"Startseite\",\"item\":\"https:\\\/\\\/starke-meinungen.de\\\/blog\\\/\"},{\"@type\":\"ListItem\",\"position\":2,\"name\":\"Muss man das lesen? &#8222;Landschaft ohne Zeugen&#8220;?\"}]},{\"@type\":\"WebSite\",\"@id\":\"https:\\\/\\\/starke-meinungen.de\\\/blog\\\/#website\",\"url\":\"https:\\\/\\\/starke-meinungen.de\\\/blog\\\/\",\"name\":\"starke-meinungen.de\",\"description\":\"Autoren-Blog\",\"publisher\":{\"@id\":\"https:\\\/\\\/starke-meinungen.de\\\/blog\\\/#organization\"},\"potentialAction\":[{\"@type\":\"SearchAction\",\"target\":{\"@type\":\"EntryPoint\",\"urlTemplate\":\"https:\\\/\\\/starke-meinungen.de\\\/blog\\\/?s={search_term_string}\"},\"query-input\":{\"@type\":\"PropertyValueSpecification\",\"valueRequired\":true,\"valueName\":\"search_term_string\"}}],\"inLanguage\":\"de\"},{\"@type\":\"Organization\",\"@id\":\"https:\\\/\\\/starke-meinungen.de\\\/blog\\\/#organization\",\"name\":\"starke-meinungen.de\",\"url\":\"https:\\\/\\\/starke-meinungen.de\\\/blog\\\/\",\"logo\":{\"@type\":\"ImageObject\",\"inLanguage\":\"de\",\"@id\":\"https:\\\/\\\/starke-meinungen.de\\\/blog\\\/#\\\/schema\\\/logo\\\/image\\\/\",\"url\":\"https:\\\/\\\/starke-meinungen.de\\\/blog\\\/wp-content\\\/uploads\\\/starke-meinungen-fb-header.jpg\",\"contentUrl\":\"https:\\\/\\\/starke-meinungen.de\\\/blog\\\/wp-content\\\/uploads\\\/starke-meinungen-fb-header.jpg\",\"width\":1200,\"height\":630,\"caption\":\"starke-meinungen.de\"},\"image\":{\"@id\":\"https:\\\/\\\/starke-meinungen.de\\\/blog\\\/#\\\/schema\\\/logo\\\/image\\\/\"},\"sameAs\":[\"https:\\\/\\\/www.facebook.com\\\/starkemeinungen\\\/\",\"https:\\\/\\\/x.com\\\/starkemeinungen\"]},{\"@type\":\"Person\",\"@id\":\"https:\\\/\\\/starke-meinungen.de\\\/blog\\\/#\\\/schema\\\/person\\\/c09813e9c9af72d43aa64f379b8b92b8\",\"name\":\"Bodo Walther\",\"image\":{\"@type\":\"ImageObject\",\"inLanguage\":\"de\",\"@id\":\"https:\\\/\\\/secure.gravatar.com\\\/avatar\\\/3c9d5c7a3feb37b6976cfee946f7618756dcd05cbae8960f1b19091e547f7e57?s=96&d=mm&r=g\",\"url\":\"https:\\\/\\\/secure.gravatar.com\\\/avatar\\\/3c9d5c7a3feb37b6976cfee946f7618756dcd05cbae8960f1b19091e547f7e57?s=96&d=mm&r=g\",\"contentUrl\":\"https:\\\/\\\/secure.gravatar.com\\\/avatar\\\/3c9d5c7a3feb37b6976cfee946f7618756dcd05cbae8960f1b19091e547f7e57?s=96&d=mm&r=g\",\"caption\":\"Bodo Walther\"},\"description\":\"Bodo Walther, geboren 1960 in Wei\u00dfenfels im heutigen Sachsen-Anhalt, studierte 1985 bis 1991 Rechtswissenschaften in T\u00fcbingen und Bonn. Er war aktiver Landes- und Kommunalbeamter in Sachsen-Anhalt, ist heute im Ruhestand und Anwalt in der N\u00e4he von Leipzig.\",\"url\":\"https:\\\/\\\/starke-meinungen.de\\\/blog\\\/author\\\/walther\\\/\"}]}<\/script>\n<!-- \/ Yoast SEO plugin. -->","yoast_head_json":{"title":"Muss man das lesen? \"Landschaft ohne Zeugen\"? - starke-meinungen.de","robots":{"index":"index","follow":"follow","max-snippet":"max-snippet:-1","max-image-preview":"max-image-preview:large","max-video-preview":"max-video-preview:-1"},"canonical":"https:\/\/starke-meinungen.de\/blog\/2026\/04\/11\/muss-man-das-lesen-landschaft-ohne-zeugen\/","og_locale":"de_DE","og_type":"article","og_title":"Muss man das lesen? \"Landschaft ohne Zeugen\"? - starke-meinungen.de","og_description":"Ja klar, wenn ich so etwas wie eine Rezension zu dem Buch schreiben will, muss ich das lesen. Aber Sie? Sagen wir mal: Wenn Sie sich vor Ihrem geistigen Auge die AfD als eine Wiederg\u00e4ngerin der Nationalsozialistischen Deutschen Arbeiterpartei aufgebaut haben. Und wenn Sie davon \u00fcberzeugt sind, dass alle AfD-H\u00f6henfl\u00fcge so eine Ossi-Sache seien\u2026 Und wenn Sie dann auch noch... Weiterlesen &raquo;","og_url":"https:\/\/starke-meinungen.de\/blog\/2026\/04\/11\/muss-man-das-lesen-landschaft-ohne-zeugen\/","og_site_name":"starke-meinungen.de","article_publisher":"https:\/\/www.facebook.com\/starkemeinungen\/","article_published_time":"2026-04-11T06:33:51+00:00","article_modified_time":"2026-04-17T10:11:36+00:00","og_image":[{"url":"https:\/\/starke-meinungen.de\/blog\/wp-content\/uploads\/WhatsApp-Image-2026-04-10-at-19.35.48-1.jpeg","type":"","width":"","height":""}],"author":"Bodo Walther","twitter_card":"summary_large_image","twitter_creator":"@starkemeinungen","twitter_site":"@starkemeinungen","twitter_misc":{"Verfasst von":"Bodo Walther","Gesch\u00e4tzte Lesezeit":"9\u00a0Minuten"},"schema":{"@context":"https:\/\/schema.org","@graph":[{"@type":"Article","@id":"https:\/\/starke-meinungen.de\/blog\/2026\/04\/11\/muss-man-das-lesen-landschaft-ohne-zeugen\/#article","isPartOf":{"@id":"https:\/\/starke-meinungen.de\/blog\/2026\/04\/11\/muss-man-das-lesen-landschaft-ohne-zeugen\/"},"author":{"name":"Bodo Walther","@id":"https:\/\/starke-meinungen.de\/blog\/#\/schema\/person\/c09813e9c9af72d43aa64f379b8b92b8"},"headline":"Muss man das lesen? &#8222;Landschaft ohne Zeugen&#8220;?","datePublished":"2026-04-11T06:33:51+00:00","dateModified":"2026-04-17T10:11:36+00:00","mainEntityOfPage":{"@id":"https:\/\/starke-meinungen.de\/blog\/2026\/04\/11\/muss-man-das-lesen-landschaft-ohne-zeugen\/"},"wordCount":1467,"commentCount":26,"publisher":{"@id":"https:\/\/starke-meinungen.de\/blog\/#organization"},"image":{"@id":"https:\/\/starke-meinungen.de\/blog\/2026\/04\/11\/muss-man-das-lesen-landschaft-ohne-zeugen\/#primaryimage"},"thumbnailUrl":"https:\/\/starke-meinungen.de\/blog\/wp-content\/uploads\/WhatsApp-Image-2026-04-10-at-19.35.48-1.jpeg","inLanguage":"de","potentialAction":[{"@type":"CommentAction","name":"Comment","target":["https:\/\/starke-meinungen.de\/blog\/2026\/04\/11\/muss-man-das-lesen-landschaft-ohne-zeugen\/#respond"]}]},{"@type":"WebPage","@id":"https:\/\/starke-meinungen.de\/blog\/2026\/04\/11\/muss-man-das-lesen-landschaft-ohne-zeugen\/","url":"https:\/\/starke-meinungen.de\/blog\/2026\/04\/11\/muss-man-das-lesen-landschaft-ohne-zeugen\/","name":"Muss man das lesen? \"Landschaft ohne Zeugen\"? - starke-meinungen.de","isPartOf":{"@id":"https:\/\/starke-meinungen.de\/blog\/#website"},"primaryImageOfPage":{"@id":"https:\/\/starke-meinungen.de\/blog\/2026\/04\/11\/muss-man-das-lesen-landschaft-ohne-zeugen\/#primaryimage"},"image":{"@id":"https:\/\/starke-meinungen.de\/blog\/2026\/04\/11\/muss-man-das-lesen-landschaft-ohne-zeugen\/#primaryimage"},"thumbnailUrl":"https:\/\/starke-meinungen.de\/blog\/wp-content\/uploads\/WhatsApp-Image-2026-04-10-at-19.35.48-1.jpeg","datePublished":"2026-04-11T06:33:51+00:00","dateModified":"2026-04-17T10:11:36+00:00","breadcrumb":{"@id":"https:\/\/starke-meinungen.de\/blog\/2026\/04\/11\/muss-man-das-lesen-landschaft-ohne-zeugen\/#breadcrumb"},"inLanguage":"de","potentialAction":[{"@type":"ReadAction","target":["https:\/\/starke-meinungen.de\/blog\/2026\/04\/11\/muss-man-das-lesen-landschaft-ohne-zeugen\/"]}]},{"@type":"ImageObject","inLanguage":"de","@id":"https:\/\/starke-meinungen.de\/blog\/2026\/04\/11\/muss-man-das-lesen-landschaft-ohne-zeugen\/#primaryimage","url":"https:\/\/starke-meinungen.de\/blog\/wp-content\/uploads\/WhatsApp-Image-2026-04-10-at-19.35.48-1.jpeg","contentUrl":"https:\/\/starke-meinungen.de\/blog\/wp-content\/uploads\/WhatsApp-Image-2026-04-10-at-19.35.48-1.jpeg","width":1512,"height":2016},{"@type":"BreadcrumbList","@id":"https:\/\/starke-meinungen.de\/blog\/2026\/04\/11\/muss-man-das-lesen-landschaft-ohne-zeugen\/#breadcrumb","itemListElement":[{"@type":"ListItem","position":1,"name":"Startseite","item":"https:\/\/starke-meinungen.de\/blog\/"},{"@type":"ListItem","position":2,"name":"Muss man das lesen? &#8222;Landschaft ohne Zeugen&#8220;?"}]},{"@type":"WebSite","@id":"https:\/\/starke-meinungen.de\/blog\/#website","url":"https:\/\/starke-meinungen.de\/blog\/","name":"starke-meinungen.de","description":"Autoren-Blog","publisher":{"@id":"https:\/\/starke-meinungen.de\/blog\/#organization"},"potentialAction":[{"@type":"SearchAction","target":{"@type":"EntryPoint","urlTemplate":"https:\/\/starke-meinungen.de\/blog\/?s={search_term_string}"},"query-input":{"@type":"PropertyValueSpecification","valueRequired":true,"valueName":"search_term_string"}}],"inLanguage":"de"},{"@type":"Organization","@id":"https:\/\/starke-meinungen.de\/blog\/#organization","name":"starke-meinungen.de","url":"https:\/\/starke-meinungen.de\/blog\/","logo":{"@type":"ImageObject","inLanguage":"de","@id":"https:\/\/starke-meinungen.de\/blog\/#\/schema\/logo\/image\/","url":"https:\/\/starke-meinungen.de\/blog\/wp-content\/uploads\/starke-meinungen-fb-header.jpg","contentUrl":"https:\/\/starke-meinungen.de\/blog\/wp-content\/uploads\/starke-meinungen-fb-header.jpg","width":1200,"height":630,"caption":"starke-meinungen.de"},"image":{"@id":"https:\/\/starke-meinungen.de\/blog\/#\/schema\/logo\/image\/"},"sameAs":["https:\/\/www.facebook.com\/starkemeinungen\/","https:\/\/x.com\/starkemeinungen"]},{"@type":"Person","@id":"https:\/\/starke-meinungen.de\/blog\/#\/schema\/person\/c09813e9c9af72d43aa64f379b8b92b8","name":"Bodo Walther","image":{"@type":"ImageObject","inLanguage":"de","@id":"https:\/\/secure.gravatar.com\/avatar\/3c9d5c7a3feb37b6976cfee946f7618756dcd05cbae8960f1b19091e547f7e57?s=96&d=mm&r=g","url":"https:\/\/secure.gravatar.com\/avatar\/3c9d5c7a3feb37b6976cfee946f7618756dcd05cbae8960f1b19091e547f7e57?s=96&d=mm&r=g","contentUrl":"https:\/\/secure.gravatar.com\/avatar\/3c9d5c7a3feb37b6976cfee946f7618756dcd05cbae8960f1b19091e547f7e57?s=96&d=mm&r=g","caption":"Bodo Walther"},"description":"Bodo Walther, geboren 1960 in Wei\u00dfenfels im heutigen Sachsen-Anhalt, studierte 1985 bis 1991 Rechtswissenschaften in T\u00fcbingen und Bonn. Er war aktiver Landes- und Kommunalbeamter in Sachsen-Anhalt, ist heute im Ruhestand und Anwalt in der N\u00e4he von Leipzig.","url":"https:\/\/starke-meinungen.de\/blog\/author\/walther\/"}]}},"_links":{"self":[{"href":"https:\/\/starke-meinungen.de\/blog\/wp-json\/wp\/v2\/posts\/17193","targetHints":{"allow":["GET"]}}],"collection":[{"href":"https:\/\/starke-meinungen.de\/blog\/wp-json\/wp\/v2\/posts"}],"about":[{"href":"https:\/\/starke-meinungen.de\/blog\/wp-json\/wp\/v2\/types\/post"}],"author":[{"embeddable":true,"href":"https:\/\/starke-meinungen.de\/blog\/wp-json\/wp\/v2\/users\/58"}],"replies":[{"embeddable":true,"href":"https:\/\/starke-meinungen.de\/blog\/wp-json\/wp\/v2\/comments?post=17193"}],"version-history":[{"count":30,"href":"https:\/\/starke-meinungen.de\/blog\/wp-json\/wp\/v2\/posts\/17193\/revisions"}],"predecessor-version":[{"id":17296,"href":"https:\/\/starke-meinungen.de\/blog\/wp-json\/wp\/v2\/posts\/17193\/revisions\/17296"}],"wp:attachment":[{"href":"https:\/\/starke-meinungen.de\/blog\/wp-json\/wp\/v2\/media?parent=17193"}],"wp:term":[{"taxonomy":"category","embeddable":true,"href":"https:\/\/starke-meinungen.de\/blog\/wp-json\/wp\/v2\/categories?post=17193"},{"taxonomy":"post_tag","embeddable":true,"href":"https:\/\/starke-meinungen.de\/blog\/wp-json\/wp\/v2\/tags?post=17193"}],"curies":[{"name":"wp","href":"https:\/\/api.w.org\/{rel}","templated":true}]}}