

{"id":15391,"date":"2025-11-04T10:16:46","date_gmt":"2025-11-04T09:16:46","guid":{"rendered":"https:\/\/starke-meinungen.de\/blog\/?p=15391"},"modified":"2025-11-04T10:16:46","modified_gmt":"2025-11-04T09:16:46","slug":"steuert-merz-die-cdu-nach-rechts-ach-was","status":"publish","type":"post","link":"https:\/\/starke-meinungen.de\/blog\/2025\/11\/04\/steuert-merz-die-cdu-nach-rechts-ach-was\/","title":{"rendered":"Steuert Merz die CDU nach rechts? Ach was!"},"content":{"rendered":"<figure id=\"attachment_15392\" aria-describedby=\"caption-attachment-15392\" style=\"width: 480px\" class=\"wp-caption alignnone\"><img loading=\"lazy\" decoding=\"async\" class=\" wp-image-15392\" src=\"https:\/\/starke-meinungen.de\/blog\/wp-content\/uploads\/Polenz-1-200x200.jpg\" alt=\"\" width=\"480\" height=\"480\" srcset=\"https:\/\/starke-meinungen.de\/blog\/wp-content\/uploads\/Polenz-1-200x200.jpg 200w, https:\/\/starke-meinungen.de\/blog\/wp-content\/uploads\/Polenz-1-100x100.jpg 100w, https:\/\/starke-meinungen.de\/blog\/wp-content\/uploads\/Polenz-1.jpg 225w\" sizes=\"auto, (max-width: 480px) 100vw, 480px\" \/><figcaption id=\"caption-attachment-15392\" class=\"wp-caption-text\">Merkel-Unterst\u00fctzer Ruprecht Scholz. Foto:quelle: https:\/\/ruprecht-polenz.de\/<\/figcaption><\/figure>\n<p><strong>Eine CDU-Gruppierung von Merkel-Getreuen um ihren Ex-Generalsekret\u00e4r Ruprecht Polenz lastet dem Kanzler wie viele seiner Gegner an, die Partei Richtung AfD zu bewegen. Eine Schim\u00e4re, die vom Versagen der fr\u00fcheren Kanzlerin ablenken soll.<\/strong><\/p>\n<p>Angela Merkel wurde 2021 abgew\u00e4hlt. Ihre Schatten als Dauer-Regierungschefin und -Parteivorsitzende lasten aber immer noch auf der CDU und dem Land. In ihrer langen Kanzlerschaft wurden viele Weichen falsch gestellt, wie sich schmerzlich herausgestellt hat: bei der Migration, der Energieabh\u00e4ngigkeit von Russland, dem Abr\u00fcsten der Bundeswehr, fehlenden Infrastrukturinvestitionen. Der gr\u00f6\u00dfte ihrer Fehler jedoch war, dass sie durch eine wahltaktische Linksverschiebung der CDU rechts von ihr viel Raum geschaffen hat f\u00fcr die AfD, die zur Gefahr f\u00fcr die Demokratie geworden ist. Von Einsicht bei ihr und ihren Anh\u00e4ngern indes keine Spur.<!--more--><\/p>\n<p>Die Altkanzlerin zieht auf ihrer Welttournee f\u00fcr ihre Memoiren vielmehr regelm\u00e4\u00dfig gegen ihren Nach-Nachfolger zu Felde, wie j\u00fcngst wieder zur von Merz angesto\u00dfenen &#8222;Stadtbild&#8220;-Debatte \u2013 entgegen dem Comment, sich als Ehemalige nicht in die Politik des Amtsinhabers einzumischen, zumal wenn er zur selben Partei geh\u00f6rt. Merkel geht es erkennbar darum, ihr Selbstbild und dass ihrer Anh\u00e4nger als unfehlbare Staatsfrau zu wahren. Sie scheute nicht, daf\u00fcr sogar ein rechtes ungarisches Medium zu nutzen. Abgesehen von einigen Schlagzeilen jedoch wenig bedeutsam.<\/p>\n<p>Gef\u00e4hrlicher wird es f\u00fcr den Kanzler, wenn nun eine innerparteiliche Gruppe namens &#8222;Compass Mitte&#8220; inmitten der zum Teil von ihm selbst versursachten politischen Turbulenzen Front gegen ihn macht und ihm vorwirft, die CDU nach rechts verschoben bzw. sie zu einer rein konservativen Partei gemacht zu haben. Was f\u00fcr viele der Gegner gleichbedeutend mit rechtsextrem ist. Denn das st\u00e4rkt die Vorurteile, die nicht zuletzt etliche Medien und Journalisten gegen ihn hegen, weil sie sich jetzt auf innerparteiliche Kontrahenten berufen k\u00f6nnen.<\/p>\n<h4>Merkel hat Platz f\u00fcr die AfD geschaffen<\/h4>\n<p>Die Frondeure, allen voran Merkels fr\u00fcherer Kurzzeit-Generalsekret\u00e4r, heute schwarz-gr\u00fcner Social-Media-Influencer Polenz, haben allerdings in der Partei kaum Gewicht. Au\u00dfer dass sie als Sprachrohr f\u00fcr die Merkelianer dienen, die sich sonst kaum noch zu Wort zu melden trauen angesichts der Hinterlassenschaft der Ex-Kanzlerin, zu der der anhaltende Niedergang der CDU geh\u00f6rt. Auch wenn sie das nicht wahrhaben wollen.<\/p>\n<p>Zwar konnte Merkel dank ihrer Strategie der &#8222;asymetrischen Demobilisierung&#8220; Wahlerfolge feiern, indem sie Themen von SPD und Gr\u00fcnen besetzte. Das erm\u00f6glichte allerdings der AfD, rechts von ihr den Platz zu besetzen, den die CDU und zum Teil auch die SPD vordem mit abgedeckt hatten. Die Zugewinne links konnten diesen Aderlass auf der anderen Seite auf Dauer nicht wettmachen. Mit der Folge, dass die AfD von 4,7 Prozent nach Merkels Migrationswende 2015 bei der Bundestagswahl zwei Jahre sp\u00e4ter auf 12,6 Prozent kletterte und inzwischen die Union in den Umfragen zum Teil \u00fcberholt hat. Nicht wegen der Politik von Merz, der erst seit einem halben Jahr regiert und das innenpolitisch auch nur halbherzig, sondern als Sp\u00e4tfolge von Merkels Politik. Und der der Ampel.<\/p>\n<p>Merz versucht sich dem entgegen zu stemmen, stark gebremst allerdings von der SPD, die seine angek\u00fcndigten Gro\u00dftaten verhindert, wo sie nur kann. Ob seine &#8222;Stadtbild&#8220;-Bemerkung hilfreich war und ob er den Mund vor der Wahl zu voll genommen hat, dar\u00fcber kann man lange streiten. Ihm jedoch anzukreiden, dass er die CDU f\u00fcr eine Zusammenarbeit mit der AfD \u00f6ffne, ist abwegig. Er ist in der Mitte der Union verortet, entschiedener Europ\u00e4er und Transatlantiker, migrations- und gesellschaftspolitisch keineswegs so verbohrt, wie er oft hingestellt wird. Alles Positionen, die der AfD nicht gefallen, deren vordringliches Ziel ist, die Union zu zerst\u00f6ren.<\/p>\n<h4>Eine Brandmauer bis zum Himmel?<\/h4>\n<p>Klarer, als es kaum geht, hat Merz aus daher einen Trennungsstrich zu ihr gezogen, indem er sie zum Hauptgegner erkl\u00e4rt hat und betont, dass es keinerlei Gemeinsamkeiten mit der Rechtspartei gebe, sie vielmehr alles bek\u00e4mpft, wof\u00fcr die CDU seit den Zeiten von Konrad Adenauer steht. Womit er auch all denen in der Partei vor allem im Osten entschieden entgegen trat, die mit einer Kooperation mit der AfD lieb\u00e4ugeln angesichts der verheerenden Umfragewerte der CDU dort.<\/p>\n<p>Das hindert die Polenz-Fraktion jedoch nicht, wie andere au\u00dferhalb der Partei eine noch klarere Abgrenzung und ein Verbotsverfahren gegen die rechte Konkurrenz zu fordern, wof\u00fcr sie nat\u00fcrlich Applaus von Linken bekommt. Ohne jedoch zu sagen, was denn diese noch h\u00f6here Brandmauer bewirken sollte, die die AfD bisher nicht klein mache konnte. Soll die CDU n\u00e4chstes Jahr in Sachsen-Anhalt und Mecklenburg-Vorpommern mit der Linken koalieren, wom\u00f6glich 2029 auch im Bund, in einer Volksfront gegen die AfD, obwohl in der CDU ein Unvereinbarkeitsbeschluss auch f\u00fcr die SED-Nachfolgepartei gilt? Was die H\u00f6cke-Truppe zudem nur weiter st\u00e4rken w\u00fcrde.<\/p>\n<p>Genauso schr\u00e4g ist es, wenn die Compass-Gruppe behauptet, die CDU d\u00fcrfe keine blo\u00df konservative Partei sein, das Liberale und Christlich-Soziale m\u00fcssten wieder gest\u00e4rkt werden. Die Union war, anders als die SPD, nie eine weltanschaulich eindeutige Partei. Stark war sie immer, wenn sie alle drei Str\u00f6mungen verk\u00f6rperte. Unter Merkel ist der konservative Teil verk\u00fcmmert, viele, die sich ihm zugeh\u00f6rig f\u00fchlten, sind gefl\u00fcchtet, weil sie sich in ihrer Partei nicht mehr beheimatet f\u00fchlten. Zur AfD oder in die Wahlenthaltung.<\/p>\n<p>Merz ist zum Vorsitzenden gew\u00e4hlt worden, nachdem Kramp-Karrenbauer und Laschet als Merkels Nachfolger an der Parteispitze die Union noch mehr ins Elend geritten hatten, weil er versprach, das Konservative wieder mehr zur Geltung zu bringen. Anlasten m\u00fcsste man ihm eher, dass er das noch nicht gen\u00fcgend getan hat, um der ver\u00e4nderten Stimmung im Land Rechnung zu tragen. Aber es kann es eben nicht, wegen der Beharrungskr\u00e4fte der SPD und in der eigenen Partei. Und weil er nun nicht mehr Oppositionsf\u00fchrer ist, sondern das Land f\u00fchren und zusammenhalten muss.<\/p>\n<h4>Auf das Christliche hat niemand ein Privileg<\/h4>\n<p>Geradezu perfide ist, wenn die Polenz-Gruppierung auch noch anf\u00fchrt, man trete f\u00fcr eine CDU ein, die das &#8222;C&#8220; (f\u00fcr christlich) wieder ernst nehme. Ein Totschlagargument, das den katholisch gepr\u00e4gten Kanzler ins Abseits stellen soll. Dabei war die Union nie eine &#8222;christliche&#8220; Partei, anders als die katholische Zentrumspartei, aus der sie nach 1945 im Wesentlichen hervorging, und sie kann es in der heutigen stark s\u00e4kularisierten, entchristlichten Gesellschaft schon gar nicht mehr sein. Vielmehr bezieht sie sich in ihrem Selbstverst\u00e4ndnis auf das christliche Menschenbild, das jedem Menschen die gleiche W\u00fcrde als freies Individuum gibt.<\/p>\n<p>Daraus lassen sich ganz unterschiedliche Politikans\u00e4tze ableiten: die katholische Soziallehre genauso wie eine wirtschaftsfreundliche Politik der sozialen Marktwirschaft; eine humane Fl\u00fcchtlingspolitik ebenso wie ein starke Kontrolle des Zuzugs, um den inneren Frieden zu wahren; Wertsch\u00e4tzung f\u00fcr die traditionelle Familie wie die Anerkennung unterschiedlicher Lebensformen; die Bewahrung der Umwelt wie eine Klimaschutzpolitik, die die Unternehmen nicht erdrosselt.<\/p>\n<p>Darum muss innerparteilich und in der Gesellschaft gerungen werden, ohne die eine oder andere Seite zu verdammen. Wenn Merz da wieder ein bisschen mehr f\u00fcr Ausgleich sorgt, ohne sein gelegentliches unbedachtes Gepoltere, kann das der Union nur helfen. Vielleicht sogar auch gegen die AfD.<\/p>\n<div class=\"shariff shariff-align-left shariff-widget-align-left shariff-buttonstretch\" style=\"display:none\"><ul class=\"shariff-buttons theme-white orientation-horizontal buttonsize-medium\"><li class=\"shariff-button facebook shariff-nocustomcolor\" style=\"background-color:#4273c8\"><a href=\"https:\/\/www.facebook.com\/sharer\/sharer.php?u=https%3A%2F%2Fstarke-meinungen.de%2Fblog%2F2025%2F11%2F04%2Fsteuert-merz-die-cdu-nach-rechts-ach-was%2F\" title=\"Bei Facebook teilen\" aria-label=\"Bei Facebook teilen\" role=\"button\" rel=\"nofollow\" class=\"shariff-link\" style=\"; background-color:#3b5998; color:#3b5998\" target=\"_blank\"><span class=\"shariff-icon\" style=\"fill:#3b5998\"><svg width=\"32px\" height=\"20px\" xmlns=\"http:\/\/www.w3.org\/2000\/svg\" viewBox=\"0 0 18 32\"><path fill=\"#3b5998\" d=\"M17.1 0.2v4.7h-2.8q-1.5 0-2.1 0.6t-0.5 1.9v3.4h5.2l-0.7 5.3h-4.5v13.6h-5.5v-13.6h-4.5v-5.3h4.5v-3.9q0-3.3 1.9-5.2t5-1.8q2.6 0 4.1 0.2z\"\/><\/svg><\/span><span class=\"shariff-text\" style=\"color:#3b5998\">teilen<\/span>&nbsp;<\/a><\/li><li class=\"shariff-button twitter shariff-nocustomcolor\" style=\"background-color:#595959\"><a href=\"https:\/\/twitter.com\/share?url=https%3A%2F%2Fstarke-meinungen.de%2Fblog%2F2025%2F11%2F04%2Fsteuert-merz-die-cdu-nach-rechts-ach-was%2F&text=Steuert%20Merz%20die%20CDU%20nach%20rechts%3F%20Ach%20was%21&via=starkemeinungen\" title=\"Bei X teilen\" aria-label=\"Bei X teilen\" role=\"button\" rel=\"noopener nofollow\" class=\"shariff-link\" style=\"; background-color:#000; color:#000\" target=\"_blank\"><span class=\"shariff-icon\" style=\"fill:#000\"><svg width=\"32px\" height=\"20px\" xmlns=\"http:\/\/www.w3.org\/2000\/svg\" viewBox=\"0 0 24 24\"><path fill=\"#000\" d=\"M14.258 10.152L23.176 0h-2.113l-7.747 8.813L7.133 0H0l9.352 13.328L0 23.973h2.113l8.176-9.309 6.531 9.309h7.133zm-2.895 3.293l-.949-1.328L2.875 1.56h3.246l6.086 8.523.945 1.328 7.91 11.078h-3.246zm0 0\"\/><\/svg><\/span><span class=\"shariff-text\" style=\"color:#000\">teilen<\/span>&nbsp;<\/a><\/li><li class=\"shariff-button linkedin shariff-nocustomcolor\" style=\"background-color:#1488bf\"><a href=\"https:\/\/www.linkedin.com\/sharing\/share-offsite\/?url=https%3A%2F%2Fstarke-meinungen.de%2Fblog%2F2025%2F11%2F04%2Fsteuert-merz-die-cdu-nach-rechts-ach-was%2F\" title=\"Bei LinkedIn teilen\" aria-label=\"Bei LinkedIn teilen\" role=\"button\" rel=\"noopener nofollow\" class=\"shariff-link\" style=\"; background-color:#0077b5; color:#0077b5\" target=\"_blank\"><span class=\"shariff-icon\" style=\"fill:#0077b5\"><svg width=\"32px\" height=\"20px\" xmlns=\"http:\/\/www.w3.org\/2000\/svg\" viewBox=\"0 0 27 32\"><path fill=\"#0077b5\" d=\"M6.2 11.2v17.7h-5.9v-17.7h5.9zM6.6 5.7q0 1.3-0.9 2.2t-2.4 0.9h0q-1.5 0-2.4-0.9t-0.9-2.2 0.9-2.2 2.4-0.9 2.4 0.9 0.9 2.2zM27.4 18.7v10.1h-5.9v-9.5q0-1.9-0.7-2.9t-2.3-1.1q-1.1 0-1.9 0.6t-1.2 1.5q-0.2 0.5-0.2 1.4v9.9h-5.9q0-7.1 0-11.6t0-5.3l0-0.9h5.9v2.6h0q0.4-0.6 0.7-1t1-0.9 1.6-0.8 2-0.3q3 0 4.9 2t1.9 6z\"\/><\/svg><\/span><span class=\"shariff-text\" style=\"color:#0077b5\">teilen<\/span>&nbsp;<\/a><\/li><li class=\"shariff-button xing shariff-nocustomcolor\" style=\"background-color:#29888a\"><a href=\"https:\/\/www.xing.com\/spi\/shares\/new?url=https%3A%2F%2Fstarke-meinungen.de%2Fblog%2F2025%2F11%2F04%2Fsteuert-merz-die-cdu-nach-rechts-ach-was%2F\" title=\"Bei XING teilen\" aria-label=\"Bei XING teilen\" role=\"button\" rel=\"noopener nofollow\" class=\"shariff-link\" style=\"; background-color:#126567; color:#126567\" target=\"_blank\"><span class=\"shariff-icon\" style=\"fill:#126567\"><svg width=\"32px\" height=\"20px\" xmlns=\"http:\/\/www.w3.org\/2000\/svg\" viewBox=\"0 0 25 32\"><path fill=\"#126567\" d=\"M10.7 11.9q-0.2 0.3-4.6 8.2-0.5 0.8-1.2 0.8h-4.3q-0.4 0-0.5-0.3t0-0.6l4.5-8q0 0 0 0l-2.9-5q-0.2-0.4 0-0.7 0.2-0.3 0.5-0.3h4.3q0.7 0 1.2 0.8zM25.1 0.4q0.2 0.3 0 0.7l-9.4 16.7 6 11q0.2 0.4 0 0.6-0.2 0.3-0.6 0.3h-4.3q-0.7 0-1.2-0.8l-6-11.1q0.3-0.6 9.5-16.8 0.4-0.8 1.2-0.8h4.3q0.4 0 0.5 0.3z\"\/><\/svg><\/span><span class=\"shariff-text\" style=\"color:#126567\">teilen<\/span>&nbsp;<\/a><\/li><li class=\"shariff-button whatsapp shariff-nocustomcolor\" style=\"background-color:#5cbe4a\"><a href=\"https:\/\/api.whatsapp.com\/send?text=https%3A%2F%2Fstarke-meinungen.de%2Fblog%2F2025%2F11%2F04%2Fsteuert-merz-die-cdu-nach-rechts-ach-was%2F%20Steuert%20Merz%20die%20CDU%20nach%20rechts%3F%20Ach%20was%21\" title=\"Bei Whatsapp teilen\" aria-label=\"Bei Whatsapp teilen\" role=\"button\" rel=\"noopener nofollow\" class=\"shariff-link\" style=\"; background-color:#34af23; color:#34af23\" target=\"_blank\"><span class=\"shariff-icon\" style=\"fill:#34af23\"><svg width=\"32px\" height=\"20px\" xmlns=\"http:\/\/www.w3.org\/2000\/svg\" viewBox=\"0 0 32 32\"><path fill=\"#34af23\" d=\"M17.6 17.4q0.2 0 1.7 0.8t1.6 0.9q0 0.1 0 0.3 0 0.6-0.3 1.4-0.3 0.7-1.3 1.2t-1.8 0.5q-1 0-3.4-1.1-1.7-0.8-3-2.1t-2.6-3.3q-1.3-1.9-1.3-3.5v-0.1q0.1-1.6 1.3-2.8 0.4-0.4 0.9-0.4 0.1 0 0.3 0t0.3 0q0.3 0 0.5 0.1t0.3 0.5q0.1 0.4 0.6 1.6t0.4 1.3q0 0.4-0.6 1t-0.6 0.8q0 0.1 0.1 0.3 0.6 1.3 1.8 2.4 1 0.9 2.7 1.8 0.2 0.1 0.4 0.1 0.3 0 1-0.9t0.9-0.9zM14 26.9q2.3 0 4.3-0.9t3.6-2.4 2.4-3.6 0.9-4.3-0.9-4.3-2.4-3.6-3.6-2.4-4.3-0.9-4.3 0.9-3.6 2.4-2.4 3.6-0.9 4.3q0 3.6 2.1 6.6l-1.4 4.2 4.3-1.4q2.8 1.9 6.2 1.9zM14 2.2q2.7 0 5.2 1.1t4.3 2.9 2.9 4.3 1.1 5.2-1.1 5.2-2.9 4.3-4.3 2.9-5.2 1.1q-3.5 0-6.5-1.7l-7.4 2.4 2.4-7.2q-1.9-3.2-1.9-6.9 0-2.7 1.1-5.2t2.9-4.3 4.3-2.9 5.2-1.1z\"\/><\/svg><\/span><span class=\"shariff-text\" style=\"color:#34af23\">teilen<\/span>&nbsp;<\/a><\/li><li class=\"shariff-button info shariff-nocustomcolor\" style=\"background-color:#a8a8a8\"><a href=\"http:\/\/ct.de\/-2467514\" title=\"Weitere Informationen\" aria-label=\"Weitere Informationen\" role=\"button\" rel=\"noopener \" class=\"shariff-link\" style=\"; background-color:#999; color:#999\" target=\"_blank\"><span class=\"shariff-icon\" style=\"fill:#999\"><svg width=\"32px\" height=\"20px\" xmlns=\"http:\/\/www.w3.org\/2000\/svg\" viewBox=\"0 0 11 32\"><path fill=\"#999\" d=\"M11.4 24v2.3q0 0.5-0.3 0.8t-0.8 0.4h-9.1q-0.5 0-0.8-0.4t-0.4-0.8v-2.3q0-0.5 0.4-0.8t0.8-0.4h1.1v-6.8h-1.1q-0.5 0-0.8-0.4t-0.4-0.8v-2.3q0-0.5 0.4-0.8t0.8-0.4h6.8q0.5 0 0.8 0.4t0.4 0.8v10.3h1.1q0.5 0 0.8 0.4t0.3 0.8zM9.2 3.4v3.4q0 0.5-0.4 0.8t-0.8 0.4h-4.6q-0.4 0-0.8-0.4t-0.4-0.8v-3.4q0-0.4 0.4-0.8t0.8-0.4h4.6q0.5 0 0.8 0.4t0.4 0.8z\"\/><\/svg><\/span><\/a><\/li><\/ul><\/div>","protected":false},"excerpt":{"rendered":"<p>Eine CDU-Gruppierung von Merkel-Getreuen um ihren Ex-Generalsekret\u00e4r Ruprecht Polenz lastet dem Kanzler wie viele seiner Gegner an, die Partei Richtung AfD zu bewegen. Eine Schim\u00e4re, die vom Versagen der fr\u00fcheren Kanzlerin ablenken soll. Angela Merkel wurde 2021 abgew\u00e4hlt. Ihre Schatten als Dauer-Regierungschefin und -Parteivorsitzende lasten aber immer noch auf der CDU und dem Land. In ihrer langen Kanzlerschaft wurden viele&#8230; <a href=\"https:\/\/starke-meinungen.de\/blog\/2025\/11\/04\/steuert-merz-die-cdu-nach-rechts-ach-was\/\">Weiterlesen &raquo;<\/a><\/p>\n","protected":false},"author":42,"featured_media":0,"comment_status":"open","ping_status":"open","sticky":false,"template":"","format":"standard","meta":{"footnotes":""},"categories":[3886],"tags":[113,4568,1328,8,4500,1237,4567],"class_list":["post-15391","post","type-post","status-publish","format-standard","hentry","category-ludwig-greven","tag-cdu","tag-compass-gruppe","tag-konservative","tag-merkel","tag-merz","tag-migration","tag-ruprecht-polenz"],"yoast_head":"<!-- This site is optimized with the Yoast SEO plugin v27.4 - https:\/\/yoast.com\/product\/yoast-seo-wordpress\/ -->\n<title>Steuert Merz die CDU nach rechts? Ach was! - starke-meinungen.de<\/title>\n<meta name=\"robots\" content=\"index, follow, max-snippet:-1, max-image-preview:large, max-video-preview:-1\" \/>\n<link rel=\"canonical\" href=\"https:\/\/starke-meinungen.de\/blog\/2025\/11\/04\/steuert-merz-die-cdu-nach-rechts-ach-was\/\" \/>\n<meta property=\"og:locale\" content=\"de_DE\" \/>\n<meta property=\"og:type\" content=\"article\" \/>\n<meta property=\"og:title\" content=\"Steuert Merz die CDU nach rechts? Ach was! - starke-meinungen.de\" \/>\n<meta property=\"og:description\" content=\"Eine CDU-Gruppierung von Merkel-Getreuen um ihren Ex-Generalsekret\u00e4r Ruprecht Polenz lastet dem Kanzler wie viele seiner Gegner an, die Partei Richtung AfD zu bewegen. Eine Schim\u00e4re, die vom Versagen der fr\u00fcheren Kanzlerin ablenken soll. Angela Merkel wurde 2021 abgew\u00e4hlt. Ihre Schatten als Dauer-Regierungschefin und -Parteivorsitzende lasten aber immer noch auf der CDU und dem Land. In ihrer langen Kanzlerschaft wurden viele... Weiterlesen &raquo;\" \/>\n<meta property=\"og:url\" content=\"https:\/\/starke-meinungen.de\/blog\/2025\/11\/04\/steuert-merz-die-cdu-nach-rechts-ach-was\/\" \/>\n<meta property=\"og:site_name\" content=\"starke-meinungen.de\" \/>\n<meta property=\"article:publisher\" content=\"https:\/\/www.facebook.com\/starkemeinungen\/\" \/>\n<meta property=\"article:published_time\" content=\"2025-11-04T09:16:46+00:00\" \/>\n<meta property=\"og:image\" content=\"https:\/\/starke-meinungen.de\/blog\/wp-content\/uploads\/Polenz-1.jpg\" \/>\n\t<meta property=\"og:image:width\" content=\"225\" \/>\n\t<meta property=\"og:image:height\" content=\"225\" \/>\n\t<meta property=\"og:image:type\" content=\"image\/jpeg\" \/>\n<meta name=\"author\" content=\"Ludwig Greven\" \/>\n<meta name=\"twitter:card\" content=\"summary_large_image\" \/>\n<meta name=\"twitter:creator\" content=\"@starkemeinungen\" \/>\n<meta name=\"twitter:site\" content=\"@starkemeinungen\" \/>\n<meta name=\"twitter:label1\" content=\"Verfasst von\" \/>\n\t<meta name=\"twitter:data1\" content=\"Ludwig Greven\" \/>\n\t<meta name=\"twitter:label2\" content=\"Gesch\u00e4tzte Lesezeit\" \/>\n\t<meta name=\"twitter:data2\" content=\"7\u00a0Minuten\" \/>\n<script type=\"application\/ld+json\" class=\"yoast-schema-graph\">{\"@context\":\"https:\\\/\\\/schema.org\",\"@graph\":[{\"@type\":\"Article\",\"@id\":\"https:\\\/\\\/starke-meinungen.de\\\/blog\\\/2025\\\/11\\\/04\\\/steuert-merz-die-cdu-nach-rechts-ach-was\\\/#article\",\"isPartOf\":{\"@id\":\"https:\\\/\\\/starke-meinungen.de\\\/blog\\\/2025\\\/11\\\/04\\\/steuert-merz-die-cdu-nach-rechts-ach-was\\\/\"},\"author\":{\"name\":\"Ludwig Greven\",\"@id\":\"https:\\\/\\\/starke-meinungen.de\\\/blog\\\/#\\\/schema\\\/person\\\/1c28fb5be9ffc16085de9e621bf19f75\"},\"headline\":\"Steuert Merz die CDU nach rechts? Ach was!\",\"datePublished\":\"2025-11-04T09:16:46+00:00\",\"mainEntityOfPage\":{\"@id\":\"https:\\\/\\\/starke-meinungen.de\\\/blog\\\/2025\\\/11\\\/04\\\/steuert-merz-die-cdu-nach-rechts-ach-was\\\/\"},\"wordCount\":1204,\"commentCount\":9,\"publisher\":{\"@id\":\"https:\\\/\\\/starke-meinungen.de\\\/blog\\\/#organization\"},\"image\":{\"@id\":\"https:\\\/\\\/starke-meinungen.de\\\/blog\\\/2025\\\/11\\\/04\\\/steuert-merz-die-cdu-nach-rechts-ach-was\\\/#primaryimage\"},\"thumbnailUrl\":\"https:\\\/\\\/starke-meinungen.de\\\/blog\\\/wp-content\\\/uploads\\\/Polenz-1-200x200.jpg\",\"keywords\":[\"CDU\",\"Compass-Gruppe\",\"Konservative\",\"Merkel\",\"Merz\",\"Migration\",\"Ruprecht Polenz\"],\"articleSection\":[\"Ludwig Greven\"],\"inLanguage\":\"de\",\"potentialAction\":[{\"@type\":\"CommentAction\",\"name\":\"Comment\",\"target\":[\"https:\\\/\\\/starke-meinungen.de\\\/blog\\\/2025\\\/11\\\/04\\\/steuert-merz-die-cdu-nach-rechts-ach-was\\\/#respond\"]}]},{\"@type\":\"WebPage\",\"@id\":\"https:\\\/\\\/starke-meinungen.de\\\/blog\\\/2025\\\/11\\\/04\\\/steuert-merz-die-cdu-nach-rechts-ach-was\\\/\",\"url\":\"https:\\\/\\\/starke-meinungen.de\\\/blog\\\/2025\\\/11\\\/04\\\/steuert-merz-die-cdu-nach-rechts-ach-was\\\/\",\"name\":\"Steuert Merz die CDU nach rechts? Ach was! - starke-meinungen.de\",\"isPartOf\":{\"@id\":\"https:\\\/\\\/starke-meinungen.de\\\/blog\\\/#website\"},\"primaryImageOfPage\":{\"@id\":\"https:\\\/\\\/starke-meinungen.de\\\/blog\\\/2025\\\/11\\\/04\\\/steuert-merz-die-cdu-nach-rechts-ach-was\\\/#primaryimage\"},\"image\":{\"@id\":\"https:\\\/\\\/starke-meinungen.de\\\/blog\\\/2025\\\/11\\\/04\\\/steuert-merz-die-cdu-nach-rechts-ach-was\\\/#primaryimage\"},\"thumbnailUrl\":\"https:\\\/\\\/starke-meinungen.de\\\/blog\\\/wp-content\\\/uploads\\\/Polenz-1-200x200.jpg\",\"datePublished\":\"2025-11-04T09:16:46+00:00\",\"breadcrumb\":{\"@id\":\"https:\\\/\\\/starke-meinungen.de\\\/blog\\\/2025\\\/11\\\/04\\\/steuert-merz-die-cdu-nach-rechts-ach-was\\\/#breadcrumb\"},\"inLanguage\":\"de\",\"potentialAction\":[{\"@type\":\"ReadAction\",\"target\":[\"https:\\\/\\\/starke-meinungen.de\\\/blog\\\/2025\\\/11\\\/04\\\/steuert-merz-die-cdu-nach-rechts-ach-was\\\/\"]}]},{\"@type\":\"ImageObject\",\"inLanguage\":\"de\",\"@id\":\"https:\\\/\\\/starke-meinungen.de\\\/blog\\\/2025\\\/11\\\/04\\\/steuert-merz-die-cdu-nach-rechts-ach-was\\\/#primaryimage\",\"url\":\"https:\\\/\\\/starke-meinungen.de\\\/blog\\\/wp-content\\\/uploads\\\/Polenz-1.jpg\",\"contentUrl\":\"https:\\\/\\\/starke-meinungen.de\\\/blog\\\/wp-content\\\/uploads\\\/Polenz-1.jpg\",\"width\":225,\"height\":225,\"caption\":\"Merkel-Unterst\u00fctzer Ruprecht Scholz. Foto:quelle: https:\\\/\\\/ruprecht-polenz.de\\\/\"},{\"@type\":\"BreadcrumbList\",\"@id\":\"https:\\\/\\\/starke-meinungen.de\\\/blog\\\/2025\\\/11\\\/04\\\/steuert-merz-die-cdu-nach-rechts-ach-was\\\/#breadcrumb\",\"itemListElement\":[{\"@type\":\"ListItem\",\"position\":1,\"name\":\"Startseite\",\"item\":\"https:\\\/\\\/starke-meinungen.de\\\/blog\\\/\"},{\"@type\":\"ListItem\",\"position\":2,\"name\":\"Steuert Merz die CDU nach rechts? Ach was!\"}]},{\"@type\":\"WebSite\",\"@id\":\"https:\\\/\\\/starke-meinungen.de\\\/blog\\\/#website\",\"url\":\"https:\\\/\\\/starke-meinungen.de\\\/blog\\\/\",\"name\":\"starke-meinungen.de\",\"description\":\"Autoren-Blog\",\"publisher\":{\"@id\":\"https:\\\/\\\/starke-meinungen.de\\\/blog\\\/#organization\"},\"potentialAction\":[{\"@type\":\"SearchAction\",\"target\":{\"@type\":\"EntryPoint\",\"urlTemplate\":\"https:\\\/\\\/starke-meinungen.de\\\/blog\\\/?s={search_term_string}\"},\"query-input\":{\"@type\":\"PropertyValueSpecification\",\"valueRequired\":true,\"valueName\":\"search_term_string\"}}],\"inLanguage\":\"de\"},{\"@type\":\"Organization\",\"@id\":\"https:\\\/\\\/starke-meinungen.de\\\/blog\\\/#organization\",\"name\":\"starke-meinungen.de\",\"url\":\"https:\\\/\\\/starke-meinungen.de\\\/blog\\\/\",\"logo\":{\"@type\":\"ImageObject\",\"inLanguage\":\"de\",\"@id\":\"https:\\\/\\\/starke-meinungen.de\\\/blog\\\/#\\\/schema\\\/logo\\\/image\\\/\",\"url\":\"https:\\\/\\\/starke-meinungen.de\\\/blog\\\/wp-content\\\/uploads\\\/starke-meinungen-fb-header.jpg\",\"contentUrl\":\"https:\\\/\\\/starke-meinungen.de\\\/blog\\\/wp-content\\\/uploads\\\/starke-meinungen-fb-header.jpg\",\"width\":1200,\"height\":630,\"caption\":\"starke-meinungen.de\"},\"image\":{\"@id\":\"https:\\\/\\\/starke-meinungen.de\\\/blog\\\/#\\\/schema\\\/logo\\\/image\\\/\"},\"sameAs\":[\"https:\\\/\\\/www.facebook.com\\\/starkemeinungen\\\/\",\"https:\\\/\\\/x.com\\\/starkemeinungen\"]},{\"@type\":\"Person\",\"@id\":\"https:\\\/\\\/starke-meinungen.de\\\/blog\\\/#\\\/schema\\\/person\\\/1c28fb5be9ffc16085de9e621bf19f75\",\"name\":\"Ludwig Greven\",\"image\":{\"@type\":\"ImageObject\",\"inLanguage\":\"de\",\"@id\":\"https:\\\/\\\/secure.gravatar.com\\\/avatar\\\/30dcb1e1f2de438653ff67ae28b7ecf6c10e1b929e4a1c78d6b4d30df7d49076?s=96&d=mm&r=g\",\"url\":\"https:\\\/\\\/secure.gravatar.com\\\/avatar\\\/30dcb1e1f2de438653ff67ae28b7ecf6c10e1b929e4a1c78d6b4d30df7d49076?s=96&d=mm&r=g\",\"contentUrl\":\"https:\\\/\\\/secure.gravatar.com\\\/avatar\\\/30dcb1e1f2de438653ff67ae28b7ecf6c10e1b929e4a1c78d6b4d30df7d49076?s=96&d=mm&r=g\",\"caption\":\"Ludwig Greven\"},\"url\":\"https:\\\/\\\/starke-meinungen.de\\\/blog\\\/author\\\/greven\\\/\"}]}<\/script>\n<!-- \/ Yoast SEO plugin. -->","yoast_head_json":{"title":"Steuert Merz die CDU nach rechts? Ach was! - starke-meinungen.de","robots":{"index":"index","follow":"follow","max-snippet":"max-snippet:-1","max-image-preview":"max-image-preview:large","max-video-preview":"max-video-preview:-1"},"canonical":"https:\/\/starke-meinungen.de\/blog\/2025\/11\/04\/steuert-merz-die-cdu-nach-rechts-ach-was\/","og_locale":"de_DE","og_type":"article","og_title":"Steuert Merz die CDU nach rechts? Ach was! - starke-meinungen.de","og_description":"Eine CDU-Gruppierung von Merkel-Getreuen um ihren Ex-Generalsekret\u00e4r Ruprecht Polenz lastet dem Kanzler wie viele seiner Gegner an, die Partei Richtung AfD zu bewegen. Eine Schim\u00e4re, die vom Versagen der fr\u00fcheren Kanzlerin ablenken soll. Angela Merkel wurde 2021 abgew\u00e4hlt. Ihre Schatten als Dauer-Regierungschefin und -Parteivorsitzende lasten aber immer noch auf der CDU und dem Land. In ihrer langen Kanzlerschaft wurden viele... Weiterlesen &raquo;","og_url":"https:\/\/starke-meinungen.de\/blog\/2025\/11\/04\/steuert-merz-die-cdu-nach-rechts-ach-was\/","og_site_name":"starke-meinungen.de","article_publisher":"https:\/\/www.facebook.com\/starkemeinungen\/","article_published_time":"2025-11-04T09:16:46+00:00","og_image":[{"width":225,"height":225,"url":"https:\/\/starke-meinungen.de\/blog\/wp-content\/uploads\/Polenz-1.jpg","type":"image\/jpeg"}],"author":"Ludwig Greven","twitter_card":"summary_large_image","twitter_creator":"@starkemeinungen","twitter_site":"@starkemeinungen","twitter_misc":{"Verfasst von":"Ludwig Greven","Gesch\u00e4tzte Lesezeit":"7\u00a0Minuten"},"schema":{"@context":"https:\/\/schema.org","@graph":[{"@type":"Article","@id":"https:\/\/starke-meinungen.de\/blog\/2025\/11\/04\/steuert-merz-die-cdu-nach-rechts-ach-was\/#article","isPartOf":{"@id":"https:\/\/starke-meinungen.de\/blog\/2025\/11\/04\/steuert-merz-die-cdu-nach-rechts-ach-was\/"},"author":{"name":"Ludwig Greven","@id":"https:\/\/starke-meinungen.de\/blog\/#\/schema\/person\/1c28fb5be9ffc16085de9e621bf19f75"},"headline":"Steuert Merz die CDU nach rechts? Ach was!","datePublished":"2025-11-04T09:16:46+00:00","mainEntityOfPage":{"@id":"https:\/\/starke-meinungen.de\/blog\/2025\/11\/04\/steuert-merz-die-cdu-nach-rechts-ach-was\/"},"wordCount":1204,"commentCount":9,"publisher":{"@id":"https:\/\/starke-meinungen.de\/blog\/#organization"},"image":{"@id":"https:\/\/starke-meinungen.de\/blog\/2025\/11\/04\/steuert-merz-die-cdu-nach-rechts-ach-was\/#primaryimage"},"thumbnailUrl":"https:\/\/starke-meinungen.de\/blog\/wp-content\/uploads\/Polenz-1-200x200.jpg","keywords":["CDU","Compass-Gruppe","Konservative","Merkel","Merz","Migration","Ruprecht Polenz"],"articleSection":["Ludwig Greven"],"inLanguage":"de","potentialAction":[{"@type":"CommentAction","name":"Comment","target":["https:\/\/starke-meinungen.de\/blog\/2025\/11\/04\/steuert-merz-die-cdu-nach-rechts-ach-was\/#respond"]}]},{"@type":"WebPage","@id":"https:\/\/starke-meinungen.de\/blog\/2025\/11\/04\/steuert-merz-die-cdu-nach-rechts-ach-was\/","url":"https:\/\/starke-meinungen.de\/blog\/2025\/11\/04\/steuert-merz-die-cdu-nach-rechts-ach-was\/","name":"Steuert Merz die CDU nach rechts? Ach was! - starke-meinungen.de","isPartOf":{"@id":"https:\/\/starke-meinungen.de\/blog\/#website"},"primaryImageOfPage":{"@id":"https:\/\/starke-meinungen.de\/blog\/2025\/11\/04\/steuert-merz-die-cdu-nach-rechts-ach-was\/#primaryimage"},"image":{"@id":"https:\/\/starke-meinungen.de\/blog\/2025\/11\/04\/steuert-merz-die-cdu-nach-rechts-ach-was\/#primaryimage"},"thumbnailUrl":"https:\/\/starke-meinungen.de\/blog\/wp-content\/uploads\/Polenz-1-200x200.jpg","datePublished":"2025-11-04T09:16:46+00:00","breadcrumb":{"@id":"https:\/\/starke-meinungen.de\/blog\/2025\/11\/04\/steuert-merz-die-cdu-nach-rechts-ach-was\/#breadcrumb"},"inLanguage":"de","potentialAction":[{"@type":"ReadAction","target":["https:\/\/starke-meinungen.de\/blog\/2025\/11\/04\/steuert-merz-die-cdu-nach-rechts-ach-was\/"]}]},{"@type":"ImageObject","inLanguage":"de","@id":"https:\/\/starke-meinungen.de\/blog\/2025\/11\/04\/steuert-merz-die-cdu-nach-rechts-ach-was\/#primaryimage","url":"https:\/\/starke-meinungen.de\/blog\/wp-content\/uploads\/Polenz-1.jpg","contentUrl":"https:\/\/starke-meinungen.de\/blog\/wp-content\/uploads\/Polenz-1.jpg","width":225,"height":225,"caption":"Merkel-Unterst\u00fctzer Ruprecht Scholz. Foto:quelle: https:\/\/ruprecht-polenz.de\/"},{"@type":"BreadcrumbList","@id":"https:\/\/starke-meinungen.de\/blog\/2025\/11\/04\/steuert-merz-die-cdu-nach-rechts-ach-was\/#breadcrumb","itemListElement":[{"@type":"ListItem","position":1,"name":"Startseite","item":"https:\/\/starke-meinungen.de\/blog\/"},{"@type":"ListItem","position":2,"name":"Steuert Merz die CDU nach rechts? Ach was!"}]},{"@type":"WebSite","@id":"https:\/\/starke-meinungen.de\/blog\/#website","url":"https:\/\/starke-meinungen.de\/blog\/","name":"starke-meinungen.de","description":"Autoren-Blog","publisher":{"@id":"https:\/\/starke-meinungen.de\/blog\/#organization"},"potentialAction":[{"@type":"SearchAction","target":{"@type":"EntryPoint","urlTemplate":"https:\/\/starke-meinungen.de\/blog\/?s={search_term_string}"},"query-input":{"@type":"PropertyValueSpecification","valueRequired":true,"valueName":"search_term_string"}}],"inLanguage":"de"},{"@type":"Organization","@id":"https:\/\/starke-meinungen.de\/blog\/#organization","name":"starke-meinungen.de","url":"https:\/\/starke-meinungen.de\/blog\/","logo":{"@type":"ImageObject","inLanguage":"de","@id":"https:\/\/starke-meinungen.de\/blog\/#\/schema\/logo\/image\/","url":"https:\/\/starke-meinungen.de\/blog\/wp-content\/uploads\/starke-meinungen-fb-header.jpg","contentUrl":"https:\/\/starke-meinungen.de\/blog\/wp-content\/uploads\/starke-meinungen-fb-header.jpg","width":1200,"height":630,"caption":"starke-meinungen.de"},"image":{"@id":"https:\/\/starke-meinungen.de\/blog\/#\/schema\/logo\/image\/"},"sameAs":["https:\/\/www.facebook.com\/starkemeinungen\/","https:\/\/x.com\/starkemeinungen"]},{"@type":"Person","@id":"https:\/\/starke-meinungen.de\/blog\/#\/schema\/person\/1c28fb5be9ffc16085de9e621bf19f75","name":"Ludwig Greven","image":{"@type":"ImageObject","inLanguage":"de","@id":"https:\/\/secure.gravatar.com\/avatar\/30dcb1e1f2de438653ff67ae28b7ecf6c10e1b929e4a1c78d6b4d30df7d49076?s=96&d=mm&r=g","url":"https:\/\/secure.gravatar.com\/avatar\/30dcb1e1f2de438653ff67ae28b7ecf6c10e1b929e4a1c78d6b4d30df7d49076?s=96&d=mm&r=g","contentUrl":"https:\/\/secure.gravatar.com\/avatar\/30dcb1e1f2de438653ff67ae28b7ecf6c10e1b929e4a1c78d6b4d30df7d49076?s=96&d=mm&r=g","caption":"Ludwig Greven"},"url":"https:\/\/starke-meinungen.de\/blog\/author\/greven\/"}]}},"_links":{"self":[{"href":"https:\/\/starke-meinungen.de\/blog\/wp-json\/wp\/v2\/posts\/15391","targetHints":{"allow":["GET"]}}],"collection":[{"href":"https:\/\/starke-meinungen.de\/blog\/wp-json\/wp\/v2\/posts"}],"about":[{"href":"https:\/\/starke-meinungen.de\/blog\/wp-json\/wp\/v2\/types\/post"}],"author":[{"embeddable":true,"href":"https:\/\/starke-meinungen.de\/blog\/wp-json\/wp\/v2\/users\/42"}],"replies":[{"embeddable":true,"href":"https:\/\/starke-meinungen.de\/blog\/wp-json\/wp\/v2\/comments?post=15391"}],"version-history":[{"count":1,"href":"https:\/\/starke-meinungen.de\/blog\/wp-json\/wp\/v2\/posts\/15391\/revisions"}],"predecessor-version":[{"id":15393,"href":"https:\/\/starke-meinungen.de\/blog\/wp-json\/wp\/v2\/posts\/15391\/revisions\/15393"}],"wp:attachment":[{"href":"https:\/\/starke-meinungen.de\/blog\/wp-json\/wp\/v2\/media?parent=15391"}],"wp:term":[{"taxonomy":"category","embeddable":true,"href":"https:\/\/starke-meinungen.de\/blog\/wp-json\/wp\/v2\/categories?post=15391"},{"taxonomy":"post_tag","embeddable":true,"href":"https:\/\/starke-meinungen.de\/blog\/wp-json\/wp\/v2\/tags?post=15391"}],"curies":[{"name":"wp","href":"https:\/\/api.w.org\/{rel}","templated":true}]}}