

{"id":14474,"date":"2025-08-08T20:18:43","date_gmt":"2025-08-08T18:18:43","guid":{"rendered":"https:\/\/starke-meinungen.de\/blog\/?p=14474"},"modified":"2025-10-01T14:41:30","modified_gmt":"2025-10-01T12:41:30","slug":"aufgearbeitet-3-gegangene-und-gebliebene-zwei-ddr-bilder","status":"publish","type":"post","link":"https:\/\/starke-meinungen.de\/blog\/2025\/08\/08\/aufgearbeitet-3-gegangene-und-gebliebene-zwei-ddr-bilder\/","title":{"rendered":"&#8222;Aufgearbeitet&#8220;: (3) Gegangene und Gebliebene &#8211; zwei DDR-Bilder"},"content":{"rendered":"<p><em>&#8222;There is much talk today in Germany about the AUFARBEITUNG (literally, the &gt;&gt;working over&lt;&lt;) of its recent history \u2013 a very German word that is usually translated as &gt;&gt;coming to terms with the past&lt;&lt; (on whose terms?) but that also evokes Freudian connotations of working out the personal impact and significance of events hitherto repressed, and that, in a more mundane and domestic meaning, also can be used to describe the remodeling of an old garment (&gt;&gt;ein Kleidungsst\u00fcck aufarbeiten&lt;&lt;) to make it look as good as new.&#8220;<\/em><\/p>\n<p><a href=\"https:\/\/www.jstor.org\/stable\/3185395?seq=1#page_scan_tab_contents\" target=\"_blank\" rel=\"noopener\">Inga Markovits, 2001, Selective Memory: How the Law Affects What We Remember and Forget about the Past: The Case of East Germany<\/a><\/p>\n<p><img decoding=\"async\" src=\"https:\/\/starke-meinungen.de\/blog\/wp-content\/uploads\/3.Oktober.jpg\" \/><\/p>\n<p><em>Bild oben: <\/em><a href=\"https:\/\/starke-meinungen.de\/blog\/2025\/08\/04\/aufgearbeitete-ddr-vergangenheit-1-das-ddr-bild-in-der-bonner-republik\/\"><em>Am Morgen des 3. Oktober 1990<\/em><\/a><\/p>\n<p>Schon <strong>innerhalb<\/strong> der DDR-Dissidenz gibt es eine sehr verschiedene DDR-Erinnerung.<\/p>\n<p>&#8211; zum einen derer, die in der DDR beim Ministerium f\u00fcr Statssicherheit einsa\u00dfen, zu Haftstrafen verurteilt und abgeschoben wurden und<\/p>\n<p>&#8211; zum anderen der 1989er in der DDR pr\u00e4senten Dissidenten.<\/p>\n<p>Dies unterscheidet die DDR-Dissidenz von der Polens oder der Tschechoslowakei.<\/p>\n<p><!--more--><\/p>\n<h4>Das Besondere in der DDR &#8230;<\/h4>\n<p>Hubertus Knabe beschrieb genauer, was f\u00fcr die DDR \u00fcberhaupt anders war. In einem Impulsvortrag 2007 in Leipzig auf einer Konferenz der <a href=\"https:\/\/www.gesetze-im-internet.de\/stug\/__38.html\" target=\"_blank\" rel=\"noopener\">Landes- (Aufarbeitungs-) beauftragten.<\/a> (Diesen Beauftragten werde ich noch einen gesonderten Beitrag widmen.):<\/p>\n<p><img decoding=\"async\" src=\"https:\/\/starke-meinungen.de\/blog\/wp-content\/uploads\/117094074_727711084730392_122701119489414137_n.jpg\" \/><\/p>\n<p><em>\u201eAls ich Ende der 70er Jahre, noch als Student, die ersten Kontakte zu kritischen Friedensgruppen in der DDR bekam, war ich fasziniert davon, dass es neben der mir bis dahin von Verwandtenbesuchen bekannten DDR eine ebenso ernsthafte wie mutige und dennoch lebensfreudige politische Gegenkultur gab. Hier wurde \u2026 eine bis an die Z\u00e4hne bewaffnete Diktatur mit kleinen, wohldosierten Nadelstichen provoziert, um die erstarrten politischen Verh\u00e4ltnisse in Bewegung zu bringen.<\/em><\/p>\n<p><em>Erst sp\u00e4ter, und verst\u00e4rkt seit meinem Wechsel in die <a href=\"https:\/\/www.stiftung-hsh.de\/\" target=\"_blank\" rel=\"noopener\">Gedenkst\u00e4tte <\/a><\/em>(<a href=\"https:\/\/www.stiftung-hsh.de\/\" target=\"_blank\" rel=\"noopener\">Hohensch\u00f6nhausen<\/a>)<em>, habe ich eine g\u00e4nzlich andere \u2026 (Gegenkultur) \u2026 kennen gelernt: Menschen, die die harte Schule langer Haftzeiten durchlaufen hatten und \u2026 meist eine klare antikommunistische \u00dcberzeugung besitzen. \u2026<\/em><\/p>\n<p><em>Es war f\u00fcr mich nicht schwer zu erkennen, dass beide\u2026 Milieus in einer gewissen Distanz, wenn nicht Abneigung zueinander stehen.<\/em><\/p>\n<p><em>Woran liegt nun diese Aufspaltung? \u2026 Neben der H\u00e4rte der Repression und der Omnipotenz des Staatssicherheitsdienstes d\u00fcrfte eine der wesentlichen Ursachen daf\u00fcr sein, dass die fundamentaloppositionellen Kr\u00e4fte in der DDR jahrzehntelang in die Bundesrepublik entsorgt wurden: entweder freiwillig, durch Flucht oder Ausreise \u2013 oder mit Gewalt, durch Inhaftierung und anschlie\u00dfenden Freikauf.<\/em><\/p>\n<p><em>Und bei n\u00fcchterner Betrachtung war es f\u00fcr einen DDR-B\u00fcrger, der in Freiheit leben wollte, vielleicht wirklich vern\u00fcnftiger, in die Bundesrepublik \u00fcberzusiedeln, als den Kampf gegen einen \u00fcberm\u00e4chtigen, international hofierten Polizeistaat aufzunehmen. Einem Polen fehlte hingegen diese M\u00f6glichkeit. \u2026 Zur\u00fcck blieb eine \u2026 (Gegenkultur) .., die entweder noch nicht oder \u00fcberhaupt nicht im politischen System der Bundesrepublik leben wollte \u2013 eine \u00fcberwiegend junge Generation, die eine andere DDR wollte.:\u2026.<\/em><\/p>\n<p><em>Diese Differenzen \u2026 \u00e4hneln dabei etwas denen zwischen B\u00fcrgerrechtlern und Ausreisewilligen in den 80er Jahren.\u201c<\/em><\/p>\n<h4>Das Besondere in der DDR war der H\u00e4ftlingsfreikauf<\/h4>\n<p>90 bis 95 vom Hundert aller Gefangenen des Ministeriums f\u00fcr Staatssicherheit der 1970er und 1980er Jahre, so gibt das <a href=\"https:\/\/www.bundesverfassungsgericht.de\/SharedDocs\/Entscheidungen\/DE\/2000\/09\/rk20000921_1bvr051497.html?nn=68080\" target=\"_blank\" rel=\"noopener\">Bundesverfassungsgericht in seinem Beschluss vom 21. September 2000, dort unter Rz. 11<\/a> die Sch\u00e4tzung der ostdeutschen Innenministerien wieder, sind<\/p>\n<p><em>\u201e \u2026 nach Teilverb\u00fc\u00dfung ihrer Freiheitsstrafe \u00fcber den Weg des Freikaufs in die Bundesrepublik Deutschland gelangt.\u201c<\/em><\/p>\n<p><img decoding=\"async\" src=\"https:\/\/starke-meinungen.de\/blog\/wp-content\/uploads\/1990-02-15-freikauf-ddr-haeftlinge-durch-die-brd-1.jpg\" \/><\/p>\n<p><em>Bild oben: Der &#8222;H\u00e4ftlingsfreikaufsbus&#8220;<\/em><\/p>\n<p>Die aus der DDR-Haft Freigekauften hatten dann Wiedereinreise-Verbot bis zum Tag der \u00d6ffnung der DDR-Grenz\u00fcberg\u00e4nge am 9. November 1989 und waren im Wendeherbst 1989, zur &#8222;Friedlichen Revolution&#8220;, nicht in der DDR pr\u00e4sent.<\/p>\n<p>Die DDR-Dissidenten wiederum, die ihre Treffen wie &#8222;Demokratie Jetzt&#8220; oder &#8222;Initiative Frieden und Menschenrechte&#8220; im September 1989 zu Oppositionsgruppen formierten, waren nicht zu Haftstrafen verurteilte ehemalige politische Gefangene.<\/p>\n<p>Beide Milieus haben damit verschiedene Erinnerungen. Nehmen wir zum Beispiel die Erinnerungen zu<\/p>\n<h4>&#8230; dieser Richtlinie <a href=\"https:\/\/www.stasi-mediathek.de\/fileadmin\/pdf\/dok540.pdf\" target=\"_blank\" rel=\"noopener\">1\/76 des\u00a0Ministeriums f\u00fcr Staatssicherheit<\/a>.<\/h4>\n<p>Klar haben Sie schon einmal etwas von der &#8222;Zersetzungsrichtlinie&#8220; der &#8222;Stasi&#8220;\u00a0 geh\u00f6rt. Eigentlich ist dieselbe \u00fcbertitelt als &#8222;Richtlinie &#8230; zur Entwicklung und Bearbeitung Operativer Vorg\u00e4nge&#8220;.<\/p>\n<p><img decoding=\"async\" src=\"https:\/\/starke-meinungen.de\/blog\/wp-content\/uploads\/zersetzung2.jpg\" \/><\/p>\n<p>&#8222;Vorgang&#8220; ist B\u00fcrokratendeutsch f\u00fcr eine Akte (<em>&#8222;<a href=\"https:\/\/baumannundclausen.de\/kategorie\/podcast-baumannundclausen\/\" target=\"_blank\" rel=\"noopener\">Herr Baumann und Herr Clausen<\/a>, suchen Sie mir doch bitte unter den Bauantr\u00e4gen den Vorgang Wagner heraus.&#8220;<\/em>)<\/p>\n<p>In &#8222;Operativen Vorg\u00e4ngen&#8220; operierte das MfS auch selbst. \u00dcber die Mittel, also zum Beispiel <a href=\"https:\/\/de.wikipedia.org\/wiki\/Inoffizieller_Mitarbeiter\" target=\"_blank\" rel=\"noopener\">Inoffizielle (verdeckte) Mitarbeiter, IM<\/a>, ist viel berichtet worden.<\/p>\n<p>Aber welches Ziel hatten diese Vorg\u00e4nge?<\/p>\n<h4>Politische Gefangene und die Richtlinie 1\/76<\/h4>\n<p>Als erstes Ziel nennt die Richtlinie unter 2. die Aufgabe des MfS,<\/p>\n<p><a href=\"https:\/\/www.stasi-mediathek.de\/fileadmin\/pdf\/dok540.pdf\" target=\"_blank\" rel=\"noopener\"><em>&#8222;&#8230;. die erforderlichen Beweise f\u00fcr den Nachweis des dringenden Verdachtes eines oder mehrerer <\/em><strong>Staatsverbrechen<\/strong><em> bzw. einer <\/em><strong>Straftat der allgemeinen Kriminalit\u00e4t<\/strong><em> zu erbringen;&#8220;<\/em><\/a><\/p>\n<p><img decoding=\"async\" src=\"https:\/\/starke-meinungen.de\/blog\/wp-content\/uploads\/zersetzung3.jpg\" \/><\/p>\n<p>\u00dcber den Daumen gesagt:<\/p>\n<p>&#8211; <strong>&#8222;Staatsverbrechen&#8220;<\/strong> meint die im 2. Kapitel des <a href=\"https:\/\/www.verfassungen.de\/ddr\/strafgesetzbuch74.htm\" target=\"_blank\" rel=\"noopener\">Strafgesetzbuches der DDR<\/a> genannten Normen der &#8222;Verbrechen gegen die Deutsche Demokratische Republik&#8220;; die \u00a7\u00a7 96 und die folgenden. Bei Verbrechen war, so gibt es \u00a7 1 Abs. 3 dieses <a href=\"https:\/\/www.verfassungen.de\/ddr\/strafgesetzbuch74.htm\" target=\"_blank\" rel=\"noopener\">Strafgesetzbuches<\/a> wieder, &#8230; war eine Mindestfreiheitsstrafe von zwei Jahren angedroht.<\/p>\n<p>&#8211; &#8222;<strong>Straftaten der allgemeinen Kriminalit\u00e4t<\/strong>&#8220; meint dann auch die in \u00a7 1 Abs. 2 des <a href=\"https:\/\/www.verfassungen.de\/ddr\/strafgesetzbuch74.htm\" target=\"_blank\" rel=\"noopener\">Strafgesetzbuches der DDR<\/a> genannten &#8222;Vergehen&#8220;, die mit Freiheitsstrafen bis zu zwei Jahren geahndet wurden, im besonders schweren Fall bis zu 8 Jahren. Hier &#8222;bearbeitete&#8220; das MfS vor allem die Normen des 2. Abschnittes des 8. Kapitels des <a href=\"https:\/\/www.verfassungen.de\/ddr\/strafgesetzbuch74.htm\" target=\"_blank\" rel=\"noopener\">Strafgesetzbuches der DDR,<\/a><br \/>\ndie &#8222;Straftaten gegen die staatliche und \u00f6ffentliche Ordnung&#8220;, \u00a7\u00a7 212 und folgende..<\/p>\n<p>\u00a7 1 Absatz 1 Nr. 1 des (heutigen) Gesetzes \u00fcber die Rehabilitierung und Entsch\u00e4digung von Opfern rechtsstaatswidriger Strafverfolgungsma\u00dfnahmen im Beitrittsgebiet (Strafrechtliches Rehabilitierungsgesetz &#8211; StrRehaG) <a href=\"https:\/\/www.gesetze-im-internet.de\/strrehag\/__1.html\" target=\"_blank\" rel=\"noopener\">vermutet unter a bis i per Gesetz, welche dieser Normen der politischen Verfolgung gedient haben.<\/a><\/p>\n<p>Nehmen wir das Beispiel des 17. Januar 1988:<\/p>\n<p>Eine Gruppe von DDR-Dissidenten nutzte die allj\u00e4hrliche Kranzniederlegung der SED-Oberen auf der<a href=\"https:\/\/www.berlin.de\/sehenswuerdigkeiten\/3559739-3558930-zentralfriedhof-friedrichsfelde.html\" target=\"_blank\" rel=\"noopener\"> &#8222;Gedenkst\u00e4tte der Sozialaisten&#8220;<\/a>, an den Gr\u00e4bern von Karl Liebknecht und Rosa Luxemburg. F\u00fcr ihre ganz eigene Demonstration. Nicht ohne\u00a0 die <a href=\"https:\/\/de.wikipedia.org\/wiki\/ARD\" target=\"_blank\" rel=\"noopener\">ARD<\/a> und weitere westliche Medien darauf aufmerksam zu machen.<\/p>\n<p>&#8222;Freiheit ist immer die Freiheit der Andersdenkenden&#8220; steht auf einem ihrer, vom Staatssicherheitsdienst beschlagnahmten Plakate.<\/p>\n<p><img decoding=\"async\" src=\"https:\/\/starke-meinungen.de\/blog\/wp-content\/uploads\/lux.jpg\" \/><\/p>\n<p><em>Bild oben: Das &#8222;Beweismittel&#8220;.<\/em><\/p>\n<p>Das Ministerium f\u00fcr Staatssicherheit <a href=\"https:\/\/www.jugendopposition.de\/themen\/145392\/luxemburg-liebknecht-demonstration\" target=\"_blank\" rel=\"noopener\">verhaftete vor und w\u00e4hrend der Demonstration rund 120 von ihnen.<\/a> Schlie\u00dflich ist die &#8222;Landesverr\u00e4terische Nachrichten\u00fcbermittlung&#8220;, \u00a7 99 des <a href=\"https:\/\/www.verfassungen.de\/ddr\/strafgesetzbuch74.htm\" target=\"_blank\" rel=\"noopener\">Strafgesetzbuches der DDR<\/a> und auch das eigene Agieren f\u00fcr diese westlichen Medien, die &#8222;Landesverr\u00e4terische Agentent\u00e4tigkeit&#8220;, \u00a7 100, &#8230; schlie\u00dflich sind dies oben genannte &#8222;Staatsverbrechen&#8220;.<\/p>\n<p>Ein Teil der Verhafteten wurde binnen Wochen gen Westen abgeschoben. Eine Neuerung des Jahres vor dem Ende der DDR-Diktatur, gewi\u00df. 7 Jahre zuvor waren Abschiebungen erst mindestens 1-j\u00e4hriger Haft &#8222;\u00fcblich&#8220;.<\/p>\n<p>F\u00fcr ehemalige politische Gefangene ist also die &#8222;Zersetzungsrichtlinie&#8220; eine Anleitung dazu, sie in die Haft zu bringen. In dieser war das Ministerium f\u00fcr Staatssicherheit dann mit \u00a7 88 Absatz 2 Nr. 2 der <a href=\"https:\/\/www.deutsche-digitale-bibliothek.de\/item\/FV7WCN54MUWE7AXNYRD54EQNAN77OJZ2\" target=\"_blank\" rel=\"noopener\">Strafprozessordnung der DDR<\/a> das polizeiliche &#8222;Untersuchungsorgan&#8220;.<\/p>\n<p>Tats\u00e4chlich wurden auch \u00fcber 90 % aller &#8222;Operativer Vorg\u00e4nge&#8220; mit einer Verhaftung und der Anordnung einer Untersuchungshaft &#8222;abgeschlossen&#8220;.<\/p>\n<h4>89er Dissidenten und die Richtlinie 1\/76<\/h4>\n<p>Als zweites Ziel nennt die Richtlinie als Aufgabe die<\/p>\n<p><a href=\"https:\/\/www.stasi-mediathek.de\/fileadmin\/pdf\/dok540.pdf\" target=\"_blank\" rel=\"noopener\">&#8222;Einleitung und Realisierung schadensverh\u00fctender und vorbeugender<\/a><br \/>\n<a href=\"https:\/\/www.stasi-mediathek.de\/fileadmin\/pdf\/dok540.pdf\" target=\"_blank\" rel=\"noopener\">Ma\u00dfnahmen&#8220;<\/a><\/p>\n<p><img decoding=\"async\" src=\"https:\/\/starke-meinungen.de\/blog\/wp-content\/uploads\/zersetzung4.jpg\" \/><\/p>\n<p>Das MfS war nicht nur ein beobachtender Dienst, sondern auch eine Polizei. Es suchte, die oben genannten &#8222;Straftaten&#8220; und auch weitere &#8222;Sch\u00e4den&#8220; von vornherein zu verhindern oder zuk\u00fcnftig zu verhindern.<\/p>\n<p>Dies geschah mit verdeckten Mitteln, der Verunsicherung von Personen, aber auch des Sch\u00fcrens von Mi\u00dftrauen, der &#8222;Zersetzung&#8220;. Meinungen und Ger\u00fcchte wurden in Umlauf gesetzt, um einen &#8222;Ruf&#8220; \u00fcber sie zu erzeugen.<\/p>\n<p>Um beim Beispiel oben zu bleiben:<\/p>\n<p>Sowohl die um den 17. Januar 1988 verhafteten und sp\u00e4ter gen Westen ausgereisten <a class=\"a-text-lemmata\" href=\"https:\/\/www.jugendopposition.de\/lexikon\/personen\/148189\/regina-auch-lotte-templin\" target=\"_blank\" rel=\"noopener\">Lotte<\/a> und <a class=\"a-text-lemmata\" href=\"https:\/\/www.jugendopposition.de\/lexikon\/personen\/148190\/wolfgang-templin\" target=\"_blank\" rel=\"noopener\">Wolfgang Templin<\/a>, als<a class=\"a-text-lemmata\" href=\"https:\/\/www.jugendopposition.de\/lexikon\/personen\/148075\/ralf-hirsch\"> auch Ralf Hirsch<\/a> und <a class=\"a-text-lemmata\" href=\"https:\/\/www.jugendopposition.de\/lexikon\/personen\/148100\/stephan-krawczyk\">Stephan Krawczyk<\/a>, und <a class=\"a-text-lemmata\" href=\"https:\/\/www.jugendopposition.de\/lexikon\/personen\/148112\/vera-lengsfeld\">Vera Wollenberger<\/a>, bekamen sofort &#8222;ihren Ruf weg&#8220;. Sie standen dann bei den im Osten Verbliebenen in dem Ruf, &#8222;sowieso nach dem Westen gewollt zu haben&#8220; und die Aktion &#8222;nur&#8220; zur Beschleunigung ihrer Ausreise veranstaltet zu haben.<\/p>\n<p>Die noch heute vorgetragenen Beteuerungen der Genannten, dass sie zur Ausreise gezwungen worden seien und dass ihnen anderenfalls eine mindestens zweij\u00e4hrige Haftstrafe unter dem Vorwurf einer &#8222;Landesverr\u00e4terischen Agentent\u00e4tigkeit&#8220;, \u00a7 100 des <a href=\"https:\/\/www.verfassungen.de\/ddr\/strafgesetzbuch74.htm\" target=\"_blank\" rel=\"noopener\">Strafgesetzbuches der DDR<\/a> gedroht h\u00e4tte, &#8230;<\/p>\n<p><img decoding=\"async\" src=\"https:\/\/starke-meinungen.de\/blog\/wp-content\/uploads\/verr.jpg\" \/><\/p>\n<p>Diese Beteuerungen zeigen, dass sie noch heute glauben, diesen Vorwurf abwehren zu m\u00fcssen, dass diese &#8222;Zersetzung&#8220; also bis heute wirkt.<\/p>\n<p>89er Dissidenten erinnern zu der oben genannten Richtlinie ausschliesslich <a href=\"https:\/\/www.bundesarchiv.de\/glossar\/detail\/zersetzung\/\" target=\"_blank\" rel=\"noopener\">dieser &#8222;<strong>Zersetzung<\/strong>&#8222;. Mein &#8222;Lieblingshistoriker&#8220; beschreibt dies zum Beispiel hier &#8230;<\/a><\/p>\n<h4>&#8222;Stasi-Zersetzungen&#8220; meiner Ansicht nach aber nicht das Hauptfeld von &#8222;Zersetzungen&#8220; in der DDR<\/h4>\n<p>Die in der 1976er <a href=\"https:\/\/www.stasi-mediathek.de\/fileadmin\/pdf\/dok540.pdf\" target=\"_blank\" rel=\"noopener\">&#8222;Zersetungsrichtlinie&#8220; <\/a>vom Ministerium f\u00fcr Staatssicherheit vorgezeichneten Angriffe auf die psychische Stabilit\u00e4t wurden wenige Jahre zuvor, zuerst in Skandinavien, als &#8222;<a href=\"https:\/\/de.wikipedia.org\/wiki\/Mobbing_(Arbeitsrecht)\" target=\"_blank\" rel=\"noopener\">Mobbing<\/a>&#8220; im Arbeitsverh\u00e4ltnis thematisiert.<\/p>\n<p>Dieses <a href=\"https:\/\/de.wikipedia.org\/wiki\/Mobbing_(Arbeitsrecht)\">Mobbing<\/a> gegen den Dissidenten am Arbeitsplatz &#8222;funktionierte&#8220; in einer DDR, in der \u00fcber 95 % aller Arbeitnehmer den Staat als mittelbaren oder unmittelbaren Arbeitgeber hatten, auch v\u00f6llig ohne Ministerium f\u00fcr Staatssicherheit.<\/p>\n<p><a href=\"http:\/\/www.michael-beleites.de\/\" target=\"_blank\" rel=\"noopener\">Michael Beleites<\/a> wies nach seinem Ausscheiden als <a href=\"https:\/\/lasd.landtag.sachsen.de\/de\" target=\"_blank\" rel=\"noopener\">S\u00e4chsischer Landesbeauftragter<\/a> 2010 darauf hin, dass es nicht so sehr &#8222;die Stasi&#8220;, sondern viel st\u00e4rker seine Dienstvorgesetzte in der Arbeit am Naturkundemuseum in Gera war, welche seine <a href=\"https:\/\/www.wise-uranium.org\/uwispb.html\" target=\"_blank\" rel=\"noopener\">1986er Recherchen zu den Folgen des Uranabbaus<\/a> in der DDR zu st\u00f6ren suchte. Dar\u00fcber allerdings hatte dieselbe keine Akten gef\u00fchrt.<\/p>\n<p>Es war vor allem diese Erfahrung um das politische Staatsmobbing am Arbeitsplatz, der Dissidenten dazu veranlasste, eine Arbeit unter dem Dach der Kirche zu suchen.<\/p>\n<h4>Und nicht zuletzt: Emigranten sind immer eine Entt\u00e4uschung f\u00fcr die Zur\u00fcckgebliebenen<\/h4>\n<p>Darauf konnten alle DDR-Ministerien und auch das Ministerium f\u00fcr Staatssicherheit zur\u00fcckgreifen: Wer wegging, schmerzte.<\/p>\n<p><a href=\"https:\/\/www.youtube.com\/watch?v=SIRV-NdUvi8\" target=\"_blank\" rel=\"noopener\">Bettina Wegener hat diesen Schmerz einmal so besungen:<\/a><\/p>\n<p><a href=\"https:\/\/www.youtube.com\/watch?v=SIRV-NdUvi8\" target=\"_blank\" rel=\"noopener\"><em>Es sind so viele von uns weggegangen<\/em><\/a><br \/>\n<em>ach h\u00e4tte niemals niemand damit angefangen<\/em><br \/>\n<em>Trauer und Wut, das hat euch weggetrieben<\/em><br \/>\n<em>Mensch, w\u00e4re das sch\u00f6n, ihr w\u00e4ret alle hiergeblieben<\/em><br \/>\n<em>bei euch, bei uns und auch bei mir.<\/em><\/p>\n<p><em>Stille Statistik wird sich jetzt mit euch befassen<\/em><br \/>\n<em>und doch habt ihr ein bi\u00dfchen mehr verlassen<\/em><br \/>\n<em>als euren Zorn und eure Bitterkeit<\/em><br \/>\n<em>das Viel an Unrecht und Verlogenheit<\/em><br \/>\n<em>da war noch andres, das lohnte, hier zu bleiben.<\/em><\/p>\n<p><em>Ich meine alle, die euch wirklich brauchen<\/em><br \/>\n<em>und jetzt in ihrer Trauer untertauchen<\/em><br \/>\n<em>die euch noch folgen werden auf die gleiche Reise<\/em><br \/>\n<em>und die hier bleiben, sterben still und leise<\/em><br \/>\n<em>an euch, an uns und an sich selber auch.<\/em><\/p>\n<p>&nbsp;<\/p>\n<p>_______________________________________________<\/p>\n<h4>Noch mehr Aufarbeitung:<\/h4>\n<h4>&#8222;Aufgearbeitet&#8220;: <a href=\"https:\/\/starke-meinungen.de\/blog\/2025\/08\/04\/aufgearbeitete-ddr-vergangenheit-1-das-ddr-bild-in-der-bonner-republik\/\" target=\"_blank\" rel=\"noopener\">(1) Das DDR-Bild der Bonner Republik<\/a><\/h4>\n<h4>&#8222;Aufgearbeitet&#8220;: <a href=\"https:\/\/starke-meinungen.de\/blog\/2025\/08\/06\/aufgearbeitet-2-das-gaucken-als-laeusekamm\/\" target=\"_blank\" rel=\"noopener\">(2) Das \u201eGaucken\u201c als L\u00e4usekamm<\/a><\/h4>\n<h4>\u201eAufgearbeitet\u201c: <a href=\"https:\/\/starke-meinungen.de\/blog\/2025\/08\/12\/aufgearbeitet-4-1998-der-wiederaufstieg-der-sed-pds-linke-und-die-gruendung-der-bundesstiftung-zur-aufarbeitung-der-sed-diktatur\/\" target=\"_blank\" rel=\"noopener\">(4) 1998, der Wiederaufstieg der SED\/PDS\/LINKE und die Gr\u00fcndung der Bundesstiftung zur Aufarbeitung der SED-Diktatur<\/a><\/h4>\n<h4 class=\"entry-title\">\u201eAufgearbeitet\u201c: <a href=\"https:\/\/starke-meinungen.de\/blog\/2025\/08\/25\/aufgearbeitet-5-landesbeauftragte\/\" target=\"_blank\" rel=\"noopener\">(5) Landesbeauftragte<\/a><\/h4>\n<h4 class=\"entry-title\"><strong>\u201eAufgearbeitet\u201c: <a href=\"https:\/\/starke-meinungen.de\/blog\/2025\/08\/29\/aufgearbeitet-6-alles-opfer-oder-was\/\" target=\"_blank\" rel=\"noopener\">(6) Alles Opfer, oder was ?<\/a><\/strong><\/h4>\n<h4><strong>&#8222;Aufgearbeitet&#8220;: <a href=\"https:\/\/starke-meinungen.de\/blog\/2025\/09\/02\/aufgearbeitet-7-die-gegenbilder\/\" target=\"_blank\" rel=\"noopener\">(7) Die Gegenbilder<\/a><\/strong><\/h4>\n<p>&nbsp;<\/p>\n<h4 class=\"entry-title\"><\/h4>\n<p>&nbsp;<\/p>\n<p>&nbsp;<\/p>\n<p>&nbsp;<\/p>\n<p>&nbsp;<\/p>\n<div class=\"shariff shariff-align-left shariff-widget-align-left shariff-buttonstretch\" style=\"display:none\"><ul class=\"shariff-buttons theme-white orientation-horizontal buttonsize-medium\"><li class=\"shariff-button facebook shariff-nocustomcolor\" style=\"background-color:#4273c8\"><a href=\"https:\/\/www.facebook.com\/sharer\/sharer.php?u=https%3A%2F%2Fstarke-meinungen.de%2Fblog%2F2025%2F08%2F08%2Faufgearbeitet-3-gegangene-und-gebliebene-zwei-ddr-bilder%2F\" title=\"Bei Facebook teilen\" aria-label=\"Bei Facebook teilen\" role=\"button\" rel=\"nofollow\" class=\"shariff-link\" style=\"; background-color:#3b5998; color:#3b5998\" target=\"_blank\"><span class=\"shariff-icon\" style=\"fill:#3b5998\"><svg width=\"32px\" height=\"20px\" xmlns=\"http:\/\/www.w3.org\/2000\/svg\" viewBox=\"0 0 18 32\"><path fill=\"#3b5998\" d=\"M17.1 0.2v4.7h-2.8q-1.5 0-2.1 0.6t-0.5 1.9v3.4h5.2l-0.7 5.3h-4.5v13.6h-5.5v-13.6h-4.5v-5.3h4.5v-3.9q0-3.3 1.9-5.2t5-1.8q2.6 0 4.1 0.2z\"\/><\/svg><\/span><span class=\"shariff-text\" style=\"color:#3b5998\">teilen<\/span>&nbsp;<\/a><\/li><li class=\"shariff-button twitter shariff-nocustomcolor\" style=\"background-color:#595959\"><a href=\"https:\/\/twitter.com\/share?url=https%3A%2F%2Fstarke-meinungen.de%2Fblog%2F2025%2F08%2F08%2Faufgearbeitet-3-gegangene-und-gebliebene-zwei-ddr-bilder%2F&text=%E2%80%9EAufgearbeitet%E2%80%9C%3A%20%283%29%20Gegangene%20und%20Gebliebene%20%E2%80%93%20zwei%20DDR-Bilder&via=starkemeinungen\" title=\"Bei X teilen\" aria-label=\"Bei X teilen\" role=\"button\" rel=\"noopener nofollow\" class=\"shariff-link\" style=\"; background-color:#000; color:#000\" target=\"_blank\"><span class=\"shariff-icon\" style=\"fill:#000\"><svg width=\"32px\" height=\"20px\" xmlns=\"http:\/\/www.w3.org\/2000\/svg\" viewBox=\"0 0 24 24\"><path fill=\"#000\" d=\"M14.258 10.152L23.176 0h-2.113l-7.747 8.813L7.133 0H0l9.352 13.328L0 23.973h2.113l8.176-9.309 6.531 9.309h7.133zm-2.895 3.293l-.949-1.328L2.875 1.56h3.246l6.086 8.523.945 1.328 7.91 11.078h-3.246zm0 0\"\/><\/svg><\/span><span class=\"shariff-text\" style=\"color:#000\">teilen<\/span>&nbsp;<\/a><\/li><li class=\"shariff-button linkedin shariff-nocustomcolor\" style=\"background-color:#1488bf\"><a href=\"https:\/\/www.linkedin.com\/sharing\/share-offsite\/?url=https%3A%2F%2Fstarke-meinungen.de%2Fblog%2F2025%2F08%2F08%2Faufgearbeitet-3-gegangene-und-gebliebene-zwei-ddr-bilder%2F\" title=\"Bei LinkedIn teilen\" aria-label=\"Bei LinkedIn teilen\" role=\"button\" rel=\"noopener nofollow\" class=\"shariff-link\" style=\"; background-color:#0077b5; color:#0077b5\" target=\"_blank\"><span class=\"shariff-icon\" style=\"fill:#0077b5\"><svg width=\"32px\" height=\"20px\" xmlns=\"http:\/\/www.w3.org\/2000\/svg\" viewBox=\"0 0 27 32\"><path fill=\"#0077b5\" d=\"M6.2 11.2v17.7h-5.9v-17.7h5.9zM6.6 5.7q0 1.3-0.9 2.2t-2.4 0.9h0q-1.5 0-2.4-0.9t-0.9-2.2 0.9-2.2 2.4-0.9 2.4 0.9 0.9 2.2zM27.4 18.7v10.1h-5.9v-9.5q0-1.9-0.7-2.9t-2.3-1.1q-1.1 0-1.9 0.6t-1.2 1.5q-0.2 0.5-0.2 1.4v9.9h-5.9q0-7.1 0-11.6t0-5.3l0-0.9h5.9v2.6h0q0.4-0.6 0.7-1t1-0.9 1.6-0.8 2-0.3q3 0 4.9 2t1.9 6z\"\/><\/svg><\/span><span class=\"shariff-text\" style=\"color:#0077b5\">teilen<\/span>&nbsp;<\/a><\/li><li class=\"shariff-button xing shariff-nocustomcolor\" style=\"background-color:#29888a\"><a href=\"https:\/\/www.xing.com\/spi\/shares\/new?url=https%3A%2F%2Fstarke-meinungen.de%2Fblog%2F2025%2F08%2F08%2Faufgearbeitet-3-gegangene-und-gebliebene-zwei-ddr-bilder%2F\" title=\"Bei XING teilen\" aria-label=\"Bei XING teilen\" role=\"button\" rel=\"noopener nofollow\" class=\"shariff-link\" style=\"; background-color:#126567; color:#126567\" target=\"_blank\"><span class=\"shariff-icon\" style=\"fill:#126567\"><svg width=\"32px\" height=\"20px\" xmlns=\"http:\/\/www.w3.org\/2000\/svg\" viewBox=\"0 0 25 32\"><path fill=\"#126567\" d=\"M10.7 11.9q-0.2 0.3-4.6 8.2-0.5 0.8-1.2 0.8h-4.3q-0.4 0-0.5-0.3t0-0.6l4.5-8q0 0 0 0l-2.9-5q-0.2-0.4 0-0.7 0.2-0.3 0.5-0.3h4.3q0.7 0 1.2 0.8zM25.1 0.4q0.2 0.3 0 0.7l-9.4 16.7 6 11q0.2 0.4 0 0.6-0.2 0.3-0.6 0.3h-4.3q-0.7 0-1.2-0.8l-6-11.1q0.3-0.6 9.5-16.8 0.4-0.8 1.2-0.8h4.3q0.4 0 0.5 0.3z\"\/><\/svg><\/span><span class=\"shariff-text\" style=\"color:#126567\">teilen<\/span>&nbsp;<\/a><\/li><li class=\"shariff-button whatsapp shariff-nocustomcolor\" style=\"background-color:#5cbe4a\"><a href=\"https:\/\/api.whatsapp.com\/send?text=https%3A%2F%2Fstarke-meinungen.de%2Fblog%2F2025%2F08%2F08%2Faufgearbeitet-3-gegangene-und-gebliebene-zwei-ddr-bilder%2F%20%E2%80%9EAufgearbeitet%E2%80%9C%3A%20%283%29%20Gegangene%20und%20Gebliebene%20%E2%80%93%20zwei%20DDR-Bilder\" title=\"Bei Whatsapp teilen\" aria-label=\"Bei Whatsapp teilen\" role=\"button\" rel=\"noopener nofollow\" class=\"shariff-link\" style=\"; background-color:#34af23; color:#34af23\" target=\"_blank\"><span class=\"shariff-icon\" style=\"fill:#34af23\"><svg width=\"32px\" height=\"20px\" xmlns=\"http:\/\/www.w3.org\/2000\/svg\" viewBox=\"0 0 32 32\"><path fill=\"#34af23\" d=\"M17.6 17.4q0.2 0 1.7 0.8t1.6 0.9q0 0.1 0 0.3 0 0.6-0.3 1.4-0.3 0.7-1.3 1.2t-1.8 0.5q-1 0-3.4-1.1-1.7-0.8-3-2.1t-2.6-3.3q-1.3-1.9-1.3-3.5v-0.1q0.1-1.6 1.3-2.8 0.4-0.4 0.9-0.4 0.1 0 0.3 0t0.3 0q0.3 0 0.5 0.1t0.3 0.5q0.1 0.4 0.6 1.6t0.4 1.3q0 0.4-0.6 1t-0.6 0.8q0 0.1 0.1 0.3 0.6 1.3 1.8 2.4 1 0.9 2.7 1.8 0.2 0.1 0.4 0.1 0.3 0 1-0.9t0.9-0.9zM14 26.9q2.3 0 4.3-0.9t3.6-2.4 2.4-3.6 0.9-4.3-0.9-4.3-2.4-3.6-3.6-2.4-4.3-0.9-4.3 0.9-3.6 2.4-2.4 3.6-0.9 4.3q0 3.6 2.1 6.6l-1.4 4.2 4.3-1.4q2.8 1.9 6.2 1.9zM14 2.2q2.7 0 5.2 1.1t4.3 2.9 2.9 4.3 1.1 5.2-1.1 5.2-2.9 4.3-4.3 2.9-5.2 1.1q-3.5 0-6.5-1.7l-7.4 2.4 2.4-7.2q-1.9-3.2-1.9-6.9 0-2.7 1.1-5.2t2.9-4.3 4.3-2.9 5.2-1.1z\"\/><\/svg><\/span><span class=\"shariff-text\" style=\"color:#34af23\">teilen<\/span>&nbsp;<\/a><\/li><li class=\"shariff-button info shariff-nocustomcolor\" style=\"background-color:#a8a8a8\"><a href=\"http:\/\/ct.de\/-2467514\" title=\"Weitere Informationen\" aria-label=\"Weitere Informationen\" role=\"button\" rel=\"noopener \" class=\"shariff-link\" style=\"; background-color:#999; color:#999\" target=\"_blank\"><span class=\"shariff-icon\" style=\"fill:#999\"><svg width=\"32px\" height=\"20px\" xmlns=\"http:\/\/www.w3.org\/2000\/svg\" viewBox=\"0 0 11 32\"><path fill=\"#999\" d=\"M11.4 24v2.3q0 0.5-0.3 0.8t-0.8 0.4h-9.1q-0.5 0-0.8-0.4t-0.4-0.8v-2.3q0-0.5 0.4-0.8t0.8-0.4h1.1v-6.8h-1.1q-0.5 0-0.8-0.4t-0.4-0.8v-2.3q0-0.5 0.4-0.8t0.8-0.4h6.8q0.5 0 0.8 0.4t0.4 0.8v10.3h1.1q0.5 0 0.8 0.4t0.3 0.8zM9.2 3.4v3.4q0 0.5-0.4 0.8t-0.8 0.4h-4.6q-0.4 0-0.8-0.4t-0.4-0.8v-3.4q0-0.4 0.4-0.8t0.8-0.4h4.6q0.5 0 0.8 0.4t0.4 0.8z\"\/><\/svg><\/span><\/a><\/li><\/ul><\/div>","protected":false},"excerpt":{"rendered":"<p>&#8222;There is much talk today in Germany about the AUFARBEITUNG (literally, the &gt;&gt;working over&lt;&lt;) of its recent history \u2013 a very German word that is usually translated as &gt;&gt;coming to terms with the past&lt;&lt; (on whose terms?) but that also evokes Freudian connotations of working out the personal impact and significance of events hitherto repressed, and that, in a more&#8230; <a href=\"https:\/\/starke-meinungen.de\/blog\/2025\/08\/08\/aufgearbeitet-3-gegangene-und-gebliebene-zwei-ddr-bilder\/\">Weiterlesen &raquo;<\/a><\/p>\n","protected":false},"author":58,"featured_media":0,"comment_status":"open","ping_status":"open","sticky":false,"template":"","format":"standard","meta":{"footnotes":""},"categories":[1],"tags":[],"class_list":["post-14474","post","type-post","status-publish","format-standard","hentry","category-allgemein"],"yoast_head":"<!-- This site is optimized with the Yoast SEO plugin v27.5 - https:\/\/yoast.com\/product\/yoast-seo-wordpress\/ -->\n<title>&quot;Aufgearbeitet&quot;: (3) Gegangene und Gebliebene - zwei DDR-Bilder - starke-meinungen.de<\/title>\n<meta name=\"robots\" content=\"index, follow, max-snippet:-1, max-image-preview:large, max-video-preview:-1\" \/>\n<link rel=\"canonical\" href=\"https:\/\/starke-meinungen.de\/blog\/2025\/08\/08\/aufgearbeitet-3-gegangene-und-gebliebene-zwei-ddr-bilder\/\" \/>\n<meta property=\"og:locale\" content=\"de_DE\" \/>\n<meta property=\"og:type\" content=\"article\" \/>\n<meta property=\"og:title\" content=\"&quot;Aufgearbeitet&quot;: (3) Gegangene und Gebliebene - zwei DDR-Bilder - starke-meinungen.de\" \/>\n<meta property=\"og:description\" content=\"&#8222;There is much talk today in Germany about the AUFARBEITUNG (literally, the &gt;&gt;working over&lt;&lt;) of its recent history \u2013 a very German word that is usually translated as &gt;&gt;coming to terms with the past&lt;&lt; (on whose terms?) but that also evokes Freudian connotations of working out the personal impact and significance of events hitherto repressed, and that, in a more... Weiterlesen &raquo;\" \/>\n<meta property=\"og:url\" content=\"https:\/\/starke-meinungen.de\/blog\/2025\/08\/08\/aufgearbeitet-3-gegangene-und-gebliebene-zwei-ddr-bilder\/\" \/>\n<meta property=\"og:site_name\" content=\"starke-meinungen.de\" \/>\n<meta property=\"article:publisher\" content=\"https:\/\/www.facebook.com\/starkemeinungen\/\" \/>\n<meta property=\"article:published_time\" content=\"2025-08-08T18:18:43+00:00\" \/>\n<meta property=\"article:modified_time\" content=\"2025-10-01T12:41:30+00:00\" \/>\n<meta property=\"og:image\" content=\"https:\/\/starke-meinungen.de\/blog\/wp-content\/uploads\/3.Oktober.jpg\" \/>\n<meta name=\"author\" content=\"Bodo Walther\" \/>\n<meta name=\"twitter:card\" content=\"summary_large_image\" \/>\n<meta name=\"twitter:creator\" content=\"@starkemeinungen\" \/>\n<meta name=\"twitter:site\" content=\"@starkemeinungen\" \/>\n<meta name=\"twitter:label1\" content=\"Verfasst von\" \/>\n\t<meta name=\"twitter:data1\" content=\"Bodo Walther\" \/>\n\t<meta name=\"twitter:label2\" content=\"Gesch\u00e4tzte Lesezeit\" \/>\n\t<meta name=\"twitter:data2\" content=\"11\u00a0Minuten\" \/>\n<script type=\"application\/ld+json\" class=\"yoast-schema-graph\">{\"@context\":\"https:\\\/\\\/schema.org\",\"@graph\":[{\"@type\":\"Article\",\"@id\":\"https:\\\/\\\/starke-meinungen.de\\\/blog\\\/2025\\\/08\\\/08\\\/aufgearbeitet-3-gegangene-und-gebliebene-zwei-ddr-bilder\\\/#article\",\"isPartOf\":{\"@id\":\"https:\\\/\\\/starke-meinungen.de\\\/blog\\\/2025\\\/08\\\/08\\\/aufgearbeitet-3-gegangene-und-gebliebene-zwei-ddr-bilder\\\/\"},\"author\":{\"name\":\"Bodo Walther\",\"@id\":\"https:\\\/\\\/starke-meinungen.de\\\/blog\\\/#\\\/schema\\\/person\\\/c09813e9c9af72d43aa64f379b8b92b8\"},\"headline\":\"&#8222;Aufgearbeitet&#8220;: (3) Gegangene und Gebliebene &#8211; zwei DDR-Bilder\",\"datePublished\":\"2025-08-08T18:18:43+00:00\",\"dateModified\":\"2025-10-01T12:41:30+00:00\",\"mainEntityOfPage\":{\"@id\":\"https:\\\/\\\/starke-meinungen.de\\\/blog\\\/2025\\\/08\\\/08\\\/aufgearbeitet-3-gegangene-und-gebliebene-zwei-ddr-bilder\\\/\"},\"wordCount\":1697,\"commentCount\":0,\"publisher\":{\"@id\":\"https:\\\/\\\/starke-meinungen.de\\\/blog\\\/#organization\"},\"image\":{\"@id\":\"https:\\\/\\\/starke-meinungen.de\\\/blog\\\/2025\\\/08\\\/08\\\/aufgearbeitet-3-gegangene-und-gebliebene-zwei-ddr-bilder\\\/#primaryimage\"},\"thumbnailUrl\":\"https:\\\/\\\/starke-meinungen.de\\\/blog\\\/wp-content\\\/uploads\\\/3.Oktober.jpg\",\"inLanguage\":\"de\",\"potentialAction\":[{\"@type\":\"CommentAction\",\"name\":\"Comment\",\"target\":[\"https:\\\/\\\/starke-meinungen.de\\\/blog\\\/2025\\\/08\\\/08\\\/aufgearbeitet-3-gegangene-und-gebliebene-zwei-ddr-bilder\\\/#respond\"]}]},{\"@type\":\"WebPage\",\"@id\":\"https:\\\/\\\/starke-meinungen.de\\\/blog\\\/2025\\\/08\\\/08\\\/aufgearbeitet-3-gegangene-und-gebliebene-zwei-ddr-bilder\\\/\",\"url\":\"https:\\\/\\\/starke-meinungen.de\\\/blog\\\/2025\\\/08\\\/08\\\/aufgearbeitet-3-gegangene-und-gebliebene-zwei-ddr-bilder\\\/\",\"name\":\"\\\"Aufgearbeitet\\\": (3) Gegangene und Gebliebene - zwei DDR-Bilder - starke-meinungen.de\",\"isPartOf\":{\"@id\":\"https:\\\/\\\/starke-meinungen.de\\\/blog\\\/#website\"},\"primaryImageOfPage\":{\"@id\":\"https:\\\/\\\/starke-meinungen.de\\\/blog\\\/2025\\\/08\\\/08\\\/aufgearbeitet-3-gegangene-und-gebliebene-zwei-ddr-bilder\\\/#primaryimage\"},\"image\":{\"@id\":\"https:\\\/\\\/starke-meinungen.de\\\/blog\\\/2025\\\/08\\\/08\\\/aufgearbeitet-3-gegangene-und-gebliebene-zwei-ddr-bilder\\\/#primaryimage\"},\"thumbnailUrl\":\"https:\\\/\\\/starke-meinungen.de\\\/blog\\\/wp-content\\\/uploads\\\/3.Oktober.jpg\",\"datePublished\":\"2025-08-08T18:18:43+00:00\",\"dateModified\":\"2025-10-01T12:41:30+00:00\",\"breadcrumb\":{\"@id\":\"https:\\\/\\\/starke-meinungen.de\\\/blog\\\/2025\\\/08\\\/08\\\/aufgearbeitet-3-gegangene-und-gebliebene-zwei-ddr-bilder\\\/#breadcrumb\"},\"inLanguage\":\"de\",\"potentialAction\":[{\"@type\":\"ReadAction\",\"target\":[\"https:\\\/\\\/starke-meinungen.de\\\/blog\\\/2025\\\/08\\\/08\\\/aufgearbeitet-3-gegangene-und-gebliebene-zwei-ddr-bilder\\\/\"]}]},{\"@type\":\"ImageObject\",\"inLanguage\":\"de\",\"@id\":\"https:\\\/\\\/starke-meinungen.de\\\/blog\\\/2025\\\/08\\\/08\\\/aufgearbeitet-3-gegangene-und-gebliebene-zwei-ddr-bilder\\\/#primaryimage\",\"url\":\"https:\\\/\\\/starke-meinungen.de\\\/blog\\\/wp-content\\\/uploads\\\/3.Oktober.jpg\",\"contentUrl\":\"https:\\\/\\\/starke-meinungen.de\\\/blog\\\/wp-content\\\/uploads\\\/3.Oktober.jpg\",\"width\":1074,\"height\":1208},{\"@type\":\"BreadcrumbList\",\"@id\":\"https:\\\/\\\/starke-meinungen.de\\\/blog\\\/2025\\\/08\\\/08\\\/aufgearbeitet-3-gegangene-und-gebliebene-zwei-ddr-bilder\\\/#breadcrumb\",\"itemListElement\":[{\"@type\":\"ListItem\",\"position\":1,\"name\":\"Startseite\",\"item\":\"https:\\\/\\\/starke-meinungen.de\\\/blog\\\/\"},{\"@type\":\"ListItem\",\"position\":2,\"name\":\"&#8222;Aufgearbeitet&#8220;: (3) Gegangene und Gebliebene &#8211; zwei DDR-Bilder\"}]},{\"@type\":\"WebSite\",\"@id\":\"https:\\\/\\\/starke-meinungen.de\\\/blog\\\/#website\",\"url\":\"https:\\\/\\\/starke-meinungen.de\\\/blog\\\/\",\"name\":\"starke-meinungen.de\",\"description\":\"Autoren-Blog\",\"publisher\":{\"@id\":\"https:\\\/\\\/starke-meinungen.de\\\/blog\\\/#organization\"},\"potentialAction\":[{\"@type\":\"SearchAction\",\"target\":{\"@type\":\"EntryPoint\",\"urlTemplate\":\"https:\\\/\\\/starke-meinungen.de\\\/blog\\\/?s={search_term_string}\"},\"query-input\":{\"@type\":\"PropertyValueSpecification\",\"valueRequired\":true,\"valueName\":\"search_term_string\"}}],\"inLanguage\":\"de\"},{\"@type\":\"Organization\",\"@id\":\"https:\\\/\\\/starke-meinungen.de\\\/blog\\\/#organization\",\"name\":\"starke-meinungen.de\",\"url\":\"https:\\\/\\\/starke-meinungen.de\\\/blog\\\/\",\"logo\":{\"@type\":\"ImageObject\",\"inLanguage\":\"de\",\"@id\":\"https:\\\/\\\/starke-meinungen.de\\\/blog\\\/#\\\/schema\\\/logo\\\/image\\\/\",\"url\":\"https:\\\/\\\/starke-meinungen.de\\\/blog\\\/wp-content\\\/uploads\\\/starke-meinungen-fb-header.jpg\",\"contentUrl\":\"https:\\\/\\\/starke-meinungen.de\\\/blog\\\/wp-content\\\/uploads\\\/starke-meinungen-fb-header.jpg\",\"width\":1200,\"height\":630,\"caption\":\"starke-meinungen.de\"},\"image\":{\"@id\":\"https:\\\/\\\/starke-meinungen.de\\\/blog\\\/#\\\/schema\\\/logo\\\/image\\\/\"},\"sameAs\":[\"https:\\\/\\\/www.facebook.com\\\/starkemeinungen\\\/\",\"https:\\\/\\\/x.com\\\/starkemeinungen\"]},{\"@type\":\"Person\",\"@id\":\"https:\\\/\\\/starke-meinungen.de\\\/blog\\\/#\\\/schema\\\/person\\\/c09813e9c9af72d43aa64f379b8b92b8\",\"name\":\"Bodo Walther\",\"image\":{\"@type\":\"ImageObject\",\"inLanguage\":\"de\",\"@id\":\"https:\\\/\\\/secure.gravatar.com\\\/avatar\\\/3c9d5c7a3feb37b6976cfee946f7618756dcd05cbae8960f1b19091e547f7e57?s=96&d=mm&r=g\",\"url\":\"https:\\\/\\\/secure.gravatar.com\\\/avatar\\\/3c9d5c7a3feb37b6976cfee946f7618756dcd05cbae8960f1b19091e547f7e57?s=96&d=mm&r=g\",\"contentUrl\":\"https:\\\/\\\/secure.gravatar.com\\\/avatar\\\/3c9d5c7a3feb37b6976cfee946f7618756dcd05cbae8960f1b19091e547f7e57?s=96&d=mm&r=g\",\"caption\":\"Bodo Walther\"},\"description\":\"Bodo Walther, geboren 1960 in Wei\u00dfenfels im heutigen Sachsen-Anhalt, studierte 1985 bis 1991 Rechtswissenschaften in T\u00fcbingen und Bonn. Er war aktiver Landes- und Kommunalbeamter in Sachsen-Anhalt, ist heute im Ruhestand und Anwalt in der N\u00e4he von Leipzig.\",\"url\":\"https:\\\/\\\/starke-meinungen.de\\\/blog\\\/author\\\/walther\\\/\"}]}<\/script>\n<!-- \/ Yoast SEO plugin. -->","yoast_head_json":{"title":"\"Aufgearbeitet\": (3) Gegangene und Gebliebene - zwei DDR-Bilder - starke-meinungen.de","robots":{"index":"index","follow":"follow","max-snippet":"max-snippet:-1","max-image-preview":"max-image-preview:large","max-video-preview":"max-video-preview:-1"},"canonical":"https:\/\/starke-meinungen.de\/blog\/2025\/08\/08\/aufgearbeitet-3-gegangene-und-gebliebene-zwei-ddr-bilder\/","og_locale":"de_DE","og_type":"article","og_title":"\"Aufgearbeitet\": (3) Gegangene und Gebliebene - zwei DDR-Bilder - starke-meinungen.de","og_description":"&#8222;There is much talk today in Germany about the AUFARBEITUNG (literally, the &gt;&gt;working over&lt;&lt;) of its recent history \u2013 a very German word that is usually translated as &gt;&gt;coming to terms with the past&lt;&lt; (on whose terms?) but that also evokes Freudian connotations of working out the personal impact and significance of events hitherto repressed, and that, in a more... Weiterlesen &raquo;","og_url":"https:\/\/starke-meinungen.de\/blog\/2025\/08\/08\/aufgearbeitet-3-gegangene-und-gebliebene-zwei-ddr-bilder\/","og_site_name":"starke-meinungen.de","article_publisher":"https:\/\/www.facebook.com\/starkemeinungen\/","article_published_time":"2025-08-08T18:18:43+00:00","article_modified_time":"2025-10-01T12:41:30+00:00","og_image":[{"url":"https:\/\/starke-meinungen.de\/blog\/wp-content\/uploads\/3.Oktober.jpg","type":"","width":"","height":""}],"author":"Bodo Walther","twitter_card":"summary_large_image","twitter_creator":"@starkemeinungen","twitter_site":"@starkemeinungen","twitter_misc":{"Verfasst von":"Bodo Walther","Gesch\u00e4tzte Lesezeit":"11\u00a0Minuten"},"schema":{"@context":"https:\/\/schema.org","@graph":[{"@type":"Article","@id":"https:\/\/starke-meinungen.de\/blog\/2025\/08\/08\/aufgearbeitet-3-gegangene-und-gebliebene-zwei-ddr-bilder\/#article","isPartOf":{"@id":"https:\/\/starke-meinungen.de\/blog\/2025\/08\/08\/aufgearbeitet-3-gegangene-und-gebliebene-zwei-ddr-bilder\/"},"author":{"name":"Bodo Walther","@id":"https:\/\/starke-meinungen.de\/blog\/#\/schema\/person\/c09813e9c9af72d43aa64f379b8b92b8"},"headline":"&#8222;Aufgearbeitet&#8220;: (3) Gegangene und Gebliebene &#8211; zwei DDR-Bilder","datePublished":"2025-08-08T18:18:43+00:00","dateModified":"2025-10-01T12:41:30+00:00","mainEntityOfPage":{"@id":"https:\/\/starke-meinungen.de\/blog\/2025\/08\/08\/aufgearbeitet-3-gegangene-und-gebliebene-zwei-ddr-bilder\/"},"wordCount":1697,"commentCount":0,"publisher":{"@id":"https:\/\/starke-meinungen.de\/blog\/#organization"},"image":{"@id":"https:\/\/starke-meinungen.de\/blog\/2025\/08\/08\/aufgearbeitet-3-gegangene-und-gebliebene-zwei-ddr-bilder\/#primaryimage"},"thumbnailUrl":"https:\/\/starke-meinungen.de\/blog\/wp-content\/uploads\/3.Oktober.jpg","inLanguage":"de","potentialAction":[{"@type":"CommentAction","name":"Comment","target":["https:\/\/starke-meinungen.de\/blog\/2025\/08\/08\/aufgearbeitet-3-gegangene-und-gebliebene-zwei-ddr-bilder\/#respond"]}]},{"@type":"WebPage","@id":"https:\/\/starke-meinungen.de\/blog\/2025\/08\/08\/aufgearbeitet-3-gegangene-und-gebliebene-zwei-ddr-bilder\/","url":"https:\/\/starke-meinungen.de\/blog\/2025\/08\/08\/aufgearbeitet-3-gegangene-und-gebliebene-zwei-ddr-bilder\/","name":"\"Aufgearbeitet\": (3) Gegangene und Gebliebene - zwei DDR-Bilder - starke-meinungen.de","isPartOf":{"@id":"https:\/\/starke-meinungen.de\/blog\/#website"},"primaryImageOfPage":{"@id":"https:\/\/starke-meinungen.de\/blog\/2025\/08\/08\/aufgearbeitet-3-gegangene-und-gebliebene-zwei-ddr-bilder\/#primaryimage"},"image":{"@id":"https:\/\/starke-meinungen.de\/blog\/2025\/08\/08\/aufgearbeitet-3-gegangene-und-gebliebene-zwei-ddr-bilder\/#primaryimage"},"thumbnailUrl":"https:\/\/starke-meinungen.de\/blog\/wp-content\/uploads\/3.Oktober.jpg","datePublished":"2025-08-08T18:18:43+00:00","dateModified":"2025-10-01T12:41:30+00:00","breadcrumb":{"@id":"https:\/\/starke-meinungen.de\/blog\/2025\/08\/08\/aufgearbeitet-3-gegangene-und-gebliebene-zwei-ddr-bilder\/#breadcrumb"},"inLanguage":"de","potentialAction":[{"@type":"ReadAction","target":["https:\/\/starke-meinungen.de\/blog\/2025\/08\/08\/aufgearbeitet-3-gegangene-und-gebliebene-zwei-ddr-bilder\/"]}]},{"@type":"ImageObject","inLanguage":"de","@id":"https:\/\/starke-meinungen.de\/blog\/2025\/08\/08\/aufgearbeitet-3-gegangene-und-gebliebene-zwei-ddr-bilder\/#primaryimage","url":"https:\/\/starke-meinungen.de\/blog\/wp-content\/uploads\/3.Oktober.jpg","contentUrl":"https:\/\/starke-meinungen.de\/blog\/wp-content\/uploads\/3.Oktober.jpg","width":1074,"height":1208},{"@type":"BreadcrumbList","@id":"https:\/\/starke-meinungen.de\/blog\/2025\/08\/08\/aufgearbeitet-3-gegangene-und-gebliebene-zwei-ddr-bilder\/#breadcrumb","itemListElement":[{"@type":"ListItem","position":1,"name":"Startseite","item":"https:\/\/starke-meinungen.de\/blog\/"},{"@type":"ListItem","position":2,"name":"&#8222;Aufgearbeitet&#8220;: (3) Gegangene und Gebliebene &#8211; zwei DDR-Bilder"}]},{"@type":"WebSite","@id":"https:\/\/starke-meinungen.de\/blog\/#website","url":"https:\/\/starke-meinungen.de\/blog\/","name":"starke-meinungen.de","description":"Autoren-Blog","publisher":{"@id":"https:\/\/starke-meinungen.de\/blog\/#organization"},"potentialAction":[{"@type":"SearchAction","target":{"@type":"EntryPoint","urlTemplate":"https:\/\/starke-meinungen.de\/blog\/?s={search_term_string}"},"query-input":{"@type":"PropertyValueSpecification","valueRequired":true,"valueName":"search_term_string"}}],"inLanguage":"de"},{"@type":"Organization","@id":"https:\/\/starke-meinungen.de\/blog\/#organization","name":"starke-meinungen.de","url":"https:\/\/starke-meinungen.de\/blog\/","logo":{"@type":"ImageObject","inLanguage":"de","@id":"https:\/\/starke-meinungen.de\/blog\/#\/schema\/logo\/image\/","url":"https:\/\/starke-meinungen.de\/blog\/wp-content\/uploads\/starke-meinungen-fb-header.jpg","contentUrl":"https:\/\/starke-meinungen.de\/blog\/wp-content\/uploads\/starke-meinungen-fb-header.jpg","width":1200,"height":630,"caption":"starke-meinungen.de"},"image":{"@id":"https:\/\/starke-meinungen.de\/blog\/#\/schema\/logo\/image\/"},"sameAs":["https:\/\/www.facebook.com\/starkemeinungen\/","https:\/\/x.com\/starkemeinungen"]},{"@type":"Person","@id":"https:\/\/starke-meinungen.de\/blog\/#\/schema\/person\/c09813e9c9af72d43aa64f379b8b92b8","name":"Bodo Walther","image":{"@type":"ImageObject","inLanguage":"de","@id":"https:\/\/secure.gravatar.com\/avatar\/3c9d5c7a3feb37b6976cfee946f7618756dcd05cbae8960f1b19091e547f7e57?s=96&d=mm&r=g","url":"https:\/\/secure.gravatar.com\/avatar\/3c9d5c7a3feb37b6976cfee946f7618756dcd05cbae8960f1b19091e547f7e57?s=96&d=mm&r=g","contentUrl":"https:\/\/secure.gravatar.com\/avatar\/3c9d5c7a3feb37b6976cfee946f7618756dcd05cbae8960f1b19091e547f7e57?s=96&d=mm&r=g","caption":"Bodo Walther"},"description":"Bodo Walther, geboren 1960 in Wei\u00dfenfels im heutigen Sachsen-Anhalt, studierte 1985 bis 1991 Rechtswissenschaften in T\u00fcbingen und Bonn. Er war aktiver Landes- und Kommunalbeamter in Sachsen-Anhalt, ist heute im Ruhestand und Anwalt in der N\u00e4he von Leipzig.","url":"https:\/\/starke-meinungen.de\/blog\/author\/walther\/"}]}},"_links":{"self":[{"href":"https:\/\/starke-meinungen.de\/blog\/wp-json\/wp\/v2\/posts\/14474","targetHints":{"allow":["GET"]}}],"collection":[{"href":"https:\/\/starke-meinungen.de\/blog\/wp-json\/wp\/v2\/posts"}],"about":[{"href":"https:\/\/starke-meinungen.de\/blog\/wp-json\/wp\/v2\/types\/post"}],"author":[{"embeddable":true,"href":"https:\/\/starke-meinungen.de\/blog\/wp-json\/wp\/v2\/users\/58"}],"replies":[{"embeddable":true,"href":"https:\/\/starke-meinungen.de\/blog\/wp-json\/wp\/v2\/comments?post=14474"}],"version-history":[{"count":72,"href":"https:\/\/starke-meinungen.de\/blog\/wp-json\/wp\/v2\/posts\/14474\/revisions"}],"predecessor-version":[{"id":15042,"href":"https:\/\/starke-meinungen.de\/blog\/wp-json\/wp\/v2\/posts\/14474\/revisions\/15042"}],"wp:attachment":[{"href":"https:\/\/starke-meinungen.de\/blog\/wp-json\/wp\/v2\/media?parent=14474"}],"wp:term":[{"taxonomy":"category","embeddable":true,"href":"https:\/\/starke-meinungen.de\/blog\/wp-json\/wp\/v2\/categories?post=14474"},{"taxonomy":"post_tag","embeddable":true,"href":"https:\/\/starke-meinungen.de\/blog\/wp-json\/wp\/v2\/tags?post=14474"}],"curies":[{"name":"wp","href":"https:\/\/api.w.org\/{rel}","templated":true}]}}