

{"id":1420,"date":"2010-05-12T11:32:46","date_gmt":"2010-05-12T10:32:46","guid":{"rendered":"https:\/\/starke-meinungen.de\/blog\/?p=1420"},"modified":"2010-05-12T11:32:46","modified_gmt":"2010-05-12T10:32:46","slug":"taliban-in-nadelstreifen","status":"publish","type":"post","link":"https:\/\/starke-meinungen.de\/blog\/2010\/05\/12\/taliban-in-nadelstreifen\/","title":{"rendered":"Taliban in Nadelstreifen"},"content":{"rendered":"<p>Von <strong>Alexander G\u00f6rlach<\/strong>, Herausgeber und Chefredakteur <a title=\"Webseite von &quot;The European&quot;\" href=\"http:\/\/www.theeuropean.de\/\">&#8222;The      European&#8220;<\/a>:<\/p>\n<p>Der Ausdruck entspricht vielleicht nicht der Parlamentssprache: \u201cTaliban in Nadelstreifen.\u201d Gesine L\u00f6tzsch von der Linken hat aber, als sie den Begriff im Bundestag verwendet hat, dennoch ziemlich genau das auf den Punkt gebracht, was im Moment auf dem internationalen politischen Parkett passiert.<\/p>\n<p>Der Euro wird angegriffen \u2013 und damit unsere politische Ordnung, die Sicherheit in der Europ\u00e4ischen Union. Und unser Wohlstand. Die nackte Angst grassiert: Was passiert mit unseren Rentenfonds und mit unseren Sparb\u00fcchern? Wir sprechen im Krieg gegen die islamistischen Taliban von asymmetrischer Kriegsf\u00fchrung. Worin liegen die Parallelen zu den Finanz-Taliban?<!--more--><\/p>\n<p>Unser Feind ist unsichtbar: Es hie\u00df in mehreren Meldungen am vergangenen Wochenende, dass \u201cdie Wall Street\u201d gegen unsere Einheitsw\u00e4hrung spekuliere. H\u00e4ndler wollten auf die Pleite einzelner Euro-Staaten und das Ende der W\u00e4hrungsunion wetten. Der Feind hat kein Gesicht, er kann \u00fcberall sein. \u201cDer Spekulant\u201d agiert aus dem Hinterhalt.<\/p>\n<p>Die M\u00e4chtigen der Welt r\u00fccken zusammen. Der Anschlag auf den Euro ist so gef\u00e4hrlich wie die Anschl\u00e4ge von 9\/11. Auch hier gibt es Tote, in Athen sterben drei Menschen. Der B\u00fcndnisfall tritt ein. Grundlage hierf\u00fcr ist der Artikel 122 des Vertrags von Lissabon.<\/p>\n<p>Die Welt wird sich auf Jahre nicht erholen. Wir haben uns von 9\/11 noch nicht erholt. Die Welt ist immer noch voller Taliban. Sie ziehen von Pakistan weiter in den Jemen. Spekulantenfreundliche Standorte wird es weiterhin geben. Die Koalition der Willigen hat sich zusammengefunden und \u00fcber die Finanz-Terroristen obsiegt. Vorerst. Und nachhaltig zum Schaden der Union. Sie ist jetzt eine Transferveranstaltung mit \u00fcberschuldeten Mitgliedern. Wird sie den n\u00e4chsten Angriff \u00fcberstehen?<\/p>\n<p>Es wird sich nichts \u00e4ndern. Seit Herbst 2008 folgt eine Beteuerung auf die n\u00e4chste: Dem Finanzmarkt (es klingt wie eine unpers\u00f6nliche Gr\u00f6\u00dfe) werde man Ketten anlegen. Man werde ihn domestizieren. Die G20 haben gesprochen \u2013 und noch nichts ge\u00e4ndert. Auch die L\u00e4nder der Europ\u00e4ischen Union selbst sind nicht als die gr\u00f6\u00dften Aktivisten aufgefallen. Wollten sie \u00fcberhaupt etwas \u00e4ndern? W\u00e4re Osama bin Laden nicht schon gefunden, wollte man ihn wirklich finden?<\/p>\n<p>Es findet ein Kampf der Kulturen statt. Wer hat das Primat? Die Wirtschaft oder die Politik? Es ist ein Glaubenskampf. Die Finanz-Taliban f\u00fchren den G\u00f6tzen mit sich, den Fetisch des freien Marktes. Ob er am Ende des Krieges mit dem Gesicht nach unten im Staub liegen wird? In God we trust.<\/p>\n<p>Wie bei dem verheerenden Bombardement in Kunduz, bei dem die Taliban nicht von den zivilen Afghanen zu unterscheiden waren, so sind auch im vorliegenden Fall nicht alle Banker Terroristen. Schuld ist individuell. Es sind nur einzelne Menschen gierig. Oder ist es doch das unmoralische System der Hedgefonds-Finanzwelt, das alles mit sich rei\u00dft? Systeme, so viel kann an dieser Stelle gesagt werden, haben die Eigenschaft, sich selbst zu erhalten, koste es, was es wolle.<\/p>\n<p>zuerst erschienen in <a title=\"Webseite von &quot;The European&quot;\" href=\"http:\/\/www.theeuropean.de\/419-alexander-goerlach\/2408-mangel-an-nachwuchs\">www.theeuropean.de<\/a><\/p>\n<div class=\"shariff shariff-align-left shariff-widget-align-left shariff-buttonstretch\" style=\"display:none\"><ul class=\"shariff-buttons theme-white orientation-horizontal buttonsize-medium\"><li class=\"shariff-button facebook shariff-nocustomcolor\" style=\"background-color:#4273c8\"><a href=\"https:\/\/www.facebook.com\/sharer\/sharer.php?u=https%3A%2F%2Fstarke-meinungen.de%2Fblog%2F2010%2F05%2F12%2Ftaliban-in-nadelstreifen%2F\" title=\"Bei Facebook teilen\" aria-label=\"Bei Facebook teilen\" role=\"button\" rel=\"nofollow\" class=\"shariff-link\" style=\"; background-color:#3b5998; color:#3b5998\" target=\"_blank\"><span class=\"shariff-icon\" style=\"fill:#3b5998\"><svg width=\"32px\" height=\"20px\" xmlns=\"http:\/\/www.w3.org\/2000\/svg\" viewBox=\"0 0 18 32\"><path fill=\"#3b5998\" d=\"M17.1 0.2v4.7h-2.8q-1.5 0-2.1 0.6t-0.5 1.9v3.4h5.2l-0.7 5.3h-4.5v13.6h-5.5v-13.6h-4.5v-5.3h4.5v-3.9q0-3.3 1.9-5.2t5-1.8q2.6 0 4.1 0.2z\"\/><\/svg><\/span><span class=\"shariff-text\" style=\"color:#3b5998\">teilen<\/span>&nbsp;<\/a><\/li><li class=\"shariff-button twitter shariff-nocustomcolor\" style=\"background-color:#595959\"><a href=\"https:\/\/twitter.com\/share?url=https%3A%2F%2Fstarke-meinungen.de%2Fblog%2F2010%2F05%2F12%2Ftaliban-in-nadelstreifen%2F&text=Taliban%20in%20Nadelstreifen&via=starkemeinungen\" title=\"Bei X teilen\" aria-label=\"Bei X teilen\" role=\"button\" rel=\"noopener nofollow\" class=\"shariff-link\" style=\"; background-color:#000; color:#000\" target=\"_blank\"><span class=\"shariff-icon\" style=\"fill:#000\"><svg width=\"32px\" height=\"20px\" xmlns=\"http:\/\/www.w3.org\/2000\/svg\" viewBox=\"0 0 24 24\"><path fill=\"#000\" d=\"M14.258 10.152L23.176 0h-2.113l-7.747 8.813L7.133 0H0l9.352 13.328L0 23.973h2.113l8.176-9.309 6.531 9.309h7.133zm-2.895 3.293l-.949-1.328L2.875 1.56h3.246l6.086 8.523.945 1.328 7.91 11.078h-3.246zm0 0\"\/><\/svg><\/span><span class=\"shariff-text\" style=\"color:#000\">teilen<\/span>&nbsp;<\/a><\/li><li class=\"shariff-button linkedin shariff-nocustomcolor\" style=\"background-color:#1488bf\"><a href=\"https:\/\/www.linkedin.com\/sharing\/share-offsite\/?url=https%3A%2F%2Fstarke-meinungen.de%2Fblog%2F2010%2F05%2F12%2Ftaliban-in-nadelstreifen%2F\" title=\"Bei LinkedIn teilen\" aria-label=\"Bei LinkedIn teilen\" role=\"button\" rel=\"noopener nofollow\" class=\"shariff-link\" style=\"; background-color:#0077b5; color:#0077b5\" target=\"_blank\"><span class=\"shariff-icon\" style=\"fill:#0077b5\"><svg width=\"32px\" height=\"20px\" xmlns=\"http:\/\/www.w3.org\/2000\/svg\" viewBox=\"0 0 27 32\"><path fill=\"#0077b5\" d=\"M6.2 11.2v17.7h-5.9v-17.7h5.9zM6.6 5.7q0 1.3-0.9 2.2t-2.4 0.9h0q-1.5 0-2.4-0.9t-0.9-2.2 0.9-2.2 2.4-0.9 2.4 0.9 0.9 2.2zM27.4 18.7v10.1h-5.9v-9.5q0-1.9-0.7-2.9t-2.3-1.1q-1.1 0-1.9 0.6t-1.2 1.5q-0.2 0.5-0.2 1.4v9.9h-5.9q0-7.1 0-11.6t0-5.3l0-0.9h5.9v2.6h0q0.4-0.6 0.7-1t1-0.9 1.6-0.8 2-0.3q3 0 4.9 2t1.9 6z\"\/><\/svg><\/span><span class=\"shariff-text\" style=\"color:#0077b5\">teilen<\/span>&nbsp;<\/a><\/li><li class=\"shariff-button xing shariff-nocustomcolor\" style=\"background-color:#29888a\"><a href=\"https:\/\/www.xing.com\/spi\/shares\/new?url=https%3A%2F%2Fstarke-meinungen.de%2Fblog%2F2010%2F05%2F12%2Ftaliban-in-nadelstreifen%2F\" title=\"Bei XING teilen\" aria-label=\"Bei XING teilen\" role=\"button\" rel=\"noopener nofollow\" class=\"shariff-link\" style=\"; background-color:#126567; color:#126567\" target=\"_blank\"><span class=\"shariff-icon\" style=\"fill:#126567\"><svg width=\"32px\" height=\"20px\" xmlns=\"http:\/\/www.w3.org\/2000\/svg\" viewBox=\"0 0 25 32\"><path fill=\"#126567\" d=\"M10.7 11.9q-0.2 0.3-4.6 8.2-0.5 0.8-1.2 0.8h-4.3q-0.4 0-0.5-0.3t0-0.6l4.5-8q0 0 0 0l-2.9-5q-0.2-0.4 0-0.7 0.2-0.3 0.5-0.3h4.3q0.7 0 1.2 0.8zM25.1 0.4q0.2 0.3 0 0.7l-9.4 16.7 6 11q0.2 0.4 0 0.6-0.2 0.3-0.6 0.3h-4.3q-0.7 0-1.2-0.8l-6-11.1q0.3-0.6 9.5-16.8 0.4-0.8 1.2-0.8h4.3q0.4 0 0.5 0.3z\"\/><\/svg><\/span><span class=\"shariff-text\" style=\"color:#126567\">teilen<\/span>&nbsp;<\/a><\/li><li class=\"shariff-button whatsapp shariff-nocustomcolor\" style=\"background-color:#5cbe4a\"><a href=\"https:\/\/api.whatsapp.com\/send?text=https%3A%2F%2Fstarke-meinungen.de%2Fblog%2F2010%2F05%2F12%2Ftaliban-in-nadelstreifen%2F%20Taliban%20in%20Nadelstreifen\" title=\"Bei Whatsapp teilen\" aria-label=\"Bei Whatsapp teilen\" role=\"button\" rel=\"noopener nofollow\" class=\"shariff-link\" style=\"; background-color:#34af23; color:#34af23\" target=\"_blank\"><span class=\"shariff-icon\" style=\"fill:#34af23\"><svg width=\"32px\" height=\"20px\" xmlns=\"http:\/\/www.w3.org\/2000\/svg\" viewBox=\"0 0 32 32\"><path fill=\"#34af23\" d=\"M17.6 17.4q0.2 0 1.7 0.8t1.6 0.9q0 0.1 0 0.3 0 0.6-0.3 1.4-0.3 0.7-1.3 1.2t-1.8 0.5q-1 0-3.4-1.1-1.7-0.8-3-2.1t-2.6-3.3q-1.3-1.9-1.3-3.5v-0.1q0.1-1.6 1.3-2.8 0.4-0.4 0.9-0.4 0.1 0 0.3 0t0.3 0q0.3 0 0.5 0.1t0.3 0.5q0.1 0.4 0.6 1.6t0.4 1.3q0 0.4-0.6 1t-0.6 0.8q0 0.1 0.1 0.3 0.6 1.3 1.8 2.4 1 0.9 2.7 1.8 0.2 0.1 0.4 0.1 0.3 0 1-0.9t0.9-0.9zM14 26.9q2.3 0 4.3-0.9t3.6-2.4 2.4-3.6 0.9-4.3-0.9-4.3-2.4-3.6-3.6-2.4-4.3-0.9-4.3 0.9-3.6 2.4-2.4 3.6-0.9 4.3q0 3.6 2.1 6.6l-1.4 4.2 4.3-1.4q2.8 1.9 6.2 1.9zM14 2.2q2.7 0 5.2 1.1t4.3 2.9 2.9 4.3 1.1 5.2-1.1 5.2-2.9 4.3-4.3 2.9-5.2 1.1q-3.5 0-6.5-1.7l-7.4 2.4 2.4-7.2q-1.9-3.2-1.9-6.9 0-2.7 1.1-5.2t2.9-4.3 4.3-2.9 5.2-1.1z\"\/><\/svg><\/span><span class=\"shariff-text\" style=\"color:#34af23\">teilen<\/span>&nbsp;<\/a><\/li><li class=\"shariff-button info shariff-nocustomcolor\" style=\"background-color:#a8a8a8\"><a href=\"http:\/\/ct.de\/-2467514\" title=\"Weitere Informationen\" aria-label=\"Weitere Informationen\" role=\"button\" rel=\"noopener \" class=\"shariff-link\" style=\"; background-color:#999; color:#999\" target=\"_blank\"><span class=\"shariff-icon\" style=\"fill:#999\"><svg width=\"32px\" height=\"20px\" xmlns=\"http:\/\/www.w3.org\/2000\/svg\" viewBox=\"0 0 11 32\"><path fill=\"#999\" d=\"M11.4 24v2.3q0 0.5-0.3 0.8t-0.8 0.4h-9.1q-0.5 0-0.8-0.4t-0.4-0.8v-2.3q0-0.5 0.4-0.8t0.8-0.4h1.1v-6.8h-1.1q-0.5 0-0.8-0.4t-0.4-0.8v-2.3q0-0.5 0.4-0.8t0.8-0.4h6.8q0.5 0 0.8 0.4t0.4 0.8v10.3h1.1q0.5 0 0.8 0.4t0.3 0.8zM9.2 3.4v3.4q0 0.5-0.4 0.8t-0.8 0.4h-4.6q-0.4 0-0.8-0.4t-0.4-0.8v-3.4q0-0.4 0.4-0.8t0.8-0.4h4.6q0.5 0 0.8 0.4t0.4 0.8z\"\/><\/svg><\/span><\/a><\/li><\/ul><\/div>","protected":false},"excerpt":{"rendered":"<p>Von Alexander G\u00f6rlach, Herausgeber und Chefredakteur &#8222;The European&#8220;: Der Ausdruck entspricht vielleicht nicht der Parlamentssprache: \u201cTaliban in Nadelstreifen.\u201d Gesine L\u00f6tzsch von der Linken hat aber, als sie den Begriff im Bundestag verwendet hat, dennoch ziemlich genau das auf den Punkt gebracht, was im Moment auf dem internationalen politischen Parkett passiert. Der Euro wird angegriffen \u2013 und damit unsere politische Ordnung,&#8230; <a href=\"https:\/\/starke-meinungen.de\/blog\/2010\/05\/12\/taliban-in-nadelstreifen\/\">Weiterlesen &raquo;<\/a><\/p>\n","protected":false},"author":15,"featured_media":0,"comment_status":"open","ping_status":"open","sticky":false,"template":"","format":"standard","meta":{"footnotes":""},"categories":[1,629],"tags":[23,347,595,81,854,1043,1044],"class_list":["post-1420","post","type-post","status-publish","format-standard","hentry","category-allgemein","category-gastautor","tag-banker","tag-eu","tag-finanzkrise","tag-g20","tag-griechenland","tag-taliban","tag-transferunion"],"yoast_head":"<!-- This site is optimized with the Yoast SEO plugin v27.4 - https:\/\/yoast.com\/product\/yoast-seo-wordpress\/ -->\n<title>Taliban in Nadelstreifen - starke-meinungen.de<\/title>\n<meta name=\"robots\" content=\"index, follow, max-snippet:-1, max-image-preview:large, max-video-preview:-1\" \/>\n<link rel=\"canonical\" href=\"https:\/\/starke-meinungen.de\/blog\/2010\/05\/12\/taliban-in-nadelstreifen\/\" \/>\n<meta property=\"og:locale\" content=\"de_DE\" \/>\n<meta property=\"og:type\" content=\"article\" \/>\n<meta property=\"og:title\" content=\"Taliban in Nadelstreifen - starke-meinungen.de\" \/>\n<meta property=\"og:description\" content=\"Von Alexander G\u00f6rlach, Herausgeber und Chefredakteur &#8222;The European&#8220;: Der Ausdruck entspricht vielleicht nicht der Parlamentssprache: \u201cTaliban in Nadelstreifen.\u201d Gesine L\u00f6tzsch von der Linken hat aber, als sie den Begriff im Bundestag verwendet hat, dennoch ziemlich genau das auf den Punkt gebracht, was im Moment auf dem internationalen politischen Parkett passiert. Der Euro wird angegriffen \u2013 und damit unsere politische Ordnung,... Weiterlesen &raquo;\" \/>\n<meta property=\"og:url\" content=\"https:\/\/starke-meinungen.de\/blog\/2010\/05\/12\/taliban-in-nadelstreifen\/\" \/>\n<meta property=\"og:site_name\" content=\"starke-meinungen.de\" \/>\n<meta property=\"article:publisher\" content=\"https:\/\/www.facebook.com\/starkemeinungen\/\" \/>\n<meta property=\"article:published_time\" content=\"2010-05-12T10:32:46+00:00\" \/>\n<meta property=\"og:image\" content=\"https:\/\/starke-meinungen.de\/blog\/wp-content\/uploads\/starke-meinungen-fb-header.jpg\" \/>\n\t<meta property=\"og:image:width\" content=\"1200\" \/>\n\t<meta property=\"og:image:height\" content=\"630\" \/>\n\t<meta property=\"og:image:type\" content=\"image\/jpeg\" \/>\n<meta name=\"author\" content=\"Gastautor\" \/>\n<meta name=\"twitter:card\" content=\"summary_large_image\" \/>\n<meta name=\"twitter:creator\" content=\"@starkemeinungen\" \/>\n<meta name=\"twitter:site\" content=\"@starkemeinungen\" \/>\n<meta name=\"twitter:label1\" content=\"Verfasst von\" \/>\n\t<meta name=\"twitter:data1\" content=\"Gastautor\" \/>\n\t<meta name=\"twitter:label2\" content=\"Gesch\u00e4tzte Lesezeit\" \/>\n\t<meta name=\"twitter:data2\" content=\"2\u00a0Minuten\" \/>\n<script type=\"application\/ld+json\" class=\"yoast-schema-graph\">{\"@context\":\"https:\\\/\\\/schema.org\",\"@graph\":[{\"@type\":\"Article\",\"@id\":\"https:\\\/\\\/starke-meinungen.de\\\/blog\\\/2010\\\/05\\\/12\\\/taliban-in-nadelstreifen\\\/#article\",\"isPartOf\":{\"@id\":\"https:\\\/\\\/starke-meinungen.de\\\/blog\\\/2010\\\/05\\\/12\\\/taliban-in-nadelstreifen\\\/\"},\"author\":{\"name\":\"Gastautor\",\"@id\":\"https:\\\/\\\/starke-meinungen.de\\\/blog\\\/#\\\/schema\\\/person\\\/a03e0a730dd4d63894dcc16cdbaa6b64\"},\"headline\":\"Taliban in Nadelstreifen\",\"datePublished\":\"2010-05-12T10:32:46+00:00\",\"mainEntityOfPage\":{\"@id\":\"https:\\\/\\\/starke-meinungen.de\\\/blog\\\/2010\\\/05\\\/12\\\/taliban-in-nadelstreifen\\\/\"},\"wordCount\":484,\"commentCount\":7,\"publisher\":{\"@id\":\"https:\\\/\\\/starke-meinungen.de\\\/blog\\\/#organization\"},\"keywords\":[\"Banker\",\"EU\",\"Finanzkrise\",\"G20\",\"Griechenland\",\"Taliban\",\"Transferunion\"],\"articleSection\":{\"1\":\"Gastautor\"},\"inLanguage\":\"de\",\"potentialAction\":[{\"@type\":\"CommentAction\",\"name\":\"Comment\",\"target\":[\"https:\\\/\\\/starke-meinungen.de\\\/blog\\\/2010\\\/05\\\/12\\\/taliban-in-nadelstreifen\\\/#respond\"]}]},{\"@type\":\"WebPage\",\"@id\":\"https:\\\/\\\/starke-meinungen.de\\\/blog\\\/2010\\\/05\\\/12\\\/taliban-in-nadelstreifen\\\/\",\"url\":\"https:\\\/\\\/starke-meinungen.de\\\/blog\\\/2010\\\/05\\\/12\\\/taliban-in-nadelstreifen\\\/\",\"name\":\"Taliban in Nadelstreifen - starke-meinungen.de\",\"isPartOf\":{\"@id\":\"https:\\\/\\\/starke-meinungen.de\\\/blog\\\/#website\"},\"datePublished\":\"2010-05-12T10:32:46+00:00\",\"breadcrumb\":{\"@id\":\"https:\\\/\\\/starke-meinungen.de\\\/blog\\\/2010\\\/05\\\/12\\\/taliban-in-nadelstreifen\\\/#breadcrumb\"},\"inLanguage\":\"de\",\"potentialAction\":[{\"@type\":\"ReadAction\",\"target\":[\"https:\\\/\\\/starke-meinungen.de\\\/blog\\\/2010\\\/05\\\/12\\\/taliban-in-nadelstreifen\\\/\"]}]},{\"@type\":\"BreadcrumbList\",\"@id\":\"https:\\\/\\\/starke-meinungen.de\\\/blog\\\/2010\\\/05\\\/12\\\/taliban-in-nadelstreifen\\\/#breadcrumb\",\"itemListElement\":[{\"@type\":\"ListItem\",\"position\":1,\"name\":\"Startseite\",\"item\":\"https:\\\/\\\/starke-meinungen.de\\\/blog\\\/\"},{\"@type\":\"ListItem\",\"position\":2,\"name\":\"Taliban in Nadelstreifen\"}]},{\"@type\":\"WebSite\",\"@id\":\"https:\\\/\\\/starke-meinungen.de\\\/blog\\\/#website\",\"url\":\"https:\\\/\\\/starke-meinungen.de\\\/blog\\\/\",\"name\":\"starke-meinungen.de\",\"description\":\"Autoren-Blog\",\"publisher\":{\"@id\":\"https:\\\/\\\/starke-meinungen.de\\\/blog\\\/#organization\"},\"potentialAction\":[{\"@type\":\"SearchAction\",\"target\":{\"@type\":\"EntryPoint\",\"urlTemplate\":\"https:\\\/\\\/starke-meinungen.de\\\/blog\\\/?s={search_term_string}\"},\"query-input\":{\"@type\":\"PropertyValueSpecification\",\"valueRequired\":true,\"valueName\":\"search_term_string\"}}],\"inLanguage\":\"de\"},{\"@type\":\"Organization\",\"@id\":\"https:\\\/\\\/starke-meinungen.de\\\/blog\\\/#organization\",\"name\":\"starke-meinungen.de\",\"url\":\"https:\\\/\\\/starke-meinungen.de\\\/blog\\\/\",\"logo\":{\"@type\":\"ImageObject\",\"inLanguage\":\"de\",\"@id\":\"https:\\\/\\\/starke-meinungen.de\\\/blog\\\/#\\\/schema\\\/logo\\\/image\\\/\",\"url\":\"https:\\\/\\\/starke-meinungen.de\\\/blog\\\/wp-content\\\/uploads\\\/starke-meinungen-fb-header.jpg\",\"contentUrl\":\"https:\\\/\\\/starke-meinungen.de\\\/blog\\\/wp-content\\\/uploads\\\/starke-meinungen-fb-header.jpg\",\"width\":1200,\"height\":630,\"caption\":\"starke-meinungen.de\"},\"image\":{\"@id\":\"https:\\\/\\\/starke-meinungen.de\\\/blog\\\/#\\\/schema\\\/logo\\\/image\\\/\"},\"sameAs\":[\"https:\\\/\\\/www.facebook.com\\\/starkemeinungen\\\/\",\"https:\\\/\\\/x.com\\\/starkemeinungen\"]},{\"@type\":\"Person\",\"@id\":\"https:\\\/\\\/starke-meinungen.de\\\/blog\\\/#\\\/schema\\\/person\\\/a03e0a730dd4d63894dcc16cdbaa6b64\",\"name\":\"Gastautor\",\"image\":{\"@type\":\"ImageObject\",\"inLanguage\":\"de\",\"@id\":\"https:\\\/\\\/secure.gravatar.com\\\/avatar\\\/8759fb61d9b27c08334d4e02d0a8ea6eb0fc0c3602cd7c3e58c0c89a6adba588?s=96&d=mm&r=g\",\"url\":\"https:\\\/\\\/secure.gravatar.com\\\/avatar\\\/8759fb61d9b27c08334d4e02d0a8ea6eb0fc0c3602cd7c3e58c0c89a6adba588?s=96&d=mm&r=g\",\"contentUrl\":\"https:\\\/\\\/secure.gravatar.com\\\/avatar\\\/8759fb61d9b27c08334d4e02d0a8ea6eb0fc0c3602cd7c3e58c0c89a6adba588?s=96&d=mm&r=g\",\"caption\":\"Gastautor\"},\"url\":\"https:\\\/\\\/starke-meinungen.de\\\/blog\\\/author\\\/gastautor\\\/\"}]}<\/script>\n<!-- \/ Yoast SEO plugin. -->","yoast_head_json":{"title":"Taliban in Nadelstreifen - starke-meinungen.de","robots":{"index":"index","follow":"follow","max-snippet":"max-snippet:-1","max-image-preview":"max-image-preview:large","max-video-preview":"max-video-preview:-1"},"canonical":"https:\/\/starke-meinungen.de\/blog\/2010\/05\/12\/taliban-in-nadelstreifen\/","og_locale":"de_DE","og_type":"article","og_title":"Taliban in Nadelstreifen - starke-meinungen.de","og_description":"Von Alexander G\u00f6rlach, Herausgeber und Chefredakteur &#8222;The European&#8220;: Der Ausdruck entspricht vielleicht nicht der Parlamentssprache: \u201cTaliban in Nadelstreifen.\u201d Gesine L\u00f6tzsch von der Linken hat aber, als sie den Begriff im Bundestag verwendet hat, dennoch ziemlich genau das auf den Punkt gebracht, was im Moment auf dem internationalen politischen Parkett passiert. Der Euro wird angegriffen \u2013 und damit unsere politische Ordnung,... Weiterlesen &raquo;","og_url":"https:\/\/starke-meinungen.de\/blog\/2010\/05\/12\/taliban-in-nadelstreifen\/","og_site_name":"starke-meinungen.de","article_publisher":"https:\/\/www.facebook.com\/starkemeinungen\/","article_published_time":"2010-05-12T10:32:46+00:00","og_image":[{"width":1200,"height":630,"url":"https:\/\/starke-meinungen.de\/blog\/wp-content\/uploads\/starke-meinungen-fb-header.jpg","type":"image\/jpeg"}],"author":"Gastautor","twitter_card":"summary_large_image","twitter_creator":"@starkemeinungen","twitter_site":"@starkemeinungen","twitter_misc":{"Verfasst von":"Gastautor","Gesch\u00e4tzte Lesezeit":"2\u00a0Minuten"},"schema":{"@context":"https:\/\/schema.org","@graph":[{"@type":"Article","@id":"https:\/\/starke-meinungen.de\/blog\/2010\/05\/12\/taliban-in-nadelstreifen\/#article","isPartOf":{"@id":"https:\/\/starke-meinungen.de\/blog\/2010\/05\/12\/taliban-in-nadelstreifen\/"},"author":{"name":"Gastautor","@id":"https:\/\/starke-meinungen.de\/blog\/#\/schema\/person\/a03e0a730dd4d63894dcc16cdbaa6b64"},"headline":"Taliban in Nadelstreifen","datePublished":"2010-05-12T10:32:46+00:00","mainEntityOfPage":{"@id":"https:\/\/starke-meinungen.de\/blog\/2010\/05\/12\/taliban-in-nadelstreifen\/"},"wordCount":484,"commentCount":7,"publisher":{"@id":"https:\/\/starke-meinungen.de\/blog\/#organization"},"keywords":["Banker","EU","Finanzkrise","G20","Griechenland","Taliban","Transferunion"],"articleSection":{"1":"Gastautor"},"inLanguage":"de","potentialAction":[{"@type":"CommentAction","name":"Comment","target":["https:\/\/starke-meinungen.de\/blog\/2010\/05\/12\/taliban-in-nadelstreifen\/#respond"]}]},{"@type":"WebPage","@id":"https:\/\/starke-meinungen.de\/blog\/2010\/05\/12\/taliban-in-nadelstreifen\/","url":"https:\/\/starke-meinungen.de\/blog\/2010\/05\/12\/taliban-in-nadelstreifen\/","name":"Taliban in Nadelstreifen - starke-meinungen.de","isPartOf":{"@id":"https:\/\/starke-meinungen.de\/blog\/#website"},"datePublished":"2010-05-12T10:32:46+00:00","breadcrumb":{"@id":"https:\/\/starke-meinungen.de\/blog\/2010\/05\/12\/taliban-in-nadelstreifen\/#breadcrumb"},"inLanguage":"de","potentialAction":[{"@type":"ReadAction","target":["https:\/\/starke-meinungen.de\/blog\/2010\/05\/12\/taliban-in-nadelstreifen\/"]}]},{"@type":"BreadcrumbList","@id":"https:\/\/starke-meinungen.de\/blog\/2010\/05\/12\/taliban-in-nadelstreifen\/#breadcrumb","itemListElement":[{"@type":"ListItem","position":1,"name":"Startseite","item":"https:\/\/starke-meinungen.de\/blog\/"},{"@type":"ListItem","position":2,"name":"Taliban in Nadelstreifen"}]},{"@type":"WebSite","@id":"https:\/\/starke-meinungen.de\/blog\/#website","url":"https:\/\/starke-meinungen.de\/blog\/","name":"starke-meinungen.de","description":"Autoren-Blog","publisher":{"@id":"https:\/\/starke-meinungen.de\/blog\/#organization"},"potentialAction":[{"@type":"SearchAction","target":{"@type":"EntryPoint","urlTemplate":"https:\/\/starke-meinungen.de\/blog\/?s={search_term_string}"},"query-input":{"@type":"PropertyValueSpecification","valueRequired":true,"valueName":"search_term_string"}}],"inLanguage":"de"},{"@type":"Organization","@id":"https:\/\/starke-meinungen.de\/blog\/#organization","name":"starke-meinungen.de","url":"https:\/\/starke-meinungen.de\/blog\/","logo":{"@type":"ImageObject","inLanguage":"de","@id":"https:\/\/starke-meinungen.de\/blog\/#\/schema\/logo\/image\/","url":"https:\/\/starke-meinungen.de\/blog\/wp-content\/uploads\/starke-meinungen-fb-header.jpg","contentUrl":"https:\/\/starke-meinungen.de\/blog\/wp-content\/uploads\/starke-meinungen-fb-header.jpg","width":1200,"height":630,"caption":"starke-meinungen.de"},"image":{"@id":"https:\/\/starke-meinungen.de\/blog\/#\/schema\/logo\/image\/"},"sameAs":["https:\/\/www.facebook.com\/starkemeinungen\/","https:\/\/x.com\/starkemeinungen"]},{"@type":"Person","@id":"https:\/\/starke-meinungen.de\/blog\/#\/schema\/person\/a03e0a730dd4d63894dcc16cdbaa6b64","name":"Gastautor","image":{"@type":"ImageObject","inLanguage":"de","@id":"https:\/\/secure.gravatar.com\/avatar\/8759fb61d9b27c08334d4e02d0a8ea6eb0fc0c3602cd7c3e58c0c89a6adba588?s=96&d=mm&r=g","url":"https:\/\/secure.gravatar.com\/avatar\/8759fb61d9b27c08334d4e02d0a8ea6eb0fc0c3602cd7c3e58c0c89a6adba588?s=96&d=mm&r=g","contentUrl":"https:\/\/secure.gravatar.com\/avatar\/8759fb61d9b27c08334d4e02d0a8ea6eb0fc0c3602cd7c3e58c0c89a6adba588?s=96&d=mm&r=g","caption":"Gastautor"},"url":"https:\/\/starke-meinungen.de\/blog\/author\/gastautor\/"}]}},"_links":{"self":[{"href":"https:\/\/starke-meinungen.de\/blog\/wp-json\/wp\/v2\/posts\/1420","targetHints":{"allow":["GET"]}}],"collection":[{"href":"https:\/\/starke-meinungen.de\/blog\/wp-json\/wp\/v2\/posts"}],"about":[{"href":"https:\/\/starke-meinungen.de\/blog\/wp-json\/wp\/v2\/types\/post"}],"author":[{"embeddable":true,"href":"https:\/\/starke-meinungen.de\/blog\/wp-json\/wp\/v2\/users\/15"}],"replies":[{"embeddable":true,"href":"https:\/\/starke-meinungen.de\/blog\/wp-json\/wp\/v2\/comments?post=1420"}],"version-history":[{"count":5,"href":"https:\/\/starke-meinungen.de\/blog\/wp-json\/wp\/v2\/posts\/1420\/revisions"}],"predecessor-version":[{"id":1425,"href":"https:\/\/starke-meinungen.de\/blog\/wp-json\/wp\/v2\/posts\/1420\/revisions\/1425"}],"wp:attachment":[{"href":"https:\/\/starke-meinungen.de\/blog\/wp-json\/wp\/v2\/media?parent=1420"}],"wp:term":[{"taxonomy":"category","embeddable":true,"href":"https:\/\/starke-meinungen.de\/blog\/wp-json\/wp\/v2\/categories?post=1420"},{"taxonomy":"post_tag","embeddable":true,"href":"https:\/\/starke-meinungen.de\/blog\/wp-json\/wp\/v2\/tags?post=1420"}],"curies":[{"name":"wp","href":"https:\/\/api.w.org\/{rel}","templated":true}]}}