

{"id":13665,"date":"2025-05-03T11:05:44","date_gmt":"2025-05-03T09:05:44","guid":{"rendered":"https:\/\/starke-meinungen.de\/blog\/?p=13665"},"modified":"2025-05-03T19:34:07","modified_gmt":"2025-05-03T17:34:07","slug":"perle-des-klassizismus","status":"publish","type":"post","link":"https:\/\/starke-meinungen.de\/blog\/2025\/05\/03\/perle-des-klassizismus\/","title":{"rendered":"Perle des Klassizismus \u00a0"},"content":{"rendered":"<p><strong>Perle des Klassizismus<\/strong><\/p>\n<p><strong>Die Theaterstadt Meiningen ist etwas ganz Besonderes<\/strong><\/p>\n<p>Entdeckungslust kommt auf. Doch ganz so weit soll die Anfahrt f\u00fcr f\u00fcnf Tage nicht sein. Also mal wieder nach Th\u00fcringen \u2013 diesmal nach Meiningen im Landkreis Schmalkalden-Meiningen. Die Kreisstadt im fr\u00e4nkisch gepr\u00e4gten S\u00fcden Th\u00fcringens hat etwa 25.000 Bewohner, liegt im Tal der Werra und ist \u2013 man sieht es gleich \u2013 eine Perle des Klassizismus.<\/p>\n<p>Meiningen war ab 1680 Haupt- und Residenzstadt des Herzogtums Sachsen-Meiningen. Und die Herz\u00f6ge lie\u00dfen besonders im 19. Jahrhundert gro\u00dfz\u00fcgig bauen. Pr\u00e4chtige Stra\u00dfen, ein die Stadt durchflie\u00dfender Kanal, gro\u00dfz\u00fcgige Villen! Wie so oft in Th\u00fcringen: alles noch da! \u201eTh\u00fcringen ist mit Villen des Biedermeier, des Historismus vorz\u00fcglich italienischer Couleur, des Jugendstil und der zwanziger Jahre noch ziemlich gesegnet\u201c, schreibt G\u00fcnter Metken in seinem Buch \u201eReisen durch Europa\u201c \u2013 und diesem Reiz folgen wir immer wieder gerne. Hier wurde, als Folge der DDR-Zeit, viel weniger \u201edurch hektisches Wachstum unkenntlich gemacht\u201c.<\/p>\n<p><!--more--><\/p>\n<p>Wir kommen in einer wundersch\u00f6nen Ferienwohnung im Palais am Prinzenberg unter, das von Uwe Klein und Daniel Schmidt mit viel Liebe betrieben wird. Die 1892 vollendete, 2004 umfangreich renovierte Villa im englischen Neo-Tudorstil oberhalb der Werra mit herrlichem Blick auf die Stadt ist der ehemalige Witwensitz von Helene Freifrau von Heldburg, der dritten Gemahlin des \u201eTheaterherzogs\u201c Georg II.<\/p>\n<p>Man f\u00fchlt sich sofort wohl in diesem sympathischen wie eleganten und offenherzigen Haus, f\u00fcr dessen Restaurierung Uwe Klein im Jahr 2011 mit dem Th\u00fcringer Denkmalschutzpreis geehrt wurde. Kleins Engagement in Meiningen geht allerdings noch viel weiter: Er hat eine ganze Reihe von Geb\u00e4uden saniert, betreibt mehrere Hotels in historischen Geb\u00e4uden und gr\u00fcndete die \u201eStiftung Meininger Baudenkm\u00e4ler\u201c.<\/p>\n<p>International bekannt wurde Meiningen vor allem auch durch sein Theater, durch die Theaterreform unter Herzog Georg II. und die Bl\u00fctezeit der Meininger Hofkapelle unter der F\u00fchrung bekannter Dirigenten wie Hans von B\u00fclow und Max Reger. Die gotische und neogotische Stadtkirche \u201eUnserer lieben Frauen\u201c, das h\u00f6chste Denkmal der Stadt, ist der Mittelpunkt der Altstadt. Hier komponierte Reger, Meister der Meininger Hofkapelle, an der Orgel.<\/p>\n<p>Sch\u00f6ne Parks im englischen Stil erinnern an die Zeit, als Meiningen zu einem der wichtigsten kulturellen Zentren Deutschlands aufsteigen konnte, als kleine Schwester Weimars. Die Menschen nutzen sie noch heute, liegen in der Sonne, spielen Federball oder machen Yoga. Ein ber\u00fchmter Gast der Stadt war Johannes Brahms, der mit dem hiesigen Orchester zusammenarbeitete. Die Literaten Jean Paul und Ludwig Bechstein lebten in Meiningen, auch Friedrich Schiller war eine Zeit lang hier, im nahen Dorf Bauerbach.<\/p>\n<p>Einen Besuch lohnt au\u00dfer dem traditionsreichen, in seiner jetzigen Form im Jahr 1909 er\u00f6ffnete Meininger Staatstheater auch das Theatermuseum \u201eZauberwelt der Kulisse\u201c, wo die ber\u00fchmten historischen, illusionistischen B\u00fchnenbilder aus der Coburger Werkstatt der Gebr\u00fcder Br\u00fcckner pr\u00e4sentiert werden. Zu sehen sind auch eigenh\u00e4ndige B\u00fchnenbild- und Kost\u00fcmentw\u00fcrfe des \u201eTheaterherzogs\u201c, der sich von den Historienmalern Wilhelm von Lindenschmitt d. \u00c4., Wilhelm Kaulbach und Peter von Cornelius beeinflussen lie\u00df. Das Museumsgeb\u00e4ude diente einst als herzogliche Reithalle.<\/p>\n<p>Weiterhin Teil der \u201eMeininger Museen\u201c ist das barocke Schloss Elisabethenburg. Eine Dreifl\u00fcgelanlage, die seit 1682 entstanden ist und bis 1918 die Residenz der Herz\u00f6ge von Sachsen-Meiningen war. Das Schloss ist das st\u00e4dtebauliche Wahrzeichen der Stadt mit seinen verschiedenen Sammlungen zu Kunst, Musik und Theater, dem hier untergebrachten Rathaus und der Schlosskirche mit dem \u201eKonzertsaal Johannes Brahms\u201c. In jedem Fall ist eine Einkehr im Turmcaf\u00e9 zu empfehlen \u2013 Aufstieg \u00fcber das barocke Treppenaus. Dort warten Kaffee, Kuchen und Torten in einem barocken Saal! Wir entscheiden uns f\u00fcr einen Rhabarberkuchen und eine Rahm-Mohn-Torte. Ganz herrlich! Das Caf\u00e9 ist auch f\u00fcr Nicht-Museumsbesucher zug\u00e4nglich. Ein f\u00fcrstliches Kaffeekr\u00e4nzchen also! Es ist allerdings viel los \u2013 besser reservieren, sonst muss man an den gleichwohl f\u00fcrstlichen Katzentisch!<\/p>\n<p>Hier im Barockschloss wurde royale Geschichte geschrieben. Denn Adelheid Louise Theresa Caroline Amelia von Sachsen-Meiningen, geboren 1792 in Meiningen als Tochter des Herzogs <a href=\"https:\/\/de.wikipedia.org\/wiki\/Georg_I._(Sachsen-Meiningen)\">Georg I.<\/a> von Sachsen-Meiningen und dessen Gemahlin Prinzessin <a href=\"https:\/\/de.wikipedia.org\/wiki\/Louise_Eleonore_zu_Hohenlohe-Langenburg\">Louise Eleonore zu Hohenlohe-Langenburg<\/a>, war ab 1830 K\u00f6nigin von <a href=\"https:\/\/de.wikipedia.org\/wiki\/Vereinigtes_K%C3%B6nigreich_von_Gro%C3%9Fbritannien_und_Irland\">Gro\u00dfbritannien und Irland<\/a> sowie <a href=\"https:\/\/de.wikipedia.org\/wiki\/K%C3%B6nigreich_Hannover\">K\u00f6nigin von Hannover<\/a>. Immer wieder finden hier auch Sonderausstellungen Bildender Kunst statt, wie derzeit etwa eine Schau mit abstrakten Arbeiten des Theaterregisseurs und K\u00fcnstlers Achim Freyer, der 1977 und 1987 auch bei der documenta in Kassel zu sehen war. Die Ausstellung pr\u00e4sentiert Arbeiten aus den 2020er-Jahren. Vom 22. Mai bis zum 21. September folgt dann eine Ausstellung mit Werken von Horst Janssen.<\/p>\n<p>Meiningen war schon im 19. Jahrhundert eine Theaterstadt und ist es bis heute. Das Meininger Theater wurde 1831 gegr\u00fcndet: Die Auff\u00fchrungen der \u201eMeininger\u201c, ihre Gastspielreisen \u2013 innerhalb von 16 Jahren gab es etwa 2.900 Auff\u00fchrungen \u2013 erregten Ende des 19. Jahrhunderts europaweites Aufsehen \u2013 aufgrund ihrer neuen Art zu inszenieren. Im Fokus standen absolute Werktreue, Priorit\u00e4t der Ensembleleistung und das Streben nach einem Gesamtkunstwerk.<\/p>\n<p>Beeinflusst von der naturalistischen Theaterarbeit der \u201eMeininger\u201c waren unter anderem die Royal Shakespeare Company, der russische Theatermacher Konstantin Stanislawski, Sergeij Eisenstein und Lee Strasberg, in dessen \u201eActors Studio\u201c Al Pacino, Robert de Niro, Marlon Brando oder Dustin Hoffman ihre Karrieren begannen. W\u00fcrde es Hollywood ohne Meiningen geben?<\/p>\n<p>Nat\u00fcrlich nicht! Ohne Meiningen kein Hollywood! Sagen die Meininger. Und es stimmt ja auch: Das moderne Regietheater, das hat hier, in Meiningen seinen Ursprung. Stanislawski hatte in Moskau Gastspiele der Meininger erlebt, im Jahr 1885 und 1890. Und im Jahr 1923 war es der junge Lee Strasberg, der in New York ein Gastspiel des Moskauer K\u00fcnstlertheaters unter Stanislawski sah. Und so wurde die Tradition des wirklichkeitsnahen Spiels weitergef\u00fchrt.<\/p>\n<p>Die Planungen zum Jubil\u00e4um des 200. Geburtstags von Georg II. im kommenden Jahr laufen schon auf Hochtouren. Man wird den Theaterherzog im gro\u00dfen Stil feiern, diesen F\u00f6rderer von Kunst und Kultur, der Theaterleiter, Regisseur, B\u00fchnenbildner und auch ein wichtiger politischer Reformator in seinem Herzogtum war.<\/p>\n<p>Das Staatstheater unter der Leitung des Intendanten Jens Neundorff von Enzberg ist in der kleinen Stadt von zentraler Bedeutung. Es ist, tats\u00e4chlich, das Herz der Stadt. Und es hat Erfolg! Die Zahlen und die Auslastung stimmen \u2013 das Publikum kommt aus Bayern, aus dem Hessischen, aus ganz Deutschland, denn hier wird auf ganz hohem Niveau gespielt. Und man hofft, dass die finanzielle Unterst\u00fctzung aus der Landeshauptstadt Erfurt weiter solide bleibt.<\/p>\n<p>Meiningen hat eine gro\u00dfe kulturelle Geschichte. Bei der Wahrung des Erbes helfen etwa die \u201eKulturstiftung Meiningen-Eisenach\u201c, die \u201eMeininger Theaterstiftung\u201c und die \u201eStiftung Meininger Baudenkm\u00e4ler\u201c. Doch wie sieht die Gegenwart aus? Dar\u00fcber l\u00e4sst es sich in der so gediegenen wie gem\u00fctlichen historischen Gaststube des \u201eGoldenen Zwinger\u201c in der Zwingergasse nachdenken, wo schon Hofkapellmeister Max Reger seine Kl\u00f6\u00dfe genoss, die herrlichen Kl\u00f6\u00dfe, \u201eM\u00e4ninger H\u00fct\u2019s\u201c genannt. Warum? Das lassen Sie sich am besten von einem Meininger erz\u00e4hlen! Wir essen sie mit einem G\u00e4nsebraten. Th\u00fcringer Klassiker.<\/p>\n<p>Die zeitgen\u00f6ssische Kunst, am n\u00e4chsten Morgen k\u00f6nnen wir sie be\u00e4ugen: Wir besuchen die \u201eSt\u00e4dtische Galerie ada\u201c in der Bernhardstra\u00dfe. Hier hat die Gegenwartskunst ihren Ort gefunden. Derzeit ist die Schau \u201eIrony\u201c zu sehen. In Kooperation mit der Burg Giebichenstein Halle werden Arbeiten von Studierenden der Klassen von Prof. Tobias Hantmann und Prof. Paul McDevitt gezeigt. Eine Wettbewerbsschau mit nur einer einzigen Vorgabe: die Verwendung eines B\u00fcgelbretts als Gestaltungselement.<\/p>\n<p>Etwas Besonderes, ganz Gegenw\u00e4rtiges, ist auch das 2022 er\u00f6ffnete Kombinat Meiningen. Ein Ort der Kreativit\u00e4t, Innovation und Zusammenarbeit in der historischen Villa Beck. Hier kann man sich Arbeitspl\u00e4tze mieten oder gro\u00dfe Events auf die Beine stellen. Es gibt Raum f\u00fcr kreative Projekte \u2013 immer wieder finden auch Kulturveranstaltungen statt: Es laufen Filme. Es gibt Konzerte und Workshops. Die Macher des Ganzen sind Franky Siegler und Christian Wetzel, die wir gleich am zweiten Abend im Palais am Prinzenberg kennenlernen \u2013 in diesem so gastlichen wie offenen Refugium.<\/p>\n<p>Auch diese beiden sind Meininger Macher. Sie waren vorher lange in anderen St\u00e4dten und in der Welt unterwegs \u2013 und wollen jetzt ihre Heimat nach vorne bringen. Wir lernen sie und ihre Freunde in Meiningen bei einem Grillabend im Hof des Kombinats besser kennen: In dieser kleinen Kultur-Stadt herrschte eine Atmosph\u00e4re der Gastfreundschaft, der Kreativit\u00e4t, des Miteinanders. Eine ganz besondere Aura.<\/p>\n<p>Am n\u00e4chsten Tag dann hinaus ins Gr\u00fcne: Rund um Meiningen finden wir ein vielf\u00e4ltiges Rad- und Wanderwege-Netz. Denn Meiningen liegt am Ostrand des Biosph\u00e4renreservates Rh\u00f6n, ganz in der N\u00e4he der hessischen und bayerischen Grenze \u2013 und auch der Th\u00fcringer Wald ist nah. Bis in die Landeshauptstadt Erfurt ist es nicht weit, ins hessische Fulda auch nicht \u2013 aber auch die Unterfrankenmetropole W\u00fcrzburg ist kaum eine Autostunde entfernt.<\/p>\n<p>Noch viel n\u00e4her: Westlich der Altstadt erhebt sich der \u00fcber 400 Meter hohe Herrenberg mit seinem Landschaftspark, der als Ganzes ein Kulturdenkmal ist. Nat\u00fcrlich war es Herzog Georg II., der ihn ausgestaltete. Vom aussichtsreichen Diezh\u00e4uschen auf einem Felsvorsprung f\u00fchren Promenadenwege \u2013 auch der Wanderweg \u201eDer Meininger\u201c \u2013 durch wunderbare, s\u00fcdeurop\u00e4isch anmutende Kiefernw\u00e4lder \u2013 etwa zum Henriettenplatz und von dort wieder hinab ins Villenviertel rund um die Goetz-H\u00f6hle. Der Komponist <a href=\"https:\/\/de.wikipedia.org\/wiki\/Johannes_Brahms\">Johannes Brahms<\/a> war hier seit 1881 oft unterwegs. Und wer noch h\u00f6her hinauswill: Nur 11 Kilometer westlich von Meiningen erhebt sich der Gebaberg, auch \u201edie Geba\u201c genannt \u2013 mit 750 Metern die h\u00f6chste Erhebung der Vorderen Rh\u00f6n.<\/p>\n<p>Zudem gibt es noch den Milseburgweg Fulda\u2013Meiningen sowie den Keltenerlebnisweg \u2013 und auch Kanu-Wasserwanderer k\u00f6nnen auf der Werra ihren Spa\u00df haben. Ein kleiner Vier-Sterne-Caravan- und Campingplatz bietet 30 Stellpl\u00e4tze.<\/p>\n<p>Die Stadt ist an verschiedene Radfernwege angeschlossen, den Werratalradweg, den Main-Werra-Radweg und den Radweg Meiningen-Ha\u00dffurt. Wir radeln an der Werra \u00fcber Wasungen nach Schmalkalden, eine echte Fachwerkperle mit sch\u00f6nen Pl\u00e4tzen und Gr\u00fcnanlagen. Eine weitere, sehr empfehlenswerte Radtour f\u00fchrt uns \u00fcber den Ortsteil S\u00fclzfeld zu Schloss und Gut Amalienruh, dem ehemaligen Sommersitz der Herzogin Elisabeth Sophie von Sachsen-Meiningen \u2013 ein kleiner Schlossbau aus dem fr\u00fchen 18. Jahrhundert. Ein ganz aus der Zeit gefallener, noch heute landwirtschaftlich genutzter Ort in einer anmutigen H\u00fcgellandschaft, der von einer Stiftung getragen wird und nach und nach behutsam renoviert werden soll. Auch Ferieng\u00e4ste sind hier in der Villa des fr\u00fcheren Oberg\u00e4rtners willkommen. Ein gutes St\u00fcck muss man das Rad schieben, denn der schmale Weg zwischen den Weiden steht nur Wanderern offen. Der R\u00fcckweg f\u00fchrt durch das idyllische Pfaffental und \u00fcber Unterma\u00dffeld wieder nach Meiningen.<\/p>\n<p>Ein anderer kleiner Ausflug lockt uns in das Fachwerkdorf Rohr, wo mit St. Michael die \u00e4lteste Kirche Th\u00fcringens auf uns wartet. Die in den Urspr\u00fcngen noch karolingische Kirche war ehemals Klosterkirche eines Benediktinerklosters und ist mit einem Mauerring umgeben. Die Kirchenburg mit ihrer Krypta ist ein stiller Ort \u2013 nur zehn Autominuten von Meiningen entfernt.<\/p>\n<p>Doch man muss in Meiningen gar nicht weit hinaus. Mitten im Stadtzentrum liegt der Englische Garten, der seit 1782 n\u00f6rdlich der Altstadt angelegt wurde. Und zwischen dem Schloss Elisabethenburg und der Werra liegt der Schlosspark. Auch er ist alt. Schon Ende des 17. Jahrhunderts wurde hier ein Park geschaffen, der im 18. Jahrhundert zu einem Landschaftspark vergr\u00f6\u00dfert wurde. Die Werra durchflie\u00dft ihn und wird durch gusseiserne Br\u00fccken \u00fcberspannt \u2013 auf ganz pittoreske Weise.<\/p>\n<p>Zum Abschluss serviert uns unser Gastgeber Uwe Klein noch einmal einen Braten mit Th\u00fcringer Kl\u00f6\u00dfen im Garten des Palais am Prinzenberg. Er hat schon wieder G\u00e4ste \u2013 und wir sind wieder mittendrin. Dann, Vertreibung aus dem Paradies, auf die Autobahn Richtung W\u00fcrzburg. Aber wir kommen ganz bald wieder, in diese so besondere Stadt im S\u00fcden Th\u00fcringens.<\/p>\n<p>Marc Peschke<\/p>\n<p>&nbsp;<\/p>\n<p><img loading=\"lazy\" decoding=\"async\" class=\"alignnone size-medium wp-image-13668\" src=\"https:\/\/starke-meinungen.de\/blog\/wp-content\/uploads\/IMG_7043-Schlosspark-Meiningen-200x267.jpg\" alt=\"\" width=\"200\" height=\"267\" srcset=\"https:\/\/starke-meinungen.de\/blog\/wp-content\/uploads\/IMG_7043-Schlosspark-Meiningen-200x267.jpg 200w, https:\/\/starke-meinungen.de\/blog\/wp-content\/uploads\/IMG_7043-Schlosspark-Meiningen-445x593.jpg 445w, https:\/\/starke-meinungen.de\/blog\/wp-content\/uploads\/IMG_7043-Schlosspark-Meiningen-768x1024.jpg 768w, https:\/\/starke-meinungen.de\/blog\/wp-content\/uploads\/IMG_7043-Schlosspark-Meiningen-1152x1536.jpg 1152w, https:\/\/starke-meinungen.de\/blog\/wp-content\/uploads\/IMG_7043-Schlosspark-Meiningen-1536x2048.jpg 1536w, https:\/\/starke-meinungen.de\/blog\/wp-content\/uploads\/IMG_7043-Schlosspark-Meiningen-scaled.jpg 1920w\" sizes=\"auto, (max-width: 200px) 100vw, 200px\" \/> <img loading=\"lazy\" decoding=\"async\" class=\"alignnone size-medium wp-image-13669\" src=\"https:\/\/starke-meinungen.de\/blog\/wp-content\/uploads\/IMG_7045-Schloss-Elisabethenburg-Meiningen-200x267.jpg\" alt=\"\" width=\"200\" height=\"267\" srcset=\"https:\/\/starke-meinungen.de\/blog\/wp-content\/uploads\/IMG_7045-Schloss-Elisabethenburg-Meiningen-200x267.jpg 200w, https:\/\/starke-meinungen.de\/blog\/wp-content\/uploads\/IMG_7045-Schloss-Elisabethenburg-Meiningen-445x593.jpg 445w, https:\/\/starke-meinungen.de\/blog\/wp-content\/uploads\/IMG_7045-Schloss-Elisabethenburg-Meiningen-768x1024.jpg 768w, https:\/\/starke-meinungen.de\/blog\/wp-content\/uploads\/IMG_7045-Schloss-Elisabethenburg-Meiningen-1152x1536.jpg 1152w, https:\/\/starke-meinungen.de\/blog\/wp-content\/uploads\/IMG_7045-Schloss-Elisabethenburg-Meiningen-1536x2048.jpg 1536w, https:\/\/starke-meinungen.de\/blog\/wp-content\/uploads\/IMG_7045-Schloss-Elisabethenburg-Meiningen-scaled.jpg 1920w\" sizes=\"auto, (max-width: 200px) 100vw, 200px\" \/> <img loading=\"lazy\" decoding=\"async\" class=\"alignnone size-medium wp-image-13670\" src=\"https:\/\/starke-meinungen.de\/blog\/wp-content\/uploads\/IMG_7046-Schloss-Elisabethenburg-Meiningen-200x267.jpg\" alt=\"\" width=\"200\" height=\"267\" srcset=\"https:\/\/starke-meinungen.de\/blog\/wp-content\/uploads\/IMG_7046-Schloss-Elisabethenburg-Meiningen-200x267.jpg 200w, https:\/\/starke-meinungen.de\/blog\/wp-content\/uploads\/IMG_7046-Schloss-Elisabethenburg-Meiningen-445x593.jpg 445w, https:\/\/starke-meinungen.de\/blog\/wp-content\/uploads\/IMG_7046-Schloss-Elisabethenburg-Meiningen-768x1024.jpg 768w, https:\/\/starke-meinungen.de\/blog\/wp-content\/uploads\/IMG_7046-Schloss-Elisabethenburg-Meiningen-1152x1536.jpg 1152w, https:\/\/starke-meinungen.de\/blog\/wp-content\/uploads\/IMG_7046-Schloss-Elisabethenburg-Meiningen-1536x2048.jpg 1536w, https:\/\/starke-meinungen.de\/blog\/wp-content\/uploads\/IMG_7046-Schloss-Elisabethenburg-Meiningen-scaled.jpg 1920w\" sizes=\"auto, (max-width: 200px) 100vw, 200px\" \/> <img loading=\"lazy\" decoding=\"async\" class=\"alignnone size-medium wp-image-13671\" src=\"https:\/\/starke-meinungen.de\/blog\/wp-content\/uploads\/IMG_7052-Stadtkirche-Meinigen-200x267.jpg\" alt=\"\" width=\"200\" height=\"267\" srcset=\"https:\/\/starke-meinungen.de\/blog\/wp-content\/uploads\/IMG_7052-Stadtkirche-Meinigen-200x267.jpg 200w, https:\/\/starke-meinungen.de\/blog\/wp-content\/uploads\/IMG_7052-Stadtkirche-Meinigen-445x593.jpg 445w, https:\/\/starke-meinungen.de\/blog\/wp-content\/uploads\/IMG_7052-Stadtkirche-Meinigen-768x1024.jpg 768w, https:\/\/starke-meinungen.de\/blog\/wp-content\/uploads\/IMG_7052-Stadtkirche-Meinigen-1152x1536.jpg 1152w, https:\/\/starke-meinungen.de\/blog\/wp-content\/uploads\/IMG_7052-Stadtkirche-Meinigen-1536x2048.jpg 1536w, https:\/\/starke-meinungen.de\/blog\/wp-content\/uploads\/IMG_7052-Stadtkirche-Meinigen-scaled.jpg 1920w\" sizes=\"auto, (max-width: 200px) 100vw, 200px\" \/> <img loading=\"lazy\" decoding=\"async\" class=\"alignnone size-medium wp-image-13672\" src=\"https:\/\/starke-meinungen.de\/blog\/wp-content\/uploads\/IMG_7074-Michaeliskirche-in-Rohr-200x150.jpg\" alt=\"\" width=\"200\" height=\"150\" srcset=\"https:\/\/starke-meinungen.de\/blog\/wp-content\/uploads\/IMG_7074-Michaeliskirche-in-Rohr-200x150.jpg 200w, https:\/\/starke-meinungen.de\/blog\/wp-content\/uploads\/IMG_7074-Michaeliskirche-in-Rohr-445x334.jpg 445w, https:\/\/starke-meinungen.de\/blog\/wp-content\/uploads\/IMG_7074-Michaeliskirche-in-Rohr-768x576.jpg 768w, https:\/\/starke-meinungen.de\/blog\/wp-content\/uploads\/IMG_7074-Michaeliskirche-in-Rohr-1536x1152.jpg 1536w, https:\/\/starke-meinungen.de\/blog\/wp-content\/uploads\/IMG_7074-Michaeliskirche-in-Rohr-2048x1536.jpg 2048w, https:\/\/starke-meinungen.de\/blog\/wp-content\/uploads\/IMG_7074-Michaeliskirche-in-Rohr-70x53.jpg 70w\" sizes=\"auto, (max-width: 200px) 100vw, 200px\" \/> <img loading=\"lazy\" decoding=\"async\" class=\"alignnone size-medium wp-image-13673\" src=\"https:\/\/starke-meinungen.de\/blog\/wp-content\/uploads\/IMG_7091-Schloss-Elisabethenburg-Meiningen-200x267.jpg\" alt=\"\" width=\"200\" height=\"267\" srcset=\"https:\/\/starke-meinungen.de\/blog\/wp-content\/uploads\/IMG_7091-Schloss-Elisabethenburg-Meiningen-200x267.jpg 200w, https:\/\/starke-meinungen.de\/blog\/wp-content\/uploads\/IMG_7091-Schloss-Elisabethenburg-Meiningen-445x593.jpg 445w, https:\/\/starke-meinungen.de\/blog\/wp-content\/uploads\/IMG_7091-Schloss-Elisabethenburg-Meiningen-768x1024.jpg 768w, https:\/\/starke-meinungen.de\/blog\/wp-content\/uploads\/IMG_7091-Schloss-Elisabethenburg-Meiningen-1152x1536.jpg 1152w, https:\/\/starke-meinungen.de\/blog\/wp-content\/uploads\/IMG_7091-Schloss-Elisabethenburg-Meiningen-1536x2048.jpg 1536w, https:\/\/starke-meinungen.de\/blog\/wp-content\/uploads\/IMG_7091-Schloss-Elisabethenburg-Meiningen-scaled.jpg 1920w\" sizes=\"auto, (max-width: 200px) 100vw, 200px\" \/> <img loading=\"lazy\" decoding=\"async\" class=\"alignnone size-medium wp-image-13674\" src=\"https:\/\/starke-meinungen.de\/blog\/wp-content\/uploads\/IMG_7095-Staatstheater-Meiningen-200x267.jpg\" alt=\"\" width=\"200\" height=\"267\" srcset=\"https:\/\/starke-meinungen.de\/blog\/wp-content\/uploads\/IMG_7095-Staatstheater-Meiningen-200x267.jpg 200w, https:\/\/starke-meinungen.de\/blog\/wp-content\/uploads\/IMG_7095-Staatstheater-Meiningen-445x593.jpg 445w, https:\/\/starke-meinungen.de\/blog\/wp-content\/uploads\/IMG_7095-Staatstheater-Meiningen-768x1024.jpg 768w, https:\/\/starke-meinungen.de\/blog\/wp-content\/uploads\/IMG_7095-Staatstheater-Meiningen-1152x1536.jpg 1152w, https:\/\/starke-meinungen.de\/blog\/wp-content\/uploads\/IMG_7095-Staatstheater-Meiningen-1536x2048.jpg 1536w, https:\/\/starke-meinungen.de\/blog\/wp-content\/uploads\/IMG_7095-Staatstheater-Meiningen-scaled.jpg 1920w\" sizes=\"auto, (max-width: 200px) 100vw, 200px\" \/> <img loading=\"lazy\" decoding=\"async\" class=\"alignnone size-medium wp-image-13675\" src=\"https:\/\/starke-meinungen.de\/blog\/wp-content\/uploads\/IMG_7097-Staatstheater-Meiningen-200x267.jpg\" alt=\"\" width=\"200\" height=\"267\" srcset=\"https:\/\/starke-meinungen.de\/blog\/wp-content\/uploads\/IMG_7097-Staatstheater-Meiningen-200x267.jpg 200w, https:\/\/starke-meinungen.de\/blog\/wp-content\/uploads\/IMG_7097-Staatstheater-Meiningen-445x593.jpg 445w, https:\/\/starke-meinungen.de\/blog\/wp-content\/uploads\/IMG_7097-Staatstheater-Meiningen-768x1024.jpg 768w, https:\/\/starke-meinungen.de\/blog\/wp-content\/uploads\/IMG_7097-Staatstheater-Meiningen-1152x1536.jpg 1152w, https:\/\/starke-meinungen.de\/blog\/wp-content\/uploads\/IMG_7097-Staatstheater-Meiningen-1536x2048.jpg 1536w, https:\/\/starke-meinungen.de\/blog\/wp-content\/uploads\/IMG_7097-Staatstheater-Meiningen-scaled.jpg 1920w\" sizes=\"auto, (max-width: 200px) 100vw, 200px\" \/> <img loading=\"lazy\" decoding=\"async\" class=\"alignnone size-medium wp-image-13678\" src=\"https:\/\/starke-meinungen.de\/blog\/wp-content\/uploads\/IMG_7102-Schloss-Elisbethenburg-Meiningen-200x267.jpg\" alt=\"\" width=\"200\" height=\"267\" srcset=\"https:\/\/starke-meinungen.de\/blog\/wp-content\/uploads\/IMG_7102-Schloss-Elisbethenburg-Meiningen-200x267.jpg 200w, https:\/\/starke-meinungen.de\/blog\/wp-content\/uploads\/IMG_7102-Schloss-Elisbethenburg-Meiningen-445x593.jpg 445w, https:\/\/starke-meinungen.de\/blog\/wp-content\/uploads\/IMG_7102-Schloss-Elisbethenburg-Meiningen-768x1024.jpg 768w, https:\/\/starke-meinungen.de\/blog\/wp-content\/uploads\/IMG_7102-Schloss-Elisbethenburg-Meiningen-1152x1536.jpg 1152w, https:\/\/starke-meinungen.de\/blog\/wp-content\/uploads\/IMG_7102-Schloss-Elisbethenburg-Meiningen-1536x2048.jpg 1536w, https:\/\/starke-meinungen.de\/blog\/wp-content\/uploads\/IMG_7102-Schloss-Elisbethenburg-Meiningen-scaled.jpg 1920w\" sizes=\"auto, (max-width: 200px) 100vw, 200px\" \/> <img loading=\"lazy\" decoding=\"async\" class=\"alignnone size-medium wp-image-13679\" src=\"https:\/\/starke-meinungen.de\/blog\/wp-content\/uploads\/IMG_7103-An-der-Werra-in-Meiningen-200x267.jpg\" alt=\"\" width=\"200\" height=\"267\" srcset=\"https:\/\/starke-meinungen.de\/blog\/wp-content\/uploads\/IMG_7103-An-der-Werra-in-Meiningen-200x267.jpg 200w, https:\/\/starke-meinungen.de\/blog\/wp-content\/uploads\/IMG_7103-An-der-Werra-in-Meiningen-445x593.jpg 445w, https:\/\/starke-meinungen.de\/blog\/wp-content\/uploads\/IMG_7103-An-der-Werra-in-Meiningen-768x1024.jpg 768w, https:\/\/starke-meinungen.de\/blog\/wp-content\/uploads\/IMG_7103-An-der-Werra-in-Meiningen-1152x1536.jpg 1152w, https:\/\/starke-meinungen.de\/blog\/wp-content\/uploads\/IMG_7103-An-der-Werra-in-Meiningen-1536x2048.jpg 1536w, https:\/\/starke-meinungen.de\/blog\/wp-content\/uploads\/IMG_7103-An-der-Werra-in-Meiningen-scaled.jpg 1920w\" sizes=\"auto, (max-width: 200px) 100vw, 200px\" \/> <img loading=\"lazy\" decoding=\"async\" class=\"alignnone size-medium wp-image-13682\" src=\"https:\/\/starke-meinungen.de\/blog\/wp-content\/uploads\/IMG_7117-Kombinat-Meiningen-200x150.jpg\" alt=\"\" width=\"200\" height=\"150\" srcset=\"https:\/\/starke-meinungen.de\/blog\/wp-content\/uploads\/IMG_7117-Kombinat-Meiningen-200x150.jpg 200w, https:\/\/starke-meinungen.de\/blog\/wp-content\/uploads\/IMG_7117-Kombinat-Meiningen-445x334.jpg 445w, https:\/\/starke-meinungen.de\/blog\/wp-content\/uploads\/IMG_7117-Kombinat-Meiningen-768x576.jpg 768w, https:\/\/starke-meinungen.de\/blog\/wp-content\/uploads\/IMG_7117-Kombinat-Meiningen-1536x1152.jpg 1536w, https:\/\/starke-meinungen.de\/blog\/wp-content\/uploads\/IMG_7117-Kombinat-Meiningen-2048x1536.jpg 2048w, https:\/\/starke-meinungen.de\/blog\/wp-content\/uploads\/IMG_7117-Kombinat-Meiningen-70x53.jpg 70w\" sizes=\"auto, (max-width: 200px) 100vw, 200px\" \/><\/p>\n<p>&nbsp;<\/p>\n<p><a href=\"http:\/\/www.meiningen.de\">www.meiningen.de<\/a><\/p>\n<p><a href=\"http:\/\/www.meiningermuseen.de\">www.meiningermuseen.de<\/a><\/p>\n<p><a href=\"http:\/\/www.thueringer-staedte.de\">www.thueringer-staedte.de<\/a><\/p>\n<p><a href=\"http:\/\/www.georgjahr2026.de\">www.georgjahr2026.de<\/a><\/p>\n<p><a href=\"http:\/\/www.uwe-klein-hotels.de\">www.uwe-klein-hotels.de<\/a><\/p>\n<p><a href=\"http:\/\/www.goldenerzwinger.de\">www.goldenerzwinger.de<\/a><\/p>\n<p><a href=\"http:\/\/www.kombinat-meiningen.de\">www.kombinat-meiningen.de<\/a><\/p>\n<div class=\"shariff shariff-align-left shariff-widget-align-left shariff-buttonstretch\" style=\"display:none\"><ul class=\"shariff-buttons theme-white orientation-horizontal buttonsize-medium\"><li class=\"shariff-button facebook shariff-nocustomcolor\" style=\"background-color:#4273c8\"><a href=\"https:\/\/www.facebook.com\/sharer\/sharer.php?u=https%3A%2F%2Fstarke-meinungen.de%2Fblog%2F2025%2F05%2F03%2Fperle-des-klassizismus%2F\" title=\"Bei Facebook teilen\" aria-label=\"Bei Facebook teilen\" role=\"button\" rel=\"nofollow\" class=\"shariff-link\" style=\"; background-color:#3b5998; color:#3b5998\" target=\"_blank\"><span class=\"shariff-icon\" style=\"fill:#3b5998\"><svg width=\"32px\" height=\"20px\" xmlns=\"http:\/\/www.w3.org\/2000\/svg\" viewBox=\"0 0 18 32\"><path fill=\"#3b5998\" d=\"M17.1 0.2v4.7h-2.8q-1.5 0-2.1 0.6t-0.5 1.9v3.4h5.2l-0.7 5.3h-4.5v13.6h-5.5v-13.6h-4.5v-5.3h4.5v-3.9q0-3.3 1.9-5.2t5-1.8q2.6 0 4.1 0.2z\"\/><\/svg><\/span><span class=\"shariff-text\" style=\"color:#3b5998\">teilen<\/span>&nbsp;<\/a><\/li><li class=\"shariff-button twitter shariff-nocustomcolor\" style=\"background-color:#595959\"><a href=\"https:\/\/twitter.com\/share?url=https%3A%2F%2Fstarke-meinungen.de%2Fblog%2F2025%2F05%2F03%2Fperle-des-klassizismus%2F&text=Perle%20des%20Klassizismus%20%C2%A0&via=starkemeinungen\" title=\"Bei X teilen\" aria-label=\"Bei X teilen\" role=\"button\" rel=\"noopener nofollow\" class=\"shariff-link\" style=\"; background-color:#000; color:#000\" target=\"_blank\"><span class=\"shariff-icon\" style=\"fill:#000\"><svg width=\"32px\" height=\"20px\" xmlns=\"http:\/\/www.w3.org\/2000\/svg\" viewBox=\"0 0 24 24\"><path fill=\"#000\" d=\"M14.258 10.152L23.176 0h-2.113l-7.747 8.813L7.133 0H0l9.352 13.328L0 23.973h2.113l8.176-9.309 6.531 9.309h7.133zm-2.895 3.293l-.949-1.328L2.875 1.56h3.246l6.086 8.523.945 1.328 7.91 11.078h-3.246zm0 0\"\/><\/svg><\/span><span class=\"shariff-text\" style=\"color:#000\">teilen<\/span>&nbsp;<\/a><\/li><li class=\"shariff-button linkedin shariff-nocustomcolor\" style=\"background-color:#1488bf\"><a href=\"https:\/\/www.linkedin.com\/sharing\/share-offsite\/?url=https%3A%2F%2Fstarke-meinungen.de%2Fblog%2F2025%2F05%2F03%2Fperle-des-klassizismus%2F\" title=\"Bei LinkedIn teilen\" aria-label=\"Bei LinkedIn teilen\" role=\"button\" rel=\"noopener nofollow\" class=\"shariff-link\" style=\"; background-color:#0077b5; color:#0077b5\" target=\"_blank\"><span class=\"shariff-icon\" style=\"fill:#0077b5\"><svg width=\"32px\" height=\"20px\" xmlns=\"http:\/\/www.w3.org\/2000\/svg\" viewBox=\"0 0 27 32\"><path fill=\"#0077b5\" d=\"M6.2 11.2v17.7h-5.9v-17.7h5.9zM6.6 5.7q0 1.3-0.9 2.2t-2.4 0.9h0q-1.5 0-2.4-0.9t-0.9-2.2 0.9-2.2 2.4-0.9 2.4 0.9 0.9 2.2zM27.4 18.7v10.1h-5.9v-9.5q0-1.9-0.7-2.9t-2.3-1.1q-1.1 0-1.9 0.6t-1.2 1.5q-0.2 0.5-0.2 1.4v9.9h-5.9q0-7.1 0-11.6t0-5.3l0-0.9h5.9v2.6h0q0.4-0.6 0.7-1t1-0.9 1.6-0.8 2-0.3q3 0 4.9 2t1.9 6z\"\/><\/svg><\/span><span class=\"shariff-text\" style=\"color:#0077b5\">teilen<\/span>&nbsp;<\/a><\/li><li class=\"shariff-button xing shariff-nocustomcolor\" style=\"background-color:#29888a\"><a href=\"https:\/\/www.xing.com\/spi\/shares\/new?url=https%3A%2F%2Fstarke-meinungen.de%2Fblog%2F2025%2F05%2F03%2Fperle-des-klassizismus%2F\" title=\"Bei XING teilen\" aria-label=\"Bei XING teilen\" role=\"button\" rel=\"noopener nofollow\" class=\"shariff-link\" style=\"; background-color:#126567; color:#126567\" target=\"_blank\"><span class=\"shariff-icon\" style=\"fill:#126567\"><svg width=\"32px\" height=\"20px\" xmlns=\"http:\/\/www.w3.org\/2000\/svg\" viewBox=\"0 0 25 32\"><path fill=\"#126567\" d=\"M10.7 11.9q-0.2 0.3-4.6 8.2-0.5 0.8-1.2 0.8h-4.3q-0.4 0-0.5-0.3t0-0.6l4.5-8q0 0 0 0l-2.9-5q-0.2-0.4 0-0.7 0.2-0.3 0.5-0.3h4.3q0.7 0 1.2 0.8zM25.1 0.4q0.2 0.3 0 0.7l-9.4 16.7 6 11q0.2 0.4 0 0.6-0.2 0.3-0.6 0.3h-4.3q-0.7 0-1.2-0.8l-6-11.1q0.3-0.6 9.5-16.8 0.4-0.8 1.2-0.8h4.3q0.4 0 0.5 0.3z\"\/><\/svg><\/span><span class=\"shariff-text\" style=\"color:#126567\">teilen<\/span>&nbsp;<\/a><\/li><li class=\"shariff-button whatsapp shariff-nocustomcolor\" style=\"background-color:#5cbe4a\"><a href=\"https:\/\/api.whatsapp.com\/send?text=https%3A%2F%2Fstarke-meinungen.de%2Fblog%2F2025%2F05%2F03%2Fperle-des-klassizismus%2F%20Perle%20des%20Klassizismus%20%C2%A0\" title=\"Bei Whatsapp teilen\" aria-label=\"Bei Whatsapp teilen\" role=\"button\" rel=\"noopener nofollow\" class=\"shariff-link\" style=\"; background-color:#34af23; color:#34af23\" target=\"_blank\"><span class=\"shariff-icon\" style=\"fill:#34af23\"><svg width=\"32px\" height=\"20px\" xmlns=\"http:\/\/www.w3.org\/2000\/svg\" viewBox=\"0 0 32 32\"><path fill=\"#34af23\" d=\"M17.6 17.4q0.2 0 1.7 0.8t1.6 0.9q0 0.1 0 0.3 0 0.6-0.3 1.4-0.3 0.7-1.3 1.2t-1.8 0.5q-1 0-3.4-1.1-1.7-0.8-3-2.1t-2.6-3.3q-1.3-1.9-1.3-3.5v-0.1q0.1-1.6 1.3-2.8 0.4-0.4 0.9-0.4 0.1 0 0.3 0t0.3 0q0.3 0 0.5 0.1t0.3 0.5q0.1 0.4 0.6 1.6t0.4 1.3q0 0.4-0.6 1t-0.6 0.8q0 0.1 0.1 0.3 0.6 1.3 1.8 2.4 1 0.9 2.7 1.8 0.2 0.1 0.4 0.1 0.3 0 1-0.9t0.9-0.9zM14 26.9q2.3 0 4.3-0.9t3.6-2.4 2.4-3.6 0.9-4.3-0.9-4.3-2.4-3.6-3.6-2.4-4.3-0.9-4.3 0.9-3.6 2.4-2.4 3.6-0.9 4.3q0 3.6 2.1 6.6l-1.4 4.2 4.3-1.4q2.8 1.9 6.2 1.9zM14 2.2q2.7 0 5.2 1.1t4.3 2.9 2.9 4.3 1.1 5.2-1.1 5.2-2.9 4.3-4.3 2.9-5.2 1.1q-3.5 0-6.5-1.7l-7.4 2.4 2.4-7.2q-1.9-3.2-1.9-6.9 0-2.7 1.1-5.2t2.9-4.3 4.3-2.9 5.2-1.1z\"\/><\/svg><\/span><span class=\"shariff-text\" style=\"color:#34af23\">teilen<\/span>&nbsp;<\/a><\/li><li class=\"shariff-button info shariff-nocustomcolor\" style=\"background-color:#a8a8a8\"><a href=\"http:\/\/ct.de\/-2467514\" title=\"Weitere Informationen\" aria-label=\"Weitere Informationen\" role=\"button\" rel=\"noopener \" class=\"shariff-link\" style=\"; background-color:#999; color:#999\" target=\"_blank\"><span class=\"shariff-icon\" style=\"fill:#999\"><svg width=\"32px\" height=\"20px\" xmlns=\"http:\/\/www.w3.org\/2000\/svg\" viewBox=\"0 0 11 32\"><path fill=\"#999\" d=\"M11.4 24v2.3q0 0.5-0.3 0.8t-0.8 0.4h-9.1q-0.5 0-0.8-0.4t-0.4-0.8v-2.3q0-0.5 0.4-0.8t0.8-0.4h1.1v-6.8h-1.1q-0.5 0-0.8-0.4t-0.4-0.8v-2.3q0-0.5 0.4-0.8t0.8-0.4h6.8q0.5 0 0.8 0.4t0.4 0.8v10.3h1.1q0.5 0 0.8 0.4t0.3 0.8zM9.2 3.4v3.4q0 0.5-0.4 0.8t-0.8 0.4h-4.6q-0.4 0-0.8-0.4t-0.4-0.8v-3.4q0-0.4 0.4-0.8t0.8-0.4h4.6q0.5 0 0.8 0.4t0.4 0.8z\"\/><\/svg><\/span><\/a><\/li><\/ul><\/div>","protected":false},"excerpt":{"rendered":"<p>Perle des Klassizismus Die Theaterstadt Meiningen ist etwas ganz Besonderes Entdeckungslust kommt auf. Doch ganz so weit soll die Anfahrt f\u00fcr f\u00fcnf Tage nicht sein. Also mal wieder nach Th\u00fcringen \u2013 diesmal nach Meiningen im Landkreis Schmalkalden-Meiningen. Die Kreisstadt im fr\u00e4nkisch gepr\u00e4gten S\u00fcden Th\u00fcringens hat etwa 25.000 Bewohner, liegt im Tal der Werra und ist \u2013 man sieht es gleich&#8230; <a href=\"https:\/\/starke-meinungen.de\/blog\/2025\/05\/03\/perle-des-klassizismus\/\">Weiterlesen &raquo;<\/a><\/p>\n","protected":false},"author":52,"featured_media":13666,"comment_status":"open","ping_status":"open","sticky":false,"template":"","format":"standard","meta":{"footnotes":""},"categories":[1],"tags":[],"class_list":["post-13665","post","type-post","status-publish","format-standard","has-post-thumbnail","hentry","category-allgemein"],"yoast_head":"<!-- This site is optimized with the Yoast SEO plugin v27.5 - https:\/\/yoast.com\/product\/yoast-seo-wordpress\/ -->\n<title>Perle des Klassizismus \u00a0 - starke-meinungen.de<\/title>\n<meta name=\"robots\" content=\"index, follow, max-snippet:-1, max-image-preview:large, max-video-preview:-1\" \/>\n<link rel=\"canonical\" href=\"https:\/\/starke-meinungen.de\/blog\/2025\/05\/03\/perle-des-klassizismus\/\" \/>\n<meta property=\"og:locale\" content=\"de_DE\" \/>\n<meta property=\"og:type\" content=\"article\" \/>\n<meta property=\"og:title\" content=\"Perle des Klassizismus \u00a0 - starke-meinungen.de\" \/>\n<meta property=\"og:description\" content=\"Perle des Klassizismus Die Theaterstadt Meiningen ist etwas ganz Besonderes Entdeckungslust kommt auf. Doch ganz so weit soll die Anfahrt f\u00fcr f\u00fcnf Tage nicht sein. Also mal wieder nach Th\u00fcringen \u2013 diesmal nach Meiningen im Landkreis Schmalkalden-Meiningen. Die Kreisstadt im fr\u00e4nkisch gepr\u00e4gten S\u00fcden Th\u00fcringens hat etwa 25.000 Bewohner, liegt im Tal der Werra und ist \u2013 man sieht es gleich... Weiterlesen &raquo;\" \/>\n<meta property=\"og:url\" content=\"https:\/\/starke-meinungen.de\/blog\/2025\/05\/03\/perle-des-klassizismus\/\" \/>\n<meta property=\"og:site_name\" content=\"starke-meinungen.de\" \/>\n<meta property=\"article:publisher\" content=\"https:\/\/www.facebook.com\/starkemeinungen\/\" \/>\n<meta property=\"article:author\" content=\"https:\/\/www.facebook.com\/marc.peschke.77\" \/>\n<meta property=\"article:published_time\" content=\"2025-05-03T09:05:44+00:00\" \/>\n<meta property=\"article:modified_time\" content=\"2025-05-03T17:34:07+00:00\" \/>\n<meta property=\"og:image\" content=\"https:\/\/starke-meinungen.de\/blog\/wp-content\/uploads\/IMG_7111-Meiningen-scaled.jpg\" \/>\n\t<meta property=\"og:image:width\" content=\"1920\" \/>\n\t<meta property=\"og:image:height\" content=\"2560\" \/>\n\t<meta property=\"og:image:type\" content=\"image\/jpeg\" \/>\n<meta name=\"author\" content=\"Marc Peschke\" \/>\n<meta name=\"twitter:card\" content=\"summary_large_image\" \/>\n<meta name=\"twitter:creator\" content=\"@starkemeinungen\" \/>\n<meta name=\"twitter:site\" content=\"@starkemeinungen\" \/>\n<meta name=\"twitter:label1\" content=\"Verfasst von\" \/>\n\t<meta name=\"twitter:data1\" content=\"Marc Peschke\" \/>\n\t<meta name=\"twitter:label2\" content=\"Gesch\u00e4tzte Lesezeit\" \/>\n\t<meta name=\"twitter:data2\" content=\"13\u00a0Minuten\" \/>\n<script type=\"application\/ld+json\" class=\"yoast-schema-graph\">{\"@context\":\"https:\\\/\\\/schema.org\",\"@graph\":[{\"@type\":\"Article\",\"@id\":\"https:\\\/\\\/starke-meinungen.de\\\/blog\\\/2025\\\/05\\\/03\\\/perle-des-klassizismus\\\/#article\",\"isPartOf\":{\"@id\":\"https:\\\/\\\/starke-meinungen.de\\\/blog\\\/2025\\\/05\\\/03\\\/perle-des-klassizismus\\\/\"},\"author\":{\"name\":\"Marc Peschke\",\"@id\":\"https:\\\/\\\/starke-meinungen.de\\\/blog\\\/#\\\/schema\\\/person\\\/bc4847e63f360934b20c64b417e7bcf9\"},\"headline\":\"Perle des Klassizismus \u00a0\",\"datePublished\":\"2025-05-03T09:05:44+00:00\",\"dateModified\":\"2025-05-03T17:34:07+00:00\",\"mainEntityOfPage\":{\"@id\":\"https:\\\/\\\/starke-meinungen.de\\\/blog\\\/2025\\\/05\\\/03\\\/perle-des-klassizismus\\\/\"},\"wordCount\":1939,\"commentCount\":0,\"publisher\":{\"@id\":\"https:\\\/\\\/starke-meinungen.de\\\/blog\\\/#organization\"},\"image\":{\"@id\":\"https:\\\/\\\/starke-meinungen.de\\\/blog\\\/2025\\\/05\\\/03\\\/perle-des-klassizismus\\\/#primaryimage\"},\"thumbnailUrl\":\"https:\\\/\\\/starke-meinungen.de\\\/blog\\\/wp-content\\\/uploads\\\/IMG_7111-Meiningen-scaled.jpg\",\"inLanguage\":\"de\",\"potentialAction\":[{\"@type\":\"CommentAction\",\"name\":\"Comment\",\"target\":[\"https:\\\/\\\/starke-meinungen.de\\\/blog\\\/2025\\\/05\\\/03\\\/perle-des-klassizismus\\\/#respond\"]}]},{\"@type\":\"WebPage\",\"@id\":\"https:\\\/\\\/starke-meinungen.de\\\/blog\\\/2025\\\/05\\\/03\\\/perle-des-klassizismus\\\/\",\"url\":\"https:\\\/\\\/starke-meinungen.de\\\/blog\\\/2025\\\/05\\\/03\\\/perle-des-klassizismus\\\/\",\"name\":\"Perle des Klassizismus \u00a0 - starke-meinungen.de\",\"isPartOf\":{\"@id\":\"https:\\\/\\\/starke-meinungen.de\\\/blog\\\/#website\"},\"primaryImageOfPage\":{\"@id\":\"https:\\\/\\\/starke-meinungen.de\\\/blog\\\/2025\\\/05\\\/03\\\/perle-des-klassizismus\\\/#primaryimage\"},\"image\":{\"@id\":\"https:\\\/\\\/starke-meinungen.de\\\/blog\\\/2025\\\/05\\\/03\\\/perle-des-klassizismus\\\/#primaryimage\"},\"thumbnailUrl\":\"https:\\\/\\\/starke-meinungen.de\\\/blog\\\/wp-content\\\/uploads\\\/IMG_7111-Meiningen-scaled.jpg\",\"datePublished\":\"2025-05-03T09:05:44+00:00\",\"dateModified\":\"2025-05-03T17:34:07+00:00\",\"breadcrumb\":{\"@id\":\"https:\\\/\\\/starke-meinungen.de\\\/blog\\\/2025\\\/05\\\/03\\\/perle-des-klassizismus\\\/#breadcrumb\"},\"inLanguage\":\"de\",\"potentialAction\":[{\"@type\":\"ReadAction\",\"target\":[\"https:\\\/\\\/starke-meinungen.de\\\/blog\\\/2025\\\/05\\\/03\\\/perle-des-klassizismus\\\/\"]}]},{\"@type\":\"ImageObject\",\"inLanguage\":\"de\",\"@id\":\"https:\\\/\\\/starke-meinungen.de\\\/blog\\\/2025\\\/05\\\/03\\\/perle-des-klassizismus\\\/#primaryimage\",\"url\":\"https:\\\/\\\/starke-meinungen.de\\\/blog\\\/wp-content\\\/uploads\\\/IMG_7111-Meiningen-scaled.jpg\",\"contentUrl\":\"https:\\\/\\\/starke-meinungen.de\\\/blog\\\/wp-content\\\/uploads\\\/IMG_7111-Meiningen-scaled.jpg\",\"width\":1920,\"height\":2560},{\"@type\":\"BreadcrumbList\",\"@id\":\"https:\\\/\\\/starke-meinungen.de\\\/blog\\\/2025\\\/05\\\/03\\\/perle-des-klassizismus\\\/#breadcrumb\",\"itemListElement\":[{\"@type\":\"ListItem\",\"position\":1,\"name\":\"Startseite\",\"item\":\"https:\\\/\\\/starke-meinungen.de\\\/blog\\\/\"},{\"@type\":\"ListItem\",\"position\":2,\"name\":\"Perle des Klassizismus \u00a0\"}]},{\"@type\":\"WebSite\",\"@id\":\"https:\\\/\\\/starke-meinungen.de\\\/blog\\\/#website\",\"url\":\"https:\\\/\\\/starke-meinungen.de\\\/blog\\\/\",\"name\":\"starke-meinungen.de\",\"description\":\"Autoren-Blog\",\"publisher\":{\"@id\":\"https:\\\/\\\/starke-meinungen.de\\\/blog\\\/#organization\"},\"potentialAction\":[{\"@type\":\"SearchAction\",\"target\":{\"@type\":\"EntryPoint\",\"urlTemplate\":\"https:\\\/\\\/starke-meinungen.de\\\/blog\\\/?s={search_term_string}\"},\"query-input\":{\"@type\":\"PropertyValueSpecification\",\"valueRequired\":true,\"valueName\":\"search_term_string\"}}],\"inLanguage\":\"de\"},{\"@type\":\"Organization\",\"@id\":\"https:\\\/\\\/starke-meinungen.de\\\/blog\\\/#organization\",\"name\":\"starke-meinungen.de\",\"url\":\"https:\\\/\\\/starke-meinungen.de\\\/blog\\\/\",\"logo\":{\"@type\":\"ImageObject\",\"inLanguage\":\"de\",\"@id\":\"https:\\\/\\\/starke-meinungen.de\\\/blog\\\/#\\\/schema\\\/logo\\\/image\\\/\",\"url\":\"https:\\\/\\\/starke-meinungen.de\\\/blog\\\/wp-content\\\/uploads\\\/starke-meinungen-fb-header.jpg\",\"contentUrl\":\"https:\\\/\\\/starke-meinungen.de\\\/blog\\\/wp-content\\\/uploads\\\/starke-meinungen-fb-header.jpg\",\"width\":1200,\"height\":630,\"caption\":\"starke-meinungen.de\"},\"image\":{\"@id\":\"https:\\\/\\\/starke-meinungen.de\\\/blog\\\/#\\\/schema\\\/logo\\\/image\\\/\"},\"sameAs\":[\"https:\\\/\\\/www.facebook.com\\\/starkemeinungen\\\/\",\"https:\\\/\\\/x.com\\\/starkemeinungen\"]},{\"@type\":\"Person\",\"@id\":\"https:\\\/\\\/starke-meinungen.de\\\/blog\\\/#\\\/schema\\\/person\\\/bc4847e63f360934b20c64b417e7bcf9\",\"name\":\"Marc Peschke\",\"image\":{\"@type\":\"ImageObject\",\"inLanguage\":\"de\",\"@id\":\"https:\\\/\\\/secure.gravatar.com\\\/avatar\\\/63a61dc89f91ff292b74fb28f11d7b25da99e4a4d948bab1bd4bf452e84f01b6?s=96&d=mm&r=g\",\"url\":\"https:\\\/\\\/secure.gravatar.com\\\/avatar\\\/63a61dc89f91ff292b74fb28f11d7b25da99e4a4d948bab1bd4bf452e84f01b6?s=96&d=mm&r=g\",\"contentUrl\":\"https:\\\/\\\/secure.gravatar.com\\\/avatar\\\/63a61dc89f91ff292b74fb28f11d7b25da99e4a4d948bab1bd4bf452e84f01b6?s=96&d=mm&r=g\",\"caption\":\"Marc Peschke\"},\"description\":\"Marc Peschke, 1970 geboren, lebt in Wertheim am Main, Wiesbaden und Hamburg. Er hat in Mainz Kunstgeschichte, Komparatistik und Ethnologie studiert, arbeitet als Kunsthistoriker, Journalist und Texter, auch als Kurator und Kunstberater f\u00fcr Print- und Online-Medien, PR- und Werbeagenturen, K\u00fcnstler und K\u00fcnstlerinnen, Museen, Galerien und B\u00fcros. Seine Themen sind Kunst, Kultur, Pop, Reise, Tourismus, Design, Architektur, Literatur, Film und Fotografie. Er wirkt auch als freier Kurator, war Mitinhaber und Mitbegr\u00fcnder der Fotokunst-Galerie KUNSTADAPTER in Wiesbaden und Frankfurt am Main \u2013 sowie der Kultur-Bar WAKKER in Wiesbaden. In Wertheim am Main war er Mitkurator des Kunstraum ATELIER SCHWAB. Seit 2008 zahlreiche eigene Ausstellungen im In- und Ausland. Marc Peschkes k\u00fcnstlerische Arbeiten entstehen zumeist auf seinen zahlreichen Reisen und sind in verschiedenen nationalen und internationalen Sammlungen vertreten. Von 2020 bis 2022 realisierte Marc Peschke unter dem Namen MASCHERA zusammen mit anderen K\u00fcnstlern und K\u00fcnstlerinnen ein vielbeachtetes Musik-Video-Projekt. Seit 2022 ist er Mitkurator der Wiesbadener Fototage \u2013 Festival f\u00fcr aktuelle Fotokunst und Dokumentarfotografie. Seit 2022 Mitarbeit bei der Aufarbeitung des Nachlasses des K\u00fcnstlers Leo Leonhard. Seit 2024 Mitarbeit bei der Aufarbeitung des Nachlasses der K\u00fcnstlerin Edith Hultzsch.\",\"sameAs\":[\"http:\\\/\\\/www.marcpeschke.de\",\"https:\\\/\\\/www.facebook.com\\\/marc.peschke.77\",\"https:\\\/\\\/www.instagram.com\\\/marcpeschke\\\/\",\"https:\\\/\\\/www.youtube.com\\\/channel\\\/UCsWK5_PY5r3P3gRHB0VdWKw\\\/videos\"],\"url\":\"https:\\\/\\\/starke-meinungen.de\\\/blog\\\/author\\\/peschke\\\/\"}]}<\/script>\n<!-- \/ Yoast SEO plugin. -->","yoast_head_json":{"title":"Perle des Klassizismus \u00a0 - starke-meinungen.de","robots":{"index":"index","follow":"follow","max-snippet":"max-snippet:-1","max-image-preview":"max-image-preview:large","max-video-preview":"max-video-preview:-1"},"canonical":"https:\/\/starke-meinungen.de\/blog\/2025\/05\/03\/perle-des-klassizismus\/","og_locale":"de_DE","og_type":"article","og_title":"Perle des Klassizismus \u00a0 - starke-meinungen.de","og_description":"Perle des Klassizismus Die Theaterstadt Meiningen ist etwas ganz Besonderes Entdeckungslust kommt auf. Doch ganz so weit soll die Anfahrt f\u00fcr f\u00fcnf Tage nicht sein. Also mal wieder nach Th\u00fcringen \u2013 diesmal nach Meiningen im Landkreis Schmalkalden-Meiningen. Die Kreisstadt im fr\u00e4nkisch gepr\u00e4gten S\u00fcden Th\u00fcringens hat etwa 25.000 Bewohner, liegt im Tal der Werra und ist \u2013 man sieht es gleich... Weiterlesen &raquo;","og_url":"https:\/\/starke-meinungen.de\/blog\/2025\/05\/03\/perle-des-klassizismus\/","og_site_name":"starke-meinungen.de","article_publisher":"https:\/\/www.facebook.com\/starkemeinungen\/","article_author":"https:\/\/www.facebook.com\/marc.peschke.77","article_published_time":"2025-05-03T09:05:44+00:00","article_modified_time":"2025-05-03T17:34:07+00:00","og_image":[{"width":1920,"height":2560,"url":"https:\/\/starke-meinungen.de\/blog\/wp-content\/uploads\/IMG_7111-Meiningen-scaled.jpg","type":"image\/jpeg"}],"author":"Marc Peschke","twitter_card":"summary_large_image","twitter_creator":"@starkemeinungen","twitter_site":"@starkemeinungen","twitter_misc":{"Verfasst von":"Marc Peschke","Gesch\u00e4tzte Lesezeit":"13\u00a0Minuten"},"schema":{"@context":"https:\/\/schema.org","@graph":[{"@type":"Article","@id":"https:\/\/starke-meinungen.de\/blog\/2025\/05\/03\/perle-des-klassizismus\/#article","isPartOf":{"@id":"https:\/\/starke-meinungen.de\/blog\/2025\/05\/03\/perle-des-klassizismus\/"},"author":{"name":"Marc Peschke","@id":"https:\/\/starke-meinungen.de\/blog\/#\/schema\/person\/bc4847e63f360934b20c64b417e7bcf9"},"headline":"Perle des Klassizismus \u00a0","datePublished":"2025-05-03T09:05:44+00:00","dateModified":"2025-05-03T17:34:07+00:00","mainEntityOfPage":{"@id":"https:\/\/starke-meinungen.de\/blog\/2025\/05\/03\/perle-des-klassizismus\/"},"wordCount":1939,"commentCount":0,"publisher":{"@id":"https:\/\/starke-meinungen.de\/blog\/#organization"},"image":{"@id":"https:\/\/starke-meinungen.de\/blog\/2025\/05\/03\/perle-des-klassizismus\/#primaryimage"},"thumbnailUrl":"https:\/\/starke-meinungen.de\/blog\/wp-content\/uploads\/IMG_7111-Meiningen-scaled.jpg","inLanguage":"de","potentialAction":[{"@type":"CommentAction","name":"Comment","target":["https:\/\/starke-meinungen.de\/blog\/2025\/05\/03\/perle-des-klassizismus\/#respond"]}]},{"@type":"WebPage","@id":"https:\/\/starke-meinungen.de\/blog\/2025\/05\/03\/perle-des-klassizismus\/","url":"https:\/\/starke-meinungen.de\/blog\/2025\/05\/03\/perle-des-klassizismus\/","name":"Perle des Klassizismus \u00a0 - starke-meinungen.de","isPartOf":{"@id":"https:\/\/starke-meinungen.de\/blog\/#website"},"primaryImageOfPage":{"@id":"https:\/\/starke-meinungen.de\/blog\/2025\/05\/03\/perle-des-klassizismus\/#primaryimage"},"image":{"@id":"https:\/\/starke-meinungen.de\/blog\/2025\/05\/03\/perle-des-klassizismus\/#primaryimage"},"thumbnailUrl":"https:\/\/starke-meinungen.de\/blog\/wp-content\/uploads\/IMG_7111-Meiningen-scaled.jpg","datePublished":"2025-05-03T09:05:44+00:00","dateModified":"2025-05-03T17:34:07+00:00","breadcrumb":{"@id":"https:\/\/starke-meinungen.de\/blog\/2025\/05\/03\/perle-des-klassizismus\/#breadcrumb"},"inLanguage":"de","potentialAction":[{"@type":"ReadAction","target":["https:\/\/starke-meinungen.de\/blog\/2025\/05\/03\/perle-des-klassizismus\/"]}]},{"@type":"ImageObject","inLanguage":"de","@id":"https:\/\/starke-meinungen.de\/blog\/2025\/05\/03\/perle-des-klassizismus\/#primaryimage","url":"https:\/\/starke-meinungen.de\/blog\/wp-content\/uploads\/IMG_7111-Meiningen-scaled.jpg","contentUrl":"https:\/\/starke-meinungen.de\/blog\/wp-content\/uploads\/IMG_7111-Meiningen-scaled.jpg","width":1920,"height":2560},{"@type":"BreadcrumbList","@id":"https:\/\/starke-meinungen.de\/blog\/2025\/05\/03\/perle-des-klassizismus\/#breadcrumb","itemListElement":[{"@type":"ListItem","position":1,"name":"Startseite","item":"https:\/\/starke-meinungen.de\/blog\/"},{"@type":"ListItem","position":2,"name":"Perle des Klassizismus \u00a0"}]},{"@type":"WebSite","@id":"https:\/\/starke-meinungen.de\/blog\/#website","url":"https:\/\/starke-meinungen.de\/blog\/","name":"starke-meinungen.de","description":"Autoren-Blog","publisher":{"@id":"https:\/\/starke-meinungen.de\/blog\/#organization"},"potentialAction":[{"@type":"SearchAction","target":{"@type":"EntryPoint","urlTemplate":"https:\/\/starke-meinungen.de\/blog\/?s={search_term_string}"},"query-input":{"@type":"PropertyValueSpecification","valueRequired":true,"valueName":"search_term_string"}}],"inLanguage":"de"},{"@type":"Organization","@id":"https:\/\/starke-meinungen.de\/blog\/#organization","name":"starke-meinungen.de","url":"https:\/\/starke-meinungen.de\/blog\/","logo":{"@type":"ImageObject","inLanguage":"de","@id":"https:\/\/starke-meinungen.de\/blog\/#\/schema\/logo\/image\/","url":"https:\/\/starke-meinungen.de\/blog\/wp-content\/uploads\/starke-meinungen-fb-header.jpg","contentUrl":"https:\/\/starke-meinungen.de\/blog\/wp-content\/uploads\/starke-meinungen-fb-header.jpg","width":1200,"height":630,"caption":"starke-meinungen.de"},"image":{"@id":"https:\/\/starke-meinungen.de\/blog\/#\/schema\/logo\/image\/"},"sameAs":["https:\/\/www.facebook.com\/starkemeinungen\/","https:\/\/x.com\/starkemeinungen"]},{"@type":"Person","@id":"https:\/\/starke-meinungen.de\/blog\/#\/schema\/person\/bc4847e63f360934b20c64b417e7bcf9","name":"Marc Peschke","image":{"@type":"ImageObject","inLanguage":"de","@id":"https:\/\/secure.gravatar.com\/avatar\/63a61dc89f91ff292b74fb28f11d7b25da99e4a4d948bab1bd4bf452e84f01b6?s=96&d=mm&r=g","url":"https:\/\/secure.gravatar.com\/avatar\/63a61dc89f91ff292b74fb28f11d7b25da99e4a4d948bab1bd4bf452e84f01b6?s=96&d=mm&r=g","contentUrl":"https:\/\/secure.gravatar.com\/avatar\/63a61dc89f91ff292b74fb28f11d7b25da99e4a4d948bab1bd4bf452e84f01b6?s=96&d=mm&r=g","caption":"Marc Peschke"},"description":"Marc Peschke, 1970 geboren, lebt in Wertheim am Main, Wiesbaden und Hamburg. Er hat in Mainz Kunstgeschichte, Komparatistik und Ethnologie studiert, arbeitet als Kunsthistoriker, Journalist und Texter, auch als Kurator und Kunstberater f\u00fcr Print- und Online-Medien, PR- und Werbeagenturen, K\u00fcnstler und K\u00fcnstlerinnen, Museen, Galerien und B\u00fcros. Seine Themen sind Kunst, Kultur, Pop, Reise, Tourismus, Design, Architektur, Literatur, Film und Fotografie. Er wirkt auch als freier Kurator, war Mitinhaber und Mitbegr\u00fcnder der Fotokunst-Galerie KUNSTADAPTER in Wiesbaden und Frankfurt am Main \u2013 sowie der Kultur-Bar WAKKER in Wiesbaden. In Wertheim am Main war er Mitkurator des Kunstraum ATELIER SCHWAB. Seit 2008 zahlreiche eigene Ausstellungen im In- und Ausland. Marc Peschkes k\u00fcnstlerische Arbeiten entstehen zumeist auf seinen zahlreichen Reisen und sind in verschiedenen nationalen und internationalen Sammlungen vertreten. Von 2020 bis 2022 realisierte Marc Peschke unter dem Namen MASCHERA zusammen mit anderen K\u00fcnstlern und K\u00fcnstlerinnen ein vielbeachtetes Musik-Video-Projekt. Seit 2022 ist er Mitkurator der Wiesbadener Fototage \u2013 Festival f\u00fcr aktuelle Fotokunst und Dokumentarfotografie. Seit 2022 Mitarbeit bei der Aufarbeitung des Nachlasses des K\u00fcnstlers Leo Leonhard. Seit 2024 Mitarbeit bei der Aufarbeitung des Nachlasses der K\u00fcnstlerin Edith Hultzsch.","sameAs":["http:\/\/www.marcpeschke.de","https:\/\/www.facebook.com\/marc.peschke.77","https:\/\/www.instagram.com\/marcpeschke\/","https:\/\/www.youtube.com\/channel\/UCsWK5_PY5r3P3gRHB0VdWKw\/videos"],"url":"https:\/\/starke-meinungen.de\/blog\/author\/peschke\/"}]}},"_links":{"self":[{"href":"https:\/\/starke-meinungen.de\/blog\/wp-json\/wp\/v2\/posts\/13665","targetHints":{"allow":["GET"]}}],"collection":[{"href":"https:\/\/starke-meinungen.de\/blog\/wp-json\/wp\/v2\/posts"}],"about":[{"href":"https:\/\/starke-meinungen.de\/blog\/wp-json\/wp\/v2\/types\/post"}],"author":[{"embeddable":true,"href":"https:\/\/starke-meinungen.de\/blog\/wp-json\/wp\/v2\/users\/52"}],"replies":[{"embeddable":true,"href":"https:\/\/starke-meinungen.de\/blog\/wp-json\/wp\/v2\/comments?post=13665"}],"version-history":[{"count":8,"href":"https:\/\/starke-meinungen.de\/blog\/wp-json\/wp\/v2\/posts\/13665\/revisions"}],"predecessor-version":[{"id":13689,"href":"https:\/\/starke-meinungen.de\/blog\/wp-json\/wp\/v2\/posts\/13665\/revisions\/13689"}],"wp:featuredmedia":[{"embeddable":true,"href":"https:\/\/starke-meinungen.de\/blog\/wp-json\/wp\/v2\/media\/13666"}],"wp:attachment":[{"href":"https:\/\/starke-meinungen.de\/blog\/wp-json\/wp\/v2\/media?parent=13665"}],"wp:term":[{"taxonomy":"category","embeddable":true,"href":"https:\/\/starke-meinungen.de\/blog\/wp-json\/wp\/v2\/categories?post=13665"},{"taxonomy":"post_tag","embeddable":true,"href":"https:\/\/starke-meinungen.de\/blog\/wp-json\/wp\/v2\/tags?post=13665"}],"curies":[{"name":"wp","href":"https:\/\/api.w.org\/{rel}","templated":true}]}}