

{"id":13613,"date":"2025-04-28T15:27:41","date_gmt":"2025-04-28T13:27:41","guid":{"rendered":"https:\/\/starke-meinungen.de\/blog\/?p=13613"},"modified":"2026-01-30T14:45:30","modified_gmt":"2026-01-30T13:45:30","slug":"auf-den-kanzler-kommt-es-an","status":"publish","type":"post","link":"https:\/\/starke-meinungen.de\/blog\/2025\/04\/28\/auf-den-kanzler-kommt-es-an\/","title":{"rendered":"Auf den Kanzler kommt es an"},"content":{"rendered":"<p><strong>Die Ministerriege von CDU und CSU ist nicht pr\u00e4chtig, aber kann sich sehen lassen. Ob die SPD da mithalten wird? Entscheidend ist allerdings, ob Merz die Politikwende mit ihr oder gegen sie gelingt, und dass er Europa auch ohne USA verteidigungsf\u00e4hig macht.<\/strong><\/p>\n<p>Nach dem farblosen schwarz- und mehr roten Koalitionsvertrag war man im Berliner Politik- und Medienbetrieb gespannt, wen der CDU-Vorsitzende und in wenigen Tagen Kanzler als seine Ministerinnen und Minister und die der CSU pr\u00e4sentieren w\u00fcrde. Denn mehr als auf die vielen Spiegelstriche auf geduldigem Papier kommt es auf die Personen an, die die neue, hoffentlich andere, bessere Politik um- und durchsetzen sollen. Einige \u00dcberraschungen sind dabei, allerdings keine wirklich \u00fcberraschenden und wenige sofort \u00fcberzeugenden Pers\u00f6nlichkeiten.<!--more--><\/p>\n<p>Kanzleramtschef und damit nach Friedrich Merz und neben dem k\u00fcnftigen SPD-Vizekanzler und Finanzminister Lars Klingbeil wichtigster Mann im Kabinett wird <strong>Thorsten Frei<\/strong>, bisher schon als Erster Parlamentarischer Gesch\u00e4ftsf\u00fchrer der Unionsfraktion sein engster Berater und Unterst\u00fctzer. Seine Aufgabe wird es sein, die Regierungsgesch\u00e4fte zu koordinieren, politische Entscheidungen vorzubereiten, die F\u00e4den zu den anderen europ\u00e4ischen Regierungen und auch international zu halten, und daf\u00fcr zu sorgen, dass nicht wie in der unseligen Ampelregierung st\u00e4ndig die Ressorts und deren Chefs querschie\u00dfen.<\/p>\n<h5><strong>Merz&#8216; rechte Hand &#8211; in jeder Hinsicht<\/strong><\/h5>\n<p>Frei bekommt Ministerrang, ist damit den anderen Ministern gleichgestellt. In Wahrheit jedoch als rechte Hand von Merz ihnen vorgesetzt. Die SPD-Minister werden das hoffentlich noch lernen m\u00fcssen, aber auch die der CSU und der CDU. Denn die Merz-Regierung wird nur funktionieren und die ohnehin geringen Erwartungen an sie erf\u00fcllen k\u00f6nnen, wenn sie anders als von Scholz mit starker Hand gef\u00fchrt wird. Nicht wie der rot-gr\u00fcn-gelbe H\u00fchnerhaufen.<\/p>\n<p>Der baden-w\u00fcrttembergische Jurist hat einen eigenen politischen Kopf. Das hat er z.B. bewiesen, als er die Abschaffung des Individualrechts auf Asyl foderte. Er wird sich nicht darauf beschr\u00e4nken, Erf\u00fcllungsgehilfe von Merz zu sein wie etwa Steinmeier bei Schr\u00f6der. Aber auch kein Bollerkopp wie Schr\u00f6ders erster Kanzleramtschef Bodo Hombach. Von Frei jedenfalls wird viel abh\u00e4ngen.<\/p>\n<p>Au\u00dfenminister wird der Schleswig-Holsteiner <strong>Johann Wadephul<\/strong>, als erster Unionspolitker seit 1966. Allerdings hat das Amt, wie man bei Baerbock und ihren Vorg\u00e4ngern sehen konnte, anders als mit Willy Brandt, Walter Scheel oder Joschka Fischer, keine herausgebobene Bedeutung mehr. Die Au\u00dfen-, Sicherheits- und Europapolitik wird im Wesentlichen vom Kanzler gemacht. Zumal nun bei ihm auch der neue Bundesicherheitsrat angesiedelt wird.<\/p>\n<p>Deshalb ist es gut, dass das Ausw\u00e4rtige Amt in die selben Parteihand kommt und es keine Ressort- und Parteireibereien mehr gibt. Aber auch von seiner ruhigen Art her wird Wadephul gar nicht erst wie Baerbock versuchen, sich st\u00e4ndig gegen den Kanzler in Stellung zu bringen und aus egoistischen und parteitaktischen Gr\u00fcnden ihr eigenes feministisches S\u00fcppchen zu kochen.<\/p>\n<h5>Die CDU steuert die Au\u00dfen- und Sicherheitspolitik<\/h5>\n<p>Merz wird es zusammen mit Wadephul obliegen, angesichts der Bedrohungen durch Putin-Russland und auch Trump nach den verlorenen Scholz-Jahren Deutschland endlich wieder au\u00dfen- und verteidigungspolitisches Gewicht zu geben und als F\u00fchrungsmacht in Europa neben und mit Frankreich, Gro\u00dfbritannien und Polen die Ukraine in ihrem Abwehrkampf eigenst\u00e4ndig zu unterst\u00fctzen, wenn die USA ausfallen. Als Bollwerk gegen einen Angriff Putins auf die baltischen oder andere Nato-Staaten. Und damit einen ganz gro\u00dfen Krieg. Das beherrschende Thema.<\/p>\n<p>Der neue Au\u00dfenminister hat sich da klar postioniert. Als Fachpolitiker in der Fraktion bringt er gen\u00fcgend Erfahrungen mit, und er hat in den vergangenen Wochen schon Kontakte zu den wichtigsten Partner und Verb\u00fcndeten gekn\u00fcpft. Auch mit seinem US-Kollegen Rubio muss und wird er klarkommen.<\/p>\n<h5>Eine J\u00fcdin im Kabinett<\/h5>\n<p>Ein Glanzpunkt in der Regierung kann Bildungs- und Familienministerin <strong>Karin Prien<\/strong> werden, nebenbei eine J\u00fcdin im Kabinett. Als Kieler Bildungsministerin hat sie gezeigt, dass sie mehr kann als Schulen blo\u00df verwalten, und sich gleichzeitig bundesweit mit liberalen Ansichten zu Wort gemeldet, auch gegen Merz. Bildung betrachtet sie als Gesellschaftspolitik. Deshalb passt es, dass das Ressort, auch wenn der Bund da wenig zu sagen hat, mit Familie, Frauen, Jugend und Senioren kombiniert wird. Sie wird das Alles hoffentlich vom identit\u00e4r-queeren gr\u00fcn-roten Ged\u00f6ns befreien. Schlechter als die vorher zust\u00e4ndigen FDP-und Gr\u00fcnen-Ministerinnen kann sie auf keinen Fall sein.<\/p>\n<p>Das um Klimaschutz abgespeckte, im Wesentlichen auf die wichtige Ernergiepolitik reduzierte Wirtschaftsressort \u00fcbernimmt als einzige Frau aus dem Osten <strong>Katherina Reiche<\/strong>. Sie hat als fr\u00fchere Bundestagsabgeordnete und Staatssekret\u00e4rin sowohl politische als auch wie Merz Erfahrungen in der Wirtschaft. Anders als ihr Vorg\u00e4nger Habeck. Das kann, muss aber kein Vorteil sein. Ohnehin hat das Ressort keine gro\u00dfe Bedeutung, weshalb es der eigentlich daf\u00fcr pr\u00e4destinierte Karsten Linnemann ablehnte.<\/p>\n<p>Das neue Digitalministerium bekommt der Chef der Elektrohandelskette Ceconomy (Saturn\/Mediamarkt) <strong>Karsten Wildberger<\/strong>. Ob das als Qualifikation reicht, um Deutschland auf diesem wichtigen Feld endlich anschlussf\u00e4hig zu machen, wird man sehen. Merz&#8216; Vor-Vor-Vorg\u00e4nger Schr\u00f6der hatte mir der geplanten Berufung des Unternehmers Stollmann keine gl\u00fcckliche Hand.<\/p>\n<h5>Weniger Ged\u00f6ns, strikte Migrationspolitik<\/h5>\n<p>F\u00fcr <strong>Nina Warken<\/strong> als Gesundheitsministerin spricht, wie die FAZ schreibt, eher der Proporz nach Geschlechtern und Landesverb\u00e4nden als ihre fachliche Pr\u00e4gung. \u00c4hnliches gilt f\u00fcr Verkehrsminister <strong>Patrick Schnieder<\/strong>. Auf Fachkompetenz, gar das Geschlecht, kommt es allerdings ohnehin nicht an, anders als viele glauben. Sondern darauf, ob die Ministerinnen und Minister sich schnell in ihr Fachgebiet einarbeiten, sich gute Berater und F\u00fchrungsleute holen und politische Ideen haben und verwirklichen. Und nat\u00fcrlich h\u00e4ngt es vom Geld ab, das sie zur Verf\u00fcgung haben oder sich holen, mit gen\u00fcgend R\u00fcckendeckung beim Kanzler, Finanzminister, ihrer Fraktion und im Parlament.<\/p>\n<p>F\u00fcr die CSU, die ihre Ressorts wie die SPD selbst besetzt, wird Innenminister <strong>Alexander Dobrindt<\/strong> der entscheidende starke Mann. Seine Aufgabe ist es, die von Merz, S\u00f6der und ihm angek\u00fcndigte Migrationswende gegen Widerst\u00e4nde der SPD und europ\u00e4ischer Partner durchzuboxen. Nur wenn die neue Regierung hier rasch Erfolge vorweisen kann, wird sie die AfD eind\u00e4mmen k\u00f6nnen. Neben der Verteidigungs- und Sicherheitspolitik, f\u00fcr die au\u00dfer Merz auch Boris Pistorius weiter Verantwortung tragen wird, und der St\u00e4rkung der Wirtschaft incl. einer vern\u00fcnftigeren und g\u00fcnstigeren Energieversorgung, ist die Migration das wichtigste Feld der kommenden Jahre.<\/p>\n<p>Um Forschung, Technologie und S\u00f6ders Steckenpferd Raumfahrt darf sich das Postergirl der CSU <strong>Dorothee B\u00e4r<\/strong> k\u00fcmmern. Viel falsch machen kann sie da wahrscheinlich nicht. Landwirtschafsminister wird nach dem Vegetarier Cem \u00d6zdemir von den Gr\u00fcnen Metzgermeister <strong>G\u00fcnther Fel\u00dfner<\/strong>, Vizepr\u00e4sident des Deutschen Bauernverbands. Der wird wohl wieder wie fr\u00fcher Bauernpolitik f\u00fcr die Bauern machen &#8211; Agrarwende r\u00fcckw\u00e4rts. Doch die wichtigen Entscheidungen werden da ohnehin in Br\u00fcssel getroffen.<\/p>\n<p><em>Wohl bekommt&#8217;s.<\/em><\/p>\n<p>Wer <strong>Quoten<\/strong> liebt: 4 Frauen und 6 M\u00e4nner auf Unionsseite &#8211; fast Parit\u00e4t. Eine aus dem Osten &#8211; ein bisschen wenig. Migrant\/in, trans: keine\/r. Aber wie geschrieben: nicht wichtig.<\/p>\n<p>Ach ja: Dass Merz <strong>Jens Spahn<\/strong> zu seinem Nachfolger als Fraktionschef machen will, ist ein kluger, geschickter Schachzug. Denn der wird genug damit zu tun haben, Mehrheiten f\u00fcr seinen Chef zu organisieren, Widerstrebende einzunorden und sich mit der AfD als st\u00e4rkster Oppositionsfraktion herumzuplagen, die er &#8222;normal&#8220; behandeln will, statt dem Kanzler in die Suppe zu spucken und sich als (noch) konservativerer Wunsch-Nachfolger aufzubauen. Frag nach bei M\u00fctzenich.<\/p>\n<p><em>Ludwig Greven war langj\u00e4hriger Beobachter des Bonner und Berliner Politikbetriebs. Er hat viele Minister kommen und gehen sehen. Nur wenige markante sind ihm in Erinnerung. Wie wahrscheinlcih auch den meisten B\u00fcrgern.<\/em><\/p>\n<p>&nbsp;<\/p>\n<div class=\"shariff shariff-align-left shariff-widget-align-left shariff-buttonstretch\" style=\"display:none\"><ul class=\"shariff-buttons theme-white orientation-horizontal buttonsize-medium\"><li class=\"shariff-button facebook shariff-nocustomcolor\" style=\"background-color:#4273c8\"><a href=\"https:\/\/www.facebook.com\/sharer\/sharer.php?u=https%3A%2F%2Fstarke-meinungen.de%2Fblog%2F2025%2F04%2F28%2Fauf-den-kanzler-kommt-es-an%2F\" title=\"Bei Facebook teilen\" aria-label=\"Bei Facebook teilen\" role=\"button\" rel=\"nofollow\" class=\"shariff-link\" style=\"; background-color:#3b5998; color:#3b5998\" target=\"_blank\"><span class=\"shariff-icon\" style=\"fill:#3b5998\"><svg width=\"32px\" height=\"20px\" xmlns=\"http:\/\/www.w3.org\/2000\/svg\" viewBox=\"0 0 18 32\"><path fill=\"#3b5998\" d=\"M17.1 0.2v4.7h-2.8q-1.5 0-2.1 0.6t-0.5 1.9v3.4h5.2l-0.7 5.3h-4.5v13.6h-5.5v-13.6h-4.5v-5.3h4.5v-3.9q0-3.3 1.9-5.2t5-1.8q2.6 0 4.1 0.2z\"\/><\/svg><\/span><span class=\"shariff-text\" style=\"color:#3b5998\">teilen<\/span>&nbsp;<\/a><\/li><li class=\"shariff-button twitter shariff-nocustomcolor\" style=\"background-color:#595959\"><a href=\"https:\/\/twitter.com\/share?url=https%3A%2F%2Fstarke-meinungen.de%2Fblog%2F2025%2F04%2F28%2Fauf-den-kanzler-kommt-es-an%2F&text=Auf%20den%20Kanzler%20kommt%20es%20an&via=starkemeinungen\" title=\"Bei X teilen\" aria-label=\"Bei X teilen\" role=\"button\" rel=\"noopener nofollow\" class=\"shariff-link\" style=\"; background-color:#000; color:#000\" target=\"_blank\"><span class=\"shariff-icon\" style=\"fill:#000\"><svg width=\"32px\" height=\"20px\" xmlns=\"http:\/\/www.w3.org\/2000\/svg\" viewBox=\"0 0 24 24\"><path fill=\"#000\" d=\"M14.258 10.152L23.176 0h-2.113l-7.747 8.813L7.133 0H0l9.352 13.328L0 23.973h2.113l8.176-9.309 6.531 9.309h7.133zm-2.895 3.293l-.949-1.328L2.875 1.56h3.246l6.086 8.523.945 1.328 7.91 11.078h-3.246zm0 0\"\/><\/svg><\/span><span class=\"shariff-text\" style=\"color:#000\">teilen<\/span>&nbsp;<\/a><\/li><li class=\"shariff-button linkedin shariff-nocustomcolor\" style=\"background-color:#1488bf\"><a href=\"https:\/\/www.linkedin.com\/sharing\/share-offsite\/?url=https%3A%2F%2Fstarke-meinungen.de%2Fblog%2F2025%2F04%2F28%2Fauf-den-kanzler-kommt-es-an%2F\" title=\"Bei LinkedIn teilen\" aria-label=\"Bei LinkedIn teilen\" role=\"button\" rel=\"noopener nofollow\" class=\"shariff-link\" style=\"; background-color:#0077b5; color:#0077b5\" target=\"_blank\"><span class=\"shariff-icon\" style=\"fill:#0077b5\"><svg width=\"32px\" height=\"20px\" xmlns=\"http:\/\/www.w3.org\/2000\/svg\" viewBox=\"0 0 27 32\"><path fill=\"#0077b5\" d=\"M6.2 11.2v17.7h-5.9v-17.7h5.9zM6.6 5.7q0 1.3-0.9 2.2t-2.4 0.9h0q-1.5 0-2.4-0.9t-0.9-2.2 0.9-2.2 2.4-0.9 2.4 0.9 0.9 2.2zM27.4 18.7v10.1h-5.9v-9.5q0-1.9-0.7-2.9t-2.3-1.1q-1.1 0-1.9 0.6t-1.2 1.5q-0.2 0.5-0.2 1.4v9.9h-5.9q0-7.1 0-11.6t0-5.3l0-0.9h5.9v2.6h0q0.4-0.6 0.7-1t1-0.9 1.6-0.8 2-0.3q3 0 4.9 2t1.9 6z\"\/><\/svg><\/span><span class=\"shariff-text\" style=\"color:#0077b5\">teilen<\/span>&nbsp;<\/a><\/li><li class=\"shariff-button xing shariff-nocustomcolor\" style=\"background-color:#29888a\"><a href=\"https:\/\/www.xing.com\/spi\/shares\/new?url=https%3A%2F%2Fstarke-meinungen.de%2Fblog%2F2025%2F04%2F28%2Fauf-den-kanzler-kommt-es-an%2F\" title=\"Bei XING teilen\" aria-label=\"Bei XING teilen\" role=\"button\" rel=\"noopener nofollow\" class=\"shariff-link\" style=\"; background-color:#126567; color:#126567\" target=\"_blank\"><span class=\"shariff-icon\" style=\"fill:#126567\"><svg width=\"32px\" height=\"20px\" xmlns=\"http:\/\/www.w3.org\/2000\/svg\" viewBox=\"0 0 25 32\"><path fill=\"#126567\" d=\"M10.7 11.9q-0.2 0.3-4.6 8.2-0.5 0.8-1.2 0.8h-4.3q-0.4 0-0.5-0.3t0-0.6l4.5-8q0 0 0 0l-2.9-5q-0.2-0.4 0-0.7 0.2-0.3 0.5-0.3h4.3q0.7 0 1.2 0.8zM25.1 0.4q0.2 0.3 0 0.7l-9.4 16.7 6 11q0.2 0.4 0 0.6-0.2 0.3-0.6 0.3h-4.3q-0.7 0-1.2-0.8l-6-11.1q0.3-0.6 9.5-16.8 0.4-0.8 1.2-0.8h4.3q0.4 0 0.5 0.3z\"\/><\/svg><\/span><span class=\"shariff-text\" style=\"color:#126567\">teilen<\/span>&nbsp;<\/a><\/li><li class=\"shariff-button whatsapp shariff-nocustomcolor\" style=\"background-color:#5cbe4a\"><a href=\"https:\/\/api.whatsapp.com\/send?text=https%3A%2F%2Fstarke-meinungen.de%2Fblog%2F2025%2F04%2F28%2Fauf-den-kanzler-kommt-es-an%2F%20Auf%20den%20Kanzler%20kommt%20es%20an\" title=\"Bei Whatsapp teilen\" aria-label=\"Bei Whatsapp teilen\" role=\"button\" rel=\"noopener nofollow\" class=\"shariff-link\" style=\"; background-color:#34af23; color:#34af23\" target=\"_blank\"><span class=\"shariff-icon\" style=\"fill:#34af23\"><svg width=\"32px\" height=\"20px\" xmlns=\"http:\/\/www.w3.org\/2000\/svg\" viewBox=\"0 0 32 32\"><path fill=\"#34af23\" d=\"M17.6 17.4q0.2 0 1.7 0.8t1.6 0.9q0 0.1 0 0.3 0 0.6-0.3 1.4-0.3 0.7-1.3 1.2t-1.8 0.5q-1 0-3.4-1.1-1.7-0.8-3-2.1t-2.6-3.3q-1.3-1.9-1.3-3.5v-0.1q0.1-1.6 1.3-2.8 0.4-0.4 0.9-0.4 0.1 0 0.3 0t0.3 0q0.3 0 0.5 0.1t0.3 0.5q0.1 0.4 0.6 1.6t0.4 1.3q0 0.4-0.6 1t-0.6 0.8q0 0.1 0.1 0.3 0.6 1.3 1.8 2.4 1 0.9 2.7 1.8 0.2 0.1 0.4 0.1 0.3 0 1-0.9t0.9-0.9zM14 26.9q2.3 0 4.3-0.9t3.6-2.4 2.4-3.6 0.9-4.3-0.9-4.3-2.4-3.6-3.6-2.4-4.3-0.9-4.3 0.9-3.6 2.4-2.4 3.6-0.9 4.3q0 3.6 2.1 6.6l-1.4 4.2 4.3-1.4q2.8 1.9 6.2 1.9zM14 2.2q2.7 0 5.2 1.1t4.3 2.9 2.9 4.3 1.1 5.2-1.1 5.2-2.9 4.3-4.3 2.9-5.2 1.1q-3.5 0-6.5-1.7l-7.4 2.4 2.4-7.2q-1.9-3.2-1.9-6.9 0-2.7 1.1-5.2t2.9-4.3 4.3-2.9 5.2-1.1z\"\/><\/svg><\/span><span class=\"shariff-text\" style=\"color:#34af23\">teilen<\/span>&nbsp;<\/a><\/li><li class=\"shariff-button info shariff-nocustomcolor\" style=\"background-color:#a8a8a8\"><a href=\"http:\/\/ct.de\/-2467514\" title=\"Weitere Informationen\" aria-label=\"Weitere Informationen\" role=\"button\" rel=\"noopener \" class=\"shariff-link\" style=\"; background-color:#999; color:#999\" target=\"_blank\"><span class=\"shariff-icon\" style=\"fill:#999\"><svg width=\"32px\" height=\"20px\" xmlns=\"http:\/\/www.w3.org\/2000\/svg\" viewBox=\"0 0 11 32\"><path fill=\"#999\" d=\"M11.4 24v2.3q0 0.5-0.3 0.8t-0.8 0.4h-9.1q-0.5 0-0.8-0.4t-0.4-0.8v-2.3q0-0.5 0.4-0.8t0.8-0.4h1.1v-6.8h-1.1q-0.5 0-0.8-0.4t-0.4-0.8v-2.3q0-0.5 0.4-0.8t0.8-0.4h6.8q0.5 0 0.8 0.4t0.4 0.8v10.3h1.1q0.5 0 0.8 0.4t0.3 0.8zM9.2 3.4v3.4q0 0.5-0.4 0.8t-0.8 0.4h-4.6q-0.4 0-0.8-0.4t-0.4-0.8v-3.4q0-0.4 0.4-0.8t0.8-0.4h4.6q0.5 0 0.8 0.4t0.4 0.8z\"\/><\/svg><\/span><\/a><\/li><\/ul><\/div>","protected":false},"excerpt":{"rendered":"<p>Die Ministerriege von CDU und CSU ist nicht pr\u00e4chtig, aber kann sich sehen lassen. Ob die SPD da mithalten wird? Entscheidend ist allerdings, ob Merz die Politikwende mit ihr oder gegen sie gelingt, und dass er Europa auch ohne USA verteidigungsf\u00e4hig macht. Nach dem farblosen schwarz- und mehr roten Koalitionsvertrag war man im Berliner Politik- und Medienbetrieb gespannt, wen der&#8230; <a href=\"https:\/\/starke-meinungen.de\/blog\/2025\/04\/28\/auf-den-kanzler-kommt-es-an\/\">Weiterlesen &raquo;<\/a><\/p>\n","protected":false},"author":42,"featured_media":0,"comment_status":"open","ping_status":"open","sticky":false,"template":"","format":"standard","meta":{"footnotes":""},"categories":[3886],"tags":[3201,113,63,3887,381,4277,4079,10],"class_list":["post-13613","post","type-post","status-publish","format-standard","hentry","category-ludwig-greven","tag-alexander-dobrindt","tag-cdu","tag-csu","tag-friedrich-merz","tag-kabinett","tag-minister","tag-schwarz-rot","tag-spd"],"yoast_head":"<!-- This site is optimized with the Yoast SEO plugin v27.4 - https:\/\/yoast.com\/product\/yoast-seo-wordpress\/ -->\n<title>Auf den Kanzler kommt es an - starke-meinungen.de<\/title>\n<meta name=\"robots\" content=\"index, follow, max-snippet:-1, max-image-preview:large, max-video-preview:-1\" \/>\n<link rel=\"canonical\" href=\"https:\/\/starke-meinungen.de\/blog\/2025\/04\/28\/auf-den-kanzler-kommt-es-an\/\" \/>\n<meta property=\"og:locale\" content=\"de_DE\" \/>\n<meta property=\"og:type\" content=\"article\" \/>\n<meta property=\"og:title\" content=\"Auf den Kanzler kommt es an - starke-meinungen.de\" \/>\n<meta property=\"og:description\" content=\"Die Ministerriege von CDU und CSU ist nicht pr\u00e4chtig, aber kann sich sehen lassen. Ob die SPD da mithalten wird? Entscheidend ist allerdings, ob Merz die Politikwende mit ihr oder gegen sie gelingt, und dass er Europa auch ohne USA verteidigungsf\u00e4hig macht. Nach dem farblosen schwarz- und mehr roten Koalitionsvertrag war man im Berliner Politik- und Medienbetrieb gespannt, wen der... Weiterlesen &raquo;\" \/>\n<meta property=\"og:url\" content=\"https:\/\/starke-meinungen.de\/blog\/2025\/04\/28\/auf-den-kanzler-kommt-es-an\/\" \/>\n<meta property=\"og:site_name\" content=\"starke-meinungen.de\" \/>\n<meta property=\"article:publisher\" content=\"https:\/\/www.facebook.com\/starkemeinungen\/\" \/>\n<meta property=\"article:published_time\" content=\"2025-04-28T13:27:41+00:00\" \/>\n<meta property=\"article:modified_time\" content=\"2026-01-30T13:45:30+00:00\" \/>\n<meta property=\"og:image\" content=\"https:\/\/starke-meinungen.de\/blog\/wp-content\/uploads\/starke-meinungen-fb-header.jpg\" \/>\n\t<meta property=\"og:image:width\" content=\"1200\" \/>\n\t<meta property=\"og:image:height\" content=\"630\" \/>\n\t<meta property=\"og:image:type\" content=\"image\/jpeg\" \/>\n<meta name=\"author\" content=\"Ludwig Greven\" \/>\n<meta name=\"twitter:card\" content=\"summary_large_image\" \/>\n<meta name=\"twitter:creator\" content=\"@starkemeinungen\" \/>\n<meta name=\"twitter:site\" content=\"@starkemeinungen\" \/>\n<meta name=\"twitter:label1\" content=\"Verfasst von\" \/>\n\t<meta name=\"twitter:data1\" content=\"Ludwig Greven\" \/>\n\t<meta name=\"twitter:label2\" content=\"Gesch\u00e4tzte Lesezeit\" \/>\n\t<meta name=\"twitter:data2\" content=\"7\u00a0Minuten\" \/>\n<script type=\"application\/ld+json\" class=\"yoast-schema-graph\">{\"@context\":\"https:\\\/\\\/schema.org\",\"@graph\":[{\"@type\":\"Article\",\"@id\":\"https:\\\/\\\/starke-meinungen.de\\\/blog\\\/2025\\\/04\\\/28\\\/auf-den-kanzler-kommt-es-an\\\/#article\",\"isPartOf\":{\"@id\":\"https:\\\/\\\/starke-meinungen.de\\\/blog\\\/2025\\\/04\\\/28\\\/auf-den-kanzler-kommt-es-an\\\/\"},\"author\":{\"name\":\"Ludwig Greven\",\"@id\":\"https:\\\/\\\/starke-meinungen.de\\\/blog\\\/#\\\/schema\\\/person\\\/1c28fb5be9ffc16085de9e621bf19f75\"},\"headline\":\"Auf den Kanzler kommt es an\",\"datePublished\":\"2025-04-28T13:27:41+00:00\",\"dateModified\":\"2026-01-30T13:45:30+00:00\",\"mainEntityOfPage\":{\"@id\":\"https:\\\/\\\/starke-meinungen.de\\\/blog\\\/2025\\\/04\\\/28\\\/auf-den-kanzler-kommt-es-an\\\/\"},\"wordCount\":1265,\"commentCount\":1,\"publisher\":{\"@id\":\"https:\\\/\\\/starke-meinungen.de\\\/blog\\\/#organization\"},\"keywords\":[\"Alexander Dobrindt\",\"CDU\",\"CSU\",\"Friedrich Merz\",\"Kabinett\",\"Minister\",\"Schwarz-Rot\",\"SPD\"],\"articleSection\":[\"Ludwig Greven\"],\"inLanguage\":\"de\",\"potentialAction\":[{\"@type\":\"CommentAction\",\"name\":\"Comment\",\"target\":[\"https:\\\/\\\/starke-meinungen.de\\\/blog\\\/2025\\\/04\\\/28\\\/auf-den-kanzler-kommt-es-an\\\/#respond\"]}]},{\"@type\":\"WebPage\",\"@id\":\"https:\\\/\\\/starke-meinungen.de\\\/blog\\\/2025\\\/04\\\/28\\\/auf-den-kanzler-kommt-es-an\\\/\",\"url\":\"https:\\\/\\\/starke-meinungen.de\\\/blog\\\/2025\\\/04\\\/28\\\/auf-den-kanzler-kommt-es-an\\\/\",\"name\":\"Auf den Kanzler kommt es an - starke-meinungen.de\",\"isPartOf\":{\"@id\":\"https:\\\/\\\/starke-meinungen.de\\\/blog\\\/#website\"},\"datePublished\":\"2025-04-28T13:27:41+00:00\",\"dateModified\":\"2026-01-30T13:45:30+00:00\",\"breadcrumb\":{\"@id\":\"https:\\\/\\\/starke-meinungen.de\\\/blog\\\/2025\\\/04\\\/28\\\/auf-den-kanzler-kommt-es-an\\\/#breadcrumb\"},\"inLanguage\":\"de\",\"potentialAction\":[{\"@type\":\"ReadAction\",\"target\":[\"https:\\\/\\\/starke-meinungen.de\\\/blog\\\/2025\\\/04\\\/28\\\/auf-den-kanzler-kommt-es-an\\\/\"]}]},{\"@type\":\"BreadcrumbList\",\"@id\":\"https:\\\/\\\/starke-meinungen.de\\\/blog\\\/2025\\\/04\\\/28\\\/auf-den-kanzler-kommt-es-an\\\/#breadcrumb\",\"itemListElement\":[{\"@type\":\"ListItem\",\"position\":1,\"name\":\"Startseite\",\"item\":\"https:\\\/\\\/starke-meinungen.de\\\/blog\\\/\"},{\"@type\":\"ListItem\",\"position\":2,\"name\":\"Auf den Kanzler kommt es an\"}]},{\"@type\":\"WebSite\",\"@id\":\"https:\\\/\\\/starke-meinungen.de\\\/blog\\\/#website\",\"url\":\"https:\\\/\\\/starke-meinungen.de\\\/blog\\\/\",\"name\":\"starke-meinungen.de\",\"description\":\"Autoren-Blog\",\"publisher\":{\"@id\":\"https:\\\/\\\/starke-meinungen.de\\\/blog\\\/#organization\"},\"potentialAction\":[{\"@type\":\"SearchAction\",\"target\":{\"@type\":\"EntryPoint\",\"urlTemplate\":\"https:\\\/\\\/starke-meinungen.de\\\/blog\\\/?s={search_term_string}\"},\"query-input\":{\"@type\":\"PropertyValueSpecification\",\"valueRequired\":true,\"valueName\":\"search_term_string\"}}],\"inLanguage\":\"de\"},{\"@type\":\"Organization\",\"@id\":\"https:\\\/\\\/starke-meinungen.de\\\/blog\\\/#organization\",\"name\":\"starke-meinungen.de\",\"url\":\"https:\\\/\\\/starke-meinungen.de\\\/blog\\\/\",\"logo\":{\"@type\":\"ImageObject\",\"inLanguage\":\"de\",\"@id\":\"https:\\\/\\\/starke-meinungen.de\\\/blog\\\/#\\\/schema\\\/logo\\\/image\\\/\",\"url\":\"https:\\\/\\\/starke-meinungen.de\\\/blog\\\/wp-content\\\/uploads\\\/starke-meinungen-fb-header.jpg\",\"contentUrl\":\"https:\\\/\\\/starke-meinungen.de\\\/blog\\\/wp-content\\\/uploads\\\/starke-meinungen-fb-header.jpg\",\"width\":1200,\"height\":630,\"caption\":\"starke-meinungen.de\"},\"image\":{\"@id\":\"https:\\\/\\\/starke-meinungen.de\\\/blog\\\/#\\\/schema\\\/logo\\\/image\\\/\"},\"sameAs\":[\"https:\\\/\\\/www.facebook.com\\\/starkemeinungen\\\/\",\"https:\\\/\\\/x.com\\\/starkemeinungen\"]},{\"@type\":\"Person\",\"@id\":\"https:\\\/\\\/starke-meinungen.de\\\/blog\\\/#\\\/schema\\\/person\\\/1c28fb5be9ffc16085de9e621bf19f75\",\"name\":\"Ludwig Greven\",\"image\":{\"@type\":\"ImageObject\",\"inLanguage\":\"de\",\"@id\":\"https:\\\/\\\/secure.gravatar.com\\\/avatar\\\/30dcb1e1f2de438653ff67ae28b7ecf6c10e1b929e4a1c78d6b4d30df7d49076?s=96&d=mm&r=g\",\"url\":\"https:\\\/\\\/secure.gravatar.com\\\/avatar\\\/30dcb1e1f2de438653ff67ae28b7ecf6c10e1b929e4a1c78d6b4d30df7d49076?s=96&d=mm&r=g\",\"contentUrl\":\"https:\\\/\\\/secure.gravatar.com\\\/avatar\\\/30dcb1e1f2de438653ff67ae28b7ecf6c10e1b929e4a1c78d6b4d30df7d49076?s=96&d=mm&r=g\",\"caption\":\"Ludwig Greven\"},\"url\":\"https:\\\/\\\/starke-meinungen.de\\\/blog\\\/author\\\/greven\\\/\"}]}<\/script>\n<!-- \/ Yoast SEO plugin. -->","yoast_head_json":{"title":"Auf den Kanzler kommt es an - starke-meinungen.de","robots":{"index":"index","follow":"follow","max-snippet":"max-snippet:-1","max-image-preview":"max-image-preview:large","max-video-preview":"max-video-preview:-1"},"canonical":"https:\/\/starke-meinungen.de\/blog\/2025\/04\/28\/auf-den-kanzler-kommt-es-an\/","og_locale":"de_DE","og_type":"article","og_title":"Auf den Kanzler kommt es an - starke-meinungen.de","og_description":"Die Ministerriege von CDU und CSU ist nicht pr\u00e4chtig, aber kann sich sehen lassen. Ob die SPD da mithalten wird? Entscheidend ist allerdings, ob Merz die Politikwende mit ihr oder gegen sie gelingt, und dass er Europa auch ohne USA verteidigungsf\u00e4hig macht. Nach dem farblosen schwarz- und mehr roten Koalitionsvertrag war man im Berliner Politik- und Medienbetrieb gespannt, wen der... Weiterlesen &raquo;","og_url":"https:\/\/starke-meinungen.de\/blog\/2025\/04\/28\/auf-den-kanzler-kommt-es-an\/","og_site_name":"starke-meinungen.de","article_publisher":"https:\/\/www.facebook.com\/starkemeinungen\/","article_published_time":"2025-04-28T13:27:41+00:00","article_modified_time":"2026-01-30T13:45:30+00:00","og_image":[{"width":1200,"height":630,"url":"https:\/\/starke-meinungen.de\/blog\/wp-content\/uploads\/starke-meinungen-fb-header.jpg","type":"image\/jpeg"}],"author":"Ludwig Greven","twitter_card":"summary_large_image","twitter_creator":"@starkemeinungen","twitter_site":"@starkemeinungen","twitter_misc":{"Verfasst von":"Ludwig Greven","Gesch\u00e4tzte Lesezeit":"7\u00a0Minuten"},"schema":{"@context":"https:\/\/schema.org","@graph":[{"@type":"Article","@id":"https:\/\/starke-meinungen.de\/blog\/2025\/04\/28\/auf-den-kanzler-kommt-es-an\/#article","isPartOf":{"@id":"https:\/\/starke-meinungen.de\/blog\/2025\/04\/28\/auf-den-kanzler-kommt-es-an\/"},"author":{"name":"Ludwig Greven","@id":"https:\/\/starke-meinungen.de\/blog\/#\/schema\/person\/1c28fb5be9ffc16085de9e621bf19f75"},"headline":"Auf den Kanzler kommt es an","datePublished":"2025-04-28T13:27:41+00:00","dateModified":"2026-01-30T13:45:30+00:00","mainEntityOfPage":{"@id":"https:\/\/starke-meinungen.de\/blog\/2025\/04\/28\/auf-den-kanzler-kommt-es-an\/"},"wordCount":1265,"commentCount":1,"publisher":{"@id":"https:\/\/starke-meinungen.de\/blog\/#organization"},"keywords":["Alexander Dobrindt","CDU","CSU","Friedrich Merz","Kabinett","Minister","Schwarz-Rot","SPD"],"articleSection":["Ludwig Greven"],"inLanguage":"de","potentialAction":[{"@type":"CommentAction","name":"Comment","target":["https:\/\/starke-meinungen.de\/blog\/2025\/04\/28\/auf-den-kanzler-kommt-es-an\/#respond"]}]},{"@type":"WebPage","@id":"https:\/\/starke-meinungen.de\/blog\/2025\/04\/28\/auf-den-kanzler-kommt-es-an\/","url":"https:\/\/starke-meinungen.de\/blog\/2025\/04\/28\/auf-den-kanzler-kommt-es-an\/","name":"Auf den Kanzler kommt es an - starke-meinungen.de","isPartOf":{"@id":"https:\/\/starke-meinungen.de\/blog\/#website"},"datePublished":"2025-04-28T13:27:41+00:00","dateModified":"2026-01-30T13:45:30+00:00","breadcrumb":{"@id":"https:\/\/starke-meinungen.de\/blog\/2025\/04\/28\/auf-den-kanzler-kommt-es-an\/#breadcrumb"},"inLanguage":"de","potentialAction":[{"@type":"ReadAction","target":["https:\/\/starke-meinungen.de\/blog\/2025\/04\/28\/auf-den-kanzler-kommt-es-an\/"]}]},{"@type":"BreadcrumbList","@id":"https:\/\/starke-meinungen.de\/blog\/2025\/04\/28\/auf-den-kanzler-kommt-es-an\/#breadcrumb","itemListElement":[{"@type":"ListItem","position":1,"name":"Startseite","item":"https:\/\/starke-meinungen.de\/blog\/"},{"@type":"ListItem","position":2,"name":"Auf den Kanzler kommt es an"}]},{"@type":"WebSite","@id":"https:\/\/starke-meinungen.de\/blog\/#website","url":"https:\/\/starke-meinungen.de\/blog\/","name":"starke-meinungen.de","description":"Autoren-Blog","publisher":{"@id":"https:\/\/starke-meinungen.de\/blog\/#organization"},"potentialAction":[{"@type":"SearchAction","target":{"@type":"EntryPoint","urlTemplate":"https:\/\/starke-meinungen.de\/blog\/?s={search_term_string}"},"query-input":{"@type":"PropertyValueSpecification","valueRequired":true,"valueName":"search_term_string"}}],"inLanguage":"de"},{"@type":"Organization","@id":"https:\/\/starke-meinungen.de\/blog\/#organization","name":"starke-meinungen.de","url":"https:\/\/starke-meinungen.de\/blog\/","logo":{"@type":"ImageObject","inLanguage":"de","@id":"https:\/\/starke-meinungen.de\/blog\/#\/schema\/logo\/image\/","url":"https:\/\/starke-meinungen.de\/blog\/wp-content\/uploads\/starke-meinungen-fb-header.jpg","contentUrl":"https:\/\/starke-meinungen.de\/blog\/wp-content\/uploads\/starke-meinungen-fb-header.jpg","width":1200,"height":630,"caption":"starke-meinungen.de"},"image":{"@id":"https:\/\/starke-meinungen.de\/blog\/#\/schema\/logo\/image\/"},"sameAs":["https:\/\/www.facebook.com\/starkemeinungen\/","https:\/\/x.com\/starkemeinungen"]},{"@type":"Person","@id":"https:\/\/starke-meinungen.de\/blog\/#\/schema\/person\/1c28fb5be9ffc16085de9e621bf19f75","name":"Ludwig Greven","image":{"@type":"ImageObject","inLanguage":"de","@id":"https:\/\/secure.gravatar.com\/avatar\/30dcb1e1f2de438653ff67ae28b7ecf6c10e1b929e4a1c78d6b4d30df7d49076?s=96&d=mm&r=g","url":"https:\/\/secure.gravatar.com\/avatar\/30dcb1e1f2de438653ff67ae28b7ecf6c10e1b929e4a1c78d6b4d30df7d49076?s=96&d=mm&r=g","contentUrl":"https:\/\/secure.gravatar.com\/avatar\/30dcb1e1f2de438653ff67ae28b7ecf6c10e1b929e4a1c78d6b4d30df7d49076?s=96&d=mm&r=g","caption":"Ludwig Greven"},"url":"https:\/\/starke-meinungen.de\/blog\/author\/greven\/"}]}},"_links":{"self":[{"href":"https:\/\/starke-meinungen.de\/blog\/wp-json\/wp\/v2\/posts\/13613","targetHints":{"allow":["GET"]}}],"collection":[{"href":"https:\/\/starke-meinungen.de\/blog\/wp-json\/wp\/v2\/posts"}],"about":[{"href":"https:\/\/starke-meinungen.de\/blog\/wp-json\/wp\/v2\/types\/post"}],"author":[{"embeddable":true,"href":"https:\/\/starke-meinungen.de\/blog\/wp-json\/wp\/v2\/users\/42"}],"replies":[{"embeddable":true,"href":"https:\/\/starke-meinungen.de\/blog\/wp-json\/wp\/v2\/comments?post=13613"}],"version-history":[{"count":5,"href":"https:\/\/starke-meinungen.de\/blog\/wp-json\/wp\/v2\/posts\/13613\/revisions"}],"predecessor-version":[{"id":13619,"href":"https:\/\/starke-meinungen.de\/blog\/wp-json\/wp\/v2\/posts\/13613\/revisions\/13619"}],"wp:attachment":[{"href":"https:\/\/starke-meinungen.de\/blog\/wp-json\/wp\/v2\/media?parent=13613"}],"wp:term":[{"taxonomy":"category","embeddable":true,"href":"https:\/\/starke-meinungen.de\/blog\/wp-json\/wp\/v2\/categories?post=13613"},{"taxonomy":"post_tag","embeddable":true,"href":"https:\/\/starke-meinungen.de\/blog\/wp-json\/wp\/v2\/tags?post=13613"}],"curies":[{"name":"wp","href":"https:\/\/api.w.org\/{rel}","templated":true}]}}