

{"id":13047,"date":"2025-04-03T10:36:01","date_gmt":"2025-04-03T08:36:01","guid":{"rendered":"https:\/\/starke-meinungen.de\/blog\/?p=13047"},"modified":"2026-01-30T14:36:11","modified_gmt":"2026-01-30T13:36:11","slug":"der-fall-le-pen-und-die-krise-der-liberalen-ordnung","status":"publish","type":"post","link":"https:\/\/starke-meinungen.de\/blog\/2025\/04\/03\/der-fall-le-pen-und-die-krise-der-liberalen-ordnung\/","title":{"rendered":"Der Fall Le Pen und die Krise der liberalen Ordnung"},"content":{"rendered":"<p><strong>Demokratien sollten sich nicht durch Ausschluss ihrer Gegner durch Gerichtsurteile sch\u00fctzen. Sondern durch Wahlen. Und indem wir alle sie verteidigen.<\/strong><\/p>\n<p>&#8222;Gro\u00dfer Erfolg gegen Rechtspopulismus und Rechtsextremismus in Europa&#8220;, jubelt ein Gr\u00fcner Bundestagsabgeordneter auf X (ehemals Twitter); rechte Stimmen sprechen von einem &#8222;politischen Urteil&#8220;. Marine Le Pen, die Pr\u00e4sidentschaftskandidatin und Anf\u00fchrerin des rechtspopulistischen franz\u00f6sischen Rassemblement Nationals, wurde schuldig gesprochen, EU-Gelder veruntreut zu haben. Das Urteil: zweij\u00e4hriger Hausarrest mit elektronischer \u00dcberwachung, eine Geldstrafe und der Entzug des passiven Wahlrechts f\u00fcr f\u00fcnf Jahre mit sofortiger Wirkung, also ihres Rechts, als bislang aussichtsreichste Bewerberin bei der Pr\u00e4sidentenwahl 2027 anzutreten.<!--more--><\/p>\n<p>Nach dem Urteil passierte das Erwartbare: W\u00e4hrend Viktor Orb\u00e1n, Matteo Salvini und Donald Trump sich mit Le Pen solidarisierten, sprachen andere von einem Triumph des Rechtsstaats. Die einen beklagen Lawfare, also den Einsatz juristischer Mittel zur Ausschaltung politischer Gegner. Die anderen sehen im Urteil ein \u00fcberf\u00e4lliges Zeichen der Integrit\u00e4t in Politik und Justiz.<\/p>\n<h5>Wie weit darf der liberale Rechtsstaat gehen?<\/h5>\n<p>Das Urteil gegen Le Pen bringt eine grundlegende Frage auf die Tagesordnung: Wie weit darf ein liberaler Rechtsstaat gehen, um sich gegen Akteure zu wehren, die ihn durch ihr Verhalten besch\u00e4digen? Und wann kippt der Schutz der Demokratie in ihre Selbstaufgabe?<\/p>\n<p>Hierzu bietet das sogenannte B\u00f6ckenf\u00f6rde-Diktum einen Denkansto\u00df. Der Staatsrechtler Ernst-Wolfgang B\u00f6ckenf\u00f6rde schrieb 1967: &#8222;Der freiheitliche, s\u00e4kularisierte Staat lebt von Voraussetzungen, die er selbst nicht garantieren kann.&#8220; Gemeint ist: Der liberale Rechtsstaat braucht eine moralische, gesellschaftliche und politische Kultur, die seine Grundwerte tr\u00e4gt \u2013 doch er kann diese nicht per Gesetz erzwingen, ohne seine eigene Freiheit zu gef\u00e4hrden.<\/p>\n<p>Im Fall Le Pen ist genau dieser Konflikt greifbar. Der Rechtsstaat greift zu einem drastischen Mittel \u2013 dem Entzug des passiven Wahlrechts, um seine Institutionen zu sch\u00fctzen. Doch genau darin liegt die Gefahr: Wird das Strafrecht zur politischen Waffe, beraubt sich der Staat seiner liberalen Grundlagen.<\/p>\n<h5>Trump durfte trotz Verurteilungen kandidieren<\/h5>\n<p>Ein Blick in andere L\u00e4nder macht deutlich, wie unterschiedlich Demokratien mit dieser Frage umgehen. In den USA etwa konnte Donald Trump trotz mehrerer Anklagen weiterhin f\u00fcr das h\u00f6chste Amt kandidieren. Die amerikanische Verfassung kennt keine moralische Disqualifikation. In Deutschland hingegen w\u00e4re der Entzug des passiven Wahlrechts theoretisch m\u00f6glich, kommt aber nur in Ausnahmef\u00e4llen zur Anwendung. Gerichte legen die Schwelle bewusst hoch, um das Grundrecht auf politische Teilhabe nicht einzuschr\u00e4nken. Der Rechtsstaat bleibt zur\u00fcckhaltend \u2013 in der Hoffnung, dass die Gesellschaft selbst regulierend eingreift: durch Aufkl\u00e4rung, Kritik, Wahlverhalten.<\/p>\n<p>Doch was passiert, wenn diese Selbstregulierung ausbleibt? Wenn die Voraussetzungen, von denen B\u00f6ckenf\u00f6rde spricht, nicht mehr ausreichend vorhanden sind? Wenn ein erheblicher Teil der Bev\u00f6lkerung bereit ist, Personen mit rechtswidrigem Verhalten dennoch ins Amt zu w\u00e4hlen, weil sie das System selbst in Frage stellen?<\/p>\n<h5>Ein Dilemma<\/h5>\n<p>Dann steht die Demokratie vor einem Dilemma: Entweder sie riskiert, sich selbst zu untergraben, oder sie riskiert, ihre freiheitliche Offenheit zu verlieren. Das Urteil gegen Le Pen mag juristisch korrekt sein. Es ist aber mehr als ein Gerichtsurteil; es ist ein Spiegel der Krise der liberalen Demokratien.<\/p>\n<p>Die Demokratie lebt nicht vom Ausschluss durch Gerichtsurteile, sondern vom Ausschluss durch Wahlen. Und doch muss sie sich wehren, wenn ihre Grundlagen systematisch angegriffen werden. Die L\u00f6sung liegt nicht in mehr Repression, sondern in mehr demokratischer Kultur: Bildung, politische Debatte, Medienkompetenz, Vertrauen in Institutionen. Ob wir unsere liberale Demokratie gegen ihre Feinde verteidigen k\u00f6nnen, h\u00e4ngt nicht von einem repressiven Rechtsrahmen ab. Sondern von uns allen.<\/p>\n<p><em>Marcus Knauf hat an der Universit\u00e4t Hamburg Holzwirtschaft studiert und machte sich anschlie\u00dfend als Berater selbstst\u00e4ndig. An der Universit\u00e4t Hamburg promovierte und habilitierte er nebenberuflich und ist heute als Privatdozent Angeh\u00f6riger der Universit\u00e4t Hamburg. Er forscht zu den Themen Wald, Holz, Klima, Ressourcen- und Kohlenstoffmanagement und zu Scientitic Literacy.<\/em><\/p>\n<div class=\"shariff shariff-align-left shariff-widget-align-left shariff-buttonstretch\" style=\"display:none\"><ul class=\"shariff-buttons theme-white orientation-horizontal buttonsize-medium\"><li class=\"shariff-button facebook shariff-nocustomcolor\" style=\"background-color:#4273c8\"><a href=\"https:\/\/www.facebook.com\/sharer\/sharer.php?u=https%3A%2F%2Fstarke-meinungen.de%2Fblog%2F2025%2F04%2F03%2Fder-fall-le-pen-und-die-krise-der-liberalen-ordnung%2F\" title=\"Bei Facebook teilen\" aria-label=\"Bei Facebook teilen\" role=\"button\" rel=\"nofollow\" class=\"shariff-link\" style=\"; background-color:#3b5998; color:#3b5998\" target=\"_blank\"><span class=\"shariff-icon\" style=\"fill:#3b5998\"><svg width=\"32px\" height=\"20px\" xmlns=\"http:\/\/www.w3.org\/2000\/svg\" viewBox=\"0 0 18 32\"><path fill=\"#3b5998\" d=\"M17.1 0.2v4.7h-2.8q-1.5 0-2.1 0.6t-0.5 1.9v3.4h5.2l-0.7 5.3h-4.5v13.6h-5.5v-13.6h-4.5v-5.3h4.5v-3.9q0-3.3 1.9-5.2t5-1.8q2.6 0 4.1 0.2z\"\/><\/svg><\/span><span class=\"shariff-text\" style=\"color:#3b5998\">teilen<\/span>&nbsp;<\/a><\/li><li class=\"shariff-button twitter shariff-nocustomcolor\" style=\"background-color:#595959\"><a href=\"https:\/\/twitter.com\/share?url=https%3A%2F%2Fstarke-meinungen.de%2Fblog%2F2025%2F04%2F03%2Fder-fall-le-pen-und-die-krise-der-liberalen-ordnung%2F&text=Der%20Fall%20Le%20Pen%20und%20die%20Krise%20der%20liberalen%20Ordnung&via=starkemeinungen\" title=\"Bei X teilen\" aria-label=\"Bei X teilen\" role=\"button\" rel=\"noopener nofollow\" class=\"shariff-link\" style=\"; background-color:#000; color:#000\" target=\"_blank\"><span class=\"shariff-icon\" style=\"fill:#000\"><svg width=\"32px\" height=\"20px\" xmlns=\"http:\/\/www.w3.org\/2000\/svg\" viewBox=\"0 0 24 24\"><path fill=\"#000\" d=\"M14.258 10.152L23.176 0h-2.113l-7.747 8.813L7.133 0H0l9.352 13.328L0 23.973h2.113l8.176-9.309 6.531 9.309h7.133zm-2.895 3.293l-.949-1.328L2.875 1.56h3.246l6.086 8.523.945 1.328 7.91 11.078h-3.246zm0 0\"\/><\/svg><\/span><span class=\"shariff-text\" style=\"color:#000\">teilen<\/span>&nbsp;<\/a><\/li><li class=\"shariff-button linkedin shariff-nocustomcolor\" style=\"background-color:#1488bf\"><a href=\"https:\/\/www.linkedin.com\/sharing\/share-offsite\/?url=https%3A%2F%2Fstarke-meinungen.de%2Fblog%2F2025%2F04%2F03%2Fder-fall-le-pen-und-die-krise-der-liberalen-ordnung%2F\" title=\"Bei LinkedIn teilen\" aria-label=\"Bei LinkedIn teilen\" role=\"button\" rel=\"noopener nofollow\" class=\"shariff-link\" style=\"; background-color:#0077b5; color:#0077b5\" target=\"_blank\"><span class=\"shariff-icon\" style=\"fill:#0077b5\"><svg width=\"32px\" height=\"20px\" xmlns=\"http:\/\/www.w3.org\/2000\/svg\" viewBox=\"0 0 27 32\"><path fill=\"#0077b5\" d=\"M6.2 11.2v17.7h-5.9v-17.7h5.9zM6.6 5.7q0 1.3-0.9 2.2t-2.4 0.9h0q-1.5 0-2.4-0.9t-0.9-2.2 0.9-2.2 2.4-0.9 2.4 0.9 0.9 2.2zM27.4 18.7v10.1h-5.9v-9.5q0-1.9-0.7-2.9t-2.3-1.1q-1.1 0-1.9 0.6t-1.2 1.5q-0.2 0.5-0.2 1.4v9.9h-5.9q0-7.1 0-11.6t0-5.3l0-0.9h5.9v2.6h0q0.4-0.6 0.7-1t1-0.9 1.6-0.8 2-0.3q3 0 4.9 2t1.9 6z\"\/><\/svg><\/span><span class=\"shariff-text\" style=\"color:#0077b5\">teilen<\/span>&nbsp;<\/a><\/li><li class=\"shariff-button xing shariff-nocustomcolor\" style=\"background-color:#29888a\"><a href=\"https:\/\/www.xing.com\/spi\/shares\/new?url=https%3A%2F%2Fstarke-meinungen.de%2Fblog%2F2025%2F04%2F03%2Fder-fall-le-pen-und-die-krise-der-liberalen-ordnung%2F\" title=\"Bei XING teilen\" aria-label=\"Bei XING teilen\" role=\"button\" rel=\"noopener nofollow\" class=\"shariff-link\" style=\"; background-color:#126567; color:#126567\" target=\"_blank\"><span class=\"shariff-icon\" style=\"fill:#126567\"><svg width=\"32px\" height=\"20px\" xmlns=\"http:\/\/www.w3.org\/2000\/svg\" viewBox=\"0 0 25 32\"><path fill=\"#126567\" d=\"M10.7 11.9q-0.2 0.3-4.6 8.2-0.5 0.8-1.2 0.8h-4.3q-0.4 0-0.5-0.3t0-0.6l4.5-8q0 0 0 0l-2.9-5q-0.2-0.4 0-0.7 0.2-0.3 0.5-0.3h4.3q0.7 0 1.2 0.8zM25.1 0.4q0.2 0.3 0 0.7l-9.4 16.7 6 11q0.2 0.4 0 0.6-0.2 0.3-0.6 0.3h-4.3q-0.7 0-1.2-0.8l-6-11.1q0.3-0.6 9.5-16.8 0.4-0.8 1.2-0.8h4.3q0.4 0 0.5 0.3z\"\/><\/svg><\/span><span class=\"shariff-text\" style=\"color:#126567\">teilen<\/span>&nbsp;<\/a><\/li><li class=\"shariff-button whatsapp shariff-nocustomcolor\" style=\"background-color:#5cbe4a\"><a href=\"https:\/\/api.whatsapp.com\/send?text=https%3A%2F%2Fstarke-meinungen.de%2Fblog%2F2025%2F04%2F03%2Fder-fall-le-pen-und-die-krise-der-liberalen-ordnung%2F%20Der%20Fall%20Le%20Pen%20und%20die%20Krise%20der%20liberalen%20Ordnung\" title=\"Bei Whatsapp teilen\" aria-label=\"Bei Whatsapp teilen\" role=\"button\" rel=\"noopener nofollow\" class=\"shariff-link\" style=\"; background-color:#34af23; color:#34af23\" target=\"_blank\"><span class=\"shariff-icon\" style=\"fill:#34af23\"><svg width=\"32px\" height=\"20px\" xmlns=\"http:\/\/www.w3.org\/2000\/svg\" viewBox=\"0 0 32 32\"><path fill=\"#34af23\" d=\"M17.6 17.4q0.2 0 1.7 0.8t1.6 0.9q0 0.1 0 0.3 0 0.6-0.3 1.4-0.3 0.7-1.3 1.2t-1.8 0.5q-1 0-3.4-1.1-1.7-0.8-3-2.1t-2.6-3.3q-1.3-1.9-1.3-3.5v-0.1q0.1-1.6 1.3-2.8 0.4-0.4 0.9-0.4 0.1 0 0.3 0t0.3 0q0.3 0 0.5 0.1t0.3 0.5q0.1 0.4 0.6 1.6t0.4 1.3q0 0.4-0.6 1t-0.6 0.8q0 0.1 0.1 0.3 0.6 1.3 1.8 2.4 1 0.9 2.7 1.8 0.2 0.1 0.4 0.1 0.3 0 1-0.9t0.9-0.9zM14 26.9q2.3 0 4.3-0.9t3.6-2.4 2.4-3.6 0.9-4.3-0.9-4.3-2.4-3.6-3.6-2.4-4.3-0.9-4.3 0.9-3.6 2.4-2.4 3.6-0.9 4.3q0 3.6 2.1 6.6l-1.4 4.2 4.3-1.4q2.8 1.9 6.2 1.9zM14 2.2q2.7 0 5.2 1.1t4.3 2.9 2.9 4.3 1.1 5.2-1.1 5.2-2.9 4.3-4.3 2.9-5.2 1.1q-3.5 0-6.5-1.7l-7.4 2.4 2.4-7.2q-1.9-3.2-1.9-6.9 0-2.7 1.1-5.2t2.9-4.3 4.3-2.9 5.2-1.1z\"\/><\/svg><\/span><span class=\"shariff-text\" style=\"color:#34af23\">teilen<\/span>&nbsp;<\/a><\/li><li class=\"shariff-button info shariff-nocustomcolor\" style=\"background-color:#a8a8a8\"><a href=\"http:\/\/ct.de\/-2467514\" title=\"Weitere Informationen\" aria-label=\"Weitere Informationen\" role=\"button\" rel=\"noopener \" class=\"shariff-link\" style=\"; background-color:#999; color:#999\" target=\"_blank\"><span class=\"shariff-icon\" style=\"fill:#999\"><svg width=\"32px\" height=\"20px\" xmlns=\"http:\/\/www.w3.org\/2000\/svg\" viewBox=\"0 0 11 32\"><path fill=\"#999\" d=\"M11.4 24v2.3q0 0.5-0.3 0.8t-0.8 0.4h-9.1q-0.5 0-0.8-0.4t-0.4-0.8v-2.3q0-0.5 0.4-0.8t0.8-0.4h1.1v-6.8h-1.1q-0.5 0-0.8-0.4t-0.4-0.8v-2.3q0-0.5 0.4-0.8t0.8-0.4h6.8q0.5 0 0.8 0.4t0.4 0.8v10.3h1.1q0.5 0 0.8 0.4t0.3 0.8zM9.2 3.4v3.4q0 0.5-0.4 0.8t-0.8 0.4h-4.6q-0.4 0-0.8-0.4t-0.4-0.8v-3.4q0-0.4 0.4-0.8t0.8-0.4h4.6q0.5 0 0.8 0.4t0.4 0.8z\"\/><\/svg><\/span><\/a><\/li><\/ul><\/div>","protected":false},"excerpt":{"rendered":"<p>Demokratien sollten sich nicht durch Ausschluss ihrer Gegner durch Gerichtsurteile sch\u00fctzen. Sondern durch Wahlen. Und indem wir alle sie verteidigen. &#8222;Gro\u00dfer Erfolg gegen Rechtspopulismus und Rechtsextremismus in Europa&#8220;, jubelt ein Gr\u00fcner Bundestagsabgeordneter auf X (ehemals Twitter); rechte Stimmen sprechen von einem &#8222;politischen Urteil&#8220;. Marine Le Pen, die Pr\u00e4sidentschaftskandidatin und Anf\u00fchrerin des rechtspopulistischen franz\u00f6sischen Rassemblement Nationals, wurde schuldig gesprochen, EU-Gelder veruntreut&#8230; <a href=\"https:\/\/starke-meinungen.de\/blog\/2025\/04\/03\/der-fall-le-pen-und-die-krise-der-liberalen-ordnung\/\">Weiterlesen &raquo;<\/a><\/p>\n","protected":false},"author":34,"featured_media":0,"comment_status":"open","ping_status":"open","sticky":false,"template":"","format":"standard","meta":{"footnotes":""},"categories":[1],"tags":[224,1411,2565,4217,1456,1819,4218],"class_list":["post-13047","post","type-post","status-publish","format-standard","hentry","category-allgemein","tag-demokratie","tag-frankreich","tag-marine-le-pen","tag-rassemblement-national","tag-rechtspopulismus","tag-rechtsstaat","tag-urteil"],"yoast_head":"<!-- This site is optimized with the Yoast SEO plugin v27.4 - https:\/\/yoast.com\/product\/yoast-seo-wordpress\/ -->\n<title>Der Fall Le Pen und die Krise der liberalen Ordnung - starke-meinungen.de<\/title>\n<meta name=\"robots\" content=\"index, follow, max-snippet:-1, max-image-preview:large, max-video-preview:-1\" \/>\n<link rel=\"canonical\" href=\"https:\/\/starke-meinungen.de\/blog\/2025\/04\/03\/der-fall-le-pen-und-die-krise-der-liberalen-ordnung\/\" \/>\n<meta property=\"og:locale\" content=\"de_DE\" \/>\n<meta property=\"og:type\" content=\"article\" \/>\n<meta property=\"og:title\" content=\"Der Fall Le Pen und die Krise der liberalen Ordnung - starke-meinungen.de\" \/>\n<meta property=\"og:description\" content=\"Demokratien sollten sich nicht durch Ausschluss ihrer Gegner durch Gerichtsurteile sch\u00fctzen. Sondern durch Wahlen. Und indem wir alle sie verteidigen. &#8222;Gro\u00dfer Erfolg gegen Rechtspopulismus und Rechtsextremismus in Europa&#8220;, jubelt ein Gr\u00fcner Bundestagsabgeordneter auf X (ehemals Twitter); rechte Stimmen sprechen von einem &#8222;politischen Urteil&#8220;. Marine Le Pen, die Pr\u00e4sidentschaftskandidatin und Anf\u00fchrerin des rechtspopulistischen franz\u00f6sischen Rassemblement Nationals, wurde schuldig gesprochen, EU-Gelder veruntreut... Weiterlesen &raquo;\" \/>\n<meta property=\"og:url\" content=\"https:\/\/starke-meinungen.de\/blog\/2025\/04\/03\/der-fall-le-pen-und-die-krise-der-liberalen-ordnung\/\" \/>\n<meta property=\"og:site_name\" content=\"starke-meinungen.de\" \/>\n<meta property=\"article:publisher\" content=\"https:\/\/www.facebook.com\/starkemeinungen\/\" \/>\n<meta property=\"article:published_time\" content=\"2025-04-03T08:36:01+00:00\" \/>\n<meta property=\"article:modified_time\" content=\"2026-01-30T13:36:11+00:00\" \/>\n<meta property=\"og:image\" content=\"https:\/\/starke-meinungen.de\/blog\/wp-content\/uploads\/starke-meinungen-fb-header.jpg\" \/>\n\t<meta property=\"og:image:width\" content=\"1200\" \/>\n\t<meta property=\"og:image:height\" content=\"630\" \/>\n\t<meta property=\"og:image:type\" content=\"image\/jpeg\" \/>\n<meta name=\"author\" content=\"Marcus Knauf\" \/>\n<meta name=\"twitter:card\" content=\"summary_large_image\" \/>\n<meta name=\"twitter:creator\" content=\"@starkemeinungen\" \/>\n<meta name=\"twitter:site\" content=\"@starkemeinungen\" \/>\n<meta name=\"twitter:label1\" content=\"Verfasst von\" \/>\n\t<meta name=\"twitter:data1\" content=\"Marcus Knauf\" \/>\n\t<meta name=\"twitter:label2\" content=\"Gesch\u00e4tzte Lesezeit\" \/>\n\t<meta name=\"twitter:data2\" content=\"4\u00a0Minuten\" \/>\n<script type=\"application\/ld+json\" class=\"yoast-schema-graph\">{\"@context\":\"https:\\\/\\\/schema.org\",\"@graph\":[{\"@type\":\"Article\",\"@id\":\"https:\\\/\\\/starke-meinungen.de\\\/blog\\\/2025\\\/04\\\/03\\\/der-fall-le-pen-und-die-krise-der-liberalen-ordnung\\\/#article\",\"isPartOf\":{\"@id\":\"https:\\\/\\\/starke-meinungen.de\\\/blog\\\/2025\\\/04\\\/03\\\/der-fall-le-pen-und-die-krise-der-liberalen-ordnung\\\/\"},\"author\":{\"name\":\"Marcus Knauf\",\"@id\":\"https:\\\/\\\/starke-meinungen.de\\\/blog\\\/#\\\/schema\\\/person\\\/860681b9c0131d605a7aa49184a04b62\"},\"headline\":\"Der Fall Le Pen und die Krise der liberalen Ordnung\",\"datePublished\":\"2025-04-03T08:36:01+00:00\",\"dateModified\":\"2026-01-30T13:36:11+00:00\",\"mainEntityOfPage\":{\"@id\":\"https:\\\/\\\/starke-meinungen.de\\\/blog\\\/2025\\\/04\\\/03\\\/der-fall-le-pen-und-die-krise-der-liberalen-ordnung\\\/\"},\"wordCount\":648,\"commentCount\":10,\"publisher\":{\"@id\":\"https:\\\/\\\/starke-meinungen.de\\\/blog\\\/#organization\"},\"keywords\":[\"Demokratie\",\"Frankreich\",\"Marine Le Pen\",\"Rassemblement National\",\"Rechtspopulismus\",\"Rechtsstaat\",\"Urteil\"],\"inLanguage\":\"de\",\"potentialAction\":[{\"@type\":\"CommentAction\",\"name\":\"Comment\",\"target\":[\"https:\\\/\\\/starke-meinungen.de\\\/blog\\\/2025\\\/04\\\/03\\\/der-fall-le-pen-und-die-krise-der-liberalen-ordnung\\\/#respond\"]}]},{\"@type\":\"WebPage\",\"@id\":\"https:\\\/\\\/starke-meinungen.de\\\/blog\\\/2025\\\/04\\\/03\\\/der-fall-le-pen-und-die-krise-der-liberalen-ordnung\\\/\",\"url\":\"https:\\\/\\\/starke-meinungen.de\\\/blog\\\/2025\\\/04\\\/03\\\/der-fall-le-pen-und-die-krise-der-liberalen-ordnung\\\/\",\"name\":\"Der Fall Le Pen und die Krise der liberalen Ordnung - starke-meinungen.de\",\"isPartOf\":{\"@id\":\"https:\\\/\\\/starke-meinungen.de\\\/blog\\\/#website\"},\"datePublished\":\"2025-04-03T08:36:01+00:00\",\"dateModified\":\"2026-01-30T13:36:11+00:00\",\"breadcrumb\":{\"@id\":\"https:\\\/\\\/starke-meinungen.de\\\/blog\\\/2025\\\/04\\\/03\\\/der-fall-le-pen-und-die-krise-der-liberalen-ordnung\\\/#breadcrumb\"},\"inLanguage\":\"de\",\"potentialAction\":[{\"@type\":\"ReadAction\",\"target\":[\"https:\\\/\\\/starke-meinungen.de\\\/blog\\\/2025\\\/04\\\/03\\\/der-fall-le-pen-und-die-krise-der-liberalen-ordnung\\\/\"]}]},{\"@type\":\"BreadcrumbList\",\"@id\":\"https:\\\/\\\/starke-meinungen.de\\\/blog\\\/2025\\\/04\\\/03\\\/der-fall-le-pen-und-die-krise-der-liberalen-ordnung\\\/#breadcrumb\",\"itemListElement\":[{\"@type\":\"ListItem\",\"position\":1,\"name\":\"Startseite\",\"item\":\"https:\\\/\\\/starke-meinungen.de\\\/blog\\\/\"},{\"@type\":\"ListItem\",\"position\":2,\"name\":\"Der Fall Le Pen und die Krise der liberalen Ordnung\"}]},{\"@type\":\"WebSite\",\"@id\":\"https:\\\/\\\/starke-meinungen.de\\\/blog\\\/#website\",\"url\":\"https:\\\/\\\/starke-meinungen.de\\\/blog\\\/\",\"name\":\"starke-meinungen.de\",\"description\":\"Autoren-Blog\",\"publisher\":{\"@id\":\"https:\\\/\\\/starke-meinungen.de\\\/blog\\\/#organization\"},\"potentialAction\":[{\"@type\":\"SearchAction\",\"target\":{\"@type\":\"EntryPoint\",\"urlTemplate\":\"https:\\\/\\\/starke-meinungen.de\\\/blog\\\/?s={search_term_string}\"},\"query-input\":{\"@type\":\"PropertyValueSpecification\",\"valueRequired\":true,\"valueName\":\"search_term_string\"}}],\"inLanguage\":\"de\"},{\"@type\":\"Organization\",\"@id\":\"https:\\\/\\\/starke-meinungen.de\\\/blog\\\/#organization\",\"name\":\"starke-meinungen.de\",\"url\":\"https:\\\/\\\/starke-meinungen.de\\\/blog\\\/\",\"logo\":{\"@type\":\"ImageObject\",\"inLanguage\":\"de\",\"@id\":\"https:\\\/\\\/starke-meinungen.de\\\/blog\\\/#\\\/schema\\\/logo\\\/image\\\/\",\"url\":\"https:\\\/\\\/starke-meinungen.de\\\/blog\\\/wp-content\\\/uploads\\\/starke-meinungen-fb-header.jpg\",\"contentUrl\":\"https:\\\/\\\/starke-meinungen.de\\\/blog\\\/wp-content\\\/uploads\\\/starke-meinungen-fb-header.jpg\",\"width\":1200,\"height\":630,\"caption\":\"starke-meinungen.de\"},\"image\":{\"@id\":\"https:\\\/\\\/starke-meinungen.de\\\/blog\\\/#\\\/schema\\\/logo\\\/image\\\/\"},\"sameAs\":[\"https:\\\/\\\/www.facebook.com\\\/starkemeinungen\\\/\",\"https:\\\/\\\/x.com\\\/starkemeinungen\"]},{\"@type\":\"Person\",\"@id\":\"https:\\\/\\\/starke-meinungen.de\\\/blog\\\/#\\\/schema\\\/person\\\/860681b9c0131d605a7aa49184a04b62\",\"name\":\"Marcus Knauf\",\"image\":{\"@type\":\"ImageObject\",\"inLanguage\":\"de\",\"@id\":\"https:\\\/\\\/secure.gravatar.com\\\/avatar\\\/20ed54fd3c5f4a9e94ed05078ebd8f7acecec1db38fcfba30da5481bed5ef308?s=96&d=mm&r=g\",\"url\":\"https:\\\/\\\/secure.gravatar.com\\\/avatar\\\/20ed54fd3c5f4a9e94ed05078ebd8f7acecec1db38fcfba30da5481bed5ef308?s=96&d=mm&r=g\",\"contentUrl\":\"https:\\\/\\\/secure.gravatar.com\\\/avatar\\\/20ed54fd3c5f4a9e94ed05078ebd8f7acecec1db38fcfba30da5481bed5ef308?s=96&d=mm&r=g\",\"caption\":\"Marcus Knauf\"},\"description\":\"Marcus Knauf hat an der Universit\u00e4t Hamburg Holzwirtschaft studiert und machte sich anschlie\u00dfend als Berater selbstst\u00e4ndig. An der Universit\u00e4t Hamburg promovierte und habilitierte er nebenberuflich und ist heute als Privatdozent Angeh\u00f6riger der Universit\u00e4t Hamburg. Er forscht zu den Themen Wald, Holz, Klima, Ressourcen- und Kohlenstoffmanagement und zu Scientitic Literacy.\",\"sameAs\":[\"http:\\\/\\\/www.knauf-consulting.de\"],\"url\":\"https:\\\/\\\/starke-meinungen.de\\\/blog\\\/author\\\/knauf\\\/\"}]}<\/script>\n<!-- \/ Yoast SEO plugin. -->","yoast_head_json":{"title":"Der Fall Le Pen und die Krise der liberalen Ordnung - starke-meinungen.de","robots":{"index":"index","follow":"follow","max-snippet":"max-snippet:-1","max-image-preview":"max-image-preview:large","max-video-preview":"max-video-preview:-1"},"canonical":"https:\/\/starke-meinungen.de\/blog\/2025\/04\/03\/der-fall-le-pen-und-die-krise-der-liberalen-ordnung\/","og_locale":"de_DE","og_type":"article","og_title":"Der Fall Le Pen und die Krise der liberalen Ordnung - starke-meinungen.de","og_description":"Demokratien sollten sich nicht durch Ausschluss ihrer Gegner durch Gerichtsurteile sch\u00fctzen. Sondern durch Wahlen. Und indem wir alle sie verteidigen. &#8222;Gro\u00dfer Erfolg gegen Rechtspopulismus und Rechtsextremismus in Europa&#8220;, jubelt ein Gr\u00fcner Bundestagsabgeordneter auf X (ehemals Twitter); rechte Stimmen sprechen von einem &#8222;politischen Urteil&#8220;. Marine Le Pen, die Pr\u00e4sidentschaftskandidatin und Anf\u00fchrerin des rechtspopulistischen franz\u00f6sischen Rassemblement Nationals, wurde schuldig gesprochen, EU-Gelder veruntreut... Weiterlesen &raquo;","og_url":"https:\/\/starke-meinungen.de\/blog\/2025\/04\/03\/der-fall-le-pen-und-die-krise-der-liberalen-ordnung\/","og_site_name":"starke-meinungen.de","article_publisher":"https:\/\/www.facebook.com\/starkemeinungen\/","article_published_time":"2025-04-03T08:36:01+00:00","article_modified_time":"2026-01-30T13:36:11+00:00","og_image":[{"width":1200,"height":630,"url":"https:\/\/starke-meinungen.de\/blog\/wp-content\/uploads\/starke-meinungen-fb-header.jpg","type":"image\/jpeg"}],"author":"Marcus Knauf","twitter_card":"summary_large_image","twitter_creator":"@starkemeinungen","twitter_site":"@starkemeinungen","twitter_misc":{"Verfasst von":"Marcus Knauf","Gesch\u00e4tzte Lesezeit":"4\u00a0Minuten"},"schema":{"@context":"https:\/\/schema.org","@graph":[{"@type":"Article","@id":"https:\/\/starke-meinungen.de\/blog\/2025\/04\/03\/der-fall-le-pen-und-die-krise-der-liberalen-ordnung\/#article","isPartOf":{"@id":"https:\/\/starke-meinungen.de\/blog\/2025\/04\/03\/der-fall-le-pen-und-die-krise-der-liberalen-ordnung\/"},"author":{"name":"Marcus Knauf","@id":"https:\/\/starke-meinungen.de\/blog\/#\/schema\/person\/860681b9c0131d605a7aa49184a04b62"},"headline":"Der Fall Le Pen und die Krise der liberalen Ordnung","datePublished":"2025-04-03T08:36:01+00:00","dateModified":"2026-01-30T13:36:11+00:00","mainEntityOfPage":{"@id":"https:\/\/starke-meinungen.de\/blog\/2025\/04\/03\/der-fall-le-pen-und-die-krise-der-liberalen-ordnung\/"},"wordCount":648,"commentCount":10,"publisher":{"@id":"https:\/\/starke-meinungen.de\/blog\/#organization"},"keywords":["Demokratie","Frankreich","Marine Le Pen","Rassemblement National","Rechtspopulismus","Rechtsstaat","Urteil"],"inLanguage":"de","potentialAction":[{"@type":"CommentAction","name":"Comment","target":["https:\/\/starke-meinungen.de\/blog\/2025\/04\/03\/der-fall-le-pen-und-die-krise-der-liberalen-ordnung\/#respond"]}]},{"@type":"WebPage","@id":"https:\/\/starke-meinungen.de\/blog\/2025\/04\/03\/der-fall-le-pen-und-die-krise-der-liberalen-ordnung\/","url":"https:\/\/starke-meinungen.de\/blog\/2025\/04\/03\/der-fall-le-pen-und-die-krise-der-liberalen-ordnung\/","name":"Der Fall Le Pen und die Krise der liberalen Ordnung - starke-meinungen.de","isPartOf":{"@id":"https:\/\/starke-meinungen.de\/blog\/#website"},"datePublished":"2025-04-03T08:36:01+00:00","dateModified":"2026-01-30T13:36:11+00:00","breadcrumb":{"@id":"https:\/\/starke-meinungen.de\/blog\/2025\/04\/03\/der-fall-le-pen-und-die-krise-der-liberalen-ordnung\/#breadcrumb"},"inLanguage":"de","potentialAction":[{"@type":"ReadAction","target":["https:\/\/starke-meinungen.de\/blog\/2025\/04\/03\/der-fall-le-pen-und-die-krise-der-liberalen-ordnung\/"]}]},{"@type":"BreadcrumbList","@id":"https:\/\/starke-meinungen.de\/blog\/2025\/04\/03\/der-fall-le-pen-und-die-krise-der-liberalen-ordnung\/#breadcrumb","itemListElement":[{"@type":"ListItem","position":1,"name":"Startseite","item":"https:\/\/starke-meinungen.de\/blog\/"},{"@type":"ListItem","position":2,"name":"Der Fall Le Pen und die Krise der liberalen Ordnung"}]},{"@type":"WebSite","@id":"https:\/\/starke-meinungen.de\/blog\/#website","url":"https:\/\/starke-meinungen.de\/blog\/","name":"starke-meinungen.de","description":"Autoren-Blog","publisher":{"@id":"https:\/\/starke-meinungen.de\/blog\/#organization"},"potentialAction":[{"@type":"SearchAction","target":{"@type":"EntryPoint","urlTemplate":"https:\/\/starke-meinungen.de\/blog\/?s={search_term_string}"},"query-input":{"@type":"PropertyValueSpecification","valueRequired":true,"valueName":"search_term_string"}}],"inLanguage":"de"},{"@type":"Organization","@id":"https:\/\/starke-meinungen.de\/blog\/#organization","name":"starke-meinungen.de","url":"https:\/\/starke-meinungen.de\/blog\/","logo":{"@type":"ImageObject","inLanguage":"de","@id":"https:\/\/starke-meinungen.de\/blog\/#\/schema\/logo\/image\/","url":"https:\/\/starke-meinungen.de\/blog\/wp-content\/uploads\/starke-meinungen-fb-header.jpg","contentUrl":"https:\/\/starke-meinungen.de\/blog\/wp-content\/uploads\/starke-meinungen-fb-header.jpg","width":1200,"height":630,"caption":"starke-meinungen.de"},"image":{"@id":"https:\/\/starke-meinungen.de\/blog\/#\/schema\/logo\/image\/"},"sameAs":["https:\/\/www.facebook.com\/starkemeinungen\/","https:\/\/x.com\/starkemeinungen"]},{"@type":"Person","@id":"https:\/\/starke-meinungen.de\/blog\/#\/schema\/person\/860681b9c0131d605a7aa49184a04b62","name":"Marcus Knauf","image":{"@type":"ImageObject","inLanguage":"de","@id":"https:\/\/secure.gravatar.com\/avatar\/20ed54fd3c5f4a9e94ed05078ebd8f7acecec1db38fcfba30da5481bed5ef308?s=96&d=mm&r=g","url":"https:\/\/secure.gravatar.com\/avatar\/20ed54fd3c5f4a9e94ed05078ebd8f7acecec1db38fcfba30da5481bed5ef308?s=96&d=mm&r=g","contentUrl":"https:\/\/secure.gravatar.com\/avatar\/20ed54fd3c5f4a9e94ed05078ebd8f7acecec1db38fcfba30da5481bed5ef308?s=96&d=mm&r=g","caption":"Marcus Knauf"},"description":"Marcus Knauf hat an der Universit\u00e4t Hamburg Holzwirtschaft studiert und machte sich anschlie\u00dfend als Berater selbstst\u00e4ndig. An der Universit\u00e4t Hamburg promovierte und habilitierte er nebenberuflich und ist heute als Privatdozent Angeh\u00f6riger der Universit\u00e4t Hamburg. Er forscht zu den Themen Wald, Holz, Klima, Ressourcen- und Kohlenstoffmanagement und zu Scientitic Literacy.","sameAs":["http:\/\/www.knauf-consulting.de"],"url":"https:\/\/starke-meinungen.de\/blog\/author\/knauf\/"}]}},"_links":{"self":[{"href":"https:\/\/starke-meinungen.de\/blog\/wp-json\/wp\/v2\/posts\/13047","targetHints":{"allow":["GET"]}}],"collection":[{"href":"https:\/\/starke-meinungen.de\/blog\/wp-json\/wp\/v2\/posts"}],"about":[{"href":"https:\/\/starke-meinungen.de\/blog\/wp-json\/wp\/v2\/types\/post"}],"author":[{"embeddable":true,"href":"https:\/\/starke-meinungen.de\/blog\/wp-json\/wp\/v2\/users\/34"}],"replies":[{"embeddable":true,"href":"https:\/\/starke-meinungen.de\/blog\/wp-json\/wp\/v2\/comments?post=13047"}],"version-history":[{"count":4,"href":"https:\/\/starke-meinungen.de\/blog\/wp-json\/wp\/v2\/posts\/13047\/revisions"}],"predecessor-version":[{"id":13052,"href":"https:\/\/starke-meinungen.de\/blog\/wp-json\/wp\/v2\/posts\/13047\/revisions\/13052"}],"wp:attachment":[{"href":"https:\/\/starke-meinungen.de\/blog\/wp-json\/wp\/v2\/media?parent=13047"}],"wp:term":[{"taxonomy":"category","embeddable":true,"href":"https:\/\/starke-meinungen.de\/blog\/wp-json\/wp\/v2\/categories?post=13047"},{"taxonomy":"post_tag","embeddable":true,"href":"https:\/\/starke-meinungen.de\/blog\/wp-json\/wp\/v2\/tags?post=13047"}],"curies":[{"name":"wp","href":"https:\/\/api.w.org\/{rel}","templated":true}]}}