

{"id":12618,"date":"2025-03-13T14:04:25","date_gmt":"2025-03-13T13:04:25","guid":{"rendered":"https:\/\/starke-meinungen.de\/blog\/?p=12618"},"modified":"2025-03-13T19:35:14","modified_gmt":"2025-03-13T18:35:14","slug":"von-der-geburt-einer-nation","status":"publish","type":"post","link":"https:\/\/starke-meinungen.de\/blog\/2025\/03\/13\/von-der-geburt-einer-nation\/","title":{"rendered":"Von der Geburt einer Nation &#8230;"},"content":{"rendered":"<p><img decoding=\"async\" src=\"https:\/\/starke-meinungen.de\/blog\/wp-content\/uploads\/Eukraine.jpg\" \/><\/p>\n<p>Kennen Sie den Inhalt dieser Vorlesung, die Friedrich Schiller an der Universit\u00e4t Jena hielt ?<!--more--> Hier (<em>Bild unten<\/em>) ?<\/p>\n<p><img decoding=\"async\" src=\"https:\/\/starke-meinungen.de\/blog\/wp-content\/uploads\/schiller-scaled.jpg\" \/><\/p>\n<p>\u201eDie Geschichte des Abfalls der Niederlande\u201c ?<\/p>\n<p>Die ja auch ein \u201eAbfallen\u201c der niederl\u00e4ndischen Provinzen vom \u201eHeiligen R\u00f6mischen Reich Deutscher Nation\u201c war?<\/p>\n<p>&#8222;Kann man das so sehen?\u201c So fragte ich den niederl\u00e4ndischen Maler. \u201eKann man das so sehen, dass Niederl\u00e4ndisch eine der niederdeutschen Sprachen ist, die im \u00fcbrigen Niederdeutschland verdr\u00e4ngt wurden? Von Bremen bis K\u00f6nigsberg, meinetwegen auch bis Tallinn, vom Schriftdeutsch der Lutherbibel verdr\u00e4ngt ?<\/p>\n<p>\u201eHab\u2018 ich noch nicht dr\u00fcber nachgedacht.\u201c Erwiderte er. \u201eWeil es komplizierter ist. Auch das heutige Schrift-Niederl\u00e4ndisch der Kaufleute von Amsterdam hat andere Sprachformen im K\u00f6nigreich der Niederlande verdr\u00e4ngt. Aber gewiss: Auf den M\u00e4rkten an der deutsch\/niederl\u00e4ndischen Grenze verstehen die deutschen und niederl\u00e4ndischen Bauern einander am besten in ihrem Platt.\u201c<\/p>\n<p>Dass \u201edie Ukrainer\u201c ein von \u201eden Russen\u201c verschiedenes Volk seien, kam mir gar nicht in den Sinn, als ich 1989 <a href=\"https:\/\/starke-meinungen.de\/blog\/2024\/12\/13\/10-000-km-ostwaerts-eine-reise-durch-das-beginnende-1989-7\/\" target=\"_blank\" rel=\"noopener\">mit einer Familie aus Odessa das Zugabteil teilte<\/a>.<\/p>\n<p>Wie sie selbst das gesehen h\u00e4tten ? Die Frage danach w\u00e4re mir damals als v\u00f6llig absurd erschienen.<\/p>\n<p>Ja gut, sie sprechen anders. Da gibt es <a href=\"https:\/\/starke-meinungen.de\/blog\/2024\/12\/13\/10-000-km-ostwaerts-eine-reise-durch-das-beginnende-1989-7\/\" target=\"_blank\" rel=\"noopener\">Lautverschiebungen. Das westslawische \u201eH\u201c zum Prager <strong>Hrad<\/strong>schin zum Beispiel ist auch in der Ukraine noch ein \u201cH\u201c.<\/a> Und wird erst im Russischen zu einem \u201eG\u201c. In Petro<strong>grad<\/strong> \u00a0zum Beispiel. Und diese slawische Bezeichnung f\u00fcr eine Burg ist nur das eine Beispiel an Lautverschiebung, das mir als Laie aufgefallen ist.<\/p>\n<p>\u201eMit Lautverschiebungen\u201c, so hatte mir mein Haftkamerad <a href=\"https:\/\/haft-ddr.de\/hafterfahrungen\/manfred-bartz\" target=\"_blank\" rel=\"noopener\">Manfred Bartz<\/a> in Brandenburg in der Justizvollzugseinrichtung erkl\u00e4rt, \u201eMit Lautverschiebungen sind die Zusammenh\u00e4nge in einer Sprachfamilie, z.B. auch in den germanischen Sprachen erkl\u00e4rt.\u201c\u00a0 Manfred sprach Niederl\u00e4ndisch und D\u00e4nisch. \u201eSchwedisch und Norwegisch und Isl\u00e4ndisch auch, Du musst wissen, wie sich die Laute verschieben.\u201c<\/p>\n<p>Mundart oder Sprache? Auch das heutige Schriftrussisch gibt es erst seit Puschkin, der die Moskauer Mundart in die Literatur einf\u00fchrte. <a href=\"https:\/\/de.wikipedia.org\/wiki\/Kirchenslawisch#Russisch-Kirchenslawisch\" target=\"_blank\" rel=\"noopener\">Kirchenslawisch<\/a>, also die Ausdrucksgewohnheiten Kyrills und Methods, in der in den Kirchen Wei\u00dfrusslands, Ru\u00dflands und der Ukraine die Sonntagsliturgie zelebriert wird, war bis ins 18. Jahrhundert das, was es an origin\u00e4r ostlawischem Schriftzeugnis gab.<\/p>\n<p>Wann ist eine Sprache eine Sprache ? Eine Sprache, die dann Grundlage ist f\u00fcr eine Nation?<\/p>\n<p>\u201eWenn sie in der Lage ist, eine Armee und eine Marine aufzustellen.\u201c Sagt das Bonmot.<\/p>\n<p>Schon hierin liegt der Misserfolg Moskaus im nun dreij\u00e4hrigen Krieg gegen die Ukraine:<\/p>\n<p>Der Geburt einer von &#8222;den Russen&#8220; verschiedenen Nation.<\/p>\n<div class=\"shariff shariff-align-left shariff-widget-align-left shariff-buttonstretch\" style=\"display:none\"><ul class=\"shariff-buttons theme-white orientation-horizontal buttonsize-medium\"><li class=\"shariff-button facebook shariff-nocustomcolor\" style=\"background-color:#4273c8\"><a href=\"https:\/\/www.facebook.com\/sharer\/sharer.php?u=https%3A%2F%2Fstarke-meinungen.de%2Fblog%2F2025%2F03%2F13%2Fvon-der-geburt-einer-nation%2F\" title=\"Bei Facebook teilen\" aria-label=\"Bei Facebook teilen\" role=\"button\" rel=\"nofollow\" class=\"shariff-link\" style=\"; background-color:#3b5998; color:#3b5998\" target=\"_blank\"><span class=\"shariff-icon\" style=\"fill:#3b5998\"><svg width=\"32px\" height=\"20px\" xmlns=\"http:\/\/www.w3.org\/2000\/svg\" viewBox=\"0 0 18 32\"><path fill=\"#3b5998\" d=\"M17.1 0.2v4.7h-2.8q-1.5 0-2.1 0.6t-0.5 1.9v3.4h5.2l-0.7 5.3h-4.5v13.6h-5.5v-13.6h-4.5v-5.3h4.5v-3.9q0-3.3 1.9-5.2t5-1.8q2.6 0 4.1 0.2z\"\/><\/svg><\/span><span class=\"shariff-text\" style=\"color:#3b5998\">teilen<\/span>&nbsp;<\/a><\/li><li class=\"shariff-button twitter shariff-nocustomcolor\" style=\"background-color:#595959\"><a href=\"https:\/\/twitter.com\/share?url=https%3A%2F%2Fstarke-meinungen.de%2Fblog%2F2025%2F03%2F13%2Fvon-der-geburt-einer-nation%2F&text=Von%20der%20Geburt%20einer%20Nation%20%E2%80%A6&via=starkemeinungen\" title=\"Bei X teilen\" aria-label=\"Bei X teilen\" role=\"button\" rel=\"noopener nofollow\" class=\"shariff-link\" style=\"; background-color:#000; color:#000\" target=\"_blank\"><span class=\"shariff-icon\" style=\"fill:#000\"><svg width=\"32px\" height=\"20px\" xmlns=\"http:\/\/www.w3.org\/2000\/svg\" viewBox=\"0 0 24 24\"><path fill=\"#000\" d=\"M14.258 10.152L23.176 0h-2.113l-7.747 8.813L7.133 0H0l9.352 13.328L0 23.973h2.113l8.176-9.309 6.531 9.309h7.133zm-2.895 3.293l-.949-1.328L2.875 1.56h3.246l6.086 8.523.945 1.328 7.91 11.078h-3.246zm0 0\"\/><\/svg><\/span><span class=\"shariff-text\" style=\"color:#000\">teilen<\/span>&nbsp;<\/a><\/li><li class=\"shariff-button linkedin shariff-nocustomcolor\" style=\"background-color:#1488bf\"><a href=\"https:\/\/www.linkedin.com\/sharing\/share-offsite\/?url=https%3A%2F%2Fstarke-meinungen.de%2Fblog%2F2025%2F03%2F13%2Fvon-der-geburt-einer-nation%2F\" title=\"Bei LinkedIn teilen\" aria-label=\"Bei LinkedIn teilen\" role=\"button\" rel=\"noopener nofollow\" class=\"shariff-link\" style=\"; background-color:#0077b5; color:#0077b5\" target=\"_blank\"><span class=\"shariff-icon\" style=\"fill:#0077b5\"><svg width=\"32px\" height=\"20px\" xmlns=\"http:\/\/www.w3.org\/2000\/svg\" viewBox=\"0 0 27 32\"><path fill=\"#0077b5\" d=\"M6.2 11.2v17.7h-5.9v-17.7h5.9zM6.6 5.7q0 1.3-0.9 2.2t-2.4 0.9h0q-1.5 0-2.4-0.9t-0.9-2.2 0.9-2.2 2.4-0.9 2.4 0.9 0.9 2.2zM27.4 18.7v10.1h-5.9v-9.5q0-1.9-0.7-2.9t-2.3-1.1q-1.1 0-1.9 0.6t-1.2 1.5q-0.2 0.5-0.2 1.4v9.9h-5.9q0-7.1 0-11.6t0-5.3l0-0.9h5.9v2.6h0q0.4-0.6 0.7-1t1-0.9 1.6-0.8 2-0.3q3 0 4.9 2t1.9 6z\"\/><\/svg><\/span><span class=\"shariff-text\" style=\"color:#0077b5\">teilen<\/span>&nbsp;<\/a><\/li><li class=\"shariff-button xing shariff-nocustomcolor\" style=\"background-color:#29888a\"><a href=\"https:\/\/www.xing.com\/spi\/shares\/new?url=https%3A%2F%2Fstarke-meinungen.de%2Fblog%2F2025%2F03%2F13%2Fvon-der-geburt-einer-nation%2F\" title=\"Bei XING teilen\" aria-label=\"Bei XING teilen\" role=\"button\" rel=\"noopener nofollow\" class=\"shariff-link\" style=\"; background-color:#126567; color:#126567\" target=\"_blank\"><span class=\"shariff-icon\" style=\"fill:#126567\"><svg width=\"32px\" height=\"20px\" xmlns=\"http:\/\/www.w3.org\/2000\/svg\" viewBox=\"0 0 25 32\"><path fill=\"#126567\" d=\"M10.7 11.9q-0.2 0.3-4.6 8.2-0.5 0.8-1.2 0.8h-4.3q-0.4 0-0.5-0.3t0-0.6l4.5-8q0 0 0 0l-2.9-5q-0.2-0.4 0-0.7 0.2-0.3 0.5-0.3h4.3q0.7 0 1.2 0.8zM25.1 0.4q0.2 0.3 0 0.7l-9.4 16.7 6 11q0.2 0.4 0 0.6-0.2 0.3-0.6 0.3h-4.3q-0.7 0-1.2-0.8l-6-11.1q0.3-0.6 9.5-16.8 0.4-0.8 1.2-0.8h4.3q0.4 0 0.5 0.3z\"\/><\/svg><\/span><span class=\"shariff-text\" style=\"color:#126567\">teilen<\/span>&nbsp;<\/a><\/li><li class=\"shariff-button whatsapp shariff-nocustomcolor\" style=\"background-color:#5cbe4a\"><a href=\"https:\/\/api.whatsapp.com\/send?text=https%3A%2F%2Fstarke-meinungen.de%2Fblog%2F2025%2F03%2F13%2Fvon-der-geburt-einer-nation%2F%20Von%20der%20Geburt%20einer%20Nation%20%E2%80%A6\" title=\"Bei Whatsapp teilen\" aria-label=\"Bei Whatsapp teilen\" role=\"button\" rel=\"noopener nofollow\" class=\"shariff-link\" style=\"; background-color:#34af23; color:#34af23\" target=\"_blank\"><span class=\"shariff-icon\" style=\"fill:#34af23\"><svg width=\"32px\" height=\"20px\" xmlns=\"http:\/\/www.w3.org\/2000\/svg\" viewBox=\"0 0 32 32\"><path fill=\"#34af23\" d=\"M17.6 17.4q0.2 0 1.7 0.8t1.6 0.9q0 0.1 0 0.3 0 0.6-0.3 1.4-0.3 0.7-1.3 1.2t-1.8 0.5q-1 0-3.4-1.1-1.7-0.8-3-2.1t-2.6-3.3q-1.3-1.9-1.3-3.5v-0.1q0.1-1.6 1.3-2.8 0.4-0.4 0.9-0.4 0.1 0 0.3 0t0.3 0q0.3 0 0.5 0.1t0.3 0.5q0.1 0.4 0.6 1.6t0.4 1.3q0 0.4-0.6 1t-0.6 0.8q0 0.1 0.1 0.3 0.6 1.3 1.8 2.4 1 0.9 2.7 1.8 0.2 0.1 0.4 0.1 0.3 0 1-0.9t0.9-0.9zM14 26.9q2.3 0 4.3-0.9t3.6-2.4 2.4-3.6 0.9-4.3-0.9-4.3-2.4-3.6-3.6-2.4-4.3-0.9-4.3 0.9-3.6 2.4-2.4 3.6-0.9 4.3q0 3.6 2.1 6.6l-1.4 4.2 4.3-1.4q2.8 1.9 6.2 1.9zM14 2.2q2.7 0 5.2 1.1t4.3 2.9 2.9 4.3 1.1 5.2-1.1 5.2-2.9 4.3-4.3 2.9-5.2 1.1q-3.5 0-6.5-1.7l-7.4 2.4 2.4-7.2q-1.9-3.2-1.9-6.9 0-2.7 1.1-5.2t2.9-4.3 4.3-2.9 5.2-1.1z\"\/><\/svg><\/span><span class=\"shariff-text\" style=\"color:#34af23\">teilen<\/span>&nbsp;<\/a><\/li><li class=\"shariff-button info shariff-nocustomcolor\" style=\"background-color:#a8a8a8\"><a href=\"http:\/\/ct.de\/-2467514\" title=\"Weitere Informationen\" aria-label=\"Weitere Informationen\" role=\"button\" rel=\"noopener \" class=\"shariff-link\" style=\"; background-color:#999; color:#999\" target=\"_blank\"><span class=\"shariff-icon\" style=\"fill:#999\"><svg width=\"32px\" height=\"20px\" xmlns=\"http:\/\/www.w3.org\/2000\/svg\" viewBox=\"0 0 11 32\"><path fill=\"#999\" d=\"M11.4 24v2.3q0 0.5-0.3 0.8t-0.8 0.4h-9.1q-0.5 0-0.8-0.4t-0.4-0.8v-2.3q0-0.5 0.4-0.8t0.8-0.4h1.1v-6.8h-1.1q-0.5 0-0.8-0.4t-0.4-0.8v-2.3q0-0.5 0.4-0.8t0.8-0.4h6.8q0.5 0 0.8 0.4t0.4 0.8v10.3h1.1q0.5 0 0.8 0.4t0.3 0.8zM9.2 3.4v3.4q0 0.5-0.4 0.8t-0.8 0.4h-4.6q-0.4 0-0.8-0.4t-0.4-0.8v-3.4q0-0.4 0.4-0.8t0.8-0.4h4.6q0.5 0 0.8 0.4t0.4 0.8z\"\/><\/svg><\/span><\/a><\/li><\/ul><\/div>","protected":false},"excerpt":{"rendered":"<p>Kennen Sie den Inhalt dieser Vorlesung, die Friedrich Schiller an der Universit\u00e4t Jena hielt ?<\/p>\n","protected":false},"author":58,"featured_media":0,"comment_status":"open","ping_status":"open","sticky":false,"template":"","format":"standard","meta":{"footnotes":""},"categories":[1],"tags":[],"class_list":["post-12618","post","type-post","status-publish","format-standard","hentry","category-allgemein"],"yoast_head":"<!-- This site is optimized with the Yoast SEO plugin v27.5 - https:\/\/yoast.com\/product\/yoast-seo-wordpress\/ -->\n<title>Von der Geburt einer Nation ... - starke-meinungen.de<\/title>\n<meta name=\"robots\" content=\"index, follow, max-snippet:-1, max-image-preview:large, max-video-preview:-1\" \/>\n<link rel=\"canonical\" href=\"https:\/\/starke-meinungen.de\/blog\/2025\/03\/13\/von-der-geburt-einer-nation\/\" \/>\n<meta property=\"og:locale\" content=\"de_DE\" \/>\n<meta property=\"og:type\" content=\"article\" \/>\n<meta property=\"og:title\" content=\"Von der Geburt einer Nation ... - starke-meinungen.de\" \/>\n<meta property=\"og:description\" content=\"Kennen Sie den Inhalt dieser Vorlesung, die Friedrich Schiller an der Universit\u00e4t Jena hielt ?\" \/>\n<meta property=\"og:url\" content=\"https:\/\/starke-meinungen.de\/blog\/2025\/03\/13\/von-der-geburt-einer-nation\/\" \/>\n<meta property=\"og:site_name\" content=\"starke-meinungen.de\" \/>\n<meta property=\"article:publisher\" content=\"https:\/\/www.facebook.com\/starkemeinungen\/\" \/>\n<meta property=\"article:published_time\" content=\"2025-03-13T13:04:25+00:00\" \/>\n<meta property=\"article:modified_time\" content=\"2025-03-13T18:35:14+00:00\" \/>\n<meta property=\"og:image\" content=\"https:\/\/starke-meinungen.de\/blog\/wp-content\/uploads\/Eukraine.jpg\" \/>\n<meta name=\"author\" content=\"Bodo Walther\" \/>\n<meta name=\"twitter:card\" content=\"summary_large_image\" \/>\n<meta name=\"twitter:creator\" content=\"@starkemeinungen\" \/>\n<meta name=\"twitter:site\" content=\"@starkemeinungen\" \/>\n<meta name=\"twitter:label1\" content=\"Verfasst von\" \/>\n\t<meta name=\"twitter:data1\" content=\"Bodo Walther\" \/>\n\t<meta name=\"twitter:label2\" content=\"Gesch\u00e4tzte Lesezeit\" \/>\n\t<meta name=\"twitter:data2\" content=\"3\u00a0Minuten\" \/>\n<script type=\"application\/ld+json\" class=\"yoast-schema-graph\">{\"@context\":\"https:\\\/\\\/schema.org\",\"@graph\":[{\"@type\":\"Article\",\"@id\":\"https:\\\/\\\/starke-meinungen.de\\\/blog\\\/2025\\\/03\\\/13\\\/von-der-geburt-einer-nation\\\/#article\",\"isPartOf\":{\"@id\":\"https:\\\/\\\/starke-meinungen.de\\\/blog\\\/2025\\\/03\\\/13\\\/von-der-geburt-einer-nation\\\/\"},\"author\":{\"name\":\"Bodo Walther\",\"@id\":\"https:\\\/\\\/starke-meinungen.de\\\/blog\\\/#\\\/schema\\\/person\\\/c09813e9c9af72d43aa64f379b8b92b8\"},\"headline\":\"Von der Geburt einer Nation &#8230;\",\"datePublished\":\"2025-03-13T13:04:25+00:00\",\"dateModified\":\"2025-03-13T18:35:14+00:00\",\"mainEntityOfPage\":{\"@id\":\"https:\\\/\\\/starke-meinungen.de\\\/blog\\\/2025\\\/03\\\/13\\\/von-der-geburt-einer-nation\\\/\"},\"wordCount\":420,\"commentCount\":5,\"publisher\":{\"@id\":\"https:\\\/\\\/starke-meinungen.de\\\/blog\\\/#organization\"},\"image\":{\"@id\":\"https:\\\/\\\/starke-meinungen.de\\\/blog\\\/2025\\\/03\\\/13\\\/von-der-geburt-einer-nation\\\/#primaryimage\"},\"thumbnailUrl\":\"https:\\\/\\\/starke-meinungen.de\\\/blog\\\/wp-content\\\/uploads\\\/Eukraine.jpg\",\"inLanguage\":\"de\",\"potentialAction\":[{\"@type\":\"CommentAction\",\"name\":\"Comment\",\"target\":[\"https:\\\/\\\/starke-meinungen.de\\\/blog\\\/2025\\\/03\\\/13\\\/von-der-geburt-einer-nation\\\/#respond\"]}]},{\"@type\":\"WebPage\",\"@id\":\"https:\\\/\\\/starke-meinungen.de\\\/blog\\\/2025\\\/03\\\/13\\\/von-der-geburt-einer-nation\\\/\",\"url\":\"https:\\\/\\\/starke-meinungen.de\\\/blog\\\/2025\\\/03\\\/13\\\/von-der-geburt-einer-nation\\\/\",\"name\":\"Von der Geburt einer Nation ... - starke-meinungen.de\",\"isPartOf\":{\"@id\":\"https:\\\/\\\/starke-meinungen.de\\\/blog\\\/#website\"},\"primaryImageOfPage\":{\"@id\":\"https:\\\/\\\/starke-meinungen.de\\\/blog\\\/2025\\\/03\\\/13\\\/von-der-geburt-einer-nation\\\/#primaryimage\"},\"image\":{\"@id\":\"https:\\\/\\\/starke-meinungen.de\\\/blog\\\/2025\\\/03\\\/13\\\/von-der-geburt-einer-nation\\\/#primaryimage\"},\"thumbnailUrl\":\"https:\\\/\\\/starke-meinungen.de\\\/blog\\\/wp-content\\\/uploads\\\/Eukraine.jpg\",\"datePublished\":\"2025-03-13T13:04:25+00:00\",\"dateModified\":\"2025-03-13T18:35:14+00:00\",\"breadcrumb\":{\"@id\":\"https:\\\/\\\/starke-meinungen.de\\\/blog\\\/2025\\\/03\\\/13\\\/von-der-geburt-einer-nation\\\/#breadcrumb\"},\"inLanguage\":\"de\",\"potentialAction\":[{\"@type\":\"ReadAction\",\"target\":[\"https:\\\/\\\/starke-meinungen.de\\\/blog\\\/2025\\\/03\\\/13\\\/von-der-geburt-einer-nation\\\/\"]}]},{\"@type\":\"ImageObject\",\"inLanguage\":\"de\",\"@id\":\"https:\\\/\\\/starke-meinungen.de\\\/blog\\\/2025\\\/03\\\/13\\\/von-der-geburt-einer-nation\\\/#primaryimage\",\"url\":\"https:\\\/\\\/starke-meinungen.de\\\/blog\\\/wp-content\\\/uploads\\\/Eukraine.jpg\",\"contentUrl\":\"https:\\\/\\\/starke-meinungen.de\\\/blog\\\/wp-content\\\/uploads\\\/Eukraine.jpg\",\"width\":640,\"height\":427},{\"@type\":\"BreadcrumbList\",\"@id\":\"https:\\\/\\\/starke-meinungen.de\\\/blog\\\/2025\\\/03\\\/13\\\/von-der-geburt-einer-nation\\\/#breadcrumb\",\"itemListElement\":[{\"@type\":\"ListItem\",\"position\":1,\"name\":\"Startseite\",\"item\":\"https:\\\/\\\/starke-meinungen.de\\\/blog\\\/\"},{\"@type\":\"ListItem\",\"position\":2,\"name\":\"Von der Geburt einer Nation &#8230;\"}]},{\"@type\":\"WebSite\",\"@id\":\"https:\\\/\\\/starke-meinungen.de\\\/blog\\\/#website\",\"url\":\"https:\\\/\\\/starke-meinungen.de\\\/blog\\\/\",\"name\":\"starke-meinungen.de\",\"description\":\"Autoren-Blog\",\"publisher\":{\"@id\":\"https:\\\/\\\/starke-meinungen.de\\\/blog\\\/#organization\"},\"potentialAction\":[{\"@type\":\"SearchAction\",\"target\":{\"@type\":\"EntryPoint\",\"urlTemplate\":\"https:\\\/\\\/starke-meinungen.de\\\/blog\\\/?s={search_term_string}\"},\"query-input\":{\"@type\":\"PropertyValueSpecification\",\"valueRequired\":true,\"valueName\":\"search_term_string\"}}],\"inLanguage\":\"de\"},{\"@type\":\"Organization\",\"@id\":\"https:\\\/\\\/starke-meinungen.de\\\/blog\\\/#organization\",\"name\":\"starke-meinungen.de\",\"url\":\"https:\\\/\\\/starke-meinungen.de\\\/blog\\\/\",\"logo\":{\"@type\":\"ImageObject\",\"inLanguage\":\"de\",\"@id\":\"https:\\\/\\\/starke-meinungen.de\\\/blog\\\/#\\\/schema\\\/logo\\\/image\\\/\",\"url\":\"https:\\\/\\\/starke-meinungen.de\\\/blog\\\/wp-content\\\/uploads\\\/starke-meinungen-fb-header.jpg\",\"contentUrl\":\"https:\\\/\\\/starke-meinungen.de\\\/blog\\\/wp-content\\\/uploads\\\/starke-meinungen-fb-header.jpg\",\"width\":1200,\"height\":630,\"caption\":\"starke-meinungen.de\"},\"image\":{\"@id\":\"https:\\\/\\\/starke-meinungen.de\\\/blog\\\/#\\\/schema\\\/logo\\\/image\\\/\"},\"sameAs\":[\"https:\\\/\\\/www.facebook.com\\\/starkemeinungen\\\/\",\"https:\\\/\\\/x.com\\\/starkemeinungen\"]},{\"@type\":\"Person\",\"@id\":\"https:\\\/\\\/starke-meinungen.de\\\/blog\\\/#\\\/schema\\\/person\\\/c09813e9c9af72d43aa64f379b8b92b8\",\"name\":\"Bodo Walther\",\"image\":{\"@type\":\"ImageObject\",\"inLanguage\":\"de\",\"@id\":\"https:\\\/\\\/secure.gravatar.com\\\/avatar\\\/3c9d5c7a3feb37b6976cfee946f7618756dcd05cbae8960f1b19091e547f7e57?s=96&d=mm&r=g\",\"url\":\"https:\\\/\\\/secure.gravatar.com\\\/avatar\\\/3c9d5c7a3feb37b6976cfee946f7618756dcd05cbae8960f1b19091e547f7e57?s=96&d=mm&r=g\",\"contentUrl\":\"https:\\\/\\\/secure.gravatar.com\\\/avatar\\\/3c9d5c7a3feb37b6976cfee946f7618756dcd05cbae8960f1b19091e547f7e57?s=96&d=mm&r=g\",\"caption\":\"Bodo Walther\"},\"description\":\"Bodo Walther, geboren 1960 in Wei\u00dfenfels im heutigen Sachsen-Anhalt, studierte 1985 bis 1991 Rechtswissenschaften in T\u00fcbingen und Bonn. Er war aktiver Landes- und Kommunalbeamter in Sachsen-Anhalt, ist heute im Ruhestand und Anwalt in der N\u00e4he von Leipzig.\",\"url\":\"https:\\\/\\\/starke-meinungen.de\\\/blog\\\/author\\\/walther\\\/\"}]}<\/script>\n<!-- \/ Yoast SEO plugin. -->","yoast_head_json":{"title":"Von der Geburt einer Nation ... - starke-meinungen.de","robots":{"index":"index","follow":"follow","max-snippet":"max-snippet:-1","max-image-preview":"max-image-preview:large","max-video-preview":"max-video-preview:-1"},"canonical":"https:\/\/starke-meinungen.de\/blog\/2025\/03\/13\/von-der-geburt-einer-nation\/","og_locale":"de_DE","og_type":"article","og_title":"Von der Geburt einer Nation ... - starke-meinungen.de","og_description":"Kennen Sie den Inhalt dieser Vorlesung, die Friedrich Schiller an der Universit\u00e4t Jena hielt ?","og_url":"https:\/\/starke-meinungen.de\/blog\/2025\/03\/13\/von-der-geburt-einer-nation\/","og_site_name":"starke-meinungen.de","article_publisher":"https:\/\/www.facebook.com\/starkemeinungen\/","article_published_time":"2025-03-13T13:04:25+00:00","article_modified_time":"2025-03-13T18:35:14+00:00","og_image":[{"url":"https:\/\/starke-meinungen.de\/blog\/wp-content\/uploads\/Eukraine.jpg","type":"","width":"","height":""}],"author":"Bodo Walther","twitter_card":"summary_large_image","twitter_creator":"@starkemeinungen","twitter_site":"@starkemeinungen","twitter_misc":{"Verfasst von":"Bodo Walther","Gesch\u00e4tzte Lesezeit":"3\u00a0Minuten"},"schema":{"@context":"https:\/\/schema.org","@graph":[{"@type":"Article","@id":"https:\/\/starke-meinungen.de\/blog\/2025\/03\/13\/von-der-geburt-einer-nation\/#article","isPartOf":{"@id":"https:\/\/starke-meinungen.de\/blog\/2025\/03\/13\/von-der-geburt-einer-nation\/"},"author":{"name":"Bodo Walther","@id":"https:\/\/starke-meinungen.de\/blog\/#\/schema\/person\/c09813e9c9af72d43aa64f379b8b92b8"},"headline":"Von der Geburt einer Nation &#8230;","datePublished":"2025-03-13T13:04:25+00:00","dateModified":"2025-03-13T18:35:14+00:00","mainEntityOfPage":{"@id":"https:\/\/starke-meinungen.de\/blog\/2025\/03\/13\/von-der-geburt-einer-nation\/"},"wordCount":420,"commentCount":5,"publisher":{"@id":"https:\/\/starke-meinungen.de\/blog\/#organization"},"image":{"@id":"https:\/\/starke-meinungen.de\/blog\/2025\/03\/13\/von-der-geburt-einer-nation\/#primaryimage"},"thumbnailUrl":"https:\/\/starke-meinungen.de\/blog\/wp-content\/uploads\/Eukraine.jpg","inLanguage":"de","potentialAction":[{"@type":"CommentAction","name":"Comment","target":["https:\/\/starke-meinungen.de\/blog\/2025\/03\/13\/von-der-geburt-einer-nation\/#respond"]}]},{"@type":"WebPage","@id":"https:\/\/starke-meinungen.de\/blog\/2025\/03\/13\/von-der-geburt-einer-nation\/","url":"https:\/\/starke-meinungen.de\/blog\/2025\/03\/13\/von-der-geburt-einer-nation\/","name":"Von der Geburt einer Nation ... - starke-meinungen.de","isPartOf":{"@id":"https:\/\/starke-meinungen.de\/blog\/#website"},"primaryImageOfPage":{"@id":"https:\/\/starke-meinungen.de\/blog\/2025\/03\/13\/von-der-geburt-einer-nation\/#primaryimage"},"image":{"@id":"https:\/\/starke-meinungen.de\/blog\/2025\/03\/13\/von-der-geburt-einer-nation\/#primaryimage"},"thumbnailUrl":"https:\/\/starke-meinungen.de\/blog\/wp-content\/uploads\/Eukraine.jpg","datePublished":"2025-03-13T13:04:25+00:00","dateModified":"2025-03-13T18:35:14+00:00","breadcrumb":{"@id":"https:\/\/starke-meinungen.de\/blog\/2025\/03\/13\/von-der-geburt-einer-nation\/#breadcrumb"},"inLanguage":"de","potentialAction":[{"@type":"ReadAction","target":["https:\/\/starke-meinungen.de\/blog\/2025\/03\/13\/von-der-geburt-einer-nation\/"]}]},{"@type":"ImageObject","inLanguage":"de","@id":"https:\/\/starke-meinungen.de\/blog\/2025\/03\/13\/von-der-geburt-einer-nation\/#primaryimage","url":"https:\/\/starke-meinungen.de\/blog\/wp-content\/uploads\/Eukraine.jpg","contentUrl":"https:\/\/starke-meinungen.de\/blog\/wp-content\/uploads\/Eukraine.jpg","width":640,"height":427},{"@type":"BreadcrumbList","@id":"https:\/\/starke-meinungen.de\/blog\/2025\/03\/13\/von-der-geburt-einer-nation\/#breadcrumb","itemListElement":[{"@type":"ListItem","position":1,"name":"Startseite","item":"https:\/\/starke-meinungen.de\/blog\/"},{"@type":"ListItem","position":2,"name":"Von der Geburt einer Nation &#8230;"}]},{"@type":"WebSite","@id":"https:\/\/starke-meinungen.de\/blog\/#website","url":"https:\/\/starke-meinungen.de\/blog\/","name":"starke-meinungen.de","description":"Autoren-Blog","publisher":{"@id":"https:\/\/starke-meinungen.de\/blog\/#organization"},"potentialAction":[{"@type":"SearchAction","target":{"@type":"EntryPoint","urlTemplate":"https:\/\/starke-meinungen.de\/blog\/?s={search_term_string}"},"query-input":{"@type":"PropertyValueSpecification","valueRequired":true,"valueName":"search_term_string"}}],"inLanguage":"de"},{"@type":"Organization","@id":"https:\/\/starke-meinungen.de\/blog\/#organization","name":"starke-meinungen.de","url":"https:\/\/starke-meinungen.de\/blog\/","logo":{"@type":"ImageObject","inLanguage":"de","@id":"https:\/\/starke-meinungen.de\/blog\/#\/schema\/logo\/image\/","url":"https:\/\/starke-meinungen.de\/blog\/wp-content\/uploads\/starke-meinungen-fb-header.jpg","contentUrl":"https:\/\/starke-meinungen.de\/blog\/wp-content\/uploads\/starke-meinungen-fb-header.jpg","width":1200,"height":630,"caption":"starke-meinungen.de"},"image":{"@id":"https:\/\/starke-meinungen.de\/blog\/#\/schema\/logo\/image\/"},"sameAs":["https:\/\/www.facebook.com\/starkemeinungen\/","https:\/\/x.com\/starkemeinungen"]},{"@type":"Person","@id":"https:\/\/starke-meinungen.de\/blog\/#\/schema\/person\/c09813e9c9af72d43aa64f379b8b92b8","name":"Bodo Walther","image":{"@type":"ImageObject","inLanguage":"de","@id":"https:\/\/secure.gravatar.com\/avatar\/3c9d5c7a3feb37b6976cfee946f7618756dcd05cbae8960f1b19091e547f7e57?s=96&d=mm&r=g","url":"https:\/\/secure.gravatar.com\/avatar\/3c9d5c7a3feb37b6976cfee946f7618756dcd05cbae8960f1b19091e547f7e57?s=96&d=mm&r=g","contentUrl":"https:\/\/secure.gravatar.com\/avatar\/3c9d5c7a3feb37b6976cfee946f7618756dcd05cbae8960f1b19091e547f7e57?s=96&d=mm&r=g","caption":"Bodo Walther"},"description":"Bodo Walther, geboren 1960 in Wei\u00dfenfels im heutigen Sachsen-Anhalt, studierte 1985 bis 1991 Rechtswissenschaften in T\u00fcbingen und Bonn. Er war aktiver Landes- und Kommunalbeamter in Sachsen-Anhalt, ist heute im Ruhestand und Anwalt in der N\u00e4he von Leipzig.","url":"https:\/\/starke-meinungen.de\/blog\/author\/walther\/"}]}},"_links":{"self":[{"href":"https:\/\/starke-meinungen.de\/blog\/wp-json\/wp\/v2\/posts\/12618","targetHints":{"allow":["GET"]}}],"collection":[{"href":"https:\/\/starke-meinungen.de\/blog\/wp-json\/wp\/v2\/posts"}],"about":[{"href":"https:\/\/starke-meinungen.de\/blog\/wp-json\/wp\/v2\/types\/post"}],"author":[{"embeddable":true,"href":"https:\/\/starke-meinungen.de\/blog\/wp-json\/wp\/v2\/users\/58"}],"replies":[{"embeddable":true,"href":"https:\/\/starke-meinungen.de\/blog\/wp-json\/wp\/v2\/comments?post=12618"}],"version-history":[{"count":17,"href":"https:\/\/starke-meinungen.de\/blog\/wp-json\/wp\/v2\/posts\/12618\/revisions"}],"predecessor-version":[{"id":12635,"href":"https:\/\/starke-meinungen.de\/blog\/wp-json\/wp\/v2\/posts\/12618\/revisions\/12635"}],"wp:attachment":[{"href":"https:\/\/starke-meinungen.de\/blog\/wp-json\/wp\/v2\/media?parent=12618"}],"wp:term":[{"taxonomy":"category","embeddable":true,"href":"https:\/\/starke-meinungen.de\/blog\/wp-json\/wp\/v2\/categories?post=12618"},{"taxonomy":"post_tag","embeddable":true,"href":"https:\/\/starke-meinungen.de\/blog\/wp-json\/wp\/v2\/tags?post=12618"}],"curies":[{"name":"wp","href":"https:\/\/api.w.org\/{rel}","templated":true}]}}