

{"id":12590,"date":"2025-03-12T21:29:13","date_gmt":"2025-03-12T20:29:13","guid":{"rendered":"https:\/\/starke-meinungen.de\/blog\/?p=12590"},"modified":"2025-04-04T10:19:28","modified_gmt":"2025-04-04T08:19:28","slug":"1985-vom-ostermahl","status":"publish","type":"post","link":"https:\/\/starke-meinungen.de\/blog\/2025\/03\/12\/1985-vom-ostermahl\/","title":{"rendered":"1985, vom Passahmahl"},"content":{"rendered":"<p>Aus dem Buch Genesis der Bibel, Kapitel 12, Verse 11 ff.,<br \/>\n<em>&#8222;Um eure Lenden sollt ihr geg\u00fcrtet sein und eure Schuhe an euren F\u00fc\u00dfen haben und den Stab in der Hand und sollt essen als die, die hinweg eilen; es ist des HERRN Passa. Sieben Tage sollt ihr unges\u00e4uertes Brot essen. Denn eben an diesem Tage habe ich eure Scharen aus \u00c4gyptenland gef\u00fchrt.&#8220;<\/em><\/p>\n<p><img decoding=\"async\" src=\"https:\/\/starke-meinungen.de\/blog\/wp-content\/uploads\/chemnitz.jpg\" \/><\/p>\n<p><em>Bild oben: Im vergangenen Jahr in der Gedenkst\u00e4tte DDR-Abschiebehaftanstalt Chemnitz<\/em><\/p>\n<p>Gott, mein Gott, ich will nur noch schlafen. Das mag wohl die Fr\u00fchjahrsm\u00fcdigkeit sein.<br \/>\nW\u00e4rmer wird es drau\u00dfen in diesem M\u00e4rz 1985 vor den Fenstern der Justizvollzugsanstalt in Cottbus. <!--more-->Bald ist Ostern. Ich bin so m\u00fcde,<\/p>\n<p>Nichts h\u00e4ngt mehr ab von meinem Verhalten.<br \/>\nNichts.<br \/>\nDie Arbeit verweigern oder Arbeiten?<br \/>\nArrest oder nicht Arrest?<br \/>\nEinzelhaft oder Gesellschaft?<br \/>\nHungern oder Essen?<br \/>\nSchreien oder Schweigen?<br \/>\nAuf die L\u00e4nge meiner Haft hat es keinen Einfluss. Keinen.<\/p>\n<p>Jeden Mittag habe ich nun zur Sp\u00e4tschicht auszur\u00fccken. Oder jeden Morgen zur Fr\u00fchschicht.<\/p>\n<p>Von gusseisernen Teilen habe ich den Grat abzufeilen. Eine gesch\u00e4ftst\u00fcchtige Frau in F\u00fcrth bei N\u00fcrnberg wartet schon auf die neuen Fotoapparate.<\/p>\n<p>Diese Woche ist Fr\u00fchschicht. Das wird wohl auch diesen Morgen so sein: 4.30 Uhr ist Wecken. 5.00 Uhr ist Ausr\u00fccken in den Speisesaal. Zum Einnehmen dieser ekelhaften Pudding-Suppe, die sie ohne jede Milch gekocht haben. Die es gibt anstelle eines St\u00fcck Brotes, gebacken mit ordentlicher Hefe.<\/p>\n<p>Dann wird es wohl wieder zur Arbeit gehen. Und ich will nur noch schlafen.<\/p>\n<p><a href=\"https:\/\/de.wikipedia.org\/wiki\/H%C3%A4ftlingsfreikauf\" target=\"_blank\" rel=\"noopener\"><strong>Freigekauft<\/strong><\/a><\/p>\n<p>&#8222;Strafgefangener Walther&#8220; befiehlt der Gef\u00e4ngnisaufseher, der an diesem Morgen die Zelle \u00f6ffnet. &#8222;Strafgefangener Walther, Sie bleiben auf Verwahrraum. Sie bekommen sp\u00e4ter Fr\u00fchst\u00fcck.\u201c<\/p>\n<p>Dann l\u00e4uft alles rasend schnell. In meinem Fach im Schrank habe ich zwei Stapel. Matthias sage ich, dass ich ihm die Rasierklingen, die Rasierseife und das Haarwaschmittel vermache. Er hat niemanden, der ihm so etwas schickt. Den Kunsthonig, so sage ich meinem Freund Hubert, den DDR-Brotaufstrich, an den sich zwanzig Jahre sp\u00e4ter kaum noch jemand erinnern wird, werde ich in sein Fach stellen. Und den Zucker und das Milchpulver und die Vitamintabletten. Das Gef\u00e4ngnisgeld gebe ich im gleich. Mit dem Brustbeutel, den ich mir aus dem Innenleder eines Stiefels gen\u00e4ht habe.<\/p>\n<p>Weder er noch ich wissen, dass er mir in vier Wochen folgen wird. Und f\u00fcr das alles brauche ich keine Minute.<\/p>\n<p>&#8222;Du hast es gewusst?&#8220; fragt einer meiner Mitgefangenen. Ich zucke mit den Schultern: &#8222;Wir wissen es doch alle.&#8220;<\/p>\n<p>Irgendwann gegen 8 Uhr, nach drei Stunden allein auf der Zelle, bringt mir ein Mitgefangener aus der K\u00fcche, ein Kalfaktor, die Pudding-Suppe. Sie ist ein Genuss. Sie schmeckt so s\u00fc\u00df.<\/p>\n<p>Unges\u00e4uertes Brot, das Brot, das ohne Sauerteig gebacken ist, schmeckt so. Genau so. Nicht jedes nat\u00fcrlich, sondern nur das eine. Das Mose und Aaron gegessen haben, bevor sie gehen konnten aus \u00c4gypten, aus dem Sklavenhaus.<\/p>\n<p>Der Lastkraftwagen W50 mit den acht kleinen Gef\u00e4ngniszellen im Heckaufbau f\u00e4hrt mittags. Wir sind sechs Gefangene, die einzusteigen haben. Ich kenne niemanden der anderen f\u00fcnf. Sie sagen uns nicht, wohin es geht. Wir wissen es alle. Wir fahren nach Chemnitz, in die Untersuchungshaftanstalt des Ministeriums f\u00fcr Staatssicherheit auf dem Ka\u00dfberg.<\/p>\n<p>In Chemnitz angekommen, dauert es dann. Eine ganze Woche dauert die Fragerei. Viel zu lange. &#8222;Wenn Sie diesen Antrag bitte ausf\u00fcllen wollen, Herr Walther.&#8220; sagt der Leutnant des Ministeriums f\u00fcr Staatssicherheit, der mich gerufen hat.<\/p>\n<p>&#8222;Antrag auf Entlassung aus der Staatsb\u00fcrgerschaft der DDR&#8220; steht oben auf dem Formular. &#8222;Bitte&#8220; sagt er und &#8222;Herr&#8220; und: &#8222;Wir werden Ihr Ersuchen dann an das Ministerium des Innern der Deutschen Demokratischen Republik weiter leiten.&#8220;<\/p>\n<p>Was sie alles wissen wollen in diesem Entlassungsformular. Kinder? Mietschulden? Sonstige Verbindlichkeiten in der Deutschen Demokratischen Republik?<br \/>\nNichts.<br \/>\nNichts.<br \/>\nNichts.<br \/>\nIch bin vierundzwanzig Jahre alt, ledig und &#8222;ledig&#8220; leitet sich her aus dem althochdeutschen Wort f\u00fcr &#8222;Ohne Verbindlichkeiten&#8220;.<\/p>\n<p>&#8222;Ihre Ersparnisse aus Ihrer T\u00e4tigkeit in der Justizvollzugseinrichtung in Cottbus betragen achtundsechzig Mark der Deutschen Notenbank der Deutschen Demokratischen Republik und achtzehn Pfennige.&#8220; sagt der Offizier. Es ist vergleichsweise viel Geld. Verglichen jedenfalls mit der kurzen Zeit, die ich in Cottbus \u00fcberhaupt gearbeitet habe und nicht auf Arrest war. Immer wieder hatten sie mich in Cottbus bestraft. Sie hatten mir Geld des Monatsverdienstes von etwa vierzig Mark nicht ausgezahlt, sondern zu den Ersparnissen gebucht. Und da liegen sie nun, die Gelder f\u00fcr den Tag, an dem der Str\u00e4fling aus der Haft entlassen wird.<\/p>\n<p>&#8222;Es kann m\u00f6glich sein,&#8220; so sagt der Offizier der Staatssicherheit, &#8222;Es kann m\u00f6glich sein, dass das Ministerium Ihrem Antrag auf Entlassung aus der Staatsb\u00fcrgerschaft statt gibt.<br \/>\nDann wird es Ihnen nach dem Devisengesetz der Deutschen Demokratischen Republik nicht gestattet sein, das Geld bei Ihrer Ausreise aus unserem Staat mit sich zu f\u00fchren.<br \/>\nM\u00f6chten Sie im reichhaltigen Angebot unserer Einrichtung Eink\u00e4ufe t\u00e4tigen ?<\/p>\n<p>&#8222;Ja.&#8220; sage ich, ich m\u00fcsse ja. Ich brauche Unterw\u00e4sche und Socken, au\u00dferdem einen d\u00fcnneren Pullover.<\/p>\n<p>Es war Winter, als sie mich im vorigen Januar verhaftet hatten. Und jetzt ist bald Ostern.<\/p>\n<p>F\u00fcr den Rest des Geldes brauche ich Milchpulver und eine Hartwurst und dann ist<br \/>\nes auch schon alle.<\/p>\n<p>Auf dem Hof der Untersuchungshaftanstalt steht heute der ganz normale Reisebus mit dem westdeutschen, dem Giessener Kennzeichen.<\/p>\n<p>Wir sind etwas \u00fcber drei\u00dfig M\u00e4nner und vier Frauen, die unter der Aufsicht von zwei, mit Maschinenpistolen bewaffneten, Wachsoldaten einzusteigen haben. Dass die beiden Zivilisten, die ebenfalls mit uns einsteigen, nicht zu uns geh\u00f6ren, sieht man ihnen an der Nasenspitze an.<\/p>\n<p>&#8222;Bei Fluchtversuch wird geschossen.&#8220; So belehrt uns der Leiter der kleinen Truppe.<\/p>\n<p>Unseren Antr\u00e4gen auf Entlassung aus der Staatsb\u00fcrgerschaft ist also stattgegeben worden.<\/p>\n<p><img decoding=\"async\" src=\"https:\/\/starke-meinungen.de\/blog\/wp-content\/uploads\/Entlassungstaat.jpg\" \/><\/p>\n<p>Und jetzt geht alles nach Recht und Gesetz.<\/p>\n<p><em>&#8222;<b><\/b>Gegen\u00fcber T\u00e4tern, die, nicht B\u00fcrger der Deutschen Demokratischen Republik sind, kann anstelle oder zus\u00e4tzlich zu der im verletzten Gesetz angedrohten Strafe auf Ausweisung erkannt werden.&#8220;<\/em><\/p>\n<p>So lautet \u00a7 59 des <a href=\"https:\/\/www.verfassungen.de\/ddr\/strafgesetzbuch74.htm\" target=\"_blank\" rel=\"noopener\">Strafgesetzbuches der Deutschen Demokratischen Republik.<\/a><\/p>\n<p>Und der Leiter der kleinen Truppe ist ungeheuer wichtig.<\/p>\n<p>Ausgesetzt sind uns unsere Reststrafen, zu denen sie uns verurteilt hatten. Ausgesetzt. &#8222;Zur Bew\u00e4hrung&#8220;, wie die Kommunisten in ihre Justizakten schreiben. Diese Komiker.<\/p>\n<p>Auf der Autobahn vom Hermsdorfer Kreuz nach Frankfurt am Main sind wir kurz vor der hessischen Grenze. Es ist alles schon Sperrgebiet hier. Drohend ragen die Wacht\u00fcrme der Grenztruppen der Nationalen Volksarmee in den Himmel. Links neben uns liegen Panzersperren.<\/p>\n<p>Der unscheinbare Personenkraftwagen vor uns blinkt mit beiden Lichtern und h\u00e4lt an. Dann halten auch wir auf dem Standstreifen. Die beiden Zivilisten im Bus steigen aus und in den PKW ein. Wir fahren wieder.<\/p>\n<p>Wir fahren weiter. Ohne Halt. Ohne Kontrolle. Von Deutschland nach Deutschland.<br \/>\nWir fahren mit 80 Kilometern in der Stunde durch die Grenzabfertigungsanlage Wartha weiter nach Herleshausen. Ich kann den Tachometer sehen, ich sitze hinter dem Busfahrer.<\/p>\n<p>&#8222;Jetzt sin mer dr\u00fcbbe.&#8220; sagt der dicke Hesse am Lenkrad.<\/p>\n<p><img decoding=\"async\" src=\"https:\/\/starke-meinungen.de\/blog\/wp-content\/uploads\/1990-02-15-freikauf-ddr-haeftlinge-durch-die-brd.jpg\" \/><\/p>\n<p>Auf dem n\u00e4chsten Rastplatz, gleich beim westdeutschen Bundesgrenzschutz, macht er halt.<\/p>\n<p>&#8222;Kaffeepause&#8220; ruft er. Er hat f\u00fcr jeden von uns ein Trinkp\u00e4ckchen und belegte Br\u00f6tchen dabei.<\/p>\n<p>Es ist, als sei der Bus in einen Taubenschlag verwandelt. \u00dcber 30 M\u00e4nner und vier Frauen. Und jeder hat jeden etwas zu fragen. Nach Haftkameraden, nach Freunden.<\/p>\n<p>Wir fahren. Und der Himmel ist so blau wie zu Hause. Und das Gras ist nicht gr\u00fcner.<br \/>\n&#8222;Das werde se bald merke, dass der Westen au ned des gelobte Land is, in dem Milch und Honig aus de B\u00e4che flie\u00dfe.&#8220; sagt der dicke Hesse am Steuer vor mir und schaut kurz r\u00fcckw\u00e4rts \u00fcber die Schulter.<\/p>\n<p>&#8222;In \u00c4gypten, im Sklavenhaus, gab es weder Milch noch Honig.&#8220; sage ich.<\/p>\n<p>&#8222;Mose hadd au in \u00c4gypten Honig gefresse.&#8220; brabbelt der Busfahrer. &#8222;Un von denne, die in \u00c4gypten keen Honig hadde, hadde de meiste ihrer Kinder dann in Pal\u00e4stina au keen&#8230;&#8220; f\u00fcgt er hinzu. Er erz\u00e4hlt und erz\u00e4hlt. Und ich h\u00f6re.<\/p>\n<p>In Gie\u00dfen werde ich aussteigen, in der Hand eine Papiert\u00fcte. Darin zweimal Unterw\u00e4sche<br \/>\nund zwei paar Socken, das Winterfutter aus dem Parka, die alte lange Unterhose und den dicken alten Winterpullover. Weiter geh\u00f6rt mir noch das, was ich auf dem Leib trage.<\/p>\n<p>Ich bin 24 Jahre alt, ich habe drei Jahre Gef\u00e4ngnis hinter mir und das Leben vor mir.<\/p>\n<p><img decoding=\"async\" src=\"https:\/\/starke-meinungen.de\/blog\/wp-content\/uploads\/Entlassungsschein.jpg\" \/><\/p>\n<div class=\"shariff shariff-align-left shariff-widget-align-left shariff-buttonstretch\" style=\"display:none\"><ul class=\"shariff-buttons theme-white orientation-horizontal buttonsize-medium\"><li class=\"shariff-button facebook shariff-nocustomcolor\" style=\"background-color:#4273c8\"><a href=\"https:\/\/www.facebook.com\/sharer\/sharer.php?u=https%3A%2F%2Fstarke-meinungen.de%2Fblog%2F2025%2F03%2F12%2F1985-vom-ostermahl%2F\" title=\"Bei Facebook teilen\" aria-label=\"Bei Facebook teilen\" role=\"button\" rel=\"nofollow\" class=\"shariff-link\" style=\"; background-color:#3b5998; color:#3b5998\" target=\"_blank\"><span class=\"shariff-icon\" style=\"fill:#3b5998\"><svg width=\"32px\" height=\"20px\" xmlns=\"http:\/\/www.w3.org\/2000\/svg\" viewBox=\"0 0 18 32\"><path fill=\"#3b5998\" d=\"M17.1 0.2v4.7h-2.8q-1.5 0-2.1 0.6t-0.5 1.9v3.4h5.2l-0.7 5.3h-4.5v13.6h-5.5v-13.6h-4.5v-5.3h4.5v-3.9q0-3.3 1.9-5.2t5-1.8q2.6 0 4.1 0.2z\"\/><\/svg><\/span><span class=\"shariff-text\" style=\"color:#3b5998\">teilen<\/span>&nbsp;<\/a><\/li><li class=\"shariff-button twitter shariff-nocustomcolor\" style=\"background-color:#595959\"><a href=\"https:\/\/twitter.com\/share?url=https%3A%2F%2Fstarke-meinungen.de%2Fblog%2F2025%2F03%2F12%2F1985-vom-ostermahl%2F&text=1985%2C%20vom%20Passahmahl&via=starkemeinungen\" title=\"Bei X teilen\" aria-label=\"Bei X teilen\" role=\"button\" rel=\"noopener nofollow\" class=\"shariff-link\" style=\"; background-color:#000; color:#000\" target=\"_blank\"><span class=\"shariff-icon\" style=\"fill:#000\"><svg width=\"32px\" height=\"20px\" xmlns=\"http:\/\/www.w3.org\/2000\/svg\" viewBox=\"0 0 24 24\"><path fill=\"#000\" d=\"M14.258 10.152L23.176 0h-2.113l-7.747 8.813L7.133 0H0l9.352 13.328L0 23.973h2.113l8.176-9.309 6.531 9.309h7.133zm-2.895 3.293l-.949-1.328L2.875 1.56h3.246l6.086 8.523.945 1.328 7.91 11.078h-3.246zm0 0\"\/><\/svg><\/span><span class=\"shariff-text\" style=\"color:#000\">teilen<\/span>&nbsp;<\/a><\/li><li class=\"shariff-button linkedin shariff-nocustomcolor\" style=\"background-color:#1488bf\"><a href=\"https:\/\/www.linkedin.com\/sharing\/share-offsite\/?url=https%3A%2F%2Fstarke-meinungen.de%2Fblog%2F2025%2F03%2F12%2F1985-vom-ostermahl%2F\" title=\"Bei LinkedIn teilen\" aria-label=\"Bei LinkedIn teilen\" role=\"button\" rel=\"noopener nofollow\" class=\"shariff-link\" style=\"; background-color:#0077b5; color:#0077b5\" target=\"_blank\"><span class=\"shariff-icon\" style=\"fill:#0077b5\"><svg width=\"32px\" height=\"20px\" xmlns=\"http:\/\/www.w3.org\/2000\/svg\" viewBox=\"0 0 27 32\"><path fill=\"#0077b5\" d=\"M6.2 11.2v17.7h-5.9v-17.7h5.9zM6.6 5.7q0 1.3-0.9 2.2t-2.4 0.9h0q-1.5 0-2.4-0.9t-0.9-2.2 0.9-2.2 2.4-0.9 2.4 0.9 0.9 2.2zM27.4 18.7v10.1h-5.9v-9.5q0-1.9-0.7-2.9t-2.3-1.1q-1.1 0-1.9 0.6t-1.2 1.5q-0.2 0.5-0.2 1.4v9.9h-5.9q0-7.1 0-11.6t0-5.3l0-0.9h5.9v2.6h0q0.4-0.6 0.7-1t1-0.9 1.6-0.8 2-0.3q3 0 4.9 2t1.9 6z\"\/><\/svg><\/span><span class=\"shariff-text\" style=\"color:#0077b5\">teilen<\/span>&nbsp;<\/a><\/li><li class=\"shariff-button xing shariff-nocustomcolor\" style=\"background-color:#29888a\"><a href=\"https:\/\/www.xing.com\/spi\/shares\/new?url=https%3A%2F%2Fstarke-meinungen.de%2Fblog%2F2025%2F03%2F12%2F1985-vom-ostermahl%2F\" title=\"Bei XING teilen\" aria-label=\"Bei XING teilen\" role=\"button\" rel=\"noopener nofollow\" class=\"shariff-link\" style=\"; background-color:#126567; color:#126567\" target=\"_blank\"><span class=\"shariff-icon\" style=\"fill:#126567\"><svg width=\"32px\" height=\"20px\" xmlns=\"http:\/\/www.w3.org\/2000\/svg\" viewBox=\"0 0 25 32\"><path fill=\"#126567\" d=\"M10.7 11.9q-0.2 0.3-4.6 8.2-0.5 0.8-1.2 0.8h-4.3q-0.4 0-0.5-0.3t0-0.6l4.5-8q0 0 0 0l-2.9-5q-0.2-0.4 0-0.7 0.2-0.3 0.5-0.3h4.3q0.7 0 1.2 0.8zM25.1 0.4q0.2 0.3 0 0.7l-9.4 16.7 6 11q0.2 0.4 0 0.6-0.2 0.3-0.6 0.3h-4.3q-0.7 0-1.2-0.8l-6-11.1q0.3-0.6 9.5-16.8 0.4-0.8 1.2-0.8h4.3q0.4 0 0.5 0.3z\"\/><\/svg><\/span><span class=\"shariff-text\" style=\"color:#126567\">teilen<\/span>&nbsp;<\/a><\/li><li class=\"shariff-button whatsapp shariff-nocustomcolor\" style=\"background-color:#5cbe4a\"><a href=\"https:\/\/api.whatsapp.com\/send?text=https%3A%2F%2Fstarke-meinungen.de%2Fblog%2F2025%2F03%2F12%2F1985-vom-ostermahl%2F%201985%2C%20vom%20Passahmahl\" title=\"Bei Whatsapp teilen\" aria-label=\"Bei Whatsapp teilen\" role=\"button\" rel=\"noopener nofollow\" class=\"shariff-link\" style=\"; background-color:#34af23; color:#34af23\" target=\"_blank\"><span class=\"shariff-icon\" style=\"fill:#34af23\"><svg width=\"32px\" height=\"20px\" xmlns=\"http:\/\/www.w3.org\/2000\/svg\" viewBox=\"0 0 32 32\"><path fill=\"#34af23\" d=\"M17.6 17.4q0.2 0 1.7 0.8t1.6 0.9q0 0.1 0 0.3 0 0.6-0.3 1.4-0.3 0.7-1.3 1.2t-1.8 0.5q-1 0-3.4-1.1-1.7-0.8-3-2.1t-2.6-3.3q-1.3-1.9-1.3-3.5v-0.1q0.1-1.6 1.3-2.8 0.4-0.4 0.9-0.4 0.1 0 0.3 0t0.3 0q0.3 0 0.5 0.1t0.3 0.5q0.1 0.4 0.6 1.6t0.4 1.3q0 0.4-0.6 1t-0.6 0.8q0 0.1 0.1 0.3 0.6 1.3 1.8 2.4 1 0.9 2.7 1.8 0.2 0.1 0.4 0.1 0.3 0 1-0.9t0.9-0.9zM14 26.9q2.3 0 4.3-0.9t3.6-2.4 2.4-3.6 0.9-4.3-0.9-4.3-2.4-3.6-3.6-2.4-4.3-0.9-4.3 0.9-3.6 2.4-2.4 3.6-0.9 4.3q0 3.6 2.1 6.6l-1.4 4.2 4.3-1.4q2.8 1.9 6.2 1.9zM14 2.2q2.7 0 5.2 1.1t4.3 2.9 2.9 4.3 1.1 5.2-1.1 5.2-2.9 4.3-4.3 2.9-5.2 1.1q-3.5 0-6.5-1.7l-7.4 2.4 2.4-7.2q-1.9-3.2-1.9-6.9 0-2.7 1.1-5.2t2.9-4.3 4.3-2.9 5.2-1.1z\"\/><\/svg><\/span><span class=\"shariff-text\" style=\"color:#34af23\">teilen<\/span>&nbsp;<\/a><\/li><li class=\"shariff-button info shariff-nocustomcolor\" style=\"background-color:#a8a8a8\"><a href=\"http:\/\/ct.de\/-2467514\" title=\"Weitere Informationen\" aria-label=\"Weitere Informationen\" role=\"button\" rel=\"noopener \" class=\"shariff-link\" style=\"; background-color:#999; color:#999\" target=\"_blank\"><span class=\"shariff-icon\" style=\"fill:#999\"><svg width=\"32px\" height=\"20px\" xmlns=\"http:\/\/www.w3.org\/2000\/svg\" viewBox=\"0 0 11 32\"><path fill=\"#999\" d=\"M11.4 24v2.3q0 0.5-0.3 0.8t-0.8 0.4h-9.1q-0.5 0-0.8-0.4t-0.4-0.8v-2.3q0-0.5 0.4-0.8t0.8-0.4h1.1v-6.8h-1.1q-0.5 0-0.8-0.4t-0.4-0.8v-2.3q0-0.5 0.4-0.8t0.8-0.4h6.8q0.5 0 0.8 0.4t0.4 0.8v10.3h1.1q0.5 0 0.8 0.4t0.3 0.8zM9.2 3.4v3.4q0 0.5-0.4 0.8t-0.8 0.4h-4.6q-0.4 0-0.8-0.4t-0.4-0.8v-3.4q0-0.4 0.4-0.8t0.8-0.4h4.6q0.5 0 0.8 0.4t0.4 0.8z\"\/><\/svg><\/span><\/a><\/li><\/ul><\/div>","protected":false},"excerpt":{"rendered":"<p>Aus dem Buch Genesis der Bibel, Kapitel 12, Verse 11 ff., &#8222;Um eure Lenden sollt ihr geg\u00fcrtet sein und eure Schuhe an euren F\u00fc\u00dfen haben und den Stab in der Hand und sollt essen als die, die hinweg eilen; es ist des HERRN Passa. Sieben Tage sollt ihr unges\u00e4uertes Brot essen. Denn eben an diesem Tage habe ich eure Scharen&#8230; <a href=\"https:\/\/starke-meinungen.de\/blog\/2025\/03\/12\/1985-vom-ostermahl\/\">Weiterlesen &raquo;<\/a><\/p>\n","protected":false},"author":58,"featured_media":0,"comment_status":"open","ping_status":"open","sticky":false,"template":"","format":"standard","meta":{"footnotes":""},"categories":[1],"tags":[],"class_list":["post-12590","post","type-post","status-publish","format-standard","hentry","category-allgemein"],"yoast_head":"<!-- This site is optimized with the Yoast SEO plugin v27.5 - https:\/\/yoast.com\/product\/yoast-seo-wordpress\/ -->\n<title>1985, vom Passahmahl - starke-meinungen.de<\/title>\n<meta name=\"robots\" content=\"index, follow, max-snippet:-1, max-image-preview:large, max-video-preview:-1\" \/>\n<link rel=\"canonical\" href=\"https:\/\/starke-meinungen.de\/blog\/2025\/03\/12\/1985-vom-ostermahl\/\" \/>\n<meta property=\"og:locale\" content=\"de_DE\" \/>\n<meta property=\"og:type\" content=\"article\" \/>\n<meta property=\"og:title\" content=\"1985, vom Passahmahl - starke-meinungen.de\" \/>\n<meta property=\"og:description\" content=\"Aus dem Buch Genesis der Bibel, Kapitel 12, Verse 11 ff., &#8222;Um eure Lenden sollt ihr geg\u00fcrtet sein und eure Schuhe an euren F\u00fc\u00dfen haben und den Stab in der Hand und sollt essen als die, die hinweg eilen; es ist des HERRN Passa. Sieben Tage sollt ihr unges\u00e4uertes Brot essen. Denn eben an diesem Tage habe ich eure Scharen... Weiterlesen &raquo;\" \/>\n<meta property=\"og:url\" content=\"https:\/\/starke-meinungen.de\/blog\/2025\/03\/12\/1985-vom-ostermahl\/\" \/>\n<meta property=\"og:site_name\" content=\"starke-meinungen.de\" \/>\n<meta property=\"article:publisher\" content=\"https:\/\/www.facebook.com\/starkemeinungen\/\" \/>\n<meta property=\"article:published_time\" content=\"2025-03-12T20:29:13+00:00\" \/>\n<meta property=\"article:modified_time\" content=\"2025-04-04T08:19:28+00:00\" \/>\n<meta property=\"og:image\" content=\"https:\/\/starke-meinungen.de\/blog\/wp-content\/uploads\/chemnitz.jpg\" \/>\n<meta name=\"author\" content=\"Bodo Walther\" \/>\n<meta name=\"twitter:card\" content=\"summary_large_image\" \/>\n<meta name=\"twitter:creator\" content=\"@starkemeinungen\" \/>\n<meta name=\"twitter:site\" content=\"@starkemeinungen\" \/>\n<meta name=\"twitter:label1\" content=\"Verfasst von\" \/>\n\t<meta name=\"twitter:data1\" content=\"Bodo Walther\" \/>\n\t<meta name=\"twitter:label2\" content=\"Gesch\u00e4tzte Lesezeit\" \/>\n\t<meta name=\"twitter:data2\" content=\"9\u00a0Minuten\" \/>\n<script type=\"application\/ld+json\" class=\"yoast-schema-graph\">{\"@context\":\"https:\\\/\\\/schema.org\",\"@graph\":[{\"@type\":\"Article\",\"@id\":\"https:\\\/\\\/starke-meinungen.de\\\/blog\\\/2025\\\/03\\\/12\\\/1985-vom-ostermahl\\\/#article\",\"isPartOf\":{\"@id\":\"https:\\\/\\\/starke-meinungen.de\\\/blog\\\/2025\\\/03\\\/12\\\/1985-vom-ostermahl\\\/\"},\"author\":{\"name\":\"Bodo Walther\",\"@id\":\"https:\\\/\\\/starke-meinungen.de\\\/blog\\\/#\\\/schema\\\/person\\\/c09813e9c9af72d43aa64f379b8b92b8\"},\"headline\":\"1985, vom Passahmahl\",\"datePublished\":\"2025-03-12T20:29:13+00:00\",\"dateModified\":\"2025-04-04T08:19:28+00:00\",\"mainEntityOfPage\":{\"@id\":\"https:\\\/\\\/starke-meinungen.de\\\/blog\\\/2025\\\/03\\\/12\\\/1985-vom-ostermahl\\\/\"},\"wordCount\":1395,\"commentCount\":0,\"publisher\":{\"@id\":\"https:\\\/\\\/starke-meinungen.de\\\/blog\\\/#organization\"},\"image\":{\"@id\":\"https:\\\/\\\/starke-meinungen.de\\\/blog\\\/2025\\\/03\\\/12\\\/1985-vom-ostermahl\\\/#primaryimage\"},\"thumbnailUrl\":\"https:\\\/\\\/starke-meinungen.de\\\/blog\\\/wp-content\\\/uploads\\\/chemnitz.jpg\",\"inLanguage\":\"de\",\"potentialAction\":[{\"@type\":\"CommentAction\",\"name\":\"Comment\",\"target\":[\"https:\\\/\\\/starke-meinungen.de\\\/blog\\\/2025\\\/03\\\/12\\\/1985-vom-ostermahl\\\/#respond\"]}]},{\"@type\":\"WebPage\",\"@id\":\"https:\\\/\\\/starke-meinungen.de\\\/blog\\\/2025\\\/03\\\/12\\\/1985-vom-ostermahl\\\/\",\"url\":\"https:\\\/\\\/starke-meinungen.de\\\/blog\\\/2025\\\/03\\\/12\\\/1985-vom-ostermahl\\\/\",\"name\":\"1985, vom Passahmahl - starke-meinungen.de\",\"isPartOf\":{\"@id\":\"https:\\\/\\\/starke-meinungen.de\\\/blog\\\/#website\"},\"primaryImageOfPage\":{\"@id\":\"https:\\\/\\\/starke-meinungen.de\\\/blog\\\/2025\\\/03\\\/12\\\/1985-vom-ostermahl\\\/#primaryimage\"},\"image\":{\"@id\":\"https:\\\/\\\/starke-meinungen.de\\\/blog\\\/2025\\\/03\\\/12\\\/1985-vom-ostermahl\\\/#primaryimage\"},\"thumbnailUrl\":\"https:\\\/\\\/starke-meinungen.de\\\/blog\\\/wp-content\\\/uploads\\\/chemnitz.jpg\",\"datePublished\":\"2025-03-12T20:29:13+00:00\",\"dateModified\":\"2025-04-04T08:19:28+00:00\",\"breadcrumb\":{\"@id\":\"https:\\\/\\\/starke-meinungen.de\\\/blog\\\/2025\\\/03\\\/12\\\/1985-vom-ostermahl\\\/#breadcrumb\"},\"inLanguage\":\"de\",\"potentialAction\":[{\"@type\":\"ReadAction\",\"target\":[\"https:\\\/\\\/starke-meinungen.de\\\/blog\\\/2025\\\/03\\\/12\\\/1985-vom-ostermahl\\\/\"]}]},{\"@type\":\"ImageObject\",\"inLanguage\":\"de\",\"@id\":\"https:\\\/\\\/starke-meinungen.de\\\/blog\\\/2025\\\/03\\\/12\\\/1985-vom-ostermahl\\\/#primaryimage\",\"url\":\"https:\\\/\\\/starke-meinungen.de\\\/blog\\\/wp-content\\\/uploads\\\/chemnitz.jpg\",\"contentUrl\":\"https:\\\/\\\/starke-meinungen.de\\\/blog\\\/wp-content\\\/uploads\\\/chemnitz.jpg\",\"width\":1200,\"height\":1600},{\"@type\":\"BreadcrumbList\",\"@id\":\"https:\\\/\\\/starke-meinungen.de\\\/blog\\\/2025\\\/03\\\/12\\\/1985-vom-ostermahl\\\/#breadcrumb\",\"itemListElement\":[{\"@type\":\"ListItem\",\"position\":1,\"name\":\"Startseite\",\"item\":\"https:\\\/\\\/starke-meinungen.de\\\/blog\\\/\"},{\"@type\":\"ListItem\",\"position\":2,\"name\":\"1985, vom Passahmahl\"}]},{\"@type\":\"WebSite\",\"@id\":\"https:\\\/\\\/starke-meinungen.de\\\/blog\\\/#website\",\"url\":\"https:\\\/\\\/starke-meinungen.de\\\/blog\\\/\",\"name\":\"starke-meinungen.de\",\"description\":\"Autoren-Blog\",\"publisher\":{\"@id\":\"https:\\\/\\\/starke-meinungen.de\\\/blog\\\/#organization\"},\"potentialAction\":[{\"@type\":\"SearchAction\",\"target\":{\"@type\":\"EntryPoint\",\"urlTemplate\":\"https:\\\/\\\/starke-meinungen.de\\\/blog\\\/?s={search_term_string}\"},\"query-input\":{\"@type\":\"PropertyValueSpecification\",\"valueRequired\":true,\"valueName\":\"search_term_string\"}}],\"inLanguage\":\"de\"},{\"@type\":\"Organization\",\"@id\":\"https:\\\/\\\/starke-meinungen.de\\\/blog\\\/#organization\",\"name\":\"starke-meinungen.de\",\"url\":\"https:\\\/\\\/starke-meinungen.de\\\/blog\\\/\",\"logo\":{\"@type\":\"ImageObject\",\"inLanguage\":\"de\",\"@id\":\"https:\\\/\\\/starke-meinungen.de\\\/blog\\\/#\\\/schema\\\/logo\\\/image\\\/\",\"url\":\"https:\\\/\\\/starke-meinungen.de\\\/blog\\\/wp-content\\\/uploads\\\/starke-meinungen-fb-header.jpg\",\"contentUrl\":\"https:\\\/\\\/starke-meinungen.de\\\/blog\\\/wp-content\\\/uploads\\\/starke-meinungen-fb-header.jpg\",\"width\":1200,\"height\":630,\"caption\":\"starke-meinungen.de\"},\"image\":{\"@id\":\"https:\\\/\\\/starke-meinungen.de\\\/blog\\\/#\\\/schema\\\/logo\\\/image\\\/\"},\"sameAs\":[\"https:\\\/\\\/www.facebook.com\\\/starkemeinungen\\\/\",\"https:\\\/\\\/x.com\\\/starkemeinungen\"]},{\"@type\":\"Person\",\"@id\":\"https:\\\/\\\/starke-meinungen.de\\\/blog\\\/#\\\/schema\\\/person\\\/c09813e9c9af72d43aa64f379b8b92b8\",\"name\":\"Bodo Walther\",\"image\":{\"@type\":\"ImageObject\",\"inLanguage\":\"de\",\"@id\":\"https:\\\/\\\/secure.gravatar.com\\\/avatar\\\/3c9d5c7a3feb37b6976cfee946f7618756dcd05cbae8960f1b19091e547f7e57?s=96&d=mm&r=g\",\"url\":\"https:\\\/\\\/secure.gravatar.com\\\/avatar\\\/3c9d5c7a3feb37b6976cfee946f7618756dcd05cbae8960f1b19091e547f7e57?s=96&d=mm&r=g\",\"contentUrl\":\"https:\\\/\\\/secure.gravatar.com\\\/avatar\\\/3c9d5c7a3feb37b6976cfee946f7618756dcd05cbae8960f1b19091e547f7e57?s=96&d=mm&r=g\",\"caption\":\"Bodo Walther\"},\"description\":\"Bodo Walther, geboren 1960 in Wei\u00dfenfels im heutigen Sachsen-Anhalt, studierte 1985 bis 1991 Rechtswissenschaften in T\u00fcbingen und Bonn. Er war aktiver Landes- und Kommunalbeamter in Sachsen-Anhalt, ist heute im Ruhestand und Anwalt in der N\u00e4he von Leipzig.\",\"url\":\"https:\\\/\\\/starke-meinungen.de\\\/blog\\\/author\\\/walther\\\/\"}]}<\/script>\n<!-- \/ Yoast SEO plugin. -->","yoast_head_json":{"title":"1985, vom Passahmahl - starke-meinungen.de","robots":{"index":"index","follow":"follow","max-snippet":"max-snippet:-1","max-image-preview":"max-image-preview:large","max-video-preview":"max-video-preview:-1"},"canonical":"https:\/\/starke-meinungen.de\/blog\/2025\/03\/12\/1985-vom-ostermahl\/","og_locale":"de_DE","og_type":"article","og_title":"1985, vom Passahmahl - starke-meinungen.de","og_description":"Aus dem Buch Genesis der Bibel, Kapitel 12, Verse 11 ff., &#8222;Um eure Lenden sollt ihr geg\u00fcrtet sein und eure Schuhe an euren F\u00fc\u00dfen haben und den Stab in der Hand und sollt essen als die, die hinweg eilen; es ist des HERRN Passa. Sieben Tage sollt ihr unges\u00e4uertes Brot essen. Denn eben an diesem Tage habe ich eure Scharen... Weiterlesen &raquo;","og_url":"https:\/\/starke-meinungen.de\/blog\/2025\/03\/12\/1985-vom-ostermahl\/","og_site_name":"starke-meinungen.de","article_publisher":"https:\/\/www.facebook.com\/starkemeinungen\/","article_published_time":"2025-03-12T20:29:13+00:00","article_modified_time":"2025-04-04T08:19:28+00:00","og_image":[{"url":"https:\/\/starke-meinungen.de\/blog\/wp-content\/uploads\/chemnitz.jpg","type":"","width":"","height":""}],"author":"Bodo Walther","twitter_card":"summary_large_image","twitter_creator":"@starkemeinungen","twitter_site":"@starkemeinungen","twitter_misc":{"Verfasst von":"Bodo Walther","Gesch\u00e4tzte Lesezeit":"9\u00a0Minuten"},"schema":{"@context":"https:\/\/schema.org","@graph":[{"@type":"Article","@id":"https:\/\/starke-meinungen.de\/blog\/2025\/03\/12\/1985-vom-ostermahl\/#article","isPartOf":{"@id":"https:\/\/starke-meinungen.de\/blog\/2025\/03\/12\/1985-vom-ostermahl\/"},"author":{"name":"Bodo Walther","@id":"https:\/\/starke-meinungen.de\/blog\/#\/schema\/person\/c09813e9c9af72d43aa64f379b8b92b8"},"headline":"1985, vom Passahmahl","datePublished":"2025-03-12T20:29:13+00:00","dateModified":"2025-04-04T08:19:28+00:00","mainEntityOfPage":{"@id":"https:\/\/starke-meinungen.de\/blog\/2025\/03\/12\/1985-vom-ostermahl\/"},"wordCount":1395,"commentCount":0,"publisher":{"@id":"https:\/\/starke-meinungen.de\/blog\/#organization"},"image":{"@id":"https:\/\/starke-meinungen.de\/blog\/2025\/03\/12\/1985-vom-ostermahl\/#primaryimage"},"thumbnailUrl":"https:\/\/starke-meinungen.de\/blog\/wp-content\/uploads\/chemnitz.jpg","inLanguage":"de","potentialAction":[{"@type":"CommentAction","name":"Comment","target":["https:\/\/starke-meinungen.de\/blog\/2025\/03\/12\/1985-vom-ostermahl\/#respond"]}]},{"@type":"WebPage","@id":"https:\/\/starke-meinungen.de\/blog\/2025\/03\/12\/1985-vom-ostermahl\/","url":"https:\/\/starke-meinungen.de\/blog\/2025\/03\/12\/1985-vom-ostermahl\/","name":"1985, vom Passahmahl - starke-meinungen.de","isPartOf":{"@id":"https:\/\/starke-meinungen.de\/blog\/#website"},"primaryImageOfPage":{"@id":"https:\/\/starke-meinungen.de\/blog\/2025\/03\/12\/1985-vom-ostermahl\/#primaryimage"},"image":{"@id":"https:\/\/starke-meinungen.de\/blog\/2025\/03\/12\/1985-vom-ostermahl\/#primaryimage"},"thumbnailUrl":"https:\/\/starke-meinungen.de\/blog\/wp-content\/uploads\/chemnitz.jpg","datePublished":"2025-03-12T20:29:13+00:00","dateModified":"2025-04-04T08:19:28+00:00","breadcrumb":{"@id":"https:\/\/starke-meinungen.de\/blog\/2025\/03\/12\/1985-vom-ostermahl\/#breadcrumb"},"inLanguage":"de","potentialAction":[{"@type":"ReadAction","target":["https:\/\/starke-meinungen.de\/blog\/2025\/03\/12\/1985-vom-ostermahl\/"]}]},{"@type":"ImageObject","inLanguage":"de","@id":"https:\/\/starke-meinungen.de\/blog\/2025\/03\/12\/1985-vom-ostermahl\/#primaryimage","url":"https:\/\/starke-meinungen.de\/blog\/wp-content\/uploads\/chemnitz.jpg","contentUrl":"https:\/\/starke-meinungen.de\/blog\/wp-content\/uploads\/chemnitz.jpg","width":1200,"height":1600},{"@type":"BreadcrumbList","@id":"https:\/\/starke-meinungen.de\/blog\/2025\/03\/12\/1985-vom-ostermahl\/#breadcrumb","itemListElement":[{"@type":"ListItem","position":1,"name":"Startseite","item":"https:\/\/starke-meinungen.de\/blog\/"},{"@type":"ListItem","position":2,"name":"1985, vom Passahmahl"}]},{"@type":"WebSite","@id":"https:\/\/starke-meinungen.de\/blog\/#website","url":"https:\/\/starke-meinungen.de\/blog\/","name":"starke-meinungen.de","description":"Autoren-Blog","publisher":{"@id":"https:\/\/starke-meinungen.de\/blog\/#organization"},"potentialAction":[{"@type":"SearchAction","target":{"@type":"EntryPoint","urlTemplate":"https:\/\/starke-meinungen.de\/blog\/?s={search_term_string}"},"query-input":{"@type":"PropertyValueSpecification","valueRequired":true,"valueName":"search_term_string"}}],"inLanguage":"de"},{"@type":"Organization","@id":"https:\/\/starke-meinungen.de\/blog\/#organization","name":"starke-meinungen.de","url":"https:\/\/starke-meinungen.de\/blog\/","logo":{"@type":"ImageObject","inLanguage":"de","@id":"https:\/\/starke-meinungen.de\/blog\/#\/schema\/logo\/image\/","url":"https:\/\/starke-meinungen.de\/blog\/wp-content\/uploads\/starke-meinungen-fb-header.jpg","contentUrl":"https:\/\/starke-meinungen.de\/blog\/wp-content\/uploads\/starke-meinungen-fb-header.jpg","width":1200,"height":630,"caption":"starke-meinungen.de"},"image":{"@id":"https:\/\/starke-meinungen.de\/blog\/#\/schema\/logo\/image\/"},"sameAs":["https:\/\/www.facebook.com\/starkemeinungen\/","https:\/\/x.com\/starkemeinungen"]},{"@type":"Person","@id":"https:\/\/starke-meinungen.de\/blog\/#\/schema\/person\/c09813e9c9af72d43aa64f379b8b92b8","name":"Bodo Walther","image":{"@type":"ImageObject","inLanguage":"de","@id":"https:\/\/secure.gravatar.com\/avatar\/3c9d5c7a3feb37b6976cfee946f7618756dcd05cbae8960f1b19091e547f7e57?s=96&d=mm&r=g","url":"https:\/\/secure.gravatar.com\/avatar\/3c9d5c7a3feb37b6976cfee946f7618756dcd05cbae8960f1b19091e547f7e57?s=96&d=mm&r=g","contentUrl":"https:\/\/secure.gravatar.com\/avatar\/3c9d5c7a3feb37b6976cfee946f7618756dcd05cbae8960f1b19091e547f7e57?s=96&d=mm&r=g","caption":"Bodo Walther"},"description":"Bodo Walther, geboren 1960 in Wei\u00dfenfels im heutigen Sachsen-Anhalt, studierte 1985 bis 1991 Rechtswissenschaften in T\u00fcbingen und Bonn. Er war aktiver Landes- und Kommunalbeamter in Sachsen-Anhalt, ist heute im Ruhestand und Anwalt in der N\u00e4he von Leipzig.","url":"https:\/\/starke-meinungen.de\/blog\/author\/walther\/"}]}},"_links":{"self":[{"href":"https:\/\/starke-meinungen.de\/blog\/wp-json\/wp\/v2\/posts\/12590","targetHints":{"allow":["GET"]}}],"collection":[{"href":"https:\/\/starke-meinungen.de\/blog\/wp-json\/wp\/v2\/posts"}],"about":[{"href":"https:\/\/starke-meinungen.de\/blog\/wp-json\/wp\/v2\/types\/post"}],"author":[{"embeddable":true,"href":"https:\/\/starke-meinungen.de\/blog\/wp-json\/wp\/v2\/users\/58"}],"replies":[{"embeddable":true,"href":"https:\/\/starke-meinungen.de\/blog\/wp-json\/wp\/v2\/comments?post=12590"}],"version-history":[{"count":15,"href":"https:\/\/starke-meinungen.de\/blog\/wp-json\/wp\/v2\/posts\/12590\/revisions"}],"predecessor-version":[{"id":13381,"href":"https:\/\/starke-meinungen.de\/blog\/wp-json\/wp\/v2\/posts\/12590\/revisions\/13381"}],"wp:attachment":[{"href":"https:\/\/starke-meinungen.de\/blog\/wp-json\/wp\/v2\/media?parent=12590"}],"wp:term":[{"taxonomy":"category","embeddable":true,"href":"https:\/\/starke-meinungen.de\/blog\/wp-json\/wp\/v2\/categories?post=12590"},{"taxonomy":"post_tag","embeddable":true,"href":"https:\/\/starke-meinungen.de\/blog\/wp-json\/wp\/v2\/tags?post=12590"}],"curies":[{"name":"wp","href":"https:\/\/api.w.org\/{rel}","templated":true}]}}