

{"id":12579,"date":"2025-03-12T19:32:47","date_gmt":"2025-03-12T18:32:47","guid":{"rendered":"https:\/\/starke-meinungen.de\/blog\/?p=12579"},"modified":"2026-01-30T14:23:38","modified_gmt":"2026-01-30T13:23:38","slug":"terrorismus-fuer-den-guten-zweck","status":"publish","type":"post","link":"https:\/\/starke-meinungen.de\/blog\/2025\/03\/12\/terrorismus-fuer-den-guten-zweck\/","title":{"rendered":"Terrorismus f\u00fcr den guten Zweck"},"content":{"rendered":"<p style=\"font-weight: 400;\"><strong>Die Idee eines UN-Fl\u00fcchtlingshilfswerkes ist richtig und gut, auch wenn dadurch gleichzeitig zugegeben wird, wie schwach diese UN ist. Wird damit doch eingestanden, dass man nicht in der Lage war, oder jemals sein wird, Fluchtursachen wirksam zu bek\u00e4mpfen. Diese Einsch\u00e4tzung betrifft besonders die UNWRA, die keine L\u00f6sungen finden will, sondern f\u00fcr eine institutionelle Verl\u00e4ngerung des Nahostkonflikts sorgt. Die Aufl\u00f6sung dieser Organisation ist \u00fcberf\u00e4llig. <\/strong><!--more--><\/p>\n<p style=\"font-weight: 400;\">Die UNWRA &#8211; United Nations Relief and Works Agency for Palestine Refugees in the Near East \u2013 ist als tempor\u00e4re Hilfsorganisation 1949\/1950 auf drei Jahre gegr\u00fcndet worden und wurde seitdem regelm\u00e4\u00dfig verl\u00e4ngert. Die Beh\u00f6rde besch\u00e4ftigt ca.30000 Mitarbeiter, davon 13000 im Gaza-Streifen. Sie verf\u00fcgte im Jahr 2022 \u00fcber ein Budget von 1,6 Milliarden Dollar und betreute mit dieser Summe fast 6 Millionen Menschen. Rein rechnerisch standen also f\u00fcr jeden &#8222;Fl\u00fcchtling&#8220; rund 2700 Dollar zur Verf\u00fcgung. Im Gr\u00fcndungsjahr der Organisation wurde die Zielgruppe der Hilfe auf rund 500000 Menschen gesch\u00e4tzt. Heute hat sich also die Zahl der &#8222;pal\u00e4stinensischen Fl\u00fcchtlinge&#8220; mehr als verzehnfacht. Wie ist das m\u00f6glich?<\/p>\n<p style=\"font-weight: 400;\"><strong>Natural born refugee<\/strong><\/p>\n<p style=\"font-weight: 400;\">Dieser Anstieg ist zwei Tatsachen geschuldet. Erstens, UNWRA sorgt mit ihrem Wirken daf\u00fcr, dass auch diejenigen den Fl\u00fcchtlinsstatus beanspruchen k\u00f6nnen, die als Nachkommen der urspr\u00fcnglichen Zielgruppe geboren wurden. Damit gilt selbst ein im Libanon oder in Jordanien geborener Nachkomme als Fl\u00fcchtling. Diese Regelung schlie\u00dft selbst adoptierte Kinder ein, was den Personenkreis nocheinmal erweitert. Der Fl\u00fcchtlingsstatus kann also vererbt oder angenommen werden. Die Absurdit\u00e4t dieser Regelungen wird besonders deutlich am Beispiel der deutschen Politikerin Swansan Chebli, die trotz ihrer deutschen Staatsb\u00fcrgerschaft als Fl\u00fcchtling gilt, weil ihr Vater diesen Status bereits hatte. Cheblis Tochter hat diesen Status allerdings nicht, weil die &#8222;Vererbung&#8220; nur bei m\u00e4nnlichen Nachkommen greift. H\u00e4tte die Politikerin einen Sohn, k\u00f6nnte er diesen Status beanspruchen. Was sagt die feministische Au\u00dfenpolitikerin eigentlich dazu?<\/p>\n<p style=\"font-weight: 400;\">Zweitens, die arbischen L\u00e4nder, in denen sich der entsprechende Personenkreis aufhielt und immer noch aufh\u00e4lt, verweigern diesen Menschen die Staatsb\u00fcrgerschaft, selbst wenn sie in dem Land geboren wurden. Zusammengenommen perpetuiert das den Fl\u00fcchtlingsstatus von Generation zu Generation. Das f\u00fchrte in der Vergangenheit immer wieder zu kriegs\u00e4hnlichen Konflikten, vor allem nach der Erfindung des &#8222;Volkes Pal\u00e4stina.&#8220;<\/p>\n<p style=\"font-weight: 400;\">Als 1967 ca.160000 Menschen aus Gaza vor der \u00e4gyptischen Verwaltung flohen, etablierte sich die PLO als politischer und milit\u00e4rischer Arm der Pal\u00e4stinenser. 1970 versuchte dann die PLO gewaltsam die Macht im Land an sich zu rei\u00dfen und das K\u00f6nigshaus zu st\u00fcrzen. Im Sprachgebrauch der PLO werden diese gewaltt\u00e4tigen Auseinandersetzungen als &#8222;Schwarzer September&#8220; bezeichnet. Die Jordanischen Streitkr\u00e4fte vertrieben die Pal\u00e4stinenser.<\/p>\n<p style=\"font-weight: 400;\">Die PLO imigrierte in den Libanon, das sich bereit erkl\u00e4rt hatte, die Pal\u00e4stinenser aufzunehmen. Da die PLO aber den Libanon als neue Ausgangsbasis in ihrem Kampf gegen Israel nutzte und muslimische Milizen aufger\u00fcstete, wehrte sich die eingesessene christliche Elite mit einer Gegenaufr\u00fcstung. Als man bef\u00fcrchtete, die Pal\u00e4stinenser w\u00fcrde im Libanon denselben Plot der Macht\u00fcbernahme wie in Jordanien verfolgen, sollte eine neuerliche Vertreibung der Pal\u00e4stineser durchgesetzt werden. Dieses Vorhaben f\u00fchrte zum B\u00fcrgerkrieg und verwandelte, das einst als &#8222;Schweiz des Nahen Ostens&#8220; bekannte Land in eine Tr\u00fcmmerw\u00fcste.<\/p>\n<p style=\"font-weight: 400;\"><strong>Ersatzstaat bis zur Vernichtung Israels<\/strong><\/p>\n<p style=\"font-weight: 400;\">\u00dcber die Jahre hat die UNWRA sich faktisch zu einem System entwickelt, das staatliche Aufgaben wie Bildung, Sozialf\u00fcrsorge, Lagerinfrastruktur, medizinische Versorgung etc. \u00fcbernimmt. Die Staaten, in den sich die Menschen aufhalten, sind also davon befreit. Aber auch in Autonomiegebieten und in Gaza sind die herrschenden Organisationen dieser Last der Verantwortung ledig. Mit Fl\u00fcchtlingshilfe, mit Schutz vor Vertreibung aufgrund politischer, ethnischer oder religi\u00f6ser Verfolgung haben die Unternehmungen der UNWRA inzwischen absolut nichts mehr zu tun. Es grenzte an ein Wunder, dass eine Organisation, die ohne selbst Wertsch\u00f6pfung zu betreiben, j\u00e4hrlich mit ungeheuren Summen alimentiert wird, daf\u00fcr Sorge tr\u00fcge, sich \u00fcberfl\u00fcssig zu machen. Vielmehr l\u00e4sst die UNWRA als Arbeitgeber und Ersatzstaat zu, dass sie von Terroristen unterwandert wird: Raketenlager unter Krankenh\u00e4usern, Terrortunnel, terroristisch-ideologische Bildungsprogramme in von der UNWRA betriebenen Schulen durch Hamasangeh\u00f6rige.<\/p>\n<p style=\"font-weight: 400;\">Wir erleben eine Singularit\u00e4t in der Weltgeschichte: Eine finanziell exellent ausgestattete Organisation schafft eine Ersatzstaatsb\u00fcrgerschaft, die erst dann enden kann, wenn ein neuer arabischer Staates ger\u00fcndet wurde. Da aber die Zwei-Staaten-L\u00f6sung von Anfang an von arabischer Seite abgelehnt worden ist und jeder noch so kleine Schritt in diese Richtung boykottiert wurde, ist das langfristige Ziel, Israel zu eliminieren. Die UNWRA leistet dabei aktive Hilfe, indem sie die Pal\u00e4stinenser der Verantwortung f\u00fcr sich selbst enthebt. Um die bestehende, einem Frieden entgegengerichtete Struktur aufrechtzuerhalten, wird jeder Aufl\u00f6sung oder auch nur jeder Reform des Systems eine deutliche Absage erteilt.<\/p>\n<p style=\"font-weight: 400;\">Philippe Lazzarini, Generalsekret\u00e4r der UNRWA,\u00a0erkl\u00e4rt in einem <a href=\"https:\/\/x.com\/UNLazzarini\/status\/1834540616828530796\">X-Post vom 13. September 2024<\/a>: &#8222;Diese Versuche (Zerschlagung der UNWRA, Anm.d.Verf.) zielen darauf ab, den Pal\u00e4stinensern ihren Fl\u00fcchtlingsstatus zu entziehen und ihr Streben nach Selbstbestimmung zu untergraben.&#8220; Streben nach Selbstbestimmung ist, betrachtet man die Ziele der Hamas, der PLO, der PFLP, nur ein euphemistischer Ausdruck f\u00fcr die Eliminierung Israels, also ein neuerlicher Holocaust. Eine Organisation der UN unterst\u00fctzt Bestrebungen, ein Mitgliedsstaat der UN zu vernichten. Das zeigt u.a. die Rolle, die UNWRA bei den Geiselnahmen und der Gefangenschaft der j\u00fcdischen Geiseln in Gaza gespielt hat. Denn ohne die aktive Unterst\u00fctzung der UNWRA w\u00e4ren weder der Angriff der Hamas, noch die Geiselnahmen m\u00f6glich gewesen. Die Aufkl\u00e4rung dieser Vorg\u00e4nge ist bislang nicht erfolgt. Und wird es wahrscheinlich auch in absehbarer Zeit nicht.<\/p>\n<p style=\"font-weight: 400;\"><strong>Ergebniskosmetik<\/strong><\/p>\n<p style=\"font-weight: 400;\">Nach der Aufdeckung von aktiven Verwicklungen von UNWRA-Mitarbeitern beim Massaker der Hamas an Israelis vom 07.10.2024, die gezeigt haben, dass die UNWRA Teil der Terrorstruktur in Gaza ist, sind Mitarbeiter entlassen worden und mehrere Staaten haben ihre Transferleistungen an die UNWRA eingestellt oder gek\u00fcrzt. Deutschland hat sich mit dieser Ergebniskosmetik zufrieden gegeben und zahlt inzwischen wieder. An der Rechenschaftspflicht, wof\u00fcr die Gelder denn nun eigentlich verwendet werden, hat sich nichts ge\u00e4ndert. Dieser Rechenschaftspflicht wird nicht nachgekommen. Vielmehr flie\u00dfen wahrscheinlich immer noch Millionen aus dem Budget der UNWRA in die Kassen der Hamas. Immer noch werden j\u00fcdische Geiseln durch die Hamas festgehalten, was nur mit Wissen und Hilfe der UNWRA m\u00f6glich ist. Auch die &#8222;Show der Schande,&#8220; die die Hamas bei den Geiselr\u00fcckf\u00fchrungen betreibt, kann nur mit Unterst\u00fctzung der UNWRA und des IRK abgezogen werden.<\/p>\n<p style=\"font-weight: 400;\">Die UNWRA ist tats\u00e4chlich nicht nur Teil des Problems, sondern inzwischen das Problem selbst. Sie ist in dschihadistische Aktivit\u00e4ten verwickelt, indoktriniert in ihren Schulen Kinder und Jugendliche mit antisemitischen Verschw\u00f6rungstheorien und betreibt antiisraelische Propaganda. Sie entzieht sich dauerhaft der Kontrolle durch die Geberstaaten und macht sich somit zum Aliierten eines islamistischen Terrorismus. Die UNWRA blockiert mit ihrem Ersatzstaat aktiv eine Entwicklung hin zu einem dauerhaften Frieden. Sie befeuert einen Konflikt, der m\u00f6glicherweise ohne diese Organisation schon wesentlich weiter in seiner L\u00f6sung sein k\u00f6nnte. Denn der dauerhafte Entzug der Eigenverantwortung h\u00e4lt die Pal\u00e4stinenser in fortgesetzter Abh\u00e4ngigkeit und Infantilisierung.<\/p>\n<p>Vielleicht bewegt sich aber nun tats\u00e4chlich etwas in die richtige Richtung. \u00dcber hundert Angeh\u00f6rige der Opfer des Hamas-Massakers \u2013 \u00dcberlebende, Geisel-Familien, Besucher des Nova-Festivals, Hinterbliebene &#8211; verklagen die UNRWA auf Schadenersatz. Die UNWRA habe durch strukturelle Komplizenschaft den Terror beg\u00fcnstigt und so das Massaker erst m\u00f6glich gemacht. Selbst wenn diese Klage am Ende keinen Erfolg haben sollte, desavouiert sie die UNWRA einmal mehr als Teil des terroristischen Netzwerkes.<\/p>\n<p><em>Daniel Anderson: Berufsausbildung zum Flugzeugmechaniker. Regiestudium an HFF \u201eKonrad Wolf\u201c in Babelsberg. Berufsverbot als Filmregisseur in der DDR. Oberspielleiter, Autor und Schauspieler am Theater Senftenberg. Verhaftung. Nach dem Mauerfall freier Regisseur, Autor (TV-Serie, Theater, Synchron), Schriftsteller und Musiker. Studium Vergleichende Religionswissenschaften in Bonn. Gr\u00fcnder und Leiter der \u201eTheaterbrigade Berlin.\u201c Anderson lebt in Berlin und immer mal wieder in Tel Aviv.<\/em><\/p>\n<div class=\"shariff shariff-align-left shariff-widget-align-left shariff-buttonstretch\" style=\"display:none\"><ul class=\"shariff-buttons theme-white orientation-horizontal buttonsize-medium\"><li class=\"shariff-button facebook shariff-nocustomcolor\" style=\"background-color:#4273c8\"><a href=\"https:\/\/www.facebook.com\/sharer\/sharer.php?u=https%3A%2F%2Fstarke-meinungen.de%2Fblog%2F2025%2F03%2F12%2Fterrorismus-fuer-den-guten-zweck%2F\" title=\"Bei Facebook teilen\" aria-label=\"Bei Facebook teilen\" role=\"button\" rel=\"nofollow\" class=\"shariff-link\" style=\"; background-color:#3b5998; color:#3b5998\" target=\"_blank\"><span class=\"shariff-icon\" style=\"fill:#3b5998\"><svg width=\"32px\" height=\"20px\" xmlns=\"http:\/\/www.w3.org\/2000\/svg\" viewBox=\"0 0 18 32\"><path fill=\"#3b5998\" d=\"M17.1 0.2v4.7h-2.8q-1.5 0-2.1 0.6t-0.5 1.9v3.4h5.2l-0.7 5.3h-4.5v13.6h-5.5v-13.6h-4.5v-5.3h4.5v-3.9q0-3.3 1.9-5.2t5-1.8q2.6 0 4.1 0.2z\"\/><\/svg><\/span><span class=\"shariff-text\" style=\"color:#3b5998\">teilen<\/span>&nbsp;<\/a><\/li><li class=\"shariff-button twitter shariff-nocustomcolor\" style=\"background-color:#595959\"><a href=\"https:\/\/twitter.com\/share?url=https%3A%2F%2Fstarke-meinungen.de%2Fblog%2F2025%2F03%2F12%2Fterrorismus-fuer-den-guten-zweck%2F&text=Terrorismus%20f%C3%BCr%20den%20guten%20Zweck&via=starkemeinungen\" title=\"Bei X teilen\" aria-label=\"Bei X teilen\" role=\"button\" rel=\"noopener nofollow\" class=\"shariff-link\" style=\"; background-color:#000; color:#000\" target=\"_blank\"><span class=\"shariff-icon\" style=\"fill:#000\"><svg width=\"32px\" height=\"20px\" xmlns=\"http:\/\/www.w3.org\/2000\/svg\" viewBox=\"0 0 24 24\"><path fill=\"#000\" d=\"M14.258 10.152L23.176 0h-2.113l-7.747 8.813L7.133 0H0l9.352 13.328L0 23.973h2.113l8.176-9.309 6.531 9.309h7.133zm-2.895 3.293l-.949-1.328L2.875 1.56h3.246l6.086 8.523.945 1.328 7.91 11.078h-3.246zm0 0\"\/><\/svg><\/span><span class=\"shariff-text\" style=\"color:#000\">teilen<\/span>&nbsp;<\/a><\/li><li class=\"shariff-button linkedin shariff-nocustomcolor\" style=\"background-color:#1488bf\"><a href=\"https:\/\/www.linkedin.com\/sharing\/share-offsite\/?url=https%3A%2F%2Fstarke-meinungen.de%2Fblog%2F2025%2F03%2F12%2Fterrorismus-fuer-den-guten-zweck%2F\" title=\"Bei LinkedIn teilen\" aria-label=\"Bei LinkedIn teilen\" role=\"button\" rel=\"noopener nofollow\" class=\"shariff-link\" style=\"; background-color:#0077b5; color:#0077b5\" target=\"_blank\"><span class=\"shariff-icon\" style=\"fill:#0077b5\"><svg width=\"32px\" height=\"20px\" xmlns=\"http:\/\/www.w3.org\/2000\/svg\" viewBox=\"0 0 27 32\"><path fill=\"#0077b5\" d=\"M6.2 11.2v17.7h-5.9v-17.7h5.9zM6.6 5.7q0 1.3-0.9 2.2t-2.4 0.9h0q-1.5 0-2.4-0.9t-0.9-2.2 0.9-2.2 2.4-0.9 2.4 0.9 0.9 2.2zM27.4 18.7v10.1h-5.9v-9.5q0-1.9-0.7-2.9t-2.3-1.1q-1.1 0-1.9 0.6t-1.2 1.5q-0.2 0.5-0.2 1.4v9.9h-5.9q0-7.1 0-11.6t0-5.3l0-0.9h5.9v2.6h0q0.4-0.6 0.7-1t1-0.9 1.6-0.8 2-0.3q3 0 4.9 2t1.9 6z\"\/><\/svg><\/span><span class=\"shariff-text\" style=\"color:#0077b5\">teilen<\/span>&nbsp;<\/a><\/li><li class=\"shariff-button xing shariff-nocustomcolor\" style=\"background-color:#29888a\"><a href=\"https:\/\/www.xing.com\/spi\/shares\/new?url=https%3A%2F%2Fstarke-meinungen.de%2Fblog%2F2025%2F03%2F12%2Fterrorismus-fuer-den-guten-zweck%2F\" title=\"Bei XING teilen\" aria-label=\"Bei XING teilen\" role=\"button\" rel=\"noopener nofollow\" class=\"shariff-link\" style=\"; background-color:#126567; color:#126567\" target=\"_blank\"><span class=\"shariff-icon\" style=\"fill:#126567\"><svg width=\"32px\" height=\"20px\" xmlns=\"http:\/\/www.w3.org\/2000\/svg\" viewBox=\"0 0 25 32\"><path fill=\"#126567\" d=\"M10.7 11.9q-0.2 0.3-4.6 8.2-0.5 0.8-1.2 0.8h-4.3q-0.4 0-0.5-0.3t0-0.6l4.5-8q0 0 0 0l-2.9-5q-0.2-0.4 0-0.7 0.2-0.3 0.5-0.3h4.3q0.7 0 1.2 0.8zM25.1 0.4q0.2 0.3 0 0.7l-9.4 16.7 6 11q0.2 0.4 0 0.6-0.2 0.3-0.6 0.3h-4.3q-0.7 0-1.2-0.8l-6-11.1q0.3-0.6 9.5-16.8 0.4-0.8 1.2-0.8h4.3q0.4 0 0.5 0.3z\"\/><\/svg><\/span><span class=\"shariff-text\" style=\"color:#126567\">teilen<\/span>&nbsp;<\/a><\/li><li class=\"shariff-button whatsapp shariff-nocustomcolor\" style=\"background-color:#5cbe4a\"><a href=\"https:\/\/api.whatsapp.com\/send?text=https%3A%2F%2Fstarke-meinungen.de%2Fblog%2F2025%2F03%2F12%2Fterrorismus-fuer-den-guten-zweck%2F%20Terrorismus%20f%C3%BCr%20den%20guten%20Zweck\" title=\"Bei Whatsapp teilen\" aria-label=\"Bei Whatsapp teilen\" role=\"button\" rel=\"noopener nofollow\" class=\"shariff-link\" style=\"; background-color:#34af23; color:#34af23\" target=\"_blank\"><span class=\"shariff-icon\" style=\"fill:#34af23\"><svg width=\"32px\" height=\"20px\" xmlns=\"http:\/\/www.w3.org\/2000\/svg\" viewBox=\"0 0 32 32\"><path fill=\"#34af23\" d=\"M17.6 17.4q0.2 0 1.7 0.8t1.6 0.9q0 0.1 0 0.3 0 0.6-0.3 1.4-0.3 0.7-1.3 1.2t-1.8 0.5q-1 0-3.4-1.1-1.7-0.8-3-2.1t-2.6-3.3q-1.3-1.9-1.3-3.5v-0.1q0.1-1.6 1.3-2.8 0.4-0.4 0.9-0.4 0.1 0 0.3 0t0.3 0q0.3 0 0.5 0.1t0.3 0.5q0.1 0.4 0.6 1.6t0.4 1.3q0 0.4-0.6 1t-0.6 0.8q0 0.1 0.1 0.3 0.6 1.3 1.8 2.4 1 0.9 2.7 1.8 0.2 0.1 0.4 0.1 0.3 0 1-0.9t0.9-0.9zM14 26.9q2.3 0 4.3-0.9t3.6-2.4 2.4-3.6 0.9-4.3-0.9-4.3-2.4-3.6-3.6-2.4-4.3-0.9-4.3 0.9-3.6 2.4-2.4 3.6-0.9 4.3q0 3.6 2.1 6.6l-1.4 4.2 4.3-1.4q2.8 1.9 6.2 1.9zM14 2.2q2.7 0 5.2 1.1t4.3 2.9 2.9 4.3 1.1 5.2-1.1 5.2-2.9 4.3-4.3 2.9-5.2 1.1q-3.5 0-6.5-1.7l-7.4 2.4 2.4-7.2q-1.9-3.2-1.9-6.9 0-2.7 1.1-5.2t2.9-4.3 4.3-2.9 5.2-1.1z\"\/><\/svg><\/span><span class=\"shariff-text\" style=\"color:#34af23\">teilen<\/span>&nbsp;<\/a><\/li><li class=\"shariff-button info shariff-nocustomcolor\" style=\"background-color:#a8a8a8\"><a href=\"http:\/\/ct.de\/-2467514\" title=\"Weitere Informationen\" aria-label=\"Weitere Informationen\" role=\"button\" rel=\"noopener \" class=\"shariff-link\" style=\"; background-color:#999; color:#999\" target=\"_blank\"><span class=\"shariff-icon\" style=\"fill:#999\"><svg width=\"32px\" height=\"20px\" xmlns=\"http:\/\/www.w3.org\/2000\/svg\" viewBox=\"0 0 11 32\"><path fill=\"#999\" d=\"M11.4 24v2.3q0 0.5-0.3 0.8t-0.8 0.4h-9.1q-0.5 0-0.8-0.4t-0.4-0.8v-2.3q0-0.5 0.4-0.8t0.8-0.4h1.1v-6.8h-1.1q-0.5 0-0.8-0.4t-0.4-0.8v-2.3q0-0.5 0.4-0.8t0.8-0.4h6.8q0.5 0 0.8 0.4t0.4 0.8v10.3h1.1q0.5 0 0.8 0.4t0.3 0.8zM9.2 3.4v3.4q0 0.5-0.4 0.8t-0.8 0.4h-4.6q-0.4 0-0.8-0.4t-0.4-0.8v-3.4q0-0.4 0.4-0.8t0.8-0.4h4.6q0.5 0 0.8 0.4t0.4 0.8z\"\/><\/svg><\/span><\/a><\/li><\/ul><\/div>","protected":false},"excerpt":{"rendered":"<p>Die Idee eines UN-Fl\u00fcchtlingshilfswerkes ist richtig und gut, auch wenn dadurch gleichzeitig zugegeben wird, wie schwach diese UN ist. Wird damit doch eingestanden, dass man nicht in der Lage war, oder jemals sein wird, Fluchtursachen wirksam zu bek\u00e4mpfen. Diese Einsch\u00e4tzung betrifft besonders die UNWRA, die keine L\u00f6sungen finden will, sondern f\u00fcr eine institutionelle Verl\u00e4ngerung des Nahostkonflikts sorgt. Die Aufl\u00f6sung dieser&#8230; <a href=\"https:\/\/starke-meinungen.de\/blog\/2025\/03\/12\/terrorismus-fuer-den-guten-zweck\/\">Weiterlesen &raquo;<\/a><\/p>\n","protected":false},"author":46,"featured_media":0,"comment_status":"open","ping_status":"open","sticky":false,"template":"","format":"standard","meta":{"footnotes":""},"categories":[1],"tags":[4091,1891,2178,157,4134],"class_list":["post-12579","post","type-post","status-publish","format-standard","hentry","category-allgemein","tag-daniel-anderson","tag-judenhass","tag-korruption","tag-terrorismus","tag-unwra"],"yoast_head":"<!-- This site is optimized with the Yoast SEO plugin v27.5 - https:\/\/yoast.com\/product\/yoast-seo-wordpress\/ -->\n<title>Terrorismus f\u00fcr den guten Zweck - starke-meinungen.de<\/title>\n<meta name=\"robots\" content=\"index, follow, max-snippet:-1, max-image-preview:large, max-video-preview:-1\" \/>\n<link rel=\"canonical\" href=\"https:\/\/starke-meinungen.de\/blog\/2025\/03\/12\/terrorismus-fuer-den-guten-zweck\/\" \/>\n<meta property=\"og:locale\" content=\"de_DE\" \/>\n<meta property=\"og:type\" content=\"article\" \/>\n<meta property=\"og:title\" content=\"Terrorismus f\u00fcr den guten Zweck - starke-meinungen.de\" \/>\n<meta property=\"og:description\" content=\"Die Idee eines UN-Fl\u00fcchtlingshilfswerkes ist richtig und gut, auch wenn dadurch gleichzeitig zugegeben wird, wie schwach diese UN ist. Wird damit doch eingestanden, dass man nicht in der Lage war, oder jemals sein wird, Fluchtursachen wirksam zu bek\u00e4mpfen. Diese Einsch\u00e4tzung betrifft besonders die UNWRA, die keine L\u00f6sungen finden will, sondern f\u00fcr eine institutionelle Verl\u00e4ngerung des Nahostkonflikts sorgt. Die Aufl\u00f6sung dieser... Weiterlesen &raquo;\" \/>\n<meta property=\"og:url\" content=\"https:\/\/starke-meinungen.de\/blog\/2025\/03\/12\/terrorismus-fuer-den-guten-zweck\/\" \/>\n<meta property=\"og:site_name\" content=\"starke-meinungen.de\" \/>\n<meta property=\"article:publisher\" content=\"https:\/\/www.facebook.com\/starkemeinungen\/\" \/>\n<meta property=\"article:published_time\" content=\"2025-03-12T18:32:47+00:00\" \/>\n<meta property=\"article:modified_time\" content=\"2026-01-30T13:23:38+00:00\" \/>\n<meta property=\"og:image\" content=\"https:\/\/starke-meinungen.de\/blog\/wp-content\/uploads\/starke-meinungen-fb-header.jpg\" \/>\n\t<meta property=\"og:image:width\" content=\"1200\" \/>\n\t<meta property=\"og:image:height\" content=\"630\" \/>\n\t<meta property=\"og:image:type\" content=\"image\/jpeg\" \/>\n<meta name=\"author\" content=\"Daniel Anderson\" \/>\n<meta name=\"twitter:card\" content=\"summary_large_image\" \/>\n<meta name=\"twitter:creator\" content=\"@starkemeinungen\" \/>\n<meta name=\"twitter:site\" content=\"@starkemeinungen\" \/>\n<meta name=\"twitter:label1\" content=\"Verfasst von\" \/>\n\t<meta name=\"twitter:data1\" content=\"Daniel Anderson\" \/>\n\t<meta name=\"twitter:label2\" content=\"Gesch\u00e4tzte Lesezeit\" \/>\n\t<meta name=\"twitter:data2\" content=\"7\u00a0Minuten\" \/>\n<script type=\"application\/ld+json\" class=\"yoast-schema-graph\">{\"@context\":\"https:\\\/\\\/schema.org\",\"@graph\":[{\"@type\":\"Article\",\"@id\":\"https:\\\/\\\/starke-meinungen.de\\\/blog\\\/2025\\\/03\\\/12\\\/terrorismus-fuer-den-guten-zweck\\\/#article\",\"isPartOf\":{\"@id\":\"https:\\\/\\\/starke-meinungen.de\\\/blog\\\/2025\\\/03\\\/12\\\/terrorismus-fuer-den-guten-zweck\\\/\"},\"author\":{\"name\":\"Daniel Anderson\",\"@id\":\"https:\\\/\\\/starke-meinungen.de\\\/blog\\\/#\\\/schema\\\/person\\\/6377964b1a3e294752087a851ffe7faa\"},\"headline\":\"Terrorismus f\u00fcr den guten Zweck\",\"datePublished\":\"2025-03-12T18:32:47+00:00\",\"dateModified\":\"2026-01-30T13:23:38+00:00\",\"mainEntityOfPage\":{\"@id\":\"https:\\\/\\\/starke-meinungen.de\\\/blog\\\/2025\\\/03\\\/12\\\/terrorismus-fuer-den-guten-zweck\\\/\"},\"wordCount\":1323,\"commentCount\":0,\"publisher\":{\"@id\":\"https:\\\/\\\/starke-meinungen.de\\\/blog\\\/#organization\"},\"keywords\":[\"Daniel Anderson\",\"Judenhass\",\"Korruption\",\"Terrorismus\",\"UNWRA\"],\"inLanguage\":\"de\",\"potentialAction\":[{\"@type\":\"CommentAction\",\"name\":\"Comment\",\"target\":[\"https:\\\/\\\/starke-meinungen.de\\\/blog\\\/2025\\\/03\\\/12\\\/terrorismus-fuer-den-guten-zweck\\\/#respond\"]}]},{\"@type\":\"WebPage\",\"@id\":\"https:\\\/\\\/starke-meinungen.de\\\/blog\\\/2025\\\/03\\\/12\\\/terrorismus-fuer-den-guten-zweck\\\/\",\"url\":\"https:\\\/\\\/starke-meinungen.de\\\/blog\\\/2025\\\/03\\\/12\\\/terrorismus-fuer-den-guten-zweck\\\/\",\"name\":\"Terrorismus f\u00fcr den guten Zweck - starke-meinungen.de\",\"isPartOf\":{\"@id\":\"https:\\\/\\\/starke-meinungen.de\\\/blog\\\/#website\"},\"datePublished\":\"2025-03-12T18:32:47+00:00\",\"dateModified\":\"2026-01-30T13:23:38+00:00\",\"breadcrumb\":{\"@id\":\"https:\\\/\\\/starke-meinungen.de\\\/blog\\\/2025\\\/03\\\/12\\\/terrorismus-fuer-den-guten-zweck\\\/#breadcrumb\"},\"inLanguage\":\"de\",\"potentialAction\":[{\"@type\":\"ReadAction\",\"target\":[\"https:\\\/\\\/starke-meinungen.de\\\/blog\\\/2025\\\/03\\\/12\\\/terrorismus-fuer-den-guten-zweck\\\/\"]}]},{\"@type\":\"BreadcrumbList\",\"@id\":\"https:\\\/\\\/starke-meinungen.de\\\/blog\\\/2025\\\/03\\\/12\\\/terrorismus-fuer-den-guten-zweck\\\/#breadcrumb\",\"itemListElement\":[{\"@type\":\"ListItem\",\"position\":1,\"name\":\"Startseite\",\"item\":\"https:\\\/\\\/starke-meinungen.de\\\/blog\\\/\"},{\"@type\":\"ListItem\",\"position\":2,\"name\":\"Terrorismus f\u00fcr den guten Zweck\"}]},{\"@type\":\"WebSite\",\"@id\":\"https:\\\/\\\/starke-meinungen.de\\\/blog\\\/#website\",\"url\":\"https:\\\/\\\/starke-meinungen.de\\\/blog\\\/\",\"name\":\"starke-meinungen.de\",\"description\":\"Autoren-Blog\",\"publisher\":{\"@id\":\"https:\\\/\\\/starke-meinungen.de\\\/blog\\\/#organization\"},\"potentialAction\":[{\"@type\":\"SearchAction\",\"target\":{\"@type\":\"EntryPoint\",\"urlTemplate\":\"https:\\\/\\\/starke-meinungen.de\\\/blog\\\/?s={search_term_string}\"},\"query-input\":{\"@type\":\"PropertyValueSpecification\",\"valueRequired\":true,\"valueName\":\"search_term_string\"}}],\"inLanguage\":\"de\"},{\"@type\":\"Organization\",\"@id\":\"https:\\\/\\\/starke-meinungen.de\\\/blog\\\/#organization\",\"name\":\"starke-meinungen.de\",\"url\":\"https:\\\/\\\/starke-meinungen.de\\\/blog\\\/\",\"logo\":{\"@type\":\"ImageObject\",\"inLanguage\":\"de\",\"@id\":\"https:\\\/\\\/starke-meinungen.de\\\/blog\\\/#\\\/schema\\\/logo\\\/image\\\/\",\"url\":\"https:\\\/\\\/starke-meinungen.de\\\/blog\\\/wp-content\\\/uploads\\\/starke-meinungen-fb-header.jpg\",\"contentUrl\":\"https:\\\/\\\/starke-meinungen.de\\\/blog\\\/wp-content\\\/uploads\\\/starke-meinungen-fb-header.jpg\",\"width\":1200,\"height\":630,\"caption\":\"starke-meinungen.de\"},\"image\":{\"@id\":\"https:\\\/\\\/starke-meinungen.de\\\/blog\\\/#\\\/schema\\\/logo\\\/image\\\/\"},\"sameAs\":[\"https:\\\/\\\/www.facebook.com\\\/starkemeinungen\\\/\",\"https:\\\/\\\/x.com\\\/starkemeinungen\"]},{\"@type\":\"Person\",\"@id\":\"https:\\\/\\\/starke-meinungen.de\\\/blog\\\/#\\\/schema\\\/person\\\/6377964b1a3e294752087a851ffe7faa\",\"name\":\"Daniel Anderson\",\"image\":{\"@type\":\"ImageObject\",\"inLanguage\":\"de\",\"@id\":\"https:\\\/\\\/secure.gravatar.com\\\/avatar\\\/6e03010219bbddc3249d6750607a5aeb594cf3c15821bcc6d35a4509e139c585?s=96&d=mm&r=g\",\"url\":\"https:\\\/\\\/secure.gravatar.com\\\/avatar\\\/6e03010219bbddc3249d6750607a5aeb594cf3c15821bcc6d35a4509e139c585?s=96&d=mm&r=g\",\"contentUrl\":\"https:\\\/\\\/secure.gravatar.com\\\/avatar\\\/6e03010219bbddc3249d6750607a5aeb594cf3c15821bcc6d35a4509e139c585?s=96&d=mm&r=g\",\"caption\":\"Daniel Anderson\"},\"sameAs\":[\"https:\\\/\\\/spiegelberg-verlag.com\\\/component\\\/eshop\\\/daniel-anderson\",\"https:\\\/\\\/de.wikipedia.org\\\/wiki\\\/Daniel_Anderson\"],\"url\":\"https:\\\/\\\/starke-meinungen.de\\\/blog\\\/author\\\/anderson\\\/\"}]}<\/script>\n<!-- \/ Yoast SEO plugin. -->","yoast_head_json":{"title":"Terrorismus f\u00fcr den guten Zweck - starke-meinungen.de","robots":{"index":"index","follow":"follow","max-snippet":"max-snippet:-1","max-image-preview":"max-image-preview:large","max-video-preview":"max-video-preview:-1"},"canonical":"https:\/\/starke-meinungen.de\/blog\/2025\/03\/12\/terrorismus-fuer-den-guten-zweck\/","og_locale":"de_DE","og_type":"article","og_title":"Terrorismus f\u00fcr den guten Zweck - starke-meinungen.de","og_description":"Die Idee eines UN-Fl\u00fcchtlingshilfswerkes ist richtig und gut, auch wenn dadurch gleichzeitig zugegeben wird, wie schwach diese UN ist. Wird damit doch eingestanden, dass man nicht in der Lage war, oder jemals sein wird, Fluchtursachen wirksam zu bek\u00e4mpfen. Diese Einsch\u00e4tzung betrifft besonders die UNWRA, die keine L\u00f6sungen finden will, sondern f\u00fcr eine institutionelle Verl\u00e4ngerung des Nahostkonflikts sorgt. Die Aufl\u00f6sung dieser... Weiterlesen &raquo;","og_url":"https:\/\/starke-meinungen.de\/blog\/2025\/03\/12\/terrorismus-fuer-den-guten-zweck\/","og_site_name":"starke-meinungen.de","article_publisher":"https:\/\/www.facebook.com\/starkemeinungen\/","article_published_time":"2025-03-12T18:32:47+00:00","article_modified_time":"2026-01-30T13:23:38+00:00","og_image":[{"width":1200,"height":630,"url":"https:\/\/starke-meinungen.de\/blog\/wp-content\/uploads\/starke-meinungen-fb-header.jpg","type":"image\/jpeg"}],"author":"Daniel Anderson","twitter_card":"summary_large_image","twitter_creator":"@starkemeinungen","twitter_site":"@starkemeinungen","twitter_misc":{"Verfasst von":"Daniel Anderson","Gesch\u00e4tzte Lesezeit":"7\u00a0Minuten"},"schema":{"@context":"https:\/\/schema.org","@graph":[{"@type":"Article","@id":"https:\/\/starke-meinungen.de\/blog\/2025\/03\/12\/terrorismus-fuer-den-guten-zweck\/#article","isPartOf":{"@id":"https:\/\/starke-meinungen.de\/blog\/2025\/03\/12\/terrorismus-fuer-den-guten-zweck\/"},"author":{"name":"Daniel Anderson","@id":"https:\/\/starke-meinungen.de\/blog\/#\/schema\/person\/6377964b1a3e294752087a851ffe7faa"},"headline":"Terrorismus f\u00fcr den guten Zweck","datePublished":"2025-03-12T18:32:47+00:00","dateModified":"2026-01-30T13:23:38+00:00","mainEntityOfPage":{"@id":"https:\/\/starke-meinungen.de\/blog\/2025\/03\/12\/terrorismus-fuer-den-guten-zweck\/"},"wordCount":1323,"commentCount":0,"publisher":{"@id":"https:\/\/starke-meinungen.de\/blog\/#organization"},"keywords":["Daniel Anderson","Judenhass","Korruption","Terrorismus","UNWRA"],"inLanguage":"de","potentialAction":[{"@type":"CommentAction","name":"Comment","target":["https:\/\/starke-meinungen.de\/blog\/2025\/03\/12\/terrorismus-fuer-den-guten-zweck\/#respond"]}]},{"@type":"WebPage","@id":"https:\/\/starke-meinungen.de\/blog\/2025\/03\/12\/terrorismus-fuer-den-guten-zweck\/","url":"https:\/\/starke-meinungen.de\/blog\/2025\/03\/12\/terrorismus-fuer-den-guten-zweck\/","name":"Terrorismus f\u00fcr den guten Zweck - starke-meinungen.de","isPartOf":{"@id":"https:\/\/starke-meinungen.de\/blog\/#website"},"datePublished":"2025-03-12T18:32:47+00:00","dateModified":"2026-01-30T13:23:38+00:00","breadcrumb":{"@id":"https:\/\/starke-meinungen.de\/blog\/2025\/03\/12\/terrorismus-fuer-den-guten-zweck\/#breadcrumb"},"inLanguage":"de","potentialAction":[{"@type":"ReadAction","target":["https:\/\/starke-meinungen.de\/blog\/2025\/03\/12\/terrorismus-fuer-den-guten-zweck\/"]}]},{"@type":"BreadcrumbList","@id":"https:\/\/starke-meinungen.de\/blog\/2025\/03\/12\/terrorismus-fuer-den-guten-zweck\/#breadcrumb","itemListElement":[{"@type":"ListItem","position":1,"name":"Startseite","item":"https:\/\/starke-meinungen.de\/blog\/"},{"@type":"ListItem","position":2,"name":"Terrorismus f\u00fcr den guten Zweck"}]},{"@type":"WebSite","@id":"https:\/\/starke-meinungen.de\/blog\/#website","url":"https:\/\/starke-meinungen.de\/blog\/","name":"starke-meinungen.de","description":"Autoren-Blog","publisher":{"@id":"https:\/\/starke-meinungen.de\/blog\/#organization"},"potentialAction":[{"@type":"SearchAction","target":{"@type":"EntryPoint","urlTemplate":"https:\/\/starke-meinungen.de\/blog\/?s={search_term_string}"},"query-input":{"@type":"PropertyValueSpecification","valueRequired":true,"valueName":"search_term_string"}}],"inLanguage":"de"},{"@type":"Organization","@id":"https:\/\/starke-meinungen.de\/blog\/#organization","name":"starke-meinungen.de","url":"https:\/\/starke-meinungen.de\/blog\/","logo":{"@type":"ImageObject","inLanguage":"de","@id":"https:\/\/starke-meinungen.de\/blog\/#\/schema\/logo\/image\/","url":"https:\/\/starke-meinungen.de\/blog\/wp-content\/uploads\/starke-meinungen-fb-header.jpg","contentUrl":"https:\/\/starke-meinungen.de\/blog\/wp-content\/uploads\/starke-meinungen-fb-header.jpg","width":1200,"height":630,"caption":"starke-meinungen.de"},"image":{"@id":"https:\/\/starke-meinungen.de\/blog\/#\/schema\/logo\/image\/"},"sameAs":["https:\/\/www.facebook.com\/starkemeinungen\/","https:\/\/x.com\/starkemeinungen"]},{"@type":"Person","@id":"https:\/\/starke-meinungen.de\/blog\/#\/schema\/person\/6377964b1a3e294752087a851ffe7faa","name":"Daniel Anderson","image":{"@type":"ImageObject","inLanguage":"de","@id":"https:\/\/secure.gravatar.com\/avatar\/6e03010219bbddc3249d6750607a5aeb594cf3c15821bcc6d35a4509e139c585?s=96&d=mm&r=g","url":"https:\/\/secure.gravatar.com\/avatar\/6e03010219bbddc3249d6750607a5aeb594cf3c15821bcc6d35a4509e139c585?s=96&d=mm&r=g","contentUrl":"https:\/\/secure.gravatar.com\/avatar\/6e03010219bbddc3249d6750607a5aeb594cf3c15821bcc6d35a4509e139c585?s=96&d=mm&r=g","caption":"Daniel Anderson"},"sameAs":["https:\/\/spiegelberg-verlag.com\/component\/eshop\/daniel-anderson","https:\/\/de.wikipedia.org\/wiki\/Daniel_Anderson"],"url":"https:\/\/starke-meinungen.de\/blog\/author\/anderson\/"}]}},"_links":{"self":[{"href":"https:\/\/starke-meinungen.de\/blog\/wp-json\/wp\/v2\/posts\/12579","targetHints":{"allow":["GET"]}}],"collection":[{"href":"https:\/\/starke-meinungen.de\/blog\/wp-json\/wp\/v2\/posts"}],"about":[{"href":"https:\/\/starke-meinungen.de\/blog\/wp-json\/wp\/v2\/types\/post"}],"author":[{"embeddable":true,"href":"https:\/\/starke-meinungen.de\/blog\/wp-json\/wp\/v2\/users\/46"}],"replies":[{"embeddable":true,"href":"https:\/\/starke-meinungen.de\/blog\/wp-json\/wp\/v2\/comments?post=12579"}],"version-history":[{"count":9,"href":"https:\/\/starke-meinungen.de\/blog\/wp-json\/wp\/v2\/posts\/12579\/revisions"}],"predecessor-version":[{"id":16191,"href":"https:\/\/starke-meinungen.de\/blog\/wp-json\/wp\/v2\/posts\/12579\/revisions\/16191"}],"wp:attachment":[{"href":"https:\/\/starke-meinungen.de\/blog\/wp-json\/wp\/v2\/media?parent=12579"}],"wp:term":[{"taxonomy":"category","embeddable":true,"href":"https:\/\/starke-meinungen.de\/blog\/wp-json\/wp\/v2\/categories?post=12579"},{"taxonomy":"post_tag","embeddable":true,"href":"https:\/\/starke-meinungen.de\/blog\/wp-json\/wp\/v2\/tags?post=12579"}],"curies":[{"name":"wp","href":"https:\/\/api.w.org\/{rel}","templated":true}]}}