

{"id":12278,"date":"2025-02-23T23:13:19","date_gmt":"2025-02-23T22:13:19","guid":{"rendered":"https:\/\/starke-meinungen.de\/blog\/?p=12278"},"modified":"2026-01-30T13:50:34","modified_gmt":"2026-01-30T12:50:34","slug":"merz-muss-jetzt-liefern","status":"publish","type":"post","link":"https:\/\/starke-meinungen.de\/blog\/2025\/02\/23\/merz-muss-jetzt-liefern\/","title":{"rendered":"Merz muss jetzt liefern"},"content":{"rendered":"<p><strong>Trotz oder gerade wegen der dramatischen Weltlage bringt die Wahl kein klares Ergebnis. Das starke Abschneiden der Rechts- und Linkspopulisten zwingt die Union als bescheidene Gewinnerin zur Koalition mit der Rest-SPD. Das behindert den notwendigen Politikwechsel behindern und wird die Extremisten noch st\u00e4rker machen.<\/strong><\/p>\n<p>Markus S\u00f6der hat manchmal recht. Bei den B\u00fcrgern gebe es eine gewisse Verunsicherung, las er am Wahlabend aus den vorl\u00e4ufigen Ergebnissen. Das ist noch stark untertrieben. Obwohl die Ampelregierung krachend gescheitert war, holten CDU\/CSU weniger als 30 Prozent. Offensichtlich trauten die W\u00e4hler auch ihnen und ihrem Kanzlerkandidaten Friedrich Merz nicht zu, das Ruder herum zu rei\u00dfen. Oder sie wollen es gar nicht. Sie m\u00f6chten, dass alles so bleibt, obwohl v\u00f6llig klar ist, dass kaum etwas so bleiben wird und kann, wie es war. Was kann und wird Merz als designierter Kanzler aus dem Wahlergebnis machen \u2013 in einer Lage, in der das Land und Europa dringend auf eine entscheidungs- und handlungsf\u00e4hige Bundesregierung angewiesen sind?<!--more--><\/p>\n<p>Merz will und muss schnell eine Koalition bilden. Das wird jedoch \u00e4u\u00dferst schwierig werden. An der SPD kommt er dabei nicht vorbei, obwohl sie die krachende Wahlverliererin ist und sie nach ihrem existenzbedrohenden Ergebnis und der v\u00f6llig verkorksten Kanzlerschaft von Olaf Scholz eigentlich in die Opposition geh\u00f6rte. Doch eine Alternative hat er nicht, da es f\u00fcr Schwarz-Gr\u00fcn nicht reicht und er eine Zusammenarbeit mt der Partei, die sich nur so nennt, zurecht ausschlie\u00dft.<\/p>\n<p>Die SPD muss sich nach ihrem historischen Debakel &#8211; einem weiteren in einer langen Kette des Niedergangs (auch 2021 war ein historisch schlechtes Egebnis, nur dass die Union da noch etwas schw\u00e4cher war) &#8211;\u00a0 nun erst mal komplett neu sortieren und aufstellen. Wird Klingbeil alllein oder zusammen mit Pistorius und der saarl\u00e4ndischen Ministerpr\u00e4sidentin Rehlinger das Sagen haben? Was bedeutet das inhaltlich? Wird die neue F\u00fchrung bereit sein, die Einwanderung zu begrenzen, was Merz zur Bedingung gemacht hat, und kr\u00e4ftig in die Aufr\u00fcstung zu investieren \u2013 auch zu Lasten von Sozialleistungen?<\/p>\n<p>\u00c4hnliche Fragen stellen sich an die Gr\u00fcnen, auch wenn sie zur Regierungsbildung wohl nicht ben\u00f6tigt werden. Zwar haben sie nicht soviel verloren wie die SPD. Mit ihrer Konfrontation gegen Merz und die Union in der Migrationspolitik, ohne aber eine Zusammenarbeit auszuschlie\u00dfen, haben sie W\u00e4hler zur Linken und wohl auch zur AfD getrieben. Deshalb werden sie nachdenken m\u00fcssen, welche Konsequenzen sie aus ihren Fehlern ziehen, und ob sie bereit sind, ihren Kurs zu \u00e4ndern, auch in der Klimaschutzpolitik.<\/p>\n<h5>Keine Zeit zu verlieren<\/h5>\n<p>Die dramatische Lage erlaubt allerdings keine monatelangen Selbstfindungsprozesse. Merz, dessen Union ebenfalls deutlich unter den Erwartungen und seinen Anspr\u00fcchen blieb, muss die SPD deshalb rasch zu Entscheidungen zwingen. Seine Druckmittel sind indes begrenzt. Da er eine Zusammenarbeit mit der AfD auch nach der Wahl v\u00f6llig zurecht ausgeschlossen hat und er deswegen auch keine Minderheitsregierung will, die auch nur begrenzt handlungsf\u00e4hig w\u00e4re, hat er kaum eine Wahl.<\/p>\n<p>Es ist zu hoffen, dass SPD und Gr\u00fcne erkennen, dass sie mit einer Verweigerungshaltung bei einer dann f\u00e4lligen weiteren Neuwahl nur AfD, Linke und BSW noch st\u00e4rker machen w\u00fcrden, sodass Deutschland \u00fcberhaupt nicht mehr regierungsf\u00e4hig w\u00e4re. Aber selbst wenn sie sich zu Koalitionsgespr\u00e4chen und Mitregieren bereit erkl\u00e4ren, wird es keinen wirklichen Politikwechsel geben. Vielmehr ist zu bef\u00fcrchten, dass sich das Gew\u00fcrge der vergangenen drei Jahre fortsetzt, zumal ja die CSU auch noch quer schie\u00dfen wird. Putin, Trump und ihre Fans in Deutschland warten nur darauf, dass sich die Parteien der Mitte im wichtigsten Land Europas weiter zerlegen. Sehr schlechte Aussichten.<\/p>\n<p><em>Ludwig Greven ist freier Autor. Er hat zahllose Wahlk\u00e4mpfe begleitet und Wahlergebnisse kommentiert. So ratlos wie die Parteien diesmal war er auch noch nicht.<\/em><\/p>\n<div class=\"shariff shariff-align-left shariff-widget-align-left shariff-buttonstretch\" style=\"display:none\"><ul class=\"shariff-buttons theme-white orientation-horizontal buttonsize-medium\"><li class=\"shariff-button facebook shariff-nocustomcolor\" style=\"background-color:#4273c8\"><a href=\"https:\/\/www.facebook.com\/sharer\/sharer.php?u=https%3A%2F%2Fstarke-meinungen.de%2Fblog%2F2025%2F02%2F23%2Fmerz-muss-jetzt-liefern%2F\" title=\"Bei Facebook teilen\" aria-label=\"Bei Facebook teilen\" role=\"button\" rel=\"nofollow\" class=\"shariff-link\" style=\"; background-color:#3b5998; color:#3b5998\" target=\"_blank\"><span class=\"shariff-icon\" style=\"fill:#3b5998\"><svg width=\"32px\" height=\"20px\" xmlns=\"http:\/\/www.w3.org\/2000\/svg\" viewBox=\"0 0 18 32\"><path fill=\"#3b5998\" d=\"M17.1 0.2v4.7h-2.8q-1.5 0-2.1 0.6t-0.5 1.9v3.4h5.2l-0.7 5.3h-4.5v13.6h-5.5v-13.6h-4.5v-5.3h4.5v-3.9q0-3.3 1.9-5.2t5-1.8q2.6 0 4.1 0.2z\"\/><\/svg><\/span><span class=\"shariff-text\" style=\"color:#3b5998\">teilen<\/span>&nbsp;<\/a><\/li><li class=\"shariff-button twitter shariff-nocustomcolor\" style=\"background-color:#595959\"><a href=\"https:\/\/twitter.com\/share?url=https%3A%2F%2Fstarke-meinungen.de%2Fblog%2F2025%2F02%2F23%2Fmerz-muss-jetzt-liefern%2F&text=Merz%20muss%20jetzt%20liefern&via=starkemeinungen\" title=\"Bei X teilen\" aria-label=\"Bei X teilen\" role=\"button\" rel=\"noopener nofollow\" class=\"shariff-link\" style=\"; background-color:#000; color:#000\" target=\"_blank\"><span class=\"shariff-icon\" style=\"fill:#000\"><svg width=\"32px\" height=\"20px\" xmlns=\"http:\/\/www.w3.org\/2000\/svg\" viewBox=\"0 0 24 24\"><path fill=\"#000\" d=\"M14.258 10.152L23.176 0h-2.113l-7.747 8.813L7.133 0H0l9.352 13.328L0 23.973h2.113l8.176-9.309 6.531 9.309h7.133zm-2.895 3.293l-.949-1.328L2.875 1.56h3.246l6.086 8.523.945 1.328 7.91 11.078h-3.246zm0 0\"\/><\/svg><\/span><span class=\"shariff-text\" style=\"color:#000\">teilen<\/span>&nbsp;<\/a><\/li><li class=\"shariff-button linkedin shariff-nocustomcolor\" style=\"background-color:#1488bf\"><a href=\"https:\/\/www.linkedin.com\/sharing\/share-offsite\/?url=https%3A%2F%2Fstarke-meinungen.de%2Fblog%2F2025%2F02%2F23%2Fmerz-muss-jetzt-liefern%2F\" title=\"Bei LinkedIn teilen\" aria-label=\"Bei LinkedIn teilen\" role=\"button\" rel=\"noopener nofollow\" class=\"shariff-link\" style=\"; background-color:#0077b5; color:#0077b5\" target=\"_blank\"><span class=\"shariff-icon\" style=\"fill:#0077b5\"><svg width=\"32px\" height=\"20px\" xmlns=\"http:\/\/www.w3.org\/2000\/svg\" viewBox=\"0 0 27 32\"><path fill=\"#0077b5\" d=\"M6.2 11.2v17.7h-5.9v-17.7h5.9zM6.6 5.7q0 1.3-0.9 2.2t-2.4 0.9h0q-1.5 0-2.4-0.9t-0.9-2.2 0.9-2.2 2.4-0.9 2.4 0.9 0.9 2.2zM27.4 18.7v10.1h-5.9v-9.5q0-1.9-0.7-2.9t-2.3-1.1q-1.1 0-1.9 0.6t-1.2 1.5q-0.2 0.5-0.2 1.4v9.9h-5.9q0-7.1 0-11.6t0-5.3l0-0.9h5.9v2.6h0q0.4-0.6 0.7-1t1-0.9 1.6-0.8 2-0.3q3 0 4.9 2t1.9 6z\"\/><\/svg><\/span><span class=\"shariff-text\" style=\"color:#0077b5\">teilen<\/span>&nbsp;<\/a><\/li><li class=\"shariff-button xing shariff-nocustomcolor\" style=\"background-color:#29888a\"><a href=\"https:\/\/www.xing.com\/spi\/shares\/new?url=https%3A%2F%2Fstarke-meinungen.de%2Fblog%2F2025%2F02%2F23%2Fmerz-muss-jetzt-liefern%2F\" title=\"Bei XING teilen\" aria-label=\"Bei XING teilen\" role=\"button\" rel=\"noopener nofollow\" class=\"shariff-link\" style=\"; background-color:#126567; color:#126567\" target=\"_blank\"><span class=\"shariff-icon\" style=\"fill:#126567\"><svg width=\"32px\" height=\"20px\" xmlns=\"http:\/\/www.w3.org\/2000\/svg\" viewBox=\"0 0 25 32\"><path fill=\"#126567\" d=\"M10.7 11.9q-0.2 0.3-4.6 8.2-0.5 0.8-1.2 0.8h-4.3q-0.4 0-0.5-0.3t0-0.6l4.5-8q0 0 0 0l-2.9-5q-0.2-0.4 0-0.7 0.2-0.3 0.5-0.3h4.3q0.7 0 1.2 0.8zM25.1 0.4q0.2 0.3 0 0.7l-9.4 16.7 6 11q0.2 0.4 0 0.6-0.2 0.3-0.6 0.3h-4.3q-0.7 0-1.2-0.8l-6-11.1q0.3-0.6 9.5-16.8 0.4-0.8 1.2-0.8h4.3q0.4 0 0.5 0.3z\"\/><\/svg><\/span><span class=\"shariff-text\" style=\"color:#126567\">teilen<\/span>&nbsp;<\/a><\/li><li class=\"shariff-button whatsapp shariff-nocustomcolor\" style=\"background-color:#5cbe4a\"><a href=\"https:\/\/api.whatsapp.com\/send?text=https%3A%2F%2Fstarke-meinungen.de%2Fblog%2F2025%2F02%2F23%2Fmerz-muss-jetzt-liefern%2F%20Merz%20muss%20jetzt%20liefern\" title=\"Bei Whatsapp teilen\" aria-label=\"Bei Whatsapp teilen\" role=\"button\" rel=\"noopener nofollow\" class=\"shariff-link\" style=\"; background-color:#34af23; color:#34af23\" target=\"_blank\"><span class=\"shariff-icon\" style=\"fill:#34af23\"><svg width=\"32px\" height=\"20px\" xmlns=\"http:\/\/www.w3.org\/2000\/svg\" viewBox=\"0 0 32 32\"><path fill=\"#34af23\" d=\"M17.6 17.4q0.2 0 1.7 0.8t1.6 0.9q0 0.1 0 0.3 0 0.6-0.3 1.4-0.3 0.7-1.3 1.2t-1.8 0.5q-1 0-3.4-1.1-1.7-0.8-3-2.1t-2.6-3.3q-1.3-1.9-1.3-3.5v-0.1q0.1-1.6 1.3-2.8 0.4-0.4 0.9-0.4 0.1 0 0.3 0t0.3 0q0.3 0 0.5 0.1t0.3 0.5q0.1 0.4 0.6 1.6t0.4 1.3q0 0.4-0.6 1t-0.6 0.8q0 0.1 0.1 0.3 0.6 1.3 1.8 2.4 1 0.9 2.7 1.8 0.2 0.1 0.4 0.1 0.3 0 1-0.9t0.9-0.9zM14 26.9q2.3 0 4.3-0.9t3.6-2.4 2.4-3.6 0.9-4.3-0.9-4.3-2.4-3.6-3.6-2.4-4.3-0.9-4.3 0.9-3.6 2.4-2.4 3.6-0.9 4.3q0 3.6 2.1 6.6l-1.4 4.2 4.3-1.4q2.8 1.9 6.2 1.9zM14 2.2q2.7 0 5.2 1.1t4.3 2.9 2.9 4.3 1.1 5.2-1.1 5.2-2.9 4.3-4.3 2.9-5.2 1.1q-3.5 0-6.5-1.7l-7.4 2.4 2.4-7.2q-1.9-3.2-1.9-6.9 0-2.7 1.1-5.2t2.9-4.3 4.3-2.9 5.2-1.1z\"\/><\/svg><\/span><span class=\"shariff-text\" style=\"color:#34af23\">teilen<\/span>&nbsp;<\/a><\/li><li class=\"shariff-button info shariff-nocustomcolor\" style=\"background-color:#a8a8a8\"><a href=\"http:\/\/ct.de\/-2467514\" title=\"Weitere Informationen\" aria-label=\"Weitere Informationen\" role=\"button\" rel=\"noopener \" class=\"shariff-link\" style=\"; background-color:#999; color:#999\" target=\"_blank\"><span class=\"shariff-icon\" style=\"fill:#999\"><svg width=\"32px\" height=\"20px\" xmlns=\"http:\/\/www.w3.org\/2000\/svg\" viewBox=\"0 0 11 32\"><path fill=\"#999\" d=\"M11.4 24v2.3q0 0.5-0.3 0.8t-0.8 0.4h-9.1q-0.5 0-0.8-0.4t-0.4-0.8v-2.3q0-0.5 0.4-0.8t0.8-0.4h1.1v-6.8h-1.1q-0.5 0-0.8-0.4t-0.4-0.8v-2.3q0-0.5 0.4-0.8t0.8-0.4h6.8q0.5 0 0.8 0.4t0.4 0.8v10.3h1.1q0.5 0 0.8 0.4t0.3 0.8zM9.2 3.4v3.4q0 0.5-0.4 0.8t-0.8 0.4h-4.6q-0.4 0-0.8-0.4t-0.4-0.8v-3.4q0-0.4 0.4-0.8t0.8-0.4h4.6q0.5 0 0.8 0.4t0.4 0.8z\"\/><\/svg><\/span><\/a><\/li><\/ul><\/div>","protected":false},"excerpt":{"rendered":"<p>Trotz oder gerade wegen der dramatischen Weltlage bringt die Wahl kein klares Ergebnis. Das starke Abschneiden der Rechts- und Linkspopulisten zwingt die Union als bescheidene Gewinnerin zur Koalition mit der Rest-SPD. Das behindert den notwendigen Politikwechsel behindern und wird die Extremisten noch st\u00e4rker machen. Markus S\u00f6der hat manchmal recht. Bei den B\u00fcrgern gebe es eine gewisse Verunsicherung, las er am&#8230; <a href=\"https:\/\/starke-meinungen.de\/blog\/2025\/02\/23\/merz-muss-jetzt-liefern\/\">Weiterlesen &raquo;<\/a><\/p>\n","protected":false},"author":42,"featured_media":0,"comment_status":"open","ping_status":"open","sticky":false,"template":"","format":"standard","meta":{"footnotes":""},"categories":[3886],"tags":[7,113,3887,99,10],"class_list":["post-12278","post","type-post","status-publish","format-standard","hentry","category-ludwig-greven","tag-bundestagswahl","tag-cdu","tag-friedrich-merz","tag-grune","tag-spd"],"yoast_head":"<!-- This site is optimized with the Yoast SEO plugin v27.5 - https:\/\/yoast.com\/product\/yoast-seo-wordpress\/ -->\n<title>Merz muss jetzt liefern - starke-meinungen.de<\/title>\n<meta name=\"robots\" content=\"index, follow, max-snippet:-1, max-image-preview:large, max-video-preview:-1\" \/>\n<link rel=\"canonical\" href=\"https:\/\/starke-meinungen.de\/blog\/2025\/02\/23\/merz-muss-jetzt-liefern\/\" \/>\n<meta property=\"og:locale\" content=\"de_DE\" \/>\n<meta property=\"og:type\" content=\"article\" \/>\n<meta property=\"og:title\" content=\"Merz muss jetzt liefern - starke-meinungen.de\" \/>\n<meta property=\"og:description\" content=\"Trotz oder gerade wegen der dramatischen Weltlage bringt die Wahl kein klares Ergebnis. Das starke Abschneiden der Rechts- und Linkspopulisten zwingt die Union als bescheidene Gewinnerin zur Koalition mit der Rest-SPD. Das behindert den notwendigen Politikwechsel behindern und wird die Extremisten noch st\u00e4rker machen. Markus S\u00f6der hat manchmal recht. Bei den B\u00fcrgern gebe es eine gewisse Verunsicherung, las er am... Weiterlesen &raquo;\" \/>\n<meta property=\"og:url\" content=\"https:\/\/starke-meinungen.de\/blog\/2025\/02\/23\/merz-muss-jetzt-liefern\/\" \/>\n<meta property=\"og:site_name\" content=\"starke-meinungen.de\" \/>\n<meta property=\"article:publisher\" content=\"https:\/\/www.facebook.com\/starkemeinungen\/\" \/>\n<meta property=\"article:published_time\" content=\"2025-02-23T22:13:19+00:00\" \/>\n<meta property=\"article:modified_time\" content=\"2026-01-30T12:50:34+00:00\" \/>\n<meta property=\"og:image\" content=\"https:\/\/starke-meinungen.de\/blog\/wp-content\/uploads\/starke-meinungen-fb-header.jpg\" \/>\n\t<meta property=\"og:image:width\" content=\"1200\" \/>\n\t<meta property=\"og:image:height\" content=\"630\" \/>\n\t<meta property=\"og:image:type\" content=\"image\/jpeg\" \/>\n<meta name=\"author\" content=\"Ludwig Greven\" \/>\n<meta name=\"twitter:card\" content=\"summary_large_image\" \/>\n<meta name=\"twitter:creator\" content=\"@starkemeinungen\" \/>\n<meta name=\"twitter:site\" content=\"@starkemeinungen\" \/>\n<meta name=\"twitter:label1\" content=\"Verfasst von\" \/>\n\t<meta name=\"twitter:data1\" content=\"Ludwig Greven\" \/>\n\t<meta name=\"twitter:label2\" content=\"Gesch\u00e4tzte Lesezeit\" \/>\n\t<meta name=\"twitter:data2\" content=\"4\u00a0Minuten\" \/>\n<script type=\"application\/ld+json\" class=\"yoast-schema-graph\">{\"@context\":\"https:\\\/\\\/schema.org\",\"@graph\":[{\"@type\":\"Article\",\"@id\":\"https:\\\/\\\/starke-meinungen.de\\\/blog\\\/2025\\\/02\\\/23\\\/merz-muss-jetzt-liefern\\\/#article\",\"isPartOf\":{\"@id\":\"https:\\\/\\\/starke-meinungen.de\\\/blog\\\/2025\\\/02\\\/23\\\/merz-muss-jetzt-liefern\\\/\"},\"author\":{\"name\":\"Ludwig Greven\",\"@id\":\"https:\\\/\\\/starke-meinungen.de\\\/blog\\\/#\\\/schema\\\/person\\\/1c28fb5be9ffc16085de9e621bf19f75\"},\"headline\":\"Merz muss jetzt liefern\",\"datePublished\":\"2025-02-23T22:13:19+00:00\",\"dateModified\":\"2026-01-30T12:50:34+00:00\",\"mainEntityOfPage\":{\"@id\":\"https:\\\/\\\/starke-meinungen.de\\\/blog\\\/2025\\\/02\\\/23\\\/merz-muss-jetzt-liefern\\\/\"},\"wordCount\":635,\"commentCount\":0,\"publisher\":{\"@id\":\"https:\\\/\\\/starke-meinungen.de\\\/blog\\\/#organization\"},\"keywords\":[\"Bundestagswahl\",\"CDU\",\"Friedrich Merz\",\"Gr\u00fcne\",\"SPD\"],\"articleSection\":[\"Ludwig Greven\"],\"inLanguage\":\"de\",\"potentialAction\":[{\"@type\":\"CommentAction\",\"name\":\"Comment\",\"target\":[\"https:\\\/\\\/starke-meinungen.de\\\/blog\\\/2025\\\/02\\\/23\\\/merz-muss-jetzt-liefern\\\/#respond\"]}]},{\"@type\":\"WebPage\",\"@id\":\"https:\\\/\\\/starke-meinungen.de\\\/blog\\\/2025\\\/02\\\/23\\\/merz-muss-jetzt-liefern\\\/\",\"url\":\"https:\\\/\\\/starke-meinungen.de\\\/blog\\\/2025\\\/02\\\/23\\\/merz-muss-jetzt-liefern\\\/\",\"name\":\"Merz muss jetzt liefern - starke-meinungen.de\",\"isPartOf\":{\"@id\":\"https:\\\/\\\/starke-meinungen.de\\\/blog\\\/#website\"},\"datePublished\":\"2025-02-23T22:13:19+00:00\",\"dateModified\":\"2026-01-30T12:50:34+00:00\",\"breadcrumb\":{\"@id\":\"https:\\\/\\\/starke-meinungen.de\\\/blog\\\/2025\\\/02\\\/23\\\/merz-muss-jetzt-liefern\\\/#breadcrumb\"},\"inLanguage\":\"de\",\"potentialAction\":[{\"@type\":\"ReadAction\",\"target\":[\"https:\\\/\\\/starke-meinungen.de\\\/blog\\\/2025\\\/02\\\/23\\\/merz-muss-jetzt-liefern\\\/\"]}]},{\"@type\":\"BreadcrumbList\",\"@id\":\"https:\\\/\\\/starke-meinungen.de\\\/blog\\\/2025\\\/02\\\/23\\\/merz-muss-jetzt-liefern\\\/#breadcrumb\",\"itemListElement\":[{\"@type\":\"ListItem\",\"position\":1,\"name\":\"Startseite\",\"item\":\"https:\\\/\\\/starke-meinungen.de\\\/blog\\\/\"},{\"@type\":\"ListItem\",\"position\":2,\"name\":\"Merz muss jetzt liefern\"}]},{\"@type\":\"WebSite\",\"@id\":\"https:\\\/\\\/starke-meinungen.de\\\/blog\\\/#website\",\"url\":\"https:\\\/\\\/starke-meinungen.de\\\/blog\\\/\",\"name\":\"starke-meinungen.de\",\"description\":\"Autoren-Blog\",\"publisher\":{\"@id\":\"https:\\\/\\\/starke-meinungen.de\\\/blog\\\/#organization\"},\"potentialAction\":[{\"@type\":\"SearchAction\",\"target\":{\"@type\":\"EntryPoint\",\"urlTemplate\":\"https:\\\/\\\/starke-meinungen.de\\\/blog\\\/?s={search_term_string}\"},\"query-input\":{\"@type\":\"PropertyValueSpecification\",\"valueRequired\":true,\"valueName\":\"search_term_string\"}}],\"inLanguage\":\"de\"},{\"@type\":\"Organization\",\"@id\":\"https:\\\/\\\/starke-meinungen.de\\\/blog\\\/#organization\",\"name\":\"starke-meinungen.de\",\"url\":\"https:\\\/\\\/starke-meinungen.de\\\/blog\\\/\",\"logo\":{\"@type\":\"ImageObject\",\"inLanguage\":\"de\",\"@id\":\"https:\\\/\\\/starke-meinungen.de\\\/blog\\\/#\\\/schema\\\/logo\\\/image\\\/\",\"url\":\"https:\\\/\\\/starke-meinungen.de\\\/blog\\\/wp-content\\\/uploads\\\/starke-meinungen-fb-header.jpg\",\"contentUrl\":\"https:\\\/\\\/starke-meinungen.de\\\/blog\\\/wp-content\\\/uploads\\\/starke-meinungen-fb-header.jpg\",\"width\":1200,\"height\":630,\"caption\":\"starke-meinungen.de\"},\"image\":{\"@id\":\"https:\\\/\\\/starke-meinungen.de\\\/blog\\\/#\\\/schema\\\/logo\\\/image\\\/\"},\"sameAs\":[\"https:\\\/\\\/www.facebook.com\\\/starkemeinungen\\\/\",\"https:\\\/\\\/x.com\\\/starkemeinungen\"]},{\"@type\":\"Person\",\"@id\":\"https:\\\/\\\/starke-meinungen.de\\\/blog\\\/#\\\/schema\\\/person\\\/1c28fb5be9ffc16085de9e621bf19f75\",\"name\":\"Ludwig Greven\",\"image\":{\"@type\":\"ImageObject\",\"inLanguage\":\"de\",\"@id\":\"https:\\\/\\\/secure.gravatar.com\\\/avatar\\\/30dcb1e1f2de438653ff67ae28b7ecf6c10e1b929e4a1c78d6b4d30df7d49076?s=96&d=mm&r=g\",\"url\":\"https:\\\/\\\/secure.gravatar.com\\\/avatar\\\/30dcb1e1f2de438653ff67ae28b7ecf6c10e1b929e4a1c78d6b4d30df7d49076?s=96&d=mm&r=g\",\"contentUrl\":\"https:\\\/\\\/secure.gravatar.com\\\/avatar\\\/30dcb1e1f2de438653ff67ae28b7ecf6c10e1b929e4a1c78d6b4d30df7d49076?s=96&d=mm&r=g\",\"caption\":\"Ludwig Greven\"},\"url\":\"https:\\\/\\\/starke-meinungen.de\\\/blog\\\/author\\\/greven\\\/\"}]}<\/script>\n<!-- \/ Yoast SEO plugin. -->","yoast_head_json":{"title":"Merz muss jetzt liefern - starke-meinungen.de","robots":{"index":"index","follow":"follow","max-snippet":"max-snippet:-1","max-image-preview":"max-image-preview:large","max-video-preview":"max-video-preview:-1"},"canonical":"https:\/\/starke-meinungen.de\/blog\/2025\/02\/23\/merz-muss-jetzt-liefern\/","og_locale":"de_DE","og_type":"article","og_title":"Merz muss jetzt liefern - starke-meinungen.de","og_description":"Trotz oder gerade wegen der dramatischen Weltlage bringt die Wahl kein klares Ergebnis. Das starke Abschneiden der Rechts- und Linkspopulisten zwingt die Union als bescheidene Gewinnerin zur Koalition mit der Rest-SPD. Das behindert den notwendigen Politikwechsel behindern und wird die Extremisten noch st\u00e4rker machen. Markus S\u00f6der hat manchmal recht. Bei den B\u00fcrgern gebe es eine gewisse Verunsicherung, las er am... Weiterlesen &raquo;","og_url":"https:\/\/starke-meinungen.de\/blog\/2025\/02\/23\/merz-muss-jetzt-liefern\/","og_site_name":"starke-meinungen.de","article_publisher":"https:\/\/www.facebook.com\/starkemeinungen\/","article_published_time":"2025-02-23T22:13:19+00:00","article_modified_time":"2026-01-30T12:50:34+00:00","og_image":[{"width":1200,"height":630,"url":"https:\/\/starke-meinungen.de\/blog\/wp-content\/uploads\/starke-meinungen-fb-header.jpg","type":"image\/jpeg"}],"author":"Ludwig Greven","twitter_card":"summary_large_image","twitter_creator":"@starkemeinungen","twitter_site":"@starkemeinungen","twitter_misc":{"Verfasst von":"Ludwig Greven","Gesch\u00e4tzte Lesezeit":"4\u00a0Minuten"},"schema":{"@context":"https:\/\/schema.org","@graph":[{"@type":"Article","@id":"https:\/\/starke-meinungen.de\/blog\/2025\/02\/23\/merz-muss-jetzt-liefern\/#article","isPartOf":{"@id":"https:\/\/starke-meinungen.de\/blog\/2025\/02\/23\/merz-muss-jetzt-liefern\/"},"author":{"name":"Ludwig Greven","@id":"https:\/\/starke-meinungen.de\/blog\/#\/schema\/person\/1c28fb5be9ffc16085de9e621bf19f75"},"headline":"Merz muss jetzt liefern","datePublished":"2025-02-23T22:13:19+00:00","dateModified":"2026-01-30T12:50:34+00:00","mainEntityOfPage":{"@id":"https:\/\/starke-meinungen.de\/blog\/2025\/02\/23\/merz-muss-jetzt-liefern\/"},"wordCount":635,"commentCount":0,"publisher":{"@id":"https:\/\/starke-meinungen.de\/blog\/#organization"},"keywords":["Bundestagswahl","CDU","Friedrich Merz","Gr\u00fcne","SPD"],"articleSection":["Ludwig Greven"],"inLanguage":"de","potentialAction":[{"@type":"CommentAction","name":"Comment","target":["https:\/\/starke-meinungen.de\/blog\/2025\/02\/23\/merz-muss-jetzt-liefern\/#respond"]}]},{"@type":"WebPage","@id":"https:\/\/starke-meinungen.de\/blog\/2025\/02\/23\/merz-muss-jetzt-liefern\/","url":"https:\/\/starke-meinungen.de\/blog\/2025\/02\/23\/merz-muss-jetzt-liefern\/","name":"Merz muss jetzt liefern - starke-meinungen.de","isPartOf":{"@id":"https:\/\/starke-meinungen.de\/blog\/#website"},"datePublished":"2025-02-23T22:13:19+00:00","dateModified":"2026-01-30T12:50:34+00:00","breadcrumb":{"@id":"https:\/\/starke-meinungen.de\/blog\/2025\/02\/23\/merz-muss-jetzt-liefern\/#breadcrumb"},"inLanguage":"de","potentialAction":[{"@type":"ReadAction","target":["https:\/\/starke-meinungen.de\/blog\/2025\/02\/23\/merz-muss-jetzt-liefern\/"]}]},{"@type":"BreadcrumbList","@id":"https:\/\/starke-meinungen.de\/blog\/2025\/02\/23\/merz-muss-jetzt-liefern\/#breadcrumb","itemListElement":[{"@type":"ListItem","position":1,"name":"Startseite","item":"https:\/\/starke-meinungen.de\/blog\/"},{"@type":"ListItem","position":2,"name":"Merz muss jetzt liefern"}]},{"@type":"WebSite","@id":"https:\/\/starke-meinungen.de\/blog\/#website","url":"https:\/\/starke-meinungen.de\/blog\/","name":"starke-meinungen.de","description":"Autoren-Blog","publisher":{"@id":"https:\/\/starke-meinungen.de\/blog\/#organization"},"potentialAction":[{"@type":"SearchAction","target":{"@type":"EntryPoint","urlTemplate":"https:\/\/starke-meinungen.de\/blog\/?s={search_term_string}"},"query-input":{"@type":"PropertyValueSpecification","valueRequired":true,"valueName":"search_term_string"}}],"inLanguage":"de"},{"@type":"Organization","@id":"https:\/\/starke-meinungen.de\/blog\/#organization","name":"starke-meinungen.de","url":"https:\/\/starke-meinungen.de\/blog\/","logo":{"@type":"ImageObject","inLanguage":"de","@id":"https:\/\/starke-meinungen.de\/blog\/#\/schema\/logo\/image\/","url":"https:\/\/starke-meinungen.de\/blog\/wp-content\/uploads\/starke-meinungen-fb-header.jpg","contentUrl":"https:\/\/starke-meinungen.de\/blog\/wp-content\/uploads\/starke-meinungen-fb-header.jpg","width":1200,"height":630,"caption":"starke-meinungen.de"},"image":{"@id":"https:\/\/starke-meinungen.de\/blog\/#\/schema\/logo\/image\/"},"sameAs":["https:\/\/www.facebook.com\/starkemeinungen\/","https:\/\/x.com\/starkemeinungen"]},{"@type":"Person","@id":"https:\/\/starke-meinungen.de\/blog\/#\/schema\/person\/1c28fb5be9ffc16085de9e621bf19f75","name":"Ludwig Greven","image":{"@type":"ImageObject","inLanguage":"de","@id":"https:\/\/secure.gravatar.com\/avatar\/30dcb1e1f2de438653ff67ae28b7ecf6c10e1b929e4a1c78d6b4d30df7d49076?s=96&d=mm&r=g","url":"https:\/\/secure.gravatar.com\/avatar\/30dcb1e1f2de438653ff67ae28b7ecf6c10e1b929e4a1c78d6b4d30df7d49076?s=96&d=mm&r=g","contentUrl":"https:\/\/secure.gravatar.com\/avatar\/30dcb1e1f2de438653ff67ae28b7ecf6c10e1b929e4a1c78d6b4d30df7d49076?s=96&d=mm&r=g","caption":"Ludwig Greven"},"url":"https:\/\/starke-meinungen.de\/blog\/author\/greven\/"}]}},"_links":{"self":[{"href":"https:\/\/starke-meinungen.de\/blog\/wp-json\/wp\/v2\/posts\/12278","targetHints":{"allow":["GET"]}}],"collection":[{"href":"https:\/\/starke-meinungen.de\/blog\/wp-json\/wp\/v2\/posts"}],"about":[{"href":"https:\/\/starke-meinungen.de\/blog\/wp-json\/wp\/v2\/types\/post"}],"author":[{"embeddable":true,"href":"https:\/\/starke-meinungen.de\/blog\/wp-json\/wp\/v2\/users\/42"}],"replies":[{"embeddable":true,"href":"https:\/\/starke-meinungen.de\/blog\/wp-json\/wp\/v2\/comments?post=12278"}],"version-history":[{"count":4,"href":"https:\/\/starke-meinungen.de\/blog\/wp-json\/wp\/v2\/posts\/12278\/revisions"}],"predecessor-version":[{"id":12283,"href":"https:\/\/starke-meinungen.de\/blog\/wp-json\/wp\/v2\/posts\/12278\/revisions\/12283"}],"wp:attachment":[{"href":"https:\/\/starke-meinungen.de\/blog\/wp-json\/wp\/v2\/media?parent=12278"}],"wp:term":[{"taxonomy":"category","embeddable":true,"href":"https:\/\/starke-meinungen.de\/blog\/wp-json\/wp\/v2\/categories?post=12278"},{"taxonomy":"post_tag","embeddable":true,"href":"https:\/\/starke-meinungen.de\/blog\/wp-json\/wp\/v2\/tags?post=12278"}],"curies":[{"name":"wp","href":"https:\/\/api.w.org\/{rel}","templated":true}]}}