

{"id":12094,"date":"2025-02-15T15:34:53","date_gmt":"2025-02-15T14:34:53","guid":{"rendered":"https:\/\/starke-meinungen.de\/blog\/?p=12094"},"modified":"2026-01-30T14:05:38","modified_gmt":"2026-01-30T13:05:38","slug":"trump-steht-vor-dem-suendenfall-des-westlichen-wertekanons","status":"publish","type":"post","link":"https:\/\/starke-meinungen.de\/blog\/2025\/02\/15\/trump-steht-vor-dem-suendenfall-des-westlichen-wertekanons\/","title":{"rendered":"Trump steht vor dem S\u00fcndenfall des westlichen Wertekanons"},"content":{"rendered":"<p>So richtig gut sieht es ja nicht aus f\u00fcr Russlands Despoten Wladimir Putin. <a href=\"https:\/\/interaktiv.tagesspiegel.de\/lab\/wie-weit-sind-die-soldaten-aktuelle-karte-der-russischen-invasion-in-der-ukraine\/\">Wenn man die Karten betrachtet<\/a>, hat die russische Armee seit zweieinhalb Jahren keine entscheidenden Gebietsgewinne mehr erzielen k\u00f6nnen. Und auch der Einsatz nordkoreanischer S\u00f6ldner hat wenig bis gar nichts gebracht, denn sowohl deren Ausbildung als auch Ausr\u00fcstung haben sich in diesem zumindest von der Ukraine \u00e4u\u00dferst modern gef\u00fchrten Krieg als massiv veraltet erwiesen. Aber auch die regul\u00e4ren russischen Einheiten sind l\u00e4ngst weit von ihrer Sollst\u00e4rke entfernt.<\/p>\n<p><!--more--><\/p>\n<h5>Hohe Verluste an Mensch und Material<\/h5>\n<p>Gesch\u00e4tzt eine halbe Million russischer Soldaten sind seit dem \u00dcberfall auf die Ukraine kampfunf\u00e4hig geworden &#8211; knapp die H\u00e4lfte davon ist laut internationaler Sch\u00e4tzungen gefallen. Dazu hat Russland eine riesige Menge an Material einb\u00fc\u00dfen m\u00fcssen. Realistisch betrachtet d\u00fcfte der Verlust allein an Kampfpanzern bei mehr als 5000 liegen. Im Gegenzug hat Russland massive Probleme, diese Verluste auszugleichen. 15 bis 20 neue Panzer (haupts\u00e4chlich T-90M &#8222;Proryv&#8220;) werden monatlich neu gebaut, bis zu 100 (hier schwanken die Zahlen enorm) reaktivierte und leidlich modernisierte Kampfpanzer aus Sowjetbest\u00e4nden (mittlerweile viele T-55 aus der Nachkriegszeit sowie T-62 aus den 1960er-Jahren) kommen dazu. Der Wunderpanzer T-14 &#8222;Armata&#8220; dagegen ist ein reiner Paradenpanzer &#8211; zu teuer in der Produktion, dazu massiv fehleranf\u00e4llig.<\/p>\n<p>Auch das Ausgleichen zerst\u00f6rter Luftabwehrsysteme gelingt kaum: Zwar hat Moskau erst im Dezember das erste Regiment des neuen S-500 &#8222;Prometheus&#8220;-Systems in Dienst gestellt, ein fl\u00e4chendeckender Einsatz aber ist zeitnah nicht zu erwarten. Dazu befindet sich auch das S-500 nicht unbedingt auf der H\u00f6he der Zeit &#8211; der technische Stand liegt bei Anfang der 2010er-Jahre.<\/p>\n<h5>Ukrainische Erfolge dank modernster Kriegsf\u00fchrung<\/h5>\n<p>Im Gegenzug hat die Ukraine mit Drohnen als einem zentralen Element ihrer Kriegsf\u00fchrung beachtliche Erfolge erreicht. Die russische Schwarzmeerflotte ist praktisch nicht mehr existent, und mit Langstreckendrohnen wie &#8222;Bober&#8220; oder Ukrjet&#8220; gelangen zuletzt massive Schl\u00e4ge gegen die russische Infrastruktur, darunter \u00d6ldepots, Raffinerien, Flugpl\u00e4tze und Fabriken. Auch die russische Hauptstadt Moskau wurde bereits mehrmals von ihnen erreicht &#8211; eine peinliche Schlappe f\u00fcr die russische Luftabwehr.<\/p>\n<p>Und die Sanktionen? Die zeigen l\u00e4ngst Wirkung. Die hohen Milit\u00e4rausgaben treiben das Haushaltsdefizit in die H\u00f6he, die steigende Inflation belastet Wirtschaft und Bev\u00f6lkerung gleicherma\u00dfen. Gleichzeitig sind die \u00fcberlebenswichtigen Einnahmen aus dem Roh\u00f6lverkauf massiv eingebrochen &#8211; Russland kann sein \u00d6l nur noch an eine kleine Auswahl an Staaten verkaufen, muss dabei allerdings kr\u00e4ftige Rabatte einr\u00e4umen. Kombiniert mit den im Vergleich zu zum Beispiel Saudi-Arabien eh schon mehrfach h\u00f6heren Produktionskosten bleibt so nur noch eine geringe Marge, die weit unter dem liegt, was vorher erwirtschaftet werden konnte. Weniger verkaufte Menge, weniger Gewinn &#8211; kein Wunder, dass Firmen wie Rosneft, Lukoil und Gazprom verst\u00e4rkt Personal abbauen m\u00fcssen und mittlerweile Fusionen im Gespr\u00e4ch sind.<\/p>\n<h5>Waage neigt sich langsam zugunsten der Ukraine<\/h5>\n<p>Diese Listen k\u00f6nnten noch seitenweise ausformuliert werden. Was unterm Strich bleibt: Putin hat sich bei seiner &#8222;Spezialoperation&#8220; verkalkuliert. Anstatt wenige Wochen dauert sein Krieg mitten in Europa bereits drei Jahre an. Die Ukraine h\u00e4lt dank modernster Milit\u00e4rtaktiken, effizientem Einsatz ihrer Mittel sowie der wichtigen Unterst\u00fctzung aus dem (westlichen) Ausland mehr als nur durch. Im Gegenteil, Analysten sehen Kiew seit einigen Monaten sogar im Vorteil. Zwar ist der Krieg noch l\u00e4ngst nicht entschieden, die Waage neigt sich aber immer mehr zugunsten der Ukraine. Es wird immer deutlicher, dass Russlands Milit\u00e4r stark \u00fcbersch\u00e4tzt wurde. Ja, das Land hat eine numerisch gro\u00dfe Armee. Aber das ist heutzutage nur noch ein einzelner Aspekt und nicht mehr automatisch kriegsentscheidend. Dazu kommt im Fall Russlands, dass nicht nur das Material oft veraltet ist, auch die Strukturen der Armee selbst sind ein riesiges Problem: Die Moral der Truppe ist traditionell mies. Offiziere sehen in Mannschaften oft keine wertvollen Menschen, sondern nur Massen &#8211; Kanonenfutter. Die Soldaten sind schlecht ausger\u00fcstet, werden unzureichend verpflegt und oft sogar misshandelt.<\/p>\n<p>Es m\u00fcsste also schon ein Wunder geschehen, wenn Russland aus diesem Krieg irgendetwas als Erfolg verk\u00fcnden k\u00f6nnen sollte. Und dieses Wunder geschieht gerade &#8211; in Person des neuen us-amerikanischen Pr\u00e4sidenten Donald Trump und seiner Regierungsmannschaft. Denn der verfolgt derzeit nichts anderes als einen Paradigmenwechsel, nicht nur in Bezug auf Putins Krieg in der Ukraine. Trumps Philosophie einer starken, letztlich aber auf sich selbst konzentrierten USA, gef\u00e4hrdet die westliche Einheit, davon bin ich \u00fcberzeugt. Nat\u00fcrlich haben die europ\u00e4ischen Staaten es sich in den vergangenen Jahrzehnten bequem gemacht, die eigenen Hausaufgaben nicht mehr erledigt und sich bei allem auf die Vereinigten Staaten konzentriert, die so auch faktisch die Hauptlasten der NATO tragen mussten. Dass ein Pr\u00e4sident Trump hier f\u00fcr eine saubere Verteilung der Kosten dr\u00e4ngt, ist deshalb auch nicht verwunderlich.<\/p>\n<h5>Steilpass f\u00fcr Putin<\/h5>\n<p>Allerdings f\u00e4llt Trump seinen europ\u00e4ischen Partnern gerade massiv in den R\u00fccken. Bisher galt es als gesetzt, dass Russland aus seinem Krieg keine Gewinne erlangen d\u00fcrfe &#8211; die Signalwirkung w\u00e4re fatal: &#8222;Seht her, wir \u00fcberfallen unsere Nachbarn und d\u00fcrfen das besetzte Gebiet behalten!&#8220; Wenn sich Donald Trump oder US-Verteidigungsminister Pete Hegseth aber dahingehend \u00e4u\u00dfern, dass diese Maxime nicht mehr gilt, indem man es unrealistisch nennt, zu den Vorkriegsgrenzen zur\u00fcckzukehren, dann ist das nat\u00fcrlich ein Steilpass f\u00fcr Putin, den er in den kommenden Wochen aufnehmen und nutzen wird. Trump und Hegseth haben Putin hier ohne Not einen wichtigen Trumpf in die H\u00e4nde gespielt. Gleichzeitig haben sie die Position der Ukraine &#8211; und damit auch der europ\u00e4ischen Unterst\u00fctzer &#8211; geschw\u00e4cht. Warum?<\/p>\n<p>Ehrlich gesagt, ich wei\u00df es nicht. Ich kann nur erahnen, dass Trump sich Vorteile f\u00fcr die USA verspricht, wenn er die Ergebnisse auf diese Weise beeinflusst. Aus reiner Dummheit jedenfalls macht Donald Trump nichts, auch wenn man ihn bevorzugt in Deutschland gern als Vollidioten darstellt. Aber egal, wie diese Vorteile aussehen m\u00f6gen, der Preis ist hoch &#8211; und bezahlen m\u00fcssen ihn andere: Die Ukraine mit erzwungenen v\u00f6lkerrechtswidrigen (die <strong data-start=\"350\" data-end=\"385\">UN-Charta (Artikel 2, Absatz 4)<\/strong> verbietet die Annexion von Territorien durch Gewalt, dazu sichert die <strong>Helsinki-Schlussakte<\/strong> von 1975 die bestehenden Grenzen in Europa) Gebietsabtretungen, dazu werden die verschleppten Ukrainer sicherlich nicht zur\u00fcckkehren d\u00fcrfen. Europa zahlt mit seiner Sicherheit, denn Russland bleibt ein unkalkulierbarer Agressor, der sich noch dazu best\u00e4tigt f\u00fchlen darf, weil er mit seinem Krieg tats\u00e4chlich Gebietsgewinne eingefahren hat und mittelfristig weitere Konflikte provozieren wird &#8211; hier hat sich Putin bisher unmissverst\u00e4ndlich ge\u00e4u\u00dfert und bereits das Baltikum ins Visier genommen.<\/p>\n<h5>Trump schw\u00e4cht die Vereinten Nationen, die NATO und erkl\u00e4rt die Ukraine zur Beute<\/h5>\n<p>Man kann es drehen und wenden, wie man will: Trumps Handlungsweise im Ukrainekrieg ist ein S\u00fcndenfall f\u00fcr den westlichen Wertekanon. Bestenfalls handelt er aus amerikanischem Egoismus, aber auch ihm m\u00fcsste klar sein, dass das einzige Ergebnis, das die Welt wirklich sicherer macht, eine Niederlage Russlands ist. Denn, derzeit mag Russland geschw\u00e4cht sein. Aber solange sich in Moskau nichts \u00e4ndert, solange Putin und seine Nomenklatura an der Macht bleiben und sich wieder berappeln d\u00fcrfen, solange geht eine Gefahr von Russland aus.<\/p>\n<p>Und was ist mit den Sanktionen? Unvorstellbar, Putin nach territorialen Zugest\u00e4ndnissen auch noch mit deren Aufhebung zu belohnen. Er d\u00fcrfte sich dann, zumal der Blutzoll Russland nicht interessiert, vollends als Sieger f\u00fchlen und auch entsprechend auftreten. Zur\u00fcck blieben zahnlose Vereinte Nationen und eine inhaltlich entkernte, geschw\u00e4chte NATO &#8211; von der Ukraine ganz zu schweigen, die als leichte Beute, zumal ohne Perspektive f\u00fcr einen NATO-Beitritt, jederzeit mit neuen \u00dcberf\u00e4llen rechnen m\u00fcsste. F\u00fcr das Jahr 2025 sind das besch\u00e4mende Ergebnisse. Es scheint, als w\u00fcrde die Welt zur\u00fcckfallen in schlechtere Zeiten.<\/p>\n<h5>Trump handelt nicht patriotisch, sondern nationalistisch<\/h5>\n<p>Was Donald Trump allerdings unfreiwillig best\u00e4tigt: Es gibt einen gro\u00dfen Unterschied zwischen Patriotismus und Nationalismus. Der US-Pr\u00e4sident handelt nicht patriotisch, sondern nationalistisch &#8211; und damit egoistisch. Ich bezweifle, dass ein solches Verhalten in einer globalisierten Welt auf Dauer erfolgreich sein kann.<\/p>\n<div class=\"shariff shariff-align-left shariff-widget-align-left shariff-buttonstretch\" style=\"display:none\"><ul class=\"shariff-buttons theme-white orientation-horizontal buttonsize-medium\"><li class=\"shariff-button facebook shariff-nocustomcolor\" style=\"background-color:#4273c8\"><a href=\"https:\/\/www.facebook.com\/sharer\/sharer.php?u=https%3A%2F%2Fstarke-meinungen.de%2Fblog%2F2025%2F02%2F15%2Ftrump-steht-vor-dem-suendenfall-des-westlichen-wertekanons%2F\" title=\"Bei Facebook teilen\" aria-label=\"Bei Facebook teilen\" role=\"button\" rel=\"nofollow\" class=\"shariff-link\" style=\"; background-color:#3b5998; color:#3b5998\" target=\"_blank\"><span class=\"shariff-icon\" style=\"fill:#3b5998\"><svg width=\"32px\" height=\"20px\" xmlns=\"http:\/\/www.w3.org\/2000\/svg\" viewBox=\"0 0 18 32\"><path fill=\"#3b5998\" d=\"M17.1 0.2v4.7h-2.8q-1.5 0-2.1 0.6t-0.5 1.9v3.4h5.2l-0.7 5.3h-4.5v13.6h-5.5v-13.6h-4.5v-5.3h4.5v-3.9q0-3.3 1.9-5.2t5-1.8q2.6 0 4.1 0.2z\"\/><\/svg><\/span><span class=\"shariff-text\" style=\"color:#3b5998\">teilen<\/span>&nbsp;<\/a><\/li><li class=\"shariff-button twitter shariff-nocustomcolor\" style=\"background-color:#595959\"><a href=\"https:\/\/twitter.com\/share?url=https%3A%2F%2Fstarke-meinungen.de%2Fblog%2F2025%2F02%2F15%2Ftrump-steht-vor-dem-suendenfall-des-westlichen-wertekanons%2F&text=Trump%20steht%20vor%20dem%20S%C3%BCndenfall%20des%20westlichen%20Wertekanons&via=starkemeinungen\" title=\"Bei X teilen\" aria-label=\"Bei X teilen\" role=\"button\" rel=\"noopener nofollow\" class=\"shariff-link\" style=\"; background-color:#000; color:#000\" target=\"_blank\"><span class=\"shariff-icon\" style=\"fill:#000\"><svg width=\"32px\" height=\"20px\" xmlns=\"http:\/\/www.w3.org\/2000\/svg\" viewBox=\"0 0 24 24\"><path fill=\"#000\" d=\"M14.258 10.152L23.176 0h-2.113l-7.747 8.813L7.133 0H0l9.352 13.328L0 23.973h2.113l8.176-9.309 6.531 9.309h7.133zm-2.895 3.293l-.949-1.328L2.875 1.56h3.246l6.086 8.523.945 1.328 7.91 11.078h-3.246zm0 0\"\/><\/svg><\/span><span class=\"shariff-text\" style=\"color:#000\">teilen<\/span>&nbsp;<\/a><\/li><li class=\"shariff-button linkedin shariff-nocustomcolor\" style=\"background-color:#1488bf\"><a href=\"https:\/\/www.linkedin.com\/sharing\/share-offsite\/?url=https%3A%2F%2Fstarke-meinungen.de%2Fblog%2F2025%2F02%2F15%2Ftrump-steht-vor-dem-suendenfall-des-westlichen-wertekanons%2F\" title=\"Bei LinkedIn teilen\" aria-label=\"Bei LinkedIn teilen\" role=\"button\" rel=\"noopener nofollow\" class=\"shariff-link\" style=\"; background-color:#0077b5; color:#0077b5\" target=\"_blank\"><span class=\"shariff-icon\" style=\"fill:#0077b5\"><svg width=\"32px\" height=\"20px\" xmlns=\"http:\/\/www.w3.org\/2000\/svg\" viewBox=\"0 0 27 32\"><path fill=\"#0077b5\" d=\"M6.2 11.2v17.7h-5.9v-17.7h5.9zM6.6 5.7q0 1.3-0.9 2.2t-2.4 0.9h0q-1.5 0-2.4-0.9t-0.9-2.2 0.9-2.2 2.4-0.9 2.4 0.9 0.9 2.2zM27.4 18.7v10.1h-5.9v-9.5q0-1.9-0.7-2.9t-2.3-1.1q-1.1 0-1.9 0.6t-1.2 1.5q-0.2 0.5-0.2 1.4v9.9h-5.9q0-7.1 0-11.6t0-5.3l0-0.9h5.9v2.6h0q0.4-0.6 0.7-1t1-0.9 1.6-0.8 2-0.3q3 0 4.9 2t1.9 6z\"\/><\/svg><\/span><span class=\"shariff-text\" style=\"color:#0077b5\">teilen<\/span>&nbsp;<\/a><\/li><li class=\"shariff-button xing shariff-nocustomcolor\" style=\"background-color:#29888a\"><a href=\"https:\/\/www.xing.com\/spi\/shares\/new?url=https%3A%2F%2Fstarke-meinungen.de%2Fblog%2F2025%2F02%2F15%2Ftrump-steht-vor-dem-suendenfall-des-westlichen-wertekanons%2F\" title=\"Bei XING teilen\" aria-label=\"Bei XING teilen\" role=\"button\" rel=\"noopener nofollow\" class=\"shariff-link\" style=\"; background-color:#126567; color:#126567\" target=\"_blank\"><span class=\"shariff-icon\" style=\"fill:#126567\"><svg width=\"32px\" height=\"20px\" xmlns=\"http:\/\/www.w3.org\/2000\/svg\" viewBox=\"0 0 25 32\"><path fill=\"#126567\" d=\"M10.7 11.9q-0.2 0.3-4.6 8.2-0.5 0.8-1.2 0.8h-4.3q-0.4 0-0.5-0.3t0-0.6l4.5-8q0 0 0 0l-2.9-5q-0.2-0.4 0-0.7 0.2-0.3 0.5-0.3h4.3q0.7 0 1.2 0.8zM25.1 0.4q0.2 0.3 0 0.7l-9.4 16.7 6 11q0.2 0.4 0 0.6-0.2 0.3-0.6 0.3h-4.3q-0.7 0-1.2-0.8l-6-11.1q0.3-0.6 9.5-16.8 0.4-0.8 1.2-0.8h4.3q0.4 0 0.5 0.3z\"\/><\/svg><\/span><span class=\"shariff-text\" style=\"color:#126567\">teilen<\/span>&nbsp;<\/a><\/li><li class=\"shariff-button whatsapp shariff-nocustomcolor\" style=\"background-color:#5cbe4a\"><a href=\"https:\/\/api.whatsapp.com\/send?text=https%3A%2F%2Fstarke-meinungen.de%2Fblog%2F2025%2F02%2F15%2Ftrump-steht-vor-dem-suendenfall-des-westlichen-wertekanons%2F%20Trump%20steht%20vor%20dem%20S%C3%BCndenfall%20des%20westlichen%20Wertekanons\" title=\"Bei Whatsapp teilen\" aria-label=\"Bei Whatsapp teilen\" role=\"button\" rel=\"noopener nofollow\" class=\"shariff-link\" style=\"; background-color:#34af23; color:#34af23\" target=\"_blank\"><span class=\"shariff-icon\" style=\"fill:#34af23\"><svg width=\"32px\" height=\"20px\" xmlns=\"http:\/\/www.w3.org\/2000\/svg\" viewBox=\"0 0 32 32\"><path fill=\"#34af23\" d=\"M17.6 17.4q0.2 0 1.7 0.8t1.6 0.9q0 0.1 0 0.3 0 0.6-0.3 1.4-0.3 0.7-1.3 1.2t-1.8 0.5q-1 0-3.4-1.1-1.7-0.8-3-2.1t-2.6-3.3q-1.3-1.9-1.3-3.5v-0.1q0.1-1.6 1.3-2.8 0.4-0.4 0.9-0.4 0.1 0 0.3 0t0.3 0q0.3 0 0.5 0.1t0.3 0.5q0.1 0.4 0.6 1.6t0.4 1.3q0 0.4-0.6 1t-0.6 0.8q0 0.1 0.1 0.3 0.6 1.3 1.8 2.4 1 0.9 2.7 1.8 0.2 0.1 0.4 0.1 0.3 0 1-0.9t0.9-0.9zM14 26.9q2.3 0 4.3-0.9t3.6-2.4 2.4-3.6 0.9-4.3-0.9-4.3-2.4-3.6-3.6-2.4-4.3-0.9-4.3 0.9-3.6 2.4-2.4 3.6-0.9 4.3q0 3.6 2.1 6.6l-1.4 4.2 4.3-1.4q2.8 1.9 6.2 1.9zM14 2.2q2.7 0 5.2 1.1t4.3 2.9 2.9 4.3 1.1 5.2-1.1 5.2-2.9 4.3-4.3 2.9-5.2 1.1q-3.5 0-6.5-1.7l-7.4 2.4 2.4-7.2q-1.9-3.2-1.9-6.9 0-2.7 1.1-5.2t2.9-4.3 4.3-2.9 5.2-1.1z\"\/><\/svg><\/span><span class=\"shariff-text\" style=\"color:#34af23\">teilen<\/span>&nbsp;<\/a><\/li><li class=\"shariff-button info shariff-nocustomcolor\" style=\"background-color:#a8a8a8\"><a href=\"http:\/\/ct.de\/-2467514\" title=\"Weitere Informationen\" aria-label=\"Weitere Informationen\" role=\"button\" rel=\"noopener \" class=\"shariff-link\" style=\"; background-color:#999; color:#999\" target=\"_blank\"><span class=\"shariff-icon\" style=\"fill:#999\"><svg width=\"32px\" height=\"20px\" xmlns=\"http:\/\/www.w3.org\/2000\/svg\" viewBox=\"0 0 11 32\"><path fill=\"#999\" d=\"M11.4 24v2.3q0 0.5-0.3 0.8t-0.8 0.4h-9.1q-0.5 0-0.8-0.4t-0.4-0.8v-2.3q0-0.5 0.4-0.8t0.8-0.4h1.1v-6.8h-1.1q-0.5 0-0.8-0.4t-0.4-0.8v-2.3q0-0.5 0.4-0.8t0.8-0.4h6.8q0.5 0 0.8 0.4t0.4 0.8v10.3h1.1q0.5 0 0.8 0.4t0.3 0.8zM9.2 3.4v3.4q0 0.5-0.4 0.8t-0.8 0.4h-4.6q-0.4 0-0.8-0.4t-0.4-0.8v-3.4q0-0.4 0.4-0.8t0.8-0.4h4.6q0.5 0 0.8 0.4t0.4 0.8z\"\/><\/svg><\/span><\/a><\/li><\/ul><\/div>","protected":false},"excerpt":{"rendered":"<p>So richtig gut sieht es ja nicht aus f\u00fcr Russlands Despoten Wladimir Putin. Wenn man die Karten betrachtet, hat die russische Armee seit zweieinhalb Jahren keine entscheidenden Gebietsgewinne mehr erzielen k\u00f6nnen. Und auch der Einsatz nordkoreanischer S\u00f6ldner hat wenig bis gar nichts gebracht, denn sowohl deren Ausbildung als auch Ausr\u00fcstung haben sich in diesem zumindest von der Ukraine \u00e4u\u00dferst modern&#8230; <a href=\"https:\/\/starke-meinungen.de\/blog\/2025\/02\/15\/trump-steht-vor-dem-suendenfall-des-westlichen-wertekanons\/\">Weiterlesen &raquo;<\/a><\/p>\n","protected":false},"author":47,"featured_media":0,"comment_status":"open","ping_status":"open","sticky":false,"template":"","format":"standard","meta":{"footnotes":""},"categories":[1,3971],"tags":[2639,4097,180,1928,1930,2870,2070,4098,808,2355],"class_list":["post-12094","post","type-post","status-publish","format-standard","hentry","category-allgemein","category-till-becker","tag-donald-trump","tag-helsinki-schlussakte","tag-nato","tag-putin","tag-rusland","tag-trump","tag-ukraine","tag-un-charta","tag-vereinte-nationen","tag-wladimir-putin"],"yoast_head":"<!-- This site is optimized with the Yoast SEO plugin v27.4 - https:\/\/yoast.com\/product\/yoast-seo-wordpress\/ -->\n<title>Trump steht vor dem S\u00fcndenfall des westlichen Wertekanons - starke-meinungen.de<\/title>\n<meta name=\"description\" content=\"So richtig gut sieht es ja nicht aus f\u00fcr Russlands Despoten Wladimir Putin. Wenn man die Karten betrachtet, hat die russische Armee seit zweieinhalb Jahren keine entscheidenden Gebietsgewinne mehr erzielen k\u00f6nnen. Und auch der Einsatz nordkoreanischer S\u00f6ldner hat wenig bis gar nichts gebracht, denn sowohl deren Ausbildung als auch Ausr\u00fcstung haben sich in diesem zumindest von der Ukraine \u00e4u\u00dferst modern gef\u00fchrten Krieg als massiv veraltet erwiesen. Aber auch die regul\u00e4ren russischen Einheiten sind l\u00e4ngst weit von ihrer Sollst\u00e4rke entfernt.\" \/>\n<meta name=\"robots\" content=\"index, follow, max-snippet:-1, max-image-preview:large, max-video-preview:-1\" \/>\n<link rel=\"canonical\" href=\"https:\/\/starke-meinungen.de\/blog\/2025\/02\/15\/trump-steht-vor-dem-suendenfall-des-westlichen-wertekanons\/\" \/>\n<meta property=\"og:locale\" content=\"de_DE\" \/>\n<meta property=\"og:type\" content=\"article\" \/>\n<meta property=\"og:title\" content=\"Trump steht vor dem S\u00fcndenfall des westlichen Wertekanons - starke-meinungen.de\" \/>\n<meta property=\"og:description\" content=\"So richtig gut sieht es ja nicht aus f\u00fcr Russlands Despoten Wladimir Putin. Wenn man die Karten betrachtet, hat die russische Armee seit zweieinhalb Jahren keine entscheidenden Gebietsgewinne mehr erzielen k\u00f6nnen. Und auch der Einsatz nordkoreanischer S\u00f6ldner hat wenig bis gar nichts gebracht, denn sowohl deren Ausbildung als auch Ausr\u00fcstung haben sich in diesem zumindest von der Ukraine \u00e4u\u00dferst modern gef\u00fchrten Krieg als massiv veraltet erwiesen. Aber auch die regul\u00e4ren russischen Einheiten sind l\u00e4ngst weit von ihrer Sollst\u00e4rke entfernt.\" \/>\n<meta property=\"og:url\" content=\"https:\/\/starke-meinungen.de\/blog\/2025\/02\/15\/trump-steht-vor-dem-suendenfall-des-westlichen-wertekanons\/\" \/>\n<meta property=\"og:site_name\" content=\"starke-meinungen.de\" \/>\n<meta property=\"article:publisher\" content=\"https:\/\/www.facebook.com\/starkemeinungen\/\" \/>\n<meta property=\"article:published_time\" content=\"2025-02-15T14:34:53+00:00\" \/>\n<meta property=\"article:modified_time\" content=\"2026-01-30T13:05:38+00:00\" \/>\n<meta property=\"og:image\" content=\"https:\/\/starke-meinungen.de\/blog\/wp-content\/uploads\/starke-meinungen-fb-header.jpg\" \/>\n\t<meta property=\"og:image:width\" content=\"1200\" \/>\n\t<meta property=\"og:image:height\" content=\"630\" \/>\n\t<meta property=\"og:image:type\" content=\"image\/jpeg\" \/>\n<meta name=\"author\" content=\"Till Becker\" \/>\n<meta name=\"twitter:card\" content=\"summary_large_image\" \/>\n<meta name=\"twitter:creator\" content=\"@starkemeinungen\" \/>\n<meta name=\"twitter:site\" content=\"@starkemeinungen\" \/>\n<meta name=\"twitter:label1\" content=\"Verfasst von\" \/>\n\t<meta name=\"twitter:data1\" content=\"Till Becker\" \/>\n\t<meta name=\"twitter:label2\" content=\"Gesch\u00e4tzte Lesezeit\" \/>\n\t<meta name=\"twitter:data2\" content=\"8\u00a0Minuten\" \/>\n<script type=\"application\/ld+json\" class=\"yoast-schema-graph\">{\"@context\":\"https:\\\/\\\/schema.org\",\"@graph\":[{\"@type\":\"Article\",\"@id\":\"https:\\\/\\\/starke-meinungen.de\\\/blog\\\/2025\\\/02\\\/15\\\/trump-steht-vor-dem-suendenfall-des-westlichen-wertekanons\\\/#article\",\"isPartOf\":{\"@id\":\"https:\\\/\\\/starke-meinungen.de\\\/blog\\\/2025\\\/02\\\/15\\\/trump-steht-vor-dem-suendenfall-des-westlichen-wertekanons\\\/\"},\"author\":{\"name\":\"Till Becker\",\"@id\":\"https:\\\/\\\/starke-meinungen.de\\\/blog\\\/#\\\/schema\\\/person\\\/5ced241c2ed49d3b70c1faa1d29515cc\"},\"headline\":\"Trump steht vor dem S\u00fcndenfall des westlichen Wertekanons\",\"datePublished\":\"2025-02-15T14:34:53+00:00\",\"dateModified\":\"2026-01-30T13:05:38+00:00\",\"mainEntityOfPage\":{\"@id\":\"https:\\\/\\\/starke-meinungen.de\\\/blog\\\/2025\\\/02\\\/15\\\/trump-steht-vor-dem-suendenfall-des-westlichen-wertekanons\\\/\"},\"wordCount\":1345,\"commentCount\":4,\"publisher\":{\"@id\":\"https:\\\/\\\/starke-meinungen.de\\\/blog\\\/#organization\"},\"keywords\":[\"Donald Trump\",\"Helsinki-Schlussakte\",\"NATO\",\"Putin\",\"Ru\u00dfland\",\"Trump\",\"Ukraine\",\"UN-Charta\",\"Vereinte Nationen\",\"Wladimir Putin\"],\"articleSection\":{\"1\":\"Till Becker\"},\"inLanguage\":\"de\",\"potentialAction\":[{\"@type\":\"CommentAction\",\"name\":\"Comment\",\"target\":[\"https:\\\/\\\/starke-meinungen.de\\\/blog\\\/2025\\\/02\\\/15\\\/trump-steht-vor-dem-suendenfall-des-westlichen-wertekanons\\\/#respond\"]}]},{\"@type\":\"WebPage\",\"@id\":\"https:\\\/\\\/starke-meinungen.de\\\/blog\\\/2025\\\/02\\\/15\\\/trump-steht-vor-dem-suendenfall-des-westlichen-wertekanons\\\/\",\"url\":\"https:\\\/\\\/starke-meinungen.de\\\/blog\\\/2025\\\/02\\\/15\\\/trump-steht-vor-dem-suendenfall-des-westlichen-wertekanons\\\/\",\"name\":\"Trump steht vor dem S\u00fcndenfall des westlichen Wertekanons - starke-meinungen.de\",\"isPartOf\":{\"@id\":\"https:\\\/\\\/starke-meinungen.de\\\/blog\\\/#website\"},\"datePublished\":\"2025-02-15T14:34:53+00:00\",\"dateModified\":\"2026-01-30T13:05:38+00:00\",\"description\":\"So richtig gut sieht es ja nicht aus f\u00fcr Russlands Despoten Wladimir Putin. Wenn man die Karten betrachtet, hat die russische Armee seit zweieinhalb Jahren keine entscheidenden Gebietsgewinne mehr erzielen k\u00f6nnen. Und auch der Einsatz nordkoreanischer S\u00f6ldner hat wenig bis gar nichts gebracht, denn sowohl deren Ausbildung als auch Ausr\u00fcstung haben sich in diesem zumindest von der Ukraine \u00e4u\u00dferst modern gef\u00fchrten Krieg als massiv veraltet erwiesen. Aber auch die regul\u00e4ren russischen Einheiten sind l\u00e4ngst weit von ihrer Sollst\u00e4rke entfernt.\",\"breadcrumb\":{\"@id\":\"https:\\\/\\\/starke-meinungen.de\\\/blog\\\/2025\\\/02\\\/15\\\/trump-steht-vor-dem-suendenfall-des-westlichen-wertekanons\\\/#breadcrumb\"},\"inLanguage\":\"de\",\"potentialAction\":[{\"@type\":\"ReadAction\",\"target\":[\"https:\\\/\\\/starke-meinungen.de\\\/blog\\\/2025\\\/02\\\/15\\\/trump-steht-vor-dem-suendenfall-des-westlichen-wertekanons\\\/\"]}]},{\"@type\":\"BreadcrumbList\",\"@id\":\"https:\\\/\\\/starke-meinungen.de\\\/blog\\\/2025\\\/02\\\/15\\\/trump-steht-vor-dem-suendenfall-des-westlichen-wertekanons\\\/#breadcrumb\",\"itemListElement\":[{\"@type\":\"ListItem\",\"position\":1,\"name\":\"Startseite\",\"item\":\"https:\\\/\\\/starke-meinungen.de\\\/blog\\\/\"},{\"@type\":\"ListItem\",\"position\":2,\"name\":\"Trump steht vor dem S\u00fcndenfall des westlichen Wertekanons\"}]},{\"@type\":\"WebSite\",\"@id\":\"https:\\\/\\\/starke-meinungen.de\\\/blog\\\/#website\",\"url\":\"https:\\\/\\\/starke-meinungen.de\\\/blog\\\/\",\"name\":\"starke-meinungen.de\",\"description\":\"Autoren-Blog\",\"publisher\":{\"@id\":\"https:\\\/\\\/starke-meinungen.de\\\/blog\\\/#organization\"},\"potentialAction\":[{\"@type\":\"SearchAction\",\"target\":{\"@type\":\"EntryPoint\",\"urlTemplate\":\"https:\\\/\\\/starke-meinungen.de\\\/blog\\\/?s={search_term_string}\"},\"query-input\":{\"@type\":\"PropertyValueSpecification\",\"valueRequired\":true,\"valueName\":\"search_term_string\"}}],\"inLanguage\":\"de\"},{\"@type\":\"Organization\",\"@id\":\"https:\\\/\\\/starke-meinungen.de\\\/blog\\\/#organization\",\"name\":\"starke-meinungen.de\",\"url\":\"https:\\\/\\\/starke-meinungen.de\\\/blog\\\/\",\"logo\":{\"@type\":\"ImageObject\",\"inLanguage\":\"de\",\"@id\":\"https:\\\/\\\/starke-meinungen.de\\\/blog\\\/#\\\/schema\\\/logo\\\/image\\\/\",\"url\":\"https:\\\/\\\/starke-meinungen.de\\\/blog\\\/wp-content\\\/uploads\\\/starke-meinungen-fb-header.jpg\",\"contentUrl\":\"https:\\\/\\\/starke-meinungen.de\\\/blog\\\/wp-content\\\/uploads\\\/starke-meinungen-fb-header.jpg\",\"width\":1200,\"height\":630,\"caption\":\"starke-meinungen.de\"},\"image\":{\"@id\":\"https:\\\/\\\/starke-meinungen.de\\\/blog\\\/#\\\/schema\\\/logo\\\/image\\\/\"},\"sameAs\":[\"https:\\\/\\\/www.facebook.com\\\/starkemeinungen\\\/\",\"https:\\\/\\\/x.com\\\/starkemeinungen\"]},{\"@type\":\"Person\",\"@id\":\"https:\\\/\\\/starke-meinungen.de\\\/blog\\\/#\\\/schema\\\/person\\\/5ced241c2ed49d3b70c1faa1d29515cc\",\"name\":\"Till Becker\",\"image\":{\"@type\":\"ImageObject\",\"inLanguage\":\"de\",\"@id\":\"https:\\\/\\\/secure.gravatar.com\\\/avatar\\\/e3c500af322dabee947efe5f51d686ed4ddfb8f918e2df4b4c0ceb12c8f0e2c5?s=96&d=mm&r=g\",\"url\":\"https:\\\/\\\/secure.gravatar.com\\\/avatar\\\/e3c500af322dabee947efe5f51d686ed4ddfb8f918e2df4b4c0ceb12c8f0e2c5?s=96&d=mm&r=g\",\"contentUrl\":\"https:\\\/\\\/secure.gravatar.com\\\/avatar\\\/e3c500af322dabee947efe5f51d686ed4ddfb8f918e2df4b4c0ceb12c8f0e2c5?s=96&d=mm&r=g\",\"caption\":\"Till Becker\"},\"description\":\"Langj\u00e4hriger Journalist mit breiten Interessen. Aufgewachsen in Hildesheim, Zeitsoldat bei der Marine, seit einigen Jahren heimisch in der ostfriesischen Idylle. Lokalredakteur mit Leidenschaft, aufmerksamer Beobachter. Hat eine starke Vorliebe f\u00fcr Musik, die andere als Krach bezeichnen k\u00f6nnten. War Jugend-Fu\u00dfballtrainer und versteht nicht, warum man einen SUV fahren sollte. Liebt Fischbr\u00f6tchen!\",\"sameAs\":[\"http:\\\/\\\/www.till-oliver-becker.de\\\/content\\\/\"],\"url\":\"https:\\\/\\\/starke-meinungen.de\\\/blog\\\/author\\\/becker\\\/\"}]}<\/script>\n<!-- \/ Yoast SEO plugin. -->","yoast_head_json":{"title":"Trump steht vor dem S\u00fcndenfall des westlichen Wertekanons - starke-meinungen.de","description":"So richtig gut sieht es ja nicht aus f\u00fcr Russlands Despoten Wladimir Putin. Wenn man die Karten betrachtet, hat die russische Armee seit zweieinhalb Jahren keine entscheidenden Gebietsgewinne mehr erzielen k\u00f6nnen. Und auch der Einsatz nordkoreanischer S\u00f6ldner hat wenig bis gar nichts gebracht, denn sowohl deren Ausbildung als auch Ausr\u00fcstung haben sich in diesem zumindest von der Ukraine \u00e4u\u00dferst modern gef\u00fchrten Krieg als massiv veraltet erwiesen. Aber auch die regul\u00e4ren russischen Einheiten sind l\u00e4ngst weit von ihrer Sollst\u00e4rke entfernt.","robots":{"index":"index","follow":"follow","max-snippet":"max-snippet:-1","max-image-preview":"max-image-preview:large","max-video-preview":"max-video-preview:-1"},"canonical":"https:\/\/starke-meinungen.de\/blog\/2025\/02\/15\/trump-steht-vor-dem-suendenfall-des-westlichen-wertekanons\/","og_locale":"de_DE","og_type":"article","og_title":"Trump steht vor dem S\u00fcndenfall des westlichen Wertekanons - starke-meinungen.de","og_description":"So richtig gut sieht es ja nicht aus f\u00fcr Russlands Despoten Wladimir Putin. Wenn man die Karten betrachtet, hat die russische Armee seit zweieinhalb Jahren keine entscheidenden Gebietsgewinne mehr erzielen k\u00f6nnen. Und auch der Einsatz nordkoreanischer S\u00f6ldner hat wenig bis gar nichts gebracht, denn sowohl deren Ausbildung als auch Ausr\u00fcstung haben sich in diesem zumindest von der Ukraine \u00e4u\u00dferst modern gef\u00fchrten Krieg als massiv veraltet erwiesen. Aber auch die regul\u00e4ren russischen Einheiten sind l\u00e4ngst weit von ihrer Sollst\u00e4rke entfernt.","og_url":"https:\/\/starke-meinungen.de\/blog\/2025\/02\/15\/trump-steht-vor-dem-suendenfall-des-westlichen-wertekanons\/","og_site_name":"starke-meinungen.de","article_publisher":"https:\/\/www.facebook.com\/starkemeinungen\/","article_published_time":"2025-02-15T14:34:53+00:00","article_modified_time":"2026-01-30T13:05:38+00:00","og_image":[{"width":1200,"height":630,"url":"https:\/\/starke-meinungen.de\/blog\/wp-content\/uploads\/starke-meinungen-fb-header.jpg","type":"image\/jpeg"}],"author":"Till Becker","twitter_card":"summary_large_image","twitter_creator":"@starkemeinungen","twitter_site":"@starkemeinungen","twitter_misc":{"Verfasst von":"Till Becker","Gesch\u00e4tzte Lesezeit":"8\u00a0Minuten"},"schema":{"@context":"https:\/\/schema.org","@graph":[{"@type":"Article","@id":"https:\/\/starke-meinungen.de\/blog\/2025\/02\/15\/trump-steht-vor-dem-suendenfall-des-westlichen-wertekanons\/#article","isPartOf":{"@id":"https:\/\/starke-meinungen.de\/blog\/2025\/02\/15\/trump-steht-vor-dem-suendenfall-des-westlichen-wertekanons\/"},"author":{"name":"Till Becker","@id":"https:\/\/starke-meinungen.de\/blog\/#\/schema\/person\/5ced241c2ed49d3b70c1faa1d29515cc"},"headline":"Trump steht vor dem S\u00fcndenfall des westlichen Wertekanons","datePublished":"2025-02-15T14:34:53+00:00","dateModified":"2026-01-30T13:05:38+00:00","mainEntityOfPage":{"@id":"https:\/\/starke-meinungen.de\/blog\/2025\/02\/15\/trump-steht-vor-dem-suendenfall-des-westlichen-wertekanons\/"},"wordCount":1345,"commentCount":4,"publisher":{"@id":"https:\/\/starke-meinungen.de\/blog\/#organization"},"keywords":["Donald Trump","Helsinki-Schlussakte","NATO","Putin","Ru\u00dfland","Trump","Ukraine","UN-Charta","Vereinte Nationen","Wladimir Putin"],"articleSection":{"1":"Till Becker"},"inLanguage":"de","potentialAction":[{"@type":"CommentAction","name":"Comment","target":["https:\/\/starke-meinungen.de\/blog\/2025\/02\/15\/trump-steht-vor-dem-suendenfall-des-westlichen-wertekanons\/#respond"]}]},{"@type":"WebPage","@id":"https:\/\/starke-meinungen.de\/blog\/2025\/02\/15\/trump-steht-vor-dem-suendenfall-des-westlichen-wertekanons\/","url":"https:\/\/starke-meinungen.de\/blog\/2025\/02\/15\/trump-steht-vor-dem-suendenfall-des-westlichen-wertekanons\/","name":"Trump steht vor dem S\u00fcndenfall des westlichen Wertekanons - starke-meinungen.de","isPartOf":{"@id":"https:\/\/starke-meinungen.de\/blog\/#website"},"datePublished":"2025-02-15T14:34:53+00:00","dateModified":"2026-01-30T13:05:38+00:00","description":"So richtig gut sieht es ja nicht aus f\u00fcr Russlands Despoten Wladimir Putin. Wenn man die Karten betrachtet, hat die russische Armee seit zweieinhalb Jahren keine entscheidenden Gebietsgewinne mehr erzielen k\u00f6nnen. Und auch der Einsatz nordkoreanischer S\u00f6ldner hat wenig bis gar nichts gebracht, denn sowohl deren Ausbildung als auch Ausr\u00fcstung haben sich in diesem zumindest von der Ukraine \u00e4u\u00dferst modern gef\u00fchrten Krieg als massiv veraltet erwiesen. Aber auch die regul\u00e4ren russischen Einheiten sind l\u00e4ngst weit von ihrer Sollst\u00e4rke entfernt.","breadcrumb":{"@id":"https:\/\/starke-meinungen.de\/blog\/2025\/02\/15\/trump-steht-vor-dem-suendenfall-des-westlichen-wertekanons\/#breadcrumb"},"inLanguage":"de","potentialAction":[{"@type":"ReadAction","target":["https:\/\/starke-meinungen.de\/blog\/2025\/02\/15\/trump-steht-vor-dem-suendenfall-des-westlichen-wertekanons\/"]}]},{"@type":"BreadcrumbList","@id":"https:\/\/starke-meinungen.de\/blog\/2025\/02\/15\/trump-steht-vor-dem-suendenfall-des-westlichen-wertekanons\/#breadcrumb","itemListElement":[{"@type":"ListItem","position":1,"name":"Startseite","item":"https:\/\/starke-meinungen.de\/blog\/"},{"@type":"ListItem","position":2,"name":"Trump steht vor dem S\u00fcndenfall des westlichen Wertekanons"}]},{"@type":"WebSite","@id":"https:\/\/starke-meinungen.de\/blog\/#website","url":"https:\/\/starke-meinungen.de\/blog\/","name":"starke-meinungen.de","description":"Autoren-Blog","publisher":{"@id":"https:\/\/starke-meinungen.de\/blog\/#organization"},"potentialAction":[{"@type":"SearchAction","target":{"@type":"EntryPoint","urlTemplate":"https:\/\/starke-meinungen.de\/blog\/?s={search_term_string}"},"query-input":{"@type":"PropertyValueSpecification","valueRequired":true,"valueName":"search_term_string"}}],"inLanguage":"de"},{"@type":"Organization","@id":"https:\/\/starke-meinungen.de\/blog\/#organization","name":"starke-meinungen.de","url":"https:\/\/starke-meinungen.de\/blog\/","logo":{"@type":"ImageObject","inLanguage":"de","@id":"https:\/\/starke-meinungen.de\/blog\/#\/schema\/logo\/image\/","url":"https:\/\/starke-meinungen.de\/blog\/wp-content\/uploads\/starke-meinungen-fb-header.jpg","contentUrl":"https:\/\/starke-meinungen.de\/blog\/wp-content\/uploads\/starke-meinungen-fb-header.jpg","width":1200,"height":630,"caption":"starke-meinungen.de"},"image":{"@id":"https:\/\/starke-meinungen.de\/blog\/#\/schema\/logo\/image\/"},"sameAs":["https:\/\/www.facebook.com\/starkemeinungen\/","https:\/\/x.com\/starkemeinungen"]},{"@type":"Person","@id":"https:\/\/starke-meinungen.de\/blog\/#\/schema\/person\/5ced241c2ed49d3b70c1faa1d29515cc","name":"Till Becker","image":{"@type":"ImageObject","inLanguage":"de","@id":"https:\/\/secure.gravatar.com\/avatar\/e3c500af322dabee947efe5f51d686ed4ddfb8f918e2df4b4c0ceb12c8f0e2c5?s=96&d=mm&r=g","url":"https:\/\/secure.gravatar.com\/avatar\/e3c500af322dabee947efe5f51d686ed4ddfb8f918e2df4b4c0ceb12c8f0e2c5?s=96&d=mm&r=g","contentUrl":"https:\/\/secure.gravatar.com\/avatar\/e3c500af322dabee947efe5f51d686ed4ddfb8f918e2df4b4c0ceb12c8f0e2c5?s=96&d=mm&r=g","caption":"Till Becker"},"description":"Langj\u00e4hriger Journalist mit breiten Interessen. Aufgewachsen in Hildesheim, Zeitsoldat bei der Marine, seit einigen Jahren heimisch in der ostfriesischen Idylle. Lokalredakteur mit Leidenschaft, aufmerksamer Beobachter. Hat eine starke Vorliebe f\u00fcr Musik, die andere als Krach bezeichnen k\u00f6nnten. War Jugend-Fu\u00dfballtrainer und versteht nicht, warum man einen SUV fahren sollte. Liebt Fischbr\u00f6tchen!","sameAs":["http:\/\/www.till-oliver-becker.de\/content\/"],"url":"https:\/\/starke-meinungen.de\/blog\/author\/becker\/"}]}},"_links":{"self":[{"href":"https:\/\/starke-meinungen.de\/blog\/wp-json\/wp\/v2\/posts\/12094","targetHints":{"allow":["GET"]}}],"collection":[{"href":"https:\/\/starke-meinungen.de\/blog\/wp-json\/wp\/v2\/posts"}],"about":[{"href":"https:\/\/starke-meinungen.de\/blog\/wp-json\/wp\/v2\/types\/post"}],"author":[{"embeddable":true,"href":"https:\/\/starke-meinungen.de\/blog\/wp-json\/wp\/v2\/users\/47"}],"replies":[{"embeddable":true,"href":"https:\/\/starke-meinungen.de\/blog\/wp-json\/wp\/v2\/comments?post=12094"}],"version-history":[{"count":7,"href":"https:\/\/starke-meinungen.de\/blog\/wp-json\/wp\/v2\/posts\/12094\/revisions"}],"predecessor-version":[{"id":12155,"href":"https:\/\/starke-meinungen.de\/blog\/wp-json\/wp\/v2\/posts\/12094\/revisions\/12155"}],"wp:attachment":[{"href":"https:\/\/starke-meinungen.de\/blog\/wp-json\/wp\/v2\/media?parent=12094"}],"wp:term":[{"taxonomy":"category","embeddable":true,"href":"https:\/\/starke-meinungen.de\/blog\/wp-json\/wp\/v2\/categories?post=12094"},{"taxonomy":"post_tag","embeddable":true,"href":"https:\/\/starke-meinungen.de\/blog\/wp-json\/wp\/v2\/tags?post=12094"}],"curies":[{"name":"wp","href":"https:\/\/api.w.org\/{rel}","templated":true}]}}