

{"id":11865,"date":"2025-02-03T16:58:43","date_gmt":"2025-02-03T15:58:43","guid":{"rendered":"https:\/\/starke-meinungen.de\/blog\/?p=11865"},"modified":"2026-01-30T13:32:05","modified_gmt":"2026-01-30T12:32:05","slug":"hier-habt-ihr-euer-niewieder-oder-ein-judenreines-deutschland","status":"publish","type":"post","link":"https:\/\/starke-meinungen.de\/blog\/2025\/02\/03\/hier-habt-ihr-euer-niewieder-oder-ein-judenreines-deutschland\/","title":{"rendered":"Hier habt ihr euer #niewieder, oder: Ein judenreines Deutschland."},"content":{"rendered":"<p><strong>Ich bin w\u00fctend. Ich kann nicht mehr. Ich will auch nicht mehr. Der unwidersprochene Judenhass in Deutschland hat ein neues Level erreicht. Auf einer Demonstration von am Schlu\u00df ca. 250 Menschen wurde mitten in Berlin dazu aufgerufen, Juden zu ermorden. Und niemand tut etwas. Vor allem nicht die, die medienwirksam vor dem Brandenburger Tor l\u00e4chelnd vor einem neuen Faschismus warnen und die &#8222;Brandmauer&#8220; dagegen verteidigen.<\/strong><\/p>\n<p><!--more--><\/p>\n<p>Der Hashtag #niewieder ist die Maske, hinter der sich Feigheit und Judenhass verbergen. Das klingt paradox, ist es aber nicht. W\u00e4hrend am letzten Samstag vor dem Brandenburger Tor die Gro\u00dfdemo &#8222;Gegen rechts&#8220; mit Politikerselfies und Kumbaya-Ges\u00e4ngen ablief, fand im Hinterhof, keinen Kilometer entfernt, eine ganz andere Manifestation statt. Vom Neptunbrunnen aus lief eine &#8222;Pro-Palestina-Demonstration&#8220; unter dem Motto: &#8222;Hands off Westbank&#8220; in Richtung Wilhelmstra\u00dfe. Die \u00fcblichen Fahnen wurden geschwenkt, die \u00fcblichen Transparente und Schilder hochgehalten: &#8222;Agressor Israel,&#8220; Pal\u00e4stina ist unser Land,&#8220; und &#8222;Nein zur Vertreibung.&#8220; Und es waren nicht nur Araber.<\/p>\n<p><strong>Mordaufrufe<\/strong><\/p>\n<p>Man kennt das von Fatwas, die aus Teheran und von den religi\u00f6sen Autorit\u00e4ten der Moslembr\u00fcder ausgehen, dass, wer unter einer Fatwa steht, quasi vogelfrei ist. Auf dieser &#8222;Demonstration der Schande&#8220; wurde offen dazu aufgerufen, Juden zu ermorden: &#8222;Juden t\u00f6ten, wer eine Waffe hat.&#8220; Angesichts dessen, dass schon ein Messer aus dem Supermarkt eine Waffe ist, besitzt quasi jeder eine.<\/p>\n<p>Die Berliner Polizei sah sich nicht gen\u00f6tigt einzugreifen. Die moralisch \u00dcberlegenen vor dem Brandenburger Tor nahmen keine Notiz davon, denn sie waren mit Wichtigerem besch\u00e4ftigt, n\u00e4mlich damit, die &#8222;Brandmauer&#8220; zu st\u00e4rken.<\/p>\n<p>Im Nachgang sonderte der regierende B\u00fcrgermeister von Berlin, Wegener, mal wieder einige Textbausteine ab, die man aus den letzten Jahren reichlich kennt: &#8222;Wenn bei Demonstrationen in <a class=\"text-link\" href=\"https:\/\/www.bild.de\/regional\/berlin\/berlin-regional\/home-15823246.bild.html\" data-tracking-id=\"14bf46d0-9a1b-4821-bf37-d26b14d7064f\">Berlin<\/a> solche menschenfeindlichen und antisemitischen Parolen gerufen werden, ersch\u00fcttert dies mich zutiefst. Die Berliner Polizei und Justiz werden auch in diesem Fall mit aller H\u00e4rte des Rechtsstaates gegen die mutma\u00dflichen Straft\u00e4ter vorgehen.\u201c Die H\u00e4rte des Rechtsstaates erleben wir ja tagt\u00e4glich. Ich prognostiziere, dass genau NICHTS passieren wird und die Teilnehmer dieser Demonstration zur\u00fcck in ihre Gegengesellschaften gehen und dort weiterhin Mordfantasien fr\u00f6hnen.<\/p>\n<p><strong>Wie lange noch<\/strong><\/p>\n<p>Ich habe Angst, in einem Land zu leben, in dem offen und ungestraft dazu aufgerufen werden darf, mich zu ermorden. Ich habe Angst, in einem Land zu leben, in dem Politiker einer Doppelmoral huldigen, die mir das Leben kosten k\u00f6nnte. Ich habe Angst in einem Land zu leben, in dem es zum guten Ton geh\u00f6rt, sich mit einer #niewieder-Attit\u00fcde moralisch \u00fcberlegen zu gerieren, aber bei Mordaufrufen gegen mich geflissentlich wegzusehen.<\/p>\n<p>Ein Freund, der seit einiger Zeit aktiv seine Auswanderung aus Deutschland genau aus diesem Grund vorbereitet, sagte mir am Sonntag: &#8222;Man m\u00f6chte in den Bundestag st\u00fcrmen und den Abgeordneten zurufen: &#8218;Sch\u00e4mt ihr euch eigentlich nicht, so etwas zuzulassen?'&#8220; Wie lange wird es wohl noch dauern, bis wir den n\u00e4chsten Angriff auf Juden in Deutschland erleben? Wie lange wird es noch dauern, bis der erste von uns ermordet wird, weil die Verantwortlichen nichts gegen den viralen Judenhass unternommen haben?<\/p>\n<p>Sprechen wir ganz offen. Mit der Grenz\u00f6ffnung 2015 hat die Merkel-Administration religi\u00f6s motivierten Judenhass importiert. Warnungen davor wurden ignoriert und sogar als rassistisch und islamophob geframed. Als sich die Probleme versch\u00e4rften, wurde weiter beschwichtigt und man verlegte sich auf den &#8222;Kampf gegen rechts.&#8220; Da waren pl\u00f6tzlich &#8222;Omas&#8220; auf den Stra\u00dfen, die auch schon mal antisemitische Anwandlungen haben konnten. &#8222;Fridays for future&#8220; hat sich zu einer antisemitischen Sekte gewandelt, deren schwedische Ikone &#8222;Fuck Israel, fuck Germany&#8220; unter dem Applaus fanatisierter Anh\u00e4nger fordern darf. Keiner stellt sich diesem Judenhass entgegen, keiner der so vielen &#8222;Anst\u00e4ndigen,&#8220; die den &#8222;17.Juni&#8220; bev\u00f6lkerten. Den &#8222;Anst\u00e4ndigen&#8220; geht es eher darum, den Nebenkriegsschauplatz &#8222;Gegen rechts&#8220; zu bespielen. Was ist in diesem Land passiert, dass religi\u00f6se Faschisten sich trauen, offensichtlich erwarten sie keine Sanktionen aus dem &#8222;Brandmauerdeutschland,&#8220; \u00f6ffentlich dazu aufzurufen, Juden zu ermorden? Welches politisch-gesellschaftliche Klima muss in diesem Land herrschen, dass das m\u00f6glich ist? Es ist ein Klima, in dem gruppenbezogene Menschenfeindlichkeit gut gedeiht, in dem Terrorismus unter Folklore oder psychischer Einzelfall verbucht wird. Es ist ein Klima, das sich von der Zivilisation verabschiedet.<\/p>\n<p><strong>Was w\u00e4re wenn<\/strong><\/p>\n<p>Stellen wir uns mal kurz vor, eine j\u00fcdische Demonstration w\u00e4re durch Berlin marschiert und es w\u00e4ren \u00a0Aufrufe zum Mord an Moslems skandiert worden. Stellen wir uns mal kurz vor, ein Redner h\u00e4tte laut und vernehmlich &#8222;Fuck Palestine&#8220; oder &#8222;Fuck Germany&#8220; gerufen. Stellen wir uns weiter kurz mal vor, Juden h\u00e4tten einen D\u00f6nerladen angegriffen, weil die, die da arbeiten und denen das Gesch\u00e4ft geh\u00f6rt, Moslems sind. Was w\u00e4re passiert? Jeder darf sich diese Frage selbst beantworten.<\/p>\n<p>Ganz klar: So geht es nicht weiter! Als mir am 08.10.2023 die Mesusa an meiner T\u00fcr zertr\u00fcmmert wurde, war ich zwar erschrocken, denn offensichtlich gibt es in meinem Wohnblock Judenhasser, aber ich hatte keine Angst. Als ein j\u00fcdischer Student von einem Moslem zusammengeschlagen wurde, nur weil er Jude ist, war ich besorgt, aber ich hatte noch keine Angst. Als an den Berliner Universit\u00e4ten offen mit der HamaSS sympathisiert wurde und die Verantwortlichen diesen Hass einfach geschehen lie\u00dfen, war ich alarmiert, aber ich hatte noch keine Angst. Aber jetzt, nach dieser Demonstration bin ich nicht mehr nur alarmiert, sondern ich habe Angst.<\/p>\n<p>Bis jetzt nahm ich an, dass es genug &#8222;Anst\u00e4ndige&#8220; gibt, denen ein friedliches Land wichtig ist. Offensichtlich ist es das vor allem unter den Politikern der derzeitigen Regierungen im Land nicht. Eine scheinheilige Allianz aus Apeasern, sogenannten Antifaschisten, Brandmauerapologeten und Islamisten hat die Macht \u00fcbernommen. Wie konnte es soweit kommen? Hei\u00dft es nicht immer: Wehret den Anf\u00e4ngen? Diese Anf\u00e4nge haben wir bereits hinter uns und keiner will es bemerkt haben?<\/p>\n<p>In diesem Land haben Juden keine Zukunft, wenn offen zu deren Ermordung aufgerufen werden darf. Das, was Hitler und Himmler angefangen haben, ist auf dem besten Weg vollendet zu werden: Ein judenreines Deutschland. Ist es das, was ihr wollt?<\/p>\n<p><em>Daniel Anderson: Berufsausbildung zum Flugzeugmechaniker. Regiestudium an HFF \u201eKonrad Wolf\u201c in Babelsberg. Berufsverbot als Filmregisseur in der DDR. Oberspielleiter, Autor und Schauspieler am Theater Senftenberg. Nach dem Mauerfall freier Regisseur, Autor (TV-Serie, Theater, Synchron), Schriftsteller und Musiker. Studium Vergleichende Religionswissenschaften in Bonn. Gr\u00fcnder und Leiter der \u201eTheaterbrigade Berlin.\u201c Anderson lebt in Berlin und immer mal wieder in Tel Aviv.<\/em><\/p>\n<div class=\"shariff shariff-align-left shariff-widget-align-left shariff-buttonstretch\" style=\"display:none\"><ul class=\"shariff-buttons theme-white orientation-horizontal buttonsize-medium\"><li class=\"shariff-button facebook shariff-nocustomcolor\" style=\"background-color:#4273c8\"><a href=\"https:\/\/www.facebook.com\/sharer\/sharer.php?u=https%3A%2F%2Fstarke-meinungen.de%2Fblog%2F2025%2F02%2F03%2Fhier-habt-ihr-euer-niewieder-oder-ein-judenreines-deutschland%2F\" title=\"Bei Facebook teilen\" aria-label=\"Bei Facebook teilen\" role=\"button\" rel=\"nofollow\" class=\"shariff-link\" style=\"; background-color:#3b5998; color:#3b5998\" target=\"_blank\"><span class=\"shariff-icon\" style=\"fill:#3b5998\"><svg width=\"32px\" height=\"20px\" xmlns=\"http:\/\/www.w3.org\/2000\/svg\" viewBox=\"0 0 18 32\"><path fill=\"#3b5998\" d=\"M17.1 0.2v4.7h-2.8q-1.5 0-2.1 0.6t-0.5 1.9v3.4h5.2l-0.7 5.3h-4.5v13.6h-5.5v-13.6h-4.5v-5.3h4.5v-3.9q0-3.3 1.9-5.2t5-1.8q2.6 0 4.1 0.2z\"\/><\/svg><\/span><span class=\"shariff-text\" style=\"color:#3b5998\">teilen<\/span>&nbsp;<\/a><\/li><li class=\"shariff-button twitter shariff-nocustomcolor\" style=\"background-color:#595959\"><a href=\"https:\/\/twitter.com\/share?url=https%3A%2F%2Fstarke-meinungen.de%2Fblog%2F2025%2F02%2F03%2Fhier-habt-ihr-euer-niewieder-oder-ein-judenreines-deutschland%2F&text=Hier%20habt%20ihr%20euer%20%23niewieder%2C%20oder%3A%20Ein%20judenreines%20Deutschland.&via=starkemeinungen\" title=\"Bei X teilen\" aria-label=\"Bei X teilen\" role=\"button\" rel=\"noopener nofollow\" class=\"shariff-link\" style=\"; background-color:#000; color:#000\" target=\"_blank\"><span class=\"shariff-icon\" style=\"fill:#000\"><svg width=\"32px\" height=\"20px\" xmlns=\"http:\/\/www.w3.org\/2000\/svg\" viewBox=\"0 0 24 24\"><path fill=\"#000\" d=\"M14.258 10.152L23.176 0h-2.113l-7.747 8.813L7.133 0H0l9.352 13.328L0 23.973h2.113l8.176-9.309 6.531 9.309h7.133zm-2.895 3.293l-.949-1.328L2.875 1.56h3.246l6.086 8.523.945 1.328 7.91 11.078h-3.246zm0 0\"\/><\/svg><\/span><span class=\"shariff-text\" style=\"color:#000\">teilen<\/span>&nbsp;<\/a><\/li><li class=\"shariff-button linkedin shariff-nocustomcolor\" style=\"background-color:#1488bf\"><a href=\"https:\/\/www.linkedin.com\/sharing\/share-offsite\/?url=https%3A%2F%2Fstarke-meinungen.de%2Fblog%2F2025%2F02%2F03%2Fhier-habt-ihr-euer-niewieder-oder-ein-judenreines-deutschland%2F\" title=\"Bei LinkedIn teilen\" aria-label=\"Bei LinkedIn teilen\" role=\"button\" rel=\"noopener nofollow\" class=\"shariff-link\" style=\"; background-color:#0077b5; color:#0077b5\" target=\"_blank\"><span class=\"shariff-icon\" style=\"fill:#0077b5\"><svg width=\"32px\" height=\"20px\" xmlns=\"http:\/\/www.w3.org\/2000\/svg\" viewBox=\"0 0 27 32\"><path fill=\"#0077b5\" d=\"M6.2 11.2v17.7h-5.9v-17.7h5.9zM6.6 5.7q0 1.3-0.9 2.2t-2.4 0.9h0q-1.5 0-2.4-0.9t-0.9-2.2 0.9-2.2 2.4-0.9 2.4 0.9 0.9 2.2zM27.4 18.7v10.1h-5.9v-9.5q0-1.9-0.7-2.9t-2.3-1.1q-1.1 0-1.9 0.6t-1.2 1.5q-0.2 0.5-0.2 1.4v9.9h-5.9q0-7.1 0-11.6t0-5.3l0-0.9h5.9v2.6h0q0.4-0.6 0.7-1t1-0.9 1.6-0.8 2-0.3q3 0 4.9 2t1.9 6z\"\/><\/svg><\/span><span class=\"shariff-text\" style=\"color:#0077b5\">teilen<\/span>&nbsp;<\/a><\/li><li class=\"shariff-button xing shariff-nocustomcolor\" style=\"background-color:#29888a\"><a href=\"https:\/\/www.xing.com\/spi\/shares\/new?url=https%3A%2F%2Fstarke-meinungen.de%2Fblog%2F2025%2F02%2F03%2Fhier-habt-ihr-euer-niewieder-oder-ein-judenreines-deutschland%2F\" title=\"Bei XING teilen\" aria-label=\"Bei XING teilen\" role=\"button\" rel=\"noopener nofollow\" class=\"shariff-link\" style=\"; background-color:#126567; color:#126567\" target=\"_blank\"><span class=\"shariff-icon\" style=\"fill:#126567\"><svg width=\"32px\" height=\"20px\" xmlns=\"http:\/\/www.w3.org\/2000\/svg\" viewBox=\"0 0 25 32\"><path fill=\"#126567\" d=\"M10.7 11.9q-0.2 0.3-4.6 8.2-0.5 0.8-1.2 0.8h-4.3q-0.4 0-0.5-0.3t0-0.6l4.5-8q0 0 0 0l-2.9-5q-0.2-0.4 0-0.7 0.2-0.3 0.5-0.3h4.3q0.7 0 1.2 0.8zM25.1 0.4q0.2 0.3 0 0.7l-9.4 16.7 6 11q0.2 0.4 0 0.6-0.2 0.3-0.6 0.3h-4.3q-0.7 0-1.2-0.8l-6-11.1q0.3-0.6 9.5-16.8 0.4-0.8 1.2-0.8h4.3q0.4 0 0.5 0.3z\"\/><\/svg><\/span><span class=\"shariff-text\" style=\"color:#126567\">teilen<\/span>&nbsp;<\/a><\/li><li class=\"shariff-button whatsapp shariff-nocustomcolor\" style=\"background-color:#5cbe4a\"><a href=\"https:\/\/api.whatsapp.com\/send?text=https%3A%2F%2Fstarke-meinungen.de%2Fblog%2F2025%2F02%2F03%2Fhier-habt-ihr-euer-niewieder-oder-ein-judenreines-deutschland%2F%20Hier%20habt%20ihr%20euer%20%23niewieder%2C%20oder%3A%20Ein%20judenreines%20Deutschland.\" title=\"Bei Whatsapp teilen\" aria-label=\"Bei Whatsapp teilen\" role=\"button\" rel=\"noopener nofollow\" class=\"shariff-link\" style=\"; background-color:#34af23; color:#34af23\" target=\"_blank\"><span class=\"shariff-icon\" style=\"fill:#34af23\"><svg width=\"32px\" height=\"20px\" xmlns=\"http:\/\/www.w3.org\/2000\/svg\" viewBox=\"0 0 32 32\"><path fill=\"#34af23\" d=\"M17.6 17.4q0.2 0 1.7 0.8t1.6 0.9q0 0.1 0 0.3 0 0.6-0.3 1.4-0.3 0.7-1.3 1.2t-1.8 0.5q-1 0-3.4-1.1-1.7-0.8-3-2.1t-2.6-3.3q-1.3-1.9-1.3-3.5v-0.1q0.1-1.6 1.3-2.8 0.4-0.4 0.9-0.4 0.1 0 0.3 0t0.3 0q0.3 0 0.5 0.1t0.3 0.5q0.1 0.4 0.6 1.6t0.4 1.3q0 0.4-0.6 1t-0.6 0.8q0 0.1 0.1 0.3 0.6 1.3 1.8 2.4 1 0.9 2.7 1.8 0.2 0.1 0.4 0.1 0.3 0 1-0.9t0.9-0.9zM14 26.9q2.3 0 4.3-0.9t3.6-2.4 2.4-3.6 0.9-4.3-0.9-4.3-2.4-3.6-3.6-2.4-4.3-0.9-4.3 0.9-3.6 2.4-2.4 3.6-0.9 4.3q0 3.6 2.1 6.6l-1.4 4.2 4.3-1.4q2.8 1.9 6.2 1.9zM14 2.2q2.7 0 5.2 1.1t4.3 2.9 2.9 4.3 1.1 5.2-1.1 5.2-2.9 4.3-4.3 2.9-5.2 1.1q-3.5 0-6.5-1.7l-7.4 2.4 2.4-7.2q-1.9-3.2-1.9-6.9 0-2.7 1.1-5.2t2.9-4.3 4.3-2.9 5.2-1.1z\"\/><\/svg><\/span><span class=\"shariff-text\" style=\"color:#34af23\">teilen<\/span>&nbsp;<\/a><\/li><li class=\"shariff-button info shariff-nocustomcolor\" style=\"background-color:#a8a8a8\"><a href=\"http:\/\/ct.de\/-2467514\" title=\"Weitere Informationen\" aria-label=\"Weitere Informationen\" role=\"button\" rel=\"noopener \" class=\"shariff-link\" style=\"; background-color:#999; color:#999\" target=\"_blank\"><span class=\"shariff-icon\" style=\"fill:#999\"><svg width=\"32px\" height=\"20px\" xmlns=\"http:\/\/www.w3.org\/2000\/svg\" viewBox=\"0 0 11 32\"><path fill=\"#999\" d=\"M11.4 24v2.3q0 0.5-0.3 0.8t-0.8 0.4h-9.1q-0.5 0-0.8-0.4t-0.4-0.8v-2.3q0-0.5 0.4-0.8t0.8-0.4h1.1v-6.8h-1.1q-0.5 0-0.8-0.4t-0.4-0.8v-2.3q0-0.5 0.4-0.8t0.8-0.4h6.8q0.5 0 0.8 0.4t0.4 0.8v10.3h1.1q0.5 0 0.8 0.4t0.3 0.8zM9.2 3.4v3.4q0 0.5-0.4 0.8t-0.8 0.4h-4.6q-0.4 0-0.8-0.4t-0.4-0.8v-3.4q0-0.4 0.4-0.8t0.8-0.4h4.6q0.5 0 0.8 0.4t0.4 0.8z\"\/><\/svg><\/span><\/a><\/li><\/ul><\/div>","protected":false},"excerpt":{"rendered":"<p>Ich bin w\u00fctend. Ich kann nicht mehr. Ich will auch nicht mehr. Der unwidersprochene Judenhass in Deutschland hat ein neues Level erreicht. Auf einer Demonstration von am Schlu\u00df ca. 250 Menschen wurde mitten in Berlin dazu aufgerufen, Juden zu ermorden. Und niemand tut etwas. Vor allem nicht die, die medienwirksam vor dem Brandenburger Tor l\u00e4chelnd vor einem neuen Faschismus warnen&#8230; <a href=\"https:\/\/starke-meinungen.de\/blog\/2025\/02\/03\/hier-habt-ihr-euer-niewieder-oder-ein-judenreines-deutschland\/\">Weiterlesen &raquo;<\/a><\/p>\n","protected":false},"author":46,"featured_media":0,"comment_status":"open","ping_status":"open","sticky":false,"template":"","format":"standard","meta":{"footnotes":""},"categories":[1],"tags":[459,4071,224,375,1891],"class_list":["post-11865","post","type-post","status-publish","format-standard","hentry","category-allgemein","tag-berlin","tag-brandmauer","tag-demokratie","tag-islamismus","tag-judenhass"],"yoast_head":"<!-- This site is optimized with the Yoast SEO plugin v27.4 - https:\/\/yoast.com\/product\/yoast-seo-wordpress\/ -->\n<title>Hier habt ihr euer #niewieder, oder: Ein judenreines Deutschland. - starke-meinungen.de<\/title>\n<meta name=\"robots\" content=\"index, follow, max-snippet:-1, max-image-preview:large, max-video-preview:-1\" \/>\n<link rel=\"canonical\" href=\"https:\/\/starke-meinungen.de\/blog\/2025\/02\/03\/hier-habt-ihr-euer-niewieder-oder-ein-judenreines-deutschland\/\" \/>\n<meta property=\"og:locale\" content=\"de_DE\" \/>\n<meta property=\"og:type\" content=\"article\" \/>\n<meta property=\"og:title\" content=\"Hier habt ihr euer #niewieder, oder: Ein judenreines Deutschland. - starke-meinungen.de\" \/>\n<meta property=\"og:description\" content=\"Ich bin w\u00fctend. Ich kann nicht mehr. Ich will auch nicht mehr. Der unwidersprochene Judenhass in Deutschland hat ein neues Level erreicht. Auf einer Demonstration von am Schlu\u00df ca. 250 Menschen wurde mitten in Berlin dazu aufgerufen, Juden zu ermorden. Und niemand tut etwas. Vor allem nicht die, die medienwirksam vor dem Brandenburger Tor l\u00e4chelnd vor einem neuen Faschismus warnen... Weiterlesen &raquo;\" \/>\n<meta property=\"og:url\" content=\"https:\/\/starke-meinungen.de\/blog\/2025\/02\/03\/hier-habt-ihr-euer-niewieder-oder-ein-judenreines-deutschland\/\" \/>\n<meta property=\"og:site_name\" content=\"starke-meinungen.de\" \/>\n<meta property=\"article:publisher\" content=\"https:\/\/www.facebook.com\/starkemeinungen\/\" \/>\n<meta property=\"article:published_time\" content=\"2025-02-03T15:58:43+00:00\" \/>\n<meta property=\"article:modified_time\" content=\"2026-01-30T12:32:05+00:00\" \/>\n<meta property=\"og:image\" content=\"https:\/\/starke-meinungen.de\/blog\/wp-content\/uploads\/starke-meinungen-fb-header.jpg\" \/>\n\t<meta property=\"og:image:width\" content=\"1200\" \/>\n\t<meta property=\"og:image:height\" content=\"630\" \/>\n\t<meta property=\"og:image:type\" content=\"image\/jpeg\" \/>\n<meta name=\"author\" content=\"Daniel Anderson\" \/>\n<meta name=\"twitter:card\" content=\"summary_large_image\" \/>\n<meta name=\"twitter:creator\" content=\"@starkemeinungen\" \/>\n<meta name=\"twitter:site\" content=\"@starkemeinungen\" \/>\n<meta name=\"twitter:label1\" content=\"Verfasst von\" \/>\n\t<meta name=\"twitter:data1\" content=\"Daniel Anderson\" \/>\n\t<meta name=\"twitter:label2\" content=\"Gesch\u00e4tzte Lesezeit\" \/>\n\t<meta name=\"twitter:data2\" content=\"6\u00a0Minuten\" \/>\n<script type=\"application\/ld+json\" class=\"yoast-schema-graph\">{\"@context\":\"https:\\\/\\\/schema.org\",\"@graph\":[{\"@type\":\"Article\",\"@id\":\"https:\\\/\\\/starke-meinungen.de\\\/blog\\\/2025\\\/02\\\/03\\\/hier-habt-ihr-euer-niewieder-oder-ein-judenreines-deutschland\\\/#article\",\"isPartOf\":{\"@id\":\"https:\\\/\\\/starke-meinungen.de\\\/blog\\\/2025\\\/02\\\/03\\\/hier-habt-ihr-euer-niewieder-oder-ein-judenreines-deutschland\\\/\"},\"author\":{\"name\":\"Daniel Anderson\",\"@id\":\"https:\\\/\\\/starke-meinungen.de\\\/blog\\\/#\\\/schema\\\/person\\\/6377964b1a3e294752087a851ffe7faa\"},\"headline\":\"Hier habt ihr euer #niewieder, oder: Ein judenreines Deutschland.\",\"datePublished\":\"2025-02-03T15:58:43+00:00\",\"dateModified\":\"2026-01-30T12:32:05+00:00\",\"mainEntityOfPage\":{\"@id\":\"https:\\\/\\\/starke-meinungen.de\\\/blog\\\/2025\\\/02\\\/03\\\/hier-habt-ihr-euer-niewieder-oder-ein-judenreines-deutschland\\\/\"},\"wordCount\":1076,\"commentCount\":10,\"publisher\":{\"@id\":\"https:\\\/\\\/starke-meinungen.de\\\/blog\\\/#organization\"},\"keywords\":[\"Berlin\",\"Brandmauer\",\"Demokratie\",\"Islamismus\",\"Judenhass\"],\"inLanguage\":\"de\",\"potentialAction\":[{\"@type\":\"CommentAction\",\"name\":\"Comment\",\"target\":[\"https:\\\/\\\/starke-meinungen.de\\\/blog\\\/2025\\\/02\\\/03\\\/hier-habt-ihr-euer-niewieder-oder-ein-judenreines-deutschland\\\/#respond\"]}]},{\"@type\":\"WebPage\",\"@id\":\"https:\\\/\\\/starke-meinungen.de\\\/blog\\\/2025\\\/02\\\/03\\\/hier-habt-ihr-euer-niewieder-oder-ein-judenreines-deutschland\\\/\",\"url\":\"https:\\\/\\\/starke-meinungen.de\\\/blog\\\/2025\\\/02\\\/03\\\/hier-habt-ihr-euer-niewieder-oder-ein-judenreines-deutschland\\\/\",\"name\":\"Hier habt ihr euer #niewieder, oder: Ein judenreines Deutschland. - starke-meinungen.de\",\"isPartOf\":{\"@id\":\"https:\\\/\\\/starke-meinungen.de\\\/blog\\\/#website\"},\"datePublished\":\"2025-02-03T15:58:43+00:00\",\"dateModified\":\"2026-01-30T12:32:05+00:00\",\"breadcrumb\":{\"@id\":\"https:\\\/\\\/starke-meinungen.de\\\/blog\\\/2025\\\/02\\\/03\\\/hier-habt-ihr-euer-niewieder-oder-ein-judenreines-deutschland\\\/#breadcrumb\"},\"inLanguage\":\"de\",\"potentialAction\":[{\"@type\":\"ReadAction\",\"target\":[\"https:\\\/\\\/starke-meinungen.de\\\/blog\\\/2025\\\/02\\\/03\\\/hier-habt-ihr-euer-niewieder-oder-ein-judenreines-deutschland\\\/\"]}]},{\"@type\":\"BreadcrumbList\",\"@id\":\"https:\\\/\\\/starke-meinungen.de\\\/blog\\\/2025\\\/02\\\/03\\\/hier-habt-ihr-euer-niewieder-oder-ein-judenreines-deutschland\\\/#breadcrumb\",\"itemListElement\":[{\"@type\":\"ListItem\",\"position\":1,\"name\":\"Startseite\",\"item\":\"https:\\\/\\\/starke-meinungen.de\\\/blog\\\/\"},{\"@type\":\"ListItem\",\"position\":2,\"name\":\"Hier habt ihr euer #niewieder, oder: Ein judenreines Deutschland.\"}]},{\"@type\":\"WebSite\",\"@id\":\"https:\\\/\\\/starke-meinungen.de\\\/blog\\\/#website\",\"url\":\"https:\\\/\\\/starke-meinungen.de\\\/blog\\\/\",\"name\":\"starke-meinungen.de\",\"description\":\"Autoren-Blog\",\"publisher\":{\"@id\":\"https:\\\/\\\/starke-meinungen.de\\\/blog\\\/#organization\"},\"potentialAction\":[{\"@type\":\"SearchAction\",\"target\":{\"@type\":\"EntryPoint\",\"urlTemplate\":\"https:\\\/\\\/starke-meinungen.de\\\/blog\\\/?s={search_term_string}\"},\"query-input\":{\"@type\":\"PropertyValueSpecification\",\"valueRequired\":true,\"valueName\":\"search_term_string\"}}],\"inLanguage\":\"de\"},{\"@type\":\"Organization\",\"@id\":\"https:\\\/\\\/starke-meinungen.de\\\/blog\\\/#organization\",\"name\":\"starke-meinungen.de\",\"url\":\"https:\\\/\\\/starke-meinungen.de\\\/blog\\\/\",\"logo\":{\"@type\":\"ImageObject\",\"inLanguage\":\"de\",\"@id\":\"https:\\\/\\\/starke-meinungen.de\\\/blog\\\/#\\\/schema\\\/logo\\\/image\\\/\",\"url\":\"https:\\\/\\\/starke-meinungen.de\\\/blog\\\/wp-content\\\/uploads\\\/starke-meinungen-fb-header.jpg\",\"contentUrl\":\"https:\\\/\\\/starke-meinungen.de\\\/blog\\\/wp-content\\\/uploads\\\/starke-meinungen-fb-header.jpg\",\"width\":1200,\"height\":630,\"caption\":\"starke-meinungen.de\"},\"image\":{\"@id\":\"https:\\\/\\\/starke-meinungen.de\\\/blog\\\/#\\\/schema\\\/logo\\\/image\\\/\"},\"sameAs\":[\"https:\\\/\\\/www.facebook.com\\\/starkemeinungen\\\/\",\"https:\\\/\\\/x.com\\\/starkemeinungen\"]},{\"@type\":\"Person\",\"@id\":\"https:\\\/\\\/starke-meinungen.de\\\/blog\\\/#\\\/schema\\\/person\\\/6377964b1a3e294752087a851ffe7faa\",\"name\":\"Daniel Anderson\",\"image\":{\"@type\":\"ImageObject\",\"inLanguage\":\"de\",\"@id\":\"https:\\\/\\\/secure.gravatar.com\\\/avatar\\\/6e03010219bbddc3249d6750607a5aeb594cf3c15821bcc6d35a4509e139c585?s=96&d=mm&r=g\",\"url\":\"https:\\\/\\\/secure.gravatar.com\\\/avatar\\\/6e03010219bbddc3249d6750607a5aeb594cf3c15821bcc6d35a4509e139c585?s=96&d=mm&r=g\",\"contentUrl\":\"https:\\\/\\\/secure.gravatar.com\\\/avatar\\\/6e03010219bbddc3249d6750607a5aeb594cf3c15821bcc6d35a4509e139c585?s=96&d=mm&r=g\",\"caption\":\"Daniel Anderson\"},\"sameAs\":[\"https:\\\/\\\/spiegelberg-verlag.com\\\/component\\\/eshop\\\/daniel-anderson\",\"https:\\\/\\\/de.wikipedia.org\\\/wiki\\\/Daniel_Anderson\"],\"url\":\"https:\\\/\\\/starke-meinungen.de\\\/blog\\\/author\\\/anderson\\\/\"}]}<\/script>\n<!-- \/ Yoast SEO plugin. -->","yoast_head_json":{"title":"Hier habt ihr euer #niewieder, oder: Ein judenreines Deutschland. - starke-meinungen.de","robots":{"index":"index","follow":"follow","max-snippet":"max-snippet:-1","max-image-preview":"max-image-preview:large","max-video-preview":"max-video-preview:-1"},"canonical":"https:\/\/starke-meinungen.de\/blog\/2025\/02\/03\/hier-habt-ihr-euer-niewieder-oder-ein-judenreines-deutschland\/","og_locale":"de_DE","og_type":"article","og_title":"Hier habt ihr euer #niewieder, oder: Ein judenreines Deutschland. - starke-meinungen.de","og_description":"Ich bin w\u00fctend. Ich kann nicht mehr. Ich will auch nicht mehr. Der unwidersprochene Judenhass in Deutschland hat ein neues Level erreicht. Auf einer Demonstration von am Schlu\u00df ca. 250 Menschen wurde mitten in Berlin dazu aufgerufen, Juden zu ermorden. Und niemand tut etwas. Vor allem nicht die, die medienwirksam vor dem Brandenburger Tor l\u00e4chelnd vor einem neuen Faschismus warnen... Weiterlesen &raquo;","og_url":"https:\/\/starke-meinungen.de\/blog\/2025\/02\/03\/hier-habt-ihr-euer-niewieder-oder-ein-judenreines-deutschland\/","og_site_name":"starke-meinungen.de","article_publisher":"https:\/\/www.facebook.com\/starkemeinungen\/","article_published_time":"2025-02-03T15:58:43+00:00","article_modified_time":"2026-01-30T12:32:05+00:00","og_image":[{"width":1200,"height":630,"url":"https:\/\/starke-meinungen.de\/blog\/wp-content\/uploads\/starke-meinungen-fb-header.jpg","type":"image\/jpeg"}],"author":"Daniel Anderson","twitter_card":"summary_large_image","twitter_creator":"@starkemeinungen","twitter_site":"@starkemeinungen","twitter_misc":{"Verfasst von":"Daniel Anderson","Gesch\u00e4tzte Lesezeit":"6\u00a0Minuten"},"schema":{"@context":"https:\/\/schema.org","@graph":[{"@type":"Article","@id":"https:\/\/starke-meinungen.de\/blog\/2025\/02\/03\/hier-habt-ihr-euer-niewieder-oder-ein-judenreines-deutschland\/#article","isPartOf":{"@id":"https:\/\/starke-meinungen.de\/blog\/2025\/02\/03\/hier-habt-ihr-euer-niewieder-oder-ein-judenreines-deutschland\/"},"author":{"name":"Daniel Anderson","@id":"https:\/\/starke-meinungen.de\/blog\/#\/schema\/person\/6377964b1a3e294752087a851ffe7faa"},"headline":"Hier habt ihr euer #niewieder, oder: Ein judenreines Deutschland.","datePublished":"2025-02-03T15:58:43+00:00","dateModified":"2026-01-30T12:32:05+00:00","mainEntityOfPage":{"@id":"https:\/\/starke-meinungen.de\/blog\/2025\/02\/03\/hier-habt-ihr-euer-niewieder-oder-ein-judenreines-deutschland\/"},"wordCount":1076,"commentCount":10,"publisher":{"@id":"https:\/\/starke-meinungen.de\/blog\/#organization"},"keywords":["Berlin","Brandmauer","Demokratie","Islamismus","Judenhass"],"inLanguage":"de","potentialAction":[{"@type":"CommentAction","name":"Comment","target":["https:\/\/starke-meinungen.de\/blog\/2025\/02\/03\/hier-habt-ihr-euer-niewieder-oder-ein-judenreines-deutschland\/#respond"]}]},{"@type":"WebPage","@id":"https:\/\/starke-meinungen.de\/blog\/2025\/02\/03\/hier-habt-ihr-euer-niewieder-oder-ein-judenreines-deutschland\/","url":"https:\/\/starke-meinungen.de\/blog\/2025\/02\/03\/hier-habt-ihr-euer-niewieder-oder-ein-judenreines-deutschland\/","name":"Hier habt ihr euer #niewieder, oder: Ein judenreines Deutschland. - starke-meinungen.de","isPartOf":{"@id":"https:\/\/starke-meinungen.de\/blog\/#website"},"datePublished":"2025-02-03T15:58:43+00:00","dateModified":"2026-01-30T12:32:05+00:00","breadcrumb":{"@id":"https:\/\/starke-meinungen.de\/blog\/2025\/02\/03\/hier-habt-ihr-euer-niewieder-oder-ein-judenreines-deutschland\/#breadcrumb"},"inLanguage":"de","potentialAction":[{"@type":"ReadAction","target":["https:\/\/starke-meinungen.de\/blog\/2025\/02\/03\/hier-habt-ihr-euer-niewieder-oder-ein-judenreines-deutschland\/"]}]},{"@type":"BreadcrumbList","@id":"https:\/\/starke-meinungen.de\/blog\/2025\/02\/03\/hier-habt-ihr-euer-niewieder-oder-ein-judenreines-deutschland\/#breadcrumb","itemListElement":[{"@type":"ListItem","position":1,"name":"Startseite","item":"https:\/\/starke-meinungen.de\/blog\/"},{"@type":"ListItem","position":2,"name":"Hier habt ihr euer #niewieder, oder: Ein judenreines Deutschland."}]},{"@type":"WebSite","@id":"https:\/\/starke-meinungen.de\/blog\/#website","url":"https:\/\/starke-meinungen.de\/blog\/","name":"starke-meinungen.de","description":"Autoren-Blog","publisher":{"@id":"https:\/\/starke-meinungen.de\/blog\/#organization"},"potentialAction":[{"@type":"SearchAction","target":{"@type":"EntryPoint","urlTemplate":"https:\/\/starke-meinungen.de\/blog\/?s={search_term_string}"},"query-input":{"@type":"PropertyValueSpecification","valueRequired":true,"valueName":"search_term_string"}}],"inLanguage":"de"},{"@type":"Organization","@id":"https:\/\/starke-meinungen.de\/blog\/#organization","name":"starke-meinungen.de","url":"https:\/\/starke-meinungen.de\/blog\/","logo":{"@type":"ImageObject","inLanguage":"de","@id":"https:\/\/starke-meinungen.de\/blog\/#\/schema\/logo\/image\/","url":"https:\/\/starke-meinungen.de\/blog\/wp-content\/uploads\/starke-meinungen-fb-header.jpg","contentUrl":"https:\/\/starke-meinungen.de\/blog\/wp-content\/uploads\/starke-meinungen-fb-header.jpg","width":1200,"height":630,"caption":"starke-meinungen.de"},"image":{"@id":"https:\/\/starke-meinungen.de\/blog\/#\/schema\/logo\/image\/"},"sameAs":["https:\/\/www.facebook.com\/starkemeinungen\/","https:\/\/x.com\/starkemeinungen"]},{"@type":"Person","@id":"https:\/\/starke-meinungen.de\/blog\/#\/schema\/person\/6377964b1a3e294752087a851ffe7faa","name":"Daniel Anderson","image":{"@type":"ImageObject","inLanguage":"de","@id":"https:\/\/secure.gravatar.com\/avatar\/6e03010219bbddc3249d6750607a5aeb594cf3c15821bcc6d35a4509e139c585?s=96&d=mm&r=g","url":"https:\/\/secure.gravatar.com\/avatar\/6e03010219bbddc3249d6750607a5aeb594cf3c15821bcc6d35a4509e139c585?s=96&d=mm&r=g","contentUrl":"https:\/\/secure.gravatar.com\/avatar\/6e03010219bbddc3249d6750607a5aeb594cf3c15821bcc6d35a4509e139c585?s=96&d=mm&r=g","caption":"Daniel Anderson"},"sameAs":["https:\/\/spiegelberg-verlag.com\/component\/eshop\/daniel-anderson","https:\/\/de.wikipedia.org\/wiki\/Daniel_Anderson"],"url":"https:\/\/starke-meinungen.de\/blog\/author\/anderson\/"}]}},"_links":{"self":[{"href":"https:\/\/starke-meinungen.de\/blog\/wp-json\/wp\/v2\/posts\/11865","targetHints":{"allow":["GET"]}}],"collection":[{"href":"https:\/\/starke-meinungen.de\/blog\/wp-json\/wp\/v2\/posts"}],"about":[{"href":"https:\/\/starke-meinungen.de\/blog\/wp-json\/wp\/v2\/types\/post"}],"author":[{"embeddable":true,"href":"https:\/\/starke-meinungen.de\/blog\/wp-json\/wp\/v2\/users\/46"}],"replies":[{"embeddable":true,"href":"https:\/\/starke-meinungen.de\/blog\/wp-json\/wp\/v2\/comments?post=11865"}],"version-history":[{"count":8,"href":"https:\/\/starke-meinungen.de\/blog\/wp-json\/wp\/v2\/posts\/11865\/revisions"}],"predecessor-version":[{"id":11870,"href":"https:\/\/starke-meinungen.de\/blog\/wp-json\/wp\/v2\/posts\/11865\/revisions\/11870"}],"wp:attachment":[{"href":"https:\/\/starke-meinungen.de\/blog\/wp-json\/wp\/v2\/media?parent=11865"}],"wp:term":[{"taxonomy":"category","embeddable":true,"href":"https:\/\/starke-meinungen.de\/blog\/wp-json\/wp\/v2\/categories?post=11865"},{"taxonomy":"post_tag","embeddable":true,"href":"https:\/\/starke-meinungen.de\/blog\/wp-json\/wp\/v2\/tags?post=11865"}],"curies":[{"name":"wp","href":"https:\/\/api.w.org\/{rel}","templated":true}]}}