

{"id":11105,"date":"2024-12-28T22:39:38","date_gmt":"2024-12-28T21:39:38","guid":{"rendered":"https:\/\/starke-meinungen.de\/blog\/?p=11105"},"modified":"2026-01-30T12:49:06","modified_gmt":"2026-01-30T11:49:06","slug":"erdbeben-in-syrien","status":"publish","type":"post","link":"https:\/\/starke-meinungen.de\/blog\/2024\/12\/28\/erdbeben-in-syrien\/","title":{"rendered":"Erdbeben in Syrien"},"content":{"rendered":"<p>Manchmal ist ist die Geschwindigkeit, mit der Nachrichten uns aus allen Teilen der Welt erreichen atemberaubend. Es ist daher nicht so einfach nachzuvollziehen, ob sie der Wahrheit entsprechen oder nicht, erst recht, wenn sie sich nicht vor der Haust\u00fcr abspielen und Personen involviert sind, deren Sprache die Journalisten nicht beherrschen.<\/p>\n<p>Gerade bei der Berichterstattung aus dem Nahen Osten f\u00e4llt auf, dass die englischsprachigen Nachrichten oft von den deutschen abweichen, ganz zu schweigen von den hebr\u00e4ischen oder arabischen. Dadurch entsteht ein Problem: Die Rezipienten erhalten unterschiedliche Informationen abh\u00e4ngig davon, welchem Kulturkreis sie angeh\u00f6ren.<!--more--><\/p>\n<p>Aber das ist erst der Anfang. Mittlerweile kann man davon ausgehen, dass es gerade in Deutschland mindestens drei derartige gro\u00dfe sprachenabh\u00e4ngige Kulturkreise gibt: Den deutschsprachigen, den englischsprachigen und den russischsprachigen. Dazu kommen Arabisch und T\u00fcrkisch als weitere wesentliche Kulturkreise. Social Media verst\u00e4rken diese Einfl\u00fcsse: Algorithmen tragen dazu bei, dass jeder in seiner eigenen bequemen Informationsblase bleibt.<\/p>\n<h5>Deutsche Medien sind bei Israel sehr homogen<\/h5>\n<p>Musk, Twitter\/X und den russischen Trollfabriken stehen die Tore weit offen. Das dient nicht nur der Manipulation der W\u00e4hlermeinungen, sondern dazu gesellen sich auch pal\u00e4stinasolidarische Aktivit\u00e4ten, die selbst vor Plattformen wie Facebook nicht haltmachen. Beitr\u00e4ge, deren Einstellung gegen\u00fcber Israel zu positiv erscheint, werden einfach gel\u00f6scht und man bekommt die Mitteilung, dass man gegen die \u201eStandards\u201c versto\u00dfen habe. Das ist nicht nur mir, sondern einer ganzen Reihe von Facebook-Nutzern seit dem 7. Oktober 2023 passiert.<\/p>\n<p>Was folgt daraus? Des einen Nachricht ist nicht die des anderen. In der deutschsprachigen Berichterstattung entfallen viele Informationsquellen, sie ist relativ homogen, wenn man von den wenigen dezidiert pro-israelischen Quellen absieht. Insbesondere die \u00f6ffentlich-rechtlichen Medien tun sich dadurch hervor, dass sie in ihrer Berichterstattung prinzipiell solchen israelischen Nachrichten misstrauen, es sei denn es handelt sich um kritische j\u00fcdische oder israelische Stimmen.<\/p>\n<p>Kritische Stimmen sind wichtig f\u00fcr eine Demokratie. Wenn sich die Berichterstattung allerdings ausschlie\u00dflich auf die kritischen Aspekte konzentriert \u2013 was ja durchaus einen Nachrichtenwert hat \u2013 entsteht ein verzerrter Eindruck von der Realit\u00e4t. Das wiederum f\u00f6rdert eine einseitige Wahrnehmung, die am Ende nur noch auf negative Aspekte fokussiert ist und alle angenehmen Aspekte einer freiheitlichen Demokratie ausblendet.<\/p>\n<h5>Dass nicht sein kann, was nicht sein darf<\/h5>\n<p>Dazu kommt: Was nicht dem eigenen Weltbild entspricht, kann eigentlich nicht wahr sein. Aktuelles Beispiel: Die Drusen in Syrien auf dem Golan. In englischsprachigen und israelischen Medien h\u00f6rt, sieht und liest man, dass sie gerne israelische Staatsb\u00fcrger werden w\u00fcrden. Das scheint in Deutschland unvorstellbar. Warum?<\/p>\n<p>Wer sich mit der Geschichte und Ethnographie des Staates Israel auskennt, wei\u00df: Die Religionsfreiheit ist in der als Verfassung fungierenden Unabh\u00e4ngigkeitserkl\u00e4rung garantiert. Es leben viele Drusen in Israel, 1957 wurden sie als eigenst\u00e4ndige Religionsgemeinschaft anerkannt, viele dienen in Spezialeinheiten der israelischen Armee. Zum Wissensrepertoire der deutschen Journalisten bei der Tagesschau scheint diese Information nicht zu geh\u00f6ren. Dabei war in der Berichterstattung nach dem Anschlag der Hisbollah, bei dem im Juli 2024 zw\u00f6lf drusische Jugendlicheauf dem Golan get\u00f6tet wurden, durchaus noch eine andere Stimme zu h\u00f6ren: \u201eDas Zugeh\u00f6rigkeitsgef\u00fchl der Drusen auf dem Golan zum syrischen Staat schw\u00e4che sich jedoch ab, sagt Salah Tarif. Er ist der Cousin von Sheikh Mowakaf und war Anfang der 2000er-Jahre der erste nichtj\u00fcdische Minister in einer israelischen Regierung: &#8222;Die jungen Leute von den Golanh\u00f6hen kommen jetzt zum Studium nach Haifa, Tel Aviv und Jerusalem. Fr\u00fcher sind sie nach Damaskus gegangen.&#8220; Die J\u00fcdische Allgemeine berichtete, dass die Hizbollah-Millizion\u00e4re vor den Drusen sogar mehr Angst h\u00e4tten als vor den Israelis und deshalb die Urheberschaft, nachdem sie sich zuerst zu dem Raketenanschlag bekannt hatten, von sich gewiesen und unter anderem behauptet h\u00e4tten, dass es eine israelische Abfangrakete gewesen sei, nachdem sich herausgestellt hatte, dass die Toten drusische Jugendliche waren.<\/p>\n<h5>Israelische Verteidigungs-Siedlungen<\/h5>\n<p>Und nach dem Sturz des Assad-Regimes in Syrien? Am 14.12. titelt tagesschau.de \u201eNotruf aus der Pufferzone\u201c und die Korrespondentin Bettina Meier dr\u00fcckt auf die Tr\u00e4nendr\u00fcse der Zuschauer, wenn sie erkl\u00e4rt: \u201eDen Drusen, die an der Grenze zur Pufferzone zwischen Israel und Syrien in den Golanh\u00f6hen leben, macht der Einmarsch der israelischen Truppen gro\u00dfe Sorgen. Ein Besuch an der Grenze zeigt, warum das der Fall ist.\u201c Der Bericht gl\u00e4nzt durch folgende Zwischen\u00fcberschriften: \u201eEs fehlt am N\u00f6tigsten\u201c \u201eIch bin ein besetzter Mensch\u201c \u201eAngst vor Bau j\u00fcdischer Siedlungen\u201c. Immerhin endet der Bericht mit \u201eIsraelische Armee betont Nichteinmischung\u201c \u2013 warum sie die Golanh\u00f6hen besetzt hat, sollte jedem milit\u00e4rstrategisch denkenden Menschen klar sein. Israel ist als kleines, in seinen urspr\u00fcnglichen Grenzen von 1967 schwer zu verteidigendes Land gezwungen, strategisch relevante Anh\u00f6hen im Blick zu behalten \u2013 und das eben auch mit Hilfe von Siedlungen. Es handelt sich um eine Besetzung, die aus Gr\u00fcnden der Selbstverteidigung notwendig ist.<\/p>\n<p>Das gleiche gilt f\u00fcr die Zerst\u00f6rung der umfangreichen syrischen Waffenarsenale durch die israelische Luftwaffe. Alleine die Berichterstattung in Deutschland l\u00e4sst, so wie die deutsche Au\u00dfenpolitik, anderes vermuten: Israel wird gewarnt, sich nicht in syrische Angelegenheiten einzumischen. Ein besonderer H\u00f6hepunkt war die Schlagzeile auf t-online vom 16. Dezember um 9:06: \u201eIsraelischer Luftangriff l\u00f6st Erdbeben aus\u201c hie\u00df es da. Wow, denkt sich der Leser, welche \u00dcbermacht! In der Tat wirkt es etwas anders, wenn man die ganze Meldung liest. Zwar wurde ein leichtes Erdbeben der St\u00e4rke 3 registriert, allerdings ist dies dem Umstand zu verdanken, dass ein Boden-Boden-Raketenlager getroffen wurde. Weiter hei\u00dft es dann: \u201eSeit dem Sturz des Assad-Regimes greift Israel immer wieder Ziele in Syrien an. Israel hat nach eigenen Angaben Sorge, dass die Waffenregime des Regimes in die H\u00e4nde von Extremisten fallen und gegen Israel eingesetzt werden k\u00f6nnten.\u201c Das ist alles nicht falsch, aber es ist doch alles sehr einseitig in der Betrachtungsweise.<\/p>\n<p>Also ist es offensichtlich nur Israel, das diese Sorgen hat und solche \u00c4u\u00dferungen als \u201eeigene Angaben\u201c t\u00e4tigen muss, um diese Friedensmission zu rechtfertigen? Ich frage mich wo bleibt der Beifall der deutschen Friedensbewegung? Eine derart gr\u00fcndliche Zerst\u00f6rung von Kriegswaffen sollte doch eigentlich eine breite Zustimmung bei allen friedliebenden Menschen finden. Wenn es um Israel geht, ticken die Hirne eben anders. Nicht nur Erdbeben, auch die Eroberung der ganzen arabischen Welt durch die kleine j\u00fcdische Nation sind offensichtlich furchterregende fantastische Hirngespinste, die eine realistische Bewertung der Lage zumindest erschweren, um es vorsichtig auszudr\u00fccken.<\/p>\n<p><em>Nikoline Hansen ist Amerikanistin, Kommunikationswissenschaftlerin und Politologin. Sie war Redakeurin der Zeitschrift \u201eDie Mahnung\u201c und arbeitet als Journalistin mit den Schwerpunkten Menschenrechte, j\u00fcdisches Leben und Israe. Sie ist Vorsitzende des J\u00fcdischen Forums f\u00fcr Demokratie und gegen Antisemitismus e.V. und ehrenamtliche Mitarbeiterin bei der Leo Trepp Stiftung und im Anti-Kriegs-Museum.<\/em><\/p>\n<div class=\"shariff shariff-align-left shariff-widget-align-left shariff-buttonstretch\" style=\"display:none\"><ul class=\"shariff-buttons theme-white orientation-horizontal buttonsize-medium\"><li class=\"shariff-button facebook shariff-nocustomcolor\" style=\"background-color:#4273c8\"><a href=\"https:\/\/www.facebook.com\/sharer\/sharer.php?u=https%3A%2F%2Fstarke-meinungen.de%2Fblog%2F2024%2F12%2F28%2Ferdbeben-in-syrien%2F\" title=\"Bei Facebook teilen\" aria-label=\"Bei Facebook teilen\" role=\"button\" rel=\"nofollow\" class=\"shariff-link\" style=\"; background-color:#3b5998; color:#3b5998\" target=\"_blank\"><span class=\"shariff-icon\" style=\"fill:#3b5998\"><svg width=\"32px\" height=\"20px\" xmlns=\"http:\/\/www.w3.org\/2000\/svg\" viewBox=\"0 0 18 32\"><path fill=\"#3b5998\" d=\"M17.1 0.2v4.7h-2.8q-1.5 0-2.1 0.6t-0.5 1.9v3.4h5.2l-0.7 5.3h-4.5v13.6h-5.5v-13.6h-4.5v-5.3h4.5v-3.9q0-3.3 1.9-5.2t5-1.8q2.6 0 4.1 0.2z\"\/><\/svg><\/span><span class=\"shariff-text\" style=\"color:#3b5998\">teilen<\/span>&nbsp;<\/a><\/li><li class=\"shariff-button twitter shariff-nocustomcolor\" style=\"background-color:#595959\"><a href=\"https:\/\/twitter.com\/share?url=https%3A%2F%2Fstarke-meinungen.de%2Fblog%2F2024%2F12%2F28%2Ferdbeben-in-syrien%2F&text=Erdbeben%20in%20Syrien&via=starkemeinungen\" title=\"Bei X teilen\" aria-label=\"Bei X teilen\" role=\"button\" rel=\"noopener nofollow\" class=\"shariff-link\" style=\"; background-color:#000; color:#000\" target=\"_blank\"><span class=\"shariff-icon\" style=\"fill:#000\"><svg width=\"32px\" height=\"20px\" xmlns=\"http:\/\/www.w3.org\/2000\/svg\" viewBox=\"0 0 24 24\"><path fill=\"#000\" d=\"M14.258 10.152L23.176 0h-2.113l-7.747 8.813L7.133 0H0l9.352 13.328L0 23.973h2.113l8.176-9.309 6.531 9.309h7.133zm-2.895 3.293l-.949-1.328L2.875 1.56h3.246l6.086 8.523.945 1.328 7.91 11.078h-3.246zm0 0\"\/><\/svg><\/span><span class=\"shariff-text\" style=\"color:#000\">teilen<\/span>&nbsp;<\/a><\/li><li class=\"shariff-button linkedin shariff-nocustomcolor\" style=\"background-color:#1488bf\"><a href=\"https:\/\/www.linkedin.com\/sharing\/share-offsite\/?url=https%3A%2F%2Fstarke-meinungen.de%2Fblog%2F2024%2F12%2F28%2Ferdbeben-in-syrien%2F\" title=\"Bei LinkedIn teilen\" aria-label=\"Bei LinkedIn teilen\" role=\"button\" rel=\"noopener nofollow\" class=\"shariff-link\" style=\"; background-color:#0077b5; color:#0077b5\" target=\"_blank\"><span class=\"shariff-icon\" style=\"fill:#0077b5\"><svg width=\"32px\" height=\"20px\" xmlns=\"http:\/\/www.w3.org\/2000\/svg\" viewBox=\"0 0 27 32\"><path fill=\"#0077b5\" d=\"M6.2 11.2v17.7h-5.9v-17.7h5.9zM6.6 5.7q0 1.3-0.9 2.2t-2.4 0.9h0q-1.5 0-2.4-0.9t-0.9-2.2 0.9-2.2 2.4-0.9 2.4 0.9 0.9 2.2zM27.4 18.7v10.1h-5.9v-9.5q0-1.9-0.7-2.9t-2.3-1.1q-1.1 0-1.9 0.6t-1.2 1.5q-0.2 0.5-0.2 1.4v9.9h-5.9q0-7.1 0-11.6t0-5.3l0-0.9h5.9v2.6h0q0.4-0.6 0.7-1t1-0.9 1.6-0.8 2-0.3q3 0 4.9 2t1.9 6z\"\/><\/svg><\/span><span class=\"shariff-text\" style=\"color:#0077b5\">teilen<\/span>&nbsp;<\/a><\/li><li class=\"shariff-button xing shariff-nocustomcolor\" style=\"background-color:#29888a\"><a href=\"https:\/\/www.xing.com\/spi\/shares\/new?url=https%3A%2F%2Fstarke-meinungen.de%2Fblog%2F2024%2F12%2F28%2Ferdbeben-in-syrien%2F\" title=\"Bei XING teilen\" aria-label=\"Bei XING teilen\" role=\"button\" rel=\"noopener nofollow\" class=\"shariff-link\" style=\"; background-color:#126567; color:#126567\" target=\"_blank\"><span class=\"shariff-icon\" style=\"fill:#126567\"><svg width=\"32px\" height=\"20px\" xmlns=\"http:\/\/www.w3.org\/2000\/svg\" viewBox=\"0 0 25 32\"><path fill=\"#126567\" d=\"M10.7 11.9q-0.2 0.3-4.6 8.2-0.5 0.8-1.2 0.8h-4.3q-0.4 0-0.5-0.3t0-0.6l4.5-8q0 0 0 0l-2.9-5q-0.2-0.4 0-0.7 0.2-0.3 0.5-0.3h4.3q0.7 0 1.2 0.8zM25.1 0.4q0.2 0.3 0 0.7l-9.4 16.7 6 11q0.2 0.4 0 0.6-0.2 0.3-0.6 0.3h-4.3q-0.7 0-1.2-0.8l-6-11.1q0.3-0.6 9.5-16.8 0.4-0.8 1.2-0.8h4.3q0.4 0 0.5 0.3z\"\/><\/svg><\/span><span class=\"shariff-text\" style=\"color:#126567\">teilen<\/span>&nbsp;<\/a><\/li><li class=\"shariff-button whatsapp shariff-nocustomcolor\" style=\"background-color:#5cbe4a\"><a href=\"https:\/\/api.whatsapp.com\/send?text=https%3A%2F%2Fstarke-meinungen.de%2Fblog%2F2024%2F12%2F28%2Ferdbeben-in-syrien%2F%20Erdbeben%20in%20Syrien\" title=\"Bei Whatsapp teilen\" aria-label=\"Bei Whatsapp teilen\" role=\"button\" rel=\"noopener nofollow\" class=\"shariff-link\" style=\"; background-color:#34af23; color:#34af23\" target=\"_blank\"><span class=\"shariff-icon\" style=\"fill:#34af23\"><svg width=\"32px\" height=\"20px\" xmlns=\"http:\/\/www.w3.org\/2000\/svg\" viewBox=\"0 0 32 32\"><path fill=\"#34af23\" d=\"M17.6 17.4q0.2 0 1.7 0.8t1.6 0.9q0 0.1 0 0.3 0 0.6-0.3 1.4-0.3 0.7-1.3 1.2t-1.8 0.5q-1 0-3.4-1.1-1.7-0.8-3-2.1t-2.6-3.3q-1.3-1.9-1.3-3.5v-0.1q0.1-1.6 1.3-2.8 0.4-0.4 0.9-0.4 0.1 0 0.3 0t0.3 0q0.3 0 0.5 0.1t0.3 0.5q0.1 0.4 0.6 1.6t0.4 1.3q0 0.4-0.6 1t-0.6 0.8q0 0.1 0.1 0.3 0.6 1.3 1.8 2.4 1 0.9 2.7 1.8 0.2 0.1 0.4 0.1 0.3 0 1-0.9t0.9-0.9zM14 26.9q2.3 0 4.3-0.9t3.6-2.4 2.4-3.6 0.9-4.3-0.9-4.3-2.4-3.6-3.6-2.4-4.3-0.9-4.3 0.9-3.6 2.4-2.4 3.6-0.9 4.3q0 3.6 2.1 6.6l-1.4 4.2 4.3-1.4q2.8 1.9 6.2 1.9zM14 2.2q2.7 0 5.2 1.1t4.3 2.9 2.9 4.3 1.1 5.2-1.1 5.2-2.9 4.3-4.3 2.9-5.2 1.1q-3.5 0-6.5-1.7l-7.4 2.4 2.4-7.2q-1.9-3.2-1.9-6.9 0-2.7 1.1-5.2t2.9-4.3 4.3-2.9 5.2-1.1z\"\/><\/svg><\/span><span class=\"shariff-text\" style=\"color:#34af23\">teilen<\/span>&nbsp;<\/a><\/li><li class=\"shariff-button info shariff-nocustomcolor\" style=\"background-color:#a8a8a8\"><a href=\"http:\/\/ct.de\/-2467514\" title=\"Weitere Informationen\" aria-label=\"Weitere Informationen\" role=\"button\" rel=\"noopener \" class=\"shariff-link\" style=\"; background-color:#999; color:#999\" target=\"_blank\"><span class=\"shariff-icon\" style=\"fill:#999\"><svg width=\"32px\" height=\"20px\" xmlns=\"http:\/\/www.w3.org\/2000\/svg\" viewBox=\"0 0 11 32\"><path fill=\"#999\" d=\"M11.4 24v2.3q0 0.5-0.3 0.8t-0.8 0.4h-9.1q-0.5 0-0.8-0.4t-0.4-0.8v-2.3q0-0.5 0.4-0.8t0.8-0.4h1.1v-6.8h-1.1q-0.5 0-0.8-0.4t-0.4-0.8v-2.3q0-0.5 0.4-0.8t0.8-0.4h6.8q0.5 0 0.8 0.4t0.4 0.8v10.3h1.1q0.5 0 0.8 0.4t0.3 0.8zM9.2 3.4v3.4q0 0.5-0.4 0.8t-0.8 0.4h-4.6q-0.4 0-0.8-0.4t-0.4-0.8v-3.4q0-0.4 0.4-0.8t0.8-0.4h4.6q0.5 0 0.8 0.4t0.4 0.8z\"\/><\/svg><\/span><\/a><\/li><\/ul><\/div>","protected":false},"excerpt":{"rendered":"<p>Manchmal ist ist die Geschwindigkeit, mit der Nachrichten uns aus allen Teilen der Welt erreichen atemberaubend. Es ist daher nicht so einfach nachzuvollziehen, ob sie der Wahrheit entsprechen oder nicht, erst recht, wenn sie sich nicht vor der Haust\u00fcr abspielen und Personen involviert sind, deren Sprache die Journalisten nicht beherrschen. Gerade bei der Berichterstattung aus dem Nahen Osten f\u00e4llt auf,&#8230; <a href=\"https:\/\/starke-meinungen.de\/blog\/2024\/12\/28\/erdbeben-in-syrien\/\">Weiterlesen &raquo;<\/a><\/p>\n","protected":false},"author":44,"featured_media":0,"comment_status":"open","ping_status":"open","sticky":false,"template":"","format":"standard","meta":{"footnotes":""},"categories":[1],"tags":[1904,1007,119,2032,2009],"class_list":["post-11105","post","type-post","status-publish","format-standard","hentry","category-allgemein","tag-assad","tag-israel","tag-medien","tag-nahost","tag-syrien"],"yoast_head":"<!-- This site is optimized with the Yoast SEO plugin v27.5 - https:\/\/yoast.com\/product\/yoast-seo-wordpress\/ -->\n<title>Erdbeben in Syrien - starke-meinungen.de<\/title>\n<meta name=\"robots\" content=\"index, follow, max-snippet:-1, max-image-preview:large, max-video-preview:-1\" \/>\n<link rel=\"canonical\" href=\"https:\/\/starke-meinungen.de\/blog\/2024\/12\/28\/erdbeben-in-syrien\/\" \/>\n<meta property=\"og:locale\" content=\"de_DE\" \/>\n<meta property=\"og:type\" content=\"article\" \/>\n<meta property=\"og:title\" content=\"Erdbeben in Syrien - starke-meinungen.de\" \/>\n<meta property=\"og:description\" content=\"Manchmal ist ist die Geschwindigkeit, mit der Nachrichten uns aus allen Teilen der Welt erreichen atemberaubend. Es ist daher nicht so einfach nachzuvollziehen, ob sie der Wahrheit entsprechen oder nicht, erst recht, wenn sie sich nicht vor der Haust\u00fcr abspielen und Personen involviert sind, deren Sprache die Journalisten nicht beherrschen. Gerade bei der Berichterstattung aus dem Nahen Osten f\u00e4llt auf,... Weiterlesen &raquo;\" \/>\n<meta property=\"og:url\" content=\"https:\/\/starke-meinungen.de\/blog\/2024\/12\/28\/erdbeben-in-syrien\/\" \/>\n<meta property=\"og:site_name\" content=\"starke-meinungen.de\" \/>\n<meta property=\"article:publisher\" content=\"https:\/\/www.facebook.com\/starkemeinungen\/\" \/>\n<meta property=\"article:published_time\" content=\"2024-12-28T21:39:38+00:00\" \/>\n<meta property=\"article:modified_time\" content=\"2026-01-30T11:49:06+00:00\" \/>\n<meta property=\"og:image\" content=\"https:\/\/starke-meinungen.de\/blog\/wp-content\/uploads\/starke-meinungen-fb-header.jpg\" \/>\n\t<meta property=\"og:image:width\" content=\"1200\" \/>\n\t<meta property=\"og:image:height\" content=\"630\" \/>\n\t<meta property=\"og:image:type\" content=\"image\/jpeg\" \/>\n<meta name=\"author\" content=\"Nikoline Hansen\" \/>\n<meta name=\"twitter:card\" content=\"summary_large_image\" \/>\n<meta name=\"twitter:creator\" content=\"@nikohansen\" \/>\n<meta name=\"twitter:site\" content=\"@starkemeinungen\" \/>\n<meta name=\"twitter:label1\" content=\"Verfasst von\" \/>\n\t<meta name=\"twitter:data1\" content=\"Nikoline Hansen\" \/>\n\t<meta name=\"twitter:label2\" content=\"Gesch\u00e4tzte Lesezeit\" \/>\n\t<meta name=\"twitter:data2\" content=\"6\u00a0Minuten\" \/>\n<script type=\"application\/ld+json\" class=\"yoast-schema-graph\">{\"@context\":\"https:\\\/\\\/schema.org\",\"@graph\":[{\"@type\":\"Article\",\"@id\":\"https:\\\/\\\/starke-meinungen.de\\\/blog\\\/2024\\\/12\\\/28\\\/erdbeben-in-syrien\\\/#article\",\"isPartOf\":{\"@id\":\"https:\\\/\\\/starke-meinungen.de\\\/blog\\\/2024\\\/12\\\/28\\\/erdbeben-in-syrien\\\/\"},\"author\":{\"name\":\"Nikoline Hansen\",\"@id\":\"https:\\\/\\\/starke-meinungen.de\\\/blog\\\/#\\\/schema\\\/person\\\/d1bc7bc05973d56115693ec171b29826\"},\"headline\":\"Erdbeben in Syrien\",\"datePublished\":\"2024-12-28T21:39:38+00:00\",\"dateModified\":\"2026-01-30T11:49:06+00:00\",\"mainEntityOfPage\":{\"@id\":\"https:\\\/\\\/starke-meinungen.de\\\/blog\\\/2024\\\/12\\\/28\\\/erdbeben-in-syrien\\\/\"},\"wordCount\":1117,\"commentCount\":0,\"publisher\":{\"@id\":\"https:\\\/\\\/starke-meinungen.de\\\/blog\\\/#organization\"},\"keywords\":[\"Assad\",\"Israel\",\"Medien\",\"Nahost\",\"Syrien\"],\"inLanguage\":\"de\",\"potentialAction\":[{\"@type\":\"CommentAction\",\"name\":\"Comment\",\"target\":[\"https:\\\/\\\/starke-meinungen.de\\\/blog\\\/2024\\\/12\\\/28\\\/erdbeben-in-syrien\\\/#respond\"]}]},{\"@type\":\"WebPage\",\"@id\":\"https:\\\/\\\/starke-meinungen.de\\\/blog\\\/2024\\\/12\\\/28\\\/erdbeben-in-syrien\\\/\",\"url\":\"https:\\\/\\\/starke-meinungen.de\\\/blog\\\/2024\\\/12\\\/28\\\/erdbeben-in-syrien\\\/\",\"name\":\"Erdbeben in Syrien - starke-meinungen.de\",\"isPartOf\":{\"@id\":\"https:\\\/\\\/starke-meinungen.de\\\/blog\\\/#website\"},\"datePublished\":\"2024-12-28T21:39:38+00:00\",\"dateModified\":\"2026-01-30T11:49:06+00:00\",\"breadcrumb\":{\"@id\":\"https:\\\/\\\/starke-meinungen.de\\\/blog\\\/2024\\\/12\\\/28\\\/erdbeben-in-syrien\\\/#breadcrumb\"},\"inLanguage\":\"de\",\"potentialAction\":[{\"@type\":\"ReadAction\",\"target\":[\"https:\\\/\\\/starke-meinungen.de\\\/blog\\\/2024\\\/12\\\/28\\\/erdbeben-in-syrien\\\/\"]}]},{\"@type\":\"BreadcrumbList\",\"@id\":\"https:\\\/\\\/starke-meinungen.de\\\/blog\\\/2024\\\/12\\\/28\\\/erdbeben-in-syrien\\\/#breadcrumb\",\"itemListElement\":[{\"@type\":\"ListItem\",\"position\":1,\"name\":\"Startseite\",\"item\":\"https:\\\/\\\/starke-meinungen.de\\\/blog\\\/\"},{\"@type\":\"ListItem\",\"position\":2,\"name\":\"Erdbeben in Syrien\"}]},{\"@type\":\"WebSite\",\"@id\":\"https:\\\/\\\/starke-meinungen.de\\\/blog\\\/#website\",\"url\":\"https:\\\/\\\/starke-meinungen.de\\\/blog\\\/\",\"name\":\"starke-meinungen.de\",\"description\":\"Autoren-Blog\",\"publisher\":{\"@id\":\"https:\\\/\\\/starke-meinungen.de\\\/blog\\\/#organization\"},\"potentialAction\":[{\"@type\":\"SearchAction\",\"target\":{\"@type\":\"EntryPoint\",\"urlTemplate\":\"https:\\\/\\\/starke-meinungen.de\\\/blog\\\/?s={search_term_string}\"},\"query-input\":{\"@type\":\"PropertyValueSpecification\",\"valueRequired\":true,\"valueName\":\"search_term_string\"}}],\"inLanguage\":\"de\"},{\"@type\":\"Organization\",\"@id\":\"https:\\\/\\\/starke-meinungen.de\\\/blog\\\/#organization\",\"name\":\"starke-meinungen.de\",\"url\":\"https:\\\/\\\/starke-meinungen.de\\\/blog\\\/\",\"logo\":{\"@type\":\"ImageObject\",\"inLanguage\":\"de\",\"@id\":\"https:\\\/\\\/starke-meinungen.de\\\/blog\\\/#\\\/schema\\\/logo\\\/image\\\/\",\"url\":\"https:\\\/\\\/starke-meinungen.de\\\/blog\\\/wp-content\\\/uploads\\\/starke-meinungen-fb-header.jpg\",\"contentUrl\":\"https:\\\/\\\/starke-meinungen.de\\\/blog\\\/wp-content\\\/uploads\\\/starke-meinungen-fb-header.jpg\",\"width\":1200,\"height\":630,\"caption\":\"starke-meinungen.de\"},\"image\":{\"@id\":\"https:\\\/\\\/starke-meinungen.de\\\/blog\\\/#\\\/schema\\\/logo\\\/image\\\/\"},\"sameAs\":[\"https:\\\/\\\/www.facebook.com\\\/starkemeinungen\\\/\",\"https:\\\/\\\/x.com\\\/starkemeinungen\"]},{\"@type\":\"Person\",\"@id\":\"https:\\\/\\\/starke-meinungen.de\\\/blog\\\/#\\\/schema\\\/person\\\/d1bc7bc05973d56115693ec171b29826\",\"name\":\"Nikoline Hansen\",\"image\":{\"@type\":\"ImageObject\",\"inLanguage\":\"de\",\"@id\":\"https:\\\/\\\/secure.gravatar.com\\\/avatar\\\/9f4d8845b2b5c98cadb3ca941c30b88562fbbae71fd56eef9727d3c371e259e9?s=96&d=mm&r=g\",\"url\":\"https:\\\/\\\/secure.gravatar.com\\\/avatar\\\/9f4d8845b2b5c98cadb3ca941c30b88562fbbae71fd56eef9727d3c371e259e9?s=96&d=mm&r=g\",\"contentUrl\":\"https:\\\/\\\/secure.gravatar.com\\\/avatar\\\/9f4d8845b2b5c98cadb3ca941c30b88562fbbae71fd56eef9727d3c371e259e9?s=96&d=mm&r=g\",\"caption\":\"Nikoline Hansen\"},\"description\":\"Promovierte Amerikanistin, Kommunikationswissenschaftlerin und Politologin. War bis zu dessen Aufl\u00f6sung 2016 ehrenamtliche Vorsitzende des Bund der Verfolgten des Naziregimes Berlin e.V. und Redakteurin und Autorin der \\\"Mahnung\\\".\",\"sameAs\":[\"https:\\\/\\\/x.com\\\/nikohansen\"],\"url\":\"https:\\\/\\\/starke-meinungen.de\\\/blog\\\/author\\\/hansen\\\/\"}]}<\/script>\n<!-- \/ Yoast SEO plugin. -->","yoast_head_json":{"title":"Erdbeben in Syrien - starke-meinungen.de","robots":{"index":"index","follow":"follow","max-snippet":"max-snippet:-1","max-image-preview":"max-image-preview:large","max-video-preview":"max-video-preview:-1"},"canonical":"https:\/\/starke-meinungen.de\/blog\/2024\/12\/28\/erdbeben-in-syrien\/","og_locale":"de_DE","og_type":"article","og_title":"Erdbeben in Syrien - starke-meinungen.de","og_description":"Manchmal ist ist die Geschwindigkeit, mit der Nachrichten uns aus allen Teilen der Welt erreichen atemberaubend. Es ist daher nicht so einfach nachzuvollziehen, ob sie der Wahrheit entsprechen oder nicht, erst recht, wenn sie sich nicht vor der Haust\u00fcr abspielen und Personen involviert sind, deren Sprache die Journalisten nicht beherrschen. Gerade bei der Berichterstattung aus dem Nahen Osten f\u00e4llt auf,... Weiterlesen &raquo;","og_url":"https:\/\/starke-meinungen.de\/blog\/2024\/12\/28\/erdbeben-in-syrien\/","og_site_name":"starke-meinungen.de","article_publisher":"https:\/\/www.facebook.com\/starkemeinungen\/","article_published_time":"2024-12-28T21:39:38+00:00","article_modified_time":"2026-01-30T11:49:06+00:00","og_image":[{"width":1200,"height":630,"url":"https:\/\/starke-meinungen.de\/blog\/wp-content\/uploads\/starke-meinungen-fb-header.jpg","type":"image\/jpeg"}],"author":"Nikoline Hansen","twitter_card":"summary_large_image","twitter_creator":"@nikohansen","twitter_site":"@starkemeinungen","twitter_misc":{"Verfasst von":"Nikoline Hansen","Gesch\u00e4tzte Lesezeit":"6\u00a0Minuten"},"schema":{"@context":"https:\/\/schema.org","@graph":[{"@type":"Article","@id":"https:\/\/starke-meinungen.de\/blog\/2024\/12\/28\/erdbeben-in-syrien\/#article","isPartOf":{"@id":"https:\/\/starke-meinungen.de\/blog\/2024\/12\/28\/erdbeben-in-syrien\/"},"author":{"name":"Nikoline Hansen","@id":"https:\/\/starke-meinungen.de\/blog\/#\/schema\/person\/d1bc7bc05973d56115693ec171b29826"},"headline":"Erdbeben in Syrien","datePublished":"2024-12-28T21:39:38+00:00","dateModified":"2026-01-30T11:49:06+00:00","mainEntityOfPage":{"@id":"https:\/\/starke-meinungen.de\/blog\/2024\/12\/28\/erdbeben-in-syrien\/"},"wordCount":1117,"commentCount":0,"publisher":{"@id":"https:\/\/starke-meinungen.de\/blog\/#organization"},"keywords":["Assad","Israel","Medien","Nahost","Syrien"],"inLanguage":"de","potentialAction":[{"@type":"CommentAction","name":"Comment","target":["https:\/\/starke-meinungen.de\/blog\/2024\/12\/28\/erdbeben-in-syrien\/#respond"]}]},{"@type":"WebPage","@id":"https:\/\/starke-meinungen.de\/blog\/2024\/12\/28\/erdbeben-in-syrien\/","url":"https:\/\/starke-meinungen.de\/blog\/2024\/12\/28\/erdbeben-in-syrien\/","name":"Erdbeben in Syrien - starke-meinungen.de","isPartOf":{"@id":"https:\/\/starke-meinungen.de\/blog\/#website"},"datePublished":"2024-12-28T21:39:38+00:00","dateModified":"2026-01-30T11:49:06+00:00","breadcrumb":{"@id":"https:\/\/starke-meinungen.de\/blog\/2024\/12\/28\/erdbeben-in-syrien\/#breadcrumb"},"inLanguage":"de","potentialAction":[{"@type":"ReadAction","target":["https:\/\/starke-meinungen.de\/blog\/2024\/12\/28\/erdbeben-in-syrien\/"]}]},{"@type":"BreadcrumbList","@id":"https:\/\/starke-meinungen.de\/blog\/2024\/12\/28\/erdbeben-in-syrien\/#breadcrumb","itemListElement":[{"@type":"ListItem","position":1,"name":"Startseite","item":"https:\/\/starke-meinungen.de\/blog\/"},{"@type":"ListItem","position":2,"name":"Erdbeben in Syrien"}]},{"@type":"WebSite","@id":"https:\/\/starke-meinungen.de\/blog\/#website","url":"https:\/\/starke-meinungen.de\/blog\/","name":"starke-meinungen.de","description":"Autoren-Blog","publisher":{"@id":"https:\/\/starke-meinungen.de\/blog\/#organization"},"potentialAction":[{"@type":"SearchAction","target":{"@type":"EntryPoint","urlTemplate":"https:\/\/starke-meinungen.de\/blog\/?s={search_term_string}"},"query-input":{"@type":"PropertyValueSpecification","valueRequired":true,"valueName":"search_term_string"}}],"inLanguage":"de"},{"@type":"Organization","@id":"https:\/\/starke-meinungen.de\/blog\/#organization","name":"starke-meinungen.de","url":"https:\/\/starke-meinungen.de\/blog\/","logo":{"@type":"ImageObject","inLanguage":"de","@id":"https:\/\/starke-meinungen.de\/blog\/#\/schema\/logo\/image\/","url":"https:\/\/starke-meinungen.de\/blog\/wp-content\/uploads\/starke-meinungen-fb-header.jpg","contentUrl":"https:\/\/starke-meinungen.de\/blog\/wp-content\/uploads\/starke-meinungen-fb-header.jpg","width":1200,"height":630,"caption":"starke-meinungen.de"},"image":{"@id":"https:\/\/starke-meinungen.de\/blog\/#\/schema\/logo\/image\/"},"sameAs":["https:\/\/www.facebook.com\/starkemeinungen\/","https:\/\/x.com\/starkemeinungen"]},{"@type":"Person","@id":"https:\/\/starke-meinungen.de\/blog\/#\/schema\/person\/d1bc7bc05973d56115693ec171b29826","name":"Nikoline Hansen","image":{"@type":"ImageObject","inLanguage":"de","@id":"https:\/\/secure.gravatar.com\/avatar\/9f4d8845b2b5c98cadb3ca941c30b88562fbbae71fd56eef9727d3c371e259e9?s=96&d=mm&r=g","url":"https:\/\/secure.gravatar.com\/avatar\/9f4d8845b2b5c98cadb3ca941c30b88562fbbae71fd56eef9727d3c371e259e9?s=96&d=mm&r=g","contentUrl":"https:\/\/secure.gravatar.com\/avatar\/9f4d8845b2b5c98cadb3ca941c30b88562fbbae71fd56eef9727d3c371e259e9?s=96&d=mm&r=g","caption":"Nikoline Hansen"},"description":"Promovierte Amerikanistin, Kommunikationswissenschaftlerin und Politologin. War bis zu dessen Aufl\u00f6sung 2016 ehrenamtliche Vorsitzende des Bund der Verfolgten des Naziregimes Berlin e.V. und Redakteurin und Autorin der \"Mahnung\".","sameAs":["https:\/\/x.com\/nikohansen"],"url":"https:\/\/starke-meinungen.de\/blog\/author\/hansen\/"}]}},"_links":{"self":[{"href":"https:\/\/starke-meinungen.de\/blog\/wp-json\/wp\/v2\/posts\/11105","targetHints":{"allow":["GET"]}}],"collection":[{"href":"https:\/\/starke-meinungen.de\/blog\/wp-json\/wp\/v2\/posts"}],"about":[{"href":"https:\/\/starke-meinungen.de\/blog\/wp-json\/wp\/v2\/types\/post"}],"author":[{"embeddable":true,"href":"https:\/\/starke-meinungen.de\/blog\/wp-json\/wp\/v2\/users\/44"}],"replies":[{"embeddable":true,"href":"https:\/\/starke-meinungen.de\/blog\/wp-json\/wp\/v2\/comments?post=11105"}],"version-history":[{"count":1,"href":"https:\/\/starke-meinungen.de\/blog\/wp-json\/wp\/v2\/posts\/11105\/revisions"}],"predecessor-version":[{"id":11108,"href":"https:\/\/starke-meinungen.de\/blog\/wp-json\/wp\/v2\/posts\/11105\/revisions\/11108"}],"wp:attachment":[{"href":"https:\/\/starke-meinungen.de\/blog\/wp-json\/wp\/v2\/media?parent=11105"}],"wp:term":[{"taxonomy":"category","embeddable":true,"href":"https:\/\/starke-meinungen.de\/blog\/wp-json\/wp\/v2\/categories?post=11105"},{"taxonomy":"post_tag","embeddable":true,"href":"https:\/\/starke-meinungen.de\/blog\/wp-json\/wp\/v2\/tags?post=11105"}],"curies":[{"name":"wp","href":"https:\/\/api.w.org\/{rel}","templated":true}]}}