

{"id":10976,"date":"2024-12-21T22:01:25","date_gmt":"2024-12-21T21:01:25","guid":{"rendered":"https:\/\/starke-meinungen.de\/blog\/?p=10976"},"modified":"2026-01-30T12:38:21","modified_gmt":"2026-01-30T11:38:21","slug":"anschlag-in-magdeburg-vom-wert-des-schweigens","status":"publish","type":"post","link":"https:\/\/starke-meinungen.de\/blog\/2024\/12\/21\/anschlag-in-magdeburg-vom-wert-des-schweigens\/","title":{"rendered":"Anschlag in Magdeburg: Vom Wert des Schweigens"},"content":{"rendered":"<p><strong>Nach der erneuten Mordfahrt \u00fcber einen Weihnachsmarkt verbieten sich schnelle Interpretationen. Dennoch schwirrten im Netz und in Medien sofort Spekulationen \u00fcber das Motiv, statt inne zu halten und um die Opfer zu trauern. Dass der T\u00e4ter wohl kein Islamist ist, beruhigt allerdings nicht.<\/strong><\/p>\n<p>Ich gebe zu: Auch mir kam gleich der Gedanke, es m\u00fcsse ein islamistischer Attent\u00e4ter gewesen sein, als ich die ersten Nachrichten las, ein Auto sei \u00fcber den Weihnachtsmarkt in Magdeburg gerast, mehrere Menschen seien get\u00f6tet und viele verletzt worden. Auf scheckliche Weise schien das Muster vertraut: Aus Hass auf die westliche Lebensart macht sich jemand auf, friedlich feiernde Menschen massenhaft in den Tod zu schicken. Wie auf dem Stadtfest in Solingen und auf dem Weihnachtsmarkt am Berliner Breitscheidplatz fast auf den Tag acht Jahre zuvor. Doch bald stellte sich heraus: Es war ein saudischer Arzt, der den Islam hasst. Aber macht das irgend etwas besser?<!--more--><\/p>\n<p>Eine solche Tat ruft Entsetzen und Angst hervor. Genau das ist ja das Ziel, auch wenn keine Organisation, kein Terrornetzwerk dahinter steht, nur ein Einzelt\u00e4ter. Niemand soll sich mehr sicher f\u00fchlen k\u00f6nnen. Das verst\u00f6rt bis ins Innerste, macht uns hilflos. In einer solchen Situation suchen Menschen nach irgend etwas, an dem sie sich festhalten k\u00f6nnen. Und sei es Abscheu und Hass auf den oder die T\u00e4ter und das, was ihn oder sie angetrieben hat.<\/p>\n<p>Was aber, wenn das wie m\u00f6glicherweise auch in diesem Fall nie restlos gekl\u00e4rt werden kann? Wer kann schon in die Seele und das Gehirn eines wom\u00f6glich psychisch kranken, jedenfalls offenkundig wirren, wahnhaften Mannes hineinschauen, wenn man danach geht, was er im Internet und auch sonstwo hinterlassen hat? Dass er als Psychiater und Psychotherapeut in einer forensischen Klinik ebensolche T\u00e4ter behandelt hat, verst\u00f6rt eher noch mehr. Sollte so einer nicht davor gefeit sein, sich selbst in einen Wahn bis hin zu Mordpl\u00e4nen und dann tats\u00e4chlich eine entsetzlichen Bluttat hineinzusteigern? Hat das niemand in der Klinik und seinem Umfeld bemerkt?<\/p>\n<h5>Absto\u00dfende Reaktionen<\/h5>\n<p>Auch seine Lebensgeschichte, dass er sich schon fr\u00fch in seiner saudi-arabischen Heimat vom Islam abgewendet haben will und er sich deshalb selbst von seiner Familie verfolgt f\u00fchlte und den deutschen Beh\u00f6rden vorwarf, nicht genug gegen Islamisten zu tun und saudische Fl\u00fcchtlingsfrauen nicht zu sch\u00fctzen, hilft nicht wirklich weiter. Sollen wir neben heimlich radikalisierten Muslimen nun auch deren Gegner \u00fcberwachen? Oder der AfD und anderen auf den Leim gehen, die sagen: egal, Ausl\u00e4nder und Migranten sind immer gef\u00e4hrlich?<\/p>\n<p>Selbstverst\u00e4ndlich nicht. Die Ermittler m\u00fcssen jetzt ihre Arbeit machen und versuchen, die Hintergr\u00fcnde aufzukl\u00e4ren. Die politisch Verantwortlichen bis zur Bundesinnenministerin und zum amtierenden Kanzler, besonders aber die in Sachsen-Anhalt und in der Stadt m\u00fcssen pr\u00fcfen, ob sie genug unternommen haben, die Sicherheit bei solchen Menschenansammlungen auch andernorts nach den fr\u00fcheren Anschl\u00e4gen zu gew\u00e4hrleisten, und ob es tats\u00e4chlich Warnungen gab und wenn, warum ihnen nicht nachgegangen wurde. Und daraus Schl\u00fcsse ziehen. Die Medien m\u00fcssen das in gebotener Zur\u00fcckhaltung begleiten, schlie\u00dflich ist das Interesse verst\u00e4ndlicherweise weltweit riesig. Aber darauf ein schmutziges S\u00fcppchen zu kochen, sei es von rechter oder in Reaktion von linker Seite, weil der T\u00e4ter angeblich AfD-Sympathisant war, ist nur absto\u00dfend.<\/p>\n<p>Der menschliche Anstand sollte gebieten, besser zu schweigen und erst einmal Mitgef\u00fchl zu zeigen mit den Opfern, den schwer Verletzten, ihren Angeh\u00f6rigen und Freunden, den mitbetroffenen Augenzeugen und allen anderen, die in der Stadt und im Land nun trauern und geschockt sind. Gerade jetzt, wenige Tage vor dem Weihnachtsfest. Verstehen kann man eine solche Tat ohnehin nicht. Aus welchem Motiv, welcher Ideologie oder welchem Wahn auch immer jemand so etwas tut.<\/p>\n<p><em>Ludwig Greven ist Publizist. Er war Politikchef der &#8222;Woche&#8220; und politischer Autor bei zeit-online. Er schreibt u.a. f\u00fcr &#8222;Politik &amp; Kultur&#8220;, die Zeitung des Deutschen Kulturrats, und die christliche Zeitschrift &#8222;Publik-Forum&#8220;. Au\u00dferdem betreut er Fl\u00fcchtlinge und Kriegsvertriebene aus der Ukraine.<\/em><\/p>\n<div class=\"shariff shariff-align-left shariff-widget-align-left shariff-buttonstretch\" style=\"display:none\"><ul class=\"shariff-buttons theme-white orientation-horizontal buttonsize-medium\"><li class=\"shariff-button facebook shariff-nocustomcolor\" style=\"background-color:#4273c8\"><a href=\"https:\/\/www.facebook.com\/sharer\/sharer.php?u=https%3A%2F%2Fstarke-meinungen.de%2Fblog%2F2024%2F12%2F21%2Fanschlag-in-magdeburg-vom-wert-des-schweigens%2F\" title=\"Bei Facebook teilen\" aria-label=\"Bei Facebook teilen\" role=\"button\" rel=\"nofollow\" class=\"shariff-link\" style=\"; background-color:#3b5998; color:#3b5998\" target=\"_blank\"><span class=\"shariff-icon\" style=\"fill:#3b5998\"><svg width=\"32px\" height=\"20px\" xmlns=\"http:\/\/www.w3.org\/2000\/svg\" viewBox=\"0 0 18 32\"><path fill=\"#3b5998\" d=\"M17.1 0.2v4.7h-2.8q-1.5 0-2.1 0.6t-0.5 1.9v3.4h5.2l-0.7 5.3h-4.5v13.6h-5.5v-13.6h-4.5v-5.3h4.5v-3.9q0-3.3 1.9-5.2t5-1.8q2.6 0 4.1 0.2z\"\/><\/svg><\/span><span class=\"shariff-text\" style=\"color:#3b5998\">teilen<\/span>&nbsp;<\/a><\/li><li class=\"shariff-button twitter shariff-nocustomcolor\" style=\"background-color:#595959\"><a href=\"https:\/\/twitter.com\/share?url=https%3A%2F%2Fstarke-meinungen.de%2Fblog%2F2024%2F12%2F21%2Fanschlag-in-magdeburg-vom-wert-des-schweigens%2F&text=Anschlag%20in%20Magdeburg%3A%20Vom%20Wert%20des%20Schweigens&via=starkemeinungen\" title=\"Bei X teilen\" aria-label=\"Bei X teilen\" role=\"button\" rel=\"noopener nofollow\" class=\"shariff-link\" style=\"; background-color:#000; color:#000\" target=\"_blank\"><span class=\"shariff-icon\" style=\"fill:#000\"><svg width=\"32px\" height=\"20px\" xmlns=\"http:\/\/www.w3.org\/2000\/svg\" viewBox=\"0 0 24 24\"><path fill=\"#000\" d=\"M14.258 10.152L23.176 0h-2.113l-7.747 8.813L7.133 0H0l9.352 13.328L0 23.973h2.113l8.176-9.309 6.531 9.309h7.133zm-2.895 3.293l-.949-1.328L2.875 1.56h3.246l6.086 8.523.945 1.328 7.91 11.078h-3.246zm0 0\"\/><\/svg><\/span><span class=\"shariff-text\" style=\"color:#000\">teilen<\/span>&nbsp;<\/a><\/li><li class=\"shariff-button linkedin shariff-nocustomcolor\" style=\"background-color:#1488bf\"><a href=\"https:\/\/www.linkedin.com\/sharing\/share-offsite\/?url=https%3A%2F%2Fstarke-meinungen.de%2Fblog%2F2024%2F12%2F21%2Fanschlag-in-magdeburg-vom-wert-des-schweigens%2F\" title=\"Bei LinkedIn teilen\" aria-label=\"Bei LinkedIn teilen\" role=\"button\" rel=\"noopener nofollow\" class=\"shariff-link\" style=\"; background-color:#0077b5; color:#0077b5\" target=\"_blank\"><span class=\"shariff-icon\" style=\"fill:#0077b5\"><svg width=\"32px\" height=\"20px\" xmlns=\"http:\/\/www.w3.org\/2000\/svg\" viewBox=\"0 0 27 32\"><path fill=\"#0077b5\" d=\"M6.2 11.2v17.7h-5.9v-17.7h5.9zM6.6 5.7q0 1.3-0.9 2.2t-2.4 0.9h0q-1.5 0-2.4-0.9t-0.9-2.2 0.9-2.2 2.4-0.9 2.4 0.9 0.9 2.2zM27.4 18.7v10.1h-5.9v-9.5q0-1.9-0.7-2.9t-2.3-1.1q-1.1 0-1.9 0.6t-1.2 1.5q-0.2 0.5-0.2 1.4v9.9h-5.9q0-7.1 0-11.6t0-5.3l0-0.9h5.9v2.6h0q0.4-0.6 0.7-1t1-0.9 1.6-0.8 2-0.3q3 0 4.9 2t1.9 6z\"\/><\/svg><\/span><span class=\"shariff-text\" style=\"color:#0077b5\">teilen<\/span>&nbsp;<\/a><\/li><li class=\"shariff-button xing shariff-nocustomcolor\" style=\"background-color:#29888a\"><a href=\"https:\/\/www.xing.com\/spi\/shares\/new?url=https%3A%2F%2Fstarke-meinungen.de%2Fblog%2F2024%2F12%2F21%2Fanschlag-in-magdeburg-vom-wert-des-schweigens%2F\" title=\"Bei XING teilen\" aria-label=\"Bei XING teilen\" role=\"button\" rel=\"noopener nofollow\" class=\"shariff-link\" style=\"; background-color:#126567; color:#126567\" target=\"_blank\"><span class=\"shariff-icon\" style=\"fill:#126567\"><svg width=\"32px\" height=\"20px\" xmlns=\"http:\/\/www.w3.org\/2000\/svg\" viewBox=\"0 0 25 32\"><path fill=\"#126567\" d=\"M10.7 11.9q-0.2 0.3-4.6 8.2-0.5 0.8-1.2 0.8h-4.3q-0.4 0-0.5-0.3t0-0.6l4.5-8q0 0 0 0l-2.9-5q-0.2-0.4 0-0.7 0.2-0.3 0.5-0.3h4.3q0.7 0 1.2 0.8zM25.1 0.4q0.2 0.3 0 0.7l-9.4 16.7 6 11q0.2 0.4 0 0.6-0.2 0.3-0.6 0.3h-4.3q-0.7 0-1.2-0.8l-6-11.1q0.3-0.6 9.5-16.8 0.4-0.8 1.2-0.8h4.3q0.4 0 0.5 0.3z\"\/><\/svg><\/span><span class=\"shariff-text\" style=\"color:#126567\">teilen<\/span>&nbsp;<\/a><\/li><li class=\"shariff-button whatsapp shariff-nocustomcolor\" style=\"background-color:#5cbe4a\"><a href=\"https:\/\/api.whatsapp.com\/send?text=https%3A%2F%2Fstarke-meinungen.de%2Fblog%2F2024%2F12%2F21%2Fanschlag-in-magdeburg-vom-wert-des-schweigens%2F%20Anschlag%20in%20Magdeburg%3A%20Vom%20Wert%20des%20Schweigens\" title=\"Bei Whatsapp teilen\" aria-label=\"Bei Whatsapp teilen\" role=\"button\" rel=\"noopener nofollow\" class=\"shariff-link\" style=\"; background-color:#34af23; color:#34af23\" target=\"_blank\"><span class=\"shariff-icon\" style=\"fill:#34af23\"><svg width=\"32px\" height=\"20px\" xmlns=\"http:\/\/www.w3.org\/2000\/svg\" viewBox=\"0 0 32 32\"><path fill=\"#34af23\" d=\"M17.6 17.4q0.2 0 1.7 0.8t1.6 0.9q0 0.1 0 0.3 0 0.6-0.3 1.4-0.3 0.7-1.3 1.2t-1.8 0.5q-1 0-3.4-1.1-1.7-0.8-3-2.1t-2.6-3.3q-1.3-1.9-1.3-3.5v-0.1q0.1-1.6 1.3-2.8 0.4-0.4 0.9-0.4 0.1 0 0.3 0t0.3 0q0.3 0 0.5 0.1t0.3 0.5q0.1 0.4 0.6 1.6t0.4 1.3q0 0.4-0.6 1t-0.6 0.8q0 0.1 0.1 0.3 0.6 1.3 1.8 2.4 1 0.9 2.7 1.8 0.2 0.1 0.4 0.1 0.3 0 1-0.9t0.9-0.9zM14 26.9q2.3 0 4.3-0.9t3.6-2.4 2.4-3.6 0.9-4.3-0.9-4.3-2.4-3.6-3.6-2.4-4.3-0.9-4.3 0.9-3.6 2.4-2.4 3.6-0.9 4.3q0 3.6 2.1 6.6l-1.4 4.2 4.3-1.4q2.8 1.9 6.2 1.9zM14 2.2q2.7 0 5.2 1.1t4.3 2.9 2.9 4.3 1.1 5.2-1.1 5.2-2.9 4.3-4.3 2.9-5.2 1.1q-3.5 0-6.5-1.7l-7.4 2.4 2.4-7.2q-1.9-3.2-1.9-6.9 0-2.7 1.1-5.2t2.9-4.3 4.3-2.9 5.2-1.1z\"\/><\/svg><\/span><span class=\"shariff-text\" style=\"color:#34af23\">teilen<\/span>&nbsp;<\/a><\/li><li class=\"shariff-button info shariff-nocustomcolor\" style=\"background-color:#a8a8a8\"><a href=\"http:\/\/ct.de\/-2467514\" title=\"Weitere Informationen\" aria-label=\"Weitere Informationen\" role=\"button\" rel=\"noopener \" class=\"shariff-link\" style=\"; background-color:#999; color:#999\" target=\"_blank\"><span class=\"shariff-icon\" style=\"fill:#999\"><svg width=\"32px\" height=\"20px\" xmlns=\"http:\/\/www.w3.org\/2000\/svg\" viewBox=\"0 0 11 32\"><path fill=\"#999\" d=\"M11.4 24v2.3q0 0.5-0.3 0.8t-0.8 0.4h-9.1q-0.5 0-0.8-0.4t-0.4-0.8v-2.3q0-0.5 0.4-0.8t0.8-0.4h1.1v-6.8h-1.1q-0.5 0-0.8-0.4t-0.4-0.8v-2.3q0-0.5 0.4-0.8t0.8-0.4h6.8q0.5 0 0.8 0.4t0.4 0.8v10.3h1.1q0.5 0 0.8 0.4t0.3 0.8zM9.2 3.4v3.4q0 0.5-0.4 0.8t-0.8 0.4h-4.6q-0.4 0-0.8-0.4t-0.4-0.8v-3.4q0-0.4 0.4-0.8t0.8-0.4h4.6q0.5 0 0.8 0.4t0.4 0.8z\"\/><\/svg><\/span><\/a><\/li><\/ul><\/div>","protected":false},"excerpt":{"rendered":"<p>Nach der erneuten Mordfahrt \u00fcber einen Weihnachsmarkt verbieten sich schnelle Interpretationen. Dennoch schwirrten im Netz und in Medien sofort Spekulationen \u00fcber das Motiv, statt inne zu halten und um die Opfer zu trauern. Dass der T\u00e4ter wohl kein Islamist ist, beruhigt allerdings nicht. Ich gebe zu: Auch mir kam gleich der Gedanke, es m\u00fcsse ein islamistischer Attent\u00e4ter gewesen sein, als&#8230; <a href=\"https:\/\/starke-meinungen.de\/blog\/2024\/12\/21\/anschlag-in-magdeburg-vom-wert-des-schweigens\/\">Weiterlesen &raquo;<\/a><\/p>\n","protected":false},"author":42,"featured_media":0,"comment_status":"open","ping_status":"open","sticky":false,"template":"","format":"standard","meta":{"footnotes":""},"categories":[3886],"tags":[288,358,3958,2935],"class_list":["post-10976","post","type-post","status-publish","format-standard","hentry","category-ludwig-greven","tag-anschlag","tag-islam","tag-magedburg","tag-weihnachtsmarkt"],"yoast_head":"<!-- This site is optimized with the Yoast SEO plugin v27.4 - https:\/\/yoast.com\/product\/yoast-seo-wordpress\/ -->\n<title>Anschlag in Magdeburg: Vom Wert des Schweigens - starke-meinungen.de<\/title>\n<meta name=\"description\" content=\"Magdeburger Dom: Dort fand am Abend nach der Mordfahrt ein Trauergottesdienst statt\" \/>\n<meta name=\"robots\" content=\"index, follow, max-snippet:-1, max-image-preview:large, max-video-preview:-1\" \/>\n<link rel=\"canonical\" href=\"https:\/\/starke-meinungen.de\/blog\/2024\/12\/21\/anschlag-in-magdeburg-vom-wert-des-schweigens\/\" \/>\n<meta property=\"og:locale\" content=\"de_DE\" \/>\n<meta property=\"og:type\" content=\"article\" \/>\n<meta property=\"og:title\" content=\"Anschlag in Magdeburg: Vom Wert des Schweigens - starke-meinungen.de\" \/>\n<meta property=\"og:description\" content=\"Magdeburger Dom: Dort fand am Abend nach der Mordfahrt ein Trauergottesdienst statt\" \/>\n<meta property=\"og:url\" content=\"https:\/\/starke-meinungen.de\/blog\/2024\/12\/21\/anschlag-in-magdeburg-vom-wert-des-schweigens\/\" \/>\n<meta property=\"og:site_name\" content=\"starke-meinungen.de\" \/>\n<meta property=\"article:publisher\" content=\"https:\/\/www.facebook.com\/starkemeinungen\/\" \/>\n<meta property=\"article:published_time\" content=\"2024-12-21T21:01:25+00:00\" \/>\n<meta property=\"article:modified_time\" content=\"2026-01-30T11:38:21+00:00\" \/>\n<meta property=\"og:image\" content=\"https:\/\/starke-meinungen.de\/blog\/wp-content\/uploads\/starke-meinungen-fb-header.jpg\" \/>\n\t<meta property=\"og:image:width\" content=\"1200\" \/>\n\t<meta property=\"og:image:height\" content=\"630\" \/>\n\t<meta property=\"og:image:type\" content=\"image\/jpeg\" \/>\n<meta name=\"author\" content=\"Ludwig Greven\" \/>\n<meta name=\"twitter:card\" content=\"summary_large_image\" \/>\n<meta name=\"twitter:creator\" content=\"@starkemeinungen\" \/>\n<meta name=\"twitter:site\" content=\"@starkemeinungen\" \/>\n<meta name=\"twitter:label1\" content=\"Verfasst von\" \/>\n\t<meta name=\"twitter:data1\" content=\"Ludwig Greven\" \/>\n\t<meta name=\"twitter:label2\" content=\"Gesch\u00e4tzte Lesezeit\" \/>\n\t<meta name=\"twitter:data2\" content=\"4\u00a0Minuten\" \/>\n<script type=\"application\/ld+json\" class=\"yoast-schema-graph\">{\"@context\":\"https:\\\/\\\/schema.org\",\"@graph\":[{\"@type\":\"Article\",\"@id\":\"https:\\\/\\\/starke-meinungen.de\\\/blog\\\/2024\\\/12\\\/21\\\/anschlag-in-magdeburg-vom-wert-des-schweigens\\\/#article\",\"isPartOf\":{\"@id\":\"https:\\\/\\\/starke-meinungen.de\\\/blog\\\/2024\\\/12\\\/21\\\/anschlag-in-magdeburg-vom-wert-des-schweigens\\\/\"},\"author\":{\"name\":\"Ludwig Greven\",\"@id\":\"https:\\\/\\\/starke-meinungen.de\\\/blog\\\/#\\\/schema\\\/person\\\/1c28fb5be9ffc16085de9e621bf19f75\"},\"headline\":\"Anschlag in Magdeburg: Vom Wert des Schweigens\",\"datePublished\":\"2024-12-21T21:01:25+00:00\",\"dateModified\":\"2026-01-30T11:38:21+00:00\",\"mainEntityOfPage\":{\"@id\":\"https:\\\/\\\/starke-meinungen.de\\\/blog\\\/2024\\\/12\\\/21\\\/anschlag-in-magdeburg-vom-wert-des-schweigens\\\/\"},\"wordCount\":677,\"commentCount\":3,\"publisher\":{\"@id\":\"https:\\\/\\\/starke-meinungen.de\\\/blog\\\/#organization\"},\"keywords\":[\"Anschlag\",\"Islam\",\"Magedburg\",\"Weihnachtsmarkt\"],\"articleSection\":[\"Ludwig Greven\"],\"inLanguage\":\"de\",\"potentialAction\":[{\"@type\":\"CommentAction\",\"name\":\"Comment\",\"target\":[\"https:\\\/\\\/starke-meinungen.de\\\/blog\\\/2024\\\/12\\\/21\\\/anschlag-in-magdeburg-vom-wert-des-schweigens\\\/#respond\"]}]},{\"@type\":\"WebPage\",\"@id\":\"https:\\\/\\\/starke-meinungen.de\\\/blog\\\/2024\\\/12\\\/21\\\/anschlag-in-magdeburg-vom-wert-des-schweigens\\\/\",\"url\":\"https:\\\/\\\/starke-meinungen.de\\\/blog\\\/2024\\\/12\\\/21\\\/anschlag-in-magdeburg-vom-wert-des-schweigens\\\/\",\"name\":\"Anschlag in Magdeburg: Vom Wert des Schweigens - starke-meinungen.de\",\"isPartOf\":{\"@id\":\"https:\\\/\\\/starke-meinungen.de\\\/blog\\\/#website\"},\"datePublished\":\"2024-12-21T21:01:25+00:00\",\"dateModified\":\"2026-01-30T11:38:21+00:00\",\"description\":\"Magdeburger Dom: Dort fand am Abend nach der Mordfahrt ein Trauergottesdienst statt\",\"breadcrumb\":{\"@id\":\"https:\\\/\\\/starke-meinungen.de\\\/blog\\\/2024\\\/12\\\/21\\\/anschlag-in-magdeburg-vom-wert-des-schweigens\\\/#breadcrumb\"},\"inLanguage\":\"de\",\"potentialAction\":[{\"@type\":\"ReadAction\",\"target\":[\"https:\\\/\\\/starke-meinungen.de\\\/blog\\\/2024\\\/12\\\/21\\\/anschlag-in-magdeburg-vom-wert-des-schweigens\\\/\"]}]},{\"@type\":\"BreadcrumbList\",\"@id\":\"https:\\\/\\\/starke-meinungen.de\\\/blog\\\/2024\\\/12\\\/21\\\/anschlag-in-magdeburg-vom-wert-des-schweigens\\\/#breadcrumb\",\"itemListElement\":[{\"@type\":\"ListItem\",\"position\":1,\"name\":\"Startseite\",\"item\":\"https:\\\/\\\/starke-meinungen.de\\\/blog\\\/\"},{\"@type\":\"ListItem\",\"position\":2,\"name\":\"Anschlag in Magdeburg: Vom Wert des Schweigens\"}]},{\"@type\":\"WebSite\",\"@id\":\"https:\\\/\\\/starke-meinungen.de\\\/blog\\\/#website\",\"url\":\"https:\\\/\\\/starke-meinungen.de\\\/blog\\\/\",\"name\":\"starke-meinungen.de\",\"description\":\"Autoren-Blog\",\"publisher\":{\"@id\":\"https:\\\/\\\/starke-meinungen.de\\\/blog\\\/#organization\"},\"potentialAction\":[{\"@type\":\"SearchAction\",\"target\":{\"@type\":\"EntryPoint\",\"urlTemplate\":\"https:\\\/\\\/starke-meinungen.de\\\/blog\\\/?s={search_term_string}\"},\"query-input\":{\"@type\":\"PropertyValueSpecification\",\"valueRequired\":true,\"valueName\":\"search_term_string\"}}],\"inLanguage\":\"de\"},{\"@type\":\"Organization\",\"@id\":\"https:\\\/\\\/starke-meinungen.de\\\/blog\\\/#organization\",\"name\":\"starke-meinungen.de\",\"url\":\"https:\\\/\\\/starke-meinungen.de\\\/blog\\\/\",\"logo\":{\"@type\":\"ImageObject\",\"inLanguage\":\"de\",\"@id\":\"https:\\\/\\\/starke-meinungen.de\\\/blog\\\/#\\\/schema\\\/logo\\\/image\\\/\",\"url\":\"https:\\\/\\\/starke-meinungen.de\\\/blog\\\/wp-content\\\/uploads\\\/starke-meinungen-fb-header.jpg\",\"contentUrl\":\"https:\\\/\\\/starke-meinungen.de\\\/blog\\\/wp-content\\\/uploads\\\/starke-meinungen-fb-header.jpg\",\"width\":1200,\"height\":630,\"caption\":\"starke-meinungen.de\"},\"image\":{\"@id\":\"https:\\\/\\\/starke-meinungen.de\\\/blog\\\/#\\\/schema\\\/logo\\\/image\\\/\"},\"sameAs\":[\"https:\\\/\\\/www.facebook.com\\\/starkemeinungen\\\/\",\"https:\\\/\\\/x.com\\\/starkemeinungen\"]},{\"@type\":\"Person\",\"@id\":\"https:\\\/\\\/starke-meinungen.de\\\/blog\\\/#\\\/schema\\\/person\\\/1c28fb5be9ffc16085de9e621bf19f75\",\"name\":\"Ludwig Greven\",\"image\":{\"@type\":\"ImageObject\",\"inLanguage\":\"de\",\"@id\":\"https:\\\/\\\/secure.gravatar.com\\\/avatar\\\/30dcb1e1f2de438653ff67ae28b7ecf6c10e1b929e4a1c78d6b4d30df7d49076?s=96&d=mm&r=g\",\"url\":\"https:\\\/\\\/secure.gravatar.com\\\/avatar\\\/30dcb1e1f2de438653ff67ae28b7ecf6c10e1b929e4a1c78d6b4d30df7d49076?s=96&d=mm&r=g\",\"contentUrl\":\"https:\\\/\\\/secure.gravatar.com\\\/avatar\\\/30dcb1e1f2de438653ff67ae28b7ecf6c10e1b929e4a1c78d6b4d30df7d49076?s=96&d=mm&r=g\",\"caption\":\"Ludwig Greven\"},\"url\":\"https:\\\/\\\/starke-meinungen.de\\\/blog\\\/author\\\/greven\\\/\"}]}<\/script>\n<!-- \/ Yoast SEO plugin. -->","yoast_head_json":{"title":"Anschlag in Magdeburg: Vom Wert des Schweigens - starke-meinungen.de","description":"Magdeburger Dom: Dort fand am Abend nach der Mordfahrt ein Trauergottesdienst statt","robots":{"index":"index","follow":"follow","max-snippet":"max-snippet:-1","max-image-preview":"max-image-preview:large","max-video-preview":"max-video-preview:-1"},"canonical":"https:\/\/starke-meinungen.de\/blog\/2024\/12\/21\/anschlag-in-magdeburg-vom-wert-des-schweigens\/","og_locale":"de_DE","og_type":"article","og_title":"Anschlag in Magdeburg: Vom Wert des Schweigens - starke-meinungen.de","og_description":"Magdeburger Dom: Dort fand am Abend nach der Mordfahrt ein Trauergottesdienst statt","og_url":"https:\/\/starke-meinungen.de\/blog\/2024\/12\/21\/anschlag-in-magdeburg-vom-wert-des-schweigens\/","og_site_name":"starke-meinungen.de","article_publisher":"https:\/\/www.facebook.com\/starkemeinungen\/","article_published_time":"2024-12-21T21:01:25+00:00","article_modified_time":"2026-01-30T11:38:21+00:00","og_image":[{"width":1200,"height":630,"url":"https:\/\/starke-meinungen.de\/blog\/wp-content\/uploads\/starke-meinungen-fb-header.jpg","type":"image\/jpeg"}],"author":"Ludwig Greven","twitter_card":"summary_large_image","twitter_creator":"@starkemeinungen","twitter_site":"@starkemeinungen","twitter_misc":{"Verfasst von":"Ludwig Greven","Gesch\u00e4tzte Lesezeit":"4\u00a0Minuten"},"schema":{"@context":"https:\/\/schema.org","@graph":[{"@type":"Article","@id":"https:\/\/starke-meinungen.de\/blog\/2024\/12\/21\/anschlag-in-magdeburg-vom-wert-des-schweigens\/#article","isPartOf":{"@id":"https:\/\/starke-meinungen.de\/blog\/2024\/12\/21\/anschlag-in-magdeburg-vom-wert-des-schweigens\/"},"author":{"name":"Ludwig Greven","@id":"https:\/\/starke-meinungen.de\/blog\/#\/schema\/person\/1c28fb5be9ffc16085de9e621bf19f75"},"headline":"Anschlag in Magdeburg: Vom Wert des Schweigens","datePublished":"2024-12-21T21:01:25+00:00","dateModified":"2026-01-30T11:38:21+00:00","mainEntityOfPage":{"@id":"https:\/\/starke-meinungen.de\/blog\/2024\/12\/21\/anschlag-in-magdeburg-vom-wert-des-schweigens\/"},"wordCount":677,"commentCount":3,"publisher":{"@id":"https:\/\/starke-meinungen.de\/blog\/#organization"},"keywords":["Anschlag","Islam","Magedburg","Weihnachtsmarkt"],"articleSection":["Ludwig Greven"],"inLanguage":"de","potentialAction":[{"@type":"CommentAction","name":"Comment","target":["https:\/\/starke-meinungen.de\/blog\/2024\/12\/21\/anschlag-in-magdeburg-vom-wert-des-schweigens\/#respond"]}]},{"@type":"WebPage","@id":"https:\/\/starke-meinungen.de\/blog\/2024\/12\/21\/anschlag-in-magdeburg-vom-wert-des-schweigens\/","url":"https:\/\/starke-meinungen.de\/blog\/2024\/12\/21\/anschlag-in-magdeburg-vom-wert-des-schweigens\/","name":"Anschlag in Magdeburg: Vom Wert des Schweigens - starke-meinungen.de","isPartOf":{"@id":"https:\/\/starke-meinungen.de\/blog\/#website"},"datePublished":"2024-12-21T21:01:25+00:00","dateModified":"2026-01-30T11:38:21+00:00","description":"Magdeburger Dom: Dort fand am Abend nach der Mordfahrt ein Trauergottesdienst statt","breadcrumb":{"@id":"https:\/\/starke-meinungen.de\/blog\/2024\/12\/21\/anschlag-in-magdeburg-vom-wert-des-schweigens\/#breadcrumb"},"inLanguage":"de","potentialAction":[{"@type":"ReadAction","target":["https:\/\/starke-meinungen.de\/blog\/2024\/12\/21\/anschlag-in-magdeburg-vom-wert-des-schweigens\/"]}]},{"@type":"BreadcrumbList","@id":"https:\/\/starke-meinungen.de\/blog\/2024\/12\/21\/anschlag-in-magdeburg-vom-wert-des-schweigens\/#breadcrumb","itemListElement":[{"@type":"ListItem","position":1,"name":"Startseite","item":"https:\/\/starke-meinungen.de\/blog\/"},{"@type":"ListItem","position":2,"name":"Anschlag in Magdeburg: Vom Wert des Schweigens"}]},{"@type":"WebSite","@id":"https:\/\/starke-meinungen.de\/blog\/#website","url":"https:\/\/starke-meinungen.de\/blog\/","name":"starke-meinungen.de","description":"Autoren-Blog","publisher":{"@id":"https:\/\/starke-meinungen.de\/blog\/#organization"},"potentialAction":[{"@type":"SearchAction","target":{"@type":"EntryPoint","urlTemplate":"https:\/\/starke-meinungen.de\/blog\/?s={search_term_string}"},"query-input":{"@type":"PropertyValueSpecification","valueRequired":true,"valueName":"search_term_string"}}],"inLanguage":"de"},{"@type":"Organization","@id":"https:\/\/starke-meinungen.de\/blog\/#organization","name":"starke-meinungen.de","url":"https:\/\/starke-meinungen.de\/blog\/","logo":{"@type":"ImageObject","inLanguage":"de","@id":"https:\/\/starke-meinungen.de\/blog\/#\/schema\/logo\/image\/","url":"https:\/\/starke-meinungen.de\/blog\/wp-content\/uploads\/starke-meinungen-fb-header.jpg","contentUrl":"https:\/\/starke-meinungen.de\/blog\/wp-content\/uploads\/starke-meinungen-fb-header.jpg","width":1200,"height":630,"caption":"starke-meinungen.de"},"image":{"@id":"https:\/\/starke-meinungen.de\/blog\/#\/schema\/logo\/image\/"},"sameAs":["https:\/\/www.facebook.com\/starkemeinungen\/","https:\/\/x.com\/starkemeinungen"]},{"@type":"Person","@id":"https:\/\/starke-meinungen.de\/blog\/#\/schema\/person\/1c28fb5be9ffc16085de9e621bf19f75","name":"Ludwig Greven","image":{"@type":"ImageObject","inLanguage":"de","@id":"https:\/\/secure.gravatar.com\/avatar\/30dcb1e1f2de438653ff67ae28b7ecf6c10e1b929e4a1c78d6b4d30df7d49076?s=96&d=mm&r=g","url":"https:\/\/secure.gravatar.com\/avatar\/30dcb1e1f2de438653ff67ae28b7ecf6c10e1b929e4a1c78d6b4d30df7d49076?s=96&d=mm&r=g","contentUrl":"https:\/\/secure.gravatar.com\/avatar\/30dcb1e1f2de438653ff67ae28b7ecf6c10e1b929e4a1c78d6b4d30df7d49076?s=96&d=mm&r=g","caption":"Ludwig Greven"},"url":"https:\/\/starke-meinungen.de\/blog\/author\/greven\/"}]}},"_links":{"self":[{"href":"https:\/\/starke-meinungen.de\/blog\/wp-json\/wp\/v2\/posts\/10976","targetHints":{"allow":["GET"]}}],"collection":[{"href":"https:\/\/starke-meinungen.de\/blog\/wp-json\/wp\/v2\/posts"}],"about":[{"href":"https:\/\/starke-meinungen.de\/blog\/wp-json\/wp\/v2\/types\/post"}],"author":[{"embeddable":true,"href":"https:\/\/starke-meinungen.de\/blog\/wp-json\/wp\/v2\/users\/42"}],"replies":[{"embeddable":true,"href":"https:\/\/starke-meinungen.de\/blog\/wp-json\/wp\/v2\/comments?post=10976"}],"version-history":[{"count":6,"href":"https:\/\/starke-meinungen.de\/blog\/wp-json\/wp\/v2\/posts\/10976\/revisions"}],"predecessor-version":[{"id":16161,"href":"https:\/\/starke-meinungen.de\/blog\/wp-json\/wp\/v2\/posts\/10976\/revisions\/16161"}],"wp:attachment":[{"href":"https:\/\/starke-meinungen.de\/blog\/wp-json\/wp\/v2\/media?parent=10976"}],"wp:term":[{"taxonomy":"category","embeddable":true,"href":"https:\/\/starke-meinungen.de\/blog\/wp-json\/wp\/v2\/categories?post=10976"},{"taxonomy":"post_tag","embeddable":true,"href":"https:\/\/starke-meinungen.de\/blog\/wp-json\/wp\/v2\/tags?post=10976"}],"curies":[{"name":"wp","href":"https:\/\/api.w.org\/{rel}","templated":true}]}}