

{"id":10885,"date":"2024-12-19T10:14:43","date_gmt":"2024-12-19T09:14:43","guid":{"rendered":"https:\/\/starke-meinungen.de\/blog\/?p=10885"},"modified":"2026-01-30T12:41:32","modified_gmt":"2026-01-30T11:41:32","slug":"mit-der-afd-reden-ja-herr-habeck","status":"publish","type":"post","link":"https:\/\/starke-meinungen.de\/blog\/2024\/12\/19\/mit-der-afd-reden-ja-herr-habeck\/","title":{"rendered":"Mit der AfD reden? Ja, Herr Habeck"},"content":{"rendered":"<p><strong>Kretschmer will in Sachsen die Rechtsextremen nicht l\u00e4nger ausgrenzen. Klug so. Der Gr\u00fcnen-Kanzlerkandidat m\u00f6chte sich mit Weigel nicht an einen TV-Tisch setzen. Dumm. Denn die Brandmauer- und Verteufelungsstrategie ist gescheitert. Zeit, etwas anderes zu wagen.<\/strong><\/p>\n<p>Michael Kretschmer hat etwas f\u00fcr Linkere und gro\u00dfe Teile seiner Bundes-CDU gleicherma\u00dfen Unerh\u00f6rtes getan: Er hat sich wie sein Parteifreund Mario Voigt in Th\u00fcringen auch mit Stimmen des BSW und der Linken und in Absprache mit ihnen als Ministerpr\u00e4sident wiederw\u00e4hlen lassen. Er hat zudem vorher auch mit der AfD, der zweitst\u00e4rksten Kraft im Landtag wie in den bundesweiten Umfragen, gesprochen. Und will die in erheblichem Ma\u00dfe rechtsextreme Partei wie die \u00fcbrigen auch f\u00fcrderhin konsultieren, wenn es darum geht, Mehrheiten f\u00fcr Gesetze seiner Minderheitsregierung mit der SPD zu gewinnen.<!--more--><\/p>\n<h5>Keine Garantie<\/h5>\n<p>Die Emp\u00f6rung war schon nach seinem ersten Treffen mit den AfD-Abgeordneten gro\u00df. Und sie wird noch gr\u00f6\u00dfer sein, wenn CDU und SPD in Dresden Gesetze mit der AfD beschlie\u00dfen sollten. Dabei ist sein Kurs vollkommen richtig. Er zeugt erstens von Respekt vor der Entscheidung des Souver\u00e4ns, der W\u00e4hler, die die AfD in Sachsen sehr knapp hinter seine CDU gew\u00e4hlt haben, in Th\u00fcringen sogar zur st\u00e4rksten Partei. Und es nimmt ihr zweitens &#8211; genauso wie der Wagenknecht-Partei &#8211; Wind aus den Segeln, sich erfolgreich als Opfer der etablierten Parteien und Paria zu inszenieren. Beide Parteien werden im Landtag Farbe bekennen m\u00fcssen, ob sie willens und in der Lage sind, konstruktiv Politik mitzugestalten. Oder ob sie weiterhin nur Fundamentalopposition betreiben wollen. Das kann sie entzaubern. Eine Garantie daf\u00fcr gibt es allerdings nicht.<\/p>\n<p>Ziemlich klar ist aber jedenfalls, dass die bisherige Strategie von SPD, Gr\u00fcnen, Linken und der Bundes-CDU gescheitert ist, die AfD st\u00e4ndig als verfassungsfeindlich zu brandmarken und auszugrenzen. Das hat sie besonders, aber nicht nur im Osten nur st\u00e4rker gemacht. Es bietet also erst recht keine Garantie, W\u00e4hler von der AfD zur\u00fcckzugewinnen.<\/p>\n<h5>Dahin gehen, wo es stinkt und kracht<\/h5>\n<p>Kretschmer, der schon lange B\u00fcrgergespr\u00e4che f\u00fchrt, wei\u00df, dass l\u00e4ngst nicht alle Anh\u00e4ger der AfD Rechtsextremisten oder &#8222;Nazis&#8220; sind. Und wo sie der Schuh dr\u00fcckt. Andere k\u00f6nnten das genauso wissen. Sie wollen es aber offensichtlich nicht, genauso wie erhebliche Teile der West-Medien und -Journalisten, weil es viel bequemer ist, sich selbst als H\u00fcter der Demokratie zu feiern.<\/p>\n<p>Dahin gehen, &#8222;wo es stinkt und kracht&#8220;, hat Sigmar Gabriel mal von seiner SPD gefordert, als die ihn zu einem ihrer vielen Vorsitzenden w\u00e4hlte. Auch er wollte mit AfD-W\u00e4hlern reden und sie nicht mehr an den Rand stellen. Die Partei folgte ihm nicht. Und sank weiter ab.<\/p>\n<p>Die Linke dagegen hat Kretschmer mitgew\u00e4hlt, um einen rechten Ministerpr\u00e4sidenten zu verhindern, obwohl er mit der AfD gesprochen hat und es weiter tun will. Sie hat damit demokratische Reife bewiesen. Nur wer etwas wagt, kann gewinnen. Und W\u00e4hler zur\u00fcckerobern.<\/p>\n<p>Robert Habeck, der so gerne den Wagemutigen und Erneuerer gibt, zeigt hingegen f\u00fcr ihn ungewohnte Feigheit vor dem Feind. Weil er beim TV-Duell mit Scholz und Merz nicht dabei sein darf, kneift er und will sich nicht ersatzweise mit der AfD-Kanzlerkandidatin Weigel im Fernsehen duellieren. Dabei w\u00e4re es eine wunderbare Chance f\u00fcr ihn gewesen, ihre blaubraune Propaganda mit guten Argumenten zu entkr\u00e4ften. Es zeugt zudem von Hybris: Die AfD ist in den Umfragen die Nr. 2, ob es ihm gef\u00e4llt oder nicht. Die Gr\u00fcnen sind nur Nr. 4. Sich mit B\u00fcrgern und B\u00fcrgerinnen an den K\u00fcchentisch zu hocken, mag wohlige PR generieren. Politisch bringt es \u00fcberhaupt nichts.<\/p>\n<p>&nbsp;<\/p>\n<div class=\"shariff shariff-align-left shariff-widget-align-left shariff-buttonstretch\" style=\"display:none\"><ul class=\"shariff-buttons theme-white orientation-horizontal buttonsize-medium\"><li class=\"shariff-button facebook shariff-nocustomcolor\" style=\"background-color:#4273c8\"><a href=\"https:\/\/www.facebook.com\/sharer\/sharer.php?u=https%3A%2F%2Fstarke-meinungen.de%2Fblog%2F2024%2F12%2F19%2Fmit-der-afd-reden-ja-herr-habeck%2F\" title=\"Bei Facebook teilen\" aria-label=\"Bei Facebook teilen\" role=\"button\" rel=\"nofollow\" class=\"shariff-link\" style=\"; background-color:#3b5998; color:#3b5998\" target=\"_blank\"><span class=\"shariff-icon\" style=\"fill:#3b5998\"><svg width=\"32px\" height=\"20px\" xmlns=\"http:\/\/www.w3.org\/2000\/svg\" viewBox=\"0 0 18 32\"><path fill=\"#3b5998\" d=\"M17.1 0.2v4.7h-2.8q-1.5 0-2.1 0.6t-0.5 1.9v3.4h5.2l-0.7 5.3h-4.5v13.6h-5.5v-13.6h-4.5v-5.3h4.5v-3.9q0-3.3 1.9-5.2t5-1.8q2.6 0 4.1 0.2z\"\/><\/svg><\/span><span class=\"shariff-text\" style=\"color:#3b5998\">teilen<\/span>&nbsp;<\/a><\/li><li class=\"shariff-button twitter shariff-nocustomcolor\" style=\"background-color:#595959\"><a href=\"https:\/\/twitter.com\/share?url=https%3A%2F%2Fstarke-meinungen.de%2Fblog%2F2024%2F12%2F19%2Fmit-der-afd-reden-ja-herr-habeck%2F&text=Mit%20der%20AfD%20reden%3F%20Ja%2C%20Herr%20Habeck&via=starkemeinungen\" title=\"Bei X teilen\" aria-label=\"Bei X teilen\" role=\"button\" rel=\"noopener nofollow\" class=\"shariff-link\" style=\"; background-color:#000; color:#000\" target=\"_blank\"><span class=\"shariff-icon\" style=\"fill:#000\"><svg width=\"32px\" height=\"20px\" xmlns=\"http:\/\/www.w3.org\/2000\/svg\" viewBox=\"0 0 24 24\"><path fill=\"#000\" d=\"M14.258 10.152L23.176 0h-2.113l-7.747 8.813L7.133 0H0l9.352 13.328L0 23.973h2.113l8.176-9.309 6.531 9.309h7.133zm-2.895 3.293l-.949-1.328L2.875 1.56h3.246l6.086 8.523.945 1.328 7.91 11.078h-3.246zm0 0\"\/><\/svg><\/span><span class=\"shariff-text\" style=\"color:#000\">teilen<\/span>&nbsp;<\/a><\/li><li class=\"shariff-button linkedin shariff-nocustomcolor\" style=\"background-color:#1488bf\"><a href=\"https:\/\/www.linkedin.com\/sharing\/share-offsite\/?url=https%3A%2F%2Fstarke-meinungen.de%2Fblog%2F2024%2F12%2F19%2Fmit-der-afd-reden-ja-herr-habeck%2F\" title=\"Bei LinkedIn teilen\" aria-label=\"Bei LinkedIn teilen\" role=\"button\" rel=\"noopener nofollow\" class=\"shariff-link\" style=\"; background-color:#0077b5; color:#0077b5\" target=\"_blank\"><span class=\"shariff-icon\" style=\"fill:#0077b5\"><svg width=\"32px\" height=\"20px\" xmlns=\"http:\/\/www.w3.org\/2000\/svg\" viewBox=\"0 0 27 32\"><path fill=\"#0077b5\" d=\"M6.2 11.2v17.7h-5.9v-17.7h5.9zM6.6 5.7q0 1.3-0.9 2.2t-2.4 0.9h0q-1.5 0-2.4-0.9t-0.9-2.2 0.9-2.2 2.4-0.9 2.4 0.9 0.9 2.2zM27.4 18.7v10.1h-5.9v-9.5q0-1.9-0.7-2.9t-2.3-1.1q-1.1 0-1.9 0.6t-1.2 1.5q-0.2 0.5-0.2 1.4v9.9h-5.9q0-7.1 0-11.6t0-5.3l0-0.9h5.9v2.6h0q0.4-0.6 0.7-1t1-0.9 1.6-0.8 2-0.3q3 0 4.9 2t1.9 6z\"\/><\/svg><\/span><span class=\"shariff-text\" style=\"color:#0077b5\">teilen<\/span>&nbsp;<\/a><\/li><li class=\"shariff-button xing shariff-nocustomcolor\" style=\"background-color:#29888a\"><a href=\"https:\/\/www.xing.com\/spi\/shares\/new?url=https%3A%2F%2Fstarke-meinungen.de%2Fblog%2F2024%2F12%2F19%2Fmit-der-afd-reden-ja-herr-habeck%2F\" title=\"Bei XING teilen\" aria-label=\"Bei XING teilen\" role=\"button\" rel=\"noopener nofollow\" class=\"shariff-link\" style=\"; background-color:#126567; color:#126567\" target=\"_blank\"><span class=\"shariff-icon\" style=\"fill:#126567\"><svg width=\"32px\" height=\"20px\" xmlns=\"http:\/\/www.w3.org\/2000\/svg\" viewBox=\"0 0 25 32\"><path fill=\"#126567\" d=\"M10.7 11.9q-0.2 0.3-4.6 8.2-0.5 0.8-1.2 0.8h-4.3q-0.4 0-0.5-0.3t0-0.6l4.5-8q0 0 0 0l-2.9-5q-0.2-0.4 0-0.7 0.2-0.3 0.5-0.3h4.3q0.7 0 1.2 0.8zM25.1 0.4q0.2 0.3 0 0.7l-9.4 16.7 6 11q0.2 0.4 0 0.6-0.2 0.3-0.6 0.3h-4.3q-0.7 0-1.2-0.8l-6-11.1q0.3-0.6 9.5-16.8 0.4-0.8 1.2-0.8h4.3q0.4 0 0.5 0.3z\"\/><\/svg><\/span><span class=\"shariff-text\" style=\"color:#126567\">teilen<\/span>&nbsp;<\/a><\/li><li class=\"shariff-button whatsapp shariff-nocustomcolor\" style=\"background-color:#5cbe4a\"><a href=\"https:\/\/api.whatsapp.com\/send?text=https%3A%2F%2Fstarke-meinungen.de%2Fblog%2F2024%2F12%2F19%2Fmit-der-afd-reden-ja-herr-habeck%2F%20Mit%20der%20AfD%20reden%3F%20Ja%2C%20Herr%20Habeck\" title=\"Bei Whatsapp teilen\" aria-label=\"Bei Whatsapp teilen\" role=\"button\" rel=\"noopener nofollow\" class=\"shariff-link\" style=\"; background-color:#34af23; color:#34af23\" target=\"_blank\"><span class=\"shariff-icon\" style=\"fill:#34af23\"><svg width=\"32px\" height=\"20px\" xmlns=\"http:\/\/www.w3.org\/2000\/svg\" viewBox=\"0 0 32 32\"><path fill=\"#34af23\" d=\"M17.6 17.4q0.2 0 1.7 0.8t1.6 0.9q0 0.1 0 0.3 0 0.6-0.3 1.4-0.3 0.7-1.3 1.2t-1.8 0.5q-1 0-3.4-1.1-1.7-0.8-3-2.1t-2.6-3.3q-1.3-1.9-1.3-3.5v-0.1q0.1-1.6 1.3-2.8 0.4-0.4 0.9-0.4 0.1 0 0.3 0t0.3 0q0.3 0 0.5 0.1t0.3 0.5q0.1 0.4 0.6 1.6t0.4 1.3q0 0.4-0.6 1t-0.6 0.8q0 0.1 0.1 0.3 0.6 1.3 1.8 2.4 1 0.9 2.7 1.8 0.2 0.1 0.4 0.1 0.3 0 1-0.9t0.9-0.9zM14 26.9q2.3 0 4.3-0.9t3.6-2.4 2.4-3.6 0.9-4.3-0.9-4.3-2.4-3.6-3.6-2.4-4.3-0.9-4.3 0.9-3.6 2.4-2.4 3.6-0.9 4.3q0 3.6 2.1 6.6l-1.4 4.2 4.3-1.4q2.8 1.9 6.2 1.9zM14 2.2q2.7 0 5.2 1.1t4.3 2.9 2.9 4.3 1.1 5.2-1.1 5.2-2.9 4.3-4.3 2.9-5.2 1.1q-3.5 0-6.5-1.7l-7.4 2.4 2.4-7.2q-1.9-3.2-1.9-6.9 0-2.7 1.1-5.2t2.9-4.3 4.3-2.9 5.2-1.1z\"\/><\/svg><\/span><span class=\"shariff-text\" style=\"color:#34af23\">teilen<\/span>&nbsp;<\/a><\/li><li class=\"shariff-button info shariff-nocustomcolor\" style=\"background-color:#a8a8a8\"><a href=\"http:\/\/ct.de\/-2467514\" title=\"Weitere Informationen\" aria-label=\"Weitere Informationen\" role=\"button\" rel=\"noopener \" class=\"shariff-link\" style=\"; background-color:#999; color:#999\" target=\"_blank\"><span class=\"shariff-icon\" style=\"fill:#999\"><svg width=\"32px\" height=\"20px\" xmlns=\"http:\/\/www.w3.org\/2000\/svg\" viewBox=\"0 0 11 32\"><path fill=\"#999\" d=\"M11.4 24v2.3q0 0.5-0.3 0.8t-0.8 0.4h-9.1q-0.5 0-0.8-0.4t-0.4-0.8v-2.3q0-0.5 0.4-0.8t0.8-0.4h1.1v-6.8h-1.1q-0.5 0-0.8-0.4t-0.4-0.8v-2.3q0-0.5 0.4-0.8t0.8-0.4h6.8q0.5 0 0.8 0.4t0.4 0.8v10.3h1.1q0.5 0 0.8 0.4t0.3 0.8zM9.2 3.4v3.4q0 0.5-0.4 0.8t-0.8 0.4h-4.6q-0.4 0-0.8-0.4t-0.4-0.8v-3.4q0-0.4 0.4-0.8t0.8-0.4h4.6q0.5 0 0.8 0.4t0.4 0.8z\"\/><\/svg><\/span><\/a><\/li><\/ul><\/div>","protected":false},"excerpt":{"rendered":"<p>Kretschmer will in Sachsen die Rechtsextremen nicht l\u00e4nger ausgrenzen. Klug so. Der Gr\u00fcnen-Kanzlerkandidat m\u00f6chte sich mit Weigel nicht an einen TV-Tisch setzen. Dumm. Denn die Brandmauer- und Verteufelungsstrategie ist gescheitert. Zeit, etwas anderes zu wagen. Michael Kretschmer hat etwas f\u00fcr Linkere und gro\u00dfe Teile seiner Bundes-CDU gleicherma\u00dfen Unerh\u00f6rtes getan: Er hat sich wie sein Parteifreund Mario Voigt in Th\u00fcringen auch&#8230; <a href=\"https:\/\/starke-meinungen.de\/blog\/2024\/12\/19\/mit-der-afd-reden-ja-herr-habeck\/\">Weiterlesen &raquo;<\/a><\/p>\n","protected":false},"author":42,"featured_media":10887,"comment_status":"open","ping_status":"open","sticky":false,"template":"","format":"standard","meta":{"footnotes":""},"categories":[3886],"tags":[2293,3870,113,99,3942,3401,13,14],"class_list":["post-10885","post","type-post","status-publish","format-standard","has-post-thumbnail","hentry","category-ludwig-greven","tag-afd","tag-bsw","tag-cdu","tag-grune","tag-michael-kretschmer","tag-robert-habeck","tag-sachsen","tag-thuringen"],"yoast_head":"<!-- This site is optimized with the Yoast SEO plugin v27.4 - https:\/\/yoast.com\/product\/yoast-seo-wordpress\/ -->\n<title>Mit der AfD reden? Ja, Herr Habeck - starke-meinungen.de<\/title>\n<meta name=\"robots\" content=\"index, follow, max-snippet:-1, max-image-preview:large, max-video-preview:-1\" \/>\n<link rel=\"canonical\" href=\"https:\/\/starke-meinungen.de\/blog\/2024\/12\/19\/mit-der-afd-reden-ja-herr-habeck\/\" \/>\n<meta property=\"og:locale\" content=\"de_DE\" \/>\n<meta property=\"og:type\" content=\"article\" \/>\n<meta property=\"og:title\" content=\"Mit der AfD reden? Ja, Herr Habeck - starke-meinungen.de\" \/>\n<meta property=\"og:description\" content=\"Kretschmer will in Sachsen die Rechtsextremen nicht l\u00e4nger ausgrenzen. Klug so. Der Gr\u00fcnen-Kanzlerkandidat m\u00f6chte sich mit Weigel nicht an einen TV-Tisch setzen. Dumm. Denn die Brandmauer- und Verteufelungsstrategie ist gescheitert. Zeit, etwas anderes zu wagen. Michael Kretschmer hat etwas f\u00fcr Linkere und gro\u00dfe Teile seiner Bundes-CDU gleicherma\u00dfen Unerh\u00f6rtes getan: Er hat sich wie sein Parteifreund Mario Voigt in Th\u00fcringen auch... Weiterlesen &raquo;\" \/>\n<meta property=\"og:url\" content=\"https:\/\/starke-meinungen.de\/blog\/2024\/12\/19\/mit-der-afd-reden-ja-herr-habeck\/\" \/>\n<meta property=\"og:site_name\" content=\"starke-meinungen.de\" \/>\n<meta property=\"article:publisher\" content=\"https:\/\/www.facebook.com\/starkemeinungen\/\" \/>\n<meta property=\"article:published_time\" content=\"2024-12-19T09:14:43+00:00\" \/>\n<meta property=\"article:modified_time\" content=\"2026-01-30T11:41:32+00:00\" \/>\n<meta property=\"og:image\" content=\"https:\/\/starke-meinungen.de\/blog\/wp-content\/uploads\/brandmauer.jpg\" \/>\n\t<meta property=\"og:image:width\" content=\"640\" \/>\n\t<meta property=\"og:image:height\" content=\"479\" \/>\n\t<meta property=\"og:image:type\" content=\"image\/jpeg\" \/>\n<meta name=\"author\" content=\"Ludwig Greven\" \/>\n<meta name=\"twitter:card\" content=\"summary_large_image\" \/>\n<meta name=\"twitter:creator\" content=\"@starkemeinungen\" \/>\n<meta name=\"twitter:site\" content=\"@starkemeinungen\" \/>\n<meta name=\"twitter:label1\" content=\"Verfasst von\" \/>\n\t<meta name=\"twitter:data1\" content=\"Ludwig Greven\" \/>\n\t<meta name=\"twitter:label2\" content=\"Gesch\u00e4tzte Lesezeit\" \/>\n\t<meta name=\"twitter:data2\" content=\"4\u00a0Minuten\" \/>\n<script type=\"application\/ld+json\" class=\"yoast-schema-graph\">{\"@context\":\"https:\\\/\\\/schema.org\",\"@graph\":[{\"@type\":\"Article\",\"@id\":\"https:\\\/\\\/starke-meinungen.de\\\/blog\\\/2024\\\/12\\\/19\\\/mit-der-afd-reden-ja-herr-habeck\\\/#article\",\"isPartOf\":{\"@id\":\"https:\\\/\\\/starke-meinungen.de\\\/blog\\\/2024\\\/12\\\/19\\\/mit-der-afd-reden-ja-herr-habeck\\\/\"},\"author\":{\"name\":\"Ludwig Greven\",\"@id\":\"https:\\\/\\\/starke-meinungen.de\\\/blog\\\/#\\\/schema\\\/person\\\/1c28fb5be9ffc16085de9e621bf19f75\"},\"headline\":\"Mit der AfD reden? Ja, Herr Habeck\",\"datePublished\":\"2024-12-19T09:14:43+00:00\",\"dateModified\":\"2026-01-30T11:41:32+00:00\",\"mainEntityOfPage\":{\"@id\":\"https:\\\/\\\/starke-meinungen.de\\\/blog\\\/2024\\\/12\\\/19\\\/mit-der-afd-reden-ja-herr-habeck\\\/\"},\"wordCount\":620,\"commentCount\":0,\"publisher\":{\"@id\":\"https:\\\/\\\/starke-meinungen.de\\\/blog\\\/#organization\"},\"image\":{\"@id\":\"https:\\\/\\\/starke-meinungen.de\\\/blog\\\/2024\\\/12\\\/19\\\/mit-der-afd-reden-ja-herr-habeck\\\/#primaryimage\"},\"thumbnailUrl\":\"https:\\\/\\\/starke-meinungen.de\\\/blog\\\/wp-content\\\/uploads\\\/brandmauer.jpg\",\"keywords\":[\"AfD\",\"BSW\",\"CDU\",\"Gr\u00fcne\",\"Michael Kretschmer\",\"Robert Habeck\",\"Sachsen\",\"Th\u00fcringen\"],\"articleSection\":[\"Ludwig Greven\"],\"inLanguage\":\"de\",\"potentialAction\":[{\"@type\":\"CommentAction\",\"name\":\"Comment\",\"target\":[\"https:\\\/\\\/starke-meinungen.de\\\/blog\\\/2024\\\/12\\\/19\\\/mit-der-afd-reden-ja-herr-habeck\\\/#respond\"]}]},{\"@type\":\"WebPage\",\"@id\":\"https:\\\/\\\/starke-meinungen.de\\\/blog\\\/2024\\\/12\\\/19\\\/mit-der-afd-reden-ja-herr-habeck\\\/\",\"url\":\"https:\\\/\\\/starke-meinungen.de\\\/blog\\\/2024\\\/12\\\/19\\\/mit-der-afd-reden-ja-herr-habeck\\\/\",\"name\":\"Mit der AfD reden? Ja, Herr Habeck - starke-meinungen.de\",\"isPartOf\":{\"@id\":\"https:\\\/\\\/starke-meinungen.de\\\/blog\\\/#website\"},\"primaryImageOfPage\":{\"@id\":\"https:\\\/\\\/starke-meinungen.de\\\/blog\\\/2024\\\/12\\\/19\\\/mit-der-afd-reden-ja-herr-habeck\\\/#primaryimage\"},\"image\":{\"@id\":\"https:\\\/\\\/starke-meinungen.de\\\/blog\\\/2024\\\/12\\\/19\\\/mit-der-afd-reden-ja-herr-habeck\\\/#primaryimage\"},\"thumbnailUrl\":\"https:\\\/\\\/starke-meinungen.de\\\/blog\\\/wp-content\\\/uploads\\\/brandmauer.jpg\",\"datePublished\":\"2024-12-19T09:14:43+00:00\",\"dateModified\":\"2026-01-30T11:41:32+00:00\",\"breadcrumb\":{\"@id\":\"https:\\\/\\\/starke-meinungen.de\\\/blog\\\/2024\\\/12\\\/19\\\/mit-der-afd-reden-ja-herr-habeck\\\/#breadcrumb\"},\"inLanguage\":\"de\",\"potentialAction\":[{\"@type\":\"ReadAction\",\"target\":[\"https:\\\/\\\/starke-meinungen.de\\\/blog\\\/2024\\\/12\\\/19\\\/mit-der-afd-reden-ja-herr-habeck\\\/\"]}]},{\"@type\":\"ImageObject\",\"inLanguage\":\"de\",\"@id\":\"https:\\\/\\\/starke-meinungen.de\\\/blog\\\/2024\\\/12\\\/19\\\/mit-der-afd-reden-ja-herr-habeck\\\/#primaryimage\",\"url\":\"https:\\\/\\\/starke-meinungen.de\\\/blog\\\/wp-content\\\/uploads\\\/brandmauer.jpg\",\"contentUrl\":\"https:\\\/\\\/starke-meinungen.de\\\/blog\\\/wp-content\\\/uploads\\\/brandmauer.jpg\",\"width\":640,\"height\":479,\"caption\":\"Brandmauer. Foto: pixabay\"},{\"@type\":\"BreadcrumbList\",\"@id\":\"https:\\\/\\\/starke-meinungen.de\\\/blog\\\/2024\\\/12\\\/19\\\/mit-der-afd-reden-ja-herr-habeck\\\/#breadcrumb\",\"itemListElement\":[{\"@type\":\"ListItem\",\"position\":1,\"name\":\"Startseite\",\"item\":\"https:\\\/\\\/starke-meinungen.de\\\/blog\\\/\"},{\"@type\":\"ListItem\",\"position\":2,\"name\":\"Mit der AfD reden? Ja, Herr Habeck\"}]},{\"@type\":\"WebSite\",\"@id\":\"https:\\\/\\\/starke-meinungen.de\\\/blog\\\/#website\",\"url\":\"https:\\\/\\\/starke-meinungen.de\\\/blog\\\/\",\"name\":\"starke-meinungen.de\",\"description\":\"Autoren-Blog\",\"publisher\":{\"@id\":\"https:\\\/\\\/starke-meinungen.de\\\/blog\\\/#organization\"},\"potentialAction\":[{\"@type\":\"SearchAction\",\"target\":{\"@type\":\"EntryPoint\",\"urlTemplate\":\"https:\\\/\\\/starke-meinungen.de\\\/blog\\\/?s={search_term_string}\"},\"query-input\":{\"@type\":\"PropertyValueSpecification\",\"valueRequired\":true,\"valueName\":\"search_term_string\"}}],\"inLanguage\":\"de\"},{\"@type\":\"Organization\",\"@id\":\"https:\\\/\\\/starke-meinungen.de\\\/blog\\\/#organization\",\"name\":\"starke-meinungen.de\",\"url\":\"https:\\\/\\\/starke-meinungen.de\\\/blog\\\/\",\"logo\":{\"@type\":\"ImageObject\",\"inLanguage\":\"de\",\"@id\":\"https:\\\/\\\/starke-meinungen.de\\\/blog\\\/#\\\/schema\\\/logo\\\/image\\\/\",\"url\":\"https:\\\/\\\/starke-meinungen.de\\\/blog\\\/wp-content\\\/uploads\\\/starke-meinungen-fb-header.jpg\",\"contentUrl\":\"https:\\\/\\\/starke-meinungen.de\\\/blog\\\/wp-content\\\/uploads\\\/starke-meinungen-fb-header.jpg\",\"width\":1200,\"height\":630,\"caption\":\"starke-meinungen.de\"},\"image\":{\"@id\":\"https:\\\/\\\/starke-meinungen.de\\\/blog\\\/#\\\/schema\\\/logo\\\/image\\\/\"},\"sameAs\":[\"https:\\\/\\\/www.facebook.com\\\/starkemeinungen\\\/\",\"https:\\\/\\\/x.com\\\/starkemeinungen\"]},{\"@type\":\"Person\",\"@id\":\"https:\\\/\\\/starke-meinungen.de\\\/blog\\\/#\\\/schema\\\/person\\\/1c28fb5be9ffc16085de9e621bf19f75\",\"name\":\"Ludwig Greven\",\"image\":{\"@type\":\"ImageObject\",\"inLanguage\":\"de\",\"@id\":\"https:\\\/\\\/secure.gravatar.com\\\/avatar\\\/30dcb1e1f2de438653ff67ae28b7ecf6c10e1b929e4a1c78d6b4d30df7d49076?s=96&d=mm&r=g\",\"url\":\"https:\\\/\\\/secure.gravatar.com\\\/avatar\\\/30dcb1e1f2de438653ff67ae28b7ecf6c10e1b929e4a1c78d6b4d30df7d49076?s=96&d=mm&r=g\",\"contentUrl\":\"https:\\\/\\\/secure.gravatar.com\\\/avatar\\\/30dcb1e1f2de438653ff67ae28b7ecf6c10e1b929e4a1c78d6b4d30df7d49076?s=96&d=mm&r=g\",\"caption\":\"Ludwig Greven\"},\"url\":\"https:\\\/\\\/starke-meinungen.de\\\/blog\\\/author\\\/greven\\\/\"}]}<\/script>\n<!-- \/ Yoast SEO plugin. -->","yoast_head_json":{"title":"Mit der AfD reden? Ja, Herr Habeck - starke-meinungen.de","robots":{"index":"index","follow":"follow","max-snippet":"max-snippet:-1","max-image-preview":"max-image-preview:large","max-video-preview":"max-video-preview:-1"},"canonical":"https:\/\/starke-meinungen.de\/blog\/2024\/12\/19\/mit-der-afd-reden-ja-herr-habeck\/","og_locale":"de_DE","og_type":"article","og_title":"Mit der AfD reden? Ja, Herr Habeck - starke-meinungen.de","og_description":"Kretschmer will in Sachsen die Rechtsextremen nicht l\u00e4nger ausgrenzen. Klug so. Der Gr\u00fcnen-Kanzlerkandidat m\u00f6chte sich mit Weigel nicht an einen TV-Tisch setzen. Dumm. Denn die Brandmauer- und Verteufelungsstrategie ist gescheitert. Zeit, etwas anderes zu wagen. Michael Kretschmer hat etwas f\u00fcr Linkere und gro\u00dfe Teile seiner Bundes-CDU gleicherma\u00dfen Unerh\u00f6rtes getan: Er hat sich wie sein Parteifreund Mario Voigt in Th\u00fcringen auch... Weiterlesen &raquo;","og_url":"https:\/\/starke-meinungen.de\/blog\/2024\/12\/19\/mit-der-afd-reden-ja-herr-habeck\/","og_site_name":"starke-meinungen.de","article_publisher":"https:\/\/www.facebook.com\/starkemeinungen\/","article_published_time":"2024-12-19T09:14:43+00:00","article_modified_time":"2026-01-30T11:41:32+00:00","og_image":[{"width":640,"height":479,"url":"https:\/\/starke-meinungen.de\/blog\/wp-content\/uploads\/brandmauer.jpg","type":"image\/jpeg"}],"author":"Ludwig Greven","twitter_card":"summary_large_image","twitter_creator":"@starkemeinungen","twitter_site":"@starkemeinungen","twitter_misc":{"Verfasst von":"Ludwig Greven","Gesch\u00e4tzte Lesezeit":"4\u00a0Minuten"},"schema":{"@context":"https:\/\/schema.org","@graph":[{"@type":"Article","@id":"https:\/\/starke-meinungen.de\/blog\/2024\/12\/19\/mit-der-afd-reden-ja-herr-habeck\/#article","isPartOf":{"@id":"https:\/\/starke-meinungen.de\/blog\/2024\/12\/19\/mit-der-afd-reden-ja-herr-habeck\/"},"author":{"name":"Ludwig Greven","@id":"https:\/\/starke-meinungen.de\/blog\/#\/schema\/person\/1c28fb5be9ffc16085de9e621bf19f75"},"headline":"Mit der AfD reden? Ja, Herr Habeck","datePublished":"2024-12-19T09:14:43+00:00","dateModified":"2026-01-30T11:41:32+00:00","mainEntityOfPage":{"@id":"https:\/\/starke-meinungen.de\/blog\/2024\/12\/19\/mit-der-afd-reden-ja-herr-habeck\/"},"wordCount":620,"commentCount":0,"publisher":{"@id":"https:\/\/starke-meinungen.de\/blog\/#organization"},"image":{"@id":"https:\/\/starke-meinungen.de\/blog\/2024\/12\/19\/mit-der-afd-reden-ja-herr-habeck\/#primaryimage"},"thumbnailUrl":"https:\/\/starke-meinungen.de\/blog\/wp-content\/uploads\/brandmauer.jpg","keywords":["AfD","BSW","CDU","Gr\u00fcne","Michael Kretschmer","Robert Habeck","Sachsen","Th\u00fcringen"],"articleSection":["Ludwig Greven"],"inLanguage":"de","potentialAction":[{"@type":"CommentAction","name":"Comment","target":["https:\/\/starke-meinungen.de\/blog\/2024\/12\/19\/mit-der-afd-reden-ja-herr-habeck\/#respond"]}]},{"@type":"WebPage","@id":"https:\/\/starke-meinungen.de\/blog\/2024\/12\/19\/mit-der-afd-reden-ja-herr-habeck\/","url":"https:\/\/starke-meinungen.de\/blog\/2024\/12\/19\/mit-der-afd-reden-ja-herr-habeck\/","name":"Mit der AfD reden? Ja, Herr Habeck - starke-meinungen.de","isPartOf":{"@id":"https:\/\/starke-meinungen.de\/blog\/#website"},"primaryImageOfPage":{"@id":"https:\/\/starke-meinungen.de\/blog\/2024\/12\/19\/mit-der-afd-reden-ja-herr-habeck\/#primaryimage"},"image":{"@id":"https:\/\/starke-meinungen.de\/blog\/2024\/12\/19\/mit-der-afd-reden-ja-herr-habeck\/#primaryimage"},"thumbnailUrl":"https:\/\/starke-meinungen.de\/blog\/wp-content\/uploads\/brandmauer.jpg","datePublished":"2024-12-19T09:14:43+00:00","dateModified":"2026-01-30T11:41:32+00:00","breadcrumb":{"@id":"https:\/\/starke-meinungen.de\/blog\/2024\/12\/19\/mit-der-afd-reden-ja-herr-habeck\/#breadcrumb"},"inLanguage":"de","potentialAction":[{"@type":"ReadAction","target":["https:\/\/starke-meinungen.de\/blog\/2024\/12\/19\/mit-der-afd-reden-ja-herr-habeck\/"]}]},{"@type":"ImageObject","inLanguage":"de","@id":"https:\/\/starke-meinungen.de\/blog\/2024\/12\/19\/mit-der-afd-reden-ja-herr-habeck\/#primaryimage","url":"https:\/\/starke-meinungen.de\/blog\/wp-content\/uploads\/brandmauer.jpg","contentUrl":"https:\/\/starke-meinungen.de\/blog\/wp-content\/uploads\/brandmauer.jpg","width":640,"height":479,"caption":"Brandmauer. Foto: pixabay"},{"@type":"BreadcrumbList","@id":"https:\/\/starke-meinungen.de\/blog\/2024\/12\/19\/mit-der-afd-reden-ja-herr-habeck\/#breadcrumb","itemListElement":[{"@type":"ListItem","position":1,"name":"Startseite","item":"https:\/\/starke-meinungen.de\/blog\/"},{"@type":"ListItem","position":2,"name":"Mit der AfD reden? Ja, Herr Habeck"}]},{"@type":"WebSite","@id":"https:\/\/starke-meinungen.de\/blog\/#website","url":"https:\/\/starke-meinungen.de\/blog\/","name":"starke-meinungen.de","description":"Autoren-Blog","publisher":{"@id":"https:\/\/starke-meinungen.de\/blog\/#organization"},"potentialAction":[{"@type":"SearchAction","target":{"@type":"EntryPoint","urlTemplate":"https:\/\/starke-meinungen.de\/blog\/?s={search_term_string}"},"query-input":{"@type":"PropertyValueSpecification","valueRequired":true,"valueName":"search_term_string"}}],"inLanguage":"de"},{"@type":"Organization","@id":"https:\/\/starke-meinungen.de\/blog\/#organization","name":"starke-meinungen.de","url":"https:\/\/starke-meinungen.de\/blog\/","logo":{"@type":"ImageObject","inLanguage":"de","@id":"https:\/\/starke-meinungen.de\/blog\/#\/schema\/logo\/image\/","url":"https:\/\/starke-meinungen.de\/blog\/wp-content\/uploads\/starke-meinungen-fb-header.jpg","contentUrl":"https:\/\/starke-meinungen.de\/blog\/wp-content\/uploads\/starke-meinungen-fb-header.jpg","width":1200,"height":630,"caption":"starke-meinungen.de"},"image":{"@id":"https:\/\/starke-meinungen.de\/blog\/#\/schema\/logo\/image\/"},"sameAs":["https:\/\/www.facebook.com\/starkemeinungen\/","https:\/\/x.com\/starkemeinungen"]},{"@type":"Person","@id":"https:\/\/starke-meinungen.de\/blog\/#\/schema\/person\/1c28fb5be9ffc16085de9e621bf19f75","name":"Ludwig Greven","image":{"@type":"ImageObject","inLanguage":"de","@id":"https:\/\/secure.gravatar.com\/avatar\/30dcb1e1f2de438653ff67ae28b7ecf6c10e1b929e4a1c78d6b4d30df7d49076?s=96&d=mm&r=g","url":"https:\/\/secure.gravatar.com\/avatar\/30dcb1e1f2de438653ff67ae28b7ecf6c10e1b929e4a1c78d6b4d30df7d49076?s=96&d=mm&r=g","contentUrl":"https:\/\/secure.gravatar.com\/avatar\/30dcb1e1f2de438653ff67ae28b7ecf6c10e1b929e4a1c78d6b4d30df7d49076?s=96&d=mm&r=g","caption":"Ludwig Greven"},"url":"https:\/\/starke-meinungen.de\/blog\/author\/greven\/"}]}},"_links":{"self":[{"href":"https:\/\/starke-meinungen.de\/blog\/wp-json\/wp\/v2\/posts\/10885","targetHints":{"allow":["GET"]}}],"collection":[{"href":"https:\/\/starke-meinungen.de\/blog\/wp-json\/wp\/v2\/posts"}],"about":[{"href":"https:\/\/starke-meinungen.de\/blog\/wp-json\/wp\/v2\/types\/post"}],"author":[{"embeddable":true,"href":"https:\/\/starke-meinungen.de\/blog\/wp-json\/wp\/v2\/users\/42"}],"replies":[{"embeddable":true,"href":"https:\/\/starke-meinungen.de\/blog\/wp-json\/wp\/v2\/comments?post=10885"}],"version-history":[{"count":5,"href":"https:\/\/starke-meinungen.de\/blog\/wp-json\/wp\/v2\/posts\/10885\/revisions"}],"predecessor-version":[{"id":10895,"href":"https:\/\/starke-meinungen.de\/blog\/wp-json\/wp\/v2\/posts\/10885\/revisions\/10895"}],"wp:featuredmedia":[{"embeddable":true,"href":"https:\/\/starke-meinungen.de\/blog\/wp-json\/wp\/v2\/media\/10887"}],"wp:attachment":[{"href":"https:\/\/starke-meinungen.de\/blog\/wp-json\/wp\/v2\/media?parent=10885"}],"wp:term":[{"taxonomy":"category","embeddable":true,"href":"https:\/\/starke-meinungen.de\/blog\/wp-json\/wp\/v2\/categories?post=10885"},{"taxonomy":"post_tag","embeddable":true,"href":"https:\/\/starke-meinungen.de\/blog\/wp-json\/wp\/v2\/tags?post=10885"}],"curies":[{"name":"wp","href":"https:\/\/api.w.org\/{rel}","templated":true}]}}