

{"id":10818,"date":"2024-12-17T17:13:58","date_gmt":"2024-12-17T16:13:58","guid":{"rendered":"https:\/\/starke-meinungen.de\/blog\/?p=10818"},"modified":"2026-01-30T12:25:22","modified_gmt":"2026-01-30T11:25:22","slug":"wie-lenken-wir-die-diskussionen-um-die-asylpolitik-in-eine-konstruktive-richtung","status":"publish","type":"post","link":"https:\/\/starke-meinungen.de\/blog\/2024\/12\/17\/wie-lenken-wir-die-diskussionen-um-die-asylpolitik-in-eine-konstruktive-richtung\/","title":{"rendered":"Wie lenken wir die Diskussionen um die Asylpolitik in eine konstruktive Richtung?"},"content":{"rendered":"<p><strong>Eine der vielen Vorteile unseres demokratischen Landes ist die vollst\u00e4ndige Transparenz, wenn man sie denn sucht. Die Quelle dazu ist das statistische Bundesamt. Dort erscheinen in regelm\u00e4\u00dfigen Abst\u00e4nden die Zahlen des Ausl\u00e4nder-Zentralregisters (AZR). Dies beinhaltet auch die genauen Bev\u00f6lkerungszahlen unseres Landes zum jeweiligen Stichtag, in meinem Beitrag der 31.12.2023.<\/strong><\/p>\n<h4><strong>25 Prozent der Deutschen haben eine Einwanderungsgeschichte<\/strong><\/h4>\n<p>Die Einwohnerzahl Deutschlands lag am 31.12.23 bei 83,875 Millionen Menschen. Davon hatten 21,176 Mio. eine Einwanderungsgeschichte. Von diesen waren 16,173 Millionen direkt eingewandert. 5 Mio. waren deren Nachkommen. Weitere 4 Mio. Menschen hatten eine <u>einseitige <\/u>Einwanderungsgeschichte. In unserem Land leben foglich 58,686 Millionen Menschen <u>ohne<\/u> Einwanderungsgeschichte.<!--more--><\/p>\n<p>Nun m\u00f6ge jeder f\u00fcr sich selbst definieren, in welche der genannten Kategorien sie oder er f\u00e4llt. Ich geh\u00f6re \u00fcbrigens zu den 4 Millionen&#8230;.<\/p>\n<p>Wenn man der Argumentation zum Thema Remigration der rechtsradikalen AfD folgt, w\u00e4ren d<strong>amit 25 Millionen Menschen \u201eremigrationsgef\u00e4hrdet\u201c,<\/strong> sollte es der AfD gelingen, in Regierungsverantwortung zu kommen, um dieses spezielle ihrer vielen gef\u00e4hrlichen Ziele zu verfolgen.<\/p>\n<h4><strong>Ausl\u00e4ndische Staatsb\u00fcrger und Schutzsuchende<\/strong><\/h4>\n<p>Die <strong>ausl\u00e4ndische Bev\u00f6lkerungszahl unseres Landes liegt bei 13,895 Millionen Menschen<\/strong>. Sie sind ein Teil der bereits genannten 21,1776 Millionen Einwohner unseres Landes mit einer Einwanderungsgeschichte, besitzen aber noch eine ausl\u00e4ndische Staatsb\u00fcrgerschaft. Davon waren zum Jahresende 2023 ca. 3,17 Millionen Menschen als Schutzsuchende erfasst. Die Zahl der registrierten Schutzsuchenden stieg gegen\u00fcber dem Jahr 2022 um etwa 3 % an.<\/p>\n<p>Als Schutzsuchende werden die Menschen bezeichnet, die sich nach Angaben des AZR unter Berufung auf v\u00f6lkerrechtliche, humanit\u00e4re oder politische Gr\u00fcnde in Deutschland aufhalten.<\/p>\n<p>Neben Menschen aus der Ukraine (977 000 Personen; -3 % zum Vorjahr) waren die meisten Schutzsuchenden syrische (712 000; +6 %), afghanische (323 000; +13 %), irakische (200 000; -5 %) oder t\u00fcrkische (152 000; +51 %) Staatsangeh\u00f6rige. Zusammen stellten diese f\u00fcnf Staatsangeh\u00f6rigkeiten fast drei Viertel aller Schutzsuchenden. Die komplette \u00dcbersicht finden Sie unter diesem Link:<\/p>\n<p><a href=\"https:\/\/www.destatis.de\/DE\/Themen\/Gesellschaft-Umwelt\/Bevoelkerung\/Migration-Integration\/Tabellen\/schutzsuchende-staatsangehoerigkeit-schutzstatus.html?view=main%5BPrint%5D\">https:\/\/www.destatis.de\/DE\/Themen\/Gesellschaft-Umwelt\/Bevoelkerung\/Migration-Integration\/Tabellen\/schutzsuchende-staatsangehoerigkeit-schutzstatus.html?view=main%5BPrint%5D<\/a><\/p>\n<h4><strong>Viel erreicht \u2013 und doch zu wenig<\/strong><\/h4>\n<p>Unser Land hat in vielen Jahren erreicht, ein Viertel seiner Bewohnerinnen und Bewohner als B\u00fcrgerinnen und B\u00fcrger aufzunehmen und die meisten von ihnen komplett zu integrieren.<\/p>\n<p>16,5 % der Bev\u00f6lkerung besitzen eine ausl\u00e4ndische Staatsb\u00fcrgerschaft. Etwas mehr als ein Viertel von ihnen sind Schutzsuchende. Deren Anteil an der gesamten deutschen Bev\u00f6lkerung liegt damit bei knapp 4%. Bei ca. 14 % von ihnen (454.7959) ist das Asylverfahren noch offen. Ca. 80% sind als Schutzsuchende anerkannt (2.528.935), davon die Mehrzahl (2.188.665) befristet und 340.275 als unbefristet. Bei 6% (189.405) wurde der Schutzstatus nach Asylrecht abgelehnt. Sie befinden sich entweder in Duldung (156.680), in latenter Auswanderungspflicht (14.620) oder in vollziehbarer Ausreisepflicht (17.845).<\/p>\n<p>Bei latent Ausreisepflichtigen sind die Rechtsmittel noch nicht ausgesch\u00f6pft. Dieser Personenkreis wird bei Abschluss der Verfahren unseres demokratischen Staates entweder vollziehbar ausreispflichtig <u>oder<\/u> geduldet ausreisepflichtig <u>oder<\/u>\u00a0bekommt einen Schutzstatus.<\/p>\n<p>Der Fokus der aktuellen Diskussion um die Ausreise von vollziehbar ausreisepflichtigen Menschen betrifft 12.445 M\u00e4nner und 5.400 Frauen. Die Gesamtzahl entspricht ca. 0,6% aller Schutzsuchenden.<\/p>\n<h4><strong>Wege aus dem Asyllabyrinth<\/strong><\/h4>\n<p>Die Defizite liegen <strong>nicht <\/strong>in der Asylpolitik nach dem \u201eWir schaffen das\u201c \u2013 Credo der ehemaligen Kanzlerin, sondern vielmehr<\/p>\n<ul>\n<li>An einer zu geringen Personalausstattung und Qualifikation der Mitarbeitenden des zust\u00e4ndigen Bundesamtes f\u00fcr Migration und Fl\u00fcchtlinge (BAMF)<\/li>\n<li>An einer zu b\u00fcrokratisch definierten Umsetzung der Umsetzung nach positiven Entscheiden, also der mangelnden Integration in den Arbeitsmarkt bzw. in das Leben in unserem Land als Solches.<\/li>\n<li>An fehlender Pflicht f\u00fcr die Schutzsuchenden die Sprache zu lernen, die Kultur zu verstehen und die Einbringung in den Arbeitsmarkt selbst voranzubringen. Das Recht aus Asyl ist verbindlich. Es ist aber kein Freibrief f\u00fcr eine Erwartungshaltung nach dem Motto \u201eGebt mir; ich warte gerne auf Eure Hilfe\u201c. Beim Thema Asyl d\u00fcrfen wir nicht nur f\u00f6rdern, sondern m\u00fcssen auch fordern.<\/li>\n<li>An mangelnder Umsetzung der vollziehbaren Ausreisepflicht begr\u00fcndet in zu geringer Personalst\u00e4rke der beteiligten Beh\u00f6rden und zu viel Vorfeld-B\u00fcrokratie.<\/li>\n<\/ul>\n<h4><strong>Deutschland ist nicht fremdenfeindlich! <\/strong><\/h4>\n<p>Diese \u00dcberschrift habe ich gew\u00e4hlt, obwohl die CDU\/CSU, die AfD, das BSW und in Teilen auch die FDP aus wahltaktischen Gr\u00fcnden ein v\u00f6llig anderes Bild in die mediale Landschaft projizieren. Unser Land hat gezeigt, dass wir ein Land sind, dass ausl\u00e4ndische Mitbewohner inklusive der Schutzsuchenden willkommen hei\u00dft. <strong>Das soll und darf sich nicht \u00e4ndern.<\/strong><\/p>\n<p>Das Recht auf Schutz ist mehr als nur die Genfer Konvention. Es ist Teil unserer Ethik und unseres Grundgesetzes.\u00a0Die politischen Forderungen nach einer Versch\u00e4rfung des Asylrechts haben mit Wahltaktik zu tun. Wir l\u00f6sen die Asylfragen nicht mit populistischen Parolen.<\/p>\n<p>Wir m\u00fcssen lediglich die Verfahren inhaltlich sch\u00e4rfen sowie schneller und genauer abarbeiten. Dies ist mit Fragen der personellen Ausstattung und \u2013 Qualifikation verbunden. Ein Beispiel dazu: einige der Gefl\u00fcchteten kommen mit falscher Identit\u00e4t nach Deutschland. Das Problem ist seit Jahren bekannt. Die Verfahren zur \u00dcberpr\u00fcfung m\u00fcssen professionalisiert werden, um das Alter und das Herkunftsland bestimmen zu k\u00f6nnen. Dabei darf auch Handy-Monitoring kein Tabu sein!<\/p>\n<p>Wir vers\u00e4umen es, von Anfang an den Fokus auch und vermehrt auf die psychische Situation der Menschen zu legen, die zu uns kommen. Das Thema findet im Asylverfahren keine oder nur sehr wenig Beachtung. Als Beh\u00f6rde mit Auspr\u00e4gung auf b\u00fcrokratische Verfahren konzentriert sich das BAMF bzw. nach Anerkennung die Bundesagentur f\u00fcr Arbeit vor allem auf die materielle Versorgung. Es geht also um Geld oder ein Dach \u00fcber dem Kopf, beides Grundlagen des t\u00e4glichen Lebens. Wir blenden dabei v\u00f6llig aus, dass wir es mit Menschen zu tun haben, die auch und sogar vorwiegend immaterielle Bed\u00fcrfnisse haben und bei denen die Fluchterfahrungen bzw. die Ereignisse im Vorfeld der Flucht materiell unl\u00f6sbare Traumata ausgel\u00f6st haben.<\/p>\n<p>Ehrenamtlich Mitarbeitende aus den Arbeitskreisen Asyl oder anderen Integrationsinitiativen sind gut und wichtig, aber keine alleinige L\u00f6sung!<\/p>\n<p>Wenn in den Verfahren oder nach Anerkennung bei der Suche nach Arbeitsm\u00f6glichkeiten nichts oder wenig vorangeht und die Menschen keinen breiten, gesellschaftlichen Anschluss gefunden haben, folgt eine Spirale, aus der diese Menschen ohne Hilfe von au\u00dfen nicht herauskommt.<\/p>\n<h4><strong>Integrationslotsen aus dem Kreis der Schutzsuchenden \u2013 ein m\u00f6glicher L\u00f6sungsansatz<\/strong><\/h4>\n<p>Kommunale Integrationsmanager sind wichtig, aber durch die Masse der F\u00e4lle \u00fcberfordert, auch in der sprachlichen Kommunikation mit den Betroffenen. Warum haben mir nicht den Mut, bereits anerkannte Schutzsuchende in die Begleitprozesse der Integration einzubauen, indem sie bei der Ankunft und in den Verfahren, also dem Beginn der Integration, in der Muttersprache mit den Schutzsuchenden kommunizieren?<\/p>\n<p>Die Idee von \u201eIntegrationlotsen\u201c aus den wesentlichen Staaten der Schutzsuchenden ist nicht neu, wird aber nicht oder nicht konsequent verfolgt. Dabei w\u00fcrden eine erste Orientierung und Gespr\u00e4che mit teil- oder vollintegrierten Landsleuten auch \u201eerste Hilfen\u201c bei der psychischen Bew\u00e4ltigung von Fluchtfolgen sein. Wenn die \u201eIntegrationslotsen\u201c gut beobachten, k\u00f6nnten sie ebenfalls herausfinden, ob jemand eine m\u00f6gliche Gefahr darstellt.<\/p>\n<p>\u201eIntegrationslotsen\u201c k\u00f6nnen uns helfen, den Hintergrund der Schutzsuchenden besser zu beleuchten. Nicht nur die oft zitierten \u201ejungen M\u00e4nner\u201c aus bestimmten Regionen der Welt, in denen staatliche Strukturen nicht oder nur f\u00f6rmlich existieren und Recht nur auf religi\u00f6sen Dogmen basiert, m\u00fcssen lernen, wie \u201ewir ticken\u201c und warum die Dinge bei uns so sind, wie sie eben sind.<\/p>\n<p>Warum gehen also das BAMF, die Bundesagentur f\u00fcr Arbeit oder die Landrats\u00e4mter bzw. die Kommunen nicht den Weg, gut integrierte Iraker, Iraner, Syrer und Afghanen einstellen, die neben der deutschen Sprache auch englisch, arabisch, persisch oder Paschto sprechen? Es gibt sie, die Menschen, die als \u201eIntegrationslotsen\u201c fungieren k\u00f6nnten &#8211; und zwar durchaus zahlreich. Dies kann ich aus meiner jahrelangen Arbeit bei der Sprachintegration von Menschen, die aus den verschiedensten Gr\u00fcnden in unser Land kommen, best\u00e4tigen.<\/p>\n<h4><strong>Unser Rechtssystem \u2013 und seine Grenzen<\/strong><\/h4>\n<p>Unser Rechtssystem ist gut und stark, aber es hat auch gro\u00dfe Defizite! Es darf nicht sein, dass Wiederholungst\u00e4ter, die mehrere Straftaten begangen haben, auf freiem Fu\u00df sind. Wenn Menschen kriminell werden, muss das Konsequenzen haben. Die gilt nicht nur f\u00fcr kriminell gewordene Schutzsuchende.<\/p>\n<p>Die Menschen, die zu uns kommen, haben von unserem Land oft ein falsches Bild. Sie sind plural, wie auch wir plural sind. Es gibt viele von ihnen, die eine gute Vorbildung haben, Schulen oder sogar Universit\u00e4ten besucht haben und \u00fcber Berufe verf\u00fcgen, die sie in ihren Heimatl\u00e4ndern ausge\u00fcbt hatten. Viele haben eine klare Vorstellung, wie Deutschland aussieht und wie unser Land \u201efunktioniert\u201c. Die gro\u00dfe Mehrzahl der Schutzsuchenden ist so friedlich und gesetzestreu, wie es auch die Mehrzahl von uns Deutschen ist.<\/p>\n<p>Wie auch bei uns gibt es aber eine kleine Minderheit mit anderen Vorstellungen. Sie gehen davon aus, dass unser Land ein wirtschaftliches Paradies sei, wo man bei der Ankunft gleich eine Wohnung, ein Auto und finanziellen Wohlstand bekommt. Die nicht erf\u00fcllbaren Erwartungen dieses Personenkreises bergen Gefahren und potenzielle Entt\u00e4uschungen.<\/p>\n<h4><strong>Fazit<\/strong><\/h4>\n<p>Die Politik darf nicht nur mit besser gesteuerter Asylpolitik handeln, sondern muss f\u00fcr qualifizierte Verfahrensabl\u00e4ufe sorgen. Dabei k\u00f6nnen anerkannte Schutzsuchende als \u201eIntegrationslotsen eine tragende Rolle spielen.<\/p>\n<p>Gesellschaft und Politik d\u00fcrfen sich nicht durch einseitige, populistisch gepr\u00e4gte und immer fragmentierte Betrachtungen spalten lassen. Zu den Vorteilen unseres Staates geh\u00f6rt auch seine Transparenz.<\/p>\n<p>Wir m\u00fcssen uns nur die Zeit nehmen, genauer hinzuschauen.<\/p>\n<p style=\"text-align: right;\">Ralf Roschlau, 17.12.2024<\/p>\n<p><em>Ralf Roschlau besch\u00e4ftigt sich seit vielen Jahren mit den Fragen und m\u00f6glichen Antworten zum Klimawandel. Der zweifache Buchautor schreibt regelm\u00e4\u00dfige Beitr\u00e4ge zu Klima und Nachhaltigkeit f\u00fcr <\/em><a href=\"http:\/\/www.daswetter.com\"><em>www.daswetter.com<\/em><\/a><em> und die Stuttgarter Stra\u00dfenzeitung Trott-War. Er ist Gastdozent an der <\/em><a href=\"https:\/\/www.uni-konstanz.de\/\"><em>Uni Konstanz<\/em><\/a><em> und Referent bei der VHS Unterland und freien bzw. kommunalen Institutionen. Seine internationalen journalistischen Verbindungen bestehen unter anderem zum deutschen Netzwerk Klimajournalismus, zu Carbon Brief sowie zu Covering Climate Now. <\/em><\/p>\n<p>&nbsp;<\/p>\n<div class=\"shariff shariff-align-left shariff-widget-align-left shariff-buttonstretch\" style=\"display:none\"><ul class=\"shariff-buttons theme-white orientation-horizontal buttonsize-medium\"><li class=\"shariff-button facebook shariff-nocustomcolor\" style=\"background-color:#4273c8\"><a href=\"https:\/\/www.facebook.com\/sharer\/sharer.php?u=https%3A%2F%2Fstarke-meinungen.de%2Fblog%2F2024%2F12%2F17%2Fwie-lenken-wir-die-diskussionen-um-die-asylpolitik-in-eine-konstruktive-richtung%2F\" title=\"Bei Facebook teilen\" aria-label=\"Bei Facebook teilen\" role=\"button\" rel=\"nofollow\" class=\"shariff-link\" style=\"; background-color:#3b5998; color:#3b5998\" target=\"_blank\"><span class=\"shariff-icon\" style=\"fill:#3b5998\"><svg width=\"32px\" height=\"20px\" xmlns=\"http:\/\/www.w3.org\/2000\/svg\" viewBox=\"0 0 18 32\"><path fill=\"#3b5998\" d=\"M17.1 0.2v4.7h-2.8q-1.5 0-2.1 0.6t-0.5 1.9v3.4h5.2l-0.7 5.3h-4.5v13.6h-5.5v-13.6h-4.5v-5.3h4.5v-3.9q0-3.3 1.9-5.2t5-1.8q2.6 0 4.1 0.2z\"\/><\/svg><\/span><span class=\"shariff-text\" style=\"color:#3b5998\">teilen<\/span>&nbsp;<\/a><\/li><li class=\"shariff-button twitter shariff-nocustomcolor\" style=\"background-color:#595959\"><a href=\"https:\/\/twitter.com\/share?url=https%3A%2F%2Fstarke-meinungen.de%2Fblog%2F2024%2F12%2F17%2Fwie-lenken-wir-die-diskussionen-um-die-asylpolitik-in-eine-konstruktive-richtung%2F&text=Wie%20lenken%20wir%20die%20Diskussionen%20um%20die%20Asylpolitik%20in%20eine%20konstruktive%20Richtung%3F&via=starkemeinungen\" title=\"Bei X teilen\" aria-label=\"Bei X teilen\" role=\"button\" rel=\"noopener nofollow\" class=\"shariff-link\" style=\"; background-color:#000; color:#000\" target=\"_blank\"><span class=\"shariff-icon\" style=\"fill:#000\"><svg width=\"32px\" height=\"20px\" xmlns=\"http:\/\/www.w3.org\/2000\/svg\" viewBox=\"0 0 24 24\"><path fill=\"#000\" d=\"M14.258 10.152L23.176 0h-2.113l-7.747 8.813L7.133 0H0l9.352 13.328L0 23.973h2.113l8.176-9.309 6.531 9.309h7.133zm-2.895 3.293l-.949-1.328L2.875 1.56h3.246l6.086 8.523.945 1.328 7.91 11.078h-3.246zm0 0\"\/><\/svg><\/span><span class=\"shariff-text\" style=\"color:#000\">teilen<\/span>&nbsp;<\/a><\/li><li class=\"shariff-button linkedin shariff-nocustomcolor\" style=\"background-color:#1488bf\"><a href=\"https:\/\/www.linkedin.com\/sharing\/share-offsite\/?url=https%3A%2F%2Fstarke-meinungen.de%2Fblog%2F2024%2F12%2F17%2Fwie-lenken-wir-die-diskussionen-um-die-asylpolitik-in-eine-konstruktive-richtung%2F\" title=\"Bei LinkedIn teilen\" aria-label=\"Bei LinkedIn teilen\" role=\"button\" rel=\"noopener nofollow\" class=\"shariff-link\" style=\"; background-color:#0077b5; color:#0077b5\" target=\"_blank\"><span class=\"shariff-icon\" style=\"fill:#0077b5\"><svg width=\"32px\" height=\"20px\" xmlns=\"http:\/\/www.w3.org\/2000\/svg\" viewBox=\"0 0 27 32\"><path fill=\"#0077b5\" d=\"M6.2 11.2v17.7h-5.9v-17.7h5.9zM6.6 5.7q0 1.3-0.9 2.2t-2.4 0.9h0q-1.5 0-2.4-0.9t-0.9-2.2 0.9-2.2 2.4-0.9 2.4 0.9 0.9 2.2zM27.4 18.7v10.1h-5.9v-9.5q0-1.9-0.7-2.9t-2.3-1.1q-1.1 0-1.9 0.6t-1.2 1.5q-0.2 0.5-0.2 1.4v9.9h-5.9q0-7.1 0-11.6t0-5.3l0-0.9h5.9v2.6h0q0.4-0.6 0.7-1t1-0.9 1.6-0.8 2-0.3q3 0 4.9 2t1.9 6z\"\/><\/svg><\/span><span class=\"shariff-text\" style=\"color:#0077b5\">teilen<\/span>&nbsp;<\/a><\/li><li class=\"shariff-button xing shariff-nocustomcolor\" style=\"background-color:#29888a\"><a href=\"https:\/\/www.xing.com\/spi\/shares\/new?url=https%3A%2F%2Fstarke-meinungen.de%2Fblog%2F2024%2F12%2F17%2Fwie-lenken-wir-die-diskussionen-um-die-asylpolitik-in-eine-konstruktive-richtung%2F\" title=\"Bei XING teilen\" aria-label=\"Bei XING teilen\" role=\"button\" rel=\"noopener nofollow\" class=\"shariff-link\" style=\"; background-color:#126567; color:#126567\" target=\"_blank\"><span class=\"shariff-icon\" style=\"fill:#126567\"><svg width=\"32px\" height=\"20px\" xmlns=\"http:\/\/www.w3.org\/2000\/svg\" viewBox=\"0 0 25 32\"><path fill=\"#126567\" d=\"M10.7 11.9q-0.2 0.3-4.6 8.2-0.5 0.8-1.2 0.8h-4.3q-0.4 0-0.5-0.3t0-0.6l4.5-8q0 0 0 0l-2.9-5q-0.2-0.4 0-0.7 0.2-0.3 0.5-0.3h4.3q0.7 0 1.2 0.8zM25.1 0.4q0.2 0.3 0 0.7l-9.4 16.7 6 11q0.2 0.4 0 0.6-0.2 0.3-0.6 0.3h-4.3q-0.7 0-1.2-0.8l-6-11.1q0.3-0.6 9.5-16.8 0.4-0.8 1.2-0.8h4.3q0.4 0 0.5 0.3z\"\/><\/svg><\/span><span class=\"shariff-text\" style=\"color:#126567\">teilen<\/span>&nbsp;<\/a><\/li><li class=\"shariff-button whatsapp shariff-nocustomcolor\" style=\"background-color:#5cbe4a\"><a href=\"https:\/\/api.whatsapp.com\/send?text=https%3A%2F%2Fstarke-meinungen.de%2Fblog%2F2024%2F12%2F17%2Fwie-lenken-wir-die-diskussionen-um-die-asylpolitik-in-eine-konstruktive-richtung%2F%20Wie%20lenken%20wir%20die%20Diskussionen%20um%20die%20Asylpolitik%20in%20eine%20konstruktive%20Richtung%3F\" title=\"Bei Whatsapp teilen\" aria-label=\"Bei Whatsapp teilen\" role=\"button\" rel=\"noopener nofollow\" class=\"shariff-link\" style=\"; background-color:#34af23; color:#34af23\" target=\"_blank\"><span class=\"shariff-icon\" style=\"fill:#34af23\"><svg width=\"32px\" height=\"20px\" xmlns=\"http:\/\/www.w3.org\/2000\/svg\" viewBox=\"0 0 32 32\"><path fill=\"#34af23\" d=\"M17.6 17.4q0.2 0 1.7 0.8t1.6 0.9q0 0.1 0 0.3 0 0.6-0.3 1.4-0.3 0.7-1.3 1.2t-1.8 0.5q-1 0-3.4-1.1-1.7-0.8-3-2.1t-2.6-3.3q-1.3-1.9-1.3-3.5v-0.1q0.1-1.6 1.3-2.8 0.4-0.4 0.9-0.4 0.1 0 0.3 0t0.3 0q0.3 0 0.5 0.1t0.3 0.5q0.1 0.4 0.6 1.6t0.4 1.3q0 0.4-0.6 1t-0.6 0.8q0 0.1 0.1 0.3 0.6 1.3 1.8 2.4 1 0.9 2.7 1.8 0.2 0.1 0.4 0.1 0.3 0 1-0.9t0.9-0.9zM14 26.9q2.3 0 4.3-0.9t3.6-2.4 2.4-3.6 0.9-4.3-0.9-4.3-2.4-3.6-3.6-2.4-4.3-0.9-4.3 0.9-3.6 2.4-2.4 3.6-0.9 4.3q0 3.6 2.1 6.6l-1.4 4.2 4.3-1.4q2.8 1.9 6.2 1.9zM14 2.2q2.7 0 5.2 1.1t4.3 2.9 2.9 4.3 1.1 5.2-1.1 5.2-2.9 4.3-4.3 2.9-5.2 1.1q-3.5 0-6.5-1.7l-7.4 2.4 2.4-7.2q-1.9-3.2-1.9-6.9 0-2.7 1.1-5.2t2.9-4.3 4.3-2.9 5.2-1.1z\"\/><\/svg><\/span><span class=\"shariff-text\" style=\"color:#34af23\">teilen<\/span>&nbsp;<\/a><\/li><li class=\"shariff-button info shariff-nocustomcolor\" style=\"background-color:#a8a8a8\"><a href=\"http:\/\/ct.de\/-2467514\" title=\"Weitere Informationen\" aria-label=\"Weitere Informationen\" role=\"button\" rel=\"noopener \" class=\"shariff-link\" style=\"; background-color:#999; color:#999\" target=\"_blank\"><span class=\"shariff-icon\" style=\"fill:#999\"><svg width=\"32px\" height=\"20px\" xmlns=\"http:\/\/www.w3.org\/2000\/svg\" viewBox=\"0 0 11 32\"><path fill=\"#999\" d=\"M11.4 24v2.3q0 0.5-0.3 0.8t-0.8 0.4h-9.1q-0.5 0-0.8-0.4t-0.4-0.8v-2.3q0-0.5 0.4-0.8t0.8-0.4h1.1v-6.8h-1.1q-0.5 0-0.8-0.4t-0.4-0.8v-2.3q0-0.5 0.4-0.8t0.8-0.4h6.8q0.5 0 0.8 0.4t0.4 0.8v10.3h1.1q0.5 0 0.8 0.4t0.3 0.8zM9.2 3.4v3.4q0 0.5-0.4 0.8t-0.8 0.4h-4.6q-0.4 0-0.8-0.4t-0.4-0.8v-3.4q0-0.4 0.4-0.8t0.8-0.4h4.6q0.5 0 0.8 0.4t0.4 0.8z\"\/><\/svg><\/span><\/a><\/li><\/ul><\/div>","protected":false},"excerpt":{"rendered":"<p>Eine der vielen Vorteile unseres demokratischen Landes ist die vollst\u00e4ndige Transparenz, wenn man sie denn sucht. Die Quelle dazu ist das statistische Bundesamt. Dort erscheinen in regelm\u00e4\u00dfigen Abst\u00e4nden die Zahlen des Ausl\u00e4nder-Zentralregisters (AZR). Dies beinhaltet auch die genauen Bev\u00f6lkerungszahlen unseres Landes zum jeweiligen Stichtag, in meinem Beitrag der 31.12.2023. 25 Prozent der Deutschen haben eine Einwanderungsgeschichte Die Einwohnerzahl Deutschlands lag&#8230; <a href=\"https:\/\/starke-meinungen.de\/blog\/2024\/12\/17\/wie-lenken-wir-die-diskussionen-um-die-asylpolitik-in-eine-konstruktive-richtung\/\">Weiterlesen &raquo;<\/a><\/p>\n","protected":false},"author":53,"featured_media":0,"comment_status":"open","ping_status":"open","sticky":false,"template":"","format":"standard","meta":{"footnotes":""},"categories":[1],"tags":[1733],"class_list":["post-10818","post","type-post","status-publish","format-standard","hentry","category-allgemein","tag-fluchtlinge"],"yoast_head":"<!-- This site is optimized with the Yoast SEO plugin v27.4 - https:\/\/yoast.com\/product\/yoast-seo-wordpress\/ -->\n<title>Wie lenken wir die Diskussionen um die Asylpolitik in eine konstruktive Richtung? - starke-meinungen.de<\/title>\n<meta name=\"robots\" content=\"index, follow, max-snippet:-1, max-image-preview:large, max-video-preview:-1\" \/>\n<link rel=\"canonical\" href=\"https:\/\/starke-meinungen.de\/blog\/2024\/12\/17\/wie-lenken-wir-die-diskussionen-um-die-asylpolitik-in-eine-konstruktive-richtung\/\" \/>\n<meta property=\"og:locale\" content=\"de_DE\" \/>\n<meta property=\"og:type\" content=\"article\" \/>\n<meta property=\"og:title\" content=\"Wie lenken wir die Diskussionen um die Asylpolitik in eine konstruktive Richtung? - starke-meinungen.de\" \/>\n<meta property=\"og:description\" content=\"Eine der vielen Vorteile unseres demokratischen Landes ist die vollst\u00e4ndige Transparenz, wenn man sie denn sucht. Die Quelle dazu ist das statistische Bundesamt. Dort erscheinen in regelm\u00e4\u00dfigen Abst\u00e4nden die Zahlen des Ausl\u00e4nder-Zentralregisters (AZR). Dies beinhaltet auch die genauen Bev\u00f6lkerungszahlen unseres Landes zum jeweiligen Stichtag, in meinem Beitrag der 31.12.2023. 25 Prozent der Deutschen haben eine Einwanderungsgeschichte Die Einwohnerzahl Deutschlands lag... Weiterlesen &raquo;\" \/>\n<meta property=\"og:url\" content=\"https:\/\/starke-meinungen.de\/blog\/2024\/12\/17\/wie-lenken-wir-die-diskussionen-um-die-asylpolitik-in-eine-konstruktive-richtung\/\" \/>\n<meta property=\"og:site_name\" content=\"starke-meinungen.de\" \/>\n<meta property=\"article:publisher\" content=\"https:\/\/www.facebook.com\/starkemeinungen\/\" \/>\n<meta property=\"article:published_time\" content=\"2024-12-17T16:13:58+00:00\" \/>\n<meta property=\"article:modified_time\" content=\"2026-01-30T11:25:22+00:00\" \/>\n<meta property=\"og:image\" content=\"https:\/\/starke-meinungen.de\/blog\/wp-content\/uploads\/starke-meinungen-fb-header.jpg\" \/>\n\t<meta property=\"og:image:width\" content=\"1200\" \/>\n\t<meta property=\"og:image:height\" content=\"630\" \/>\n\t<meta property=\"og:image:type\" content=\"image\/jpeg\" \/>\n<meta name=\"author\" content=\"Ralf Roschlau\" \/>\n<meta name=\"twitter:card\" content=\"summary_large_image\" \/>\n<meta name=\"twitter:creator\" content=\"@starkemeinungen\" \/>\n<meta name=\"twitter:site\" content=\"@starkemeinungen\" \/>\n<meta name=\"twitter:label1\" content=\"Verfasst von\" \/>\n\t<meta name=\"twitter:data1\" content=\"Ralf Roschlau\" \/>\n\t<meta name=\"twitter:label2\" content=\"Gesch\u00e4tzte Lesezeit\" \/>\n\t<meta name=\"twitter:data2\" content=\"9\u00a0Minuten\" \/>\n<script type=\"application\/ld+json\" class=\"yoast-schema-graph\">{\"@context\":\"https:\\\/\\\/schema.org\",\"@graph\":[{\"@type\":\"Article\",\"@id\":\"https:\\\/\\\/starke-meinungen.de\\\/blog\\\/2024\\\/12\\\/17\\\/wie-lenken-wir-die-diskussionen-um-die-asylpolitik-in-eine-konstruktive-richtung\\\/#article\",\"isPartOf\":{\"@id\":\"https:\\\/\\\/starke-meinungen.de\\\/blog\\\/2024\\\/12\\\/17\\\/wie-lenken-wir-die-diskussionen-um-die-asylpolitik-in-eine-konstruktive-richtung\\\/\"},\"author\":{\"name\":\"Ralf Roschlau\",\"@id\":\"https:\\\/\\\/starke-meinungen.de\\\/blog\\\/#\\\/schema\\\/person\\\/a0c92ecf7b0f5954da6565ffea77125a\"},\"headline\":\"Wie lenken wir die Diskussionen um die Asylpolitik in eine konstruktive Richtung?\",\"datePublished\":\"2024-12-17T16:13:58+00:00\",\"dateModified\":\"2026-01-30T11:25:22+00:00\",\"mainEntityOfPage\":{\"@id\":\"https:\\\/\\\/starke-meinungen.de\\\/blog\\\/2024\\\/12\\\/17\\\/wie-lenken-wir-die-diskussionen-um-die-asylpolitik-in-eine-konstruktive-richtung\\\/\"},\"wordCount\":1595,\"commentCount\":7,\"publisher\":{\"@id\":\"https:\\\/\\\/starke-meinungen.de\\\/blog\\\/#organization\"},\"keywords\":[\"Fl\u00fcchtlinge\"],\"inLanguage\":\"de\",\"potentialAction\":[{\"@type\":\"CommentAction\",\"name\":\"Comment\",\"target\":[\"https:\\\/\\\/starke-meinungen.de\\\/blog\\\/2024\\\/12\\\/17\\\/wie-lenken-wir-die-diskussionen-um-die-asylpolitik-in-eine-konstruktive-richtung\\\/#respond\"]}]},{\"@type\":\"WebPage\",\"@id\":\"https:\\\/\\\/starke-meinungen.de\\\/blog\\\/2024\\\/12\\\/17\\\/wie-lenken-wir-die-diskussionen-um-die-asylpolitik-in-eine-konstruktive-richtung\\\/\",\"url\":\"https:\\\/\\\/starke-meinungen.de\\\/blog\\\/2024\\\/12\\\/17\\\/wie-lenken-wir-die-diskussionen-um-die-asylpolitik-in-eine-konstruktive-richtung\\\/\",\"name\":\"Wie lenken wir die Diskussionen um die Asylpolitik in eine konstruktive Richtung? - starke-meinungen.de\",\"isPartOf\":{\"@id\":\"https:\\\/\\\/starke-meinungen.de\\\/blog\\\/#website\"},\"datePublished\":\"2024-12-17T16:13:58+00:00\",\"dateModified\":\"2026-01-30T11:25:22+00:00\",\"breadcrumb\":{\"@id\":\"https:\\\/\\\/starke-meinungen.de\\\/blog\\\/2024\\\/12\\\/17\\\/wie-lenken-wir-die-diskussionen-um-die-asylpolitik-in-eine-konstruktive-richtung\\\/#breadcrumb\"},\"inLanguage\":\"de\",\"potentialAction\":[{\"@type\":\"ReadAction\",\"target\":[\"https:\\\/\\\/starke-meinungen.de\\\/blog\\\/2024\\\/12\\\/17\\\/wie-lenken-wir-die-diskussionen-um-die-asylpolitik-in-eine-konstruktive-richtung\\\/\"]}]},{\"@type\":\"BreadcrumbList\",\"@id\":\"https:\\\/\\\/starke-meinungen.de\\\/blog\\\/2024\\\/12\\\/17\\\/wie-lenken-wir-die-diskussionen-um-die-asylpolitik-in-eine-konstruktive-richtung\\\/#breadcrumb\",\"itemListElement\":[{\"@type\":\"ListItem\",\"position\":1,\"name\":\"Startseite\",\"item\":\"https:\\\/\\\/starke-meinungen.de\\\/blog\\\/\"},{\"@type\":\"ListItem\",\"position\":2,\"name\":\"Wie lenken wir die Diskussionen um die Asylpolitik in eine konstruktive Richtung?\"}]},{\"@type\":\"WebSite\",\"@id\":\"https:\\\/\\\/starke-meinungen.de\\\/blog\\\/#website\",\"url\":\"https:\\\/\\\/starke-meinungen.de\\\/blog\\\/\",\"name\":\"starke-meinungen.de\",\"description\":\"Autoren-Blog\",\"publisher\":{\"@id\":\"https:\\\/\\\/starke-meinungen.de\\\/blog\\\/#organization\"},\"potentialAction\":[{\"@type\":\"SearchAction\",\"target\":{\"@type\":\"EntryPoint\",\"urlTemplate\":\"https:\\\/\\\/starke-meinungen.de\\\/blog\\\/?s={search_term_string}\"},\"query-input\":{\"@type\":\"PropertyValueSpecification\",\"valueRequired\":true,\"valueName\":\"search_term_string\"}}],\"inLanguage\":\"de\"},{\"@type\":\"Organization\",\"@id\":\"https:\\\/\\\/starke-meinungen.de\\\/blog\\\/#organization\",\"name\":\"starke-meinungen.de\",\"url\":\"https:\\\/\\\/starke-meinungen.de\\\/blog\\\/\",\"logo\":{\"@type\":\"ImageObject\",\"inLanguage\":\"de\",\"@id\":\"https:\\\/\\\/starke-meinungen.de\\\/blog\\\/#\\\/schema\\\/logo\\\/image\\\/\",\"url\":\"https:\\\/\\\/starke-meinungen.de\\\/blog\\\/wp-content\\\/uploads\\\/starke-meinungen-fb-header.jpg\",\"contentUrl\":\"https:\\\/\\\/starke-meinungen.de\\\/blog\\\/wp-content\\\/uploads\\\/starke-meinungen-fb-header.jpg\",\"width\":1200,\"height\":630,\"caption\":\"starke-meinungen.de\"},\"image\":{\"@id\":\"https:\\\/\\\/starke-meinungen.de\\\/blog\\\/#\\\/schema\\\/logo\\\/image\\\/\"},\"sameAs\":[\"https:\\\/\\\/www.facebook.com\\\/starkemeinungen\\\/\",\"https:\\\/\\\/x.com\\\/starkemeinungen\"]},{\"@type\":\"Person\",\"@id\":\"https:\\\/\\\/starke-meinungen.de\\\/blog\\\/#\\\/schema\\\/person\\\/a0c92ecf7b0f5954da6565ffea77125a\",\"name\":\"Ralf Roschlau\",\"image\":{\"@type\":\"ImageObject\",\"inLanguage\":\"de\",\"@id\":\"https:\\\/\\\/secure.gravatar.com\\\/avatar\\\/42e5835ffcba97293bc1f2507aed0c418d24e376f5151202e9241f0704c4f6ab?s=96&d=mm&r=g\",\"url\":\"https:\\\/\\\/secure.gravatar.com\\\/avatar\\\/42e5835ffcba97293bc1f2507aed0c418d24e376f5151202e9241f0704c4f6ab?s=96&d=mm&r=g\",\"contentUrl\":\"https:\\\/\\\/secure.gravatar.com\\\/avatar\\\/42e5835ffcba97293bc1f2507aed0c418d24e376f5151202e9241f0704c4f6ab?s=96&d=mm&r=g\",\"caption\":\"Ralf Roschlau\"},\"url\":\"https:\\\/\\\/starke-meinungen.de\\\/blog\\\/author\\\/roschlau\\\/\"}]}<\/script>\n<!-- \/ Yoast SEO plugin. -->","yoast_head_json":{"title":"Wie lenken wir die Diskussionen um die Asylpolitik in eine konstruktive Richtung? - starke-meinungen.de","robots":{"index":"index","follow":"follow","max-snippet":"max-snippet:-1","max-image-preview":"max-image-preview:large","max-video-preview":"max-video-preview:-1"},"canonical":"https:\/\/starke-meinungen.de\/blog\/2024\/12\/17\/wie-lenken-wir-die-diskussionen-um-die-asylpolitik-in-eine-konstruktive-richtung\/","og_locale":"de_DE","og_type":"article","og_title":"Wie lenken wir die Diskussionen um die Asylpolitik in eine konstruktive Richtung? - starke-meinungen.de","og_description":"Eine der vielen Vorteile unseres demokratischen Landes ist die vollst\u00e4ndige Transparenz, wenn man sie denn sucht. Die Quelle dazu ist das statistische Bundesamt. Dort erscheinen in regelm\u00e4\u00dfigen Abst\u00e4nden die Zahlen des Ausl\u00e4nder-Zentralregisters (AZR). Dies beinhaltet auch die genauen Bev\u00f6lkerungszahlen unseres Landes zum jeweiligen Stichtag, in meinem Beitrag der 31.12.2023. 25 Prozent der Deutschen haben eine Einwanderungsgeschichte Die Einwohnerzahl Deutschlands lag... Weiterlesen &raquo;","og_url":"https:\/\/starke-meinungen.de\/blog\/2024\/12\/17\/wie-lenken-wir-die-diskussionen-um-die-asylpolitik-in-eine-konstruktive-richtung\/","og_site_name":"starke-meinungen.de","article_publisher":"https:\/\/www.facebook.com\/starkemeinungen\/","article_published_time":"2024-12-17T16:13:58+00:00","article_modified_time":"2026-01-30T11:25:22+00:00","og_image":[{"width":1200,"height":630,"url":"https:\/\/starke-meinungen.de\/blog\/wp-content\/uploads\/starke-meinungen-fb-header.jpg","type":"image\/jpeg"}],"author":"Ralf Roschlau","twitter_card":"summary_large_image","twitter_creator":"@starkemeinungen","twitter_site":"@starkemeinungen","twitter_misc":{"Verfasst von":"Ralf Roschlau","Gesch\u00e4tzte Lesezeit":"9\u00a0Minuten"},"schema":{"@context":"https:\/\/schema.org","@graph":[{"@type":"Article","@id":"https:\/\/starke-meinungen.de\/blog\/2024\/12\/17\/wie-lenken-wir-die-diskussionen-um-die-asylpolitik-in-eine-konstruktive-richtung\/#article","isPartOf":{"@id":"https:\/\/starke-meinungen.de\/blog\/2024\/12\/17\/wie-lenken-wir-die-diskussionen-um-die-asylpolitik-in-eine-konstruktive-richtung\/"},"author":{"name":"Ralf Roschlau","@id":"https:\/\/starke-meinungen.de\/blog\/#\/schema\/person\/a0c92ecf7b0f5954da6565ffea77125a"},"headline":"Wie lenken wir die Diskussionen um die Asylpolitik in eine konstruktive Richtung?","datePublished":"2024-12-17T16:13:58+00:00","dateModified":"2026-01-30T11:25:22+00:00","mainEntityOfPage":{"@id":"https:\/\/starke-meinungen.de\/blog\/2024\/12\/17\/wie-lenken-wir-die-diskussionen-um-die-asylpolitik-in-eine-konstruktive-richtung\/"},"wordCount":1595,"commentCount":7,"publisher":{"@id":"https:\/\/starke-meinungen.de\/blog\/#organization"},"keywords":["Fl\u00fcchtlinge"],"inLanguage":"de","potentialAction":[{"@type":"CommentAction","name":"Comment","target":["https:\/\/starke-meinungen.de\/blog\/2024\/12\/17\/wie-lenken-wir-die-diskussionen-um-die-asylpolitik-in-eine-konstruktive-richtung\/#respond"]}]},{"@type":"WebPage","@id":"https:\/\/starke-meinungen.de\/blog\/2024\/12\/17\/wie-lenken-wir-die-diskussionen-um-die-asylpolitik-in-eine-konstruktive-richtung\/","url":"https:\/\/starke-meinungen.de\/blog\/2024\/12\/17\/wie-lenken-wir-die-diskussionen-um-die-asylpolitik-in-eine-konstruktive-richtung\/","name":"Wie lenken wir die Diskussionen um die Asylpolitik in eine konstruktive Richtung? - starke-meinungen.de","isPartOf":{"@id":"https:\/\/starke-meinungen.de\/blog\/#website"},"datePublished":"2024-12-17T16:13:58+00:00","dateModified":"2026-01-30T11:25:22+00:00","breadcrumb":{"@id":"https:\/\/starke-meinungen.de\/blog\/2024\/12\/17\/wie-lenken-wir-die-diskussionen-um-die-asylpolitik-in-eine-konstruktive-richtung\/#breadcrumb"},"inLanguage":"de","potentialAction":[{"@type":"ReadAction","target":["https:\/\/starke-meinungen.de\/blog\/2024\/12\/17\/wie-lenken-wir-die-diskussionen-um-die-asylpolitik-in-eine-konstruktive-richtung\/"]}]},{"@type":"BreadcrumbList","@id":"https:\/\/starke-meinungen.de\/blog\/2024\/12\/17\/wie-lenken-wir-die-diskussionen-um-die-asylpolitik-in-eine-konstruktive-richtung\/#breadcrumb","itemListElement":[{"@type":"ListItem","position":1,"name":"Startseite","item":"https:\/\/starke-meinungen.de\/blog\/"},{"@type":"ListItem","position":2,"name":"Wie lenken wir die Diskussionen um die Asylpolitik in eine konstruktive Richtung?"}]},{"@type":"WebSite","@id":"https:\/\/starke-meinungen.de\/blog\/#website","url":"https:\/\/starke-meinungen.de\/blog\/","name":"starke-meinungen.de","description":"Autoren-Blog","publisher":{"@id":"https:\/\/starke-meinungen.de\/blog\/#organization"},"potentialAction":[{"@type":"SearchAction","target":{"@type":"EntryPoint","urlTemplate":"https:\/\/starke-meinungen.de\/blog\/?s={search_term_string}"},"query-input":{"@type":"PropertyValueSpecification","valueRequired":true,"valueName":"search_term_string"}}],"inLanguage":"de"},{"@type":"Organization","@id":"https:\/\/starke-meinungen.de\/blog\/#organization","name":"starke-meinungen.de","url":"https:\/\/starke-meinungen.de\/blog\/","logo":{"@type":"ImageObject","inLanguage":"de","@id":"https:\/\/starke-meinungen.de\/blog\/#\/schema\/logo\/image\/","url":"https:\/\/starke-meinungen.de\/blog\/wp-content\/uploads\/starke-meinungen-fb-header.jpg","contentUrl":"https:\/\/starke-meinungen.de\/blog\/wp-content\/uploads\/starke-meinungen-fb-header.jpg","width":1200,"height":630,"caption":"starke-meinungen.de"},"image":{"@id":"https:\/\/starke-meinungen.de\/blog\/#\/schema\/logo\/image\/"},"sameAs":["https:\/\/www.facebook.com\/starkemeinungen\/","https:\/\/x.com\/starkemeinungen"]},{"@type":"Person","@id":"https:\/\/starke-meinungen.de\/blog\/#\/schema\/person\/a0c92ecf7b0f5954da6565ffea77125a","name":"Ralf Roschlau","image":{"@type":"ImageObject","inLanguage":"de","@id":"https:\/\/secure.gravatar.com\/avatar\/42e5835ffcba97293bc1f2507aed0c418d24e376f5151202e9241f0704c4f6ab?s=96&d=mm&r=g","url":"https:\/\/secure.gravatar.com\/avatar\/42e5835ffcba97293bc1f2507aed0c418d24e376f5151202e9241f0704c4f6ab?s=96&d=mm&r=g","contentUrl":"https:\/\/secure.gravatar.com\/avatar\/42e5835ffcba97293bc1f2507aed0c418d24e376f5151202e9241f0704c4f6ab?s=96&d=mm&r=g","caption":"Ralf Roschlau"},"url":"https:\/\/starke-meinungen.de\/blog\/author\/roschlau\/"}]}},"_links":{"self":[{"href":"https:\/\/starke-meinungen.de\/blog\/wp-json\/wp\/v2\/posts\/10818","targetHints":{"allow":["GET"]}}],"collection":[{"href":"https:\/\/starke-meinungen.de\/blog\/wp-json\/wp\/v2\/posts"}],"about":[{"href":"https:\/\/starke-meinungen.de\/blog\/wp-json\/wp\/v2\/types\/post"}],"author":[{"embeddable":true,"href":"https:\/\/starke-meinungen.de\/blog\/wp-json\/wp\/v2\/users\/53"}],"replies":[{"embeddable":true,"href":"https:\/\/starke-meinungen.de\/blog\/wp-json\/wp\/v2\/comments?post=10818"}],"version-history":[{"count":14,"href":"https:\/\/starke-meinungen.de\/blog\/wp-json\/wp\/v2\/posts\/10818\/revisions"}],"predecessor-version":[{"id":16156,"href":"https:\/\/starke-meinungen.de\/blog\/wp-json\/wp\/v2\/posts\/10818\/revisions\/16156"}],"wp:attachment":[{"href":"https:\/\/starke-meinungen.de\/blog\/wp-json\/wp\/v2\/media?parent=10818"}],"wp:term":[{"taxonomy":"category","embeddable":true,"href":"https:\/\/starke-meinungen.de\/blog\/wp-json\/wp\/v2\/categories?post=10818"},{"taxonomy":"post_tag","embeddable":true,"href":"https:\/\/starke-meinungen.de\/blog\/wp-json\/wp\/v2\/tags?post=10818"}],"curies":[{"name":"wp","href":"https:\/\/api.w.org\/{rel}","templated":true}]}}