

{"id":10795,"date":"2024-12-17T13:40:15","date_gmt":"2024-12-17T12:40:15","guid":{"rendered":"https:\/\/starke-meinungen.de\/blog\/?p=10795"},"modified":"2026-01-30T12:27:00","modified_gmt":"2026-01-30T11:27:00","slug":"deutschland-und-die-drei-reiter-der-apokalypse","status":"publish","type":"post","link":"https:\/\/starke-meinungen.de\/blog\/2024\/12\/17\/deutschland-und-die-drei-reiter-der-apokalypse\/","title":{"rendered":"Deutschland und die drei Reiter der Apokalypse"},"content":{"rendered":"<p><strong>Donald Trump, Elon Musk und Javier Milei machen auf schmerzhafte Art und Weise deutlich, was in unserem Land fehlt: Klugheit, Originalit\u00e4t und Mut zur Erneuerung<\/strong><\/p>\n<p>Wenn Trump ins Spiel kommt, darf jeder mal so richtig ungehemmt aus der H\u00fcfte schie\u00dfen. \u201eNun kennen wir den Mann schon l\u00e4nger und wissen, dass er seine Einf\u00e4lle gerne rausposaunt, bevor die anderen Hirnareale sich zuschalten k\u00f6nnen\u201c, diagnostiziert Florian Harms, Chefredakteur der Plattform T-Online. Ein \u201eWichtigheimer\u201c sei der designierte Pr\u00e4sident der Vereinigten Staaten, hei\u00dft es weiter in seinem Morgen-Newsletter.<\/p>\n<p><!--more--><\/p>\n<p>Auf X \u2013 fr\u00fcher Twitter \u2013 verstiegen sich die Diplomaten des Ausw\u00e4rtigen Amts auf ihrem offiziellen Kanal zu der eher undiplomatischen Bemerkung in Richtung Trump: \u201eWir essen auch keine Katzen und Hunde.\u201c Aus den USA wurde Annalena Baerbock aufgrund dieser und anderer Tweets Beeinflussung des Wahlkampfes vorgeworfen. Na ja. Fest steht jedenfalls: Nicht nur das Ausw\u00e4rtige Amt machte mehr als deutlich, wen sich viele deutsche Politiker im Wei\u00dfen Haus w\u00fcnschten. Vor allem aber: Wen sie sich nicht w\u00fcnschten.<\/p>\n<p>Zu Trump haben sich in den vergangenen Wochen zwei weitere Protagonisten gesellt, die deutsches Kopfsch\u00fctteln provozieren. Der Kettens\u00e4genmann und der reichste Mann der Welt. Nein, wir reden hier nicht \u00fcber den neuen Marvel-Film.<\/p>\n<p><strong>Also wird der Quatsch beseitigt<\/strong><\/p>\n<p>Javier Milei ist \u00d6konom, Autor und seit Dezember 2023 Pr\u00e4sident Argentiniens. Mit seinen Kettens\u00e4gen-Auftritten hat er sich zu einer Ikone stilisiert und es ins Amt geschafft. Politik arbeitet er seitdem an einem dringend notwendigen Neustart seines Landes, das seit vielen Jahren in einem desolaten D\u00e4mmerschlaf vor sich hin modert und immer weiter den wirtschaftlichen Bach herunter ging. Ohne jeder Perspektive auf Besserung. Doch diese hoffnungslosen Zeiten sind offenbar vergessen. Kein Mensch interessiert sich mehr daf\u00fcr. Weil es ja jetzt Milei gibt.<\/p>\n<p>Auf einmal werden Armutsquoten und andere Zahlen aus den Tiefen der Statistik bem\u00fcht, um zu beweisen, dass dieser \u201erechtsradikale Populist\u201c, dieser \u201easoziale Libert\u00e4re\u201c, dieser \u201eAnarchokapitalist\u201c das Land, das l\u00e4ngst in einem Abgrund versunken war, in einen Abgrund rei\u00dft und nat\u00fcrlich alles falsch macht. Aber was macht er eigentlich? Milei schaut k\u00fchl rechnend wie ein Unternehmer auf die Ausgaben des argentinischen Staates. Und er stellt fest: Es wird zu viel Geld f\u00fcr Quatsch ausgegeben. Also wird der Quatsch beseitigt. Auch wenn das erstmal schmerzt. Das \u00e4rgert nat\u00fcrlich die Leuten am meisten, die sehr gut von diesem Quatsch leben. Auch hier in Deutschland. Alle anderen sch\u00f6pfen Hoffnung, dass sich endlich etwas bewegt.<\/p>\n<p><strong>Die Stimme der Leute hat Gewicht<\/strong><\/p>\n<p>Tesla-Chef Elon Musk hat im kommenden Jahr einen \u00e4hnlichen Job unter Donald Trump. Er wird quasi CEO der Trump-Regierung. Mit dem klaren Auftrag: Kosten sparen, staatliche Unsinnsausgaben identifizieren und beseitigen und f\u00fcr schlanke, effiziente Strukturen sorgen. Trump m\u00f6chte, dass nicht die Beamten in den Ministerien bestimmen, was in der Politik passiert, egal unter welcher Regierung. Er will, dass die W\u00e4hler sp\u00fcren, dass ihre Stimme Gewicht hat. Das ist nat\u00fcrlich die gr\u00f6\u00dfte denkbare Bedrohung f\u00fcr Leute, die in diesen Strukturen arbeiten und sehr viel Geld daf\u00fcr bekommen \u2013 und denen die Leute vollkommen egal sind. Seitdem diese Bedrohung im Raum steht und ein Gesicht und einen eignes Soziales Netzwerk bekommen hat, wird Musk jedenfalls noch h\u00e4ufiger als \u201etransphob\u201c, \u201eVerschw\u00f6rungstheoretiker\u201c oder \u201eantisemitisch\u201c bezeichnet.<\/p>\n<p>Wie gehen wir in Deutschland mit diesen drei Reitern der Apokalypse um? Die Regierungsmitglieder haben einen klaren Auftrag. Sie sollen ihre \u201eKraft dem Wohle des deutschen Volkes widmen, seinen Nutzen mehren, Schaden von ihm wenden.\u201c Nun muss jeder selber beurteilen, ob es dem deutschen Volk in irgendeiner Weise hilft, wenn sich Minister und viele Politiker gegen den kommenden US-Pr\u00e4sidenten, seine Mitarbeiter oder Argentiniens Pr\u00e4sident aussprechen. Trump hat au\u00dferdem bestimmt nicht vergessen, wie sich ein deutscher Minister das Lachen nicht verkneifen wollte, als er vollkommen zurecht davor warnte, dass Deutschland sich von russischem Gas abh\u00e4ngig gemacht habe.<\/p>\n<p><strong>Keine Chance, freundschaftlich mit uns umzugehen<\/strong><\/p>\n<p>\u2022 Statt mit dem m\u00e4chtigsten Mann der Welt diplomatisch und klug umzugehen, um strategisch den gr\u00f6\u00dften Nutzen aus der neuen politischen Gro\u00dfwetterlage f\u00fcr unser Land zu ziehen, l\u00e4sst man dem ungeliebten Donald Trump keine Chance, freundschaftlich mit Deutschland umzugehen.<\/p>\n<p>\u2022 Statt sich von Elon Musk abzuschauen, wie Disruption funktioniert, wie man mutig mit neuen Technologien neue M\u00e4rkte erschlie\u00dft, wie man Prozesse neu denkt und auch auf Regierungsebene effizienter arbeiten kann, wird dieser Mann zum d\u00fcsteren Feindbild aufgebaut.<\/p>\n<p>\u2022 Statt sich damit zu besch\u00e4ftigen, welche Aspekte der radikalen Politik von Milei in Argentinien auch in Deutschland \u00fcbernehmen lie\u00dfen, um zum Beispiel den oft beschworenen und nie umgesetzten B\u00fcrokratieabbau endlich umzusetzen, wird Milei als \u201eultrarechts\u201c d\u00e4monisiert.<\/p>\n<p><strong>Wer will schon dauernd Sympathen?<\/strong><\/p>\n<p>Bitte nicht falsch verstehen. Die drei Reiter der Apokalypse sind keine Sympathen. Das wollen sie auch nicht sein. Im Gegensatz zu vielen deutschen Politikern. Das sollte aber niemand hindern, von ihnen zu lernen und etwas mehr Respekt zu zeigen. Wer das nicht kann oder will, dem fehlt die strategische Klugheit, um erfolgreiche Entscheidungen zu treffen. Im Fall von Politikern w\u00e4re das verheerend f\u00fcr unser Land. Denn da darf es eben gerade nicht um Sympathie gehen, sondern nur um k\u00fchle Strategien f\u00fcr die erfolgreiche Zukunft unseres Landes.<\/p>\n<p>Journalisten wie Herr Harms k\u00f6nnen nat\u00fcrlich endlos weiterschreiben, dass sie Trump vor allem f\u00fcr einen Idioten, Musk f\u00fcr einen Antisemiten und Milei f\u00fcr einen Kettens\u00e4ger halten. Auch der Spiegel darf seinen Lesern in endloser Abfolge von Titelgeschichten schildern, was f\u00fcr eine verachtenswerte Person Donald Trump ist. Nur: Sonderlich originell ist das schon lange nicht mehr. Eher ein bisschen einf\u00e4ltig, humorlos und stumpf. Ein bisschen deutsch vielleicht auch. Das Dauerkopfsch\u00fctteln und dieses gouvernantenhafte Naser\u00fcmpfen sagt am Ende mehr \u00fcber die ziemlich flache intellektuelle Landschaft, die Mutlosigkeit und Einf\u00e4ltigkeit in unserem Land aus als \u00fcber die drei Reiter der Apokalypse, vor denen sich viele Deutschen so sehr f\u00fcrchten.<\/p>\n<p>&nbsp;<\/p>\n<p>&nbsp;<\/p>\n<p>&nbsp;<\/p>\n<p><em>Frank Schmiechen ist Journalist und Musiker. Er startete als Reporter bei der Bergedorf Zeitung, war sp\u00e4ter unter anderem Stellv. Chefredakteur der WELT und Chefredakteur des Online-Mediums Gr\u00fcnderszene. Seit einigen Jahren arbeitet er freiberuflich als Kommunikationsberater. In den 70er Jahren begann er seine Musiker-Karriere als Songschreiber, Bassist, Gitarrist und Pianist. Sein Herz schl\u00e4gt auch f\u00fcr Wein aus dem Languedoc und den HSV. Frank Schmiechen lebt in Berlin und hat vier T\u00f6chter. \u00a0<\/em><\/p>\n<p><em>Foto: Adobe Express \/ KI<\/em><\/p>\n<p>&nbsp;<\/p>\n<p>&nbsp;<\/p>\n<p>&nbsp;<\/p>\n<p>&nbsp;<\/p>\n<div class=\"shariff shariff-align-left shariff-widget-align-left shariff-buttonstretch\" style=\"display:none\"><ul class=\"shariff-buttons theme-white orientation-horizontal buttonsize-medium\"><li class=\"shariff-button facebook shariff-nocustomcolor\" style=\"background-color:#4273c8\"><a href=\"https:\/\/www.facebook.com\/sharer\/sharer.php?u=https%3A%2F%2Fstarke-meinungen.de%2Fblog%2F2024%2F12%2F17%2Fdeutschland-und-die-drei-reiter-der-apokalypse%2F\" title=\"Bei Facebook teilen\" aria-label=\"Bei Facebook teilen\" role=\"button\" rel=\"nofollow\" class=\"shariff-link\" style=\"; background-color:#3b5998; color:#3b5998\" target=\"_blank\"><span class=\"shariff-icon\" style=\"fill:#3b5998\"><svg width=\"32px\" height=\"20px\" xmlns=\"http:\/\/www.w3.org\/2000\/svg\" viewBox=\"0 0 18 32\"><path fill=\"#3b5998\" d=\"M17.1 0.2v4.7h-2.8q-1.5 0-2.1 0.6t-0.5 1.9v3.4h5.2l-0.7 5.3h-4.5v13.6h-5.5v-13.6h-4.5v-5.3h4.5v-3.9q0-3.3 1.9-5.2t5-1.8q2.6 0 4.1 0.2z\"\/><\/svg><\/span><span class=\"shariff-text\" style=\"color:#3b5998\">teilen<\/span>&nbsp;<\/a><\/li><li class=\"shariff-button twitter shariff-nocustomcolor\" style=\"background-color:#595959\"><a href=\"https:\/\/twitter.com\/share?url=https%3A%2F%2Fstarke-meinungen.de%2Fblog%2F2024%2F12%2F17%2Fdeutschland-und-die-drei-reiter-der-apokalypse%2F&text=Deutschland%20und%20die%20drei%20Reiter%20der%20Apokalypse&via=starkemeinungen\" title=\"Bei X teilen\" aria-label=\"Bei X teilen\" role=\"button\" rel=\"noopener nofollow\" class=\"shariff-link\" style=\"; background-color:#000; color:#000\" target=\"_blank\"><span class=\"shariff-icon\" style=\"fill:#000\"><svg width=\"32px\" height=\"20px\" xmlns=\"http:\/\/www.w3.org\/2000\/svg\" viewBox=\"0 0 24 24\"><path fill=\"#000\" d=\"M14.258 10.152L23.176 0h-2.113l-7.747 8.813L7.133 0H0l9.352 13.328L0 23.973h2.113l8.176-9.309 6.531 9.309h7.133zm-2.895 3.293l-.949-1.328L2.875 1.56h3.246l6.086 8.523.945 1.328 7.91 11.078h-3.246zm0 0\"\/><\/svg><\/span><span class=\"shariff-text\" style=\"color:#000\">teilen<\/span>&nbsp;<\/a><\/li><li class=\"shariff-button linkedin shariff-nocustomcolor\" style=\"background-color:#1488bf\"><a href=\"https:\/\/www.linkedin.com\/sharing\/share-offsite\/?url=https%3A%2F%2Fstarke-meinungen.de%2Fblog%2F2024%2F12%2F17%2Fdeutschland-und-die-drei-reiter-der-apokalypse%2F\" title=\"Bei LinkedIn teilen\" aria-label=\"Bei LinkedIn teilen\" role=\"button\" rel=\"noopener nofollow\" class=\"shariff-link\" style=\"; background-color:#0077b5; color:#0077b5\" target=\"_blank\"><span class=\"shariff-icon\" style=\"fill:#0077b5\"><svg width=\"32px\" height=\"20px\" xmlns=\"http:\/\/www.w3.org\/2000\/svg\" viewBox=\"0 0 27 32\"><path fill=\"#0077b5\" d=\"M6.2 11.2v17.7h-5.9v-17.7h5.9zM6.6 5.7q0 1.3-0.9 2.2t-2.4 0.9h0q-1.5 0-2.4-0.9t-0.9-2.2 0.9-2.2 2.4-0.9 2.4 0.9 0.9 2.2zM27.4 18.7v10.1h-5.9v-9.5q0-1.9-0.7-2.9t-2.3-1.1q-1.1 0-1.9 0.6t-1.2 1.5q-0.2 0.5-0.2 1.4v9.9h-5.9q0-7.1 0-11.6t0-5.3l0-0.9h5.9v2.6h0q0.4-0.6 0.7-1t1-0.9 1.6-0.8 2-0.3q3 0 4.9 2t1.9 6z\"\/><\/svg><\/span><span class=\"shariff-text\" style=\"color:#0077b5\">teilen<\/span>&nbsp;<\/a><\/li><li class=\"shariff-button xing shariff-nocustomcolor\" style=\"background-color:#29888a\"><a href=\"https:\/\/www.xing.com\/spi\/shares\/new?url=https%3A%2F%2Fstarke-meinungen.de%2Fblog%2F2024%2F12%2F17%2Fdeutschland-und-die-drei-reiter-der-apokalypse%2F\" title=\"Bei XING teilen\" aria-label=\"Bei XING teilen\" role=\"button\" rel=\"noopener nofollow\" class=\"shariff-link\" style=\"; background-color:#126567; color:#126567\" target=\"_blank\"><span class=\"shariff-icon\" style=\"fill:#126567\"><svg width=\"32px\" height=\"20px\" xmlns=\"http:\/\/www.w3.org\/2000\/svg\" viewBox=\"0 0 25 32\"><path fill=\"#126567\" d=\"M10.7 11.9q-0.2 0.3-4.6 8.2-0.5 0.8-1.2 0.8h-4.3q-0.4 0-0.5-0.3t0-0.6l4.5-8q0 0 0 0l-2.9-5q-0.2-0.4 0-0.7 0.2-0.3 0.5-0.3h4.3q0.7 0 1.2 0.8zM25.1 0.4q0.2 0.3 0 0.7l-9.4 16.7 6 11q0.2 0.4 0 0.6-0.2 0.3-0.6 0.3h-4.3q-0.7 0-1.2-0.8l-6-11.1q0.3-0.6 9.5-16.8 0.4-0.8 1.2-0.8h4.3q0.4 0 0.5 0.3z\"\/><\/svg><\/span><span class=\"shariff-text\" style=\"color:#126567\">teilen<\/span>&nbsp;<\/a><\/li><li class=\"shariff-button whatsapp shariff-nocustomcolor\" style=\"background-color:#5cbe4a\"><a href=\"https:\/\/api.whatsapp.com\/send?text=https%3A%2F%2Fstarke-meinungen.de%2Fblog%2F2024%2F12%2F17%2Fdeutschland-und-die-drei-reiter-der-apokalypse%2F%20Deutschland%20und%20die%20drei%20Reiter%20der%20Apokalypse\" title=\"Bei Whatsapp teilen\" aria-label=\"Bei Whatsapp teilen\" role=\"button\" rel=\"noopener nofollow\" class=\"shariff-link\" style=\"; background-color:#34af23; color:#34af23\" target=\"_blank\"><span class=\"shariff-icon\" style=\"fill:#34af23\"><svg width=\"32px\" height=\"20px\" xmlns=\"http:\/\/www.w3.org\/2000\/svg\" viewBox=\"0 0 32 32\"><path fill=\"#34af23\" d=\"M17.6 17.4q0.2 0 1.7 0.8t1.6 0.9q0 0.1 0 0.3 0 0.6-0.3 1.4-0.3 0.7-1.3 1.2t-1.8 0.5q-1 0-3.4-1.1-1.7-0.8-3-2.1t-2.6-3.3q-1.3-1.9-1.3-3.5v-0.1q0.1-1.6 1.3-2.8 0.4-0.4 0.9-0.4 0.1 0 0.3 0t0.3 0q0.3 0 0.5 0.1t0.3 0.5q0.1 0.4 0.6 1.6t0.4 1.3q0 0.4-0.6 1t-0.6 0.8q0 0.1 0.1 0.3 0.6 1.3 1.8 2.4 1 0.9 2.7 1.8 0.2 0.1 0.4 0.1 0.3 0 1-0.9t0.9-0.9zM14 26.9q2.3 0 4.3-0.9t3.6-2.4 2.4-3.6 0.9-4.3-0.9-4.3-2.4-3.6-3.6-2.4-4.3-0.9-4.3 0.9-3.6 2.4-2.4 3.6-0.9 4.3q0 3.6 2.1 6.6l-1.4 4.2 4.3-1.4q2.8 1.9 6.2 1.9zM14 2.2q2.7 0 5.2 1.1t4.3 2.9 2.9 4.3 1.1 5.2-1.1 5.2-2.9 4.3-4.3 2.9-5.2 1.1q-3.5 0-6.5-1.7l-7.4 2.4 2.4-7.2q-1.9-3.2-1.9-6.9 0-2.7 1.1-5.2t2.9-4.3 4.3-2.9 5.2-1.1z\"\/><\/svg><\/span><span class=\"shariff-text\" style=\"color:#34af23\">teilen<\/span>&nbsp;<\/a><\/li><li class=\"shariff-button info shariff-nocustomcolor\" style=\"background-color:#a8a8a8\"><a href=\"http:\/\/ct.de\/-2467514\" title=\"Weitere Informationen\" aria-label=\"Weitere Informationen\" role=\"button\" rel=\"noopener \" class=\"shariff-link\" style=\"; background-color:#999; color:#999\" target=\"_blank\"><span class=\"shariff-icon\" style=\"fill:#999\"><svg width=\"32px\" height=\"20px\" xmlns=\"http:\/\/www.w3.org\/2000\/svg\" viewBox=\"0 0 11 32\"><path fill=\"#999\" d=\"M11.4 24v2.3q0 0.5-0.3 0.8t-0.8 0.4h-9.1q-0.5 0-0.8-0.4t-0.4-0.8v-2.3q0-0.5 0.4-0.8t0.8-0.4h1.1v-6.8h-1.1q-0.5 0-0.8-0.4t-0.4-0.8v-2.3q0-0.5 0.4-0.8t0.8-0.4h6.8q0.5 0 0.8 0.4t0.4 0.8v10.3h1.1q0.5 0 0.8 0.4t0.3 0.8zM9.2 3.4v3.4q0 0.5-0.4 0.8t-0.8 0.4h-4.6q-0.4 0-0.8-0.4t-0.4-0.8v-3.4q0-0.4 0.4-0.8t0.8-0.4h4.6q0.5 0 0.8 0.4t0.4 0.8z\"\/><\/svg><\/span><\/a><\/li><\/ul><\/div>","protected":false},"excerpt":{"rendered":"<p>Donald Trump, Elon Musk und Javier Milei machen auf schmerzhafte Art und Weise deutlich, was in unserem Land fehlt: Klugheit, Originalit\u00e4t und Mut zur Erneuerung Wenn Trump ins Spiel kommt, darf jeder mal so richtig ungehemmt aus der H\u00fcfte schie\u00dfen. \u201eNun kennen wir den Mann schon l\u00e4nger und wissen, dass er seine Einf\u00e4lle gerne rausposaunt, bevor die anderen Hirnareale sich&#8230; <a href=\"https:\/\/starke-meinungen.de\/blog\/2024\/12\/17\/deutschland-und-die-drei-reiter-der-apokalypse\/\">Weiterlesen &raquo;<\/a><\/p>\n","protected":false},"author":62,"featured_media":0,"comment_status":"open","ping_status":"open","sticky":false,"template":"","format":"standard","meta":{"footnotes":""},"categories":[1],"tags":[],"class_list":["post-10795","post","type-post","status-publish","format-standard","hentry","category-allgemein"],"yoast_head":"<!-- This site is optimized with the Yoast SEO plugin v27.4 - https:\/\/yoast.com\/product\/yoast-seo-wordpress\/ -->\n<title>Deutschland und die drei Reiter der Apokalypse - starke-meinungen.de<\/title>\n<meta name=\"robots\" content=\"index, follow, max-snippet:-1, max-image-preview:large, max-video-preview:-1\" \/>\n<link rel=\"canonical\" href=\"https:\/\/starke-meinungen.de\/blog\/2024\/12\/17\/deutschland-und-die-drei-reiter-der-apokalypse\/\" \/>\n<meta property=\"og:locale\" content=\"de_DE\" \/>\n<meta property=\"og:type\" content=\"article\" \/>\n<meta property=\"og:title\" content=\"Deutschland und die drei Reiter der Apokalypse - starke-meinungen.de\" \/>\n<meta property=\"og:description\" content=\"Donald Trump, Elon Musk und Javier Milei machen auf schmerzhafte Art und Weise deutlich, was in unserem Land fehlt: Klugheit, Originalit\u00e4t und Mut zur Erneuerung Wenn Trump ins Spiel kommt, darf jeder mal so richtig ungehemmt aus der H\u00fcfte schie\u00dfen. \u201eNun kennen wir den Mann schon l\u00e4nger und wissen, dass er seine Einf\u00e4lle gerne rausposaunt, bevor die anderen Hirnareale sich... Weiterlesen &raquo;\" \/>\n<meta property=\"og:url\" content=\"https:\/\/starke-meinungen.de\/blog\/2024\/12\/17\/deutschland-und-die-drei-reiter-der-apokalypse\/\" \/>\n<meta property=\"og:site_name\" content=\"starke-meinungen.de\" \/>\n<meta property=\"article:publisher\" content=\"https:\/\/www.facebook.com\/starkemeinungen\/\" \/>\n<meta property=\"article:published_time\" content=\"2024-12-17T12:40:15+00:00\" \/>\n<meta property=\"article:modified_time\" content=\"2026-01-30T11:27:00+00:00\" \/>\n<meta property=\"og:image\" content=\"https:\/\/starke-meinungen.de\/blog\/wp-content\/uploads\/starke-meinungen-fb-header.jpg\" \/>\n\t<meta property=\"og:image:width\" content=\"1200\" \/>\n\t<meta property=\"og:image:height\" content=\"630\" \/>\n\t<meta property=\"og:image:type\" content=\"image\/jpeg\" \/>\n<meta name=\"author\" content=\"Schmiechen Frank\" \/>\n<meta name=\"twitter:card\" content=\"summary_large_image\" \/>\n<meta name=\"twitter:creator\" content=\"@starkemeinungen\" \/>\n<meta name=\"twitter:site\" content=\"@starkemeinungen\" \/>\n<meta name=\"twitter:label1\" content=\"Verfasst von\" \/>\n\t<meta name=\"twitter:data1\" content=\"Schmiechen Frank\" \/>\n\t<meta name=\"twitter:label2\" content=\"Gesch\u00e4tzte Lesezeit\" \/>\n\t<meta name=\"twitter:data2\" content=\"6\u00a0Minuten\" \/>\n<script type=\"application\/ld+json\" class=\"yoast-schema-graph\">{\"@context\":\"https:\\\/\\\/schema.org\",\"@graph\":[{\"@type\":\"Article\",\"@id\":\"https:\\\/\\\/starke-meinungen.de\\\/blog\\\/2024\\\/12\\\/17\\\/deutschland-und-die-drei-reiter-der-apokalypse\\\/#article\",\"isPartOf\":{\"@id\":\"https:\\\/\\\/starke-meinungen.de\\\/blog\\\/2024\\\/12\\\/17\\\/deutschland-und-die-drei-reiter-der-apokalypse\\\/\"},\"author\":{\"name\":\"Schmiechen Frank\",\"@id\":\"https:\\\/\\\/starke-meinungen.de\\\/blog\\\/#\\\/schema\\\/person\\\/e9f48a99c3a6f2aa76dc4dcb012b5582\"},\"headline\":\"Deutschland und die drei Reiter der Apokalypse\",\"datePublished\":\"2024-12-17T12:40:15+00:00\",\"dateModified\":\"2026-01-30T11:27:00+00:00\",\"mainEntityOfPage\":{\"@id\":\"https:\\\/\\\/starke-meinungen.de\\\/blog\\\/2024\\\/12\\\/17\\\/deutschland-und-die-drei-reiter-der-apokalypse\\\/\"},\"wordCount\":1088,\"commentCount\":2,\"publisher\":{\"@id\":\"https:\\\/\\\/starke-meinungen.de\\\/blog\\\/#organization\"},\"inLanguage\":\"de\",\"potentialAction\":[{\"@type\":\"CommentAction\",\"name\":\"Comment\",\"target\":[\"https:\\\/\\\/starke-meinungen.de\\\/blog\\\/2024\\\/12\\\/17\\\/deutschland-und-die-drei-reiter-der-apokalypse\\\/#respond\"]}]},{\"@type\":\"WebPage\",\"@id\":\"https:\\\/\\\/starke-meinungen.de\\\/blog\\\/2024\\\/12\\\/17\\\/deutschland-und-die-drei-reiter-der-apokalypse\\\/\",\"url\":\"https:\\\/\\\/starke-meinungen.de\\\/blog\\\/2024\\\/12\\\/17\\\/deutschland-und-die-drei-reiter-der-apokalypse\\\/\",\"name\":\"Deutschland und die drei Reiter der Apokalypse - starke-meinungen.de\",\"isPartOf\":{\"@id\":\"https:\\\/\\\/starke-meinungen.de\\\/blog\\\/#website\"},\"datePublished\":\"2024-12-17T12:40:15+00:00\",\"dateModified\":\"2026-01-30T11:27:00+00:00\",\"breadcrumb\":{\"@id\":\"https:\\\/\\\/starke-meinungen.de\\\/blog\\\/2024\\\/12\\\/17\\\/deutschland-und-die-drei-reiter-der-apokalypse\\\/#breadcrumb\"},\"inLanguage\":\"de\",\"potentialAction\":[{\"@type\":\"ReadAction\",\"target\":[\"https:\\\/\\\/starke-meinungen.de\\\/blog\\\/2024\\\/12\\\/17\\\/deutschland-und-die-drei-reiter-der-apokalypse\\\/\"]}]},{\"@type\":\"BreadcrumbList\",\"@id\":\"https:\\\/\\\/starke-meinungen.de\\\/blog\\\/2024\\\/12\\\/17\\\/deutschland-und-die-drei-reiter-der-apokalypse\\\/#breadcrumb\",\"itemListElement\":[{\"@type\":\"ListItem\",\"position\":1,\"name\":\"Startseite\",\"item\":\"https:\\\/\\\/starke-meinungen.de\\\/blog\\\/\"},{\"@type\":\"ListItem\",\"position\":2,\"name\":\"Deutschland und die drei Reiter der Apokalypse\"}]},{\"@type\":\"WebSite\",\"@id\":\"https:\\\/\\\/starke-meinungen.de\\\/blog\\\/#website\",\"url\":\"https:\\\/\\\/starke-meinungen.de\\\/blog\\\/\",\"name\":\"starke-meinungen.de\",\"description\":\"Autoren-Blog\",\"publisher\":{\"@id\":\"https:\\\/\\\/starke-meinungen.de\\\/blog\\\/#organization\"},\"potentialAction\":[{\"@type\":\"SearchAction\",\"target\":{\"@type\":\"EntryPoint\",\"urlTemplate\":\"https:\\\/\\\/starke-meinungen.de\\\/blog\\\/?s={search_term_string}\"},\"query-input\":{\"@type\":\"PropertyValueSpecification\",\"valueRequired\":true,\"valueName\":\"search_term_string\"}}],\"inLanguage\":\"de\"},{\"@type\":\"Organization\",\"@id\":\"https:\\\/\\\/starke-meinungen.de\\\/blog\\\/#organization\",\"name\":\"starke-meinungen.de\",\"url\":\"https:\\\/\\\/starke-meinungen.de\\\/blog\\\/\",\"logo\":{\"@type\":\"ImageObject\",\"inLanguage\":\"de\",\"@id\":\"https:\\\/\\\/starke-meinungen.de\\\/blog\\\/#\\\/schema\\\/logo\\\/image\\\/\",\"url\":\"https:\\\/\\\/starke-meinungen.de\\\/blog\\\/wp-content\\\/uploads\\\/starke-meinungen-fb-header.jpg\",\"contentUrl\":\"https:\\\/\\\/starke-meinungen.de\\\/blog\\\/wp-content\\\/uploads\\\/starke-meinungen-fb-header.jpg\",\"width\":1200,\"height\":630,\"caption\":\"starke-meinungen.de\"},\"image\":{\"@id\":\"https:\\\/\\\/starke-meinungen.de\\\/blog\\\/#\\\/schema\\\/logo\\\/image\\\/\"},\"sameAs\":[\"https:\\\/\\\/www.facebook.com\\\/starkemeinungen\\\/\",\"https:\\\/\\\/x.com\\\/starkemeinungen\"]},{\"@type\":\"Person\",\"@id\":\"https:\\\/\\\/starke-meinungen.de\\\/blog\\\/#\\\/schema\\\/person\\\/e9f48a99c3a6f2aa76dc4dcb012b5582\",\"name\":\"Schmiechen Frank\",\"image\":{\"@type\":\"ImageObject\",\"inLanguage\":\"de\",\"@id\":\"https:\\\/\\\/secure.gravatar.com\\\/avatar\\\/881dbd56f24123553c4a71f2a3470f6f311126bce1beb5856a90354d7e1fbfaf?s=96&d=mm&r=g\",\"url\":\"https:\\\/\\\/secure.gravatar.com\\\/avatar\\\/881dbd56f24123553c4a71f2a3470f6f311126bce1beb5856a90354d7e1fbfaf?s=96&d=mm&r=g\",\"contentUrl\":\"https:\\\/\\\/secure.gravatar.com\\\/avatar\\\/881dbd56f24123553c4a71f2a3470f6f311126bce1beb5856a90354d7e1fbfaf?s=96&d=mm&r=g\",\"caption\":\"Schmiechen Frank\"},\"url\":\"https:\\\/\\\/starke-meinungen.de\\\/blog\\\/author\\\/schmiechen\\\/\"}]}<\/script>\n<!-- \/ Yoast SEO plugin. -->","yoast_head_json":{"title":"Deutschland und die drei Reiter der Apokalypse - starke-meinungen.de","robots":{"index":"index","follow":"follow","max-snippet":"max-snippet:-1","max-image-preview":"max-image-preview:large","max-video-preview":"max-video-preview:-1"},"canonical":"https:\/\/starke-meinungen.de\/blog\/2024\/12\/17\/deutschland-und-die-drei-reiter-der-apokalypse\/","og_locale":"de_DE","og_type":"article","og_title":"Deutschland und die drei Reiter der Apokalypse - starke-meinungen.de","og_description":"Donald Trump, Elon Musk und Javier Milei machen auf schmerzhafte Art und Weise deutlich, was in unserem Land fehlt: Klugheit, Originalit\u00e4t und Mut zur Erneuerung Wenn Trump ins Spiel kommt, darf jeder mal so richtig ungehemmt aus der H\u00fcfte schie\u00dfen. \u201eNun kennen wir den Mann schon l\u00e4nger und wissen, dass er seine Einf\u00e4lle gerne rausposaunt, bevor die anderen Hirnareale sich... Weiterlesen &raquo;","og_url":"https:\/\/starke-meinungen.de\/blog\/2024\/12\/17\/deutschland-und-die-drei-reiter-der-apokalypse\/","og_site_name":"starke-meinungen.de","article_publisher":"https:\/\/www.facebook.com\/starkemeinungen\/","article_published_time":"2024-12-17T12:40:15+00:00","article_modified_time":"2026-01-30T11:27:00+00:00","og_image":[{"width":1200,"height":630,"url":"https:\/\/starke-meinungen.de\/blog\/wp-content\/uploads\/starke-meinungen-fb-header.jpg","type":"image\/jpeg"}],"author":"Schmiechen Frank","twitter_card":"summary_large_image","twitter_creator":"@starkemeinungen","twitter_site":"@starkemeinungen","twitter_misc":{"Verfasst von":"Schmiechen Frank","Gesch\u00e4tzte Lesezeit":"6\u00a0Minuten"},"schema":{"@context":"https:\/\/schema.org","@graph":[{"@type":"Article","@id":"https:\/\/starke-meinungen.de\/blog\/2024\/12\/17\/deutschland-und-die-drei-reiter-der-apokalypse\/#article","isPartOf":{"@id":"https:\/\/starke-meinungen.de\/blog\/2024\/12\/17\/deutschland-und-die-drei-reiter-der-apokalypse\/"},"author":{"name":"Schmiechen Frank","@id":"https:\/\/starke-meinungen.de\/blog\/#\/schema\/person\/e9f48a99c3a6f2aa76dc4dcb012b5582"},"headline":"Deutschland und die drei Reiter der Apokalypse","datePublished":"2024-12-17T12:40:15+00:00","dateModified":"2026-01-30T11:27:00+00:00","mainEntityOfPage":{"@id":"https:\/\/starke-meinungen.de\/blog\/2024\/12\/17\/deutschland-und-die-drei-reiter-der-apokalypse\/"},"wordCount":1088,"commentCount":2,"publisher":{"@id":"https:\/\/starke-meinungen.de\/blog\/#organization"},"inLanguage":"de","potentialAction":[{"@type":"CommentAction","name":"Comment","target":["https:\/\/starke-meinungen.de\/blog\/2024\/12\/17\/deutschland-und-die-drei-reiter-der-apokalypse\/#respond"]}]},{"@type":"WebPage","@id":"https:\/\/starke-meinungen.de\/blog\/2024\/12\/17\/deutschland-und-die-drei-reiter-der-apokalypse\/","url":"https:\/\/starke-meinungen.de\/blog\/2024\/12\/17\/deutschland-und-die-drei-reiter-der-apokalypse\/","name":"Deutschland und die drei Reiter der Apokalypse - starke-meinungen.de","isPartOf":{"@id":"https:\/\/starke-meinungen.de\/blog\/#website"},"datePublished":"2024-12-17T12:40:15+00:00","dateModified":"2026-01-30T11:27:00+00:00","breadcrumb":{"@id":"https:\/\/starke-meinungen.de\/blog\/2024\/12\/17\/deutschland-und-die-drei-reiter-der-apokalypse\/#breadcrumb"},"inLanguage":"de","potentialAction":[{"@type":"ReadAction","target":["https:\/\/starke-meinungen.de\/blog\/2024\/12\/17\/deutschland-und-die-drei-reiter-der-apokalypse\/"]}]},{"@type":"BreadcrumbList","@id":"https:\/\/starke-meinungen.de\/blog\/2024\/12\/17\/deutschland-und-die-drei-reiter-der-apokalypse\/#breadcrumb","itemListElement":[{"@type":"ListItem","position":1,"name":"Startseite","item":"https:\/\/starke-meinungen.de\/blog\/"},{"@type":"ListItem","position":2,"name":"Deutschland und die drei Reiter der Apokalypse"}]},{"@type":"WebSite","@id":"https:\/\/starke-meinungen.de\/blog\/#website","url":"https:\/\/starke-meinungen.de\/blog\/","name":"starke-meinungen.de","description":"Autoren-Blog","publisher":{"@id":"https:\/\/starke-meinungen.de\/blog\/#organization"},"potentialAction":[{"@type":"SearchAction","target":{"@type":"EntryPoint","urlTemplate":"https:\/\/starke-meinungen.de\/blog\/?s={search_term_string}"},"query-input":{"@type":"PropertyValueSpecification","valueRequired":true,"valueName":"search_term_string"}}],"inLanguage":"de"},{"@type":"Organization","@id":"https:\/\/starke-meinungen.de\/blog\/#organization","name":"starke-meinungen.de","url":"https:\/\/starke-meinungen.de\/blog\/","logo":{"@type":"ImageObject","inLanguage":"de","@id":"https:\/\/starke-meinungen.de\/blog\/#\/schema\/logo\/image\/","url":"https:\/\/starke-meinungen.de\/blog\/wp-content\/uploads\/starke-meinungen-fb-header.jpg","contentUrl":"https:\/\/starke-meinungen.de\/blog\/wp-content\/uploads\/starke-meinungen-fb-header.jpg","width":1200,"height":630,"caption":"starke-meinungen.de"},"image":{"@id":"https:\/\/starke-meinungen.de\/blog\/#\/schema\/logo\/image\/"},"sameAs":["https:\/\/www.facebook.com\/starkemeinungen\/","https:\/\/x.com\/starkemeinungen"]},{"@type":"Person","@id":"https:\/\/starke-meinungen.de\/blog\/#\/schema\/person\/e9f48a99c3a6f2aa76dc4dcb012b5582","name":"Schmiechen Frank","image":{"@type":"ImageObject","inLanguage":"de","@id":"https:\/\/secure.gravatar.com\/avatar\/881dbd56f24123553c4a71f2a3470f6f311126bce1beb5856a90354d7e1fbfaf?s=96&d=mm&r=g","url":"https:\/\/secure.gravatar.com\/avatar\/881dbd56f24123553c4a71f2a3470f6f311126bce1beb5856a90354d7e1fbfaf?s=96&d=mm&r=g","contentUrl":"https:\/\/secure.gravatar.com\/avatar\/881dbd56f24123553c4a71f2a3470f6f311126bce1beb5856a90354d7e1fbfaf?s=96&d=mm&r=g","caption":"Schmiechen Frank"},"url":"https:\/\/starke-meinungen.de\/blog\/author\/schmiechen\/"}]}},"_links":{"self":[{"href":"https:\/\/starke-meinungen.de\/blog\/wp-json\/wp\/v2\/posts\/10795","targetHints":{"allow":["GET"]}}],"collection":[{"href":"https:\/\/starke-meinungen.de\/blog\/wp-json\/wp\/v2\/posts"}],"about":[{"href":"https:\/\/starke-meinungen.de\/blog\/wp-json\/wp\/v2\/types\/post"}],"author":[{"embeddable":true,"href":"https:\/\/starke-meinungen.de\/blog\/wp-json\/wp\/v2\/users\/62"}],"replies":[{"embeddable":true,"href":"https:\/\/starke-meinungen.de\/blog\/wp-json\/wp\/v2\/comments?post=10795"}],"version-history":[{"count":14,"href":"https:\/\/starke-meinungen.de\/blog\/wp-json\/wp\/v2\/posts\/10795\/revisions"}],"predecessor-version":[{"id":16157,"href":"https:\/\/starke-meinungen.de\/blog\/wp-json\/wp\/v2\/posts\/10795\/revisions\/16157"}],"wp:attachment":[{"href":"https:\/\/starke-meinungen.de\/blog\/wp-json\/wp\/v2\/media?parent=10795"}],"wp:term":[{"taxonomy":"category","embeddable":true,"href":"https:\/\/starke-meinungen.de\/blog\/wp-json\/wp\/v2\/categories?post=10795"},{"taxonomy":"post_tag","embeddable":true,"href":"https:\/\/starke-meinungen.de\/blog\/wp-json\/wp\/v2\/tags?post=10795"}],"curies":[{"name":"wp","href":"https:\/\/api.w.org\/{rel}","templated":true}]}}