

{"id":10642,"date":"2024-12-12T15:39:02","date_gmt":"2024-12-12T14:39:02","guid":{"rendered":"https:\/\/starke-meinungen.de\/blog\/?p=10642"},"modified":"2024-12-12T15:39:02","modified_gmt":"2024-12-12T14:39:02","slug":"der-teufelskreis-juden-unerwuenscht","status":"publish","type":"post","link":"https:\/\/starke-meinungen.de\/blog\/2024\/12\/12\/der-teufelskreis-juden-unerwuenscht\/","title":{"rendered":"Der Teufelskreis. Juden \u2013 unerw\u00fcnscht."},"content":{"rendered":"<p style=\"font-weight: 400\"><strong>Die Freie Universit\u00e4t Berlin sagt eine Ausstellung zu Pogromen an Juden ab. Die Begr\u00fcndung ist ein Zeichen der Geschichtsvergessenheit, der Furcht vor demokratischem Diskurs und der Toleranzbesoffenheit. Ist die Freie Universit\u00e4t noch ein Ort der Freiheit?<\/strong><\/p>\n<p><!--more--><\/p>\n<div>\n<div>\n<p style=\"font-weight: 400\">Es kann nicht \u00fcberraschen, dass nach den Reaktionen an der FU Berlin auf das Pogrom der Terrororganisation Hamas vom 07. Oktober j\u00fcdische Studierende in Zukunft die FU meiden werden. Im Namen der Meinungsfreiheit geduldete H\u00f6rsaalbesetzungen von sogenannten &#8222;propal\u00e4stinensischen Aktivisten,&#8220; antisemitische Demonstrationen auf dem Campus und jetzt die Absage der Wanderausstellung &#8222;The Vicious Circle&#8220;des britischen National Holocaust Centre and Museum \u2013 ein weiteres Teil im Judenhasspuzzle, das sich seit einigen jahren in Deutschland ausformt. Dagegen durfte ausgerechnet eine ausgewiesene Judenhasserin wie die franz\u00f6sische Politologin Emilia Roig (&#8222;Wenn es um Pal\u00e4stina geht, darf mit Antisemiten protestiert werden.&#8220;) an der Universit\u00e4t \u00fcber das Verh\u00e4ltnis von Antisemitismus und Antizionismus auf Einladung der Stabsstelle &#8222;Diversit\u00e4t&#8220; an der FU referieren. Man fragt sich, ob Diversit\u00e4t f\u00fcr die Verantwortlichen Judenhass bedeutet, wenn so ein Vortrag von dieser Stelle initiiert wird.<\/p>\n<p style=\"font-weight: 400\">Die Ausstellung, die tats\u00e4chlich erst im Januar zum Holocaust Gedenktag in London er\u00f6ffnet und vorher in \u00f6ffentlichen R\u00e4umen gezeigt werden soll, ist keine weitere Veranstaltung zur Shoa im Allgemeinen, sondern thematisiert gewaltsame Angriffe auf f\u00fcnf j\u00fcdische Gemeinden von der Nazizeit bis in die Gegenwart. Es werden Parallelen zum Angriff der Hamas auf das Nova-Festival und den Kibbuz Re\u02bfim gezogen und damit evoziert, dass sich dieses Ereignis in der Tradition antisemitisch motivierter Massenmorde befindet.<\/p>\n<p style=\"font-weight: 400\"><strong>Rote H\u00e4nde<\/strong><\/p>\n<p style=\"font-weight: 400\">Die Begr\u00fcndung der Absage durch die Universit\u00e4t, dieser Ausstellung im Foyer der Uni keinen Raum zu geben, atmet Angst vor konstruktiven Diskussionen im \u00f6ffentlichen Raum und ist ein Zeichen der Unterwerfung vor religi\u00f6s-faschistischen Ideologien. Die Ausstellung k\u00f6nnte starke Emotionen hervorrufen, hei\u00dft es, und vor Ort intensive und m\u00f6glicherweise unangemessene Debatten ausl\u00f6sen. Man h\u00f6rt diese Begr\u00fcndung uns ist fassungslos, ob der Feigheit. Wie kann eine Universit\u00e4t, die ein Hort f\u00fcr Meinungsstreit und Demokratie sein sollte, Debatten als &#8222;unangemessen&#8220; framen? Welche &#8222;Unangemessenheit&#8220; k\u00f6nnte damit gemeint sein? Vielleicht die Unangemessenheit des Angriffs auf den j\u00fcdischen Studenten an der FU, Lahav Shapira, dem, nur weil er Jude ist, die Nase und ein Wangenknochen gebrochen wurde? Oder referiert &#8222;Unangemessenheit&#8220; auf die Vorg\u00e4nge an der UdK, wo im Januar eine Gruppe von Terrorunterst\u00fctzern sich mit rotbemalten Handfl\u00e4chen einfand? Dort wurde das Bild eine Arabers angebetet, der seine vom Blut zweier Israelis, die in Ramallah gelyncht wurden, rot gef\u00e4rbten H\u00e4nde triumphierend einem Mob entgegenstreckte? Oder meint &#8222;Unangemessenheit&#8220; die Sprechch\u00f6re &#8222;Hamas, Hamas \u2013 Juden ins Gas,&#8220; deren Ohrenzeuge ich an der Ged\u00e4chtniskirche nach dem 07.Oktober wurde?<\/p>\n<p style=\"font-weight: 400\"><strong>Kapitulation<\/strong><\/p>\n<p style=\"font-weight: 400\"><em>&#8222;Wir sind tief betroffen. Die Freie Universit\u00e4t Berlin steht f\u00fcr Offenheit und Toleranz und distanziert sich von jeglicher Form von Hetze und Gewalt.&#8220;<\/em> Das Statement des Pr\u00e4sidiums der FU zum Angriff auf Shapira bekommt im Zusammenhang mit der Absage der Ausstellung eine neue Dimension, die der Heuchelei einer Sonntagsrede. Die FU steht mit dieser Absage eben nicht mehr f\u00fcr Offenheit und Toleranz, sondern f\u00fcr die Kapitulation vor mutma\u00dflichen Gewaltausbr\u00fcchen von Terrorunterst\u00fctzern, denen somit gesellschaftliche Relevanz zugestanden wird.<\/p>\n<p style=\"font-weight: 400\"><em>&#8222;Wer k\u00e4mpft, kann verlieren. Wer nicht k\u00e4mpft, hat schon verloren.&#8220;<\/em> Brechts Worte sind in diesem Zusammenhang mehr als zutreffend. Denn die FU ist nicht bereit, f\u00fcr die Erinnerung und gegen Judenhass zu k\u00e4mpfen. Man ist nicht bereit, sich gegen faschistische Ideologien zu positionieren und man ist auch nicht bereit, gegen das Vergessen einzustehen, sondern gibt im Namen der moralischen Hybris universit\u00e4re Werte auf. Die FU hat sich mit dieser Absage zum Alliierten von Terrorunterst\u00fctzern erkl\u00e4rt. Der Kreis zum Vortrag von Frau Roig schlie\u00dft sich. Unsere Zivilgesellschaft hat mit dieser Schande eine weitere Niederlage erlitten.<\/p>\n<p>Die Universit\u00e4t sollte sich ehrlich machen und das &#8222;Freie&#8220; aus ihrem Namen streichen.<\/p>\n<p style=\"font-weight: 400\"><em>Daniel Anderson: Regiestudium an HFF \u201eKonrad Wolf\u201c in Babelsberg. Berufsverbot als Filmregisseur in der DDR. Oberspielleiter, Autor und Schauspieler am Theater Senftenberg. Nach dem Mauerfall freier Regisseur, Autor (TV-Serie, Theater, Synchron), Schriftsteller und Musiker. Studium Vergleichende Religionswissenschaften in Bonn. Gr\u00fcnder und Leiter der \u201eTheaterbrigade Berlin.\u201c Anderson lebt in Berlin und immer mal wieder in Tel Aviv.<\/em><\/p>\n<\/div>\n<div><\/div>\n<\/div>\n<div class=\"shariff shariff-align-left shariff-widget-align-left shariff-buttonstretch\" style=\"display:none\"><ul class=\"shariff-buttons theme-white orientation-horizontal buttonsize-medium\"><li class=\"shariff-button facebook shariff-nocustomcolor\" style=\"background-color:#4273c8\"><a href=\"https:\/\/www.facebook.com\/sharer\/sharer.php?u=https%3A%2F%2Fstarke-meinungen.de%2Fblog%2F2024%2F12%2F12%2Fder-teufelskreis-juden-unerwuenscht%2F\" title=\"Bei Facebook teilen\" aria-label=\"Bei Facebook teilen\" role=\"button\" rel=\"nofollow\" class=\"shariff-link\" style=\"; background-color:#3b5998; color:#3b5998\" target=\"_blank\"><span class=\"shariff-icon\" style=\"fill:#3b5998\"><svg width=\"32px\" height=\"20px\" xmlns=\"http:\/\/www.w3.org\/2000\/svg\" viewBox=\"0 0 18 32\"><path fill=\"#3b5998\" d=\"M17.1 0.2v4.7h-2.8q-1.5 0-2.1 0.6t-0.5 1.9v3.4h5.2l-0.7 5.3h-4.5v13.6h-5.5v-13.6h-4.5v-5.3h4.5v-3.9q0-3.3 1.9-5.2t5-1.8q2.6 0 4.1 0.2z\"\/><\/svg><\/span><span class=\"shariff-text\" style=\"color:#3b5998\">teilen<\/span>&nbsp;<\/a><\/li><li class=\"shariff-button twitter shariff-nocustomcolor\" style=\"background-color:#595959\"><a href=\"https:\/\/twitter.com\/share?url=https%3A%2F%2Fstarke-meinungen.de%2Fblog%2F2024%2F12%2F12%2Fder-teufelskreis-juden-unerwuenscht%2F&text=Der%20Teufelskreis.%20Juden%20%E2%80%93%20unerw%C3%BCnscht.&via=starkemeinungen\" title=\"Bei X teilen\" aria-label=\"Bei X teilen\" role=\"button\" rel=\"noopener nofollow\" class=\"shariff-link\" style=\"; background-color:#000; color:#000\" target=\"_blank\"><span class=\"shariff-icon\" style=\"fill:#000\"><svg width=\"32px\" height=\"20px\" xmlns=\"http:\/\/www.w3.org\/2000\/svg\" viewBox=\"0 0 24 24\"><path fill=\"#000\" d=\"M14.258 10.152L23.176 0h-2.113l-7.747 8.813L7.133 0H0l9.352 13.328L0 23.973h2.113l8.176-9.309 6.531 9.309h7.133zm-2.895 3.293l-.949-1.328L2.875 1.56h3.246l6.086 8.523.945 1.328 7.91 11.078h-3.246zm0 0\"\/><\/svg><\/span><span class=\"shariff-text\" style=\"color:#000\">teilen<\/span>&nbsp;<\/a><\/li><li class=\"shariff-button linkedin shariff-nocustomcolor\" style=\"background-color:#1488bf\"><a href=\"https:\/\/www.linkedin.com\/sharing\/share-offsite\/?url=https%3A%2F%2Fstarke-meinungen.de%2Fblog%2F2024%2F12%2F12%2Fder-teufelskreis-juden-unerwuenscht%2F\" title=\"Bei LinkedIn teilen\" aria-label=\"Bei LinkedIn teilen\" role=\"button\" rel=\"noopener nofollow\" class=\"shariff-link\" style=\"; background-color:#0077b5; color:#0077b5\" target=\"_blank\"><span class=\"shariff-icon\" style=\"fill:#0077b5\"><svg width=\"32px\" height=\"20px\" xmlns=\"http:\/\/www.w3.org\/2000\/svg\" viewBox=\"0 0 27 32\"><path fill=\"#0077b5\" d=\"M6.2 11.2v17.7h-5.9v-17.7h5.9zM6.6 5.7q0 1.3-0.9 2.2t-2.4 0.9h0q-1.5 0-2.4-0.9t-0.9-2.2 0.9-2.2 2.4-0.9 2.4 0.9 0.9 2.2zM27.4 18.7v10.1h-5.9v-9.5q0-1.9-0.7-2.9t-2.3-1.1q-1.1 0-1.9 0.6t-1.2 1.5q-0.2 0.5-0.2 1.4v9.9h-5.9q0-7.1 0-11.6t0-5.3l0-0.9h5.9v2.6h0q0.4-0.6 0.7-1t1-0.9 1.6-0.8 2-0.3q3 0 4.9 2t1.9 6z\"\/><\/svg><\/span><span class=\"shariff-text\" style=\"color:#0077b5\">teilen<\/span>&nbsp;<\/a><\/li><li class=\"shariff-button xing shariff-nocustomcolor\" style=\"background-color:#29888a\"><a href=\"https:\/\/www.xing.com\/spi\/shares\/new?url=https%3A%2F%2Fstarke-meinungen.de%2Fblog%2F2024%2F12%2F12%2Fder-teufelskreis-juden-unerwuenscht%2F\" title=\"Bei XING teilen\" aria-label=\"Bei XING teilen\" role=\"button\" rel=\"noopener nofollow\" class=\"shariff-link\" style=\"; background-color:#126567; color:#126567\" target=\"_blank\"><span class=\"shariff-icon\" style=\"fill:#126567\"><svg width=\"32px\" height=\"20px\" xmlns=\"http:\/\/www.w3.org\/2000\/svg\" viewBox=\"0 0 25 32\"><path fill=\"#126567\" d=\"M10.7 11.9q-0.2 0.3-4.6 8.2-0.5 0.8-1.2 0.8h-4.3q-0.4 0-0.5-0.3t0-0.6l4.5-8q0 0 0 0l-2.9-5q-0.2-0.4 0-0.7 0.2-0.3 0.5-0.3h4.3q0.7 0 1.2 0.8zM25.1 0.4q0.2 0.3 0 0.7l-9.4 16.7 6 11q0.2 0.4 0 0.6-0.2 0.3-0.6 0.3h-4.3q-0.7 0-1.2-0.8l-6-11.1q0.3-0.6 9.5-16.8 0.4-0.8 1.2-0.8h4.3q0.4 0 0.5 0.3z\"\/><\/svg><\/span><span class=\"shariff-text\" style=\"color:#126567\">teilen<\/span>&nbsp;<\/a><\/li><li class=\"shariff-button whatsapp shariff-nocustomcolor\" style=\"background-color:#5cbe4a\"><a href=\"https:\/\/api.whatsapp.com\/send?text=https%3A%2F%2Fstarke-meinungen.de%2Fblog%2F2024%2F12%2F12%2Fder-teufelskreis-juden-unerwuenscht%2F%20Der%20Teufelskreis.%20Juden%20%E2%80%93%20unerw%C3%BCnscht.\" title=\"Bei Whatsapp teilen\" aria-label=\"Bei Whatsapp teilen\" role=\"button\" rel=\"noopener nofollow\" class=\"shariff-link\" style=\"; background-color:#34af23; color:#34af23\" target=\"_blank\"><span class=\"shariff-icon\" style=\"fill:#34af23\"><svg width=\"32px\" height=\"20px\" xmlns=\"http:\/\/www.w3.org\/2000\/svg\" viewBox=\"0 0 32 32\"><path fill=\"#34af23\" d=\"M17.6 17.4q0.2 0 1.7 0.8t1.6 0.9q0 0.1 0 0.3 0 0.6-0.3 1.4-0.3 0.7-1.3 1.2t-1.8 0.5q-1 0-3.4-1.1-1.7-0.8-3-2.1t-2.6-3.3q-1.3-1.9-1.3-3.5v-0.1q0.1-1.6 1.3-2.8 0.4-0.4 0.9-0.4 0.1 0 0.3 0t0.3 0q0.3 0 0.5 0.1t0.3 0.5q0.1 0.4 0.6 1.6t0.4 1.3q0 0.4-0.6 1t-0.6 0.8q0 0.1 0.1 0.3 0.6 1.3 1.8 2.4 1 0.9 2.7 1.8 0.2 0.1 0.4 0.1 0.3 0 1-0.9t0.9-0.9zM14 26.9q2.3 0 4.3-0.9t3.6-2.4 2.4-3.6 0.9-4.3-0.9-4.3-2.4-3.6-3.6-2.4-4.3-0.9-4.3 0.9-3.6 2.4-2.4 3.6-0.9 4.3q0 3.6 2.1 6.6l-1.4 4.2 4.3-1.4q2.8 1.9 6.2 1.9zM14 2.2q2.7 0 5.2 1.1t4.3 2.9 2.9 4.3 1.1 5.2-1.1 5.2-2.9 4.3-4.3 2.9-5.2 1.1q-3.5 0-6.5-1.7l-7.4 2.4 2.4-7.2q-1.9-3.2-1.9-6.9 0-2.7 1.1-5.2t2.9-4.3 4.3-2.9 5.2-1.1z\"\/><\/svg><\/span><span class=\"shariff-text\" style=\"color:#34af23\">teilen<\/span>&nbsp;<\/a><\/li><li class=\"shariff-button info shariff-nocustomcolor\" style=\"background-color:#a8a8a8\"><a href=\"http:\/\/ct.de\/-2467514\" title=\"Weitere Informationen\" aria-label=\"Weitere Informationen\" role=\"button\" rel=\"noopener \" class=\"shariff-link\" style=\"; background-color:#999; color:#999\" target=\"_blank\"><span class=\"shariff-icon\" style=\"fill:#999\"><svg width=\"32px\" height=\"20px\" xmlns=\"http:\/\/www.w3.org\/2000\/svg\" viewBox=\"0 0 11 32\"><path fill=\"#999\" d=\"M11.4 24v2.3q0 0.5-0.3 0.8t-0.8 0.4h-9.1q-0.5 0-0.8-0.4t-0.4-0.8v-2.3q0-0.5 0.4-0.8t0.8-0.4h1.1v-6.8h-1.1q-0.5 0-0.8-0.4t-0.4-0.8v-2.3q0-0.5 0.4-0.8t0.8-0.4h6.8q0.5 0 0.8 0.4t0.4 0.8v10.3h1.1q0.5 0 0.8 0.4t0.3 0.8zM9.2 3.4v3.4q0 0.5-0.4 0.8t-0.8 0.4h-4.6q-0.4 0-0.8-0.4t-0.4-0.8v-3.4q0-0.4 0.4-0.8t0.8-0.4h4.6q0.5 0 0.8 0.4t0.4 0.8z\"\/><\/svg><\/span><\/a><\/li><\/ul><\/div>","protected":false},"excerpt":{"rendered":"<p>Die Freie Universit\u00e4t Berlin sagt eine Ausstellung zu Pogromen an Juden ab. Die Begr\u00fcndung ist ein Zeichen der Geschichtsvergessenheit, der Furcht vor demokratischem Diskurs und der Toleranzbesoffenheit. Ist die Freie Universit\u00e4t noch ein Ort der Freiheit?<\/p>\n","protected":false},"author":46,"featured_media":10643,"comment_status":"open","ping_status":"open","sticky":false,"template":"","format":"standard","meta":{"footnotes":""},"categories":[1],"tags":[],"class_list":["post-10642","post","type-post","status-publish","format-standard","has-post-thumbnail","hentry","category-allgemein"],"yoast_head":"<!-- This site is optimized with the Yoast SEO plugin v27.5 - https:\/\/yoast.com\/product\/yoast-seo-wordpress\/ -->\n<title>Der Teufelskreis. Juden \u2013 unerw\u00fcnscht. - starke-meinungen.de<\/title>\n<meta name=\"robots\" content=\"index, follow, max-snippet:-1, max-image-preview:large, max-video-preview:-1\" \/>\n<link rel=\"canonical\" href=\"https:\/\/starke-meinungen.de\/blog\/2024\/12\/12\/der-teufelskreis-juden-unerwuenscht\/\" \/>\n<meta property=\"og:locale\" content=\"de_DE\" \/>\n<meta property=\"og:type\" content=\"article\" \/>\n<meta property=\"og:title\" content=\"Der Teufelskreis. Juden \u2013 unerw\u00fcnscht. - starke-meinungen.de\" \/>\n<meta property=\"og:description\" content=\"Die Freie Universit\u00e4t Berlin sagt eine Ausstellung zu Pogromen an Juden ab. Die Begr\u00fcndung ist ein Zeichen der Geschichtsvergessenheit, der Furcht vor demokratischem Diskurs und der Toleranzbesoffenheit. Ist die Freie Universit\u00e4t noch ein Ort der Freiheit?\" \/>\n<meta property=\"og:url\" content=\"https:\/\/starke-meinungen.de\/blog\/2024\/12\/12\/der-teufelskreis-juden-unerwuenscht\/\" \/>\n<meta property=\"og:site_name\" content=\"starke-meinungen.de\" \/>\n<meta property=\"article:publisher\" content=\"https:\/\/www.facebook.com\/starkemeinungen\/\" \/>\n<meta property=\"article:published_time\" content=\"2024-12-12T14:39:02+00:00\" \/>\n<meta property=\"og:image\" content=\"https:\/\/starke-meinungen.de\/blog\/wp-content\/uploads\/ADE183F0-E7BC-4452-806A-C380E50EFB6C.jpeg\" \/>\n\t<meta property=\"og:image:width\" content=\"1078\" \/>\n\t<meta property=\"og:image:height\" content=\"948\" \/>\n\t<meta property=\"og:image:type\" content=\"image\/jpeg\" \/>\n<meta name=\"author\" content=\"Daniel Anderson\" \/>\n<meta name=\"twitter:card\" content=\"summary_large_image\" \/>\n<meta name=\"twitter:creator\" content=\"@starkemeinungen\" \/>\n<meta name=\"twitter:site\" content=\"@starkemeinungen\" \/>\n<meta name=\"twitter:label1\" content=\"Verfasst von\" \/>\n\t<meta name=\"twitter:data1\" content=\"Daniel Anderson\" \/>\n\t<meta name=\"twitter:label2\" content=\"Gesch\u00e4tzte Lesezeit\" \/>\n\t<meta name=\"twitter:data2\" content=\"4\u00a0Minuten\" \/>\n<script type=\"application\/ld+json\" class=\"yoast-schema-graph\">{\"@context\":\"https:\\\/\\\/schema.org\",\"@graph\":[{\"@type\":\"Article\",\"@id\":\"https:\\\/\\\/starke-meinungen.de\\\/blog\\\/2024\\\/12\\\/12\\\/der-teufelskreis-juden-unerwuenscht\\\/#article\",\"isPartOf\":{\"@id\":\"https:\\\/\\\/starke-meinungen.de\\\/blog\\\/2024\\\/12\\\/12\\\/der-teufelskreis-juden-unerwuenscht\\\/\"},\"author\":{\"name\":\"Daniel Anderson\",\"@id\":\"https:\\\/\\\/starke-meinungen.de\\\/blog\\\/#\\\/schema\\\/person\\\/6377964b1a3e294752087a851ffe7faa\"},\"headline\":\"Der Teufelskreis. Juden \u2013 unerw\u00fcnscht.\",\"datePublished\":\"2024-12-12T14:39:02+00:00\",\"mainEntityOfPage\":{\"@id\":\"https:\\\/\\\/starke-meinungen.de\\\/blog\\\/2024\\\/12\\\/12\\\/der-teufelskreis-juden-unerwuenscht\\\/\"},\"wordCount\":724,\"commentCount\":0,\"publisher\":{\"@id\":\"https:\\\/\\\/starke-meinungen.de\\\/blog\\\/#organization\"},\"image\":{\"@id\":\"https:\\\/\\\/starke-meinungen.de\\\/blog\\\/2024\\\/12\\\/12\\\/der-teufelskreis-juden-unerwuenscht\\\/#primaryimage\"},\"thumbnailUrl\":\"https:\\\/\\\/starke-meinungen.de\\\/blog\\\/wp-content\\\/uploads\\\/ADE183F0-E7BC-4452-806A-C380E50EFB6C.jpeg\",\"inLanguage\":\"de\",\"potentialAction\":[{\"@type\":\"CommentAction\",\"name\":\"Comment\",\"target\":[\"https:\\\/\\\/starke-meinungen.de\\\/blog\\\/2024\\\/12\\\/12\\\/der-teufelskreis-juden-unerwuenscht\\\/#respond\"]}]},{\"@type\":\"WebPage\",\"@id\":\"https:\\\/\\\/starke-meinungen.de\\\/blog\\\/2024\\\/12\\\/12\\\/der-teufelskreis-juden-unerwuenscht\\\/\",\"url\":\"https:\\\/\\\/starke-meinungen.de\\\/blog\\\/2024\\\/12\\\/12\\\/der-teufelskreis-juden-unerwuenscht\\\/\",\"name\":\"Der Teufelskreis. Juden \u2013 unerw\u00fcnscht. - starke-meinungen.de\",\"isPartOf\":{\"@id\":\"https:\\\/\\\/starke-meinungen.de\\\/blog\\\/#website\"},\"primaryImageOfPage\":{\"@id\":\"https:\\\/\\\/starke-meinungen.de\\\/blog\\\/2024\\\/12\\\/12\\\/der-teufelskreis-juden-unerwuenscht\\\/#primaryimage\"},\"image\":{\"@id\":\"https:\\\/\\\/starke-meinungen.de\\\/blog\\\/2024\\\/12\\\/12\\\/der-teufelskreis-juden-unerwuenscht\\\/#primaryimage\"},\"thumbnailUrl\":\"https:\\\/\\\/starke-meinungen.de\\\/blog\\\/wp-content\\\/uploads\\\/ADE183F0-E7BC-4452-806A-C380E50EFB6C.jpeg\",\"datePublished\":\"2024-12-12T14:39:02+00:00\",\"breadcrumb\":{\"@id\":\"https:\\\/\\\/starke-meinungen.de\\\/blog\\\/2024\\\/12\\\/12\\\/der-teufelskreis-juden-unerwuenscht\\\/#breadcrumb\"},\"inLanguage\":\"de\",\"potentialAction\":[{\"@type\":\"ReadAction\",\"target\":[\"https:\\\/\\\/starke-meinungen.de\\\/blog\\\/2024\\\/12\\\/12\\\/der-teufelskreis-juden-unerwuenscht\\\/\"]}]},{\"@type\":\"ImageObject\",\"inLanguage\":\"de\",\"@id\":\"https:\\\/\\\/starke-meinungen.de\\\/blog\\\/2024\\\/12\\\/12\\\/der-teufelskreis-juden-unerwuenscht\\\/#primaryimage\",\"url\":\"https:\\\/\\\/starke-meinungen.de\\\/blog\\\/wp-content\\\/uploads\\\/ADE183F0-E7BC-4452-806A-C380E50EFB6C.jpeg\",\"contentUrl\":\"https:\\\/\\\/starke-meinungen.de\\\/blog\\\/wp-content\\\/uploads\\\/ADE183F0-E7BC-4452-806A-C380E50EFB6C.jpeg\",\"width\":1078,\"height\":948},{\"@type\":\"BreadcrumbList\",\"@id\":\"https:\\\/\\\/starke-meinungen.de\\\/blog\\\/2024\\\/12\\\/12\\\/der-teufelskreis-juden-unerwuenscht\\\/#breadcrumb\",\"itemListElement\":[{\"@type\":\"ListItem\",\"position\":1,\"name\":\"Startseite\",\"item\":\"https:\\\/\\\/starke-meinungen.de\\\/blog\\\/\"},{\"@type\":\"ListItem\",\"position\":2,\"name\":\"Der Teufelskreis. Juden \u2013 unerw\u00fcnscht.\"}]},{\"@type\":\"WebSite\",\"@id\":\"https:\\\/\\\/starke-meinungen.de\\\/blog\\\/#website\",\"url\":\"https:\\\/\\\/starke-meinungen.de\\\/blog\\\/\",\"name\":\"starke-meinungen.de\",\"description\":\"Autoren-Blog\",\"publisher\":{\"@id\":\"https:\\\/\\\/starke-meinungen.de\\\/blog\\\/#organization\"},\"potentialAction\":[{\"@type\":\"SearchAction\",\"target\":{\"@type\":\"EntryPoint\",\"urlTemplate\":\"https:\\\/\\\/starke-meinungen.de\\\/blog\\\/?s={search_term_string}\"},\"query-input\":{\"@type\":\"PropertyValueSpecification\",\"valueRequired\":true,\"valueName\":\"search_term_string\"}}],\"inLanguage\":\"de\"},{\"@type\":\"Organization\",\"@id\":\"https:\\\/\\\/starke-meinungen.de\\\/blog\\\/#organization\",\"name\":\"starke-meinungen.de\",\"url\":\"https:\\\/\\\/starke-meinungen.de\\\/blog\\\/\",\"logo\":{\"@type\":\"ImageObject\",\"inLanguage\":\"de\",\"@id\":\"https:\\\/\\\/starke-meinungen.de\\\/blog\\\/#\\\/schema\\\/logo\\\/image\\\/\",\"url\":\"https:\\\/\\\/starke-meinungen.de\\\/blog\\\/wp-content\\\/uploads\\\/starke-meinungen-fb-header.jpg\",\"contentUrl\":\"https:\\\/\\\/starke-meinungen.de\\\/blog\\\/wp-content\\\/uploads\\\/starke-meinungen-fb-header.jpg\",\"width\":1200,\"height\":630,\"caption\":\"starke-meinungen.de\"},\"image\":{\"@id\":\"https:\\\/\\\/starke-meinungen.de\\\/blog\\\/#\\\/schema\\\/logo\\\/image\\\/\"},\"sameAs\":[\"https:\\\/\\\/www.facebook.com\\\/starkemeinungen\\\/\",\"https:\\\/\\\/x.com\\\/starkemeinungen\"]},{\"@type\":\"Person\",\"@id\":\"https:\\\/\\\/starke-meinungen.de\\\/blog\\\/#\\\/schema\\\/person\\\/6377964b1a3e294752087a851ffe7faa\",\"name\":\"Daniel Anderson\",\"image\":{\"@type\":\"ImageObject\",\"inLanguage\":\"de\",\"@id\":\"https:\\\/\\\/secure.gravatar.com\\\/avatar\\\/6e03010219bbddc3249d6750607a5aeb594cf3c15821bcc6d35a4509e139c585?s=96&d=mm&r=g\",\"url\":\"https:\\\/\\\/secure.gravatar.com\\\/avatar\\\/6e03010219bbddc3249d6750607a5aeb594cf3c15821bcc6d35a4509e139c585?s=96&d=mm&r=g\",\"contentUrl\":\"https:\\\/\\\/secure.gravatar.com\\\/avatar\\\/6e03010219bbddc3249d6750607a5aeb594cf3c15821bcc6d35a4509e139c585?s=96&d=mm&r=g\",\"caption\":\"Daniel Anderson\"},\"sameAs\":[\"https:\\\/\\\/spiegelberg-verlag.com\\\/component\\\/eshop\\\/daniel-anderson\",\"https:\\\/\\\/de.wikipedia.org\\\/wiki\\\/Daniel_Anderson\"],\"url\":\"https:\\\/\\\/starke-meinungen.de\\\/blog\\\/author\\\/anderson\\\/\"}]}<\/script>\n<!-- \/ Yoast SEO plugin. -->","yoast_head_json":{"title":"Der Teufelskreis. Juden \u2013 unerw\u00fcnscht. - starke-meinungen.de","robots":{"index":"index","follow":"follow","max-snippet":"max-snippet:-1","max-image-preview":"max-image-preview:large","max-video-preview":"max-video-preview:-1"},"canonical":"https:\/\/starke-meinungen.de\/blog\/2024\/12\/12\/der-teufelskreis-juden-unerwuenscht\/","og_locale":"de_DE","og_type":"article","og_title":"Der Teufelskreis. Juden \u2013 unerw\u00fcnscht. - starke-meinungen.de","og_description":"Die Freie Universit\u00e4t Berlin sagt eine Ausstellung zu Pogromen an Juden ab. Die Begr\u00fcndung ist ein Zeichen der Geschichtsvergessenheit, der Furcht vor demokratischem Diskurs und der Toleranzbesoffenheit. Ist die Freie Universit\u00e4t noch ein Ort der Freiheit?","og_url":"https:\/\/starke-meinungen.de\/blog\/2024\/12\/12\/der-teufelskreis-juden-unerwuenscht\/","og_site_name":"starke-meinungen.de","article_publisher":"https:\/\/www.facebook.com\/starkemeinungen\/","article_published_time":"2024-12-12T14:39:02+00:00","og_image":[{"width":1078,"height":948,"url":"https:\/\/starke-meinungen.de\/blog\/wp-content\/uploads\/ADE183F0-E7BC-4452-806A-C380E50EFB6C.jpeg","type":"image\/jpeg"}],"author":"Daniel Anderson","twitter_card":"summary_large_image","twitter_creator":"@starkemeinungen","twitter_site":"@starkemeinungen","twitter_misc":{"Verfasst von":"Daniel Anderson","Gesch\u00e4tzte Lesezeit":"4\u00a0Minuten"},"schema":{"@context":"https:\/\/schema.org","@graph":[{"@type":"Article","@id":"https:\/\/starke-meinungen.de\/blog\/2024\/12\/12\/der-teufelskreis-juden-unerwuenscht\/#article","isPartOf":{"@id":"https:\/\/starke-meinungen.de\/blog\/2024\/12\/12\/der-teufelskreis-juden-unerwuenscht\/"},"author":{"name":"Daniel Anderson","@id":"https:\/\/starke-meinungen.de\/blog\/#\/schema\/person\/6377964b1a3e294752087a851ffe7faa"},"headline":"Der Teufelskreis. Juden \u2013 unerw\u00fcnscht.","datePublished":"2024-12-12T14:39:02+00:00","mainEntityOfPage":{"@id":"https:\/\/starke-meinungen.de\/blog\/2024\/12\/12\/der-teufelskreis-juden-unerwuenscht\/"},"wordCount":724,"commentCount":0,"publisher":{"@id":"https:\/\/starke-meinungen.de\/blog\/#organization"},"image":{"@id":"https:\/\/starke-meinungen.de\/blog\/2024\/12\/12\/der-teufelskreis-juden-unerwuenscht\/#primaryimage"},"thumbnailUrl":"https:\/\/starke-meinungen.de\/blog\/wp-content\/uploads\/ADE183F0-E7BC-4452-806A-C380E50EFB6C.jpeg","inLanguage":"de","potentialAction":[{"@type":"CommentAction","name":"Comment","target":["https:\/\/starke-meinungen.de\/blog\/2024\/12\/12\/der-teufelskreis-juden-unerwuenscht\/#respond"]}]},{"@type":"WebPage","@id":"https:\/\/starke-meinungen.de\/blog\/2024\/12\/12\/der-teufelskreis-juden-unerwuenscht\/","url":"https:\/\/starke-meinungen.de\/blog\/2024\/12\/12\/der-teufelskreis-juden-unerwuenscht\/","name":"Der Teufelskreis. Juden \u2013 unerw\u00fcnscht. - starke-meinungen.de","isPartOf":{"@id":"https:\/\/starke-meinungen.de\/blog\/#website"},"primaryImageOfPage":{"@id":"https:\/\/starke-meinungen.de\/blog\/2024\/12\/12\/der-teufelskreis-juden-unerwuenscht\/#primaryimage"},"image":{"@id":"https:\/\/starke-meinungen.de\/blog\/2024\/12\/12\/der-teufelskreis-juden-unerwuenscht\/#primaryimage"},"thumbnailUrl":"https:\/\/starke-meinungen.de\/blog\/wp-content\/uploads\/ADE183F0-E7BC-4452-806A-C380E50EFB6C.jpeg","datePublished":"2024-12-12T14:39:02+00:00","breadcrumb":{"@id":"https:\/\/starke-meinungen.de\/blog\/2024\/12\/12\/der-teufelskreis-juden-unerwuenscht\/#breadcrumb"},"inLanguage":"de","potentialAction":[{"@type":"ReadAction","target":["https:\/\/starke-meinungen.de\/blog\/2024\/12\/12\/der-teufelskreis-juden-unerwuenscht\/"]}]},{"@type":"ImageObject","inLanguage":"de","@id":"https:\/\/starke-meinungen.de\/blog\/2024\/12\/12\/der-teufelskreis-juden-unerwuenscht\/#primaryimage","url":"https:\/\/starke-meinungen.de\/blog\/wp-content\/uploads\/ADE183F0-E7BC-4452-806A-C380E50EFB6C.jpeg","contentUrl":"https:\/\/starke-meinungen.de\/blog\/wp-content\/uploads\/ADE183F0-E7BC-4452-806A-C380E50EFB6C.jpeg","width":1078,"height":948},{"@type":"BreadcrumbList","@id":"https:\/\/starke-meinungen.de\/blog\/2024\/12\/12\/der-teufelskreis-juden-unerwuenscht\/#breadcrumb","itemListElement":[{"@type":"ListItem","position":1,"name":"Startseite","item":"https:\/\/starke-meinungen.de\/blog\/"},{"@type":"ListItem","position":2,"name":"Der Teufelskreis. Juden \u2013 unerw\u00fcnscht."}]},{"@type":"WebSite","@id":"https:\/\/starke-meinungen.de\/blog\/#website","url":"https:\/\/starke-meinungen.de\/blog\/","name":"starke-meinungen.de","description":"Autoren-Blog","publisher":{"@id":"https:\/\/starke-meinungen.de\/blog\/#organization"},"potentialAction":[{"@type":"SearchAction","target":{"@type":"EntryPoint","urlTemplate":"https:\/\/starke-meinungen.de\/blog\/?s={search_term_string}"},"query-input":{"@type":"PropertyValueSpecification","valueRequired":true,"valueName":"search_term_string"}}],"inLanguage":"de"},{"@type":"Organization","@id":"https:\/\/starke-meinungen.de\/blog\/#organization","name":"starke-meinungen.de","url":"https:\/\/starke-meinungen.de\/blog\/","logo":{"@type":"ImageObject","inLanguage":"de","@id":"https:\/\/starke-meinungen.de\/blog\/#\/schema\/logo\/image\/","url":"https:\/\/starke-meinungen.de\/blog\/wp-content\/uploads\/starke-meinungen-fb-header.jpg","contentUrl":"https:\/\/starke-meinungen.de\/blog\/wp-content\/uploads\/starke-meinungen-fb-header.jpg","width":1200,"height":630,"caption":"starke-meinungen.de"},"image":{"@id":"https:\/\/starke-meinungen.de\/blog\/#\/schema\/logo\/image\/"},"sameAs":["https:\/\/www.facebook.com\/starkemeinungen\/","https:\/\/x.com\/starkemeinungen"]},{"@type":"Person","@id":"https:\/\/starke-meinungen.de\/blog\/#\/schema\/person\/6377964b1a3e294752087a851ffe7faa","name":"Daniel Anderson","image":{"@type":"ImageObject","inLanguage":"de","@id":"https:\/\/secure.gravatar.com\/avatar\/6e03010219bbddc3249d6750607a5aeb594cf3c15821bcc6d35a4509e139c585?s=96&d=mm&r=g","url":"https:\/\/secure.gravatar.com\/avatar\/6e03010219bbddc3249d6750607a5aeb594cf3c15821bcc6d35a4509e139c585?s=96&d=mm&r=g","contentUrl":"https:\/\/secure.gravatar.com\/avatar\/6e03010219bbddc3249d6750607a5aeb594cf3c15821bcc6d35a4509e139c585?s=96&d=mm&r=g","caption":"Daniel Anderson"},"sameAs":["https:\/\/spiegelberg-verlag.com\/component\/eshop\/daniel-anderson","https:\/\/de.wikipedia.org\/wiki\/Daniel_Anderson"],"url":"https:\/\/starke-meinungen.de\/blog\/author\/anderson\/"}]}},"_links":{"self":[{"href":"https:\/\/starke-meinungen.de\/blog\/wp-json\/wp\/v2\/posts\/10642","targetHints":{"allow":["GET"]}}],"collection":[{"href":"https:\/\/starke-meinungen.de\/blog\/wp-json\/wp\/v2\/posts"}],"about":[{"href":"https:\/\/starke-meinungen.de\/blog\/wp-json\/wp\/v2\/types\/post"}],"author":[{"embeddable":true,"href":"https:\/\/starke-meinungen.de\/blog\/wp-json\/wp\/v2\/users\/46"}],"replies":[{"embeddable":true,"href":"https:\/\/starke-meinungen.de\/blog\/wp-json\/wp\/v2\/comments?post=10642"}],"version-history":[{"count":1,"href":"https:\/\/starke-meinungen.de\/blog\/wp-json\/wp\/v2\/posts\/10642\/revisions"}],"predecessor-version":[{"id":10645,"href":"https:\/\/starke-meinungen.de\/blog\/wp-json\/wp\/v2\/posts\/10642\/revisions\/10645"}],"wp:featuredmedia":[{"embeddable":true,"href":"https:\/\/starke-meinungen.de\/blog\/wp-json\/wp\/v2\/media\/10643"}],"wp:attachment":[{"href":"https:\/\/starke-meinungen.de\/blog\/wp-json\/wp\/v2\/media?parent=10642"}],"wp:term":[{"taxonomy":"category","embeddable":true,"href":"https:\/\/starke-meinungen.de\/blog\/wp-json\/wp\/v2\/categories?post=10642"},{"taxonomy":"post_tag","embeddable":true,"href":"https:\/\/starke-meinungen.de\/blog\/wp-json\/wp\/v2\/tags?post=10642"}],"curies":[{"name":"wp","href":"https:\/\/api.w.org\/{rel}","templated":true}]}}