

{"id":10620,"date":"2024-12-11T20:54:19","date_gmt":"2024-12-11T19:54:19","guid":{"rendered":"https:\/\/starke-meinungen.de\/blog\/?p=10620"},"modified":"2024-12-31T16:21:55","modified_gmt":"2024-12-31T15:21:55","slug":"10-000-km-ostwaerts-eine-reise-durch-das-beginnende-1989-5","status":"publish","type":"post","link":"https:\/\/starke-meinungen.de\/blog\/2024\/12\/11\/10-000-km-ostwaerts-eine-reise-durch-das-beginnende-1989-5\/","title":{"rendered":"10.000 km ostw\u00e4rts \u2013 eine Reise durch das beginnende 1989 (5)"},"content":{"rendered":"<p><strong>BUDAPEST \u2013 MOSKAU 2. &#8211; 4. Februar 1989<\/strong><\/p>\n<p><em>(Hier der <a href=\"https:\/\/starke-meinungen.de\/blog\/2024\/12\/31\/10-000-km-ostwaerts-27-januar-bis-22-maerz-1989\/\" target=\"_blank\" rel=\"noopener\">Link zu allen Tagesberichten.<\/a>)<\/em><\/p>\n<p><img decoding=\"async\" src=\"https:\/\/starke-meinungen.de\/blog\/wp-content\/uploads\/10.000.jpg\" \/><\/p>\n<p>\u201eGuten Abend&#8220; sage ich, als ich meine Taschen ins Abteil schleppe.<br \/>\nAuf Russisch nat\u00fcrlich.<\/p>\n<p>Au\u00dfer mir sind noch ein junger Mann und eine junge Frau in dem Abteil mit den vier Liegen. Die Taschen sind schnell verstaut. Wir wechseln ein paar Worte. Dann kann ich ihren Fragen auch schon nicht mehr folgen. \u201eAch, Sie sind kein Russe ?&#8220;<!--more--><\/p>\n<p>Es ist mehr eine Feststellung, denn eine Frage. \u201eNein, Deutscher, Bundesrepublik, Bonn, Student.&#8220; Aber jetzt stellen wir uns erst einmal vor. Sie,Tanja und er, Sergej sind ebenfalls Studenten. Ihre Universit\u00e4t ist am Ural, in der Udmurtischen Autonomen Sowjetrepublik. Jetzt waren sie auf einem Arch\u00e4ologie &#8211; Praktikum in Ungarn.<\/p>\n<p>&#8222;Rauchen wir eine ?&#8220; &#8211; \u201eJa&#8220; &#8211; Wir gehen auf den Gang hinaus.<br \/>\nSergej nimmt keine Zigarette. Er stopft sich eine Pfeife und f\u00fchrt sie zum Mund, der sich irgendwo zwischen seinen tief ins Gesicht h\u00e4ngenden Haaren und dem zottigen Bart befindet.<\/p>\n<p>Sp\u00e4ter sage ich ihm, da\u00df er genau so aussieht, wie man sich im Westen einen Sibirier vorstellt. Er nickt. Nun, warum nicht ?<\/p>\n<p>In der Nacht um zwei werden wir an der Grenze sein. Das ist viel Zeit, um eine halbe Flasche Whisky zu leeren und vor allem &#8211; um zu erz\u00e4hlen. \u00dcber Bonn, die Stadt in der ich lebe, \u00fcber bundesdeutsche Parteien, die Sowjetunion, die Ver\u00e4nderungen und den Ural.<\/p>\n<p>\u201eWieviele der Leute dort sind eigentlich Udmurten ?&#8220; frage ich.<br \/>\n\u201eDrei\u00dfig Prozent,&#8220; sagt Tanja. \u201eSie sind so wenig,&#8220; f\u00fcgt Sergej augenzwinkernd hinzu, \u201e weil die H\u00e4lfte von ihnen in Amerika lebt.&#8220;<br \/>\nTanja widerspricht.<\/p>\n<p>In der Nacht kommen die Grenzer. \u201eWas ist das ?&#8220; Die Frau vom sowjetischen Zoll blickt anfangs entgeistert in meine Tasche, wo sich Lebensmittel f\u00fcr 10 Tage befinden. Dann nimmt sie es mit Humor.<\/p>\n<p>Als \u201eInostranez&#8220; mu\u00df ich, wie auch zwei Schweizerinnen hinaus auf den Bahnhof. Unsere P\u00e4sse sind schon dort.<\/p>\n<p>\u201eInostranez&#8220; &#8211; dieses Wort werde ich noch oft h\u00f6ren. Es hei\u00dft eigentlich Ausl\u00e4nder. Konkret sind damit aber nur die richtig ausl\u00e4ndischen Ausl\u00e4nder gemeint, die aus dem Westen.<\/p>\n<p>Sergej und ich stehen drau\u00dfen auf dem Gang. \u201eWie f\u00fchlst Du Dich?&#8220; frage ich ihn. \u201eBist Du zu Hause ?&#8220; Er nimmt die Pfeife aus dem Mund und sch\u00fcttelt den Kopf. \u201eNein, zu Hause bin ich erst am Ural, wo es Schnee gibt und Wald, viel, viel Wald.&#8220;<\/p>\n<p>Am n\u00e4chsten Tag erz\u00e4hlt Sergej von seiner Leidenschaft: Jagd und Jagdwaffen. Ab und an stockt das Gespr\u00e4ch. Dann bl\u00e4ttern wir im W\u00f6rterbuch. Tanja hat das Russisch-Deutsche, ich das Deutsch-Russische in der Hand. Ein vierter Passagier steigt ein und wieder aus. Ein anderer kommt. Seit Vormittag dudeln in den Abteilen die Lautsprecher. Radio Moskau bringt Musik und Politik.<\/p>\n<p>Wir haben den Lautsprecher ausgeschaltet und unterhalten uns.<br \/>\nAm Kiewer Bahnhof werden wir ankommen (Bild unten aus Wikipedia).<\/p>\n<p><img decoding=\"async\" src=\"https:\/\/starke-meinungen.de\/blog\/wp-content\/uploads\/Debarkader_Moscow_Kyivskiy_Train_Station.jpg\" \/><\/p>\n<p>Tanja und Sergej m\u00fcssen zum Kasaner, ich zum Jaroslawer Bahnhof. Tanja zeigt auf meinen Moskauer Stadtplan, den ich mir in Budapest gekauft habe.<\/p>\n<p>Den Shdanow Bezirk gebe es nicht mehr. \u201eShdanow war ein Stalinist und deshalb wurde er umbenannt.\u201c Nein &#8211; wie er heute hei\u00dft, wei\u00df sie nicht.<\/p>\n<p>Vergeblich suche ich auf dem Plan nach Kirchen in Moskau. Auf dem gibt es keine. Daf\u00fcr verzeichnet derselbe alle Lenin \u2013 Denkmale der sowjetischen Hauptstadt.<\/p>\n<p>\u201eAufstehen Genossen !!!\u201c &#8211; Um f\u00fcnf Uhr am n\u00e4chsten Morgen weckt uns der Schaffner.<\/p>\n<p>In einer Stunde werden wir auf dem Kiewer Bahnhof sein. Dann rollen wir auch schon durch die Vorst\u00e4dte.<br \/>\nPunkt sechs Uhr schmettert in den Lautsprechern im Zug die sowjetische Nationalhymne los &#8211; <a href=\"https:\/\/www.youtube.com\/watch?v=ggehvU67G3Q\" target=\"_blank\" rel=\"noopener\">\u201e&#8230;Du, meine Sowjetunion.\u201c<\/a><\/p>\n<p><em><strong>Einschub 2024:<\/strong><\/em><\/p>\n<p><em>Melodien sind \u00fcbrigens langlebiger als Texte, weil einpr\u00e4gsamer.<\/em><\/p>\n<p><em>Ein neuer Text &#8222;darauf&#8220; und fertig ist die <a href=\"https:\/\/www.youtube.com\/watch?v=m9AKwyrVxr4\" target=\"_blank\" rel=\"noopener\">gegenw\u00e4rtische Russische Nationalhymne<\/a>.<\/em><\/p>\n<p><em>Daraus kann man Kontinuit\u00e4ten ableiten, mu\u00df man aber nicht. Auch die Deutsche Nationalhymne wurde zu einem anderen Anla\u00df komponiert. Es gibt sie sogar als anglikanisches Kirchenlied.<\/em><\/p>\n<div class=\"shariff shariff-align-left shariff-widget-align-left shariff-buttonstretch\" style=\"display:none\"><ul class=\"shariff-buttons theme-white orientation-horizontal buttonsize-medium\"><li class=\"shariff-button facebook shariff-nocustomcolor\" style=\"background-color:#4273c8\"><a href=\"https:\/\/www.facebook.com\/sharer\/sharer.php?u=https%3A%2F%2Fstarke-meinungen.de%2Fblog%2F2024%2F12%2F11%2F10-000-km-ostwaerts-eine-reise-durch-das-beginnende-1989-5%2F\" title=\"Bei Facebook teilen\" aria-label=\"Bei Facebook teilen\" role=\"button\" rel=\"nofollow\" class=\"shariff-link\" style=\"; background-color:#3b5998; color:#3b5998\" target=\"_blank\"><span class=\"shariff-icon\" style=\"fill:#3b5998\"><svg width=\"32px\" height=\"20px\" xmlns=\"http:\/\/www.w3.org\/2000\/svg\" viewBox=\"0 0 18 32\"><path fill=\"#3b5998\" d=\"M17.1 0.2v4.7h-2.8q-1.5 0-2.1 0.6t-0.5 1.9v3.4h5.2l-0.7 5.3h-4.5v13.6h-5.5v-13.6h-4.5v-5.3h4.5v-3.9q0-3.3 1.9-5.2t5-1.8q2.6 0 4.1 0.2z\"\/><\/svg><\/span><span class=\"shariff-text\" style=\"color:#3b5998\">teilen<\/span>&nbsp;<\/a><\/li><li class=\"shariff-button twitter shariff-nocustomcolor\" style=\"background-color:#595959\"><a href=\"https:\/\/twitter.com\/share?url=https%3A%2F%2Fstarke-meinungen.de%2Fblog%2F2024%2F12%2F11%2F10-000-km-ostwaerts-eine-reise-durch-das-beginnende-1989-5%2F&text=10.000%20km%20ostw%C3%A4rts%20%E2%80%93%20eine%20Reise%20durch%20das%20beginnende%201989%20%285%29&via=starkemeinungen\" title=\"Bei X teilen\" aria-label=\"Bei X teilen\" role=\"button\" rel=\"noopener nofollow\" class=\"shariff-link\" style=\"; background-color:#000; color:#000\" target=\"_blank\"><span class=\"shariff-icon\" style=\"fill:#000\"><svg width=\"32px\" height=\"20px\" xmlns=\"http:\/\/www.w3.org\/2000\/svg\" viewBox=\"0 0 24 24\"><path fill=\"#000\" d=\"M14.258 10.152L23.176 0h-2.113l-7.747 8.813L7.133 0H0l9.352 13.328L0 23.973h2.113l8.176-9.309 6.531 9.309h7.133zm-2.895 3.293l-.949-1.328L2.875 1.56h3.246l6.086 8.523.945 1.328 7.91 11.078h-3.246zm0 0\"\/><\/svg><\/span><span class=\"shariff-text\" style=\"color:#000\">teilen<\/span>&nbsp;<\/a><\/li><li class=\"shariff-button linkedin shariff-nocustomcolor\" style=\"background-color:#1488bf\"><a href=\"https:\/\/www.linkedin.com\/sharing\/share-offsite\/?url=https%3A%2F%2Fstarke-meinungen.de%2Fblog%2F2024%2F12%2F11%2F10-000-km-ostwaerts-eine-reise-durch-das-beginnende-1989-5%2F\" title=\"Bei LinkedIn teilen\" aria-label=\"Bei LinkedIn teilen\" role=\"button\" rel=\"noopener nofollow\" class=\"shariff-link\" style=\"; background-color:#0077b5; color:#0077b5\" target=\"_blank\"><span class=\"shariff-icon\" style=\"fill:#0077b5\"><svg width=\"32px\" height=\"20px\" xmlns=\"http:\/\/www.w3.org\/2000\/svg\" viewBox=\"0 0 27 32\"><path fill=\"#0077b5\" d=\"M6.2 11.2v17.7h-5.9v-17.7h5.9zM6.6 5.7q0 1.3-0.9 2.2t-2.4 0.9h0q-1.5 0-2.4-0.9t-0.9-2.2 0.9-2.2 2.4-0.9 2.4 0.9 0.9 2.2zM27.4 18.7v10.1h-5.9v-9.5q0-1.9-0.7-2.9t-2.3-1.1q-1.1 0-1.9 0.6t-1.2 1.5q-0.2 0.5-0.2 1.4v9.9h-5.9q0-7.1 0-11.6t0-5.3l0-0.9h5.9v2.6h0q0.4-0.6 0.7-1t1-0.9 1.6-0.8 2-0.3q3 0 4.9 2t1.9 6z\"\/><\/svg><\/span><span class=\"shariff-text\" style=\"color:#0077b5\">teilen<\/span>&nbsp;<\/a><\/li><li class=\"shariff-button xing shariff-nocustomcolor\" style=\"background-color:#29888a\"><a href=\"https:\/\/www.xing.com\/spi\/shares\/new?url=https%3A%2F%2Fstarke-meinungen.de%2Fblog%2F2024%2F12%2F11%2F10-000-km-ostwaerts-eine-reise-durch-das-beginnende-1989-5%2F\" title=\"Bei XING teilen\" aria-label=\"Bei XING teilen\" role=\"button\" rel=\"noopener nofollow\" class=\"shariff-link\" style=\"; background-color:#126567; color:#126567\" target=\"_blank\"><span class=\"shariff-icon\" style=\"fill:#126567\"><svg width=\"32px\" height=\"20px\" xmlns=\"http:\/\/www.w3.org\/2000\/svg\" viewBox=\"0 0 25 32\"><path fill=\"#126567\" d=\"M10.7 11.9q-0.2 0.3-4.6 8.2-0.5 0.8-1.2 0.8h-4.3q-0.4 0-0.5-0.3t0-0.6l4.5-8q0 0 0 0l-2.9-5q-0.2-0.4 0-0.7 0.2-0.3 0.5-0.3h4.3q0.7 0 1.2 0.8zM25.1 0.4q0.2 0.3 0 0.7l-9.4 16.7 6 11q0.2 0.4 0 0.6-0.2 0.3-0.6 0.3h-4.3q-0.7 0-1.2-0.8l-6-11.1q0.3-0.6 9.5-16.8 0.4-0.8 1.2-0.8h4.3q0.4 0 0.5 0.3z\"\/><\/svg><\/span><span class=\"shariff-text\" style=\"color:#126567\">teilen<\/span>&nbsp;<\/a><\/li><li class=\"shariff-button whatsapp shariff-nocustomcolor\" style=\"background-color:#5cbe4a\"><a href=\"https:\/\/api.whatsapp.com\/send?text=https%3A%2F%2Fstarke-meinungen.de%2Fblog%2F2024%2F12%2F11%2F10-000-km-ostwaerts-eine-reise-durch-das-beginnende-1989-5%2F%2010.000%20km%20ostw%C3%A4rts%20%E2%80%93%20eine%20Reise%20durch%20das%20beginnende%201989%20%285%29\" title=\"Bei Whatsapp teilen\" aria-label=\"Bei Whatsapp teilen\" role=\"button\" rel=\"noopener nofollow\" class=\"shariff-link\" style=\"; background-color:#34af23; color:#34af23\" target=\"_blank\"><span class=\"shariff-icon\" style=\"fill:#34af23\"><svg width=\"32px\" height=\"20px\" xmlns=\"http:\/\/www.w3.org\/2000\/svg\" viewBox=\"0 0 32 32\"><path fill=\"#34af23\" d=\"M17.6 17.4q0.2 0 1.7 0.8t1.6 0.9q0 0.1 0 0.3 0 0.6-0.3 1.4-0.3 0.7-1.3 1.2t-1.8 0.5q-1 0-3.4-1.1-1.7-0.8-3-2.1t-2.6-3.3q-1.3-1.9-1.3-3.5v-0.1q0.1-1.6 1.3-2.8 0.4-0.4 0.9-0.4 0.1 0 0.3 0t0.3 0q0.3 0 0.5 0.1t0.3 0.5q0.1 0.4 0.6 1.6t0.4 1.3q0 0.4-0.6 1t-0.6 0.8q0 0.1 0.1 0.3 0.6 1.3 1.8 2.4 1 0.9 2.7 1.8 0.2 0.1 0.4 0.1 0.3 0 1-0.9t0.9-0.9zM14 26.9q2.3 0 4.3-0.9t3.6-2.4 2.4-3.6 0.9-4.3-0.9-4.3-2.4-3.6-3.6-2.4-4.3-0.9-4.3 0.9-3.6 2.4-2.4 3.6-0.9 4.3q0 3.6 2.1 6.6l-1.4 4.2 4.3-1.4q2.8 1.9 6.2 1.9zM14 2.2q2.7 0 5.2 1.1t4.3 2.9 2.9 4.3 1.1 5.2-1.1 5.2-2.9 4.3-4.3 2.9-5.2 1.1q-3.5 0-6.5-1.7l-7.4 2.4 2.4-7.2q-1.9-3.2-1.9-6.9 0-2.7 1.1-5.2t2.9-4.3 4.3-2.9 5.2-1.1z\"\/><\/svg><\/span><span class=\"shariff-text\" style=\"color:#34af23\">teilen<\/span>&nbsp;<\/a><\/li><li class=\"shariff-button info shariff-nocustomcolor\" style=\"background-color:#a8a8a8\"><a href=\"http:\/\/ct.de\/-2467514\" title=\"Weitere Informationen\" aria-label=\"Weitere Informationen\" role=\"button\" rel=\"noopener \" class=\"shariff-link\" style=\"; background-color:#999; color:#999\" target=\"_blank\"><span class=\"shariff-icon\" style=\"fill:#999\"><svg width=\"32px\" height=\"20px\" xmlns=\"http:\/\/www.w3.org\/2000\/svg\" viewBox=\"0 0 11 32\"><path fill=\"#999\" d=\"M11.4 24v2.3q0 0.5-0.3 0.8t-0.8 0.4h-9.1q-0.5 0-0.8-0.4t-0.4-0.8v-2.3q0-0.5 0.4-0.8t0.8-0.4h1.1v-6.8h-1.1q-0.5 0-0.8-0.4t-0.4-0.8v-2.3q0-0.5 0.4-0.8t0.8-0.4h6.8q0.5 0 0.8 0.4t0.4 0.8v10.3h1.1q0.5 0 0.8 0.4t0.3 0.8zM9.2 3.4v3.4q0 0.5-0.4 0.8t-0.8 0.4h-4.6q-0.4 0-0.8-0.4t-0.4-0.8v-3.4q0-0.4 0.4-0.8t0.8-0.4h4.6q0.5 0 0.8 0.4t0.4 0.8z\"\/><\/svg><\/span><\/a><\/li><\/ul><\/div>","protected":false},"excerpt":{"rendered":"<p>BUDAPEST \u2013 MOSKAU 2. &#8211; 4. Februar 1989 (Hier der Link zu allen Tagesberichten.) \u201eGuten Abend&#8220; sage ich, als ich meine Taschen ins Abteil schleppe. Auf Russisch nat\u00fcrlich. Au\u00dfer mir sind noch ein junger Mann und eine junge Frau in dem Abteil mit den vier Liegen. Die Taschen sind schnell verstaut. Wir wechseln ein paar Worte. Dann kann ich ihren&#8230; <a href=\"https:\/\/starke-meinungen.de\/blog\/2024\/12\/11\/10-000-km-ostwaerts-eine-reise-durch-das-beginnende-1989-5\/\">Weiterlesen &raquo;<\/a><\/p>\n","protected":false},"author":58,"featured_media":0,"comment_status":"open","ping_status":"open","sticky":false,"template":"","format":"standard","meta":{"footnotes":""},"categories":[1],"tags":[],"class_list":["post-10620","post","type-post","status-publish","format-standard","hentry","category-allgemein"],"yoast_head":"<!-- This site is optimized with the Yoast SEO plugin v27.4 - https:\/\/yoast.com\/product\/yoast-seo-wordpress\/ -->\n<title>10.000 km ostw\u00e4rts \u2013 eine Reise durch das beginnende 1989 (5) - starke-meinungen.de<\/title>\n<meta name=\"robots\" content=\"index, follow, max-snippet:-1, max-image-preview:large, max-video-preview:-1\" \/>\n<link rel=\"canonical\" href=\"https:\/\/starke-meinungen.de\/blog\/2024\/12\/11\/10-000-km-ostwaerts-eine-reise-durch-das-beginnende-1989-5\/\" \/>\n<meta property=\"og:locale\" content=\"de_DE\" \/>\n<meta property=\"og:type\" content=\"article\" \/>\n<meta property=\"og:title\" content=\"10.000 km ostw\u00e4rts \u2013 eine Reise durch das beginnende 1989 (5) - starke-meinungen.de\" \/>\n<meta property=\"og:description\" content=\"BUDAPEST \u2013 MOSKAU 2. &#8211; 4. Februar 1989 (Hier der Link zu allen Tagesberichten.) \u201eGuten Abend&#8220; sage ich, als ich meine Taschen ins Abteil schleppe. Auf Russisch nat\u00fcrlich. Au\u00dfer mir sind noch ein junger Mann und eine junge Frau in dem Abteil mit den vier Liegen. Die Taschen sind schnell verstaut. Wir wechseln ein paar Worte. Dann kann ich ihren... Weiterlesen &raquo;\" \/>\n<meta property=\"og:url\" content=\"https:\/\/starke-meinungen.de\/blog\/2024\/12\/11\/10-000-km-ostwaerts-eine-reise-durch-das-beginnende-1989-5\/\" \/>\n<meta property=\"og:site_name\" content=\"starke-meinungen.de\" \/>\n<meta property=\"article:publisher\" content=\"https:\/\/www.facebook.com\/starkemeinungen\/\" \/>\n<meta property=\"article:published_time\" content=\"2024-12-11T19:54:19+00:00\" \/>\n<meta property=\"article:modified_time\" content=\"2024-12-31T15:21:55+00:00\" \/>\n<meta property=\"og:image\" content=\"https:\/\/starke-meinungen.de\/blog\/wp-content\/uploads\/10.000.jpg\" \/>\n<meta name=\"author\" content=\"Bodo Walther\" \/>\n<meta name=\"twitter:card\" content=\"summary_large_image\" \/>\n<meta name=\"twitter:creator\" content=\"@starkemeinungen\" \/>\n<meta name=\"twitter:site\" content=\"@starkemeinungen\" \/>\n<meta name=\"twitter:label1\" content=\"Verfasst von\" \/>\n\t<meta name=\"twitter:data1\" content=\"Bodo Walther\" \/>\n\t<meta name=\"twitter:label2\" content=\"Gesch\u00e4tzte Lesezeit\" \/>\n\t<meta name=\"twitter:data2\" content=\"4\u00a0Minuten\" \/>\n<script type=\"application\/ld+json\" class=\"yoast-schema-graph\">{\"@context\":\"https:\\\/\\\/schema.org\",\"@graph\":[{\"@type\":\"Article\",\"@id\":\"https:\\\/\\\/starke-meinungen.de\\\/blog\\\/2024\\\/12\\\/11\\\/10-000-km-ostwaerts-eine-reise-durch-das-beginnende-1989-5\\\/#article\",\"isPartOf\":{\"@id\":\"https:\\\/\\\/starke-meinungen.de\\\/blog\\\/2024\\\/12\\\/11\\\/10-000-km-ostwaerts-eine-reise-durch-das-beginnende-1989-5\\\/\"},\"author\":{\"name\":\"Bodo Walther\",\"@id\":\"https:\\\/\\\/starke-meinungen.de\\\/blog\\\/#\\\/schema\\\/person\\\/c09813e9c9af72d43aa64f379b8b92b8\"},\"headline\":\"10.000 km ostw\u00e4rts \u2013 eine Reise durch das beginnende 1989 (5)\",\"datePublished\":\"2024-12-11T19:54:19+00:00\",\"dateModified\":\"2024-12-31T15:21:55+00:00\",\"mainEntityOfPage\":{\"@id\":\"https:\\\/\\\/starke-meinungen.de\\\/blog\\\/2024\\\/12\\\/11\\\/10-000-km-ostwaerts-eine-reise-durch-das-beginnende-1989-5\\\/\"},\"wordCount\":665,\"commentCount\":0,\"publisher\":{\"@id\":\"https:\\\/\\\/starke-meinungen.de\\\/blog\\\/#organization\"},\"image\":{\"@id\":\"https:\\\/\\\/starke-meinungen.de\\\/blog\\\/2024\\\/12\\\/11\\\/10-000-km-ostwaerts-eine-reise-durch-das-beginnende-1989-5\\\/#primaryimage\"},\"thumbnailUrl\":\"https:\\\/\\\/starke-meinungen.de\\\/blog\\\/wp-content\\\/uploads\\\/10.000.jpg\",\"inLanguage\":\"de\",\"potentialAction\":[{\"@type\":\"CommentAction\",\"name\":\"Comment\",\"target\":[\"https:\\\/\\\/starke-meinungen.de\\\/blog\\\/2024\\\/12\\\/11\\\/10-000-km-ostwaerts-eine-reise-durch-das-beginnende-1989-5\\\/#respond\"]}]},{\"@type\":\"WebPage\",\"@id\":\"https:\\\/\\\/starke-meinungen.de\\\/blog\\\/2024\\\/12\\\/11\\\/10-000-km-ostwaerts-eine-reise-durch-das-beginnende-1989-5\\\/\",\"url\":\"https:\\\/\\\/starke-meinungen.de\\\/blog\\\/2024\\\/12\\\/11\\\/10-000-km-ostwaerts-eine-reise-durch-das-beginnende-1989-5\\\/\",\"name\":\"10.000 km ostw\u00e4rts \u2013 eine Reise durch das beginnende 1989 (5) - starke-meinungen.de\",\"isPartOf\":{\"@id\":\"https:\\\/\\\/starke-meinungen.de\\\/blog\\\/#website\"},\"primaryImageOfPage\":{\"@id\":\"https:\\\/\\\/starke-meinungen.de\\\/blog\\\/2024\\\/12\\\/11\\\/10-000-km-ostwaerts-eine-reise-durch-das-beginnende-1989-5\\\/#primaryimage\"},\"image\":{\"@id\":\"https:\\\/\\\/starke-meinungen.de\\\/blog\\\/2024\\\/12\\\/11\\\/10-000-km-ostwaerts-eine-reise-durch-das-beginnende-1989-5\\\/#primaryimage\"},\"thumbnailUrl\":\"https:\\\/\\\/starke-meinungen.de\\\/blog\\\/wp-content\\\/uploads\\\/10.000.jpg\",\"datePublished\":\"2024-12-11T19:54:19+00:00\",\"dateModified\":\"2024-12-31T15:21:55+00:00\",\"breadcrumb\":{\"@id\":\"https:\\\/\\\/starke-meinungen.de\\\/blog\\\/2024\\\/12\\\/11\\\/10-000-km-ostwaerts-eine-reise-durch-das-beginnende-1989-5\\\/#breadcrumb\"},\"inLanguage\":\"de\",\"potentialAction\":[{\"@type\":\"ReadAction\",\"target\":[\"https:\\\/\\\/starke-meinungen.de\\\/blog\\\/2024\\\/12\\\/11\\\/10-000-km-ostwaerts-eine-reise-durch-das-beginnende-1989-5\\\/\"]}]},{\"@type\":\"ImageObject\",\"inLanguage\":\"de\",\"@id\":\"https:\\\/\\\/starke-meinungen.de\\\/blog\\\/2024\\\/12\\\/11\\\/10-000-km-ostwaerts-eine-reise-durch-das-beginnende-1989-5\\\/#primaryimage\",\"url\":\"https:\\\/\\\/starke-meinungen.de\\\/blog\\\/wp-content\\\/uploads\\\/10.000.jpg\",\"contentUrl\":\"https:\\\/\\\/starke-meinungen.de\\\/blog\\\/wp-content\\\/uploads\\\/10.000.jpg\",\"width\":1154,\"height\":731},{\"@type\":\"BreadcrumbList\",\"@id\":\"https:\\\/\\\/starke-meinungen.de\\\/blog\\\/2024\\\/12\\\/11\\\/10-000-km-ostwaerts-eine-reise-durch-das-beginnende-1989-5\\\/#breadcrumb\",\"itemListElement\":[{\"@type\":\"ListItem\",\"position\":1,\"name\":\"Startseite\",\"item\":\"https:\\\/\\\/starke-meinungen.de\\\/blog\\\/\"},{\"@type\":\"ListItem\",\"position\":2,\"name\":\"10.000 km ostw\u00e4rts \u2013 eine Reise durch das beginnende 1989 (5)\"}]},{\"@type\":\"WebSite\",\"@id\":\"https:\\\/\\\/starke-meinungen.de\\\/blog\\\/#website\",\"url\":\"https:\\\/\\\/starke-meinungen.de\\\/blog\\\/\",\"name\":\"starke-meinungen.de\",\"description\":\"Autoren-Blog\",\"publisher\":{\"@id\":\"https:\\\/\\\/starke-meinungen.de\\\/blog\\\/#organization\"},\"potentialAction\":[{\"@type\":\"SearchAction\",\"target\":{\"@type\":\"EntryPoint\",\"urlTemplate\":\"https:\\\/\\\/starke-meinungen.de\\\/blog\\\/?s={search_term_string}\"},\"query-input\":{\"@type\":\"PropertyValueSpecification\",\"valueRequired\":true,\"valueName\":\"search_term_string\"}}],\"inLanguage\":\"de\"},{\"@type\":\"Organization\",\"@id\":\"https:\\\/\\\/starke-meinungen.de\\\/blog\\\/#organization\",\"name\":\"starke-meinungen.de\",\"url\":\"https:\\\/\\\/starke-meinungen.de\\\/blog\\\/\",\"logo\":{\"@type\":\"ImageObject\",\"inLanguage\":\"de\",\"@id\":\"https:\\\/\\\/starke-meinungen.de\\\/blog\\\/#\\\/schema\\\/logo\\\/image\\\/\",\"url\":\"https:\\\/\\\/starke-meinungen.de\\\/blog\\\/wp-content\\\/uploads\\\/starke-meinungen-fb-header.jpg\",\"contentUrl\":\"https:\\\/\\\/starke-meinungen.de\\\/blog\\\/wp-content\\\/uploads\\\/starke-meinungen-fb-header.jpg\",\"width\":1200,\"height\":630,\"caption\":\"starke-meinungen.de\"},\"image\":{\"@id\":\"https:\\\/\\\/starke-meinungen.de\\\/blog\\\/#\\\/schema\\\/logo\\\/image\\\/\"},\"sameAs\":[\"https:\\\/\\\/www.facebook.com\\\/starkemeinungen\\\/\",\"https:\\\/\\\/x.com\\\/starkemeinungen\"]},{\"@type\":\"Person\",\"@id\":\"https:\\\/\\\/starke-meinungen.de\\\/blog\\\/#\\\/schema\\\/person\\\/c09813e9c9af72d43aa64f379b8b92b8\",\"name\":\"Bodo Walther\",\"image\":{\"@type\":\"ImageObject\",\"inLanguage\":\"de\",\"@id\":\"https:\\\/\\\/secure.gravatar.com\\\/avatar\\\/3c9d5c7a3feb37b6976cfee946f7618756dcd05cbae8960f1b19091e547f7e57?s=96&d=mm&r=g\",\"url\":\"https:\\\/\\\/secure.gravatar.com\\\/avatar\\\/3c9d5c7a3feb37b6976cfee946f7618756dcd05cbae8960f1b19091e547f7e57?s=96&d=mm&r=g\",\"contentUrl\":\"https:\\\/\\\/secure.gravatar.com\\\/avatar\\\/3c9d5c7a3feb37b6976cfee946f7618756dcd05cbae8960f1b19091e547f7e57?s=96&d=mm&r=g\",\"caption\":\"Bodo Walther\"},\"description\":\"Bodo Walther, geboren 1960 in Wei\u00dfenfels im heutigen Sachsen-Anhalt, studierte 1985 bis 1991 Rechtswissenschaften in T\u00fcbingen und Bonn. Er war aktiver Landes- und Kommunalbeamter in Sachsen-Anhalt, ist heute im Ruhestand und Anwalt in der N\u00e4he von Leipzig.\",\"url\":\"https:\\\/\\\/starke-meinungen.de\\\/blog\\\/author\\\/walther\\\/\"}]}<\/script>\n<!-- \/ Yoast SEO plugin. -->","yoast_head_json":{"title":"10.000 km ostw\u00e4rts \u2013 eine Reise durch das beginnende 1989 (5) - starke-meinungen.de","robots":{"index":"index","follow":"follow","max-snippet":"max-snippet:-1","max-image-preview":"max-image-preview:large","max-video-preview":"max-video-preview:-1"},"canonical":"https:\/\/starke-meinungen.de\/blog\/2024\/12\/11\/10-000-km-ostwaerts-eine-reise-durch-das-beginnende-1989-5\/","og_locale":"de_DE","og_type":"article","og_title":"10.000 km ostw\u00e4rts \u2013 eine Reise durch das beginnende 1989 (5) - starke-meinungen.de","og_description":"BUDAPEST \u2013 MOSKAU 2. &#8211; 4. Februar 1989 (Hier der Link zu allen Tagesberichten.) \u201eGuten Abend&#8220; sage ich, als ich meine Taschen ins Abteil schleppe. Auf Russisch nat\u00fcrlich. Au\u00dfer mir sind noch ein junger Mann und eine junge Frau in dem Abteil mit den vier Liegen. Die Taschen sind schnell verstaut. Wir wechseln ein paar Worte. Dann kann ich ihren... Weiterlesen &raquo;","og_url":"https:\/\/starke-meinungen.de\/blog\/2024\/12\/11\/10-000-km-ostwaerts-eine-reise-durch-das-beginnende-1989-5\/","og_site_name":"starke-meinungen.de","article_publisher":"https:\/\/www.facebook.com\/starkemeinungen\/","article_published_time":"2024-12-11T19:54:19+00:00","article_modified_time":"2024-12-31T15:21:55+00:00","og_image":[{"url":"https:\/\/starke-meinungen.de\/blog\/wp-content\/uploads\/10.000.jpg","type":"","width":"","height":""}],"author":"Bodo Walther","twitter_card":"summary_large_image","twitter_creator":"@starkemeinungen","twitter_site":"@starkemeinungen","twitter_misc":{"Verfasst von":"Bodo Walther","Gesch\u00e4tzte Lesezeit":"4\u00a0Minuten"},"schema":{"@context":"https:\/\/schema.org","@graph":[{"@type":"Article","@id":"https:\/\/starke-meinungen.de\/blog\/2024\/12\/11\/10-000-km-ostwaerts-eine-reise-durch-das-beginnende-1989-5\/#article","isPartOf":{"@id":"https:\/\/starke-meinungen.de\/blog\/2024\/12\/11\/10-000-km-ostwaerts-eine-reise-durch-das-beginnende-1989-5\/"},"author":{"name":"Bodo Walther","@id":"https:\/\/starke-meinungen.de\/blog\/#\/schema\/person\/c09813e9c9af72d43aa64f379b8b92b8"},"headline":"10.000 km ostw\u00e4rts \u2013 eine Reise durch das beginnende 1989 (5)","datePublished":"2024-12-11T19:54:19+00:00","dateModified":"2024-12-31T15:21:55+00:00","mainEntityOfPage":{"@id":"https:\/\/starke-meinungen.de\/blog\/2024\/12\/11\/10-000-km-ostwaerts-eine-reise-durch-das-beginnende-1989-5\/"},"wordCount":665,"commentCount":0,"publisher":{"@id":"https:\/\/starke-meinungen.de\/blog\/#organization"},"image":{"@id":"https:\/\/starke-meinungen.de\/blog\/2024\/12\/11\/10-000-km-ostwaerts-eine-reise-durch-das-beginnende-1989-5\/#primaryimage"},"thumbnailUrl":"https:\/\/starke-meinungen.de\/blog\/wp-content\/uploads\/10.000.jpg","inLanguage":"de","potentialAction":[{"@type":"CommentAction","name":"Comment","target":["https:\/\/starke-meinungen.de\/blog\/2024\/12\/11\/10-000-km-ostwaerts-eine-reise-durch-das-beginnende-1989-5\/#respond"]}]},{"@type":"WebPage","@id":"https:\/\/starke-meinungen.de\/blog\/2024\/12\/11\/10-000-km-ostwaerts-eine-reise-durch-das-beginnende-1989-5\/","url":"https:\/\/starke-meinungen.de\/blog\/2024\/12\/11\/10-000-km-ostwaerts-eine-reise-durch-das-beginnende-1989-5\/","name":"10.000 km ostw\u00e4rts \u2013 eine Reise durch das beginnende 1989 (5) - starke-meinungen.de","isPartOf":{"@id":"https:\/\/starke-meinungen.de\/blog\/#website"},"primaryImageOfPage":{"@id":"https:\/\/starke-meinungen.de\/blog\/2024\/12\/11\/10-000-km-ostwaerts-eine-reise-durch-das-beginnende-1989-5\/#primaryimage"},"image":{"@id":"https:\/\/starke-meinungen.de\/blog\/2024\/12\/11\/10-000-km-ostwaerts-eine-reise-durch-das-beginnende-1989-5\/#primaryimage"},"thumbnailUrl":"https:\/\/starke-meinungen.de\/blog\/wp-content\/uploads\/10.000.jpg","datePublished":"2024-12-11T19:54:19+00:00","dateModified":"2024-12-31T15:21:55+00:00","breadcrumb":{"@id":"https:\/\/starke-meinungen.de\/blog\/2024\/12\/11\/10-000-km-ostwaerts-eine-reise-durch-das-beginnende-1989-5\/#breadcrumb"},"inLanguage":"de","potentialAction":[{"@type":"ReadAction","target":["https:\/\/starke-meinungen.de\/blog\/2024\/12\/11\/10-000-km-ostwaerts-eine-reise-durch-das-beginnende-1989-5\/"]}]},{"@type":"ImageObject","inLanguage":"de","@id":"https:\/\/starke-meinungen.de\/blog\/2024\/12\/11\/10-000-km-ostwaerts-eine-reise-durch-das-beginnende-1989-5\/#primaryimage","url":"https:\/\/starke-meinungen.de\/blog\/wp-content\/uploads\/10.000.jpg","contentUrl":"https:\/\/starke-meinungen.de\/blog\/wp-content\/uploads\/10.000.jpg","width":1154,"height":731},{"@type":"BreadcrumbList","@id":"https:\/\/starke-meinungen.de\/blog\/2024\/12\/11\/10-000-km-ostwaerts-eine-reise-durch-das-beginnende-1989-5\/#breadcrumb","itemListElement":[{"@type":"ListItem","position":1,"name":"Startseite","item":"https:\/\/starke-meinungen.de\/blog\/"},{"@type":"ListItem","position":2,"name":"10.000 km ostw\u00e4rts \u2013 eine Reise durch das beginnende 1989 (5)"}]},{"@type":"WebSite","@id":"https:\/\/starke-meinungen.de\/blog\/#website","url":"https:\/\/starke-meinungen.de\/blog\/","name":"starke-meinungen.de","description":"Autoren-Blog","publisher":{"@id":"https:\/\/starke-meinungen.de\/blog\/#organization"},"potentialAction":[{"@type":"SearchAction","target":{"@type":"EntryPoint","urlTemplate":"https:\/\/starke-meinungen.de\/blog\/?s={search_term_string}"},"query-input":{"@type":"PropertyValueSpecification","valueRequired":true,"valueName":"search_term_string"}}],"inLanguage":"de"},{"@type":"Organization","@id":"https:\/\/starke-meinungen.de\/blog\/#organization","name":"starke-meinungen.de","url":"https:\/\/starke-meinungen.de\/blog\/","logo":{"@type":"ImageObject","inLanguage":"de","@id":"https:\/\/starke-meinungen.de\/blog\/#\/schema\/logo\/image\/","url":"https:\/\/starke-meinungen.de\/blog\/wp-content\/uploads\/starke-meinungen-fb-header.jpg","contentUrl":"https:\/\/starke-meinungen.de\/blog\/wp-content\/uploads\/starke-meinungen-fb-header.jpg","width":1200,"height":630,"caption":"starke-meinungen.de"},"image":{"@id":"https:\/\/starke-meinungen.de\/blog\/#\/schema\/logo\/image\/"},"sameAs":["https:\/\/www.facebook.com\/starkemeinungen\/","https:\/\/x.com\/starkemeinungen"]},{"@type":"Person","@id":"https:\/\/starke-meinungen.de\/blog\/#\/schema\/person\/c09813e9c9af72d43aa64f379b8b92b8","name":"Bodo Walther","image":{"@type":"ImageObject","inLanguage":"de","@id":"https:\/\/secure.gravatar.com\/avatar\/3c9d5c7a3feb37b6976cfee946f7618756dcd05cbae8960f1b19091e547f7e57?s=96&d=mm&r=g","url":"https:\/\/secure.gravatar.com\/avatar\/3c9d5c7a3feb37b6976cfee946f7618756dcd05cbae8960f1b19091e547f7e57?s=96&d=mm&r=g","contentUrl":"https:\/\/secure.gravatar.com\/avatar\/3c9d5c7a3feb37b6976cfee946f7618756dcd05cbae8960f1b19091e547f7e57?s=96&d=mm&r=g","caption":"Bodo Walther"},"description":"Bodo Walther, geboren 1960 in Wei\u00dfenfels im heutigen Sachsen-Anhalt, studierte 1985 bis 1991 Rechtswissenschaften in T\u00fcbingen und Bonn. Er war aktiver Landes- und Kommunalbeamter in Sachsen-Anhalt, ist heute im Ruhestand und Anwalt in der N\u00e4he von Leipzig.","url":"https:\/\/starke-meinungen.de\/blog\/author\/walther\/"}]}},"_links":{"self":[{"href":"https:\/\/starke-meinungen.de\/blog\/wp-json\/wp\/v2\/posts\/10620","targetHints":{"allow":["GET"]}}],"collection":[{"href":"https:\/\/starke-meinungen.de\/blog\/wp-json\/wp\/v2\/posts"}],"about":[{"href":"https:\/\/starke-meinungen.de\/blog\/wp-json\/wp\/v2\/types\/post"}],"author":[{"embeddable":true,"href":"https:\/\/starke-meinungen.de\/blog\/wp-json\/wp\/v2\/users\/58"}],"replies":[{"embeddable":true,"href":"https:\/\/starke-meinungen.de\/blog\/wp-json\/wp\/v2\/comments?post=10620"}],"version-history":[{"count":9,"href":"https:\/\/starke-meinungen.de\/blog\/wp-json\/wp\/v2\/posts\/10620\/revisions"}],"predecessor-version":[{"id":10625,"href":"https:\/\/starke-meinungen.de\/blog\/wp-json\/wp\/v2\/posts\/10620\/revisions\/10625"}],"wp:attachment":[{"href":"https:\/\/starke-meinungen.de\/blog\/wp-json\/wp\/v2\/media?parent=10620"}],"wp:term":[{"taxonomy":"category","embeddable":true,"href":"https:\/\/starke-meinungen.de\/blog\/wp-json\/wp\/v2\/categories?post=10620"},{"taxonomy":"post_tag","embeddable":true,"href":"https:\/\/starke-meinungen.de\/blog\/wp-json\/wp\/v2\/tags?post=10620"}],"curies":[{"name":"wp","href":"https:\/\/api.w.org\/{rel}","templated":true}]}}